{"id":46469,"date":"2023-09-16T12:57:49","date_gmt":"2023-09-16T10:57:49","guid":{"rendered":"https:\/\/just-now.news\/de\/deutschland\/medienbericht-wegen-unfaehigkeit-in-grossen-einheiten-zu-kaempfen-ukraine-stellt-offensive-ein\/"},"modified":"2023-09-16T12:57:49","modified_gmt":"2023-09-16T10:57:49","slug":"medienbericht-wegen-unfaehigkeit-in-grossen-einheiten-zu-kaempfen-ukraine-stellt-offensive-ein","status":"publish","type":"post","link":"https:\/\/now-news.de\/de\/deutschland\/medienbericht-wegen-unfaehigkeit-in-grossen-einheiten-zu-kaempfen-ukraine-stellt-offensive-ein\/","title":{"rendered":"Medienbericht \u2013 Wegen Unf\u00e4higkeit, in gro\u00dfen Einheiten zu k\u00e4mpfen: Ukraine stellt Offensive ein"},"content":{"rendered":"<p><img decoding=\"async\" src=\"http:\/\/just-now.news\/de\/wp-content\/uploads\/sites\/3\/2023\/09\/650497f5b480cc559d525c93.jpg\" \/><\/p>\n<div class=\"Text-root Text-type_1 \">\n                Das ukrainische Milit\u00e4r ist gut darin, in kleinen Gruppen zu operieren, hat aber Schwierigkeiten, in gro\u00dfen Einheiten zu agieren, was f\u00fcr Durchbr\u00fcche notwendig ist, so die Analysten der Financial Times. Daf\u00fcr sei es im Westen nicht ausreichend ausgebildet worden.\n            <\/div>\n<p><\/p>\n<div class=\"Text-root Text-type_5 ArticleView-text ViewText-root \">\n<p>Aus der ukrainischen Gegenoffensive k\u00f6nnen mehrere Lehren gezogen werden. Eine der Wichtigsten ist die mangelnde Ausbildung des ukrainischen Milit\u00e4rs im Westen, so Analysten in einem Interview mit der <em>Financial Times (FT)<\/em>.<strong><em><\/em><\/strong><\/p>\n<p>Ukrainische und westliche Beamte <a rel=\"nofollow noopener\" target=\"_blank\" href=\"https:\/\/www.ft.com\/content\/e83bd6fe-43b8-4adf-9bea-07609bc223d0\">erkl\u00e4rten<\/a> gegen\u00fcber der <em>FT<\/em>, dass die ukrainischen Verluste fast ein F\u00fcnftel der f\u00fcr die Gegenoffensive bereitgestellten NATO-Waffen ausmachten. Dies habe Kiew gezwungen, die Operation auszusetzen und seine Strategie zu \u00fcberdenken.<\/p>\n<p>Die Offensive Kiews, wie sie der russische Pr\u00e4sident Wladimir Putin bezeichnete, begann am 4. Juni. Zun\u00e4chst versuchte die ukrainische Armee, einen Angriff mit mechanisierten Einheiten durchzuf\u00fchren, erlitt aber schwere Verluste an Material und Personal. Vor diesem Hintergrund wurde beschlossen, die Taktik zu \u00e4ndern und die russische Armee mit einem ersch\u00f6pfenden Ansatz zu bek\u00e4mpfen.<\/p>\n<p>Die US-Milit\u00e4ranalysten Michael Kofman vom Center for Naval Analyses (CNA) und Rob Lee vom Foreign Policy Research Institute (FPRI) erkl\u00e4rten:<\/p>\n<blockquote>\n<p><em>&#8220;Ersch\u00f6pfung [&#8230;] spielt die St\u00e4rken der Ukraine aus, w\u00e4hrend Versuche, Offensivman\u00f6ver unter solch schwierigen Bedingungen durchzuf\u00fchren, dies nicht tun.&#8221;<\/em><\/p>\n<\/blockquote>\n<p>Ihrer Meinung nach ist es f\u00fcr das ukrainische Milit\u00e4r einfacher, in kleinen, sehr wendigen Angriffseinheiten zu k\u00e4mpfen, die nicht gr\u00f6\u00dfer als eine Kompanie (200 Mann) oder sogar ein Zug (20 bis 50 Mann) sind. F\u00fcr Durchbr\u00fcche m\u00fcssen sie jedoch gr\u00f6\u00dfere Kr\u00e4fte koordinieren, was eine bessere Ausbildung erfordert.<\/p>\n<p>Die wichtigste Lehre aus den mehr als drei Monate zur\u00fcckliegenden K\u00e4mpfen ist, dass die Ausbildungszeit f\u00fcr das ukrainische Milit\u00e4r im Westen, die in der Regel f\u00fcnf Wochen betr\u00e4gt, zu kurz ist. Eine solche Ausbildung ber\u00fccksichtigt nicht die St\u00e4rken der Armee und die Gel\u00e4ndebedingungen, einschlie\u00dflich des Vorhandenseins von Minenfeldern und Befestigungen. Kofman und Lee zufolge kann das mangelnde Verst\u00e4ndnis des Westens f\u00fcr diese Aspekte von Kampfeins\u00e4tzen &#8220;zu falschen Erwartungen, unangemessenen Ratschl\u00e4gen und unfairer Kritik f\u00fchren&#8221;.<\/p>\n<p>Die Analysten des Royal United Services Institute, Jack Watling und Nick Reynolds (RUSI), erkl\u00e4rten ebenfalls, dass das ukrainische Milit\u00e4r mehr kollektive Ausbildung ben\u00f6tige.<\/p>\n<p>Nach Putins j\u00fcngsten Angaben hat die Ukraine bei der Gegenoffensive 71.500 Soldaten verloren. Er hat sie wiederholt als erfolglos und gescheitert bezeichnet. Der russische Verteidigungsminister Sergei Schoigu sagte, die Lage sei im Gebiet Saporoschje am angespanntesten. Nach Angaben der <em>Financial Times<\/em> ist es das Ziel der ukrainischen Streitkr\u00e4fte, die\u00a0durch die neuen russischen Gebiete verlaufende Landbr\u00fccke zwischen Rostow und der Krim zu unterbrechen.<\/p>\n<p><strong>Mehr zum Thema<\/strong> &#8211; <a rel=\"nofollow noopener\" target=\"_blank\" href=\"https:\/\/freedert.online\/international\/180581-wetter-zwingt-ukrainische-militaer-zur\/\">Das Wetter zwingt das ukrainische Milit\u00e4r zur Eile<\/a><\/p>\n<\/div>\n<p><br \/>\n<br \/><a href=\"https:\/\/de.rt.com\/international\/180913-wegen-unfaehigkeit-in-grossen-einheiten\/\">Source link <\/a><\/p>\n","protected":false},"excerpt":{"rendered":"<p>Das ukrainische Milit\u00e4r ist gut darin, in kleinen Gruppen zu operieren, hat aber Schwierigkeiten, in gro\u00dfen Einheiten zu agieren, was f\u00fcr Durchbr\u00fcche notwendig ist, so die Analysten der Financial Times. Daf\u00fcr sei es im Westen nicht ausreichend ausgebildet worden. Aus der ukrainischen Gegenoffensive k\u00f6nnen mehrere Lehren gezogen werden. Eine der Wichtigsten ist die mangelnde Ausbildung [&hellip;]<\/p>\n","protected":false},"author":3,"featured_media":46470,"comment_status":"open","ping_status":"open","sticky":false,"template":"","format":"standard","meta":{"_yoast_indexnow_last_ping":["1694862636"],"wp_automatic_camp":["217"],"5c56ebff9c27353e62a35a0ea797f6e9":["Medienbericht \u2013 Wegen Unf\u00e4higkeit, in gro\u00dfen Einheiten zu k\u00e4mpfen: Ukraine stellt Offensive ein"],"original_link":["https:\/\/de.rt.com\/international\/180913-wegen-unfaehigkeit-in-grossen-einheiten\/"],"_thumbnail_id":["46470"],"_wptgpro_p2tg_sent2tg":["a:1:{i:23737;s:19:\"2023-09-16 13:12:52\";}"],"jnews_social_counter_last_update":["1777182773"]},"categories":[19,23],"tags":[357,1167,9954,12240,869,18036,15979,127,20652,145],"yoast_head":"<!-- This site is optimized with the Yoast SEO Premium plugin v22.7 (Yoast SEO v22.7) - https:\/\/yoast.com\/wordpress\/plugins\/seo\/ -->\n<title>Medienbericht \u2013 Wegen Unf\u00e4higkeit, in gro\u00dfen Einheiten zu k\u00e4mpfen: Ukraine stellt Offensive ein - just-now.NEWS Deutschland<\/title>\n<meta name=\"robots\" content=\"index, follow, max-snippet:-1, max-image-preview:large, max-video-preview:-1\" \/>\n<link rel=\"canonical\" href=\"https:\/\/now-news.de\/de\/deutschland\/medienbericht-wegen-unfaehigkeit-in-grossen-einheiten-zu-kaempfen-ukraine-stellt-offensive-ein\/\" \/>\n<meta property=\"og:locale\" content=\"de_DE\" \/>\n<meta property=\"og:type\" content=\"article\" \/>\n<meta property=\"og:title\" content=\"Medienbericht \u2013 Wegen Unf\u00e4higkeit, in gro\u00dfen Einheiten zu k\u00e4mpfen: Ukraine stellt Offensive ein\" \/>\n<meta property=\"og:description\" content=\"Das ukrainische Milit\u00e4r ist gut darin, in kleinen Gruppen zu operieren, hat aber Schwierigkeiten, in gro\u00dfen Einheiten zu agieren, was f\u00fcr Durchbr\u00fcche notwendig ist, so die Analysten der Financial Times. Daf\u00fcr sei es im Westen nicht ausreichend ausgebildet worden. Aus der ukrainischen Gegenoffensive k\u00f6nnen mehrere Lehren gezogen werden. Eine der Wichtigsten ist die mangelnde Ausbildung [&hellip;]\" \/>\n<meta property=\"og:url\" content=\"https:\/\/now-news.de\/de\/deutschland\/medienbericht-wegen-unfaehigkeit-in-grossen-einheiten-zu-kaempfen-ukraine-stellt-offensive-ein\/\" \/>\n<meta property=\"og:site_name\" content=\"just-now.NEWS Deutschland\" \/>\n<meta property=\"article:publisher\" content=\"https:\/\/www.facebook.com\/wirmachenauf\" \/>\n<meta property=\"article:published_time\" content=\"2023-09-16T10:57:49+00:00\" \/>\n<meta property=\"og:image\" content=\"https:\/\/now-news.de\/de\/wp-content\/uploads\/sites\/3\/2023\/09\/Medienbericht-\u2013-Wegen-Unfaehigkeit-in-grossen-Einheiten-zu-kaempfen-Ukraine.jpg\" \/>\n\t<meta property=\"og:image:width\" content=\"460\" \/>\n\t<meta property=\"og:image:height\" content=\"259\" \/>\n\t<meta property=\"og:image:type\" content=\"image\/jpeg\" \/>\n<meta name=\"author\" content=\"rtnews\" \/>\n<meta name=\"twitter:card\" content=\"summary_large_image\" \/>\n<meta name=\"twitter:creator\" content=\"@WirMachenAuf_de\" \/>\n<meta name=\"twitter:site\" content=\"@WirMachenAuf_de\" \/>\n<meta name=\"twitter:label1\" content=\"Verfasst von\" \/>\n\t<meta name=\"twitter:data1\" content=\"rtnews\" \/>\n\t<meta name=\"twitter:label2\" content=\"Gesch\u00e4tzte Lesezeit\" \/>\n\t<meta name=\"twitter:data2\" content=\"2\u00a0Minuten\" \/>\n<script type=\"application\/ld+json\" class=\"yoast-schema-graph\">{\"@context\":\"https:\/\/schema.org\",\"@graph\":[{\"@type\":\"Article\",\"@id\":\"https:\/\/now-news.de\/de\/deutschland\/medienbericht-wegen-unfaehigkeit-in-grossen-einheiten-zu-kaempfen-ukraine-stellt-offensive-ein\/#article\",\"isPartOf\":{\"@id\":\"https:\/\/now-news.de\/de\/deutschland\/medienbericht-wegen-unfaehigkeit-in-grossen-einheiten-zu-kaempfen-ukraine-stellt-offensive-ein\/\"},\"author\":{\"name\":\"rtnews\",\"@id\":\"https:\/\/now-news.de\/de\/#\/schema\/person\/fb534a4e865501d8b3285208df34a9b5\"},\"headline\":\"Medienbericht \u2013 Wegen Unf\u00e4higkeit, in gro\u00dfen Einheiten zu k\u00e4mpfen: Ukraine stellt Offensive ein\",\"datePublished\":\"2023-09-16T10:57:49+00:00\",\"dateModified\":\"2023-09-16T10:57:49+00:00\",\"mainEntityOfPage\":{\"@id\":\"https:\/\/now-news.de\/de\/deutschland\/medienbericht-wegen-unfaehigkeit-in-grossen-einheiten-zu-kaempfen-ukraine-stellt-offensive-ein\/\"},\"wordCount\":481,\"commentCount\":0,\"publisher\":{\"@id\":\"https:\/\/now-news.de\/de\/#organization\"},\"image\":{\"@id\":\"https:\/\/now-news.de\/de\/deutschland\/medienbericht-wegen-unfaehigkeit-in-grossen-einheiten-zu-kaempfen-ukraine-stellt-offensive-ein\/#primaryimage\"},\"thumbnailUrl\":\"https:\/\/now-news.de\/de\/wp-content\/uploads\/sites\/3\/2023\/09\/Medienbericht-\u2013-Wegen-Unfaehigkeit-in-grossen-Einheiten-zu-kaempfen-Ukraine.jpg\",\"keywords\":[\"ein\",\"Einheiten\",\"gro\u00dfen\",\"k\u00e4mpfen\",\"Medienbericht\",\"offensive\",\"stellt\",\"ukraine\",\"Unf\u00e4higkeit\",\"wegen\"],\"articleSection\":[\"Deutschland\",\"Russland\"],\"inLanguage\":\"de\",\"potentialAction\":[{\"@type\":\"CommentAction\",\"name\":\"Comment\",\"target\":[\"https:\/\/now-news.de\/de\/deutschland\/medienbericht-wegen-unfaehigkeit-in-grossen-einheiten-zu-kaempfen-ukraine-stellt-offensive-ein\/#respond\"]}]},{\"@type\":\"WebPage\",\"@id\":\"https:\/\/now-news.de\/de\/deutschland\/medienbericht-wegen-unfaehigkeit-in-grossen-einheiten-zu-kaempfen-ukraine-stellt-offensive-ein\/\",\"url\":\"https:\/\/now-news.de\/de\/deutschland\/medienbericht-wegen-unfaehigkeit-in-grossen-einheiten-zu-kaempfen-ukraine-stellt-offensive-ein\/\",\"name\":\"Medienbericht \u2013 Wegen Unf\u00e4higkeit, in gro\u00dfen Einheiten zu k\u00e4mpfen: Ukraine stellt Offensive ein - just-now.NEWS Deutschland\",\"isPartOf\":{\"@id\":\"https:\/\/now-news.de\/de\/#website\"},\"primaryImageOfPage\":{\"@id\":\"https:\/\/now-news.de\/de\/deutschland\/medienbericht-wegen-unfaehigkeit-in-grossen-einheiten-zu-kaempfen-ukraine-stellt-offensive-ein\/#primaryimage\"},\"image\":{\"@id\":\"https:\/\/now-news.de\/de\/deutschland\/medienbericht-wegen-unfaehigkeit-in-grossen-einheiten-zu-kaempfen-ukraine-stellt-offensive-ein\/#primaryimage\"},\"thumbnailUrl\":\"https:\/\/now-news.de\/de\/wp-content\/uploads\/sites\/3\/2023\/09\/Medienbericht-\u2013-Wegen-Unfaehigkeit-in-grossen-Einheiten-zu-kaempfen-Ukraine.jpg\",\"datePublished\":\"2023-09-16T10:57:49+00:00\",\"dateModified\":\"2023-09-16T10:57:49+00:00\",\"breadcrumb\":{\"@id\":\"https:\/\/now-news.de\/de\/deutschland\/medienbericht-wegen-unfaehigkeit-in-grossen-einheiten-zu-kaempfen-ukraine-stellt-offensive-ein\/#breadcrumb\"},\"inLanguage\":\"de\",\"potentialAction\":[{\"@type\":\"ReadAction\",\"target\":[\"https:\/\/now-news.de\/de\/deutschland\/medienbericht-wegen-unfaehigkeit-in-grossen-einheiten-zu-kaempfen-ukraine-stellt-offensive-ein\/\"]}]},{\"@type\":\"ImageObject\",\"inLanguage\":\"de\",\"@id\":\"https:\/\/now-news.de\/de\/deutschland\/medienbericht-wegen-unfaehigkeit-in-grossen-einheiten-zu-kaempfen-ukraine-stellt-offensive-ein\/#primaryimage\",\"url\":\"https:\/\/now-news.de\/de\/wp-content\/uploads\/sites\/3\/2023\/09\/Medienbericht-\u2013-Wegen-Unfaehigkeit-in-grossen-Einheiten-zu-kaempfen-Ukraine.jpg\",\"contentUrl\":\"https:\/\/now-news.de\/de\/wp-content\/uploads\/sites\/3\/2023\/09\/Medienbericht-\u2013-Wegen-Unfaehigkeit-in-grossen-Einheiten-zu-kaempfen-Ukraine.jpg\",\"width\":460,\"height\":259,\"caption\":\"Medienbericht \u2013 Wegen Unf\u00e4higkeit, in gro\u00dfen Einheiten zu k\u00e4mpfen: Ukraine stellt Offensive ein\"},{\"@type\":\"BreadcrumbList\",\"@id\":\"https:\/\/now-news.de\/de\/deutschland\/medienbericht-wegen-unfaehigkeit-in-grossen-einheiten-zu-kaempfen-ukraine-stellt-offensive-ein\/#breadcrumb\",\"itemListElement\":[{\"@type\":\"ListItem\",\"position\":1,\"name\":\"Home\",\"item\":\"https:\/\/now-news.de\/de\/\"},{\"@type\":\"ListItem\",\"position\":2,\"name\":\"Medienbericht \u2013 Wegen Unf\u00e4higkeit, in gro\u00dfen Einheiten zu k\u00e4mpfen: Ukraine stellt Offensive ein\"}]},{\"@type\":\"WebSite\",\"@id\":\"https:\/\/now-news.de\/de\/#website\",\"url\":\"https:\/\/now-news.de\/de\/\",\"name\":\"just-now.NEWS Deutschland\",\"description\":\"Das Portal f\u00fcr unzensierte Nachrichten aus der Welt\",\"publisher\":{\"@id\":\"https:\/\/now-news.de\/de\/#organization\"},\"potentialAction\":[{\"@type\":\"SearchAction\",\"target\":{\"@type\":\"EntryPoint\",\"urlTemplate\":\"https:\/\/now-news.de\/de\/?s={search_term_string}\"},\"query-input\":\"required name=search_term_string\"}],\"inLanguage\":\"de\"},{\"@type\":\"Organization\",\"@id\":\"https:\/\/now-news.de\/de\/#organization\",\"name\":\"Just Now News\",\"url\":\"https:\/\/now-news.de\/de\/\",\"logo\":{\"@type\":\"ImageObject\",\"inLanguage\":\"de\",\"@id\":\"https:\/\/now-news.de\/de\/#\/schema\/logo\/image\/\",\"url\":\"http:\/\/just-now.news\/de\/wp-content\/uploads\/sites\/3\/2022\/04\/logo500x500.jpg\",\"contentUrl\":\"http:\/\/just-now.news\/de\/wp-content\/uploads\/sites\/3\/2022\/04\/logo500x500.jpg\",\"width\":500,\"height\":500,\"caption\":\"Just Now News\"},\"image\":{\"@id\":\"https:\/\/now-news.de\/de\/#\/schema\/logo\/image\/\"},\"sameAs\":[\"https:\/\/www.facebook.com\/wirmachenauf\",\"https:\/\/x.com\/WirMachenAuf_de\"]},{\"@type\":\"Person\",\"@id\":\"https:\/\/now-news.de\/de\/#\/schema\/person\/fb534a4e865501d8b3285208df34a9b5\",\"name\":\"rtnews\",\"image\":{\"@type\":\"ImageObject\",\"inLanguage\":\"de\",\"@id\":\"https:\/\/now-news.de\/de\/#\/schema\/person\/image\/\",\"url\":\"https:\/\/secure.gravatar.com\/avatar\/82aafea7d8127119dd649515f56e2117?s=96&d=mm&r=g\",\"contentUrl\":\"https:\/\/secure.gravatar.com\/avatar\/82aafea7d8127119dd649515f56e2117?s=96&d=mm&r=g\",\"caption\":\"rtnews\"},\"url\":\"https:\/\/now-news.de\/de\/author\/rnews\/\"}]}<\/script>\n<!-- \/ Yoast SEO Premium plugin. -->","yoast_head_json":{"title":"Medienbericht \u2013 Wegen Unf\u00e4higkeit, in gro\u00dfen Einheiten zu k\u00e4mpfen: Ukraine stellt Offensive ein - just-now.NEWS Deutschland","robots":{"index":"index","follow":"follow","max-snippet":"max-snippet:-1","max-image-preview":"max-image-preview:large","max-video-preview":"max-video-preview:-1"},"canonical":"https:\/\/now-news.de\/de\/deutschland\/medienbericht-wegen-unfaehigkeit-in-grossen-einheiten-zu-kaempfen-ukraine-stellt-offensive-ein\/","og_locale":"de_DE","og_type":"article","og_title":"Medienbericht \u2013 Wegen Unf\u00e4higkeit, in gro\u00dfen Einheiten zu k\u00e4mpfen: Ukraine stellt Offensive ein","og_description":"Das ukrainische Milit\u00e4r ist gut darin, in kleinen Gruppen zu operieren, hat aber Schwierigkeiten, in gro\u00dfen Einheiten zu agieren, was f\u00fcr Durchbr\u00fcche notwendig ist, so die Analysten der Financial Times. Daf\u00fcr sei es im Westen nicht ausreichend ausgebildet worden. Aus der ukrainischen Gegenoffensive k\u00f6nnen mehrere Lehren gezogen werden. Eine der Wichtigsten ist die mangelnde Ausbildung [&hellip;]","og_url":"https:\/\/now-news.de\/de\/deutschland\/medienbericht-wegen-unfaehigkeit-in-grossen-einheiten-zu-kaempfen-ukraine-stellt-offensive-ein\/","og_site_name":"just-now.NEWS Deutschland","article_publisher":"https:\/\/www.facebook.com\/wirmachenauf","article_published_time":"2023-09-16T10:57:49+00:00","og_image":[{"width":460,"height":259,"url":"https:\/\/now-news.de\/de\/wp-content\/uploads\/sites\/3\/2023\/09\/Medienbericht-\u2013-Wegen-Unfaehigkeit-in-grossen-Einheiten-zu-kaempfen-Ukraine.jpg","type":"image\/jpeg"}],"author":"rtnews","twitter_card":"summary_large_image","twitter_creator":"@WirMachenAuf_de","twitter_site":"@WirMachenAuf_de","twitter_misc":{"Verfasst von":"rtnews","Gesch\u00e4tzte Lesezeit":"2\u00a0Minuten"},"schema":{"@context":"https:\/\/schema.org","@graph":[{"@type":"Article","@id":"https:\/\/now-news.de\/de\/deutschland\/medienbericht-wegen-unfaehigkeit-in-grossen-einheiten-zu-kaempfen-ukraine-stellt-offensive-ein\/#article","isPartOf":{"@id":"https:\/\/now-news.de\/de\/deutschland\/medienbericht-wegen-unfaehigkeit-in-grossen-einheiten-zu-kaempfen-ukraine-stellt-offensive-ein\/"},"author":{"name":"rtnews","@id":"https:\/\/now-news.de\/de\/#\/schema\/person\/fb534a4e865501d8b3285208df34a9b5"},"headline":"Medienbericht \u2013 Wegen Unf\u00e4higkeit, in gro\u00dfen Einheiten zu k\u00e4mpfen: Ukraine stellt Offensive ein","datePublished":"2023-09-16T10:57:49+00:00","dateModified":"2023-09-16T10:57:49+00:00","mainEntityOfPage":{"@id":"https:\/\/now-news.de\/de\/deutschland\/medienbericht-wegen-unfaehigkeit-in-grossen-einheiten-zu-kaempfen-ukraine-stellt-offensive-ein\/"},"wordCount":481,"commentCount":0,"publisher":{"@id":"https:\/\/now-news.de\/de\/#organization"},"image":{"@id":"https:\/\/now-news.de\/de\/deutschland\/medienbericht-wegen-unfaehigkeit-in-grossen-einheiten-zu-kaempfen-ukraine-stellt-offensive-ein\/#primaryimage"},"thumbnailUrl":"https:\/\/now-news.de\/de\/wp-content\/uploads\/sites\/3\/2023\/09\/Medienbericht-\u2013-Wegen-Unfaehigkeit-in-grossen-Einheiten-zu-kaempfen-Ukraine.jpg","keywords":["ein","Einheiten","gro\u00dfen","k\u00e4mpfen","Medienbericht","offensive","stellt","ukraine","Unf\u00e4higkeit","wegen"],"articleSection":["Deutschland","Russland"],"inLanguage":"de","potentialAction":[{"@type":"CommentAction","name":"Comment","target":["https:\/\/now-news.de\/de\/deutschland\/medienbericht-wegen-unfaehigkeit-in-grossen-einheiten-zu-kaempfen-ukraine-stellt-offensive-ein\/#respond"]}]},{"@type":"WebPage","@id":"https:\/\/now-news.de\/de\/deutschland\/medienbericht-wegen-unfaehigkeit-in-grossen-einheiten-zu-kaempfen-ukraine-stellt-offensive-ein\/","url":"https:\/\/now-news.de\/de\/deutschland\/medienbericht-wegen-unfaehigkeit-in-grossen-einheiten-zu-kaempfen-ukraine-stellt-offensive-ein\/","name":"Medienbericht \u2013 Wegen Unf\u00e4higkeit, in gro\u00dfen Einheiten zu k\u00e4mpfen: Ukraine stellt Offensive ein - just-now.NEWS Deutschland","isPartOf":{"@id":"https:\/\/now-news.de\/de\/#website"},"primaryImageOfPage":{"@id":"https:\/\/now-news.de\/de\/deutschland\/medienbericht-wegen-unfaehigkeit-in-grossen-einheiten-zu-kaempfen-ukraine-stellt-offensive-ein\/#primaryimage"},"image":{"@id":"https:\/\/now-news.de\/de\/deutschland\/medienbericht-wegen-unfaehigkeit-in-grossen-einheiten-zu-kaempfen-ukraine-stellt-offensive-ein\/#primaryimage"},"thumbnailUrl":"https:\/\/now-news.de\/de\/wp-content\/uploads\/sites\/3\/2023\/09\/Medienbericht-\u2013-Wegen-Unfaehigkeit-in-grossen-Einheiten-zu-kaempfen-Ukraine.jpg","datePublished":"2023-09-16T10:57:49+00:00","dateModified":"2023-09-16T10:57:49+00:00","breadcrumb":{"@id":"https:\/\/now-news.de\/de\/deutschland\/medienbericht-wegen-unfaehigkeit-in-grossen-einheiten-zu-kaempfen-ukraine-stellt-offensive-ein\/#breadcrumb"},"inLanguage":"de","potentialAction":[{"@type":"ReadAction","target":["https:\/\/now-news.de\/de\/deutschland\/medienbericht-wegen-unfaehigkeit-in-grossen-einheiten-zu-kaempfen-ukraine-stellt-offensive-ein\/"]}]},{"@type":"ImageObject","inLanguage":"de","@id":"https:\/\/now-news.de\/de\/deutschland\/medienbericht-wegen-unfaehigkeit-in-grossen-einheiten-zu-kaempfen-ukraine-stellt-offensive-ein\/#primaryimage","url":"https:\/\/now-news.de\/de\/wp-content\/uploads\/sites\/3\/2023\/09\/Medienbericht-\u2013-Wegen-Unfaehigkeit-in-grossen-Einheiten-zu-kaempfen-Ukraine.jpg","contentUrl":"https:\/\/now-news.de\/de\/wp-content\/uploads\/sites\/3\/2023\/09\/Medienbericht-\u2013-Wegen-Unfaehigkeit-in-grossen-Einheiten-zu-kaempfen-Ukraine.jpg","width":460,"height":259,"caption":"Medienbericht \u2013 Wegen Unf\u00e4higkeit, in gro\u00dfen Einheiten zu k\u00e4mpfen: Ukraine stellt Offensive ein"},{"@type":"BreadcrumbList","@id":"https:\/\/now-news.de\/de\/deutschland\/medienbericht-wegen-unfaehigkeit-in-grossen-einheiten-zu-kaempfen-ukraine-stellt-offensive-ein\/#breadcrumb","itemListElement":[{"@type":"ListItem","position":1,"name":"Home","item":"https:\/\/now-news.de\/de\/"},{"@type":"ListItem","position":2,"name":"Medienbericht \u2013 Wegen Unf\u00e4higkeit, in gro\u00dfen Einheiten zu k\u00e4mpfen: Ukraine stellt Offensive ein"}]},{"@type":"WebSite","@id":"https:\/\/now-news.de\/de\/#website","url":"https:\/\/now-news.de\/de\/","name":"just-now.NEWS Deutschland","description":"Das Portal f\u00fcr unzensierte Nachrichten aus der Welt","publisher":{"@id":"https:\/\/now-news.de\/de\/#organization"},"potentialAction":[{"@type":"SearchAction","target":{"@type":"EntryPoint","urlTemplate":"https:\/\/now-news.de\/de\/?s={search_term_string}"},"query-input":"required name=search_term_string"}],"inLanguage":"de"},{"@type":"Organization","@id":"https:\/\/now-news.de\/de\/#organization","name":"Just Now News","url":"https:\/\/now-news.de\/de\/","logo":{"@type":"ImageObject","inLanguage":"de","@id":"https:\/\/now-news.de\/de\/#\/schema\/logo\/image\/","url":"http:\/\/just-now.news\/de\/wp-content\/uploads\/sites\/3\/2022\/04\/logo500x500.jpg","contentUrl":"http:\/\/just-now.news\/de\/wp-content\/uploads\/sites\/3\/2022\/04\/logo500x500.jpg","width":500,"height":500,"caption":"Just Now News"},"image":{"@id":"https:\/\/now-news.de\/de\/#\/schema\/logo\/image\/"},"sameAs":["https:\/\/www.facebook.com\/wirmachenauf","https:\/\/x.com\/WirMachenAuf_de"]},{"@type":"Person","@id":"https:\/\/now-news.de\/de\/#\/schema\/person\/fb534a4e865501d8b3285208df34a9b5","name":"rtnews","image":{"@type":"ImageObject","inLanguage":"de","@id":"https:\/\/now-news.de\/de\/#\/schema\/person\/image\/","url":"https:\/\/secure.gravatar.com\/avatar\/82aafea7d8127119dd649515f56e2117?s=96&d=mm&r=g","contentUrl":"https:\/\/secure.gravatar.com\/avatar\/82aafea7d8127119dd649515f56e2117?s=96&d=mm&r=g","caption":"rtnews"},"url":"https:\/\/now-news.de\/de\/author\/rnews\/"}]}},"_links":{"self":[{"href":"https:\/\/now-news.de\/de\/wp-json\/wp\/v2\/posts\/46469"}],"collection":[{"href":"https:\/\/now-news.de\/de\/wp-json\/wp\/v2\/posts"}],"about":[{"href":"https:\/\/now-news.de\/de\/wp-json\/wp\/v2\/types\/post"}],"author":[{"embeddable":true,"href":"https:\/\/now-news.de\/de\/wp-json\/wp\/v2\/users\/3"}],"replies":[{"embeddable":true,"href":"https:\/\/now-news.de\/de\/wp-json\/wp\/v2\/comments?post=46469"}],"version-history":[{"count":0,"href":"https:\/\/now-news.de\/de\/wp-json\/wp\/v2\/posts\/46469\/revisions"}],"wp:featuredmedia":[{"embeddable":true,"href":"https:\/\/now-news.de\/de\/wp-json\/wp\/v2\/media\/46470"}],"wp:attachment":[{"href":"https:\/\/now-news.de\/de\/wp-json\/wp\/v2\/media?parent=46469"}],"wp:term":[{"taxonomy":"category","embeddable":true,"href":"https:\/\/now-news.de\/de\/wp-json\/wp\/v2\/categories?post=46469"},{"taxonomy":"post_tag","embeddable":true,"href":"https:\/\/now-news.de\/de\/wp-json\/wp\/v2\/tags?post=46469"}],"curies":[{"name":"wp","href":"https:\/\/api.w.org\/{rel}","templated":true}]}}