{"id":46465,"date":"2023-09-16T11:31:56","date_gmt":"2023-09-16T09:31:56","guid":{"rendered":"https:\/\/just-now.news\/de\/deutschland\/ich-wundere-mich-ein-bisschen-pistorius-genervt-von-klitschkos-forderung-nach-marschflugkoerpern\/"},"modified":"2023-09-16T11:31:56","modified_gmt":"2023-09-16T09:31:56","slug":"ich-wundere-mich-ein-bisschen-pistorius-genervt-von-klitschkos-forderung-nach-marschflugkoerpern","status":"publish","type":"post","link":"https:\/\/now-news.de\/de\/deutschland\/ich-wundere-mich-ein-bisschen-pistorius-genervt-von-klitschkos-forderung-nach-marschflugkoerpern\/","title":{"rendered":"&quot;Ich wundere mich ein bisschen&quot; \u2013 Pistorius genervt von Klitschkos Forderung nach Marschflugk\u00f6rpern"},"content":{"rendered":"<p><img decoding=\"async\" src=\"http:\/\/just-now.news\/de\/wp-content\/uploads\/sites\/3\/2023\/09\/65056cc5b480cc04e91e345e.jpg\" \/><\/p>\n<div class=\"Text-root Text-type_1 \">\n                Die Regierung in Kiew erwartet von der Bundesrepublik Deutschland die Lieferung von Taurus-Marschflugk\u00f6rpern. Das wiederholte Vorbringen dieser Forderung hat jetzt bei Boris Pistorius f\u00fcr Unmut gesorgt. Man leiste doch schon Gro\u00dfartiges!\n            <\/div>\n<p><\/p>\n<div class=\"Text-root Text-type_5 ArticleView-text ViewText-root \">\n<p>Der deutsche\u00a0Verteidigungsminister Boris Pistorius hat bei einer \u00f6ffentlichen Veranstaltung gereizt auf die zum wiederholten Male vorgetragenen Forderung des Kiewer B\u00fcrgermeisters Vitali Klitschko nach der Lieferung deutscher Marschflugk\u00f6rper vom Typ Taurus reagiert. Ausgerechnet bei einer Veranstaltung mit dem Namen &#8220;Westf\u00e4lische Friedenskonferenz&#8221; in M\u00fcnster hatte der fr\u00fchere Profiboxer am Freitag diese Forderung Kiews wiederholt.<\/p>\n<p>In der Gespr\u00e4chsrunde mit Klitschko, Pistorius und den beiden linientreuen Premiumjournalisten Wulf Schmiese und Dunja Hayali betonte Klitschko zun\u00e4chst die Bedeutung von Marschflugk\u00f6rpern f\u00fcr das ukrainische Milit\u00e4r. Man k\u00f6nne damit die Kommandopunkte der russischen Armee zerst\u00f6ren, das sei &#8220;lebenswichtig f\u00fcr unsere Soldaten&#8221;.<\/p>\n<p>Sichtlich gereizt entgegnete Pistorius:<\/p>\n<blockquote>\n<p><em>&#8220;Ich wundere mich gerade so ein bisschen. Weil, warum betonen Sie diesen kleinen Punkt, in dem es keinen hundertprozentigen Konsens zwischen uns gibt. Warum wird nicht betont, was an Gro\u00dfartigem geleistet wird? Ja, die Bundesrepublik hat gez\u00f6gert bei den Leopard-Panzern. Ja, das stimmt.\u00a0Weil man gewartet hat auf die Amerikaner. Inzwischen sind wir diejenigen, die die allermeisten Kampfpanzer und Gepard-Panzer und Sch\u00fctzenpanzer der Ukraine zur Verf\u00fcgung stellen (&#8230;) Warum\u00a0immer dieses Unterstreichen dieser einen kleinen Frage?&#8221;\u00a0<\/em><\/p>\n<\/blockquote>\n<div class=\"EmbedBlock-root EmbedBlock-twitter\">\n<div class=\"TwitterEmbed\">\n<blockquote class=\"twitter-tweet lazyload\" data-twitter=\"twitter-tweet\">\n<p lang=\"de\" dir=\"ltr\">Da bist Du als Ukrainer einfach Du selbst und forderst Taurus, obwohl die hinter verschlossenen T\u00fcren l\u00e4ngst geplant sind, und dann reitet Pistorius darauf rum, dass die BRD die meisten Panzer\/Sch\u00fctzenpanzer geliefert hat, da voll verarscht von den USA: \ud83d\ude0f<a rel=\"nofollow noopener\" target=\"_blank\" href=\"https:\/\/t.co\/qSSnnyp4BS\">pic.twitter.com\/qSSnnyp4BS<\/a><\/p>\n<p>\u2014 Zentrale Ermittlungsstelle (@ZentraleV) <a rel=\"nofollow noopener\" target=\"_blank\" href=\"https:\/\/twitter.com\/ZentraleV\/status\/1702810162908590151?ref_src=twsrc%5Etfw\">September 15, 2023<\/a><\/p><\/blockquote>\n<\/div>\n<\/div>\n<p>Erst vor wenigen Tagen hatte der ukrainische Au\u00dfenminister Dmitri Kuleba seine deutsche Kollegin Annalena Baerbock bei deren Besuch in Kiew mit einer Bemerkung zum selben Thema br\u00fcskiert. Auf die Frage, ob Baerbock ihm Hoffnung auf die Lieferung der Taurus gemacht habe, sagte Kuleba:<\/p>\n<blockquote>\n<p><em>&#8220;Nein, ich w\u00fcrde nicht sagen, dass Annalena \u00fcber die offizielle Position der deutschen Regierung hinausgegangen ist. Aber wissen Sie, Sie werden es sowieso tun. Es ist nur eine Frage der Zeit, und ich verstehe nicht, warum wir Zeit verschwenden.&#8221;<\/em><\/p>\n<\/blockquote>\n<p><strong>Mehr zum Thema<\/strong> &#8211; <a rel=\"nofollow noopener\" target=\"_blank\" href=\"https:\/\/freedert.online\/international\/180920-china-als-deutschlands-wichtigster-handelspartner\/\">Affront gegen China \u2013 Baerbock nennt Xi Jinping einen Diktator<\/a><\/p>\n<div class=\"EmbedBlock-root EmbedBlock-externalVideo EmbedBlock-odysee\">\n<div class=\"VkEmbed\"><iframe class=\"lazyload\" data-src=\"https:\/\/odysee.com\/%24\/embed\/%40RTDE%3Ae%2Fkuleba-zu-deutschem-z%C3%B6gern-bei-taurus-lieferungen-sie-werden-es-sowieso-tun-nur-eine-frage-der-zeit%3A4\" frameborder=\"0\" width=\"853\" height=\"480\" allowfullscreen><\/iframe><\/div>\n<\/div>\n<\/div>\n<p><script async src=\"https:\/\/platform.twitter.com\/widgets.js\" charset=\"utf-8\"><\/script><br \/>\n<br \/><br \/>\n<br \/><a href=\"https:\/\/de.rt.com\/europa\/180934-ich-wundere-mich-bisschen-pistorius\/\">Source link <\/a><\/p>\n","protected":false},"excerpt":{"rendered":"<p>Die Regierung in Kiew erwartet von der Bundesrepublik Deutschland die Lieferung von Taurus-Marschflugk\u00f6rpern. Das wiederholte Vorbringen dieser Forderung hat jetzt bei Boris Pistorius f\u00fcr Unmut gesorgt. Man leiste doch schon Gro\u00dfartiges! Der deutsche\u00a0Verteidigungsminister Boris Pistorius hat bei einer \u00f6ffentlichen Veranstaltung gereizt auf die zum wiederholten Male vorgetragenen Forderung des Kiewer B\u00fcrgermeisters Vitali Klitschko nach der [&hellip;]<\/p>\n","protected":false},"author":3,"featured_media":46466,"comment_status":"open","ping_status":"open","sticky":false,"template":"","format":"standard","meta":{"_yoast_indexnow_last_ping":["1694856775"],"wp_automatic_camp":["217"],"33162aee9709c9696820d74d64486086":["&quot;Ich wundere mich ein bisschen&quot; \u2013 Pistorius genervt von Klitschkos Forderung nach Marschflugk\u00f6rpern"],"original_link":["https:\/\/de.rt.com\/europa\/180934-ich-wundere-mich-bisschen-pistorius\/"],"_thumbnail_id":["46466"],"_wptgpro_p2tg_sent2tg":["a:1:{i:23737;s:19:\"2023-09-16 11:34:03\";}"],"jnews_social_counter_last_update":["1777227606"]},"categories":[19,23],"tags":[48925,357,8719,48926,48927,44292,3568,979,39179,7155,50,48924],"yoast_head":"<!-- This site is optimized with the Yoast SEO Premium plugin v22.7 (Yoast SEO v22.7) - https:\/\/yoast.com\/wordpress\/plugins\/seo\/ -->\n<title>&quot;Ich wundere mich ein bisschen&quot; \u2013 Pistorius genervt von Klitschkos Forderung nach Marschflugk\u00f6rpern - just-now.NEWS Deutschland<\/title>\n<meta name=\"robots\" content=\"index, follow, max-snippet:-1, max-image-preview:large, max-video-preview:-1\" \/>\n<link rel=\"canonical\" href=\"https:\/\/now-news.de\/de\/deutschland\/ich-wundere-mich-ein-bisschen-pistorius-genervt-von-klitschkos-forderung-nach-marschflugkoerpern\/\" \/>\n<meta property=\"og:locale\" content=\"de_DE\" \/>\n<meta property=\"og:type\" content=\"article\" \/>\n<meta property=\"og:title\" content=\"&quot;Ich wundere mich ein bisschen&quot; \u2013 Pistorius genervt von Klitschkos Forderung nach Marschflugk\u00f6rpern\" \/>\n<meta property=\"og:description\" content=\"Die Regierung in Kiew erwartet von der Bundesrepublik Deutschland die Lieferung von Taurus-Marschflugk\u00f6rpern. Das wiederholte Vorbringen dieser Forderung hat jetzt bei Boris Pistorius f\u00fcr Unmut gesorgt. Man leiste doch schon Gro\u00dfartiges! Der deutsche\u00a0Verteidigungsminister Boris Pistorius hat bei einer \u00f6ffentlichen Veranstaltung gereizt auf die zum wiederholten Male vorgetragenen Forderung des Kiewer B\u00fcrgermeisters Vitali Klitschko nach der [&hellip;]\" \/>\n<meta property=\"og:url\" content=\"https:\/\/now-news.de\/de\/deutschland\/ich-wundere-mich-ein-bisschen-pistorius-genervt-von-klitschkos-forderung-nach-marschflugkoerpern\/\" \/>\n<meta property=\"og:site_name\" content=\"just-now.NEWS Deutschland\" \/>\n<meta property=\"article:publisher\" content=\"https:\/\/www.facebook.com\/wirmachenauf\" \/>\n<meta property=\"article:published_time\" content=\"2023-09-16T09:31:56+00:00\" \/>\n<meta property=\"og:image\" content=\"https:\/\/now-news.de\/de\/wp-content\/uploads\/sites\/3\/2023\/09\/quotIch-wundere-mich-ein-bisschenquot-\u2013-Pistorius-genervt-von-Klitschkos.jpg\" \/>\n\t<meta property=\"og:image:width\" content=\"460\" \/>\n\t<meta property=\"og:image:height\" content=\"259\" \/>\n\t<meta property=\"og:image:type\" content=\"image\/jpeg\" \/>\n<meta name=\"author\" content=\"rtnews\" \/>\n<meta name=\"twitter:card\" content=\"summary_large_image\" \/>\n<meta name=\"twitter:creator\" content=\"@WirMachenAuf_de\" \/>\n<meta name=\"twitter:site\" content=\"@WirMachenAuf_de\" \/>\n<meta name=\"twitter:label1\" content=\"Verfasst von\" \/>\n\t<meta name=\"twitter:data1\" content=\"rtnews\" \/>\n\t<meta name=\"twitter:label2\" content=\"Gesch\u00e4tzte Lesezeit\" \/>\n\t<meta name=\"twitter:data2\" content=\"2\u00a0Minuten\" \/>\n<script type=\"application\/ld+json\" class=\"yoast-schema-graph\">{\"@context\":\"https:\/\/schema.org\",\"@graph\":[{\"@type\":\"Article\",\"@id\":\"https:\/\/now-news.de\/de\/deutschland\/ich-wundere-mich-ein-bisschen-pistorius-genervt-von-klitschkos-forderung-nach-marschflugkoerpern\/#article\",\"isPartOf\":{\"@id\":\"https:\/\/now-news.de\/de\/deutschland\/ich-wundere-mich-ein-bisschen-pistorius-genervt-von-klitschkos-forderung-nach-marschflugkoerpern\/\"},\"author\":{\"name\":\"rtnews\",\"@id\":\"https:\/\/now-news.de\/de\/#\/schema\/person\/fb534a4e865501d8b3285208df34a9b5\"},\"headline\":\"&quot;Ich wundere mich ein bisschen&quot; \u2013 Pistorius genervt von Klitschkos Forderung nach Marschflugk\u00f6rpern\",\"datePublished\":\"2023-09-16T09:31:56+00:00\",\"dateModified\":\"2023-09-16T09:31:56+00:00\",\"mainEntityOfPage\":{\"@id\":\"https:\/\/now-news.de\/de\/deutschland\/ich-wundere-mich-ein-bisschen-pistorius-genervt-von-klitschkos-forderung-nach-marschflugkoerpern\/\"},\"wordCount\":393,\"commentCount\":0,\"publisher\":{\"@id\":\"https:\/\/now-news.de\/de\/#organization\"},\"image\":{\"@id\":\"https:\/\/now-news.de\/de\/deutschland\/ich-wundere-mich-ein-bisschen-pistorius-genervt-von-klitschkos-forderung-nach-marschflugkoerpern\/#primaryimage\"},\"thumbnailUrl\":\"https:\/\/now-news.de\/de\/wp-content\/uploads\/sites\/3\/2023\/09\/quotIch-wundere-mich-ein-bisschenquot-\u2013-Pistorius-genervt-von-Klitschkos.jpg\",\"keywords\":[\"bisschenquot\",\"ein\",\"F\u00f6rderung\",\"genervt\",\"Klitschkos\",\"Marschflugk\u00f6rpern\",\"mich\",\"nach\",\"Pistorius\",\"quotIch\",\"von\",\"wundere\"],\"articleSection\":[\"Deutschland\",\"Russland\"],\"inLanguage\":\"de\",\"potentialAction\":[{\"@type\":\"CommentAction\",\"name\":\"Comment\",\"target\":[\"https:\/\/now-news.de\/de\/deutschland\/ich-wundere-mich-ein-bisschen-pistorius-genervt-von-klitschkos-forderung-nach-marschflugkoerpern\/#respond\"]}]},{\"@type\":\"WebPage\",\"@id\":\"https:\/\/now-news.de\/de\/deutschland\/ich-wundere-mich-ein-bisschen-pistorius-genervt-von-klitschkos-forderung-nach-marschflugkoerpern\/\",\"url\":\"https:\/\/now-news.de\/de\/deutschland\/ich-wundere-mich-ein-bisschen-pistorius-genervt-von-klitschkos-forderung-nach-marschflugkoerpern\/\",\"name\":\"&quot;Ich wundere mich ein bisschen&quot; \u2013 Pistorius genervt von Klitschkos Forderung nach Marschflugk\u00f6rpern - just-now.NEWS Deutschland\",\"isPartOf\":{\"@id\":\"https:\/\/now-news.de\/de\/#website\"},\"primaryImageOfPage\":{\"@id\":\"https:\/\/now-news.de\/de\/deutschland\/ich-wundere-mich-ein-bisschen-pistorius-genervt-von-klitschkos-forderung-nach-marschflugkoerpern\/#primaryimage\"},\"image\":{\"@id\":\"https:\/\/now-news.de\/de\/deutschland\/ich-wundere-mich-ein-bisschen-pistorius-genervt-von-klitschkos-forderung-nach-marschflugkoerpern\/#primaryimage\"},\"thumbnailUrl\":\"https:\/\/now-news.de\/de\/wp-content\/uploads\/sites\/3\/2023\/09\/quotIch-wundere-mich-ein-bisschenquot-\u2013-Pistorius-genervt-von-Klitschkos.jpg\",\"datePublished\":\"2023-09-16T09:31:56+00:00\",\"dateModified\":\"2023-09-16T09:31:56+00:00\",\"breadcrumb\":{\"@id\":\"https:\/\/now-news.de\/de\/deutschland\/ich-wundere-mich-ein-bisschen-pistorius-genervt-von-klitschkos-forderung-nach-marschflugkoerpern\/#breadcrumb\"},\"inLanguage\":\"de\",\"potentialAction\":[{\"@type\":\"ReadAction\",\"target\":[\"https:\/\/now-news.de\/de\/deutschland\/ich-wundere-mich-ein-bisschen-pistorius-genervt-von-klitschkos-forderung-nach-marschflugkoerpern\/\"]}]},{\"@type\":\"ImageObject\",\"inLanguage\":\"de\",\"@id\":\"https:\/\/now-news.de\/de\/deutschland\/ich-wundere-mich-ein-bisschen-pistorius-genervt-von-klitschkos-forderung-nach-marschflugkoerpern\/#primaryimage\",\"url\":\"https:\/\/now-news.de\/de\/wp-content\/uploads\/sites\/3\/2023\/09\/quotIch-wundere-mich-ein-bisschenquot-\u2013-Pistorius-genervt-von-Klitschkos.jpg\",\"contentUrl\":\"https:\/\/now-news.de\/de\/wp-content\/uploads\/sites\/3\/2023\/09\/quotIch-wundere-mich-ein-bisschenquot-\u2013-Pistorius-genervt-von-Klitschkos.jpg\",\"width\":460,\"height\":259,\"caption\":\"&quot;Ich wundere mich ein bisschen&quot; \u2013 Pistorius genervt von Klitschkos Forderung nach Marschflugk\u00f6rpern\"},{\"@type\":\"BreadcrumbList\",\"@id\":\"https:\/\/now-news.de\/de\/deutschland\/ich-wundere-mich-ein-bisschen-pistorius-genervt-von-klitschkos-forderung-nach-marschflugkoerpern\/#breadcrumb\",\"itemListElement\":[{\"@type\":\"ListItem\",\"position\":1,\"name\":\"Home\",\"item\":\"https:\/\/now-news.de\/de\/\"},{\"@type\":\"ListItem\",\"position\":2,\"name\":\"&quot;Ich wundere mich ein bisschen&quot; \u2013 Pistorius genervt von Klitschkos Forderung nach Marschflugk\u00f6rpern\"}]},{\"@type\":\"WebSite\",\"@id\":\"https:\/\/now-news.de\/de\/#website\",\"url\":\"https:\/\/now-news.de\/de\/\",\"name\":\"just-now.NEWS Deutschland\",\"description\":\"Das Portal f\u00fcr unzensierte Nachrichten aus der Welt\",\"publisher\":{\"@id\":\"https:\/\/now-news.de\/de\/#organization\"},\"potentialAction\":[{\"@type\":\"SearchAction\",\"target\":{\"@type\":\"EntryPoint\",\"urlTemplate\":\"https:\/\/now-news.de\/de\/?s={search_term_string}\"},\"query-input\":\"required name=search_term_string\"}],\"inLanguage\":\"de\"},{\"@type\":\"Organization\",\"@id\":\"https:\/\/now-news.de\/de\/#organization\",\"name\":\"Just Now News\",\"url\":\"https:\/\/now-news.de\/de\/\",\"logo\":{\"@type\":\"ImageObject\",\"inLanguage\":\"de\",\"@id\":\"https:\/\/now-news.de\/de\/#\/schema\/logo\/image\/\",\"url\":\"http:\/\/just-now.news\/de\/wp-content\/uploads\/sites\/3\/2022\/04\/logo500x500.jpg\",\"contentUrl\":\"http:\/\/just-now.news\/de\/wp-content\/uploads\/sites\/3\/2022\/04\/logo500x500.jpg\",\"width\":500,\"height\":500,\"caption\":\"Just Now News\"},\"image\":{\"@id\":\"https:\/\/now-news.de\/de\/#\/schema\/logo\/image\/\"},\"sameAs\":[\"https:\/\/www.facebook.com\/wirmachenauf\",\"https:\/\/x.com\/WirMachenAuf_de\"]},{\"@type\":\"Person\",\"@id\":\"https:\/\/now-news.de\/de\/#\/schema\/person\/fb534a4e865501d8b3285208df34a9b5\",\"name\":\"rtnews\",\"image\":{\"@type\":\"ImageObject\",\"inLanguage\":\"de\",\"@id\":\"https:\/\/now-news.de\/de\/#\/schema\/person\/image\/\",\"url\":\"https:\/\/secure.gravatar.com\/avatar\/82aafea7d8127119dd649515f56e2117?s=96&d=mm&r=g\",\"contentUrl\":\"https:\/\/secure.gravatar.com\/avatar\/82aafea7d8127119dd649515f56e2117?s=96&d=mm&r=g\",\"caption\":\"rtnews\"},\"url\":\"https:\/\/now-news.de\/de\/author\/rnews\/\"}]}<\/script>\n<!-- \/ Yoast SEO Premium plugin. -->","yoast_head_json":{"title":"&quot;Ich wundere mich ein bisschen&quot; \u2013 Pistorius genervt von Klitschkos Forderung nach Marschflugk\u00f6rpern - just-now.NEWS Deutschland","robots":{"index":"index","follow":"follow","max-snippet":"max-snippet:-1","max-image-preview":"max-image-preview:large","max-video-preview":"max-video-preview:-1"},"canonical":"https:\/\/now-news.de\/de\/deutschland\/ich-wundere-mich-ein-bisschen-pistorius-genervt-von-klitschkos-forderung-nach-marschflugkoerpern\/","og_locale":"de_DE","og_type":"article","og_title":"&quot;Ich wundere mich ein bisschen&quot; \u2013 Pistorius genervt von Klitschkos Forderung nach Marschflugk\u00f6rpern","og_description":"Die Regierung in Kiew erwartet von der Bundesrepublik Deutschland die Lieferung von Taurus-Marschflugk\u00f6rpern. Das wiederholte Vorbringen dieser Forderung hat jetzt bei Boris Pistorius f\u00fcr Unmut gesorgt. Man leiste doch schon Gro\u00dfartiges! Der deutsche\u00a0Verteidigungsminister Boris Pistorius hat bei einer \u00f6ffentlichen Veranstaltung gereizt auf die zum wiederholten Male vorgetragenen Forderung des Kiewer B\u00fcrgermeisters Vitali Klitschko nach der [&hellip;]","og_url":"https:\/\/now-news.de\/de\/deutschland\/ich-wundere-mich-ein-bisschen-pistorius-genervt-von-klitschkos-forderung-nach-marschflugkoerpern\/","og_site_name":"just-now.NEWS Deutschland","article_publisher":"https:\/\/www.facebook.com\/wirmachenauf","article_published_time":"2023-09-16T09:31:56+00:00","og_image":[{"width":460,"height":259,"url":"https:\/\/now-news.de\/de\/wp-content\/uploads\/sites\/3\/2023\/09\/quotIch-wundere-mich-ein-bisschenquot-\u2013-Pistorius-genervt-von-Klitschkos.jpg","type":"image\/jpeg"}],"author":"rtnews","twitter_card":"summary_large_image","twitter_creator":"@WirMachenAuf_de","twitter_site":"@WirMachenAuf_de","twitter_misc":{"Verfasst von":"rtnews","Gesch\u00e4tzte Lesezeit":"2\u00a0Minuten"},"schema":{"@context":"https:\/\/schema.org","@graph":[{"@type":"Article","@id":"https:\/\/now-news.de\/de\/deutschland\/ich-wundere-mich-ein-bisschen-pistorius-genervt-von-klitschkos-forderung-nach-marschflugkoerpern\/#article","isPartOf":{"@id":"https:\/\/now-news.de\/de\/deutschland\/ich-wundere-mich-ein-bisschen-pistorius-genervt-von-klitschkos-forderung-nach-marschflugkoerpern\/"},"author":{"name":"rtnews","@id":"https:\/\/now-news.de\/de\/#\/schema\/person\/fb534a4e865501d8b3285208df34a9b5"},"headline":"&quot;Ich wundere mich ein bisschen&quot; \u2013 Pistorius genervt von Klitschkos Forderung nach Marschflugk\u00f6rpern","datePublished":"2023-09-16T09:31:56+00:00","dateModified":"2023-09-16T09:31:56+00:00","mainEntityOfPage":{"@id":"https:\/\/now-news.de\/de\/deutschland\/ich-wundere-mich-ein-bisschen-pistorius-genervt-von-klitschkos-forderung-nach-marschflugkoerpern\/"},"wordCount":393,"commentCount":0,"publisher":{"@id":"https:\/\/now-news.de\/de\/#organization"},"image":{"@id":"https:\/\/now-news.de\/de\/deutschland\/ich-wundere-mich-ein-bisschen-pistorius-genervt-von-klitschkos-forderung-nach-marschflugkoerpern\/#primaryimage"},"thumbnailUrl":"https:\/\/now-news.de\/de\/wp-content\/uploads\/sites\/3\/2023\/09\/quotIch-wundere-mich-ein-bisschenquot-\u2013-Pistorius-genervt-von-Klitschkos.jpg","keywords":["bisschenquot","ein","F\u00f6rderung","genervt","Klitschkos","Marschflugk\u00f6rpern","mich","nach","Pistorius","quotIch","von","wundere"],"articleSection":["Deutschland","Russland"],"inLanguage":"de","potentialAction":[{"@type":"CommentAction","name":"Comment","target":["https:\/\/now-news.de\/de\/deutschland\/ich-wundere-mich-ein-bisschen-pistorius-genervt-von-klitschkos-forderung-nach-marschflugkoerpern\/#respond"]}]},{"@type":"WebPage","@id":"https:\/\/now-news.de\/de\/deutschland\/ich-wundere-mich-ein-bisschen-pistorius-genervt-von-klitschkos-forderung-nach-marschflugkoerpern\/","url":"https:\/\/now-news.de\/de\/deutschland\/ich-wundere-mich-ein-bisschen-pistorius-genervt-von-klitschkos-forderung-nach-marschflugkoerpern\/","name":"&quot;Ich wundere mich ein bisschen&quot; \u2013 Pistorius genervt von Klitschkos Forderung nach Marschflugk\u00f6rpern - just-now.NEWS Deutschland","isPartOf":{"@id":"https:\/\/now-news.de\/de\/#website"},"primaryImageOfPage":{"@id":"https:\/\/now-news.de\/de\/deutschland\/ich-wundere-mich-ein-bisschen-pistorius-genervt-von-klitschkos-forderung-nach-marschflugkoerpern\/#primaryimage"},"image":{"@id":"https:\/\/now-news.de\/de\/deutschland\/ich-wundere-mich-ein-bisschen-pistorius-genervt-von-klitschkos-forderung-nach-marschflugkoerpern\/#primaryimage"},"thumbnailUrl":"https:\/\/now-news.de\/de\/wp-content\/uploads\/sites\/3\/2023\/09\/quotIch-wundere-mich-ein-bisschenquot-\u2013-Pistorius-genervt-von-Klitschkos.jpg","datePublished":"2023-09-16T09:31:56+00:00","dateModified":"2023-09-16T09:31:56+00:00","breadcrumb":{"@id":"https:\/\/now-news.de\/de\/deutschland\/ich-wundere-mich-ein-bisschen-pistorius-genervt-von-klitschkos-forderung-nach-marschflugkoerpern\/#breadcrumb"},"inLanguage":"de","potentialAction":[{"@type":"ReadAction","target":["https:\/\/now-news.de\/de\/deutschland\/ich-wundere-mich-ein-bisschen-pistorius-genervt-von-klitschkos-forderung-nach-marschflugkoerpern\/"]}]},{"@type":"ImageObject","inLanguage":"de","@id":"https:\/\/now-news.de\/de\/deutschland\/ich-wundere-mich-ein-bisschen-pistorius-genervt-von-klitschkos-forderung-nach-marschflugkoerpern\/#primaryimage","url":"https:\/\/now-news.de\/de\/wp-content\/uploads\/sites\/3\/2023\/09\/quotIch-wundere-mich-ein-bisschenquot-\u2013-Pistorius-genervt-von-Klitschkos.jpg","contentUrl":"https:\/\/now-news.de\/de\/wp-content\/uploads\/sites\/3\/2023\/09\/quotIch-wundere-mich-ein-bisschenquot-\u2013-Pistorius-genervt-von-Klitschkos.jpg","width":460,"height":259,"caption":"&quot;Ich wundere mich ein bisschen&quot; \u2013 Pistorius genervt von Klitschkos Forderung nach Marschflugk\u00f6rpern"},{"@type":"BreadcrumbList","@id":"https:\/\/now-news.de\/de\/deutschland\/ich-wundere-mich-ein-bisschen-pistorius-genervt-von-klitschkos-forderung-nach-marschflugkoerpern\/#breadcrumb","itemListElement":[{"@type":"ListItem","position":1,"name":"Home","item":"https:\/\/now-news.de\/de\/"},{"@type":"ListItem","position":2,"name":"&quot;Ich wundere mich ein bisschen&quot; \u2013 Pistorius genervt von Klitschkos Forderung nach Marschflugk\u00f6rpern"}]},{"@type":"WebSite","@id":"https:\/\/now-news.de\/de\/#website","url":"https:\/\/now-news.de\/de\/","name":"just-now.NEWS Deutschland","description":"Das Portal f\u00fcr unzensierte Nachrichten aus der Welt","publisher":{"@id":"https:\/\/now-news.de\/de\/#organization"},"potentialAction":[{"@type":"SearchAction","target":{"@type":"EntryPoint","urlTemplate":"https:\/\/now-news.de\/de\/?s={search_term_string}"},"query-input":"required name=search_term_string"}],"inLanguage":"de"},{"@type":"Organization","@id":"https:\/\/now-news.de\/de\/#organization","name":"Just Now News","url":"https:\/\/now-news.de\/de\/","logo":{"@type":"ImageObject","inLanguage":"de","@id":"https:\/\/now-news.de\/de\/#\/schema\/logo\/image\/","url":"http:\/\/just-now.news\/de\/wp-content\/uploads\/sites\/3\/2022\/04\/logo500x500.jpg","contentUrl":"http:\/\/just-now.news\/de\/wp-content\/uploads\/sites\/3\/2022\/04\/logo500x500.jpg","width":500,"height":500,"caption":"Just Now News"},"image":{"@id":"https:\/\/now-news.de\/de\/#\/schema\/logo\/image\/"},"sameAs":["https:\/\/www.facebook.com\/wirmachenauf","https:\/\/x.com\/WirMachenAuf_de"]},{"@type":"Person","@id":"https:\/\/now-news.de\/de\/#\/schema\/person\/fb534a4e865501d8b3285208df34a9b5","name":"rtnews","image":{"@type":"ImageObject","inLanguage":"de","@id":"https:\/\/now-news.de\/de\/#\/schema\/person\/image\/","url":"https:\/\/secure.gravatar.com\/avatar\/82aafea7d8127119dd649515f56e2117?s=96&d=mm&r=g","contentUrl":"https:\/\/secure.gravatar.com\/avatar\/82aafea7d8127119dd649515f56e2117?s=96&d=mm&r=g","caption":"rtnews"},"url":"https:\/\/now-news.de\/de\/author\/rnews\/"}]}},"_links":{"self":[{"href":"https:\/\/now-news.de\/de\/wp-json\/wp\/v2\/posts\/46465"}],"collection":[{"href":"https:\/\/now-news.de\/de\/wp-json\/wp\/v2\/posts"}],"about":[{"href":"https:\/\/now-news.de\/de\/wp-json\/wp\/v2\/types\/post"}],"author":[{"embeddable":true,"href":"https:\/\/now-news.de\/de\/wp-json\/wp\/v2\/users\/3"}],"replies":[{"embeddable":true,"href":"https:\/\/now-news.de\/de\/wp-json\/wp\/v2\/comments?post=46465"}],"version-history":[{"count":0,"href":"https:\/\/now-news.de\/de\/wp-json\/wp\/v2\/posts\/46465\/revisions"}],"wp:featuredmedia":[{"embeddable":true,"href":"https:\/\/now-news.de\/de\/wp-json\/wp\/v2\/media\/46466"}],"wp:attachment":[{"href":"https:\/\/now-news.de\/de\/wp-json\/wp\/v2\/media?parent=46465"}],"wp:term":[{"taxonomy":"category","embeddable":true,"href":"https:\/\/now-news.de\/de\/wp-json\/wp\/v2\/categories?post=46465"},{"taxonomy":"post_tag","embeddable":true,"href":"https:\/\/now-news.de\/de\/wp-json\/wp\/v2\/tags?post=46465"}],"curies":[{"name":"wp","href":"https:\/\/api.w.org\/{rel}","templated":true}]}}