{"id":46368,"date":"2023-09-14T19:16:36","date_gmt":"2023-09-14T17:16:36","guid":{"rendered":"https:\/\/just-now.news\/de\/deutschland\/reaktionen-zum-g20-gipfel-ein-gewinn-fuer-indien-die-entwicklungslaender-und-den-multilateralismus\/"},"modified":"2023-09-14T19:16:36","modified_gmt":"2023-09-14T17:16:36","slug":"reaktionen-zum-g20-gipfel-ein-gewinn-fuer-indien-die-entwicklungslaender-und-den-multilateralismus","status":"publish","type":"post","link":"https:\/\/now-news.de\/de\/deutschland\/reaktionen-zum-g20-gipfel-ein-gewinn-fuer-indien-die-entwicklungslaender-und-den-multilateralismus\/","title":{"rendered":"Reaktionen zum G20-Gipfel: Ein Gewinn f\u00fcr Indien, die Entwicklungsl\u00e4nder und den Multilateralismus"},"content":{"rendered":"<p><img decoding=\"async\" src=\"http:\/\/just-now.news\/de\/wp-content\/uploads\/sites\/3\/2023\/09\/6501bf5348fbef730a211959.jpg\" \/><\/p>\n<div class=\"Text-root Text-type_1 \">\n                Indische Spitzenjournalisten teilten gegen\u00fcber RT einige ihrer Eindr\u00fccke zu geopolitischen Fragen von dem dreit\u00e4gigen G20-Gipfel mit, bei dem ihr Land den Vorsitz f\u00fchrte. Demnach gelang es Indiens Premierminister Narendra Modi zu verhindern, dass der Gipfel einseitig von westlichen Sichtweisen dominiert wurde.\n            <\/div>\n<p><\/p>\n<div class=\"Text-root Text-type_5 ArticleView-text ViewText-root \">\n<p>Zum Abschluss des G20-Gipfels in Neu-Delhi teilten hochrangige indische Journalisten, die \u00fcber internationale Angelegenheiten berichten, <em>RT<\/em> einige ihrer Eindr\u00fccke von dem dreit\u00e4gigen Gipfel mit. Die Medienschaffenden erkannten an, dass Indien in der Lage war, den Spagat zwischen dem Westen \u2013 mit dem es eine gezielte und vorteilhafte Partnerschaft unterh\u00e4lt \u2013 und Moskau \u2013 das wie ein alter und bew\u00e4hrter Freund behandelt wird \u2013 aufrechtzuerhalten, auch wenn bei diesem Thema ein deutlicher Generationenunterschied zu vernehmen war.\u00a0<\/p>\n<p>In Bezug auf den Ukraine-Konflikt scheint in Indien Einigkeit dar\u00fcber zu herrschen, dass die Gastgeber zwar Frieden wollen, aber ihre eigenen Interessen an erster Stelle stehen m\u00fcssen.<\/p>\n<p>&#8220;Ich denke, dass sogar westliche Beamte, die der Erkl\u00e4rung zustimmten, die keine Kritik an Russland enthielt, sich dar\u00fcber im Klaren waren, dass sie den G20-Gipfel erhalten wollten&#8221;, sagte Suhasini Haidar, Redakteurin f\u00fcr diplomatische Angelegenheiten bei <em>The Hindu<\/em>. &#8220;Dies ist ein gro\u00dfer Gewinn f\u00fcr den Multilateralismus. Ein zweiter Gewinn geht zugunsten von Indiens G20-Vorsitz, da beide Seiten den Erfolg Indiens sicherstellen wollten.&#8221;<\/p>\n<p>&#8220;Weder Xi noch Selenskij sprachen per Videolink auf dem Gipfel&#8221;, sagte V Sudarshan, Kolumnist f\u00fcr den <em>Deccan Herald<\/em> und <em>TheFederal.com<\/em>. &#8220;Die Abwesenheit von Xi machte keinen Unterschied. Das G20-Treffen hat alle semantischen Differenzen ohne ihn \u00fcberspielt.&#8221;<\/p>\n<p>Vineeta Pandey, die diplomatische Redakteurin von <em>The Asian Age<\/em>, stimmte dem zu. &#8220;Xi steht innenpolitisch unter Druck&#8221;, sagte sie. &#8220;Aber niemand wird ihn vermissen, da China als Hindernis gesehen wird.&#8221;<\/p>\n<p>&#8220;Interessanterweise sind der russische und der chinesische Pr\u00e4sident zwar nicht selbst gekommen, aber der Wortlaut der Erkl\u00e4rung spiegelt ihre Position insofern wider, als kein Land in dem Ausma\u00df kritisiert wird, wie es in der Erkl\u00e4rung vom letzten Jahr auf Bali der Fall war&#8221;, f\u00fcgte Haidar hinzu.<\/p>\n<p>Xi k\u00f6nnte den Gipfel auch aus anderen Gr\u00fcnden verpasst haben. &#8220;Es k\u00f6nnte f\u00fcr ihn unangenehm gewesen sein, da der Korridor Indien-Mittlerer Osten-Europa angek\u00fcndigt wurde, der eine Alternative zur Road and Belt Initiative darstellt&#8221;, so Sudarshan. &#8220;Er k\u00f6nnte einen Hinweis darauf bekommen haben, dass diese Initiative in Arbeit ist, sodass er fernblieb.<\/p>\n<p>Priya Ranjan Dash, der ehemalige Chefredakteur des <em>Financial Chronicle<\/em>, war der Ansicht, dass Premierminister Narendra Modi eine Rolle bei dem Umstand spielte, dass der Westen die Abwesenheit Putins nicht ausnutzen konnte.\u00a0<\/p>\n<p>&#8220;Putin zog sich zur\u00fcck, bevor Xi und Biden dachten, dies w\u00fcrde eine Gelegenheit bieten, das Ergebnis in Delhi zu beeinflussen&#8221;, sagte Dash. &#8220;Aber wir haben mit Modi eine starke F\u00fchrungspers\u00f6nlichkeit. Er wird nicht zulassen, dass es zu Einseitigkeiten kommt. Und Bidens Reise war bereits nach dem bilateralen Treffen erfolgreich, bei dem Indien weitere Zugest\u00e4ndnisse an Amerika gemacht hat.&#8221;<\/p>\n<p>Pandey \u00e4u\u00dferte sich in \u00e4hnlicher Weise \u00fcber Putin. &#8220;Wir haben unser j\u00e4hrliches bilaterales Treffen mit Putin, das sehr gut l\u00e4uft&#8221;, sagte sie. &#8220;Er hat bereits mit Modi gesprochen.&#8221;<\/p>\n<p>Sie f\u00fcgte hinzu, Indien k\u00f6nne es sich nicht leisten, Russlands Wohlwollen zu verlieren. &#8220;Niemand kann die Rolle Russlands im Krieg von 1971 vergessen&#8221;, sagte sie. &#8220;Und Russlands 100. Veto in der UNO, die eine antiindische Resolution zu Kaschmir betraf.&#8221;<\/p>\n<p>Dies k\u00f6nnte sich jedoch \u00e4ndern. &#8220;In Indien gibt es eine Spaltung zwischen der \u00e4lteren und der j\u00fcngeren Generation&#8221;, erkl\u00e4rte Sudarshan. &#8220;Die \u00c4lteren sind mit Respekt vor Russland aufgewachsen. Aber in den letzten 20 Jahren ist eine neue Generation mit anderen Gef\u00fchlen herangewachsen. So erfuhren wir zum Beispiel erst, als wir die Medizinstudenten nach Beginn des Konflikts aus der Ukraine abzogen, wie viele Inder dort waren. Die Ukraine ist f\u00fcr den Durchschnittsinder kein Thema, das ihn besch\u00e4ftigt.&#8221;<\/p>\n<p>&#8220;Es gibt Sympathie f\u00fcr die Notlage der Ukraine&#8221;, sagte Samrat Choudhury, ein Journalist und Autor des Buches &#8220;Northeast India: A Political History&#8221;. &#8220;Insgesamt findet die Idee, dass Indien neutral bleiben sollte, im gesamten politischen Spektrum breite Akzeptanz. Sowohl die Linke als auch die Rechte sind sich einig, dass Indien sich zu diesem Zeitpunkt nicht aktiv einmischen sollte. \u2026 Modi h\u00e4tte gerne einen Frieden ausgehandelt. Aber wer wei\u00df schon, wie lange dieser Krieg dauern wird?&#8221;<\/p>\n<p>Dem Journalisten und politischen Kommentator Ullekh N.P. zufolge durfte der G20-Gipfel unter indischem Vorsitz &#8220;nicht zu einem Forum werden, um geopolitische Rechnungen zu begleichen&#8221;, anders als auf Bali im vergangenen Jahr, wo der ukrainische Pr\u00e4sident per Video\u00fcbertragung eine Rede hielt.<\/p>\n<p>&#8220;Das bedeutet nicht, dass der eine oder andere Staats- und Regierungschef nicht an einem Forum teilnehmen sollte, aber dann geht der Fokus verloren; er verlagert sich von dem, was auf dem Treffen besprochen werden sollte, und die G20 sind ein Forum, auf dem haupts\u00e4chlich wirtschaftliche Themen diskutiert werden&#8221;, sagte Ullekh gegen\u00fcber <em>RT<\/em>. Er gab jedoch zu bedenken, dass, selbst wenn die G20-Staats- und Regierungschefs einen Konsens zu Themen wie Klima und Ern\u00e4hrungssicherheit erzielen, dies nicht unbedingt zu einer \u00c4nderung ihrer Politik gegen\u00fcber der Ukraine f\u00fchren wird.\u00a0<\/p>\n<p>Auch Sudarshan \u00e4u\u00dferte sich skeptisch \u00fcber die G20-Erkl\u00e4rung zur Ukraine. Absatz 14 ist ein Einzeiler: &#8220;Die heutige Zeit darf nicht von Krieg gepr\u00e4gt sein&#8221;, lautet die Formulierung. &#8220;Das ist wie ein Filmdialog. Wie schwierig ist es, Worte zu finden, die diese Aussage akzeptabel machen? Und egal, was man sagt, es \u00e4ndert nichts an der Realit\u00e4t.&#8221;<\/p>\n<p>Er r\u00e4umte jedoch ein, dass es einen Unterschied gebe. &#8220;Anf\u00e4nglich gab es viel Kritik aus dem Westen an unserem \u00d6lhandel und den Getreideverk\u00e4ufen Russlands&#8221;, sagte er. &#8220;Jetzt ist das alles verschwunden, und sie haben es von sich aus akzeptiert. Jetzt pl\u00e4diert der Westen f\u00fcr den Transport von Getreide in den Globalen S\u00fcden.&#8221;<\/p>\n<p>Haidar stimmte dem zu. &#8220;Die Stimme des Globalen S\u00fcdens scheint vernehmbarer geworden zu sein, und andere L\u00e4nder sprechen jetzt dar\u00fcber, obwohl der Globale S\u00fcden fr\u00fcher f\u00fcr die G20 irrelevant war&#8221;, sagte sie. &#8220;Premierminister Modi hat selbst gesagt, dass Indien versucht, den Globalen Norden und den Globalen S\u00fcden, den Osten und den Westen zusammenzubringen, und dass Indien an einem Scheideweg steht. Die Geografie ist genauso wichtig wie die Geschichte. Die historischen Umst\u00e4nde k\u00f6nnen die Geografie niemals vollst\u00e4ndig \u00fcberwinden, und Indien wird seinen Balanceakt allein deshalb fortsetzen.&#8221;<\/p>\n<p><em>Aus dem <a rel=\"nofollow noopener\" target=\"_blank\" href=\"https:\/\/swentr.site\/india\/582803-india-g20-presidency-outcomes\/\">Englischen<\/a><\/em><\/p>\n<p><strong>Mehr zum Thema &#8211;<\/strong>\u00a0<a rel=\"nofollow noopener\" target=\"_blank\" href=\"https:\/\/freedert.online\/asien\/180240-in-augen-westlichen-medien-ist\/\">In den Augen der westlichen Medien ist der G20-Gastgeber Indien immer noch eine schmutzige Kolonie<\/a><\/p>\n<div class=\"EmbedBlock-root EmbedBlock-externalVideo EmbedBlock-odysee\">\n<div class=\"VkEmbed\"><iframe class=\"lazyload\" data-src=\"https:\/\/odysee.com\/%24\/embed\/%40RTDE%3Ae%2Fg20-gipfel-ist-zu-ende-wirtschaftsfragen-standen-im-vordergrund-des-treffens%3Af\" frameborder=\"0\" width=\"853\" height=\"480\" allowfullscreen><\/iframe><\/div>\n<\/div>\n<\/div>\n<p><br \/>\n<br \/><a href=\"https:\/\/de.rt.com\/international\/180668-fazit-g20-gipfels-gewinn-fuer\/\">Source link <\/a><\/p>\n","protected":false},"excerpt":{"rendered":"<p>Indische Spitzenjournalisten teilten gegen\u00fcber RT einige ihrer Eindr\u00fccke zu geopolitischen Fragen von dem dreit\u00e4gigen G20-Gipfel mit, bei dem ihr Land den Vorsitz f\u00fchrte. Demnach gelang es Indiens Premierminister Narendra Modi zu verhindern, dass der Gipfel einseitig von westlichen Sichtweisen dominiert wurde. Zum Abschluss des G20-Gipfels in Neu-Delhi teilten hochrangige indische Journalisten, die \u00fcber internationale Angelegenheiten [&hellip;]<\/p>\n","protected":false},"author":3,"featured_media":46369,"comment_status":"open","ping_status":"open","sticky":false,"template":"","format":"standard","meta":{"_yoast_indexnow_last_ping":["1694711993"],"wp_automatic_camp":["217"],"f5b3df6dce4300ea1a438147916a06c4":["Reaktionen zum G20-Gipfel: Ein Gewinn f\u00fcr Indien, die Entwicklungsl\u00e4nder und den Multilateralismus"],"original_link":["https:\/\/de.rt.com\/international\/180668-fazit-g20-gipfels-gewinn-fuer\/"],"_thumbnail_id":["46369"],"_wptgpro_p2tg_sent2tg":["a:1:{i:23737;s:19:\"2023-09-14 19:21:02\";}"],"jnews_social_counter_last_update":["1777629008"]},"categories":[19,23],"tags":[48,45,357,48022,221,4838,19095,356,48872,20104,140,565],"yoast_head":"<!-- This site is optimized with the Yoast SEO Premium plugin v22.7 (Yoast SEO v22.7) - https:\/\/yoast.com\/wordpress\/plugins\/seo\/ -->\n<title>Reaktionen zum G20-Gipfel: Ein Gewinn f\u00fcr Indien, die Entwicklungsl\u00e4nder und den Multilateralismus - just-now.NEWS Deutschland<\/title>\n<meta name=\"robots\" content=\"index, follow, max-snippet:-1, max-image-preview:large, max-video-preview:-1\" \/>\n<link rel=\"canonical\" href=\"https:\/\/now-news.de\/de\/deutschland\/reaktionen-zum-g20-gipfel-ein-gewinn-fuer-indien-die-entwicklungslaender-und-den-multilateralismus\/\" \/>\n<meta property=\"og:locale\" content=\"de_DE\" \/>\n<meta property=\"og:type\" content=\"article\" \/>\n<meta property=\"og:title\" content=\"Reaktionen zum G20-Gipfel: Ein Gewinn f\u00fcr Indien, die Entwicklungsl\u00e4nder und den Multilateralismus\" \/>\n<meta property=\"og:description\" content=\"Indische Spitzenjournalisten teilten gegen\u00fcber RT einige ihrer Eindr\u00fccke zu geopolitischen Fragen von dem dreit\u00e4gigen G20-Gipfel mit, bei dem ihr Land den Vorsitz f\u00fchrte. Demnach gelang es Indiens Premierminister Narendra Modi zu verhindern, dass der Gipfel einseitig von westlichen Sichtweisen dominiert wurde. Zum Abschluss des G20-Gipfels in Neu-Delhi teilten hochrangige indische Journalisten, die \u00fcber internationale Angelegenheiten [&hellip;]\" \/>\n<meta property=\"og:url\" content=\"https:\/\/now-news.de\/de\/deutschland\/reaktionen-zum-g20-gipfel-ein-gewinn-fuer-indien-die-entwicklungslaender-und-den-multilateralismus\/\" \/>\n<meta property=\"og:site_name\" content=\"just-now.NEWS Deutschland\" \/>\n<meta property=\"article:publisher\" content=\"https:\/\/www.facebook.com\/wirmachenauf\" \/>\n<meta property=\"article:published_time\" content=\"2023-09-14T17:16:36+00:00\" \/>\n<meta property=\"og:image\" content=\"https:\/\/now-news.de\/de\/wp-content\/uploads\/sites\/3\/2023\/09\/Reaktionen-zum-G20-Gipfel-Ein-Gewinn-fuer-Indien-die-Entwicklungslaender-und.jpg\" \/>\n\t<meta property=\"og:image:width\" content=\"460\" \/>\n\t<meta property=\"og:image:height\" content=\"259\" \/>\n\t<meta property=\"og:image:type\" content=\"image\/jpeg\" \/>\n<meta name=\"author\" content=\"rtnews\" \/>\n<meta name=\"twitter:card\" content=\"summary_large_image\" \/>\n<meta name=\"twitter:creator\" content=\"@WirMachenAuf_de\" \/>\n<meta name=\"twitter:site\" content=\"@WirMachenAuf_de\" \/>\n<meta name=\"twitter:label1\" content=\"Verfasst von\" \/>\n\t<meta name=\"twitter:data1\" content=\"rtnews\" \/>\n\t<meta name=\"twitter:label2\" content=\"Gesch\u00e4tzte Lesezeit\" \/>\n\t<meta name=\"twitter:data2\" content=\"5\u00a0Minuten\" \/>\n<script type=\"application\/ld+json\" class=\"yoast-schema-graph\">{\"@context\":\"https:\/\/schema.org\",\"@graph\":[{\"@type\":\"Article\",\"@id\":\"https:\/\/now-news.de\/de\/deutschland\/reaktionen-zum-g20-gipfel-ein-gewinn-fuer-indien-die-entwicklungslaender-und-den-multilateralismus\/#article\",\"isPartOf\":{\"@id\":\"https:\/\/now-news.de\/de\/deutschland\/reaktionen-zum-g20-gipfel-ein-gewinn-fuer-indien-die-entwicklungslaender-und-den-multilateralismus\/\"},\"author\":{\"name\":\"rtnews\",\"@id\":\"https:\/\/now-news.de\/de\/#\/schema\/person\/fb534a4e865501d8b3285208df34a9b5\"},\"headline\":\"Reaktionen zum G20-Gipfel: Ein Gewinn f\u00fcr Indien, die Entwicklungsl\u00e4nder und den Multilateralismus\",\"datePublished\":\"2023-09-14T17:16:36+00:00\",\"dateModified\":\"2023-09-14T17:16:36+00:00\",\"mainEntityOfPage\":{\"@id\":\"https:\/\/now-news.de\/de\/deutschland\/reaktionen-zum-g20-gipfel-ein-gewinn-fuer-indien-die-entwicklungslaender-und-den-multilateralismus\/\"},\"wordCount\":1104,\"commentCount\":0,\"publisher\":{\"@id\":\"https:\/\/now-news.de\/de\/#organization\"},\"image\":{\"@id\":\"https:\/\/now-news.de\/de\/deutschland\/reaktionen-zum-g20-gipfel-ein-gewinn-fuer-indien-die-entwicklungslaender-und-den-multilateralismus\/#primaryimage\"},\"thumbnailUrl\":\"https:\/\/now-news.de\/de\/wp-content\/uploads\/sites\/3\/2023\/09\/Reaktionen-zum-G20-Gipfel-Ein-Gewinn-fuer-Indien-die-Entwicklungslaender-und.jpg\",\"keywords\":[\"den\",\"die\",\"ein\",\"Entwicklungsl\u00e4nder\",\"f\u00fcr\",\"G20Gipfel\",\"GEWINN\",\"Indien\",\"Multilateralismus\",\"Reaktionen\",\"und\",\"zum\"],\"articleSection\":[\"Deutschland\",\"Russland\"],\"inLanguage\":\"de\",\"potentialAction\":[{\"@type\":\"CommentAction\",\"name\":\"Comment\",\"target\":[\"https:\/\/now-news.de\/de\/deutschland\/reaktionen-zum-g20-gipfel-ein-gewinn-fuer-indien-die-entwicklungslaender-und-den-multilateralismus\/#respond\"]}]},{\"@type\":\"WebPage\",\"@id\":\"https:\/\/now-news.de\/de\/deutschland\/reaktionen-zum-g20-gipfel-ein-gewinn-fuer-indien-die-entwicklungslaender-und-den-multilateralismus\/\",\"url\":\"https:\/\/now-news.de\/de\/deutschland\/reaktionen-zum-g20-gipfel-ein-gewinn-fuer-indien-die-entwicklungslaender-und-den-multilateralismus\/\",\"name\":\"Reaktionen zum G20-Gipfel: Ein Gewinn f\u00fcr Indien, die Entwicklungsl\u00e4nder und den Multilateralismus - just-now.NEWS Deutschland\",\"isPartOf\":{\"@id\":\"https:\/\/now-news.de\/de\/#website\"},\"primaryImageOfPage\":{\"@id\":\"https:\/\/now-news.de\/de\/deutschland\/reaktionen-zum-g20-gipfel-ein-gewinn-fuer-indien-die-entwicklungslaender-und-den-multilateralismus\/#primaryimage\"},\"image\":{\"@id\":\"https:\/\/now-news.de\/de\/deutschland\/reaktionen-zum-g20-gipfel-ein-gewinn-fuer-indien-die-entwicklungslaender-und-den-multilateralismus\/#primaryimage\"},\"thumbnailUrl\":\"https:\/\/now-news.de\/de\/wp-content\/uploads\/sites\/3\/2023\/09\/Reaktionen-zum-G20-Gipfel-Ein-Gewinn-fuer-Indien-die-Entwicklungslaender-und.jpg\",\"datePublished\":\"2023-09-14T17:16:36+00:00\",\"dateModified\":\"2023-09-14T17:16:36+00:00\",\"breadcrumb\":{\"@id\":\"https:\/\/now-news.de\/de\/deutschland\/reaktionen-zum-g20-gipfel-ein-gewinn-fuer-indien-die-entwicklungslaender-und-den-multilateralismus\/#breadcrumb\"},\"inLanguage\":\"de\",\"potentialAction\":[{\"@type\":\"ReadAction\",\"target\":[\"https:\/\/now-news.de\/de\/deutschland\/reaktionen-zum-g20-gipfel-ein-gewinn-fuer-indien-die-entwicklungslaender-und-den-multilateralismus\/\"]}]},{\"@type\":\"ImageObject\",\"inLanguage\":\"de\",\"@id\":\"https:\/\/now-news.de\/de\/deutschland\/reaktionen-zum-g20-gipfel-ein-gewinn-fuer-indien-die-entwicklungslaender-und-den-multilateralismus\/#primaryimage\",\"url\":\"https:\/\/now-news.de\/de\/wp-content\/uploads\/sites\/3\/2023\/09\/Reaktionen-zum-G20-Gipfel-Ein-Gewinn-fuer-Indien-die-Entwicklungslaender-und.jpg\",\"contentUrl\":\"https:\/\/now-news.de\/de\/wp-content\/uploads\/sites\/3\/2023\/09\/Reaktionen-zum-G20-Gipfel-Ein-Gewinn-fuer-Indien-die-Entwicklungslaender-und.jpg\",\"width\":460,\"height\":259,\"caption\":\"Reaktionen zum G20-Gipfel: Ein Gewinn f\u00fcr Indien, die Entwicklungsl\u00e4nder und den Multilateralismus\"},{\"@type\":\"BreadcrumbList\",\"@id\":\"https:\/\/now-news.de\/de\/deutschland\/reaktionen-zum-g20-gipfel-ein-gewinn-fuer-indien-die-entwicklungslaender-und-den-multilateralismus\/#breadcrumb\",\"itemListElement\":[{\"@type\":\"ListItem\",\"position\":1,\"name\":\"Home\",\"item\":\"https:\/\/now-news.de\/de\/\"},{\"@type\":\"ListItem\",\"position\":2,\"name\":\"Reaktionen zum G20-Gipfel: Ein Gewinn f\u00fcr Indien, die Entwicklungsl\u00e4nder und den Multilateralismus\"}]},{\"@type\":\"WebSite\",\"@id\":\"https:\/\/now-news.de\/de\/#website\",\"url\":\"https:\/\/now-news.de\/de\/\",\"name\":\"just-now.NEWS Deutschland\",\"description\":\"Das Portal f\u00fcr unzensierte Nachrichten aus der Welt\",\"publisher\":{\"@id\":\"https:\/\/now-news.de\/de\/#organization\"},\"potentialAction\":[{\"@type\":\"SearchAction\",\"target\":{\"@type\":\"EntryPoint\",\"urlTemplate\":\"https:\/\/now-news.de\/de\/?s={search_term_string}\"},\"query-input\":\"required name=search_term_string\"}],\"inLanguage\":\"de\"},{\"@type\":\"Organization\",\"@id\":\"https:\/\/now-news.de\/de\/#organization\",\"name\":\"Just Now News\",\"url\":\"https:\/\/now-news.de\/de\/\",\"logo\":{\"@type\":\"ImageObject\",\"inLanguage\":\"de\",\"@id\":\"https:\/\/now-news.de\/de\/#\/schema\/logo\/image\/\",\"url\":\"http:\/\/just-now.news\/de\/wp-content\/uploads\/sites\/3\/2022\/04\/logo500x500.jpg\",\"contentUrl\":\"http:\/\/just-now.news\/de\/wp-content\/uploads\/sites\/3\/2022\/04\/logo500x500.jpg\",\"width\":500,\"height\":500,\"caption\":\"Just Now News\"},\"image\":{\"@id\":\"https:\/\/now-news.de\/de\/#\/schema\/logo\/image\/\"},\"sameAs\":[\"https:\/\/www.facebook.com\/wirmachenauf\",\"https:\/\/x.com\/WirMachenAuf_de\"]},{\"@type\":\"Person\",\"@id\":\"https:\/\/now-news.de\/de\/#\/schema\/person\/fb534a4e865501d8b3285208df34a9b5\",\"name\":\"rtnews\",\"image\":{\"@type\":\"ImageObject\",\"inLanguage\":\"de\",\"@id\":\"https:\/\/now-news.de\/de\/#\/schema\/person\/image\/\",\"url\":\"https:\/\/secure.gravatar.com\/avatar\/82aafea7d8127119dd649515f56e2117?s=96&d=mm&r=g\",\"contentUrl\":\"https:\/\/secure.gravatar.com\/avatar\/82aafea7d8127119dd649515f56e2117?s=96&d=mm&r=g\",\"caption\":\"rtnews\"},\"url\":\"https:\/\/now-news.de\/de\/author\/rnews\/\"}]}<\/script>\n<!-- \/ Yoast SEO Premium plugin. -->","yoast_head_json":{"title":"Reaktionen zum G20-Gipfel: Ein Gewinn f\u00fcr Indien, die Entwicklungsl\u00e4nder und den Multilateralismus - just-now.NEWS Deutschland","robots":{"index":"index","follow":"follow","max-snippet":"max-snippet:-1","max-image-preview":"max-image-preview:large","max-video-preview":"max-video-preview:-1"},"canonical":"https:\/\/now-news.de\/de\/deutschland\/reaktionen-zum-g20-gipfel-ein-gewinn-fuer-indien-die-entwicklungslaender-und-den-multilateralismus\/","og_locale":"de_DE","og_type":"article","og_title":"Reaktionen zum G20-Gipfel: Ein Gewinn f\u00fcr Indien, die Entwicklungsl\u00e4nder und den Multilateralismus","og_description":"Indische Spitzenjournalisten teilten gegen\u00fcber RT einige ihrer Eindr\u00fccke zu geopolitischen Fragen von dem dreit\u00e4gigen G20-Gipfel mit, bei dem ihr Land den Vorsitz f\u00fchrte. Demnach gelang es Indiens Premierminister Narendra Modi zu verhindern, dass der Gipfel einseitig von westlichen Sichtweisen dominiert wurde. Zum Abschluss des G20-Gipfels in Neu-Delhi teilten hochrangige indische Journalisten, die \u00fcber internationale Angelegenheiten [&hellip;]","og_url":"https:\/\/now-news.de\/de\/deutschland\/reaktionen-zum-g20-gipfel-ein-gewinn-fuer-indien-die-entwicklungslaender-und-den-multilateralismus\/","og_site_name":"just-now.NEWS Deutschland","article_publisher":"https:\/\/www.facebook.com\/wirmachenauf","article_published_time":"2023-09-14T17:16:36+00:00","og_image":[{"width":460,"height":259,"url":"https:\/\/now-news.de\/de\/wp-content\/uploads\/sites\/3\/2023\/09\/Reaktionen-zum-G20-Gipfel-Ein-Gewinn-fuer-Indien-die-Entwicklungslaender-und.jpg","type":"image\/jpeg"}],"author":"rtnews","twitter_card":"summary_large_image","twitter_creator":"@WirMachenAuf_de","twitter_site":"@WirMachenAuf_de","twitter_misc":{"Verfasst von":"rtnews","Gesch\u00e4tzte Lesezeit":"5\u00a0Minuten"},"schema":{"@context":"https:\/\/schema.org","@graph":[{"@type":"Article","@id":"https:\/\/now-news.de\/de\/deutschland\/reaktionen-zum-g20-gipfel-ein-gewinn-fuer-indien-die-entwicklungslaender-und-den-multilateralismus\/#article","isPartOf":{"@id":"https:\/\/now-news.de\/de\/deutschland\/reaktionen-zum-g20-gipfel-ein-gewinn-fuer-indien-die-entwicklungslaender-und-den-multilateralismus\/"},"author":{"name":"rtnews","@id":"https:\/\/now-news.de\/de\/#\/schema\/person\/fb534a4e865501d8b3285208df34a9b5"},"headline":"Reaktionen zum G20-Gipfel: Ein Gewinn f\u00fcr Indien, die Entwicklungsl\u00e4nder und den Multilateralismus","datePublished":"2023-09-14T17:16:36+00:00","dateModified":"2023-09-14T17:16:36+00:00","mainEntityOfPage":{"@id":"https:\/\/now-news.de\/de\/deutschland\/reaktionen-zum-g20-gipfel-ein-gewinn-fuer-indien-die-entwicklungslaender-und-den-multilateralismus\/"},"wordCount":1104,"commentCount":0,"publisher":{"@id":"https:\/\/now-news.de\/de\/#organization"},"image":{"@id":"https:\/\/now-news.de\/de\/deutschland\/reaktionen-zum-g20-gipfel-ein-gewinn-fuer-indien-die-entwicklungslaender-und-den-multilateralismus\/#primaryimage"},"thumbnailUrl":"https:\/\/now-news.de\/de\/wp-content\/uploads\/sites\/3\/2023\/09\/Reaktionen-zum-G20-Gipfel-Ein-Gewinn-fuer-Indien-die-Entwicklungslaender-und.jpg","keywords":["den","die","ein","Entwicklungsl\u00e4nder","f\u00fcr","G20Gipfel","GEWINN","Indien","Multilateralismus","Reaktionen","und","zum"],"articleSection":["Deutschland","Russland"],"inLanguage":"de","potentialAction":[{"@type":"CommentAction","name":"Comment","target":["https:\/\/now-news.de\/de\/deutschland\/reaktionen-zum-g20-gipfel-ein-gewinn-fuer-indien-die-entwicklungslaender-und-den-multilateralismus\/#respond"]}]},{"@type":"WebPage","@id":"https:\/\/now-news.de\/de\/deutschland\/reaktionen-zum-g20-gipfel-ein-gewinn-fuer-indien-die-entwicklungslaender-und-den-multilateralismus\/","url":"https:\/\/now-news.de\/de\/deutschland\/reaktionen-zum-g20-gipfel-ein-gewinn-fuer-indien-die-entwicklungslaender-und-den-multilateralismus\/","name":"Reaktionen zum G20-Gipfel: Ein Gewinn f\u00fcr Indien, die Entwicklungsl\u00e4nder und den Multilateralismus - just-now.NEWS Deutschland","isPartOf":{"@id":"https:\/\/now-news.de\/de\/#website"},"primaryImageOfPage":{"@id":"https:\/\/now-news.de\/de\/deutschland\/reaktionen-zum-g20-gipfel-ein-gewinn-fuer-indien-die-entwicklungslaender-und-den-multilateralismus\/#primaryimage"},"image":{"@id":"https:\/\/now-news.de\/de\/deutschland\/reaktionen-zum-g20-gipfel-ein-gewinn-fuer-indien-die-entwicklungslaender-und-den-multilateralismus\/#primaryimage"},"thumbnailUrl":"https:\/\/now-news.de\/de\/wp-content\/uploads\/sites\/3\/2023\/09\/Reaktionen-zum-G20-Gipfel-Ein-Gewinn-fuer-Indien-die-Entwicklungslaender-und.jpg","datePublished":"2023-09-14T17:16:36+00:00","dateModified":"2023-09-14T17:16:36+00:00","breadcrumb":{"@id":"https:\/\/now-news.de\/de\/deutschland\/reaktionen-zum-g20-gipfel-ein-gewinn-fuer-indien-die-entwicklungslaender-und-den-multilateralismus\/#breadcrumb"},"inLanguage":"de","potentialAction":[{"@type":"ReadAction","target":["https:\/\/now-news.de\/de\/deutschland\/reaktionen-zum-g20-gipfel-ein-gewinn-fuer-indien-die-entwicklungslaender-und-den-multilateralismus\/"]}]},{"@type":"ImageObject","inLanguage":"de","@id":"https:\/\/now-news.de\/de\/deutschland\/reaktionen-zum-g20-gipfel-ein-gewinn-fuer-indien-die-entwicklungslaender-und-den-multilateralismus\/#primaryimage","url":"https:\/\/now-news.de\/de\/wp-content\/uploads\/sites\/3\/2023\/09\/Reaktionen-zum-G20-Gipfel-Ein-Gewinn-fuer-Indien-die-Entwicklungslaender-und.jpg","contentUrl":"https:\/\/now-news.de\/de\/wp-content\/uploads\/sites\/3\/2023\/09\/Reaktionen-zum-G20-Gipfel-Ein-Gewinn-fuer-Indien-die-Entwicklungslaender-und.jpg","width":460,"height":259,"caption":"Reaktionen zum G20-Gipfel: Ein Gewinn f\u00fcr Indien, die Entwicklungsl\u00e4nder und den Multilateralismus"},{"@type":"BreadcrumbList","@id":"https:\/\/now-news.de\/de\/deutschland\/reaktionen-zum-g20-gipfel-ein-gewinn-fuer-indien-die-entwicklungslaender-und-den-multilateralismus\/#breadcrumb","itemListElement":[{"@type":"ListItem","position":1,"name":"Home","item":"https:\/\/now-news.de\/de\/"},{"@type":"ListItem","position":2,"name":"Reaktionen zum G20-Gipfel: Ein Gewinn f\u00fcr Indien, die Entwicklungsl\u00e4nder und den Multilateralismus"}]},{"@type":"WebSite","@id":"https:\/\/now-news.de\/de\/#website","url":"https:\/\/now-news.de\/de\/","name":"just-now.NEWS Deutschland","description":"Das Portal f\u00fcr unzensierte Nachrichten aus der Welt","publisher":{"@id":"https:\/\/now-news.de\/de\/#organization"},"potentialAction":[{"@type":"SearchAction","target":{"@type":"EntryPoint","urlTemplate":"https:\/\/now-news.de\/de\/?s={search_term_string}"},"query-input":"required name=search_term_string"}],"inLanguage":"de"},{"@type":"Organization","@id":"https:\/\/now-news.de\/de\/#organization","name":"Just Now News","url":"https:\/\/now-news.de\/de\/","logo":{"@type":"ImageObject","inLanguage":"de","@id":"https:\/\/now-news.de\/de\/#\/schema\/logo\/image\/","url":"http:\/\/just-now.news\/de\/wp-content\/uploads\/sites\/3\/2022\/04\/logo500x500.jpg","contentUrl":"http:\/\/just-now.news\/de\/wp-content\/uploads\/sites\/3\/2022\/04\/logo500x500.jpg","width":500,"height":500,"caption":"Just Now News"},"image":{"@id":"https:\/\/now-news.de\/de\/#\/schema\/logo\/image\/"},"sameAs":["https:\/\/www.facebook.com\/wirmachenauf","https:\/\/x.com\/WirMachenAuf_de"]},{"@type":"Person","@id":"https:\/\/now-news.de\/de\/#\/schema\/person\/fb534a4e865501d8b3285208df34a9b5","name":"rtnews","image":{"@type":"ImageObject","inLanguage":"de","@id":"https:\/\/now-news.de\/de\/#\/schema\/person\/image\/","url":"https:\/\/secure.gravatar.com\/avatar\/82aafea7d8127119dd649515f56e2117?s=96&d=mm&r=g","contentUrl":"https:\/\/secure.gravatar.com\/avatar\/82aafea7d8127119dd649515f56e2117?s=96&d=mm&r=g","caption":"rtnews"},"url":"https:\/\/now-news.de\/de\/author\/rnews\/"}]}},"_links":{"self":[{"href":"https:\/\/now-news.de\/de\/wp-json\/wp\/v2\/posts\/46368"}],"collection":[{"href":"https:\/\/now-news.de\/de\/wp-json\/wp\/v2\/posts"}],"about":[{"href":"https:\/\/now-news.de\/de\/wp-json\/wp\/v2\/types\/post"}],"author":[{"embeddable":true,"href":"https:\/\/now-news.de\/de\/wp-json\/wp\/v2\/users\/3"}],"replies":[{"embeddable":true,"href":"https:\/\/now-news.de\/de\/wp-json\/wp\/v2\/comments?post=46368"}],"version-history":[{"count":0,"href":"https:\/\/now-news.de\/de\/wp-json\/wp\/v2\/posts\/46368\/revisions"}],"wp:featuredmedia":[{"embeddable":true,"href":"https:\/\/now-news.de\/de\/wp-json\/wp\/v2\/media\/46369"}],"wp:attachment":[{"href":"https:\/\/now-news.de\/de\/wp-json\/wp\/v2\/media?parent=46368"}],"wp:term":[{"taxonomy":"category","embeddable":true,"href":"https:\/\/now-news.de\/de\/wp-json\/wp\/v2\/categories?post=46368"},{"taxonomy":"post_tag","embeddable":true,"href":"https:\/\/now-news.de\/de\/wp-json\/wp\/v2\/tags?post=46368"}],"curies":[{"name":"wp","href":"https:\/\/api.w.org\/{rel}","templated":true}]}}