{"id":46366,"date":"2023-09-14T18:03:37","date_gmt":"2023-09-14T16:03:37","guid":{"rendered":"https:\/\/just-now.news\/de\/deutschland\/praeventiver-verfassungsschutz-jura-professor-plaediert-fuer-teilverbot-der-afd\/"},"modified":"2023-09-14T18:03:37","modified_gmt":"2023-09-14T16:03:37","slug":"praeventiver-verfassungsschutz-jura-professor-plaediert-fuer-teilverbot-der-afd","status":"publish","type":"post","link":"https:\/\/now-news.de\/de\/deutschland\/praeventiver-verfassungsschutz-jura-professor-plaediert-fuer-teilverbot-der-afd\/","title":{"rendered":"&quot;Pr\u00e4ventiver Verfassungsschutz&quot;: Jura-Professor pl\u00e4diert f\u00fcr Teilverbot der AfD"},"content":{"rendered":"<p><img decoding=\"async\" src=\"http:\/\/just-now.news\/de\/wp-content\/uploads\/sites\/3\/2023\/09\/65030a12b480cc739911fb51.jpg\" \/><\/p>\n<div class=\"Text-root Text-type_1 \">\n                Laut dem Juristen Klaus G\u00e4rditz k\u00f6nnte es schwierig sein, die AfD bundesweit zu verbieten. Ein Teilverbot der &#8220;besonders extremistisch&#8221; aufgestellten Landesverb\u00e4nde im Osten h\u00e4lt er hingegen f\u00fcr m\u00f6glich.\n            <\/div>\n<p><\/p>\n<div class=\"Text-root Text-type_5 ArticleView-text ViewText-root \">\n<p>Der Jurist Klaus G\u00e4rditz h\u00e4lt ein Verbot der Partei Alternative f\u00fcr Deutschland (AfD) f\u00fcr m\u00f6glich und erforderlich. Im Interview mit der <em>Frankfurter Allgemeinen Zeitung\u00a0<\/em>(FAZ) sagte er am Mittwoch, dass Paragraf 46, Absatz 2 des Bundesverfassungsgerichtsgesetzes erlaube, ein Verbot auf &#8220;einen rechtlich oder organisatorisch selbst\u00e4ndigen Teil einer Partei&#8221; zu beschr\u00e4nken.<\/p>\n<p>Dabei denke G\u00e4rditz laut eigener Aussage insbesondere an die AfD-Landesverb\u00e4nde von Sachsen, Th\u00fcringen und Sachsen-Anhalt. In allen drei Bundesl\u00e4ndern konnte die AfD\u00a0zuletzt sehr hohe Umfragewerte erzielen. In Th\u00fcringen und in Sachsen finden im n\u00e4chsten Jahr Landtagswahlen statt, in Sachsen-Anhalt Kommunalwahlen.<\/p>\n<p>Laut G\u00e4rditz seien die drei genannten AfD-Landesverb\u00e4nde im Osten &#8220;deutlich&#8221; radikaler als etwa die in Rheinland-Pfalz oder Nordrhein-Westfalen. Aufgrund dieser Unterschiede k\u00f6nnte ein Verbotsverfahren der gesamten Partei scheitern. Ein Teilverbot &#8220;besonders extremistisch&#8221; aufgestellter Landesverb\u00e4nde h\u00e4lt G\u00e4rditz dagegen f\u00fcr m\u00f6glich.<\/p>\n<p>Wesentlich f\u00fcr ein Verbot w\u00e4re, dass &#8220;die Schwelle zur aktiv-k\u00e4mpferischen Haltung gegen unsere Grundordnung&#8221; \u00fcberschritten wird. Daf\u00fcr seien keine Waffenlager oder Schl\u00e4gertrupps n\u00f6tig. &#8220;Aktiv-k\u00e4mpferisch&#8221; k\u00f6nne man auch &#8220;in Worten&#8221; sein. Besonders wenn er die Rhetorik ma\u00dfgeblicher AfD-Funktion\u00e4re in Th\u00fcringen h\u00f6re, so G\u00e4rditz, habe er &#8220;keine Zweifel&#8221;, dass\u00a0hier diese\u00a0Schwelle \u00fcberschritten werde.<\/p>\n<p><strong>Verbotsverfahren w\u00e4re\u00a0&#8220;pr\u00e4ventiver Verfassungsschutz&#8221;<\/strong><\/p>\n<p>Bei dieser Schwelle gehe es nicht darum, ob eine Forderung &#8220;besonders aggressiv&#8221; vorgetragen werde. Aktiv-k\u00e4mpferisch k\u00f6nne auch eine &#8220;sanfte Rhetorik&#8221; sein. Entscheidend sei, dass sie &#8220;beharrlich&#8221; davon handle, &#8220;die freiheitlich-demokratische Grundordnung zu bek\u00e4mpfen und aktiv sowie planm\u00e4\u00dfig zu beseitigen&#8221;. Das gehe laut G\u00e4rditz &#8220;auch ohne Gewalt&#8221;. Ein Verbotsverfahren w\u00e4re daher &#8220;pr\u00e4ventiver Verfassungsschutz&#8221;.<\/p>\n<blockquote>\n<p><em>&#8220;Schon wenn ein Bundesland in den Ex\u00adtremismus kippen w\u00fcrde, w\u00e4re die Grundordnung gef\u00e4hrdet.&#8221;<\/em><\/p>\n<\/blockquote>\n<p>Um der AfD nachzuweisen, dass sie einen Staatsstreich will,\u00a0fordert\u00a0G\u00e4rditz den Einsatz von sogenannten Vertrauenspersonen (V-Leute) durch den deutschen Inlandsgeheimdienst. Damit jedoch das Verbotsverfahren nicht wie bei der <em>Nationaldemokratischen Partei Deutschlands<\/em> (NPD) 2003 aufgrund von V-Leuten in F\u00fchrungspositionen scheitert, m\u00fcssten die an der Peripherie angeworben werden.\u00a0Dort k\u00f6nnten sie Informationen \u00fcber wiederholte &#8220;verfassungsfeindliche Agitation&#8221; sammeln, die &#8220;in der Summe&#8221; auch dem Parteienvorstand zugerechnet werden k\u00f6nnten. Denn:<\/p>\n<blockquote>\n<p><em>&#8220;Wir m\u00fcssen den Extremisten die realen Machtoptionen aus der Hand schlagen.&#8221;<\/em><\/p>\n<\/blockquote>\n<p>G\u00e4rditz ist seit 2019 Lehrstuhlinhaber der Rechts- und Staatswissenschaftlichen Fakult\u00e4t der Universit\u00e4t Bonn. Nach einem <a rel=\"nofollow noopener\" target=\"_blank\" href=\"https:\/\/taz.de\/Verbot-der-AfD\/!5949570\/\">Gastkommentar<\/a> in der <em>Tageszeitung<\/em> (TAZ) am 8. August ist es bereits der zweite publizistische Anlauf des Juristen, in dem er f\u00fcr ein AfD-Teilverbot wirbt.<\/p>\n<p><strong>Mehr zum Thema\u00a0<\/strong>\u2013\u00a0<a rel=\"nofollow noopener\" target=\"_blank\" href=\"https:\/\/freedert.online\/inland\/180431-aus-gegebenem-anlass-goering-eckardt\/\">&#8220;Aus gegebenem Anlass&#8221;: G\u00f6ring-Eckardt bringt AfD-Wahlergebnis in Nordhausen mit KZ in Verbindung<\/a><\/p>\n<\/div>\n<p><br \/>\n<br \/><a href=\"https:\/\/de.rt.com\/inland\/180776-praeventiver-verfassungsschutz-jura-professor-plaediert\/\">Source link <\/a><\/p>\n","protected":false},"excerpt":{"rendered":"<p>Laut dem Juristen Klaus G\u00e4rditz k\u00f6nnte es schwierig sein, die AfD bundesweit zu verbieten. Ein Teilverbot der &#8220;besonders extremistisch&#8221; aufgestellten Landesverb\u00e4nde im Osten h\u00e4lt er hingegen f\u00fcr m\u00f6glich. Der Jurist Klaus G\u00e4rditz h\u00e4lt ein Verbot der Partei Alternative f\u00fcr Deutschland (AfD) f\u00fcr m\u00f6glich und erforderlich. Im Interview mit der Frankfurter Allgemeinen Zeitung\u00a0(FAZ) sagte er am [&hellip;]<\/p>\n","protected":false},"author":3,"featured_media":46367,"comment_status":"open","ping_status":"open","sticky":false,"template":"","format":"standard","meta":{"_yoast_indexnow_last_ping":["1694710065"],"wp_automatic_camp":["217"],"6d846ae1400c5458312cd44da7254e97":["&quot;Pr\u00e4ventiver Verfassungsschutz&quot;: Jura-Professor pl\u00e4diert f\u00fcr Teilverbot der AfD"],"original_link":["https:\/\/de.rt.com\/inland\/180776-praeventiver-verfassungsschutz-jura-professor-plaediert\/"],"_thumbnail_id":["46367"],"_wptgpro_p2tg_sent2tg":["a:1:{i:23737;s:19:\"2023-09-14 18:48:55\";}"],"jnews_social_counter_last_update":["1777325503"]},"categories":[19,23],"tags":[3815,82,221,24106,24062,48869,48871,48870],"yoast_head":"<!-- This site is optimized with the Yoast SEO Premium plugin v22.7 (Yoast SEO v22.7) - https:\/\/yoast.com\/wordpress\/plugins\/seo\/ -->\n<title>&quot;Pr\u00e4ventiver Verfassungsschutz&quot;: Jura-Professor pl\u00e4diert f\u00fcr Teilverbot der AfD - just-now.NEWS Deutschland<\/title>\n<meta name=\"robots\" content=\"index, follow, max-snippet:-1, max-image-preview:large, max-video-preview:-1\" \/>\n<link rel=\"canonical\" href=\"https:\/\/now-news.de\/de\/deutschland\/praeventiver-verfassungsschutz-jura-professor-plaediert-fuer-teilverbot-der-afd\/\" \/>\n<meta property=\"og:locale\" content=\"de_DE\" \/>\n<meta property=\"og:type\" content=\"article\" \/>\n<meta property=\"og:title\" content=\"&quot;Pr\u00e4ventiver Verfassungsschutz&quot;: Jura-Professor pl\u00e4diert f\u00fcr Teilverbot der AfD\" \/>\n<meta property=\"og:description\" content=\"Laut dem Juristen Klaus G\u00e4rditz k\u00f6nnte es schwierig sein, die AfD bundesweit zu verbieten. Ein Teilverbot der &#8220;besonders extremistisch&#8221; aufgestellten Landesverb\u00e4nde im Osten h\u00e4lt er hingegen f\u00fcr m\u00f6glich. Der Jurist Klaus G\u00e4rditz h\u00e4lt ein Verbot der Partei Alternative f\u00fcr Deutschland (AfD) f\u00fcr m\u00f6glich und erforderlich. Im Interview mit der Frankfurter Allgemeinen Zeitung\u00a0(FAZ) sagte er am [&hellip;]\" \/>\n<meta property=\"og:url\" content=\"https:\/\/now-news.de\/de\/deutschland\/praeventiver-verfassungsschutz-jura-professor-plaediert-fuer-teilverbot-der-afd\/\" \/>\n<meta property=\"og:site_name\" content=\"just-now.NEWS Deutschland\" \/>\n<meta property=\"article:publisher\" content=\"https:\/\/www.facebook.com\/wirmachenauf\" \/>\n<meta property=\"article:published_time\" content=\"2023-09-14T16:03:37+00:00\" \/>\n<meta property=\"og:image\" content=\"https:\/\/now-news.de\/de\/wp-content\/uploads\/sites\/3\/2023\/09\/quotPraeventiver-Verfassungsschutzquot-Jura-Professor-plaediert-fuer-Teilverbot-der-AfD.jpg\" \/>\n\t<meta property=\"og:image:width\" content=\"460\" \/>\n\t<meta property=\"og:image:height\" content=\"259\" \/>\n\t<meta property=\"og:image:type\" content=\"image\/jpeg\" \/>\n<meta name=\"author\" content=\"rtnews\" \/>\n<meta name=\"twitter:card\" content=\"summary_large_image\" \/>\n<meta name=\"twitter:creator\" content=\"@WirMachenAuf_de\" \/>\n<meta name=\"twitter:site\" content=\"@WirMachenAuf_de\" \/>\n<meta name=\"twitter:label1\" content=\"Verfasst von\" \/>\n\t<meta name=\"twitter:data1\" content=\"rtnews\" \/>\n\t<meta name=\"twitter:label2\" content=\"Gesch\u00e4tzte Lesezeit\" \/>\n\t<meta name=\"twitter:data2\" content=\"2\u00a0Minuten\" \/>\n<script type=\"application\/ld+json\" class=\"yoast-schema-graph\">{\"@context\":\"https:\/\/schema.org\",\"@graph\":[{\"@type\":\"Article\",\"@id\":\"https:\/\/now-news.de\/de\/deutschland\/praeventiver-verfassungsschutz-jura-professor-plaediert-fuer-teilverbot-der-afd\/#article\",\"isPartOf\":{\"@id\":\"https:\/\/now-news.de\/de\/deutschland\/praeventiver-verfassungsschutz-jura-professor-plaediert-fuer-teilverbot-der-afd\/\"},\"author\":{\"name\":\"rtnews\",\"@id\":\"https:\/\/now-news.de\/de\/#\/schema\/person\/fb534a4e865501d8b3285208df34a9b5\"},\"headline\":\"&quot;Pr\u00e4ventiver Verfassungsschutz&quot;: Jura-Professor pl\u00e4diert f\u00fcr Teilverbot der AfD\",\"datePublished\":\"2023-09-14T16:03:37+00:00\",\"dateModified\":\"2023-09-14T16:03:37+00:00\",\"mainEntityOfPage\":{\"@id\":\"https:\/\/now-news.de\/de\/deutschland\/praeventiver-verfassungsschutz-jura-professor-plaediert-fuer-teilverbot-der-afd\/\"},\"wordCount\":486,\"commentCount\":0,\"publisher\":{\"@id\":\"https:\/\/now-news.de\/de\/#organization\"},\"image\":{\"@id\":\"https:\/\/now-news.de\/de\/deutschland\/praeventiver-verfassungsschutz-jura-professor-plaediert-fuer-teilverbot-der-afd\/#primaryimage\"},\"thumbnailUrl\":\"https:\/\/now-news.de\/de\/wp-content\/uploads\/sites\/3\/2023\/09\/quotPraeventiver-Verfassungsschutzquot-Jura-Professor-plaediert-fuer-Teilverbot-der-AfD.jpg\",\"keywords\":[\"AfD\",\"der\",\"f\u00fcr\",\"Juraprofessor\",\"pl\u00e4diert\",\"quotPr\u00e4ventiver\",\"Teilverbot\",\"Verfassungsschutzquot\"],\"articleSection\":[\"Deutschland\",\"Russland\"],\"inLanguage\":\"de\",\"potentialAction\":[{\"@type\":\"CommentAction\",\"name\":\"Comment\",\"target\":[\"https:\/\/now-news.de\/de\/deutschland\/praeventiver-verfassungsschutz-jura-professor-plaediert-fuer-teilverbot-der-afd\/#respond\"]}]},{\"@type\":\"WebPage\",\"@id\":\"https:\/\/now-news.de\/de\/deutschland\/praeventiver-verfassungsschutz-jura-professor-plaediert-fuer-teilverbot-der-afd\/\",\"url\":\"https:\/\/now-news.de\/de\/deutschland\/praeventiver-verfassungsschutz-jura-professor-plaediert-fuer-teilverbot-der-afd\/\",\"name\":\"&quot;Pr\u00e4ventiver Verfassungsschutz&quot;: Jura-Professor pl\u00e4diert f\u00fcr Teilverbot der AfD - just-now.NEWS Deutschland\",\"isPartOf\":{\"@id\":\"https:\/\/now-news.de\/de\/#website\"},\"primaryImageOfPage\":{\"@id\":\"https:\/\/now-news.de\/de\/deutschland\/praeventiver-verfassungsschutz-jura-professor-plaediert-fuer-teilverbot-der-afd\/#primaryimage\"},\"image\":{\"@id\":\"https:\/\/now-news.de\/de\/deutschland\/praeventiver-verfassungsschutz-jura-professor-plaediert-fuer-teilverbot-der-afd\/#primaryimage\"},\"thumbnailUrl\":\"https:\/\/now-news.de\/de\/wp-content\/uploads\/sites\/3\/2023\/09\/quotPraeventiver-Verfassungsschutzquot-Jura-Professor-plaediert-fuer-Teilverbot-der-AfD.jpg\",\"datePublished\":\"2023-09-14T16:03:37+00:00\",\"dateModified\":\"2023-09-14T16:03:37+00:00\",\"breadcrumb\":{\"@id\":\"https:\/\/now-news.de\/de\/deutschland\/praeventiver-verfassungsschutz-jura-professor-plaediert-fuer-teilverbot-der-afd\/#breadcrumb\"},\"inLanguage\":\"de\",\"potentialAction\":[{\"@type\":\"ReadAction\",\"target\":[\"https:\/\/now-news.de\/de\/deutschland\/praeventiver-verfassungsschutz-jura-professor-plaediert-fuer-teilverbot-der-afd\/\"]}]},{\"@type\":\"ImageObject\",\"inLanguage\":\"de\",\"@id\":\"https:\/\/now-news.de\/de\/deutschland\/praeventiver-verfassungsschutz-jura-professor-plaediert-fuer-teilverbot-der-afd\/#primaryimage\",\"url\":\"https:\/\/now-news.de\/de\/wp-content\/uploads\/sites\/3\/2023\/09\/quotPraeventiver-Verfassungsschutzquot-Jura-Professor-plaediert-fuer-Teilverbot-der-AfD.jpg\",\"contentUrl\":\"https:\/\/now-news.de\/de\/wp-content\/uploads\/sites\/3\/2023\/09\/quotPraeventiver-Verfassungsschutzquot-Jura-Professor-plaediert-fuer-Teilverbot-der-AfD.jpg\",\"width\":460,\"height\":259,\"caption\":\"&quot;Pr\u00e4ventiver Verfassungsschutz&quot;: Jura-Professor pl\u00e4diert f\u00fcr Teilverbot der AfD\"},{\"@type\":\"BreadcrumbList\",\"@id\":\"https:\/\/now-news.de\/de\/deutschland\/praeventiver-verfassungsschutz-jura-professor-plaediert-fuer-teilverbot-der-afd\/#breadcrumb\",\"itemListElement\":[{\"@type\":\"ListItem\",\"position\":1,\"name\":\"Home\",\"item\":\"https:\/\/now-news.de\/de\/\"},{\"@type\":\"ListItem\",\"position\":2,\"name\":\"&quot;Pr\u00e4ventiver Verfassungsschutz&quot;: Jura-Professor pl\u00e4diert f\u00fcr Teilverbot der AfD\"}]},{\"@type\":\"WebSite\",\"@id\":\"https:\/\/now-news.de\/de\/#website\",\"url\":\"https:\/\/now-news.de\/de\/\",\"name\":\"just-now.NEWS Deutschland\",\"description\":\"Das Portal f\u00fcr unzensierte Nachrichten aus der Welt\",\"publisher\":{\"@id\":\"https:\/\/now-news.de\/de\/#organization\"},\"potentialAction\":[{\"@type\":\"SearchAction\",\"target\":{\"@type\":\"EntryPoint\",\"urlTemplate\":\"https:\/\/now-news.de\/de\/?s={search_term_string}\"},\"query-input\":\"required name=search_term_string\"}],\"inLanguage\":\"de\"},{\"@type\":\"Organization\",\"@id\":\"https:\/\/now-news.de\/de\/#organization\",\"name\":\"Just Now News\",\"url\":\"https:\/\/now-news.de\/de\/\",\"logo\":{\"@type\":\"ImageObject\",\"inLanguage\":\"de\",\"@id\":\"https:\/\/now-news.de\/de\/#\/schema\/logo\/image\/\",\"url\":\"http:\/\/just-now.news\/de\/wp-content\/uploads\/sites\/3\/2022\/04\/logo500x500.jpg\",\"contentUrl\":\"http:\/\/just-now.news\/de\/wp-content\/uploads\/sites\/3\/2022\/04\/logo500x500.jpg\",\"width\":500,\"height\":500,\"caption\":\"Just Now News\"},\"image\":{\"@id\":\"https:\/\/now-news.de\/de\/#\/schema\/logo\/image\/\"},\"sameAs\":[\"https:\/\/www.facebook.com\/wirmachenauf\",\"https:\/\/x.com\/WirMachenAuf_de\"]},{\"@type\":\"Person\",\"@id\":\"https:\/\/now-news.de\/de\/#\/schema\/person\/fb534a4e865501d8b3285208df34a9b5\",\"name\":\"rtnews\",\"image\":{\"@type\":\"ImageObject\",\"inLanguage\":\"de\",\"@id\":\"https:\/\/now-news.de\/de\/#\/schema\/person\/image\/\",\"url\":\"https:\/\/secure.gravatar.com\/avatar\/82aafea7d8127119dd649515f56e2117?s=96&d=mm&r=g\",\"contentUrl\":\"https:\/\/secure.gravatar.com\/avatar\/82aafea7d8127119dd649515f56e2117?s=96&d=mm&r=g\",\"caption\":\"rtnews\"},\"url\":\"https:\/\/now-news.de\/de\/author\/rnews\/\"}]}<\/script>\n<!-- \/ Yoast SEO Premium plugin. -->","yoast_head_json":{"title":"&quot;Pr\u00e4ventiver Verfassungsschutz&quot;: Jura-Professor pl\u00e4diert f\u00fcr Teilverbot der AfD - just-now.NEWS Deutschland","robots":{"index":"index","follow":"follow","max-snippet":"max-snippet:-1","max-image-preview":"max-image-preview:large","max-video-preview":"max-video-preview:-1"},"canonical":"https:\/\/now-news.de\/de\/deutschland\/praeventiver-verfassungsschutz-jura-professor-plaediert-fuer-teilverbot-der-afd\/","og_locale":"de_DE","og_type":"article","og_title":"&quot;Pr\u00e4ventiver Verfassungsschutz&quot;: Jura-Professor pl\u00e4diert f\u00fcr Teilverbot der AfD","og_description":"Laut dem Juristen Klaus G\u00e4rditz k\u00f6nnte es schwierig sein, die AfD bundesweit zu verbieten. Ein Teilverbot der &#8220;besonders extremistisch&#8221; aufgestellten Landesverb\u00e4nde im Osten h\u00e4lt er hingegen f\u00fcr m\u00f6glich. Der Jurist Klaus G\u00e4rditz h\u00e4lt ein Verbot der Partei Alternative f\u00fcr Deutschland (AfD) f\u00fcr m\u00f6glich und erforderlich. Im Interview mit der Frankfurter Allgemeinen Zeitung\u00a0(FAZ) sagte er am [&hellip;]","og_url":"https:\/\/now-news.de\/de\/deutschland\/praeventiver-verfassungsschutz-jura-professor-plaediert-fuer-teilverbot-der-afd\/","og_site_name":"just-now.NEWS Deutschland","article_publisher":"https:\/\/www.facebook.com\/wirmachenauf","article_published_time":"2023-09-14T16:03:37+00:00","og_image":[{"width":460,"height":259,"url":"https:\/\/now-news.de\/de\/wp-content\/uploads\/sites\/3\/2023\/09\/quotPraeventiver-Verfassungsschutzquot-Jura-Professor-plaediert-fuer-Teilverbot-der-AfD.jpg","type":"image\/jpeg"}],"author":"rtnews","twitter_card":"summary_large_image","twitter_creator":"@WirMachenAuf_de","twitter_site":"@WirMachenAuf_de","twitter_misc":{"Verfasst von":"rtnews","Gesch\u00e4tzte Lesezeit":"2\u00a0Minuten"},"schema":{"@context":"https:\/\/schema.org","@graph":[{"@type":"Article","@id":"https:\/\/now-news.de\/de\/deutschland\/praeventiver-verfassungsschutz-jura-professor-plaediert-fuer-teilverbot-der-afd\/#article","isPartOf":{"@id":"https:\/\/now-news.de\/de\/deutschland\/praeventiver-verfassungsschutz-jura-professor-plaediert-fuer-teilverbot-der-afd\/"},"author":{"name":"rtnews","@id":"https:\/\/now-news.de\/de\/#\/schema\/person\/fb534a4e865501d8b3285208df34a9b5"},"headline":"&quot;Pr\u00e4ventiver Verfassungsschutz&quot;: Jura-Professor pl\u00e4diert f\u00fcr Teilverbot der AfD","datePublished":"2023-09-14T16:03:37+00:00","dateModified":"2023-09-14T16:03:37+00:00","mainEntityOfPage":{"@id":"https:\/\/now-news.de\/de\/deutschland\/praeventiver-verfassungsschutz-jura-professor-plaediert-fuer-teilverbot-der-afd\/"},"wordCount":486,"commentCount":0,"publisher":{"@id":"https:\/\/now-news.de\/de\/#organization"},"image":{"@id":"https:\/\/now-news.de\/de\/deutschland\/praeventiver-verfassungsschutz-jura-professor-plaediert-fuer-teilverbot-der-afd\/#primaryimage"},"thumbnailUrl":"https:\/\/now-news.de\/de\/wp-content\/uploads\/sites\/3\/2023\/09\/quotPraeventiver-Verfassungsschutzquot-Jura-Professor-plaediert-fuer-Teilverbot-der-AfD.jpg","keywords":["AfD","der","f\u00fcr","Juraprofessor","pl\u00e4diert","quotPr\u00e4ventiver","Teilverbot","Verfassungsschutzquot"],"articleSection":["Deutschland","Russland"],"inLanguage":"de","potentialAction":[{"@type":"CommentAction","name":"Comment","target":["https:\/\/now-news.de\/de\/deutschland\/praeventiver-verfassungsschutz-jura-professor-plaediert-fuer-teilverbot-der-afd\/#respond"]}]},{"@type":"WebPage","@id":"https:\/\/now-news.de\/de\/deutschland\/praeventiver-verfassungsschutz-jura-professor-plaediert-fuer-teilverbot-der-afd\/","url":"https:\/\/now-news.de\/de\/deutschland\/praeventiver-verfassungsschutz-jura-professor-plaediert-fuer-teilverbot-der-afd\/","name":"&quot;Pr\u00e4ventiver Verfassungsschutz&quot;: Jura-Professor pl\u00e4diert f\u00fcr Teilverbot der AfD - just-now.NEWS Deutschland","isPartOf":{"@id":"https:\/\/now-news.de\/de\/#website"},"primaryImageOfPage":{"@id":"https:\/\/now-news.de\/de\/deutschland\/praeventiver-verfassungsschutz-jura-professor-plaediert-fuer-teilverbot-der-afd\/#primaryimage"},"image":{"@id":"https:\/\/now-news.de\/de\/deutschland\/praeventiver-verfassungsschutz-jura-professor-plaediert-fuer-teilverbot-der-afd\/#primaryimage"},"thumbnailUrl":"https:\/\/now-news.de\/de\/wp-content\/uploads\/sites\/3\/2023\/09\/quotPraeventiver-Verfassungsschutzquot-Jura-Professor-plaediert-fuer-Teilverbot-der-AfD.jpg","datePublished":"2023-09-14T16:03:37+00:00","dateModified":"2023-09-14T16:03:37+00:00","breadcrumb":{"@id":"https:\/\/now-news.de\/de\/deutschland\/praeventiver-verfassungsschutz-jura-professor-plaediert-fuer-teilverbot-der-afd\/#breadcrumb"},"inLanguage":"de","potentialAction":[{"@type":"ReadAction","target":["https:\/\/now-news.de\/de\/deutschland\/praeventiver-verfassungsschutz-jura-professor-plaediert-fuer-teilverbot-der-afd\/"]}]},{"@type":"ImageObject","inLanguage":"de","@id":"https:\/\/now-news.de\/de\/deutschland\/praeventiver-verfassungsschutz-jura-professor-plaediert-fuer-teilverbot-der-afd\/#primaryimage","url":"https:\/\/now-news.de\/de\/wp-content\/uploads\/sites\/3\/2023\/09\/quotPraeventiver-Verfassungsschutzquot-Jura-Professor-plaediert-fuer-Teilverbot-der-AfD.jpg","contentUrl":"https:\/\/now-news.de\/de\/wp-content\/uploads\/sites\/3\/2023\/09\/quotPraeventiver-Verfassungsschutzquot-Jura-Professor-plaediert-fuer-Teilverbot-der-AfD.jpg","width":460,"height":259,"caption":"&quot;Pr\u00e4ventiver Verfassungsschutz&quot;: Jura-Professor pl\u00e4diert f\u00fcr Teilverbot der AfD"},{"@type":"BreadcrumbList","@id":"https:\/\/now-news.de\/de\/deutschland\/praeventiver-verfassungsschutz-jura-professor-plaediert-fuer-teilverbot-der-afd\/#breadcrumb","itemListElement":[{"@type":"ListItem","position":1,"name":"Home","item":"https:\/\/now-news.de\/de\/"},{"@type":"ListItem","position":2,"name":"&quot;Pr\u00e4ventiver Verfassungsschutz&quot;: Jura-Professor pl\u00e4diert f\u00fcr Teilverbot der AfD"}]},{"@type":"WebSite","@id":"https:\/\/now-news.de\/de\/#website","url":"https:\/\/now-news.de\/de\/","name":"just-now.NEWS Deutschland","description":"Das Portal f\u00fcr unzensierte Nachrichten aus der Welt","publisher":{"@id":"https:\/\/now-news.de\/de\/#organization"},"potentialAction":[{"@type":"SearchAction","target":{"@type":"EntryPoint","urlTemplate":"https:\/\/now-news.de\/de\/?s={search_term_string}"},"query-input":"required name=search_term_string"}],"inLanguage":"de"},{"@type":"Organization","@id":"https:\/\/now-news.de\/de\/#organization","name":"Just Now News","url":"https:\/\/now-news.de\/de\/","logo":{"@type":"ImageObject","inLanguage":"de","@id":"https:\/\/now-news.de\/de\/#\/schema\/logo\/image\/","url":"http:\/\/just-now.news\/de\/wp-content\/uploads\/sites\/3\/2022\/04\/logo500x500.jpg","contentUrl":"http:\/\/just-now.news\/de\/wp-content\/uploads\/sites\/3\/2022\/04\/logo500x500.jpg","width":500,"height":500,"caption":"Just Now News"},"image":{"@id":"https:\/\/now-news.de\/de\/#\/schema\/logo\/image\/"},"sameAs":["https:\/\/www.facebook.com\/wirmachenauf","https:\/\/x.com\/WirMachenAuf_de"]},{"@type":"Person","@id":"https:\/\/now-news.de\/de\/#\/schema\/person\/fb534a4e865501d8b3285208df34a9b5","name":"rtnews","image":{"@type":"ImageObject","inLanguage":"de","@id":"https:\/\/now-news.de\/de\/#\/schema\/person\/image\/","url":"https:\/\/secure.gravatar.com\/avatar\/82aafea7d8127119dd649515f56e2117?s=96&d=mm&r=g","contentUrl":"https:\/\/secure.gravatar.com\/avatar\/82aafea7d8127119dd649515f56e2117?s=96&d=mm&r=g","caption":"rtnews"},"url":"https:\/\/now-news.de\/de\/author\/rnews\/"}]}},"_links":{"self":[{"href":"https:\/\/now-news.de\/de\/wp-json\/wp\/v2\/posts\/46366"}],"collection":[{"href":"https:\/\/now-news.de\/de\/wp-json\/wp\/v2\/posts"}],"about":[{"href":"https:\/\/now-news.de\/de\/wp-json\/wp\/v2\/types\/post"}],"author":[{"embeddable":true,"href":"https:\/\/now-news.de\/de\/wp-json\/wp\/v2\/users\/3"}],"replies":[{"embeddable":true,"href":"https:\/\/now-news.de\/de\/wp-json\/wp\/v2\/comments?post=46366"}],"version-history":[{"count":0,"href":"https:\/\/now-news.de\/de\/wp-json\/wp\/v2\/posts\/46366\/revisions"}],"wp:featuredmedia":[{"embeddable":true,"href":"https:\/\/now-news.de\/de\/wp-json\/wp\/v2\/media\/46367"}],"wp:attachment":[{"href":"https:\/\/now-news.de\/de\/wp-json\/wp\/v2\/media?parent=46366"}],"wp:term":[{"taxonomy":"category","embeddable":true,"href":"https:\/\/now-news.de\/de\/wp-json\/wp\/v2\/categories?post=46366"},{"taxonomy":"post_tag","embeddable":true,"href":"https:\/\/now-news.de\/de\/wp-json\/wp\/v2\/tags?post=46366"}],"curies":[{"name":"wp","href":"https:\/\/api.w.org\/{rel}","templated":true}]}}