{"id":46302,"date":"2023-09-13T20:23:42","date_gmt":"2023-09-13T18:23:42","guid":{"rendered":"https:\/\/just-now.news\/de\/deutschland\/armeniens-regierungschef-in-politico-interview-jerewan-kann-sich-nicht-mehr-auf-moskau-verlassen\/"},"modified":"2023-09-13T20:23:42","modified_gmt":"2023-09-13T18:23:42","slug":"armeniens-regierungschef-in-politico-interview-jerewan-kann-sich-nicht-mehr-auf-moskau-verlassen","status":"publish","type":"post","link":"https:\/\/now-news.de\/de\/deutschland\/armeniens-regierungschef-in-politico-interview-jerewan-kann-sich-nicht-mehr-auf-moskau-verlassen\/","title":{"rendered":"Armeniens Regierungschef in &quot;Politico&quot;-Interview: Jerewan kann sich nicht mehr auf Moskau verlassen"},"content":{"rendered":"<p><img decoding=\"async\" src=\"http:\/\/just-now.news\/de\/wp-content\/uploads\/sites\/3\/2023\/09\/6501e2d248fbef7273699312.jpg\" \/><\/p>\n<div class=\"Text-root Text-type_1 \">\n                Zuletzt distanzierte sich Nikol Paschinjan verbal immer mehr von Russland. In seinem j\u00fcngsten Interview bezeichnete der armenische Premierminister die Konfliktregion Bergkarabach erneut als aserbaidschanisches Gebiet und k\u00fcndigt die Ratifizierung des R\u00f6mischen Statuts an.\n            <\/div>\n<p><\/p>\n<div class=\"Text-root Text-type_5 ArticleView-text ViewText-root \">\n<p>Der armenische Regierungschef Nikol Paschinjan hat der US-Zeitung <em>Politico<\/em> ein Interview gew\u00e4hrt, in dem er sich erneut verbal von Russland distanzierte. Ihm zufolge h\u00e4tten sich die F\u00e4higkeiten des langj\u00e4hrigen Verb\u00fcndeten durch die Ereignisse in der Ukraine ver\u00e4ndert. Demnach wolle Moskau infolge des Ukraine-Krieges einen Abbruch seiner Kontakte zu Baku und Ankara vermeiden. Mit Blick auf den\u00a0jahrzehntelangen Konflikt zwischen den beiden Ex-Sowjetrepubliken Armenien und Aserbaidschan um die s\u00fcdkaukasische Region Bergkarabach <a rel=\"nofollow noopener\" target=\"_blank\" href=\"https:\/\/www.politico.eu\/article\/we-cant-rely-russia-protect-us-anymore-nikol-pashinyan-armenia-pm\/\">sagte<\/a> der Politiker:<\/p>\n<blockquote>\n<p><em>&#8220;Armenien kann sich nicht mehr auf Moskau als Garanten f\u00fcr seine Sicherheit verlassen \u2013 nicht einmal angesichts der wachsenden Bef\u00fcrchtungen, dass der Konflikt wieder aufflammen k\u00f6nnte.&#8221;<\/em><\/p>\n<\/blockquote>\n<p>Paschinjan warf dem russischen Friedenskontingent in der Region vor, bei seiner Mission versagt zu haben. Die Sicherheitslage in Bergkarabach habe sich dramatisch verschlechtert. Die Blockade des Latschin-Korridors durch Aserbaidschan habe eine humanit\u00e4re Krise ausgel\u00f6st. Im Einklang mit dem trilateralen Abkommen aus dem Jahr 2020 falle die Gew\u00e4hrleistung der Sicherheit der einzigen Autostra\u00dfe in der Region in den Zust\u00e4ndigkeitsbereich der russischen Friedenstruppen.<\/p>\n<blockquote>\n<p><em>&#8220;Da es diese Probleme gibt, haben die russischen Friedenstruppen bei ihrer Mission versagt. Aber ich kann nicht sagen, dass die Situation jetzt besser w\u00e4re, wenn die russischen Friedenstruppen nicht in Bergkarabach w\u00e4ren.&#8221; <\/em><\/p>\n<\/blockquote>\n<p>Der Regierungschef best\u00e4tigte gegen\u00fcber <em>Politico<\/em>, dass er Bergkarabach als aserbaidschanisches Gebiet anerkenne. Nun m\u00fcsse die internationale Gemeinschaft sicherstellen, dass es in der Region zu keinen &#8220;ethnischen S\u00e4uberungen&#8221; komme. Paschinjan sprach sich dabei f\u00fcr Friedensverhandlungen mit Aserbaidschan unter Vermittlung der EU, der USA und Russlands aus. Gleichzeitig k\u00fcndigte er eine neue Strategie an: Jerewan m\u00fcsse nun seine Abh\u00e4ngigkeit von anderen L\u00e4ndern maximal reduzieren.<\/p>\n<blockquote>\n<p><em>&#8220;Wir wollen ein unabh\u00e4ngiges und souver\u00e4nes Land sein, und wir m\u00fcssen Mittel haben, um nicht in den Mittelpunkt von Zusammenst\u00f6\u00dfen zwischen West und Ost oder Nord und S\u00fcd zu geraten.&#8221;<\/em><\/p>\n<\/blockquote>\n<p>Der Politiker k\u00fcndigte au\u00dferdem die Ratifizierung des R\u00f6mischen Statuts des Internationalen Strafgerichtshofs (IStGH) durch das armenische Parlament an. Paschinjan wies zugleich die Behauptung zur\u00fcck, dass diese Entscheidung etwas mit dem russisch-armenischen Verh\u00e4ltnis zu tun habe.<\/p>\n<p>Seit M\u00e4rz 2023 liegt ein Haftbefehl des IStGH in Den Haag gegen Russlands Staatschef Wladimir Putin und Russlands Kinderrechtsbeauftragte Maria Lwowa-Belowa wegen der &#8220;Verschleppung ukrainischer Kinder nach Russland&#8221; vor. Moskau erkennt die Autorit\u00e4t des\u00a0IStGH nicht an und weist die Anschuldigungen zur\u00fcck, indem es darauf beharrt, die Kinder w\u00e4hrend des bewaffneten Konflikts mit der Ukraine in Sicherheit gebracht zu haben.<\/p>\n<p>Ende September 2020\u00a0war der jahrzehntelange Konflikt zwischen den ehemaligen Sowjetrepubliken Armenien und Aserbaidschan erneut zu einem regelrechten Krieg eskaliert. In der Nacht zum 10. November desselben Jahres einigten sich die Konfliktparteien unter der Vermittlung Russlands auf einen Waffenstillstand. Im Rahmen des trilateralen Abkommens trat Jerewan an Baku einige Gebiete ab, die sich bis dahin unter der Kontrolle der nicht anerkannten Republik Arzach in Bergkarabach befunden hatten. Au\u00dferdem entsendete Russland Friedenstruppen in die Region.<\/p>\n<p><strong>Mehr zum Thema<\/strong> &#8211; <a rel=\"nofollow noopener\" target=\"_blank\" href=\"https:\/\/freeassange.rtde.life\/international\/180405-lula-relativiert-aussagen-zu-sicherheitsgarantien-fuer-putin-besuch\/\">Lula relativiert Aussagen zu Sicherheitsgarantien f\u00fcr Putin-Besuch<\/a><\/p>\n<\/div>\n<p><br \/>\n<br \/><a href=\"https:\/\/de.rt.com\/international\/180681-armeniens-regierungschef-in-politico-interview\/\">Source link <\/a><\/p>\n","protected":false},"excerpt":{"rendered":"<p>Zuletzt distanzierte sich Nikol Paschinjan verbal immer mehr von Russland. In seinem j\u00fcngsten Interview bezeichnete der armenische Premierminister die Konfliktregion Bergkarabach erneut als aserbaidschanisches Gebiet und k\u00fcndigt die Ratifizierung des R\u00f6mischen Statuts an. Der armenische Regierungschef Nikol Paschinjan hat der US-Zeitung Politico ein Interview gew\u00e4hrt, in dem er sich erneut verbal von Russland distanzierte. Ihm [&hellip;]<\/p>\n","protected":false},"author":3,"featured_media":46303,"comment_status":"open","ping_status":"open","sticky":false,"template":"","format":"standard","meta":{"_yoast_indexnow_last_ping":["1694629746"],"wp_automatic_camp":["217"],"05daa6cabea5e6b47ed18940e3878cb3":["Armeniens Regierungschef in &quot;Politico&quot;-Interview: Jerewan kann sich nicht mehr auf Moskau verlassen"],"original_link":["https:\/\/de.rt.com\/international\/180681-armeniens-regierungschef-in-politico-interview\/"],"_thumbnail_id":["46303"],"_wptgpro_p2tg_sent2tg":["a:1:{i:23737;s:19:\"2023-09-13 20:31:33\";}"],"jnews_social_counter_last_update":["1777192456"]},"categories":[19,23],"tags":[25443,133,20417,838,2063,946,800,48841,21602,434,4369],"yoast_head":"<!-- This site is optimized with the Yoast SEO Premium plugin v22.7 (Yoast SEO v22.7) - https:\/\/yoast.com\/wordpress\/plugins\/seo\/ -->\n<title>Armeniens Regierungschef in &quot;Politico&quot;-Interview: Jerewan kann sich nicht mehr auf Moskau verlassen - just-now.NEWS Deutschland<\/title>\n<meta name=\"robots\" content=\"index, follow, max-snippet:-1, max-image-preview:large, max-video-preview:-1\" \/>\n<link rel=\"canonical\" href=\"https:\/\/now-news.de\/de\/deutschland\/armeniens-regierungschef-in-politico-interview-jerewan-kann-sich-nicht-mehr-auf-moskau-verlassen\/\" \/>\n<meta property=\"og:locale\" content=\"de_DE\" \/>\n<meta property=\"og:type\" content=\"article\" \/>\n<meta property=\"og:title\" content=\"Armeniens Regierungschef in &quot;Politico&quot;-Interview: Jerewan kann sich nicht mehr auf Moskau verlassen\" \/>\n<meta property=\"og:description\" content=\"Zuletzt distanzierte sich Nikol Paschinjan verbal immer mehr von Russland. In seinem j\u00fcngsten Interview bezeichnete der armenische Premierminister die Konfliktregion Bergkarabach erneut als aserbaidschanisches Gebiet und k\u00fcndigt die Ratifizierung des R\u00f6mischen Statuts an. Der armenische Regierungschef Nikol Paschinjan hat der US-Zeitung Politico ein Interview gew\u00e4hrt, in dem er sich erneut verbal von Russland distanzierte. Ihm [&hellip;]\" \/>\n<meta property=\"og:url\" content=\"https:\/\/now-news.de\/de\/deutschland\/armeniens-regierungschef-in-politico-interview-jerewan-kann-sich-nicht-mehr-auf-moskau-verlassen\/\" \/>\n<meta property=\"og:site_name\" content=\"just-now.NEWS Deutschland\" \/>\n<meta property=\"article:publisher\" content=\"https:\/\/www.facebook.com\/wirmachenauf\" \/>\n<meta property=\"article:published_time\" content=\"2023-09-13T18:23:42+00:00\" \/>\n<meta property=\"og:image\" content=\"https:\/\/now-news.de\/de\/wp-content\/uploads\/sites\/3\/2023\/09\/Armeniens-Regierungschef-in-quotPoliticoquot-Interview-Jerewan-kann-sich-nicht-mehr-auf.jpg\" \/>\n\t<meta property=\"og:image:width\" content=\"460\" \/>\n\t<meta property=\"og:image:height\" content=\"259\" \/>\n\t<meta property=\"og:image:type\" content=\"image\/jpeg\" \/>\n<meta name=\"author\" content=\"rtnews\" \/>\n<meta name=\"twitter:card\" content=\"summary_large_image\" \/>\n<meta name=\"twitter:creator\" content=\"@WirMachenAuf_de\" \/>\n<meta name=\"twitter:site\" content=\"@WirMachenAuf_de\" \/>\n<meta name=\"twitter:label1\" content=\"Verfasst von\" \/>\n\t<meta name=\"twitter:data1\" content=\"rtnews\" \/>\n\t<meta name=\"twitter:label2\" content=\"Gesch\u00e4tzte Lesezeit\" \/>\n\t<meta name=\"twitter:data2\" content=\"3\u00a0Minuten\" \/>\n<script type=\"application\/ld+json\" class=\"yoast-schema-graph\">{\"@context\":\"https:\/\/schema.org\",\"@graph\":[{\"@type\":\"Article\",\"@id\":\"https:\/\/now-news.de\/de\/deutschland\/armeniens-regierungschef-in-politico-interview-jerewan-kann-sich-nicht-mehr-auf-moskau-verlassen\/#article\",\"isPartOf\":{\"@id\":\"https:\/\/now-news.de\/de\/deutschland\/armeniens-regierungschef-in-politico-interview-jerewan-kann-sich-nicht-mehr-auf-moskau-verlassen\/\"},\"author\":{\"name\":\"rtnews\",\"@id\":\"https:\/\/now-news.de\/de\/#\/schema\/person\/fb534a4e865501d8b3285208df34a9b5\"},\"headline\":\"Armeniens Regierungschef in &quot;Politico&quot;-Interview: Jerewan kann sich nicht mehr auf Moskau verlassen\",\"datePublished\":\"2023-09-13T18:23:42+00:00\",\"dateModified\":\"2023-09-13T18:23:42+00:00\",\"mainEntityOfPage\":{\"@id\":\"https:\/\/now-news.de\/de\/deutschland\/armeniens-regierungschef-in-politico-interview-jerewan-kann-sich-nicht-mehr-auf-moskau-verlassen\/\"},\"wordCount\":555,\"commentCount\":0,\"publisher\":{\"@id\":\"https:\/\/now-news.de\/de\/#organization\"},\"image\":{\"@id\":\"https:\/\/now-news.de\/de\/deutschland\/armeniens-regierungschef-in-politico-interview-jerewan-kann-sich-nicht-mehr-auf-moskau-verlassen\/#primaryimage\"},\"thumbnailUrl\":\"https:\/\/now-news.de\/de\/wp-content\/uploads\/sites\/3\/2023\/09\/Armeniens-Regierungschef-in-quotPoliticoquot-Interview-Jerewan-kann-sich-nicht-mehr-auf.jpg\",\"keywords\":[\"Armeniens\",\"AUF\",\"Jerewan\",\"kann\",\"mehr\",\"Moskau\",\"nicht\",\"quotPoliticoquotInterview\",\"Regierungschef\",\"sich\",\"verlassen\"],\"articleSection\":[\"Deutschland\",\"Russland\"],\"inLanguage\":\"de\",\"potentialAction\":[{\"@type\":\"CommentAction\",\"name\":\"Comment\",\"target\":[\"https:\/\/now-news.de\/de\/deutschland\/armeniens-regierungschef-in-politico-interview-jerewan-kann-sich-nicht-mehr-auf-moskau-verlassen\/#respond\"]}]},{\"@type\":\"WebPage\",\"@id\":\"https:\/\/now-news.de\/de\/deutschland\/armeniens-regierungschef-in-politico-interview-jerewan-kann-sich-nicht-mehr-auf-moskau-verlassen\/\",\"url\":\"https:\/\/now-news.de\/de\/deutschland\/armeniens-regierungschef-in-politico-interview-jerewan-kann-sich-nicht-mehr-auf-moskau-verlassen\/\",\"name\":\"Armeniens Regierungschef in &quot;Politico&quot;-Interview: Jerewan kann sich nicht mehr auf Moskau verlassen - just-now.NEWS Deutschland\",\"isPartOf\":{\"@id\":\"https:\/\/now-news.de\/de\/#website\"},\"primaryImageOfPage\":{\"@id\":\"https:\/\/now-news.de\/de\/deutschland\/armeniens-regierungschef-in-politico-interview-jerewan-kann-sich-nicht-mehr-auf-moskau-verlassen\/#primaryimage\"},\"image\":{\"@id\":\"https:\/\/now-news.de\/de\/deutschland\/armeniens-regierungschef-in-politico-interview-jerewan-kann-sich-nicht-mehr-auf-moskau-verlassen\/#primaryimage\"},\"thumbnailUrl\":\"https:\/\/now-news.de\/de\/wp-content\/uploads\/sites\/3\/2023\/09\/Armeniens-Regierungschef-in-quotPoliticoquot-Interview-Jerewan-kann-sich-nicht-mehr-auf.jpg\",\"datePublished\":\"2023-09-13T18:23:42+00:00\",\"dateModified\":\"2023-09-13T18:23:42+00:00\",\"breadcrumb\":{\"@id\":\"https:\/\/now-news.de\/de\/deutschland\/armeniens-regierungschef-in-politico-interview-jerewan-kann-sich-nicht-mehr-auf-moskau-verlassen\/#breadcrumb\"},\"inLanguage\":\"de\",\"potentialAction\":[{\"@type\":\"ReadAction\",\"target\":[\"https:\/\/now-news.de\/de\/deutschland\/armeniens-regierungschef-in-politico-interview-jerewan-kann-sich-nicht-mehr-auf-moskau-verlassen\/\"]}]},{\"@type\":\"ImageObject\",\"inLanguage\":\"de\",\"@id\":\"https:\/\/now-news.de\/de\/deutschland\/armeniens-regierungschef-in-politico-interview-jerewan-kann-sich-nicht-mehr-auf-moskau-verlassen\/#primaryimage\",\"url\":\"https:\/\/now-news.de\/de\/wp-content\/uploads\/sites\/3\/2023\/09\/Armeniens-Regierungschef-in-quotPoliticoquot-Interview-Jerewan-kann-sich-nicht-mehr-auf.jpg\",\"contentUrl\":\"https:\/\/now-news.de\/de\/wp-content\/uploads\/sites\/3\/2023\/09\/Armeniens-Regierungschef-in-quotPoliticoquot-Interview-Jerewan-kann-sich-nicht-mehr-auf.jpg\",\"width\":460,\"height\":259,\"caption\":\"Armeniens Regierungschef in &quot;Politico&quot;-Interview: Jerewan kann sich nicht mehr auf Moskau verlassen\"},{\"@type\":\"BreadcrumbList\",\"@id\":\"https:\/\/now-news.de\/de\/deutschland\/armeniens-regierungschef-in-politico-interview-jerewan-kann-sich-nicht-mehr-auf-moskau-verlassen\/#breadcrumb\",\"itemListElement\":[{\"@type\":\"ListItem\",\"position\":1,\"name\":\"Home\",\"item\":\"https:\/\/now-news.de\/de\/\"},{\"@type\":\"ListItem\",\"position\":2,\"name\":\"Armeniens Regierungschef in &quot;Politico&quot;-Interview: Jerewan kann sich nicht mehr auf Moskau verlassen\"}]},{\"@type\":\"WebSite\",\"@id\":\"https:\/\/now-news.de\/de\/#website\",\"url\":\"https:\/\/now-news.de\/de\/\",\"name\":\"just-now.NEWS Deutschland\",\"description\":\"Das Portal f\u00fcr unzensierte Nachrichten aus der Welt\",\"publisher\":{\"@id\":\"https:\/\/now-news.de\/de\/#organization\"},\"potentialAction\":[{\"@type\":\"SearchAction\",\"target\":{\"@type\":\"EntryPoint\",\"urlTemplate\":\"https:\/\/now-news.de\/de\/?s={search_term_string}\"},\"query-input\":\"required name=search_term_string\"}],\"inLanguage\":\"de\"},{\"@type\":\"Organization\",\"@id\":\"https:\/\/now-news.de\/de\/#organization\",\"name\":\"Just Now News\",\"url\":\"https:\/\/now-news.de\/de\/\",\"logo\":{\"@type\":\"ImageObject\",\"inLanguage\":\"de\",\"@id\":\"https:\/\/now-news.de\/de\/#\/schema\/logo\/image\/\",\"url\":\"http:\/\/just-now.news\/de\/wp-content\/uploads\/sites\/3\/2022\/04\/logo500x500.jpg\",\"contentUrl\":\"http:\/\/just-now.news\/de\/wp-content\/uploads\/sites\/3\/2022\/04\/logo500x500.jpg\",\"width\":500,\"height\":500,\"caption\":\"Just Now News\"},\"image\":{\"@id\":\"https:\/\/now-news.de\/de\/#\/schema\/logo\/image\/\"},\"sameAs\":[\"https:\/\/www.facebook.com\/wirmachenauf\",\"https:\/\/x.com\/WirMachenAuf_de\"]},{\"@type\":\"Person\",\"@id\":\"https:\/\/now-news.de\/de\/#\/schema\/person\/fb534a4e865501d8b3285208df34a9b5\",\"name\":\"rtnews\",\"image\":{\"@type\":\"ImageObject\",\"inLanguage\":\"de\",\"@id\":\"https:\/\/now-news.de\/de\/#\/schema\/person\/image\/\",\"url\":\"https:\/\/secure.gravatar.com\/avatar\/82aafea7d8127119dd649515f56e2117?s=96&d=mm&r=g\",\"contentUrl\":\"https:\/\/secure.gravatar.com\/avatar\/82aafea7d8127119dd649515f56e2117?s=96&d=mm&r=g\",\"caption\":\"rtnews\"},\"url\":\"https:\/\/now-news.de\/de\/author\/rnews\/\"}]}<\/script>\n<!-- \/ Yoast SEO Premium plugin. -->","yoast_head_json":{"title":"Armeniens Regierungschef in &quot;Politico&quot;-Interview: Jerewan kann sich nicht mehr auf Moskau verlassen - just-now.NEWS Deutschland","robots":{"index":"index","follow":"follow","max-snippet":"max-snippet:-1","max-image-preview":"max-image-preview:large","max-video-preview":"max-video-preview:-1"},"canonical":"https:\/\/now-news.de\/de\/deutschland\/armeniens-regierungschef-in-politico-interview-jerewan-kann-sich-nicht-mehr-auf-moskau-verlassen\/","og_locale":"de_DE","og_type":"article","og_title":"Armeniens Regierungschef in &quot;Politico&quot;-Interview: Jerewan kann sich nicht mehr auf Moskau verlassen","og_description":"Zuletzt distanzierte sich Nikol Paschinjan verbal immer mehr von Russland. In seinem j\u00fcngsten Interview bezeichnete der armenische Premierminister die Konfliktregion Bergkarabach erneut als aserbaidschanisches Gebiet und k\u00fcndigt die Ratifizierung des R\u00f6mischen Statuts an. Der armenische Regierungschef Nikol Paschinjan hat der US-Zeitung Politico ein Interview gew\u00e4hrt, in dem er sich erneut verbal von Russland distanzierte. Ihm [&hellip;]","og_url":"https:\/\/now-news.de\/de\/deutschland\/armeniens-regierungschef-in-politico-interview-jerewan-kann-sich-nicht-mehr-auf-moskau-verlassen\/","og_site_name":"just-now.NEWS Deutschland","article_publisher":"https:\/\/www.facebook.com\/wirmachenauf","article_published_time":"2023-09-13T18:23:42+00:00","og_image":[{"width":460,"height":259,"url":"https:\/\/now-news.de\/de\/wp-content\/uploads\/sites\/3\/2023\/09\/Armeniens-Regierungschef-in-quotPoliticoquot-Interview-Jerewan-kann-sich-nicht-mehr-auf.jpg","type":"image\/jpeg"}],"author":"rtnews","twitter_card":"summary_large_image","twitter_creator":"@WirMachenAuf_de","twitter_site":"@WirMachenAuf_de","twitter_misc":{"Verfasst von":"rtnews","Gesch\u00e4tzte Lesezeit":"3\u00a0Minuten"},"schema":{"@context":"https:\/\/schema.org","@graph":[{"@type":"Article","@id":"https:\/\/now-news.de\/de\/deutschland\/armeniens-regierungschef-in-politico-interview-jerewan-kann-sich-nicht-mehr-auf-moskau-verlassen\/#article","isPartOf":{"@id":"https:\/\/now-news.de\/de\/deutschland\/armeniens-regierungschef-in-politico-interview-jerewan-kann-sich-nicht-mehr-auf-moskau-verlassen\/"},"author":{"name":"rtnews","@id":"https:\/\/now-news.de\/de\/#\/schema\/person\/fb534a4e865501d8b3285208df34a9b5"},"headline":"Armeniens Regierungschef in &quot;Politico&quot;-Interview: Jerewan kann sich nicht mehr auf Moskau verlassen","datePublished":"2023-09-13T18:23:42+00:00","dateModified":"2023-09-13T18:23:42+00:00","mainEntityOfPage":{"@id":"https:\/\/now-news.de\/de\/deutschland\/armeniens-regierungschef-in-politico-interview-jerewan-kann-sich-nicht-mehr-auf-moskau-verlassen\/"},"wordCount":555,"commentCount":0,"publisher":{"@id":"https:\/\/now-news.de\/de\/#organization"},"image":{"@id":"https:\/\/now-news.de\/de\/deutschland\/armeniens-regierungschef-in-politico-interview-jerewan-kann-sich-nicht-mehr-auf-moskau-verlassen\/#primaryimage"},"thumbnailUrl":"https:\/\/now-news.de\/de\/wp-content\/uploads\/sites\/3\/2023\/09\/Armeniens-Regierungschef-in-quotPoliticoquot-Interview-Jerewan-kann-sich-nicht-mehr-auf.jpg","keywords":["Armeniens","AUF","Jerewan","kann","mehr","Moskau","nicht","quotPoliticoquotInterview","Regierungschef","sich","verlassen"],"articleSection":["Deutschland","Russland"],"inLanguage":"de","potentialAction":[{"@type":"CommentAction","name":"Comment","target":["https:\/\/now-news.de\/de\/deutschland\/armeniens-regierungschef-in-politico-interview-jerewan-kann-sich-nicht-mehr-auf-moskau-verlassen\/#respond"]}]},{"@type":"WebPage","@id":"https:\/\/now-news.de\/de\/deutschland\/armeniens-regierungschef-in-politico-interview-jerewan-kann-sich-nicht-mehr-auf-moskau-verlassen\/","url":"https:\/\/now-news.de\/de\/deutschland\/armeniens-regierungschef-in-politico-interview-jerewan-kann-sich-nicht-mehr-auf-moskau-verlassen\/","name":"Armeniens Regierungschef in &quot;Politico&quot;-Interview: Jerewan kann sich nicht mehr auf Moskau verlassen - just-now.NEWS Deutschland","isPartOf":{"@id":"https:\/\/now-news.de\/de\/#website"},"primaryImageOfPage":{"@id":"https:\/\/now-news.de\/de\/deutschland\/armeniens-regierungschef-in-politico-interview-jerewan-kann-sich-nicht-mehr-auf-moskau-verlassen\/#primaryimage"},"image":{"@id":"https:\/\/now-news.de\/de\/deutschland\/armeniens-regierungschef-in-politico-interview-jerewan-kann-sich-nicht-mehr-auf-moskau-verlassen\/#primaryimage"},"thumbnailUrl":"https:\/\/now-news.de\/de\/wp-content\/uploads\/sites\/3\/2023\/09\/Armeniens-Regierungschef-in-quotPoliticoquot-Interview-Jerewan-kann-sich-nicht-mehr-auf.jpg","datePublished":"2023-09-13T18:23:42+00:00","dateModified":"2023-09-13T18:23:42+00:00","breadcrumb":{"@id":"https:\/\/now-news.de\/de\/deutschland\/armeniens-regierungschef-in-politico-interview-jerewan-kann-sich-nicht-mehr-auf-moskau-verlassen\/#breadcrumb"},"inLanguage":"de","potentialAction":[{"@type":"ReadAction","target":["https:\/\/now-news.de\/de\/deutschland\/armeniens-regierungschef-in-politico-interview-jerewan-kann-sich-nicht-mehr-auf-moskau-verlassen\/"]}]},{"@type":"ImageObject","inLanguage":"de","@id":"https:\/\/now-news.de\/de\/deutschland\/armeniens-regierungschef-in-politico-interview-jerewan-kann-sich-nicht-mehr-auf-moskau-verlassen\/#primaryimage","url":"https:\/\/now-news.de\/de\/wp-content\/uploads\/sites\/3\/2023\/09\/Armeniens-Regierungschef-in-quotPoliticoquot-Interview-Jerewan-kann-sich-nicht-mehr-auf.jpg","contentUrl":"https:\/\/now-news.de\/de\/wp-content\/uploads\/sites\/3\/2023\/09\/Armeniens-Regierungschef-in-quotPoliticoquot-Interview-Jerewan-kann-sich-nicht-mehr-auf.jpg","width":460,"height":259,"caption":"Armeniens Regierungschef in &quot;Politico&quot;-Interview: Jerewan kann sich nicht mehr auf Moskau verlassen"},{"@type":"BreadcrumbList","@id":"https:\/\/now-news.de\/de\/deutschland\/armeniens-regierungschef-in-politico-interview-jerewan-kann-sich-nicht-mehr-auf-moskau-verlassen\/#breadcrumb","itemListElement":[{"@type":"ListItem","position":1,"name":"Home","item":"https:\/\/now-news.de\/de\/"},{"@type":"ListItem","position":2,"name":"Armeniens Regierungschef in &quot;Politico&quot;-Interview: Jerewan kann sich nicht mehr auf Moskau verlassen"}]},{"@type":"WebSite","@id":"https:\/\/now-news.de\/de\/#website","url":"https:\/\/now-news.de\/de\/","name":"just-now.NEWS Deutschland","description":"Das Portal f\u00fcr unzensierte Nachrichten aus der Welt","publisher":{"@id":"https:\/\/now-news.de\/de\/#organization"},"potentialAction":[{"@type":"SearchAction","target":{"@type":"EntryPoint","urlTemplate":"https:\/\/now-news.de\/de\/?s={search_term_string}"},"query-input":"required name=search_term_string"}],"inLanguage":"de"},{"@type":"Organization","@id":"https:\/\/now-news.de\/de\/#organization","name":"Just Now News","url":"https:\/\/now-news.de\/de\/","logo":{"@type":"ImageObject","inLanguage":"de","@id":"https:\/\/now-news.de\/de\/#\/schema\/logo\/image\/","url":"http:\/\/just-now.news\/de\/wp-content\/uploads\/sites\/3\/2022\/04\/logo500x500.jpg","contentUrl":"http:\/\/just-now.news\/de\/wp-content\/uploads\/sites\/3\/2022\/04\/logo500x500.jpg","width":500,"height":500,"caption":"Just Now News"},"image":{"@id":"https:\/\/now-news.de\/de\/#\/schema\/logo\/image\/"},"sameAs":["https:\/\/www.facebook.com\/wirmachenauf","https:\/\/x.com\/WirMachenAuf_de"]},{"@type":"Person","@id":"https:\/\/now-news.de\/de\/#\/schema\/person\/fb534a4e865501d8b3285208df34a9b5","name":"rtnews","image":{"@type":"ImageObject","inLanguage":"de","@id":"https:\/\/now-news.de\/de\/#\/schema\/person\/image\/","url":"https:\/\/secure.gravatar.com\/avatar\/82aafea7d8127119dd649515f56e2117?s=96&d=mm&r=g","contentUrl":"https:\/\/secure.gravatar.com\/avatar\/82aafea7d8127119dd649515f56e2117?s=96&d=mm&r=g","caption":"rtnews"},"url":"https:\/\/now-news.de\/de\/author\/rnews\/"}]}},"_links":{"self":[{"href":"https:\/\/now-news.de\/de\/wp-json\/wp\/v2\/posts\/46302"}],"collection":[{"href":"https:\/\/now-news.de\/de\/wp-json\/wp\/v2\/posts"}],"about":[{"href":"https:\/\/now-news.de\/de\/wp-json\/wp\/v2\/types\/post"}],"author":[{"embeddable":true,"href":"https:\/\/now-news.de\/de\/wp-json\/wp\/v2\/users\/3"}],"replies":[{"embeddable":true,"href":"https:\/\/now-news.de\/de\/wp-json\/wp\/v2\/comments?post=46302"}],"version-history":[{"count":0,"href":"https:\/\/now-news.de\/de\/wp-json\/wp\/v2\/posts\/46302\/revisions"}],"wp:featuredmedia":[{"embeddable":true,"href":"https:\/\/now-news.de\/de\/wp-json\/wp\/v2\/media\/46303"}],"wp:attachment":[{"href":"https:\/\/now-news.de\/de\/wp-json\/wp\/v2\/media?parent=46302"}],"wp:term":[{"taxonomy":"category","embeddable":true,"href":"https:\/\/now-news.de\/de\/wp-json\/wp\/v2\/categories?post=46302"},{"taxonomy":"post_tag","embeddable":true,"href":"https:\/\/now-news.de\/de\/wp-json\/wp\/v2\/tags?post=46302"}],"curies":[{"name":"wp","href":"https:\/\/api.w.org\/{rel}","templated":true}]}}