{"id":46257,"date":"2023-09-13T13:19:28","date_gmt":"2023-09-13T11:19:28","guid":{"rendered":"https:\/\/just-now.news\/de\/deutschland\/medienbericht-eu-will-ukraine-und-moldawien-vor-aeusserem-einfluss-schuetzen\/"},"modified":"2023-09-13T13:19:28","modified_gmt":"2023-09-13T11:19:28","slug":"medienbericht-eu-will-ukraine-und-moldawien-vor-aeusserem-einfluss-schuetzen","status":"publish","type":"post","link":"https:\/\/now-news.de\/de\/deutschland\/medienbericht-eu-will-ukraine-und-moldawien-vor-aeusserem-einfluss-schuetzen\/","title":{"rendered":"Medienbericht: EU will Ukraine und Moldawien vor \u00e4u\u00dferem Einfluss sch\u00fctzen"},"content":{"rendered":"<p><img decoding=\"async\" src=\"http:\/\/just-now.news\/de\/wp-content\/uploads\/sites\/3\/2023\/09\/650189e4b480cc0e637796fb.jpg\" \/><\/p>\n<div class=\"Text-root Text-type_1 \">\n                Einem Medienbericht zufolge soll die Pr\u00e4sidentin der Europ\u00e4ischen Kommission Ursula von der Leyen gesagt haben, dass die EU die Frage der Aufnahme der Ukraine und Moldawiens angesichts der neuen geopolitischen Realit\u00e4ten so schnell wie m\u00f6glich l\u00f6sen sollte.\n            <\/div>\n<p><\/p>\n<div class=\"Text-root Text-type_5 ArticleView-text ViewText-root \">\n<p>Die Pr\u00e4sidentin der Europ\u00e4ischen Kommission Ursula von der Leyen ist der Ansicht, dass die EU die Frage der Aufnahme der Ukraine und Moldawiens vor dem Hintergrund der neuen geopolitischen Realit\u00e4ten so schnell wie m\u00f6glich l\u00f6sen sollte, um auszuschlie\u00dfen, dass diese L\u00e4nder unter den Einfluss der ideologischen Gegner geraten k\u00f6nnten. Dies <a rel=\"nofollow noopener\" target=\"_blank\" href=\"https:\/\/www.bloomberg.com\/news\/articles\/2023-09-13\/eu-girds-for-tough-enlargement-debate-with-wary-eye-on-russia?srnd=premium-europe\">berichtet <\/a>die Nachrichtenagentur <em>Bloomberg<\/em> unter Berufung auf eigene Quellen.<\/p>\n<p>Das Blatt schrieb, Anfang des Monats habe die Chefin der Europ\u00e4ischen Kommission den EU-Botschaftern gesagt, dass die EU ihre Grenzen angesichts der neuen geopolitischen Realit\u00e4ten erweitern sollte. Dabei m\u00fcsse der Ukraine und Moldawien der Beitritt gew\u00e4hrt werden, &#8220;um zu verhindern, dass sie unter den Einfluss von L\u00e4ndern geraten, die die Werte der EU nicht teilen.&#8221;<\/p>\n<p>Um sie dem Staatenverbund anzuschlie\u00dfen, m\u00fcssten die Kandidaten allerdings die n\u00f6tigen Reformen beschleunigen. Die Gegner eines EU-Beitritts der Ukraine sollen die Bef\u00fcrchtung hegen, dass die Aufnahme Kiews Probleme bei der Ressourcenverteilung innerhalb des Blocks nach sich ziehen k\u00f6nnte. Zumal die EU-Wirtschaft bereits hinter die USA und China zur\u00fcckgefallen ist.<\/p>\n<p>Das Exekutivorgan der EU soll voraussichtlich im Oktober bekannt geben, ob es die Aufnahme f\u00f6rmlicher Verhandlungen mit der Ukraine und der Republik Moldau \u00fcber einen EU-Beitritt empfiehlt.<\/p>\n<p>Es wird erwartet, dass von der Leyen in ihrem Jahresbericht am 13. September \u00fcber den Zustand der EU sprechen wird, auch dar\u00fcber, wie der Ukraine-Konflikt die Union ver\u00e4ndert hat.<\/p>\n<p>Der ukrainische Pr\u00e4sident Wladimir Selenskij hatte am 28. Februar 2022 einen Antrag auf den Beitritt der Ukraine zur Europ\u00e4ischen Union unterzeichnet. Die Staats- und Regierungschefs der EU beschlossen auf einem Gipfel in Br\u00fcssel am 23. Juni desselben Jahres, der Ukraine und der Republik Moldau den Kandidatenstatus zu verleihen. Um einen entsprechenden Verhandlungsprozess zu starten, m\u00fcssen die beiden L\u00e4nder mehrere Bedingungen erf\u00fcllen, einschlie\u00dflich Reformen.<\/p>\n<p><strong>Mehr zum Thema<\/strong> \u2013 <a rel=\"nofollow noopener\" target=\"_blank\" href=\"https:\/\/freedert.online\/international\/180484-politico-eu-haelt-ukraine-fuer\/\">Politico: EU h\u00e4lt Ukraine f\u00fcr ein &#8220;sehr korruptes Land&#8221;<\/a><\/p>\n<\/p>\n<\/div>\n<p><br \/>\n<br \/><a href=\"https:\/\/de.rt.com\/international\/180636-medienbericht-eu-will-ukraine-und\/\">Source link <\/a><\/p>\n","protected":false},"excerpt":{"rendered":"<p>Einem Medienbericht zufolge soll die Pr\u00e4sidentin der Europ\u00e4ischen Kommission Ursula von der Leyen gesagt haben, dass die EU die Frage der Aufnahme der Ukraine und Moldawiens angesichts der neuen geopolitischen Realit\u00e4ten so schnell wie m\u00f6glich l\u00f6sen sollte. Die Pr\u00e4sidentin der Europ\u00e4ischen Kommission Ursula von der Leyen ist der Ansicht, dass die EU die Frage der [&hellip;]<\/p>\n","protected":false},"author":3,"featured_media":46258,"comment_status":"open","ping_status":"open","sticky":false,"template":"","format":"standard","meta":{"_yoast_indexnow_last_ping":["1694604410"],"wp_automatic_camp":["217"],"a7705b2bd386370022ee775176081c8b":["Medienbericht: EU will Ukraine und Moldawien vor \u00e4u\u00dferem Einfluss sch\u00fctzen"],"original_link":["https:\/\/de.rt.com\/international\/180636-medienbericht-eu-will-ukraine-und\/"],"_thumbnail_id":["46258"],"jnews_social_counter_last_update":["1788422130"],"_wptgpro_p2tg_sent2tg":["a:1:{i:23737;s:19:\"2023-09-13 13:30:03\";}"]},"categories":[19,23],"tags":[48816,3715,869,25732,8171,127,140,320],"class_list":["post-46257","post","type-post","status-publish","format-standard","has-post-thumbnail","hentry","category-deutschland","category-russland","tag-aeusserem","tag-einfluss","tag-medienbericht","tag-moldawien","tag-schuetzen","tag-ukraine","tag-und","tag-vor"],"yoast_head":"<!-- This site is optimized with the Yoast SEO Premium plugin v22.7 (Yoast SEO v28.2) - https:\/\/yoast.com\/product\/yoast-seo-premium-wordpress\/ -->\n<title>Medienbericht: EU will Ukraine und Moldawien vor \u00e4u\u00dferem Einfluss sch\u00fctzen - just-now.NEWS Deutschland<\/title>\n<meta name=\"robots\" content=\"index, follow, max-snippet:-1, max-image-preview:large, max-video-preview:-1\" \/>\n<link rel=\"canonical\" href=\"https:\/\/now-news.de\/de\/deutschland\/medienbericht-eu-will-ukraine-und-moldawien-vor-aeusserem-einfluss-schuetzen\/\" \/>\n<meta property=\"og:locale\" content=\"de_DE\" \/>\n<meta property=\"og:type\" content=\"article\" \/>\n<meta property=\"og:title\" content=\"Medienbericht: EU will Ukraine und Moldawien vor \u00e4u\u00dferem Einfluss sch\u00fctzen\" \/>\n<meta property=\"og:description\" content=\"Einem Medienbericht zufolge soll die Pr\u00e4sidentin der Europ\u00e4ischen Kommission Ursula von der Leyen gesagt haben, dass die EU die Frage der Aufnahme der Ukraine und Moldawiens angesichts der neuen geopolitischen Realit\u00e4ten so schnell wie m\u00f6glich l\u00f6sen sollte. Die Pr\u00e4sidentin der Europ\u00e4ischen Kommission Ursula von der Leyen ist der Ansicht, dass die EU die Frage der [&hellip;]\" \/>\n<meta property=\"og:url\" content=\"https:\/\/now-news.de\/de\/deutschland\/medienbericht-eu-will-ukraine-und-moldawien-vor-aeusserem-einfluss-schuetzen\/\" \/>\n<meta property=\"og:site_name\" content=\"just-now.NEWS Deutschland\" \/>\n<meta property=\"article:publisher\" content=\"https:\/\/www.facebook.com\/wirmachenauf\" \/>\n<meta property=\"article:published_time\" content=\"2023-09-13T11:19:28+00:00\" \/>\n<meta property=\"og:image\" content=\"https:\/\/now-news.de\/de\/wp-content\/uploads\/sites\/3\/2023\/09\/Medienbericht-EU-will-Ukraine-und-Moldawien-vor-aeusserem-Einfluss-schuetzen.jpg\" \/>\n\t<meta property=\"og:image:width\" content=\"460\" \/>\n\t<meta property=\"og:image:height\" content=\"259\" \/>\n\t<meta property=\"og:image:type\" content=\"image\/jpeg\" \/>\n<meta name=\"author\" content=\"rtnews\" \/>\n<meta name=\"twitter:card\" content=\"summary_large_image\" \/>\n<meta name=\"twitter:creator\" content=\"@WirMachenAuf_de\" \/>\n<meta name=\"twitter:site\" content=\"@WirMachenAuf_de\" \/>\n<meta name=\"twitter:label1\" content=\"Verfasst von\" \/>\n\t<meta name=\"twitter:data1\" content=\"rtnews\" \/>\n\t<meta name=\"twitter:label2\" content=\"Gesch\u00e4tzte Lesezeit\" \/>\n\t<meta name=\"twitter:data2\" content=\"2\u00a0Minuten\" \/>\n<script type=\"application\/ld+json\" class=\"yoast-schema-graph\">{\"@context\":\"https:\\\/\\\/schema.org\",\"@graph\":[{\"@type\":\"Article\",\"@id\":\"https:\\\/\\\/now-news.de\\\/de\\\/deutschland\\\/medienbericht-eu-will-ukraine-und-moldawien-vor-aeusserem-einfluss-schuetzen\\\/#article\",\"isPartOf\":{\"@id\":\"https:\\\/\\\/now-news.de\\\/de\\\/deutschland\\\/medienbericht-eu-will-ukraine-und-moldawien-vor-aeusserem-einfluss-schuetzen\\\/\"},\"author\":{\"name\":\"rtnews\",\"@id\":\"https:\\\/\\\/now-news.de\\\/de\\\/#\\\/schema\\\/person\\\/fb534a4e865501d8b3285208df34a9b5\"},\"headline\":\"Medienbericht: EU will Ukraine und Moldawien vor \u00e4u\u00dferem Einfluss sch\u00fctzen\",\"datePublished\":\"2023-09-13T11:19:28+00:00\",\"mainEntityOfPage\":{\"@id\":\"https:\\\/\\\/now-news.de\\\/de\\\/deutschland\\\/medienbericht-eu-will-ukraine-und-moldawien-vor-aeusserem-einfluss-schuetzen\\\/\"},\"wordCount\":378,\"commentCount\":0,\"publisher\":{\"@id\":\"https:\\\/\\\/now-news.de\\\/de\\\/#organization\"},\"image\":{\"@id\":\"https:\\\/\\\/now-news.de\\\/de\\\/deutschland\\\/medienbericht-eu-will-ukraine-und-moldawien-vor-aeusserem-einfluss-schuetzen\\\/#primaryimage\"},\"thumbnailUrl\":\"https:\\\/\\\/now-news.de\\\/de\\\/wp-content\\\/uploads\\\/sites\\\/3\\\/2023\\\/09\\\/Medienbericht-EU-will-Ukraine-und-Moldawien-vor-aeusserem-Einfluss-schuetzen.jpg\",\"keywords\":[\"\u00e4u\u00dferem\",\"Einfluss\",\"Medienbericht\",\"Moldawien\",\"sch\u00fctzen\",\"ukraine\",\"und\",\"vor\"],\"articleSection\":[\"Deutschland\",\"Russland\"],\"inLanguage\":\"de\",\"potentialAction\":[{\"@type\":\"CommentAction\",\"name\":\"Comment\",\"target\":[\"https:\\\/\\\/now-news.de\\\/de\\\/deutschland\\\/medienbericht-eu-will-ukraine-und-moldawien-vor-aeusserem-einfluss-schuetzen\\\/#respond\"]}]},{\"@type\":\"WebPage\",\"@id\":\"https:\\\/\\\/now-news.de\\\/de\\\/deutschland\\\/medienbericht-eu-will-ukraine-und-moldawien-vor-aeusserem-einfluss-schuetzen\\\/\",\"url\":\"https:\\\/\\\/now-news.de\\\/de\\\/deutschland\\\/medienbericht-eu-will-ukraine-und-moldawien-vor-aeusserem-einfluss-schuetzen\\\/\",\"name\":\"Medienbericht: EU will Ukraine und Moldawien vor \u00e4u\u00dferem Einfluss sch\u00fctzen - just-now.NEWS Deutschland\",\"isPartOf\":{\"@id\":\"https:\\\/\\\/now-news.de\\\/de\\\/#website\"},\"primaryImageOfPage\":{\"@id\":\"https:\\\/\\\/now-news.de\\\/de\\\/deutschland\\\/medienbericht-eu-will-ukraine-und-moldawien-vor-aeusserem-einfluss-schuetzen\\\/#primaryimage\"},\"image\":{\"@id\":\"https:\\\/\\\/now-news.de\\\/de\\\/deutschland\\\/medienbericht-eu-will-ukraine-und-moldawien-vor-aeusserem-einfluss-schuetzen\\\/#primaryimage\"},\"thumbnailUrl\":\"https:\\\/\\\/now-news.de\\\/de\\\/wp-content\\\/uploads\\\/sites\\\/3\\\/2023\\\/09\\\/Medienbericht-EU-will-Ukraine-und-Moldawien-vor-aeusserem-Einfluss-schuetzen.jpg\",\"datePublished\":\"2023-09-13T11:19:28+00:00\",\"breadcrumb\":{\"@id\":\"https:\\\/\\\/now-news.de\\\/de\\\/deutschland\\\/medienbericht-eu-will-ukraine-und-moldawien-vor-aeusserem-einfluss-schuetzen\\\/#breadcrumb\"},\"inLanguage\":\"de\",\"potentialAction\":[{\"@type\":\"ReadAction\",\"target\":[\"https:\\\/\\\/now-news.de\\\/de\\\/deutschland\\\/medienbericht-eu-will-ukraine-und-moldawien-vor-aeusserem-einfluss-schuetzen\\\/\"]}]},{\"@type\":\"ImageObject\",\"inLanguage\":\"de\",\"@id\":\"https:\\\/\\\/now-news.de\\\/de\\\/deutschland\\\/medienbericht-eu-will-ukraine-und-moldawien-vor-aeusserem-einfluss-schuetzen\\\/#primaryimage\",\"url\":\"https:\\\/\\\/now-news.de\\\/de\\\/wp-content\\\/uploads\\\/sites\\\/3\\\/2023\\\/09\\\/Medienbericht-EU-will-Ukraine-und-Moldawien-vor-aeusserem-Einfluss-schuetzen.jpg\",\"contentUrl\":\"https:\\\/\\\/now-news.de\\\/de\\\/wp-content\\\/uploads\\\/sites\\\/3\\\/2023\\\/09\\\/Medienbericht-EU-will-Ukraine-und-Moldawien-vor-aeusserem-Einfluss-schuetzen.jpg\",\"width\":460,\"height\":259,\"caption\":\"Medienbericht: EU will Ukraine und Moldawien vor \u00e4u\u00dferem Einfluss sch\u00fctzen\"},{\"@type\":\"BreadcrumbList\",\"@id\":\"https:\\\/\\\/now-news.de\\\/de\\\/deutschland\\\/medienbericht-eu-will-ukraine-und-moldawien-vor-aeusserem-einfluss-schuetzen\\\/#breadcrumb\",\"itemListElement\":[{\"@type\":\"ListItem\",\"position\":1,\"name\":\"Home\",\"item\":\"https:\\\/\\\/now-news.de\\\/de\\\/\"},{\"@type\":\"ListItem\",\"position\":2,\"name\":\"Medienbericht: EU will Ukraine und Moldawien vor \u00e4u\u00dferem Einfluss sch\u00fctzen\"}]},{\"@type\":\"WebSite\",\"@id\":\"https:\\\/\\\/now-news.de\\\/de\\\/#website\",\"url\":\"https:\\\/\\\/now-news.de\\\/de\\\/\",\"name\":\"just-now.NEWS Deutschland\",\"description\":\"Das Portal f\u00fcr unzensierte Nachrichten aus der Welt\",\"publisher\":{\"@id\":\"https:\\\/\\\/now-news.de\\\/de\\\/#organization\"},\"potentialAction\":[{\"@type\":\"SearchAction\",\"target\":{\"@type\":\"EntryPoint\",\"urlTemplate\":\"https:\\\/\\\/now-news.de\\\/de\\\/?s={search_term_string}\"},\"query-input\":{\"@type\":\"PropertyValueSpecification\",\"valueRequired\":true,\"valueName\":\"search_term_string\"}}],\"inLanguage\":\"de\"},{\"@type\":\"Organization\",\"@id\":\"https:\\\/\\\/now-news.de\\\/de\\\/#organization\",\"name\":\"Just Now News\",\"url\":\"https:\\\/\\\/now-news.de\\\/de\\\/\",\"logo\":{\"@type\":\"ImageObject\",\"inLanguage\":\"de\",\"@id\":\"https:\\\/\\\/now-news.de\\\/de\\\/#\\\/schema\\\/logo\\\/image\\\/\",\"url\":\"http:\\\/\\\/just-now.news\\\/de\\\/wp-content\\\/uploads\\\/sites\\\/3\\\/2022\\\/04\\\/logo500x500.jpg\",\"contentUrl\":\"http:\\\/\\\/just-now.news\\\/de\\\/wp-content\\\/uploads\\\/sites\\\/3\\\/2022\\\/04\\\/logo500x500.jpg\",\"width\":500,\"height\":500,\"caption\":\"Just Now News\"},\"image\":{\"@id\":\"https:\\\/\\\/now-news.de\\\/de\\\/#\\\/schema\\\/logo\\\/image\\\/\"},\"sameAs\":[\"https:\\\/\\\/www.facebook.com\\\/wirmachenauf\",\"https:\\\/\\\/x.com\\\/WirMachenAuf_de\"]},{\"@type\":\"Person\",\"@id\":\"https:\\\/\\\/now-news.de\\\/de\\\/#\\\/schema\\\/person\\\/fb534a4e865501d8b3285208df34a9b5\",\"name\":\"rtnews\",\"image\":{\"@type\":\"ImageObject\",\"inLanguage\":\"de\",\"@id\":\"https:\\\/\\\/secure.gravatar.com\\\/avatar\\\/358fe31b3ab5769fea05376e1953329834cd9912cf9daf607e2af3076a1b982b?s=96&d=mm&r=g\",\"url\":\"https:\\\/\\\/secure.gravatar.com\\\/avatar\\\/358fe31b3ab5769fea05376e1953329834cd9912cf9daf607e2af3076a1b982b?s=96&d=mm&r=g\",\"contentUrl\":\"https:\\\/\\\/secure.gravatar.com\\\/avatar\\\/358fe31b3ab5769fea05376e1953329834cd9912cf9daf607e2af3076a1b982b?s=96&d=mm&r=g\",\"caption\":\"rtnews\"},\"url\":\"https:\\\/\\\/now-news.de\\\/de\\\/author\\\/rnews\\\/\"}]}<\/script>\n<!-- \/ Yoast SEO Premium plugin. -->","yoast_head_json":{"title":"Medienbericht: EU will Ukraine und Moldawien vor \u00e4u\u00dferem Einfluss sch\u00fctzen - just-now.NEWS Deutschland","robots":{"index":"index","follow":"follow","max-snippet":"max-snippet:-1","max-image-preview":"max-image-preview:large","max-video-preview":"max-video-preview:-1"},"canonical":"https:\/\/now-news.de\/de\/deutschland\/medienbericht-eu-will-ukraine-und-moldawien-vor-aeusserem-einfluss-schuetzen\/","og_locale":"de_DE","og_type":"article","og_title":"Medienbericht: EU will Ukraine und Moldawien vor \u00e4u\u00dferem Einfluss sch\u00fctzen","og_description":"Einem Medienbericht zufolge soll die Pr\u00e4sidentin der Europ\u00e4ischen Kommission Ursula von der Leyen gesagt haben, dass die EU die Frage der Aufnahme der Ukraine und Moldawiens angesichts der neuen geopolitischen Realit\u00e4ten so schnell wie m\u00f6glich l\u00f6sen sollte. Die Pr\u00e4sidentin der Europ\u00e4ischen Kommission Ursula von der Leyen ist der Ansicht, dass die EU die Frage der [&hellip;]","og_url":"https:\/\/now-news.de\/de\/deutschland\/medienbericht-eu-will-ukraine-und-moldawien-vor-aeusserem-einfluss-schuetzen\/","og_site_name":"just-now.NEWS Deutschland","article_publisher":"https:\/\/www.facebook.com\/wirmachenauf","article_published_time":"2023-09-13T11:19:28+00:00","og_image":[{"width":460,"height":259,"url":"https:\/\/now-news.de\/de\/wp-content\/uploads\/sites\/3\/2023\/09\/Medienbericht-EU-will-Ukraine-und-Moldawien-vor-aeusserem-Einfluss-schuetzen.jpg","type":"image\/jpeg"}],"author":"rtnews","twitter_card":"summary_large_image","twitter_creator":"@WirMachenAuf_de","twitter_site":"@WirMachenAuf_de","twitter_misc":{"Verfasst von":"rtnews","Gesch\u00e4tzte Lesezeit":"2\u00a0Minuten"},"schema":{"@context":"https:\/\/schema.org","@graph":[{"@type":"Article","@id":"https:\/\/now-news.de\/de\/deutschland\/medienbericht-eu-will-ukraine-und-moldawien-vor-aeusserem-einfluss-schuetzen\/#article","isPartOf":{"@id":"https:\/\/now-news.de\/de\/deutschland\/medienbericht-eu-will-ukraine-und-moldawien-vor-aeusserem-einfluss-schuetzen\/"},"author":{"name":"rtnews","@id":"https:\/\/now-news.de\/de\/#\/schema\/person\/fb534a4e865501d8b3285208df34a9b5"},"headline":"Medienbericht: EU will Ukraine und Moldawien vor \u00e4u\u00dferem Einfluss sch\u00fctzen","datePublished":"2023-09-13T11:19:28+00:00","mainEntityOfPage":{"@id":"https:\/\/now-news.de\/de\/deutschland\/medienbericht-eu-will-ukraine-und-moldawien-vor-aeusserem-einfluss-schuetzen\/"},"wordCount":378,"commentCount":0,"publisher":{"@id":"https:\/\/now-news.de\/de\/#organization"},"image":{"@id":"https:\/\/now-news.de\/de\/deutschland\/medienbericht-eu-will-ukraine-und-moldawien-vor-aeusserem-einfluss-schuetzen\/#primaryimage"},"thumbnailUrl":"https:\/\/now-news.de\/de\/wp-content\/uploads\/sites\/3\/2023\/09\/Medienbericht-EU-will-Ukraine-und-Moldawien-vor-aeusserem-Einfluss-schuetzen.jpg","keywords":["\u00e4u\u00dferem","Einfluss","Medienbericht","Moldawien","sch\u00fctzen","ukraine","und","vor"],"articleSection":["Deutschland","Russland"],"inLanguage":"de","potentialAction":[{"@type":"CommentAction","name":"Comment","target":["https:\/\/now-news.de\/de\/deutschland\/medienbericht-eu-will-ukraine-und-moldawien-vor-aeusserem-einfluss-schuetzen\/#respond"]}]},{"@type":"WebPage","@id":"https:\/\/now-news.de\/de\/deutschland\/medienbericht-eu-will-ukraine-und-moldawien-vor-aeusserem-einfluss-schuetzen\/","url":"https:\/\/now-news.de\/de\/deutschland\/medienbericht-eu-will-ukraine-und-moldawien-vor-aeusserem-einfluss-schuetzen\/","name":"Medienbericht: EU will Ukraine und Moldawien vor \u00e4u\u00dferem Einfluss sch\u00fctzen - just-now.NEWS Deutschland","isPartOf":{"@id":"https:\/\/now-news.de\/de\/#website"},"primaryImageOfPage":{"@id":"https:\/\/now-news.de\/de\/deutschland\/medienbericht-eu-will-ukraine-und-moldawien-vor-aeusserem-einfluss-schuetzen\/#primaryimage"},"image":{"@id":"https:\/\/now-news.de\/de\/deutschland\/medienbericht-eu-will-ukraine-und-moldawien-vor-aeusserem-einfluss-schuetzen\/#primaryimage"},"thumbnailUrl":"https:\/\/now-news.de\/de\/wp-content\/uploads\/sites\/3\/2023\/09\/Medienbericht-EU-will-Ukraine-und-Moldawien-vor-aeusserem-Einfluss-schuetzen.jpg","datePublished":"2023-09-13T11:19:28+00:00","breadcrumb":{"@id":"https:\/\/now-news.de\/de\/deutschland\/medienbericht-eu-will-ukraine-und-moldawien-vor-aeusserem-einfluss-schuetzen\/#breadcrumb"},"inLanguage":"de","potentialAction":[{"@type":"ReadAction","target":["https:\/\/now-news.de\/de\/deutschland\/medienbericht-eu-will-ukraine-und-moldawien-vor-aeusserem-einfluss-schuetzen\/"]}]},{"@type":"ImageObject","inLanguage":"de","@id":"https:\/\/now-news.de\/de\/deutschland\/medienbericht-eu-will-ukraine-und-moldawien-vor-aeusserem-einfluss-schuetzen\/#primaryimage","url":"https:\/\/now-news.de\/de\/wp-content\/uploads\/sites\/3\/2023\/09\/Medienbericht-EU-will-Ukraine-und-Moldawien-vor-aeusserem-Einfluss-schuetzen.jpg","contentUrl":"https:\/\/now-news.de\/de\/wp-content\/uploads\/sites\/3\/2023\/09\/Medienbericht-EU-will-Ukraine-und-Moldawien-vor-aeusserem-Einfluss-schuetzen.jpg","width":460,"height":259,"caption":"Medienbericht: EU will Ukraine und Moldawien vor \u00e4u\u00dferem Einfluss sch\u00fctzen"},{"@type":"BreadcrumbList","@id":"https:\/\/now-news.de\/de\/deutschland\/medienbericht-eu-will-ukraine-und-moldawien-vor-aeusserem-einfluss-schuetzen\/#breadcrumb","itemListElement":[{"@type":"ListItem","position":1,"name":"Home","item":"https:\/\/now-news.de\/de\/"},{"@type":"ListItem","position":2,"name":"Medienbericht: EU will Ukraine und Moldawien vor \u00e4u\u00dferem Einfluss sch\u00fctzen"}]},{"@type":"WebSite","@id":"https:\/\/now-news.de\/de\/#website","url":"https:\/\/now-news.de\/de\/","name":"just-now.NEWS Deutschland","description":"Das Portal f\u00fcr unzensierte Nachrichten aus der Welt","publisher":{"@id":"https:\/\/now-news.de\/de\/#organization"},"potentialAction":[{"@type":"SearchAction","target":{"@type":"EntryPoint","urlTemplate":"https:\/\/now-news.de\/de\/?s={search_term_string}"},"query-input":{"@type":"PropertyValueSpecification","valueRequired":true,"valueName":"search_term_string"}}],"inLanguage":"de"},{"@type":"Organization","@id":"https:\/\/now-news.de\/de\/#organization","name":"Just Now News","url":"https:\/\/now-news.de\/de\/","logo":{"@type":"ImageObject","inLanguage":"de","@id":"https:\/\/now-news.de\/de\/#\/schema\/logo\/image\/","url":"http:\/\/just-now.news\/de\/wp-content\/uploads\/sites\/3\/2022\/04\/logo500x500.jpg","contentUrl":"http:\/\/just-now.news\/de\/wp-content\/uploads\/sites\/3\/2022\/04\/logo500x500.jpg","width":500,"height":500,"caption":"Just Now News"},"image":{"@id":"https:\/\/now-news.de\/de\/#\/schema\/logo\/image\/"},"sameAs":["https:\/\/www.facebook.com\/wirmachenauf","https:\/\/x.com\/WirMachenAuf_de"]},{"@type":"Person","@id":"https:\/\/now-news.de\/de\/#\/schema\/person\/fb534a4e865501d8b3285208df34a9b5","name":"rtnews","image":{"@type":"ImageObject","inLanguage":"de","@id":"https:\/\/secure.gravatar.com\/avatar\/358fe31b3ab5769fea05376e1953329834cd9912cf9daf607e2af3076a1b982b?s=96&d=mm&r=g","url":"https:\/\/secure.gravatar.com\/avatar\/358fe31b3ab5769fea05376e1953329834cd9912cf9daf607e2af3076a1b982b?s=96&d=mm&r=g","contentUrl":"https:\/\/secure.gravatar.com\/avatar\/358fe31b3ab5769fea05376e1953329834cd9912cf9daf607e2af3076a1b982b?s=96&d=mm&r=g","caption":"rtnews"},"url":"https:\/\/now-news.de\/de\/author\/rnews\/"}]}},"_links":{"self":[{"href":"https:\/\/now-news.de\/de\/wp-json\/wp\/v2\/posts\/46257","targetHints":{"allow":["GET"]}}],"collection":[{"href":"https:\/\/now-news.de\/de\/wp-json\/wp\/v2\/posts"}],"about":[{"href":"https:\/\/now-news.de\/de\/wp-json\/wp\/v2\/types\/post"}],"author":[{"embeddable":true,"href":"https:\/\/now-news.de\/de\/wp-json\/wp\/v2\/users\/3"}],"replies":[{"embeddable":true,"href":"https:\/\/now-news.de\/de\/wp-json\/wp\/v2\/comments?post=46257"}],"version-history":[{"count":0,"href":"https:\/\/now-news.de\/de\/wp-json\/wp\/v2\/posts\/46257\/revisions"}],"wp:featuredmedia":[{"embeddable":true,"href":"https:\/\/now-news.de\/de\/wp-json\/wp\/v2\/media\/46258"}],"wp:attachment":[{"href":"https:\/\/now-news.de\/de\/wp-json\/wp\/v2\/media?parent=46257"}],"wp:term":[{"taxonomy":"category","embeddable":true,"href":"https:\/\/now-news.de\/de\/wp-json\/wp\/v2\/categories?post=46257"},{"taxonomy":"post_tag","embeddable":true,"href":"https:\/\/now-news.de\/de\/wp-json\/wp\/v2\/tags?post=46257"}],"curies":[{"name":"wp","href":"https:\/\/api.w.org\/{rel}","templated":true}]}}