{"id":46249,"date":"2023-09-13T11:31:59","date_gmt":"2023-09-13T09:31:59","guid":{"rendered":"https:\/\/just-now.news\/de\/deutschland\/50-jahre-putsch-in-chile-gedenken-und-lehren-artikel-von-aussenminster-sergei-lawrow\/"},"modified":"2023-09-13T11:31:59","modified_gmt":"2023-09-13T09:31:59","slug":"50-jahre-putsch-in-chile-gedenken-und-lehren-artikel-von-aussenminster-sergei-lawrow","status":"publish","type":"post","link":"https:\/\/now-news.de\/de\/deutschland\/50-jahre-putsch-in-chile-gedenken-und-lehren-artikel-von-aussenminster-sergei-lawrow\/","title":{"rendered":"&quot;50 Jahre Putsch in Chile: Gedenken und Lehren&quot; &#8211; Artikel von Au\u00dfenminster Sergei Lawrow"},"content":{"rendered":"<div class=\"Text-root Text-type_1 \">\n                Die Trag\u00f6die Chiles ist zu unserer Trag\u00f6die geworden, die Geschichte Chiles ist zu einer Seite unserer Geschichte geworden. Das schreibt der Au\u00dfenminister der Russischen F\u00f6deration Sergei Lawrow\u00a0in der Zeitung Rossijskaja Gaseta.\n            <\/div>\n<p><\/p>\n<div class=\"Text-root Text-type_5 ArticleView-text ViewText-root \">\n<p><em>Von Sergei Lawrow<\/em><br \/><strong><\/strong><\/p>\n<p>Vor 50 Jahren, am 11. September 1973, ereignete sich in Chile etwas, was die Weltgemeinschaft zutiefst ersch\u00fctterte. Infolge eines blutigen Staatsstreichs wurde die Regierung der Unidad Popular gest\u00fcrzt und die Milit\u00e4rdiktatur einer Junta unter der F\u00fchrung von General Pinochet errichtet. In aller Welt waren Fotos von Kampfflugzeugen, die den Pr\u00e4sidentenpalast La Moneda im Zentrum Santiagos \u00fcberflogen, und von dem rechtm\u00e4\u00dfig gew\u00e4hlten Pr\u00e4sidenten Salvador Allende, der in den letzten Minuten seines Lebens einen Helm trug und mit einer Waffe in der Hand die demokratischen Grundlagen des Staates verteidigte, zu sehen.<\/p>\n<p>Die Putschisten wurden von dem gro\u00dfen chilenischen Dichter und Nobelpreistr\u00e4ger Pablo Neruda w\u00fctend gebrandmarkt: &#8220;Bestrafer der chilenischen Geschichte, Hy\u00e4nen, die die Siegesfahne zerrei\u00dfen&#8221;. Neruda starb kurz nach dem Putsch und gilt zu Recht als eines der legend\u00e4ren Opfer.<\/p>\n<p>Der Putsch im fernen Chile ersch\u00fctterte auch unser Land, in dem Salvador Allende gut bekannt war und Moskau mehrmals besucht hatte, auch als Pr\u00e4sident. Die Sowjetunion beteiligte sich aktiv an der internationalen Solidarit\u00e4tsbewegung mit dem chilenischen Volk und gew\u00e4hrte vielen politischen Emigranten Asyl. Wir forderten und erzielten die Freilassung des heldenhaften Sohnes dieses Landes, Luis Corvalan, aus der KZ-Haft und lehnten es ab, ein wichtiges Fu\u00dfballspiel im Nationalstadion von Santiago auszutragen, das in ein Gef\u00e4ngnis verwandelt und mit dem Blut chilenischer Patrioten getr\u00e4nkt worden war. In unserem Land sangen die Menschen die Lieder des brutal hingerichteten nationalen Tribuns Victor Jara: &#8220;Wir werden siegen&#8221; und &#8220;Solange das Volk geeint ist, ist es unbesiegbar&#8221;.<\/p>\n<p>Ich f\u00fcrchte mich nicht davor, dies zu sagen: Die Trag\u00f6die Chiles ist zu unserer Trag\u00f6die geworden, die Geschichte Chiles ist zu einer Seite unserer Geschichte geworden.<\/p>\n<p>Die Ereignisse vor einem halben Jahrhundert unterbrachen die demokratische Tradition Chiles f\u00fcr 17 Jahre, wurden zu einem politischen Wendepunkt in der modernen Geschichte des Landes und lieferten der Welt wichtige Lehren f\u00fcr kommende Generationen.<\/p>\n<figure class=\"RTImage-root\">\n<div class=\"RTImage-image RTImage-original\"><picture class=\"Picture-root Picture-original\"><!--[if IE 9]><video style=\"display: none;\"><![endif]--><source media=\"(-webkit-min-device-pixel-ratio: 2) and (min-resolution: 120dpi)\" data-srcset=\" \nhttp:\/\/just-now.news\/de\/wp-content\/uploads\/sites\/3\/2023\/09\/6501799a48fbef730a211929.jpg 850w,\n                http:\/\/just-now.news\/de\/wp-content\/uploads\/sites\/3\/2023\/09\/6501799a48fbef730a211929.jpg 1960w,\n            \" ><source data-srcset=\" \nhttp:\/\/just-now.news\/de\/wp-content\/uploads\/sites\/3\/2023\/09\/6501799a48fbef730a211929.jpg 460w,\n              http:\/\/just-now.news\/de\/wp-content\/uploads\/sites\/3\/2023\/09\/6501799a48fbef730a211929.jpg 980w,\n            \" ><!--[if IE 9]><\/video><![endif]--><img decoding=\"async\" data- src=\"data:image\/png;base64,iVBORw0KGgoAAAANSUhEUgAAABAAAAAJCAQAAACRI2S5AAAAEElEQVR42mNkIAAYRxWAAQAG9gAKqv6+AwAAAABJRU5ErkJggg==\" class=\"Picture-root Picture-original lazyload\" data-src=\"http:\/\/just-now.news\/de\/wp-content\/uploads\/sites\/3\/2023\/09\/6501799a48fbef730a211929.jpg\" alt=\"\"><\/source><\/source><\/picture><!-- noscript pattern --><noscript><img decoding=\"async\" src=\"http:\/\/just-now.news\/de\/wp-content\/uploads\/sites\/3\/2023\/09\/6501799a48fbef730a211929.jpg\" alt=\"\"><\/noscript><\/div><figcaption class=\"RTImage-footer\"><span class=\"RTImage-caption\"><span class=\"RTImage-captionItem\">Viele Chilenen finden nach dem Putsch Exil in der Sowjetunion. Auf dem Bild: Eine Kundgebung in Moskau am 11. September 1975 zum Gedenken an den Tod des chilenischen Pr\u00e4sidenten Salvador Allende. Cecilia Suarez von der Sozialistischen Jugend Chiles h\u00e4lt eine Rede.<\/span><\/span><span class=\"RTImage-source\"><span class=\"RTImage-captionItem\">Sputnik<\/span><\/span><\/figcaption><\/figure>\n<p>Es ist weithin bekannt, dass die Regierung der Unidad Popular unter der F\u00fchrung des Sozialisten Salvador Allende 1970 als Ergebnis der freien Willensbekundung der chilenischen W\u00e4hler im Rahmen des in der Verfassung der Republik vorgesehenen Wahlverfahrens an die Macht kam. Gleichzeitig hatte das Projekt der Unidad Popular eine deutliche internationale Bedeutung und war darauf ausgerichtet, die Abh\u00e4ngigkeit vom Ausland zu \u00fcberwinden und die nationalen und lateinamerikanischen Grundlagen zu st\u00e4rken. Die Linkskoalition strebte die politische und wirtschaftliche Autonomie Chiles an und lehnte Methoden der Einflussnahme auf L\u00e4nder wie Diskriminierung, Druck, Intervention oder Blockade ab. Die Koalition wollte Abkommen, die dem Land Verpflichtungen auferlegten und seine Souver\u00e4nit\u00e4t einschr\u00e4nkten, \u00fcberpr\u00fcfen und gegebenenfalls aufk\u00fcndigen. Die Koalition beabsichtigte, Beziehungen zu allen L\u00e4ndern unabh\u00e4ngig von ihrer politischen und ideologischen Ausrichtung zu unterhalten. Sie betrachtete die Organisation Amerikanischer Staaten (OAS) als ein Instrument des nordamerikanischen Imperialismus und forderte die Schaffung einer wirklich repr\u00e4sentativen Organisation der lateinamerikanischen L\u00e4nder.<\/p>\n<p>Diese strategischen Pl\u00e4ne der chilenischen F\u00fchrung stellten, wenn man der bekannten neokolonialen Logik des Wei\u00dfen Hauses folgt, f\u00fcr die Vereinigten Staaten fast eine existenzielle Bedrohung dar. Washington verachtete und verachtet nach wie vor die Idee, dass andere Staaten das Recht haben, ihr eigenes politisches und sozio\u00f6konomisches Entwicklungsmodell zu w\u00e4hlen, dass sie sich von nationalen Interessen leiten lassen k\u00f6nnen, die staatliche Souver\u00e4nit\u00e4t st\u00e4rken und die kulturelle und zivilisatorische Identit\u00e4t respektieren.<\/p>\n<p>Ich m\u00f6chte nicht auf die politische und wirtschaftliche Entwicklung Chiles in jener Zeit eingehen. Dies ist eine rein innenpolitische Frage Chiles, und nur das chilenische Volk selbst kann dies beurteilen. Aber es ist offenkundig, dass viele der Probleme, mit denen die Regierung Allende konfrontiert war, nicht nur ma\u00dfgeblich eskaliert wurden, sondern auch direkt von westlichen Politikern und Unternehmen verursacht wurden.<\/p>\n<p>Die freigegebenen Dokumente aus den amerikanischen Archiven best\u00e4tigten nur, was unmittelbar nach dem Staatsstreich kein Geheimnis war. Schon vor dem Amtsantritt Allendes wurden in Washington die Weichen f\u00fcr seine Absetzung gestellt, wobei das gesamte Arsenal politischer Erpressung und politischen Drucks eingesetzt wurde. Es wurde alles unternommen, um die innenpolitische Lage zu destabilisieren.<\/p>\n<p>Dabei kamen die unterschiedlichen Methoden zum Einsatz: ein vielschichtiger Wirtschaftskrieg (einschlie\u00dflich \u00e4u\u00dferer Isolierung und der Androhung von Restriktionen gegen Chiles ausl\u00e4ndische Partner), die Finanzierung der Opposition, der kritisch eingestellten &#8220;zivilgesellschaftlicher Organisationen&#8221; und der ber\u00fcchtigten &#8220;f\u00fcnften Kolonne&#8221;, der informationelle und psychologische Druck sowie die Desinformation der Bev\u00f6lkerung durch kontrollierte Medien, die Anregung einer Abwanderung von Fachkr\u00e4ften und einer Verwirrung in der Berufsbewegung, die Gr\u00fcndung und F\u00f6rderung rechtsextremer Organisationen und radikaler Kampfgruppen sowie politische Erpressung, Provokationen und Gewalt gegen Anh\u00e4nger der neuen Regierung. Anders gesagt, die Amerikaner setzten alles, was sp\u00e4ter den allgemeinen Begriff &#8220;Farbrevolutionen&#8221; erhielt, aktiv ein.<\/p>\n<p>Allende selbst versuchte im Dezember 1972 von der Trib\u00fcne der UN-Generalversammlung aus, der Weltgemeinschaft die Lage emotional zu vermitteln: &#8220;Sie wollten uns von der Welt isolieren, uns wirtschaftlich strangulieren. Sie wollten unseren Handel mit Kupfer, unserem wichtigsten Exportprodukt, lahmlegen und uns die M\u00f6glichkeit nehmen, Auslandskredite aufzunehmen. Es ist uns klar, dass wenn wir die Finanz- und Wirtschaftsblockade, der unser Land ausgesetzt ist, offenlegen, es nicht nur f\u00fcr die Welt\u00f6ffentlichkeit, sondern sogar f\u00fcr einige unserer Landsleute schwierig ist, das zu verstehen, denn es handelt sich nicht um einen offenen Angriff, wovon die ganze Welt wei\u00df. Im Gegenteil, dieser Angriff erfolgt heimlich und indirekt, was ihn jedoch nicht weniger gef\u00e4hrlich f\u00fcr Chile macht.&#8221;<\/p>\n<p>Heute sind umfangreiche Unterlagen \u00f6ffentlich zug\u00e4nglich, die die unr\u00fchmliche Rolle des US-Au\u00dfenministeriums, der Central Intelligence Agency (CIA) und anderer amerikanischer Beh\u00f6rden bei diesen Ereignissen aufzeigen. Zum Beispiel kann man sich mit den 1998 freigegebenen Dokumenten \u00fcber das &#8220;Projekt Fubelt&#8221; vertraut machen \u2013 CIA-Operationen, die darauf abzielten, S. Allende zu st\u00fcrzen. Seymour Hersh, ein bekannter unparteiischer amerikanischer Journalist und Pulitzer-Preistr\u00e4ger, war einer der ersten, der die subversiven Aktivit\u00e4ten des Wei\u00dfen Hauses in Bezug auf Chile im September 1974 aufdeckte. Und 1982 ver\u00f6ffentlichte er eine Recherche zu diesem Thema: &#8220;Der Preis der Macht. Kissinger, Nixon und Chile&#8221;. Ein sehr informatives Material.<\/p>\n<figure class=\"RTImage-root\">\n<div class=\"RTImage-image RTImage-original\"><picture class=\"Picture-root Picture-original\"><!--[if IE 9]><video style=\"display: none;\"><![endif]--><source media=\"(-webkit-min-device-pixel-ratio: 2) and (min-resolution: 120dpi)\" data-srcset=\" \nhttp:\/\/just-now.news\/de\/wp-content\/uploads\/sites\/3\/2023\/09\/65017bb0b480cc10f5030e08.jpg 850w,\n                http:\/\/just-now.news\/de\/wp-content\/uploads\/sites\/3\/2023\/09\/65017bb0b480cc10f5030e08.jpg 1960w,\n            \" ><source data-srcset=\" \nhttp:\/\/just-now.news\/de\/wp-content\/uploads\/sites\/3\/2023\/09\/65017bb0b480cc10f5030e08.jpg 460w,\n              http:\/\/just-now.news\/de\/wp-content\/uploads\/sites\/3\/2023\/09\/65017bb0b480cc10f5030e08.jpg 980w,\n            \" ><!--[if IE 9]><\/video><![endif]--><img decoding=\"async\" data- src=\"data:image\/png;base64,iVBORw0KGgoAAAANSUhEUgAAABAAAAAJCAQAAACRI2S5AAAAEElEQVR42mNkIAAYRxWAAQAG9gAKqv6+AwAAAABJRU5ErkJggg==\" class=\"Picture-root Picture-original lazyload\" data-src=\"http:\/\/just-now.news\/de\/wp-content\/uploads\/sites\/3\/2023\/09\/65017bb0b480cc10f5030e08.jpg\" alt=\"\"><\/source><\/source><\/picture><!-- noscript pattern --><noscript><img decoding=\"async\" src=\"http:\/\/just-now.news\/de\/wp-content\/uploads\/sites\/3\/2023\/09\/65017bb0b480cc10f5030e08.jpg\" alt=\"\"><\/noscript><\/div><figcaption class=\"RTImage-footer\"><span class=\"RTImage-caption\"><span class=\"RTImage-captionItem\">Das Jahr 1988: Exil-Chilenen demonstrieren in Bonn gegen die Milit\u00e4rdiktatur.<\/span><\/span><span class=\"RTImage-source\"><span class=\"RTImage-captionItem\">www.globallookpress.com<\/span><\/span><\/figcaption><\/figure>\n<p>Der Zynismus der amerikanischen Politiker ist unglaublich. Laut CIA-Unterlagen ordnete Pr\u00e4sident Nixon daraufhin Ma\u00dfnahmen an, um die chilenische Wirtschaft &#8220;zum Schreien&#8221; zu bringen. Der amerikanische Botschafter in Santiago, Edward Corry, erl\u00e4uterte diese Haltung: &#8220;Wir werden alles in unserer Macht Stehende tun, um Chile in bittere Armut und Not zu st\u00fcrzen. Und das wird eine langfristige Politik sein.&#8221; Die Amerikaner organisierten einen Boykott des chilenischen Kupfers, eines strategischen Rohstoffs, durch dessen Verkauf das Land seine wichtigsten Deviseneinnahmen bezog. Sie sperrten chilenische Konten bei ihren Banken. Einheimische Gesch\u00e4ftsleute begannen, Kapital ins Ausland zu transferieren, Arbeitspl\u00e4tze zu streichen und Lebensmittel k\u00fcnstlich zu verknappen.<\/p>\n<p>Ein dem Senat vorgelegter Bericht mit dem Titel &#8220;U.S. Covert Operations in Chile, 1963\u20131973&#8221; zeigt, dass bereits 1971 die chilenischen Transaktionen der Export-Import Bank of the United States vollst\u00e4ndig eingestellt wurden und die Weltbank von 1971 bis 1973 keine Kredite mehr vergab.<\/p>\n<p>Amerikanische Unternehmen waren in der Tat direkt an illegalen subversiven Operationen der CIA beteiligt. Dazu geh\u00f6rte auch der ber\u00fcchtigte Telekommunikationskonzern ITT, der noch mit dem Nazi-Reich kollaboriert hatte und den die Regierung von S. Allende zu verstaatlichen versuchte.<\/p>\n<p>Dieser wahrhaft machiavellistische Modus Operandi erm\u00f6glichte es den Drahtziehern des Staatsstreichs in dem s\u00fcdamerikanischen Land, ihr Ziel zu erreichen. Und aufgrund des Erfolgs ihrer &#8220;Probe&#8221; ist diese Reihe destruktiver Aktionen zu einer Art Muster geworden, das Washington und seine Satelliten auch heute noch gegen souver\u00e4ne Regierungen auf der ganzen Welt einsetzen.<\/p>\n<p>Der Westen verst\u00f6\u00dft st\u00e4ndig gegen einen so fundamentalen Grundsatz der UN-Charta, wie die Nichteinmischung in die inneren Angelegenheiten anderer L\u00e4nder. Dazu geh\u00f6ren die inszenierte dritte Runde der Pr\u00e4sidentschaftswahl in der Ukraine Ende 2004, die &#8220;Farbrevolutionen&#8221; in Jugoslawien, Georgien und Kirgisistan. Schlie\u00dflich die offene Unterst\u00fctzung des blutigen Staatsstreichs in Kiew im Februar 2014 sowie die beharrlichen Versuche, das Szenario einer gewaltsamen Machtergreifung in Wei\u00dfrussland im Jahr 2020 zu wiederholen. Nicht unerw\u00e4hnt bleiben darf die ber\u00fcchtigte &#8220;Monroe-Doktrin&#8221;, die die Amerikaner wohl auf die gesamte Welt ausdehnen wollen, um den gesamten Planeten in ihren &#8220;Hinterhof&#8221; zu verwandeln.<\/p>\n<p>Eine andere Sache ist, dass eine solche neokoloniale, offen gesagt zynische Linie des kollektiven Westens zunehmend von der Weltmehrheit abgelehnt wird, die offenbar der Erpressung und des Drucks, einschlie\u00dflich Gewalt, schmutziger Informationskriege und geopolitischer Nullsummenspiele m\u00fcde ist. Die Staaten des Globalen S\u00fcdens und Ostens wollen ihr Schicksal selbst in die Hand nehmen, eine national ausgerichtete Innen- und Au\u00dfenpolitik betreiben und nicht f\u00fcr die ehemaligen Metropolen die &#8220;Kastanien aus dem Feuer&#8221; holen.<\/p>\n<p>Die diplomatischen Beziehungen zwischen Russland und Chile wurden unmittelbar nach dem Sturz des Pinochet-Regimes im M\u00e4rz 1990 wieder aufgenommen. Ich bin sicher, dass dies auch in Zukunft so weitergehen wird, ungeachtet der opportunistischen Tendenzen, denen einzelne chilenische Politiker unterliegen m\u00f6gen. Es gibt viele Dinge, die uns verbinden \u2013 gemeinsame Seiten der Geschichte, der gro\u00dfe Pazifische Ozean, Handel und wirtschaftliche Zusammenarbeit, kultureller und humanit\u00e4rer Bildungsaustausch. Die chilenischen Pr\u00e4sidenten Patricio Aylwin, Ricardo Lagos und Michelle Bachelet, die zwar unterschiedlichen politischen Richtungen angeh\u00f6rten, aber sich stets sehr um die Entwicklung freundschaftlicher Beziehungen zwischen den beiden L\u00e4ndern bem\u00fchten, haben Russland in verschiedenen Jahren besucht. Ich zweifle nicht daran, dass die von Salvador Allende begr\u00fcndeten und von seinen echten Nachfolgern fortgef\u00fchrten Traditionen zum Wohle der V\u00f6lker unserer L\u00e4nder gest\u00e4rkt werden.<\/p>\n<p><strong>Mehr zum Thema<\/strong> &#8211; <a rel=\"nofollow noopener\" target=\"_blank\" href=\"https:\/\/freedert.online\/meinung\/180417-chile-und-ukraine-zwei-beweise-demokratie-funktioniert-nicht\/\">Demokratie: Wenn der Betrug nicht zieht, kommt der Putsch<\/a><\/p>\n<\/p>\n<\/div>\n<p><br \/>\n<br \/><a href=\"https:\/\/de.rt.com\/meinung\/180612-50-jahre-putsch-in-chile-gedenken-und-lehren\/\">Source link <\/a><\/p>\n","protected":false},"excerpt":{"rendered":"<p>Die Trag\u00f6die Chiles ist zu unserer Trag\u00f6die geworden, die Geschichte Chiles ist zu einer Seite unserer Geschichte geworden. Das schreibt der Au\u00dfenminister der Russischen F\u00f6deration Sergei Lawrow\u00a0in der Zeitung Rossijskaja Gaseta. Von Sergei Lawrow Vor 50 Jahren, am 11. September 1973, ereignete sich in Chile etwas, was die Weltgemeinschaft zutiefst ersch\u00fctterte. Infolge eines blutigen Staatsstreichs [&hellip;]<\/p>\n","protected":false},"author":3,"featured_media":46250,"comment_status":"open","ping_status":"open","sticky":false,"template":"","format":"standard","meta":{"_yoast_indexnow_last_ping":["1694597655"],"wp_automatic_camp":["217"],"771842984493dc4bd30d24c89768b6dc":["&quot;50 Jahre Putsch in Chile: Gedenken und Lehren&quot; - Artikel von Au\u00dfenminster Sergei Lawrow"],"original_link":["https:\/\/de.rt.com\/meinung\/180612-50-jahre-putsch-in-chile-gedenken-und-lehren\/"],"_thumbnail_id":["46250"],"jnews_social_counter_last_update":["1777607913"],"_wptgpro_p2tg_sent2tg":["a:1:{i:23737;s:19:\"2023-09-13 11:35:43\";}"]},"categories":[19,23],"tags":[23778,48809,17666,19371,7530,1018,48808,5422,48807,23417,140,50],"yoast_head":"<!-- This site is optimized with the Yoast SEO Premium plugin v22.7 (Yoast SEO v22.7) - https:\/\/yoast.com\/wordpress\/plugins\/seo\/ -->\n<title>&quot;50 Jahre Putsch in Chile: Gedenken und Lehren&quot; - Artikel von Au\u00dfenminster Sergei Lawrow - just-now.NEWS Deutschland<\/title>\n<meta name=\"robots\" content=\"index, follow, max-snippet:-1, max-image-preview:large, max-video-preview:-1\" \/>\n<link rel=\"canonical\" href=\"https:\/\/now-news.de\/de\/deutschland\/50-jahre-putsch-in-chile-gedenken-und-lehren-artikel-von-aussenminster-sergei-lawrow\/\" \/>\n<meta property=\"og:locale\" content=\"de_DE\" \/>\n<meta property=\"og:type\" content=\"article\" \/>\n<meta property=\"og:title\" content=\"&quot;50 Jahre Putsch in Chile: Gedenken und Lehren&quot; - Artikel von Au\u00dfenminster Sergei Lawrow\" \/>\n<meta property=\"og:description\" content=\"Die Trag\u00f6die Chiles ist zu unserer Trag\u00f6die geworden, die Geschichte Chiles ist zu einer Seite unserer Geschichte geworden. Das schreibt der Au\u00dfenminister der Russischen F\u00f6deration Sergei Lawrow\u00a0in der Zeitung Rossijskaja Gaseta. Von Sergei Lawrow Vor 50 Jahren, am 11. September 1973, ereignete sich in Chile etwas, was die Weltgemeinschaft zutiefst ersch\u00fctterte. Infolge eines blutigen Staatsstreichs [&hellip;]\" \/>\n<meta property=\"og:url\" content=\"https:\/\/now-news.de\/de\/deutschland\/50-jahre-putsch-in-chile-gedenken-und-lehren-artikel-von-aussenminster-sergei-lawrow\/\" \/>\n<meta property=\"og:site_name\" content=\"just-now.NEWS Deutschland\" \/>\n<meta property=\"article:publisher\" content=\"https:\/\/www.facebook.com\/wirmachenauf\" \/>\n<meta property=\"article:published_time\" content=\"2023-09-13T09:31:59+00:00\" \/>\n<meta property=\"og:image\" content=\"https:\/\/now-news.de\/de\/wp-content\/uploads\/sites\/3\/2023\/09\/quot50-Jahre-Putsch-in-Chile-Gedenken-und-Lehrenquot-Artikel.jpg\" \/>\n\t<meta property=\"og:image:width\" content=\"1699\" \/>\n\t<meta property=\"og:image:height\" content=\"1080\" \/>\n\t<meta property=\"og:image:type\" content=\"image\/jpeg\" \/>\n<meta name=\"author\" content=\"rtnews\" \/>\n<meta name=\"twitter:card\" content=\"summary_large_image\" \/>\n<meta name=\"twitter:creator\" content=\"@WirMachenAuf_de\" \/>\n<meta name=\"twitter:site\" content=\"@WirMachenAuf_de\" \/>\n<meta name=\"twitter:label1\" content=\"Verfasst von\" \/>\n\t<meta name=\"twitter:data1\" content=\"rtnews\" \/>\n\t<meta name=\"twitter:label2\" content=\"Gesch\u00e4tzte Lesezeit\" \/>\n\t<meta name=\"twitter:data2\" content=\"8\u00a0Minuten\" \/>\n<script type=\"application\/ld+json\" class=\"yoast-schema-graph\">{\"@context\":\"https:\/\/schema.org\",\"@graph\":[{\"@type\":\"Article\",\"@id\":\"https:\/\/now-news.de\/de\/deutschland\/50-jahre-putsch-in-chile-gedenken-und-lehren-artikel-von-aussenminster-sergei-lawrow\/#article\",\"isPartOf\":{\"@id\":\"https:\/\/now-news.de\/de\/deutschland\/50-jahre-putsch-in-chile-gedenken-und-lehren-artikel-von-aussenminster-sergei-lawrow\/\"},\"author\":{\"name\":\"rtnews\",\"@id\":\"https:\/\/now-news.de\/de\/#\/schema\/person\/fb534a4e865501d8b3285208df34a9b5\"},\"headline\":\"&quot;50 Jahre Putsch in Chile: Gedenken und Lehren&quot; &#8211; Artikel von Au\u00dfenminster Sergei Lawrow\",\"datePublished\":\"2023-09-13T09:31:59+00:00\",\"dateModified\":\"2023-09-13T09:31:59+00:00\",\"mainEntityOfPage\":{\"@id\":\"https:\/\/now-news.de\/de\/deutschland\/50-jahre-putsch-in-chile-gedenken-und-lehren-artikel-von-aussenminster-sergei-lawrow\/\"},\"wordCount\":1688,\"commentCount\":0,\"publisher\":{\"@id\":\"https:\/\/now-news.de\/de\/#organization\"},\"image\":{\"@id\":\"https:\/\/now-news.de\/de\/deutschland\/50-jahre-putsch-in-chile-gedenken-und-lehren-artikel-von-aussenminster-sergei-lawrow\/#primaryimage\"},\"thumbnailUrl\":\"https:\/\/now-news.de\/de\/wp-content\/uploads\/sites\/3\/2023\/09\/quot50-Jahre-Putsch-in-Chile-Gedenken-und-Lehrenquot-Artikel.jpg\",\"keywords\":[\"Artikel\",\"Au\u00dfenminster\",\"chile\",\"Gedenken\",\"Jahre\",\"Lawrow\",\"Lehrenquot\",\"Putsch\",\"quot50\",\"Sergei\",\"und\",\"von\"],\"articleSection\":[\"Deutschland\",\"Russland\"],\"inLanguage\":\"de\",\"potentialAction\":[{\"@type\":\"CommentAction\",\"name\":\"Comment\",\"target\":[\"https:\/\/now-news.de\/de\/deutschland\/50-jahre-putsch-in-chile-gedenken-und-lehren-artikel-von-aussenminster-sergei-lawrow\/#respond\"]}]},{\"@type\":\"WebPage\",\"@id\":\"https:\/\/now-news.de\/de\/deutschland\/50-jahre-putsch-in-chile-gedenken-und-lehren-artikel-von-aussenminster-sergei-lawrow\/\",\"url\":\"https:\/\/now-news.de\/de\/deutschland\/50-jahre-putsch-in-chile-gedenken-und-lehren-artikel-von-aussenminster-sergei-lawrow\/\",\"name\":\"&quot;50 Jahre Putsch in Chile: Gedenken und Lehren&quot; - Artikel von Au\u00dfenminster Sergei Lawrow - just-now.NEWS Deutschland\",\"isPartOf\":{\"@id\":\"https:\/\/now-news.de\/de\/#website\"},\"primaryImageOfPage\":{\"@id\":\"https:\/\/now-news.de\/de\/deutschland\/50-jahre-putsch-in-chile-gedenken-und-lehren-artikel-von-aussenminster-sergei-lawrow\/#primaryimage\"},\"image\":{\"@id\":\"https:\/\/now-news.de\/de\/deutschland\/50-jahre-putsch-in-chile-gedenken-und-lehren-artikel-von-aussenminster-sergei-lawrow\/#primaryimage\"},\"thumbnailUrl\":\"https:\/\/now-news.de\/de\/wp-content\/uploads\/sites\/3\/2023\/09\/quot50-Jahre-Putsch-in-Chile-Gedenken-und-Lehrenquot-Artikel.jpg\",\"datePublished\":\"2023-09-13T09:31:59+00:00\",\"dateModified\":\"2023-09-13T09:31:59+00:00\",\"breadcrumb\":{\"@id\":\"https:\/\/now-news.de\/de\/deutschland\/50-jahre-putsch-in-chile-gedenken-und-lehren-artikel-von-aussenminster-sergei-lawrow\/#breadcrumb\"},\"inLanguage\":\"de\",\"potentialAction\":[{\"@type\":\"ReadAction\",\"target\":[\"https:\/\/now-news.de\/de\/deutschland\/50-jahre-putsch-in-chile-gedenken-und-lehren-artikel-von-aussenminster-sergei-lawrow\/\"]}]},{\"@type\":\"ImageObject\",\"inLanguage\":\"de\",\"@id\":\"https:\/\/now-news.de\/de\/deutschland\/50-jahre-putsch-in-chile-gedenken-und-lehren-artikel-von-aussenminster-sergei-lawrow\/#primaryimage\",\"url\":\"https:\/\/now-news.de\/de\/wp-content\/uploads\/sites\/3\/2023\/09\/quot50-Jahre-Putsch-in-Chile-Gedenken-und-Lehrenquot-Artikel.jpg\",\"contentUrl\":\"https:\/\/now-news.de\/de\/wp-content\/uploads\/sites\/3\/2023\/09\/quot50-Jahre-Putsch-in-Chile-Gedenken-und-Lehrenquot-Artikel.jpg\",\"width\":1699,\"height\":1080,\"caption\":\"&quot;50 Jahre Putsch in Chile: Gedenken und Lehren&quot; - Artikel von Au\u00dfenminster Sergei Lawrow\"},{\"@type\":\"BreadcrumbList\",\"@id\":\"https:\/\/now-news.de\/de\/deutschland\/50-jahre-putsch-in-chile-gedenken-und-lehren-artikel-von-aussenminster-sergei-lawrow\/#breadcrumb\",\"itemListElement\":[{\"@type\":\"ListItem\",\"position\":1,\"name\":\"Home\",\"item\":\"https:\/\/now-news.de\/de\/\"},{\"@type\":\"ListItem\",\"position\":2,\"name\":\"&quot;50 Jahre Putsch in Chile: Gedenken und Lehren&quot; &#8211; Artikel von Au\u00dfenminster Sergei Lawrow\"}]},{\"@type\":\"WebSite\",\"@id\":\"https:\/\/now-news.de\/de\/#website\",\"url\":\"https:\/\/now-news.de\/de\/\",\"name\":\"just-now.NEWS Deutschland\",\"description\":\"Das Portal f\u00fcr unzensierte Nachrichten aus der Welt\",\"publisher\":{\"@id\":\"https:\/\/now-news.de\/de\/#organization\"},\"potentialAction\":[{\"@type\":\"SearchAction\",\"target\":{\"@type\":\"EntryPoint\",\"urlTemplate\":\"https:\/\/now-news.de\/de\/?s={search_term_string}\"},\"query-input\":\"required name=search_term_string\"}],\"inLanguage\":\"de\"},{\"@type\":\"Organization\",\"@id\":\"https:\/\/now-news.de\/de\/#organization\",\"name\":\"Just Now News\",\"url\":\"https:\/\/now-news.de\/de\/\",\"logo\":{\"@type\":\"ImageObject\",\"inLanguage\":\"de\",\"@id\":\"https:\/\/now-news.de\/de\/#\/schema\/logo\/image\/\",\"url\":\"http:\/\/just-now.news\/de\/wp-content\/uploads\/sites\/3\/2022\/04\/logo500x500.jpg\",\"contentUrl\":\"http:\/\/just-now.news\/de\/wp-content\/uploads\/sites\/3\/2022\/04\/logo500x500.jpg\",\"width\":500,\"height\":500,\"caption\":\"Just Now News\"},\"image\":{\"@id\":\"https:\/\/now-news.de\/de\/#\/schema\/logo\/image\/\"},\"sameAs\":[\"https:\/\/www.facebook.com\/wirmachenauf\",\"https:\/\/x.com\/WirMachenAuf_de\"]},{\"@type\":\"Person\",\"@id\":\"https:\/\/now-news.de\/de\/#\/schema\/person\/fb534a4e865501d8b3285208df34a9b5\",\"name\":\"rtnews\",\"image\":{\"@type\":\"ImageObject\",\"inLanguage\":\"de\",\"@id\":\"https:\/\/now-news.de\/de\/#\/schema\/person\/image\/\",\"url\":\"https:\/\/secure.gravatar.com\/avatar\/82aafea7d8127119dd649515f56e2117?s=96&d=mm&r=g\",\"contentUrl\":\"https:\/\/secure.gravatar.com\/avatar\/82aafea7d8127119dd649515f56e2117?s=96&d=mm&r=g\",\"caption\":\"rtnews\"},\"url\":\"https:\/\/now-news.de\/de\/author\/rnews\/\"}]}<\/script>\n<!-- \/ Yoast SEO Premium plugin. -->","yoast_head_json":{"title":"&quot;50 Jahre Putsch in Chile: Gedenken und Lehren&quot; - Artikel von Au\u00dfenminster Sergei Lawrow - just-now.NEWS Deutschland","robots":{"index":"index","follow":"follow","max-snippet":"max-snippet:-1","max-image-preview":"max-image-preview:large","max-video-preview":"max-video-preview:-1"},"canonical":"https:\/\/now-news.de\/de\/deutschland\/50-jahre-putsch-in-chile-gedenken-und-lehren-artikel-von-aussenminster-sergei-lawrow\/","og_locale":"de_DE","og_type":"article","og_title":"&quot;50 Jahre Putsch in Chile: Gedenken und Lehren&quot; - Artikel von Au\u00dfenminster Sergei Lawrow","og_description":"Die Trag\u00f6die Chiles ist zu unserer Trag\u00f6die geworden, die Geschichte Chiles ist zu einer Seite unserer Geschichte geworden. Das schreibt der Au\u00dfenminister der Russischen F\u00f6deration Sergei Lawrow\u00a0in der Zeitung Rossijskaja Gaseta. Von Sergei Lawrow Vor 50 Jahren, am 11. September 1973, ereignete sich in Chile etwas, was die Weltgemeinschaft zutiefst ersch\u00fctterte. Infolge eines blutigen Staatsstreichs [&hellip;]","og_url":"https:\/\/now-news.de\/de\/deutschland\/50-jahre-putsch-in-chile-gedenken-und-lehren-artikel-von-aussenminster-sergei-lawrow\/","og_site_name":"just-now.NEWS Deutschland","article_publisher":"https:\/\/www.facebook.com\/wirmachenauf","article_published_time":"2023-09-13T09:31:59+00:00","og_image":[{"width":1699,"height":1080,"url":"https:\/\/now-news.de\/de\/wp-content\/uploads\/sites\/3\/2023\/09\/quot50-Jahre-Putsch-in-Chile-Gedenken-und-Lehrenquot-Artikel.jpg","type":"image\/jpeg"}],"author":"rtnews","twitter_card":"summary_large_image","twitter_creator":"@WirMachenAuf_de","twitter_site":"@WirMachenAuf_de","twitter_misc":{"Verfasst von":"rtnews","Gesch\u00e4tzte Lesezeit":"8\u00a0Minuten"},"schema":{"@context":"https:\/\/schema.org","@graph":[{"@type":"Article","@id":"https:\/\/now-news.de\/de\/deutschland\/50-jahre-putsch-in-chile-gedenken-und-lehren-artikel-von-aussenminster-sergei-lawrow\/#article","isPartOf":{"@id":"https:\/\/now-news.de\/de\/deutschland\/50-jahre-putsch-in-chile-gedenken-und-lehren-artikel-von-aussenminster-sergei-lawrow\/"},"author":{"name":"rtnews","@id":"https:\/\/now-news.de\/de\/#\/schema\/person\/fb534a4e865501d8b3285208df34a9b5"},"headline":"&quot;50 Jahre Putsch in Chile: Gedenken und Lehren&quot; &#8211; Artikel von Au\u00dfenminster Sergei Lawrow","datePublished":"2023-09-13T09:31:59+00:00","dateModified":"2023-09-13T09:31:59+00:00","mainEntityOfPage":{"@id":"https:\/\/now-news.de\/de\/deutschland\/50-jahre-putsch-in-chile-gedenken-und-lehren-artikel-von-aussenminster-sergei-lawrow\/"},"wordCount":1688,"commentCount":0,"publisher":{"@id":"https:\/\/now-news.de\/de\/#organization"},"image":{"@id":"https:\/\/now-news.de\/de\/deutschland\/50-jahre-putsch-in-chile-gedenken-und-lehren-artikel-von-aussenminster-sergei-lawrow\/#primaryimage"},"thumbnailUrl":"https:\/\/now-news.de\/de\/wp-content\/uploads\/sites\/3\/2023\/09\/quot50-Jahre-Putsch-in-Chile-Gedenken-und-Lehrenquot-Artikel.jpg","keywords":["Artikel","Au\u00dfenminster","chile","Gedenken","Jahre","Lawrow","Lehrenquot","Putsch","quot50","Sergei","und","von"],"articleSection":["Deutschland","Russland"],"inLanguage":"de","potentialAction":[{"@type":"CommentAction","name":"Comment","target":["https:\/\/now-news.de\/de\/deutschland\/50-jahre-putsch-in-chile-gedenken-und-lehren-artikel-von-aussenminster-sergei-lawrow\/#respond"]}]},{"@type":"WebPage","@id":"https:\/\/now-news.de\/de\/deutschland\/50-jahre-putsch-in-chile-gedenken-und-lehren-artikel-von-aussenminster-sergei-lawrow\/","url":"https:\/\/now-news.de\/de\/deutschland\/50-jahre-putsch-in-chile-gedenken-und-lehren-artikel-von-aussenminster-sergei-lawrow\/","name":"&quot;50 Jahre Putsch in Chile: Gedenken und Lehren&quot; - Artikel von Au\u00dfenminster Sergei Lawrow - just-now.NEWS Deutschland","isPartOf":{"@id":"https:\/\/now-news.de\/de\/#website"},"primaryImageOfPage":{"@id":"https:\/\/now-news.de\/de\/deutschland\/50-jahre-putsch-in-chile-gedenken-und-lehren-artikel-von-aussenminster-sergei-lawrow\/#primaryimage"},"image":{"@id":"https:\/\/now-news.de\/de\/deutschland\/50-jahre-putsch-in-chile-gedenken-und-lehren-artikel-von-aussenminster-sergei-lawrow\/#primaryimage"},"thumbnailUrl":"https:\/\/now-news.de\/de\/wp-content\/uploads\/sites\/3\/2023\/09\/quot50-Jahre-Putsch-in-Chile-Gedenken-und-Lehrenquot-Artikel.jpg","datePublished":"2023-09-13T09:31:59+00:00","dateModified":"2023-09-13T09:31:59+00:00","breadcrumb":{"@id":"https:\/\/now-news.de\/de\/deutschland\/50-jahre-putsch-in-chile-gedenken-und-lehren-artikel-von-aussenminster-sergei-lawrow\/#breadcrumb"},"inLanguage":"de","potentialAction":[{"@type":"ReadAction","target":["https:\/\/now-news.de\/de\/deutschland\/50-jahre-putsch-in-chile-gedenken-und-lehren-artikel-von-aussenminster-sergei-lawrow\/"]}]},{"@type":"ImageObject","inLanguage":"de","@id":"https:\/\/now-news.de\/de\/deutschland\/50-jahre-putsch-in-chile-gedenken-und-lehren-artikel-von-aussenminster-sergei-lawrow\/#primaryimage","url":"https:\/\/now-news.de\/de\/wp-content\/uploads\/sites\/3\/2023\/09\/quot50-Jahre-Putsch-in-Chile-Gedenken-und-Lehrenquot-Artikel.jpg","contentUrl":"https:\/\/now-news.de\/de\/wp-content\/uploads\/sites\/3\/2023\/09\/quot50-Jahre-Putsch-in-Chile-Gedenken-und-Lehrenquot-Artikel.jpg","width":1699,"height":1080,"caption":"&quot;50 Jahre Putsch in Chile: Gedenken und Lehren&quot; - Artikel von Au\u00dfenminster Sergei Lawrow"},{"@type":"BreadcrumbList","@id":"https:\/\/now-news.de\/de\/deutschland\/50-jahre-putsch-in-chile-gedenken-und-lehren-artikel-von-aussenminster-sergei-lawrow\/#breadcrumb","itemListElement":[{"@type":"ListItem","position":1,"name":"Home","item":"https:\/\/now-news.de\/de\/"},{"@type":"ListItem","position":2,"name":"&quot;50 Jahre Putsch in Chile: Gedenken und Lehren&quot; &#8211; Artikel von Au\u00dfenminster Sergei Lawrow"}]},{"@type":"WebSite","@id":"https:\/\/now-news.de\/de\/#website","url":"https:\/\/now-news.de\/de\/","name":"just-now.NEWS Deutschland","description":"Das Portal f\u00fcr unzensierte Nachrichten aus der Welt","publisher":{"@id":"https:\/\/now-news.de\/de\/#organization"},"potentialAction":[{"@type":"SearchAction","target":{"@type":"EntryPoint","urlTemplate":"https:\/\/now-news.de\/de\/?s={search_term_string}"},"query-input":"required name=search_term_string"}],"inLanguage":"de"},{"@type":"Organization","@id":"https:\/\/now-news.de\/de\/#organization","name":"Just Now News","url":"https:\/\/now-news.de\/de\/","logo":{"@type":"ImageObject","inLanguage":"de","@id":"https:\/\/now-news.de\/de\/#\/schema\/logo\/image\/","url":"http:\/\/just-now.news\/de\/wp-content\/uploads\/sites\/3\/2022\/04\/logo500x500.jpg","contentUrl":"http:\/\/just-now.news\/de\/wp-content\/uploads\/sites\/3\/2022\/04\/logo500x500.jpg","width":500,"height":500,"caption":"Just Now News"},"image":{"@id":"https:\/\/now-news.de\/de\/#\/schema\/logo\/image\/"},"sameAs":["https:\/\/www.facebook.com\/wirmachenauf","https:\/\/x.com\/WirMachenAuf_de"]},{"@type":"Person","@id":"https:\/\/now-news.de\/de\/#\/schema\/person\/fb534a4e865501d8b3285208df34a9b5","name":"rtnews","image":{"@type":"ImageObject","inLanguage":"de","@id":"https:\/\/now-news.de\/de\/#\/schema\/person\/image\/","url":"https:\/\/secure.gravatar.com\/avatar\/82aafea7d8127119dd649515f56e2117?s=96&d=mm&r=g","contentUrl":"https:\/\/secure.gravatar.com\/avatar\/82aafea7d8127119dd649515f56e2117?s=96&d=mm&r=g","caption":"rtnews"},"url":"https:\/\/now-news.de\/de\/author\/rnews\/"}]}},"_links":{"self":[{"href":"https:\/\/now-news.de\/de\/wp-json\/wp\/v2\/posts\/46249"}],"collection":[{"href":"https:\/\/now-news.de\/de\/wp-json\/wp\/v2\/posts"}],"about":[{"href":"https:\/\/now-news.de\/de\/wp-json\/wp\/v2\/types\/post"}],"author":[{"embeddable":true,"href":"https:\/\/now-news.de\/de\/wp-json\/wp\/v2\/users\/3"}],"replies":[{"embeddable":true,"href":"https:\/\/now-news.de\/de\/wp-json\/wp\/v2\/comments?post=46249"}],"version-history":[{"count":0,"href":"https:\/\/now-news.de\/de\/wp-json\/wp\/v2\/posts\/46249\/revisions"}],"wp:featuredmedia":[{"embeddable":true,"href":"https:\/\/now-news.de\/de\/wp-json\/wp\/v2\/media\/46250"}],"wp:attachment":[{"href":"https:\/\/now-news.de\/de\/wp-json\/wp\/v2\/media?parent=46249"}],"wp:term":[{"taxonomy":"category","embeddable":true,"href":"https:\/\/now-news.de\/de\/wp-json\/wp\/v2\/categories?post=46249"},{"taxonomy":"post_tag","embeddable":true,"href":"https:\/\/now-news.de\/de\/wp-json\/wp\/v2\/tags?post=46249"}],"curies":[{"name":"wp","href":"https:\/\/api.w.org\/{rel}","templated":true}]}}