{"id":46245,"date":"2023-09-13T10:25:56","date_gmt":"2023-09-13T08:25:56","guid":{"rendered":"https:\/\/just-now.news\/de\/deutschland\/putin-empfaengt-kim-jong-un-persoenlich-am-weltraumhafen-wostotschny\/"},"modified":"2023-09-13T10:25:56","modified_gmt":"2023-09-13T08:25:56","slug":"putin-empfaengt-kim-jong-un-persoenlich-am-weltraumhafen-wostotschny","status":"publish","type":"post","link":"https:\/\/now-news.de\/de\/deutschland\/putin-empfaengt-kim-jong-un-persoenlich-am-weltraumhafen-wostotschny\/","title":{"rendered":"Putin empf\u00e4ngt Kim Jong-un pers\u00f6nlich am Weltraumhafen Wostotschny"},"content":{"rendered":"<p><img decoding=\"async\" src=\"http:\/\/just-now.news\/de\/wp-content\/uploads\/sites\/3\/2023\/09\/65016ad6b480cc0b58286510.jpg\" \/><\/p>\n<div class=\"Text-root Text-type_1 \">\n                Wladimir Putin hat Kim Jong-un pers\u00f6nlich auf dem Kosmodrom Wostotschny empfangen. Videomaterial hierzu hat der Kreml am Mittwoch ver\u00f6ffentlicht. Gespr\u00e4chsrunden beider Staatschefs sind sowohl unter Beteiligung von Delegationen der L\u00e4nder als auch unter vier Augen geplant.\n            <\/div>\n<p><\/p>\n<div class=\"Text-root Text-type_5 ArticleView-text ViewText-root \">\n<p>Wladimir Putin traf nach einem zweit\u00e4gigen Besuch des Ostwirtschaftsforums in Wladiwostok am Weltraumhafen Wostotschny ein. Kim Jong-un reiste an Bord seines gepanzerten Zuges zu dieser Einrichtung, nachdem er am Dienstagmorgen Russlands Staatsgrenze <a rel=\"nofollow noopener\" target=\"_blank\" href=\"https:\/\/freedert.online\/international\/180517-kim-jong-un-in-russland\/\">\u00fcberquert hatte<\/a>.<\/p>\n<p>&#8220;Ich freue mich sehr, Sie zu sehen&#8221;, begr\u00fc\u00dfte Putin seinen Gast. Der Pr\u00e4sident erinnerte daran, dass dieses Jahr der 75. Jahrestag der Gr\u00fcndung Nordkoreas und das 70ste Jubil\u00e4um des Waffenstillstands im Koreakrieg gefeiert werden, sowie 75 Jahre diplomatische Beziehungen zu Russland.<\/p>\n<p>Kim Jong-un bedankte sich bei Putin f\u00fcr die Einladung und den &#8220;sehr herzlichen Empfang&#8221;. Die Videoaufnahmen des H\u00e4ndedrucks wurden in den russischen Medien ver\u00f6ffentlicht.<\/p>\n<p>Zur Tagesordnung des russisch-nordkoreanischen Gipfels kommentierte Kreml-Pressesprecher Dmitri Peskow, dass sich die bevorstehenden Gespr\u00e4che auf eine Reihe &#8220;delikater Themen&#8221; sowie auf die bilaterale wirtschaftliche und kulturelle Zusammenarbeit und die allgemeine Lage in der Region konzentrieren werden. Der Kreml-Sprecher k\u00fcndigte an, die Gespr\u00e4che w\u00fcrden sowohl in Anwesenheit russischer und nordkoreanischer Delegationen als auch unter vier Augen stattfinden.<\/p>\n<p>Kim Jong-uns Besuch in Russland findet vor dem Hintergrund erh\u00f6hter Spannungen auf der koreanischen Halbinsel statt, die von wiederholten Raketentests Pj\u00f6ngjangs einerseits und milit\u00e4rischen \u00dcbungen unter Beteiligung s\u00fcdkoreanischer und US-amerikanischer Truppen andererseits gepr\u00e4gt sind. Am Mittwoch, kurz vor dem Treffen mit Putin, beschuldigte Seoul Pj\u00f6ngjang eines weiteren Raketenstarts.<\/p>\n<p><strong>Mehr zum Thema<\/strong>\u00a0\u2013 <a rel=\"nofollow noopener\" target=\"_blank\" href=\"https:\/\/freedert.online\/asien\/180120-nordkorea-stellt-atomar-bewaffnetes-u-boot-vor\/\">Nordkorea stellt atomar bewaffnetes U-Boot vor<\/a><\/p>\n<\/p>\n<\/div>\n<p><br \/>\n<br \/><a href=\"https:\/\/de.rt.com\/international\/180618-putin-empfaengt-kim-jong-un-kosmodrom-wostotschny\/\">Source link <\/a><\/p>\n","protected":false},"excerpt":{"rendered":"<p>Wladimir Putin hat Kim Jong-un pers\u00f6nlich auf dem Kosmodrom Wostotschny empfangen. Videomaterial hierzu hat der Kreml am Mittwoch ver\u00f6ffentlicht. Gespr\u00e4chsrunden beider Staatschefs sind sowohl unter Beteiligung von Delegationen der L\u00e4nder als auch unter vier Augen geplant. Wladimir Putin traf nach einem zweit\u00e4gigen Besuch des Ostwirtschaftsforums in Wladiwostok am Weltraumhafen Wostotschny ein. Kim Jong-un reiste an [&hellip;]<\/p>\n","protected":false},"author":3,"featured_media":46246,"comment_status":"open","ping_status":"open","sticky":false,"template":"","format":"standard","meta":{"_yoast_indexnow_last_ping":["1694593779"],"wp_automatic_camp":["217"],"8ce669e8e1d26b8909fd647d8120e967":["Putin empf\u00e4ngt Kim Jong-un pers\u00f6nlich am Weltraumhafen Wostotschny"],"original_link":["https:\/\/de.rt.com\/international\/180618-putin-empfaengt-kim-jong-un-kosmodrom-wostotschny\/"],"_thumbnail_id":["46246"],"_wptgpro_p2tg_sent2tg":["a:1:{i:23737;s:19:\"2023-09-13 10:30:47\";}"],"jnews_social_counter_last_update":["1777175919"]},"categories":[19,23],"tags":[10363,29532,349,21117,125,48805,48806],"yoast_head":"<!-- This site is optimized with the Yoast SEO Premium plugin v22.7 (Yoast SEO v22.7) - https:\/\/yoast.com\/wordpress\/plugins\/seo\/ -->\n<title>Putin empf\u00e4ngt Kim Jong-un pers\u00f6nlich am Weltraumhafen Wostotschny - just-now.NEWS Deutschland<\/title>\n<meta name=\"robots\" content=\"index, follow, max-snippet:-1, max-image-preview:large, max-video-preview:-1\" \/>\n<link rel=\"canonical\" href=\"https:\/\/now-news.de\/de\/deutschland\/putin-empfaengt-kim-jong-un-persoenlich-am-weltraumhafen-wostotschny\/\" \/>\n<meta property=\"og:locale\" content=\"de_DE\" \/>\n<meta property=\"og:type\" content=\"article\" \/>\n<meta property=\"og:title\" content=\"Putin empf\u00e4ngt Kim Jong-un pers\u00f6nlich am Weltraumhafen Wostotschny\" \/>\n<meta property=\"og:description\" content=\"Wladimir Putin hat Kim Jong-un pers\u00f6nlich auf dem Kosmodrom Wostotschny empfangen. Videomaterial hierzu hat der Kreml am Mittwoch ver\u00f6ffentlicht. Gespr\u00e4chsrunden beider Staatschefs sind sowohl unter Beteiligung von Delegationen der L\u00e4nder als auch unter vier Augen geplant. Wladimir Putin traf nach einem zweit\u00e4gigen Besuch des Ostwirtschaftsforums in Wladiwostok am Weltraumhafen Wostotschny ein. Kim Jong-un reiste an [&hellip;]\" \/>\n<meta property=\"og:url\" content=\"https:\/\/now-news.de\/de\/deutschland\/putin-empfaengt-kim-jong-un-persoenlich-am-weltraumhafen-wostotschny\/\" \/>\n<meta property=\"og:site_name\" content=\"just-now.NEWS Deutschland\" \/>\n<meta property=\"article:publisher\" content=\"https:\/\/www.facebook.com\/wirmachenauf\" \/>\n<meta property=\"article:published_time\" content=\"2023-09-13T08:25:56+00:00\" \/>\n<meta property=\"og:image\" content=\"https:\/\/now-news.de\/de\/wp-content\/uploads\/sites\/3\/2023\/09\/Putin-empfaengt-Kim-Jong-un-persoenlich-am-Weltraumhafen-Wostotschny.jpg\" \/>\n\t<meta property=\"og:image:width\" content=\"460\" \/>\n\t<meta property=\"og:image:height\" content=\"259\" \/>\n\t<meta property=\"og:image:type\" content=\"image\/jpeg\" \/>\n<meta name=\"author\" content=\"rtnews\" \/>\n<meta name=\"twitter:card\" content=\"summary_large_image\" \/>\n<meta name=\"twitter:creator\" content=\"@WirMachenAuf_de\" \/>\n<meta name=\"twitter:site\" content=\"@WirMachenAuf_de\" \/>\n<meta name=\"twitter:label1\" content=\"Verfasst von\" \/>\n\t<meta name=\"twitter:data1\" content=\"rtnews\" \/>\n\t<meta name=\"twitter:label2\" content=\"Gesch\u00e4tzte Lesezeit\" \/>\n\t<meta name=\"twitter:data2\" content=\"1\u00a0Minute\" \/>\n<script type=\"application\/ld+json\" class=\"yoast-schema-graph\">{\"@context\":\"https:\/\/schema.org\",\"@graph\":[{\"@type\":\"Article\",\"@id\":\"https:\/\/now-news.de\/de\/deutschland\/putin-empfaengt-kim-jong-un-persoenlich-am-weltraumhafen-wostotschny\/#article\",\"isPartOf\":{\"@id\":\"https:\/\/now-news.de\/de\/deutschland\/putin-empfaengt-kim-jong-un-persoenlich-am-weltraumhafen-wostotschny\/\"},\"author\":{\"name\":\"rtnews\",\"@id\":\"https:\/\/now-news.de\/de\/#\/schema\/person\/fb534a4e865501d8b3285208df34a9b5\"},\"headline\":\"Putin empf\u00e4ngt Kim Jong-un pers\u00f6nlich am Weltraumhafen Wostotschny\",\"datePublished\":\"2023-09-13T08:25:56+00:00\",\"dateModified\":\"2023-09-13T08:25:56+00:00\",\"mainEntityOfPage\":{\"@id\":\"https:\/\/now-news.de\/de\/deutschland\/putin-empfaengt-kim-jong-un-persoenlich-am-weltraumhafen-wostotschny\/\"},\"wordCount\":281,\"commentCount\":0,\"publisher\":{\"@id\":\"https:\/\/now-news.de\/de\/#organization\"},\"image\":{\"@id\":\"https:\/\/now-news.de\/de\/deutschland\/putin-empfaengt-kim-jong-un-persoenlich-am-weltraumhafen-wostotschny\/#primaryimage\"},\"thumbnailUrl\":\"https:\/\/now-news.de\/de\/wp-content\/uploads\/sites\/3\/2023\/09\/Putin-empfaengt-Kim-Jong-un-persoenlich-am-Weltraumhafen-Wostotschny.jpg\",\"keywords\":[\"empf\u00e4ngt\",\"Jongun\",\"Kim\",\"pers\u00f6nlich\",\"putin\",\"Weltraumhafen\",\"Wostotschny\"],\"articleSection\":[\"Deutschland\",\"Russland\"],\"inLanguage\":\"de\",\"potentialAction\":[{\"@type\":\"CommentAction\",\"name\":\"Comment\",\"target\":[\"https:\/\/now-news.de\/de\/deutschland\/putin-empfaengt-kim-jong-un-persoenlich-am-weltraumhafen-wostotschny\/#respond\"]}]},{\"@type\":\"WebPage\",\"@id\":\"https:\/\/now-news.de\/de\/deutschland\/putin-empfaengt-kim-jong-un-persoenlich-am-weltraumhafen-wostotschny\/\",\"url\":\"https:\/\/now-news.de\/de\/deutschland\/putin-empfaengt-kim-jong-un-persoenlich-am-weltraumhafen-wostotschny\/\",\"name\":\"Putin empf\u00e4ngt Kim Jong-un pers\u00f6nlich am Weltraumhafen Wostotschny - just-now.NEWS Deutschland\",\"isPartOf\":{\"@id\":\"https:\/\/now-news.de\/de\/#website\"},\"primaryImageOfPage\":{\"@id\":\"https:\/\/now-news.de\/de\/deutschland\/putin-empfaengt-kim-jong-un-persoenlich-am-weltraumhafen-wostotschny\/#primaryimage\"},\"image\":{\"@id\":\"https:\/\/now-news.de\/de\/deutschland\/putin-empfaengt-kim-jong-un-persoenlich-am-weltraumhafen-wostotschny\/#primaryimage\"},\"thumbnailUrl\":\"https:\/\/now-news.de\/de\/wp-content\/uploads\/sites\/3\/2023\/09\/Putin-empfaengt-Kim-Jong-un-persoenlich-am-Weltraumhafen-Wostotschny.jpg\",\"datePublished\":\"2023-09-13T08:25:56+00:00\",\"dateModified\":\"2023-09-13T08:25:56+00:00\",\"breadcrumb\":{\"@id\":\"https:\/\/now-news.de\/de\/deutschland\/putin-empfaengt-kim-jong-un-persoenlich-am-weltraumhafen-wostotschny\/#breadcrumb\"},\"inLanguage\":\"de\",\"potentialAction\":[{\"@type\":\"ReadAction\",\"target\":[\"https:\/\/now-news.de\/de\/deutschland\/putin-empfaengt-kim-jong-un-persoenlich-am-weltraumhafen-wostotschny\/\"]}]},{\"@type\":\"ImageObject\",\"inLanguage\":\"de\",\"@id\":\"https:\/\/now-news.de\/de\/deutschland\/putin-empfaengt-kim-jong-un-persoenlich-am-weltraumhafen-wostotschny\/#primaryimage\",\"url\":\"https:\/\/now-news.de\/de\/wp-content\/uploads\/sites\/3\/2023\/09\/Putin-empfaengt-Kim-Jong-un-persoenlich-am-Weltraumhafen-Wostotschny.jpg\",\"contentUrl\":\"https:\/\/now-news.de\/de\/wp-content\/uploads\/sites\/3\/2023\/09\/Putin-empfaengt-Kim-Jong-un-persoenlich-am-Weltraumhafen-Wostotschny.jpg\",\"width\":460,\"height\":259,\"caption\":\"Putin empf\u00e4ngt Kim Jong-un pers\u00f6nlich am Weltraumhafen Wostotschny\"},{\"@type\":\"BreadcrumbList\",\"@id\":\"https:\/\/now-news.de\/de\/deutschland\/putin-empfaengt-kim-jong-un-persoenlich-am-weltraumhafen-wostotschny\/#breadcrumb\",\"itemListElement\":[{\"@type\":\"ListItem\",\"position\":1,\"name\":\"Home\",\"item\":\"https:\/\/now-news.de\/de\/\"},{\"@type\":\"ListItem\",\"position\":2,\"name\":\"Putin empf\u00e4ngt Kim Jong-un pers\u00f6nlich am Weltraumhafen Wostotschny\"}]},{\"@type\":\"WebSite\",\"@id\":\"https:\/\/now-news.de\/de\/#website\",\"url\":\"https:\/\/now-news.de\/de\/\",\"name\":\"just-now.NEWS Deutschland\",\"description\":\"Das Portal f\u00fcr unzensierte Nachrichten aus der Welt\",\"publisher\":{\"@id\":\"https:\/\/now-news.de\/de\/#organization\"},\"potentialAction\":[{\"@type\":\"SearchAction\",\"target\":{\"@type\":\"EntryPoint\",\"urlTemplate\":\"https:\/\/now-news.de\/de\/?s={search_term_string}\"},\"query-input\":\"required name=search_term_string\"}],\"inLanguage\":\"de\"},{\"@type\":\"Organization\",\"@id\":\"https:\/\/now-news.de\/de\/#organization\",\"name\":\"Just Now News\",\"url\":\"https:\/\/now-news.de\/de\/\",\"logo\":{\"@type\":\"ImageObject\",\"inLanguage\":\"de\",\"@id\":\"https:\/\/now-news.de\/de\/#\/schema\/logo\/image\/\",\"url\":\"http:\/\/just-now.news\/de\/wp-content\/uploads\/sites\/3\/2022\/04\/logo500x500.jpg\",\"contentUrl\":\"http:\/\/just-now.news\/de\/wp-content\/uploads\/sites\/3\/2022\/04\/logo500x500.jpg\",\"width\":500,\"height\":500,\"caption\":\"Just Now News\"},\"image\":{\"@id\":\"https:\/\/now-news.de\/de\/#\/schema\/logo\/image\/\"},\"sameAs\":[\"https:\/\/www.facebook.com\/wirmachenauf\",\"https:\/\/x.com\/WirMachenAuf_de\"]},{\"@type\":\"Person\",\"@id\":\"https:\/\/now-news.de\/de\/#\/schema\/person\/fb534a4e865501d8b3285208df34a9b5\",\"name\":\"rtnews\",\"image\":{\"@type\":\"ImageObject\",\"inLanguage\":\"de\",\"@id\":\"https:\/\/now-news.de\/de\/#\/schema\/person\/image\/\",\"url\":\"https:\/\/secure.gravatar.com\/avatar\/82aafea7d8127119dd649515f56e2117?s=96&d=mm&r=g\",\"contentUrl\":\"https:\/\/secure.gravatar.com\/avatar\/82aafea7d8127119dd649515f56e2117?s=96&d=mm&r=g\",\"caption\":\"rtnews\"},\"url\":\"https:\/\/now-news.de\/de\/author\/rnews\/\"}]}<\/script>\n<!-- \/ Yoast SEO Premium plugin. -->","yoast_head_json":{"title":"Putin empf\u00e4ngt Kim Jong-un pers\u00f6nlich am Weltraumhafen Wostotschny - just-now.NEWS Deutschland","robots":{"index":"index","follow":"follow","max-snippet":"max-snippet:-1","max-image-preview":"max-image-preview:large","max-video-preview":"max-video-preview:-1"},"canonical":"https:\/\/now-news.de\/de\/deutschland\/putin-empfaengt-kim-jong-un-persoenlich-am-weltraumhafen-wostotschny\/","og_locale":"de_DE","og_type":"article","og_title":"Putin empf\u00e4ngt Kim Jong-un pers\u00f6nlich am Weltraumhafen Wostotschny","og_description":"Wladimir Putin hat Kim Jong-un pers\u00f6nlich auf dem Kosmodrom Wostotschny empfangen. Videomaterial hierzu hat der Kreml am Mittwoch ver\u00f6ffentlicht. Gespr\u00e4chsrunden beider Staatschefs sind sowohl unter Beteiligung von Delegationen der L\u00e4nder als auch unter vier Augen geplant. Wladimir Putin traf nach einem zweit\u00e4gigen Besuch des Ostwirtschaftsforums in Wladiwostok am Weltraumhafen Wostotschny ein. Kim Jong-un reiste an [&hellip;]","og_url":"https:\/\/now-news.de\/de\/deutschland\/putin-empfaengt-kim-jong-un-persoenlich-am-weltraumhafen-wostotschny\/","og_site_name":"just-now.NEWS Deutschland","article_publisher":"https:\/\/www.facebook.com\/wirmachenauf","article_published_time":"2023-09-13T08:25:56+00:00","og_image":[{"width":460,"height":259,"url":"https:\/\/now-news.de\/de\/wp-content\/uploads\/sites\/3\/2023\/09\/Putin-empfaengt-Kim-Jong-un-persoenlich-am-Weltraumhafen-Wostotschny.jpg","type":"image\/jpeg"}],"author":"rtnews","twitter_card":"summary_large_image","twitter_creator":"@WirMachenAuf_de","twitter_site":"@WirMachenAuf_de","twitter_misc":{"Verfasst von":"rtnews","Gesch\u00e4tzte Lesezeit":"1\u00a0Minute"},"schema":{"@context":"https:\/\/schema.org","@graph":[{"@type":"Article","@id":"https:\/\/now-news.de\/de\/deutschland\/putin-empfaengt-kim-jong-un-persoenlich-am-weltraumhafen-wostotschny\/#article","isPartOf":{"@id":"https:\/\/now-news.de\/de\/deutschland\/putin-empfaengt-kim-jong-un-persoenlich-am-weltraumhafen-wostotschny\/"},"author":{"name":"rtnews","@id":"https:\/\/now-news.de\/de\/#\/schema\/person\/fb534a4e865501d8b3285208df34a9b5"},"headline":"Putin empf\u00e4ngt Kim Jong-un pers\u00f6nlich am Weltraumhafen Wostotschny","datePublished":"2023-09-13T08:25:56+00:00","dateModified":"2023-09-13T08:25:56+00:00","mainEntityOfPage":{"@id":"https:\/\/now-news.de\/de\/deutschland\/putin-empfaengt-kim-jong-un-persoenlich-am-weltraumhafen-wostotschny\/"},"wordCount":281,"commentCount":0,"publisher":{"@id":"https:\/\/now-news.de\/de\/#organization"},"image":{"@id":"https:\/\/now-news.de\/de\/deutschland\/putin-empfaengt-kim-jong-un-persoenlich-am-weltraumhafen-wostotschny\/#primaryimage"},"thumbnailUrl":"https:\/\/now-news.de\/de\/wp-content\/uploads\/sites\/3\/2023\/09\/Putin-empfaengt-Kim-Jong-un-persoenlich-am-Weltraumhafen-Wostotschny.jpg","keywords":["empf\u00e4ngt","Jongun","Kim","pers\u00f6nlich","putin","Weltraumhafen","Wostotschny"],"articleSection":["Deutschland","Russland"],"inLanguage":"de","potentialAction":[{"@type":"CommentAction","name":"Comment","target":["https:\/\/now-news.de\/de\/deutschland\/putin-empfaengt-kim-jong-un-persoenlich-am-weltraumhafen-wostotschny\/#respond"]}]},{"@type":"WebPage","@id":"https:\/\/now-news.de\/de\/deutschland\/putin-empfaengt-kim-jong-un-persoenlich-am-weltraumhafen-wostotschny\/","url":"https:\/\/now-news.de\/de\/deutschland\/putin-empfaengt-kim-jong-un-persoenlich-am-weltraumhafen-wostotschny\/","name":"Putin empf\u00e4ngt Kim Jong-un pers\u00f6nlich am Weltraumhafen Wostotschny - just-now.NEWS Deutschland","isPartOf":{"@id":"https:\/\/now-news.de\/de\/#website"},"primaryImageOfPage":{"@id":"https:\/\/now-news.de\/de\/deutschland\/putin-empfaengt-kim-jong-un-persoenlich-am-weltraumhafen-wostotschny\/#primaryimage"},"image":{"@id":"https:\/\/now-news.de\/de\/deutschland\/putin-empfaengt-kim-jong-un-persoenlich-am-weltraumhafen-wostotschny\/#primaryimage"},"thumbnailUrl":"https:\/\/now-news.de\/de\/wp-content\/uploads\/sites\/3\/2023\/09\/Putin-empfaengt-Kim-Jong-un-persoenlich-am-Weltraumhafen-Wostotschny.jpg","datePublished":"2023-09-13T08:25:56+00:00","dateModified":"2023-09-13T08:25:56+00:00","breadcrumb":{"@id":"https:\/\/now-news.de\/de\/deutschland\/putin-empfaengt-kim-jong-un-persoenlich-am-weltraumhafen-wostotschny\/#breadcrumb"},"inLanguage":"de","potentialAction":[{"@type":"ReadAction","target":["https:\/\/now-news.de\/de\/deutschland\/putin-empfaengt-kim-jong-un-persoenlich-am-weltraumhafen-wostotschny\/"]}]},{"@type":"ImageObject","inLanguage":"de","@id":"https:\/\/now-news.de\/de\/deutschland\/putin-empfaengt-kim-jong-un-persoenlich-am-weltraumhafen-wostotschny\/#primaryimage","url":"https:\/\/now-news.de\/de\/wp-content\/uploads\/sites\/3\/2023\/09\/Putin-empfaengt-Kim-Jong-un-persoenlich-am-Weltraumhafen-Wostotschny.jpg","contentUrl":"https:\/\/now-news.de\/de\/wp-content\/uploads\/sites\/3\/2023\/09\/Putin-empfaengt-Kim-Jong-un-persoenlich-am-Weltraumhafen-Wostotschny.jpg","width":460,"height":259,"caption":"Putin empf\u00e4ngt Kim Jong-un pers\u00f6nlich am Weltraumhafen Wostotschny"},{"@type":"BreadcrumbList","@id":"https:\/\/now-news.de\/de\/deutschland\/putin-empfaengt-kim-jong-un-persoenlich-am-weltraumhafen-wostotschny\/#breadcrumb","itemListElement":[{"@type":"ListItem","position":1,"name":"Home","item":"https:\/\/now-news.de\/de\/"},{"@type":"ListItem","position":2,"name":"Putin empf\u00e4ngt Kim Jong-un pers\u00f6nlich am Weltraumhafen Wostotschny"}]},{"@type":"WebSite","@id":"https:\/\/now-news.de\/de\/#website","url":"https:\/\/now-news.de\/de\/","name":"just-now.NEWS Deutschland","description":"Das Portal f\u00fcr unzensierte Nachrichten aus der Welt","publisher":{"@id":"https:\/\/now-news.de\/de\/#organization"},"potentialAction":[{"@type":"SearchAction","target":{"@type":"EntryPoint","urlTemplate":"https:\/\/now-news.de\/de\/?s={search_term_string}"},"query-input":"required name=search_term_string"}],"inLanguage":"de"},{"@type":"Organization","@id":"https:\/\/now-news.de\/de\/#organization","name":"Just Now News","url":"https:\/\/now-news.de\/de\/","logo":{"@type":"ImageObject","inLanguage":"de","@id":"https:\/\/now-news.de\/de\/#\/schema\/logo\/image\/","url":"http:\/\/just-now.news\/de\/wp-content\/uploads\/sites\/3\/2022\/04\/logo500x500.jpg","contentUrl":"http:\/\/just-now.news\/de\/wp-content\/uploads\/sites\/3\/2022\/04\/logo500x500.jpg","width":500,"height":500,"caption":"Just Now News"},"image":{"@id":"https:\/\/now-news.de\/de\/#\/schema\/logo\/image\/"},"sameAs":["https:\/\/www.facebook.com\/wirmachenauf","https:\/\/x.com\/WirMachenAuf_de"]},{"@type":"Person","@id":"https:\/\/now-news.de\/de\/#\/schema\/person\/fb534a4e865501d8b3285208df34a9b5","name":"rtnews","image":{"@type":"ImageObject","inLanguage":"de","@id":"https:\/\/now-news.de\/de\/#\/schema\/person\/image\/","url":"https:\/\/secure.gravatar.com\/avatar\/82aafea7d8127119dd649515f56e2117?s=96&d=mm&r=g","contentUrl":"https:\/\/secure.gravatar.com\/avatar\/82aafea7d8127119dd649515f56e2117?s=96&d=mm&r=g","caption":"rtnews"},"url":"https:\/\/now-news.de\/de\/author\/rnews\/"}]}},"_links":{"self":[{"href":"https:\/\/now-news.de\/de\/wp-json\/wp\/v2\/posts\/46245"}],"collection":[{"href":"https:\/\/now-news.de\/de\/wp-json\/wp\/v2\/posts"}],"about":[{"href":"https:\/\/now-news.de\/de\/wp-json\/wp\/v2\/types\/post"}],"author":[{"embeddable":true,"href":"https:\/\/now-news.de\/de\/wp-json\/wp\/v2\/users\/3"}],"replies":[{"embeddable":true,"href":"https:\/\/now-news.de\/de\/wp-json\/wp\/v2\/comments?post=46245"}],"version-history":[{"count":0,"href":"https:\/\/now-news.de\/de\/wp-json\/wp\/v2\/posts\/46245\/revisions"}],"wp:featuredmedia":[{"embeddable":true,"href":"https:\/\/now-news.de\/de\/wp-json\/wp\/v2\/media\/46246"}],"wp:attachment":[{"href":"https:\/\/now-news.de\/de\/wp-json\/wp\/v2\/media?parent=46245"}],"wp:term":[{"taxonomy":"category","embeddable":true,"href":"https:\/\/now-news.de\/de\/wp-json\/wp\/v2\/categories?post=46245"},{"taxonomy":"post_tag","embeddable":true,"href":"https:\/\/now-news.de\/de\/wp-json\/wp\/v2\/tags?post=46245"}],"curies":[{"name":"wp","href":"https:\/\/api.w.org\/{rel}","templated":true}]}}