{"id":46241,"date":"2023-09-13T08:52:21","date_gmt":"2023-09-13T06:52:21","guid":{"rendered":"https:\/\/just-now.news\/de\/deutschland\/bleibt-bald-nur-noch-die-windenergie-europaeische-solarhersteller-stehen-vor-dem-aus\/"},"modified":"2023-09-13T08:52:21","modified_gmt":"2023-09-13T06:52:21","slug":"bleibt-bald-nur-noch-die-windenergie-europaeische-solarhersteller-stehen-vor-dem-aus","status":"publish","type":"post","link":"https:\/\/now-news.de\/de\/deutschland\/bleibt-bald-nur-noch-die-windenergie-europaeische-solarhersteller-stehen-vor-dem-aus\/","title":{"rendered":"Bleibt bald nur noch die Windenergie? Europ\u00e4ische Solarhersteller stehen vor dem Aus"},"content":{"rendered":"<p><img decoding=\"async\" src=\"http:\/\/just-now.news\/de\/wp-content\/uploads\/sites\/3\/2023\/09\/6500be2cb480cc6c580ca2c4.jpg\" \/><\/p>\n<div class=\"Text-root Text-type_1 \">\n                Zahlreiche europ\u00e4ische Solarunternehmen stehen kurz vor dem Bankrott \u2013 gegen die chinesische Konkurrenz haben sie keine Chance. Nun werden konzentrierte EU-&#8220;Ma\u00dfnahmen&#8221; gegen China gefordert.\n            <\/div>\n<p><\/p>\n<div class=\"Text-root Text-type_5 ArticleView-text ViewText-root \">\n<p>Die <em>Financial Times<\/em>\u00a0<a rel=\"nofollow noopener\" target=\"_blank\" href=\"https:\/\/www.ft.com\/content\/8885e301-0956-44f1-bb5c-9141d0c7be9c\">berichtet<\/a> \u00fcber die schlechte Lage zahlreicher europ\u00e4ischer Solarhersteller: Demnach wandte sich der\u00a0Handelsverband der Branche, SolarPower Europe, dem Bericht zufolge am Montag an die Europ\u00e4ische Kommission. In einem offenen Brief von 40 Solarherstellern\u00a0ist die Rede von steigenden Lagerbest\u00e4nden und einem &#8220;harten Wettbewerb&#8221; chinesischer Hersteller um Marktanteile in Europa. Dieser Wettbewerb habe die Preise f\u00fcr Solarmodule seit Jahresbeginn im Durchschnitt um mehr als ein Viertel gesenkt. Konkret hei\u00dft es:<\/p>\n<blockquote>\n<p><em>&#8220;Dies birgt konkrete Risiken f\u00fcr Unternehmen, in die Insolvenz zu gehen, da ihre Aktien erhebliche abgewertet werden.&#8221;<\/em><\/p>\n<\/blockquote>\n<p>Wie die <em>Berliner Zeitung<\/em>\u00a0am Dienstag <a rel=\"nofollow noopener\" target=\"_blank\" href=\"https:\/\/www.berliner-zeitung.de\/wirtschaft-verantwortung\/solarindustrie-europaeische-hersteller-warnen-vor-billiger-ware-aus-china-li.388151?utm_medium=Social&amp;utm_source=Twitter#Echobox=1694534080\">berichtet<\/a>, hat im August der norwegische Solarzellenhersteller Norwegian Crystals Insolvenz angemeldet. Ein\u00a0weiteres Unternehmen k\u00fcndigte die Einstellung der Produktion f\u00fcr Ende des Jahres an. Die Versuche der EU, Solarenergie zum gr\u00f6\u00dften Energieerzeuger innerhalb der Union zu machen, k\u00f6nnten sich dadurch in Luft aufl\u00f6sen. Bis 2030 sollen 45 Prozent der in der EU verwendeten Energie aus erneuerbaren Energien stammen. In dieser Woche wird das\u00a0Europ\u00e4ische Parlament\u00a0erneut dar\u00fcber abstimmen, ob an diesen Pl\u00e4nen festgehalten werden soll.<\/p>\n<p>Im laufenden Jahr stammen\u00a075 Prozent der gesamten europ\u00e4ischen Solarimporte aus China. Die Herstellung von in Europa produzierten Solarmodulen kostet nach Angaben von SolarPower Europe mehr als das Doppelte im Vergleich zu in China produzierten Solarmodulen. Die Sprecherin des Verbands, Walburga Hemetsberger, sagte gegen\u00fcber der <em>Financial Times:<\/em><\/p>\n<blockquote>\n<p><em>&#8220;Wir sind uns alle einig, dass der ungebremste Preisverfall ein kritisches Risiko f\u00fcr den Sektor darstellt und die Staats- und Regierungschefs der EU dringend Ma\u00dfnahmen ergreifen m\u00fcssen.&#8221;<\/em><\/p>\n<\/blockquote>\n<p>Seit einigen Jahren versucht man in Br\u00fcssel zwanghaft, die Energietr\u00e4ger auf &#8220;klimafreundlich&#8221; zu trimmen \u2013 zusammen mit den Sanktionen gegen Russland k\u00f6nnte sich das nun bitter r\u00e4chen.<\/p>\n<p><strong>Mehr zum Thema<\/strong> &#8211; <a rel=\"nofollow noopener\" target=\"_blank\" href=\"https:\/\/freedert.online\/international\/179549-sanktionen-gegen-china-scheitern-wie\/\">Sanktionen gegen China scheitern wie jene gegen Russland<\/a><\/p>\n<\/p>\n<\/div>\n<p><br \/>\n<br \/><a href=\"https:\/\/de.rt.com\/inland\/180600-bleibt-bald-nur-noch-windenergie\/\">Source link <\/a><\/p>\n","protected":false},"excerpt":{"rendered":"<p>Zahlreiche europ\u00e4ische Solarunternehmen stehen kurz vor dem Bankrott \u2013 gegen die chinesische Konkurrenz haben sie keine Chance. Nun werden konzentrierte EU-&#8220;Ma\u00dfnahmen&#8221; gegen China gefordert. Die Financial Times\u00a0berichtet \u00fcber die schlechte Lage zahlreicher europ\u00e4ischer Solarhersteller: Demnach wandte sich der\u00a0Handelsverband der Branche, SolarPower Europe, dem Bericht zufolge am Montag an die Europ\u00e4ische Kommission. In einem offenen Brief [&hellip;]<\/p>\n","protected":false},"author":3,"featured_media":46242,"comment_status":"open","ping_status":"open","sticky":false,"template":"","format":"standard","meta":{"_yoast_indexnow_last_ping":["1694588698"],"wp_automatic_camp":["217"],"11b460ce64dbab0825101d38fd995ca9":["Bleibt bald nur noch die Windenergie? Europ\u00e4ische Solarhersteller stehen vor dem Aus"],"original_link":["https:\/\/de.rt.com\/inland\/180600-bleibt-bald-nur-noch-windenergie\/"],"_thumbnail_id":["46242"],"_wptgpro_p2tg_sent2tg":["a:1:{i:23737;s:19:\"2023-09-13 09:06:09\";}"],"jnews_social_counter_last_update":["1777567069"]},"categories":[19,23],"tags":[679,1624,487,134,45,21307,1674,4230,48803,2198,320,48802],"yoast_head":"<!-- This site is optimized with the Yoast SEO Premium plugin v22.7 (Yoast SEO v22.7) - https:\/\/yoast.com\/wordpress\/plugins\/seo\/ -->\n<title>Bleibt bald nur noch die Windenergie? Europ\u00e4ische Solarhersteller stehen vor dem Aus - just-now.NEWS Deutschland<\/title>\n<meta name=\"robots\" content=\"index, follow, max-snippet:-1, max-image-preview:large, max-video-preview:-1\" \/>\n<link rel=\"canonical\" href=\"https:\/\/now-news.de\/de\/deutschland\/bleibt-bald-nur-noch-die-windenergie-europaeische-solarhersteller-stehen-vor-dem-aus\/\" \/>\n<meta property=\"og:locale\" content=\"de_DE\" \/>\n<meta property=\"og:type\" content=\"article\" \/>\n<meta property=\"og:title\" content=\"Bleibt bald nur noch die Windenergie? Europ\u00e4ische Solarhersteller stehen vor dem Aus\" \/>\n<meta property=\"og:description\" content=\"Zahlreiche europ\u00e4ische Solarunternehmen stehen kurz vor dem Bankrott \u2013 gegen die chinesische Konkurrenz haben sie keine Chance. Nun werden konzentrierte EU-&#8220;Ma\u00dfnahmen&#8221; gegen China gefordert. Die Financial Times\u00a0berichtet \u00fcber die schlechte Lage zahlreicher europ\u00e4ischer Solarhersteller: Demnach wandte sich der\u00a0Handelsverband der Branche, SolarPower Europe, dem Bericht zufolge am Montag an die Europ\u00e4ische Kommission. In einem offenen Brief [&hellip;]\" \/>\n<meta property=\"og:url\" content=\"https:\/\/now-news.de\/de\/deutschland\/bleibt-bald-nur-noch-die-windenergie-europaeische-solarhersteller-stehen-vor-dem-aus\/\" \/>\n<meta property=\"og:site_name\" content=\"just-now.NEWS Deutschland\" \/>\n<meta property=\"article:publisher\" content=\"https:\/\/www.facebook.com\/wirmachenauf\" \/>\n<meta property=\"article:published_time\" content=\"2023-09-13T06:52:21+00:00\" \/>\n<meta property=\"og:image\" content=\"https:\/\/now-news.de\/de\/wp-content\/uploads\/sites\/3\/2023\/09\/Bleibt-bald-nur-noch-die-Windenergie-Europaeische-Solarhersteller-stehen-vor.jpg\" \/>\n\t<meta property=\"og:image:width\" content=\"460\" \/>\n\t<meta property=\"og:image:height\" content=\"259\" \/>\n\t<meta property=\"og:image:type\" content=\"image\/jpeg\" \/>\n<meta name=\"author\" content=\"rtnews\" \/>\n<meta name=\"twitter:card\" content=\"summary_large_image\" \/>\n<meta name=\"twitter:creator\" content=\"@WirMachenAuf_de\" \/>\n<meta name=\"twitter:site\" content=\"@WirMachenAuf_de\" \/>\n<meta name=\"twitter:label1\" content=\"Verfasst von\" \/>\n\t<meta name=\"twitter:data1\" content=\"rtnews\" \/>\n\t<meta name=\"twitter:label2\" content=\"Gesch\u00e4tzte Lesezeit\" \/>\n\t<meta name=\"twitter:data2\" content=\"2\u00a0Minuten\" \/>\n<script type=\"application\/ld+json\" class=\"yoast-schema-graph\">{\"@context\":\"https:\/\/schema.org\",\"@graph\":[{\"@type\":\"Article\",\"@id\":\"https:\/\/now-news.de\/de\/deutschland\/bleibt-bald-nur-noch-die-windenergie-europaeische-solarhersteller-stehen-vor-dem-aus\/#article\",\"isPartOf\":{\"@id\":\"https:\/\/now-news.de\/de\/deutschland\/bleibt-bald-nur-noch-die-windenergie-europaeische-solarhersteller-stehen-vor-dem-aus\/\"},\"author\":{\"name\":\"rtnews\",\"@id\":\"https:\/\/now-news.de\/de\/#\/schema\/person\/fb534a4e865501d8b3285208df34a9b5\"},\"headline\":\"Bleibt bald nur noch die Windenergie? Europ\u00e4ische Solarhersteller stehen vor dem Aus\",\"datePublished\":\"2023-09-13T06:52:21+00:00\",\"dateModified\":\"2023-09-13T06:52:21+00:00\",\"mainEntityOfPage\":{\"@id\":\"https:\/\/now-news.de\/de\/deutschland\/bleibt-bald-nur-noch-die-windenergie-europaeische-solarhersteller-stehen-vor-dem-aus\/\"},\"wordCount\":343,\"commentCount\":0,\"publisher\":{\"@id\":\"https:\/\/now-news.de\/de\/#organization\"},\"image\":{\"@id\":\"https:\/\/now-news.de\/de\/deutschland\/bleibt-bald-nur-noch-die-windenergie-europaeische-solarhersteller-stehen-vor-dem-aus\/#primaryimage\"},\"thumbnailUrl\":\"https:\/\/now-news.de\/de\/wp-content\/uploads\/sites\/3\/2023\/09\/Bleibt-bald-nur-noch-die-Windenergie-Europaeische-Solarhersteller-stehen-vor.jpg\",\"keywords\":[\"aus\",\"bald\",\"bleibt\",\"DEM\",\"die\",\"europ\u00e4ische\",\"noch\",\"NUR\",\"Solarhersteller\",\"stehen\",\"vor\",\"Windenergie\"],\"articleSection\":[\"Deutschland\",\"Russland\"],\"inLanguage\":\"de\",\"potentialAction\":[{\"@type\":\"CommentAction\",\"name\":\"Comment\",\"target\":[\"https:\/\/now-news.de\/de\/deutschland\/bleibt-bald-nur-noch-die-windenergie-europaeische-solarhersteller-stehen-vor-dem-aus\/#respond\"]}]},{\"@type\":\"WebPage\",\"@id\":\"https:\/\/now-news.de\/de\/deutschland\/bleibt-bald-nur-noch-die-windenergie-europaeische-solarhersteller-stehen-vor-dem-aus\/\",\"url\":\"https:\/\/now-news.de\/de\/deutschland\/bleibt-bald-nur-noch-die-windenergie-europaeische-solarhersteller-stehen-vor-dem-aus\/\",\"name\":\"Bleibt bald nur noch die Windenergie? Europ\u00e4ische Solarhersteller stehen vor dem Aus - just-now.NEWS Deutschland\",\"isPartOf\":{\"@id\":\"https:\/\/now-news.de\/de\/#website\"},\"primaryImageOfPage\":{\"@id\":\"https:\/\/now-news.de\/de\/deutschland\/bleibt-bald-nur-noch-die-windenergie-europaeische-solarhersteller-stehen-vor-dem-aus\/#primaryimage\"},\"image\":{\"@id\":\"https:\/\/now-news.de\/de\/deutschland\/bleibt-bald-nur-noch-die-windenergie-europaeische-solarhersteller-stehen-vor-dem-aus\/#primaryimage\"},\"thumbnailUrl\":\"https:\/\/now-news.de\/de\/wp-content\/uploads\/sites\/3\/2023\/09\/Bleibt-bald-nur-noch-die-Windenergie-Europaeische-Solarhersteller-stehen-vor.jpg\",\"datePublished\":\"2023-09-13T06:52:21+00:00\",\"dateModified\":\"2023-09-13T06:52:21+00:00\",\"breadcrumb\":{\"@id\":\"https:\/\/now-news.de\/de\/deutschland\/bleibt-bald-nur-noch-die-windenergie-europaeische-solarhersteller-stehen-vor-dem-aus\/#breadcrumb\"},\"inLanguage\":\"de\",\"potentialAction\":[{\"@type\":\"ReadAction\",\"target\":[\"https:\/\/now-news.de\/de\/deutschland\/bleibt-bald-nur-noch-die-windenergie-europaeische-solarhersteller-stehen-vor-dem-aus\/\"]}]},{\"@type\":\"ImageObject\",\"inLanguage\":\"de\",\"@id\":\"https:\/\/now-news.de\/de\/deutschland\/bleibt-bald-nur-noch-die-windenergie-europaeische-solarhersteller-stehen-vor-dem-aus\/#primaryimage\",\"url\":\"https:\/\/now-news.de\/de\/wp-content\/uploads\/sites\/3\/2023\/09\/Bleibt-bald-nur-noch-die-Windenergie-Europaeische-Solarhersteller-stehen-vor.jpg\",\"contentUrl\":\"https:\/\/now-news.de\/de\/wp-content\/uploads\/sites\/3\/2023\/09\/Bleibt-bald-nur-noch-die-Windenergie-Europaeische-Solarhersteller-stehen-vor.jpg\",\"width\":460,\"height\":259,\"caption\":\"Bleibt bald nur noch die Windenergie? Europ\u00e4ische Solarhersteller stehen vor dem Aus\"},{\"@type\":\"BreadcrumbList\",\"@id\":\"https:\/\/now-news.de\/de\/deutschland\/bleibt-bald-nur-noch-die-windenergie-europaeische-solarhersteller-stehen-vor-dem-aus\/#breadcrumb\",\"itemListElement\":[{\"@type\":\"ListItem\",\"position\":1,\"name\":\"Home\",\"item\":\"https:\/\/now-news.de\/de\/\"},{\"@type\":\"ListItem\",\"position\":2,\"name\":\"Bleibt bald nur noch die Windenergie? Europ\u00e4ische Solarhersteller stehen vor dem Aus\"}]},{\"@type\":\"WebSite\",\"@id\":\"https:\/\/now-news.de\/de\/#website\",\"url\":\"https:\/\/now-news.de\/de\/\",\"name\":\"just-now.NEWS Deutschland\",\"description\":\"Das Portal f\u00fcr unzensierte Nachrichten aus der Welt\",\"publisher\":{\"@id\":\"https:\/\/now-news.de\/de\/#organization\"},\"potentialAction\":[{\"@type\":\"SearchAction\",\"target\":{\"@type\":\"EntryPoint\",\"urlTemplate\":\"https:\/\/now-news.de\/de\/?s={search_term_string}\"},\"query-input\":\"required name=search_term_string\"}],\"inLanguage\":\"de\"},{\"@type\":\"Organization\",\"@id\":\"https:\/\/now-news.de\/de\/#organization\",\"name\":\"Just Now News\",\"url\":\"https:\/\/now-news.de\/de\/\",\"logo\":{\"@type\":\"ImageObject\",\"inLanguage\":\"de\",\"@id\":\"https:\/\/now-news.de\/de\/#\/schema\/logo\/image\/\",\"url\":\"http:\/\/just-now.news\/de\/wp-content\/uploads\/sites\/3\/2022\/04\/logo500x500.jpg\",\"contentUrl\":\"http:\/\/just-now.news\/de\/wp-content\/uploads\/sites\/3\/2022\/04\/logo500x500.jpg\",\"width\":500,\"height\":500,\"caption\":\"Just Now News\"},\"image\":{\"@id\":\"https:\/\/now-news.de\/de\/#\/schema\/logo\/image\/\"},\"sameAs\":[\"https:\/\/www.facebook.com\/wirmachenauf\",\"https:\/\/x.com\/WirMachenAuf_de\"]},{\"@type\":\"Person\",\"@id\":\"https:\/\/now-news.de\/de\/#\/schema\/person\/fb534a4e865501d8b3285208df34a9b5\",\"name\":\"rtnews\",\"image\":{\"@type\":\"ImageObject\",\"inLanguage\":\"de\",\"@id\":\"https:\/\/now-news.de\/de\/#\/schema\/person\/image\/\",\"url\":\"https:\/\/secure.gravatar.com\/avatar\/82aafea7d8127119dd649515f56e2117?s=96&d=mm&r=g\",\"contentUrl\":\"https:\/\/secure.gravatar.com\/avatar\/82aafea7d8127119dd649515f56e2117?s=96&d=mm&r=g\",\"caption\":\"rtnews\"},\"url\":\"https:\/\/now-news.de\/de\/author\/rnews\/\"}]}<\/script>\n<!-- \/ Yoast SEO Premium plugin. -->","yoast_head_json":{"title":"Bleibt bald nur noch die Windenergie? Europ\u00e4ische Solarhersteller stehen vor dem Aus - just-now.NEWS Deutschland","robots":{"index":"index","follow":"follow","max-snippet":"max-snippet:-1","max-image-preview":"max-image-preview:large","max-video-preview":"max-video-preview:-1"},"canonical":"https:\/\/now-news.de\/de\/deutschland\/bleibt-bald-nur-noch-die-windenergie-europaeische-solarhersteller-stehen-vor-dem-aus\/","og_locale":"de_DE","og_type":"article","og_title":"Bleibt bald nur noch die Windenergie? Europ\u00e4ische Solarhersteller stehen vor dem Aus","og_description":"Zahlreiche europ\u00e4ische Solarunternehmen stehen kurz vor dem Bankrott \u2013 gegen die chinesische Konkurrenz haben sie keine Chance. Nun werden konzentrierte EU-&#8220;Ma\u00dfnahmen&#8221; gegen China gefordert. Die Financial Times\u00a0berichtet \u00fcber die schlechte Lage zahlreicher europ\u00e4ischer Solarhersteller: Demnach wandte sich der\u00a0Handelsverband der Branche, SolarPower Europe, dem Bericht zufolge am Montag an die Europ\u00e4ische Kommission. In einem offenen Brief [&hellip;]","og_url":"https:\/\/now-news.de\/de\/deutschland\/bleibt-bald-nur-noch-die-windenergie-europaeische-solarhersteller-stehen-vor-dem-aus\/","og_site_name":"just-now.NEWS Deutschland","article_publisher":"https:\/\/www.facebook.com\/wirmachenauf","article_published_time":"2023-09-13T06:52:21+00:00","og_image":[{"width":460,"height":259,"url":"https:\/\/now-news.de\/de\/wp-content\/uploads\/sites\/3\/2023\/09\/Bleibt-bald-nur-noch-die-Windenergie-Europaeische-Solarhersteller-stehen-vor.jpg","type":"image\/jpeg"}],"author":"rtnews","twitter_card":"summary_large_image","twitter_creator":"@WirMachenAuf_de","twitter_site":"@WirMachenAuf_de","twitter_misc":{"Verfasst von":"rtnews","Gesch\u00e4tzte Lesezeit":"2\u00a0Minuten"},"schema":{"@context":"https:\/\/schema.org","@graph":[{"@type":"Article","@id":"https:\/\/now-news.de\/de\/deutschland\/bleibt-bald-nur-noch-die-windenergie-europaeische-solarhersteller-stehen-vor-dem-aus\/#article","isPartOf":{"@id":"https:\/\/now-news.de\/de\/deutschland\/bleibt-bald-nur-noch-die-windenergie-europaeische-solarhersteller-stehen-vor-dem-aus\/"},"author":{"name":"rtnews","@id":"https:\/\/now-news.de\/de\/#\/schema\/person\/fb534a4e865501d8b3285208df34a9b5"},"headline":"Bleibt bald nur noch die Windenergie? Europ\u00e4ische Solarhersteller stehen vor dem Aus","datePublished":"2023-09-13T06:52:21+00:00","dateModified":"2023-09-13T06:52:21+00:00","mainEntityOfPage":{"@id":"https:\/\/now-news.de\/de\/deutschland\/bleibt-bald-nur-noch-die-windenergie-europaeische-solarhersteller-stehen-vor-dem-aus\/"},"wordCount":343,"commentCount":0,"publisher":{"@id":"https:\/\/now-news.de\/de\/#organization"},"image":{"@id":"https:\/\/now-news.de\/de\/deutschland\/bleibt-bald-nur-noch-die-windenergie-europaeische-solarhersteller-stehen-vor-dem-aus\/#primaryimage"},"thumbnailUrl":"https:\/\/now-news.de\/de\/wp-content\/uploads\/sites\/3\/2023\/09\/Bleibt-bald-nur-noch-die-Windenergie-Europaeische-Solarhersteller-stehen-vor.jpg","keywords":["aus","bald","bleibt","DEM","die","europ\u00e4ische","noch","NUR","Solarhersteller","stehen","vor","Windenergie"],"articleSection":["Deutschland","Russland"],"inLanguage":"de","potentialAction":[{"@type":"CommentAction","name":"Comment","target":["https:\/\/now-news.de\/de\/deutschland\/bleibt-bald-nur-noch-die-windenergie-europaeische-solarhersteller-stehen-vor-dem-aus\/#respond"]}]},{"@type":"WebPage","@id":"https:\/\/now-news.de\/de\/deutschland\/bleibt-bald-nur-noch-die-windenergie-europaeische-solarhersteller-stehen-vor-dem-aus\/","url":"https:\/\/now-news.de\/de\/deutschland\/bleibt-bald-nur-noch-die-windenergie-europaeische-solarhersteller-stehen-vor-dem-aus\/","name":"Bleibt bald nur noch die Windenergie? Europ\u00e4ische Solarhersteller stehen vor dem Aus - just-now.NEWS Deutschland","isPartOf":{"@id":"https:\/\/now-news.de\/de\/#website"},"primaryImageOfPage":{"@id":"https:\/\/now-news.de\/de\/deutschland\/bleibt-bald-nur-noch-die-windenergie-europaeische-solarhersteller-stehen-vor-dem-aus\/#primaryimage"},"image":{"@id":"https:\/\/now-news.de\/de\/deutschland\/bleibt-bald-nur-noch-die-windenergie-europaeische-solarhersteller-stehen-vor-dem-aus\/#primaryimage"},"thumbnailUrl":"https:\/\/now-news.de\/de\/wp-content\/uploads\/sites\/3\/2023\/09\/Bleibt-bald-nur-noch-die-Windenergie-Europaeische-Solarhersteller-stehen-vor.jpg","datePublished":"2023-09-13T06:52:21+00:00","dateModified":"2023-09-13T06:52:21+00:00","breadcrumb":{"@id":"https:\/\/now-news.de\/de\/deutschland\/bleibt-bald-nur-noch-die-windenergie-europaeische-solarhersteller-stehen-vor-dem-aus\/#breadcrumb"},"inLanguage":"de","potentialAction":[{"@type":"ReadAction","target":["https:\/\/now-news.de\/de\/deutschland\/bleibt-bald-nur-noch-die-windenergie-europaeische-solarhersteller-stehen-vor-dem-aus\/"]}]},{"@type":"ImageObject","inLanguage":"de","@id":"https:\/\/now-news.de\/de\/deutschland\/bleibt-bald-nur-noch-die-windenergie-europaeische-solarhersteller-stehen-vor-dem-aus\/#primaryimage","url":"https:\/\/now-news.de\/de\/wp-content\/uploads\/sites\/3\/2023\/09\/Bleibt-bald-nur-noch-die-Windenergie-Europaeische-Solarhersteller-stehen-vor.jpg","contentUrl":"https:\/\/now-news.de\/de\/wp-content\/uploads\/sites\/3\/2023\/09\/Bleibt-bald-nur-noch-die-Windenergie-Europaeische-Solarhersteller-stehen-vor.jpg","width":460,"height":259,"caption":"Bleibt bald nur noch die Windenergie? Europ\u00e4ische Solarhersteller stehen vor dem Aus"},{"@type":"BreadcrumbList","@id":"https:\/\/now-news.de\/de\/deutschland\/bleibt-bald-nur-noch-die-windenergie-europaeische-solarhersteller-stehen-vor-dem-aus\/#breadcrumb","itemListElement":[{"@type":"ListItem","position":1,"name":"Home","item":"https:\/\/now-news.de\/de\/"},{"@type":"ListItem","position":2,"name":"Bleibt bald nur noch die Windenergie? Europ\u00e4ische Solarhersteller stehen vor dem Aus"}]},{"@type":"WebSite","@id":"https:\/\/now-news.de\/de\/#website","url":"https:\/\/now-news.de\/de\/","name":"just-now.NEWS Deutschland","description":"Das Portal f\u00fcr unzensierte Nachrichten aus der Welt","publisher":{"@id":"https:\/\/now-news.de\/de\/#organization"},"potentialAction":[{"@type":"SearchAction","target":{"@type":"EntryPoint","urlTemplate":"https:\/\/now-news.de\/de\/?s={search_term_string}"},"query-input":"required name=search_term_string"}],"inLanguage":"de"},{"@type":"Organization","@id":"https:\/\/now-news.de\/de\/#organization","name":"Just Now News","url":"https:\/\/now-news.de\/de\/","logo":{"@type":"ImageObject","inLanguage":"de","@id":"https:\/\/now-news.de\/de\/#\/schema\/logo\/image\/","url":"http:\/\/just-now.news\/de\/wp-content\/uploads\/sites\/3\/2022\/04\/logo500x500.jpg","contentUrl":"http:\/\/just-now.news\/de\/wp-content\/uploads\/sites\/3\/2022\/04\/logo500x500.jpg","width":500,"height":500,"caption":"Just Now News"},"image":{"@id":"https:\/\/now-news.de\/de\/#\/schema\/logo\/image\/"},"sameAs":["https:\/\/www.facebook.com\/wirmachenauf","https:\/\/x.com\/WirMachenAuf_de"]},{"@type":"Person","@id":"https:\/\/now-news.de\/de\/#\/schema\/person\/fb534a4e865501d8b3285208df34a9b5","name":"rtnews","image":{"@type":"ImageObject","inLanguage":"de","@id":"https:\/\/now-news.de\/de\/#\/schema\/person\/image\/","url":"https:\/\/secure.gravatar.com\/avatar\/82aafea7d8127119dd649515f56e2117?s=96&d=mm&r=g","contentUrl":"https:\/\/secure.gravatar.com\/avatar\/82aafea7d8127119dd649515f56e2117?s=96&d=mm&r=g","caption":"rtnews"},"url":"https:\/\/now-news.de\/de\/author\/rnews\/"}]}},"_links":{"self":[{"href":"https:\/\/now-news.de\/de\/wp-json\/wp\/v2\/posts\/46241"}],"collection":[{"href":"https:\/\/now-news.de\/de\/wp-json\/wp\/v2\/posts"}],"about":[{"href":"https:\/\/now-news.de\/de\/wp-json\/wp\/v2\/types\/post"}],"author":[{"embeddable":true,"href":"https:\/\/now-news.de\/de\/wp-json\/wp\/v2\/users\/3"}],"replies":[{"embeddable":true,"href":"https:\/\/now-news.de\/de\/wp-json\/wp\/v2\/comments?post=46241"}],"version-history":[{"count":0,"href":"https:\/\/now-news.de\/de\/wp-json\/wp\/v2\/posts\/46241\/revisions"}],"wp:featuredmedia":[{"embeddable":true,"href":"https:\/\/now-news.de\/de\/wp-json\/wp\/v2\/media\/46242"}],"wp:attachment":[{"href":"https:\/\/now-news.de\/de\/wp-json\/wp\/v2\/media?parent=46241"}],"wp:term":[{"taxonomy":"category","embeddable":true,"href":"https:\/\/now-news.de\/de\/wp-json\/wp\/v2\/categories?post=46241"},{"taxonomy":"post_tag","embeddable":true,"href":"https:\/\/now-news.de\/de\/wp-json\/wp\/v2\/tags?post=46241"}],"curies":[{"name":"wp","href":"https:\/\/api.w.org\/{rel}","templated":true}]}}