{"id":46219,"date":"2023-09-12T19:05:45","date_gmt":"2023-09-12T17:05:45","guid":{"rendered":"https:\/\/just-now.news\/de\/deutschland\/ernstfall-ard-und-kanzleramt-gemeinsam-am-limit\/"},"modified":"2023-09-12T19:05:45","modified_gmt":"2023-09-12T17:05:45","slug":"ernstfall-ard-und-kanzleramt-gemeinsam-am-limit","status":"publish","type":"post","link":"https:\/\/now-news.de\/de\/deutschland\/ernstfall-ard-und-kanzleramt-gemeinsam-am-limit\/","title":{"rendered":"&quot;Ernstfall&quot; \u2013 ARD und Kanzleramt gemeinsam am Limit"},"content":{"rendered":"<p><img decoding=\"async\" src=\"http:\/\/just-now.news\/de\/wp-content\/uploads\/sites\/3\/2023\/09\/6500527ab480cc6e200931c6.jpeg\" \/><\/p>\n<div class=\"Text-root Text-type_1 \">\n                Das Kanzleramt und das blicknahe ARD-Hauptstadtstudio sahen anscheinend Bedarf f\u00fcr eine dreiteilige &#8220;Reality-Serie&#8221; rund um die coolsten und geeignetsten Politiker seit Bestehen der Bundesrepublik. Das Ergebnis nach Betrachtung von Teil 1 belegt, Hollywood und Netflix h\u00e4tten keine besseren Drehb\u00fccher abliefern k\u00f6nnen.\n            <\/div>\n<p><\/p>\n<div class=\"Text-root Text-type_5 ArticleView-text ViewText-root \">\n<p><em>Von Bernhard Loyen<\/em><\/p>\n<p>Im Fachjargon nennt man beabsichtigte Abl\u00e4ufe und Umsetzungen auch weiterhin jemanden oder etwas &#8220;positiv in Szene oder Bild zu setzen&#8221;. Es w\u00e4re daher interessant, ab welchem Zeitpunkt, ausgehend von den Datumsangaben im Sendematerial, erste Gespr\u00e4che zwischen dem Regisseur und Produzenten\u00a0Stephan Lamby, der ARD und dem Kanzleramt stattfanden. Bei dem Sendematerial handelt es sich um einen dreiteiligen Filmbeitrag des\u00a0S\u00fcdwestrundfunk (SWR) mit dem beeindruckenden Gesamttitel: &#8220;Ernstfall \u2013 Regieren am Limit&#8221;.\u00a0Matthias Dei\u00df, stellvertretender Studioleiter des ARD-Hauptstadtstudios, wusste schon vor der Ver\u00f6ffentlichung am pers\u00f6nlichen Limit wahrnehmend zu behaupten:<\/p>\n<blockquote>\n<p><em>&#8220;Diesen Film muss man gesehen haben\u00a0\u2026 Bester Journalismus zur Primetime!&#8221;<\/em><\/p>\n<\/blockquote>\n<div class=\"EmbedBlock-root EmbedBlock-twitter\">\n<div class=\"TwitterEmbed\">\n<blockquote class=\"twitter-tweet lazyload\" data-twitter=\"twitter-tweet\">\n<p lang=\"de\" dir=\"ltr\">Die Ampel im Realit\u00e4tsschock &#8211; wie der russische Angriff auf die Ukraine alles ver\u00e4nderte. Diesen Film muss man gesehen haben. Heute um 20:15 Uhr. Bester Journalismus zur Primetime! <a rel=\"nofollow noopener\" target=\"_blank\" href=\"https:\/\/t.co\/oUU86fHPfq\">pic.twitter.com\/oUU86fHPfq<\/a><\/p>\n<p>\u2014 Matthias Deiss (@MatthiasDeiss) <a rel=\"nofollow noopener\" target=\"_blank\" href=\"https:\/\/twitter.com\/MatthiasDeiss\/status\/1701095915526750362?ref_src=twsrc%5Etfw\">September 11, 2023<\/a><\/p><\/blockquote>\n<\/div>\n<\/div>\n<p>Bescheidenheit, die gute alte ARD-Tugend. Der offizielle Text der ARD-Mediathek gibt den beabsichtigten inhaltlichen roten Faden bekannt:<\/p>\n<blockquote>\n<p><em>&#8220;Seit dem Krieg Russlands gegen die Ukraine steht die Bundesregierung unter gewaltigem Druck. Olaf Scholz, Robert Habeck, Annalena Baerbock und Christian Lindner m\u00fcssen Entscheidungen von enormer Tragweite treffen. Die Doku-Serie begleitet sie durch die dramatischen Monate historischer Ereignisse.&#8221;<\/em><\/p>\n<\/blockquote>\n<p>Hautnah und professionell durfte\u00a0dabei Stephan Lamby die auserkorenen Spitzenakteure der Gegenwart begleiten. Dessen Vater, Werner Lamby, geh\u00f6rte demnach &#8220;in den 1960\/1970er-Jahren zu den Spitzenbeamten&#8221; der \u00fcberschaubaren und gut vernetzten alten Bonner Republik. Zudem war er &#8220;von 1993 bis 1999\u00a0<a rel=\"nofollow noopener\" target=\"_blank\" href=\"https:\/\/de.wikipedia.org\/wiki\/Werner_Lamby\">Ehrenpr\u00e4sident<\/a>\u00a0der\u00a0Deutschen Gesellschaft f\u00fcr Ausw\u00e4rtige Politik&#8221;. Dass er als dienlicher T\u00fcr\u00f6ffner agierte, als sein Sohn\u00a0im Jahre 1997 die &#8220;ECO Media TV-Produktion&#8221; gr\u00fcndete, die &#8220;vor allem Dokumentationen zu Politik, Wirtschaft, Geschichte, Kultur und Wissenschaft\u00a0<a rel=\"nofollow noopener\" target=\"_blank\" href=\"https:\/\/de.wikipedia.org\/wiki\/Stephan_Lamby\">produziert<\/a>&#8220;, sollte als Tatsache betrachtet werden. Es folgten ann\u00e4hernd j\u00e4hrlich Produktionen rund um das politische Berlin. Nun also der Hochglanz-Dreiteiler f\u00fcr den SWR.<\/p>\n<p>Jeder der drei Teile ist rund drei\u00dfig Minuten lang. Ich habe mir bis dato nur Teil 1 angesehen, um einen ersten Eindruck gewinnen zu k\u00f6nnen, warum es dieser Filmdokumentation seitens\u00a0der ARD und dem Kanzleramt f\u00fcr die Zuschauer vermeintlich bedarf. Was in dieser Folge sehr interessant ist, ist die erlaubte Anwesenheit der Kamera in den Arbeitsr\u00e4umlichkeiten der vier Hauptprotagonisten, wie auch die Begleitung bei Au\u00dfenterminen, auch au\u00dferhalb Deutschlands. Alle vier geben sich in Interviewpassagen bem\u00fcht locker, Herr Habeck auch l\u00e4ssig. Kanzler Scholz gewohnt steif und br\u00e4sig, Christian Lindner und Annalena Baerbock angespannt und zu offensichtlich bem\u00fcht in ihren Formulierungen.<\/p>\n<p>&#8220;Es war einmal eine neue Regierung mit guten Vors\u00e4tzen&#8221;, lautet der erste Satz von Teil 1: &#8220;Der Angriff&#8221;. Frau Baerbock, als frisch gek\u00fcrte Au\u00dfenministerin, darf dann gleich im Dezember 2021 folgenden Politik-Poesiealbumstext in die Kamera sprechen:<\/p>\n<blockquote>\n<p><em>&#8220;Jede neue Regierungszeit ist ein neuer Anfang und bekannterma\u00dfen hat jeder Anfang einen Zauber inne.&#8221;<\/em><\/p>\n<\/blockquote>\n<p>Man h\u00e4tte schon gerne gewusst, ob da noch mehr schlau-sch\u00f6ne S\u00e4tze folgten, aber es erfolgte der flie\u00dfende Wechsel zu dem aalglatten Christian Lindner. Der best\u00e4tigte auch gleich sein biegsames Dasein mit dem Strebersatz:<\/p>\n<blockquote>\n<p><em>&#8220;Ich war zun\u00e4chst vorsichtig, denn das ist eine gro\u00dfe Verantwortung.&#8221;<\/em><\/p>\n<\/blockquote>\n<p>So ist er, immer sch\u00f6n den Blick auf potenzielle Hintert\u00fcrchen, um bei Stress schnell abzuhauen. Es folgte der Kinderbuchautor Robert Habeck, auch gef\u00fcrchtet f\u00fcr seine freigesprochenen Weisheiten:<\/p>\n<blockquote>\n<p><em>&#8220;Das war eine wilde Entschlossenheit, jetzt auch den Aufbruch zu organisieren.&#8221;<\/em><\/p>\n<\/blockquote>\n<p>Dass er dabei eigentlich von organisiertem Abbruch spricht, wollte weder Produzent Lamby best\u00e4tigt bekommen, noch realisierte Habeck die Kraft seines Satzes. Der Irrsinn, dies alles passiert in den ersten 36 Sekunden von Folge 1. Herr Scholz\u00a0brauchte oder sollte noch nichts kommentieren, im Hintergrund begleitet die ganze Zeit Solo-Pianomusik. Die Off-Stimme k\u00fcndigt\u00a0dramaturgisch f\u00f6rderlich und bedienend an \u2013 Zeit f\u00fcr Popcorn:<\/p>\n<blockquote>\n<p><em>&#8220;Doch dann, dann kam alles ganz anders.&#8221;<\/em><\/p>\n<\/blockquote>\n<p>Und wer k\u00f6nnte dies den ARD-Zuschauern nicht besser erkl\u00e4ren, also wieso und weshalb, als erneut Annalena Baerbock, die am 24. Februar 2022 von ihren\u00a0<a rel=\"nofollow noopener\" target=\"_blank\" href=\"https:\/\/germania.diplo.de\/ru-de\/aktuelles\/baerbock-ukraine\/2513404\">Redenschreibern<\/a>\u00a0im Ausw\u00e4rtigen Amt ausgedruckt, folgenden Satz w\u00f6rtlich mitteilte:<\/p>\n<blockquote>\n<p><em>&#8220;Liebe Mitb\u00fcrgerinnen und liebe Mitb\u00fcrger, wir sind heute in einer anderen Welt aufgewacht. Nach Monaten der Vorbereitung, von L\u00fcgen und Propaganda hat Pr\u00e4sident Putin heute Nacht entschieden, seinen Drohungen schreckliche Taten folgen zu lassen.&#8221;<\/em><\/p>\n<\/blockquote>\n<p>Niemand der deutschen B\u00fcrger konnte ja erahnen, dass man sich rund 19 Monate sp\u00e4ter wirklich f\u00fchlt, wie in einer anderen Parallelwelt des allt\u00e4glichen Irrsinns. Der Produzent l\u00e4sst zudem beim Satzabschnitt &#8220;hat Pr\u00e4sident Putin&#8221; akustisch und optisch reingeschnitten, russische Kampfflugzeuge in das vertr\u00e4umte Blickfeld von Kanzler Scholz fliegen, der zuvor von hinten aufgenommen, ganz konzentriert aus dem riesigen Panoramafenster hinausblickte. Hollywood, made in Germany, at its best. Dann Schnitt zu einem Scholz Auftritt beim Europafest der SPD im Juni 2022. Der kleine Mann br\u00fcllt den Gegendemonstranten erregt zu: &#8220;Kriegstreiber,\u00a0<a rel=\"nofollow noopener\" target=\"_blank\" href=\"https:\/\/www.youtube.com\/watch?v=m0CDWs5cUU4\">Kriegstreiber ist Putin<\/a>&#8220;.\u00a0<\/p>\n<p>So k\u00f6nnte man Minute f\u00fcr Minute die Sequenzen und filmische Vorgehensweise sezieren. Zitate, Off-Kommentare, Bild und Ton-Zuschnitte. Ein beeindruckendes, manipulatives und sehr professionelles Machwerk.<\/p>\n<p>Das Produzententeam darf mit in den Regierungsflieger &#8220;zum Antrittsbesuch von Scholz in Washington&#8221; am 6. Februar 2022. Der Kameramann l\u00e4uft durch die Maschine. Interviewt werden, welch Berechenbarkeit, von den mitreisenden Journalisten, zwei Kolleginnen. Eine vom SPD-nahen\u00a0<em>Redaktionsnetzwerk Deutschland<\/em>\u00a0und Tina Hassel vom ARD-Hauptstadtstudio. Diese wusste als Vollblutjournalistin mitzuteilen, bei den Ereignissen in der Ukraine geht es um die &#8220;m\u00f6glicherweise gesamte, im Moment, um die europ\u00e4ische Nachkriegsordnung&#8221;. Punkt, Schnitt ins wei\u00dfe Haus. Den ARD-Zuschauer darauf hinzuweisen, dass Frau Hassel da etwas Elementares aus den 1990ern verdr\u00e4ngt hat, Stichwort Jugoslawienkrieg, schien nicht wirklich erw\u00e4hnenswert f\u00fcr Herrn Lamby.<\/p>\n<p>Es folgt die ber\u00fchmte Szene der Pressekonferenz von US-Pr\u00e4sident Biden und Olaf Scholz. Der ARD-Zuschauer bekommt den Originalmoment der Ank\u00fcndigung Bidens, dass, wenn Russland die Ukraine milit\u00e4risch attackiert, die Ostsee-Pipeline obsolet ist: &#8220;Wir werden dem ein Ende setzen&#8221;. Weiterhin anscheinend kein Skandal f\u00fcr die Beteiligten. Vielleicht auch nur eine schlichte Absprache zwischen Lamby, ARD und dem Kanzleramt: &#8220;Mach danach einfach einen Schnitt, Themenwechsel. Keine Fragen an Scholz&#8221;. Zu diesem Thema, beim R\u00fcckflug nach Berlin. Lamby lieferte die gew\u00fcnschte und verg\u00fctete Umsetzung und wollte daher lieber wissen: &#8220;Was will Putin?&#8221;. Scholz: &#8220;Es ist schwer zu sagen, was die eigentliche Perspektive Putins ist\u00a0\u2026&#8221;. Danach ging es nach einem weiteren Schnitt zur Mitbegr\u00fcnderin der Klima-Apokalyptiker der &#8220;Letzten Generation&#8221;.<\/p>\n<p>Es folgen regelm\u00e4\u00dfige dramaturgische Einblendungen:<\/p>\n<ul>\n<li>15 Tage vor Kriegsbeginn<\/li>\n<li>9 Tage vor Kriegsbeginn<\/li>\n<li>2 Tage vor Kriegsbeginn<\/li>\n<\/ul>\n<p>So k\u00f6nnte weiter minuti\u00f6s zitiert und dargestellt werden. So die bizarre Situation, bei Vorstellung des Bundesministers f\u00fcr besondere Aufgaben\/Chef des Bundeskanzleramtes, Wolfgang Schmidt, der mit Maske\u00a0aus dem Kanzleramt in den Innenhof schlendert, um dann drei Bundeswehrsoldaten, ebenfalls alle mit Maske, kurz zuzuschauen, wie sie im Freien, also drau\u00dfen, f\u00fcr einen potenziellen Gastempfang \u00fcben. Die nachfolgenden Szenen vermitteln noch einmal die gigantischen r\u00e4umlichen Ausma\u00dfe des Kanzleramts.\u00a0<\/p>\n<p>Scholz darf seinen Besuch bei Putin kommentieren, Causa langer Tisch, um mit sicherem Abstand kesse Lippe zu spielen: &#8220;Es haben Welche, ich zum Beispiel, ihm gesagt, dass er falsch liegt&#8221;. Nach der Krisensitzung des Sicherheitskabinetts vom 24. Februar 2022 darf Christian Lindner bedeutungsschwanger in die Kamera raunen:<\/p>\n<blockquote>\n<p><em>&#8220;Das sind Entscheidungen von gro\u00dfem Gewicht, die getroffen werden m\u00fcssen, schwere Entscheidungen.&#8221;<\/em><\/p>\n<\/blockquote>\n<p>Frau Baerbock hatte zu diesem Zeitpunkt ein ganz eigenes Gef\u00fchl, weil sich &#8220;die Welt f\u00fcr uns, durch eine Nacht komplett f\u00fcr uns in Europa ge\u00e4ndert hat&#8221;. Es folgt dann gegen Mitte des Films die in den sozialen Medien am h\u00e4ufigsten bel\u00e4chelt gestellte Szene. Sie wirkt f\u00fcr sich vollkommen allein in der Betrachtung. Vier ungelernte und \u00fcberforderte Menschen, sollen vermeintlich in Gedanken versunken, aus vier individuellen Fenstern blicken. Propaganda mit Klaviermusik, in Form klassischer manipulativer Bildsprache. So geht es je nach Nervenkost\u00fcm die kompletten 33:58 Minuten bis zum Ende von Teil 1. Die\u00a0<em>TAZ<\/em>\u00a0<a rel=\"nofollow noopener\" target=\"_blank\" href=\"https:\/\/taz.de\/ARD-Doku-Ernstfall--Regieren-am-Limit\/!5957342\/\">res\u00fcmiert<\/a>\u00a0nach geladener Premieren Anwesenheit in einem Berlin Kino, nach Betrachtung des ganzen Films: &#8220;Mal blicken sie ratlos, mal souver\u00e4n, mal einfach nur m\u00fcde&#8221;. Dem ist nichts hinzuzuf\u00fcgen. Produzent Lamby gab der\u00a0<em>TAZ<\/em>\u00a0zu Protokoll, dass er &#8220;nicht embedded&#8221; war, es gab demnach &#8220;keine Bedingungen&#8221;.\u00a0<\/p>\n<p>Er sei sich zudem sehr sicher, dass so ein Film in anderen L\u00e4ndern, auch den USA, nicht m\u00f6glich w\u00e4re. Mag es an der Naivit\u00e4t der Hauptprotagonisten liegen, die in Teil 1 wiederholt mehr als unvorteilhaft in Szene gesetzt wurden? Der Hamburger\u00a0<em>Spiegel<\/em>\u00a0<a rel=\"nofollow noopener\" target=\"_blank\" href=\"https:\/\/www.spiegel.de\/kultur\/tv\/ard-doku-ernstfall-regieren-am-limit-mit-dem-date-doktor-im-regierungsflieger-a-9ad32b36-c8b1-42c9-a143-dcfec70be51c\">fasst<\/a>\u00a0nach Gesamtbetrachtung zusammen: &#8220;Lamby zeigt Politiker in Regierungsverantwortung, die ohne Netz agieren m\u00fcssen. Und genau in dem Moment, in dem sie dies tun, geben sie ihm Auskunft.&#8221; Der\u00a0<em>Zeit<\/em>&#8211;<a rel=\"nofollow noopener\" target=\"_blank\" href=\"https:\/\/www.zeit.de\/kultur\/film\/2023-09\/ernstfall-regieren-am-limit-ard-doku-stephan-lamby-bundesregierung-rezension\/seite-2\">Artikel<\/a>\u00a0stellt fest: &#8220;Wenn geredet wird im Ernstfall, dann ist das erstaunlich selten interessant&#8221;. Ja und Nein, aber\u00a0die Aussagen\u00a0sind zumindest mehr als entlarvend. Zudem, die Tatsache, welche Fragen \u2013 unbewusst oder abgesprochen \u2013 nicht gestellt wurden.<\/p>\n<p>Folge 2 tr\u00e4gt den Titel: &#8220;Angst&#8221;, die abschlie\u00dfende Folge: &#8220;Streit&#8221;. Zusammenfassend eine mehr als aufschlussreiche Auftragsarbeit auf Netflix-Niveau, mit dem Charakter einer schlichten Propaganda-Auftragsarbeit. In der kritischen Betrachtung mehr als verr\u00e4terisch, hinsichtlich des erschreckenden &#8220;Nicht-Niveaus&#8221;, der sich immer mehr abzeichnenden Unf\u00e4higkeit der leitenden aktuellen Bundesregierung und ihrer Darsteller. All das wurde auf Kosten von Millionen B\u00fcrgern, eines ganzen Landes umgesetzt. Wenig \u00fcberraschend kommt auch ein Buch zum Film auf den Markt.<\/p>\n<p><strong>Mehr zum Thema <\/strong>&#8211;\u00a0<a rel=\"nofollow noopener\" target=\"_blank\" href=\"https:\/\/freedert.online\/inland\/180378-verfassungsschutz-veranstaltung-meinungsbildung-20-inkl\/\">&#8220;Trainingsprogramm f\u00fcr Journalist:innen&#8221;: Verfassungsschutz tagt zum Thema &#8220;Meinungsbildung 2.0&#8221;<\/a><\/p>\n<\/div>\n<p><script async src=\"https:\/\/platform.twitter.com\/widgets.js\" charset=\"utf-8\"><\/script><br \/>\n<br \/><br \/>\n<br \/><a href=\"https:\/\/de.rt.com\/inland\/180539-ernstfall-ard-und-kanzleramt-gemeinsam\/\">Source link <\/a><\/p>\n","protected":false},"excerpt":{"rendered":"<p>Das Kanzleramt und das blicknahe ARD-Hauptstadtstudio sahen anscheinend Bedarf f\u00fcr eine dreiteilige &#8220;Reality-Serie&#8221; rund um die coolsten und geeignetsten Politiker seit Bestehen der Bundesrepublik. Das Ergebnis nach Betrachtung von Teil 1 belegt, Hollywood und Netflix h\u00e4tten keine besseren Drehb\u00fccher abliefern k\u00f6nnen. Von Bernhard Loyen Im Fachjargon nennt man beabsichtigte Abl\u00e4ufe und Umsetzungen auch weiterhin jemanden [&hellip;]<\/p>\n","protected":false},"author":3,"featured_media":46220,"comment_status":"open","ping_status":"open","sticky":false,"template":"","format":"standard","meta":{"_yoast_indexnow_last_ping":["1694539338"],"wp_automatic_camp":["217"],"7cb54c480537c9c8e4cf3785c7e15cc3":["&quot;Ernstfall&quot; \u2013 ARD und Kanzleramt gemeinsam am Limit"],"original_link":["https:\/\/de.rt.com\/inland\/180539-ernstfall-ard-und-kanzleramt-gemeinsam\/"],"_thumbnail_id":["46220"],"_wptgpro_p2tg_sent2tg":["a:1:{i:23737;s:19:\"2023-09-12 19:23:27\";}"],"jnews_social_counter_last_update":["1777452758"]},"categories":[19,23],"tags":[11760,20264,28541,10098,48794,140],"yoast_head":"<!-- This site is optimized with the Yoast SEO Premium plugin v22.7 (Yoast SEO v22.7) - https:\/\/yoast.com\/wordpress\/plugins\/seo\/ -->\n<title>&quot;Ernstfall&quot; \u2013 ARD und Kanzleramt gemeinsam am Limit - just-now.NEWS Deutschland<\/title>\n<meta name=\"robots\" content=\"index, follow, max-snippet:-1, max-image-preview:large, max-video-preview:-1\" \/>\n<link rel=\"canonical\" href=\"https:\/\/now-news.de\/de\/deutschland\/ernstfall-ard-und-kanzleramt-gemeinsam-am-limit\/\" \/>\n<meta property=\"og:locale\" content=\"de_DE\" \/>\n<meta property=\"og:type\" content=\"article\" \/>\n<meta property=\"og:title\" content=\"&quot;Ernstfall&quot; \u2013 ARD und Kanzleramt gemeinsam am Limit\" \/>\n<meta property=\"og:description\" content=\"Das Kanzleramt und das blicknahe ARD-Hauptstadtstudio sahen anscheinend Bedarf f\u00fcr eine dreiteilige &#8220;Reality-Serie&#8221; rund um die coolsten und geeignetsten Politiker seit Bestehen der Bundesrepublik. Das Ergebnis nach Betrachtung von Teil 1 belegt, Hollywood und Netflix h\u00e4tten keine besseren Drehb\u00fccher abliefern k\u00f6nnen. Von Bernhard Loyen Im Fachjargon nennt man beabsichtigte Abl\u00e4ufe und Umsetzungen auch weiterhin jemanden [&hellip;]\" \/>\n<meta property=\"og:url\" content=\"https:\/\/now-news.de\/de\/deutschland\/ernstfall-ard-und-kanzleramt-gemeinsam-am-limit\/\" \/>\n<meta property=\"og:site_name\" content=\"just-now.NEWS Deutschland\" \/>\n<meta property=\"article:publisher\" content=\"https:\/\/www.facebook.com\/wirmachenauf\" \/>\n<meta property=\"article:published_time\" content=\"2023-09-12T17:05:45+00:00\" \/>\n<meta property=\"og:image\" content=\"https:\/\/now-news.de\/de\/wp-content\/uploads\/sites\/3\/2023\/09\/quotErnstfallquot-\u2013-ARD-und-Kanzleramt-gemeinsam-am-Limit.jpeg\" \/>\n\t<meta property=\"og:image:width\" content=\"460\" \/>\n\t<meta property=\"og:image:height\" content=\"259\" \/>\n\t<meta property=\"og:image:type\" content=\"image\/jpeg\" \/>\n<meta name=\"author\" content=\"rtnews\" \/>\n<meta name=\"twitter:card\" content=\"summary_large_image\" \/>\n<meta name=\"twitter:creator\" content=\"@WirMachenAuf_de\" \/>\n<meta name=\"twitter:site\" content=\"@WirMachenAuf_de\" \/>\n<meta name=\"twitter:label1\" content=\"Verfasst von\" \/>\n\t<meta name=\"twitter:data1\" content=\"rtnews\" \/>\n\t<meta name=\"twitter:label2\" content=\"Gesch\u00e4tzte Lesezeit\" \/>\n\t<meta name=\"twitter:data2\" content=\"8\u00a0Minuten\" \/>\n<script type=\"application\/ld+json\" class=\"yoast-schema-graph\">{\"@context\":\"https:\/\/schema.org\",\"@graph\":[{\"@type\":\"Article\",\"@id\":\"https:\/\/now-news.de\/de\/deutschland\/ernstfall-ard-und-kanzleramt-gemeinsam-am-limit\/#article\",\"isPartOf\":{\"@id\":\"https:\/\/now-news.de\/de\/deutschland\/ernstfall-ard-und-kanzleramt-gemeinsam-am-limit\/\"},\"author\":{\"name\":\"rtnews\",\"@id\":\"https:\/\/now-news.de\/de\/#\/schema\/person\/fb534a4e865501d8b3285208df34a9b5\"},\"headline\":\"&quot;Ernstfall&quot; \u2013 ARD und Kanzleramt gemeinsam am Limit\",\"datePublished\":\"2023-09-12T17:05:45+00:00\",\"dateModified\":\"2023-09-12T17:05:45+00:00\",\"mainEntityOfPage\":{\"@id\":\"https:\/\/now-news.de\/de\/deutschland\/ernstfall-ard-und-kanzleramt-gemeinsam-am-limit\/\"},\"wordCount\":1598,\"commentCount\":0,\"publisher\":{\"@id\":\"https:\/\/now-news.de\/de\/#organization\"},\"image\":{\"@id\":\"https:\/\/now-news.de\/de\/deutschland\/ernstfall-ard-und-kanzleramt-gemeinsam-am-limit\/#primaryimage\"},\"thumbnailUrl\":\"https:\/\/now-news.de\/de\/wp-content\/uploads\/sites\/3\/2023\/09\/quotErnstfallquot-\u2013-ARD-und-Kanzleramt-gemeinsam-am-Limit.jpeg\",\"keywords\":[\"ARD\",\"gemeinsam\",\"Kanzleramt\",\"LIMIT\",\"quotErnstfallquot\",\"und\"],\"articleSection\":[\"Deutschland\",\"Russland\"],\"inLanguage\":\"de\",\"potentialAction\":[{\"@type\":\"CommentAction\",\"name\":\"Comment\",\"target\":[\"https:\/\/now-news.de\/de\/deutschland\/ernstfall-ard-und-kanzleramt-gemeinsam-am-limit\/#respond\"]}]},{\"@type\":\"WebPage\",\"@id\":\"https:\/\/now-news.de\/de\/deutschland\/ernstfall-ard-und-kanzleramt-gemeinsam-am-limit\/\",\"url\":\"https:\/\/now-news.de\/de\/deutschland\/ernstfall-ard-und-kanzleramt-gemeinsam-am-limit\/\",\"name\":\"&quot;Ernstfall&quot; \u2013 ARD und Kanzleramt gemeinsam am Limit - just-now.NEWS Deutschland\",\"isPartOf\":{\"@id\":\"https:\/\/now-news.de\/de\/#website\"},\"primaryImageOfPage\":{\"@id\":\"https:\/\/now-news.de\/de\/deutschland\/ernstfall-ard-und-kanzleramt-gemeinsam-am-limit\/#primaryimage\"},\"image\":{\"@id\":\"https:\/\/now-news.de\/de\/deutschland\/ernstfall-ard-und-kanzleramt-gemeinsam-am-limit\/#primaryimage\"},\"thumbnailUrl\":\"https:\/\/now-news.de\/de\/wp-content\/uploads\/sites\/3\/2023\/09\/quotErnstfallquot-\u2013-ARD-und-Kanzleramt-gemeinsam-am-Limit.jpeg\",\"datePublished\":\"2023-09-12T17:05:45+00:00\",\"dateModified\":\"2023-09-12T17:05:45+00:00\",\"breadcrumb\":{\"@id\":\"https:\/\/now-news.de\/de\/deutschland\/ernstfall-ard-und-kanzleramt-gemeinsam-am-limit\/#breadcrumb\"},\"inLanguage\":\"de\",\"potentialAction\":[{\"@type\":\"ReadAction\",\"target\":[\"https:\/\/now-news.de\/de\/deutschland\/ernstfall-ard-und-kanzleramt-gemeinsam-am-limit\/\"]}]},{\"@type\":\"ImageObject\",\"inLanguage\":\"de\",\"@id\":\"https:\/\/now-news.de\/de\/deutschland\/ernstfall-ard-und-kanzleramt-gemeinsam-am-limit\/#primaryimage\",\"url\":\"https:\/\/now-news.de\/de\/wp-content\/uploads\/sites\/3\/2023\/09\/quotErnstfallquot-\u2013-ARD-und-Kanzleramt-gemeinsam-am-Limit.jpeg\",\"contentUrl\":\"https:\/\/now-news.de\/de\/wp-content\/uploads\/sites\/3\/2023\/09\/quotErnstfallquot-\u2013-ARD-und-Kanzleramt-gemeinsam-am-Limit.jpeg\",\"width\":460,\"height\":259,\"caption\":\"&quot;Ernstfall&quot; \u2013 ARD und Kanzleramt gemeinsam am Limit\"},{\"@type\":\"BreadcrumbList\",\"@id\":\"https:\/\/now-news.de\/de\/deutschland\/ernstfall-ard-und-kanzleramt-gemeinsam-am-limit\/#breadcrumb\",\"itemListElement\":[{\"@type\":\"ListItem\",\"position\":1,\"name\":\"Home\",\"item\":\"https:\/\/now-news.de\/de\/\"},{\"@type\":\"ListItem\",\"position\":2,\"name\":\"&quot;Ernstfall&quot; \u2013 ARD und Kanzleramt gemeinsam am Limit\"}]},{\"@type\":\"WebSite\",\"@id\":\"https:\/\/now-news.de\/de\/#website\",\"url\":\"https:\/\/now-news.de\/de\/\",\"name\":\"just-now.NEWS Deutschland\",\"description\":\"Das Portal f\u00fcr unzensierte Nachrichten aus der Welt\",\"publisher\":{\"@id\":\"https:\/\/now-news.de\/de\/#organization\"},\"potentialAction\":[{\"@type\":\"SearchAction\",\"target\":{\"@type\":\"EntryPoint\",\"urlTemplate\":\"https:\/\/now-news.de\/de\/?s={search_term_string}\"},\"query-input\":\"required name=search_term_string\"}],\"inLanguage\":\"de\"},{\"@type\":\"Organization\",\"@id\":\"https:\/\/now-news.de\/de\/#organization\",\"name\":\"Just Now News\",\"url\":\"https:\/\/now-news.de\/de\/\",\"logo\":{\"@type\":\"ImageObject\",\"inLanguage\":\"de\",\"@id\":\"https:\/\/now-news.de\/de\/#\/schema\/logo\/image\/\",\"url\":\"http:\/\/just-now.news\/de\/wp-content\/uploads\/sites\/3\/2022\/04\/logo500x500.jpg\",\"contentUrl\":\"http:\/\/just-now.news\/de\/wp-content\/uploads\/sites\/3\/2022\/04\/logo500x500.jpg\",\"width\":500,\"height\":500,\"caption\":\"Just Now News\"},\"image\":{\"@id\":\"https:\/\/now-news.de\/de\/#\/schema\/logo\/image\/\"},\"sameAs\":[\"https:\/\/www.facebook.com\/wirmachenauf\",\"https:\/\/x.com\/WirMachenAuf_de\"]},{\"@type\":\"Person\",\"@id\":\"https:\/\/now-news.de\/de\/#\/schema\/person\/fb534a4e865501d8b3285208df34a9b5\",\"name\":\"rtnews\",\"image\":{\"@type\":\"ImageObject\",\"inLanguage\":\"de\",\"@id\":\"https:\/\/now-news.de\/de\/#\/schema\/person\/image\/\",\"url\":\"https:\/\/secure.gravatar.com\/avatar\/82aafea7d8127119dd649515f56e2117?s=96&d=mm&r=g\",\"contentUrl\":\"https:\/\/secure.gravatar.com\/avatar\/82aafea7d8127119dd649515f56e2117?s=96&d=mm&r=g\",\"caption\":\"rtnews\"},\"url\":\"https:\/\/now-news.de\/de\/author\/rnews\/\"}]}<\/script>\n<!-- \/ Yoast SEO Premium plugin. -->","yoast_head_json":{"title":"&quot;Ernstfall&quot; \u2013 ARD und Kanzleramt gemeinsam am Limit - just-now.NEWS Deutschland","robots":{"index":"index","follow":"follow","max-snippet":"max-snippet:-1","max-image-preview":"max-image-preview:large","max-video-preview":"max-video-preview:-1"},"canonical":"https:\/\/now-news.de\/de\/deutschland\/ernstfall-ard-und-kanzleramt-gemeinsam-am-limit\/","og_locale":"de_DE","og_type":"article","og_title":"&quot;Ernstfall&quot; \u2013 ARD und Kanzleramt gemeinsam am Limit","og_description":"Das Kanzleramt und das blicknahe ARD-Hauptstadtstudio sahen anscheinend Bedarf f\u00fcr eine dreiteilige &#8220;Reality-Serie&#8221; rund um die coolsten und geeignetsten Politiker seit Bestehen der Bundesrepublik. Das Ergebnis nach Betrachtung von Teil 1 belegt, Hollywood und Netflix h\u00e4tten keine besseren Drehb\u00fccher abliefern k\u00f6nnen. Von Bernhard Loyen Im Fachjargon nennt man beabsichtigte Abl\u00e4ufe und Umsetzungen auch weiterhin jemanden [&hellip;]","og_url":"https:\/\/now-news.de\/de\/deutschland\/ernstfall-ard-und-kanzleramt-gemeinsam-am-limit\/","og_site_name":"just-now.NEWS Deutschland","article_publisher":"https:\/\/www.facebook.com\/wirmachenauf","article_published_time":"2023-09-12T17:05:45+00:00","og_image":[{"width":460,"height":259,"url":"https:\/\/now-news.de\/de\/wp-content\/uploads\/sites\/3\/2023\/09\/quotErnstfallquot-\u2013-ARD-und-Kanzleramt-gemeinsam-am-Limit.jpeg","type":"image\/jpeg"}],"author":"rtnews","twitter_card":"summary_large_image","twitter_creator":"@WirMachenAuf_de","twitter_site":"@WirMachenAuf_de","twitter_misc":{"Verfasst von":"rtnews","Gesch\u00e4tzte Lesezeit":"8\u00a0Minuten"},"schema":{"@context":"https:\/\/schema.org","@graph":[{"@type":"Article","@id":"https:\/\/now-news.de\/de\/deutschland\/ernstfall-ard-und-kanzleramt-gemeinsam-am-limit\/#article","isPartOf":{"@id":"https:\/\/now-news.de\/de\/deutschland\/ernstfall-ard-und-kanzleramt-gemeinsam-am-limit\/"},"author":{"name":"rtnews","@id":"https:\/\/now-news.de\/de\/#\/schema\/person\/fb534a4e865501d8b3285208df34a9b5"},"headline":"&quot;Ernstfall&quot; \u2013 ARD und Kanzleramt gemeinsam am Limit","datePublished":"2023-09-12T17:05:45+00:00","dateModified":"2023-09-12T17:05:45+00:00","mainEntityOfPage":{"@id":"https:\/\/now-news.de\/de\/deutschland\/ernstfall-ard-und-kanzleramt-gemeinsam-am-limit\/"},"wordCount":1598,"commentCount":0,"publisher":{"@id":"https:\/\/now-news.de\/de\/#organization"},"image":{"@id":"https:\/\/now-news.de\/de\/deutschland\/ernstfall-ard-und-kanzleramt-gemeinsam-am-limit\/#primaryimage"},"thumbnailUrl":"https:\/\/now-news.de\/de\/wp-content\/uploads\/sites\/3\/2023\/09\/quotErnstfallquot-\u2013-ARD-und-Kanzleramt-gemeinsam-am-Limit.jpeg","keywords":["ARD","gemeinsam","Kanzleramt","LIMIT","quotErnstfallquot","und"],"articleSection":["Deutschland","Russland"],"inLanguage":"de","potentialAction":[{"@type":"CommentAction","name":"Comment","target":["https:\/\/now-news.de\/de\/deutschland\/ernstfall-ard-und-kanzleramt-gemeinsam-am-limit\/#respond"]}]},{"@type":"WebPage","@id":"https:\/\/now-news.de\/de\/deutschland\/ernstfall-ard-und-kanzleramt-gemeinsam-am-limit\/","url":"https:\/\/now-news.de\/de\/deutschland\/ernstfall-ard-und-kanzleramt-gemeinsam-am-limit\/","name":"&quot;Ernstfall&quot; \u2013 ARD und Kanzleramt gemeinsam am Limit - just-now.NEWS Deutschland","isPartOf":{"@id":"https:\/\/now-news.de\/de\/#website"},"primaryImageOfPage":{"@id":"https:\/\/now-news.de\/de\/deutschland\/ernstfall-ard-und-kanzleramt-gemeinsam-am-limit\/#primaryimage"},"image":{"@id":"https:\/\/now-news.de\/de\/deutschland\/ernstfall-ard-und-kanzleramt-gemeinsam-am-limit\/#primaryimage"},"thumbnailUrl":"https:\/\/now-news.de\/de\/wp-content\/uploads\/sites\/3\/2023\/09\/quotErnstfallquot-\u2013-ARD-und-Kanzleramt-gemeinsam-am-Limit.jpeg","datePublished":"2023-09-12T17:05:45+00:00","dateModified":"2023-09-12T17:05:45+00:00","breadcrumb":{"@id":"https:\/\/now-news.de\/de\/deutschland\/ernstfall-ard-und-kanzleramt-gemeinsam-am-limit\/#breadcrumb"},"inLanguage":"de","potentialAction":[{"@type":"ReadAction","target":["https:\/\/now-news.de\/de\/deutschland\/ernstfall-ard-und-kanzleramt-gemeinsam-am-limit\/"]}]},{"@type":"ImageObject","inLanguage":"de","@id":"https:\/\/now-news.de\/de\/deutschland\/ernstfall-ard-und-kanzleramt-gemeinsam-am-limit\/#primaryimage","url":"https:\/\/now-news.de\/de\/wp-content\/uploads\/sites\/3\/2023\/09\/quotErnstfallquot-\u2013-ARD-und-Kanzleramt-gemeinsam-am-Limit.jpeg","contentUrl":"https:\/\/now-news.de\/de\/wp-content\/uploads\/sites\/3\/2023\/09\/quotErnstfallquot-\u2013-ARD-und-Kanzleramt-gemeinsam-am-Limit.jpeg","width":460,"height":259,"caption":"&quot;Ernstfall&quot; \u2013 ARD und Kanzleramt gemeinsam am Limit"},{"@type":"BreadcrumbList","@id":"https:\/\/now-news.de\/de\/deutschland\/ernstfall-ard-und-kanzleramt-gemeinsam-am-limit\/#breadcrumb","itemListElement":[{"@type":"ListItem","position":1,"name":"Home","item":"https:\/\/now-news.de\/de\/"},{"@type":"ListItem","position":2,"name":"&quot;Ernstfall&quot; \u2013 ARD und Kanzleramt gemeinsam am Limit"}]},{"@type":"WebSite","@id":"https:\/\/now-news.de\/de\/#website","url":"https:\/\/now-news.de\/de\/","name":"just-now.NEWS Deutschland","description":"Das Portal f\u00fcr unzensierte Nachrichten aus der Welt","publisher":{"@id":"https:\/\/now-news.de\/de\/#organization"},"potentialAction":[{"@type":"SearchAction","target":{"@type":"EntryPoint","urlTemplate":"https:\/\/now-news.de\/de\/?s={search_term_string}"},"query-input":"required name=search_term_string"}],"inLanguage":"de"},{"@type":"Organization","@id":"https:\/\/now-news.de\/de\/#organization","name":"Just Now News","url":"https:\/\/now-news.de\/de\/","logo":{"@type":"ImageObject","inLanguage":"de","@id":"https:\/\/now-news.de\/de\/#\/schema\/logo\/image\/","url":"http:\/\/just-now.news\/de\/wp-content\/uploads\/sites\/3\/2022\/04\/logo500x500.jpg","contentUrl":"http:\/\/just-now.news\/de\/wp-content\/uploads\/sites\/3\/2022\/04\/logo500x500.jpg","width":500,"height":500,"caption":"Just Now News"},"image":{"@id":"https:\/\/now-news.de\/de\/#\/schema\/logo\/image\/"},"sameAs":["https:\/\/www.facebook.com\/wirmachenauf","https:\/\/x.com\/WirMachenAuf_de"]},{"@type":"Person","@id":"https:\/\/now-news.de\/de\/#\/schema\/person\/fb534a4e865501d8b3285208df34a9b5","name":"rtnews","image":{"@type":"ImageObject","inLanguage":"de","@id":"https:\/\/now-news.de\/de\/#\/schema\/person\/image\/","url":"https:\/\/secure.gravatar.com\/avatar\/82aafea7d8127119dd649515f56e2117?s=96&d=mm&r=g","contentUrl":"https:\/\/secure.gravatar.com\/avatar\/82aafea7d8127119dd649515f56e2117?s=96&d=mm&r=g","caption":"rtnews"},"url":"https:\/\/now-news.de\/de\/author\/rnews\/"}]}},"_links":{"self":[{"href":"https:\/\/now-news.de\/de\/wp-json\/wp\/v2\/posts\/46219"}],"collection":[{"href":"https:\/\/now-news.de\/de\/wp-json\/wp\/v2\/posts"}],"about":[{"href":"https:\/\/now-news.de\/de\/wp-json\/wp\/v2\/types\/post"}],"author":[{"embeddable":true,"href":"https:\/\/now-news.de\/de\/wp-json\/wp\/v2\/users\/3"}],"replies":[{"embeddable":true,"href":"https:\/\/now-news.de\/de\/wp-json\/wp\/v2\/comments?post=46219"}],"version-history":[{"count":0,"href":"https:\/\/now-news.de\/de\/wp-json\/wp\/v2\/posts\/46219\/revisions"}],"wp:featuredmedia":[{"embeddable":true,"href":"https:\/\/now-news.de\/de\/wp-json\/wp\/v2\/media\/46220"}],"wp:attachment":[{"href":"https:\/\/now-news.de\/de\/wp-json\/wp\/v2\/media?parent=46219"}],"wp:term":[{"taxonomy":"category","embeddable":true,"href":"https:\/\/now-news.de\/de\/wp-json\/wp\/v2\/categories?post=46219"},{"taxonomy":"post_tag","embeddable":true,"href":"https:\/\/now-news.de\/de\/wp-json\/wp\/v2\/tags?post=46219"}],"curies":[{"name":"wp","href":"https:\/\/api.w.org\/{rel}","templated":true}]}}