{"id":46154,"date":"2023-09-11T19:59:04","date_gmt":"2023-09-11T17:59:04","guid":{"rendered":"https:\/\/just-now.news\/de\/deutschland\/nach-sanktionierung-von-seife-und-klopapier-medwedew-fordert-aussetzung-der-beziehungen-zur-eu\/"},"modified":"2023-09-11T19:59:04","modified_gmt":"2023-09-11T17:59:04","slug":"nach-sanktionierung-von-seife-und-klopapier-medwedew-fordert-aussetzung-der-beziehungen-zur-eu","status":"publish","type":"post","link":"https:\/\/now-news.de\/de\/deutschland\/nach-sanktionierung-von-seife-und-klopapier-medwedew-fordert-aussetzung-der-beziehungen-zur-eu\/","title":{"rendered":"Nach &quot;Sanktionierung&quot; von Seife und Klopapier: Medwedew fordert Aussetzung der Beziehungen zur EU"},"content":{"rendered":"<p><img decoding=\"async\" src=\"http:\/\/just-now.news\/de\/wp-content\/uploads\/sites\/3\/2023\/09\/64ff23d648fbef17066fff66.jpg\" \/><\/p>\n<div class=\"Text-root Text-type_1 \">\n                Die aktualisierte Liste der EU-Kommission zu sanktionierten Artikeln hat in Russland eine Welle der Emp\u00f6rung hervorgerufen. Da russischen B\u00fcrgern nun bei \u00dcberquerung der EU-Grenze faktisch die Beschlagnahmung ihres gesamten Reisegep\u00e4cks droht, kommen sogar die h\u00e4rtesten Gegenma\u00dfnahmen ins Gespr\u00e4ch.\n            <\/div>\n<p><\/p>\n<div class=\"Text-root Text-type_5 ArticleView-text ViewText-root \">\n<p>Nachdem die deutschen Z\u00f6llner damit begonnen haben, russischen Staatsb\u00fcrgern bei der Grenz\u00fcberquerung ihre privaten Fahrzeuge <a rel=\"nofollow noopener\" target=\"_blank\" href=\"https:\/\/freedert.online\/europa\/174532-berichte-deutscher-zoll-beschlagnahmt-autos\/\">wegzunehmen<\/a>, hat die EU-Kommission in ihrem am Freitag ver\u00f6ffentlichten\u00a0<a rel=\"nofollow noopener\" target=\"_blank\" href=\"https:\/\/finance.ec.europa.eu\/system\/files\/2023-09\/faqs-sanctions-russia-listed-goods_en.pdf\">FAQ-Dokument<\/a> zur Sanktionsanwendung unmissverst\u00e4ndlich klargestellt: Das Handeln der deutschen Beamten ist regelkonform. Dar\u00fcber hinaus stellten die EU-Beh\u00f6rden fest, dass fast alles, was Touristen f\u00fcr ihren privaten Gebrauch bei der Einreise mit sich f\u00fchren, in der EU beschlagnahmt werden darf.\u00a0<\/p>\n<p>Die Reaktionen in Russland auf das aktualisierte Dokument der EU lie\u00dfen nicht lange auf sich warten. Dumm und gesetzlos sei die Entscheidung der\u00a0EU-Kommission, sagte der Chef des russischen Zolls, Ruslan Dawydow. &#8220;Aus der Sicht der normalen Zolllogik sind ihre Entscheidungen absolut illegal&#8221;,<a rel=\"nofollow noopener\" target=\"_blank\" href=\"https:\/\/www.rbc.ru\/politics\/11\/09\/2023\/64fe77449a7947121bfe9501\"> sagte<\/a> er gegen\u00fcber dem russischem Wirtschaftsportal <em>RBC.<\/em>\u00a0In Bezug auf m\u00f6gliche Vergeltungsma\u00dfnahmen \u00e4u\u00dferte Dawydow die Hoffnung, dass Russland &#8220;keine solche Gesetzlosigkeit begehen wird&#8221;, da &#8220;wir im Gegensatz zu ihnen zivilisierte Menschen sind&#8221;.<\/p>\n<p>Der Jurist und Politiker Andrei Klischas sieht es genau andersherum. &#8220;Nur gegenseitige Spiegelbeschr\u00e4nkungen f\u00fcr EU-B\u00fcrger k\u00f6nnen die tollw\u00fctigen Eurob\u00fcrokraten beeinflussen und die Aufhebung solcher diskriminierenden Vorschriften bewirken&#8221;, <a rel=\"nofollow noopener\" target=\"_blank\" href=\"https:\/\/t.me\/andreyklishas\/2570\">schrieb<\/a> er auf seinem Telegram-Kanal. Klischas ist der Vorsitzende des Ausschusses f\u00fcr Verfassungsgesetzgebung und Staatsaufbau im F\u00f6derationsrat.\u00a0<\/p>\n<p>Auch der Vize-Vorsitzende des russischen Sicherheitsrates, Dmitri Medwedew, will im Gegenzug keine Vergeltungsma\u00dfnahmen f\u00fcr EU-B\u00fcrger einf\u00fchren. &#8220;Wir sind keine Rassisten, im Gegensatz zu vielen F\u00fchrern dieser L\u00e4nder, deren Verwandte in der SS gedient haben. Und diejenigen, die zu uns kommen, lieben und sch\u00e4tzen Russland in der Regel&#8221;, <a rel=\"nofollow noopener\" target=\"_blank\" href=\"https:\/\/t.me\/medvedev_telegram\/385\">kommentierte<\/a> er die EU-Vorschrift auf seinem Telegram-Kanal. Der EU-Beschluss sei dagegen\u00a0&#8220;ein Schlag ins Gesicht jedes B\u00fcrgers von Russland&#8221;. Er schlug vor:<\/p>\n<blockquote>\n<p><em>&#8220;Es w\u00e4re besser, die diplomatischen Beziehungen mit der EU eine Zeit lang auszusetzen. Und das diplomatische Personal (aus der EU) in unser Land abzuziehen. Dann werden sich die eitlen Idioten in Br\u00fcssel kollektiv und dick in die Hose (und nat\u00fcrlich in den Rock) pissen. Denn die Botschaften werden vor ganz bestimmten Ereignissen evakuiert. Wer wei\u00df, wozu diese <a rel=\"nofollow noopener\" target=\"_blank\" href=\"https:\/\/freedert.online\/inland\/180382-an-orks-russophobe-botschaft-von-mdb\/\">Orks in Wattejacken<\/a> aus dem endlosen Mordor noch f\u00e4hig sind \u2026&#8221;<\/em><\/p>\n<\/blockquote>\n<div class=\"EmbedBlock-root EmbedBlock-externalVideo EmbedBlock-odysee\">\n<div class=\"VkEmbed\"><iframe class=\"lazyload\" data-src=\"https:\/\/odysee.com\/%24\/embed\/%40RTDE%3Ae%2Frussophobie-entzug-aufenthaltsgenehmigung-beschlagnahme-von-autos%3A2\" frameborder=\"0\" width=\"853\" height=\"480\" allowfullscreen><\/iframe><\/div>\n<\/div>\n<p>Auch von russischen Diplomaten erfolgte eine Bewertung. Die Sprecherin des russischen Au\u00dfenministeriums\u00a0warf der EU Rassismus vor.\u00a0&#8220;Das ist Rassismus. Es ist ein seit Langem bestehendes und in der Tat jahrhundertealtes Konzept der Dominanz und des Wunsches, andere zu kontrollieren und Menschen nach Hautfarbe, Ohrgr\u00f6\u00dfe oder Sch\u00e4delgr\u00f6\u00dfe in richtige und falsche einzuteilen&#8221;, <a rel=\"nofollow noopener\" target=\"_blank\" href=\"https:\/\/rg.ru\/2023\/09\/11\/zaharova-nazvala-rasizmom-zapret-na-vezd-rossiian-v-es-so-smartfonami-i-sredstvami-gigieny.html\">sagte<\/a> Maria Sacharowa der russischen Parlamentszeitung <em>RG<\/em>.<\/p>\n<p>Sie bemerkte, dass Russland jedes Jahr Resolutionen in die UNO einbringt, die sich gegen alle Formen von Nazismus, Rassismus und Fremdenfeindlichkeit wenden. &#8220;Ausgerechnet die Vertreter des Westens \u2013 der Vereinigten Staaten von Amerika und der EU-L\u00e4nder \u2013 stimmen dagegen und enthalten sich der Stimme&#8221;, so die Diplomatin.\u00a0<\/p>\n<p>Laut der\u00a0<a rel=\"nofollow noopener\" target=\"_blank\" href=\"https:\/\/finance.ec.europa.eu\/system\/files\/2023-09\/faqs-sanctions-russia-listed-goods_en.pdf\">Klarstellung<\/a> der EU-Kommission ist neben Autos auch eine breite Palette anderer pers\u00f6nlicher G\u00fcter von den Sanktionen betroffen, wenn sie aus Russland mitgebracht werden. Auf die Frage, ob russische Staatsangeh\u00f6rige vor\u00fcbergehend pers\u00f6nliche G\u00fcter und Fahrzeuge in die EU einf\u00fchren d\u00fcrfen, auch wenn sie als Touristen reisen, antwortete Br\u00fcssel mit &#8220;Nein&#8221; und f\u00fcgte hinzu, dass alles, was in\u00a0<a rel=\"nofollow noopener\" target=\"_blank\" href=\"https:\/\/lexparency.org\/eu\/32014R0833\/ANX_XXI\/\">Anhang XXI der EU-Verordnung<\/a>\u00a0\u00fcber die Sanktionen gegen Russland aufgef\u00fchrt ist, verboten sei.<\/p>\n<p>In diesem Anhang sind mehr als 180 Warenkategorien aufgef\u00fchrt, zu denen neben Privatfahrzeugen auch Smartphones und andere Telefone (CN Code 8517), Damenkleidung (6204), verschiedene Arten von Koffern und Taschen (4202), Schuhe (6403), Seife, Deos und sonstige Hygieneartikel (3307, 3401), Zahnpasta (3306) und sogar Toilettenpapier (4818) geh\u00f6ren.<\/p>\n<p>Auf die Frage nach der Umsetzung der Regeln erl\u00e4uterte ein Sprecher der Kommission, es sei unwahrscheinlich, dass Kleidung, die jemand beim Grenz\u00fcbertritt trage, darauf abziele, Sanktionen zu umgehen. &#8220;Das ist eine andere Situation als ein teures Auto&#8221;,<a rel=\"nofollow noopener\" target=\"_blank\" href=\"https:\/\/www.reuters.com\/world\/europe\/russia-says-ban-russians-bringing-cars-some-goods-into-eu-is-racist-2023-09-11\/\"> sagte<\/a> der Sprecher gegen\u00fcber<em> Reuters<\/em>.\u00a0<\/p>\n<p>Die Direktorin des russischen Touristik-Verbandes der Reiseveranstalter, Maja Lomidze, sieht in den EU-Sanktionsrichtlinien eine grobe Verletzung der grundlegenden Rechte eines Touristen. In einem <a rel=\"nofollow noopener\" target=\"_blank\" href=\"https:\/\/rg.ru\/2023\/09\/10\/ator-evrokomissiia-narushaet-bazovye-prava-rossijskih-turistov.html\">Kommentar<\/a> f\u00fcr <em>RG<\/em> wies sie darauf hin, dass deren Auslegung und Umsetzung einzelnen EU-L\u00e4ndern obliege. Es komme darauf an, ob die L\u00e4nder an der Aufrechterhaltung des noch verbliebenen Touristenstroms aus Russland interessiert seien, wobei Deutschland beispielsweise im Unterschied zu Italien, Griechenland oder Frankreich wahrscheinlich keine Nachsicht gegen\u00fcber russischen B\u00fcrgern \u00fcben w\u00fcrde.\u00a0<\/p>\n<p><strong>Mehr zum Thema<\/strong> &#8211;<a rel=\"nofollow noopener\" target=\"_blank\" href=\"https:\/\/freedert.online\/europa\/179817-botschaft-warnt-vor-beschlagnahme-russischer\/\">\u00a0Botschaft warnt vor Beschlagnahme russischer Pkw in Deutschland<\/a><\/p>\n<\/div>\n<p><br \/>\n<br \/><a href=\"https:\/\/de.rt.com\/europa\/180414-nach-sanktionierung-von-seife-und\/\">Source link <\/a><\/p>\n","protected":false},"excerpt":{"rendered":"<p>Die aktualisierte Liste der EU-Kommission zu sanktionierten Artikeln hat in Russland eine Welle der Emp\u00f6rung hervorgerufen. Da russischen B\u00fcrgern nun bei \u00dcberquerung der EU-Grenze faktisch die Beschlagnahmung ihres gesamten Reisegep\u00e4cks droht, kommen sogar die h\u00e4rtesten Gegenma\u00dfnahmen ins Gespr\u00e4ch. Nachdem die deutschen Z\u00f6llner damit begonnen haben, russischen Staatsb\u00fcrgern bei der Grenz\u00fcberquerung ihre privaten Fahrzeuge wegzunehmen, hat [&hellip;]<\/p>\n","protected":false},"author":3,"featured_media":46155,"comment_status":"open","ping_status":"open","sticky":false,"template":"","format":"standard","meta":{"_yoast_indexnow_last_ping":["1694455256"],"wp_automatic_camp":["217"],"d56767830a62f97f3aea01aaf5532107":["Nach &quot;Sanktionierung&quot; von Seife und Klopapier: Medwedew fordert Aussetzung der Beziehungen zur EU"],"original_link":["https:\/\/de.rt.com\/europa\/180414-nach-sanktionierung-von-seife-und\/"],"_thumbnail_id":["46155"],"_wptgpro_p2tg_sent2tg":["a:1:{i:23737;s:19:\"2023-09-11 20:02:25\";}"],"jnews_social_counter_last_update":["1777179387"]},"categories":[19,23],"tags":[21079,266,82,355,48749,20678,979,48747,48748,140,50,581],"yoast_head":"<!-- This site is optimized with the Yoast SEO Premium plugin v22.7 (Yoast SEO v22.7) - https:\/\/yoast.com\/wordpress\/plugins\/seo\/ -->\n<title>Nach &quot;Sanktionierung&quot; von Seife und Klopapier: Medwedew fordert Aussetzung der Beziehungen zur EU - just-now.NEWS Deutschland<\/title>\n<meta name=\"robots\" content=\"index, follow, max-snippet:-1, max-image-preview:large, max-video-preview:-1\" \/>\n<link rel=\"canonical\" href=\"https:\/\/now-news.de\/de\/deutschland\/nach-sanktionierung-von-seife-und-klopapier-medwedew-fordert-aussetzung-der-beziehungen-zur-eu\/\" \/>\n<meta property=\"og:locale\" content=\"de_DE\" \/>\n<meta property=\"og:type\" content=\"article\" \/>\n<meta property=\"og:title\" content=\"Nach &quot;Sanktionierung&quot; von Seife und Klopapier: Medwedew fordert Aussetzung der Beziehungen zur EU\" \/>\n<meta property=\"og:description\" content=\"Die aktualisierte Liste der EU-Kommission zu sanktionierten Artikeln hat in Russland eine Welle der Emp\u00f6rung hervorgerufen. Da russischen B\u00fcrgern nun bei \u00dcberquerung der EU-Grenze faktisch die Beschlagnahmung ihres gesamten Reisegep\u00e4cks droht, kommen sogar die h\u00e4rtesten Gegenma\u00dfnahmen ins Gespr\u00e4ch. Nachdem die deutschen Z\u00f6llner damit begonnen haben, russischen Staatsb\u00fcrgern bei der Grenz\u00fcberquerung ihre privaten Fahrzeuge wegzunehmen, hat [&hellip;]\" \/>\n<meta property=\"og:url\" content=\"https:\/\/now-news.de\/de\/deutschland\/nach-sanktionierung-von-seife-und-klopapier-medwedew-fordert-aussetzung-der-beziehungen-zur-eu\/\" \/>\n<meta property=\"og:site_name\" content=\"just-now.NEWS Deutschland\" \/>\n<meta property=\"article:publisher\" content=\"https:\/\/www.facebook.com\/wirmachenauf\" \/>\n<meta property=\"article:published_time\" content=\"2023-09-11T17:59:04+00:00\" \/>\n<meta property=\"og:image\" content=\"https:\/\/now-news.de\/de\/wp-content\/uploads\/sites\/3\/2023\/09\/Nach-quotSanktionierungquot-von-Seife-und-Klopapier-Medwedew-fordert-Aussetzung-der.jpg\" \/>\n\t<meta property=\"og:image:width\" content=\"460\" \/>\n\t<meta property=\"og:image:height\" content=\"259\" \/>\n\t<meta property=\"og:image:type\" content=\"image\/jpeg\" \/>\n<meta name=\"author\" content=\"rtnews\" \/>\n<meta name=\"twitter:card\" content=\"summary_large_image\" \/>\n<meta name=\"twitter:creator\" content=\"@WirMachenAuf_de\" \/>\n<meta name=\"twitter:site\" content=\"@WirMachenAuf_de\" \/>\n<meta name=\"twitter:label1\" content=\"Verfasst von\" \/>\n\t<meta name=\"twitter:data1\" content=\"rtnews\" \/>\n\t<meta name=\"twitter:label2\" content=\"Gesch\u00e4tzte Lesezeit\" \/>\n\t<meta name=\"twitter:data2\" content=\"4\u00a0Minuten\" \/>\n<script type=\"application\/ld+json\" class=\"yoast-schema-graph\">{\"@context\":\"https:\/\/schema.org\",\"@graph\":[{\"@type\":\"Article\",\"@id\":\"https:\/\/now-news.de\/de\/deutschland\/nach-sanktionierung-von-seife-und-klopapier-medwedew-fordert-aussetzung-der-beziehungen-zur-eu\/#article\",\"isPartOf\":{\"@id\":\"https:\/\/now-news.de\/de\/deutschland\/nach-sanktionierung-von-seife-und-klopapier-medwedew-fordert-aussetzung-der-beziehungen-zur-eu\/\"},\"author\":{\"name\":\"rtnews\",\"@id\":\"https:\/\/now-news.de\/de\/#\/schema\/person\/fb534a4e865501d8b3285208df34a9b5\"},\"headline\":\"Nach &quot;Sanktionierung&quot; von Seife und Klopapier: Medwedew fordert Aussetzung der Beziehungen zur EU\",\"datePublished\":\"2023-09-11T17:59:04+00:00\",\"dateModified\":\"2023-09-11T17:59:04+00:00\",\"mainEntityOfPage\":{\"@id\":\"https:\/\/now-news.de\/de\/deutschland\/nach-sanktionierung-von-seife-und-klopapier-medwedew-fordert-aussetzung-der-beziehungen-zur-eu\/\"},\"wordCount\":781,\"commentCount\":0,\"publisher\":{\"@id\":\"https:\/\/now-news.de\/de\/#organization\"},\"image\":{\"@id\":\"https:\/\/now-news.de\/de\/deutschland\/nach-sanktionierung-von-seife-und-klopapier-medwedew-fordert-aussetzung-der-beziehungen-zur-eu\/#primaryimage\"},\"thumbnailUrl\":\"https:\/\/now-news.de\/de\/wp-content\/uploads\/sites\/3\/2023\/09\/Nach-quotSanktionierungquot-von-Seife-und-Klopapier-Medwedew-fordert-Aussetzung-der.jpg\",\"keywords\":[\"Aussetzung\",\"Beziehungen\",\"der\",\"fordert\",\"Klopapier\",\"Medwedew\",\"nach\",\"quotSanktionierungquot\",\"Seife\",\"und\",\"von\",\"zur\"],\"articleSection\":[\"Deutschland\",\"Russland\"],\"inLanguage\":\"de\",\"potentialAction\":[{\"@type\":\"CommentAction\",\"name\":\"Comment\",\"target\":[\"https:\/\/now-news.de\/de\/deutschland\/nach-sanktionierung-von-seife-und-klopapier-medwedew-fordert-aussetzung-der-beziehungen-zur-eu\/#respond\"]}]},{\"@type\":\"WebPage\",\"@id\":\"https:\/\/now-news.de\/de\/deutschland\/nach-sanktionierung-von-seife-und-klopapier-medwedew-fordert-aussetzung-der-beziehungen-zur-eu\/\",\"url\":\"https:\/\/now-news.de\/de\/deutschland\/nach-sanktionierung-von-seife-und-klopapier-medwedew-fordert-aussetzung-der-beziehungen-zur-eu\/\",\"name\":\"Nach &quot;Sanktionierung&quot; von Seife und Klopapier: Medwedew fordert Aussetzung der Beziehungen zur EU - just-now.NEWS Deutschland\",\"isPartOf\":{\"@id\":\"https:\/\/now-news.de\/de\/#website\"},\"primaryImageOfPage\":{\"@id\":\"https:\/\/now-news.de\/de\/deutschland\/nach-sanktionierung-von-seife-und-klopapier-medwedew-fordert-aussetzung-der-beziehungen-zur-eu\/#primaryimage\"},\"image\":{\"@id\":\"https:\/\/now-news.de\/de\/deutschland\/nach-sanktionierung-von-seife-und-klopapier-medwedew-fordert-aussetzung-der-beziehungen-zur-eu\/#primaryimage\"},\"thumbnailUrl\":\"https:\/\/now-news.de\/de\/wp-content\/uploads\/sites\/3\/2023\/09\/Nach-quotSanktionierungquot-von-Seife-und-Klopapier-Medwedew-fordert-Aussetzung-der.jpg\",\"datePublished\":\"2023-09-11T17:59:04+00:00\",\"dateModified\":\"2023-09-11T17:59:04+00:00\",\"breadcrumb\":{\"@id\":\"https:\/\/now-news.de\/de\/deutschland\/nach-sanktionierung-von-seife-und-klopapier-medwedew-fordert-aussetzung-der-beziehungen-zur-eu\/#breadcrumb\"},\"inLanguage\":\"de\",\"potentialAction\":[{\"@type\":\"ReadAction\",\"target\":[\"https:\/\/now-news.de\/de\/deutschland\/nach-sanktionierung-von-seife-und-klopapier-medwedew-fordert-aussetzung-der-beziehungen-zur-eu\/\"]}]},{\"@type\":\"ImageObject\",\"inLanguage\":\"de\",\"@id\":\"https:\/\/now-news.de\/de\/deutschland\/nach-sanktionierung-von-seife-und-klopapier-medwedew-fordert-aussetzung-der-beziehungen-zur-eu\/#primaryimage\",\"url\":\"https:\/\/now-news.de\/de\/wp-content\/uploads\/sites\/3\/2023\/09\/Nach-quotSanktionierungquot-von-Seife-und-Klopapier-Medwedew-fordert-Aussetzung-der.jpg\",\"contentUrl\":\"https:\/\/now-news.de\/de\/wp-content\/uploads\/sites\/3\/2023\/09\/Nach-quotSanktionierungquot-von-Seife-und-Klopapier-Medwedew-fordert-Aussetzung-der.jpg\",\"width\":460,\"height\":259,\"caption\":\"Nach &quot;Sanktionierung&quot; von Seife und Klopapier: Medwedew fordert Aussetzung der Beziehungen zur EU\"},{\"@type\":\"BreadcrumbList\",\"@id\":\"https:\/\/now-news.de\/de\/deutschland\/nach-sanktionierung-von-seife-und-klopapier-medwedew-fordert-aussetzung-der-beziehungen-zur-eu\/#breadcrumb\",\"itemListElement\":[{\"@type\":\"ListItem\",\"position\":1,\"name\":\"Home\",\"item\":\"https:\/\/now-news.de\/de\/\"},{\"@type\":\"ListItem\",\"position\":2,\"name\":\"Nach &quot;Sanktionierung&quot; von Seife und Klopapier: Medwedew fordert Aussetzung der Beziehungen zur EU\"}]},{\"@type\":\"WebSite\",\"@id\":\"https:\/\/now-news.de\/de\/#website\",\"url\":\"https:\/\/now-news.de\/de\/\",\"name\":\"just-now.NEWS Deutschland\",\"description\":\"Das Portal f\u00fcr unzensierte Nachrichten aus der Welt\",\"publisher\":{\"@id\":\"https:\/\/now-news.de\/de\/#organization\"},\"potentialAction\":[{\"@type\":\"SearchAction\",\"target\":{\"@type\":\"EntryPoint\",\"urlTemplate\":\"https:\/\/now-news.de\/de\/?s={search_term_string}\"},\"query-input\":\"required name=search_term_string\"}],\"inLanguage\":\"de\"},{\"@type\":\"Organization\",\"@id\":\"https:\/\/now-news.de\/de\/#organization\",\"name\":\"Just Now News\",\"url\":\"https:\/\/now-news.de\/de\/\",\"logo\":{\"@type\":\"ImageObject\",\"inLanguage\":\"de\",\"@id\":\"https:\/\/now-news.de\/de\/#\/schema\/logo\/image\/\",\"url\":\"http:\/\/just-now.news\/de\/wp-content\/uploads\/sites\/3\/2022\/04\/logo500x500.jpg\",\"contentUrl\":\"http:\/\/just-now.news\/de\/wp-content\/uploads\/sites\/3\/2022\/04\/logo500x500.jpg\",\"width\":500,\"height\":500,\"caption\":\"Just Now News\"},\"image\":{\"@id\":\"https:\/\/now-news.de\/de\/#\/schema\/logo\/image\/\"},\"sameAs\":[\"https:\/\/www.facebook.com\/wirmachenauf\",\"https:\/\/x.com\/WirMachenAuf_de\"]},{\"@type\":\"Person\",\"@id\":\"https:\/\/now-news.de\/de\/#\/schema\/person\/fb534a4e865501d8b3285208df34a9b5\",\"name\":\"rtnews\",\"image\":{\"@type\":\"ImageObject\",\"inLanguage\":\"de\",\"@id\":\"https:\/\/now-news.de\/de\/#\/schema\/person\/image\/\",\"url\":\"https:\/\/secure.gravatar.com\/avatar\/82aafea7d8127119dd649515f56e2117?s=96&d=mm&r=g\",\"contentUrl\":\"https:\/\/secure.gravatar.com\/avatar\/82aafea7d8127119dd649515f56e2117?s=96&d=mm&r=g\",\"caption\":\"rtnews\"},\"url\":\"https:\/\/now-news.de\/de\/author\/rnews\/\"}]}<\/script>\n<!-- \/ Yoast SEO Premium plugin. -->","yoast_head_json":{"title":"Nach &quot;Sanktionierung&quot; von Seife und Klopapier: Medwedew fordert Aussetzung der Beziehungen zur EU - just-now.NEWS Deutschland","robots":{"index":"index","follow":"follow","max-snippet":"max-snippet:-1","max-image-preview":"max-image-preview:large","max-video-preview":"max-video-preview:-1"},"canonical":"https:\/\/now-news.de\/de\/deutschland\/nach-sanktionierung-von-seife-und-klopapier-medwedew-fordert-aussetzung-der-beziehungen-zur-eu\/","og_locale":"de_DE","og_type":"article","og_title":"Nach &quot;Sanktionierung&quot; von Seife und Klopapier: Medwedew fordert Aussetzung der Beziehungen zur EU","og_description":"Die aktualisierte Liste der EU-Kommission zu sanktionierten Artikeln hat in Russland eine Welle der Emp\u00f6rung hervorgerufen. Da russischen B\u00fcrgern nun bei \u00dcberquerung der EU-Grenze faktisch die Beschlagnahmung ihres gesamten Reisegep\u00e4cks droht, kommen sogar die h\u00e4rtesten Gegenma\u00dfnahmen ins Gespr\u00e4ch. Nachdem die deutschen Z\u00f6llner damit begonnen haben, russischen Staatsb\u00fcrgern bei der Grenz\u00fcberquerung ihre privaten Fahrzeuge wegzunehmen, hat [&hellip;]","og_url":"https:\/\/now-news.de\/de\/deutschland\/nach-sanktionierung-von-seife-und-klopapier-medwedew-fordert-aussetzung-der-beziehungen-zur-eu\/","og_site_name":"just-now.NEWS Deutschland","article_publisher":"https:\/\/www.facebook.com\/wirmachenauf","article_published_time":"2023-09-11T17:59:04+00:00","og_image":[{"width":460,"height":259,"url":"https:\/\/now-news.de\/de\/wp-content\/uploads\/sites\/3\/2023\/09\/Nach-quotSanktionierungquot-von-Seife-und-Klopapier-Medwedew-fordert-Aussetzung-der.jpg","type":"image\/jpeg"}],"author":"rtnews","twitter_card":"summary_large_image","twitter_creator":"@WirMachenAuf_de","twitter_site":"@WirMachenAuf_de","twitter_misc":{"Verfasst von":"rtnews","Gesch\u00e4tzte Lesezeit":"4\u00a0Minuten"},"schema":{"@context":"https:\/\/schema.org","@graph":[{"@type":"Article","@id":"https:\/\/now-news.de\/de\/deutschland\/nach-sanktionierung-von-seife-und-klopapier-medwedew-fordert-aussetzung-der-beziehungen-zur-eu\/#article","isPartOf":{"@id":"https:\/\/now-news.de\/de\/deutschland\/nach-sanktionierung-von-seife-und-klopapier-medwedew-fordert-aussetzung-der-beziehungen-zur-eu\/"},"author":{"name":"rtnews","@id":"https:\/\/now-news.de\/de\/#\/schema\/person\/fb534a4e865501d8b3285208df34a9b5"},"headline":"Nach &quot;Sanktionierung&quot; von Seife und Klopapier: Medwedew fordert Aussetzung der Beziehungen zur EU","datePublished":"2023-09-11T17:59:04+00:00","dateModified":"2023-09-11T17:59:04+00:00","mainEntityOfPage":{"@id":"https:\/\/now-news.de\/de\/deutschland\/nach-sanktionierung-von-seife-und-klopapier-medwedew-fordert-aussetzung-der-beziehungen-zur-eu\/"},"wordCount":781,"commentCount":0,"publisher":{"@id":"https:\/\/now-news.de\/de\/#organization"},"image":{"@id":"https:\/\/now-news.de\/de\/deutschland\/nach-sanktionierung-von-seife-und-klopapier-medwedew-fordert-aussetzung-der-beziehungen-zur-eu\/#primaryimage"},"thumbnailUrl":"https:\/\/now-news.de\/de\/wp-content\/uploads\/sites\/3\/2023\/09\/Nach-quotSanktionierungquot-von-Seife-und-Klopapier-Medwedew-fordert-Aussetzung-der.jpg","keywords":["Aussetzung","Beziehungen","der","fordert","Klopapier","Medwedew","nach","quotSanktionierungquot","Seife","und","von","zur"],"articleSection":["Deutschland","Russland"],"inLanguage":"de","potentialAction":[{"@type":"CommentAction","name":"Comment","target":["https:\/\/now-news.de\/de\/deutschland\/nach-sanktionierung-von-seife-und-klopapier-medwedew-fordert-aussetzung-der-beziehungen-zur-eu\/#respond"]}]},{"@type":"WebPage","@id":"https:\/\/now-news.de\/de\/deutschland\/nach-sanktionierung-von-seife-und-klopapier-medwedew-fordert-aussetzung-der-beziehungen-zur-eu\/","url":"https:\/\/now-news.de\/de\/deutschland\/nach-sanktionierung-von-seife-und-klopapier-medwedew-fordert-aussetzung-der-beziehungen-zur-eu\/","name":"Nach &quot;Sanktionierung&quot; von Seife und Klopapier: Medwedew fordert Aussetzung der Beziehungen zur EU - just-now.NEWS Deutschland","isPartOf":{"@id":"https:\/\/now-news.de\/de\/#website"},"primaryImageOfPage":{"@id":"https:\/\/now-news.de\/de\/deutschland\/nach-sanktionierung-von-seife-und-klopapier-medwedew-fordert-aussetzung-der-beziehungen-zur-eu\/#primaryimage"},"image":{"@id":"https:\/\/now-news.de\/de\/deutschland\/nach-sanktionierung-von-seife-und-klopapier-medwedew-fordert-aussetzung-der-beziehungen-zur-eu\/#primaryimage"},"thumbnailUrl":"https:\/\/now-news.de\/de\/wp-content\/uploads\/sites\/3\/2023\/09\/Nach-quotSanktionierungquot-von-Seife-und-Klopapier-Medwedew-fordert-Aussetzung-der.jpg","datePublished":"2023-09-11T17:59:04+00:00","dateModified":"2023-09-11T17:59:04+00:00","breadcrumb":{"@id":"https:\/\/now-news.de\/de\/deutschland\/nach-sanktionierung-von-seife-und-klopapier-medwedew-fordert-aussetzung-der-beziehungen-zur-eu\/#breadcrumb"},"inLanguage":"de","potentialAction":[{"@type":"ReadAction","target":["https:\/\/now-news.de\/de\/deutschland\/nach-sanktionierung-von-seife-und-klopapier-medwedew-fordert-aussetzung-der-beziehungen-zur-eu\/"]}]},{"@type":"ImageObject","inLanguage":"de","@id":"https:\/\/now-news.de\/de\/deutschland\/nach-sanktionierung-von-seife-und-klopapier-medwedew-fordert-aussetzung-der-beziehungen-zur-eu\/#primaryimage","url":"https:\/\/now-news.de\/de\/wp-content\/uploads\/sites\/3\/2023\/09\/Nach-quotSanktionierungquot-von-Seife-und-Klopapier-Medwedew-fordert-Aussetzung-der.jpg","contentUrl":"https:\/\/now-news.de\/de\/wp-content\/uploads\/sites\/3\/2023\/09\/Nach-quotSanktionierungquot-von-Seife-und-Klopapier-Medwedew-fordert-Aussetzung-der.jpg","width":460,"height":259,"caption":"Nach &quot;Sanktionierung&quot; von Seife und Klopapier: Medwedew fordert Aussetzung der Beziehungen zur EU"},{"@type":"BreadcrumbList","@id":"https:\/\/now-news.de\/de\/deutschland\/nach-sanktionierung-von-seife-und-klopapier-medwedew-fordert-aussetzung-der-beziehungen-zur-eu\/#breadcrumb","itemListElement":[{"@type":"ListItem","position":1,"name":"Home","item":"https:\/\/now-news.de\/de\/"},{"@type":"ListItem","position":2,"name":"Nach &quot;Sanktionierung&quot; von Seife und Klopapier: Medwedew fordert Aussetzung der Beziehungen zur EU"}]},{"@type":"WebSite","@id":"https:\/\/now-news.de\/de\/#website","url":"https:\/\/now-news.de\/de\/","name":"just-now.NEWS Deutschland","description":"Das Portal f\u00fcr unzensierte Nachrichten aus der Welt","publisher":{"@id":"https:\/\/now-news.de\/de\/#organization"},"potentialAction":[{"@type":"SearchAction","target":{"@type":"EntryPoint","urlTemplate":"https:\/\/now-news.de\/de\/?s={search_term_string}"},"query-input":"required name=search_term_string"}],"inLanguage":"de"},{"@type":"Organization","@id":"https:\/\/now-news.de\/de\/#organization","name":"Just Now News","url":"https:\/\/now-news.de\/de\/","logo":{"@type":"ImageObject","inLanguage":"de","@id":"https:\/\/now-news.de\/de\/#\/schema\/logo\/image\/","url":"http:\/\/just-now.news\/de\/wp-content\/uploads\/sites\/3\/2022\/04\/logo500x500.jpg","contentUrl":"http:\/\/just-now.news\/de\/wp-content\/uploads\/sites\/3\/2022\/04\/logo500x500.jpg","width":500,"height":500,"caption":"Just Now News"},"image":{"@id":"https:\/\/now-news.de\/de\/#\/schema\/logo\/image\/"},"sameAs":["https:\/\/www.facebook.com\/wirmachenauf","https:\/\/x.com\/WirMachenAuf_de"]},{"@type":"Person","@id":"https:\/\/now-news.de\/de\/#\/schema\/person\/fb534a4e865501d8b3285208df34a9b5","name":"rtnews","image":{"@type":"ImageObject","inLanguage":"de","@id":"https:\/\/now-news.de\/de\/#\/schema\/person\/image\/","url":"https:\/\/secure.gravatar.com\/avatar\/82aafea7d8127119dd649515f56e2117?s=96&d=mm&r=g","contentUrl":"https:\/\/secure.gravatar.com\/avatar\/82aafea7d8127119dd649515f56e2117?s=96&d=mm&r=g","caption":"rtnews"},"url":"https:\/\/now-news.de\/de\/author\/rnews\/"}]}},"_links":{"self":[{"href":"https:\/\/now-news.de\/de\/wp-json\/wp\/v2\/posts\/46154"}],"collection":[{"href":"https:\/\/now-news.de\/de\/wp-json\/wp\/v2\/posts"}],"about":[{"href":"https:\/\/now-news.de\/de\/wp-json\/wp\/v2\/types\/post"}],"author":[{"embeddable":true,"href":"https:\/\/now-news.de\/de\/wp-json\/wp\/v2\/users\/3"}],"replies":[{"embeddable":true,"href":"https:\/\/now-news.de\/de\/wp-json\/wp\/v2\/comments?post=46154"}],"version-history":[{"count":0,"href":"https:\/\/now-news.de\/de\/wp-json\/wp\/v2\/posts\/46154\/revisions"}],"wp:featuredmedia":[{"embeddable":true,"href":"https:\/\/now-news.de\/de\/wp-json\/wp\/v2\/media\/46155"}],"wp:attachment":[{"href":"https:\/\/now-news.de\/de\/wp-json\/wp\/v2\/media?parent=46154"}],"wp:term":[{"taxonomy":"category","embeddable":true,"href":"https:\/\/now-news.de\/de\/wp-json\/wp\/v2\/categories?post=46154"},{"taxonomy":"post_tag","embeddable":true,"href":"https:\/\/now-news.de\/de\/wp-json\/wp\/v2\/tags?post=46154"}],"curies":[{"name":"wp","href":"https:\/\/api.w.org\/{rel}","templated":true}]}}