{"id":46079,"date":"2023-09-10T17:19:19","date_gmt":"2023-09-10T15:19:19","guid":{"rendered":"https:\/\/just-now.news\/de\/deutschland\/indien-mit-seinem-urspruenglichen-namen-bharat-zu-bezeichnen-entspricht-dem-trend-der-zeit\/"},"modified":"2023-09-10T17:19:19","modified_gmt":"2023-09-10T15:19:19","slug":"indien-mit-seinem-urspruenglichen-namen-bharat-zu-bezeichnen-entspricht-dem-trend-der-zeit","status":"publish","type":"post","link":"https:\/\/now-news.de\/de\/deutschland\/indien-mit-seinem-urspruenglichen-namen-bharat-zu-bezeichnen-entspricht-dem-trend-der-zeit\/","title":{"rendered":"Indien mit seinem urspr\u00fcnglichen Namen Bharat zu bezeichnen, entspricht dem Trend der Zeit"},"content":{"rendered":"<p><img decoding=\"async\" src=\"http:\/\/just-now.news\/de\/wp-content\/uploads\/sites\/3\/2023\/09\/64fc76be48fbef172625e075.jpg\" \/><\/p>\n<div class=\"Text-root Text-type_1 \">\n                Die BJP hat ihrem Volk gezeigt, dass ihre Anf\u00fchrer die ideell-psychologischen Fesseln der kolonialen Vergangenheit sprengen, und dies wiederum zeigt der Welt, dass Bharat mit Stolz zu seiner historischen Rolle als global bedeutender Zivilisationsstaat zur\u00fcckkehrt.\n            <\/div>\n<p><\/p>\n<div class=\"Text-root Text-type_5 ArticleView-text ViewText-root \">\n<p><em>Von Andrew Korybko<\/em><\/p>\n<p>Die Entscheidung, Draupadi Murmu in den soeben verschickten offiziellen Einladungen zum G20-Dinner als &#8220;Pr\u00e4sidentin von Bharat&#8221; statt als &#8220;Pr\u00e4sidentin von Indien&#8221; zu bezeichnen, hat <a rel=\"nofollow noopener\" target=\"_blank\" href=\"https:\/\/www.aljazeera.com\/news\/2023\/9\/6\/india-or-bharat-whats-behind-the-dispute-over-the-countrys-name\">Spekulationen dar\u00fcber ausgel\u00f6st<\/a>, dass die regierende BJP h\u00e4ufiger den einheimischen Namen ihres Landes anstelle des exogenen verwenden wird. F\u00fcr diejenigen, die es nicht wissen: Bharat ist der alte Sanskrit-Name, den die Einheimischen seit Jahrtausenden verwenden, w\u00e4hrend Indien von Ausl\u00e4ndern erfunden wurde. Beide sind in der <a rel=\"nofollow noopener\" target=\"_blank\" href=\"https:\/\/www.constitutionofindia.net\/articles\/article-1-name-and-territory-of-the-union\/\">Verfassung<\/a> enthalten, aber Indien wurde bisher von den Beh\u00f6rden bevorzugt.<\/p>\n<p>Kritiker behaupten, Bharat sei zu einer Hundepfeife geworden, um Islamophobie zu signalisieren, und beschuldigen die BJP, diese als Waffe einzusetzen. Die <a rel=\"nofollow noopener\" target=\"_blank\" href=\"https:\/\/timesofindia.indiatimes.com\/india\/in-10-charts-how-bjp-became-a-political-juggernaut-in-4-decades\/articleshow\/90680606.cms\">gr\u00f6\u00dfte politische Partei der Welt<\/a> bestreitet indes diese Behauptung und besteht darauf, dass ihre B\u00fcrger das Recht haben, ihr Land mit Stolz so zu nennen, wie es ihre Vorfahren immer getan haben. Unabh\u00e4ngig davon, was man von der BJP h\u00e4lt, l\u00e4sst sich nicht leugnen, dass es dem Trend der Zeit entspricht, Indien mit seinem urspr\u00fcnglichen Namen &#8220;Bharat&#8221; zu bezeichnen.<\/p>\n<p>Zur Erl\u00e4uterung: Die internationalen Beziehungen nehmen allm\u00e4hlich wieder die Dimensionen interzivilisatorischer Beziehungen an, wobei die Zivilisationen rasch zu ihrem verlorenen Status als Subjekte der Au\u00dfenpolitik zur\u00fcckkehren. Der russische Wissenschaftler Leonid Sawin hat diese Entwicklung in seinem 2020 erschienenen Buch mit dem Titel &#8220;Ordo Pluriversalis: The End Of Pax Americana And The Rise Of Multipolarity&#8221; beschrieben, das <a rel=\"nofollow noopener\" target=\"_blank\" href=\"https:\/\/www.geopolitika.ru\/en\/article\/end-pax-americana-and-rise-multipolarity\">hier<\/a> kurz nach seiner Ver\u00f6ffentlichung rezensiert wurde.<\/p>\n<p>F\u00fcr den vorliegenden Beitrag ist von Bedeutung, dass sich die BJP das alte Erbe ihres Zivilisationsstaates zu eigen macht und es f\u00fcr Soft Power, Handel und Prestigezwecke einsetzt. Das, was die Welt heute gemeinhin als Indien bezeichnet, \u00fcbte \u00fcber Jahrtausende hinweg einen weitreichenden Einfluss aus, der sich von Zentral- bis S\u00fcdostasien erstreckte und dessen sprachliche Dimension sogar noch weiter reichte und die Grundlage der sogenannten indoeurop\u00e4ischen Sprachfamilie bildete.<\/p>\n<p>Das Erbe dieser zivilisatorischen Kr\u00e4fte geh\u00f6rt zu den m\u00e4chtigsten und dauerhaftesten in der gesamten Menschheitsgeschichte, denn es ist der Ursprung der Demokratie und, wie einige \u00fcberzeugend argumentiert haben, auch der Philosophie. Ein Teil der Anziehungskraft, die die BJP auf ihre Basis aus\u00fcbt, besteht darin, dass sie dieses unendlich reiche Erbe aktiv anzapft, um den vorkolonialen Stolz wiederherzustellen, den ihr Volk gepflegt hatte, bevor es von den Briten geteilt und regiert wurde. Daran ist nichts auszusetzen, denn die meisten gro\u00dfen Kr\u00e4fte in der Welt tun etwas \u00c4hnliches.<\/p>\n<p>Die meisten Muslime haben diesen Stolz nie verloren und sich auch nicht davor gescheut, ihn \u00f6ffentlich zum Ausdruck zu bringen, w\u00e4hrend beispielsweise die Chinesen, die Russen und sogar die Menschen im Westen zu ihrer fr\u00fcheren Einstellung zur\u00fcckkehren, die sie fr\u00fcher unter ausl\u00e4ndischem (westlichem) oder ideologischem (linkem\/liberalem\/sozialistischem\/kommunistischem) Einfluss aufgegeben haben. Dieser Trend sollte nicht mit Faschismus, Vorherrschaft oder Isolationismus gleichgesetzt werden, denn er ist tats\u00e4chlich demokratisch, inklusiv und nach au\u00dfen gerichtet, wie nun klargestellt werden wird.<\/p>\n<p>Zwar wird es in jeder Gesellschaft immer einige faule \u00c4pfel geben, die versuchen, verwerfliche Bigotterie oder Schlimmeres auf dieser Grundlage zu rechtfertigen. Doch die gro\u00dfe Mehrheit der Menschen in diesen Gesellschaften ist stolz auf ihr zivilisatorisches Erbe, weshalb dieser Trend demokratisch ist. Er ist auch inklusiv, da er die Beitr\u00e4ge aller ihrer historischen und gegenw\u00e4rtigen Mitglieder anerkennt, oder zumindest sollte sie das in ihrer idealen Form, auf die die Bef\u00fcrworter offiziell hinarbeiten, w\u00e4hrend die nach au\u00dfen gerichtete Beschreibung sich auf ihre Funktion in der heute entstehenden Weltordnung bezieht.<\/p>\n<p>Zum letztgenannten Punkt ist zu sagen, dass das fr\u00fchere Modell der Globalisierung, das durch westliche Zentriertheit und die Durchsetzung eines extremen <a rel=\"nofollow noopener\" target=\"_blank\" href=\"https:\/\/korybko.substack.com\/p\/the-wests-liberal-globalist-elite\">Liberalismus<\/a> gekennzeichnet war, aufgrund der Fehler der US-Pr\u00e4sidenten seit 2001, der Finanzkrise von 2008, des chinesisch-US-amerikanischen Handelskriegs, COVID-19 und des <a rel=\"nofollow noopener\" target=\"_blank\" href=\"https:\/\/astutenews.com\/2022\/03\/russia-is-waging-an-existential-struggle-in-defense-of-its-independence-sovereignty\/\">Ukraine<\/a>&#8211;<a rel=\"nofollow noopener\" target=\"_blank\" href=\"https:\/\/korybko.substack.com\/p\/putin-reminded-everyone-that-russia\">Konflikts<\/a> ins Wanken geraten ist. Dies f\u00fchrte zu einer Zweiteilung der US-Elite in <a rel=\"nofollow noopener\" target=\"_blank\" href=\"https:\/\/astutenews.com\/2022\/05\/whats-dishonestly-smeared-as-russian-propaganda-is-just-the-multipolar-worldview\/\">Libera<\/a><a rel=\"nofollow noopener\" target=\"_blank\" href=\"https:\/\/korybko.substack.com\/p\/the-wests-liberal-globalist-elite\">lglobalisten<\/a>, die immer noch an diesem Modell festhalten, und eine vergleichsweise pragmatische Fraktion, die sich damit abfindet, Dezentralisierungsprozesse zuzulassen.<\/p>\n<p>Sie konkurrieren heftig miteinander \u00fcber die US-Politik gegen\u00fcber <a rel=\"nofollow noopener\" target=\"_blank\" href=\"https:\/\/korybko.substack.com\/p\/the-indian-opposition-wants-to-force\">Bharat<\/a>, <a rel=\"nofollow noopener\" target=\"_blank\" href=\"https:\/\/korybko.substack.com\/p\/indias-reported-pushback-against\">Bangladesch<\/a> und <a rel=\"nofollow noopener\" target=\"_blank\" href=\"https:\/\/korybko.substack.com\/p\/vivek-ramaswamys-plan-for-ending\">Russland<\/a>, um nur die drei geostrategisch folgenreichsten Beispiele zu nennen, aber die Gesamtrichtung der globalen Ereignisse bewegt sich in Richtung Multipolarit\u00e4t, mit der sich die pragmatische Fraktion bereits abgefunden hat. Die Dynamik, die durch diese sozio\u00f6konomischen, ideellen und politischen Dezentralisierungsprozesse ausgel\u00f6st wird, beschleunigt den Aufstieg gro\u00dfer nicht-westlicher Staaten und st\u00e4rkt ihre zivilisatorischen Ausdrucksformen.<\/p>\n<p>Keine dieser Zivilisationen will sich isolieren. Vielmehr sind sie alle bestrebt, unter diesen neuen Bedingungen miteinander in Kontakt zu treten, da sie glauben, dass dies die Menschheit viel mehr bereichern wird, als wenn sich alle weiter in Richtung Homogenit\u00e4t bewegen w\u00fcrden, wie es der Fall gewesen w\u00e4re, wenn das vorherige Modell intakt geblieben w\u00e4re. Bharat kommt dabei eine besondere Rolle zu, da es der bev\u00f6lkerungsreichste Zivilisationsstaat ist und sich auch als <a rel=\"nofollow noopener\" target=\"_blank\" href=\"https:\/\/korybko.substack.com\/p\/the-british-high-commissioner-is\">informeller Anf\u00fchrer des <\/a><a rel=\"nofollow noopener\" target=\"_blank\" href=\"https:\/\/korybko.substack.com\/p\/indias-global-south-summit-is-the\">Globalen S\u00fcdens<\/a>\u00a0<a rel=\"nofollow noopener\" target=\"_blank\" href=\"https:\/\/korybko.substack.com\/p\/the-british-high-commissioner-is\">mit den Mitteln sieht<\/a>, die in <a rel=\"nofollow noopener\" target=\"_blank\" href=\"https:\/\/korybko.substack.com\/p\/towards-tri-multipolarity-the-golden\">dieser<\/a> ausf\u00fchrlichen Analyse beschrieben werden.<\/p>\n<p>Zu diesem Zweck gibt die BJP ein Beispiel f\u00fcr alle anderen Entwicklungsl\u00e4nder, indem sie den aus der Kolonialzeit stammenden exogenen Namen Indien ablegt, der von Imperialisten der Zivilisation auferlegt wurde, die von ihren Einheimischen stolz als Bharat bezeichnet wird. Und sie hat den G20-Gipfel gew\u00e4hlt, um maximale Aufmerksamkeit zu gew\u00e4hrleisten. Premierminister Modi und sein Team hoffen, dass andere sich ermutigt f\u00fchlen, diesem Beispiel zu folgen, indem sie mit Stolz die einheimischen Namen ihrer eigenen Staaten annehmen, um ihre V\u00f6lker zu inspirieren, alle Entkolonialisierungsprozesse vollst\u00e4ndig abzuschlie\u00dfen.<\/p>\n<p>Es ist das souver\u00e4ne Recht jeder Gesellschaft zu entscheiden, ob sie die Art und Weise, wie sie von anderen genannt wird, offiziell \u00e4ndert oder den in ihrer Verfassung verankerten einheimischen Namen bevorzugt, wie im Fall von Bharat. Aber es w\u00fcrde eine unmissverst\u00e4ndliche Botschaft an die Welt senden, wenn eine kritische Masse von ihnen dies in naher Zukunft tun w\u00fcrde. Der globale systemische \u00dcbergang zur Multipolarit\u00e4t ist unumkehrbar und f\u00fchrt dazu, dass die Au\u00dfenpolitik wieder eine interzivilisatorische Dimension annimmt, was dieser potenziell koordinierte Schritt unterstreichen w\u00fcrde.<\/p>\n<p>Unabh\u00e4ngig davon, was als N\u00e4chstes kommt, hat die BJP ihrem Volk gezeigt, dass ihre Anf\u00fchrer die ideell-psychologischen Fesseln der kolonialen Vergangenheit sprengen. Und dies wiederum zeigt der Welt, dass Bharat mit Stolz zu seiner historischen Rolle als global bedeutender Zivilisationsstaat zur\u00fcckkehrt. Daran ist nichts Kontroverses, und es ist auch keine bigotte Absicht zu erkennen. Indien bei seinem indigenen Namen zu nennen, entspricht dem Trend der Zeit und lenkt lediglich die Aufmerksamkeit auf die zivilisatorische Einzigartigkeit Bharats.<\/p>\n<p><strong><\/strong><em>Aus dem <a rel=\"nofollow noopener\" target=\"_blank\" href=\"https:\/\/korybko.substack.com\/p\/referring-to-india-by-its-indigenous\">Englischen<\/a>.<\/em><\/p>\n<p><em>Andrew Korybko ist ein in Moskau ans\u00e4ssiger US-Politologe, der sich auf die US-Strategie in Afrika und Eurasien sowie auf Chinas Belt &amp; Road Initiative, Russlands geopolitischen Balanceakt und hybride Kriegsf\u00fchrung spezialisiert hat.<\/em><\/p>\n<p><strong>Mehr zum Thema &#8211;<\/strong>\u00a0<a rel=\"nofollow noopener\" target=\"_blank\" href=\"https:\/\/freedert.online\/international\/180251-afrikanische-union-offiziell-in-g20\/\">Afrikanische Union offiziell in G20 aufgenommen<\/a><\/p>\n<\/p>\n<\/div>\n<p><br \/>\n<br \/><a href=\"https:\/\/de.rt.com\/international\/180253-indien-mit-seinem-urspruenglichen-namen-zu-bezeichnen-entspricht-dem-trend-der-zeit\/\">Source link <\/a><\/p>\n","protected":false},"excerpt":{"rendered":"<p>Die BJP hat ihrem Volk gezeigt, dass ihre Anf\u00fchrer die ideell-psychologischen Fesseln der kolonialen Vergangenheit sprengen, und dies wiederum zeigt der Welt, dass Bharat mit Stolz zu seiner historischen Rolle als global bedeutender Zivilisationsstaat zur\u00fcckkehrt. Von Andrew Korybko Die Entscheidung, Draupadi Murmu in den soeben verschickten offiziellen Einladungen zum G20-Dinner als &#8220;Pr\u00e4sidentin von Bharat&#8221; statt [&hellip;]<\/p>\n","protected":false},"author":3,"featured_media":46080,"comment_status":"open","ping_status":"open","sticky":false,"template":"","format":"standard","meta":{"_yoast_indexnow_last_ping":["1694359503"],"wp_automatic_camp":["217"],"de0063b994abf702895b6ad23e0fc03d":["Indien mit seinem urspr\u00fcnglichen Namen Bharat zu bezeichnen, entspricht dem Trend der Zeit"],"original_link":["https:\/\/de.rt.com\/international\/180253-indien-mit-seinem-urspruenglichen-namen-zu-bezeichnen-entspricht-dem-trend-der-zeit\/"],"_thumbnail_id":["46080"],"jnews_social_counter_last_update":["1777644784"],"_wptgpro_p2tg_sent2tg":["a:1:{i:23737;s:19:\"2023-09-10 17:26:28\";}"]},"categories":[19,23],"tags":[26083,48695,134,82,39252,356,419,24220,4258,4071,48694,2732],"yoast_head":"<!-- This site is optimized with the Yoast SEO Premium plugin v22.7 (Yoast SEO v22.7) - https:\/\/yoast.com\/wordpress\/plugins\/seo\/ -->\n<title>Indien mit seinem urspr\u00fcnglichen Namen Bharat zu bezeichnen, entspricht dem Trend der Zeit - just-now.NEWS Deutschland<\/title>\n<meta name=\"robots\" content=\"index, follow, max-snippet:-1, max-image-preview:large, max-video-preview:-1\" \/>\n<link rel=\"canonical\" href=\"https:\/\/now-news.de\/de\/deutschland\/indien-mit-seinem-urspruenglichen-namen-bharat-zu-bezeichnen-entspricht-dem-trend-der-zeit\/\" \/>\n<meta property=\"og:locale\" content=\"de_DE\" \/>\n<meta property=\"og:type\" content=\"article\" \/>\n<meta property=\"og:title\" content=\"Indien mit seinem urspr\u00fcnglichen Namen Bharat zu bezeichnen, entspricht dem Trend der Zeit\" \/>\n<meta property=\"og:description\" content=\"Die BJP hat ihrem Volk gezeigt, dass ihre Anf\u00fchrer die ideell-psychologischen Fesseln der kolonialen Vergangenheit sprengen, und dies wiederum zeigt der Welt, dass Bharat mit Stolz zu seiner historischen Rolle als global bedeutender Zivilisationsstaat zur\u00fcckkehrt. Von Andrew Korybko Die Entscheidung, Draupadi Murmu in den soeben verschickten offiziellen Einladungen zum G20-Dinner als &#8220;Pr\u00e4sidentin von Bharat&#8221; statt [&hellip;]\" \/>\n<meta property=\"og:url\" content=\"https:\/\/now-news.de\/de\/deutschland\/indien-mit-seinem-urspruenglichen-namen-bharat-zu-bezeichnen-entspricht-dem-trend-der-zeit\/\" \/>\n<meta property=\"og:site_name\" content=\"just-now.NEWS Deutschland\" \/>\n<meta property=\"article:publisher\" content=\"https:\/\/www.facebook.com\/wirmachenauf\" \/>\n<meta property=\"article:published_time\" content=\"2023-09-10T15:19:19+00:00\" \/>\n<meta property=\"og:image\" content=\"https:\/\/now-news.de\/de\/wp-content\/uploads\/sites\/3\/2023\/09\/Indien-mit-seinem-urspruenglichen-Namen-Bharat-zu-bezeichnen-entspricht-dem.jpg\" \/>\n\t<meta property=\"og:image:width\" content=\"460\" \/>\n\t<meta property=\"og:image:height\" content=\"259\" \/>\n\t<meta property=\"og:image:type\" content=\"image\/jpeg\" \/>\n<meta name=\"author\" content=\"rtnews\" \/>\n<meta name=\"twitter:card\" content=\"summary_large_image\" \/>\n<meta name=\"twitter:creator\" content=\"@WirMachenAuf_de\" \/>\n<meta name=\"twitter:site\" content=\"@WirMachenAuf_de\" \/>\n<meta name=\"twitter:label1\" content=\"Verfasst von\" \/>\n\t<meta name=\"twitter:data1\" content=\"rtnews\" \/>\n\t<meta name=\"twitter:label2\" content=\"Gesch\u00e4tzte Lesezeit\" \/>\n\t<meta name=\"twitter:data2\" content=\"6\u00a0Minuten\" \/>\n<script type=\"application\/ld+json\" class=\"yoast-schema-graph\">{\"@context\":\"https:\/\/schema.org\",\"@graph\":[{\"@type\":\"Article\",\"@id\":\"https:\/\/now-news.de\/de\/deutschland\/indien-mit-seinem-urspruenglichen-namen-bharat-zu-bezeichnen-entspricht-dem-trend-der-zeit\/#article\",\"isPartOf\":{\"@id\":\"https:\/\/now-news.de\/de\/deutschland\/indien-mit-seinem-urspruenglichen-namen-bharat-zu-bezeichnen-entspricht-dem-trend-der-zeit\/\"},\"author\":{\"name\":\"rtnews\",\"@id\":\"https:\/\/now-news.de\/de\/#\/schema\/person\/fb534a4e865501d8b3285208df34a9b5\"},\"headline\":\"Indien mit seinem urspr\u00fcnglichen Namen Bharat zu bezeichnen, entspricht dem Trend der Zeit\",\"datePublished\":\"2023-09-10T15:19:19+00:00\",\"dateModified\":\"2023-09-10T15:19:19+00:00\",\"mainEntityOfPage\":{\"@id\":\"https:\/\/now-news.de\/de\/deutschland\/indien-mit-seinem-urspruenglichen-namen-bharat-zu-bezeichnen-entspricht-dem-trend-der-zeit\/\"},\"wordCount\":1196,\"commentCount\":0,\"publisher\":{\"@id\":\"https:\/\/now-news.de\/de\/#organization\"},\"image\":{\"@id\":\"https:\/\/now-news.de\/de\/deutschland\/indien-mit-seinem-urspruenglichen-namen-bharat-zu-bezeichnen-entspricht-dem-trend-der-zeit\/#primaryimage\"},\"thumbnailUrl\":\"https:\/\/now-news.de\/de\/wp-content\/uploads\/sites\/3\/2023\/09\/Indien-mit-seinem-urspruenglichen-Namen-Bharat-zu-bezeichnen-entspricht-dem.jpg\",\"keywords\":[\"bezeichnen\",\"Bharat\",\"DEM\",\"der\",\"entspricht\",\"Indien\",\"mit\",\"Namen\",\"seinem\",\"trend\",\"urspr\u00fcnglichen\",\"Zeit\"],\"articleSection\":[\"Deutschland\",\"Russland\"],\"inLanguage\":\"de\",\"potentialAction\":[{\"@type\":\"CommentAction\",\"name\":\"Comment\",\"target\":[\"https:\/\/now-news.de\/de\/deutschland\/indien-mit-seinem-urspruenglichen-namen-bharat-zu-bezeichnen-entspricht-dem-trend-der-zeit\/#respond\"]}]},{\"@type\":\"WebPage\",\"@id\":\"https:\/\/now-news.de\/de\/deutschland\/indien-mit-seinem-urspruenglichen-namen-bharat-zu-bezeichnen-entspricht-dem-trend-der-zeit\/\",\"url\":\"https:\/\/now-news.de\/de\/deutschland\/indien-mit-seinem-urspruenglichen-namen-bharat-zu-bezeichnen-entspricht-dem-trend-der-zeit\/\",\"name\":\"Indien mit seinem urspr\u00fcnglichen Namen Bharat zu bezeichnen, entspricht dem Trend der Zeit - just-now.NEWS Deutschland\",\"isPartOf\":{\"@id\":\"https:\/\/now-news.de\/de\/#website\"},\"primaryImageOfPage\":{\"@id\":\"https:\/\/now-news.de\/de\/deutschland\/indien-mit-seinem-urspruenglichen-namen-bharat-zu-bezeichnen-entspricht-dem-trend-der-zeit\/#primaryimage\"},\"image\":{\"@id\":\"https:\/\/now-news.de\/de\/deutschland\/indien-mit-seinem-urspruenglichen-namen-bharat-zu-bezeichnen-entspricht-dem-trend-der-zeit\/#primaryimage\"},\"thumbnailUrl\":\"https:\/\/now-news.de\/de\/wp-content\/uploads\/sites\/3\/2023\/09\/Indien-mit-seinem-urspruenglichen-Namen-Bharat-zu-bezeichnen-entspricht-dem.jpg\",\"datePublished\":\"2023-09-10T15:19:19+00:00\",\"dateModified\":\"2023-09-10T15:19:19+00:00\",\"breadcrumb\":{\"@id\":\"https:\/\/now-news.de\/de\/deutschland\/indien-mit-seinem-urspruenglichen-namen-bharat-zu-bezeichnen-entspricht-dem-trend-der-zeit\/#breadcrumb\"},\"inLanguage\":\"de\",\"potentialAction\":[{\"@type\":\"ReadAction\",\"target\":[\"https:\/\/now-news.de\/de\/deutschland\/indien-mit-seinem-urspruenglichen-namen-bharat-zu-bezeichnen-entspricht-dem-trend-der-zeit\/\"]}]},{\"@type\":\"ImageObject\",\"inLanguage\":\"de\",\"@id\":\"https:\/\/now-news.de\/de\/deutschland\/indien-mit-seinem-urspruenglichen-namen-bharat-zu-bezeichnen-entspricht-dem-trend-der-zeit\/#primaryimage\",\"url\":\"https:\/\/now-news.de\/de\/wp-content\/uploads\/sites\/3\/2023\/09\/Indien-mit-seinem-urspruenglichen-Namen-Bharat-zu-bezeichnen-entspricht-dem.jpg\",\"contentUrl\":\"https:\/\/now-news.de\/de\/wp-content\/uploads\/sites\/3\/2023\/09\/Indien-mit-seinem-urspruenglichen-Namen-Bharat-zu-bezeichnen-entspricht-dem.jpg\",\"width\":460,\"height\":259,\"caption\":\"Indien mit seinem urspr\u00fcnglichen Namen Bharat zu bezeichnen, entspricht dem Trend der Zeit\"},{\"@type\":\"BreadcrumbList\",\"@id\":\"https:\/\/now-news.de\/de\/deutschland\/indien-mit-seinem-urspruenglichen-namen-bharat-zu-bezeichnen-entspricht-dem-trend-der-zeit\/#breadcrumb\",\"itemListElement\":[{\"@type\":\"ListItem\",\"position\":1,\"name\":\"Home\",\"item\":\"https:\/\/now-news.de\/de\/\"},{\"@type\":\"ListItem\",\"position\":2,\"name\":\"Indien mit seinem urspr\u00fcnglichen Namen Bharat zu bezeichnen, entspricht dem Trend der Zeit\"}]},{\"@type\":\"WebSite\",\"@id\":\"https:\/\/now-news.de\/de\/#website\",\"url\":\"https:\/\/now-news.de\/de\/\",\"name\":\"just-now.NEWS Deutschland\",\"description\":\"Das Portal f\u00fcr unzensierte Nachrichten aus der Welt\",\"publisher\":{\"@id\":\"https:\/\/now-news.de\/de\/#organization\"},\"potentialAction\":[{\"@type\":\"SearchAction\",\"target\":{\"@type\":\"EntryPoint\",\"urlTemplate\":\"https:\/\/now-news.de\/de\/?s={search_term_string}\"},\"query-input\":\"required name=search_term_string\"}],\"inLanguage\":\"de\"},{\"@type\":\"Organization\",\"@id\":\"https:\/\/now-news.de\/de\/#organization\",\"name\":\"Just Now News\",\"url\":\"https:\/\/now-news.de\/de\/\",\"logo\":{\"@type\":\"ImageObject\",\"inLanguage\":\"de\",\"@id\":\"https:\/\/now-news.de\/de\/#\/schema\/logo\/image\/\",\"url\":\"http:\/\/just-now.news\/de\/wp-content\/uploads\/sites\/3\/2022\/04\/logo500x500.jpg\",\"contentUrl\":\"http:\/\/just-now.news\/de\/wp-content\/uploads\/sites\/3\/2022\/04\/logo500x500.jpg\",\"width\":500,\"height\":500,\"caption\":\"Just Now News\"},\"image\":{\"@id\":\"https:\/\/now-news.de\/de\/#\/schema\/logo\/image\/\"},\"sameAs\":[\"https:\/\/www.facebook.com\/wirmachenauf\",\"https:\/\/x.com\/WirMachenAuf_de\"]},{\"@type\":\"Person\",\"@id\":\"https:\/\/now-news.de\/de\/#\/schema\/person\/fb534a4e865501d8b3285208df34a9b5\",\"name\":\"rtnews\",\"image\":{\"@type\":\"ImageObject\",\"inLanguage\":\"de\",\"@id\":\"https:\/\/now-news.de\/de\/#\/schema\/person\/image\/\",\"url\":\"https:\/\/secure.gravatar.com\/avatar\/82aafea7d8127119dd649515f56e2117?s=96&d=mm&r=g\",\"contentUrl\":\"https:\/\/secure.gravatar.com\/avatar\/82aafea7d8127119dd649515f56e2117?s=96&d=mm&r=g\",\"caption\":\"rtnews\"},\"url\":\"https:\/\/now-news.de\/de\/author\/rnews\/\"}]}<\/script>\n<!-- \/ Yoast SEO Premium plugin. -->","yoast_head_json":{"title":"Indien mit seinem urspr\u00fcnglichen Namen Bharat zu bezeichnen, entspricht dem Trend der Zeit - just-now.NEWS Deutschland","robots":{"index":"index","follow":"follow","max-snippet":"max-snippet:-1","max-image-preview":"max-image-preview:large","max-video-preview":"max-video-preview:-1"},"canonical":"https:\/\/now-news.de\/de\/deutschland\/indien-mit-seinem-urspruenglichen-namen-bharat-zu-bezeichnen-entspricht-dem-trend-der-zeit\/","og_locale":"de_DE","og_type":"article","og_title":"Indien mit seinem urspr\u00fcnglichen Namen Bharat zu bezeichnen, entspricht dem Trend der Zeit","og_description":"Die BJP hat ihrem Volk gezeigt, dass ihre Anf\u00fchrer die ideell-psychologischen Fesseln der kolonialen Vergangenheit sprengen, und dies wiederum zeigt der Welt, dass Bharat mit Stolz zu seiner historischen Rolle als global bedeutender Zivilisationsstaat zur\u00fcckkehrt. Von Andrew Korybko Die Entscheidung, Draupadi Murmu in den soeben verschickten offiziellen Einladungen zum G20-Dinner als &#8220;Pr\u00e4sidentin von Bharat&#8221; statt [&hellip;]","og_url":"https:\/\/now-news.de\/de\/deutschland\/indien-mit-seinem-urspruenglichen-namen-bharat-zu-bezeichnen-entspricht-dem-trend-der-zeit\/","og_site_name":"just-now.NEWS Deutschland","article_publisher":"https:\/\/www.facebook.com\/wirmachenauf","article_published_time":"2023-09-10T15:19:19+00:00","og_image":[{"width":460,"height":259,"url":"https:\/\/now-news.de\/de\/wp-content\/uploads\/sites\/3\/2023\/09\/Indien-mit-seinem-urspruenglichen-Namen-Bharat-zu-bezeichnen-entspricht-dem.jpg","type":"image\/jpeg"}],"author":"rtnews","twitter_card":"summary_large_image","twitter_creator":"@WirMachenAuf_de","twitter_site":"@WirMachenAuf_de","twitter_misc":{"Verfasst von":"rtnews","Gesch\u00e4tzte Lesezeit":"6\u00a0Minuten"},"schema":{"@context":"https:\/\/schema.org","@graph":[{"@type":"Article","@id":"https:\/\/now-news.de\/de\/deutschland\/indien-mit-seinem-urspruenglichen-namen-bharat-zu-bezeichnen-entspricht-dem-trend-der-zeit\/#article","isPartOf":{"@id":"https:\/\/now-news.de\/de\/deutschland\/indien-mit-seinem-urspruenglichen-namen-bharat-zu-bezeichnen-entspricht-dem-trend-der-zeit\/"},"author":{"name":"rtnews","@id":"https:\/\/now-news.de\/de\/#\/schema\/person\/fb534a4e865501d8b3285208df34a9b5"},"headline":"Indien mit seinem urspr\u00fcnglichen Namen Bharat zu bezeichnen, entspricht dem Trend der Zeit","datePublished":"2023-09-10T15:19:19+00:00","dateModified":"2023-09-10T15:19:19+00:00","mainEntityOfPage":{"@id":"https:\/\/now-news.de\/de\/deutschland\/indien-mit-seinem-urspruenglichen-namen-bharat-zu-bezeichnen-entspricht-dem-trend-der-zeit\/"},"wordCount":1196,"commentCount":0,"publisher":{"@id":"https:\/\/now-news.de\/de\/#organization"},"image":{"@id":"https:\/\/now-news.de\/de\/deutschland\/indien-mit-seinem-urspruenglichen-namen-bharat-zu-bezeichnen-entspricht-dem-trend-der-zeit\/#primaryimage"},"thumbnailUrl":"https:\/\/now-news.de\/de\/wp-content\/uploads\/sites\/3\/2023\/09\/Indien-mit-seinem-urspruenglichen-Namen-Bharat-zu-bezeichnen-entspricht-dem.jpg","keywords":["bezeichnen","Bharat","DEM","der","entspricht","Indien","mit","Namen","seinem","trend","urspr\u00fcnglichen","Zeit"],"articleSection":["Deutschland","Russland"],"inLanguage":"de","potentialAction":[{"@type":"CommentAction","name":"Comment","target":["https:\/\/now-news.de\/de\/deutschland\/indien-mit-seinem-urspruenglichen-namen-bharat-zu-bezeichnen-entspricht-dem-trend-der-zeit\/#respond"]}]},{"@type":"WebPage","@id":"https:\/\/now-news.de\/de\/deutschland\/indien-mit-seinem-urspruenglichen-namen-bharat-zu-bezeichnen-entspricht-dem-trend-der-zeit\/","url":"https:\/\/now-news.de\/de\/deutschland\/indien-mit-seinem-urspruenglichen-namen-bharat-zu-bezeichnen-entspricht-dem-trend-der-zeit\/","name":"Indien mit seinem urspr\u00fcnglichen Namen Bharat zu bezeichnen, entspricht dem Trend der Zeit - just-now.NEWS Deutschland","isPartOf":{"@id":"https:\/\/now-news.de\/de\/#website"},"primaryImageOfPage":{"@id":"https:\/\/now-news.de\/de\/deutschland\/indien-mit-seinem-urspruenglichen-namen-bharat-zu-bezeichnen-entspricht-dem-trend-der-zeit\/#primaryimage"},"image":{"@id":"https:\/\/now-news.de\/de\/deutschland\/indien-mit-seinem-urspruenglichen-namen-bharat-zu-bezeichnen-entspricht-dem-trend-der-zeit\/#primaryimage"},"thumbnailUrl":"https:\/\/now-news.de\/de\/wp-content\/uploads\/sites\/3\/2023\/09\/Indien-mit-seinem-urspruenglichen-Namen-Bharat-zu-bezeichnen-entspricht-dem.jpg","datePublished":"2023-09-10T15:19:19+00:00","dateModified":"2023-09-10T15:19:19+00:00","breadcrumb":{"@id":"https:\/\/now-news.de\/de\/deutschland\/indien-mit-seinem-urspruenglichen-namen-bharat-zu-bezeichnen-entspricht-dem-trend-der-zeit\/#breadcrumb"},"inLanguage":"de","potentialAction":[{"@type":"ReadAction","target":["https:\/\/now-news.de\/de\/deutschland\/indien-mit-seinem-urspruenglichen-namen-bharat-zu-bezeichnen-entspricht-dem-trend-der-zeit\/"]}]},{"@type":"ImageObject","inLanguage":"de","@id":"https:\/\/now-news.de\/de\/deutschland\/indien-mit-seinem-urspruenglichen-namen-bharat-zu-bezeichnen-entspricht-dem-trend-der-zeit\/#primaryimage","url":"https:\/\/now-news.de\/de\/wp-content\/uploads\/sites\/3\/2023\/09\/Indien-mit-seinem-urspruenglichen-Namen-Bharat-zu-bezeichnen-entspricht-dem.jpg","contentUrl":"https:\/\/now-news.de\/de\/wp-content\/uploads\/sites\/3\/2023\/09\/Indien-mit-seinem-urspruenglichen-Namen-Bharat-zu-bezeichnen-entspricht-dem.jpg","width":460,"height":259,"caption":"Indien mit seinem urspr\u00fcnglichen Namen Bharat zu bezeichnen, entspricht dem Trend der Zeit"},{"@type":"BreadcrumbList","@id":"https:\/\/now-news.de\/de\/deutschland\/indien-mit-seinem-urspruenglichen-namen-bharat-zu-bezeichnen-entspricht-dem-trend-der-zeit\/#breadcrumb","itemListElement":[{"@type":"ListItem","position":1,"name":"Home","item":"https:\/\/now-news.de\/de\/"},{"@type":"ListItem","position":2,"name":"Indien mit seinem urspr\u00fcnglichen Namen Bharat zu bezeichnen, entspricht dem Trend der Zeit"}]},{"@type":"WebSite","@id":"https:\/\/now-news.de\/de\/#website","url":"https:\/\/now-news.de\/de\/","name":"just-now.NEWS Deutschland","description":"Das Portal f\u00fcr unzensierte Nachrichten aus der Welt","publisher":{"@id":"https:\/\/now-news.de\/de\/#organization"},"potentialAction":[{"@type":"SearchAction","target":{"@type":"EntryPoint","urlTemplate":"https:\/\/now-news.de\/de\/?s={search_term_string}"},"query-input":"required name=search_term_string"}],"inLanguage":"de"},{"@type":"Organization","@id":"https:\/\/now-news.de\/de\/#organization","name":"Just Now News","url":"https:\/\/now-news.de\/de\/","logo":{"@type":"ImageObject","inLanguage":"de","@id":"https:\/\/now-news.de\/de\/#\/schema\/logo\/image\/","url":"http:\/\/just-now.news\/de\/wp-content\/uploads\/sites\/3\/2022\/04\/logo500x500.jpg","contentUrl":"http:\/\/just-now.news\/de\/wp-content\/uploads\/sites\/3\/2022\/04\/logo500x500.jpg","width":500,"height":500,"caption":"Just Now News"},"image":{"@id":"https:\/\/now-news.de\/de\/#\/schema\/logo\/image\/"},"sameAs":["https:\/\/www.facebook.com\/wirmachenauf","https:\/\/x.com\/WirMachenAuf_de"]},{"@type":"Person","@id":"https:\/\/now-news.de\/de\/#\/schema\/person\/fb534a4e865501d8b3285208df34a9b5","name":"rtnews","image":{"@type":"ImageObject","inLanguage":"de","@id":"https:\/\/now-news.de\/de\/#\/schema\/person\/image\/","url":"https:\/\/secure.gravatar.com\/avatar\/82aafea7d8127119dd649515f56e2117?s=96&d=mm&r=g","contentUrl":"https:\/\/secure.gravatar.com\/avatar\/82aafea7d8127119dd649515f56e2117?s=96&d=mm&r=g","caption":"rtnews"},"url":"https:\/\/now-news.de\/de\/author\/rnews\/"}]}},"_links":{"self":[{"href":"https:\/\/now-news.de\/de\/wp-json\/wp\/v2\/posts\/46079"}],"collection":[{"href":"https:\/\/now-news.de\/de\/wp-json\/wp\/v2\/posts"}],"about":[{"href":"https:\/\/now-news.de\/de\/wp-json\/wp\/v2\/types\/post"}],"author":[{"embeddable":true,"href":"https:\/\/now-news.de\/de\/wp-json\/wp\/v2\/users\/3"}],"replies":[{"embeddable":true,"href":"https:\/\/now-news.de\/de\/wp-json\/wp\/v2\/comments?post=46079"}],"version-history":[{"count":0,"href":"https:\/\/now-news.de\/de\/wp-json\/wp\/v2\/posts\/46079\/revisions"}],"wp:featuredmedia":[{"embeddable":true,"href":"https:\/\/now-news.de\/de\/wp-json\/wp\/v2\/media\/46080"}],"wp:attachment":[{"href":"https:\/\/now-news.de\/de\/wp-json\/wp\/v2\/media?parent=46079"}],"wp:term":[{"taxonomy":"category","embeddable":true,"href":"https:\/\/now-news.de\/de\/wp-json\/wp\/v2\/categories?post=46079"},{"taxonomy":"post_tag","embeddable":true,"href":"https:\/\/now-news.de\/de\/wp-json\/wp\/v2\/tags?post=46079"}],"curies":[{"name":"wp","href":"https:\/\/api.w.org\/{rel}","templated":true}]}}