{"id":46046,"date":"2023-09-09T19:26:31","date_gmt":"2023-09-09T17:26:31","guid":{"rendered":"https:\/\/just-now.news\/de\/deutschland\/umfrage-zum-heizungsgesetz-81-prozent-der-deutschen-sind-unzufrieden-mit-der-regierung\/"},"modified":"2023-09-09T19:26:31","modified_gmt":"2023-09-09T17:26:31","slug":"umfrage-zum-heizungsgesetz-81-prozent-der-deutschen-sind-unzufrieden-mit-der-regierung","status":"publish","type":"post","link":"https:\/\/now-news.de\/de\/deutschland\/umfrage-zum-heizungsgesetz-81-prozent-der-deutschen-sind-unzufrieden-mit-der-regierung\/","title":{"rendered":"Umfrage zum Heizungsgesetz: 81 Prozent der Deutschen sind unzufrieden mit der Regierung"},"content":{"rendered":"<p><img decoding=\"async\" src=\"http:\/\/just-now.news\/de\/wp-content\/uploads\/sites\/3\/2023\/09\/64fc694bb480cc3a4812bb08.jpeg\" \/><\/p>\n<div class=\"Text-root Text-type_1 \">\n                Die Ampelkoalition hat das umstrittene Heizungsgesetz unbeeindruckt vom Widerwillen eines Gro\u00dfteils der Bev\u00f6lkerung verabschiedet. Eine aktuelle Umfrage belegt indessen, wie weit sich die Politik von der Mehrheit der Bev\u00f6lkerung mittlerweile entfernt hat.\n            <\/div>\n<p><\/p>\n<div class=\"Text-root Text-type_5 ArticleView-text ViewText-root \">\n<p>Laut der Auffassung von Bundeswirtschaftsminister Robert Habeck (B\u00fcndnis 90\/Die Gr\u00fcnen) ist das gestern beschlossene sogenannte\u00a0Heizungsgesetz, &#8220;ein gutes Gesetz geworden&#8221;. Der Gesetzesentwurf sei, so Habeck, &#8220;intensiv diskutiert&#8221; worden, seinen Informationen zufolge &#8220;auch h\u00e4ufig am Abendbrottisch&#8221; der B\u00fcrger. Die im Vorfeld &#8220;ge\u00e4u\u00dferte Kritik&#8221; habe schlie\u00dflich dazu gef\u00fchrt, dass &#8220;das Gesetz besser geworden ist&#8221;, so Habecks Darlegungen in einem <em>X<\/em>&#8211;<a rel=\"nofollow noopener\" target=\"_blank\" href=\"https:\/\/twitter.com\/BMWK\/status\/1700143586728157658?ref_src=twsrc%5Etfw%7Ctwcamp%5Etweetembed%7Ctwterm%5E1700143586728157658%7Ctwgr%5Ee9593c2afbf8585ced6ebe05bba9e4cf4537afab%7Ctwcon%5Es1_&amp;ref_url=https%3A%2F%2Fde.rt.com%2Fgesellschaft%2F177846-taegliche-wahnsinn%2F\">Posting<\/a> vom 8. September. Eine aktuelle Umfrage im Auftrag der Initiative Neue Soziale Marktwirtschaft widerspricht dieser Wahrnehmung jedoch deutlich. Ein <a rel=\"nofollow noopener\" target=\"_blank\" href=\"https:\/\/www.fr.de\/wirtschaft\/heizungsgesetz-waermepumpe-robert-habeck-die-gruenen-heizen-initative-neue-soziale-marktwirtschaft-zr-92507489.html\">Artikel<\/a> der <em>Frankfurter Rundschau<\/em>\u00a0<em><\/em>(<em>FR<\/em>) fasst die Ergebnisse zusammen:<\/p>\n<blockquote>\n<p><em>&#8220;Heizungsgesetz laut Umfrage unbeliebt \u2013 auch bei den Gr\u00fcnen-W\u00e4hlern.\u00a081,5 Prozent der Besitzer dieser Modelle [von Gas- und \u00d6lheizungen \u2013 Anm. d. Red.] sind demnach mit der Arbeit der Bundesregierung rund ums Heizungsgesetz unzufrieden, nur 15,6 Prozent sind zufrieden. Selbst bei den Gr\u00fcnen-W\u00e4hlern sind nur 39,5 Prozent zufrieden, aber 50 Prozent unzufrieden.&#8221;<\/em><\/p>\n<\/blockquote>\n<p>Im Rahmen der Umfrage wurden demnach Besitzer von\u00a0Gas- und \u00d6lheizungen\u00a0kontaktiert und befragt. Die <em>Bild<\/em>-Zeitung <a rel=\"nofollow noopener\" target=\"_blank\" href=\"https:\/\/www.bild.de\/politik\/inland\/politik-inland\/heiz-gesetz-umfrage-hammer-mehrheit-der-gruenen-ist-unzufrieden-mit-geg-85343392.bild.html\">kommentierte<\/a> das Umfrageergebnis mit den Worten:<\/p>\n<ul>\n<li>\n<p>&#8220;66 Prozent der Deutschen halten die Novellierung des Geb\u00e4udeenergiegesetzes (Heiz-Gesetz) nicht f\u00fcr eine notwendige Ma\u00dfnahme zur Bek\u00e4mpfung des Klimawandels.<\/p>\n<\/li>\n<li>\n<p>69 Prozent wollen ihre derzeitige Gas- oder \u00d6lheizung nicht durch eine klimafreundliche Alternative ersetzen.<\/p>\n<\/li>\n<li>\n<p>81 Prozent f\u00fchlen sich von Habeck nicht ausreichend zum Heiz-Hammer informiert.&#8221;<\/p>\n<\/li>\n<\/ul>\n<p>Bei der Frage &#8220;Wie zufrieden sind Sie mit der Arbeit der Bundesregierung im Hinblick auf das Geb\u00e4udeenergiegesetz?&#8221; wurden auch die Wahlpr\u00e4ferenzen ber\u00fccksichtigt. Der <em>Bild<\/em>-Artikel erl\u00e4utert:<\/p>\n<blockquote>\n<p><em>&#8220;Laut der Umfrage ist die Unzufriedenheit unter den W\u00e4hlern von AfD, FDP und Union am h\u00f6chsten. Brisant: Obwohl die FDP als Regierungspartei f\u00fcr das Gesetz Mitverantwortung tr\u00e4gt, \u00fcbertrifft sie CDU\/CSU bei der Ablehnung.&#8221;<\/em><\/p>\n<\/blockquote>\n<div class=\"EmbedBlock-root EmbedBlock-twitter\">\n<div class=\"TwitterEmbed\">\n<blockquote class=\"twitter-tweet lazyload\" data-twitter=\"twitter-tweet\">\n<p lang=\"de\" dir=\"ltr\">Wieso <a rel=\"nofollow noopener\" target=\"_blank\" href=\"https:\/\/twitter.com\/fdp?ref_src=twsrc%5Etfw\">@fdp<\/a>? Kein einziger hat dagegen gestimmt. <a rel=\"nofollow noopener\" target=\"_blank\" href=\"https:\/\/t.co\/RafacyGRJT\">pic.twitter.com\/RafacyGRJT<\/a><\/p>\n<p>\u2014 marc friedrich (@marcfriedrich7) <a rel=\"nofollow noopener\" target=\"_blank\" href=\"https:\/\/twitter.com\/marcfriedrich7\/status\/1700230125210468863?ref_src=twsrc%5Etfw\">September 8, 2023<\/a><\/p><\/blockquote>\n<\/div>\n<\/div>\n<p>Die Unzufriedenheit der W\u00e4hler stellt sich je nach Parteipr\u00e4ferenz wie folgt dar (zufrieden\/ unzufrieden):<\/p>\n<ul>\n<li>B\u00fcndnis 90\/Die Gr\u00fcnen: 39,5 Prozent \/ 50 Prozent<\/li>\n<li>SPD: 46 \/ 50,1<\/li>\n<li>FDP: 3,0 \/ 96,2<\/li>\n<li>AfD: 0,2 \/ 99,8<\/li>\n<li>CDU 3,8 \/ 95,3<\/li>\n<li>Linke: 10,0 \/ 87,6<\/li>\n<\/ul>\n<p>In der <em>FR<\/em>-Umfrage wurden &#8220;auch konkrete Kritikpunkte am Heizungsgesetz abgefragt&#8221;. Demnach sorgen sich drei Viertel der Befragten, &#8220;dass die potenziellen Kosten f\u00fcr den Austausch Ihrer derzeitigen Gas- oder \u00d6lheizung sie finanziell \u00fcberfordern k\u00f6nnten&#8221;.\u00a0<\/p>\n<p>94 Prozent aller Besitzer\u00a0von\u00a0Gas- und \u00d6lheizungen sind mit ihren Modellen demnach auch weiterhin zufrieden. Selbst unter den Gr\u00fcnen-W\u00e4hlern zeigten sich 87 Prozent der Befragten zufrieden mit ihrer Heizung. 69,1 Prozent aller Besitzer haben der Umfrage zufolge nicht vor, ihre Gas- oder \u00d6lheizung &#8220;durch eine klimafreundliche Alternative zu ersetzen&#8221;.<\/p>\n<div class=\"EmbedBlock-root EmbedBlock-twitter\">\n<div class=\"TwitterEmbed\">\n<blockquote class=\"twitter-tweet lazyload\" data-twitter=\"twitter-tweet\">\n<p lang=\"de\" dir=\"ltr\">Das neue <a rel=\"nofollow noopener\" target=\"_blank\" href=\"https:\/\/twitter.com\/hashtag\/Geb%C3%A4udeenergiegesetz?src=hash&amp;ref_src=twsrc%5Etfw\">#Geb\u00e4udeenergiegesetz<\/a> bringt: Effektiven Klimaschutz, Absicherung vor hohen fossilen Energiepreisen und einen Schub f\u00fcr gr\u00fcne Technologien wie W\u00e4rmepumpen. Die umfassende finanzielle F\u00f6rderung garantiert, dass alle den Umstieg gut schaffen k\u00f6nnen. <a rel=\"nofollow noopener\" target=\"_blank\" href=\"https:\/\/twitter.com\/hashtag\/Heizungsgesetz?src=hash&amp;ref_src=twsrc%5Etfw\">#Heizungsgesetz<\/a><a rel=\"nofollow noopener\" target=\"_blank\" href=\"https:\/\/t.co\/Nq4NnQ9ikT\">pic.twitter.com\/Nq4NnQ9ikT<\/a><\/p>\n<p>\u2014 Bundesministerium f\u00fcr Wirtschaft und Klimaschutz (@BMWK) <a rel=\"nofollow noopener\" target=\"_blank\" href=\"https:\/\/twitter.com\/BMWK\/status\/1700143586728157658?ref_src=twsrc%5Etfw\">September 8, 2023<\/a><\/p><\/blockquote>\n<\/div>\n<\/div>\n<p><strong>Mehr zum Thema &#8211; <\/strong><a rel=\"nofollow noopener\" target=\"_blank\" href=\"https:\/\/freedert.online\/inland\/180160-preistreiberei-bei-lebensmitteln-fuer-extraprofite\/\">Preistreiberei bei Lebensmitteln f\u00fcr Extraprofite: Bundesregierung setzt Kontrollgesetz nicht um<\/a><\/p>\n<\/p>\n<\/div>\n<p><script async src=\"https:\/\/platform.twitter.com\/widgets.js\" charset=\"utf-8\"><\/script><br \/>\n<br \/><br \/>\n<br \/><a href=\"https:\/\/de.rt.com\/inland\/180256-umfrage-zum-heizungsgesetz-81-prozent\/\">Source link <\/a><\/p>\n","protected":false},"excerpt":{"rendered":"<p>Die Ampelkoalition hat das umstrittene Heizungsgesetz unbeeindruckt vom Widerwillen eines Gro\u00dfteils der Bev\u00f6lkerung verabschiedet. Eine aktuelle Umfrage belegt indessen, wie weit sich die Politik von der Mehrheit der Bev\u00f6lkerung mittlerweile entfernt hat. Laut der Auffassung von Bundeswirtschaftsminister Robert Habeck (B\u00fcndnis 90\/Die Gr\u00fcnen) ist das gestern beschlossene sogenannte\u00a0Heizungsgesetz, &#8220;ein gutes Gesetz geworden&#8221;. Der Gesetzesentwurf sei, so [&hellip;]<\/p>\n","protected":false},"author":3,"featured_media":46047,"comment_status":"open","ping_status":"open","sticky":false,"template":"","format":"standard","meta":{"_yoast_indexnow_last_ping":["1694281100"],"wp_automatic_camp":["217"],"fe69a33a25bcb062daf7502cfb56b451":["Umfrage zum Heizungsgesetz: 81 Prozent der Deutschen sind unzufrieden mit der Regierung"],"original_link":["https:\/\/de.rt.com\/inland\/180256-umfrage-zum-heizungsgesetz-81-prozent\/"],"_thumbnail_id":["46047"],"_wptgpro_p2tg_sent2tg":["a:1:{i:23737;s:19:\"2023-09-09 19:40:17\";}"],"jnews_social_counter_last_update":["1777351377"]},"categories":[19,23],"tags":[82,577,44716,419,1429,46,1046,1428,11564,565],"yoast_head":"<!-- This site is optimized with the Yoast SEO Premium plugin v22.7 (Yoast SEO v22.7) - https:\/\/yoast.com\/wordpress\/plugins\/seo\/ -->\n<title>Umfrage zum Heizungsgesetz: 81 Prozent der Deutschen sind unzufrieden mit der Regierung - just-now.NEWS Deutschland<\/title>\n<meta name=\"robots\" content=\"index, follow, max-snippet:-1, max-image-preview:large, max-video-preview:-1\" \/>\n<link rel=\"canonical\" href=\"https:\/\/now-news.de\/de\/deutschland\/umfrage-zum-heizungsgesetz-81-prozent-der-deutschen-sind-unzufrieden-mit-der-regierung\/\" \/>\n<meta property=\"og:locale\" content=\"de_DE\" \/>\n<meta property=\"og:type\" content=\"article\" \/>\n<meta property=\"og:title\" content=\"Umfrage zum Heizungsgesetz: 81 Prozent der Deutschen sind unzufrieden mit der Regierung\" \/>\n<meta property=\"og:description\" content=\"Die Ampelkoalition hat das umstrittene Heizungsgesetz unbeeindruckt vom Widerwillen eines Gro\u00dfteils der Bev\u00f6lkerung verabschiedet. Eine aktuelle Umfrage belegt indessen, wie weit sich die Politik von der Mehrheit der Bev\u00f6lkerung mittlerweile entfernt hat. Laut der Auffassung von Bundeswirtschaftsminister Robert Habeck (B\u00fcndnis 90\/Die Gr\u00fcnen) ist das gestern beschlossene sogenannte\u00a0Heizungsgesetz, &#8220;ein gutes Gesetz geworden&#8221;. Der Gesetzesentwurf sei, so [&hellip;]\" \/>\n<meta property=\"og:url\" content=\"https:\/\/now-news.de\/de\/deutschland\/umfrage-zum-heizungsgesetz-81-prozent-der-deutschen-sind-unzufrieden-mit-der-regierung\/\" \/>\n<meta property=\"og:site_name\" content=\"just-now.NEWS Deutschland\" \/>\n<meta property=\"article:publisher\" content=\"https:\/\/www.facebook.com\/wirmachenauf\" \/>\n<meta property=\"article:published_time\" content=\"2023-09-09T17:26:31+00:00\" \/>\n<meta property=\"og:image\" content=\"https:\/\/now-news.de\/de\/wp-content\/uploads\/sites\/3\/2023\/09\/Umfrage-zum-Heizungsgesetz-81-Prozent-der-Deutschen-sind-unzufrieden-mit.jpeg\" \/>\n\t<meta property=\"og:image:width\" content=\"460\" \/>\n\t<meta property=\"og:image:height\" content=\"259\" \/>\n\t<meta property=\"og:image:type\" content=\"image\/jpeg\" \/>\n<meta name=\"author\" content=\"rtnews\" \/>\n<meta name=\"twitter:card\" content=\"summary_large_image\" \/>\n<meta name=\"twitter:creator\" content=\"@WirMachenAuf_de\" \/>\n<meta name=\"twitter:site\" content=\"@WirMachenAuf_de\" \/>\n<meta name=\"twitter:label1\" content=\"Verfasst von\" \/>\n\t<meta name=\"twitter:data1\" content=\"rtnews\" \/>\n\t<meta name=\"twitter:label2\" content=\"Gesch\u00e4tzte Lesezeit\" \/>\n\t<meta name=\"twitter:data2\" content=\"3\u00a0Minuten\" \/>\n<script type=\"application\/ld+json\" class=\"yoast-schema-graph\">{\"@context\":\"https:\/\/schema.org\",\"@graph\":[{\"@type\":\"Article\",\"@id\":\"https:\/\/now-news.de\/de\/deutschland\/umfrage-zum-heizungsgesetz-81-prozent-der-deutschen-sind-unzufrieden-mit-der-regierung\/#article\",\"isPartOf\":{\"@id\":\"https:\/\/now-news.de\/de\/deutschland\/umfrage-zum-heizungsgesetz-81-prozent-der-deutschen-sind-unzufrieden-mit-der-regierung\/\"},\"author\":{\"name\":\"rtnews\",\"@id\":\"https:\/\/now-news.de\/de\/#\/schema\/person\/fb534a4e865501d8b3285208df34a9b5\"},\"headline\":\"Umfrage zum Heizungsgesetz: 81 Prozent der Deutschen sind unzufrieden mit der Regierung\",\"datePublished\":\"2023-09-09T17:26:31+00:00\",\"dateModified\":\"2023-09-09T17:26:31+00:00\",\"mainEntityOfPage\":{\"@id\":\"https:\/\/now-news.de\/de\/deutschland\/umfrage-zum-heizungsgesetz-81-prozent-der-deutschen-sind-unzufrieden-mit-der-regierung\/\"},\"wordCount\":521,\"commentCount\":0,\"publisher\":{\"@id\":\"https:\/\/now-news.de\/de\/#organization\"},\"image\":{\"@id\":\"https:\/\/now-news.de\/de\/deutschland\/umfrage-zum-heizungsgesetz-81-prozent-der-deutschen-sind-unzufrieden-mit-der-regierung\/#primaryimage\"},\"thumbnailUrl\":\"https:\/\/now-news.de\/de\/wp-content\/uploads\/sites\/3\/2023\/09\/Umfrage-zum-Heizungsgesetz-81-Prozent-der-Deutschen-sind-unzufrieden-mit.jpeg\",\"keywords\":[\"der\",\"Deutschen\",\"Heizungsgesetz\",\"mit\",\"Prozent\",\"Regierung\",\"sind\",\"Umfrage\",\"unzufrieden\",\"zum\"],\"articleSection\":[\"Deutschland\",\"Russland\"],\"inLanguage\":\"de\",\"potentialAction\":[{\"@type\":\"CommentAction\",\"name\":\"Comment\",\"target\":[\"https:\/\/now-news.de\/de\/deutschland\/umfrage-zum-heizungsgesetz-81-prozent-der-deutschen-sind-unzufrieden-mit-der-regierung\/#respond\"]}]},{\"@type\":\"WebPage\",\"@id\":\"https:\/\/now-news.de\/de\/deutschland\/umfrage-zum-heizungsgesetz-81-prozent-der-deutschen-sind-unzufrieden-mit-der-regierung\/\",\"url\":\"https:\/\/now-news.de\/de\/deutschland\/umfrage-zum-heizungsgesetz-81-prozent-der-deutschen-sind-unzufrieden-mit-der-regierung\/\",\"name\":\"Umfrage zum Heizungsgesetz: 81 Prozent der Deutschen sind unzufrieden mit der Regierung - just-now.NEWS Deutschland\",\"isPartOf\":{\"@id\":\"https:\/\/now-news.de\/de\/#website\"},\"primaryImageOfPage\":{\"@id\":\"https:\/\/now-news.de\/de\/deutschland\/umfrage-zum-heizungsgesetz-81-prozent-der-deutschen-sind-unzufrieden-mit-der-regierung\/#primaryimage\"},\"image\":{\"@id\":\"https:\/\/now-news.de\/de\/deutschland\/umfrage-zum-heizungsgesetz-81-prozent-der-deutschen-sind-unzufrieden-mit-der-regierung\/#primaryimage\"},\"thumbnailUrl\":\"https:\/\/now-news.de\/de\/wp-content\/uploads\/sites\/3\/2023\/09\/Umfrage-zum-Heizungsgesetz-81-Prozent-der-Deutschen-sind-unzufrieden-mit.jpeg\",\"datePublished\":\"2023-09-09T17:26:31+00:00\",\"dateModified\":\"2023-09-09T17:26:31+00:00\",\"breadcrumb\":{\"@id\":\"https:\/\/now-news.de\/de\/deutschland\/umfrage-zum-heizungsgesetz-81-prozent-der-deutschen-sind-unzufrieden-mit-der-regierung\/#breadcrumb\"},\"inLanguage\":\"de\",\"potentialAction\":[{\"@type\":\"ReadAction\",\"target\":[\"https:\/\/now-news.de\/de\/deutschland\/umfrage-zum-heizungsgesetz-81-prozent-der-deutschen-sind-unzufrieden-mit-der-regierung\/\"]}]},{\"@type\":\"ImageObject\",\"inLanguage\":\"de\",\"@id\":\"https:\/\/now-news.de\/de\/deutschland\/umfrage-zum-heizungsgesetz-81-prozent-der-deutschen-sind-unzufrieden-mit-der-regierung\/#primaryimage\",\"url\":\"https:\/\/now-news.de\/de\/wp-content\/uploads\/sites\/3\/2023\/09\/Umfrage-zum-Heizungsgesetz-81-Prozent-der-Deutschen-sind-unzufrieden-mit.jpeg\",\"contentUrl\":\"https:\/\/now-news.de\/de\/wp-content\/uploads\/sites\/3\/2023\/09\/Umfrage-zum-Heizungsgesetz-81-Prozent-der-Deutschen-sind-unzufrieden-mit.jpeg\",\"width\":460,\"height\":259,\"caption\":\"Umfrage zum Heizungsgesetz: 81 Prozent der Deutschen sind unzufrieden mit der Regierung\"},{\"@type\":\"BreadcrumbList\",\"@id\":\"https:\/\/now-news.de\/de\/deutschland\/umfrage-zum-heizungsgesetz-81-prozent-der-deutschen-sind-unzufrieden-mit-der-regierung\/#breadcrumb\",\"itemListElement\":[{\"@type\":\"ListItem\",\"position\":1,\"name\":\"Home\",\"item\":\"https:\/\/now-news.de\/de\/\"},{\"@type\":\"ListItem\",\"position\":2,\"name\":\"Umfrage zum Heizungsgesetz: 81 Prozent der Deutschen sind unzufrieden mit der Regierung\"}]},{\"@type\":\"WebSite\",\"@id\":\"https:\/\/now-news.de\/de\/#website\",\"url\":\"https:\/\/now-news.de\/de\/\",\"name\":\"just-now.NEWS Deutschland\",\"description\":\"Das Portal f\u00fcr unzensierte Nachrichten aus der Welt\",\"publisher\":{\"@id\":\"https:\/\/now-news.de\/de\/#organization\"},\"potentialAction\":[{\"@type\":\"SearchAction\",\"target\":{\"@type\":\"EntryPoint\",\"urlTemplate\":\"https:\/\/now-news.de\/de\/?s={search_term_string}\"},\"query-input\":\"required name=search_term_string\"}],\"inLanguage\":\"de\"},{\"@type\":\"Organization\",\"@id\":\"https:\/\/now-news.de\/de\/#organization\",\"name\":\"Just Now News\",\"url\":\"https:\/\/now-news.de\/de\/\",\"logo\":{\"@type\":\"ImageObject\",\"inLanguage\":\"de\",\"@id\":\"https:\/\/now-news.de\/de\/#\/schema\/logo\/image\/\",\"url\":\"http:\/\/just-now.news\/de\/wp-content\/uploads\/sites\/3\/2022\/04\/logo500x500.jpg\",\"contentUrl\":\"http:\/\/just-now.news\/de\/wp-content\/uploads\/sites\/3\/2022\/04\/logo500x500.jpg\",\"width\":500,\"height\":500,\"caption\":\"Just Now News\"},\"image\":{\"@id\":\"https:\/\/now-news.de\/de\/#\/schema\/logo\/image\/\"},\"sameAs\":[\"https:\/\/www.facebook.com\/wirmachenauf\",\"https:\/\/x.com\/WirMachenAuf_de\"]},{\"@type\":\"Person\",\"@id\":\"https:\/\/now-news.de\/de\/#\/schema\/person\/fb534a4e865501d8b3285208df34a9b5\",\"name\":\"rtnews\",\"image\":{\"@type\":\"ImageObject\",\"inLanguage\":\"de\",\"@id\":\"https:\/\/now-news.de\/de\/#\/schema\/person\/image\/\",\"url\":\"https:\/\/secure.gravatar.com\/avatar\/82aafea7d8127119dd649515f56e2117?s=96&d=mm&r=g\",\"contentUrl\":\"https:\/\/secure.gravatar.com\/avatar\/82aafea7d8127119dd649515f56e2117?s=96&d=mm&r=g\",\"caption\":\"rtnews\"},\"url\":\"https:\/\/now-news.de\/de\/author\/rnews\/\"}]}<\/script>\n<!-- \/ Yoast SEO Premium plugin. -->","yoast_head_json":{"title":"Umfrage zum Heizungsgesetz: 81 Prozent der Deutschen sind unzufrieden mit der Regierung - just-now.NEWS Deutschland","robots":{"index":"index","follow":"follow","max-snippet":"max-snippet:-1","max-image-preview":"max-image-preview:large","max-video-preview":"max-video-preview:-1"},"canonical":"https:\/\/now-news.de\/de\/deutschland\/umfrage-zum-heizungsgesetz-81-prozent-der-deutschen-sind-unzufrieden-mit-der-regierung\/","og_locale":"de_DE","og_type":"article","og_title":"Umfrage zum Heizungsgesetz: 81 Prozent der Deutschen sind unzufrieden mit der Regierung","og_description":"Die Ampelkoalition hat das umstrittene Heizungsgesetz unbeeindruckt vom Widerwillen eines Gro\u00dfteils der Bev\u00f6lkerung verabschiedet. Eine aktuelle Umfrage belegt indessen, wie weit sich die Politik von der Mehrheit der Bev\u00f6lkerung mittlerweile entfernt hat. Laut der Auffassung von Bundeswirtschaftsminister Robert Habeck (B\u00fcndnis 90\/Die Gr\u00fcnen) ist das gestern beschlossene sogenannte\u00a0Heizungsgesetz, &#8220;ein gutes Gesetz geworden&#8221;. Der Gesetzesentwurf sei, so [&hellip;]","og_url":"https:\/\/now-news.de\/de\/deutschland\/umfrage-zum-heizungsgesetz-81-prozent-der-deutschen-sind-unzufrieden-mit-der-regierung\/","og_site_name":"just-now.NEWS Deutschland","article_publisher":"https:\/\/www.facebook.com\/wirmachenauf","article_published_time":"2023-09-09T17:26:31+00:00","og_image":[{"width":460,"height":259,"url":"https:\/\/now-news.de\/de\/wp-content\/uploads\/sites\/3\/2023\/09\/Umfrage-zum-Heizungsgesetz-81-Prozent-der-Deutschen-sind-unzufrieden-mit.jpeg","type":"image\/jpeg"}],"author":"rtnews","twitter_card":"summary_large_image","twitter_creator":"@WirMachenAuf_de","twitter_site":"@WirMachenAuf_de","twitter_misc":{"Verfasst von":"rtnews","Gesch\u00e4tzte Lesezeit":"3\u00a0Minuten"},"schema":{"@context":"https:\/\/schema.org","@graph":[{"@type":"Article","@id":"https:\/\/now-news.de\/de\/deutschland\/umfrage-zum-heizungsgesetz-81-prozent-der-deutschen-sind-unzufrieden-mit-der-regierung\/#article","isPartOf":{"@id":"https:\/\/now-news.de\/de\/deutschland\/umfrage-zum-heizungsgesetz-81-prozent-der-deutschen-sind-unzufrieden-mit-der-regierung\/"},"author":{"name":"rtnews","@id":"https:\/\/now-news.de\/de\/#\/schema\/person\/fb534a4e865501d8b3285208df34a9b5"},"headline":"Umfrage zum Heizungsgesetz: 81 Prozent der Deutschen sind unzufrieden mit der Regierung","datePublished":"2023-09-09T17:26:31+00:00","dateModified":"2023-09-09T17:26:31+00:00","mainEntityOfPage":{"@id":"https:\/\/now-news.de\/de\/deutschland\/umfrage-zum-heizungsgesetz-81-prozent-der-deutschen-sind-unzufrieden-mit-der-regierung\/"},"wordCount":521,"commentCount":0,"publisher":{"@id":"https:\/\/now-news.de\/de\/#organization"},"image":{"@id":"https:\/\/now-news.de\/de\/deutschland\/umfrage-zum-heizungsgesetz-81-prozent-der-deutschen-sind-unzufrieden-mit-der-regierung\/#primaryimage"},"thumbnailUrl":"https:\/\/now-news.de\/de\/wp-content\/uploads\/sites\/3\/2023\/09\/Umfrage-zum-Heizungsgesetz-81-Prozent-der-Deutschen-sind-unzufrieden-mit.jpeg","keywords":["der","Deutschen","Heizungsgesetz","mit","Prozent","Regierung","sind","Umfrage","unzufrieden","zum"],"articleSection":["Deutschland","Russland"],"inLanguage":"de","potentialAction":[{"@type":"CommentAction","name":"Comment","target":["https:\/\/now-news.de\/de\/deutschland\/umfrage-zum-heizungsgesetz-81-prozent-der-deutschen-sind-unzufrieden-mit-der-regierung\/#respond"]}]},{"@type":"WebPage","@id":"https:\/\/now-news.de\/de\/deutschland\/umfrage-zum-heizungsgesetz-81-prozent-der-deutschen-sind-unzufrieden-mit-der-regierung\/","url":"https:\/\/now-news.de\/de\/deutschland\/umfrage-zum-heizungsgesetz-81-prozent-der-deutschen-sind-unzufrieden-mit-der-regierung\/","name":"Umfrage zum Heizungsgesetz: 81 Prozent der Deutschen sind unzufrieden mit der Regierung - just-now.NEWS Deutschland","isPartOf":{"@id":"https:\/\/now-news.de\/de\/#website"},"primaryImageOfPage":{"@id":"https:\/\/now-news.de\/de\/deutschland\/umfrage-zum-heizungsgesetz-81-prozent-der-deutschen-sind-unzufrieden-mit-der-regierung\/#primaryimage"},"image":{"@id":"https:\/\/now-news.de\/de\/deutschland\/umfrage-zum-heizungsgesetz-81-prozent-der-deutschen-sind-unzufrieden-mit-der-regierung\/#primaryimage"},"thumbnailUrl":"https:\/\/now-news.de\/de\/wp-content\/uploads\/sites\/3\/2023\/09\/Umfrage-zum-Heizungsgesetz-81-Prozent-der-Deutschen-sind-unzufrieden-mit.jpeg","datePublished":"2023-09-09T17:26:31+00:00","dateModified":"2023-09-09T17:26:31+00:00","breadcrumb":{"@id":"https:\/\/now-news.de\/de\/deutschland\/umfrage-zum-heizungsgesetz-81-prozent-der-deutschen-sind-unzufrieden-mit-der-regierung\/#breadcrumb"},"inLanguage":"de","potentialAction":[{"@type":"ReadAction","target":["https:\/\/now-news.de\/de\/deutschland\/umfrage-zum-heizungsgesetz-81-prozent-der-deutschen-sind-unzufrieden-mit-der-regierung\/"]}]},{"@type":"ImageObject","inLanguage":"de","@id":"https:\/\/now-news.de\/de\/deutschland\/umfrage-zum-heizungsgesetz-81-prozent-der-deutschen-sind-unzufrieden-mit-der-regierung\/#primaryimage","url":"https:\/\/now-news.de\/de\/wp-content\/uploads\/sites\/3\/2023\/09\/Umfrage-zum-Heizungsgesetz-81-Prozent-der-Deutschen-sind-unzufrieden-mit.jpeg","contentUrl":"https:\/\/now-news.de\/de\/wp-content\/uploads\/sites\/3\/2023\/09\/Umfrage-zum-Heizungsgesetz-81-Prozent-der-Deutschen-sind-unzufrieden-mit.jpeg","width":460,"height":259,"caption":"Umfrage zum Heizungsgesetz: 81 Prozent der Deutschen sind unzufrieden mit der Regierung"},{"@type":"BreadcrumbList","@id":"https:\/\/now-news.de\/de\/deutschland\/umfrage-zum-heizungsgesetz-81-prozent-der-deutschen-sind-unzufrieden-mit-der-regierung\/#breadcrumb","itemListElement":[{"@type":"ListItem","position":1,"name":"Home","item":"https:\/\/now-news.de\/de\/"},{"@type":"ListItem","position":2,"name":"Umfrage zum Heizungsgesetz: 81 Prozent der Deutschen sind unzufrieden mit der Regierung"}]},{"@type":"WebSite","@id":"https:\/\/now-news.de\/de\/#website","url":"https:\/\/now-news.de\/de\/","name":"just-now.NEWS Deutschland","description":"Das Portal f\u00fcr unzensierte Nachrichten aus der Welt","publisher":{"@id":"https:\/\/now-news.de\/de\/#organization"},"potentialAction":[{"@type":"SearchAction","target":{"@type":"EntryPoint","urlTemplate":"https:\/\/now-news.de\/de\/?s={search_term_string}"},"query-input":"required name=search_term_string"}],"inLanguage":"de"},{"@type":"Organization","@id":"https:\/\/now-news.de\/de\/#organization","name":"Just Now News","url":"https:\/\/now-news.de\/de\/","logo":{"@type":"ImageObject","inLanguage":"de","@id":"https:\/\/now-news.de\/de\/#\/schema\/logo\/image\/","url":"http:\/\/just-now.news\/de\/wp-content\/uploads\/sites\/3\/2022\/04\/logo500x500.jpg","contentUrl":"http:\/\/just-now.news\/de\/wp-content\/uploads\/sites\/3\/2022\/04\/logo500x500.jpg","width":500,"height":500,"caption":"Just Now News"},"image":{"@id":"https:\/\/now-news.de\/de\/#\/schema\/logo\/image\/"},"sameAs":["https:\/\/www.facebook.com\/wirmachenauf","https:\/\/x.com\/WirMachenAuf_de"]},{"@type":"Person","@id":"https:\/\/now-news.de\/de\/#\/schema\/person\/fb534a4e865501d8b3285208df34a9b5","name":"rtnews","image":{"@type":"ImageObject","inLanguage":"de","@id":"https:\/\/now-news.de\/de\/#\/schema\/person\/image\/","url":"https:\/\/secure.gravatar.com\/avatar\/82aafea7d8127119dd649515f56e2117?s=96&d=mm&r=g","contentUrl":"https:\/\/secure.gravatar.com\/avatar\/82aafea7d8127119dd649515f56e2117?s=96&d=mm&r=g","caption":"rtnews"},"url":"https:\/\/now-news.de\/de\/author\/rnews\/"}]}},"_links":{"self":[{"href":"https:\/\/now-news.de\/de\/wp-json\/wp\/v2\/posts\/46046"}],"collection":[{"href":"https:\/\/now-news.de\/de\/wp-json\/wp\/v2\/posts"}],"about":[{"href":"https:\/\/now-news.de\/de\/wp-json\/wp\/v2\/types\/post"}],"author":[{"embeddable":true,"href":"https:\/\/now-news.de\/de\/wp-json\/wp\/v2\/users\/3"}],"replies":[{"embeddable":true,"href":"https:\/\/now-news.de\/de\/wp-json\/wp\/v2\/comments?post=46046"}],"version-history":[{"count":0,"href":"https:\/\/now-news.de\/de\/wp-json\/wp\/v2\/posts\/46046\/revisions"}],"wp:featuredmedia":[{"embeddable":true,"href":"https:\/\/now-news.de\/de\/wp-json\/wp\/v2\/media\/46047"}],"wp:attachment":[{"href":"https:\/\/now-news.de\/de\/wp-json\/wp\/v2\/media?parent=46046"}],"wp:term":[{"taxonomy":"category","embeddable":true,"href":"https:\/\/now-news.de\/de\/wp-json\/wp\/v2\/categories?post=46046"},{"taxonomy":"post_tag","embeddable":true,"href":"https:\/\/now-news.de\/de\/wp-json\/wp\/v2\/tags?post=46046"}],"curies":[{"name":"wp","href":"https:\/\/api.w.org\/{rel}","templated":true}]}}