{"id":46042,"date":"2023-09-09T17:38:19","date_gmt":"2023-09-09T15:38:19","guid":{"rendered":"https:\/\/just-now.news\/de\/deutschland\/premierminister-paschinjan-armenien-zu-dringenden-gespraechen-mit-aserbaidschan-bereit\/"},"modified":"2023-09-09T17:38:19","modified_gmt":"2023-09-09T15:38:19","slug":"premierminister-paschinjan-armenien-zu-dringenden-gespraechen-mit-aserbaidschan-bereit","status":"publish","type":"post","link":"https:\/\/now-news.de\/de\/deutschland\/premierminister-paschinjan-armenien-zu-dringenden-gespraechen-mit-aserbaidschan-bereit\/","title":{"rendered":"Premierminister Paschinjan: Armenien zu dringenden Gespr\u00e4chen mit Aserbaidschan bereit"},"content":{"rendered":"<p><img decoding=\"async\" src=\"http:\/\/just-now.news\/de\/wp-content\/uploads\/sites\/3\/2023\/09\/64fc814ab480cc01d112c089.jpg\" \/><\/p>\n<div class=\"Text-root Text-type_1 \">\n                Der armenische Premierminister Paschinjan sagte, er sei zu den dringend notwendigen Gespr\u00e4chen mit dem aserbaidschanischen Pr\u00e4sidenten Alijew bereit. Er sprach auch \u00fcber die Spannungen an der Grenze zwischen den L\u00e4ndern und die Ansammlung aserbaidschanischer Kr\u00e4fte um Berg-Karabach.\n            <\/div>\n<p><\/p>\n<div class=\"Text-root Text-type_5 ArticleView-text ViewText-root \">\n<p>Armeniens Premierminister Nikol Paschinjan hat mit dem franz\u00f6sischen Pr\u00e4sidenten Emmanuel Macron telefoniert und mit ihm die Lage in Berg-Karabach und an der armenisch-aserbaidschanischen Grenze er\u00f6rtert, wie der Pressedienst des Regierungschefs <a rel=\"nofollow noopener\" target=\"_blank\" href=\"https:\/\/www.primeminister.am\/ru\/press-release\/item\/2023\/09\/09\/Pashinyan-Telephone-Conversation\/\">mitteilte<\/a>.<strong><\/strong><\/p>\n<p>In dem Gespr\u00e4ch ging es um die &#8220;Versch\u00e4rfung der humanit\u00e4ren Krise&#8221; in Berg-Karabach, die &#8220;Ansammlung&#8221; aserbaidschanischer Streitkr\u00e4fte um das Gebiet, die &#8220;illegale Blockade&#8221; des Latschin-Korridors und die &#8220;wachsenden Spannungen&#8221; an der Grenze zwischen Armenien und Aserbaidschan, wie aus der Mitteilung hervorgeht.<\/p>\n<p>Der armenische Premierminister erkl\u00e4rte, er sei entschlossen, alle Fragen ausschlie\u00dflich auf diplomatischem Wege und in einer &#8220;konstruktiven Atmosph\u00e4re&#8221; zu l\u00f6sen. Sein Pressedienst teilte mit:<\/p>\n<blockquote>\n<p><em>&#8220;Paschinjan hat seine Bereitschaft bekundet, dringende Gespr\u00e4che mit dem aserbaidschanischen Pr\u00e4sidenten zu f\u00fchren, um die Spannungen abzubauen.&#8221;<\/em><\/p>\n<\/blockquote>\n<p>Die Verhandlungen \u00fcber ein Friedensabkommen zwischen Armenien und Aserbaidschan laufen bereits seit mehreren Jahren. Der armenische Premierminister sagte im Mai, er sei bereit, Aserbaidschans Souver\u00e4nit\u00e4t \u00fcber Berg-Karabach anzuerkennen, sofern die Sicherheit der armenischen Bev\u00f6lkerung gew\u00e4hrleistet sei.<\/p>\n<p>Anfang September behauptete Paschinjan, die Lage an der armenisch-aserbaidschanischen Grenze sei explosiv und die internationale Gemeinschaft m\u00fcsse eine weitere Zuspitzung verhindern. Er behauptete, dass Baku Kr\u00e4fte in der N\u00e4he der Grenze und in der Region Berg-Karabach sammelt.<\/p>\n<p>Das aserbaidschanische Au\u00dfenministerium warf der armenischen Seite Anfang September vor, die milit\u00e4rischen Provokationen entlang der nicht befestigten Grenze zwischen den beiden L\u00e4ndern und in der Region Berg-Karabach zu verst\u00e4rken. Au\u00dferdem kritisierte es, dass Armenien &#8220;nicht daran interessiert&#8221; sei, L\u00f6sungen am Verhandlungstisch zu finden.<\/p>\n<p>Die Situation um den Latschin-Korridor, die einzige Stra\u00dfe, die Armenien und Berg-Karabach verbindet, bleibt ein akutes Problem. Jerewan wirft Baku vor, den Korridor zu blockieren. Der aserbaidschanische Pr\u00e4sident Ilham Alijew hat dies mehrfach bestritten und erkl\u00e4rt, die Stra\u00dfe sei f\u00fcr B\u00fcrger und Transporte zu humanit\u00e4ren Zwecken ge\u00f6ffnet.<\/p>\n<p>Paschinjan behauptete, dass gem\u00e4\u00df den im November 2020 in Moskau getroffenen Vereinbarungen russische Friedenstruppen den Latschin-Korridor kontrollieren sollten, was jedoch nicht der Fall sei. Der russische Au\u00dfenminister Sergei Lawrow bezeichnete die Vorw\u00fcrfe gegen Moskau als ungerechtfertigt und wies darauf hin, dass die russischen Friedenstruppen &#8220;buchst\u00e4blich st\u00fcndlich&#8221; an der L\u00f6sung der Situation arbeiten. Russland, die Europ\u00e4ische Union und die USA forderten Baku auf, die Blockade des Korridors aufzuheben.<\/p>\n<p><strong>Mehr zum Thema<\/strong> &#8211; <a rel=\"nofollow noopener\" target=\"_blank\" href=\"https:\/\/freedert.online\/international\/179669-paschinjan-beschuldigt-russland-mit-sicherheitsmission\/\">Paschinjan beschuldigt Russland, mit Sicherheitsmission in Bergkarabach zu scheitern<\/a><\/p>\n<\/div>\n<p><br \/>\n<br \/><a href=\"https:\/\/de.rt.com\/international\/180269-premierminister-paschinjan-armenien-zu-dringenden\/\">Source link <\/a><\/p>\n","protected":false},"excerpt":{"rendered":"<p>Der armenische Premierminister Paschinjan sagte, er sei zu den dringend notwendigen Gespr\u00e4chen mit dem aserbaidschanischen Pr\u00e4sidenten Alijew bereit. Er sprach auch \u00fcber die Spannungen an der Grenze zwischen den L\u00e4ndern und die Ansammlung aserbaidschanischer Kr\u00e4fte um Berg-Karabach. Armeniens Premierminister Nikol Paschinjan hat mit dem franz\u00f6sischen Pr\u00e4sidenten Emmanuel Macron telefoniert und mit ihm die Lage in [&hellip;]<\/p>\n","protected":false},"author":3,"featured_media":46043,"comment_status":"open","ping_status":"open","sticky":false,"template":"","format":"standard","meta":{"_yoast_indexnow_last_ping":["1694274276"],"wp_automatic_camp":["217"],"9766e4dc39a7d40d5e154a7d3c35f47d":["Premierminister Paschinjan: Armenien zu dringenden Gespr\u00e4chen mit Aserbaidschan bereit"],"original_link":["https:\/\/de.rt.com\/international\/180269-premierminister-paschinjan-armenien-zu-dringenden\/"],"_thumbnail_id":["46043"],"jnews_social_counter_last_update":["1777791474"],"_wptgpro_p2tg_sent2tg":["a:1:{i:23737;s:19:\"2023-09-09 17:46:43\";}"]},"categories":[19,23],"tags":[10002,10003,964,48679,999,419,37744,416],"yoast_head":"<!-- This site is optimized with the Yoast SEO Premium plugin v22.7 (Yoast SEO v22.7) - https:\/\/yoast.com\/wordpress\/plugins\/seo\/ -->\n<title>Premierminister Paschinjan: Armenien zu dringenden Gespr\u00e4chen mit Aserbaidschan bereit - just-now.NEWS Deutschland<\/title>\n<meta name=\"robots\" content=\"index, follow, max-snippet:-1, max-image-preview:large, max-video-preview:-1\" \/>\n<link rel=\"canonical\" href=\"https:\/\/now-news.de\/de\/deutschland\/premierminister-paschinjan-armenien-zu-dringenden-gespraechen-mit-aserbaidschan-bereit\/\" \/>\n<meta property=\"og:locale\" content=\"de_DE\" \/>\n<meta property=\"og:type\" content=\"article\" \/>\n<meta property=\"og:title\" content=\"Premierminister Paschinjan: Armenien zu dringenden Gespr\u00e4chen mit Aserbaidschan bereit\" \/>\n<meta property=\"og:description\" content=\"Der armenische Premierminister Paschinjan sagte, er sei zu den dringend notwendigen Gespr\u00e4chen mit dem aserbaidschanischen Pr\u00e4sidenten Alijew bereit. Er sprach auch \u00fcber die Spannungen an der Grenze zwischen den L\u00e4ndern und die Ansammlung aserbaidschanischer Kr\u00e4fte um Berg-Karabach. Armeniens Premierminister Nikol Paschinjan hat mit dem franz\u00f6sischen Pr\u00e4sidenten Emmanuel Macron telefoniert und mit ihm die Lage in [&hellip;]\" \/>\n<meta property=\"og:url\" content=\"https:\/\/now-news.de\/de\/deutschland\/premierminister-paschinjan-armenien-zu-dringenden-gespraechen-mit-aserbaidschan-bereit\/\" \/>\n<meta property=\"og:site_name\" content=\"just-now.NEWS Deutschland\" \/>\n<meta property=\"article:publisher\" content=\"https:\/\/www.facebook.com\/wirmachenauf\" \/>\n<meta property=\"article:published_time\" content=\"2023-09-09T15:38:19+00:00\" \/>\n<meta property=\"og:image\" content=\"https:\/\/now-news.de\/de\/wp-content\/uploads\/sites\/3\/2023\/09\/Premierminister-Paschinjan-Armenien-zu-dringenden-Gespraechen-mit-Aserbaidschan-bereit.jpg\" \/>\n\t<meta property=\"og:image:width\" content=\"460\" \/>\n\t<meta property=\"og:image:height\" content=\"259\" \/>\n\t<meta property=\"og:image:type\" content=\"image\/jpeg\" \/>\n<meta name=\"author\" content=\"rtnews\" \/>\n<meta name=\"twitter:card\" content=\"summary_large_image\" \/>\n<meta name=\"twitter:creator\" content=\"@WirMachenAuf_de\" \/>\n<meta name=\"twitter:site\" content=\"@WirMachenAuf_de\" \/>\n<meta name=\"twitter:label1\" content=\"Verfasst von\" \/>\n\t<meta name=\"twitter:data1\" content=\"rtnews\" \/>\n\t<meta name=\"twitter:label2\" content=\"Gesch\u00e4tzte Lesezeit\" \/>\n\t<meta name=\"twitter:data2\" content=\"2\u00a0Minuten\" \/>\n<script type=\"application\/ld+json\" class=\"yoast-schema-graph\">{\"@context\":\"https:\/\/schema.org\",\"@graph\":[{\"@type\":\"Article\",\"@id\":\"https:\/\/now-news.de\/de\/deutschland\/premierminister-paschinjan-armenien-zu-dringenden-gespraechen-mit-aserbaidschan-bereit\/#article\",\"isPartOf\":{\"@id\":\"https:\/\/now-news.de\/de\/deutschland\/premierminister-paschinjan-armenien-zu-dringenden-gespraechen-mit-aserbaidschan-bereit\/\"},\"author\":{\"name\":\"rtnews\",\"@id\":\"https:\/\/now-news.de\/de\/#\/schema\/person\/fb534a4e865501d8b3285208df34a9b5\"},\"headline\":\"Premierminister Paschinjan: Armenien zu dringenden Gespr\u00e4chen mit Aserbaidschan bereit\",\"datePublished\":\"2023-09-09T15:38:19+00:00\",\"dateModified\":\"2023-09-09T15:38:19+00:00\",\"mainEntityOfPage\":{\"@id\":\"https:\/\/now-news.de\/de\/deutschland\/premierminister-paschinjan-armenien-zu-dringenden-gespraechen-mit-aserbaidschan-bereit\/\"},\"wordCount\":450,\"commentCount\":0,\"publisher\":{\"@id\":\"https:\/\/now-news.de\/de\/#organization\"},\"image\":{\"@id\":\"https:\/\/now-news.de\/de\/deutschland\/premierminister-paschinjan-armenien-zu-dringenden-gespraechen-mit-aserbaidschan-bereit\/#primaryimage\"},\"thumbnailUrl\":\"https:\/\/now-news.de\/de\/wp-content\/uploads\/sites\/3\/2023\/09\/Premierminister-Paschinjan-Armenien-zu-dringenden-Gespraechen-mit-Aserbaidschan-bereit.jpg\",\"keywords\":[\"Armenien\",\"Aserbaidschan\",\"bereit\",\"dringenden\",\"Gespr\u00e4chen\",\"mit\",\"Paschinjan\",\"Premierminister\"],\"articleSection\":[\"Deutschland\",\"Russland\"],\"inLanguage\":\"de\",\"potentialAction\":[{\"@type\":\"CommentAction\",\"name\":\"Comment\",\"target\":[\"https:\/\/now-news.de\/de\/deutschland\/premierminister-paschinjan-armenien-zu-dringenden-gespraechen-mit-aserbaidschan-bereit\/#respond\"]}]},{\"@type\":\"WebPage\",\"@id\":\"https:\/\/now-news.de\/de\/deutschland\/premierminister-paschinjan-armenien-zu-dringenden-gespraechen-mit-aserbaidschan-bereit\/\",\"url\":\"https:\/\/now-news.de\/de\/deutschland\/premierminister-paschinjan-armenien-zu-dringenden-gespraechen-mit-aserbaidschan-bereit\/\",\"name\":\"Premierminister Paschinjan: Armenien zu dringenden Gespr\u00e4chen mit Aserbaidschan bereit - just-now.NEWS Deutschland\",\"isPartOf\":{\"@id\":\"https:\/\/now-news.de\/de\/#website\"},\"primaryImageOfPage\":{\"@id\":\"https:\/\/now-news.de\/de\/deutschland\/premierminister-paschinjan-armenien-zu-dringenden-gespraechen-mit-aserbaidschan-bereit\/#primaryimage\"},\"image\":{\"@id\":\"https:\/\/now-news.de\/de\/deutschland\/premierminister-paschinjan-armenien-zu-dringenden-gespraechen-mit-aserbaidschan-bereit\/#primaryimage\"},\"thumbnailUrl\":\"https:\/\/now-news.de\/de\/wp-content\/uploads\/sites\/3\/2023\/09\/Premierminister-Paschinjan-Armenien-zu-dringenden-Gespraechen-mit-Aserbaidschan-bereit.jpg\",\"datePublished\":\"2023-09-09T15:38:19+00:00\",\"dateModified\":\"2023-09-09T15:38:19+00:00\",\"breadcrumb\":{\"@id\":\"https:\/\/now-news.de\/de\/deutschland\/premierminister-paschinjan-armenien-zu-dringenden-gespraechen-mit-aserbaidschan-bereit\/#breadcrumb\"},\"inLanguage\":\"de\",\"potentialAction\":[{\"@type\":\"ReadAction\",\"target\":[\"https:\/\/now-news.de\/de\/deutschland\/premierminister-paschinjan-armenien-zu-dringenden-gespraechen-mit-aserbaidschan-bereit\/\"]}]},{\"@type\":\"ImageObject\",\"inLanguage\":\"de\",\"@id\":\"https:\/\/now-news.de\/de\/deutschland\/premierminister-paschinjan-armenien-zu-dringenden-gespraechen-mit-aserbaidschan-bereit\/#primaryimage\",\"url\":\"https:\/\/now-news.de\/de\/wp-content\/uploads\/sites\/3\/2023\/09\/Premierminister-Paschinjan-Armenien-zu-dringenden-Gespraechen-mit-Aserbaidschan-bereit.jpg\",\"contentUrl\":\"https:\/\/now-news.de\/de\/wp-content\/uploads\/sites\/3\/2023\/09\/Premierminister-Paschinjan-Armenien-zu-dringenden-Gespraechen-mit-Aserbaidschan-bereit.jpg\",\"width\":460,\"height\":259,\"caption\":\"Premierminister Paschinjan: Armenien zu dringenden Gespr\u00e4chen mit Aserbaidschan bereit\"},{\"@type\":\"BreadcrumbList\",\"@id\":\"https:\/\/now-news.de\/de\/deutschland\/premierminister-paschinjan-armenien-zu-dringenden-gespraechen-mit-aserbaidschan-bereit\/#breadcrumb\",\"itemListElement\":[{\"@type\":\"ListItem\",\"position\":1,\"name\":\"Home\",\"item\":\"https:\/\/now-news.de\/de\/\"},{\"@type\":\"ListItem\",\"position\":2,\"name\":\"Premierminister Paschinjan: Armenien zu dringenden Gespr\u00e4chen mit Aserbaidschan bereit\"}]},{\"@type\":\"WebSite\",\"@id\":\"https:\/\/now-news.de\/de\/#website\",\"url\":\"https:\/\/now-news.de\/de\/\",\"name\":\"just-now.NEWS Deutschland\",\"description\":\"Das Portal f\u00fcr unzensierte Nachrichten aus der Welt\",\"publisher\":{\"@id\":\"https:\/\/now-news.de\/de\/#organization\"},\"potentialAction\":[{\"@type\":\"SearchAction\",\"target\":{\"@type\":\"EntryPoint\",\"urlTemplate\":\"https:\/\/now-news.de\/de\/?s={search_term_string}\"},\"query-input\":\"required name=search_term_string\"}],\"inLanguage\":\"de\"},{\"@type\":\"Organization\",\"@id\":\"https:\/\/now-news.de\/de\/#organization\",\"name\":\"Just Now News\",\"url\":\"https:\/\/now-news.de\/de\/\",\"logo\":{\"@type\":\"ImageObject\",\"inLanguage\":\"de\",\"@id\":\"https:\/\/now-news.de\/de\/#\/schema\/logo\/image\/\",\"url\":\"http:\/\/just-now.news\/de\/wp-content\/uploads\/sites\/3\/2022\/04\/logo500x500.jpg\",\"contentUrl\":\"http:\/\/just-now.news\/de\/wp-content\/uploads\/sites\/3\/2022\/04\/logo500x500.jpg\",\"width\":500,\"height\":500,\"caption\":\"Just Now News\"},\"image\":{\"@id\":\"https:\/\/now-news.de\/de\/#\/schema\/logo\/image\/\"},\"sameAs\":[\"https:\/\/www.facebook.com\/wirmachenauf\",\"https:\/\/x.com\/WirMachenAuf_de\"]},{\"@type\":\"Person\",\"@id\":\"https:\/\/now-news.de\/de\/#\/schema\/person\/fb534a4e865501d8b3285208df34a9b5\",\"name\":\"rtnews\",\"image\":{\"@type\":\"ImageObject\",\"inLanguage\":\"de\",\"@id\":\"https:\/\/now-news.de\/de\/#\/schema\/person\/image\/\",\"url\":\"https:\/\/secure.gravatar.com\/avatar\/82aafea7d8127119dd649515f56e2117?s=96&d=mm&r=g\",\"contentUrl\":\"https:\/\/secure.gravatar.com\/avatar\/82aafea7d8127119dd649515f56e2117?s=96&d=mm&r=g\",\"caption\":\"rtnews\"},\"url\":\"https:\/\/now-news.de\/de\/author\/rnews\/\"}]}<\/script>\n<!-- \/ Yoast SEO Premium plugin. -->","yoast_head_json":{"title":"Premierminister Paschinjan: Armenien zu dringenden Gespr\u00e4chen mit Aserbaidschan bereit - just-now.NEWS Deutschland","robots":{"index":"index","follow":"follow","max-snippet":"max-snippet:-1","max-image-preview":"max-image-preview:large","max-video-preview":"max-video-preview:-1"},"canonical":"https:\/\/now-news.de\/de\/deutschland\/premierminister-paschinjan-armenien-zu-dringenden-gespraechen-mit-aserbaidschan-bereit\/","og_locale":"de_DE","og_type":"article","og_title":"Premierminister Paschinjan: Armenien zu dringenden Gespr\u00e4chen mit Aserbaidschan bereit","og_description":"Der armenische Premierminister Paschinjan sagte, er sei zu den dringend notwendigen Gespr\u00e4chen mit dem aserbaidschanischen Pr\u00e4sidenten Alijew bereit. Er sprach auch \u00fcber die Spannungen an der Grenze zwischen den L\u00e4ndern und die Ansammlung aserbaidschanischer Kr\u00e4fte um Berg-Karabach. Armeniens Premierminister Nikol Paschinjan hat mit dem franz\u00f6sischen Pr\u00e4sidenten Emmanuel Macron telefoniert und mit ihm die Lage in [&hellip;]","og_url":"https:\/\/now-news.de\/de\/deutschland\/premierminister-paschinjan-armenien-zu-dringenden-gespraechen-mit-aserbaidschan-bereit\/","og_site_name":"just-now.NEWS Deutschland","article_publisher":"https:\/\/www.facebook.com\/wirmachenauf","article_published_time":"2023-09-09T15:38:19+00:00","og_image":[{"width":460,"height":259,"url":"https:\/\/now-news.de\/de\/wp-content\/uploads\/sites\/3\/2023\/09\/Premierminister-Paschinjan-Armenien-zu-dringenden-Gespraechen-mit-Aserbaidschan-bereit.jpg","type":"image\/jpeg"}],"author":"rtnews","twitter_card":"summary_large_image","twitter_creator":"@WirMachenAuf_de","twitter_site":"@WirMachenAuf_de","twitter_misc":{"Verfasst von":"rtnews","Gesch\u00e4tzte Lesezeit":"2\u00a0Minuten"},"schema":{"@context":"https:\/\/schema.org","@graph":[{"@type":"Article","@id":"https:\/\/now-news.de\/de\/deutschland\/premierminister-paschinjan-armenien-zu-dringenden-gespraechen-mit-aserbaidschan-bereit\/#article","isPartOf":{"@id":"https:\/\/now-news.de\/de\/deutschland\/premierminister-paschinjan-armenien-zu-dringenden-gespraechen-mit-aserbaidschan-bereit\/"},"author":{"name":"rtnews","@id":"https:\/\/now-news.de\/de\/#\/schema\/person\/fb534a4e865501d8b3285208df34a9b5"},"headline":"Premierminister Paschinjan: Armenien zu dringenden Gespr\u00e4chen mit Aserbaidschan bereit","datePublished":"2023-09-09T15:38:19+00:00","dateModified":"2023-09-09T15:38:19+00:00","mainEntityOfPage":{"@id":"https:\/\/now-news.de\/de\/deutschland\/premierminister-paschinjan-armenien-zu-dringenden-gespraechen-mit-aserbaidschan-bereit\/"},"wordCount":450,"commentCount":0,"publisher":{"@id":"https:\/\/now-news.de\/de\/#organization"},"image":{"@id":"https:\/\/now-news.de\/de\/deutschland\/premierminister-paschinjan-armenien-zu-dringenden-gespraechen-mit-aserbaidschan-bereit\/#primaryimage"},"thumbnailUrl":"https:\/\/now-news.de\/de\/wp-content\/uploads\/sites\/3\/2023\/09\/Premierminister-Paschinjan-Armenien-zu-dringenden-Gespraechen-mit-Aserbaidschan-bereit.jpg","keywords":["Armenien","Aserbaidschan","bereit","dringenden","Gespr\u00e4chen","mit","Paschinjan","Premierminister"],"articleSection":["Deutschland","Russland"],"inLanguage":"de","potentialAction":[{"@type":"CommentAction","name":"Comment","target":["https:\/\/now-news.de\/de\/deutschland\/premierminister-paschinjan-armenien-zu-dringenden-gespraechen-mit-aserbaidschan-bereit\/#respond"]}]},{"@type":"WebPage","@id":"https:\/\/now-news.de\/de\/deutschland\/premierminister-paschinjan-armenien-zu-dringenden-gespraechen-mit-aserbaidschan-bereit\/","url":"https:\/\/now-news.de\/de\/deutschland\/premierminister-paschinjan-armenien-zu-dringenden-gespraechen-mit-aserbaidschan-bereit\/","name":"Premierminister Paschinjan: Armenien zu dringenden Gespr\u00e4chen mit Aserbaidschan bereit - just-now.NEWS Deutschland","isPartOf":{"@id":"https:\/\/now-news.de\/de\/#website"},"primaryImageOfPage":{"@id":"https:\/\/now-news.de\/de\/deutschland\/premierminister-paschinjan-armenien-zu-dringenden-gespraechen-mit-aserbaidschan-bereit\/#primaryimage"},"image":{"@id":"https:\/\/now-news.de\/de\/deutschland\/premierminister-paschinjan-armenien-zu-dringenden-gespraechen-mit-aserbaidschan-bereit\/#primaryimage"},"thumbnailUrl":"https:\/\/now-news.de\/de\/wp-content\/uploads\/sites\/3\/2023\/09\/Premierminister-Paschinjan-Armenien-zu-dringenden-Gespraechen-mit-Aserbaidschan-bereit.jpg","datePublished":"2023-09-09T15:38:19+00:00","dateModified":"2023-09-09T15:38:19+00:00","breadcrumb":{"@id":"https:\/\/now-news.de\/de\/deutschland\/premierminister-paschinjan-armenien-zu-dringenden-gespraechen-mit-aserbaidschan-bereit\/#breadcrumb"},"inLanguage":"de","potentialAction":[{"@type":"ReadAction","target":["https:\/\/now-news.de\/de\/deutschland\/premierminister-paschinjan-armenien-zu-dringenden-gespraechen-mit-aserbaidschan-bereit\/"]}]},{"@type":"ImageObject","inLanguage":"de","@id":"https:\/\/now-news.de\/de\/deutschland\/premierminister-paschinjan-armenien-zu-dringenden-gespraechen-mit-aserbaidschan-bereit\/#primaryimage","url":"https:\/\/now-news.de\/de\/wp-content\/uploads\/sites\/3\/2023\/09\/Premierminister-Paschinjan-Armenien-zu-dringenden-Gespraechen-mit-Aserbaidschan-bereit.jpg","contentUrl":"https:\/\/now-news.de\/de\/wp-content\/uploads\/sites\/3\/2023\/09\/Premierminister-Paschinjan-Armenien-zu-dringenden-Gespraechen-mit-Aserbaidschan-bereit.jpg","width":460,"height":259,"caption":"Premierminister Paschinjan: Armenien zu dringenden Gespr\u00e4chen mit Aserbaidschan bereit"},{"@type":"BreadcrumbList","@id":"https:\/\/now-news.de\/de\/deutschland\/premierminister-paschinjan-armenien-zu-dringenden-gespraechen-mit-aserbaidschan-bereit\/#breadcrumb","itemListElement":[{"@type":"ListItem","position":1,"name":"Home","item":"https:\/\/now-news.de\/de\/"},{"@type":"ListItem","position":2,"name":"Premierminister Paschinjan: Armenien zu dringenden Gespr\u00e4chen mit Aserbaidschan bereit"}]},{"@type":"WebSite","@id":"https:\/\/now-news.de\/de\/#website","url":"https:\/\/now-news.de\/de\/","name":"just-now.NEWS Deutschland","description":"Das Portal f\u00fcr unzensierte Nachrichten aus der Welt","publisher":{"@id":"https:\/\/now-news.de\/de\/#organization"},"potentialAction":[{"@type":"SearchAction","target":{"@type":"EntryPoint","urlTemplate":"https:\/\/now-news.de\/de\/?s={search_term_string}"},"query-input":"required name=search_term_string"}],"inLanguage":"de"},{"@type":"Organization","@id":"https:\/\/now-news.de\/de\/#organization","name":"Just Now News","url":"https:\/\/now-news.de\/de\/","logo":{"@type":"ImageObject","inLanguage":"de","@id":"https:\/\/now-news.de\/de\/#\/schema\/logo\/image\/","url":"http:\/\/just-now.news\/de\/wp-content\/uploads\/sites\/3\/2022\/04\/logo500x500.jpg","contentUrl":"http:\/\/just-now.news\/de\/wp-content\/uploads\/sites\/3\/2022\/04\/logo500x500.jpg","width":500,"height":500,"caption":"Just Now News"},"image":{"@id":"https:\/\/now-news.de\/de\/#\/schema\/logo\/image\/"},"sameAs":["https:\/\/www.facebook.com\/wirmachenauf","https:\/\/x.com\/WirMachenAuf_de"]},{"@type":"Person","@id":"https:\/\/now-news.de\/de\/#\/schema\/person\/fb534a4e865501d8b3285208df34a9b5","name":"rtnews","image":{"@type":"ImageObject","inLanguage":"de","@id":"https:\/\/now-news.de\/de\/#\/schema\/person\/image\/","url":"https:\/\/secure.gravatar.com\/avatar\/82aafea7d8127119dd649515f56e2117?s=96&d=mm&r=g","contentUrl":"https:\/\/secure.gravatar.com\/avatar\/82aafea7d8127119dd649515f56e2117?s=96&d=mm&r=g","caption":"rtnews"},"url":"https:\/\/now-news.de\/de\/author\/rnews\/"}]}},"_links":{"self":[{"href":"https:\/\/now-news.de\/de\/wp-json\/wp\/v2\/posts\/46042"}],"collection":[{"href":"https:\/\/now-news.de\/de\/wp-json\/wp\/v2\/posts"}],"about":[{"href":"https:\/\/now-news.de\/de\/wp-json\/wp\/v2\/types\/post"}],"author":[{"embeddable":true,"href":"https:\/\/now-news.de\/de\/wp-json\/wp\/v2\/users\/3"}],"replies":[{"embeddable":true,"href":"https:\/\/now-news.de\/de\/wp-json\/wp\/v2\/comments?post=46042"}],"version-history":[{"count":0,"href":"https:\/\/now-news.de\/de\/wp-json\/wp\/v2\/posts\/46042\/revisions"}],"wp:featuredmedia":[{"embeddable":true,"href":"https:\/\/now-news.de\/de\/wp-json\/wp\/v2\/media\/46043"}],"wp:attachment":[{"href":"https:\/\/now-news.de\/de\/wp-json\/wp\/v2\/media?parent=46042"}],"wp:term":[{"taxonomy":"category","embeddable":true,"href":"https:\/\/now-news.de\/de\/wp-json\/wp\/v2\/categories?post=46042"},{"taxonomy":"post_tag","embeddable":true,"href":"https:\/\/now-news.de\/de\/wp-json\/wp\/v2\/tags?post=46042"}],"curies":[{"name":"wp","href":"https:\/\/api.w.org\/{rel}","templated":true}]}}