{"id":46032,"date":"2023-09-09T14:20:52","date_gmt":"2023-09-09T12:20:52","guid":{"rendered":"https:\/\/just-now.news\/de\/deutschland\/medien-erdogan-haelt-geschlossene-treffen-mit-g20-staatschefs-zum-getreideabkommen-ab\/"},"modified":"2023-09-09T14:20:52","modified_gmt":"2023-09-09T12:20:52","slug":"medien-erdogan-haelt-geschlossene-treffen-mit-g20-staatschefs-zum-getreideabkommen-ab","status":"publish","type":"post","link":"https:\/\/now-news.de\/de\/deutschland\/medien-erdogan-haelt-geschlossene-treffen-mit-g20-staatschefs-zum-getreideabkommen-ab\/","title":{"rendered":"Medien: Erdo\u011fan h\u00e4lt geschlossene Treffen mit G20-Staatschefs zum Getreideabkommen ab"},"content":{"rendered":"<p><img decoding=\"async\" src=\"http:\/\/just-now.news\/de\/wp-content\/uploads\/sites\/3\/2023\/09\/64fc5c4bb480cc39b87bb69f.jpg\" \/><\/p>\n<div class=\"Text-root Text-type_1 \">\n                Der t\u00fcrkische Pr\u00e4sident dr\u00e4ngt die Staats- und Regierungschefs, bei privaten Treffen auf dem G20-Gipfel einige der russischen Forderungen zu erf\u00fcllen, um das Getreideabkommen aufzunehmen. Es geht um Wiederanbindung an SWIFT und Erleichterung der Exportversicherung.\n            <\/div>\n<p><\/p>\n<div class=\"Text-root Text-type_5 ArticleView-text ViewText-root \">\n<p>Der Pr\u00e4sident der T\u00fcrkei Recep Tayyip Erdo\u011fan, der sich derzeit zum G20-Gipfel in Neu-Delhi aufh\u00e4lt, h\u00e4lt private Treffen mit f\u00fchrenden Politikern der Welt ab und dr\u00e4ngt sie, einige der russischen Forderungen zu erf\u00fcllen, um das Getreideabkommen wieder in Gang zu bringen. Dies <a rel=\"nofollow noopener\" target=\"_blank\" href=\"https:\/\/www.bloomberg.com\/news\/articles\/2023-09-09\/erdogan-urges-g-20-leaders-to-meet-russian-demands-on-grain-deal\">berichtet<\/a> die Nachrichtenagentur <em>Bloomberg<\/em> unter Berufung auf drei t\u00fcrkische Beamte, die anonym bleiben wollten.<strong><\/strong><\/p>\n<p>Demnach schl\u00e4gt Erdo\u011fan unter anderem vor, die Versicherung russischer Lebensmittel- und D\u00fcngemittelausfuhren durch Lloyd&#8217;s of London zu erleichtern und Russland wieder an das SWIFT-System f\u00fcr internationale Zahlungen anzuschlie\u00dfen.<\/p>\n<p>Lloyd&#8217;s of London ist ein Marktplatz, der K\u00e4ufer und Verk\u00e4ufer von Versicherungen zusammenbringt.<\/p>\n<p>Als weitere Option f\u00fcr die Wiederaufnahme der Verhandlungen nennt die T\u00fcrkei die Lockerung einiger Sanktionen, die Moskau nach eigenen Angaben daran hindern, landwirtschaftliche Ger\u00e4te wie Traktoren und Ersatzteile zu importieren, schreibt <em>Bloomberg<\/em>. Ankara versuche, einen Konsens zu finden, um die Vereinbarung wiederaufzunehmen, f\u00fcgte der ungenannte indische Beamte hinzu.<\/p>\n<p>Russland und die Ukraine haben mit der T\u00fcrkei und den Vereinten Nationen separat ein Getreideabkommen geschlossen. Es beinhaltete die Schaffung von Korridoren im Schwarzen Meer f\u00fcr Getreideexporte aus ukrainischen H\u00e4fen. Der zweite Teil des Abkommens beinhaltete die Lockerung der Beschr\u00e4nkungen f\u00fcr russische Agrarexporte. Das Abkommen wurde dreimal verl\u00e4ngert \u2013 am 17. November 2022 (um 120 Tage), am 18. M\u00e4rz und am 17. Mai 2023 (jeweils um 60 Tage).<\/p>\n<p>Am 17. Juli k\u00fcndigte Moskau die Aussetzung seiner Teilnahme an. Russland l\u00e4sst eine R\u00fcckkehr zu den Vereinbarungen zu, wenn seine Forderungen erf\u00fcllt werden: Wiederanschluss der russischen Landwirtschaftsbank Rosselchosbank an SWIFT, Wiederaufnahme der Lieferungen von Bauteilen f\u00fcr landwirtschaftliche Maschinen und Aufhebung der Beschr\u00e4nkungen f\u00fcr die Ausfuhr von russischen D\u00fcngemitteln.<\/p>\n<p>UN-Generalsekret\u00e4r Ant\u00f3nio Guterres teilte am 31. August mit, er habe dem russischen Au\u00dfenminister Sergei Lawrow Vorschl\u00e4ge f\u00fcr die Wiederaufnahme des Getreidehandels \u00fcbermittelt. Lawrow sagte zu dieser Zeit:<\/p>\n<blockquote>\n<p><em>&#8220;Wir haben sowohl dem Generalsekret\u00e4r als auch unseren t\u00fcrkischen Freunden ehrlich erkl\u00e4rt, dass es in dieser Botschaft immer noch keine einzige Garantie gibt, sondern nur das Versprechen, es schneller und aktiver zu versuchen.&#8221; <\/em><\/p>\n<\/blockquote>\n<p>Russlands Pr\u00e4sident Wladimir Putin sagte k\u00fcrzlich bei einem Treffen mit Erdo\u011fan in Sotschi, Moskau sei offen f\u00fcr Gespr\u00e4che \u00fcber ein Getreideabkommen. Der t\u00fcrkische Staatschef schlug unterdessen vor, dass Kiew &#8220;seine Ans\u00e4tze in Bezug auf gemeinsame Schritte mit Russland aufweichen&#8221; solle, um die Verhandlungen wiederaufzunehmen. Der ukrainische Au\u00dfenminister Dmitri Kuleba kommentierte die \u00c4u\u00dferungen Erdo\u011fans und sagte, die Ukraine werde keine Zugest\u00e4ndnisse zugunsten Russlands machen.<\/p>\n<p>Wenige Tage nach dem Treffen zwischen der russischen und der t\u00fcrkischen F\u00fchrung in Sotschi k\u00fcndigte der stellvertretende russische Au\u00dfenminister Alexander Gruschko eine Vereinbarung \u00fcber den Export von einer Million Tonnen russischen Getreides in die T\u00fcrkei an. Putin hatte zuvor erkl\u00e4rt, dass dieses Getreide an die \u00e4rmsten afrikanischen L\u00e4nder gehen wird und dass das Abkommen selbst kein Ersatz f\u00fcr das Getreideabkommen ist, sondern einen &#8220;gro\u00dfen Beitrag&#8221; zur L\u00f6sung der Probleme darstellt.<\/p>\n<p><strong>Mehr zum Thema<\/strong> \u2013 <a rel=\"nofollow noopener\" target=\"_blank\" href=\"https:\/\/freedert.online\/kurzclips\/video\/179825-putin-westen-taeuscht-mit-getreide\/\">Putin: &#8220;Der Westen t\u00e4uscht mit Getreide-Deal&#8221; \u2013 Sie nahmen das Getreide f\u00fcr sich, nicht f\u00fcr Arme<\/a><\/p>\n<\/div>\n<p><br \/>\n<br \/><a href=\"https:\/\/de.rt.com\/international\/180250-erdogan-haelt-geschlossene-treffen-mit-g20-staatschefs-zum-getreideabkommen-ab\/\">Source link <\/a><\/p>\n","protected":false},"excerpt":{"rendered":"<p>Der t\u00fcrkische Pr\u00e4sident dr\u00e4ngt die Staats- und Regierungschefs, bei privaten Treffen auf dem G20-Gipfel einige der russischen Forderungen zu erf\u00fcllen, um das Getreideabkommen aufzunehmen. Es geht um Wiederanbindung an SWIFT und Erleichterung der Exportversicherung. Der Pr\u00e4sident der T\u00fcrkei Recep Tayyip Erdo\u011fan, der sich derzeit zum G20-Gipfel in Neu-Delhi aufh\u00e4lt, h\u00e4lt private Treffen mit f\u00fchrenden Politikern [&hellip;]<\/p>\n","protected":false},"author":3,"featured_media":46033,"comment_status":"open","ping_status":"open","sticky":false,"template":"","format":"standard","meta":{"_yoast_indexnow_last_ping":["1694262742"],"wp_automatic_camp":["217"],"b0252a09782a3c14da563d0b9b80c953":["Medien: Erdo\u011fan h\u00e4lt geschlossene Treffen mit G20-Staatschefs zum Getreideabkommen ab"],"original_link":["https:\/\/de.rt.com\/international\/180250-erdogan-haelt-geschlossene-treffen-mit-g20-staatschefs-zum-getreideabkommen-ab\/"],"_thumbnail_id":["46033"],"jnews_social_counter_last_update":["1777272486"],"_wptgpro_p2tg_sent2tg":["a:1:{i:23737;s:19:\"2023-09-09 14:34:44\";}"]},"categories":[19,23],"tags":[13697,48674,48673,32588,2191,580,419,354,565],"yoast_head":"<!-- This site is optimized with the Yoast SEO Premium plugin v22.7 (Yoast SEO v22.7) - https:\/\/yoast.com\/wordpress\/plugins\/seo\/ -->\n<title>Medien: Erdo\u011fan h\u00e4lt geschlossene Treffen mit G20-Staatschefs zum Getreideabkommen ab - just-now.NEWS Deutschland<\/title>\n<meta name=\"robots\" content=\"index, follow, max-snippet:-1, max-image-preview:large, max-video-preview:-1\" \/>\n<link rel=\"canonical\" href=\"https:\/\/now-news.de\/de\/deutschland\/medien-erdogan-haelt-geschlossene-treffen-mit-g20-staatschefs-zum-getreideabkommen-ab\/\" \/>\n<meta property=\"og:locale\" content=\"de_DE\" \/>\n<meta property=\"og:type\" content=\"article\" \/>\n<meta property=\"og:title\" content=\"Medien: Erdo\u011fan h\u00e4lt geschlossene Treffen mit G20-Staatschefs zum Getreideabkommen ab\" \/>\n<meta property=\"og:description\" content=\"Der t\u00fcrkische Pr\u00e4sident dr\u00e4ngt die Staats- und Regierungschefs, bei privaten Treffen auf dem G20-Gipfel einige der russischen Forderungen zu erf\u00fcllen, um das Getreideabkommen aufzunehmen. Es geht um Wiederanbindung an SWIFT und Erleichterung der Exportversicherung. Der Pr\u00e4sident der T\u00fcrkei Recep Tayyip Erdo\u011fan, der sich derzeit zum G20-Gipfel in Neu-Delhi aufh\u00e4lt, h\u00e4lt private Treffen mit f\u00fchrenden Politikern [&hellip;]\" \/>\n<meta property=\"og:url\" content=\"https:\/\/now-news.de\/de\/deutschland\/medien-erdogan-haelt-geschlossene-treffen-mit-g20-staatschefs-zum-getreideabkommen-ab\/\" \/>\n<meta property=\"og:site_name\" content=\"just-now.NEWS Deutschland\" \/>\n<meta property=\"article:publisher\" content=\"https:\/\/www.facebook.com\/wirmachenauf\" \/>\n<meta property=\"article:published_time\" content=\"2023-09-09T12:20:52+00:00\" \/>\n<meta property=\"og:image\" content=\"https:\/\/now-news.de\/de\/wp-content\/uploads\/sites\/3\/2023\/09\/Medien-Erdogan-haelt-geschlossene-Treffen-mit-G20-Staatschefs-zum-Getreideabkommen-ab.jpg\" \/>\n\t<meta property=\"og:image:width\" content=\"460\" \/>\n\t<meta property=\"og:image:height\" content=\"259\" \/>\n\t<meta property=\"og:image:type\" content=\"image\/jpeg\" \/>\n<meta name=\"author\" content=\"rtnews\" \/>\n<meta name=\"twitter:card\" content=\"summary_large_image\" \/>\n<meta name=\"twitter:creator\" content=\"@WirMachenAuf_de\" \/>\n<meta name=\"twitter:site\" content=\"@WirMachenAuf_de\" \/>\n<meta name=\"twitter:label1\" content=\"Verfasst von\" \/>\n\t<meta name=\"twitter:data1\" content=\"rtnews\" \/>\n\t<meta name=\"twitter:label2\" content=\"Gesch\u00e4tzte Lesezeit\" \/>\n\t<meta name=\"twitter:data2\" content=\"3\u00a0Minuten\" \/>\n<script type=\"application\/ld+json\" class=\"yoast-schema-graph\">{\"@context\":\"https:\/\/schema.org\",\"@graph\":[{\"@type\":\"Article\",\"@id\":\"https:\/\/now-news.de\/de\/deutschland\/medien-erdogan-haelt-geschlossene-treffen-mit-g20-staatschefs-zum-getreideabkommen-ab\/#article\",\"isPartOf\":{\"@id\":\"https:\/\/now-news.de\/de\/deutschland\/medien-erdogan-haelt-geschlossene-treffen-mit-g20-staatschefs-zum-getreideabkommen-ab\/\"},\"author\":{\"name\":\"rtnews\",\"@id\":\"https:\/\/now-news.de\/de\/#\/schema\/person\/fb534a4e865501d8b3285208df34a9b5\"},\"headline\":\"Medien: Erdo\u011fan h\u00e4lt geschlossene Treffen mit G20-Staatschefs zum Getreideabkommen ab\",\"datePublished\":\"2023-09-09T12:20:52+00:00\",\"dateModified\":\"2023-09-09T12:20:52+00:00\",\"mainEntityOfPage\":{\"@id\":\"https:\/\/now-news.de\/de\/deutschland\/medien-erdogan-haelt-geschlossene-treffen-mit-g20-staatschefs-zum-getreideabkommen-ab\/\"},\"wordCount\":587,\"commentCount\":0,\"publisher\":{\"@id\":\"https:\/\/now-news.de\/de\/#organization\"},\"image\":{\"@id\":\"https:\/\/now-news.de\/de\/deutschland\/medien-erdogan-haelt-geschlossene-treffen-mit-g20-staatschefs-zum-getreideabkommen-ab\/#primaryimage\"},\"thumbnailUrl\":\"https:\/\/now-news.de\/de\/wp-content\/uploads\/sites\/3\/2023\/09\/Medien-Erdogan-haelt-geschlossene-Treffen-mit-G20-Staatschefs-zum-Getreideabkommen-ab.jpg\",\"keywords\":[\"Erdo\u011fan\",\"G20Staatschefs\",\"geschlossene\",\"Getreideabkommen\",\"h\u00e4lt\",\"Medien\",\"mit\",\"Treffen\",\"zum\"],\"articleSection\":[\"Deutschland\",\"Russland\"],\"inLanguage\":\"de\",\"potentialAction\":[{\"@type\":\"CommentAction\",\"name\":\"Comment\",\"target\":[\"https:\/\/now-news.de\/de\/deutschland\/medien-erdogan-haelt-geschlossene-treffen-mit-g20-staatschefs-zum-getreideabkommen-ab\/#respond\"]}]},{\"@type\":\"WebPage\",\"@id\":\"https:\/\/now-news.de\/de\/deutschland\/medien-erdogan-haelt-geschlossene-treffen-mit-g20-staatschefs-zum-getreideabkommen-ab\/\",\"url\":\"https:\/\/now-news.de\/de\/deutschland\/medien-erdogan-haelt-geschlossene-treffen-mit-g20-staatschefs-zum-getreideabkommen-ab\/\",\"name\":\"Medien: Erdo\u011fan h\u00e4lt geschlossene Treffen mit G20-Staatschefs zum Getreideabkommen ab - just-now.NEWS Deutschland\",\"isPartOf\":{\"@id\":\"https:\/\/now-news.de\/de\/#website\"},\"primaryImageOfPage\":{\"@id\":\"https:\/\/now-news.de\/de\/deutschland\/medien-erdogan-haelt-geschlossene-treffen-mit-g20-staatschefs-zum-getreideabkommen-ab\/#primaryimage\"},\"image\":{\"@id\":\"https:\/\/now-news.de\/de\/deutschland\/medien-erdogan-haelt-geschlossene-treffen-mit-g20-staatschefs-zum-getreideabkommen-ab\/#primaryimage\"},\"thumbnailUrl\":\"https:\/\/now-news.de\/de\/wp-content\/uploads\/sites\/3\/2023\/09\/Medien-Erdogan-haelt-geschlossene-Treffen-mit-G20-Staatschefs-zum-Getreideabkommen-ab.jpg\",\"datePublished\":\"2023-09-09T12:20:52+00:00\",\"dateModified\":\"2023-09-09T12:20:52+00:00\",\"breadcrumb\":{\"@id\":\"https:\/\/now-news.de\/de\/deutschland\/medien-erdogan-haelt-geschlossene-treffen-mit-g20-staatschefs-zum-getreideabkommen-ab\/#breadcrumb\"},\"inLanguage\":\"de\",\"potentialAction\":[{\"@type\":\"ReadAction\",\"target\":[\"https:\/\/now-news.de\/de\/deutschland\/medien-erdogan-haelt-geschlossene-treffen-mit-g20-staatschefs-zum-getreideabkommen-ab\/\"]}]},{\"@type\":\"ImageObject\",\"inLanguage\":\"de\",\"@id\":\"https:\/\/now-news.de\/de\/deutschland\/medien-erdogan-haelt-geschlossene-treffen-mit-g20-staatschefs-zum-getreideabkommen-ab\/#primaryimage\",\"url\":\"https:\/\/now-news.de\/de\/wp-content\/uploads\/sites\/3\/2023\/09\/Medien-Erdogan-haelt-geschlossene-Treffen-mit-G20-Staatschefs-zum-Getreideabkommen-ab.jpg\",\"contentUrl\":\"https:\/\/now-news.de\/de\/wp-content\/uploads\/sites\/3\/2023\/09\/Medien-Erdogan-haelt-geschlossene-Treffen-mit-G20-Staatschefs-zum-Getreideabkommen-ab.jpg\",\"width\":460,\"height\":259,\"caption\":\"Medien: Erdo\u011fan h\u00e4lt geschlossene Treffen mit G20-Staatschefs zum Getreideabkommen ab\"},{\"@type\":\"BreadcrumbList\",\"@id\":\"https:\/\/now-news.de\/de\/deutschland\/medien-erdogan-haelt-geschlossene-treffen-mit-g20-staatschefs-zum-getreideabkommen-ab\/#breadcrumb\",\"itemListElement\":[{\"@type\":\"ListItem\",\"position\":1,\"name\":\"Home\",\"item\":\"https:\/\/now-news.de\/de\/\"},{\"@type\":\"ListItem\",\"position\":2,\"name\":\"Medien: Erdo\u011fan h\u00e4lt geschlossene Treffen mit G20-Staatschefs zum Getreideabkommen ab\"}]},{\"@type\":\"WebSite\",\"@id\":\"https:\/\/now-news.de\/de\/#website\",\"url\":\"https:\/\/now-news.de\/de\/\",\"name\":\"just-now.NEWS Deutschland\",\"description\":\"Das Portal f\u00fcr unzensierte Nachrichten aus der Welt\",\"publisher\":{\"@id\":\"https:\/\/now-news.de\/de\/#organization\"},\"potentialAction\":[{\"@type\":\"SearchAction\",\"target\":{\"@type\":\"EntryPoint\",\"urlTemplate\":\"https:\/\/now-news.de\/de\/?s={search_term_string}\"},\"query-input\":\"required name=search_term_string\"}],\"inLanguage\":\"de\"},{\"@type\":\"Organization\",\"@id\":\"https:\/\/now-news.de\/de\/#organization\",\"name\":\"Just Now News\",\"url\":\"https:\/\/now-news.de\/de\/\",\"logo\":{\"@type\":\"ImageObject\",\"inLanguage\":\"de\",\"@id\":\"https:\/\/now-news.de\/de\/#\/schema\/logo\/image\/\",\"url\":\"http:\/\/just-now.news\/de\/wp-content\/uploads\/sites\/3\/2022\/04\/logo500x500.jpg\",\"contentUrl\":\"http:\/\/just-now.news\/de\/wp-content\/uploads\/sites\/3\/2022\/04\/logo500x500.jpg\",\"width\":500,\"height\":500,\"caption\":\"Just Now News\"},\"image\":{\"@id\":\"https:\/\/now-news.de\/de\/#\/schema\/logo\/image\/\"},\"sameAs\":[\"https:\/\/www.facebook.com\/wirmachenauf\",\"https:\/\/x.com\/WirMachenAuf_de\"]},{\"@type\":\"Person\",\"@id\":\"https:\/\/now-news.de\/de\/#\/schema\/person\/fb534a4e865501d8b3285208df34a9b5\",\"name\":\"rtnews\",\"image\":{\"@type\":\"ImageObject\",\"inLanguage\":\"de\",\"@id\":\"https:\/\/now-news.de\/de\/#\/schema\/person\/image\/\",\"url\":\"https:\/\/secure.gravatar.com\/avatar\/82aafea7d8127119dd649515f56e2117?s=96&d=mm&r=g\",\"contentUrl\":\"https:\/\/secure.gravatar.com\/avatar\/82aafea7d8127119dd649515f56e2117?s=96&d=mm&r=g\",\"caption\":\"rtnews\"},\"url\":\"https:\/\/now-news.de\/de\/author\/rnews\/\"}]}<\/script>\n<!-- \/ Yoast SEO Premium plugin. -->","yoast_head_json":{"title":"Medien: Erdo\u011fan h\u00e4lt geschlossene Treffen mit G20-Staatschefs zum Getreideabkommen ab - just-now.NEWS Deutschland","robots":{"index":"index","follow":"follow","max-snippet":"max-snippet:-1","max-image-preview":"max-image-preview:large","max-video-preview":"max-video-preview:-1"},"canonical":"https:\/\/now-news.de\/de\/deutschland\/medien-erdogan-haelt-geschlossene-treffen-mit-g20-staatschefs-zum-getreideabkommen-ab\/","og_locale":"de_DE","og_type":"article","og_title":"Medien: Erdo\u011fan h\u00e4lt geschlossene Treffen mit G20-Staatschefs zum Getreideabkommen ab","og_description":"Der t\u00fcrkische Pr\u00e4sident dr\u00e4ngt die Staats- und Regierungschefs, bei privaten Treffen auf dem G20-Gipfel einige der russischen Forderungen zu erf\u00fcllen, um das Getreideabkommen aufzunehmen. Es geht um Wiederanbindung an SWIFT und Erleichterung der Exportversicherung. Der Pr\u00e4sident der T\u00fcrkei Recep Tayyip Erdo\u011fan, der sich derzeit zum G20-Gipfel in Neu-Delhi aufh\u00e4lt, h\u00e4lt private Treffen mit f\u00fchrenden Politikern [&hellip;]","og_url":"https:\/\/now-news.de\/de\/deutschland\/medien-erdogan-haelt-geschlossene-treffen-mit-g20-staatschefs-zum-getreideabkommen-ab\/","og_site_name":"just-now.NEWS Deutschland","article_publisher":"https:\/\/www.facebook.com\/wirmachenauf","article_published_time":"2023-09-09T12:20:52+00:00","og_image":[{"width":460,"height":259,"url":"https:\/\/now-news.de\/de\/wp-content\/uploads\/sites\/3\/2023\/09\/Medien-Erdogan-haelt-geschlossene-Treffen-mit-G20-Staatschefs-zum-Getreideabkommen-ab.jpg","type":"image\/jpeg"}],"author":"rtnews","twitter_card":"summary_large_image","twitter_creator":"@WirMachenAuf_de","twitter_site":"@WirMachenAuf_de","twitter_misc":{"Verfasst von":"rtnews","Gesch\u00e4tzte Lesezeit":"3\u00a0Minuten"},"schema":{"@context":"https:\/\/schema.org","@graph":[{"@type":"Article","@id":"https:\/\/now-news.de\/de\/deutschland\/medien-erdogan-haelt-geschlossene-treffen-mit-g20-staatschefs-zum-getreideabkommen-ab\/#article","isPartOf":{"@id":"https:\/\/now-news.de\/de\/deutschland\/medien-erdogan-haelt-geschlossene-treffen-mit-g20-staatschefs-zum-getreideabkommen-ab\/"},"author":{"name":"rtnews","@id":"https:\/\/now-news.de\/de\/#\/schema\/person\/fb534a4e865501d8b3285208df34a9b5"},"headline":"Medien: Erdo\u011fan h\u00e4lt geschlossene Treffen mit G20-Staatschefs zum Getreideabkommen ab","datePublished":"2023-09-09T12:20:52+00:00","dateModified":"2023-09-09T12:20:52+00:00","mainEntityOfPage":{"@id":"https:\/\/now-news.de\/de\/deutschland\/medien-erdogan-haelt-geschlossene-treffen-mit-g20-staatschefs-zum-getreideabkommen-ab\/"},"wordCount":587,"commentCount":0,"publisher":{"@id":"https:\/\/now-news.de\/de\/#organization"},"image":{"@id":"https:\/\/now-news.de\/de\/deutschland\/medien-erdogan-haelt-geschlossene-treffen-mit-g20-staatschefs-zum-getreideabkommen-ab\/#primaryimage"},"thumbnailUrl":"https:\/\/now-news.de\/de\/wp-content\/uploads\/sites\/3\/2023\/09\/Medien-Erdogan-haelt-geschlossene-Treffen-mit-G20-Staatschefs-zum-Getreideabkommen-ab.jpg","keywords":["Erdo\u011fan","G20Staatschefs","geschlossene","Getreideabkommen","h\u00e4lt","Medien","mit","Treffen","zum"],"articleSection":["Deutschland","Russland"],"inLanguage":"de","potentialAction":[{"@type":"CommentAction","name":"Comment","target":["https:\/\/now-news.de\/de\/deutschland\/medien-erdogan-haelt-geschlossene-treffen-mit-g20-staatschefs-zum-getreideabkommen-ab\/#respond"]}]},{"@type":"WebPage","@id":"https:\/\/now-news.de\/de\/deutschland\/medien-erdogan-haelt-geschlossene-treffen-mit-g20-staatschefs-zum-getreideabkommen-ab\/","url":"https:\/\/now-news.de\/de\/deutschland\/medien-erdogan-haelt-geschlossene-treffen-mit-g20-staatschefs-zum-getreideabkommen-ab\/","name":"Medien: Erdo\u011fan h\u00e4lt geschlossene Treffen mit G20-Staatschefs zum Getreideabkommen ab - just-now.NEWS Deutschland","isPartOf":{"@id":"https:\/\/now-news.de\/de\/#website"},"primaryImageOfPage":{"@id":"https:\/\/now-news.de\/de\/deutschland\/medien-erdogan-haelt-geschlossene-treffen-mit-g20-staatschefs-zum-getreideabkommen-ab\/#primaryimage"},"image":{"@id":"https:\/\/now-news.de\/de\/deutschland\/medien-erdogan-haelt-geschlossene-treffen-mit-g20-staatschefs-zum-getreideabkommen-ab\/#primaryimage"},"thumbnailUrl":"https:\/\/now-news.de\/de\/wp-content\/uploads\/sites\/3\/2023\/09\/Medien-Erdogan-haelt-geschlossene-Treffen-mit-G20-Staatschefs-zum-Getreideabkommen-ab.jpg","datePublished":"2023-09-09T12:20:52+00:00","dateModified":"2023-09-09T12:20:52+00:00","breadcrumb":{"@id":"https:\/\/now-news.de\/de\/deutschland\/medien-erdogan-haelt-geschlossene-treffen-mit-g20-staatschefs-zum-getreideabkommen-ab\/#breadcrumb"},"inLanguage":"de","potentialAction":[{"@type":"ReadAction","target":["https:\/\/now-news.de\/de\/deutschland\/medien-erdogan-haelt-geschlossene-treffen-mit-g20-staatschefs-zum-getreideabkommen-ab\/"]}]},{"@type":"ImageObject","inLanguage":"de","@id":"https:\/\/now-news.de\/de\/deutschland\/medien-erdogan-haelt-geschlossene-treffen-mit-g20-staatschefs-zum-getreideabkommen-ab\/#primaryimage","url":"https:\/\/now-news.de\/de\/wp-content\/uploads\/sites\/3\/2023\/09\/Medien-Erdogan-haelt-geschlossene-Treffen-mit-G20-Staatschefs-zum-Getreideabkommen-ab.jpg","contentUrl":"https:\/\/now-news.de\/de\/wp-content\/uploads\/sites\/3\/2023\/09\/Medien-Erdogan-haelt-geschlossene-Treffen-mit-G20-Staatschefs-zum-Getreideabkommen-ab.jpg","width":460,"height":259,"caption":"Medien: Erdo\u011fan h\u00e4lt geschlossene Treffen mit G20-Staatschefs zum Getreideabkommen ab"},{"@type":"BreadcrumbList","@id":"https:\/\/now-news.de\/de\/deutschland\/medien-erdogan-haelt-geschlossene-treffen-mit-g20-staatschefs-zum-getreideabkommen-ab\/#breadcrumb","itemListElement":[{"@type":"ListItem","position":1,"name":"Home","item":"https:\/\/now-news.de\/de\/"},{"@type":"ListItem","position":2,"name":"Medien: Erdo\u011fan h\u00e4lt geschlossene Treffen mit G20-Staatschefs zum Getreideabkommen ab"}]},{"@type":"WebSite","@id":"https:\/\/now-news.de\/de\/#website","url":"https:\/\/now-news.de\/de\/","name":"just-now.NEWS Deutschland","description":"Das Portal f\u00fcr unzensierte Nachrichten aus der Welt","publisher":{"@id":"https:\/\/now-news.de\/de\/#organization"},"potentialAction":[{"@type":"SearchAction","target":{"@type":"EntryPoint","urlTemplate":"https:\/\/now-news.de\/de\/?s={search_term_string}"},"query-input":"required name=search_term_string"}],"inLanguage":"de"},{"@type":"Organization","@id":"https:\/\/now-news.de\/de\/#organization","name":"Just Now News","url":"https:\/\/now-news.de\/de\/","logo":{"@type":"ImageObject","inLanguage":"de","@id":"https:\/\/now-news.de\/de\/#\/schema\/logo\/image\/","url":"http:\/\/just-now.news\/de\/wp-content\/uploads\/sites\/3\/2022\/04\/logo500x500.jpg","contentUrl":"http:\/\/just-now.news\/de\/wp-content\/uploads\/sites\/3\/2022\/04\/logo500x500.jpg","width":500,"height":500,"caption":"Just Now News"},"image":{"@id":"https:\/\/now-news.de\/de\/#\/schema\/logo\/image\/"},"sameAs":["https:\/\/www.facebook.com\/wirmachenauf","https:\/\/x.com\/WirMachenAuf_de"]},{"@type":"Person","@id":"https:\/\/now-news.de\/de\/#\/schema\/person\/fb534a4e865501d8b3285208df34a9b5","name":"rtnews","image":{"@type":"ImageObject","inLanguage":"de","@id":"https:\/\/now-news.de\/de\/#\/schema\/person\/image\/","url":"https:\/\/secure.gravatar.com\/avatar\/82aafea7d8127119dd649515f56e2117?s=96&d=mm&r=g","contentUrl":"https:\/\/secure.gravatar.com\/avatar\/82aafea7d8127119dd649515f56e2117?s=96&d=mm&r=g","caption":"rtnews"},"url":"https:\/\/now-news.de\/de\/author\/rnews\/"}]}},"_links":{"self":[{"href":"https:\/\/now-news.de\/de\/wp-json\/wp\/v2\/posts\/46032"}],"collection":[{"href":"https:\/\/now-news.de\/de\/wp-json\/wp\/v2\/posts"}],"about":[{"href":"https:\/\/now-news.de\/de\/wp-json\/wp\/v2\/types\/post"}],"author":[{"embeddable":true,"href":"https:\/\/now-news.de\/de\/wp-json\/wp\/v2\/users\/3"}],"replies":[{"embeddable":true,"href":"https:\/\/now-news.de\/de\/wp-json\/wp\/v2\/comments?post=46032"}],"version-history":[{"count":0,"href":"https:\/\/now-news.de\/de\/wp-json\/wp\/v2\/posts\/46032\/revisions"}],"wp:featuredmedia":[{"embeddable":true,"href":"https:\/\/now-news.de\/de\/wp-json\/wp\/v2\/media\/46033"}],"wp:attachment":[{"href":"https:\/\/now-news.de\/de\/wp-json\/wp\/v2\/media?parent=46032"}],"wp:term":[{"taxonomy":"category","embeddable":true,"href":"https:\/\/now-news.de\/de\/wp-json\/wp\/v2\/categories?post=46032"},{"taxonomy":"post_tag","embeddable":true,"href":"https:\/\/now-news.de\/de\/wp-json\/wp\/v2\/tags?post=46032"}],"curies":[{"name":"wp","href":"https:\/\/api.w.org\/{rel}","templated":true}]}}