{"id":45970,"date":"2023-09-08T14:47:30","date_gmt":"2023-09-08T12:47:30","guid":{"rendered":"https:\/\/just-now.news\/de\/deutschland\/terroranschlag-auf-eisenbahn-auf-krim-vereitelt\/"},"modified":"2023-09-08T14:47:30","modified_gmt":"2023-09-08T12:47:30","slug":"terroranschlag-auf-eisenbahn-auf-krim-vereitelt","status":"publish","type":"post","link":"https:\/\/now-news.de\/de\/deutschland\/terroranschlag-auf-eisenbahn-auf-krim-vereitelt\/","title":{"rendered":"Terroranschlag auf Eisenbahn auf Krim vereitelt"},"content":{"rendered":"<p><img decoding=\"async\" src=\"http:\/\/just-now.news\/de\/wp-content\/uploads\/sites\/3\/2023\/09\/64fb1564b480cc27a01ea75e.jpg\" \/><\/p>\n<div class=\"Text-root Text-type_1 \">\n                Der russische Geheimdienst FSB hat einen Terroranschlag auf eine Eisenbahnlinie auf der Krim verhindert. Nach Angaben des Ressorts bereitete ein Einwohner von Sewastopol auf Anweisung Kiews den Angriff vor.\n            <\/div>\n<p><\/p>\n<div class=\"Text-root Text-type_5 ArticleView-text ViewText-root \">\n<p>Beamte des russischen Inlandsgeheimdiensts FSB verhinderten einen Terroranschlag auf eine Eisenbahn auf der Krim, der von einem Einwohner von Sewastopol auf Anweisung des ukrainischen Milit\u00e4rgeheimdienstes vorbereitet worden war. Dies teilte das Zentrum f\u00fcr \u00d6ffentlichkeitsarbeit des FSB gegen\u00fcber Journalisten mit:<\/p>\n<blockquote>\n<p><em>&#8220;Auf dem Territorium der Republik Krim wurde die Vorbereitung eines sabotage-terroristischen Aktes auf eines der Objekte der Verkehrsinfrastruktur der Halbinsel mit dem Ziel, milit\u00e4rische Transporte zu st\u00f6ren, vereitelt.&#8221;<\/em><\/p>\n<\/blockquote>\n<p>Infolge der durchgef\u00fchrten Ma\u00dfnahmen wurde ein 1978 geborener russischer Staatsb\u00fcrger mit Wohnsitz in Sewastopol festgenommen. Er hatte &#8220;im Auftrag des milit\u00e4rischen Nachrichtendienstes der Ukraine Informationen \u00fcber den Standort von Einrichtungen und Einheiten des russischen Verteidigungsministeriums auf der Halbinsel gesammelt sowie einen Terroranschlag auf die Eisenbahntransportanlage vorbereitet&#8221;, so der FSB. In dem von ihm ausger\u00fcsteten Versteck sei ein improvisierter Sprengsatz auf der Basis von Plastiksprengstoff aus ausl\u00e4ndischer Produktion gefunden worden, der f\u00fcr Sabotageakte bestimmt gewesen sei, hie\u00df es.<\/p>\n<p>Die Ermittlungsabteilung des FSB der Russischen F\u00f6deration in der Republik Krim und in Sewastopol leitete ein Strafverfahren gegen den Festgenommenen ein, das Gericht nahm ihn in Untersuchungshaft. Alle Umst\u00e4nde der kriminellen Handlungen sowie weitere daran beteiligte Personen werden derzeit ermittelt.<\/p>\n<p>Wie in anderen russischen Regionen, die an die Ukraine grenzen, gilt auf der Krim eine gelbe (hohe) Terrorismusbedrohung. Dar\u00fcber hinaus wurde gem\u00e4\u00df dem Pr\u00e4sidialdekret eine mittlere Reaktionsstufe eingef\u00fchrt. Der FSB vereitelt regelm\u00e4\u00dfig terroristische Anschl\u00e4ge, auch auf Einrichtungen der Eisenbahninfrastruktur, und nimmt Saboteure fest.<\/p>\n<p><strong>Mehr zum Thema<\/strong> &#8211; <a rel=\"nofollow noopener\" target=\"_blank\" href=\"https:\/\/kurz.rt.com\/3u8q\">Anschlag vereitelt: FSB nimmt Russen fest, der sich dem Asow-Regiment anschlie\u00dfen wollte<\/a><\/p>\n<\/p>\n<\/div>\n<p><br \/>\n<br \/><a href=\"https:\/\/de.rt.com\/russland\/180164-terroranschlag-auf-eisenbahn-auf-krim\/\">Source link <\/a><\/p>\n","protected":false},"excerpt":{"rendered":"<p>Der russische Geheimdienst FSB hat einen Terroranschlag auf eine Eisenbahnlinie auf der Krim verhindert. Nach Angaben des Ressorts bereitete ein Einwohner von Sewastopol auf Anweisung Kiews den Angriff vor. Beamte des russischen Inlandsgeheimdiensts FSB verhinderten einen Terroranschlag auf eine Eisenbahn auf der Krim, der von einem Einwohner von Sewastopol auf Anweisung des ukrainischen Milit\u00e4rgeheimdienstes vorbereitet [&hellip;]<\/p>\n","protected":false},"author":3,"featured_media":45971,"comment_status":"open","ping_status":"open","sticky":false,"template":"","format":"standard","meta":{"_yoast_indexnow_last_ping":["1694178070"],"wp_automatic_camp":["217"],"4ac526c5126b583df97958be3cabb81c":["Terroranschlag auf Eisenbahn auf Krim vereitelt"],"original_link":["https:\/\/de.rt.com\/russland\/180164-terroranschlag-auf-eisenbahn-auf-krim\/"],"_thumbnail_id":["45971"],"_wptgpro_p2tg_sent2tg":["a:1:{i:23737;s:19:\"2023-09-08 15:02:10\";}"],"jnews_social_counter_last_update":["1777182683"]},"categories":[19,23],"tags":[133,21569,11438,9473,9999],"yoast_head":"<!-- This site is optimized with the Yoast SEO Premium plugin v22.7 (Yoast SEO v22.7) - https:\/\/yoast.com\/wordpress\/plugins\/seo\/ -->\n<title>Terroranschlag auf Eisenbahn auf Krim vereitelt - just-now.NEWS Deutschland<\/title>\n<meta name=\"robots\" content=\"index, follow, max-snippet:-1, max-image-preview:large, max-video-preview:-1\" \/>\n<link rel=\"canonical\" href=\"https:\/\/now-news.de\/de\/deutschland\/terroranschlag-auf-eisenbahn-auf-krim-vereitelt\/\" \/>\n<meta property=\"og:locale\" content=\"de_DE\" \/>\n<meta property=\"og:type\" content=\"article\" \/>\n<meta property=\"og:title\" content=\"Terroranschlag auf Eisenbahn auf Krim vereitelt\" \/>\n<meta property=\"og:description\" content=\"Der russische Geheimdienst FSB hat einen Terroranschlag auf eine Eisenbahnlinie auf der Krim verhindert. Nach Angaben des Ressorts bereitete ein Einwohner von Sewastopol auf Anweisung Kiews den Angriff vor. Beamte des russischen Inlandsgeheimdiensts FSB verhinderten einen Terroranschlag auf eine Eisenbahn auf der Krim, der von einem Einwohner von Sewastopol auf Anweisung des ukrainischen Milit\u00e4rgeheimdienstes vorbereitet [&hellip;]\" \/>\n<meta property=\"og:url\" content=\"https:\/\/now-news.de\/de\/deutschland\/terroranschlag-auf-eisenbahn-auf-krim-vereitelt\/\" \/>\n<meta property=\"og:site_name\" content=\"just-now.NEWS Deutschland\" \/>\n<meta property=\"article:publisher\" content=\"https:\/\/www.facebook.com\/wirmachenauf\" \/>\n<meta property=\"article:published_time\" content=\"2023-09-08T12:47:30+00:00\" \/>\n<meta property=\"og:image\" content=\"https:\/\/now-news.de\/de\/wp-content\/uploads\/sites\/3\/2023\/09\/Terroranschlag-auf-Eisenbahn-auf-Krim-vereitelt.jpg\" \/>\n\t<meta property=\"og:image:width\" content=\"460\" \/>\n\t<meta property=\"og:image:height\" content=\"259\" \/>\n\t<meta property=\"og:image:type\" content=\"image\/jpeg\" \/>\n<meta name=\"author\" content=\"rtnews\" \/>\n<meta name=\"twitter:card\" content=\"summary_large_image\" \/>\n<meta name=\"twitter:creator\" content=\"@WirMachenAuf_de\" \/>\n<meta name=\"twitter:site\" content=\"@WirMachenAuf_de\" \/>\n<meta name=\"twitter:label1\" content=\"Verfasst von\" \/>\n\t<meta name=\"twitter:data1\" content=\"rtnews\" \/>\n\t<meta name=\"twitter:label2\" content=\"Gesch\u00e4tzte Lesezeit\" \/>\n\t<meta name=\"twitter:data2\" content=\"1\u00a0Minute\" \/>\n<script type=\"application\/ld+json\" class=\"yoast-schema-graph\">{\"@context\":\"https:\/\/schema.org\",\"@graph\":[{\"@type\":\"Article\",\"@id\":\"https:\/\/now-news.de\/de\/deutschland\/terroranschlag-auf-eisenbahn-auf-krim-vereitelt\/#article\",\"isPartOf\":{\"@id\":\"https:\/\/now-news.de\/de\/deutschland\/terroranschlag-auf-eisenbahn-auf-krim-vereitelt\/\"},\"author\":{\"name\":\"rtnews\",\"@id\":\"https:\/\/now-news.de\/de\/#\/schema\/person\/fb534a4e865501d8b3285208df34a9b5\"},\"headline\":\"Terroranschlag auf Eisenbahn auf Krim vereitelt\",\"datePublished\":\"2023-09-08T12:47:30+00:00\",\"dateModified\":\"2023-09-08T12:47:30+00:00\",\"mainEntityOfPage\":{\"@id\":\"https:\/\/now-news.de\/de\/deutschland\/terroranschlag-auf-eisenbahn-auf-krim-vereitelt\/\"},\"wordCount\":300,\"commentCount\":0,\"publisher\":{\"@id\":\"https:\/\/now-news.de\/de\/#organization\"},\"image\":{\"@id\":\"https:\/\/now-news.de\/de\/deutschland\/terroranschlag-auf-eisenbahn-auf-krim-vereitelt\/#primaryimage\"},\"thumbnailUrl\":\"https:\/\/now-news.de\/de\/wp-content\/uploads\/sites\/3\/2023\/09\/Terroranschlag-auf-Eisenbahn-auf-Krim-vereitelt.jpg\",\"keywords\":[\"AUF\",\"Eisenbahn\",\"krim\",\"Terroranschlag\",\"vereitelt\"],\"articleSection\":[\"Deutschland\",\"Russland\"],\"inLanguage\":\"de\",\"potentialAction\":[{\"@type\":\"CommentAction\",\"name\":\"Comment\",\"target\":[\"https:\/\/now-news.de\/de\/deutschland\/terroranschlag-auf-eisenbahn-auf-krim-vereitelt\/#respond\"]}]},{\"@type\":\"WebPage\",\"@id\":\"https:\/\/now-news.de\/de\/deutschland\/terroranschlag-auf-eisenbahn-auf-krim-vereitelt\/\",\"url\":\"https:\/\/now-news.de\/de\/deutschland\/terroranschlag-auf-eisenbahn-auf-krim-vereitelt\/\",\"name\":\"Terroranschlag auf Eisenbahn auf Krim vereitelt - just-now.NEWS Deutschland\",\"isPartOf\":{\"@id\":\"https:\/\/now-news.de\/de\/#website\"},\"primaryImageOfPage\":{\"@id\":\"https:\/\/now-news.de\/de\/deutschland\/terroranschlag-auf-eisenbahn-auf-krim-vereitelt\/#primaryimage\"},\"image\":{\"@id\":\"https:\/\/now-news.de\/de\/deutschland\/terroranschlag-auf-eisenbahn-auf-krim-vereitelt\/#primaryimage\"},\"thumbnailUrl\":\"https:\/\/now-news.de\/de\/wp-content\/uploads\/sites\/3\/2023\/09\/Terroranschlag-auf-Eisenbahn-auf-Krim-vereitelt.jpg\",\"datePublished\":\"2023-09-08T12:47:30+00:00\",\"dateModified\":\"2023-09-08T12:47:30+00:00\",\"breadcrumb\":{\"@id\":\"https:\/\/now-news.de\/de\/deutschland\/terroranschlag-auf-eisenbahn-auf-krim-vereitelt\/#breadcrumb\"},\"inLanguage\":\"de\",\"potentialAction\":[{\"@type\":\"ReadAction\",\"target\":[\"https:\/\/now-news.de\/de\/deutschland\/terroranschlag-auf-eisenbahn-auf-krim-vereitelt\/\"]}]},{\"@type\":\"ImageObject\",\"inLanguage\":\"de\",\"@id\":\"https:\/\/now-news.de\/de\/deutschland\/terroranschlag-auf-eisenbahn-auf-krim-vereitelt\/#primaryimage\",\"url\":\"https:\/\/now-news.de\/de\/wp-content\/uploads\/sites\/3\/2023\/09\/Terroranschlag-auf-Eisenbahn-auf-Krim-vereitelt.jpg\",\"contentUrl\":\"https:\/\/now-news.de\/de\/wp-content\/uploads\/sites\/3\/2023\/09\/Terroranschlag-auf-Eisenbahn-auf-Krim-vereitelt.jpg\",\"width\":460,\"height\":259,\"caption\":\"Terroranschlag auf Eisenbahn auf Krim vereitelt\"},{\"@type\":\"BreadcrumbList\",\"@id\":\"https:\/\/now-news.de\/de\/deutschland\/terroranschlag-auf-eisenbahn-auf-krim-vereitelt\/#breadcrumb\",\"itemListElement\":[{\"@type\":\"ListItem\",\"position\":1,\"name\":\"Home\",\"item\":\"https:\/\/now-news.de\/de\/\"},{\"@type\":\"ListItem\",\"position\":2,\"name\":\"Terroranschlag auf Eisenbahn auf Krim vereitelt\"}]},{\"@type\":\"WebSite\",\"@id\":\"https:\/\/now-news.de\/de\/#website\",\"url\":\"https:\/\/now-news.de\/de\/\",\"name\":\"just-now.NEWS Deutschland\",\"description\":\"Das Portal f\u00fcr unzensierte Nachrichten aus der Welt\",\"publisher\":{\"@id\":\"https:\/\/now-news.de\/de\/#organization\"},\"potentialAction\":[{\"@type\":\"SearchAction\",\"target\":{\"@type\":\"EntryPoint\",\"urlTemplate\":\"https:\/\/now-news.de\/de\/?s={search_term_string}\"},\"query-input\":\"required name=search_term_string\"}],\"inLanguage\":\"de\"},{\"@type\":\"Organization\",\"@id\":\"https:\/\/now-news.de\/de\/#organization\",\"name\":\"Just Now News\",\"url\":\"https:\/\/now-news.de\/de\/\",\"logo\":{\"@type\":\"ImageObject\",\"inLanguage\":\"de\",\"@id\":\"https:\/\/now-news.de\/de\/#\/schema\/logo\/image\/\",\"url\":\"http:\/\/just-now.news\/de\/wp-content\/uploads\/sites\/3\/2022\/04\/logo500x500.jpg\",\"contentUrl\":\"http:\/\/just-now.news\/de\/wp-content\/uploads\/sites\/3\/2022\/04\/logo500x500.jpg\",\"width\":500,\"height\":500,\"caption\":\"Just Now News\"},\"image\":{\"@id\":\"https:\/\/now-news.de\/de\/#\/schema\/logo\/image\/\"},\"sameAs\":[\"https:\/\/www.facebook.com\/wirmachenauf\",\"https:\/\/x.com\/WirMachenAuf_de\"]},{\"@type\":\"Person\",\"@id\":\"https:\/\/now-news.de\/de\/#\/schema\/person\/fb534a4e865501d8b3285208df34a9b5\",\"name\":\"rtnews\",\"image\":{\"@type\":\"ImageObject\",\"inLanguage\":\"de\",\"@id\":\"https:\/\/now-news.de\/de\/#\/schema\/person\/image\/\",\"url\":\"https:\/\/secure.gravatar.com\/avatar\/82aafea7d8127119dd649515f56e2117?s=96&d=mm&r=g\",\"contentUrl\":\"https:\/\/secure.gravatar.com\/avatar\/82aafea7d8127119dd649515f56e2117?s=96&d=mm&r=g\",\"caption\":\"rtnews\"},\"url\":\"https:\/\/now-news.de\/de\/author\/rnews\/\"}]}<\/script>\n<!-- \/ Yoast SEO Premium plugin. -->","yoast_head_json":{"title":"Terroranschlag auf Eisenbahn auf Krim vereitelt - just-now.NEWS Deutschland","robots":{"index":"index","follow":"follow","max-snippet":"max-snippet:-1","max-image-preview":"max-image-preview:large","max-video-preview":"max-video-preview:-1"},"canonical":"https:\/\/now-news.de\/de\/deutschland\/terroranschlag-auf-eisenbahn-auf-krim-vereitelt\/","og_locale":"de_DE","og_type":"article","og_title":"Terroranschlag auf Eisenbahn auf Krim vereitelt","og_description":"Der russische Geheimdienst FSB hat einen Terroranschlag auf eine Eisenbahnlinie auf der Krim verhindert. Nach Angaben des Ressorts bereitete ein Einwohner von Sewastopol auf Anweisung Kiews den Angriff vor. Beamte des russischen Inlandsgeheimdiensts FSB verhinderten einen Terroranschlag auf eine Eisenbahn auf der Krim, der von einem Einwohner von Sewastopol auf Anweisung des ukrainischen Milit\u00e4rgeheimdienstes vorbereitet [&hellip;]","og_url":"https:\/\/now-news.de\/de\/deutschland\/terroranschlag-auf-eisenbahn-auf-krim-vereitelt\/","og_site_name":"just-now.NEWS Deutschland","article_publisher":"https:\/\/www.facebook.com\/wirmachenauf","article_published_time":"2023-09-08T12:47:30+00:00","og_image":[{"width":460,"height":259,"url":"https:\/\/now-news.de\/de\/wp-content\/uploads\/sites\/3\/2023\/09\/Terroranschlag-auf-Eisenbahn-auf-Krim-vereitelt.jpg","type":"image\/jpeg"}],"author":"rtnews","twitter_card":"summary_large_image","twitter_creator":"@WirMachenAuf_de","twitter_site":"@WirMachenAuf_de","twitter_misc":{"Verfasst von":"rtnews","Gesch\u00e4tzte Lesezeit":"1\u00a0Minute"},"schema":{"@context":"https:\/\/schema.org","@graph":[{"@type":"Article","@id":"https:\/\/now-news.de\/de\/deutschland\/terroranschlag-auf-eisenbahn-auf-krim-vereitelt\/#article","isPartOf":{"@id":"https:\/\/now-news.de\/de\/deutschland\/terroranschlag-auf-eisenbahn-auf-krim-vereitelt\/"},"author":{"name":"rtnews","@id":"https:\/\/now-news.de\/de\/#\/schema\/person\/fb534a4e865501d8b3285208df34a9b5"},"headline":"Terroranschlag auf Eisenbahn auf Krim vereitelt","datePublished":"2023-09-08T12:47:30+00:00","dateModified":"2023-09-08T12:47:30+00:00","mainEntityOfPage":{"@id":"https:\/\/now-news.de\/de\/deutschland\/terroranschlag-auf-eisenbahn-auf-krim-vereitelt\/"},"wordCount":300,"commentCount":0,"publisher":{"@id":"https:\/\/now-news.de\/de\/#organization"},"image":{"@id":"https:\/\/now-news.de\/de\/deutschland\/terroranschlag-auf-eisenbahn-auf-krim-vereitelt\/#primaryimage"},"thumbnailUrl":"https:\/\/now-news.de\/de\/wp-content\/uploads\/sites\/3\/2023\/09\/Terroranschlag-auf-Eisenbahn-auf-Krim-vereitelt.jpg","keywords":["AUF","Eisenbahn","krim","Terroranschlag","vereitelt"],"articleSection":["Deutschland","Russland"],"inLanguage":"de","potentialAction":[{"@type":"CommentAction","name":"Comment","target":["https:\/\/now-news.de\/de\/deutschland\/terroranschlag-auf-eisenbahn-auf-krim-vereitelt\/#respond"]}]},{"@type":"WebPage","@id":"https:\/\/now-news.de\/de\/deutschland\/terroranschlag-auf-eisenbahn-auf-krim-vereitelt\/","url":"https:\/\/now-news.de\/de\/deutschland\/terroranschlag-auf-eisenbahn-auf-krim-vereitelt\/","name":"Terroranschlag auf Eisenbahn auf Krim vereitelt - just-now.NEWS Deutschland","isPartOf":{"@id":"https:\/\/now-news.de\/de\/#website"},"primaryImageOfPage":{"@id":"https:\/\/now-news.de\/de\/deutschland\/terroranschlag-auf-eisenbahn-auf-krim-vereitelt\/#primaryimage"},"image":{"@id":"https:\/\/now-news.de\/de\/deutschland\/terroranschlag-auf-eisenbahn-auf-krim-vereitelt\/#primaryimage"},"thumbnailUrl":"https:\/\/now-news.de\/de\/wp-content\/uploads\/sites\/3\/2023\/09\/Terroranschlag-auf-Eisenbahn-auf-Krim-vereitelt.jpg","datePublished":"2023-09-08T12:47:30+00:00","dateModified":"2023-09-08T12:47:30+00:00","breadcrumb":{"@id":"https:\/\/now-news.de\/de\/deutschland\/terroranschlag-auf-eisenbahn-auf-krim-vereitelt\/#breadcrumb"},"inLanguage":"de","potentialAction":[{"@type":"ReadAction","target":["https:\/\/now-news.de\/de\/deutschland\/terroranschlag-auf-eisenbahn-auf-krim-vereitelt\/"]}]},{"@type":"ImageObject","inLanguage":"de","@id":"https:\/\/now-news.de\/de\/deutschland\/terroranschlag-auf-eisenbahn-auf-krim-vereitelt\/#primaryimage","url":"https:\/\/now-news.de\/de\/wp-content\/uploads\/sites\/3\/2023\/09\/Terroranschlag-auf-Eisenbahn-auf-Krim-vereitelt.jpg","contentUrl":"https:\/\/now-news.de\/de\/wp-content\/uploads\/sites\/3\/2023\/09\/Terroranschlag-auf-Eisenbahn-auf-Krim-vereitelt.jpg","width":460,"height":259,"caption":"Terroranschlag auf Eisenbahn auf Krim vereitelt"},{"@type":"BreadcrumbList","@id":"https:\/\/now-news.de\/de\/deutschland\/terroranschlag-auf-eisenbahn-auf-krim-vereitelt\/#breadcrumb","itemListElement":[{"@type":"ListItem","position":1,"name":"Home","item":"https:\/\/now-news.de\/de\/"},{"@type":"ListItem","position":2,"name":"Terroranschlag auf Eisenbahn auf Krim vereitelt"}]},{"@type":"WebSite","@id":"https:\/\/now-news.de\/de\/#website","url":"https:\/\/now-news.de\/de\/","name":"just-now.NEWS Deutschland","description":"Das Portal f\u00fcr unzensierte Nachrichten aus der Welt","publisher":{"@id":"https:\/\/now-news.de\/de\/#organization"},"potentialAction":[{"@type":"SearchAction","target":{"@type":"EntryPoint","urlTemplate":"https:\/\/now-news.de\/de\/?s={search_term_string}"},"query-input":"required name=search_term_string"}],"inLanguage":"de"},{"@type":"Organization","@id":"https:\/\/now-news.de\/de\/#organization","name":"Just Now News","url":"https:\/\/now-news.de\/de\/","logo":{"@type":"ImageObject","inLanguage":"de","@id":"https:\/\/now-news.de\/de\/#\/schema\/logo\/image\/","url":"http:\/\/just-now.news\/de\/wp-content\/uploads\/sites\/3\/2022\/04\/logo500x500.jpg","contentUrl":"http:\/\/just-now.news\/de\/wp-content\/uploads\/sites\/3\/2022\/04\/logo500x500.jpg","width":500,"height":500,"caption":"Just Now News"},"image":{"@id":"https:\/\/now-news.de\/de\/#\/schema\/logo\/image\/"},"sameAs":["https:\/\/www.facebook.com\/wirmachenauf","https:\/\/x.com\/WirMachenAuf_de"]},{"@type":"Person","@id":"https:\/\/now-news.de\/de\/#\/schema\/person\/fb534a4e865501d8b3285208df34a9b5","name":"rtnews","image":{"@type":"ImageObject","inLanguage":"de","@id":"https:\/\/now-news.de\/de\/#\/schema\/person\/image\/","url":"https:\/\/secure.gravatar.com\/avatar\/82aafea7d8127119dd649515f56e2117?s=96&d=mm&r=g","contentUrl":"https:\/\/secure.gravatar.com\/avatar\/82aafea7d8127119dd649515f56e2117?s=96&d=mm&r=g","caption":"rtnews"},"url":"https:\/\/now-news.de\/de\/author\/rnews\/"}]}},"_links":{"self":[{"href":"https:\/\/now-news.de\/de\/wp-json\/wp\/v2\/posts\/45970"}],"collection":[{"href":"https:\/\/now-news.de\/de\/wp-json\/wp\/v2\/posts"}],"about":[{"href":"https:\/\/now-news.de\/de\/wp-json\/wp\/v2\/types\/post"}],"author":[{"embeddable":true,"href":"https:\/\/now-news.de\/de\/wp-json\/wp\/v2\/users\/3"}],"replies":[{"embeddable":true,"href":"https:\/\/now-news.de\/de\/wp-json\/wp\/v2\/comments?post=45970"}],"version-history":[{"count":0,"href":"https:\/\/now-news.de\/de\/wp-json\/wp\/v2\/posts\/45970\/revisions"}],"wp:featuredmedia":[{"embeddable":true,"href":"https:\/\/now-news.de\/de\/wp-json\/wp\/v2\/media\/45971"}],"wp:attachment":[{"href":"https:\/\/now-news.de\/de\/wp-json\/wp\/v2\/media?parent=45970"}],"wp:term":[{"taxonomy":"category","embeddable":true,"href":"https:\/\/now-news.de\/de\/wp-json\/wp\/v2\/categories?post=45970"},{"taxonomy":"post_tag","embeddable":true,"href":"https:\/\/now-news.de\/de\/wp-json\/wp\/v2\/tags?post=45970"}],"curies":[{"name":"wp","href":"https:\/\/api.w.org\/{rel}","templated":true}]}}