{"id":45896,"date":"2023-09-07T17:15:53","date_gmt":"2023-09-07T15:15:53","guid":{"rendered":"https:\/\/just-now.news\/de\/deutschland\/kommt-eine-mobilmachung-fuer-ukrainische-frauen\/"},"modified":"2023-09-07T17:15:53","modified_gmt":"2023-09-07T15:15:53","slug":"kommt-eine-mobilmachung-fuer-ukrainische-frauen","status":"publish","type":"post","link":"https:\/\/now-news.de\/de\/deutschland\/kommt-eine-mobilmachung-fuer-ukrainische-frauen\/","title":{"rendered":"Kommt eine Mobilmachung f\u00fcr ukrainische Frauen?"},"content":{"rendered":"<p><img decoding=\"async\" src=\"http:\/\/just-now.news\/de\/wp-content\/uploads\/sites\/3\/2023\/09\/64f9e202b480cc520507f6f6.jpg\" \/><\/p>\n<div class=\"Text-root Text-type_1 \">\n                Ab dem 1. Oktober unterliegen Ukrainerinnen mit bestimmten Berufen, wie etwa \u00c4rztinnen, einer Wehrdiensterfassung. Indizien sprechen daf\u00fcr, dass das Kiewer Regime eine Mobilmachung von Frauen seit L\u00e4ngerem plant und dass &#8220;der Krieg bis zum letzten Ukrainer&#8221; auch ukrainische Frauen einschlie\u00dft.\n            <\/div>\n<p><\/p>\n<div class=\"Text-root Text-type_5 ArticleView-text ViewText-root \">\n<p><em>Von Daniil Bessonow<\/em><\/p>\n<p>Vor dem Hintergrund der gro\u00dfen Verluste an Personal und Technik n\u00e4hert sich die ukrainische Regierung zunehmend der Idee, auch Frauen an die Front zu mobilisieren. Am 6. September behauptete der Abgeordnete der ukrainischen Werchowna Rada Fjodor Wenislawski, dass ab dem 1. Oktober die Wehrdiensterfassung f\u00fcr Frauen mit frontrelevanten Berufen verpflichtend und f\u00fcr alle anderen freiwillig werde. Bei Ersteren handelt es sich um \u00c4rztinnen, Krankenschwestern, Pharmazeutinnen, Tier\u00e4rztinnen, Chemikerinnen, Physikerinnen, Biologinnen, Geografinnen und zahlreichen anderen.<\/p>\n<p>Bemerkenswerterweise hatte das Verteidigungsministerium der Ukraine noch vor dem Beginn der speziellen Milit\u00e4roperation den Befehl Nr. 313 vom 11. Oktober 2021 &#8220;\u00dcber die Festlegung der Liste von Spezialisierungen und\/oder Berufen, die mit entsprechenden milit\u00e4rischen Berufen verwandt sind, nach deren Erhalt Frauen einer Wehrdiensterfassung unterliegen sowie der Liste von Spezialisierungen und\/oder Berufen, die mit entsprechenden milit\u00e4rischen Berufen verwandt sind.&#8221;<\/p>\n<p>Neben dem Erlass entsprechender Gesetze wurde auch die \u00f6ffentliche Meinung aktiv beeinflusst. Anl\u00e4sslich einer Entsendung von Frauen an die Front begann die ukrainische Regierung und ihre transatlantischen Herren, im Vorfeld PR-Kampagnen im Internet vorzubereiten.<\/p>\n<p>Ende August drehte die britische <em>BBC<\/em> einen Beitrag \u00fcber eine Frau namens Oxana, die an die Front ging und dort ukrainische Drohnen bedient. Als eine rote Linie zieht sich durch den Beitrag die Behauptung, dass Frauen im ukrainischen Milit\u00e4r eine allt\u00e4gliche und verbreitete Erscheinung seien. Parallel dazu begannen, motivierende Mobilisierungsvideos zu erscheinen, die die Ukrainerinnen zum Frontdienst aufriefen.<\/p>\n<p>Ich habe eine wilde, doch angesichts der Ereignisse an der Front logische Vermutung. M\u00f6glicherweise haben US-amerikanische Analytiker Fristen prognostiziert, nach denen die Ukrainer zu Sinnen kommen, den Krieg beenden wollen, auf eine Zusammenarbeit mit der NATO verzichten und die Freundschaft mit Russland unter allen Bedingungen wiederherstellen wollen werden.<\/p>\n<p>Die USA verstehen hervorragend, dass Ukrainer im Grunde Russen sind, die von Russland k\u00fcnstlich getrennt, durch westliche Propaganda betrogen und durch die Idee einer eigenen Identit\u00e4t angesteckt wurden. Sie verstehen, dass die Ukraine fr\u00fcher oder sp\u00e4ter zu Russland zur\u00fcckkehren wird. Somit sind die Ukrainer eine potenzielle Mobilisierungsreserve von Russland. Je mehr Ukrainer also bis dahin in diesem Krieg sterben, desto besser. Die Stunde der ukrainischen M\u00e4nner ist bereits gekommen. Nun bleibt nur noch, auch die Frauen in den Krieg zu werfen.<\/p>\n<p>Viele stellen sich eine berechtigte Frage: &#8220;Wie viele Frauen sollen mobilisiert werden?&#8221; Ich bin mir sicher, dass es alle sein werden, bei denen es gelingt, sie zu fassen und zu bewaffnen. Dies wird zu totalen Verlusten unter der ukrainischen Bev\u00f6lkerung f\u00fchren. Dar\u00fcber hinaus werden Zehntausende, wenn nicht Hunderttausende Kinder zu Vollwaisen. \u00dcber das Leben der ukrainischen Kinder, die in den Westen zogen oder dies erst vorhaben, gibt es in westlichen und russischen Medien gen\u00fcgend Informationen.<\/p>\n<p><em>\u00dcbersetzt aus dem\u00a0<a rel=\"nofollow noopener\" target=\"_blank\" href=\"https:\/\/t.me\/c\/1686844692\/4697\">Russischen<\/a>.<\/em><\/p>\n<p><em>Daniil Bessonow wurde im Jahr 1984 im zentralukrainischen Borispol geboren. Urspr\u00fcnglich ein Beamter des ukrainischen Innenministeriums, zog er im Jahr 2014 in den Donbass und k\u00e4mpfte dort auf der Seite der Volksrepubliken. Im Fr\u00fchling 2022 bekleidete er den Posten des ersten Stellvertreters des Informationsministers der DVR. Man kann ihm auf Telegram auf seinem\u00a0<\/em><em><a rel=\"nofollow noopener\" target=\"_blank\" href=\"https:\/\/t.me\/NeoficialniyBeZsonoV\">Kanal<\/a><\/em><em>\u00a0folgen.<\/em><\/p>\n<p><strong>Mehr zum Thema<\/strong> \u2013 <a rel=\"nofollow noopener\" target=\"_blank\" href=\"https:\/\/freedert.online\/international\/179771-selenskijs-letzte-chance-wie-kiew\/\">Selenskijs letzte Chance: Wie Kiew den ukrainischen &#8220;Volkssturm&#8221; aufstellt<\/a><\/p>\n<\/div>\n<p><br \/>\n<br \/><a href=\"https:\/\/de.rt.com\/meinung\/180072-kommt-mobilmachung-fuer-ukrainische-frauen\/\">Source link <\/a><\/p>\n","protected":false},"excerpt":{"rendered":"<p>Ab dem 1. Oktober unterliegen Ukrainerinnen mit bestimmten Berufen, wie etwa \u00c4rztinnen, einer Wehrdiensterfassung. Indizien sprechen daf\u00fcr, dass das Kiewer Regime eine Mobilmachung von Frauen seit L\u00e4ngerem plant und dass &#8220;der Krieg bis zum letzten Ukrainer&#8221; auch ukrainische Frauen einschlie\u00dft. Von Daniil Bessonow Vor dem Hintergrund der gro\u00dfen Verluste an Personal und Technik n\u00e4hert sich [&hellip;]<\/p>\n","protected":false},"author":3,"featured_media":45897,"comment_status":"open","ping_status":"open","sticky":false,"template":"","format":"standard","meta":{"_yoast_indexnow_last_ping":["1694099805"],"wp_automatic_camp":["217"],"2541bbd0d8de3f3c32e15ffc7e041a41":["Kommt eine Mobilmachung f\u00fcr ukrainische Frauen?"],"original_link":["https:\/\/de.rt.com\/meinung\/180072-kommt-mobilmachung-fuer-ukrainische-frauen\/"],"_thumbnail_id":["45897"],"_wptgpro_p2tg_sent2tg":["a:1:{i:23737;s:19:\"2023-09-07 17:17:40\";}"],"jnews_social_counter_last_update":["1777163872"]},"categories":[19,23],"tags":[275,13372,221,310,33199,905],"yoast_head":"<!-- This site is optimized with the Yoast SEO Premium plugin v22.7 (Yoast SEO v22.7) - https:\/\/yoast.com\/wordpress\/plugins\/seo\/ -->\n<title>Kommt eine Mobilmachung f\u00fcr ukrainische Frauen? - just-now.NEWS Deutschland<\/title>\n<meta name=\"robots\" content=\"index, follow, max-snippet:-1, max-image-preview:large, max-video-preview:-1\" \/>\n<link rel=\"canonical\" href=\"https:\/\/now-news.de\/de\/deutschland\/kommt-eine-mobilmachung-fuer-ukrainische-frauen\/\" \/>\n<meta property=\"og:locale\" content=\"de_DE\" \/>\n<meta property=\"og:type\" content=\"article\" \/>\n<meta property=\"og:title\" content=\"Kommt eine Mobilmachung f\u00fcr ukrainische Frauen?\" \/>\n<meta property=\"og:description\" content=\"Ab dem 1. Oktober unterliegen Ukrainerinnen mit bestimmten Berufen, wie etwa \u00c4rztinnen, einer Wehrdiensterfassung. Indizien sprechen daf\u00fcr, dass das Kiewer Regime eine Mobilmachung von Frauen seit L\u00e4ngerem plant und dass &#8220;der Krieg bis zum letzten Ukrainer&#8221; auch ukrainische Frauen einschlie\u00dft. Von Daniil Bessonow Vor dem Hintergrund der gro\u00dfen Verluste an Personal und Technik n\u00e4hert sich [&hellip;]\" \/>\n<meta property=\"og:url\" content=\"https:\/\/now-news.de\/de\/deutschland\/kommt-eine-mobilmachung-fuer-ukrainische-frauen\/\" \/>\n<meta property=\"og:site_name\" content=\"just-now.NEWS Deutschland\" \/>\n<meta property=\"article:publisher\" content=\"https:\/\/www.facebook.com\/wirmachenauf\" \/>\n<meta property=\"article:published_time\" content=\"2023-09-07T15:15:53+00:00\" \/>\n<meta property=\"og:image\" content=\"https:\/\/now-news.de\/de\/wp-content\/uploads\/sites\/3\/2023\/09\/Kommt-eine-Mobilmachung-fuer-ukrainische-Frauen.jpg\" \/>\n\t<meta property=\"og:image:width\" content=\"460\" \/>\n\t<meta property=\"og:image:height\" content=\"259\" \/>\n\t<meta property=\"og:image:type\" content=\"image\/jpeg\" \/>\n<meta name=\"author\" content=\"rtnews\" \/>\n<meta name=\"twitter:card\" content=\"summary_large_image\" \/>\n<meta name=\"twitter:creator\" content=\"@WirMachenAuf_de\" \/>\n<meta name=\"twitter:site\" content=\"@WirMachenAuf_de\" \/>\n<meta name=\"twitter:label1\" content=\"Verfasst von\" \/>\n\t<meta name=\"twitter:data1\" content=\"rtnews\" \/>\n\t<meta name=\"twitter:label2\" content=\"Gesch\u00e4tzte Lesezeit\" \/>\n\t<meta name=\"twitter:data2\" content=\"3\u00a0Minuten\" \/>\n<script type=\"application\/ld+json\" class=\"yoast-schema-graph\">{\"@context\":\"https:\/\/schema.org\",\"@graph\":[{\"@type\":\"Article\",\"@id\":\"https:\/\/now-news.de\/de\/deutschland\/kommt-eine-mobilmachung-fuer-ukrainische-frauen\/#article\",\"isPartOf\":{\"@id\":\"https:\/\/now-news.de\/de\/deutschland\/kommt-eine-mobilmachung-fuer-ukrainische-frauen\/\"},\"author\":{\"name\":\"rtnews\",\"@id\":\"https:\/\/now-news.de\/de\/#\/schema\/person\/fb534a4e865501d8b3285208df34a9b5\"},\"headline\":\"Kommt eine Mobilmachung f\u00fcr ukrainische Frauen?\",\"datePublished\":\"2023-09-07T15:15:53+00:00\",\"dateModified\":\"2023-09-07T15:15:53+00:00\",\"mainEntityOfPage\":{\"@id\":\"https:\/\/now-news.de\/de\/deutschland\/kommt-eine-mobilmachung-fuer-ukrainische-frauen\/\"},\"wordCount\":572,\"commentCount\":0,\"publisher\":{\"@id\":\"https:\/\/now-news.de\/de\/#organization\"},\"image\":{\"@id\":\"https:\/\/now-news.de\/de\/deutschland\/kommt-eine-mobilmachung-fuer-ukrainische-frauen\/#primaryimage\"},\"thumbnailUrl\":\"https:\/\/now-news.de\/de\/wp-content\/uploads\/sites\/3\/2023\/09\/Kommt-eine-Mobilmachung-fuer-ukrainische-Frauen.jpg\",\"keywords\":[\"eine\",\"Frauen\",\"f\u00fcr\",\"kommt\",\"Mobilmachung\",\"Ukrainische\"],\"articleSection\":[\"Deutschland\",\"Russland\"],\"inLanguage\":\"de\",\"potentialAction\":[{\"@type\":\"CommentAction\",\"name\":\"Comment\",\"target\":[\"https:\/\/now-news.de\/de\/deutschland\/kommt-eine-mobilmachung-fuer-ukrainische-frauen\/#respond\"]}]},{\"@type\":\"WebPage\",\"@id\":\"https:\/\/now-news.de\/de\/deutschland\/kommt-eine-mobilmachung-fuer-ukrainische-frauen\/\",\"url\":\"https:\/\/now-news.de\/de\/deutschland\/kommt-eine-mobilmachung-fuer-ukrainische-frauen\/\",\"name\":\"Kommt eine Mobilmachung f\u00fcr ukrainische Frauen? - just-now.NEWS Deutschland\",\"isPartOf\":{\"@id\":\"https:\/\/now-news.de\/de\/#website\"},\"primaryImageOfPage\":{\"@id\":\"https:\/\/now-news.de\/de\/deutschland\/kommt-eine-mobilmachung-fuer-ukrainische-frauen\/#primaryimage\"},\"image\":{\"@id\":\"https:\/\/now-news.de\/de\/deutschland\/kommt-eine-mobilmachung-fuer-ukrainische-frauen\/#primaryimage\"},\"thumbnailUrl\":\"https:\/\/now-news.de\/de\/wp-content\/uploads\/sites\/3\/2023\/09\/Kommt-eine-Mobilmachung-fuer-ukrainische-Frauen.jpg\",\"datePublished\":\"2023-09-07T15:15:53+00:00\",\"dateModified\":\"2023-09-07T15:15:53+00:00\",\"breadcrumb\":{\"@id\":\"https:\/\/now-news.de\/de\/deutschland\/kommt-eine-mobilmachung-fuer-ukrainische-frauen\/#breadcrumb\"},\"inLanguage\":\"de\",\"potentialAction\":[{\"@type\":\"ReadAction\",\"target\":[\"https:\/\/now-news.de\/de\/deutschland\/kommt-eine-mobilmachung-fuer-ukrainische-frauen\/\"]}]},{\"@type\":\"ImageObject\",\"inLanguage\":\"de\",\"@id\":\"https:\/\/now-news.de\/de\/deutschland\/kommt-eine-mobilmachung-fuer-ukrainische-frauen\/#primaryimage\",\"url\":\"https:\/\/now-news.de\/de\/wp-content\/uploads\/sites\/3\/2023\/09\/Kommt-eine-Mobilmachung-fuer-ukrainische-Frauen.jpg\",\"contentUrl\":\"https:\/\/now-news.de\/de\/wp-content\/uploads\/sites\/3\/2023\/09\/Kommt-eine-Mobilmachung-fuer-ukrainische-Frauen.jpg\",\"width\":460,\"height\":259,\"caption\":\"Kommt eine Mobilmachung f\u00fcr ukrainische Frauen?\"},{\"@type\":\"BreadcrumbList\",\"@id\":\"https:\/\/now-news.de\/de\/deutschland\/kommt-eine-mobilmachung-fuer-ukrainische-frauen\/#breadcrumb\",\"itemListElement\":[{\"@type\":\"ListItem\",\"position\":1,\"name\":\"Home\",\"item\":\"https:\/\/now-news.de\/de\/\"},{\"@type\":\"ListItem\",\"position\":2,\"name\":\"Kommt eine Mobilmachung f\u00fcr ukrainische Frauen?\"}]},{\"@type\":\"WebSite\",\"@id\":\"https:\/\/now-news.de\/de\/#website\",\"url\":\"https:\/\/now-news.de\/de\/\",\"name\":\"just-now.NEWS Deutschland\",\"description\":\"Das Portal f\u00fcr unzensierte Nachrichten aus der Welt\",\"publisher\":{\"@id\":\"https:\/\/now-news.de\/de\/#organization\"},\"potentialAction\":[{\"@type\":\"SearchAction\",\"target\":{\"@type\":\"EntryPoint\",\"urlTemplate\":\"https:\/\/now-news.de\/de\/?s={search_term_string}\"},\"query-input\":\"required name=search_term_string\"}],\"inLanguage\":\"de\"},{\"@type\":\"Organization\",\"@id\":\"https:\/\/now-news.de\/de\/#organization\",\"name\":\"Just Now News\",\"url\":\"https:\/\/now-news.de\/de\/\",\"logo\":{\"@type\":\"ImageObject\",\"inLanguage\":\"de\",\"@id\":\"https:\/\/now-news.de\/de\/#\/schema\/logo\/image\/\",\"url\":\"http:\/\/just-now.news\/de\/wp-content\/uploads\/sites\/3\/2022\/04\/logo500x500.jpg\",\"contentUrl\":\"http:\/\/just-now.news\/de\/wp-content\/uploads\/sites\/3\/2022\/04\/logo500x500.jpg\",\"width\":500,\"height\":500,\"caption\":\"Just Now News\"},\"image\":{\"@id\":\"https:\/\/now-news.de\/de\/#\/schema\/logo\/image\/\"},\"sameAs\":[\"https:\/\/www.facebook.com\/wirmachenauf\",\"https:\/\/x.com\/WirMachenAuf_de\"]},{\"@type\":\"Person\",\"@id\":\"https:\/\/now-news.de\/de\/#\/schema\/person\/fb534a4e865501d8b3285208df34a9b5\",\"name\":\"rtnews\",\"image\":{\"@type\":\"ImageObject\",\"inLanguage\":\"de\",\"@id\":\"https:\/\/now-news.de\/de\/#\/schema\/person\/image\/\",\"url\":\"https:\/\/secure.gravatar.com\/avatar\/82aafea7d8127119dd649515f56e2117?s=96&d=mm&r=g\",\"contentUrl\":\"https:\/\/secure.gravatar.com\/avatar\/82aafea7d8127119dd649515f56e2117?s=96&d=mm&r=g\",\"caption\":\"rtnews\"},\"url\":\"https:\/\/now-news.de\/de\/author\/rnews\/\"}]}<\/script>\n<!-- \/ Yoast SEO Premium plugin. -->","yoast_head_json":{"title":"Kommt eine Mobilmachung f\u00fcr ukrainische Frauen? - just-now.NEWS Deutschland","robots":{"index":"index","follow":"follow","max-snippet":"max-snippet:-1","max-image-preview":"max-image-preview:large","max-video-preview":"max-video-preview:-1"},"canonical":"https:\/\/now-news.de\/de\/deutschland\/kommt-eine-mobilmachung-fuer-ukrainische-frauen\/","og_locale":"de_DE","og_type":"article","og_title":"Kommt eine Mobilmachung f\u00fcr ukrainische Frauen?","og_description":"Ab dem 1. Oktober unterliegen Ukrainerinnen mit bestimmten Berufen, wie etwa \u00c4rztinnen, einer Wehrdiensterfassung. Indizien sprechen daf\u00fcr, dass das Kiewer Regime eine Mobilmachung von Frauen seit L\u00e4ngerem plant und dass &#8220;der Krieg bis zum letzten Ukrainer&#8221; auch ukrainische Frauen einschlie\u00dft. Von Daniil Bessonow Vor dem Hintergrund der gro\u00dfen Verluste an Personal und Technik n\u00e4hert sich [&hellip;]","og_url":"https:\/\/now-news.de\/de\/deutschland\/kommt-eine-mobilmachung-fuer-ukrainische-frauen\/","og_site_name":"just-now.NEWS Deutschland","article_publisher":"https:\/\/www.facebook.com\/wirmachenauf","article_published_time":"2023-09-07T15:15:53+00:00","og_image":[{"width":460,"height":259,"url":"https:\/\/now-news.de\/de\/wp-content\/uploads\/sites\/3\/2023\/09\/Kommt-eine-Mobilmachung-fuer-ukrainische-Frauen.jpg","type":"image\/jpeg"}],"author":"rtnews","twitter_card":"summary_large_image","twitter_creator":"@WirMachenAuf_de","twitter_site":"@WirMachenAuf_de","twitter_misc":{"Verfasst von":"rtnews","Gesch\u00e4tzte Lesezeit":"3\u00a0Minuten"},"schema":{"@context":"https:\/\/schema.org","@graph":[{"@type":"Article","@id":"https:\/\/now-news.de\/de\/deutschland\/kommt-eine-mobilmachung-fuer-ukrainische-frauen\/#article","isPartOf":{"@id":"https:\/\/now-news.de\/de\/deutschland\/kommt-eine-mobilmachung-fuer-ukrainische-frauen\/"},"author":{"name":"rtnews","@id":"https:\/\/now-news.de\/de\/#\/schema\/person\/fb534a4e865501d8b3285208df34a9b5"},"headline":"Kommt eine Mobilmachung f\u00fcr ukrainische Frauen?","datePublished":"2023-09-07T15:15:53+00:00","dateModified":"2023-09-07T15:15:53+00:00","mainEntityOfPage":{"@id":"https:\/\/now-news.de\/de\/deutschland\/kommt-eine-mobilmachung-fuer-ukrainische-frauen\/"},"wordCount":572,"commentCount":0,"publisher":{"@id":"https:\/\/now-news.de\/de\/#organization"},"image":{"@id":"https:\/\/now-news.de\/de\/deutschland\/kommt-eine-mobilmachung-fuer-ukrainische-frauen\/#primaryimage"},"thumbnailUrl":"https:\/\/now-news.de\/de\/wp-content\/uploads\/sites\/3\/2023\/09\/Kommt-eine-Mobilmachung-fuer-ukrainische-Frauen.jpg","keywords":["eine","Frauen","f\u00fcr","kommt","Mobilmachung","Ukrainische"],"articleSection":["Deutschland","Russland"],"inLanguage":"de","potentialAction":[{"@type":"CommentAction","name":"Comment","target":["https:\/\/now-news.de\/de\/deutschland\/kommt-eine-mobilmachung-fuer-ukrainische-frauen\/#respond"]}]},{"@type":"WebPage","@id":"https:\/\/now-news.de\/de\/deutschland\/kommt-eine-mobilmachung-fuer-ukrainische-frauen\/","url":"https:\/\/now-news.de\/de\/deutschland\/kommt-eine-mobilmachung-fuer-ukrainische-frauen\/","name":"Kommt eine Mobilmachung f\u00fcr ukrainische Frauen? - just-now.NEWS Deutschland","isPartOf":{"@id":"https:\/\/now-news.de\/de\/#website"},"primaryImageOfPage":{"@id":"https:\/\/now-news.de\/de\/deutschland\/kommt-eine-mobilmachung-fuer-ukrainische-frauen\/#primaryimage"},"image":{"@id":"https:\/\/now-news.de\/de\/deutschland\/kommt-eine-mobilmachung-fuer-ukrainische-frauen\/#primaryimage"},"thumbnailUrl":"https:\/\/now-news.de\/de\/wp-content\/uploads\/sites\/3\/2023\/09\/Kommt-eine-Mobilmachung-fuer-ukrainische-Frauen.jpg","datePublished":"2023-09-07T15:15:53+00:00","dateModified":"2023-09-07T15:15:53+00:00","breadcrumb":{"@id":"https:\/\/now-news.de\/de\/deutschland\/kommt-eine-mobilmachung-fuer-ukrainische-frauen\/#breadcrumb"},"inLanguage":"de","potentialAction":[{"@type":"ReadAction","target":["https:\/\/now-news.de\/de\/deutschland\/kommt-eine-mobilmachung-fuer-ukrainische-frauen\/"]}]},{"@type":"ImageObject","inLanguage":"de","@id":"https:\/\/now-news.de\/de\/deutschland\/kommt-eine-mobilmachung-fuer-ukrainische-frauen\/#primaryimage","url":"https:\/\/now-news.de\/de\/wp-content\/uploads\/sites\/3\/2023\/09\/Kommt-eine-Mobilmachung-fuer-ukrainische-Frauen.jpg","contentUrl":"https:\/\/now-news.de\/de\/wp-content\/uploads\/sites\/3\/2023\/09\/Kommt-eine-Mobilmachung-fuer-ukrainische-Frauen.jpg","width":460,"height":259,"caption":"Kommt eine Mobilmachung f\u00fcr ukrainische Frauen?"},{"@type":"BreadcrumbList","@id":"https:\/\/now-news.de\/de\/deutschland\/kommt-eine-mobilmachung-fuer-ukrainische-frauen\/#breadcrumb","itemListElement":[{"@type":"ListItem","position":1,"name":"Home","item":"https:\/\/now-news.de\/de\/"},{"@type":"ListItem","position":2,"name":"Kommt eine Mobilmachung f\u00fcr ukrainische Frauen?"}]},{"@type":"WebSite","@id":"https:\/\/now-news.de\/de\/#website","url":"https:\/\/now-news.de\/de\/","name":"just-now.NEWS Deutschland","description":"Das Portal f\u00fcr unzensierte Nachrichten aus der Welt","publisher":{"@id":"https:\/\/now-news.de\/de\/#organization"},"potentialAction":[{"@type":"SearchAction","target":{"@type":"EntryPoint","urlTemplate":"https:\/\/now-news.de\/de\/?s={search_term_string}"},"query-input":"required name=search_term_string"}],"inLanguage":"de"},{"@type":"Organization","@id":"https:\/\/now-news.de\/de\/#organization","name":"Just Now News","url":"https:\/\/now-news.de\/de\/","logo":{"@type":"ImageObject","inLanguage":"de","@id":"https:\/\/now-news.de\/de\/#\/schema\/logo\/image\/","url":"http:\/\/just-now.news\/de\/wp-content\/uploads\/sites\/3\/2022\/04\/logo500x500.jpg","contentUrl":"http:\/\/just-now.news\/de\/wp-content\/uploads\/sites\/3\/2022\/04\/logo500x500.jpg","width":500,"height":500,"caption":"Just Now News"},"image":{"@id":"https:\/\/now-news.de\/de\/#\/schema\/logo\/image\/"},"sameAs":["https:\/\/www.facebook.com\/wirmachenauf","https:\/\/x.com\/WirMachenAuf_de"]},{"@type":"Person","@id":"https:\/\/now-news.de\/de\/#\/schema\/person\/fb534a4e865501d8b3285208df34a9b5","name":"rtnews","image":{"@type":"ImageObject","inLanguage":"de","@id":"https:\/\/now-news.de\/de\/#\/schema\/person\/image\/","url":"https:\/\/secure.gravatar.com\/avatar\/82aafea7d8127119dd649515f56e2117?s=96&d=mm&r=g","contentUrl":"https:\/\/secure.gravatar.com\/avatar\/82aafea7d8127119dd649515f56e2117?s=96&d=mm&r=g","caption":"rtnews"},"url":"https:\/\/now-news.de\/de\/author\/rnews\/"}]}},"_links":{"self":[{"href":"https:\/\/now-news.de\/de\/wp-json\/wp\/v2\/posts\/45896"}],"collection":[{"href":"https:\/\/now-news.de\/de\/wp-json\/wp\/v2\/posts"}],"about":[{"href":"https:\/\/now-news.de\/de\/wp-json\/wp\/v2\/types\/post"}],"author":[{"embeddable":true,"href":"https:\/\/now-news.de\/de\/wp-json\/wp\/v2\/users\/3"}],"replies":[{"embeddable":true,"href":"https:\/\/now-news.de\/de\/wp-json\/wp\/v2\/comments?post=45896"}],"version-history":[{"count":0,"href":"https:\/\/now-news.de\/de\/wp-json\/wp\/v2\/posts\/45896\/revisions"}],"wp:featuredmedia":[{"embeddable":true,"href":"https:\/\/now-news.de\/de\/wp-json\/wp\/v2\/media\/45897"}],"wp:attachment":[{"href":"https:\/\/now-news.de\/de\/wp-json\/wp\/v2\/media?parent=45896"}],"wp:term":[{"taxonomy":"category","embeddable":true,"href":"https:\/\/now-news.de\/de\/wp-json\/wp\/v2\/categories?post=45896"},{"taxonomy":"post_tag","embeddable":true,"href":"https:\/\/now-news.de\/de\/wp-json\/wp\/v2\/tags?post=45896"}],"curies":[{"name":"wp","href":"https:\/\/api.w.org\/{rel}","templated":true}]}}