{"id":45888,"date":"2023-09-07T15:58:56","date_gmt":"2023-09-07T13:58:56","guid":{"rendered":"https:\/\/just-now.news\/de\/deutschland\/macron-lenkt-ein-frankreich-verhandelt-ueber-geordneten-abzug-seiner-truppen-aus-niger\/"},"modified":"2023-09-07T15:58:56","modified_gmt":"2023-09-07T13:58:56","slug":"macron-lenkt-ein-frankreich-verhandelt-ueber-geordneten-abzug-seiner-truppen-aus-niger","status":"publish","type":"post","link":"https:\/\/now-news.de\/de\/deutschland\/macron-lenkt-ein-frankreich-verhandelt-ueber-geordneten-abzug-seiner-truppen-aus-niger\/","title":{"rendered":"Macron lenkt ein: Frankreich verhandelt \u00fcber geordneten Abzug seiner Truppen aus Niger"},"content":{"rendered":"<p><img decoding=\"async\" src=\"http:\/\/just-now.news\/de\/wp-content\/uploads\/sites\/3\/2023\/09\/64f9b3ae48fbef48a629f941.jpg\" \/><\/p>\n<div class=\"Text-root Text-type_1 \">\n                In den vergangenen Tagen demonstrierten Tausende Menschen in Niger f\u00fcr einen Abzug der franz\u00f6sischen Truppen aus dem westafrikanischen Land. Paris verhandelt nun mit Niger \u00fcber einen geordneten Abzug seiner Truppen aus dem Land. Bislang hatte sich die Staatsf\u00fchrung in Paris geweigert, einen Truppenabzug in Erw\u00e4gung zu ziehen.\n            <\/div>\n<p><\/p>\n<div class=\"Text-root Text-type_5 ArticleView-text ViewText-root \">\n<p>Frankreich k\u00fcndigte an, seine 1.500 in Niger stationierten Soldaten abzuziehen.\u00a0In den vergangenen Tagen demonstrierten Tausende Menschen in Niger f\u00fcr einen Abzug der franz\u00f6sischen Truppen aus dem westafrikanischen Land. Die Menschen versammelten sich vor allem Anfang September vor einem Milit\u00e4rst\u00fctzpunkt am Rande der Hauptstadt Niamey, in dem franz\u00f6sische Soldaten untergebracht sind. Auch in Ouallam im S\u00fcdwesten des Landes kam es vor einem St\u00fctzpunkt nigrischer und franz\u00f6sischer Soldaten zu entsprechenden Demonstrationen. Die\u00a0Regierung in Niger forderte zudem mehrfach einen Abzug der franz\u00f6sischen Soldaten.<\/p>\n<p>Paris\u00a0verhandelt derzeit mit Niger\u00a0\u00fcber einen geordneten Abzug seiner Truppen aus dem Land. Das Verteidigungsministerium in Paris best\u00e4tigte der <em>FAZ <\/em>Gespr\u00e4che auf milit\u00e4rischer Ebene.\u00a0Nun soll ein Teil der Soldaten nach Frankreich zur\u00fcckkehren, ein anderer in den Tschad verlegt werden.\u00a0Bislang hatte sich die Staatsf\u00fchrung in Paris geweigert, einen Truppenabzug in Erw\u00e4gung zu ziehen. In der franz\u00f6sischen Hauptstadt wird aber weiterhin Wert auf die Feststellung gelegt, dass man die neue Regierung in Niger nicht als legitim anerkennt und weiterhin die R\u00fcckkehr des\u00a0abgesetzten prowestlichen Pr\u00e4sidenten Mohamed Bazoum fordert.<\/p>\n<p>Die Pr\u00e4sidentengarde hatte\u00a0Ende Juli den ab 2021 amtierenden Pr\u00e4sidenten Bazoum in seinem Palast in Niamey festgesetzt und anschlie\u00dfend entmachtet.\u00a0Die Macht\u00fcbernahme des Milit\u00e4rs in Niger war die sechste in dieser Region seit 2020. Seinerzeit hatte zuerst das Milit\u00e4r in Mali geputscht. In Burkina Faso hatte das Milit\u00e4r im Jahr 2021 Pr\u00e4sident Roch Kabor\u00e9 abgesetzt. Im Tschad wiederum hatte der Pr\u00e4sidentensohn Mahamat Idriss D\u00e9by Itno, ein General, im April 2021 die Nachfolge seines get\u00f6teten Vaters Idriss D\u00e9by angetreten. Letzte Woche wurde\u00a0auch die Regierung in Gabun durch das Milit\u00e4r gest\u00fcrzt.\u00a0Frankreich unterst\u00fctzte in den vergangenen Jahren Gabun politisch und milit\u00e4risch und profitierte im Gegenzug von wirtschaftlichen Vorteilen.<\/p>\n<p>Die neuen\u00a0Staatenlenker in Niger\u00a0k\u00fcndigten bereits Anfang August die bilateralen Verteidigungsabkommen mit Frankreich auf. Die Milit\u00e4roperationen der 1.500 im Land stationierten franz\u00f6sischen Soldaten sind seither suspendiert. Sie harren bisher in den drei St\u00fctzpunkten in Niamey, Ouallam und Ay\u00e9rou nahe der Grenze zu Mali aus. Der von der Milit\u00e4rregierung ernannte Ministerpr\u00e4sident Ali Lamine Zeine hatte zuvor ge\u00e4u\u00dfert, die franz\u00f6sischen Streitkr\u00e4fte hielten sich fortan &#8220;illegal&#8221; in Niger auf. Zuletzt entzog die neue Regierung in Niger dem franz\u00f6sischen Botschafter in Niamey Sylvain Itt\u00e9 die diplomatische Immunit\u00e4t und wies die Polizei zur Ausweisung des Diplomaten an. Paris wies aber die Forderung zur\u00fcck.<\/p>\n<p>Nigers neue Regierung warf Frankreich k\u00fcrzlich eine &#8220;eklatante Einmischung&#8221; in innere Angelegenheit des Landes vor. Die Junta in Niger beschuldigte Pr\u00e4sident Emmanuel Macron, der seine Unterst\u00fctzung f\u00fcr Bazoum bekr\u00e4ftigt hat, eine &#8220;neokoloniale Operation gegen das nigrische Volk&#8221; fortzusetzen.\u00a0Macron unterst\u00fctzte letzte Woche die harte Haltung der Wirtschaftsgemeinschaft Westafrikanischer Staaten (ECOWAS), einschlie\u00dflich der Androhung milit\u00e4rischer Ma\u00dfnahmen.<\/p>\n<p><strong>Mehr zum Thema<\/strong> \u2013 <a rel=\"nofollow noopener\" target=\"_blank\" href=\"https:\/\/freeassange.rtde.life\/afrika\/176684-rebellionswelle-gegen-westen-warum-putsch\/\">Rebellion gegen den Westen: Warum der Putsch in Niger gewaltige Machtverschiebungen hervorbringt<\/a><\/p>\n<\/div>\n<p><br \/>\n<br \/><a href=\"https:\/\/de.rt.com\/international\/180030-frankreich-verhandelt-ueber-geordneten-abzug-seiner-truppen-aus-niger\/\">Source link <\/a><\/p>\n","protected":false},"excerpt":{"rendered":"<p>In den vergangenen Tagen demonstrierten Tausende Menschen in Niger f\u00fcr einen Abzug der franz\u00f6sischen Truppen aus dem westafrikanischen Land. Paris verhandelt nun mit Niger \u00fcber einen geordneten Abzug seiner Truppen aus dem Land. Bislang hatte sich die Staatsf\u00fchrung in Paris geweigert, einen Truppenabzug in Erw\u00e4gung zu ziehen. Frankreich k\u00fcndigte an, seine 1.500 in Niger stationierten [&hellip;]<\/p>\n","protected":false},"author":3,"featured_media":45889,"comment_status":"open","ping_status":"open","sticky":false,"template":"","format":"standard","meta":{"_yoast_indexnow_last_ping":["1694095963"],"wp_automatic_camp":["217"],"3336260425c976f01727a58c47f0dff5":["Macron lenkt ein: Frankreich verhandelt \u00fcber geordneten Abzug seiner Truppen aus Niger"],"original_link":["https:\/\/de.rt.com\/international\/180030-frankreich-verhandelt-ueber-geordneten-abzug-seiner-truppen-aus-niger\/"],"_thumbnail_id":["45889"],"jnews_social_counter_last_update":["1777236221"],"_wptgpro_p2tg_sent2tg":["a:1:{i:23737;s:19:\"2023-09-07 16:13:43\";}"]},"categories":[19,23],"tags":[15675,679,357,3320,48584,944,1711,36434,1607,3574,139,39585],"yoast_head":"<!-- This site is optimized with the Yoast SEO Premium plugin v22.7 (Yoast SEO v22.7) - https:\/\/yoast.com\/wordpress\/plugins\/seo\/ -->\n<title>Macron lenkt ein: Frankreich verhandelt \u00fcber geordneten Abzug seiner Truppen aus Niger - just-now.NEWS Deutschland<\/title>\n<meta name=\"robots\" content=\"index, follow, max-snippet:-1, max-image-preview:large, max-video-preview:-1\" \/>\n<link rel=\"canonical\" href=\"https:\/\/now-news.de\/de\/deutschland\/macron-lenkt-ein-frankreich-verhandelt-ueber-geordneten-abzug-seiner-truppen-aus-niger\/\" \/>\n<meta property=\"og:locale\" content=\"de_DE\" \/>\n<meta property=\"og:type\" content=\"article\" \/>\n<meta property=\"og:title\" content=\"Macron lenkt ein: Frankreich verhandelt \u00fcber geordneten Abzug seiner Truppen aus Niger\" \/>\n<meta property=\"og:description\" content=\"In den vergangenen Tagen demonstrierten Tausende Menschen in Niger f\u00fcr einen Abzug der franz\u00f6sischen Truppen aus dem westafrikanischen Land. Paris verhandelt nun mit Niger \u00fcber einen geordneten Abzug seiner Truppen aus dem Land. Bislang hatte sich die Staatsf\u00fchrung in Paris geweigert, einen Truppenabzug in Erw\u00e4gung zu ziehen. Frankreich k\u00fcndigte an, seine 1.500 in Niger stationierten [&hellip;]\" \/>\n<meta property=\"og:url\" content=\"https:\/\/now-news.de\/de\/deutschland\/macron-lenkt-ein-frankreich-verhandelt-ueber-geordneten-abzug-seiner-truppen-aus-niger\/\" \/>\n<meta property=\"og:site_name\" content=\"just-now.NEWS Deutschland\" \/>\n<meta property=\"article:publisher\" content=\"https:\/\/www.facebook.com\/wirmachenauf\" \/>\n<meta property=\"article:published_time\" content=\"2023-09-07T13:58:56+00:00\" \/>\n<meta property=\"og:image\" content=\"https:\/\/now-news.de\/de\/wp-content\/uploads\/sites\/3\/2023\/09\/Macron-lenkt-ein-Frankreich-verhandelt-ueber-geordneten-Abzug-seiner-Truppen.jpg\" \/>\n\t<meta property=\"og:image:width\" content=\"460\" \/>\n\t<meta property=\"og:image:height\" content=\"259\" \/>\n\t<meta property=\"og:image:type\" content=\"image\/jpeg\" \/>\n<meta name=\"author\" content=\"rtnews\" \/>\n<meta name=\"twitter:card\" content=\"summary_large_image\" \/>\n<meta name=\"twitter:creator\" content=\"@WirMachenAuf_de\" \/>\n<meta name=\"twitter:site\" content=\"@WirMachenAuf_de\" \/>\n<meta name=\"twitter:label1\" content=\"Verfasst von\" \/>\n\t<meta name=\"twitter:data1\" content=\"rtnews\" \/>\n\t<meta name=\"twitter:label2\" content=\"Gesch\u00e4tzte Lesezeit\" \/>\n\t<meta name=\"twitter:data2\" content=\"3\u00a0Minuten\" \/>\n<script type=\"application\/ld+json\" class=\"yoast-schema-graph\">{\"@context\":\"https:\/\/schema.org\",\"@graph\":[{\"@type\":\"Article\",\"@id\":\"https:\/\/now-news.de\/de\/deutschland\/macron-lenkt-ein-frankreich-verhandelt-ueber-geordneten-abzug-seiner-truppen-aus-niger\/#article\",\"isPartOf\":{\"@id\":\"https:\/\/now-news.de\/de\/deutschland\/macron-lenkt-ein-frankreich-verhandelt-ueber-geordneten-abzug-seiner-truppen-aus-niger\/\"},\"author\":{\"name\":\"rtnews\",\"@id\":\"https:\/\/now-news.de\/de\/#\/schema\/person\/fb534a4e865501d8b3285208df34a9b5\"},\"headline\":\"Macron lenkt ein: Frankreich verhandelt \u00fcber geordneten Abzug seiner Truppen aus Niger\",\"datePublished\":\"2023-09-07T13:58:56+00:00\",\"dateModified\":\"2023-09-07T13:58:56+00:00\",\"mainEntityOfPage\":{\"@id\":\"https:\/\/now-news.de\/de\/deutschland\/macron-lenkt-ein-frankreich-verhandelt-ueber-geordneten-abzug-seiner-truppen-aus-niger\/\"},\"wordCount\":565,\"commentCount\":0,\"publisher\":{\"@id\":\"https:\/\/now-news.de\/de\/#organization\"},\"image\":{\"@id\":\"https:\/\/now-news.de\/de\/deutschland\/macron-lenkt-ein-frankreich-verhandelt-ueber-geordneten-abzug-seiner-truppen-aus-niger\/#primaryimage\"},\"thumbnailUrl\":\"https:\/\/now-news.de\/de\/wp-content\/uploads\/sites\/3\/2023\/09\/Macron-lenkt-ein-Frankreich-verhandelt-ueber-geordneten-Abzug-seiner-Truppen.jpg\",\"keywords\":[\"Abzug\",\"aus\",\"ein\",\"Frankreich\",\"geordneten\",\"lenkt\",\"macron\",\"Niger\",\"seiner\",\"Truppen\",\"\u00fcber\",\"verhandelt\"],\"articleSection\":[\"Deutschland\",\"Russland\"],\"inLanguage\":\"de\",\"potentialAction\":[{\"@type\":\"CommentAction\",\"name\":\"Comment\",\"target\":[\"https:\/\/now-news.de\/de\/deutschland\/macron-lenkt-ein-frankreich-verhandelt-ueber-geordneten-abzug-seiner-truppen-aus-niger\/#respond\"]}]},{\"@type\":\"WebPage\",\"@id\":\"https:\/\/now-news.de\/de\/deutschland\/macron-lenkt-ein-frankreich-verhandelt-ueber-geordneten-abzug-seiner-truppen-aus-niger\/\",\"url\":\"https:\/\/now-news.de\/de\/deutschland\/macron-lenkt-ein-frankreich-verhandelt-ueber-geordneten-abzug-seiner-truppen-aus-niger\/\",\"name\":\"Macron lenkt ein: Frankreich verhandelt \u00fcber geordneten Abzug seiner Truppen aus Niger - just-now.NEWS Deutschland\",\"isPartOf\":{\"@id\":\"https:\/\/now-news.de\/de\/#website\"},\"primaryImageOfPage\":{\"@id\":\"https:\/\/now-news.de\/de\/deutschland\/macron-lenkt-ein-frankreich-verhandelt-ueber-geordneten-abzug-seiner-truppen-aus-niger\/#primaryimage\"},\"image\":{\"@id\":\"https:\/\/now-news.de\/de\/deutschland\/macron-lenkt-ein-frankreich-verhandelt-ueber-geordneten-abzug-seiner-truppen-aus-niger\/#primaryimage\"},\"thumbnailUrl\":\"https:\/\/now-news.de\/de\/wp-content\/uploads\/sites\/3\/2023\/09\/Macron-lenkt-ein-Frankreich-verhandelt-ueber-geordneten-Abzug-seiner-Truppen.jpg\",\"datePublished\":\"2023-09-07T13:58:56+00:00\",\"dateModified\":\"2023-09-07T13:58:56+00:00\",\"breadcrumb\":{\"@id\":\"https:\/\/now-news.de\/de\/deutschland\/macron-lenkt-ein-frankreich-verhandelt-ueber-geordneten-abzug-seiner-truppen-aus-niger\/#breadcrumb\"},\"inLanguage\":\"de\",\"potentialAction\":[{\"@type\":\"ReadAction\",\"target\":[\"https:\/\/now-news.de\/de\/deutschland\/macron-lenkt-ein-frankreich-verhandelt-ueber-geordneten-abzug-seiner-truppen-aus-niger\/\"]}]},{\"@type\":\"ImageObject\",\"inLanguage\":\"de\",\"@id\":\"https:\/\/now-news.de\/de\/deutschland\/macron-lenkt-ein-frankreich-verhandelt-ueber-geordneten-abzug-seiner-truppen-aus-niger\/#primaryimage\",\"url\":\"https:\/\/now-news.de\/de\/wp-content\/uploads\/sites\/3\/2023\/09\/Macron-lenkt-ein-Frankreich-verhandelt-ueber-geordneten-Abzug-seiner-Truppen.jpg\",\"contentUrl\":\"https:\/\/now-news.de\/de\/wp-content\/uploads\/sites\/3\/2023\/09\/Macron-lenkt-ein-Frankreich-verhandelt-ueber-geordneten-Abzug-seiner-Truppen.jpg\",\"width\":460,\"height\":259,\"caption\":\"Macron lenkt ein: Frankreich verhandelt \u00fcber geordneten Abzug seiner Truppen aus Niger\"},{\"@type\":\"BreadcrumbList\",\"@id\":\"https:\/\/now-news.de\/de\/deutschland\/macron-lenkt-ein-frankreich-verhandelt-ueber-geordneten-abzug-seiner-truppen-aus-niger\/#breadcrumb\",\"itemListElement\":[{\"@type\":\"ListItem\",\"position\":1,\"name\":\"Home\",\"item\":\"https:\/\/now-news.de\/de\/\"},{\"@type\":\"ListItem\",\"position\":2,\"name\":\"Macron lenkt ein: Frankreich verhandelt \u00fcber geordneten Abzug seiner Truppen aus Niger\"}]},{\"@type\":\"WebSite\",\"@id\":\"https:\/\/now-news.de\/de\/#website\",\"url\":\"https:\/\/now-news.de\/de\/\",\"name\":\"just-now.NEWS Deutschland\",\"description\":\"Das Portal f\u00fcr unzensierte Nachrichten aus der Welt\",\"publisher\":{\"@id\":\"https:\/\/now-news.de\/de\/#organization\"},\"potentialAction\":[{\"@type\":\"SearchAction\",\"target\":{\"@type\":\"EntryPoint\",\"urlTemplate\":\"https:\/\/now-news.de\/de\/?s={search_term_string}\"},\"query-input\":\"required name=search_term_string\"}],\"inLanguage\":\"de\"},{\"@type\":\"Organization\",\"@id\":\"https:\/\/now-news.de\/de\/#organization\",\"name\":\"Just Now News\",\"url\":\"https:\/\/now-news.de\/de\/\",\"logo\":{\"@type\":\"ImageObject\",\"inLanguage\":\"de\",\"@id\":\"https:\/\/now-news.de\/de\/#\/schema\/logo\/image\/\",\"url\":\"http:\/\/just-now.news\/de\/wp-content\/uploads\/sites\/3\/2022\/04\/logo500x500.jpg\",\"contentUrl\":\"http:\/\/just-now.news\/de\/wp-content\/uploads\/sites\/3\/2022\/04\/logo500x500.jpg\",\"width\":500,\"height\":500,\"caption\":\"Just Now News\"},\"image\":{\"@id\":\"https:\/\/now-news.de\/de\/#\/schema\/logo\/image\/\"},\"sameAs\":[\"https:\/\/www.facebook.com\/wirmachenauf\",\"https:\/\/x.com\/WirMachenAuf_de\"]},{\"@type\":\"Person\",\"@id\":\"https:\/\/now-news.de\/de\/#\/schema\/person\/fb534a4e865501d8b3285208df34a9b5\",\"name\":\"rtnews\",\"image\":{\"@type\":\"ImageObject\",\"inLanguage\":\"de\",\"@id\":\"https:\/\/now-news.de\/de\/#\/schema\/person\/image\/\",\"url\":\"https:\/\/secure.gravatar.com\/avatar\/82aafea7d8127119dd649515f56e2117?s=96&d=mm&r=g\",\"contentUrl\":\"https:\/\/secure.gravatar.com\/avatar\/82aafea7d8127119dd649515f56e2117?s=96&d=mm&r=g\",\"caption\":\"rtnews\"},\"url\":\"https:\/\/now-news.de\/de\/author\/rnews\/\"}]}<\/script>\n<!-- \/ Yoast SEO Premium plugin. -->","yoast_head_json":{"title":"Macron lenkt ein: Frankreich verhandelt \u00fcber geordneten Abzug seiner Truppen aus Niger - just-now.NEWS Deutschland","robots":{"index":"index","follow":"follow","max-snippet":"max-snippet:-1","max-image-preview":"max-image-preview:large","max-video-preview":"max-video-preview:-1"},"canonical":"https:\/\/now-news.de\/de\/deutschland\/macron-lenkt-ein-frankreich-verhandelt-ueber-geordneten-abzug-seiner-truppen-aus-niger\/","og_locale":"de_DE","og_type":"article","og_title":"Macron lenkt ein: Frankreich verhandelt \u00fcber geordneten Abzug seiner Truppen aus Niger","og_description":"In den vergangenen Tagen demonstrierten Tausende Menschen in Niger f\u00fcr einen Abzug der franz\u00f6sischen Truppen aus dem westafrikanischen Land. Paris verhandelt nun mit Niger \u00fcber einen geordneten Abzug seiner Truppen aus dem Land. Bislang hatte sich die Staatsf\u00fchrung in Paris geweigert, einen Truppenabzug in Erw\u00e4gung zu ziehen. Frankreich k\u00fcndigte an, seine 1.500 in Niger stationierten [&hellip;]","og_url":"https:\/\/now-news.de\/de\/deutschland\/macron-lenkt-ein-frankreich-verhandelt-ueber-geordneten-abzug-seiner-truppen-aus-niger\/","og_site_name":"just-now.NEWS Deutschland","article_publisher":"https:\/\/www.facebook.com\/wirmachenauf","article_published_time":"2023-09-07T13:58:56+00:00","og_image":[{"width":460,"height":259,"url":"https:\/\/now-news.de\/de\/wp-content\/uploads\/sites\/3\/2023\/09\/Macron-lenkt-ein-Frankreich-verhandelt-ueber-geordneten-Abzug-seiner-Truppen.jpg","type":"image\/jpeg"}],"author":"rtnews","twitter_card":"summary_large_image","twitter_creator":"@WirMachenAuf_de","twitter_site":"@WirMachenAuf_de","twitter_misc":{"Verfasst von":"rtnews","Gesch\u00e4tzte Lesezeit":"3\u00a0Minuten"},"schema":{"@context":"https:\/\/schema.org","@graph":[{"@type":"Article","@id":"https:\/\/now-news.de\/de\/deutschland\/macron-lenkt-ein-frankreich-verhandelt-ueber-geordneten-abzug-seiner-truppen-aus-niger\/#article","isPartOf":{"@id":"https:\/\/now-news.de\/de\/deutschland\/macron-lenkt-ein-frankreich-verhandelt-ueber-geordneten-abzug-seiner-truppen-aus-niger\/"},"author":{"name":"rtnews","@id":"https:\/\/now-news.de\/de\/#\/schema\/person\/fb534a4e865501d8b3285208df34a9b5"},"headline":"Macron lenkt ein: Frankreich verhandelt \u00fcber geordneten Abzug seiner Truppen aus Niger","datePublished":"2023-09-07T13:58:56+00:00","dateModified":"2023-09-07T13:58:56+00:00","mainEntityOfPage":{"@id":"https:\/\/now-news.de\/de\/deutschland\/macron-lenkt-ein-frankreich-verhandelt-ueber-geordneten-abzug-seiner-truppen-aus-niger\/"},"wordCount":565,"commentCount":0,"publisher":{"@id":"https:\/\/now-news.de\/de\/#organization"},"image":{"@id":"https:\/\/now-news.de\/de\/deutschland\/macron-lenkt-ein-frankreich-verhandelt-ueber-geordneten-abzug-seiner-truppen-aus-niger\/#primaryimage"},"thumbnailUrl":"https:\/\/now-news.de\/de\/wp-content\/uploads\/sites\/3\/2023\/09\/Macron-lenkt-ein-Frankreich-verhandelt-ueber-geordneten-Abzug-seiner-Truppen.jpg","keywords":["Abzug","aus","ein","Frankreich","geordneten","lenkt","macron","Niger","seiner","Truppen","\u00fcber","verhandelt"],"articleSection":["Deutschland","Russland"],"inLanguage":"de","potentialAction":[{"@type":"CommentAction","name":"Comment","target":["https:\/\/now-news.de\/de\/deutschland\/macron-lenkt-ein-frankreich-verhandelt-ueber-geordneten-abzug-seiner-truppen-aus-niger\/#respond"]}]},{"@type":"WebPage","@id":"https:\/\/now-news.de\/de\/deutschland\/macron-lenkt-ein-frankreich-verhandelt-ueber-geordneten-abzug-seiner-truppen-aus-niger\/","url":"https:\/\/now-news.de\/de\/deutschland\/macron-lenkt-ein-frankreich-verhandelt-ueber-geordneten-abzug-seiner-truppen-aus-niger\/","name":"Macron lenkt ein: Frankreich verhandelt \u00fcber geordneten Abzug seiner Truppen aus Niger - just-now.NEWS Deutschland","isPartOf":{"@id":"https:\/\/now-news.de\/de\/#website"},"primaryImageOfPage":{"@id":"https:\/\/now-news.de\/de\/deutschland\/macron-lenkt-ein-frankreich-verhandelt-ueber-geordneten-abzug-seiner-truppen-aus-niger\/#primaryimage"},"image":{"@id":"https:\/\/now-news.de\/de\/deutschland\/macron-lenkt-ein-frankreich-verhandelt-ueber-geordneten-abzug-seiner-truppen-aus-niger\/#primaryimage"},"thumbnailUrl":"https:\/\/now-news.de\/de\/wp-content\/uploads\/sites\/3\/2023\/09\/Macron-lenkt-ein-Frankreich-verhandelt-ueber-geordneten-Abzug-seiner-Truppen.jpg","datePublished":"2023-09-07T13:58:56+00:00","dateModified":"2023-09-07T13:58:56+00:00","breadcrumb":{"@id":"https:\/\/now-news.de\/de\/deutschland\/macron-lenkt-ein-frankreich-verhandelt-ueber-geordneten-abzug-seiner-truppen-aus-niger\/#breadcrumb"},"inLanguage":"de","potentialAction":[{"@type":"ReadAction","target":["https:\/\/now-news.de\/de\/deutschland\/macron-lenkt-ein-frankreich-verhandelt-ueber-geordneten-abzug-seiner-truppen-aus-niger\/"]}]},{"@type":"ImageObject","inLanguage":"de","@id":"https:\/\/now-news.de\/de\/deutschland\/macron-lenkt-ein-frankreich-verhandelt-ueber-geordneten-abzug-seiner-truppen-aus-niger\/#primaryimage","url":"https:\/\/now-news.de\/de\/wp-content\/uploads\/sites\/3\/2023\/09\/Macron-lenkt-ein-Frankreich-verhandelt-ueber-geordneten-Abzug-seiner-Truppen.jpg","contentUrl":"https:\/\/now-news.de\/de\/wp-content\/uploads\/sites\/3\/2023\/09\/Macron-lenkt-ein-Frankreich-verhandelt-ueber-geordneten-Abzug-seiner-Truppen.jpg","width":460,"height":259,"caption":"Macron lenkt ein: Frankreich verhandelt \u00fcber geordneten Abzug seiner Truppen aus Niger"},{"@type":"BreadcrumbList","@id":"https:\/\/now-news.de\/de\/deutschland\/macron-lenkt-ein-frankreich-verhandelt-ueber-geordneten-abzug-seiner-truppen-aus-niger\/#breadcrumb","itemListElement":[{"@type":"ListItem","position":1,"name":"Home","item":"https:\/\/now-news.de\/de\/"},{"@type":"ListItem","position":2,"name":"Macron lenkt ein: Frankreich verhandelt \u00fcber geordneten Abzug seiner Truppen aus Niger"}]},{"@type":"WebSite","@id":"https:\/\/now-news.de\/de\/#website","url":"https:\/\/now-news.de\/de\/","name":"just-now.NEWS Deutschland","description":"Das Portal f\u00fcr unzensierte Nachrichten aus der Welt","publisher":{"@id":"https:\/\/now-news.de\/de\/#organization"},"potentialAction":[{"@type":"SearchAction","target":{"@type":"EntryPoint","urlTemplate":"https:\/\/now-news.de\/de\/?s={search_term_string}"},"query-input":"required name=search_term_string"}],"inLanguage":"de"},{"@type":"Organization","@id":"https:\/\/now-news.de\/de\/#organization","name":"Just Now News","url":"https:\/\/now-news.de\/de\/","logo":{"@type":"ImageObject","inLanguage":"de","@id":"https:\/\/now-news.de\/de\/#\/schema\/logo\/image\/","url":"http:\/\/just-now.news\/de\/wp-content\/uploads\/sites\/3\/2022\/04\/logo500x500.jpg","contentUrl":"http:\/\/just-now.news\/de\/wp-content\/uploads\/sites\/3\/2022\/04\/logo500x500.jpg","width":500,"height":500,"caption":"Just Now News"},"image":{"@id":"https:\/\/now-news.de\/de\/#\/schema\/logo\/image\/"},"sameAs":["https:\/\/www.facebook.com\/wirmachenauf","https:\/\/x.com\/WirMachenAuf_de"]},{"@type":"Person","@id":"https:\/\/now-news.de\/de\/#\/schema\/person\/fb534a4e865501d8b3285208df34a9b5","name":"rtnews","image":{"@type":"ImageObject","inLanguage":"de","@id":"https:\/\/now-news.de\/de\/#\/schema\/person\/image\/","url":"https:\/\/secure.gravatar.com\/avatar\/82aafea7d8127119dd649515f56e2117?s=96&d=mm&r=g","contentUrl":"https:\/\/secure.gravatar.com\/avatar\/82aafea7d8127119dd649515f56e2117?s=96&d=mm&r=g","caption":"rtnews"},"url":"https:\/\/now-news.de\/de\/author\/rnews\/"}]}},"_links":{"self":[{"href":"https:\/\/now-news.de\/de\/wp-json\/wp\/v2\/posts\/45888"}],"collection":[{"href":"https:\/\/now-news.de\/de\/wp-json\/wp\/v2\/posts"}],"about":[{"href":"https:\/\/now-news.de\/de\/wp-json\/wp\/v2\/types\/post"}],"author":[{"embeddable":true,"href":"https:\/\/now-news.de\/de\/wp-json\/wp\/v2\/users\/3"}],"replies":[{"embeddable":true,"href":"https:\/\/now-news.de\/de\/wp-json\/wp\/v2\/comments?post=45888"}],"version-history":[{"count":0,"href":"https:\/\/now-news.de\/de\/wp-json\/wp\/v2\/posts\/45888\/revisions"}],"wp:featuredmedia":[{"embeddable":true,"href":"https:\/\/now-news.de\/de\/wp-json\/wp\/v2\/media\/45889"}],"wp:attachment":[{"href":"https:\/\/now-news.de\/de\/wp-json\/wp\/v2\/media?parent=45888"}],"wp:term":[{"taxonomy":"category","embeddable":true,"href":"https:\/\/now-news.de\/de\/wp-json\/wp\/v2\/categories?post=45888"},{"taxonomy":"post_tag","embeddable":true,"href":"https:\/\/now-news.de\/de\/wp-json\/wp\/v2\/tags?post=45888"}],"curies":[{"name":"wp","href":"https:\/\/api.w.org\/{rel}","templated":true}]}}