{"id":45882,"date":"2023-09-07T15:19:47","date_gmt":"2023-09-07T13:19:47","guid":{"rendered":"https:\/\/just-now.news\/de\/deutschland\/oesterreichs-aussenminister-schellenberg-werden-russland-brauchen\/"},"modified":"2023-09-07T15:19:47","modified_gmt":"2023-09-07T13:19:47","slug":"oesterreichs-aussenminister-schellenberg-werden-russland-brauchen","status":"publish","type":"post","link":"https:\/\/now-news.de\/de\/deutschland\/oesterreichs-aussenminister-schellenberg-werden-russland-brauchen\/","title":{"rendered":"\u00d6sterreichs Au\u00dfenminister Schellenberg: \u201cWerden Russland brauchen\u201d"},"content":{"rendered":"<p><img decoding=\"async\" src=\"http:\/\/just-now.news\/de\/wp-content\/uploads\/sites\/3\/2023\/09\/64f9be7e48fbef48a8093c4a.jpg\" \/><\/p>\n<div class=\"Text-root Text-type_1 \">\n                In einem Interview wirbt der Au\u00dfenminister \u00d6sterreichs Alexander Schallenberg f\u00fcr einen pragmatischen Umgang mit Russland. Russland werde nicht einfach von der Landkarte verschwinden, sondern gr\u00f6\u00dfter Nachbar bleiben. Man k\u00f6nne Russland und China nicht einfach canceln.\n            <\/div>\n<p><\/p>\n<div class=\"Text-root Text-type_5 ArticleView-text ViewText-root \">\n<p>Der Ton in der EU \u00e4ndert sich. Die Stimmen, die f\u00fcr eine realistische Politik und eine weniger aggressive Haltung gegen\u00fcber Russland pl\u00e4dieren, werden zahlreicher. In einem <a rel=\"nofollow noopener\" target=\"_blank\" href=\"https:\/\/www.heute.at\/s\/werden-russland-brauchen-schallenberg-spricht-klartext-100289120\">Interview <\/a>mit der in \u00d6sterreich erscheinenden Tageszeitung <em>heute<\/em> pl\u00e4diert \u00d6sterreichs Au\u00dfenminister und ehemaliger Kanzler Alexander Schallenberg f\u00fcr einen pragmatischen Umgang mit Russland.\u00a0<\/p>\n<p>Zwar bedient auch er das Narrativ vom anlasslosen \u00dcberfall Russlands auf die Ukraine, auch er behauptet, Russland h\u00e4tte die Absicht, die gesamte Ukraine einzunehmen, was beides nicht den Fakten entspricht. Der Konflikt hat eine Vorgeschichte, an der die EU ma\u00dfgeblichen Anteil hat. Er wurde vom Westen eskaliert und wird das durch immer umfangreichere Waffenlieferungen weiterhin. Es geht in diesem Konflikt um Sicherheitsinteressen und die Ausdehnung der NATO. Schallenberg wei\u00df das und wiederholt dennoch das im Westen verbreitete Narrativ.\u00a0<\/p>\n<p>Dennoch antwortet Schallenberg auf die Frage, ob man Russland bei der UNO weiterhin eine B\u00fchne bieten solle:<\/p>\n<blockquote>\n<p><em>\u201cJa. Wir k\u00f6nnen ja nicht nur mit der Schweiz und Liechtenstein zusammenarbeiten. Die Welt ist nicht schwarz-wei\u00df. Wir m\u00fcssen zur Kenntnis nehmen: Wir werden Russland brauchen, wir werden China brauchen. Denken wir nur an den Kampf gegen den Klimawandel. Genauso, wie wir Plattformen wie die UNO oder die OSZE brauchen \u2013 das waren nie Klubs von Gleichgesinnten. Das war auf gut Wienerisch immer super zach.\u201d<\/em><\/p>\n<\/blockquote>\n<p>Man m\u00fcsse trotz der aufgew\u00fchlten Gef\u00fchle angesichts des Ukraine-Konflikts Augenma\u00df und Pragmatismus bewahren.\u00a0<\/p>\n<blockquote>\n<p><em>\u201cWir d\u00fcrfen nicht den Fehler begehen, dass wir uns die Welt zurechtbiegen und dem Wunschdenken verfallen, indem wir L\u00e4nder wie China, Russland oder andere Staaten, \u2018ghosten\u2019 und \u2018canceln\u2019. Das geht vielleicht auf Twitter, aber nicht in der realen Welt.\u201d<\/em><\/p>\n<\/blockquote>\n<p>Mit diesem Statement unterscheidet sich der \u00f6sterreichische Au\u00dfenminister im Grundsatz von seiner deutschen Kollegin.\u00a0<\/p>\n<p><strong>Mehr zum Thema<\/strong>\u00a0\u2013 <a rel=\"nofollow noopener\" target=\"_blank\" href=\"https:\/\/freedert.online\/inland\/180019-baerbock-will-china-und-russland\/\">Baerbock will China und Russland canceln<\/a><\/p>\n<\/div>\n<p><br \/>\n<br \/><a href=\"https:\/\/de.rt.com\/europa\/180037-oesterreichs-aussenminister-schellenberg-werden-russland\/\">Source link <\/a><\/p>\n","protected":false},"excerpt":{"rendered":"<p>In einem Interview wirbt der Au\u00dfenminister \u00d6sterreichs Alexander Schallenberg f\u00fcr einen pragmatischen Umgang mit Russland. Russland werde nicht einfach von der Landkarte verschwinden, sondern gr\u00f6\u00dfter Nachbar bleiben. Man k\u00f6nne Russland und China nicht einfach canceln. Der Ton in der EU \u00e4ndert sich. Die Stimmen, die f\u00fcr eine realistische Politik und eine weniger aggressive Haltung gegen\u00fcber [&hellip;]<\/p>\n","protected":false},"author":3,"featured_media":45883,"comment_status":"open","ping_status":"open","sticky":false,"template":"","format":"standard","meta":{"_yoast_indexnow_last_ping":["1694093008"],"wp_automatic_camp":["217"],"f95a925422fd72946514fc4825eeee58":["\u00d6sterreichs Au\u00dfenminister Schellenberg: \u201cWerden Russland brauchen\u201d"],"original_link":["https:\/\/de.rt.com\/europa\/180037-oesterreichs-aussenminister-schellenberg-werden-russland\/"],"_thumbnail_id":["45883"],"_wptgpro_p2tg_sent2tg":["a:1:{i:23737;s:19:\"2023-09-07 15:24:29\";}"],"jnews_social_counter_last_update":["1777322908"]},"categories":[19,23],"tags":[13830,16210,8354,126,48580,1040],"yoast_head":"<!-- This site is optimized with the Yoast SEO Premium plugin v22.7 (Yoast SEO v22.7) - https:\/\/yoast.com\/wordpress\/plugins\/seo\/ -->\n<title>\u00d6sterreichs Au\u00dfenminister Schellenberg: \u201cWerden Russland brauchen\u201d - just-now.NEWS Deutschland<\/title>\n<meta name=\"robots\" content=\"index, follow, max-snippet:-1, max-image-preview:large, max-video-preview:-1\" \/>\n<link rel=\"canonical\" href=\"https:\/\/now-news.de\/de\/deutschland\/oesterreichs-aussenminister-schellenberg-werden-russland-brauchen\/\" \/>\n<meta property=\"og:locale\" content=\"de_DE\" \/>\n<meta property=\"og:type\" content=\"article\" \/>\n<meta property=\"og:title\" content=\"\u00d6sterreichs Au\u00dfenminister Schellenberg: \u201cWerden Russland brauchen\u201d\" \/>\n<meta property=\"og:description\" content=\"In einem Interview wirbt der Au\u00dfenminister \u00d6sterreichs Alexander Schallenberg f\u00fcr einen pragmatischen Umgang mit Russland. Russland werde nicht einfach von der Landkarte verschwinden, sondern gr\u00f6\u00dfter Nachbar bleiben. Man k\u00f6nne Russland und China nicht einfach canceln. Der Ton in der EU \u00e4ndert sich. Die Stimmen, die f\u00fcr eine realistische Politik und eine weniger aggressive Haltung gegen\u00fcber [&hellip;]\" \/>\n<meta property=\"og:url\" content=\"https:\/\/now-news.de\/de\/deutschland\/oesterreichs-aussenminister-schellenberg-werden-russland-brauchen\/\" \/>\n<meta property=\"og:site_name\" content=\"just-now.NEWS Deutschland\" \/>\n<meta property=\"article:publisher\" content=\"https:\/\/www.facebook.com\/wirmachenauf\" \/>\n<meta property=\"article:published_time\" content=\"2023-09-07T13:19:47+00:00\" \/>\n<meta property=\"og:image\" content=\"https:\/\/now-news.de\/de\/wp-content\/uploads\/sites\/3\/2023\/09\/Oesterreichs-Aussenminister-Schellenberg-Werden-Russland-brauchen.jpg\" \/>\n\t<meta property=\"og:image:width\" content=\"460\" \/>\n\t<meta property=\"og:image:height\" content=\"259\" \/>\n\t<meta property=\"og:image:type\" content=\"image\/jpeg\" \/>\n<meta name=\"author\" content=\"rtnews\" \/>\n<meta name=\"twitter:card\" content=\"summary_large_image\" \/>\n<meta name=\"twitter:creator\" content=\"@WirMachenAuf_de\" \/>\n<meta name=\"twitter:site\" content=\"@WirMachenAuf_de\" \/>\n<meta name=\"twitter:label1\" content=\"Verfasst von\" \/>\n\t<meta name=\"twitter:data1\" content=\"rtnews\" \/>\n\t<meta name=\"twitter:label2\" content=\"Gesch\u00e4tzte Lesezeit\" \/>\n\t<meta name=\"twitter:data2\" content=\"2\u00a0Minuten\" \/>\n<script type=\"application\/ld+json\" class=\"yoast-schema-graph\">{\"@context\":\"https:\/\/schema.org\",\"@graph\":[{\"@type\":\"Article\",\"@id\":\"https:\/\/now-news.de\/de\/deutschland\/oesterreichs-aussenminister-schellenberg-werden-russland-brauchen\/#article\",\"isPartOf\":{\"@id\":\"https:\/\/now-news.de\/de\/deutschland\/oesterreichs-aussenminister-schellenberg-werden-russland-brauchen\/\"},\"author\":{\"name\":\"rtnews\",\"@id\":\"https:\/\/now-news.de\/de\/#\/schema\/person\/fb534a4e865501d8b3285208df34a9b5\"},\"headline\":\"\u00d6sterreichs Au\u00dfenminister Schellenberg: \u201cWerden Russland brauchen\u201d\",\"datePublished\":\"2023-09-07T13:19:47+00:00\",\"dateModified\":\"2023-09-07T13:19:47+00:00\",\"mainEntityOfPage\":{\"@id\":\"https:\/\/now-news.de\/de\/deutschland\/oesterreichs-aussenminister-schellenberg-werden-russland-brauchen\/\"},\"wordCount\":348,\"commentCount\":0,\"publisher\":{\"@id\":\"https:\/\/now-news.de\/de\/#organization\"},\"image\":{\"@id\":\"https:\/\/now-news.de\/de\/deutschland\/oesterreichs-aussenminister-schellenberg-werden-russland-brauchen\/#primaryimage\"},\"thumbnailUrl\":\"https:\/\/now-news.de\/de\/wp-content\/uploads\/sites\/3\/2023\/09\/Oesterreichs-Aussenminister-Schellenberg-Werden-Russland-brauchen.jpg\",\"keywords\":[\"Au\u00dfenminister\",\"BRAUCHEN\",\"\u00d6sterreichs\",\"russland\",\"Schellenberg\",\"Werden\"],\"articleSection\":[\"Deutschland\",\"Russland\"],\"inLanguage\":\"de\",\"potentialAction\":[{\"@type\":\"CommentAction\",\"name\":\"Comment\",\"target\":[\"https:\/\/now-news.de\/de\/deutschland\/oesterreichs-aussenminister-schellenberg-werden-russland-brauchen\/#respond\"]}]},{\"@type\":\"WebPage\",\"@id\":\"https:\/\/now-news.de\/de\/deutschland\/oesterreichs-aussenminister-schellenberg-werden-russland-brauchen\/\",\"url\":\"https:\/\/now-news.de\/de\/deutschland\/oesterreichs-aussenminister-schellenberg-werden-russland-brauchen\/\",\"name\":\"\u00d6sterreichs Au\u00dfenminister Schellenberg: \u201cWerden Russland brauchen\u201d - just-now.NEWS Deutschland\",\"isPartOf\":{\"@id\":\"https:\/\/now-news.de\/de\/#website\"},\"primaryImageOfPage\":{\"@id\":\"https:\/\/now-news.de\/de\/deutschland\/oesterreichs-aussenminister-schellenberg-werden-russland-brauchen\/#primaryimage\"},\"image\":{\"@id\":\"https:\/\/now-news.de\/de\/deutschland\/oesterreichs-aussenminister-schellenberg-werden-russland-brauchen\/#primaryimage\"},\"thumbnailUrl\":\"https:\/\/now-news.de\/de\/wp-content\/uploads\/sites\/3\/2023\/09\/Oesterreichs-Aussenminister-Schellenberg-Werden-Russland-brauchen.jpg\",\"datePublished\":\"2023-09-07T13:19:47+00:00\",\"dateModified\":\"2023-09-07T13:19:47+00:00\",\"breadcrumb\":{\"@id\":\"https:\/\/now-news.de\/de\/deutschland\/oesterreichs-aussenminister-schellenberg-werden-russland-brauchen\/#breadcrumb\"},\"inLanguage\":\"de\",\"potentialAction\":[{\"@type\":\"ReadAction\",\"target\":[\"https:\/\/now-news.de\/de\/deutschland\/oesterreichs-aussenminister-schellenberg-werden-russland-brauchen\/\"]}]},{\"@type\":\"ImageObject\",\"inLanguage\":\"de\",\"@id\":\"https:\/\/now-news.de\/de\/deutschland\/oesterreichs-aussenminister-schellenberg-werden-russland-brauchen\/#primaryimage\",\"url\":\"https:\/\/now-news.de\/de\/wp-content\/uploads\/sites\/3\/2023\/09\/Oesterreichs-Aussenminister-Schellenberg-Werden-Russland-brauchen.jpg\",\"contentUrl\":\"https:\/\/now-news.de\/de\/wp-content\/uploads\/sites\/3\/2023\/09\/Oesterreichs-Aussenminister-Schellenberg-Werden-Russland-brauchen.jpg\",\"width\":460,\"height\":259,\"caption\":\"\u00d6sterreichs Au\u00dfenminister Schellenberg: \u201cWerden Russland brauchen\u201d\"},{\"@type\":\"BreadcrumbList\",\"@id\":\"https:\/\/now-news.de\/de\/deutschland\/oesterreichs-aussenminister-schellenberg-werden-russland-brauchen\/#breadcrumb\",\"itemListElement\":[{\"@type\":\"ListItem\",\"position\":1,\"name\":\"Home\",\"item\":\"https:\/\/now-news.de\/de\/\"},{\"@type\":\"ListItem\",\"position\":2,\"name\":\"\u00d6sterreichs Au\u00dfenminister Schellenberg: \u201cWerden Russland brauchen\u201d\"}]},{\"@type\":\"WebSite\",\"@id\":\"https:\/\/now-news.de\/de\/#website\",\"url\":\"https:\/\/now-news.de\/de\/\",\"name\":\"just-now.NEWS Deutschland\",\"description\":\"Das Portal f\u00fcr unzensierte Nachrichten aus der Welt\",\"publisher\":{\"@id\":\"https:\/\/now-news.de\/de\/#organization\"},\"potentialAction\":[{\"@type\":\"SearchAction\",\"target\":{\"@type\":\"EntryPoint\",\"urlTemplate\":\"https:\/\/now-news.de\/de\/?s={search_term_string}\"},\"query-input\":\"required name=search_term_string\"}],\"inLanguage\":\"de\"},{\"@type\":\"Organization\",\"@id\":\"https:\/\/now-news.de\/de\/#organization\",\"name\":\"Just Now News\",\"url\":\"https:\/\/now-news.de\/de\/\",\"logo\":{\"@type\":\"ImageObject\",\"inLanguage\":\"de\",\"@id\":\"https:\/\/now-news.de\/de\/#\/schema\/logo\/image\/\",\"url\":\"http:\/\/just-now.news\/de\/wp-content\/uploads\/sites\/3\/2022\/04\/logo500x500.jpg\",\"contentUrl\":\"http:\/\/just-now.news\/de\/wp-content\/uploads\/sites\/3\/2022\/04\/logo500x500.jpg\",\"width\":500,\"height\":500,\"caption\":\"Just Now News\"},\"image\":{\"@id\":\"https:\/\/now-news.de\/de\/#\/schema\/logo\/image\/\"},\"sameAs\":[\"https:\/\/www.facebook.com\/wirmachenauf\",\"https:\/\/x.com\/WirMachenAuf_de\"]},{\"@type\":\"Person\",\"@id\":\"https:\/\/now-news.de\/de\/#\/schema\/person\/fb534a4e865501d8b3285208df34a9b5\",\"name\":\"rtnews\",\"image\":{\"@type\":\"ImageObject\",\"inLanguage\":\"de\",\"@id\":\"https:\/\/now-news.de\/de\/#\/schema\/person\/image\/\",\"url\":\"https:\/\/secure.gravatar.com\/avatar\/82aafea7d8127119dd649515f56e2117?s=96&d=mm&r=g\",\"contentUrl\":\"https:\/\/secure.gravatar.com\/avatar\/82aafea7d8127119dd649515f56e2117?s=96&d=mm&r=g\",\"caption\":\"rtnews\"},\"url\":\"https:\/\/now-news.de\/de\/author\/rnews\/\"}]}<\/script>\n<!-- \/ Yoast SEO Premium plugin. -->","yoast_head_json":{"title":"\u00d6sterreichs Au\u00dfenminister Schellenberg: \u201cWerden Russland brauchen\u201d - just-now.NEWS Deutschland","robots":{"index":"index","follow":"follow","max-snippet":"max-snippet:-1","max-image-preview":"max-image-preview:large","max-video-preview":"max-video-preview:-1"},"canonical":"https:\/\/now-news.de\/de\/deutschland\/oesterreichs-aussenminister-schellenberg-werden-russland-brauchen\/","og_locale":"de_DE","og_type":"article","og_title":"\u00d6sterreichs Au\u00dfenminister Schellenberg: \u201cWerden Russland brauchen\u201d","og_description":"In einem Interview wirbt der Au\u00dfenminister \u00d6sterreichs Alexander Schallenberg f\u00fcr einen pragmatischen Umgang mit Russland. Russland werde nicht einfach von der Landkarte verschwinden, sondern gr\u00f6\u00dfter Nachbar bleiben. Man k\u00f6nne Russland und China nicht einfach canceln. Der Ton in der EU \u00e4ndert sich. Die Stimmen, die f\u00fcr eine realistische Politik und eine weniger aggressive Haltung gegen\u00fcber [&hellip;]","og_url":"https:\/\/now-news.de\/de\/deutschland\/oesterreichs-aussenminister-schellenberg-werden-russland-brauchen\/","og_site_name":"just-now.NEWS Deutschland","article_publisher":"https:\/\/www.facebook.com\/wirmachenauf","article_published_time":"2023-09-07T13:19:47+00:00","og_image":[{"width":460,"height":259,"url":"https:\/\/now-news.de\/de\/wp-content\/uploads\/sites\/3\/2023\/09\/Oesterreichs-Aussenminister-Schellenberg-Werden-Russland-brauchen.jpg","type":"image\/jpeg"}],"author":"rtnews","twitter_card":"summary_large_image","twitter_creator":"@WirMachenAuf_de","twitter_site":"@WirMachenAuf_de","twitter_misc":{"Verfasst von":"rtnews","Gesch\u00e4tzte Lesezeit":"2\u00a0Minuten"},"schema":{"@context":"https:\/\/schema.org","@graph":[{"@type":"Article","@id":"https:\/\/now-news.de\/de\/deutschland\/oesterreichs-aussenminister-schellenberg-werden-russland-brauchen\/#article","isPartOf":{"@id":"https:\/\/now-news.de\/de\/deutschland\/oesterreichs-aussenminister-schellenberg-werden-russland-brauchen\/"},"author":{"name":"rtnews","@id":"https:\/\/now-news.de\/de\/#\/schema\/person\/fb534a4e865501d8b3285208df34a9b5"},"headline":"\u00d6sterreichs Au\u00dfenminister Schellenberg: \u201cWerden Russland brauchen\u201d","datePublished":"2023-09-07T13:19:47+00:00","dateModified":"2023-09-07T13:19:47+00:00","mainEntityOfPage":{"@id":"https:\/\/now-news.de\/de\/deutschland\/oesterreichs-aussenminister-schellenberg-werden-russland-brauchen\/"},"wordCount":348,"commentCount":0,"publisher":{"@id":"https:\/\/now-news.de\/de\/#organization"},"image":{"@id":"https:\/\/now-news.de\/de\/deutschland\/oesterreichs-aussenminister-schellenberg-werden-russland-brauchen\/#primaryimage"},"thumbnailUrl":"https:\/\/now-news.de\/de\/wp-content\/uploads\/sites\/3\/2023\/09\/Oesterreichs-Aussenminister-Schellenberg-Werden-Russland-brauchen.jpg","keywords":["Au\u00dfenminister","BRAUCHEN","\u00d6sterreichs","russland","Schellenberg","Werden"],"articleSection":["Deutschland","Russland"],"inLanguage":"de","potentialAction":[{"@type":"CommentAction","name":"Comment","target":["https:\/\/now-news.de\/de\/deutschland\/oesterreichs-aussenminister-schellenberg-werden-russland-brauchen\/#respond"]}]},{"@type":"WebPage","@id":"https:\/\/now-news.de\/de\/deutschland\/oesterreichs-aussenminister-schellenberg-werden-russland-brauchen\/","url":"https:\/\/now-news.de\/de\/deutschland\/oesterreichs-aussenminister-schellenberg-werden-russland-brauchen\/","name":"\u00d6sterreichs Au\u00dfenminister Schellenberg: \u201cWerden Russland brauchen\u201d - just-now.NEWS Deutschland","isPartOf":{"@id":"https:\/\/now-news.de\/de\/#website"},"primaryImageOfPage":{"@id":"https:\/\/now-news.de\/de\/deutschland\/oesterreichs-aussenminister-schellenberg-werden-russland-brauchen\/#primaryimage"},"image":{"@id":"https:\/\/now-news.de\/de\/deutschland\/oesterreichs-aussenminister-schellenberg-werden-russland-brauchen\/#primaryimage"},"thumbnailUrl":"https:\/\/now-news.de\/de\/wp-content\/uploads\/sites\/3\/2023\/09\/Oesterreichs-Aussenminister-Schellenberg-Werden-Russland-brauchen.jpg","datePublished":"2023-09-07T13:19:47+00:00","dateModified":"2023-09-07T13:19:47+00:00","breadcrumb":{"@id":"https:\/\/now-news.de\/de\/deutschland\/oesterreichs-aussenminister-schellenberg-werden-russland-brauchen\/#breadcrumb"},"inLanguage":"de","potentialAction":[{"@type":"ReadAction","target":["https:\/\/now-news.de\/de\/deutschland\/oesterreichs-aussenminister-schellenberg-werden-russland-brauchen\/"]}]},{"@type":"ImageObject","inLanguage":"de","@id":"https:\/\/now-news.de\/de\/deutschland\/oesterreichs-aussenminister-schellenberg-werden-russland-brauchen\/#primaryimage","url":"https:\/\/now-news.de\/de\/wp-content\/uploads\/sites\/3\/2023\/09\/Oesterreichs-Aussenminister-Schellenberg-Werden-Russland-brauchen.jpg","contentUrl":"https:\/\/now-news.de\/de\/wp-content\/uploads\/sites\/3\/2023\/09\/Oesterreichs-Aussenminister-Schellenberg-Werden-Russland-brauchen.jpg","width":460,"height":259,"caption":"\u00d6sterreichs Au\u00dfenminister Schellenberg: \u201cWerden Russland brauchen\u201d"},{"@type":"BreadcrumbList","@id":"https:\/\/now-news.de\/de\/deutschland\/oesterreichs-aussenminister-schellenberg-werden-russland-brauchen\/#breadcrumb","itemListElement":[{"@type":"ListItem","position":1,"name":"Home","item":"https:\/\/now-news.de\/de\/"},{"@type":"ListItem","position":2,"name":"\u00d6sterreichs Au\u00dfenminister Schellenberg: \u201cWerden Russland brauchen\u201d"}]},{"@type":"WebSite","@id":"https:\/\/now-news.de\/de\/#website","url":"https:\/\/now-news.de\/de\/","name":"just-now.NEWS Deutschland","description":"Das Portal f\u00fcr unzensierte Nachrichten aus der Welt","publisher":{"@id":"https:\/\/now-news.de\/de\/#organization"},"potentialAction":[{"@type":"SearchAction","target":{"@type":"EntryPoint","urlTemplate":"https:\/\/now-news.de\/de\/?s={search_term_string}"},"query-input":"required name=search_term_string"}],"inLanguage":"de"},{"@type":"Organization","@id":"https:\/\/now-news.de\/de\/#organization","name":"Just Now News","url":"https:\/\/now-news.de\/de\/","logo":{"@type":"ImageObject","inLanguage":"de","@id":"https:\/\/now-news.de\/de\/#\/schema\/logo\/image\/","url":"http:\/\/just-now.news\/de\/wp-content\/uploads\/sites\/3\/2022\/04\/logo500x500.jpg","contentUrl":"http:\/\/just-now.news\/de\/wp-content\/uploads\/sites\/3\/2022\/04\/logo500x500.jpg","width":500,"height":500,"caption":"Just Now News"},"image":{"@id":"https:\/\/now-news.de\/de\/#\/schema\/logo\/image\/"},"sameAs":["https:\/\/www.facebook.com\/wirmachenauf","https:\/\/x.com\/WirMachenAuf_de"]},{"@type":"Person","@id":"https:\/\/now-news.de\/de\/#\/schema\/person\/fb534a4e865501d8b3285208df34a9b5","name":"rtnews","image":{"@type":"ImageObject","inLanguage":"de","@id":"https:\/\/now-news.de\/de\/#\/schema\/person\/image\/","url":"https:\/\/secure.gravatar.com\/avatar\/82aafea7d8127119dd649515f56e2117?s=96&d=mm&r=g","contentUrl":"https:\/\/secure.gravatar.com\/avatar\/82aafea7d8127119dd649515f56e2117?s=96&d=mm&r=g","caption":"rtnews"},"url":"https:\/\/now-news.de\/de\/author\/rnews\/"}]}},"_links":{"self":[{"href":"https:\/\/now-news.de\/de\/wp-json\/wp\/v2\/posts\/45882"}],"collection":[{"href":"https:\/\/now-news.de\/de\/wp-json\/wp\/v2\/posts"}],"about":[{"href":"https:\/\/now-news.de\/de\/wp-json\/wp\/v2\/types\/post"}],"author":[{"embeddable":true,"href":"https:\/\/now-news.de\/de\/wp-json\/wp\/v2\/users\/3"}],"replies":[{"embeddable":true,"href":"https:\/\/now-news.de\/de\/wp-json\/wp\/v2\/comments?post=45882"}],"version-history":[{"count":0,"href":"https:\/\/now-news.de\/de\/wp-json\/wp\/v2\/posts\/45882\/revisions"}],"wp:featuredmedia":[{"embeddable":true,"href":"https:\/\/now-news.de\/de\/wp-json\/wp\/v2\/media\/45883"}],"wp:attachment":[{"href":"https:\/\/now-news.de\/de\/wp-json\/wp\/v2\/media?parent=45882"}],"wp:term":[{"taxonomy":"category","embeddable":true,"href":"https:\/\/now-news.de\/de\/wp-json\/wp\/v2\/categories?post=45882"},{"taxonomy":"post_tag","embeddable":true,"href":"https:\/\/now-news.de\/de\/wp-json\/wp\/v2\/tags?post=45882"}],"curies":[{"name":"wp","href":"https:\/\/api.w.org\/{rel}","templated":true}]}}