{"id":45828,"date":"2023-09-06T21:01:05","date_gmt":"2023-09-06T19:01:05","guid":{"rendered":"https:\/\/just-now.news\/de\/deutschland\/nicht-auf-linie-gewesen-virologe-kekule-fliegt-endgueltig-von-der-universitaet-halle-wittenberg\/"},"modified":"2023-09-06T21:01:05","modified_gmt":"2023-09-06T19:01:05","slug":"nicht-auf-linie-gewesen-virologe-kekule-fliegt-endgueltig-von-der-universitaet-halle-wittenberg","status":"publish","type":"post","link":"https:\/\/now-news.de\/de\/deutschland\/nicht-auf-linie-gewesen-virologe-kekule-fliegt-endgueltig-von-der-universitaet-halle-wittenberg\/","title":{"rendered":"Nicht auf Linie gewesen? Virologe Kekul\u00e9 fliegt endg\u00fcltig von der Universit\u00e4t Halle-Wittenberg"},"content":{"rendered":"<p><img decoding=\"async\" src=\"http:\/\/just-now.news\/de\/wp-content\/uploads\/sites\/3\/2023\/09\/64f8a189b480cc1fd1347936.jpg\" \/><\/p>\n<div class=\"Text-root Text-type_1 \">\n                Der Virologe Alexander Kekul\u00e9 darf an der Universit\u00e4t Halle-Wittenberg weder forschen noch lehren. Das Verwaltungsgericht Magdeburg best\u00e4tigte nun die Entscheidung der Uni Halle. Kekul\u00e9 hatte sich in der &#8220;Corona-Krise&#8221; zum Teil kritisch gegen\u00fcber den &#8220;Impfungen&#8221; \u2013 besonders f\u00fcr Kinder \u2013 ge\u00e4u\u00dfert.\n            <\/div>\n<p><\/p>\n<div class=\"Text-root Text-type_5 ArticleView-text ViewText-root \">\n<p>Die Martin-Luther-Universit\u00e4t Halle-Wittenberg (MLU) hatte den Virologen Alexander Kekul\u00e9 vor kurzem des Dienstes enthoben. Das Verwaltungsgericht Magdeburg hat diese Entscheidung am Mittwoch bekr\u00e4ftigt, wie die <em>Welt<\/em>\u00a0<a rel=\"nofollow noopener\" target=\"_blank\" href=\"https:\/\/www.welt.de\/wissenschaft\/article247247648\/Alexander-Kekule-Gericht-bestaetigt-Dienstenthebung-des-Virologen.html\">berichtet<\/a>.\u00a0<\/p>\n<p>Der 64-J\u00e4hrige \u2013 der kurz vor der Pension steht \u2013 soll nach Ansicht der Universit\u00e4t seine Lehrverpflichtungen nicht ausreichend erf\u00fcllt haben.<\/p>\n<p>Die MLU hatte\u00a0bereits im Dezember 2021\u00a0eine &#8220;vorl\u00e4ufige Dienstenthebung&#8221; erlassen. Seitdem darf Kekul\u00e9 an der Universit\u00e4t nicht mehr forschen und lehren. Im April 2022 hatte die MLU den Angaben des Gerichts zufolge entschieden, 20 Prozent seiner Dienstbez\u00fcge einzubehalten.\u00a0Daraufhin hatte sich der Virologe juristische Hilfe gesucht\u00a0und an das Verwaltungsgericht in Magdeburg gewandt.<\/p>\n<p>Dort hatte man\u00a0jedoch\u00a0&#8220;keine ernstlichen Zweifel an der Rechtm\u00e4\u00dfigkeit&#8221; der Dienstenthebung. Es sei derzeit &#8220;mit \u00fcberwiegender Wahrscheinlichkeit davon auszugehen, dass der Antragsteller ein schwerwiegendes Dienstvergehen begangen habe&#8221;, hie\u00df es in der Mitteilung. Das rechtfertige auch die &#8220;Entfernung&#8221; aus dem Beamtenverh\u00e4ltnis.\u00a0<\/p>\n<p>Kekul\u00e9 erkl\u00e4rte bereits 2021, dass er schon lange, aber vergeblich\u00a0f\u00fcr eine bessere Ausstattung seines mikrobiologischen Instituts k\u00e4mpfe. Er meint: Die Universit\u00e4t versuche offensichtlich, ihn mit Vorw\u00fcrfen loszuwerden.<\/p>\n<p>Das ein oder andere Mal hatte Kekul\u00e9 w\u00e4hrend der &#8220;Corona-Krise&#8221; die &#8220;Corona-Ma\u00dfnahmen&#8221; kritisiert. So mahnte er im November 2021 an, dass durch den Impfstoff und die 2G-Regelungen bei vielen B\u00fcrgern falsche Erwartungen geweckt wurden \u2013 die\u00a0nicht eingel\u00f6st wurden,\u00a0ganz im Gegenteil. Im Mai 2022 hatte er die STIKO-Empfehlung f\u00fcr die Kinder-&#8220;Impfung&#8221; als nicht nachvollziehbar bezeichnet.<\/p>\n<p><strong>Mehr zum Thema<\/strong> &#8211; <a rel=\"nofollow noopener\" target=\"_blank\" href=\"https:\/\/freedert.online\/inland\/139322-virologe-kekule-stiko-empfehlung-fur\/\">Virologe Kekul\u00e9: STIKO-Empfehlung f\u00fcr Kinder-Impfung nicht nachvollziehbar<\/a><\/p>\n<\/div>\n<p><br \/>\n<br \/><a href=\"https:\/\/de.rt.com\/inland\/179958-nicht-auf-linie-gewesen-virologe\/\">Source link <\/a><\/p>\n","protected":false},"excerpt":{"rendered":"<p>Der Virologe Alexander Kekul\u00e9 darf an der Universit\u00e4t Halle-Wittenberg weder forschen noch lehren. Das Verwaltungsgericht Magdeburg best\u00e4tigte nun die Entscheidung der Uni Halle. Kekul\u00e9 hatte sich in der &#8220;Corona-Krise&#8221; zum Teil kritisch gegen\u00fcber den &#8220;Impfungen&#8221; \u2013 besonders f\u00fcr Kinder \u2013 ge\u00e4u\u00dfert. Die Martin-Luther-Universit\u00e4t Halle-Wittenberg (MLU) hatte den Virologen Alexander Kekul\u00e9 vor kurzem des Dienstes enthoben. [&hellip;]<\/p>\n","protected":false},"author":3,"featured_media":45829,"comment_status":"open","ping_status":"open","sticky":false,"template":"","format":"standard","meta":{"_yoast_indexnow_last_ping":["1694027739"],"wp_automatic_camp":["217"],"9f38c204b796725e51e8e0b06956f318":["Nicht auf Linie gewesen? Virologe Kekul\u00e9 fliegt endg\u00fcltig von der Universit\u00e4t Halle-Wittenberg"],"original_link":["https:\/\/de.rt.com\/inland\/179958-nicht-auf-linie-gewesen-virologe\/"],"_thumbnail_id":["45829"],"jnews_social_counter_last_update":["1777609144"],"_wptgpro_p2tg_sent2tg":["a:1:{i:23737;s:19:\"2023-09-06 21:18:03\";}"]},"categories":[19,23],"tags":[133,82,25207,5829,24309,48553,21763,9541,800,22286,13713,50],"yoast_head":"<!-- This site is optimized with the Yoast SEO Premium plugin v22.7 (Yoast SEO v22.7) - https:\/\/yoast.com\/wordpress\/plugins\/seo\/ -->\n<title>Nicht auf Linie gewesen? Virologe Kekul\u00e9 fliegt endg\u00fcltig von der Universit\u00e4t Halle-Wittenberg - just-now.NEWS Deutschland<\/title>\n<meta name=\"robots\" content=\"index, follow, max-snippet:-1, max-image-preview:large, max-video-preview:-1\" \/>\n<link rel=\"canonical\" href=\"https:\/\/now-news.de\/de\/deutschland\/nicht-auf-linie-gewesen-virologe-kekule-fliegt-endgueltig-von-der-universitaet-halle-wittenberg\/\" \/>\n<meta property=\"og:locale\" content=\"de_DE\" \/>\n<meta property=\"og:type\" content=\"article\" \/>\n<meta property=\"og:title\" content=\"Nicht auf Linie gewesen? Virologe Kekul\u00e9 fliegt endg\u00fcltig von der Universit\u00e4t Halle-Wittenberg\" \/>\n<meta property=\"og:description\" content=\"Der Virologe Alexander Kekul\u00e9 darf an der Universit\u00e4t Halle-Wittenberg weder forschen noch lehren. Das Verwaltungsgericht Magdeburg best\u00e4tigte nun die Entscheidung der Uni Halle. Kekul\u00e9 hatte sich in der &#8220;Corona-Krise&#8221; zum Teil kritisch gegen\u00fcber den &#8220;Impfungen&#8221; \u2013 besonders f\u00fcr Kinder \u2013 ge\u00e4u\u00dfert. Die Martin-Luther-Universit\u00e4t Halle-Wittenberg (MLU) hatte den Virologen Alexander Kekul\u00e9 vor kurzem des Dienstes enthoben. [&hellip;]\" \/>\n<meta property=\"og:url\" content=\"https:\/\/now-news.de\/de\/deutschland\/nicht-auf-linie-gewesen-virologe-kekule-fliegt-endgueltig-von-der-universitaet-halle-wittenberg\/\" \/>\n<meta property=\"og:site_name\" content=\"just-now.NEWS Deutschland\" \/>\n<meta property=\"article:publisher\" content=\"https:\/\/www.facebook.com\/wirmachenauf\" \/>\n<meta property=\"article:published_time\" content=\"2023-09-06T19:01:05+00:00\" \/>\n<meta property=\"og:image\" content=\"https:\/\/now-news.de\/de\/wp-content\/uploads\/sites\/3\/2023\/09\/Nicht-auf-Linie-gewesen-Virologe-Kekule-fliegt-endgueltig-von-der.jpg\" \/>\n\t<meta property=\"og:image:width\" content=\"460\" \/>\n\t<meta property=\"og:image:height\" content=\"259\" \/>\n\t<meta property=\"og:image:type\" content=\"image\/jpeg\" \/>\n<meta name=\"author\" content=\"rtnews\" \/>\n<meta name=\"twitter:card\" content=\"summary_large_image\" \/>\n<meta name=\"twitter:creator\" content=\"@WirMachenAuf_de\" \/>\n<meta name=\"twitter:site\" content=\"@WirMachenAuf_de\" \/>\n<meta name=\"twitter:label1\" content=\"Verfasst von\" \/>\n\t<meta name=\"twitter:data1\" content=\"rtnews\" \/>\n\t<meta name=\"twitter:label2\" content=\"Gesch\u00e4tzte Lesezeit\" \/>\n\t<meta name=\"twitter:data2\" content=\"1\u00a0Minute\" \/>\n<script type=\"application\/ld+json\" class=\"yoast-schema-graph\">{\"@context\":\"https:\/\/schema.org\",\"@graph\":[{\"@type\":\"Article\",\"@id\":\"https:\/\/now-news.de\/de\/deutschland\/nicht-auf-linie-gewesen-virologe-kekule-fliegt-endgueltig-von-der-universitaet-halle-wittenberg\/#article\",\"isPartOf\":{\"@id\":\"https:\/\/now-news.de\/de\/deutschland\/nicht-auf-linie-gewesen-virologe-kekule-fliegt-endgueltig-von-der-universitaet-halle-wittenberg\/\"},\"author\":{\"name\":\"rtnews\",\"@id\":\"https:\/\/now-news.de\/de\/#\/schema\/person\/fb534a4e865501d8b3285208df34a9b5\"},\"headline\":\"Nicht auf Linie gewesen? Virologe Kekul\u00e9 fliegt endg\u00fcltig von der Universit\u00e4t Halle-Wittenberg\",\"datePublished\":\"2023-09-06T19:01:05+00:00\",\"dateModified\":\"2023-09-06T19:01:05+00:00\",\"mainEntityOfPage\":{\"@id\":\"https:\/\/now-news.de\/de\/deutschland\/nicht-auf-linie-gewesen-virologe-kekule-fliegt-endgueltig-von-der-universitaet-halle-wittenberg\/\"},\"wordCount\":313,\"commentCount\":0,\"publisher\":{\"@id\":\"https:\/\/now-news.de\/de\/#organization\"},\"image\":{\"@id\":\"https:\/\/now-news.de\/de\/deutschland\/nicht-auf-linie-gewesen-virologe-kekule-fliegt-endgueltig-von-der-universitaet-halle-wittenberg\/#primaryimage\"},\"thumbnailUrl\":\"https:\/\/now-news.de\/de\/wp-content\/uploads\/sites\/3\/2023\/09\/Nicht-auf-Linie-gewesen-Virologe-Kekule-fliegt-endgueltig-von-der.jpg\",\"keywords\":[\"AUF\",\"der\",\"endg\u00fcltig\",\"fliegt\",\"gewesen\",\"HalleWittenberg\",\"Kekul\u00e9\",\"Linie\",\"nicht\",\"Universit\u00e4t\",\"Virologe\",\"von\"],\"articleSection\":[\"Deutschland\",\"Russland\"],\"inLanguage\":\"de\",\"potentialAction\":[{\"@type\":\"CommentAction\",\"name\":\"Comment\",\"target\":[\"https:\/\/now-news.de\/de\/deutschland\/nicht-auf-linie-gewesen-virologe-kekule-fliegt-endgueltig-von-der-universitaet-halle-wittenberg\/#respond\"]}]},{\"@type\":\"WebPage\",\"@id\":\"https:\/\/now-news.de\/de\/deutschland\/nicht-auf-linie-gewesen-virologe-kekule-fliegt-endgueltig-von-der-universitaet-halle-wittenberg\/\",\"url\":\"https:\/\/now-news.de\/de\/deutschland\/nicht-auf-linie-gewesen-virologe-kekule-fliegt-endgueltig-von-der-universitaet-halle-wittenberg\/\",\"name\":\"Nicht auf Linie gewesen? Virologe Kekul\u00e9 fliegt endg\u00fcltig von der Universit\u00e4t Halle-Wittenberg - just-now.NEWS Deutschland\",\"isPartOf\":{\"@id\":\"https:\/\/now-news.de\/de\/#website\"},\"primaryImageOfPage\":{\"@id\":\"https:\/\/now-news.de\/de\/deutschland\/nicht-auf-linie-gewesen-virologe-kekule-fliegt-endgueltig-von-der-universitaet-halle-wittenberg\/#primaryimage\"},\"image\":{\"@id\":\"https:\/\/now-news.de\/de\/deutschland\/nicht-auf-linie-gewesen-virologe-kekule-fliegt-endgueltig-von-der-universitaet-halle-wittenberg\/#primaryimage\"},\"thumbnailUrl\":\"https:\/\/now-news.de\/de\/wp-content\/uploads\/sites\/3\/2023\/09\/Nicht-auf-Linie-gewesen-Virologe-Kekule-fliegt-endgueltig-von-der.jpg\",\"datePublished\":\"2023-09-06T19:01:05+00:00\",\"dateModified\":\"2023-09-06T19:01:05+00:00\",\"breadcrumb\":{\"@id\":\"https:\/\/now-news.de\/de\/deutschland\/nicht-auf-linie-gewesen-virologe-kekule-fliegt-endgueltig-von-der-universitaet-halle-wittenberg\/#breadcrumb\"},\"inLanguage\":\"de\",\"potentialAction\":[{\"@type\":\"ReadAction\",\"target\":[\"https:\/\/now-news.de\/de\/deutschland\/nicht-auf-linie-gewesen-virologe-kekule-fliegt-endgueltig-von-der-universitaet-halle-wittenberg\/\"]}]},{\"@type\":\"ImageObject\",\"inLanguage\":\"de\",\"@id\":\"https:\/\/now-news.de\/de\/deutschland\/nicht-auf-linie-gewesen-virologe-kekule-fliegt-endgueltig-von-der-universitaet-halle-wittenberg\/#primaryimage\",\"url\":\"https:\/\/now-news.de\/de\/wp-content\/uploads\/sites\/3\/2023\/09\/Nicht-auf-Linie-gewesen-Virologe-Kekule-fliegt-endgueltig-von-der.jpg\",\"contentUrl\":\"https:\/\/now-news.de\/de\/wp-content\/uploads\/sites\/3\/2023\/09\/Nicht-auf-Linie-gewesen-Virologe-Kekule-fliegt-endgueltig-von-der.jpg\",\"width\":460,\"height\":259,\"caption\":\"Nicht auf Linie gewesen? Virologe Kekul\u00e9 fliegt endg\u00fcltig von der Universit\u00e4t Halle-Wittenberg\"},{\"@type\":\"BreadcrumbList\",\"@id\":\"https:\/\/now-news.de\/de\/deutschland\/nicht-auf-linie-gewesen-virologe-kekule-fliegt-endgueltig-von-der-universitaet-halle-wittenberg\/#breadcrumb\",\"itemListElement\":[{\"@type\":\"ListItem\",\"position\":1,\"name\":\"Home\",\"item\":\"https:\/\/now-news.de\/de\/\"},{\"@type\":\"ListItem\",\"position\":2,\"name\":\"Nicht auf Linie gewesen? Virologe Kekul\u00e9 fliegt endg\u00fcltig von der Universit\u00e4t Halle-Wittenberg\"}]},{\"@type\":\"WebSite\",\"@id\":\"https:\/\/now-news.de\/de\/#website\",\"url\":\"https:\/\/now-news.de\/de\/\",\"name\":\"just-now.NEWS Deutschland\",\"description\":\"Das Portal f\u00fcr unzensierte Nachrichten aus der Welt\",\"publisher\":{\"@id\":\"https:\/\/now-news.de\/de\/#organization\"},\"potentialAction\":[{\"@type\":\"SearchAction\",\"target\":{\"@type\":\"EntryPoint\",\"urlTemplate\":\"https:\/\/now-news.de\/de\/?s={search_term_string}\"},\"query-input\":\"required name=search_term_string\"}],\"inLanguage\":\"de\"},{\"@type\":\"Organization\",\"@id\":\"https:\/\/now-news.de\/de\/#organization\",\"name\":\"Just Now News\",\"url\":\"https:\/\/now-news.de\/de\/\",\"logo\":{\"@type\":\"ImageObject\",\"inLanguage\":\"de\",\"@id\":\"https:\/\/now-news.de\/de\/#\/schema\/logo\/image\/\",\"url\":\"http:\/\/just-now.news\/de\/wp-content\/uploads\/sites\/3\/2022\/04\/logo500x500.jpg\",\"contentUrl\":\"http:\/\/just-now.news\/de\/wp-content\/uploads\/sites\/3\/2022\/04\/logo500x500.jpg\",\"width\":500,\"height\":500,\"caption\":\"Just Now News\"},\"image\":{\"@id\":\"https:\/\/now-news.de\/de\/#\/schema\/logo\/image\/\"},\"sameAs\":[\"https:\/\/www.facebook.com\/wirmachenauf\",\"https:\/\/x.com\/WirMachenAuf_de\"]},{\"@type\":\"Person\",\"@id\":\"https:\/\/now-news.de\/de\/#\/schema\/person\/fb534a4e865501d8b3285208df34a9b5\",\"name\":\"rtnews\",\"image\":{\"@type\":\"ImageObject\",\"inLanguage\":\"de\",\"@id\":\"https:\/\/now-news.de\/de\/#\/schema\/person\/image\/\",\"url\":\"https:\/\/secure.gravatar.com\/avatar\/82aafea7d8127119dd649515f56e2117?s=96&d=mm&r=g\",\"contentUrl\":\"https:\/\/secure.gravatar.com\/avatar\/82aafea7d8127119dd649515f56e2117?s=96&d=mm&r=g\",\"caption\":\"rtnews\"},\"url\":\"https:\/\/now-news.de\/de\/author\/rnews\/\"}]}<\/script>\n<!-- \/ Yoast SEO Premium plugin. -->","yoast_head_json":{"title":"Nicht auf Linie gewesen? Virologe Kekul\u00e9 fliegt endg\u00fcltig von der Universit\u00e4t Halle-Wittenberg - just-now.NEWS Deutschland","robots":{"index":"index","follow":"follow","max-snippet":"max-snippet:-1","max-image-preview":"max-image-preview:large","max-video-preview":"max-video-preview:-1"},"canonical":"https:\/\/now-news.de\/de\/deutschland\/nicht-auf-linie-gewesen-virologe-kekule-fliegt-endgueltig-von-der-universitaet-halle-wittenberg\/","og_locale":"de_DE","og_type":"article","og_title":"Nicht auf Linie gewesen? Virologe Kekul\u00e9 fliegt endg\u00fcltig von der Universit\u00e4t Halle-Wittenberg","og_description":"Der Virologe Alexander Kekul\u00e9 darf an der Universit\u00e4t Halle-Wittenberg weder forschen noch lehren. Das Verwaltungsgericht Magdeburg best\u00e4tigte nun die Entscheidung der Uni Halle. Kekul\u00e9 hatte sich in der &#8220;Corona-Krise&#8221; zum Teil kritisch gegen\u00fcber den &#8220;Impfungen&#8221; \u2013 besonders f\u00fcr Kinder \u2013 ge\u00e4u\u00dfert. Die Martin-Luther-Universit\u00e4t Halle-Wittenberg (MLU) hatte den Virologen Alexander Kekul\u00e9 vor kurzem des Dienstes enthoben. [&hellip;]","og_url":"https:\/\/now-news.de\/de\/deutschland\/nicht-auf-linie-gewesen-virologe-kekule-fliegt-endgueltig-von-der-universitaet-halle-wittenberg\/","og_site_name":"just-now.NEWS Deutschland","article_publisher":"https:\/\/www.facebook.com\/wirmachenauf","article_published_time":"2023-09-06T19:01:05+00:00","og_image":[{"width":460,"height":259,"url":"https:\/\/now-news.de\/de\/wp-content\/uploads\/sites\/3\/2023\/09\/Nicht-auf-Linie-gewesen-Virologe-Kekule-fliegt-endgueltig-von-der.jpg","type":"image\/jpeg"}],"author":"rtnews","twitter_card":"summary_large_image","twitter_creator":"@WirMachenAuf_de","twitter_site":"@WirMachenAuf_de","twitter_misc":{"Verfasst von":"rtnews","Gesch\u00e4tzte Lesezeit":"1\u00a0Minute"},"schema":{"@context":"https:\/\/schema.org","@graph":[{"@type":"Article","@id":"https:\/\/now-news.de\/de\/deutschland\/nicht-auf-linie-gewesen-virologe-kekule-fliegt-endgueltig-von-der-universitaet-halle-wittenberg\/#article","isPartOf":{"@id":"https:\/\/now-news.de\/de\/deutschland\/nicht-auf-linie-gewesen-virologe-kekule-fliegt-endgueltig-von-der-universitaet-halle-wittenberg\/"},"author":{"name":"rtnews","@id":"https:\/\/now-news.de\/de\/#\/schema\/person\/fb534a4e865501d8b3285208df34a9b5"},"headline":"Nicht auf Linie gewesen? Virologe Kekul\u00e9 fliegt endg\u00fcltig von der Universit\u00e4t Halle-Wittenberg","datePublished":"2023-09-06T19:01:05+00:00","dateModified":"2023-09-06T19:01:05+00:00","mainEntityOfPage":{"@id":"https:\/\/now-news.de\/de\/deutschland\/nicht-auf-linie-gewesen-virologe-kekule-fliegt-endgueltig-von-der-universitaet-halle-wittenberg\/"},"wordCount":313,"commentCount":0,"publisher":{"@id":"https:\/\/now-news.de\/de\/#organization"},"image":{"@id":"https:\/\/now-news.de\/de\/deutschland\/nicht-auf-linie-gewesen-virologe-kekule-fliegt-endgueltig-von-der-universitaet-halle-wittenberg\/#primaryimage"},"thumbnailUrl":"https:\/\/now-news.de\/de\/wp-content\/uploads\/sites\/3\/2023\/09\/Nicht-auf-Linie-gewesen-Virologe-Kekule-fliegt-endgueltig-von-der.jpg","keywords":["AUF","der","endg\u00fcltig","fliegt","gewesen","HalleWittenberg","Kekul\u00e9","Linie","nicht","Universit\u00e4t","Virologe","von"],"articleSection":["Deutschland","Russland"],"inLanguage":"de","potentialAction":[{"@type":"CommentAction","name":"Comment","target":["https:\/\/now-news.de\/de\/deutschland\/nicht-auf-linie-gewesen-virologe-kekule-fliegt-endgueltig-von-der-universitaet-halle-wittenberg\/#respond"]}]},{"@type":"WebPage","@id":"https:\/\/now-news.de\/de\/deutschland\/nicht-auf-linie-gewesen-virologe-kekule-fliegt-endgueltig-von-der-universitaet-halle-wittenberg\/","url":"https:\/\/now-news.de\/de\/deutschland\/nicht-auf-linie-gewesen-virologe-kekule-fliegt-endgueltig-von-der-universitaet-halle-wittenberg\/","name":"Nicht auf Linie gewesen? Virologe Kekul\u00e9 fliegt endg\u00fcltig von der Universit\u00e4t Halle-Wittenberg - just-now.NEWS Deutschland","isPartOf":{"@id":"https:\/\/now-news.de\/de\/#website"},"primaryImageOfPage":{"@id":"https:\/\/now-news.de\/de\/deutschland\/nicht-auf-linie-gewesen-virologe-kekule-fliegt-endgueltig-von-der-universitaet-halle-wittenberg\/#primaryimage"},"image":{"@id":"https:\/\/now-news.de\/de\/deutschland\/nicht-auf-linie-gewesen-virologe-kekule-fliegt-endgueltig-von-der-universitaet-halle-wittenberg\/#primaryimage"},"thumbnailUrl":"https:\/\/now-news.de\/de\/wp-content\/uploads\/sites\/3\/2023\/09\/Nicht-auf-Linie-gewesen-Virologe-Kekule-fliegt-endgueltig-von-der.jpg","datePublished":"2023-09-06T19:01:05+00:00","dateModified":"2023-09-06T19:01:05+00:00","breadcrumb":{"@id":"https:\/\/now-news.de\/de\/deutschland\/nicht-auf-linie-gewesen-virologe-kekule-fliegt-endgueltig-von-der-universitaet-halle-wittenberg\/#breadcrumb"},"inLanguage":"de","potentialAction":[{"@type":"ReadAction","target":["https:\/\/now-news.de\/de\/deutschland\/nicht-auf-linie-gewesen-virologe-kekule-fliegt-endgueltig-von-der-universitaet-halle-wittenberg\/"]}]},{"@type":"ImageObject","inLanguage":"de","@id":"https:\/\/now-news.de\/de\/deutschland\/nicht-auf-linie-gewesen-virologe-kekule-fliegt-endgueltig-von-der-universitaet-halle-wittenberg\/#primaryimage","url":"https:\/\/now-news.de\/de\/wp-content\/uploads\/sites\/3\/2023\/09\/Nicht-auf-Linie-gewesen-Virologe-Kekule-fliegt-endgueltig-von-der.jpg","contentUrl":"https:\/\/now-news.de\/de\/wp-content\/uploads\/sites\/3\/2023\/09\/Nicht-auf-Linie-gewesen-Virologe-Kekule-fliegt-endgueltig-von-der.jpg","width":460,"height":259,"caption":"Nicht auf Linie gewesen? Virologe Kekul\u00e9 fliegt endg\u00fcltig von der Universit\u00e4t Halle-Wittenberg"},{"@type":"BreadcrumbList","@id":"https:\/\/now-news.de\/de\/deutschland\/nicht-auf-linie-gewesen-virologe-kekule-fliegt-endgueltig-von-der-universitaet-halle-wittenberg\/#breadcrumb","itemListElement":[{"@type":"ListItem","position":1,"name":"Home","item":"https:\/\/now-news.de\/de\/"},{"@type":"ListItem","position":2,"name":"Nicht auf Linie gewesen? Virologe Kekul\u00e9 fliegt endg\u00fcltig von der Universit\u00e4t Halle-Wittenberg"}]},{"@type":"WebSite","@id":"https:\/\/now-news.de\/de\/#website","url":"https:\/\/now-news.de\/de\/","name":"just-now.NEWS Deutschland","description":"Das Portal f\u00fcr unzensierte Nachrichten aus der Welt","publisher":{"@id":"https:\/\/now-news.de\/de\/#organization"},"potentialAction":[{"@type":"SearchAction","target":{"@type":"EntryPoint","urlTemplate":"https:\/\/now-news.de\/de\/?s={search_term_string}"},"query-input":"required name=search_term_string"}],"inLanguage":"de"},{"@type":"Organization","@id":"https:\/\/now-news.de\/de\/#organization","name":"Just Now News","url":"https:\/\/now-news.de\/de\/","logo":{"@type":"ImageObject","inLanguage":"de","@id":"https:\/\/now-news.de\/de\/#\/schema\/logo\/image\/","url":"http:\/\/just-now.news\/de\/wp-content\/uploads\/sites\/3\/2022\/04\/logo500x500.jpg","contentUrl":"http:\/\/just-now.news\/de\/wp-content\/uploads\/sites\/3\/2022\/04\/logo500x500.jpg","width":500,"height":500,"caption":"Just Now News"},"image":{"@id":"https:\/\/now-news.de\/de\/#\/schema\/logo\/image\/"},"sameAs":["https:\/\/www.facebook.com\/wirmachenauf","https:\/\/x.com\/WirMachenAuf_de"]},{"@type":"Person","@id":"https:\/\/now-news.de\/de\/#\/schema\/person\/fb534a4e865501d8b3285208df34a9b5","name":"rtnews","image":{"@type":"ImageObject","inLanguage":"de","@id":"https:\/\/now-news.de\/de\/#\/schema\/person\/image\/","url":"https:\/\/secure.gravatar.com\/avatar\/82aafea7d8127119dd649515f56e2117?s=96&d=mm&r=g","contentUrl":"https:\/\/secure.gravatar.com\/avatar\/82aafea7d8127119dd649515f56e2117?s=96&d=mm&r=g","caption":"rtnews"},"url":"https:\/\/now-news.de\/de\/author\/rnews\/"}]}},"_links":{"self":[{"href":"https:\/\/now-news.de\/de\/wp-json\/wp\/v2\/posts\/45828"}],"collection":[{"href":"https:\/\/now-news.de\/de\/wp-json\/wp\/v2\/posts"}],"about":[{"href":"https:\/\/now-news.de\/de\/wp-json\/wp\/v2\/types\/post"}],"author":[{"embeddable":true,"href":"https:\/\/now-news.de\/de\/wp-json\/wp\/v2\/users\/3"}],"replies":[{"embeddable":true,"href":"https:\/\/now-news.de\/de\/wp-json\/wp\/v2\/comments?post=45828"}],"version-history":[{"count":0,"href":"https:\/\/now-news.de\/de\/wp-json\/wp\/v2\/posts\/45828\/revisions"}],"wp:featuredmedia":[{"embeddable":true,"href":"https:\/\/now-news.de\/de\/wp-json\/wp\/v2\/media\/45829"}],"wp:attachment":[{"href":"https:\/\/now-news.de\/de\/wp-json\/wp\/v2\/media?parent=45828"}],"wp:term":[{"taxonomy":"category","embeddable":true,"href":"https:\/\/now-news.de\/de\/wp-json\/wp\/v2\/categories?post=45828"},{"taxonomy":"post_tag","embeddable":true,"href":"https:\/\/now-news.de\/de\/wp-json\/wp\/v2\/tags?post=45828"}],"curies":[{"name":"wp","href":"https:\/\/api.w.org\/{rel}","templated":true}]}}