{"id":45822,"date":"2023-09-06T19:47:31","date_gmt":"2023-09-06T17:47:31","guid":{"rendered":"https:\/\/just-now.news\/de\/deutschland\/ukrainischer-sicherheitschef-dritter-weltkrieg-hat-bereits-begonnen\/"},"modified":"2023-09-06T19:47:31","modified_gmt":"2023-09-06T17:47:31","slug":"ukrainischer-sicherheitschef-dritter-weltkrieg-hat-bereits-begonnen","status":"publish","type":"post","link":"https:\/\/now-news.de\/de\/deutschland\/ukrainischer-sicherheitschef-dritter-weltkrieg-hat-bereits-begonnen\/","title":{"rendered":"Ukrainischer Sicherheitschef: &quot;Dritter Weltkrieg hat bereits begonnen&quot;"},"content":{"rendered":"<p><img decoding=\"async\" src=\"http:\/\/just-now.news\/de\/wp-content\/uploads\/sites\/3\/2023\/09\/64f87438b480cc2058602b7b.jpeg\" \/><\/p>\n<div class=\"Text-root Text-type_1 \">\n                Der Leiter des Nationalen Sicherheits- und Verteidigungsrates der Ukraine, Alexei Danilow, l\u00e4sst mit brachialen \u00c4u\u00dferungen aufhorchen. Es sei ein Fehler zu glauben, dass der Konflikt zwischen Kiew und Moskau nur ein bilateraler Kampf sei, so Danilow.\n            <\/div>\n<p><\/p>\n<div class=\"Text-root Text-type_5 ArticleView-text ViewText-root \">\n<p>Nach Ansicht des Leiters des Nationalen Sicherheits- und Verteidigungsrates der Ukraine, Alexei Danilow, sei der &#8220;Dritte Weltkrieg&#8221; bereits im Gange, da der Konflikt zwischen Moskau und Kiew L\u00e4nder weit \u00fcber die Region hinaus in Mitleidenschaft ziehe.<\/p>\n<p>In einer Rede beim Kiewer Sicherheitsforum am Dienstag sagte Danilow, dass die NATO die Ukraine als Mitglied brauche, da die globalen Turbulenzen anhalten w\u00fcrden. &#8220;Wir werden das B\u00fcndnis st\u00e4rken&#8221;, betonte Danilow. Dann sagte er:<\/p>\n<blockquote>\n<p><em>&#8220;Wenn jemand glaubt, dass der Dritte Weltkrieg noch nicht begonnen hat, dann ist das ein gro\u00dfer Irrtum. Er hat bereits begonnen. Er war schon seit einiger Zeit in einer hybriden Phase im Gange und ist jetzt in eine aktive Phase eingetreten.&#8221;<\/em><\/p>\n<\/blockquote>\n<p>Neben dem ehemaligen CIA-Direktor General David Petraeus auf der B\u00fchne sitzend, f\u00fcgte Danilow hinzu:<\/p>\n<blockquote>\n<p><em>&#8220;Wenn jemand glaubt, dass es [bei dem Konflikt in der Ukraine] um die Abrechnung zwischen Kiew und Moskau geht, dann ist das ein Irrtum. Die Dinge sind viel komplizierter.&#8221;<\/em><\/p>\n<\/blockquote>\n<p>Petraeus wies ebenfalls auf das Ausma\u00df des Russland-Ukraine-Konflikts hin und erkl\u00e4rte:<\/p>\n<blockquote>\n<p><em>&#8220;So etwas habe ich seit dem Zweiten Weltkrieg nicht mehr gesehen [&#8230;] Die Russen sind nicht besonders beeindruckend, was ihr Wissen oder ihre Leistung auf dem Schlachtfeld angeht, aber sie haben ein hervorragendes Verteidigungssystem geschaffen, das nur schwer zu durchbrechen ist.&#8221;<\/em><\/p>\n<\/blockquote>\n<p>Am Dienstag teilte das russische Verteidigungsministerium mit, dass die Ukraine in den drei Monaten ihrer Gegenoffensive rund 66.000 Soldaten und 7.600 schwere Waffen verloren hat, w\u00e4hrend sie keine nennenswerten Erfolge erzielen konnte.<\/p>\n<p>Kiew hat bisher mehrere kleine D\u00f6rfer erobert, die jedoch in einiger Entfernung von den russischen Hauptverteidigungslinien liegen. In einer Rede zur ukrainischen Gegenoffensive Anfang dieser Woche betonte der russische Pr\u00e4sident Wladimir Putin, dass diese &#8220;nicht zum Stillstand gekommen, sondern gescheitert ist.&#8221;<\/p>\n<p>Moskau erkl\u00e4rt seit Monaten, dass die K\u00e4mpfe in der Ukraine ein &#8220;Stellvertreterkrieg&#8221; sind, der von den USA und ihren NATO-Verb\u00fcndeten gegen Russland gef\u00fchrt wird. Zudem warnt die russische Regierung, dass die Lieferung von Waffen und die Ausbildung von Kiews Truppen sowie der Austausch von Geheimdienstinformationen bedeuten, dass die westlichen Staaten de facto bereits Kriegsparteien sind.<\/p>\n<p>Russland, das die NATO als feindlichen Block betrachtet und die NATO-Osterweiterung energisch ablehnt, hat auch Kiews Bestreben, dem von den USA gef\u00fchrten Milit\u00e4rb\u00fcndnis beizutreten, als einen der Hauptgr\u00fcnde f\u00fcr die Einleitung der milit\u00e4rischen Sonderoperation in der Ukraine im Februar 2022 genannt.<\/p>\n<p><strong>Mehr zum Thema<\/strong> \u2013 <a rel=\"nofollow noopener\" target=\"_blank\" href=\"https:\/\/freeassange.rtde.life\/meinung\/179865-nikolai-und-blutzoll-deutschland-fordert\/\">Nikolai und der Blutzoll, den Deutschland fordert<\/a><\/p>\n<div class=\"EmbedBlock-root EmbedBlock-externalVideo EmbedBlock-odysee\">\n<div class=\"VkEmbed\"><iframe class=\"lazyload\" data-src=\"https:\/\/odysee.com\/%24\/embed\/%40RTDE%3Ae%2FPutin-Widerlich-dass-ein-ethnischer-Jude-die-Verherrlichung-des-Nazismus-deckt%3Ae\" frameborder=\"0\" width=\"853\" height=\"480\" allowfullscreen><\/iframe><\/div>\n<\/div>\n<\/div>\n<p><br \/>\n<br \/><a href=\"https:\/\/de.rt.com\/international\/179946-ukrainischer-sicherheitschef-dritter-weltkrieg-hat\/\">Source link <\/a><\/p>\n","protected":false},"excerpt":{"rendered":"<p>Der Leiter des Nationalen Sicherheits- und Verteidigungsrates der Ukraine, Alexei Danilow, l\u00e4sst mit brachialen \u00c4u\u00dferungen aufhorchen. Es sei ein Fehler zu glauben, dass der Konflikt zwischen Kiew und Moskau nur ein bilateraler Kampf sei, so Danilow. Nach Ansicht des Leiters des Nationalen Sicherheits- und Verteidigungsrates der Ukraine, Alexei Danilow, sei der &#8220;Dritte Weltkrieg&#8221; bereits im [&hellip;]<\/p>\n","protected":false},"author":3,"featured_media":45823,"comment_status":"open","ping_status":"open","sticky":false,"template":"","format":"standard","meta":{"_yoast_indexnow_last_ping":["1694022883"],"wp_automatic_camp":["217"],"1b4a5878baa73013ee7655317f99b974":["Ukrainischer Sicherheitschef: &quot;Dritter Weltkrieg hat bereits begonnen&quot;"],"original_link":["https:\/\/de.rt.com\/international\/179946-ukrainischer-sicherheitschef-dritter-weltkrieg-hat\/"],"_thumbnail_id":["45823"],"_wptgpro_p2tg_sent2tg":["a:1:{i:23737;s:19:\"2023-09-06 19:57:05\";}"],"jnews_social_counter_last_update":["1776874845"]},"categories":[19,23],"tags":[37719,10014,423,48551,38746,488,3226],"yoast_head":"<!-- This site is optimized with the Yoast SEO Premium plugin v22.7 (Yoast SEO v22.7) - https:\/\/yoast.com\/wordpress\/plugins\/seo\/ -->\n<title>Ukrainischer Sicherheitschef: &quot;Dritter Weltkrieg hat bereits begonnen&quot; - just-now.NEWS Deutschland<\/title>\n<meta name=\"robots\" content=\"index, follow, max-snippet:-1, max-image-preview:large, max-video-preview:-1\" \/>\n<link rel=\"canonical\" href=\"https:\/\/now-news.de\/de\/deutschland\/ukrainischer-sicherheitschef-dritter-weltkrieg-hat-bereits-begonnen\/\" \/>\n<meta property=\"og:locale\" content=\"de_DE\" \/>\n<meta property=\"og:type\" content=\"article\" \/>\n<meta property=\"og:title\" content=\"Ukrainischer Sicherheitschef: &quot;Dritter Weltkrieg hat bereits begonnen&quot;\" \/>\n<meta property=\"og:description\" content=\"Der Leiter des Nationalen Sicherheits- und Verteidigungsrates der Ukraine, Alexei Danilow, l\u00e4sst mit brachialen \u00c4u\u00dferungen aufhorchen. Es sei ein Fehler zu glauben, dass der Konflikt zwischen Kiew und Moskau nur ein bilateraler Kampf sei, so Danilow. Nach Ansicht des Leiters des Nationalen Sicherheits- und Verteidigungsrates der Ukraine, Alexei Danilow, sei der &#8220;Dritte Weltkrieg&#8221; bereits im [&hellip;]\" \/>\n<meta property=\"og:url\" content=\"https:\/\/now-news.de\/de\/deutschland\/ukrainischer-sicherheitschef-dritter-weltkrieg-hat-bereits-begonnen\/\" \/>\n<meta property=\"og:site_name\" content=\"just-now.NEWS Deutschland\" \/>\n<meta property=\"article:publisher\" content=\"https:\/\/www.facebook.com\/wirmachenauf\" \/>\n<meta property=\"article:published_time\" content=\"2023-09-06T17:47:31+00:00\" \/>\n<meta property=\"og:image\" content=\"https:\/\/now-news.de\/de\/wp-content\/uploads\/sites\/3\/2023\/09\/Ukrainischer-Sicherheitschef-quotDritter-Weltkrieg-hat-bereits-begonnenquot.jpeg\" \/>\n\t<meta property=\"og:image:width\" content=\"460\" \/>\n\t<meta property=\"og:image:height\" content=\"259\" \/>\n\t<meta property=\"og:image:type\" content=\"image\/jpeg\" \/>\n<meta name=\"author\" content=\"rtnews\" \/>\n<meta name=\"twitter:card\" content=\"summary_large_image\" \/>\n<meta name=\"twitter:creator\" content=\"@WirMachenAuf_de\" \/>\n<meta name=\"twitter:site\" content=\"@WirMachenAuf_de\" \/>\n<meta name=\"twitter:label1\" content=\"Verfasst von\" \/>\n\t<meta name=\"twitter:data1\" content=\"rtnews\" \/>\n\t<meta name=\"twitter:label2\" content=\"Gesch\u00e4tzte Lesezeit\" \/>\n\t<meta name=\"twitter:data2\" content=\"2\u00a0Minuten\" \/>\n<script type=\"application\/ld+json\" class=\"yoast-schema-graph\">{\"@context\":\"https:\/\/schema.org\",\"@graph\":[{\"@type\":\"Article\",\"@id\":\"https:\/\/now-news.de\/de\/deutschland\/ukrainischer-sicherheitschef-dritter-weltkrieg-hat-bereits-begonnen\/#article\",\"isPartOf\":{\"@id\":\"https:\/\/now-news.de\/de\/deutschland\/ukrainischer-sicherheitschef-dritter-weltkrieg-hat-bereits-begonnen\/\"},\"author\":{\"name\":\"rtnews\",\"@id\":\"https:\/\/now-news.de\/de\/#\/schema\/person\/fb534a4e865501d8b3285208df34a9b5\"},\"headline\":\"Ukrainischer Sicherheitschef: &quot;Dritter Weltkrieg hat bereits begonnen&quot;\",\"datePublished\":\"2023-09-06T17:47:31+00:00\",\"dateModified\":\"2023-09-06T17:47:31+00:00\",\"mainEntityOfPage\":{\"@id\":\"https:\/\/now-news.de\/de\/deutschland\/ukrainischer-sicherheitschef-dritter-weltkrieg-hat-bereits-begonnen\/\"},\"wordCount\":452,\"commentCount\":0,\"publisher\":{\"@id\":\"https:\/\/now-news.de\/de\/#organization\"},\"image\":{\"@id\":\"https:\/\/now-news.de\/de\/deutschland\/ukrainischer-sicherheitschef-dritter-weltkrieg-hat-bereits-begonnen\/#primaryimage\"},\"thumbnailUrl\":\"https:\/\/now-news.de\/de\/wp-content\/uploads\/sites\/3\/2023\/09\/Ukrainischer-Sicherheitschef-quotDritter-Weltkrieg-hat-bereits-begonnenquot.jpeg\",\"keywords\":[\"begonnenquot\",\"bereits\",\"hat\",\"quotDritter\",\"Sicherheitschef\",\"Ukrainischer\",\"Weltkrieg\"],\"articleSection\":[\"Deutschland\",\"Russland\"],\"inLanguage\":\"de\",\"potentialAction\":[{\"@type\":\"CommentAction\",\"name\":\"Comment\",\"target\":[\"https:\/\/now-news.de\/de\/deutschland\/ukrainischer-sicherheitschef-dritter-weltkrieg-hat-bereits-begonnen\/#respond\"]}]},{\"@type\":\"WebPage\",\"@id\":\"https:\/\/now-news.de\/de\/deutschland\/ukrainischer-sicherheitschef-dritter-weltkrieg-hat-bereits-begonnen\/\",\"url\":\"https:\/\/now-news.de\/de\/deutschland\/ukrainischer-sicherheitschef-dritter-weltkrieg-hat-bereits-begonnen\/\",\"name\":\"Ukrainischer Sicherheitschef: &quot;Dritter Weltkrieg hat bereits begonnen&quot; - just-now.NEWS Deutschland\",\"isPartOf\":{\"@id\":\"https:\/\/now-news.de\/de\/#website\"},\"primaryImageOfPage\":{\"@id\":\"https:\/\/now-news.de\/de\/deutschland\/ukrainischer-sicherheitschef-dritter-weltkrieg-hat-bereits-begonnen\/#primaryimage\"},\"image\":{\"@id\":\"https:\/\/now-news.de\/de\/deutschland\/ukrainischer-sicherheitschef-dritter-weltkrieg-hat-bereits-begonnen\/#primaryimage\"},\"thumbnailUrl\":\"https:\/\/now-news.de\/de\/wp-content\/uploads\/sites\/3\/2023\/09\/Ukrainischer-Sicherheitschef-quotDritter-Weltkrieg-hat-bereits-begonnenquot.jpeg\",\"datePublished\":\"2023-09-06T17:47:31+00:00\",\"dateModified\":\"2023-09-06T17:47:31+00:00\",\"breadcrumb\":{\"@id\":\"https:\/\/now-news.de\/de\/deutschland\/ukrainischer-sicherheitschef-dritter-weltkrieg-hat-bereits-begonnen\/#breadcrumb\"},\"inLanguage\":\"de\",\"potentialAction\":[{\"@type\":\"ReadAction\",\"target\":[\"https:\/\/now-news.de\/de\/deutschland\/ukrainischer-sicherheitschef-dritter-weltkrieg-hat-bereits-begonnen\/\"]}]},{\"@type\":\"ImageObject\",\"inLanguage\":\"de\",\"@id\":\"https:\/\/now-news.de\/de\/deutschland\/ukrainischer-sicherheitschef-dritter-weltkrieg-hat-bereits-begonnen\/#primaryimage\",\"url\":\"https:\/\/now-news.de\/de\/wp-content\/uploads\/sites\/3\/2023\/09\/Ukrainischer-Sicherheitschef-quotDritter-Weltkrieg-hat-bereits-begonnenquot.jpeg\",\"contentUrl\":\"https:\/\/now-news.de\/de\/wp-content\/uploads\/sites\/3\/2023\/09\/Ukrainischer-Sicherheitschef-quotDritter-Weltkrieg-hat-bereits-begonnenquot.jpeg\",\"width\":460,\"height\":259,\"caption\":\"Ukrainischer Sicherheitschef: &quot;Dritter Weltkrieg hat bereits begonnen&quot;\"},{\"@type\":\"BreadcrumbList\",\"@id\":\"https:\/\/now-news.de\/de\/deutschland\/ukrainischer-sicherheitschef-dritter-weltkrieg-hat-bereits-begonnen\/#breadcrumb\",\"itemListElement\":[{\"@type\":\"ListItem\",\"position\":1,\"name\":\"Home\",\"item\":\"https:\/\/now-news.de\/de\/\"},{\"@type\":\"ListItem\",\"position\":2,\"name\":\"Ukrainischer Sicherheitschef: &quot;Dritter Weltkrieg hat bereits begonnen&quot;\"}]},{\"@type\":\"WebSite\",\"@id\":\"https:\/\/now-news.de\/de\/#website\",\"url\":\"https:\/\/now-news.de\/de\/\",\"name\":\"just-now.NEWS Deutschland\",\"description\":\"Das Portal f\u00fcr unzensierte Nachrichten aus der Welt\",\"publisher\":{\"@id\":\"https:\/\/now-news.de\/de\/#organization\"},\"potentialAction\":[{\"@type\":\"SearchAction\",\"target\":{\"@type\":\"EntryPoint\",\"urlTemplate\":\"https:\/\/now-news.de\/de\/?s={search_term_string}\"},\"query-input\":\"required name=search_term_string\"}],\"inLanguage\":\"de\"},{\"@type\":\"Organization\",\"@id\":\"https:\/\/now-news.de\/de\/#organization\",\"name\":\"Just Now News\",\"url\":\"https:\/\/now-news.de\/de\/\",\"logo\":{\"@type\":\"ImageObject\",\"inLanguage\":\"de\",\"@id\":\"https:\/\/now-news.de\/de\/#\/schema\/logo\/image\/\",\"url\":\"http:\/\/just-now.news\/de\/wp-content\/uploads\/sites\/3\/2022\/04\/logo500x500.jpg\",\"contentUrl\":\"http:\/\/just-now.news\/de\/wp-content\/uploads\/sites\/3\/2022\/04\/logo500x500.jpg\",\"width\":500,\"height\":500,\"caption\":\"Just Now News\"},\"image\":{\"@id\":\"https:\/\/now-news.de\/de\/#\/schema\/logo\/image\/\"},\"sameAs\":[\"https:\/\/www.facebook.com\/wirmachenauf\",\"https:\/\/x.com\/WirMachenAuf_de\"]},{\"@type\":\"Person\",\"@id\":\"https:\/\/now-news.de\/de\/#\/schema\/person\/fb534a4e865501d8b3285208df34a9b5\",\"name\":\"rtnews\",\"image\":{\"@type\":\"ImageObject\",\"inLanguage\":\"de\",\"@id\":\"https:\/\/now-news.de\/de\/#\/schema\/person\/image\/\",\"url\":\"https:\/\/secure.gravatar.com\/avatar\/82aafea7d8127119dd649515f56e2117?s=96&d=mm&r=g\",\"contentUrl\":\"https:\/\/secure.gravatar.com\/avatar\/82aafea7d8127119dd649515f56e2117?s=96&d=mm&r=g\",\"caption\":\"rtnews\"},\"url\":\"https:\/\/now-news.de\/de\/author\/rnews\/\"}]}<\/script>\n<!-- \/ Yoast SEO Premium plugin. -->","yoast_head_json":{"title":"Ukrainischer Sicherheitschef: &quot;Dritter Weltkrieg hat bereits begonnen&quot; - just-now.NEWS Deutschland","robots":{"index":"index","follow":"follow","max-snippet":"max-snippet:-1","max-image-preview":"max-image-preview:large","max-video-preview":"max-video-preview:-1"},"canonical":"https:\/\/now-news.de\/de\/deutschland\/ukrainischer-sicherheitschef-dritter-weltkrieg-hat-bereits-begonnen\/","og_locale":"de_DE","og_type":"article","og_title":"Ukrainischer Sicherheitschef: &quot;Dritter Weltkrieg hat bereits begonnen&quot;","og_description":"Der Leiter des Nationalen Sicherheits- und Verteidigungsrates der Ukraine, Alexei Danilow, l\u00e4sst mit brachialen \u00c4u\u00dferungen aufhorchen. Es sei ein Fehler zu glauben, dass der Konflikt zwischen Kiew und Moskau nur ein bilateraler Kampf sei, so Danilow. Nach Ansicht des Leiters des Nationalen Sicherheits- und Verteidigungsrates der Ukraine, Alexei Danilow, sei der &#8220;Dritte Weltkrieg&#8221; bereits im [&hellip;]","og_url":"https:\/\/now-news.de\/de\/deutschland\/ukrainischer-sicherheitschef-dritter-weltkrieg-hat-bereits-begonnen\/","og_site_name":"just-now.NEWS Deutschland","article_publisher":"https:\/\/www.facebook.com\/wirmachenauf","article_published_time":"2023-09-06T17:47:31+00:00","og_image":[{"width":460,"height":259,"url":"https:\/\/now-news.de\/de\/wp-content\/uploads\/sites\/3\/2023\/09\/Ukrainischer-Sicherheitschef-quotDritter-Weltkrieg-hat-bereits-begonnenquot.jpeg","type":"image\/jpeg"}],"author":"rtnews","twitter_card":"summary_large_image","twitter_creator":"@WirMachenAuf_de","twitter_site":"@WirMachenAuf_de","twitter_misc":{"Verfasst von":"rtnews","Gesch\u00e4tzte Lesezeit":"2\u00a0Minuten"},"schema":{"@context":"https:\/\/schema.org","@graph":[{"@type":"Article","@id":"https:\/\/now-news.de\/de\/deutschland\/ukrainischer-sicherheitschef-dritter-weltkrieg-hat-bereits-begonnen\/#article","isPartOf":{"@id":"https:\/\/now-news.de\/de\/deutschland\/ukrainischer-sicherheitschef-dritter-weltkrieg-hat-bereits-begonnen\/"},"author":{"name":"rtnews","@id":"https:\/\/now-news.de\/de\/#\/schema\/person\/fb534a4e865501d8b3285208df34a9b5"},"headline":"Ukrainischer Sicherheitschef: &quot;Dritter Weltkrieg hat bereits begonnen&quot;","datePublished":"2023-09-06T17:47:31+00:00","dateModified":"2023-09-06T17:47:31+00:00","mainEntityOfPage":{"@id":"https:\/\/now-news.de\/de\/deutschland\/ukrainischer-sicherheitschef-dritter-weltkrieg-hat-bereits-begonnen\/"},"wordCount":452,"commentCount":0,"publisher":{"@id":"https:\/\/now-news.de\/de\/#organization"},"image":{"@id":"https:\/\/now-news.de\/de\/deutschland\/ukrainischer-sicherheitschef-dritter-weltkrieg-hat-bereits-begonnen\/#primaryimage"},"thumbnailUrl":"https:\/\/now-news.de\/de\/wp-content\/uploads\/sites\/3\/2023\/09\/Ukrainischer-Sicherheitschef-quotDritter-Weltkrieg-hat-bereits-begonnenquot.jpeg","keywords":["begonnenquot","bereits","hat","quotDritter","Sicherheitschef","Ukrainischer","Weltkrieg"],"articleSection":["Deutschland","Russland"],"inLanguage":"de","potentialAction":[{"@type":"CommentAction","name":"Comment","target":["https:\/\/now-news.de\/de\/deutschland\/ukrainischer-sicherheitschef-dritter-weltkrieg-hat-bereits-begonnen\/#respond"]}]},{"@type":"WebPage","@id":"https:\/\/now-news.de\/de\/deutschland\/ukrainischer-sicherheitschef-dritter-weltkrieg-hat-bereits-begonnen\/","url":"https:\/\/now-news.de\/de\/deutschland\/ukrainischer-sicherheitschef-dritter-weltkrieg-hat-bereits-begonnen\/","name":"Ukrainischer Sicherheitschef: &quot;Dritter Weltkrieg hat bereits begonnen&quot; - just-now.NEWS Deutschland","isPartOf":{"@id":"https:\/\/now-news.de\/de\/#website"},"primaryImageOfPage":{"@id":"https:\/\/now-news.de\/de\/deutschland\/ukrainischer-sicherheitschef-dritter-weltkrieg-hat-bereits-begonnen\/#primaryimage"},"image":{"@id":"https:\/\/now-news.de\/de\/deutschland\/ukrainischer-sicherheitschef-dritter-weltkrieg-hat-bereits-begonnen\/#primaryimage"},"thumbnailUrl":"https:\/\/now-news.de\/de\/wp-content\/uploads\/sites\/3\/2023\/09\/Ukrainischer-Sicherheitschef-quotDritter-Weltkrieg-hat-bereits-begonnenquot.jpeg","datePublished":"2023-09-06T17:47:31+00:00","dateModified":"2023-09-06T17:47:31+00:00","breadcrumb":{"@id":"https:\/\/now-news.de\/de\/deutschland\/ukrainischer-sicherheitschef-dritter-weltkrieg-hat-bereits-begonnen\/#breadcrumb"},"inLanguage":"de","potentialAction":[{"@type":"ReadAction","target":["https:\/\/now-news.de\/de\/deutschland\/ukrainischer-sicherheitschef-dritter-weltkrieg-hat-bereits-begonnen\/"]}]},{"@type":"ImageObject","inLanguage":"de","@id":"https:\/\/now-news.de\/de\/deutschland\/ukrainischer-sicherheitschef-dritter-weltkrieg-hat-bereits-begonnen\/#primaryimage","url":"https:\/\/now-news.de\/de\/wp-content\/uploads\/sites\/3\/2023\/09\/Ukrainischer-Sicherheitschef-quotDritter-Weltkrieg-hat-bereits-begonnenquot.jpeg","contentUrl":"https:\/\/now-news.de\/de\/wp-content\/uploads\/sites\/3\/2023\/09\/Ukrainischer-Sicherheitschef-quotDritter-Weltkrieg-hat-bereits-begonnenquot.jpeg","width":460,"height":259,"caption":"Ukrainischer Sicherheitschef: &quot;Dritter Weltkrieg hat bereits begonnen&quot;"},{"@type":"BreadcrumbList","@id":"https:\/\/now-news.de\/de\/deutschland\/ukrainischer-sicherheitschef-dritter-weltkrieg-hat-bereits-begonnen\/#breadcrumb","itemListElement":[{"@type":"ListItem","position":1,"name":"Home","item":"https:\/\/now-news.de\/de\/"},{"@type":"ListItem","position":2,"name":"Ukrainischer Sicherheitschef: &quot;Dritter Weltkrieg hat bereits begonnen&quot;"}]},{"@type":"WebSite","@id":"https:\/\/now-news.de\/de\/#website","url":"https:\/\/now-news.de\/de\/","name":"just-now.NEWS Deutschland","description":"Das Portal f\u00fcr unzensierte Nachrichten aus der Welt","publisher":{"@id":"https:\/\/now-news.de\/de\/#organization"},"potentialAction":[{"@type":"SearchAction","target":{"@type":"EntryPoint","urlTemplate":"https:\/\/now-news.de\/de\/?s={search_term_string}"},"query-input":"required name=search_term_string"}],"inLanguage":"de"},{"@type":"Organization","@id":"https:\/\/now-news.de\/de\/#organization","name":"Just Now News","url":"https:\/\/now-news.de\/de\/","logo":{"@type":"ImageObject","inLanguage":"de","@id":"https:\/\/now-news.de\/de\/#\/schema\/logo\/image\/","url":"http:\/\/just-now.news\/de\/wp-content\/uploads\/sites\/3\/2022\/04\/logo500x500.jpg","contentUrl":"http:\/\/just-now.news\/de\/wp-content\/uploads\/sites\/3\/2022\/04\/logo500x500.jpg","width":500,"height":500,"caption":"Just Now News"},"image":{"@id":"https:\/\/now-news.de\/de\/#\/schema\/logo\/image\/"},"sameAs":["https:\/\/www.facebook.com\/wirmachenauf","https:\/\/x.com\/WirMachenAuf_de"]},{"@type":"Person","@id":"https:\/\/now-news.de\/de\/#\/schema\/person\/fb534a4e865501d8b3285208df34a9b5","name":"rtnews","image":{"@type":"ImageObject","inLanguage":"de","@id":"https:\/\/now-news.de\/de\/#\/schema\/person\/image\/","url":"https:\/\/secure.gravatar.com\/avatar\/82aafea7d8127119dd649515f56e2117?s=96&d=mm&r=g","contentUrl":"https:\/\/secure.gravatar.com\/avatar\/82aafea7d8127119dd649515f56e2117?s=96&d=mm&r=g","caption":"rtnews"},"url":"https:\/\/now-news.de\/de\/author\/rnews\/"}]}},"_links":{"self":[{"href":"https:\/\/now-news.de\/de\/wp-json\/wp\/v2\/posts\/45822"}],"collection":[{"href":"https:\/\/now-news.de\/de\/wp-json\/wp\/v2\/posts"}],"about":[{"href":"https:\/\/now-news.de\/de\/wp-json\/wp\/v2\/types\/post"}],"author":[{"embeddable":true,"href":"https:\/\/now-news.de\/de\/wp-json\/wp\/v2\/users\/3"}],"replies":[{"embeddable":true,"href":"https:\/\/now-news.de\/de\/wp-json\/wp\/v2\/comments?post=45822"}],"version-history":[{"count":0,"href":"https:\/\/now-news.de\/de\/wp-json\/wp\/v2\/posts\/45822\/revisions"}],"wp:featuredmedia":[{"embeddable":true,"href":"https:\/\/now-news.de\/de\/wp-json\/wp\/v2\/media\/45823"}],"wp:attachment":[{"href":"https:\/\/now-news.de\/de\/wp-json\/wp\/v2\/media?parent=45822"}],"wp:term":[{"taxonomy":"category","embeddable":true,"href":"https:\/\/now-news.de\/de\/wp-json\/wp\/v2\/categories?post=45822"},{"taxonomy":"post_tag","embeddable":true,"href":"https:\/\/now-news.de\/de\/wp-json\/wp\/v2\/tags?post=45822"}],"curies":[{"name":"wp","href":"https:\/\/api.w.org\/{rel}","templated":true}]}}