{"id":45807,"date":"2023-09-06T15:57:07","date_gmt":"2023-09-06T13:57:07","guid":{"rendered":"https:\/\/just-now.news\/de\/deutschland\/ueberschwemmung-in-istanbul-mindestens-zwei-todesopfer\/"},"modified":"2023-09-06T15:57:07","modified_gmt":"2023-09-06T13:57:07","slug":"ueberschwemmung-in-istanbul-mindestens-zwei-todesopfer","status":"publish","type":"post","link":"https:\/\/now-news.de\/de\/deutschland\/ueberschwemmung-in-istanbul-mindestens-zwei-todesopfer\/","title":{"rendered":"\u00dcberschwemmung in Istanbul: Mindestens zwei Todesopfer"},"content":{"rendered":"<p><img decoding=\"async\" src=\"http:\/\/just-now.news\/de\/wp-content\/uploads\/sites\/3\/2023\/09\/64f83387b480cc54174bd8bd.jpg\" \/><\/p>\n<div class=\"Text-root Text-type_1 \">\n                In Istanbul kam es aufgrund starker Regenf\u00e4lle zu \u00dcberschwemmungen. Mindestens zwei Menschen sind dabei ums Leben gekommen. In einigen Stadtbezirken stieg der Wasserstand so stark an, dass geparkte Autos von der Str\u00f6mung mitgerissen wurden.\n            <\/div>\n<p><\/p>\n<div class=\"Text-root Text-type_5 ArticleView-text ViewText-root \">\n<p>In der Nacht auf Mittwoch haben heftige Regenf\u00e4lle die gr\u00f6\u00dfte Stadt der T\u00fcrkei heimgesucht. Am st\u00e4rksten betroffen sind die Bezirke Arnavutk\u00f6y\u00a0und Ba\u015fak\u015fehir im europ\u00e4ischen Teil der Stadt. Infolge der Regenf\u00e4lle wurden rund 1.800 H\u00e4user, Gesch\u00e4fte und B\u00fcros \u00fcberschwemmt. Mindestens zwei Menschen seien an den Folgen des Unwetters ums Leben gekommen, berichtete Gouverneur Davut G\u00fcl. Nach Angaben des t\u00fcrkischen Au\u00dfenministers befindet sich unter den Todesopfern ein Ausl\u00e4nder.<\/p>\n<p>Auch ein Tunnel in der N\u00e4he des internationalen Flughafens Istanbul wurde \u00fcberschwemmt. Die \u00f6rtlichen Beh\u00f6rden fordern die Menschen auf, zu Hause zu bleiben. Bei der Stadtverwaltung der Millionenmetropole\u00a0gingen zahlreiche Beschwerden im Zusammenhang mit den \u00dcberschwemmungen ein.<\/p>\n<p>In den sozialen Netzwerken ver\u00f6ffentlichte Videos zeigen, dass das Wasser den Menschen bis zur H\u00fcfte reicht. Einige Stra\u00dfen wurden in rei\u00dfende Fl\u00fcsse verwandelt. In einigen Bezirken stieg das Wasser so stark an, dass geparkte Autos von der Str\u00f6mung mitgerissen wurden.<\/p>\n<div class=\"EmbedBlock-root EmbedBlock-twitter\">\n<div class=\"TwitterEmbed\">\n<blockquote class=\"twitter-tweet lazyload\" data-twitter=\"twitter-tweet\">\n<p lang=\"en\" dir=\"ltr\">Heavy rain hits Turkish Istanbul, killing at least 2 peopleThe northern districts of the city &#8211; Arnavutk\u00f6y and Bashkisehir &#8211; suffered the most. Part of the roads turned into rivers, paralyzed and public transport, including the subway. Rescuers from other regions were sent to\u2026 <a rel=\"nofollow noopener\" target=\"_blank\" href=\"https:\/\/t.co\/FUfPJyoQEL\">pic.twitter.com\/FUfPJyoQEL<\/a><\/p>\n<p>\u2014 Madhaw Tiwari (@MadhawTiwari) <a rel=\"nofollow noopener\" target=\"_blank\" href=\"https:\/\/twitter.com\/MadhawTiwari\/status\/1699333206217248985?ref_src=twsrc%5Etfw\">September 6, 2023<\/a><\/p><\/blockquote>\n<\/div>\n<\/div>\n<div class=\"EmbedBlock-root EmbedBlock-twitter\">\n<div class=\"TwitterEmbed\">\n<blockquote class=\"twitter-tweet lazyload\" data-twitter=\"twitter-tweet\">\n<p lang=\"en\" dir=\"ltr\">At night, the elements hit Istanbul, one person died.Heavy rains caused flooding of several areas in the Turkish capital, one person drowned.This was announced by the mayor of Istanbul Ekrem Imamoglu on the air of the local TV channel.The canal in the city also overflowed\u2026 <a rel=\"nofollow noopener\" target=\"_blank\" href=\"https:\/\/t.co\/I9LMHA4tyX\">pic.twitter.com\/I9LMHA4tyX<\/a><\/p>\n<p>\u2014 Sprinter (@Sprinter99800) <a rel=\"nofollow noopener\" target=\"_blank\" href=\"https:\/\/twitter.com\/Sprinter99800\/status\/1699324939390550176?ref_src=twsrc%5Etfw\">September 6, 2023<\/a><\/p><\/blockquote>\n<\/div>\n<\/div>\n<p>B\u00fcrgermeister\u00a0Ekrem Imamo\u011flu erkl\u00e4rte, aus einer B\u00fccherei seien mehrere Menschen in Sicherheit gebracht worden, nachdem Wasser in das Geb\u00e4ude eingedrungen war. Er warnte, dass sich das Land als Folge des Klimawandels auf weitere Extremwetterereignisse einstellen m\u00fcsse.<\/p>\n<p><strong>Mehr zum Thema<\/strong> &#8211; <a rel=\"nofollow noopener\" target=\"_blank\" href=\"https:\/\/freedert.online\/russland\/178880-ueberschwemmung-im-osten-russlands-behoerden\/\">\u00dcberschwemmung im Osten Russlands: Beh\u00f6rden verh\u00e4ngen den Ausnahmezustand<\/a><\/p>\n<\/div>\n<p><script async src=\"https:\/\/platform.twitter.com\/widgets.js\" charset=\"utf-8\"><\/script><br \/>\n<br \/><br \/>\n<br \/><a href=\"https:\/\/de.rt.com\/international\/179906-ueberschwemmung-in-istanbul-mindestens-zwei\/\">Source link <\/a><\/p>\n","protected":false},"excerpt":{"rendered":"<p>In Istanbul kam es aufgrund starker Regenf\u00e4lle zu \u00dcberschwemmungen. Mindestens zwei Menschen sind dabei ums Leben gekommen. In einigen Stadtbezirken stieg der Wasserstand so stark an, dass geparkte Autos von der Str\u00f6mung mitgerissen wurden. In der Nacht auf Mittwoch haben heftige Regenf\u00e4lle die gr\u00f6\u00dfte Stadt der T\u00fcrkei heimgesucht. Am st\u00e4rksten betroffen sind die Bezirke Arnavutk\u00f6y\u00a0und [&hellip;]<\/p>\n","protected":false},"author":3,"featured_media":45808,"comment_status":"open","ping_status":"open","sticky":false,"template":"","format":"standard","meta":{"_yoast_indexnow_last_ping":["1694009339"],"wp_automatic_camp":["217"],"57926f708f3d60c253075e001c0fcc76":["\u00dcberschwemmung in Istanbul: Mindestens zwei Todesopfer"],"original_link":["https:\/\/de.rt.com\/international\/179906-ueberschwemmung-in-istanbul-mindestens-zwei\/"],"_thumbnail_id":["45808"],"_wptgpro_p2tg_sent2tg":["a:1:{i:23737;s:19:\"2023-09-06 16:10:04\";}"],"jnews_social_counter_last_update":["1776576790"]},"categories":[19,23],"tags":[27964,3231,6224,45350,1003],"yoast_head":"<!-- This site is optimized with the Yoast SEO Premium plugin v22.7 (Yoast SEO v22.7) - https:\/\/yoast.com\/wordpress\/plugins\/seo\/ -->\n<title>\u00dcberschwemmung in Istanbul: Mindestens zwei Todesopfer - just-now.NEWS Deutschland<\/title>\n<meta name=\"robots\" content=\"index, follow, max-snippet:-1, max-image-preview:large, max-video-preview:-1\" \/>\n<link rel=\"canonical\" href=\"https:\/\/now-news.de\/de\/deutschland\/ueberschwemmung-in-istanbul-mindestens-zwei-todesopfer\/\" \/>\n<meta property=\"og:locale\" content=\"de_DE\" \/>\n<meta property=\"og:type\" content=\"article\" \/>\n<meta property=\"og:title\" content=\"\u00dcberschwemmung in Istanbul: Mindestens zwei Todesopfer\" \/>\n<meta property=\"og:description\" content=\"In Istanbul kam es aufgrund starker Regenf\u00e4lle zu \u00dcberschwemmungen. Mindestens zwei Menschen sind dabei ums Leben gekommen. In einigen Stadtbezirken stieg der Wasserstand so stark an, dass geparkte Autos von der Str\u00f6mung mitgerissen wurden. In der Nacht auf Mittwoch haben heftige Regenf\u00e4lle die gr\u00f6\u00dfte Stadt der T\u00fcrkei heimgesucht. Am st\u00e4rksten betroffen sind die Bezirke Arnavutk\u00f6y\u00a0und [&hellip;]\" \/>\n<meta property=\"og:url\" content=\"https:\/\/now-news.de\/de\/deutschland\/ueberschwemmung-in-istanbul-mindestens-zwei-todesopfer\/\" \/>\n<meta property=\"og:site_name\" content=\"just-now.NEWS Deutschland\" \/>\n<meta property=\"article:publisher\" content=\"https:\/\/www.facebook.com\/wirmachenauf\" \/>\n<meta property=\"article:published_time\" content=\"2023-09-06T13:57:07+00:00\" \/>\n<meta property=\"og:image\" content=\"https:\/\/now-news.de\/de\/wp-content\/uploads\/sites\/3\/2023\/09\/Ueberschwemmung-in-Istanbul-Mindestens-zwei-Todesopfer.jpg\" \/>\n\t<meta property=\"og:image:width\" content=\"460\" \/>\n\t<meta property=\"og:image:height\" content=\"259\" \/>\n\t<meta property=\"og:image:type\" content=\"image\/jpeg\" \/>\n<meta name=\"author\" content=\"rtnews\" \/>\n<meta name=\"twitter:card\" content=\"summary_large_image\" \/>\n<meta name=\"twitter:creator\" content=\"@WirMachenAuf_de\" \/>\n<meta name=\"twitter:site\" content=\"@WirMachenAuf_de\" \/>\n<meta name=\"twitter:label1\" content=\"Verfasst von\" \/>\n\t<meta name=\"twitter:data1\" content=\"rtnews\" \/>\n\t<meta name=\"twitter:label2\" content=\"Gesch\u00e4tzte Lesezeit\" \/>\n\t<meta name=\"twitter:data2\" content=\"2\u00a0Minuten\" \/>\n<script type=\"application\/ld+json\" class=\"yoast-schema-graph\">{\"@context\":\"https:\/\/schema.org\",\"@graph\":[{\"@type\":\"Article\",\"@id\":\"https:\/\/now-news.de\/de\/deutschland\/ueberschwemmung-in-istanbul-mindestens-zwei-todesopfer\/#article\",\"isPartOf\":{\"@id\":\"https:\/\/now-news.de\/de\/deutschland\/ueberschwemmung-in-istanbul-mindestens-zwei-todesopfer\/\"},\"author\":{\"name\":\"rtnews\",\"@id\":\"https:\/\/now-news.de\/de\/#\/schema\/person\/fb534a4e865501d8b3285208df34a9b5\"},\"headline\":\"\u00dcberschwemmung in Istanbul: Mindestens zwei Todesopfer\",\"datePublished\":\"2023-09-06T13:57:07+00:00\",\"dateModified\":\"2023-09-06T13:57:07+00:00\",\"mainEntityOfPage\":{\"@id\":\"https:\/\/now-news.de\/de\/deutschland\/ueberschwemmung-in-istanbul-mindestens-zwei-todesopfer\/\"},\"wordCount\":377,\"commentCount\":0,\"publisher\":{\"@id\":\"https:\/\/now-news.de\/de\/#organization\"},\"image\":{\"@id\":\"https:\/\/now-news.de\/de\/deutschland\/ueberschwemmung-in-istanbul-mindestens-zwei-todesopfer\/#primaryimage\"},\"thumbnailUrl\":\"https:\/\/now-news.de\/de\/wp-content\/uploads\/sites\/3\/2023\/09\/Ueberschwemmung-in-Istanbul-Mindestens-zwei-Todesopfer.jpg\",\"keywords\":[\"Istanbul\",\"Mindestens\",\"Todesopfer\",\"\u00dcberschwemmung\",\"zwei\"],\"articleSection\":[\"Deutschland\",\"Russland\"],\"inLanguage\":\"de\",\"potentialAction\":[{\"@type\":\"CommentAction\",\"name\":\"Comment\",\"target\":[\"https:\/\/now-news.de\/de\/deutschland\/ueberschwemmung-in-istanbul-mindestens-zwei-todesopfer\/#respond\"]}]},{\"@type\":\"WebPage\",\"@id\":\"https:\/\/now-news.de\/de\/deutschland\/ueberschwemmung-in-istanbul-mindestens-zwei-todesopfer\/\",\"url\":\"https:\/\/now-news.de\/de\/deutschland\/ueberschwemmung-in-istanbul-mindestens-zwei-todesopfer\/\",\"name\":\"\u00dcberschwemmung in Istanbul: Mindestens zwei Todesopfer - just-now.NEWS Deutschland\",\"isPartOf\":{\"@id\":\"https:\/\/now-news.de\/de\/#website\"},\"primaryImageOfPage\":{\"@id\":\"https:\/\/now-news.de\/de\/deutschland\/ueberschwemmung-in-istanbul-mindestens-zwei-todesopfer\/#primaryimage\"},\"image\":{\"@id\":\"https:\/\/now-news.de\/de\/deutschland\/ueberschwemmung-in-istanbul-mindestens-zwei-todesopfer\/#primaryimage\"},\"thumbnailUrl\":\"https:\/\/now-news.de\/de\/wp-content\/uploads\/sites\/3\/2023\/09\/Ueberschwemmung-in-Istanbul-Mindestens-zwei-Todesopfer.jpg\",\"datePublished\":\"2023-09-06T13:57:07+00:00\",\"dateModified\":\"2023-09-06T13:57:07+00:00\",\"breadcrumb\":{\"@id\":\"https:\/\/now-news.de\/de\/deutschland\/ueberschwemmung-in-istanbul-mindestens-zwei-todesopfer\/#breadcrumb\"},\"inLanguage\":\"de\",\"potentialAction\":[{\"@type\":\"ReadAction\",\"target\":[\"https:\/\/now-news.de\/de\/deutschland\/ueberschwemmung-in-istanbul-mindestens-zwei-todesopfer\/\"]}]},{\"@type\":\"ImageObject\",\"inLanguage\":\"de\",\"@id\":\"https:\/\/now-news.de\/de\/deutschland\/ueberschwemmung-in-istanbul-mindestens-zwei-todesopfer\/#primaryimage\",\"url\":\"https:\/\/now-news.de\/de\/wp-content\/uploads\/sites\/3\/2023\/09\/Ueberschwemmung-in-Istanbul-Mindestens-zwei-Todesopfer.jpg\",\"contentUrl\":\"https:\/\/now-news.de\/de\/wp-content\/uploads\/sites\/3\/2023\/09\/Ueberschwemmung-in-Istanbul-Mindestens-zwei-Todesopfer.jpg\",\"width\":460,\"height\":259,\"caption\":\"\u00dcberschwemmung in Istanbul: Mindestens zwei Todesopfer\"},{\"@type\":\"BreadcrumbList\",\"@id\":\"https:\/\/now-news.de\/de\/deutschland\/ueberschwemmung-in-istanbul-mindestens-zwei-todesopfer\/#breadcrumb\",\"itemListElement\":[{\"@type\":\"ListItem\",\"position\":1,\"name\":\"Home\",\"item\":\"https:\/\/now-news.de\/de\/\"},{\"@type\":\"ListItem\",\"position\":2,\"name\":\"\u00dcberschwemmung in Istanbul: Mindestens zwei Todesopfer\"}]},{\"@type\":\"WebSite\",\"@id\":\"https:\/\/now-news.de\/de\/#website\",\"url\":\"https:\/\/now-news.de\/de\/\",\"name\":\"just-now.NEWS Deutschland\",\"description\":\"Das Portal f\u00fcr unzensierte Nachrichten aus der Welt\",\"publisher\":{\"@id\":\"https:\/\/now-news.de\/de\/#organization\"},\"potentialAction\":[{\"@type\":\"SearchAction\",\"target\":{\"@type\":\"EntryPoint\",\"urlTemplate\":\"https:\/\/now-news.de\/de\/?s={search_term_string}\"},\"query-input\":\"required name=search_term_string\"}],\"inLanguage\":\"de\"},{\"@type\":\"Organization\",\"@id\":\"https:\/\/now-news.de\/de\/#organization\",\"name\":\"Just Now News\",\"url\":\"https:\/\/now-news.de\/de\/\",\"logo\":{\"@type\":\"ImageObject\",\"inLanguage\":\"de\",\"@id\":\"https:\/\/now-news.de\/de\/#\/schema\/logo\/image\/\",\"url\":\"http:\/\/just-now.news\/de\/wp-content\/uploads\/sites\/3\/2022\/04\/logo500x500.jpg\",\"contentUrl\":\"http:\/\/just-now.news\/de\/wp-content\/uploads\/sites\/3\/2022\/04\/logo500x500.jpg\",\"width\":500,\"height\":500,\"caption\":\"Just Now News\"},\"image\":{\"@id\":\"https:\/\/now-news.de\/de\/#\/schema\/logo\/image\/\"},\"sameAs\":[\"https:\/\/www.facebook.com\/wirmachenauf\",\"https:\/\/x.com\/WirMachenAuf_de\"]},{\"@type\":\"Person\",\"@id\":\"https:\/\/now-news.de\/de\/#\/schema\/person\/fb534a4e865501d8b3285208df34a9b5\",\"name\":\"rtnews\",\"image\":{\"@type\":\"ImageObject\",\"inLanguage\":\"de\",\"@id\":\"https:\/\/now-news.de\/de\/#\/schema\/person\/image\/\",\"url\":\"https:\/\/secure.gravatar.com\/avatar\/82aafea7d8127119dd649515f56e2117?s=96&d=mm&r=g\",\"contentUrl\":\"https:\/\/secure.gravatar.com\/avatar\/82aafea7d8127119dd649515f56e2117?s=96&d=mm&r=g\",\"caption\":\"rtnews\"},\"url\":\"https:\/\/now-news.de\/de\/author\/rnews\/\"}]}<\/script>\n<!-- \/ Yoast SEO Premium plugin. -->","yoast_head_json":{"title":"\u00dcberschwemmung in Istanbul: Mindestens zwei Todesopfer - just-now.NEWS Deutschland","robots":{"index":"index","follow":"follow","max-snippet":"max-snippet:-1","max-image-preview":"max-image-preview:large","max-video-preview":"max-video-preview:-1"},"canonical":"https:\/\/now-news.de\/de\/deutschland\/ueberschwemmung-in-istanbul-mindestens-zwei-todesopfer\/","og_locale":"de_DE","og_type":"article","og_title":"\u00dcberschwemmung in Istanbul: Mindestens zwei Todesopfer","og_description":"In Istanbul kam es aufgrund starker Regenf\u00e4lle zu \u00dcberschwemmungen. Mindestens zwei Menschen sind dabei ums Leben gekommen. In einigen Stadtbezirken stieg der Wasserstand so stark an, dass geparkte Autos von der Str\u00f6mung mitgerissen wurden. In der Nacht auf Mittwoch haben heftige Regenf\u00e4lle die gr\u00f6\u00dfte Stadt der T\u00fcrkei heimgesucht. Am st\u00e4rksten betroffen sind die Bezirke Arnavutk\u00f6y\u00a0und [&hellip;]","og_url":"https:\/\/now-news.de\/de\/deutschland\/ueberschwemmung-in-istanbul-mindestens-zwei-todesopfer\/","og_site_name":"just-now.NEWS Deutschland","article_publisher":"https:\/\/www.facebook.com\/wirmachenauf","article_published_time":"2023-09-06T13:57:07+00:00","og_image":[{"width":460,"height":259,"url":"https:\/\/now-news.de\/de\/wp-content\/uploads\/sites\/3\/2023\/09\/Ueberschwemmung-in-Istanbul-Mindestens-zwei-Todesopfer.jpg","type":"image\/jpeg"}],"author":"rtnews","twitter_card":"summary_large_image","twitter_creator":"@WirMachenAuf_de","twitter_site":"@WirMachenAuf_de","twitter_misc":{"Verfasst von":"rtnews","Gesch\u00e4tzte Lesezeit":"2\u00a0Minuten"},"schema":{"@context":"https:\/\/schema.org","@graph":[{"@type":"Article","@id":"https:\/\/now-news.de\/de\/deutschland\/ueberschwemmung-in-istanbul-mindestens-zwei-todesopfer\/#article","isPartOf":{"@id":"https:\/\/now-news.de\/de\/deutschland\/ueberschwemmung-in-istanbul-mindestens-zwei-todesopfer\/"},"author":{"name":"rtnews","@id":"https:\/\/now-news.de\/de\/#\/schema\/person\/fb534a4e865501d8b3285208df34a9b5"},"headline":"\u00dcberschwemmung in Istanbul: Mindestens zwei Todesopfer","datePublished":"2023-09-06T13:57:07+00:00","dateModified":"2023-09-06T13:57:07+00:00","mainEntityOfPage":{"@id":"https:\/\/now-news.de\/de\/deutschland\/ueberschwemmung-in-istanbul-mindestens-zwei-todesopfer\/"},"wordCount":377,"commentCount":0,"publisher":{"@id":"https:\/\/now-news.de\/de\/#organization"},"image":{"@id":"https:\/\/now-news.de\/de\/deutschland\/ueberschwemmung-in-istanbul-mindestens-zwei-todesopfer\/#primaryimage"},"thumbnailUrl":"https:\/\/now-news.de\/de\/wp-content\/uploads\/sites\/3\/2023\/09\/Ueberschwemmung-in-Istanbul-Mindestens-zwei-Todesopfer.jpg","keywords":["Istanbul","Mindestens","Todesopfer","\u00dcberschwemmung","zwei"],"articleSection":["Deutschland","Russland"],"inLanguage":"de","potentialAction":[{"@type":"CommentAction","name":"Comment","target":["https:\/\/now-news.de\/de\/deutschland\/ueberschwemmung-in-istanbul-mindestens-zwei-todesopfer\/#respond"]}]},{"@type":"WebPage","@id":"https:\/\/now-news.de\/de\/deutschland\/ueberschwemmung-in-istanbul-mindestens-zwei-todesopfer\/","url":"https:\/\/now-news.de\/de\/deutschland\/ueberschwemmung-in-istanbul-mindestens-zwei-todesopfer\/","name":"\u00dcberschwemmung in Istanbul: Mindestens zwei Todesopfer - just-now.NEWS Deutschland","isPartOf":{"@id":"https:\/\/now-news.de\/de\/#website"},"primaryImageOfPage":{"@id":"https:\/\/now-news.de\/de\/deutschland\/ueberschwemmung-in-istanbul-mindestens-zwei-todesopfer\/#primaryimage"},"image":{"@id":"https:\/\/now-news.de\/de\/deutschland\/ueberschwemmung-in-istanbul-mindestens-zwei-todesopfer\/#primaryimage"},"thumbnailUrl":"https:\/\/now-news.de\/de\/wp-content\/uploads\/sites\/3\/2023\/09\/Ueberschwemmung-in-Istanbul-Mindestens-zwei-Todesopfer.jpg","datePublished":"2023-09-06T13:57:07+00:00","dateModified":"2023-09-06T13:57:07+00:00","breadcrumb":{"@id":"https:\/\/now-news.de\/de\/deutschland\/ueberschwemmung-in-istanbul-mindestens-zwei-todesopfer\/#breadcrumb"},"inLanguage":"de","potentialAction":[{"@type":"ReadAction","target":["https:\/\/now-news.de\/de\/deutschland\/ueberschwemmung-in-istanbul-mindestens-zwei-todesopfer\/"]}]},{"@type":"ImageObject","inLanguage":"de","@id":"https:\/\/now-news.de\/de\/deutschland\/ueberschwemmung-in-istanbul-mindestens-zwei-todesopfer\/#primaryimage","url":"https:\/\/now-news.de\/de\/wp-content\/uploads\/sites\/3\/2023\/09\/Ueberschwemmung-in-Istanbul-Mindestens-zwei-Todesopfer.jpg","contentUrl":"https:\/\/now-news.de\/de\/wp-content\/uploads\/sites\/3\/2023\/09\/Ueberschwemmung-in-Istanbul-Mindestens-zwei-Todesopfer.jpg","width":460,"height":259,"caption":"\u00dcberschwemmung in Istanbul: Mindestens zwei Todesopfer"},{"@type":"BreadcrumbList","@id":"https:\/\/now-news.de\/de\/deutschland\/ueberschwemmung-in-istanbul-mindestens-zwei-todesopfer\/#breadcrumb","itemListElement":[{"@type":"ListItem","position":1,"name":"Home","item":"https:\/\/now-news.de\/de\/"},{"@type":"ListItem","position":2,"name":"\u00dcberschwemmung in Istanbul: Mindestens zwei Todesopfer"}]},{"@type":"WebSite","@id":"https:\/\/now-news.de\/de\/#website","url":"https:\/\/now-news.de\/de\/","name":"just-now.NEWS Deutschland","description":"Das Portal f\u00fcr unzensierte Nachrichten aus der Welt","publisher":{"@id":"https:\/\/now-news.de\/de\/#organization"},"potentialAction":[{"@type":"SearchAction","target":{"@type":"EntryPoint","urlTemplate":"https:\/\/now-news.de\/de\/?s={search_term_string}"},"query-input":"required name=search_term_string"}],"inLanguage":"de"},{"@type":"Organization","@id":"https:\/\/now-news.de\/de\/#organization","name":"Just Now News","url":"https:\/\/now-news.de\/de\/","logo":{"@type":"ImageObject","inLanguage":"de","@id":"https:\/\/now-news.de\/de\/#\/schema\/logo\/image\/","url":"http:\/\/just-now.news\/de\/wp-content\/uploads\/sites\/3\/2022\/04\/logo500x500.jpg","contentUrl":"http:\/\/just-now.news\/de\/wp-content\/uploads\/sites\/3\/2022\/04\/logo500x500.jpg","width":500,"height":500,"caption":"Just Now News"},"image":{"@id":"https:\/\/now-news.de\/de\/#\/schema\/logo\/image\/"},"sameAs":["https:\/\/www.facebook.com\/wirmachenauf","https:\/\/x.com\/WirMachenAuf_de"]},{"@type":"Person","@id":"https:\/\/now-news.de\/de\/#\/schema\/person\/fb534a4e865501d8b3285208df34a9b5","name":"rtnews","image":{"@type":"ImageObject","inLanguage":"de","@id":"https:\/\/now-news.de\/de\/#\/schema\/person\/image\/","url":"https:\/\/secure.gravatar.com\/avatar\/82aafea7d8127119dd649515f56e2117?s=96&d=mm&r=g","contentUrl":"https:\/\/secure.gravatar.com\/avatar\/82aafea7d8127119dd649515f56e2117?s=96&d=mm&r=g","caption":"rtnews"},"url":"https:\/\/now-news.de\/de\/author\/rnews\/"}]}},"_links":{"self":[{"href":"https:\/\/now-news.de\/de\/wp-json\/wp\/v2\/posts\/45807"}],"collection":[{"href":"https:\/\/now-news.de\/de\/wp-json\/wp\/v2\/posts"}],"about":[{"href":"https:\/\/now-news.de\/de\/wp-json\/wp\/v2\/types\/post"}],"author":[{"embeddable":true,"href":"https:\/\/now-news.de\/de\/wp-json\/wp\/v2\/users\/3"}],"replies":[{"embeddable":true,"href":"https:\/\/now-news.de\/de\/wp-json\/wp\/v2\/comments?post=45807"}],"version-history":[{"count":0,"href":"https:\/\/now-news.de\/de\/wp-json\/wp\/v2\/posts\/45807\/revisions"}],"wp:featuredmedia":[{"embeddable":true,"href":"https:\/\/now-news.de\/de\/wp-json\/wp\/v2\/media\/45808"}],"wp:attachment":[{"href":"https:\/\/now-news.de\/de\/wp-json\/wp\/v2\/media?parent=45807"}],"wp:term":[{"taxonomy":"category","embeddable":true,"href":"https:\/\/now-news.de\/de\/wp-json\/wp\/v2\/categories?post=45807"},{"taxonomy":"post_tag","embeddable":true,"href":"https:\/\/now-news.de\/de\/wp-json\/wp\/v2\/tags?post=45807"}],"curies":[{"name":"wp","href":"https:\/\/api.w.org\/{rel}","templated":true}]}}