{"id":45722,"date":"2023-09-05T13:17:23","date_gmt":"2023-09-05T11:17:23","guid":{"rendered":"https:\/\/just-now.news\/de\/deutschland\/elon-musk-verleumdungsklage-gegen-die-anti-defamation-league\/"},"modified":"2023-09-05T13:17:23","modified_gmt":"2023-09-05T11:17:23","slug":"elon-musk-verleumdungsklage-gegen-die-anti-defamation-league","status":"publish","type":"post","link":"https:\/\/now-news.de\/de\/deutschland\/elon-musk-verleumdungsklage-gegen-die-anti-defamation-league\/","title":{"rendered":"Elon Musk: Verleumdungsklage gegen die Anti-Defamation League"},"content":{"rendered":"<p><img decoding=\"async\" src=\"http:\/\/just-now.news\/de\/wp-content\/uploads\/sites\/3\/2023\/09\/64f6dba5b480cc4c9e1fc71f.jpg\" \/><\/p>\n<div class=\"Text-root Text-type_1 \">\n                Laut Elon Musk versuchte die Organisation Anti-Defamation League, seine Social-Media-Plattform X zu zerst\u00f6ren, indem sie falsche Behauptungen \u00fcber Antisemitismus aufstellte. Die Anti-Defamation League warf X vor, die eigenen Richtlinien nicht durchzusetzen.\n            <\/div>\n<p><\/p>\n<div class=\"Text-root Text-type_5 ArticleView-text ViewText-root \">\n<p>Der Unternehmer Elon Musk hat in seiner Fehde mit der\u00a0<em>Anti-Defamation League<\/em>\u00a0(ADL; Anti-Defamierungsliga) den Einsatz erh\u00f6ht. Er deutete an, dass er die j\u00fcdische B\u00fcrgerrechtsgruppe m\u00f6glicherweise verklagen muss, da sie versuche, seine Social-Media-Plattform\u00a0<em>X<\/em>\u00a0(ehemals Twitter) durch falsche Behauptungen \u00fcber Antisemitismus zu zerst\u00f6ren. Am Montag schrieb Musk auf\u00a0<em>X<\/em>:<\/p>\n<blockquote>\n<p><em>&#8220;Um den Namen unserer Plattform in Sachen Antisemitismus reinzuwaschen, haben wir wohl keine andere Wahl, als eine Verleumdungsklage gegen die Anti-Defamation League einzureichen. Oh, welche Ironie.&#8221;<\/em><\/p>\n<\/blockquote>\n<p>Musk machte die ADL f\u00fcr einen R\u00fcckgang der Werbeeinnahmen um 60 Prozent verantwortlich. Seiner Ansicht nach habe die ADL Werbekunden unter Druck gesetzt, die Plattform nicht zu nutzen, indem sie\u00a0<em>X<\/em>\u00a0und seinen neuen Eigent\u00fcmer f\u00e4lschlicherweise mit Antisemitismus in Verbindung gebracht habe. &#8220;Sie haben es fast geschafft, X\/Twitter zu vernichten&#8221;, schrieb er.<\/p>\n<div class=\"EmbedBlock-root EmbedBlock-twitter\">\n<div class=\"TwitterEmbed\">\n<blockquote class=\"twitter-tweet lazyload\" data-twitter=\"twitter-tweet\">\n<p lang=\"en\" dir=\"ltr\">To clear our platform\u2019s name on the matter of anti-Semitism, it looks like we have no choice but to file a defamation lawsuit against the Anti-Defamation League \u2026 oh the irony!<\/p>\n<p>\u2014 Elon Musk (@elonmusk) <a rel=\"nofollow noopener\" target=\"_blank\" href=\"https:\/\/twitter.com\/elonmusk\/status\/1698828606598734225?ref_src=twsrc%5Etfw\">September 4, 2023<\/a><\/p><\/blockquote>\n<\/div>\n<\/div>\n<p>Musks j\u00fcngste Kommentare kommen zwei Tage nachdem er angedeutet hatte, dass er X-Nutzer befragen k\u00f6nnte, ob er die ADL von seiner Plattform verbannen wolle. Damit reagierte er auf eine Nachricht der konservativen niederl\u00e4ndischen Aktivistin Eva Vlaardingerbroek, die erkl\u00e4rte, die Menschen h\u00e4tten es satt, &#8220;alles, was uns nicht gef\u00e4llt, als hasserf\u00fcllt\/rassistisch\/gef\u00e4hrlich\/rechtsextrem zu bezeichnen&#8221;. Sie f\u00fcgte hinzu, dass die Menschen keine Angst mehr vor den Einsch\u00fcchterungstaktiken der ADL haben. &#8220;Eure Etiketten haben ihre Macht verloren.&#8221;<\/p>\n<p><strong>&#8220;Z\u00fcgellose Hassreden&#8221; auf X<\/strong><\/p>\n<p>Die Social-Media-Kampagne zum Verbot der ADL begann, nachdem sich der Leiter der Gruppe, Jonathan Greenblatt, letzte Woche mit der Gesch\u00e4ftsf\u00fchrerin von\u00a0<em>X<\/em>, Linda Yaccarino, getroffen hatte, um \u00fcber &#8220;z\u00fcgellose Hassreden&#8221; auf der Plattform zu sprechen. Die ADL warf\u00a0<em>X<\/em>\u00a0vor, seine Richtlinien zur Inhaltsmoderation nicht durchgesetzt zu haben, seit Musk das Unternehmen \u00fcbernommen hat.<\/p>\n<p>Musk, der gelobte,\u00a0<em>X<\/em>\u00a0zu einer Bastion der freien Meinungs\u00e4u\u00dferung zu machen, w\u00e4hrend konservative Stimmen auf anderen Plattformen stark zensiert werden, sagte, er sei &#8220;gegen jede Art von Antisemitismus&#8221;. Er scherzte, dass er, sollte er seine Klage gewinnen, darauf bestehen werde, dass die ADL &#8220;Anti&#8221; aus ihrem Namen streicht, um fortan\u00a0<em>Defamation League<\/em>\u00a0zu hei\u00dfen \u2013 Diffamierungsliga.<\/p>\n<p>Die ADL wurde bereits in der Vergangenheit verklagt, weil sie Menschen mit falschen Behauptungen verleumdete. So erwirkte ein Ehepaar aus Colorado im Mai 2000 ein Urteil in H\u00f6he von 10,5 Millionen Dollar gegen die Organisation. Ein Jahr zuvor hatte die ADL eine Klage beigelegt, in der sie der illegalen Spionage beschuldigt wurde. Der Karikaturist Ben Garrison verklagte die ADL im Jahr 2020 mit der Begr\u00fcndung, die Aktivistengruppe habe ihn f\u00e4lschlicherweise als antisemitisch und rassistisch dargestellt.<\/p>\n<p>Die ADL wurde vor mehr als einem Jahrhundert gegr\u00fcndet, vor allem um Angriffe auf Juden zu verhindern, und bezeichnet sich heute als &#8220;f\u00fchrende Anti-Hass-Organisation der Welt&#8221;. In den vergangenen Jahren wurde die Organisation kritisiert, dass sie die kritische Rassentheorie und andere linksradikale Ideologien f\u00f6rdert.<\/p>\n<p><strong>Mehr zum Thema\u00a0<\/strong>\u2013\u00a0<a rel=\"nofollow noopener\" target=\"_blank\" href=\"https:\/\/freedert.online\/international\/179030-crew-dragon-mit-raumfahrer-aus-russland-dockt-an-iss\/\">Crew Dragon mit russischem Kosmonauten dockt an ISS an<\/a><\/p>\n<\/div>\n<p><script async src=\"https:\/\/platform.twitter.com\/widgets.js\" charset=\"utf-8\"><\/script><br \/>\n<br \/><br \/>\n<br \/><a href=\"https:\/\/de.rt.com\/nordamerika\/179795-elon-musk-droht-anti-defamation\/\">Source link <\/a><\/p>\n","protected":false},"excerpt":{"rendered":"<p>Laut Elon Musk versuchte die Organisation Anti-Defamation League, seine Social-Media-Plattform X zu zerst\u00f6ren, indem sie falsche Behauptungen \u00fcber Antisemitismus aufstellte. Die Anti-Defamation League warf X vor, die eigenen Richtlinien nicht durchzusetzen. Der Unternehmer Elon Musk hat in seiner Fehde mit der\u00a0Anti-Defamation League\u00a0(ADL; Anti-Defamierungsliga) den Einsatz erh\u00f6ht. Er deutete an, dass er die j\u00fcdische B\u00fcrgerrechtsgruppe m\u00f6glicherweise [&hellip;]<\/p>\n","protected":false},"author":3,"featured_media":45723,"comment_status":"open","ping_status":"open","sticky":false,"template":"","format":"standard","meta":{"_yoast_indexnow_last_ping":["1693912925"],"wp_automatic_camp":["217"],"d8094bf76158490c8c928b40ab74915e":["Elon Musk: Verleumdungsklage gegen die Anti-Defamation League"],"original_link":["https:\/\/de.rt.com\/nordamerika\/179795-elon-musk-droht-anti-defamation\/"],"_thumbnail_id":["45723"],"jnews_social_counter_last_update":["1777611257"],"_wptgpro_p2tg_sent2tg":["a:1:{i:23737;s:19:\"2023-09-05 13:23:15\";}"]},"categories":[19,23],"tags":[37446,45,2056,278,11131,1582,22351],"yoast_head":"<!-- This site is optimized with the Yoast SEO Premium plugin v22.7 (Yoast SEO v22.7) - https:\/\/yoast.com\/wordpress\/plugins\/seo\/ -->\n<title>Elon Musk: Verleumdungsklage gegen die Anti-Defamation League - just-now.NEWS Deutschland<\/title>\n<meta name=\"robots\" content=\"index, follow, max-snippet:-1, max-image-preview:large, max-video-preview:-1\" \/>\n<link rel=\"canonical\" href=\"https:\/\/now-news.de\/de\/deutschland\/elon-musk-verleumdungsklage-gegen-die-anti-defamation-league\/\" \/>\n<meta property=\"og:locale\" content=\"de_DE\" \/>\n<meta property=\"og:type\" content=\"article\" \/>\n<meta property=\"og:title\" content=\"Elon Musk: Verleumdungsklage gegen die Anti-Defamation League\" \/>\n<meta property=\"og:description\" content=\"Laut Elon Musk versuchte die Organisation Anti-Defamation League, seine Social-Media-Plattform X zu zerst\u00f6ren, indem sie falsche Behauptungen \u00fcber Antisemitismus aufstellte. Die Anti-Defamation League warf X vor, die eigenen Richtlinien nicht durchzusetzen. Der Unternehmer Elon Musk hat in seiner Fehde mit der\u00a0Anti-Defamation League\u00a0(ADL; Anti-Defamierungsliga) den Einsatz erh\u00f6ht. Er deutete an, dass er die j\u00fcdische B\u00fcrgerrechtsgruppe m\u00f6glicherweise [&hellip;]\" \/>\n<meta property=\"og:url\" content=\"https:\/\/now-news.de\/de\/deutschland\/elon-musk-verleumdungsklage-gegen-die-anti-defamation-league\/\" \/>\n<meta property=\"og:site_name\" content=\"just-now.NEWS Deutschland\" \/>\n<meta property=\"article:publisher\" content=\"https:\/\/www.facebook.com\/wirmachenauf\" \/>\n<meta property=\"article:published_time\" content=\"2023-09-05T11:17:23+00:00\" \/>\n<meta property=\"og:image\" content=\"https:\/\/now-news.de\/de\/wp-content\/uploads\/sites\/3\/2023\/09\/Elon-Musk-Verleumdungsklage-gegen-die-Anti-Defamation-League.jpg\" \/>\n\t<meta property=\"og:image:width\" content=\"460\" \/>\n\t<meta property=\"og:image:height\" content=\"259\" \/>\n\t<meta property=\"og:image:type\" content=\"image\/jpeg\" \/>\n<meta name=\"author\" content=\"rtnews\" \/>\n<meta name=\"twitter:card\" content=\"summary_large_image\" \/>\n<meta name=\"twitter:creator\" content=\"@WirMachenAuf_de\" \/>\n<meta name=\"twitter:site\" content=\"@WirMachenAuf_de\" \/>\n<meta name=\"twitter:label1\" content=\"Verfasst von\" \/>\n\t<meta name=\"twitter:data1\" content=\"rtnews\" \/>\n\t<meta name=\"twitter:label2\" content=\"Gesch\u00e4tzte Lesezeit\" \/>\n\t<meta name=\"twitter:data2\" content=\"3\u00a0Minuten\" \/>\n<script type=\"application\/ld+json\" class=\"yoast-schema-graph\">{\"@context\":\"https:\/\/schema.org\",\"@graph\":[{\"@type\":\"Article\",\"@id\":\"https:\/\/now-news.de\/de\/deutschland\/elon-musk-verleumdungsklage-gegen-die-anti-defamation-league\/#article\",\"isPartOf\":{\"@id\":\"https:\/\/now-news.de\/de\/deutschland\/elon-musk-verleumdungsklage-gegen-die-anti-defamation-league\/\"},\"author\":{\"name\":\"rtnews\",\"@id\":\"https:\/\/now-news.de\/de\/#\/schema\/person\/fb534a4e865501d8b3285208df34a9b5\"},\"headline\":\"Elon Musk: Verleumdungsklage gegen die Anti-Defamation League\",\"datePublished\":\"2023-09-05T11:17:23+00:00\",\"dateModified\":\"2023-09-05T11:17:23+00:00\",\"mainEntityOfPage\":{\"@id\":\"https:\/\/now-news.de\/de\/deutschland\/elon-musk-verleumdungsklage-gegen-die-anti-defamation-league\/\"},\"wordCount\":555,\"commentCount\":0,\"publisher\":{\"@id\":\"https:\/\/now-news.de\/de\/#organization\"},\"image\":{\"@id\":\"https:\/\/now-news.de\/de\/deutschland\/elon-musk-verleumdungsklage-gegen-die-anti-defamation-league\/#primaryimage\"},\"thumbnailUrl\":\"https:\/\/now-news.de\/de\/wp-content\/uploads\/sites\/3\/2023\/09\/Elon-Musk-Verleumdungsklage-gegen-die-Anti-Defamation-League.jpg\",\"keywords\":[\"AntiDefamation\",\"die\",\"ELON\",\"gegen\",\"League\",\"Musk\",\"Verleumdungsklage\"],\"articleSection\":[\"Deutschland\",\"Russland\"],\"inLanguage\":\"de\",\"potentialAction\":[{\"@type\":\"CommentAction\",\"name\":\"Comment\",\"target\":[\"https:\/\/now-news.de\/de\/deutschland\/elon-musk-verleumdungsklage-gegen-die-anti-defamation-league\/#respond\"]}]},{\"@type\":\"WebPage\",\"@id\":\"https:\/\/now-news.de\/de\/deutschland\/elon-musk-verleumdungsklage-gegen-die-anti-defamation-league\/\",\"url\":\"https:\/\/now-news.de\/de\/deutschland\/elon-musk-verleumdungsklage-gegen-die-anti-defamation-league\/\",\"name\":\"Elon Musk: Verleumdungsklage gegen die Anti-Defamation League - just-now.NEWS Deutschland\",\"isPartOf\":{\"@id\":\"https:\/\/now-news.de\/de\/#website\"},\"primaryImageOfPage\":{\"@id\":\"https:\/\/now-news.de\/de\/deutschland\/elon-musk-verleumdungsklage-gegen-die-anti-defamation-league\/#primaryimage\"},\"image\":{\"@id\":\"https:\/\/now-news.de\/de\/deutschland\/elon-musk-verleumdungsklage-gegen-die-anti-defamation-league\/#primaryimage\"},\"thumbnailUrl\":\"https:\/\/now-news.de\/de\/wp-content\/uploads\/sites\/3\/2023\/09\/Elon-Musk-Verleumdungsklage-gegen-die-Anti-Defamation-League.jpg\",\"datePublished\":\"2023-09-05T11:17:23+00:00\",\"dateModified\":\"2023-09-05T11:17:23+00:00\",\"breadcrumb\":{\"@id\":\"https:\/\/now-news.de\/de\/deutschland\/elon-musk-verleumdungsklage-gegen-die-anti-defamation-league\/#breadcrumb\"},\"inLanguage\":\"de\",\"potentialAction\":[{\"@type\":\"ReadAction\",\"target\":[\"https:\/\/now-news.de\/de\/deutschland\/elon-musk-verleumdungsklage-gegen-die-anti-defamation-league\/\"]}]},{\"@type\":\"ImageObject\",\"inLanguage\":\"de\",\"@id\":\"https:\/\/now-news.de\/de\/deutschland\/elon-musk-verleumdungsklage-gegen-die-anti-defamation-league\/#primaryimage\",\"url\":\"https:\/\/now-news.de\/de\/wp-content\/uploads\/sites\/3\/2023\/09\/Elon-Musk-Verleumdungsklage-gegen-die-Anti-Defamation-League.jpg\",\"contentUrl\":\"https:\/\/now-news.de\/de\/wp-content\/uploads\/sites\/3\/2023\/09\/Elon-Musk-Verleumdungsklage-gegen-die-Anti-Defamation-League.jpg\",\"width\":460,\"height\":259,\"caption\":\"Elon Musk: Verleumdungsklage gegen die Anti-Defamation League\"},{\"@type\":\"BreadcrumbList\",\"@id\":\"https:\/\/now-news.de\/de\/deutschland\/elon-musk-verleumdungsklage-gegen-die-anti-defamation-league\/#breadcrumb\",\"itemListElement\":[{\"@type\":\"ListItem\",\"position\":1,\"name\":\"Home\",\"item\":\"https:\/\/now-news.de\/de\/\"},{\"@type\":\"ListItem\",\"position\":2,\"name\":\"Elon Musk: Verleumdungsklage gegen die Anti-Defamation League\"}]},{\"@type\":\"WebSite\",\"@id\":\"https:\/\/now-news.de\/de\/#website\",\"url\":\"https:\/\/now-news.de\/de\/\",\"name\":\"just-now.NEWS Deutschland\",\"description\":\"Das Portal f\u00fcr unzensierte Nachrichten aus der Welt\",\"publisher\":{\"@id\":\"https:\/\/now-news.de\/de\/#organization\"},\"potentialAction\":[{\"@type\":\"SearchAction\",\"target\":{\"@type\":\"EntryPoint\",\"urlTemplate\":\"https:\/\/now-news.de\/de\/?s={search_term_string}\"},\"query-input\":\"required name=search_term_string\"}],\"inLanguage\":\"de\"},{\"@type\":\"Organization\",\"@id\":\"https:\/\/now-news.de\/de\/#organization\",\"name\":\"Just Now News\",\"url\":\"https:\/\/now-news.de\/de\/\",\"logo\":{\"@type\":\"ImageObject\",\"inLanguage\":\"de\",\"@id\":\"https:\/\/now-news.de\/de\/#\/schema\/logo\/image\/\",\"url\":\"http:\/\/just-now.news\/de\/wp-content\/uploads\/sites\/3\/2022\/04\/logo500x500.jpg\",\"contentUrl\":\"http:\/\/just-now.news\/de\/wp-content\/uploads\/sites\/3\/2022\/04\/logo500x500.jpg\",\"width\":500,\"height\":500,\"caption\":\"Just Now News\"},\"image\":{\"@id\":\"https:\/\/now-news.de\/de\/#\/schema\/logo\/image\/\"},\"sameAs\":[\"https:\/\/www.facebook.com\/wirmachenauf\",\"https:\/\/x.com\/WirMachenAuf_de\"]},{\"@type\":\"Person\",\"@id\":\"https:\/\/now-news.de\/de\/#\/schema\/person\/fb534a4e865501d8b3285208df34a9b5\",\"name\":\"rtnews\",\"image\":{\"@type\":\"ImageObject\",\"inLanguage\":\"de\",\"@id\":\"https:\/\/now-news.de\/de\/#\/schema\/person\/image\/\",\"url\":\"https:\/\/secure.gravatar.com\/avatar\/82aafea7d8127119dd649515f56e2117?s=96&d=mm&r=g\",\"contentUrl\":\"https:\/\/secure.gravatar.com\/avatar\/82aafea7d8127119dd649515f56e2117?s=96&d=mm&r=g\",\"caption\":\"rtnews\"},\"url\":\"https:\/\/now-news.de\/de\/author\/rnews\/\"}]}<\/script>\n<!-- \/ Yoast SEO Premium plugin. -->","yoast_head_json":{"title":"Elon Musk: Verleumdungsklage gegen die Anti-Defamation League - just-now.NEWS Deutschland","robots":{"index":"index","follow":"follow","max-snippet":"max-snippet:-1","max-image-preview":"max-image-preview:large","max-video-preview":"max-video-preview:-1"},"canonical":"https:\/\/now-news.de\/de\/deutschland\/elon-musk-verleumdungsklage-gegen-die-anti-defamation-league\/","og_locale":"de_DE","og_type":"article","og_title":"Elon Musk: Verleumdungsklage gegen die Anti-Defamation League","og_description":"Laut Elon Musk versuchte die Organisation Anti-Defamation League, seine Social-Media-Plattform X zu zerst\u00f6ren, indem sie falsche Behauptungen \u00fcber Antisemitismus aufstellte. Die Anti-Defamation League warf X vor, die eigenen Richtlinien nicht durchzusetzen. Der Unternehmer Elon Musk hat in seiner Fehde mit der\u00a0Anti-Defamation League\u00a0(ADL; Anti-Defamierungsliga) den Einsatz erh\u00f6ht. Er deutete an, dass er die j\u00fcdische B\u00fcrgerrechtsgruppe m\u00f6glicherweise [&hellip;]","og_url":"https:\/\/now-news.de\/de\/deutschland\/elon-musk-verleumdungsklage-gegen-die-anti-defamation-league\/","og_site_name":"just-now.NEWS Deutschland","article_publisher":"https:\/\/www.facebook.com\/wirmachenauf","article_published_time":"2023-09-05T11:17:23+00:00","og_image":[{"width":460,"height":259,"url":"https:\/\/now-news.de\/de\/wp-content\/uploads\/sites\/3\/2023\/09\/Elon-Musk-Verleumdungsklage-gegen-die-Anti-Defamation-League.jpg","type":"image\/jpeg"}],"author":"rtnews","twitter_card":"summary_large_image","twitter_creator":"@WirMachenAuf_de","twitter_site":"@WirMachenAuf_de","twitter_misc":{"Verfasst von":"rtnews","Gesch\u00e4tzte Lesezeit":"3\u00a0Minuten"},"schema":{"@context":"https:\/\/schema.org","@graph":[{"@type":"Article","@id":"https:\/\/now-news.de\/de\/deutschland\/elon-musk-verleumdungsklage-gegen-die-anti-defamation-league\/#article","isPartOf":{"@id":"https:\/\/now-news.de\/de\/deutschland\/elon-musk-verleumdungsklage-gegen-die-anti-defamation-league\/"},"author":{"name":"rtnews","@id":"https:\/\/now-news.de\/de\/#\/schema\/person\/fb534a4e865501d8b3285208df34a9b5"},"headline":"Elon Musk: Verleumdungsklage gegen die Anti-Defamation League","datePublished":"2023-09-05T11:17:23+00:00","dateModified":"2023-09-05T11:17:23+00:00","mainEntityOfPage":{"@id":"https:\/\/now-news.de\/de\/deutschland\/elon-musk-verleumdungsklage-gegen-die-anti-defamation-league\/"},"wordCount":555,"commentCount":0,"publisher":{"@id":"https:\/\/now-news.de\/de\/#organization"},"image":{"@id":"https:\/\/now-news.de\/de\/deutschland\/elon-musk-verleumdungsklage-gegen-die-anti-defamation-league\/#primaryimage"},"thumbnailUrl":"https:\/\/now-news.de\/de\/wp-content\/uploads\/sites\/3\/2023\/09\/Elon-Musk-Verleumdungsklage-gegen-die-Anti-Defamation-League.jpg","keywords":["AntiDefamation","die","ELON","gegen","League","Musk","Verleumdungsklage"],"articleSection":["Deutschland","Russland"],"inLanguage":"de","potentialAction":[{"@type":"CommentAction","name":"Comment","target":["https:\/\/now-news.de\/de\/deutschland\/elon-musk-verleumdungsklage-gegen-die-anti-defamation-league\/#respond"]}]},{"@type":"WebPage","@id":"https:\/\/now-news.de\/de\/deutschland\/elon-musk-verleumdungsklage-gegen-die-anti-defamation-league\/","url":"https:\/\/now-news.de\/de\/deutschland\/elon-musk-verleumdungsklage-gegen-die-anti-defamation-league\/","name":"Elon Musk: Verleumdungsklage gegen die Anti-Defamation League - just-now.NEWS Deutschland","isPartOf":{"@id":"https:\/\/now-news.de\/de\/#website"},"primaryImageOfPage":{"@id":"https:\/\/now-news.de\/de\/deutschland\/elon-musk-verleumdungsklage-gegen-die-anti-defamation-league\/#primaryimage"},"image":{"@id":"https:\/\/now-news.de\/de\/deutschland\/elon-musk-verleumdungsklage-gegen-die-anti-defamation-league\/#primaryimage"},"thumbnailUrl":"https:\/\/now-news.de\/de\/wp-content\/uploads\/sites\/3\/2023\/09\/Elon-Musk-Verleumdungsklage-gegen-die-Anti-Defamation-League.jpg","datePublished":"2023-09-05T11:17:23+00:00","dateModified":"2023-09-05T11:17:23+00:00","breadcrumb":{"@id":"https:\/\/now-news.de\/de\/deutschland\/elon-musk-verleumdungsklage-gegen-die-anti-defamation-league\/#breadcrumb"},"inLanguage":"de","potentialAction":[{"@type":"ReadAction","target":["https:\/\/now-news.de\/de\/deutschland\/elon-musk-verleumdungsklage-gegen-die-anti-defamation-league\/"]}]},{"@type":"ImageObject","inLanguage":"de","@id":"https:\/\/now-news.de\/de\/deutschland\/elon-musk-verleumdungsklage-gegen-die-anti-defamation-league\/#primaryimage","url":"https:\/\/now-news.de\/de\/wp-content\/uploads\/sites\/3\/2023\/09\/Elon-Musk-Verleumdungsklage-gegen-die-Anti-Defamation-League.jpg","contentUrl":"https:\/\/now-news.de\/de\/wp-content\/uploads\/sites\/3\/2023\/09\/Elon-Musk-Verleumdungsklage-gegen-die-Anti-Defamation-League.jpg","width":460,"height":259,"caption":"Elon Musk: Verleumdungsklage gegen die Anti-Defamation League"},{"@type":"BreadcrumbList","@id":"https:\/\/now-news.de\/de\/deutschland\/elon-musk-verleumdungsklage-gegen-die-anti-defamation-league\/#breadcrumb","itemListElement":[{"@type":"ListItem","position":1,"name":"Home","item":"https:\/\/now-news.de\/de\/"},{"@type":"ListItem","position":2,"name":"Elon Musk: Verleumdungsklage gegen die Anti-Defamation League"}]},{"@type":"WebSite","@id":"https:\/\/now-news.de\/de\/#website","url":"https:\/\/now-news.de\/de\/","name":"just-now.NEWS Deutschland","description":"Das Portal f\u00fcr unzensierte Nachrichten aus der Welt","publisher":{"@id":"https:\/\/now-news.de\/de\/#organization"},"potentialAction":[{"@type":"SearchAction","target":{"@type":"EntryPoint","urlTemplate":"https:\/\/now-news.de\/de\/?s={search_term_string}"},"query-input":"required name=search_term_string"}],"inLanguage":"de"},{"@type":"Organization","@id":"https:\/\/now-news.de\/de\/#organization","name":"Just Now News","url":"https:\/\/now-news.de\/de\/","logo":{"@type":"ImageObject","inLanguage":"de","@id":"https:\/\/now-news.de\/de\/#\/schema\/logo\/image\/","url":"http:\/\/just-now.news\/de\/wp-content\/uploads\/sites\/3\/2022\/04\/logo500x500.jpg","contentUrl":"http:\/\/just-now.news\/de\/wp-content\/uploads\/sites\/3\/2022\/04\/logo500x500.jpg","width":500,"height":500,"caption":"Just Now News"},"image":{"@id":"https:\/\/now-news.de\/de\/#\/schema\/logo\/image\/"},"sameAs":["https:\/\/www.facebook.com\/wirmachenauf","https:\/\/x.com\/WirMachenAuf_de"]},{"@type":"Person","@id":"https:\/\/now-news.de\/de\/#\/schema\/person\/fb534a4e865501d8b3285208df34a9b5","name":"rtnews","image":{"@type":"ImageObject","inLanguage":"de","@id":"https:\/\/now-news.de\/de\/#\/schema\/person\/image\/","url":"https:\/\/secure.gravatar.com\/avatar\/82aafea7d8127119dd649515f56e2117?s=96&d=mm&r=g","contentUrl":"https:\/\/secure.gravatar.com\/avatar\/82aafea7d8127119dd649515f56e2117?s=96&d=mm&r=g","caption":"rtnews"},"url":"https:\/\/now-news.de\/de\/author\/rnews\/"}]}},"_links":{"self":[{"href":"https:\/\/now-news.de\/de\/wp-json\/wp\/v2\/posts\/45722"}],"collection":[{"href":"https:\/\/now-news.de\/de\/wp-json\/wp\/v2\/posts"}],"about":[{"href":"https:\/\/now-news.de\/de\/wp-json\/wp\/v2\/types\/post"}],"author":[{"embeddable":true,"href":"https:\/\/now-news.de\/de\/wp-json\/wp\/v2\/users\/3"}],"replies":[{"embeddable":true,"href":"https:\/\/now-news.de\/de\/wp-json\/wp\/v2\/comments?post=45722"}],"version-history":[{"count":0,"href":"https:\/\/now-news.de\/de\/wp-json\/wp\/v2\/posts\/45722\/revisions"}],"wp:featuredmedia":[{"embeddable":true,"href":"https:\/\/now-news.de\/de\/wp-json\/wp\/v2\/media\/45723"}],"wp:attachment":[{"href":"https:\/\/now-news.de\/de\/wp-json\/wp\/v2\/media?parent=45722"}],"wp:term":[{"taxonomy":"category","embeddable":true,"href":"https:\/\/now-news.de\/de\/wp-json\/wp\/v2\/categories?post=45722"},{"taxonomy":"post_tag","embeddable":true,"href":"https:\/\/now-news.de\/de\/wp-json\/wp\/v2\/tags?post=45722"}],"curies":[{"name":"wp","href":"https:\/\/api.w.org\/{rel}","templated":true}]}}