{"id":45713,"date":"2023-09-05T07:00:00","date_gmt":"2023-09-05T05:00:00","guid":{"rendered":"https:\/\/just-now.news\/de\/deutschland\/niger-baerbock-und-das-voelkerrecht\/"},"modified":"2023-09-05T07:00:00","modified_gmt":"2023-09-05T05:00:00","slug":"niger-baerbock-und-das-voelkerrecht","status":"publish","type":"post","link":"https:\/\/now-news.de\/de\/deutschland\/niger-baerbock-und-das-voelkerrecht\/","title":{"rendered":"Niger, Baerbock und das V\u00f6lkerrecht"},"content":{"rendered":"<p><img decoding=\"async\" src=\"http:\/\/just-now.news\/de\/wp-content\/uploads\/sites\/3\/2023\/09\/64f5e959b480cc1d5962d0bd.jpg\" \/><\/p>\n<div class=\"Text-root Text-type_1 \">\n                Baerbock behauptet, das V\u00f6lkerrecht sei ihr politischer Ma\u00dfstab. Dabei zeigt sie t\u00e4glich, dass ihr das internationale Recht vor allem eines ist: schnurzpiepegal. Es braucht eine Reform der internationalen Ordnung, die auch L\u00e4nder wie Deutschland zwingt, sich an den Geist der UN-Charta zu halten.\n            <\/div>\n<p><\/p>\n<div class=\"Text-root Text-type_5 ArticleView-text ViewText-root \">\n<p><em>Von Gert Ewen Ungar<\/em><\/p>\n<p>Das Ged\u00e4chtnis deutscher Medien ist extrem kurzlebig. Noch im M\u00e4rz wurde die Au\u00dfenministerin Annalena Baerbock (B\u00fcndnis 90\/Die Gr\u00fcnen) anl\u00e4sslich ihres Besuchs in Niger f\u00fcr ihre betont b\u00fcrgernahen Auftritte gefeiert. Baerbock lie\u00df sich mit einer Holzstange \u00fcber der Schulter ablichten, an der auf jeder Seite mit einem Strick ein Plasikeimer zum Tragen von Fr\u00fcchten, Waren und Wasser befestigt war. Baerbock war umringt von nigrischen Frauen und man lachte beherzt.\u00a0<\/p>\n<blockquote>\n<p><em>&#8220;Baerbock verwandelt sich, sobald sie auf normale Menschen trifft, umgehend in eine Au\u00dfenministerin zum Anfassen \u2013 vor allem, wenn sie Frauen und Kinder sieht. (&#8230;) Sie fragt nach Namen und Alter, und erz\u00e4hlt auch gern, dass sie selbst T\u00f6chter hat. Das bricht das Eis\u201d, <\/em><\/p>\n<\/blockquote>\n<p><a rel=\"nofollow noopener\" target=\"_blank\" href=\"https:\/\/www.tagesschau.de\/ausland\/afrika\/baerbock-mali-niger-105.html\">schrieb <\/a>die <em>Tagesschau<\/em>, die es selbstverst\u00e4ndlich f\u00fcr v\u00f6llig unangemessen h\u00e4lt, wenn man sie der Hofberichterstattung bezichtigt.\u00a0<\/p>\n<p>Nun ist es f\u00fcr die nigrische Bev\u00f6lkerung mit der deutschen Au\u00dfenministerin zum Anfassen erstmal vorbei, denn das bettelarme Land wird zum Ziel von Sanktionen, deren Einf\u00fchrung Baerbock ausdr\u00fccklich begr\u00fc\u00dft.<\/p>\n<blockquote>\n<p><em>&#8220;Das wird Leben kosten&#8221;,<\/em><\/p>\n<\/blockquote>\n<p>verspricht Gregor Robak-Werth,\u00a0Leiter der Hilfsorganisation Action contre la faim (Aktion gegen den Hunger). Der deutschen Au\u00dfenministerin sind Menschenleben gleichg\u00fcltig. Menschliches Leid ebenso, es sei denn, sie kann es instrumentalisieren. Was ihr in Niger keinerlei Regung von Mitgef\u00fchl entlockt,\u00a0ist ihr in der Ukraine unglaublich wichtig. All die Opfer, die Kinder, ihre Familien und diese eine skrupellose Macht, die ihre Interessen mit Gewalt durchsetzt \u2013 die Welt darf nicht wegsehen! Was Baerbock auf Russland m\u00fcnzt, trifft in weitaus st\u00e4rkerem Aufma\u00df auf Deutschland zu. Diese Bigotterie macht Baerbock nicht nur als Au\u00dfenministerin, sondern auch als Mensch v\u00f6llig unglaubw\u00fcrdig.<\/p>\n<p>Baerbocks gro\u00dfes Vorbild ist \u00fcbrigens die ehemalige Au\u00dfenministerin der USA, Madeleine Albright. Deren Gleichg\u00fcltigkeit hinsichtlich Menschenleben weist auch Baerbock offenbar die politische Richtung. Albright ging es damals, um das, worum es Baerbock heute geht: um schiere Macht und Dominanz. Die von den USA verh\u00e4ngten Sanktionen gegen den Irak hatten den Tod von gesch\u00e4tzt 500.000 Kindern zur Folge. Albright fand, das war es Wert. Da kann sich Niger ja auf was gefasst machen.\u00a0<\/p>\n<p>Die deutsche Au\u00dfenministerin beweist, dass feministische Au\u00dfenpolitik vor allem zickig, launisch, menschenverachtend, willk\u00fcrlich, aber verl\u00e4sslich darauf bedacht ist, den eigenen Dominanzanspruch durchzusetzen. Mit ihrer feministischen Au\u00dfenpolitik versammelt Baerbock alle negativen weiblichen Attribute auf sich. Vernunft, Rationalit\u00e4t, Diplomatie und Bem\u00fchen um Ausgleich \u2013 Fehlanzeige.\u00a0<\/p>\n<p>Nun behauptet Baerbock, sich im V\u00f6lkerrecht auszukennen. Dass das nicht mehr als ein schlechter Werbegag ist, wei\u00df jeder. Das V\u00f6lkerrecht ist der deutschen Au\u00dfenministerin schnurzpiepegal. Sie beweist es t\u00e4glich.<\/p>\n<p>Wie egal ihr das V\u00f6lkerrecht ist, wird gerade am Beispiel Niger deutlich. Nachdem Deutschland aus Mali rausgeschmissen worden war, war Niger das letzte Land im Sahel, das eine deutsche Milit\u00e4rpr\u00e4senz zulie\u00df. Nach dem Milit\u00e4rputsch Ende Juli ist es\u00a0auch damit vorbei. Die deutschen Interessen sind gef\u00e4hrdet, also setzt sich die angeblich so b\u00fcrgernahe Au\u00dfenministerin f\u00fcr Sanktionen ein, die auch jene Frauen hart treffen werden, mit denen sie noch im M\u00e4rz medienwirksam scherzte.\u00a0Deren Wohlergehen ist Baerbock schlicht schnurz. Sie haben ihren PR-Zweck erf\u00fcllt.\u00a0<\/p>\n<p>Egal ist ihr auch, dass die von ihr bef\u00fcrworteten Sanktionen gegen Niger einen klaren Bruch des V\u00f6lkerrechts darstellen. Es gibt nur ein Gremium, das Zwangsma\u00dfnahmen verh\u00e4ngen kann, das ist der UN-Sicherheitsrat. Wer nur einen Hauch von Ahnung vom V\u00f6lkerrecht hat, wei\u00df das. Sowohl die Sanktionen gegen Niger als auch die gegen Russland und ebenso die Sanktionen gegen Iran, Syrien und gegen all die anderen L\u00e4nder, gegen die Deutschland und die EU einseitige Strafma\u00dfnahmen ohne Sicherheitsratsbeschluss verh\u00e4ngt haben, stellen einen klaren Versto\u00df gegen das V\u00f6lkerrecht dar. Baerbock ist auch das v\u00f6llig gleichg\u00fcltig. Sie stellt sich und Deutschland \u00fcber das internationale Recht. Dass das Konsequenzen haben wird, muss jedem klar sein.\u00a0<\/p>\n<p>Schnuppe ist ihr auch, dass die einseitigen Ma\u00dfnahmen des Westens vom UN-Menschenrechtsrat als v\u00f6lkerrechtswidrig und als Versto\u00df gegen die Menschenrechte verurteilt und ihre sofortige Aufhebung gefordert wurde. Baerbock setzt sich einfach dar\u00fcber hinweg.\u00a0Auch dass Waffenlieferungen in Kriegs- und Krisengebiete gegen die UN-Charta versto\u00dfen \u2013 was soll&#8217;s? Das alles ficht eine Baerbock nicht an.\u00a0<\/p>\n<p>Friedensgebot im Grundgesetz, die Aufforderung der UN, die diplomatischen Bem\u00fchungen im Ukraine-Konflikt zu erh\u00f6hen, all das geht der deutschen Au\u00dfenministerin hinten vorbei. Sie erh\u00f6ht die Bem\u00fchungen nicht, sie stellt sie im Gegenteil komplett ein. Mit Russland k\u00f6nne man nicht reden, behauptet dreist ausgerechnet diejenige, die mit sich nicht reden l\u00e4sst.\u00a0\u00a0<\/p>\n<p>Nat\u00fcrlich wei\u00df jeder politische Beobachter, dass Baerbock den Begriff des V\u00f6lkerrechts f\u00fcr PR-Zwecke missbraucht. Nur ein kleiner Kreis von\u00a0ganz hart gesottenen Baerbock-Groupies glaubt ihrer Aussage, dass Deutschland sich an UN-Charta und internationales Recht halten w\u00fcrde.\u00a0Jeder, der sich auch nur ab und zu au\u00dferhalb des deutschen Mainstreams informiert, wei\u00df, dass das nicht der Fall ist. Ganz im Gegenteil. Baerbock macht das V\u00f6lkerrecht zur Makulatur. Sie setzt auf das Recht des St\u00e4rkeren. Baerbocks feministische Au\u00dfenpolitik steht f\u00fcr genau die Form der Barbarei, vor der internationales Recht sch\u00fctzen soll.<\/p>\n<p>Verbindliche Regeln, an die sich auch sie, an dies sich Deutschland halten m\u00fcsste, interessieren die deutsche Au\u00dfenministerin nicht. Sie interessiert ausschlie\u00dflich die Durchsetzung des westlichen Hegemonialanspruchs. Sie legt das V\u00f6lkerrecht nach Lust und Laune aus. Seinen Geist versteht sie ohnehin nicht. Der besteht darin, dass Sicherheit ein unteilbares Konzept ist. Man ist nicht sicher vor einer anderen Macht, sondern nur gemeinsam mit ihr.<\/p>\n<p>Nat\u00fcrlich versteht man all dies au\u00dferhalb des deutschen Mainstreams. Man versteht es vor allem im Ausland. Die moralische Hybris der Baerbock ist reine Show \u2013 eine Luftnummer. Ohne Substanz, ohne Verbindlichkeit. Deutschland ist unzuverl\u00e4ssig und deutsche Politik bietet keine Grundlage f\u00fcr die Ausbildung stabiler internationaler Beziehungen. Launisch eben. Niger kann von dieser Launenhaftigkeit ein traurig klingendes Lied singen. Russland und China ebenso.\u00a0<\/p>\n<p>Baerbock hat der Welt deutlich vor Augen gef\u00fchrt, dass Deutschland ein tief verlogenes Land ist, das sich f\u00fcr Gerechtigkeit, Ausgleich der Interessen und vor allem f\u00fcr Frieden und Diplomatie nicht interessiert. Es geht Baerbock mit all ihrem feministischen Getue um Macht und Dominanz \u2013 sie vollzieht patriarchale Politik der allerschlimmsten Provenienz. Baerbock hat mit ihrem Auftreten das Interesse der Welt an einer Abl\u00f6sung der westlichen, \u201cregelbasierten Ordnung\u201d, bei der der Westen die Regeln vorgibt, an die er sich dann selbst nicht h\u00e4lt, noch einmal beschleunigt. Die mulitipolare Welt muss Wirklichkeit werden, damit eine Au\u00dfenpolitik nach deutschem Gusto, nach Baerbocks Gutd\u00fcnken nicht mehr m\u00f6glich ist.\u00a0<\/p>\n<p>Mit ihrer launenhaften Unberechenbarkeit und ihrer Willk\u00fcr hat Baerbock nat\u00fcrlich auch dem Ansehen Deutschlands massiv geschadet. Sie hat zudem deutlich gemacht, dass Deutschland nach Dominanz und Herrschaft strebt. Sie hat damit auch gezeigt, dass es dringend einer Reform der internationalen Institutionen bedarf, einer Demokratisierung der internationalen Beziehungen, im Rahmen derer sichergestellt ist, dass sich auch L\u00e4nder wie Deutschland wieder an das V\u00f6lkerrecht halten, gegen dessen Geist die Baerbocksche &#8220;feministische Au\u00dfenpolitik&#8221; permanent verst\u00f6\u00dft.\u00a0<\/p>\n<p><strong>Mehr zum Thema<\/strong>\u00a0\u2013 <a rel=\"nofollow noopener\" target=\"_blank\" href=\"https:\/\/freedert.online\/inland\/179663-vorschlag-fuer-rueckkehr-zur-politischen\/\">Vorschlag f\u00fcr die R\u00fcckkehr zur politischen Vernunft<\/a><\/p>\n<\/div>\n<p><br \/>\n<br \/><a href=\"https:\/\/de.rt.com\/meinung\/179741-niger-baerbock-und-voelkerrecht\/\">Source link <\/a><\/p>\n","protected":false},"excerpt":{"rendered":"<p>Baerbock behauptet, das V\u00f6lkerrecht sei ihr politischer Ma\u00dfstab. Dabei zeigt sie t\u00e4glich, dass ihr das internationale Recht vor allem eines ist: schnurzpiepegal. Es braucht eine Reform der internationalen Ordnung, die auch L\u00e4nder wie Deutschland zwingt, sich an den Geist der UN-Charta zu halten. Von Gert Ewen Ungar Das Ged\u00e4chtnis deutscher Medien ist extrem kurzlebig. Noch [&hellip;]<\/p>\n","protected":false},"author":3,"featured_media":45714,"comment_status":"open","ping_status":"open","sticky":false,"template":"","format":"standard","meta":{"_yoast_indexnow_last_ping":["1693891284"],"wp_automatic_camp":["217"],"7818a7912bebab3182fbb05d3f93b5db":["Niger, Baerbock und das V\u00f6lkerrecht"],"original_link":["https:\/\/de.rt.com\/meinung\/179741-niger-baerbock-und-voelkerrecht\/"],"_thumbnail_id":["45714"],"_wptgpro_p2tg_sent2tg":["a:1:{i:23737;s:19:\"2023-09-05 07:23:13\";}"],"jnews_social_counter_last_update":["1777312499"]},"categories":[19,23],"tags":[587,427,36434,140,32275],"yoast_head":"<!-- This site is optimized with the Yoast SEO Premium plugin v22.7 (Yoast SEO v22.7) - https:\/\/yoast.com\/wordpress\/plugins\/seo\/ -->\n<title>Niger, Baerbock und das V\u00f6lkerrecht - just-now.NEWS Deutschland<\/title>\n<meta name=\"robots\" content=\"index, follow, max-snippet:-1, max-image-preview:large, max-video-preview:-1\" \/>\n<link rel=\"canonical\" href=\"https:\/\/now-news.de\/de\/deutschland\/niger-baerbock-und-das-voelkerrecht\/\" \/>\n<meta property=\"og:locale\" content=\"de_DE\" \/>\n<meta property=\"og:type\" content=\"article\" \/>\n<meta property=\"og:title\" content=\"Niger, Baerbock und das V\u00f6lkerrecht\" \/>\n<meta property=\"og:description\" content=\"Baerbock behauptet, das V\u00f6lkerrecht sei ihr politischer Ma\u00dfstab. Dabei zeigt sie t\u00e4glich, dass ihr das internationale Recht vor allem eines ist: schnurzpiepegal. Es braucht eine Reform der internationalen Ordnung, die auch L\u00e4nder wie Deutschland zwingt, sich an den Geist der UN-Charta zu halten. Von Gert Ewen Ungar Das Ged\u00e4chtnis deutscher Medien ist extrem kurzlebig. Noch [&hellip;]\" \/>\n<meta property=\"og:url\" content=\"https:\/\/now-news.de\/de\/deutschland\/niger-baerbock-und-das-voelkerrecht\/\" \/>\n<meta property=\"og:site_name\" content=\"just-now.NEWS Deutschland\" \/>\n<meta property=\"article:publisher\" content=\"https:\/\/www.facebook.com\/wirmachenauf\" \/>\n<meta property=\"article:published_time\" content=\"2023-09-05T05:00:00+00:00\" \/>\n<meta property=\"og:image\" content=\"https:\/\/now-news.de\/de\/wp-content\/uploads\/sites\/3\/2023\/09\/Niger-Baerbock-und-das-Voelkerrecht.jpg\" \/>\n\t<meta property=\"og:image:width\" content=\"460\" \/>\n\t<meta property=\"og:image:height\" content=\"259\" \/>\n\t<meta property=\"og:image:type\" content=\"image\/jpeg\" \/>\n<meta name=\"author\" content=\"rtnews\" \/>\n<meta name=\"twitter:card\" content=\"summary_large_image\" \/>\n<meta name=\"twitter:creator\" content=\"@WirMachenAuf_de\" \/>\n<meta name=\"twitter:site\" content=\"@WirMachenAuf_de\" \/>\n<meta name=\"twitter:label1\" content=\"Verfasst von\" \/>\n\t<meta name=\"twitter:data1\" content=\"rtnews\" \/>\n\t<meta name=\"twitter:label2\" content=\"Gesch\u00e4tzte Lesezeit\" \/>\n\t<meta name=\"twitter:data2\" content=\"6\u00a0Minuten\" \/>\n<script type=\"application\/ld+json\" class=\"yoast-schema-graph\">{\"@context\":\"https:\/\/schema.org\",\"@graph\":[{\"@type\":\"Article\",\"@id\":\"https:\/\/now-news.de\/de\/deutschland\/niger-baerbock-und-das-voelkerrecht\/#article\",\"isPartOf\":{\"@id\":\"https:\/\/now-news.de\/de\/deutschland\/niger-baerbock-und-das-voelkerrecht\/\"},\"author\":{\"name\":\"rtnews\",\"@id\":\"https:\/\/now-news.de\/de\/#\/schema\/person\/fb534a4e865501d8b3285208df34a9b5\"},\"headline\":\"Niger, Baerbock und das V\u00f6lkerrecht\",\"datePublished\":\"2023-09-05T05:00:00+00:00\",\"dateModified\":\"2023-09-05T05:00:00+00:00\",\"mainEntityOfPage\":{\"@id\":\"https:\/\/now-news.de\/de\/deutschland\/niger-baerbock-und-das-voelkerrecht\/\"},\"wordCount\":1262,\"commentCount\":0,\"publisher\":{\"@id\":\"https:\/\/now-news.de\/de\/#organization\"},\"image\":{\"@id\":\"https:\/\/now-news.de\/de\/deutschland\/niger-baerbock-und-das-voelkerrecht\/#primaryimage\"},\"thumbnailUrl\":\"https:\/\/now-news.de\/de\/wp-content\/uploads\/sites\/3\/2023\/09\/Niger-Baerbock-und-das-Voelkerrecht.jpg\",\"keywords\":[\"Baerbock\",\"das\",\"Niger\",\"und\",\"V\u00f6lkerrecht\"],\"articleSection\":[\"Deutschland\",\"Russland\"],\"inLanguage\":\"de\",\"potentialAction\":[{\"@type\":\"CommentAction\",\"name\":\"Comment\",\"target\":[\"https:\/\/now-news.de\/de\/deutschland\/niger-baerbock-und-das-voelkerrecht\/#respond\"]}]},{\"@type\":\"WebPage\",\"@id\":\"https:\/\/now-news.de\/de\/deutschland\/niger-baerbock-und-das-voelkerrecht\/\",\"url\":\"https:\/\/now-news.de\/de\/deutschland\/niger-baerbock-und-das-voelkerrecht\/\",\"name\":\"Niger, Baerbock und das V\u00f6lkerrecht - just-now.NEWS Deutschland\",\"isPartOf\":{\"@id\":\"https:\/\/now-news.de\/de\/#website\"},\"primaryImageOfPage\":{\"@id\":\"https:\/\/now-news.de\/de\/deutschland\/niger-baerbock-und-das-voelkerrecht\/#primaryimage\"},\"image\":{\"@id\":\"https:\/\/now-news.de\/de\/deutschland\/niger-baerbock-und-das-voelkerrecht\/#primaryimage\"},\"thumbnailUrl\":\"https:\/\/now-news.de\/de\/wp-content\/uploads\/sites\/3\/2023\/09\/Niger-Baerbock-und-das-Voelkerrecht.jpg\",\"datePublished\":\"2023-09-05T05:00:00+00:00\",\"dateModified\":\"2023-09-05T05:00:00+00:00\",\"breadcrumb\":{\"@id\":\"https:\/\/now-news.de\/de\/deutschland\/niger-baerbock-und-das-voelkerrecht\/#breadcrumb\"},\"inLanguage\":\"de\",\"potentialAction\":[{\"@type\":\"ReadAction\",\"target\":[\"https:\/\/now-news.de\/de\/deutschland\/niger-baerbock-und-das-voelkerrecht\/\"]}]},{\"@type\":\"ImageObject\",\"inLanguage\":\"de\",\"@id\":\"https:\/\/now-news.de\/de\/deutschland\/niger-baerbock-und-das-voelkerrecht\/#primaryimage\",\"url\":\"https:\/\/now-news.de\/de\/wp-content\/uploads\/sites\/3\/2023\/09\/Niger-Baerbock-und-das-Voelkerrecht.jpg\",\"contentUrl\":\"https:\/\/now-news.de\/de\/wp-content\/uploads\/sites\/3\/2023\/09\/Niger-Baerbock-und-das-Voelkerrecht.jpg\",\"width\":460,\"height\":259,\"caption\":\"Niger, Baerbock und das V\u00f6lkerrecht\"},{\"@type\":\"BreadcrumbList\",\"@id\":\"https:\/\/now-news.de\/de\/deutschland\/niger-baerbock-und-das-voelkerrecht\/#breadcrumb\",\"itemListElement\":[{\"@type\":\"ListItem\",\"position\":1,\"name\":\"Home\",\"item\":\"https:\/\/now-news.de\/de\/\"},{\"@type\":\"ListItem\",\"position\":2,\"name\":\"Niger, Baerbock und das V\u00f6lkerrecht\"}]},{\"@type\":\"WebSite\",\"@id\":\"https:\/\/now-news.de\/de\/#website\",\"url\":\"https:\/\/now-news.de\/de\/\",\"name\":\"just-now.NEWS Deutschland\",\"description\":\"Das Portal f\u00fcr unzensierte Nachrichten aus der Welt\",\"publisher\":{\"@id\":\"https:\/\/now-news.de\/de\/#organization\"},\"potentialAction\":[{\"@type\":\"SearchAction\",\"target\":{\"@type\":\"EntryPoint\",\"urlTemplate\":\"https:\/\/now-news.de\/de\/?s={search_term_string}\"},\"query-input\":\"required name=search_term_string\"}],\"inLanguage\":\"de\"},{\"@type\":\"Organization\",\"@id\":\"https:\/\/now-news.de\/de\/#organization\",\"name\":\"Just Now News\",\"url\":\"https:\/\/now-news.de\/de\/\",\"logo\":{\"@type\":\"ImageObject\",\"inLanguage\":\"de\",\"@id\":\"https:\/\/now-news.de\/de\/#\/schema\/logo\/image\/\",\"url\":\"http:\/\/just-now.news\/de\/wp-content\/uploads\/sites\/3\/2022\/04\/logo500x500.jpg\",\"contentUrl\":\"http:\/\/just-now.news\/de\/wp-content\/uploads\/sites\/3\/2022\/04\/logo500x500.jpg\",\"width\":500,\"height\":500,\"caption\":\"Just Now News\"},\"image\":{\"@id\":\"https:\/\/now-news.de\/de\/#\/schema\/logo\/image\/\"},\"sameAs\":[\"https:\/\/www.facebook.com\/wirmachenauf\",\"https:\/\/x.com\/WirMachenAuf_de\"]},{\"@type\":\"Person\",\"@id\":\"https:\/\/now-news.de\/de\/#\/schema\/person\/fb534a4e865501d8b3285208df34a9b5\",\"name\":\"rtnews\",\"image\":{\"@type\":\"ImageObject\",\"inLanguage\":\"de\",\"@id\":\"https:\/\/now-news.de\/de\/#\/schema\/person\/image\/\",\"url\":\"https:\/\/secure.gravatar.com\/avatar\/82aafea7d8127119dd649515f56e2117?s=96&d=mm&r=g\",\"contentUrl\":\"https:\/\/secure.gravatar.com\/avatar\/82aafea7d8127119dd649515f56e2117?s=96&d=mm&r=g\",\"caption\":\"rtnews\"},\"url\":\"https:\/\/now-news.de\/de\/author\/rnews\/\"}]}<\/script>\n<!-- \/ Yoast SEO Premium plugin. -->","yoast_head_json":{"title":"Niger, Baerbock und das V\u00f6lkerrecht - just-now.NEWS Deutschland","robots":{"index":"index","follow":"follow","max-snippet":"max-snippet:-1","max-image-preview":"max-image-preview:large","max-video-preview":"max-video-preview:-1"},"canonical":"https:\/\/now-news.de\/de\/deutschland\/niger-baerbock-und-das-voelkerrecht\/","og_locale":"de_DE","og_type":"article","og_title":"Niger, Baerbock und das V\u00f6lkerrecht","og_description":"Baerbock behauptet, das V\u00f6lkerrecht sei ihr politischer Ma\u00dfstab. Dabei zeigt sie t\u00e4glich, dass ihr das internationale Recht vor allem eines ist: schnurzpiepegal. Es braucht eine Reform der internationalen Ordnung, die auch L\u00e4nder wie Deutschland zwingt, sich an den Geist der UN-Charta zu halten. Von Gert Ewen Ungar Das Ged\u00e4chtnis deutscher Medien ist extrem kurzlebig. Noch [&hellip;]","og_url":"https:\/\/now-news.de\/de\/deutschland\/niger-baerbock-und-das-voelkerrecht\/","og_site_name":"just-now.NEWS Deutschland","article_publisher":"https:\/\/www.facebook.com\/wirmachenauf","article_published_time":"2023-09-05T05:00:00+00:00","og_image":[{"width":460,"height":259,"url":"https:\/\/now-news.de\/de\/wp-content\/uploads\/sites\/3\/2023\/09\/Niger-Baerbock-und-das-Voelkerrecht.jpg","type":"image\/jpeg"}],"author":"rtnews","twitter_card":"summary_large_image","twitter_creator":"@WirMachenAuf_de","twitter_site":"@WirMachenAuf_de","twitter_misc":{"Verfasst von":"rtnews","Gesch\u00e4tzte Lesezeit":"6\u00a0Minuten"},"schema":{"@context":"https:\/\/schema.org","@graph":[{"@type":"Article","@id":"https:\/\/now-news.de\/de\/deutschland\/niger-baerbock-und-das-voelkerrecht\/#article","isPartOf":{"@id":"https:\/\/now-news.de\/de\/deutschland\/niger-baerbock-und-das-voelkerrecht\/"},"author":{"name":"rtnews","@id":"https:\/\/now-news.de\/de\/#\/schema\/person\/fb534a4e865501d8b3285208df34a9b5"},"headline":"Niger, Baerbock und das V\u00f6lkerrecht","datePublished":"2023-09-05T05:00:00+00:00","dateModified":"2023-09-05T05:00:00+00:00","mainEntityOfPage":{"@id":"https:\/\/now-news.de\/de\/deutschland\/niger-baerbock-und-das-voelkerrecht\/"},"wordCount":1262,"commentCount":0,"publisher":{"@id":"https:\/\/now-news.de\/de\/#organization"},"image":{"@id":"https:\/\/now-news.de\/de\/deutschland\/niger-baerbock-und-das-voelkerrecht\/#primaryimage"},"thumbnailUrl":"https:\/\/now-news.de\/de\/wp-content\/uploads\/sites\/3\/2023\/09\/Niger-Baerbock-und-das-Voelkerrecht.jpg","keywords":["Baerbock","das","Niger","und","V\u00f6lkerrecht"],"articleSection":["Deutschland","Russland"],"inLanguage":"de","potentialAction":[{"@type":"CommentAction","name":"Comment","target":["https:\/\/now-news.de\/de\/deutschland\/niger-baerbock-und-das-voelkerrecht\/#respond"]}]},{"@type":"WebPage","@id":"https:\/\/now-news.de\/de\/deutschland\/niger-baerbock-und-das-voelkerrecht\/","url":"https:\/\/now-news.de\/de\/deutschland\/niger-baerbock-und-das-voelkerrecht\/","name":"Niger, Baerbock und das V\u00f6lkerrecht - just-now.NEWS Deutschland","isPartOf":{"@id":"https:\/\/now-news.de\/de\/#website"},"primaryImageOfPage":{"@id":"https:\/\/now-news.de\/de\/deutschland\/niger-baerbock-und-das-voelkerrecht\/#primaryimage"},"image":{"@id":"https:\/\/now-news.de\/de\/deutschland\/niger-baerbock-und-das-voelkerrecht\/#primaryimage"},"thumbnailUrl":"https:\/\/now-news.de\/de\/wp-content\/uploads\/sites\/3\/2023\/09\/Niger-Baerbock-und-das-Voelkerrecht.jpg","datePublished":"2023-09-05T05:00:00+00:00","dateModified":"2023-09-05T05:00:00+00:00","breadcrumb":{"@id":"https:\/\/now-news.de\/de\/deutschland\/niger-baerbock-und-das-voelkerrecht\/#breadcrumb"},"inLanguage":"de","potentialAction":[{"@type":"ReadAction","target":["https:\/\/now-news.de\/de\/deutschland\/niger-baerbock-und-das-voelkerrecht\/"]}]},{"@type":"ImageObject","inLanguage":"de","@id":"https:\/\/now-news.de\/de\/deutschland\/niger-baerbock-und-das-voelkerrecht\/#primaryimage","url":"https:\/\/now-news.de\/de\/wp-content\/uploads\/sites\/3\/2023\/09\/Niger-Baerbock-und-das-Voelkerrecht.jpg","contentUrl":"https:\/\/now-news.de\/de\/wp-content\/uploads\/sites\/3\/2023\/09\/Niger-Baerbock-und-das-Voelkerrecht.jpg","width":460,"height":259,"caption":"Niger, Baerbock und das V\u00f6lkerrecht"},{"@type":"BreadcrumbList","@id":"https:\/\/now-news.de\/de\/deutschland\/niger-baerbock-und-das-voelkerrecht\/#breadcrumb","itemListElement":[{"@type":"ListItem","position":1,"name":"Home","item":"https:\/\/now-news.de\/de\/"},{"@type":"ListItem","position":2,"name":"Niger, Baerbock und das V\u00f6lkerrecht"}]},{"@type":"WebSite","@id":"https:\/\/now-news.de\/de\/#website","url":"https:\/\/now-news.de\/de\/","name":"just-now.NEWS Deutschland","description":"Das Portal f\u00fcr unzensierte Nachrichten aus der Welt","publisher":{"@id":"https:\/\/now-news.de\/de\/#organization"},"potentialAction":[{"@type":"SearchAction","target":{"@type":"EntryPoint","urlTemplate":"https:\/\/now-news.de\/de\/?s={search_term_string}"},"query-input":"required name=search_term_string"}],"inLanguage":"de"},{"@type":"Organization","@id":"https:\/\/now-news.de\/de\/#organization","name":"Just Now News","url":"https:\/\/now-news.de\/de\/","logo":{"@type":"ImageObject","inLanguage":"de","@id":"https:\/\/now-news.de\/de\/#\/schema\/logo\/image\/","url":"http:\/\/just-now.news\/de\/wp-content\/uploads\/sites\/3\/2022\/04\/logo500x500.jpg","contentUrl":"http:\/\/just-now.news\/de\/wp-content\/uploads\/sites\/3\/2022\/04\/logo500x500.jpg","width":500,"height":500,"caption":"Just Now News"},"image":{"@id":"https:\/\/now-news.de\/de\/#\/schema\/logo\/image\/"},"sameAs":["https:\/\/www.facebook.com\/wirmachenauf","https:\/\/x.com\/WirMachenAuf_de"]},{"@type":"Person","@id":"https:\/\/now-news.de\/de\/#\/schema\/person\/fb534a4e865501d8b3285208df34a9b5","name":"rtnews","image":{"@type":"ImageObject","inLanguage":"de","@id":"https:\/\/now-news.de\/de\/#\/schema\/person\/image\/","url":"https:\/\/secure.gravatar.com\/avatar\/82aafea7d8127119dd649515f56e2117?s=96&d=mm&r=g","contentUrl":"https:\/\/secure.gravatar.com\/avatar\/82aafea7d8127119dd649515f56e2117?s=96&d=mm&r=g","caption":"rtnews"},"url":"https:\/\/now-news.de\/de\/author\/rnews\/"}]}},"_links":{"self":[{"href":"https:\/\/now-news.de\/de\/wp-json\/wp\/v2\/posts\/45713"}],"collection":[{"href":"https:\/\/now-news.de\/de\/wp-json\/wp\/v2\/posts"}],"about":[{"href":"https:\/\/now-news.de\/de\/wp-json\/wp\/v2\/types\/post"}],"author":[{"embeddable":true,"href":"https:\/\/now-news.de\/de\/wp-json\/wp\/v2\/users\/3"}],"replies":[{"embeddable":true,"href":"https:\/\/now-news.de\/de\/wp-json\/wp\/v2\/comments?post=45713"}],"version-history":[{"count":0,"href":"https:\/\/now-news.de\/de\/wp-json\/wp\/v2\/posts\/45713\/revisions"}],"wp:featuredmedia":[{"embeddable":true,"href":"https:\/\/now-news.de\/de\/wp-json\/wp\/v2\/media\/45714"}],"wp:attachment":[{"href":"https:\/\/now-news.de\/de\/wp-json\/wp\/v2\/media?parent=45713"}],"wp:term":[{"taxonomy":"category","embeddable":true,"href":"https:\/\/now-news.de\/de\/wp-json\/wp\/v2\/categories?post=45713"},{"taxonomy":"post_tag","embeddable":true,"href":"https:\/\/now-news.de\/de\/wp-json\/wp\/v2\/tags?post=45713"}],"curies":[{"name":"wp","href":"https:\/\/api.w.org\/{rel}","templated":true}]}}