{"id":45638,"date":"2023-09-03T13:48:25","date_gmt":"2023-09-03T11:48:25","guid":{"rendered":"https:\/\/just-now.news\/de\/deutschland\/ein-deutschland-das-niemandem-gehoert-kann-man-es-lieben\/"},"modified":"2023-09-03T13:48:25","modified_gmt":"2023-09-03T11:48:25","slug":"ein-deutschland-das-niemandem-gehoert-kann-man-es-lieben","status":"publish","type":"post","link":"https:\/\/now-news.de\/de\/deutschland\/ein-deutschland-das-niemandem-gehoert-kann-man-es-lieben\/","title":{"rendered":"Ein Deutschland, das niemandem geh\u00f6rt \u2013 kann man es lieben?"},"content":{"rendered":"<p><img decoding=\"async\" src=\"http:\/\/just-now.news\/de\/wp-content\/uploads\/sites\/3\/2023\/09\/64f0e99d48fbef63113ea144.jpg\" \/><\/p>\n<div class=\"Text-root Text-type_1 \">\n                Darf man sein Land lieben oder nicht? Und kann man es \u00fcberhaupt lieben, wenn man nicht das Gef\u00fchl haben darf, dass es das eigene ist? Wie soll ein Land funktionieren, das niemand mehr liebt? Wie ein vernachl\u00e4ssigtes Kind?\n            <\/div>\n<p><\/p>\n<div class=\"Text-root Text-type_5 ArticleView-text ViewText-root \">\n<p><em>Von Dagmar Henn<\/em><\/p>\n<p>Das ist ein b\u00f6sartiger Text, dieser <a rel=\"nofollow noopener\" target=\"_blank\" href=\"https:\/\/www.focus.de\/politik\/meinung\/gastbeitrag-von-naika-foroutan-sie-erkennen-ihr-land-nicht-mehr-dann-haben-sie-etwas-falsch-verstanden_id_203146719.html\">Kommentar<\/a> von Naika Foroutan im <em>Focus<\/em>. Die \u00dcberzeugung, die er wiedergibt, l\u00e4sst sich Tag f\u00fcr Tag ablesen: an den Stra\u00dfen, am Zustand des Ahrtals zwei Jahre nach der Flut, an Berliner U-Bahn-Stationen, an den Obdachlosen, die in Hauseing\u00e4ngen schlafen, ebenso wie am zerfallenden Gesundheitssystem oder an der sich ank\u00fcndigenden Bildungskatastrophe. An einer Quadratmeter f\u00fcr Quadratmeter sp\u00fcrbaren Lieblosigkeit:<\/p>\n<blockquote>\n<p><em>&#8220;Dieses Land geh\u00f6rt per se niemandem.&#8221;<\/em><\/p>\n<\/blockquote>\n<p>Ja, genauso sieht es aus. Ein Land braucht n\u00e4mlich Menschen, die es, die sie lieben und denen es etwas bedeutet. Die bereit sind, Zeit und M\u00fche aufzuwenden, damit es besser, sch\u00f6ner wird. Wenn man mit offenen Augen durch die Welt geht, kann man den Unterschied erkennen. Was einem gleichg\u00fcltig ist, das l\u00e4sst man verfallen. Was man liebt, das versucht man zu bewahren.<\/p>\n<blockquote>\n<p><em>&#8220;Deutschland ist das Land seiner Einwohner und Einwohnerinnen. Es geh\u00f6rt niemandem per se, weil er oder sie Urahnen hatten, die schon immer hier gelebt haben. Etabliertenrechte prallen also auf Neuaushandlungen und die Erwartungen der Gleichbehandlung \u2013 jenes grundgesetzliche Versprechen, das in Artikel 3 des Grundgesetzes verankert ist.&#8221;<\/em><\/p>\n<\/blockquote>\n<p>Eine widerliche Vermischung v\u00f6llig unterschiedlicher Fragen. Zuerst: es d\u00fcrfte kaum einen Quadratmeter in Deutschland geben, der nicht jemandem geh\u00f6rt. Fragen Sie mal Ihren Vermieter. Oder versuchen Sie, ihm zu erkl\u00e4ren, dass Deutschland &#8220;niemandem per se&#8221; geh\u00f6re. Ach, Verzeihung, Sie haben ja eine Professur inne, da leben Sie bestimmt in einer Eigentumswohnung. Na denn, fordern Sie doch, das Grundbuch zu verbrennen!<\/p>\n<p>So konkret ist das nat\u00fcrlich nicht gemeint. Eher ideell. Aber auch da spielt diese Frage eine Rolle. Denn es gibt eine eigenartige Nebenwirkung, wenn man die Vorstellung vertritt, eigentlich d\u00fcrfe jeder ab dem Moment, an dem er im Land ist, alle Rechte gleicherma\u00dfen in Anspruch nehmen. Das Grundgesetz fordert Gleichbehandlung, au\u00dfer in einer Frage: es gibt Rechte und Pflichten, die nur Staatsb\u00fcrger betreffen. Und es gibt \u2013 wenn auch in stetig geringerem Ma\u00dfe \u2013 noch Eigentum, das alle Staatsb\u00fcrger miteinander besitzen. Fr\u00fcher waren das einmal Bahn und Post, die Bundesstra\u00dfen, alle Geb\u00e4ude, alle Materialien, jedes St\u00fcck der Bundesverwaltung, bis hinunter zu B\u00fcrost\u00fchlen und Heftklammern. Dieses gemeinsame Eigentum unterlag auch der gemeinsamen, der politischen Entscheidung.<\/p>\n<p>Das ist auf den Ebenen darunter ebenso. An diesem Punkt behandelt auch das Grundgesetz nicht gleich. Das Wahlrecht ist \u2013 zumindest auf der Bundesebene \u2013 an die Staatsb\u00fcrgerschaft gekn\u00fcpft und an die Vollj\u00e4hrigkeit. Der Hintergrund ist durchaus auch, dass die Menschen wissen sollten, wor\u00fcber sie entscheiden.<\/p>\n<p>Interessanterweise sind es gerade die Vertreter des &#8220;Deutschland geh\u00f6rt niemandem&#8221;, die gerade eben dieses kollektive Eigentum als st\u00f6rend empfinden. So wie den Patriotismus. Die Konsequenz dieser Vorstellung ist aber mitnichten ein Zustand gr\u00f6\u00dferer Freiheit. Im Gegenteil. Die Preisgabe des Anspruchs auf die Nation, die in dieser Aussage liegt, resultiert letztlich in der v\u00f6lligen Auslieferung an die Konzerne und die gro\u00dfen Verm\u00f6gen.<\/p>\n<p>Dass die Nation mit der franz\u00f6sischen Revolution entstand, hat Sinn. Der Schritt von der feudalen zur nationalen Verfassung war jener, den einzelnen B\u00fcrger vom Zustand der Beute in den des Teils einer gr\u00f6\u00dferen Gruppe zu versetzen, die grunds\u00e4tzlich besser davor gesch\u00fctzt ist, Beute des einen oder anderen Feudalherren zu werden. Die heutigen Feudalherren hei\u00dfen Gates oder BlackRock. Das Ergebnis ist das gleiche, wie es in fr\u00fcheren Jahrhunderten war: Ohne eine kollektive Identit\u00e4t sind die Armen den Reichen v\u00f6llig ausgeliefert, ohne das kollektive Eigentum entf\u00e4llt der materielle Schutz.<\/p>\n<p>Und niemand hat eine Antwort auf die Frage, wie Integration funktionieren soll, wenn in manchen Grundschulen 80 Prozent der Kinder einen Migrationshintergrund haben. Zugegeben, auch den gibt es in unterschiedlichen Auspr\u00e4gungen. Aber wie hei\u00dft es in dem Artikel: 40 Prozent der selbst Zugewanderten sind in den letzten zehn Jahren gekommen.<\/p>\n<p>Wie lange dauert es, bis man durch eine Stadt geht und sagt, &#8220;das ist meine Stadt&#8221;? Wieviel muss man \u00fcber ein Land wissen, um es h\u00fcten, es zum Bl\u00fchen bringen zu wollen? Deutschland habe sich &#8220;in den letzten zehn Jahren zum zweitgr\u00f6\u00dften Einwanderungsland direkt hinter den USA entwickelt&#8221;.<\/p>\n<p>Wer behauptet, die Einwanderungsgeschichte der USA sei unproblematisch, sollte mal die Ureinwohner fragen oder noch einmal alle drei Folgen des &#8220;Paten&#8221; sehen. Ganz zu schweigen davon, dass es eine gro\u00dfe Gruppe unfreiwilliger Einwanderer gibt, deren Vorfahren dorthin verschleppt wurden. Und trotz der lautstarken Verwendung nationaler Symbole, trotz des Eides, der bei Erlangen der Staatsb\u00fcrgerschaft abgelegt werden muss, trotz der langen Erfahrung mit Einwanderung sind auch die USA gerade dabei, zwischen Vernachl\u00e4ssigung und Migrationsstr\u00f6men unterzugehen.<\/p>\n<p>Deutschland hat aber viel schlechtere Karten, was das angeht, denn es gibt ja nicht einmal das Angebot, wie man deutsch sein k\u00f6nne. Mehr noch, die Position, die dieser Kommentar vertritt, lautet, dass selbst eine solche Anforderung anst\u00f6\u00dfig sei.<\/p>\n<p>Vor vielen Jahren gab es einen kurzen Sketch des Komikers Kaya Yanar, in dem er einen Einb\u00fcrgerungstest simulierte. Die Frage: &#8220;Was war zwischen 1933 und 1945?&#8221; Seine Antwort: &#8220;Ich kann mich nicht erinnern.&#8221; &#8220;Bravo, Sie haben bestanden.&#8221;<\/p>\n<p>In drei S\u00e4tzen eine komplexe Situation, die viel Wahrheit enthielt. Den widerspr\u00fcchlichen Umgang der Deutschen mit ihrer Vergangenheit und gleichzeitig die ironische Akzeptanz dieser Anforderung durch den Schauspieler, der diesen Moment darstellte. Da war die M\u00f6glichkeit zu jener Zuneigung, die so n\u00f6tig ist.<\/p>\n<p>Wer eine Professur f\u00fcr Migrationsforschung innehat, sollte sich dar\u00fcber im Klaren sein, dass Migration kein Zuckerschlecken ist. Selbst unter den besten Voraussetzungen nicht. Es gibt Untersuchungen, die besagen, sein Land hinter sich zu lassen und in einem neuen anzukommen, sei so belastend wie der Tod eines nahen Angeh\u00f6rigen.<\/p>\n<blockquote>\n<p><em>&#8220;Diese Dynamik \u00fcberfordert viele Menschen. Viele Menschen haben das Gef\u00fchl, ihr &#8216;eigenes&#8217; Land nicht mehr wiederzuerkennen. Zu Recht, m\u00f6chte man sagen \u2013 denn es sieht anders aus, es ist j\u00fcnger geworden, es spricht anders, es isst anders, es betet anders, als fr\u00fcher. Doch sie vergessen: Dieses Land geh\u00f6rt per se niemandem.&#8221;<\/em><\/p>\n<\/blockquote>\n<p>Sicher gibt es stetige Ver\u00e4nderung. Aber man sollte ehrlich zugeben, es gibt Ver\u00e4nderung nicht nur zum Guten. Und Integration hat zur Voraussetzung, dass es etwas gibt, in das integriert wird. Man kann von anderen ein Land lieben lernen und es zur eigenen Heimat machen.<\/p>\n<p>Wenn das Gegen\u00fcber selbst diese Liebe nicht kennt, kann es sie auch nicht vermitteln. Wenn die Deutschen ihren Heine, ihren Brecht nicht mehr kennen und die Menschen, die kommen, nichts aus ihren Herkunftsl\u00e4ndern mitbringen, das sie ebenso sch\u00e4tzen, dann ist das Ergebnis keine Integration mit wechselseitiger Bereicherung, sondern schlicht ein unsortierter Haufen ausgelieferter Menschen, die sich gegen nichts zur Wehr setzen k\u00f6nnen, weil sie nicht einmal miteinander kommunizieren k\u00f6nnen. Es gibt viele Wege, Fremdheit zu \u00fcberwinden. Nur, wenn man selbst nicht wei\u00df, wer man ist, gibt es keinen.<\/p>\n<p>Das Deutsche hat mit dem altert\u00fcmlichen Wort &#8220;Staatsdiener&#8221; einen interessanten Begriff, \u00fcber den auch eine Professorin Foroutan einmal nachdenken sollte. Schlie\u00dflich ist sie als Beamtin auch damit gemeint. Wer oder was ist das, dem dieser Dienst gilt?<\/p>\n<p>Dass ein Bildungssystem \u00fcberfordert ist, wenn die Mehrheit der Kinder einen Migrationshintergrund hat, sollte nicht verwundern. Das ist eine andere Variante der gleichen Frage. Jede Integration braucht ein Wohin. Man kann auf diesem Weg vieles falsch machen. Die deutliche Zunahme von Sexualstraftaten nach 2015 lag nicht nur am jugendlichen Alter der Zuwanderer oder an der Tatsache, dass es oft eben gerade nicht die &#8220;modernen&#8221; Bewohner des Landes waren, die gekommen sind (was die schr\u00e4ge Debatte \u00fcber Eis essende Frauen j\u00fcngst wieder ins Ged\u00e4chtnis rief). Es lag auch daran, dass im Herbst 2015 in den Unterk\u00fcnften nicht eingeschritten wurde, als dort Fl\u00fcchtlingsfrauen von Fl\u00fcchtlingen misshandelt und sexuell bel\u00e4stigt wurden. Flugbl\u00e4tter wirken eben weitaus weniger als die konkrete soziale Erfahrung, und dieser Umgang vermittelte die Botschaft, in der deutschen Gesellschaft sei das kein Problem.<\/p>\n<p>&#8220;Die Wirtschaftsweise Schnitzer&#8221; fordere &#8220;1,5 Millionen Zuwanderung pro Jahr&#8221;, damit im Saldo &#8220;mindestens 400.000 \u00fcbrig bleiben&#8221;. Bis heute haben noch nicht einmal die Fl\u00fcchtlinge des Jahres 2015 alle eine richtige Wohnung. Man kann vieles machen, aber daf\u00fcr m\u00fcssen die richtigen Strukturen da sein, da muss man Geld aufwenden und Verstand \u2013 insbesondere, wenn dann doch ein gro\u00dfer Teil der Ankommenden nicht lesen und schreiben kann. Das kann nur dann \u00fcberhaupt gelingen, wenn die n\u00f6tigen Entscheidungen von Menschen gef\u00e4llt werden, die ihr Land lieben. Und die am besten auch die Menschen ihres Landes lieben, was keineswegs hei\u00dft, unkritisch zu sein.<\/p>\n<p>Es gibt n\u00e4mlich zwei grundverschiedene Arten der Gleichbehandlung. Ich kann verschiedene Menschen gleicherma\u00dfen lieben, und verschiedene Menschen k\u00f6nnen mir gleicherma\u00dfen gleichg\u00fcltig sein. Die Ergebnisse sind v\u00f6llig unterschiedlich. Ginge es um das gleicherma\u00dfen Lieben, hie\u00dfe der Satz &#8220;Deutschland geh\u00f6rt allen&#8221;. &#8220;Deutschland geh\u00f6rt niemandem&#8221; ist eindeutig die Version der Gleichg\u00fcltigkeit.<\/p>\n<p>Werfen wir einen Blick in die deutsche Literatur. Brechts Kinderhymne war 1990 im Gespr\u00e4ch als neue Hymne, als Zeichen, dass die beiden Teile ein neues Land ergeben (so, wie das dann tats\u00e4chlich ablief, geradezu ein Gl\u00fcck, dass dieses Vorhaben scheiterte). Darin wird in der letzten Strophe konstatiert:<\/p>\n<blockquote>\n<p><em>&#8220;Und weil wir dies Land verbessern<br \/> Lieben und beschirmen wir&#8217;s. <br \/> Und das liebste mag&#8217;s uns scheinen <br \/> So wie andern V\u00f6lkern ihrs.&#8221;<\/em><\/p>\n<\/blockquote>\n<p>W\u00e4re das nicht eine vern\u00fcnftige Grundlage f\u00fcr ein Zusammenleben?<\/p>\n<p><strong>Mehr zum Thema<\/strong> &#8211; <a rel=\"nofollow noopener\" target=\"_blank\" href=\"https:\/\/freedert.online\/meinung\/179102-nie-wieder-deutschland-kurze-geschichte\/\">&#8220;Nie wieder Deutschland&#8221; \u2013 Eine kurze Geschichte der Gr\u00fcnen<\/a><\/p>\n<\/div>\n<p><br \/>\n<br \/><a href=\"https:\/\/de.rt.com\/meinung\/179472-deutschland-niemandem-gehoert-kann-man\/\">Source link <\/a><\/p>\n","protected":false},"excerpt":{"rendered":"<p>Darf man sein Land lieben oder nicht? Und kann man es \u00fcberhaupt lieben, wenn man nicht das Gef\u00fchl haben darf, dass es das eigene ist? Wie soll ein Land funktionieren, das niemand mehr liebt? Wie ein vernachl\u00e4ssigtes Kind? Von Dagmar Henn Das ist ein b\u00f6sartiger Text, dieser Kommentar von Naika Foroutan im Focus. Die \u00dcberzeugung, [&hellip;]<\/p>\n","protected":false},"author":3,"featured_media":45639,"comment_status":"open","ping_status":"open","sticky":false,"template":"","format":"standard","meta":{"_yoast_indexnow_last_ping":["1693742361"],"wp_automatic_camp":["217"],"822839555c5bf4ba941e81866fbd2a52":["Ein Deutschland, das niemandem geh\u00f6rt \u2013 kann man es lieben?"],"original_link":["https:\/\/de.rt.com\/meinung\/179472-deutschland-niemandem-gehoert-kann-man\/"],"_thumbnail_id":["45639"],"_wptgpro_p2tg_sent2tg":["a:1:{i:23737;s:19:\"2023-09-03 14:00:37\";}"],"jnews_social_counter_last_update":["1777670939"]},"categories":[19,23],"tags":[427,179,357,15865,838,19349,3676,39760],"yoast_head":"<!-- This site is optimized with the Yoast SEO Premium plugin v22.7 (Yoast SEO v22.7) - https:\/\/yoast.com\/wordpress\/plugins\/seo\/ -->\n<title>Ein Deutschland, das niemandem geh\u00f6rt \u2013 kann man es lieben? - just-now.NEWS Deutschland<\/title>\n<meta name=\"robots\" content=\"index, follow, max-snippet:-1, max-image-preview:large, max-video-preview:-1\" \/>\n<link rel=\"canonical\" href=\"https:\/\/now-news.de\/de\/deutschland\/ein-deutschland-das-niemandem-gehoert-kann-man-es-lieben\/\" \/>\n<meta property=\"og:locale\" content=\"de_DE\" \/>\n<meta property=\"og:type\" content=\"article\" \/>\n<meta property=\"og:title\" content=\"Ein Deutschland, das niemandem geh\u00f6rt \u2013 kann man es lieben?\" \/>\n<meta property=\"og:description\" content=\"Darf man sein Land lieben oder nicht? Und kann man es \u00fcberhaupt lieben, wenn man nicht das Gef\u00fchl haben darf, dass es das eigene ist? Wie soll ein Land funktionieren, das niemand mehr liebt? Wie ein vernachl\u00e4ssigtes Kind? Von Dagmar Henn Das ist ein b\u00f6sartiger Text, dieser Kommentar von Naika Foroutan im Focus. Die \u00dcberzeugung, [&hellip;]\" \/>\n<meta property=\"og:url\" content=\"https:\/\/now-news.de\/de\/deutschland\/ein-deutschland-das-niemandem-gehoert-kann-man-es-lieben\/\" \/>\n<meta property=\"og:site_name\" content=\"just-now.NEWS Deutschland\" \/>\n<meta property=\"article:publisher\" content=\"https:\/\/www.facebook.com\/wirmachenauf\" \/>\n<meta property=\"article:published_time\" content=\"2023-09-03T11:48:25+00:00\" \/>\n<meta property=\"og:image\" content=\"https:\/\/now-news.de\/de\/wp-content\/uploads\/sites\/3\/2023\/09\/Ein-Deutschland-das-niemandem-gehoert-\u2013-kann-man-es-lieben.jpg\" \/>\n\t<meta property=\"og:image:width\" content=\"460\" \/>\n\t<meta property=\"og:image:height\" content=\"259\" \/>\n\t<meta property=\"og:image:type\" content=\"image\/jpeg\" \/>\n<meta name=\"author\" content=\"rtnews\" \/>\n<meta name=\"twitter:card\" content=\"summary_large_image\" \/>\n<meta name=\"twitter:creator\" content=\"@WirMachenAuf_de\" \/>\n<meta name=\"twitter:site\" content=\"@WirMachenAuf_de\" \/>\n<meta name=\"twitter:label1\" content=\"Verfasst von\" \/>\n\t<meta name=\"twitter:data1\" content=\"rtnews\" \/>\n\t<meta name=\"twitter:label2\" content=\"Gesch\u00e4tzte Lesezeit\" \/>\n\t<meta name=\"twitter:data2\" content=\"8\u00a0Minuten\" \/>\n<script type=\"application\/ld+json\" class=\"yoast-schema-graph\">{\"@context\":\"https:\/\/schema.org\",\"@graph\":[{\"@type\":\"Article\",\"@id\":\"https:\/\/now-news.de\/de\/deutschland\/ein-deutschland-das-niemandem-gehoert-kann-man-es-lieben\/#article\",\"isPartOf\":{\"@id\":\"https:\/\/now-news.de\/de\/deutschland\/ein-deutschland-das-niemandem-gehoert-kann-man-es-lieben\/\"},\"author\":{\"name\":\"rtnews\",\"@id\":\"https:\/\/now-news.de\/de\/#\/schema\/person\/fb534a4e865501d8b3285208df34a9b5\"},\"headline\":\"Ein Deutschland, das niemandem geh\u00f6rt \u2013 kann man es lieben?\",\"datePublished\":\"2023-09-03T11:48:25+00:00\",\"dateModified\":\"2023-09-03T11:48:25+00:00\",\"mainEntityOfPage\":{\"@id\":\"https:\/\/now-news.de\/de\/deutschland\/ein-deutschland-das-niemandem-gehoert-kann-man-es-lieben\/\"},\"wordCount\":1632,\"commentCount\":0,\"publisher\":{\"@id\":\"https:\/\/now-news.de\/de\/#organization\"},\"image\":{\"@id\":\"https:\/\/now-news.de\/de\/deutschland\/ein-deutschland-das-niemandem-gehoert-kann-man-es-lieben\/#primaryimage\"},\"thumbnailUrl\":\"https:\/\/now-news.de\/de\/wp-content\/uploads\/sites\/3\/2023\/09\/Ein-Deutschland-das-niemandem-gehoert-\u2013-kann-man-es-lieben.jpg\",\"keywords\":[\"das\",\"Deutschland\",\"ein\",\"geh\u00f6rt\",\"kann\",\"Lieben\",\"Man\",\"niemandem\"],\"articleSection\":[\"Deutschland\",\"Russland\"],\"inLanguage\":\"de\",\"potentialAction\":[{\"@type\":\"CommentAction\",\"name\":\"Comment\",\"target\":[\"https:\/\/now-news.de\/de\/deutschland\/ein-deutschland-das-niemandem-gehoert-kann-man-es-lieben\/#respond\"]}]},{\"@type\":\"WebPage\",\"@id\":\"https:\/\/now-news.de\/de\/deutschland\/ein-deutschland-das-niemandem-gehoert-kann-man-es-lieben\/\",\"url\":\"https:\/\/now-news.de\/de\/deutschland\/ein-deutschland-das-niemandem-gehoert-kann-man-es-lieben\/\",\"name\":\"Ein Deutschland, das niemandem geh\u00f6rt \u2013 kann man es lieben? - just-now.NEWS Deutschland\",\"isPartOf\":{\"@id\":\"https:\/\/now-news.de\/de\/#website\"},\"primaryImageOfPage\":{\"@id\":\"https:\/\/now-news.de\/de\/deutschland\/ein-deutschland-das-niemandem-gehoert-kann-man-es-lieben\/#primaryimage\"},\"image\":{\"@id\":\"https:\/\/now-news.de\/de\/deutschland\/ein-deutschland-das-niemandem-gehoert-kann-man-es-lieben\/#primaryimage\"},\"thumbnailUrl\":\"https:\/\/now-news.de\/de\/wp-content\/uploads\/sites\/3\/2023\/09\/Ein-Deutschland-das-niemandem-gehoert-\u2013-kann-man-es-lieben.jpg\",\"datePublished\":\"2023-09-03T11:48:25+00:00\",\"dateModified\":\"2023-09-03T11:48:25+00:00\",\"breadcrumb\":{\"@id\":\"https:\/\/now-news.de\/de\/deutschland\/ein-deutschland-das-niemandem-gehoert-kann-man-es-lieben\/#breadcrumb\"},\"inLanguage\":\"de\",\"potentialAction\":[{\"@type\":\"ReadAction\",\"target\":[\"https:\/\/now-news.de\/de\/deutschland\/ein-deutschland-das-niemandem-gehoert-kann-man-es-lieben\/\"]}]},{\"@type\":\"ImageObject\",\"inLanguage\":\"de\",\"@id\":\"https:\/\/now-news.de\/de\/deutschland\/ein-deutschland-das-niemandem-gehoert-kann-man-es-lieben\/#primaryimage\",\"url\":\"https:\/\/now-news.de\/de\/wp-content\/uploads\/sites\/3\/2023\/09\/Ein-Deutschland-das-niemandem-gehoert-\u2013-kann-man-es-lieben.jpg\",\"contentUrl\":\"https:\/\/now-news.de\/de\/wp-content\/uploads\/sites\/3\/2023\/09\/Ein-Deutschland-das-niemandem-gehoert-\u2013-kann-man-es-lieben.jpg\",\"width\":460,\"height\":259,\"caption\":\"Ein Deutschland, das niemandem geh\u00f6rt \u2013 kann man es lieben?\"},{\"@type\":\"BreadcrumbList\",\"@id\":\"https:\/\/now-news.de\/de\/deutschland\/ein-deutschland-das-niemandem-gehoert-kann-man-es-lieben\/#breadcrumb\",\"itemListElement\":[{\"@type\":\"ListItem\",\"position\":1,\"name\":\"Home\",\"item\":\"https:\/\/now-news.de\/de\/\"},{\"@type\":\"ListItem\",\"position\":2,\"name\":\"Ein Deutschland, das niemandem geh\u00f6rt \u2013 kann man es lieben?\"}]},{\"@type\":\"WebSite\",\"@id\":\"https:\/\/now-news.de\/de\/#website\",\"url\":\"https:\/\/now-news.de\/de\/\",\"name\":\"just-now.NEWS Deutschland\",\"description\":\"Das Portal f\u00fcr unzensierte Nachrichten aus der Welt\",\"publisher\":{\"@id\":\"https:\/\/now-news.de\/de\/#organization\"},\"potentialAction\":[{\"@type\":\"SearchAction\",\"target\":{\"@type\":\"EntryPoint\",\"urlTemplate\":\"https:\/\/now-news.de\/de\/?s={search_term_string}\"},\"query-input\":\"required name=search_term_string\"}],\"inLanguage\":\"de\"},{\"@type\":\"Organization\",\"@id\":\"https:\/\/now-news.de\/de\/#organization\",\"name\":\"Just Now News\",\"url\":\"https:\/\/now-news.de\/de\/\",\"logo\":{\"@type\":\"ImageObject\",\"inLanguage\":\"de\",\"@id\":\"https:\/\/now-news.de\/de\/#\/schema\/logo\/image\/\",\"url\":\"http:\/\/just-now.news\/de\/wp-content\/uploads\/sites\/3\/2022\/04\/logo500x500.jpg\",\"contentUrl\":\"http:\/\/just-now.news\/de\/wp-content\/uploads\/sites\/3\/2022\/04\/logo500x500.jpg\",\"width\":500,\"height\":500,\"caption\":\"Just Now News\"},\"image\":{\"@id\":\"https:\/\/now-news.de\/de\/#\/schema\/logo\/image\/\"},\"sameAs\":[\"https:\/\/www.facebook.com\/wirmachenauf\",\"https:\/\/x.com\/WirMachenAuf_de\"]},{\"@type\":\"Person\",\"@id\":\"https:\/\/now-news.de\/de\/#\/schema\/person\/fb534a4e865501d8b3285208df34a9b5\",\"name\":\"rtnews\",\"image\":{\"@type\":\"ImageObject\",\"inLanguage\":\"de\",\"@id\":\"https:\/\/now-news.de\/de\/#\/schema\/person\/image\/\",\"url\":\"https:\/\/secure.gravatar.com\/avatar\/82aafea7d8127119dd649515f56e2117?s=96&d=mm&r=g\",\"contentUrl\":\"https:\/\/secure.gravatar.com\/avatar\/82aafea7d8127119dd649515f56e2117?s=96&d=mm&r=g\",\"caption\":\"rtnews\"},\"url\":\"https:\/\/now-news.de\/de\/author\/rnews\/\"}]}<\/script>\n<!-- \/ Yoast SEO Premium plugin. -->","yoast_head_json":{"title":"Ein Deutschland, das niemandem geh\u00f6rt \u2013 kann man es lieben? - just-now.NEWS Deutschland","robots":{"index":"index","follow":"follow","max-snippet":"max-snippet:-1","max-image-preview":"max-image-preview:large","max-video-preview":"max-video-preview:-1"},"canonical":"https:\/\/now-news.de\/de\/deutschland\/ein-deutschland-das-niemandem-gehoert-kann-man-es-lieben\/","og_locale":"de_DE","og_type":"article","og_title":"Ein Deutschland, das niemandem geh\u00f6rt \u2013 kann man es lieben?","og_description":"Darf man sein Land lieben oder nicht? Und kann man es \u00fcberhaupt lieben, wenn man nicht das Gef\u00fchl haben darf, dass es das eigene ist? Wie soll ein Land funktionieren, das niemand mehr liebt? Wie ein vernachl\u00e4ssigtes Kind? Von Dagmar Henn Das ist ein b\u00f6sartiger Text, dieser Kommentar von Naika Foroutan im Focus. Die \u00dcberzeugung, [&hellip;]","og_url":"https:\/\/now-news.de\/de\/deutschland\/ein-deutschland-das-niemandem-gehoert-kann-man-es-lieben\/","og_site_name":"just-now.NEWS Deutschland","article_publisher":"https:\/\/www.facebook.com\/wirmachenauf","article_published_time":"2023-09-03T11:48:25+00:00","og_image":[{"width":460,"height":259,"url":"https:\/\/now-news.de\/de\/wp-content\/uploads\/sites\/3\/2023\/09\/Ein-Deutschland-das-niemandem-gehoert-\u2013-kann-man-es-lieben.jpg","type":"image\/jpeg"}],"author":"rtnews","twitter_card":"summary_large_image","twitter_creator":"@WirMachenAuf_de","twitter_site":"@WirMachenAuf_de","twitter_misc":{"Verfasst von":"rtnews","Gesch\u00e4tzte Lesezeit":"8\u00a0Minuten"},"schema":{"@context":"https:\/\/schema.org","@graph":[{"@type":"Article","@id":"https:\/\/now-news.de\/de\/deutschland\/ein-deutschland-das-niemandem-gehoert-kann-man-es-lieben\/#article","isPartOf":{"@id":"https:\/\/now-news.de\/de\/deutschland\/ein-deutschland-das-niemandem-gehoert-kann-man-es-lieben\/"},"author":{"name":"rtnews","@id":"https:\/\/now-news.de\/de\/#\/schema\/person\/fb534a4e865501d8b3285208df34a9b5"},"headline":"Ein Deutschland, das niemandem geh\u00f6rt \u2013 kann man es lieben?","datePublished":"2023-09-03T11:48:25+00:00","dateModified":"2023-09-03T11:48:25+00:00","mainEntityOfPage":{"@id":"https:\/\/now-news.de\/de\/deutschland\/ein-deutschland-das-niemandem-gehoert-kann-man-es-lieben\/"},"wordCount":1632,"commentCount":0,"publisher":{"@id":"https:\/\/now-news.de\/de\/#organization"},"image":{"@id":"https:\/\/now-news.de\/de\/deutschland\/ein-deutschland-das-niemandem-gehoert-kann-man-es-lieben\/#primaryimage"},"thumbnailUrl":"https:\/\/now-news.de\/de\/wp-content\/uploads\/sites\/3\/2023\/09\/Ein-Deutschland-das-niemandem-gehoert-\u2013-kann-man-es-lieben.jpg","keywords":["das","Deutschland","ein","geh\u00f6rt","kann","Lieben","Man","niemandem"],"articleSection":["Deutschland","Russland"],"inLanguage":"de","potentialAction":[{"@type":"CommentAction","name":"Comment","target":["https:\/\/now-news.de\/de\/deutschland\/ein-deutschland-das-niemandem-gehoert-kann-man-es-lieben\/#respond"]}]},{"@type":"WebPage","@id":"https:\/\/now-news.de\/de\/deutschland\/ein-deutschland-das-niemandem-gehoert-kann-man-es-lieben\/","url":"https:\/\/now-news.de\/de\/deutschland\/ein-deutschland-das-niemandem-gehoert-kann-man-es-lieben\/","name":"Ein Deutschland, das niemandem geh\u00f6rt \u2013 kann man es lieben? - just-now.NEWS Deutschland","isPartOf":{"@id":"https:\/\/now-news.de\/de\/#website"},"primaryImageOfPage":{"@id":"https:\/\/now-news.de\/de\/deutschland\/ein-deutschland-das-niemandem-gehoert-kann-man-es-lieben\/#primaryimage"},"image":{"@id":"https:\/\/now-news.de\/de\/deutschland\/ein-deutschland-das-niemandem-gehoert-kann-man-es-lieben\/#primaryimage"},"thumbnailUrl":"https:\/\/now-news.de\/de\/wp-content\/uploads\/sites\/3\/2023\/09\/Ein-Deutschland-das-niemandem-gehoert-\u2013-kann-man-es-lieben.jpg","datePublished":"2023-09-03T11:48:25+00:00","dateModified":"2023-09-03T11:48:25+00:00","breadcrumb":{"@id":"https:\/\/now-news.de\/de\/deutschland\/ein-deutschland-das-niemandem-gehoert-kann-man-es-lieben\/#breadcrumb"},"inLanguage":"de","potentialAction":[{"@type":"ReadAction","target":["https:\/\/now-news.de\/de\/deutschland\/ein-deutschland-das-niemandem-gehoert-kann-man-es-lieben\/"]}]},{"@type":"ImageObject","inLanguage":"de","@id":"https:\/\/now-news.de\/de\/deutschland\/ein-deutschland-das-niemandem-gehoert-kann-man-es-lieben\/#primaryimage","url":"https:\/\/now-news.de\/de\/wp-content\/uploads\/sites\/3\/2023\/09\/Ein-Deutschland-das-niemandem-gehoert-\u2013-kann-man-es-lieben.jpg","contentUrl":"https:\/\/now-news.de\/de\/wp-content\/uploads\/sites\/3\/2023\/09\/Ein-Deutschland-das-niemandem-gehoert-\u2013-kann-man-es-lieben.jpg","width":460,"height":259,"caption":"Ein Deutschland, das niemandem geh\u00f6rt \u2013 kann man es lieben?"},{"@type":"BreadcrumbList","@id":"https:\/\/now-news.de\/de\/deutschland\/ein-deutschland-das-niemandem-gehoert-kann-man-es-lieben\/#breadcrumb","itemListElement":[{"@type":"ListItem","position":1,"name":"Home","item":"https:\/\/now-news.de\/de\/"},{"@type":"ListItem","position":2,"name":"Ein Deutschland, das niemandem geh\u00f6rt \u2013 kann man es lieben?"}]},{"@type":"WebSite","@id":"https:\/\/now-news.de\/de\/#website","url":"https:\/\/now-news.de\/de\/","name":"just-now.NEWS Deutschland","description":"Das Portal f\u00fcr unzensierte Nachrichten aus der Welt","publisher":{"@id":"https:\/\/now-news.de\/de\/#organization"},"potentialAction":[{"@type":"SearchAction","target":{"@type":"EntryPoint","urlTemplate":"https:\/\/now-news.de\/de\/?s={search_term_string}"},"query-input":"required name=search_term_string"}],"inLanguage":"de"},{"@type":"Organization","@id":"https:\/\/now-news.de\/de\/#organization","name":"Just Now News","url":"https:\/\/now-news.de\/de\/","logo":{"@type":"ImageObject","inLanguage":"de","@id":"https:\/\/now-news.de\/de\/#\/schema\/logo\/image\/","url":"http:\/\/just-now.news\/de\/wp-content\/uploads\/sites\/3\/2022\/04\/logo500x500.jpg","contentUrl":"http:\/\/just-now.news\/de\/wp-content\/uploads\/sites\/3\/2022\/04\/logo500x500.jpg","width":500,"height":500,"caption":"Just Now News"},"image":{"@id":"https:\/\/now-news.de\/de\/#\/schema\/logo\/image\/"},"sameAs":["https:\/\/www.facebook.com\/wirmachenauf","https:\/\/x.com\/WirMachenAuf_de"]},{"@type":"Person","@id":"https:\/\/now-news.de\/de\/#\/schema\/person\/fb534a4e865501d8b3285208df34a9b5","name":"rtnews","image":{"@type":"ImageObject","inLanguage":"de","@id":"https:\/\/now-news.de\/de\/#\/schema\/person\/image\/","url":"https:\/\/secure.gravatar.com\/avatar\/82aafea7d8127119dd649515f56e2117?s=96&d=mm&r=g","contentUrl":"https:\/\/secure.gravatar.com\/avatar\/82aafea7d8127119dd649515f56e2117?s=96&d=mm&r=g","caption":"rtnews"},"url":"https:\/\/now-news.de\/de\/author\/rnews\/"}]}},"_links":{"self":[{"href":"https:\/\/now-news.de\/de\/wp-json\/wp\/v2\/posts\/45638"}],"collection":[{"href":"https:\/\/now-news.de\/de\/wp-json\/wp\/v2\/posts"}],"about":[{"href":"https:\/\/now-news.de\/de\/wp-json\/wp\/v2\/types\/post"}],"author":[{"embeddable":true,"href":"https:\/\/now-news.de\/de\/wp-json\/wp\/v2\/users\/3"}],"replies":[{"embeddable":true,"href":"https:\/\/now-news.de\/de\/wp-json\/wp\/v2\/comments?post=45638"}],"version-history":[{"count":0,"href":"https:\/\/now-news.de\/de\/wp-json\/wp\/v2\/posts\/45638\/revisions"}],"wp:featuredmedia":[{"embeddable":true,"href":"https:\/\/now-news.de\/de\/wp-json\/wp\/v2\/media\/45639"}],"wp:attachment":[{"href":"https:\/\/now-news.de\/de\/wp-json\/wp\/v2\/media?parent=45638"}],"wp:term":[{"taxonomy":"category","embeddable":true,"href":"https:\/\/now-news.de\/de\/wp-json\/wp\/v2\/categories?post=45638"},{"taxonomy":"post_tag","embeddable":true,"href":"https:\/\/now-news.de\/de\/wp-json\/wp\/v2\/tags?post=45638"}],"curies":[{"name":"wp","href":"https:\/\/api.w.org\/{rel}","templated":true}]}}