{"id":45634,"date":"2023-09-03T12:51:56","date_gmt":"2023-09-03T10:51:56","guid":{"rendered":"https:\/\/just-now.news\/de\/deutschland\/eu-unterstuetzung-der-ukraine-auch-gegen-waehlerwillen-sicherstellen\/"},"modified":"2023-09-03T12:51:56","modified_gmt":"2023-09-03T10:51:56","slug":"eu-unterstuetzung-der-ukraine-auch-gegen-waehlerwillen-sicherstellen","status":"publish","type":"post","link":"https:\/\/now-news.de\/de\/deutschland\/eu-unterstuetzung-der-ukraine-auch-gegen-waehlerwillen-sicherstellen\/","title":{"rendered":"EU: Unterst\u00fctzung der Ukraine auch gegen W\u00e4hlerwillen sicherstellen"},"content":{"rendered":"<p><img decoding=\"async\" src=\"http:\/\/just-now.news\/de\/wp-content\/uploads\/sites\/3\/2023\/09\/64f4547eb480cc45af46d26c.jpg\" \/><\/p>\n<div class=\"Text-root Text-type_1 \">\n                Angesichts anstehender Wahlen gibt es in der Europ\u00e4ischen Union \u00dcberlegungen, die Unterst\u00fctzung der Ukraine auch im Fall eines politischen Wechsels sicherzustellen. Die zunehmende Kriegsm\u00fcdigkeit sowohl in den USA als auch in den europ\u00e4ischen Mitgliedsl\u00e4ndern bereitet den Bellizisten in der EU Sorgen.\n            <\/div>\n<p><\/p>\n<div class=\"Text-root Text-type_5 ArticleView-text ViewText-root \">\n<p>Es macht sich Kriegsm\u00fcdigkeit breit. Die Ukraine erzielt mit ihrer Gegenoffensive keine nennenswerten Erfolge und bauscht daher selbst die Einnahme von verlassenen D\u00f6rfern und Weilern in der &#8220;grauen Zone&#8221; zwischen den Frontlinien zum Erfolg auf.<\/p>\n<p>Die Ukraine scheitert \u2013 und das trotz der massiven Unterst\u00fctzung aus dem Westen. Die Kriegsm\u00fcdigkeit ist daher verst\u00e4ndlich. Im Westen werden immer mehr Stimmen laut, die eine Verhandlungsl\u00f6sung und ein Ende des sinnlosen Blutvergie\u00dfens fordern. Zuletzt haben der Historiker Peter Brandt, General a. D. Harald Kujat, der Diplomat und Berater des fr\u00fcheren Bundeskanzlers Helmut Kohl, Horst Teltschik und der Politikwissenschaftler Hajo Funke den Vorschlag f\u00fcr eine Verhandlungsl\u00f6sung vorgelegt.\u00a0<\/p>\n<p>F\u00fcr die Verfechter der Forderung, die Ukraine m\u00fcsse vom Westen so lange unterst\u00fctzt werden, dass sie einen Sieg \u00fcber Russland erzielen kann, kommen die Kriegsm\u00fcdigkeit und die Forderungen nach Verhandlungen zur unpassenden Zeit. Sowohl in der EU als auch in den USA stehen bald wieder Wahlen an. \u00dcber die Zusammensetzung des Europaparlaments entscheiden die W\u00e4hler in der EU im Juni 2024, und danach sind im November in den USA wieder Pr\u00e4sidentschaftswahlen.\u00a0<\/p>\n<p>Der von vielen westlichen Politikern und westlichen Medien als &#8220;populistisch&#8221; gebrandmarkten Forderung nach Frieden und Verhandlungen k\u00f6nnten bald die W\u00e4hler zu Mehrheiten verhelfen.\u00a0<\/p>\n<p>Die EU will daher vorbeugen und plant, ihre Unterst\u00fctzung der Ukraine gegen solchen W\u00e4hlerwillen zu immunisieren, geht Verbindlichkeiten ein und macht Zusagen, die sich \u00fcber einen langen Zeitraum erstrecken k\u00f6nnten.\u00a0<\/p>\n<p>Ganz deutlich sagt es der EU-Abgeordnete Reinhard B\u00fctikofer von B\u00fcndnis 90\/Die Gr\u00fcnen. Er will die Unterst\u00fctzung der Ukraine auch \u00fcber einen m\u00f6glichen politischen Wechsel hinaus sicherstellen. Der Blog <em>Lost in Europe<\/em>\u00a0<a rel=\"nofollow noopener\" target=\"_blank\" href=\"https:\/\/lostineu.eu\/sie-sprechen-von-kriegsmuedigkeit\/\">zitiert<\/a> B\u00fctikofer mit den Worten:\u00a0<\/p>\n<blockquote>\n<p><em>&#8220;Das hei\u00dft, nicht zuzulassen, dass eine eventuelle Einschr\u00e4nkung der bisher so wichtigen Unterst\u00fctzung aus den USA zur Schw\u00e4chung der ukrainischen Anstrengungen f\u00fchrt.&#8221;<\/em><\/p>\n<\/blockquote>\n<p>B\u00fctikofer fordert einen Mechanismus, mit dem die Hilfe aus Westeuropa in dem Moment hochgefahren werden kann, wenn die USA in ihrer Unterst\u00fctzung nachlassen.\u00a0<\/p>\n<p>Die EU m\u00fcsse<\/p>\n<blockquote>\n<p><em>&#8220;&#8230; im gegebenen Falle unsere Unterst\u00fctzung entsprechend hochzufahren; darauf sollten sich alle vorbereiten.&#8221;<\/em><\/p>\n<\/blockquote>\n<p>B\u00fctikofer setzt dabei vor allem auf die deutsche EU-Kommissionspr\u00e4sidentin Ursula von der Leyen, berichtet der Blog. Die solle die EU auf dauerhafte Unterst\u00fctzung der Ukraine einstimmen. Das ist kein Zufall, denn von der Leyen hat sich auch als kompromisslose Kriegstreiberin\u00a0bereits einen Namen gemacht.<\/p>\n<p><strong>Mehr zum Thema<\/strong>\u00a0\u2013 <a rel=\"nofollow noopener\" target=\"_blank\" href=\"https:\/\/freedert.online\/meinung\/179258-was-macht-ukraine-mit-streumunition\/\">Was macht die Ukraine mit Streumunition? Zivilisten beschie\u00dfen!<\/a><\/p>\n<\/div>\n<p><br \/>\n<br \/><a href=\"https:\/\/de.rt.com\/international\/179648-eu-unterstuetzung-ukraine-auch-gegen\/\">Source link <\/a><\/p>\n","protected":false},"excerpt":{"rendered":"<p>Angesichts anstehender Wahlen gibt es in der Europ\u00e4ischen Union \u00dcberlegungen, die Unterst\u00fctzung der Ukraine auch im Fall eines politischen Wechsels sicherzustellen. Die zunehmende Kriegsm\u00fcdigkeit sowohl in den USA als auch in den europ\u00e4ischen Mitgliedsl\u00e4ndern bereitet den Bellizisten in der EU Sorgen. Es macht sich Kriegsm\u00fcdigkeit breit. Die Ukraine erzielt mit ihrer Gegenoffensive keine nennenswerten Erfolge [&hellip;]<\/p>\n","protected":false},"author":3,"featured_media":45635,"comment_status":"open","ping_status":"open","sticky":false,"template":"","format":"standard","meta":{"_yoast_indexnow_last_ping":["1693738396"],"wp_automatic_camp":["217"],"94e19c4f845a3651323b2a3791ce0767":["EU: Unterst\u00fctzung der Ukraine auch gegen W\u00e4hlerwillen sicherstellen"],"original_link":["https:\/\/de.rt.com\/international\/179648-eu-unterstuetzung-ukraine-auch-gegen\/"],"_thumbnail_id":["45635"],"_wptgpro_p2tg_sent2tg":["a:1:{i:23737;s:19:\"2023-09-03 12:54:27\";}"],"jnews_social_counter_last_update":["1777622084"]},"categories":[19,23],"tags":[1475,82,278,5554,127,962,48451],"yoast_head":"<!-- This site is optimized with the Yoast SEO Premium plugin v22.7 (Yoast SEO v22.7) - https:\/\/yoast.com\/wordpress\/plugins\/seo\/ -->\n<title>EU: Unterst\u00fctzung der Ukraine auch gegen W\u00e4hlerwillen sicherstellen - just-now.NEWS Deutschland<\/title>\n<meta name=\"robots\" content=\"index, follow, max-snippet:-1, max-image-preview:large, max-video-preview:-1\" \/>\n<link rel=\"canonical\" href=\"https:\/\/now-news.de\/de\/deutschland\/eu-unterstuetzung-der-ukraine-auch-gegen-waehlerwillen-sicherstellen\/\" \/>\n<meta property=\"og:locale\" content=\"de_DE\" \/>\n<meta property=\"og:type\" content=\"article\" \/>\n<meta property=\"og:title\" content=\"EU: Unterst\u00fctzung der Ukraine auch gegen W\u00e4hlerwillen sicherstellen\" \/>\n<meta property=\"og:description\" content=\"Angesichts anstehender Wahlen gibt es in der Europ\u00e4ischen Union \u00dcberlegungen, die Unterst\u00fctzung der Ukraine auch im Fall eines politischen Wechsels sicherzustellen. Die zunehmende Kriegsm\u00fcdigkeit sowohl in den USA als auch in den europ\u00e4ischen Mitgliedsl\u00e4ndern bereitet den Bellizisten in der EU Sorgen. Es macht sich Kriegsm\u00fcdigkeit breit. Die Ukraine erzielt mit ihrer Gegenoffensive keine nennenswerten Erfolge [&hellip;]\" \/>\n<meta property=\"og:url\" content=\"https:\/\/now-news.de\/de\/deutschland\/eu-unterstuetzung-der-ukraine-auch-gegen-waehlerwillen-sicherstellen\/\" \/>\n<meta property=\"og:site_name\" content=\"just-now.NEWS Deutschland\" \/>\n<meta property=\"article:publisher\" content=\"https:\/\/www.facebook.com\/wirmachenauf\" \/>\n<meta property=\"article:published_time\" content=\"2023-09-03T10:51:56+00:00\" \/>\n<meta property=\"og:image\" content=\"https:\/\/now-news.de\/de\/wp-content\/uploads\/sites\/3\/2023\/09\/EU-Unterstuetzung-der-Ukraine-auch-gegen-Waehlerwillen-sicherstellen.jpg\" \/>\n\t<meta property=\"og:image:width\" content=\"460\" \/>\n\t<meta property=\"og:image:height\" content=\"259\" \/>\n\t<meta property=\"og:image:type\" content=\"image\/jpeg\" \/>\n<meta name=\"author\" content=\"rtnews\" \/>\n<meta name=\"twitter:card\" content=\"summary_large_image\" \/>\n<meta name=\"twitter:creator\" content=\"@WirMachenAuf_de\" \/>\n<meta name=\"twitter:site\" content=\"@WirMachenAuf_de\" \/>\n<meta name=\"twitter:label1\" content=\"Verfasst von\" \/>\n\t<meta name=\"twitter:data1\" content=\"rtnews\" \/>\n\t<meta name=\"twitter:label2\" content=\"Gesch\u00e4tzte Lesezeit\" \/>\n\t<meta name=\"twitter:data2\" content=\"2\u00a0Minuten\" \/>\n<script type=\"application\/ld+json\" class=\"yoast-schema-graph\">{\"@context\":\"https:\/\/schema.org\",\"@graph\":[{\"@type\":\"Article\",\"@id\":\"https:\/\/now-news.de\/de\/deutschland\/eu-unterstuetzung-der-ukraine-auch-gegen-waehlerwillen-sicherstellen\/#article\",\"isPartOf\":{\"@id\":\"https:\/\/now-news.de\/de\/deutschland\/eu-unterstuetzung-der-ukraine-auch-gegen-waehlerwillen-sicherstellen\/\"},\"author\":{\"name\":\"rtnews\",\"@id\":\"https:\/\/now-news.de\/de\/#\/schema\/person\/fb534a4e865501d8b3285208df34a9b5\"},\"headline\":\"EU: Unterst\u00fctzung der Ukraine auch gegen W\u00e4hlerwillen sicherstellen\",\"datePublished\":\"2023-09-03T10:51:56+00:00\",\"dateModified\":\"2023-09-03T10:51:56+00:00\",\"mainEntityOfPage\":{\"@id\":\"https:\/\/now-news.de\/de\/deutschland\/eu-unterstuetzung-der-ukraine-auch-gegen-waehlerwillen-sicherstellen\/\"},\"wordCount\":475,\"commentCount\":0,\"publisher\":{\"@id\":\"https:\/\/now-news.de\/de\/#organization\"},\"image\":{\"@id\":\"https:\/\/now-news.de\/de\/deutschland\/eu-unterstuetzung-der-ukraine-auch-gegen-waehlerwillen-sicherstellen\/#primaryimage\"},\"thumbnailUrl\":\"https:\/\/now-news.de\/de\/wp-content\/uploads\/sites\/3\/2023\/09\/EU-Unterstuetzung-der-Ukraine-auch-gegen-Waehlerwillen-sicherstellen.jpg\",\"keywords\":[\"auch\",\"der\",\"gegen\",\"sicherstellen\",\"ukraine\",\"Unterst\u00fctzung\",\"W\u00e4hlerwillen\"],\"articleSection\":[\"Deutschland\",\"Russland\"],\"inLanguage\":\"de\",\"potentialAction\":[{\"@type\":\"CommentAction\",\"name\":\"Comment\",\"target\":[\"https:\/\/now-news.de\/de\/deutschland\/eu-unterstuetzung-der-ukraine-auch-gegen-waehlerwillen-sicherstellen\/#respond\"]}]},{\"@type\":\"WebPage\",\"@id\":\"https:\/\/now-news.de\/de\/deutschland\/eu-unterstuetzung-der-ukraine-auch-gegen-waehlerwillen-sicherstellen\/\",\"url\":\"https:\/\/now-news.de\/de\/deutschland\/eu-unterstuetzung-der-ukraine-auch-gegen-waehlerwillen-sicherstellen\/\",\"name\":\"EU: Unterst\u00fctzung der Ukraine auch gegen W\u00e4hlerwillen sicherstellen - just-now.NEWS Deutschland\",\"isPartOf\":{\"@id\":\"https:\/\/now-news.de\/de\/#website\"},\"primaryImageOfPage\":{\"@id\":\"https:\/\/now-news.de\/de\/deutschland\/eu-unterstuetzung-der-ukraine-auch-gegen-waehlerwillen-sicherstellen\/#primaryimage\"},\"image\":{\"@id\":\"https:\/\/now-news.de\/de\/deutschland\/eu-unterstuetzung-der-ukraine-auch-gegen-waehlerwillen-sicherstellen\/#primaryimage\"},\"thumbnailUrl\":\"https:\/\/now-news.de\/de\/wp-content\/uploads\/sites\/3\/2023\/09\/EU-Unterstuetzung-der-Ukraine-auch-gegen-Waehlerwillen-sicherstellen.jpg\",\"datePublished\":\"2023-09-03T10:51:56+00:00\",\"dateModified\":\"2023-09-03T10:51:56+00:00\",\"breadcrumb\":{\"@id\":\"https:\/\/now-news.de\/de\/deutschland\/eu-unterstuetzung-der-ukraine-auch-gegen-waehlerwillen-sicherstellen\/#breadcrumb\"},\"inLanguage\":\"de\",\"potentialAction\":[{\"@type\":\"ReadAction\",\"target\":[\"https:\/\/now-news.de\/de\/deutschland\/eu-unterstuetzung-der-ukraine-auch-gegen-waehlerwillen-sicherstellen\/\"]}]},{\"@type\":\"ImageObject\",\"inLanguage\":\"de\",\"@id\":\"https:\/\/now-news.de\/de\/deutschland\/eu-unterstuetzung-der-ukraine-auch-gegen-waehlerwillen-sicherstellen\/#primaryimage\",\"url\":\"https:\/\/now-news.de\/de\/wp-content\/uploads\/sites\/3\/2023\/09\/EU-Unterstuetzung-der-Ukraine-auch-gegen-Waehlerwillen-sicherstellen.jpg\",\"contentUrl\":\"https:\/\/now-news.de\/de\/wp-content\/uploads\/sites\/3\/2023\/09\/EU-Unterstuetzung-der-Ukraine-auch-gegen-Waehlerwillen-sicherstellen.jpg\",\"width\":460,\"height\":259,\"caption\":\"EU: Unterst\u00fctzung der Ukraine auch gegen W\u00e4hlerwillen sicherstellen\"},{\"@type\":\"BreadcrumbList\",\"@id\":\"https:\/\/now-news.de\/de\/deutschland\/eu-unterstuetzung-der-ukraine-auch-gegen-waehlerwillen-sicherstellen\/#breadcrumb\",\"itemListElement\":[{\"@type\":\"ListItem\",\"position\":1,\"name\":\"Home\",\"item\":\"https:\/\/now-news.de\/de\/\"},{\"@type\":\"ListItem\",\"position\":2,\"name\":\"EU: Unterst\u00fctzung der Ukraine auch gegen W\u00e4hlerwillen sicherstellen\"}]},{\"@type\":\"WebSite\",\"@id\":\"https:\/\/now-news.de\/de\/#website\",\"url\":\"https:\/\/now-news.de\/de\/\",\"name\":\"just-now.NEWS Deutschland\",\"description\":\"Das Portal f\u00fcr unzensierte Nachrichten aus der Welt\",\"publisher\":{\"@id\":\"https:\/\/now-news.de\/de\/#organization\"},\"potentialAction\":[{\"@type\":\"SearchAction\",\"target\":{\"@type\":\"EntryPoint\",\"urlTemplate\":\"https:\/\/now-news.de\/de\/?s={search_term_string}\"},\"query-input\":\"required name=search_term_string\"}],\"inLanguage\":\"de\"},{\"@type\":\"Organization\",\"@id\":\"https:\/\/now-news.de\/de\/#organization\",\"name\":\"Just Now News\",\"url\":\"https:\/\/now-news.de\/de\/\",\"logo\":{\"@type\":\"ImageObject\",\"inLanguage\":\"de\",\"@id\":\"https:\/\/now-news.de\/de\/#\/schema\/logo\/image\/\",\"url\":\"http:\/\/just-now.news\/de\/wp-content\/uploads\/sites\/3\/2022\/04\/logo500x500.jpg\",\"contentUrl\":\"http:\/\/just-now.news\/de\/wp-content\/uploads\/sites\/3\/2022\/04\/logo500x500.jpg\",\"width\":500,\"height\":500,\"caption\":\"Just Now News\"},\"image\":{\"@id\":\"https:\/\/now-news.de\/de\/#\/schema\/logo\/image\/\"},\"sameAs\":[\"https:\/\/www.facebook.com\/wirmachenauf\",\"https:\/\/x.com\/WirMachenAuf_de\"]},{\"@type\":\"Person\",\"@id\":\"https:\/\/now-news.de\/de\/#\/schema\/person\/fb534a4e865501d8b3285208df34a9b5\",\"name\":\"rtnews\",\"image\":{\"@type\":\"ImageObject\",\"inLanguage\":\"de\",\"@id\":\"https:\/\/now-news.de\/de\/#\/schema\/person\/image\/\",\"url\":\"https:\/\/secure.gravatar.com\/avatar\/82aafea7d8127119dd649515f56e2117?s=96&d=mm&r=g\",\"contentUrl\":\"https:\/\/secure.gravatar.com\/avatar\/82aafea7d8127119dd649515f56e2117?s=96&d=mm&r=g\",\"caption\":\"rtnews\"},\"url\":\"https:\/\/now-news.de\/de\/author\/rnews\/\"}]}<\/script>\n<!-- \/ Yoast SEO Premium plugin. -->","yoast_head_json":{"title":"EU: Unterst\u00fctzung der Ukraine auch gegen W\u00e4hlerwillen sicherstellen - just-now.NEWS Deutschland","robots":{"index":"index","follow":"follow","max-snippet":"max-snippet:-1","max-image-preview":"max-image-preview:large","max-video-preview":"max-video-preview:-1"},"canonical":"https:\/\/now-news.de\/de\/deutschland\/eu-unterstuetzung-der-ukraine-auch-gegen-waehlerwillen-sicherstellen\/","og_locale":"de_DE","og_type":"article","og_title":"EU: Unterst\u00fctzung der Ukraine auch gegen W\u00e4hlerwillen sicherstellen","og_description":"Angesichts anstehender Wahlen gibt es in der Europ\u00e4ischen Union \u00dcberlegungen, die Unterst\u00fctzung der Ukraine auch im Fall eines politischen Wechsels sicherzustellen. Die zunehmende Kriegsm\u00fcdigkeit sowohl in den USA als auch in den europ\u00e4ischen Mitgliedsl\u00e4ndern bereitet den Bellizisten in der EU Sorgen. Es macht sich Kriegsm\u00fcdigkeit breit. Die Ukraine erzielt mit ihrer Gegenoffensive keine nennenswerten Erfolge [&hellip;]","og_url":"https:\/\/now-news.de\/de\/deutschland\/eu-unterstuetzung-der-ukraine-auch-gegen-waehlerwillen-sicherstellen\/","og_site_name":"just-now.NEWS Deutschland","article_publisher":"https:\/\/www.facebook.com\/wirmachenauf","article_published_time":"2023-09-03T10:51:56+00:00","og_image":[{"width":460,"height":259,"url":"https:\/\/now-news.de\/de\/wp-content\/uploads\/sites\/3\/2023\/09\/EU-Unterstuetzung-der-Ukraine-auch-gegen-Waehlerwillen-sicherstellen.jpg","type":"image\/jpeg"}],"author":"rtnews","twitter_card":"summary_large_image","twitter_creator":"@WirMachenAuf_de","twitter_site":"@WirMachenAuf_de","twitter_misc":{"Verfasst von":"rtnews","Gesch\u00e4tzte Lesezeit":"2\u00a0Minuten"},"schema":{"@context":"https:\/\/schema.org","@graph":[{"@type":"Article","@id":"https:\/\/now-news.de\/de\/deutschland\/eu-unterstuetzung-der-ukraine-auch-gegen-waehlerwillen-sicherstellen\/#article","isPartOf":{"@id":"https:\/\/now-news.de\/de\/deutschland\/eu-unterstuetzung-der-ukraine-auch-gegen-waehlerwillen-sicherstellen\/"},"author":{"name":"rtnews","@id":"https:\/\/now-news.de\/de\/#\/schema\/person\/fb534a4e865501d8b3285208df34a9b5"},"headline":"EU: Unterst\u00fctzung der Ukraine auch gegen W\u00e4hlerwillen sicherstellen","datePublished":"2023-09-03T10:51:56+00:00","dateModified":"2023-09-03T10:51:56+00:00","mainEntityOfPage":{"@id":"https:\/\/now-news.de\/de\/deutschland\/eu-unterstuetzung-der-ukraine-auch-gegen-waehlerwillen-sicherstellen\/"},"wordCount":475,"commentCount":0,"publisher":{"@id":"https:\/\/now-news.de\/de\/#organization"},"image":{"@id":"https:\/\/now-news.de\/de\/deutschland\/eu-unterstuetzung-der-ukraine-auch-gegen-waehlerwillen-sicherstellen\/#primaryimage"},"thumbnailUrl":"https:\/\/now-news.de\/de\/wp-content\/uploads\/sites\/3\/2023\/09\/EU-Unterstuetzung-der-Ukraine-auch-gegen-Waehlerwillen-sicherstellen.jpg","keywords":["auch","der","gegen","sicherstellen","ukraine","Unterst\u00fctzung","W\u00e4hlerwillen"],"articleSection":["Deutschland","Russland"],"inLanguage":"de","potentialAction":[{"@type":"CommentAction","name":"Comment","target":["https:\/\/now-news.de\/de\/deutschland\/eu-unterstuetzung-der-ukraine-auch-gegen-waehlerwillen-sicherstellen\/#respond"]}]},{"@type":"WebPage","@id":"https:\/\/now-news.de\/de\/deutschland\/eu-unterstuetzung-der-ukraine-auch-gegen-waehlerwillen-sicherstellen\/","url":"https:\/\/now-news.de\/de\/deutschland\/eu-unterstuetzung-der-ukraine-auch-gegen-waehlerwillen-sicherstellen\/","name":"EU: Unterst\u00fctzung der Ukraine auch gegen W\u00e4hlerwillen sicherstellen - just-now.NEWS Deutschland","isPartOf":{"@id":"https:\/\/now-news.de\/de\/#website"},"primaryImageOfPage":{"@id":"https:\/\/now-news.de\/de\/deutschland\/eu-unterstuetzung-der-ukraine-auch-gegen-waehlerwillen-sicherstellen\/#primaryimage"},"image":{"@id":"https:\/\/now-news.de\/de\/deutschland\/eu-unterstuetzung-der-ukraine-auch-gegen-waehlerwillen-sicherstellen\/#primaryimage"},"thumbnailUrl":"https:\/\/now-news.de\/de\/wp-content\/uploads\/sites\/3\/2023\/09\/EU-Unterstuetzung-der-Ukraine-auch-gegen-Waehlerwillen-sicherstellen.jpg","datePublished":"2023-09-03T10:51:56+00:00","dateModified":"2023-09-03T10:51:56+00:00","breadcrumb":{"@id":"https:\/\/now-news.de\/de\/deutschland\/eu-unterstuetzung-der-ukraine-auch-gegen-waehlerwillen-sicherstellen\/#breadcrumb"},"inLanguage":"de","potentialAction":[{"@type":"ReadAction","target":["https:\/\/now-news.de\/de\/deutschland\/eu-unterstuetzung-der-ukraine-auch-gegen-waehlerwillen-sicherstellen\/"]}]},{"@type":"ImageObject","inLanguage":"de","@id":"https:\/\/now-news.de\/de\/deutschland\/eu-unterstuetzung-der-ukraine-auch-gegen-waehlerwillen-sicherstellen\/#primaryimage","url":"https:\/\/now-news.de\/de\/wp-content\/uploads\/sites\/3\/2023\/09\/EU-Unterstuetzung-der-Ukraine-auch-gegen-Waehlerwillen-sicherstellen.jpg","contentUrl":"https:\/\/now-news.de\/de\/wp-content\/uploads\/sites\/3\/2023\/09\/EU-Unterstuetzung-der-Ukraine-auch-gegen-Waehlerwillen-sicherstellen.jpg","width":460,"height":259,"caption":"EU: Unterst\u00fctzung der Ukraine auch gegen W\u00e4hlerwillen sicherstellen"},{"@type":"BreadcrumbList","@id":"https:\/\/now-news.de\/de\/deutschland\/eu-unterstuetzung-der-ukraine-auch-gegen-waehlerwillen-sicherstellen\/#breadcrumb","itemListElement":[{"@type":"ListItem","position":1,"name":"Home","item":"https:\/\/now-news.de\/de\/"},{"@type":"ListItem","position":2,"name":"EU: Unterst\u00fctzung der Ukraine auch gegen W\u00e4hlerwillen sicherstellen"}]},{"@type":"WebSite","@id":"https:\/\/now-news.de\/de\/#website","url":"https:\/\/now-news.de\/de\/","name":"just-now.NEWS Deutschland","description":"Das Portal f\u00fcr unzensierte Nachrichten aus der Welt","publisher":{"@id":"https:\/\/now-news.de\/de\/#organization"},"potentialAction":[{"@type":"SearchAction","target":{"@type":"EntryPoint","urlTemplate":"https:\/\/now-news.de\/de\/?s={search_term_string}"},"query-input":"required name=search_term_string"}],"inLanguage":"de"},{"@type":"Organization","@id":"https:\/\/now-news.de\/de\/#organization","name":"Just Now News","url":"https:\/\/now-news.de\/de\/","logo":{"@type":"ImageObject","inLanguage":"de","@id":"https:\/\/now-news.de\/de\/#\/schema\/logo\/image\/","url":"http:\/\/just-now.news\/de\/wp-content\/uploads\/sites\/3\/2022\/04\/logo500x500.jpg","contentUrl":"http:\/\/just-now.news\/de\/wp-content\/uploads\/sites\/3\/2022\/04\/logo500x500.jpg","width":500,"height":500,"caption":"Just Now News"},"image":{"@id":"https:\/\/now-news.de\/de\/#\/schema\/logo\/image\/"},"sameAs":["https:\/\/www.facebook.com\/wirmachenauf","https:\/\/x.com\/WirMachenAuf_de"]},{"@type":"Person","@id":"https:\/\/now-news.de\/de\/#\/schema\/person\/fb534a4e865501d8b3285208df34a9b5","name":"rtnews","image":{"@type":"ImageObject","inLanguage":"de","@id":"https:\/\/now-news.de\/de\/#\/schema\/person\/image\/","url":"https:\/\/secure.gravatar.com\/avatar\/82aafea7d8127119dd649515f56e2117?s=96&d=mm&r=g","contentUrl":"https:\/\/secure.gravatar.com\/avatar\/82aafea7d8127119dd649515f56e2117?s=96&d=mm&r=g","caption":"rtnews"},"url":"https:\/\/now-news.de\/de\/author\/rnews\/"}]}},"_links":{"self":[{"href":"https:\/\/now-news.de\/de\/wp-json\/wp\/v2\/posts\/45634"}],"collection":[{"href":"https:\/\/now-news.de\/de\/wp-json\/wp\/v2\/posts"}],"about":[{"href":"https:\/\/now-news.de\/de\/wp-json\/wp\/v2\/types\/post"}],"author":[{"embeddable":true,"href":"https:\/\/now-news.de\/de\/wp-json\/wp\/v2\/users\/3"}],"replies":[{"embeddable":true,"href":"https:\/\/now-news.de\/de\/wp-json\/wp\/v2\/comments?post=45634"}],"version-history":[{"count":0,"href":"https:\/\/now-news.de\/de\/wp-json\/wp\/v2\/posts\/45634\/revisions"}],"wp:featuredmedia":[{"embeddable":true,"href":"https:\/\/now-news.de\/de\/wp-json\/wp\/v2\/media\/45635"}],"wp:attachment":[{"href":"https:\/\/now-news.de\/de\/wp-json\/wp\/v2\/media?parent=45634"}],"wp:term":[{"taxonomy":"category","embeddable":true,"href":"https:\/\/now-news.de\/de\/wp-json\/wp\/v2\/categories?post=45634"},{"taxonomy":"post_tag","embeddable":true,"href":"https:\/\/now-news.de\/de\/wp-json\/wp\/v2\/tags?post=45634"}],"curies":[{"name":"wp","href":"https:\/\/api.w.org\/{rel}","templated":true}]}}