{"id":45630,"date":"2023-09-03T10:32:09","date_gmt":"2023-09-03T08:32:09","guid":{"rendered":"https:\/\/just-now.news\/de\/deutschland\/die-brics-veraendern-die-welt\/"},"modified":"2023-09-03T10:32:09","modified_gmt":"2023-09-03T08:32:09","slug":"die-brics-veraendern-die-welt","status":"publish","type":"post","link":"https:\/\/now-news.de\/de\/deutschland\/die-brics-veraendern-die-welt\/","title":{"rendered":"Die BRICS ver\u00e4ndern die Welt"},"content":{"rendered":"<p><img decoding=\"async\" src=\"http:\/\/just-now.news\/de\/wp-content\/uploads\/sites\/3\/2023\/09\/64f20dd348fbef43b970c012.jpg\" \/><\/p>\n<div class=\"Text-root Text-type_1 \">\n                Um das Ergebnis des BRICS-Gipfels in Johannesburg zu verstehen, m\u00fcsste sich der Westen an einigen Punkten erst einmal mit der Wirklichkeit auseinandersetzen. Denn die BRICS brauchen und wollen, anders als der Westen, eben keine einheitliche Ideologie.\n            <\/div>\n<p><\/p>\n<div class=\"Text-root Text-type_5 ArticleView-text ViewText-root \">\n<p><em>Von R\u00fcdiger Rauls<\/em><\/p>\n<p>Die Ergebnisse des BRICS-Gipfels von Johannesburg sind weitreichend. Sie widersprachen in nahezu allen Bereichen den Spekulationen der westlichen Medien im Vorfeld des Treffens. Der Tod Jewgeni Prigoschins bot ihnen eine willkommene Gelegenheit, \u00fcber diese Fehleinsch\u00e4tzungen hinwegzugehen. Auf Dauer aber helfen Wunschdenken und das Ignorieren der Wirklichkeit nicht weiter bei den Auseinandersetzungen, vor denen der politische Westen steht.<\/p>\n<p><strong>Anders als gedacht<\/strong><\/p>\n<p>Die H\u00e4ufung von Fehleinsch\u00e4tzungen des westlichen F\u00fchrungspersonals ist nicht zu \u00fcbersehen. Immer \u00f6fter bringt die Wirklichkeit andere Ergebnisse hervor, als es nach Einsch\u00e4tzung der Propheten aus Medien und Politik h\u00e4tte sein m\u00fcssen. Die westlichen Geheimdienste waren vom Fall der Mauer ebenso \u00fcberrascht wie vom schnellen Fall Kabuls. Der Krieg gegen den Terror hatte ebenso wenig die erwarteten Ergebnisse gebracht wie der provozierte Krieg in der Ukraine. Nicht die russische Wirtschaft zerbricht unter den Sanktionen, vielmehr schw\u00e4chelt die westliche. Nicht Russland ist isoliert, sondern dem Westen gehen immer mehr alte Freunde von der Fahne.<\/p>\n<p>Alles kam anders, als Experten wissenschaftlich berechnet und Geheimdienste analysiert hatten. Alles kam anders, als Medien und Politiker den B\u00fcrgern im Westen in Aussicht gestellt hatten. Die Welt h\u00e4tte jedes Mal eine bessere werden sollen gem\u00e4\u00df den optimistischen Weissagungen all dieser unersch\u00fctterlich \u00dcberzeugten und gem\u00e4\u00df den wissenschaftlichen Theorien all jener von Berufs wegen Zuversichtlichen. Und wie sieht sie heute aus nach all diesen politischen Geisterfahrten?<\/p>\n<p>Die n\u00e4chsten riskanten Reisen ins Ungewisse sind schon gebucht: Der Krieg mit Russland ist noch im vollen Gange, da wird schon der n\u00e4chste Waffengang in der westlichen \u00d6ffentlichkeit als unausweichlich dargestellt \u2013 dieses Mal gegen China. In der Sahelzone scheint sich das n\u00e4chste Gewitter zusammenzubrauen. Dort bilden sich B\u00fcndnisse, die sich von nationalen Konflikten zu regionalen ausweiten k\u00f6nnen. \u00dcberall hat der politische Westen als Brandbeschleuniger die Finger im Spiel, nicht als Friedensstifter.<\/p>\n<p>Verblendet und rechthaberisch offenbart das westliche F\u00fchrungspersonal seine Unf\u00e4higkeit, die Ver\u00e4nderungen auf der Welt anzunehmen. Man hatte sich im Laufe der Jahrzehnte daran gew\u00f6hnt, dass der Rest der Welt nach der eigenen Pfeife tanzte. Man hatte das Kapital, den technologischen Vorsprung sowie die wirtschaftliche und milit\u00e4rische Macht, um den eigenen Interessen Geltung zu verschaffen. Man glaubte, dass das auf alle Zeiten so bleiben werde. Aber diese Zeiten sind vorbei. Dem politischen Westen fehlt die F\u00e4higkeit, mit der ver\u00e4nderten Wirklichkeit zurechtzukommen.<\/p>\n<p>Nirgendwo wurde das deutlicher als bei der Einsch\u00e4tzung der Erfolgsaussichten der Ukraine im derzeitigen Krieg und den ver\u00e4nderten Kr\u00e4fteverh\u00e4ltnissen zwischen Russland und der NATO. Ein weiteres Beispiel westlicher Verblendung ist die Berichterstattung \u00fcber den Gipfel der BRICS-Gemeinschaft in Johannesburg. Keine der Voraussagen, die in den westlichen Medien im Vorfeld breitgetreten worden waren, passte zu den Ergebnissen am Ende des Gipfels.<\/p>\n<p><strong>Anders als in Wirklichkeit<\/strong><\/p>\n<p>Mit dem wirtschaftlichen Erstarken Chinas und besonders mit dem milit\u00e4rischen Erstarken Russlands hat sich der Blick des politischen Westens auf die BRICS-Staaten ge\u00e4ndert. Beide werden als Kern einer neuen gegen ihn gerichteten Blockbildung angesehen, um den herum sich immer mehr Staaten anlagern. Diese Sichtweise wird aus \u00c4u\u00dferungen von Politikern des NATO-Lagers deutlich und bestimmt die Berichterstattung seiner Medien \u00fcber die BRICS im Allgemeinen und den Gipfel von Johannesburg im Besonderen.<\/p>\n<p>&#8220;Wer nicht f\u00fcr uns ist, ist automatisch gegen uns&#8221;, ist die kindische Einstellung hinter diesem westlichen Blockdenken. An dieser Sicht prallen alle gegenteiligen Erkl\u00e4rungen von Vertretern der BRICS-Staaten ab. Weil Russland und China ihre eigenen Interessen verfolgen und sich nicht westlichen Vorgaben unterwerfen, kann deren Politik nichts anderes als antiwestlich sein \u2013 so das Denken der Blocktheoretiker.<\/p>\n<p>Dass es der Westen selbst ist, der sich immer mehr gegen China und Russland aufstellt, wird nicht gesehen. Er sieht sich vielmehr zu dieser Politik gezwungen, weil die beiden sich nicht an die Regeln der sogenannten regelbasierten Ordnung halten. Diese glaubt der politische Westen der gesamten Welt auferlegen zu d\u00fcrfen, ohne die Welt gefragt zu haben. Zum Gegenpol werden Russland und China erst infolge der Ausgrenzung durch den Westen.<\/p>\n<p>Da k\u00f6nnen sie noch so oft klarstellen, dass sie nicht antiwestlich eingestellt sind, vielmehr sogar Zusammenarbeit w\u00fcnschen, wohl aber unter Ber\u00fccksichtigung der eigenen Interessen. Das geht in die K\u00f6pfe der westlichen Meinungsmacher nicht hinein. Das \u00fcbersteigt ihren Horizont, ist mit ihren einfachen Denkmustern nicht zu erfassen. In nahezu jedem Beitrag der <em>Frankfurter Allgemeinen Zeitung<\/em> (<em>FAZ<\/em>) \u00fcber die Konferenz in S\u00fcdafrika wird diese Sicht eines antiwestlichen Blocks bedient und dadurch verfestigt. Damit ist sie nicht allein unter den westlichen Medien.<\/p>\n<p>Andererseits aber werden immer wieder in der Berichterstattung Hinweise gesucht auf Differenzen zwischen den Teilnehmern. Es scheint, als wollte die westliche Presse die Geschlossenheit des Blocks selbst widerlegen, der in seiner antiwestlichen Ausrichtung ja eigentlich nur dadurch besteht, dass er in ihren K\u00f6pfen zusammengef\u00fcgt wurde.<\/p>\n<p>In diesem Sinne wird dann auch eine Sollbruchstelle zwischen Russland und China auf der einen Seite und den restliche drei auf der anderen <a rel=\"nofollow noopener\" target=\"_blank\" href=\"https:\/\/www.faz.net\/aktuell\/politik\/ausland\/brics-gipfel-warum-indien-xi-jinping-nicht-folgen-wird-19120647.html\">herbeigeredet<\/a>, denn &#8220;drei der f\u00fcnf BRICS-Staaten teilen Xis antiwestlichen Furor nicht&#8221;. Als weiterer Beleg f\u00fcr die Zerbrechlichkeit des Staatenverbunds glaubt man feststellen zu k\u00f6nnen: &#8220;Au\u00dfer Peking und Moskau will jedoch kein BRICS-Staat auf gute Beziehungen zu den Vereinigten Staaten und der Europ\u00e4ischen Union verzichten.&#8221; Wird da versucht, eine Wirklichkeit zu widerlegen, deren Trugbild man sich selbst geschaffen hat?<\/p>\n<p>Selbst protokollarische Belanglosigkeiten werden als Hinweise f\u00fcr gr\u00f6\u00dfere Unstimmigkeiten unter den Teilnehmern gedeutet. So wird es als Anzeichen f\u00fcr Spannungen zwischen China und Indien gesehen, wenn der indische Pr\u00e4sident seine Maschine noch nicht verlassen will, weil er genauso wie der chinesische von einem hochrangigen Mitglied der s\u00fcdafrikanischen Regierung begr\u00fc\u00dft werden will. Es entsteht der Eindruck, dass die westlichen Meinungsmacher mit allen Mitteln ein Scheitern des Gipfels herbeischreiben wollen, so wie sie auch seit etwa anderthalb Jahren glauben, Russlands Armee mit dem Sand zu besiegen, den sie dem westlichen Medienkonsumenten in die Augen streuen.<\/p>\n<p><strong>Am Ende kam es anders<\/strong><\/p>\n<p>Aber alle Kaffeesatzleserei und Erbsenz\u00e4hlerei der westlichen Meinungsmacher erwiesen sich am Ende als Hirngespinste, Ausgeburten der eigenen verwirrten Gedankeng\u00e4nge und einer Weltsicht, die der Welt nicht entspricht. Die herbeigeredeten Unstimmigkeiten zwischen China und Indien f\u00fchrten nicht zum Scheitern des Gipfels. Anscheinend hatten viele im politischen Westen gehofft, dass es nicht zu einer Aufnahme weiterer Staaten kommen w\u00fcrde und ein weiterer Machtzuwachs des Staatenverbundes verhindert werden k\u00f6nnte.<\/p>\n<p>In der Theorie h\u00e4tte es gar nicht zur Erweiterung des Staatenverbundes kommen d\u00fcrften, weil nach Meinung westlicher Kaffeesatzleser Indien im Gegensatz zu China keinen schnellen Aufnahmeprozess wolle. Man hielt es f\u00fcr &#8220;fraglich, ob die von Xi schon seit mehreren Jahren vorangetriebene Erweiterung der BRICS um weitere Mitgliedstaaten in seinem Sinne ausgerechnet auf dem Gipfel in Johannesburg gelingt, [und] auch Analysten in S\u00fcdafrika halten einen langsamen Aufnahmeprozess f\u00fcr wahrscheinlich&#8221;.<\/p>\n<p>Dann ist es nat\u00fcrlich klar, dass es mit der Erweiterung nichts werden kann, wenn in der Fachwelt Einigkeit herrscht. Nur stellt sich die Frage, auf welchen Grundlagen diese Einsch\u00e4tzungen beruhten. F\u00fcr die westliche Expertenriege war die Sache klar und einfach: &#8220;Insbesondere Indiens Ministerpr\u00e4sident Narendra Modi n\u00e4hert sich immer st\u00e4rker den USA an und w\u00fcrde schon allein wegen des eigenen Grenzkonflikts mit China kaum Xi Jinping folgen.&#8221;<\/p>\n<p>Die politische Welt scheint f\u00fcr die Beobachter aus dem Westen nur in kleinkarierten Rivalit\u00e4ten und pers\u00f6nlichen Rangeleien zu bestehen. Es scheint im westlichen Denken nicht mehr die M\u00f6glichkeit vorzukommen, dass man sich in strittigen Fragen auch g\u00fctlich einigen kann. Wer gewohnt ist, alles mit Druck, Gewalt und Hinterlist zu regeln, dem kommen vern\u00fcnftige L\u00f6sungen im Interesse aller Beteiligten und unter Wahrung aller Interessen nicht mehr in den Sinn.<\/p>\n<p>Trotz aller ung\u00fcnstiger Voraussagen aus der Ger\u00fcchtek\u00fcche der westlichen Welt haben die BRICS-Staaten sich einstimmig auf die Aufnahme neuer Mitglieder einigen k\u00f6nnen. Das gelang ihnen innerhalb weniger Tage, sozusagen an einem verl\u00e4ngerten Wochenende. Das geht, wenn die Vernunft regiert. Auch die Unstimmigkeiten zwischen China und Indien, wo es immerhin entlang der gemeinsamen Grenze um Krieg oder Frieden geht und nicht um ein verkorkstes Geb\u00e4ude-Energie-Gesetz, konnten in dieser Frage zur\u00fcckgestellt werden.<\/p>\n<p>Statt des gro\u00dfen Bruchs zwischen Indien und China kam es zu einer neuen Ann\u00e4herung. Auch das ist m\u00f6glich, wenn die Vernunft regiert und die gegenseitigen Interessen geachtet werden. Man <a rel=\"nofollow noopener\" target=\"_blank\" href=\"https:\/\/www.faz.net\/aktuell\/politik\/ausland\/xi-und-modi-bemuehen-sich-um-entspannung-an-grenze-im-himalaja-19128182.html\">verst\u00e4ndigte<\/a> sich auf &#8220;einen weiteren Abbau der Spannungen&#8221;. Beide Seiten einigten sich darauf, &#8220;die Bem\u00fchungen um einen raschen R\u00fcckzug der Truppen und eine Deeskalation zu verst\u00e4rken&#8221;.<\/p>\n<p>All das war in den Sichtweisen und Erwartungen der westliche Meinungsmacher nicht vorgesehen. Aber Johannesburg zeigt, dass solche Erfolge m\u00f6glich sind, wenn der gute Wille auf allen Seiten vorhanden ist.<\/p>\n<p><strong>Eine andere Welt bricht an<\/strong><\/p>\n<p>Die Welt, in der der Westen zu leben glaubt, ist eine andere als jene, die sich t\u00e4glich um die Sonne dreht. Man ist hilflos, denn man wei\u00df nicht, was man gegen den Wandel unternehmen kann. Man versucht es weiterhin mit den alten Mitteln milit\u00e4rischer Bedrohung schw\u00e4cherer Gegner und den neueren der Wirtschaftssanktionen gegen st\u00e4rkere. Das hat schon in der Vergangenheit wenig Erfolg gehabt gemessen am angerichteten Schaden. Die neuen Gegner aber sind st\u00e4rker. Gegen die milit\u00e4rische St\u00e4rke Russlands ist im politischen Westen kein Kraut gewachsen.<\/p>\n<p>Chinas wirtschaftliche und vor allem seine finanzielle St\u00e4rke erm\u00f6glichen sein Vordringen auf allen Kontinenten und eine gesellschaftliche Entwicklung, die der Westen in all den Jahrzehnten seit dem Zweiten Weltkrieg nicht hatte auf die Beine stellen k\u00f6nnen. Er hat seine unangefochtene F\u00fchrungsrolle verloren. Die bisher noch unterentwickelten L\u00e4nder sind nicht mehr auf Gedeih und Verderb auf ihn angewiesen.<\/p>\n<p>Mit Russland und China sind Alternativen entstanden, die \u00fcber das n\u00f6tige Kapital und auch technologische Qualit\u00e4ten verf\u00fcgen, die dem politischen Westen in nichts mehr nachstehen. Alte Freunde gehen dem Westen von der Fahne. Sie waren nie wirklich Freunde. Es blieb ihnen nur in der Vergangenheit nichts anderes \u00fcbrig, als Freunde der USA und des politischen Westens zu sein. Das \u00e4ndert sich jetzt.<\/p>\n<p><em>R\u00fcdiger Rauls ist Buchautor und betreibt den Blog <a rel=\"nofollow noopener\" target=\"_blank\" href=\"https:\/\/ruedigerraulsblog.wordpress.com\/\">Politische Analyse<\/a>.<\/em><\/p>\n<p><strong>Mehr zum Thema<\/strong> &#8211;\u00a0<a rel=\"nofollow noopener\" target=\"_blank\" href=\"https:\/\/freedert.online\/international\/179232-pepe-escobar-willkommen-bei-brics\/\">Pepe Escobar: Willkommen bei BRICS 11!<\/a>\u00a0<\/p>\n<\/div>\n<p><br \/>\n<br \/><a href=\"https:\/\/de.rt.com\/meinung\/179537-brics-veraendern-welt\/\">Source link <\/a><\/p>\n","protected":false},"excerpt":{"rendered":"<p>Um das Ergebnis des BRICS-Gipfels in Johannesburg zu verstehen, m\u00fcsste sich der Westen an einigen Punkten erst einmal mit der Wirklichkeit auseinandersetzen. Denn die BRICS brauchen und wollen, anders als der Westen, eben keine einheitliche Ideologie. Von R\u00fcdiger Rauls Die Ergebnisse des BRICS-Gipfels von Johannesburg sind weitreichend. Sie widersprachen in nahezu allen Bereichen den Spekulationen [&hellip;]<\/p>\n","protected":false},"author":3,"featured_media":45631,"comment_status":"open","ping_status":"open","sticky":false,"template":"","format":"standard","meta":{"_yoast_indexnow_last_ping":["1693730368"],"wp_automatic_camp":["217"],"db5e41ed72c99f99ec8392efddbe0e16":["Die BRICS ver\u00e4ndern die Welt"],"original_link":["https:\/\/de.rt.com\/meinung\/179537-brics-veraendern-welt\/"],"_thumbnail_id":["45631"],"_wptgpro_p2tg_sent2tg":["a:1:{i:23737;s:19:\"2023-09-03 10:42:16\";}"],"jnews_social_counter_last_update":["1777594995"]},"categories":[19,23],"tags":[21147,45,6387,778],"yoast_head":"<!-- This site is optimized with the Yoast SEO Premium plugin v22.7 (Yoast SEO v22.7) - https:\/\/yoast.com\/wordpress\/plugins\/seo\/ -->\n<title>Die BRICS ver\u00e4ndern die Welt - just-now.NEWS Deutschland<\/title>\n<meta name=\"robots\" content=\"index, follow, max-snippet:-1, max-image-preview:large, max-video-preview:-1\" \/>\n<link rel=\"canonical\" href=\"https:\/\/now-news.de\/de\/deutschland\/die-brics-veraendern-die-welt\/\" \/>\n<meta property=\"og:locale\" content=\"de_DE\" \/>\n<meta property=\"og:type\" content=\"article\" \/>\n<meta property=\"og:title\" content=\"Die BRICS ver\u00e4ndern die Welt\" \/>\n<meta property=\"og:description\" content=\"Um das Ergebnis des BRICS-Gipfels in Johannesburg zu verstehen, m\u00fcsste sich der Westen an einigen Punkten erst einmal mit der Wirklichkeit auseinandersetzen. Denn die BRICS brauchen und wollen, anders als der Westen, eben keine einheitliche Ideologie. Von R\u00fcdiger Rauls Die Ergebnisse des BRICS-Gipfels von Johannesburg sind weitreichend. Sie widersprachen in nahezu allen Bereichen den Spekulationen [&hellip;]\" \/>\n<meta property=\"og:url\" content=\"https:\/\/now-news.de\/de\/deutschland\/die-brics-veraendern-die-welt\/\" \/>\n<meta property=\"og:site_name\" content=\"just-now.NEWS Deutschland\" \/>\n<meta property=\"article:publisher\" content=\"https:\/\/www.facebook.com\/wirmachenauf\" \/>\n<meta property=\"article:published_time\" content=\"2023-09-03T08:32:09+00:00\" \/>\n<meta property=\"og:image\" content=\"https:\/\/now-news.de\/de\/wp-content\/uploads\/sites\/3\/2023\/09\/Die-BRICS-veraendern-die-Welt.jpg\" \/>\n\t<meta property=\"og:image:width\" content=\"460\" \/>\n\t<meta property=\"og:image:height\" content=\"259\" \/>\n\t<meta property=\"og:image:type\" content=\"image\/jpeg\" \/>\n<meta name=\"author\" content=\"rtnews\" \/>\n<meta name=\"twitter:card\" content=\"summary_large_image\" \/>\n<meta name=\"twitter:creator\" content=\"@WirMachenAuf_de\" \/>\n<meta name=\"twitter:site\" content=\"@WirMachenAuf_de\" \/>\n<meta name=\"twitter:label1\" content=\"Verfasst von\" \/>\n\t<meta name=\"twitter:data1\" content=\"rtnews\" \/>\n\t<meta name=\"twitter:label2\" content=\"Gesch\u00e4tzte Lesezeit\" \/>\n\t<meta name=\"twitter:data2\" content=\"9\u00a0Minuten\" \/>\n<script type=\"application\/ld+json\" class=\"yoast-schema-graph\">{\"@context\":\"https:\/\/schema.org\",\"@graph\":[{\"@type\":\"Article\",\"@id\":\"https:\/\/now-news.de\/de\/deutschland\/die-brics-veraendern-die-welt\/#article\",\"isPartOf\":{\"@id\":\"https:\/\/now-news.de\/de\/deutschland\/die-brics-veraendern-die-welt\/\"},\"author\":{\"name\":\"rtnews\",\"@id\":\"https:\/\/now-news.de\/de\/#\/schema\/person\/fb534a4e865501d8b3285208df34a9b5\"},\"headline\":\"Die BRICS ver\u00e4ndern die Welt\",\"datePublished\":\"2023-09-03T08:32:09+00:00\",\"dateModified\":\"2023-09-03T08:32:09+00:00\",\"mainEntityOfPage\":{\"@id\":\"https:\/\/now-news.de\/de\/deutschland\/die-brics-veraendern-die-welt\/\"},\"wordCount\":1738,\"commentCount\":0,\"publisher\":{\"@id\":\"https:\/\/now-news.de\/de\/#organization\"},\"image\":{\"@id\":\"https:\/\/now-news.de\/de\/deutschland\/die-brics-veraendern-die-welt\/#primaryimage\"},\"thumbnailUrl\":\"https:\/\/now-news.de\/de\/wp-content\/uploads\/sites\/3\/2023\/09\/Die-BRICS-veraendern-die-Welt.jpg\",\"keywords\":[\"BRICS\",\"die\",\"ver\u00e4ndern\",\"Welt\"],\"articleSection\":[\"Deutschland\",\"Russland\"],\"inLanguage\":\"de\",\"potentialAction\":[{\"@type\":\"CommentAction\",\"name\":\"Comment\",\"target\":[\"https:\/\/now-news.de\/de\/deutschland\/die-brics-veraendern-die-welt\/#respond\"]}]},{\"@type\":\"WebPage\",\"@id\":\"https:\/\/now-news.de\/de\/deutschland\/die-brics-veraendern-die-welt\/\",\"url\":\"https:\/\/now-news.de\/de\/deutschland\/die-brics-veraendern-die-welt\/\",\"name\":\"Die BRICS ver\u00e4ndern die Welt - just-now.NEWS Deutschland\",\"isPartOf\":{\"@id\":\"https:\/\/now-news.de\/de\/#website\"},\"primaryImageOfPage\":{\"@id\":\"https:\/\/now-news.de\/de\/deutschland\/die-brics-veraendern-die-welt\/#primaryimage\"},\"image\":{\"@id\":\"https:\/\/now-news.de\/de\/deutschland\/die-brics-veraendern-die-welt\/#primaryimage\"},\"thumbnailUrl\":\"https:\/\/now-news.de\/de\/wp-content\/uploads\/sites\/3\/2023\/09\/Die-BRICS-veraendern-die-Welt.jpg\",\"datePublished\":\"2023-09-03T08:32:09+00:00\",\"dateModified\":\"2023-09-03T08:32:09+00:00\",\"breadcrumb\":{\"@id\":\"https:\/\/now-news.de\/de\/deutschland\/die-brics-veraendern-die-welt\/#breadcrumb\"},\"inLanguage\":\"de\",\"potentialAction\":[{\"@type\":\"ReadAction\",\"target\":[\"https:\/\/now-news.de\/de\/deutschland\/die-brics-veraendern-die-welt\/\"]}]},{\"@type\":\"ImageObject\",\"inLanguage\":\"de\",\"@id\":\"https:\/\/now-news.de\/de\/deutschland\/die-brics-veraendern-die-welt\/#primaryimage\",\"url\":\"https:\/\/now-news.de\/de\/wp-content\/uploads\/sites\/3\/2023\/09\/Die-BRICS-veraendern-die-Welt.jpg\",\"contentUrl\":\"https:\/\/now-news.de\/de\/wp-content\/uploads\/sites\/3\/2023\/09\/Die-BRICS-veraendern-die-Welt.jpg\",\"width\":460,\"height\":259,\"caption\":\"Die BRICS ver\u00e4ndern die Welt\"},{\"@type\":\"BreadcrumbList\",\"@id\":\"https:\/\/now-news.de\/de\/deutschland\/die-brics-veraendern-die-welt\/#breadcrumb\",\"itemListElement\":[{\"@type\":\"ListItem\",\"position\":1,\"name\":\"Home\",\"item\":\"https:\/\/now-news.de\/de\/\"},{\"@type\":\"ListItem\",\"position\":2,\"name\":\"Die BRICS ver\u00e4ndern die Welt\"}]},{\"@type\":\"WebSite\",\"@id\":\"https:\/\/now-news.de\/de\/#website\",\"url\":\"https:\/\/now-news.de\/de\/\",\"name\":\"just-now.NEWS Deutschland\",\"description\":\"Das Portal f\u00fcr unzensierte Nachrichten aus der Welt\",\"publisher\":{\"@id\":\"https:\/\/now-news.de\/de\/#organization\"},\"potentialAction\":[{\"@type\":\"SearchAction\",\"target\":{\"@type\":\"EntryPoint\",\"urlTemplate\":\"https:\/\/now-news.de\/de\/?s={search_term_string}\"},\"query-input\":\"required name=search_term_string\"}],\"inLanguage\":\"de\"},{\"@type\":\"Organization\",\"@id\":\"https:\/\/now-news.de\/de\/#organization\",\"name\":\"Just Now News\",\"url\":\"https:\/\/now-news.de\/de\/\",\"logo\":{\"@type\":\"ImageObject\",\"inLanguage\":\"de\",\"@id\":\"https:\/\/now-news.de\/de\/#\/schema\/logo\/image\/\",\"url\":\"http:\/\/just-now.news\/de\/wp-content\/uploads\/sites\/3\/2022\/04\/logo500x500.jpg\",\"contentUrl\":\"http:\/\/just-now.news\/de\/wp-content\/uploads\/sites\/3\/2022\/04\/logo500x500.jpg\",\"width\":500,\"height\":500,\"caption\":\"Just Now News\"},\"image\":{\"@id\":\"https:\/\/now-news.de\/de\/#\/schema\/logo\/image\/\"},\"sameAs\":[\"https:\/\/www.facebook.com\/wirmachenauf\",\"https:\/\/x.com\/WirMachenAuf_de\"]},{\"@type\":\"Person\",\"@id\":\"https:\/\/now-news.de\/de\/#\/schema\/person\/fb534a4e865501d8b3285208df34a9b5\",\"name\":\"rtnews\",\"image\":{\"@type\":\"ImageObject\",\"inLanguage\":\"de\",\"@id\":\"https:\/\/now-news.de\/de\/#\/schema\/person\/image\/\",\"url\":\"https:\/\/secure.gravatar.com\/avatar\/82aafea7d8127119dd649515f56e2117?s=96&d=mm&r=g\",\"contentUrl\":\"https:\/\/secure.gravatar.com\/avatar\/82aafea7d8127119dd649515f56e2117?s=96&d=mm&r=g\",\"caption\":\"rtnews\"},\"url\":\"https:\/\/now-news.de\/de\/author\/rnews\/\"}]}<\/script>\n<!-- \/ Yoast SEO Premium plugin. -->","yoast_head_json":{"title":"Die BRICS ver\u00e4ndern die Welt - just-now.NEWS Deutschland","robots":{"index":"index","follow":"follow","max-snippet":"max-snippet:-1","max-image-preview":"max-image-preview:large","max-video-preview":"max-video-preview:-1"},"canonical":"https:\/\/now-news.de\/de\/deutschland\/die-brics-veraendern-die-welt\/","og_locale":"de_DE","og_type":"article","og_title":"Die BRICS ver\u00e4ndern die Welt","og_description":"Um das Ergebnis des BRICS-Gipfels in Johannesburg zu verstehen, m\u00fcsste sich der Westen an einigen Punkten erst einmal mit der Wirklichkeit auseinandersetzen. Denn die BRICS brauchen und wollen, anders als der Westen, eben keine einheitliche Ideologie. Von R\u00fcdiger Rauls Die Ergebnisse des BRICS-Gipfels von Johannesburg sind weitreichend. Sie widersprachen in nahezu allen Bereichen den Spekulationen [&hellip;]","og_url":"https:\/\/now-news.de\/de\/deutschland\/die-brics-veraendern-die-welt\/","og_site_name":"just-now.NEWS Deutschland","article_publisher":"https:\/\/www.facebook.com\/wirmachenauf","article_published_time":"2023-09-03T08:32:09+00:00","og_image":[{"width":460,"height":259,"url":"https:\/\/now-news.de\/de\/wp-content\/uploads\/sites\/3\/2023\/09\/Die-BRICS-veraendern-die-Welt.jpg","type":"image\/jpeg"}],"author":"rtnews","twitter_card":"summary_large_image","twitter_creator":"@WirMachenAuf_de","twitter_site":"@WirMachenAuf_de","twitter_misc":{"Verfasst von":"rtnews","Gesch\u00e4tzte Lesezeit":"9\u00a0Minuten"},"schema":{"@context":"https:\/\/schema.org","@graph":[{"@type":"Article","@id":"https:\/\/now-news.de\/de\/deutschland\/die-brics-veraendern-die-welt\/#article","isPartOf":{"@id":"https:\/\/now-news.de\/de\/deutschland\/die-brics-veraendern-die-welt\/"},"author":{"name":"rtnews","@id":"https:\/\/now-news.de\/de\/#\/schema\/person\/fb534a4e865501d8b3285208df34a9b5"},"headline":"Die BRICS ver\u00e4ndern die Welt","datePublished":"2023-09-03T08:32:09+00:00","dateModified":"2023-09-03T08:32:09+00:00","mainEntityOfPage":{"@id":"https:\/\/now-news.de\/de\/deutschland\/die-brics-veraendern-die-welt\/"},"wordCount":1738,"commentCount":0,"publisher":{"@id":"https:\/\/now-news.de\/de\/#organization"},"image":{"@id":"https:\/\/now-news.de\/de\/deutschland\/die-brics-veraendern-die-welt\/#primaryimage"},"thumbnailUrl":"https:\/\/now-news.de\/de\/wp-content\/uploads\/sites\/3\/2023\/09\/Die-BRICS-veraendern-die-Welt.jpg","keywords":["BRICS","die","ver\u00e4ndern","Welt"],"articleSection":["Deutschland","Russland"],"inLanguage":"de","potentialAction":[{"@type":"CommentAction","name":"Comment","target":["https:\/\/now-news.de\/de\/deutschland\/die-brics-veraendern-die-welt\/#respond"]}]},{"@type":"WebPage","@id":"https:\/\/now-news.de\/de\/deutschland\/die-brics-veraendern-die-welt\/","url":"https:\/\/now-news.de\/de\/deutschland\/die-brics-veraendern-die-welt\/","name":"Die BRICS ver\u00e4ndern die Welt - just-now.NEWS Deutschland","isPartOf":{"@id":"https:\/\/now-news.de\/de\/#website"},"primaryImageOfPage":{"@id":"https:\/\/now-news.de\/de\/deutschland\/die-brics-veraendern-die-welt\/#primaryimage"},"image":{"@id":"https:\/\/now-news.de\/de\/deutschland\/die-brics-veraendern-die-welt\/#primaryimage"},"thumbnailUrl":"https:\/\/now-news.de\/de\/wp-content\/uploads\/sites\/3\/2023\/09\/Die-BRICS-veraendern-die-Welt.jpg","datePublished":"2023-09-03T08:32:09+00:00","dateModified":"2023-09-03T08:32:09+00:00","breadcrumb":{"@id":"https:\/\/now-news.de\/de\/deutschland\/die-brics-veraendern-die-welt\/#breadcrumb"},"inLanguage":"de","potentialAction":[{"@type":"ReadAction","target":["https:\/\/now-news.de\/de\/deutschland\/die-brics-veraendern-die-welt\/"]}]},{"@type":"ImageObject","inLanguage":"de","@id":"https:\/\/now-news.de\/de\/deutschland\/die-brics-veraendern-die-welt\/#primaryimage","url":"https:\/\/now-news.de\/de\/wp-content\/uploads\/sites\/3\/2023\/09\/Die-BRICS-veraendern-die-Welt.jpg","contentUrl":"https:\/\/now-news.de\/de\/wp-content\/uploads\/sites\/3\/2023\/09\/Die-BRICS-veraendern-die-Welt.jpg","width":460,"height":259,"caption":"Die BRICS ver\u00e4ndern die Welt"},{"@type":"BreadcrumbList","@id":"https:\/\/now-news.de\/de\/deutschland\/die-brics-veraendern-die-welt\/#breadcrumb","itemListElement":[{"@type":"ListItem","position":1,"name":"Home","item":"https:\/\/now-news.de\/de\/"},{"@type":"ListItem","position":2,"name":"Die BRICS ver\u00e4ndern die Welt"}]},{"@type":"WebSite","@id":"https:\/\/now-news.de\/de\/#website","url":"https:\/\/now-news.de\/de\/","name":"just-now.NEWS Deutschland","description":"Das Portal f\u00fcr unzensierte Nachrichten aus der Welt","publisher":{"@id":"https:\/\/now-news.de\/de\/#organization"},"potentialAction":[{"@type":"SearchAction","target":{"@type":"EntryPoint","urlTemplate":"https:\/\/now-news.de\/de\/?s={search_term_string}"},"query-input":"required name=search_term_string"}],"inLanguage":"de"},{"@type":"Organization","@id":"https:\/\/now-news.de\/de\/#organization","name":"Just Now News","url":"https:\/\/now-news.de\/de\/","logo":{"@type":"ImageObject","inLanguage":"de","@id":"https:\/\/now-news.de\/de\/#\/schema\/logo\/image\/","url":"http:\/\/just-now.news\/de\/wp-content\/uploads\/sites\/3\/2022\/04\/logo500x500.jpg","contentUrl":"http:\/\/just-now.news\/de\/wp-content\/uploads\/sites\/3\/2022\/04\/logo500x500.jpg","width":500,"height":500,"caption":"Just Now News"},"image":{"@id":"https:\/\/now-news.de\/de\/#\/schema\/logo\/image\/"},"sameAs":["https:\/\/www.facebook.com\/wirmachenauf","https:\/\/x.com\/WirMachenAuf_de"]},{"@type":"Person","@id":"https:\/\/now-news.de\/de\/#\/schema\/person\/fb534a4e865501d8b3285208df34a9b5","name":"rtnews","image":{"@type":"ImageObject","inLanguage":"de","@id":"https:\/\/now-news.de\/de\/#\/schema\/person\/image\/","url":"https:\/\/secure.gravatar.com\/avatar\/82aafea7d8127119dd649515f56e2117?s=96&d=mm&r=g","contentUrl":"https:\/\/secure.gravatar.com\/avatar\/82aafea7d8127119dd649515f56e2117?s=96&d=mm&r=g","caption":"rtnews"},"url":"https:\/\/now-news.de\/de\/author\/rnews\/"}]}},"_links":{"self":[{"href":"https:\/\/now-news.de\/de\/wp-json\/wp\/v2\/posts\/45630"}],"collection":[{"href":"https:\/\/now-news.de\/de\/wp-json\/wp\/v2\/posts"}],"about":[{"href":"https:\/\/now-news.de\/de\/wp-json\/wp\/v2\/types\/post"}],"author":[{"embeddable":true,"href":"https:\/\/now-news.de\/de\/wp-json\/wp\/v2\/users\/3"}],"replies":[{"embeddable":true,"href":"https:\/\/now-news.de\/de\/wp-json\/wp\/v2\/comments?post=45630"}],"version-history":[{"count":0,"href":"https:\/\/now-news.de\/de\/wp-json\/wp\/v2\/posts\/45630\/revisions"}],"wp:featuredmedia":[{"embeddable":true,"href":"https:\/\/now-news.de\/de\/wp-json\/wp\/v2\/media\/45631"}],"wp:attachment":[{"href":"https:\/\/now-news.de\/de\/wp-json\/wp\/v2\/media?parent=45630"}],"wp:term":[{"taxonomy":"category","embeddable":true,"href":"https:\/\/now-news.de\/de\/wp-json\/wp\/v2\/categories?post=45630"},{"taxonomy":"post_tag","embeddable":true,"href":"https:\/\/now-news.de\/de\/wp-json\/wp\/v2\/tags?post=45630"}],"curies":[{"name":"wp","href":"https:\/\/api.w.org\/{rel}","templated":true}]}}