{"id":45578,"date":"2023-09-02T10:18:36","date_gmt":"2023-09-02T08:18:36","guid":{"rendered":"https:\/\/just-now.news\/de\/deutschland\/wie-durch-die-vorenthaltung-von-kanzlerakten-geschichte-manipuliert-wird\/"},"modified":"2023-09-02T10:18:36","modified_gmt":"2023-09-02T08:18:36","slug":"wie-durch-die-vorenthaltung-von-kanzlerakten-geschichte-manipuliert-wird","status":"publish","type":"post","link":"https:\/\/now-news.de\/de\/deutschland\/wie-durch-die-vorenthaltung-von-kanzlerakten-geschichte-manipuliert-wird\/","title":{"rendered":"Wie durch die Vorenthaltung von Kanzlerakten Geschichte manipuliert wird"},"content":{"rendered":"<p><img decoding=\"async\" src=\"http:\/\/just-now.news\/de\/wp-content\/uploads\/sites\/3\/2023\/09\/64f20f22b480cc45042f1c72.jpg\" \/><\/p>\n<div class=\"Text-root Text-type_1 \">\n                Der neue Dokumentarfilm der investigativen Journalistin Gaby Weber handelt vom rechtswidrigen Umgang mit den Kanzlerakten in Deutschland. Bis heute gibt die Witwe des ehemaligen Bundeskanzlers Helmut Kohl die in Oggersheim gelagerten Unterlagen nicht heraus. In langwierigen Klagen versucht die Journalistin sich Zugang zu verschaffen.\n            <\/div>\n<p><\/p>\n<div class=\"Text-root Text-type_5 ArticleView-text ViewText-root \">\n<p><em>Von Felicitas Rabe<\/em><\/p>\n<p>Offiziell muss das Kanzleramt nach Amtsende der jeweiligen Bundeskanzler die betreffenden Akten beim <a rel=\"nofollow noopener\" target=\"_blank\" href=\"https:\/\/www.bundesarchiv.de\/DE\/Navigation\/Meta\/Ueber-uns\/Dienstorte\/Koblenz\/koblenz.html\">Bundesarchiv<\/a> in Koblenz abgeben. Dort st\u00fcnden die Unterlagen dann f\u00fcr Journalisten und Wissenschaftler zur Recherche bereit. In ihrem neuen Dokumentarfilm &#8220;Die geklauten Kohlakten \u2013 wie Geschichte manipuliert wird&#8221; zeigt die Journalistin <a rel=\"nofollow noopener\" target=\"_blank\" href=\"https:\/\/www.gabyweber.com\/index.php\/de\/\">Gaby Weber<\/a>\u00a0jedoch, wie weit man sich in der Bundesrepublik vom offiziellen Prozedere verabschiedet hat. Die Dokumentation wurde am 23. August auf dem YouTube-Kanal\u00a0von Gaby Weber <a rel=\"nofollow noopener\" target=\"_blank\" href=\"https:\/\/www.youtube.com\/watch?v=UHkzcebFfD8\">ver\u00f6ffentlicht<\/a>. Dort findet man auch eine Zusammenfassung der Filmemacherin.<\/p>\n<p>Der Film startet mit dem Umgang von privat gelagerten Regierungsunterlagen in den USA. Dort lie\u00df die Bundespolizei im Auftrag des US-Bundesarchivs NARA in den Privatr\u00e4umen des ehemaligen US-Pr\u00e4sidenten Donald Trump die von ihm mitgenommenen Regierungsunterlagen beschlagnahmen.<\/p>\n<p>In Deutschland w\u00fcrden die Kanzlerakten demgegen\u00fcber h\u00e4ufig in parteinahen Stiftungen landen. Dort st\u00fcnden sie dann der \u00d6ffentlichkeit nicht mehr zur Verf\u00fcgung. So seien die Unterlagen im Falle der Regierung Kohl, nach seinem Amtsaustritt im Jahre 1998, zun\u00e4chst bei der Konrad-Adenauer-Stiftung und schlie\u00dflich 2010 in seinem Privathaus in Oggersheim gelagert worden. Sein Biograph habe sie vor Ort ausgewertet. Seit dem Tod des Ex-Kanzlers w\u00fcrden sie in Kohls Privathaus von seiner Witwe bewacht. Nach dem Strafgesetzbuch erf\u00fclle diese rechtswidrige Vorenthaltung den Tatbestand des &#8220;Verwahrungbruchs&#8221;. Dies bezeugte auch der Pr\u00e4sident des Bundesarchivs, Michael Hollmann:<\/p>\n<blockquote>\n<p><em>&#8220;Das Bundeskanzleramt hat sein dienstliches Schriftgut vollst\u00e4ndig dem Bundesarchiv anzubieten. Dass das nicht der Fall ist in der Realit\u00e4t, wissen wir alle.&#8221;<\/em><\/p>\n<\/blockquote>\n<p>Der Kommentator des Bundesarchivgesetzes und des Informationsfreiheitsgesetzes, Rechtsanwalt Christoph Partsch, \u00e4u\u00dferte sich ebenfalls dazu:<\/p>\n<blockquote>\n<p><em>&#8220;Es hat sich eingeb\u00fcrgert, dass Bundeskanzler die Dokumente mit nach Hause nehmen, mit dem Ziel, sie im eigenen Interesse zu kommerzialisieren, w\u00e4hrend sie gleichzeitig anderen den Zugang zu diesen Unterlagen versagen. Damit manipulieren sie die Geschichte.&#8221;<\/em><\/p>\n<\/blockquote>\n<p>Gleich bei mehreren Recherchen habe Gaby Weber Unterlagen im Bundesarchiv in Koblenz vermisst: So bei ihrer Recherche zu dem Kommentator der N\u00fcrnberger Rasseschutzgesetze <a rel=\"nofollow noopener\" target=\"_blank\" href=\"https:\/\/de.wikipedia.org\/wiki\/Hans_Globke\">Hans Globke<\/a>, der sp\u00e4ter Kanzleramtschef unter Konrad Adenauer wurde. Seit 2010 klage sie auf Herausgabe der Akten, die bei der Konrad-Adenauer-Stiftung lagern. Inzwischen liege der Fall beim Europ\u00e4ischen Menschenrechtsgerichtshof. Auch bei ihrer Recherche zu den Seilschaften von Helmut Kohl in S\u00fcdamerika und zu seiner Rolle innerhalb dieser l\u00e4gen die Unterlagen nicht in Koblenz. Ebenso wenig k\u00f6nne sie seine Rolle bei der Privatisierung der Leunawerke zur\u00fcckverfolgen.<\/p>\n<p>Aus diesem Grund habe Gaby Weber die Kohl-Witwe bei der Staatsanwaltschaft angezeigt und das Kanzleramt auf Wiederbeschaffung der Kohlakten verklagt. Im M\u00e4rz 2023 habe das Bundesverwaltungsgericht in Leipzig die Klage abgewiesen. Ihr Rechtsanwalt Raphael Thomas habe jetzt Verfassungsbeschwerde eingereicht. Der Jurist kommentierte:<\/p>\n<blockquote>\n<p><em>&#8220;Diese Akten geh\u00f6ren dem Volk. Aber man hat den Eindruck, dass sie mit ihnen machen k\u00f6nnen, was sie wollen. Das kann nicht sein.&#8221;<\/em><\/p>\n<\/blockquote>\n<p>Die Dokumentation wird schlie\u00dflich zu einem Krimi: Einen Tag nach der Entscheidung des Leipziger Gerichts, habe der <em>Spiegel<\/em> in einer kleinen Notiz vermeldet, die Akten aus dem Oggersheimer Keller seien verschwunden:<\/p>\n<blockquote>\n<p><em>&#8220;So fehlen die Originale von 70 Dokumenten, die Historiker des Instituts f\u00fcr Zeitgeschichte noch zu Kohls Lebzeiten in dessen Privathaus in Oggersheim kopiert haben.&#8221;<\/em><\/p>\n<\/blockquote>\n<p>Dies habe das Institut f\u00fcr Zeitgeschichte gegen\u00fcber der Journalistin best\u00e4tigt.<\/p>\n<p>Gaby Weber hatte die Klagen auf Aktenzugang mit Crowdfunding finanziert. Direkt nach ihrer Niederlage vor dem Oberverwaltungsgericht sperrte Paypal ihr Konto. Weber fragt sich im Film deshalb: &#8220;War es ein Zufall, dass Paypal mein Konto sperrte, als ich gerade den Prozess vor dem Oberverwaltungsgericht verloren hatte? Irgendjemand muss mich bei Paypal denunziert haben.&#8221;<\/p>\n<p>Daraufhin habe sie bei Paypal protestiert. Sie habe ihrem Protestschreiben einen Artikel \u00fcber ihren Prozess hinzugef\u00fcgt und einen Hinweis, &#8220;dass das, wof\u00fcr ich prozessiere, in den USA das FBI erledigt.&#8221; Am n\u00e4chsten Tag sei das Konto wieder freigegeben worden.<\/p>\n<p><strong>Mehr zum Thema<\/strong> &#8211;\u00a0<a rel=\"nofollow noopener\" target=\"_blank\" href=\"https:\/\/freedert.online\/meinung\/178179-einuebung-kaeuflichkeit-oder-wie-deutsche\/\">Die Ein\u00fcbung der K\u00e4uflichkeit oder: Wie die deutsche Politik ihre Moral verlor \u2012 Teil 2<\/a><\/p>\n<p>\u00a0<\/p>\n<p>\u00a0<\/p>\n<\/div>\n<p><br \/>\n<br \/><a href=\"https:\/\/de.rt.com\/inland\/179535-wie-durch-vorenthaltung-von-kanzlerakten\/\">Source link <\/a><\/p>\n","protected":false},"excerpt":{"rendered":"<p>Der neue Dokumentarfilm der investigativen Journalistin Gaby Weber handelt vom rechtswidrigen Umgang mit den Kanzlerakten in Deutschland. Bis heute gibt die Witwe des ehemaligen Bundeskanzlers Helmut Kohl die in Oggersheim gelagerten Unterlagen nicht heraus. In langwierigen Klagen versucht die Journalistin sich Zugang zu verschaffen. Von Felicitas Rabe Offiziell muss das Kanzleramt nach Amtsende der jeweiligen [&hellip;]<\/p>\n","protected":false},"author":3,"featured_media":45579,"comment_status":"open","ping_status":"open","sticky":false,"template":"","format":"standard","meta":{"_yoast_indexnow_last_ping":["1693642852"],"wp_automatic_camp":["217"],"539b28eb448ac3a727aa0d9ce25ac1ca":["Wie durch die Vorenthaltung von Kanzlerakten Geschichte manipuliert wird"],"original_link":["https:\/\/de.rt.com\/inland\/179535-wie-durch-vorenthaltung-von-kanzlerakten\/"],"_thumbnail_id":["45579"],"_wptgpro_p2tg_sent2tg":["a:1:{i:23737;s:19:\"2023-09-02 10:22:04\";}"],"jnews_social_counter_last_update":["1777281999"]},"categories":[19,23],"tags":[45,1024,851,48419,6726,50,48418,579,374],"yoast_head":"<!-- This site is optimized with the Yoast SEO Premium plugin v22.7 (Yoast SEO v22.7) - https:\/\/yoast.com\/wordpress\/plugins\/seo\/ -->\n<title>Wie durch die Vorenthaltung von Kanzlerakten Geschichte manipuliert wird - just-now.NEWS Deutschland<\/title>\n<meta name=\"robots\" content=\"index, follow, max-snippet:-1, max-image-preview:large, max-video-preview:-1\" \/>\n<link rel=\"canonical\" href=\"https:\/\/now-news.de\/de\/deutschland\/wie-durch-die-vorenthaltung-von-kanzlerakten-geschichte-manipuliert-wird\/\" \/>\n<meta property=\"og:locale\" content=\"de_DE\" \/>\n<meta property=\"og:type\" content=\"article\" \/>\n<meta property=\"og:title\" content=\"Wie durch die Vorenthaltung von Kanzlerakten Geschichte manipuliert wird\" \/>\n<meta property=\"og:description\" content=\"Der neue Dokumentarfilm der investigativen Journalistin Gaby Weber handelt vom rechtswidrigen Umgang mit den Kanzlerakten in Deutschland. Bis heute gibt die Witwe des ehemaligen Bundeskanzlers Helmut Kohl die in Oggersheim gelagerten Unterlagen nicht heraus. In langwierigen Klagen versucht die Journalistin sich Zugang zu verschaffen. Von Felicitas Rabe Offiziell muss das Kanzleramt nach Amtsende der jeweiligen [&hellip;]\" \/>\n<meta property=\"og:url\" content=\"https:\/\/now-news.de\/de\/deutschland\/wie-durch-die-vorenthaltung-von-kanzlerakten-geschichte-manipuliert-wird\/\" \/>\n<meta property=\"og:site_name\" content=\"just-now.NEWS Deutschland\" \/>\n<meta property=\"article:publisher\" content=\"https:\/\/www.facebook.com\/wirmachenauf\" \/>\n<meta property=\"article:published_time\" content=\"2023-09-02T08:18:36+00:00\" \/>\n<meta property=\"og:image\" content=\"https:\/\/now-news.de\/de\/wp-content\/uploads\/sites\/3\/2023\/09\/Wie-durch-die-Vorenthaltung-von-Kanzlerakten-Geschichte-manipuliert-wird.jpg\" \/>\n\t<meta property=\"og:image:width\" content=\"460\" \/>\n\t<meta property=\"og:image:height\" content=\"259\" \/>\n\t<meta property=\"og:image:type\" content=\"image\/jpeg\" \/>\n<meta name=\"author\" content=\"rtnews\" \/>\n<meta name=\"twitter:card\" content=\"summary_large_image\" \/>\n<meta name=\"twitter:creator\" content=\"@WirMachenAuf_de\" \/>\n<meta name=\"twitter:site\" content=\"@WirMachenAuf_de\" \/>\n<meta name=\"twitter:label1\" content=\"Verfasst von\" \/>\n\t<meta name=\"twitter:data1\" content=\"rtnews\" \/>\n\t<meta name=\"twitter:label2\" content=\"Gesch\u00e4tzte Lesezeit\" \/>\n\t<meta name=\"twitter:data2\" content=\"3\u00a0Minuten\" \/>\n<script type=\"application\/ld+json\" class=\"yoast-schema-graph\">{\"@context\":\"https:\/\/schema.org\",\"@graph\":[{\"@type\":\"Article\",\"@id\":\"https:\/\/now-news.de\/de\/deutschland\/wie-durch-die-vorenthaltung-von-kanzlerakten-geschichte-manipuliert-wird\/#article\",\"isPartOf\":{\"@id\":\"https:\/\/now-news.de\/de\/deutschland\/wie-durch-die-vorenthaltung-von-kanzlerakten-geschichte-manipuliert-wird\/\"},\"author\":{\"name\":\"rtnews\",\"@id\":\"https:\/\/now-news.de\/de\/#\/schema\/person\/fb534a4e865501d8b3285208df34a9b5\"},\"headline\":\"Wie durch die Vorenthaltung von Kanzlerakten Geschichte manipuliert wird\",\"datePublished\":\"2023-09-02T08:18:36+00:00\",\"dateModified\":\"2023-09-02T08:18:36+00:00\",\"mainEntityOfPage\":{\"@id\":\"https:\/\/now-news.de\/de\/deutschland\/wie-durch-die-vorenthaltung-von-kanzlerakten-geschichte-manipuliert-wird\/\"},\"wordCount\":698,\"commentCount\":0,\"publisher\":{\"@id\":\"https:\/\/now-news.de\/de\/#organization\"},\"image\":{\"@id\":\"https:\/\/now-news.de\/de\/deutschland\/wie-durch-die-vorenthaltung-von-kanzlerakten-geschichte-manipuliert-wird\/#primaryimage\"},\"thumbnailUrl\":\"https:\/\/now-news.de\/de\/wp-content\/uploads\/sites\/3\/2023\/09\/Wie-durch-die-Vorenthaltung-von-Kanzlerakten-Geschichte-manipuliert-wird.jpg\",\"keywords\":[\"die\",\"durch\",\"Geschichte\",\"Kanzlerakten\",\"manipuliert\",\"von\",\"Vorenthaltung\",\"Wie\",\"wird\"],\"articleSection\":[\"Deutschland\",\"Russland\"],\"inLanguage\":\"de\",\"potentialAction\":[{\"@type\":\"CommentAction\",\"name\":\"Comment\",\"target\":[\"https:\/\/now-news.de\/de\/deutschland\/wie-durch-die-vorenthaltung-von-kanzlerakten-geschichte-manipuliert-wird\/#respond\"]}]},{\"@type\":\"WebPage\",\"@id\":\"https:\/\/now-news.de\/de\/deutschland\/wie-durch-die-vorenthaltung-von-kanzlerakten-geschichte-manipuliert-wird\/\",\"url\":\"https:\/\/now-news.de\/de\/deutschland\/wie-durch-die-vorenthaltung-von-kanzlerakten-geschichte-manipuliert-wird\/\",\"name\":\"Wie durch die Vorenthaltung von Kanzlerakten Geschichte manipuliert wird - just-now.NEWS Deutschland\",\"isPartOf\":{\"@id\":\"https:\/\/now-news.de\/de\/#website\"},\"primaryImageOfPage\":{\"@id\":\"https:\/\/now-news.de\/de\/deutschland\/wie-durch-die-vorenthaltung-von-kanzlerakten-geschichte-manipuliert-wird\/#primaryimage\"},\"image\":{\"@id\":\"https:\/\/now-news.de\/de\/deutschland\/wie-durch-die-vorenthaltung-von-kanzlerakten-geschichte-manipuliert-wird\/#primaryimage\"},\"thumbnailUrl\":\"https:\/\/now-news.de\/de\/wp-content\/uploads\/sites\/3\/2023\/09\/Wie-durch-die-Vorenthaltung-von-Kanzlerakten-Geschichte-manipuliert-wird.jpg\",\"datePublished\":\"2023-09-02T08:18:36+00:00\",\"dateModified\":\"2023-09-02T08:18:36+00:00\",\"breadcrumb\":{\"@id\":\"https:\/\/now-news.de\/de\/deutschland\/wie-durch-die-vorenthaltung-von-kanzlerakten-geschichte-manipuliert-wird\/#breadcrumb\"},\"inLanguage\":\"de\",\"potentialAction\":[{\"@type\":\"ReadAction\",\"target\":[\"https:\/\/now-news.de\/de\/deutschland\/wie-durch-die-vorenthaltung-von-kanzlerakten-geschichte-manipuliert-wird\/\"]}]},{\"@type\":\"ImageObject\",\"inLanguage\":\"de\",\"@id\":\"https:\/\/now-news.de\/de\/deutschland\/wie-durch-die-vorenthaltung-von-kanzlerakten-geschichte-manipuliert-wird\/#primaryimage\",\"url\":\"https:\/\/now-news.de\/de\/wp-content\/uploads\/sites\/3\/2023\/09\/Wie-durch-die-Vorenthaltung-von-Kanzlerakten-Geschichte-manipuliert-wird.jpg\",\"contentUrl\":\"https:\/\/now-news.de\/de\/wp-content\/uploads\/sites\/3\/2023\/09\/Wie-durch-die-Vorenthaltung-von-Kanzlerakten-Geschichte-manipuliert-wird.jpg\",\"width\":460,\"height\":259,\"caption\":\"Wie durch die Vorenthaltung von Kanzlerakten Geschichte manipuliert wird\"},{\"@type\":\"BreadcrumbList\",\"@id\":\"https:\/\/now-news.de\/de\/deutschland\/wie-durch-die-vorenthaltung-von-kanzlerakten-geschichte-manipuliert-wird\/#breadcrumb\",\"itemListElement\":[{\"@type\":\"ListItem\",\"position\":1,\"name\":\"Home\",\"item\":\"https:\/\/now-news.de\/de\/\"},{\"@type\":\"ListItem\",\"position\":2,\"name\":\"Wie durch die Vorenthaltung von Kanzlerakten Geschichte manipuliert wird\"}]},{\"@type\":\"WebSite\",\"@id\":\"https:\/\/now-news.de\/de\/#website\",\"url\":\"https:\/\/now-news.de\/de\/\",\"name\":\"just-now.NEWS Deutschland\",\"description\":\"Das Portal f\u00fcr unzensierte Nachrichten aus der Welt\",\"publisher\":{\"@id\":\"https:\/\/now-news.de\/de\/#organization\"},\"potentialAction\":[{\"@type\":\"SearchAction\",\"target\":{\"@type\":\"EntryPoint\",\"urlTemplate\":\"https:\/\/now-news.de\/de\/?s={search_term_string}\"},\"query-input\":\"required name=search_term_string\"}],\"inLanguage\":\"de\"},{\"@type\":\"Organization\",\"@id\":\"https:\/\/now-news.de\/de\/#organization\",\"name\":\"Just Now News\",\"url\":\"https:\/\/now-news.de\/de\/\",\"logo\":{\"@type\":\"ImageObject\",\"inLanguage\":\"de\",\"@id\":\"https:\/\/now-news.de\/de\/#\/schema\/logo\/image\/\",\"url\":\"http:\/\/just-now.news\/de\/wp-content\/uploads\/sites\/3\/2022\/04\/logo500x500.jpg\",\"contentUrl\":\"http:\/\/just-now.news\/de\/wp-content\/uploads\/sites\/3\/2022\/04\/logo500x500.jpg\",\"width\":500,\"height\":500,\"caption\":\"Just Now News\"},\"image\":{\"@id\":\"https:\/\/now-news.de\/de\/#\/schema\/logo\/image\/\"},\"sameAs\":[\"https:\/\/www.facebook.com\/wirmachenauf\",\"https:\/\/x.com\/WirMachenAuf_de\"]},{\"@type\":\"Person\",\"@id\":\"https:\/\/now-news.de\/de\/#\/schema\/person\/fb534a4e865501d8b3285208df34a9b5\",\"name\":\"rtnews\",\"image\":{\"@type\":\"ImageObject\",\"inLanguage\":\"de\",\"@id\":\"https:\/\/now-news.de\/de\/#\/schema\/person\/image\/\",\"url\":\"https:\/\/secure.gravatar.com\/avatar\/82aafea7d8127119dd649515f56e2117?s=96&d=mm&r=g\",\"contentUrl\":\"https:\/\/secure.gravatar.com\/avatar\/82aafea7d8127119dd649515f56e2117?s=96&d=mm&r=g\",\"caption\":\"rtnews\"},\"url\":\"https:\/\/now-news.de\/de\/author\/rnews\/\"}]}<\/script>\n<!-- \/ Yoast SEO Premium plugin. -->","yoast_head_json":{"title":"Wie durch die Vorenthaltung von Kanzlerakten Geschichte manipuliert wird - just-now.NEWS Deutschland","robots":{"index":"index","follow":"follow","max-snippet":"max-snippet:-1","max-image-preview":"max-image-preview:large","max-video-preview":"max-video-preview:-1"},"canonical":"https:\/\/now-news.de\/de\/deutschland\/wie-durch-die-vorenthaltung-von-kanzlerakten-geschichte-manipuliert-wird\/","og_locale":"de_DE","og_type":"article","og_title":"Wie durch die Vorenthaltung von Kanzlerakten Geschichte manipuliert wird","og_description":"Der neue Dokumentarfilm der investigativen Journalistin Gaby Weber handelt vom rechtswidrigen Umgang mit den Kanzlerakten in Deutschland. Bis heute gibt die Witwe des ehemaligen Bundeskanzlers Helmut Kohl die in Oggersheim gelagerten Unterlagen nicht heraus. In langwierigen Klagen versucht die Journalistin sich Zugang zu verschaffen. Von Felicitas Rabe Offiziell muss das Kanzleramt nach Amtsende der jeweiligen [&hellip;]","og_url":"https:\/\/now-news.de\/de\/deutschland\/wie-durch-die-vorenthaltung-von-kanzlerakten-geschichte-manipuliert-wird\/","og_site_name":"just-now.NEWS Deutschland","article_publisher":"https:\/\/www.facebook.com\/wirmachenauf","article_published_time":"2023-09-02T08:18:36+00:00","og_image":[{"width":460,"height":259,"url":"https:\/\/now-news.de\/de\/wp-content\/uploads\/sites\/3\/2023\/09\/Wie-durch-die-Vorenthaltung-von-Kanzlerakten-Geschichte-manipuliert-wird.jpg","type":"image\/jpeg"}],"author":"rtnews","twitter_card":"summary_large_image","twitter_creator":"@WirMachenAuf_de","twitter_site":"@WirMachenAuf_de","twitter_misc":{"Verfasst von":"rtnews","Gesch\u00e4tzte Lesezeit":"3\u00a0Minuten"},"schema":{"@context":"https:\/\/schema.org","@graph":[{"@type":"Article","@id":"https:\/\/now-news.de\/de\/deutschland\/wie-durch-die-vorenthaltung-von-kanzlerakten-geschichte-manipuliert-wird\/#article","isPartOf":{"@id":"https:\/\/now-news.de\/de\/deutschland\/wie-durch-die-vorenthaltung-von-kanzlerakten-geschichte-manipuliert-wird\/"},"author":{"name":"rtnews","@id":"https:\/\/now-news.de\/de\/#\/schema\/person\/fb534a4e865501d8b3285208df34a9b5"},"headline":"Wie durch die Vorenthaltung von Kanzlerakten Geschichte manipuliert wird","datePublished":"2023-09-02T08:18:36+00:00","dateModified":"2023-09-02T08:18:36+00:00","mainEntityOfPage":{"@id":"https:\/\/now-news.de\/de\/deutschland\/wie-durch-die-vorenthaltung-von-kanzlerakten-geschichte-manipuliert-wird\/"},"wordCount":698,"commentCount":0,"publisher":{"@id":"https:\/\/now-news.de\/de\/#organization"},"image":{"@id":"https:\/\/now-news.de\/de\/deutschland\/wie-durch-die-vorenthaltung-von-kanzlerakten-geschichte-manipuliert-wird\/#primaryimage"},"thumbnailUrl":"https:\/\/now-news.de\/de\/wp-content\/uploads\/sites\/3\/2023\/09\/Wie-durch-die-Vorenthaltung-von-Kanzlerakten-Geschichte-manipuliert-wird.jpg","keywords":["die","durch","Geschichte","Kanzlerakten","manipuliert","von","Vorenthaltung","Wie","wird"],"articleSection":["Deutschland","Russland"],"inLanguage":"de","potentialAction":[{"@type":"CommentAction","name":"Comment","target":["https:\/\/now-news.de\/de\/deutschland\/wie-durch-die-vorenthaltung-von-kanzlerakten-geschichte-manipuliert-wird\/#respond"]}]},{"@type":"WebPage","@id":"https:\/\/now-news.de\/de\/deutschland\/wie-durch-die-vorenthaltung-von-kanzlerakten-geschichte-manipuliert-wird\/","url":"https:\/\/now-news.de\/de\/deutschland\/wie-durch-die-vorenthaltung-von-kanzlerakten-geschichte-manipuliert-wird\/","name":"Wie durch die Vorenthaltung von Kanzlerakten Geschichte manipuliert wird - just-now.NEWS Deutschland","isPartOf":{"@id":"https:\/\/now-news.de\/de\/#website"},"primaryImageOfPage":{"@id":"https:\/\/now-news.de\/de\/deutschland\/wie-durch-die-vorenthaltung-von-kanzlerakten-geschichte-manipuliert-wird\/#primaryimage"},"image":{"@id":"https:\/\/now-news.de\/de\/deutschland\/wie-durch-die-vorenthaltung-von-kanzlerakten-geschichte-manipuliert-wird\/#primaryimage"},"thumbnailUrl":"https:\/\/now-news.de\/de\/wp-content\/uploads\/sites\/3\/2023\/09\/Wie-durch-die-Vorenthaltung-von-Kanzlerakten-Geschichte-manipuliert-wird.jpg","datePublished":"2023-09-02T08:18:36+00:00","dateModified":"2023-09-02T08:18:36+00:00","breadcrumb":{"@id":"https:\/\/now-news.de\/de\/deutschland\/wie-durch-die-vorenthaltung-von-kanzlerakten-geschichte-manipuliert-wird\/#breadcrumb"},"inLanguage":"de","potentialAction":[{"@type":"ReadAction","target":["https:\/\/now-news.de\/de\/deutschland\/wie-durch-die-vorenthaltung-von-kanzlerakten-geschichte-manipuliert-wird\/"]}]},{"@type":"ImageObject","inLanguage":"de","@id":"https:\/\/now-news.de\/de\/deutschland\/wie-durch-die-vorenthaltung-von-kanzlerakten-geschichte-manipuliert-wird\/#primaryimage","url":"https:\/\/now-news.de\/de\/wp-content\/uploads\/sites\/3\/2023\/09\/Wie-durch-die-Vorenthaltung-von-Kanzlerakten-Geschichte-manipuliert-wird.jpg","contentUrl":"https:\/\/now-news.de\/de\/wp-content\/uploads\/sites\/3\/2023\/09\/Wie-durch-die-Vorenthaltung-von-Kanzlerakten-Geschichte-manipuliert-wird.jpg","width":460,"height":259,"caption":"Wie durch die Vorenthaltung von Kanzlerakten Geschichte manipuliert wird"},{"@type":"BreadcrumbList","@id":"https:\/\/now-news.de\/de\/deutschland\/wie-durch-die-vorenthaltung-von-kanzlerakten-geschichte-manipuliert-wird\/#breadcrumb","itemListElement":[{"@type":"ListItem","position":1,"name":"Home","item":"https:\/\/now-news.de\/de\/"},{"@type":"ListItem","position":2,"name":"Wie durch die Vorenthaltung von Kanzlerakten Geschichte manipuliert wird"}]},{"@type":"WebSite","@id":"https:\/\/now-news.de\/de\/#website","url":"https:\/\/now-news.de\/de\/","name":"just-now.NEWS Deutschland","description":"Das Portal f\u00fcr unzensierte Nachrichten aus der Welt","publisher":{"@id":"https:\/\/now-news.de\/de\/#organization"},"potentialAction":[{"@type":"SearchAction","target":{"@type":"EntryPoint","urlTemplate":"https:\/\/now-news.de\/de\/?s={search_term_string}"},"query-input":"required name=search_term_string"}],"inLanguage":"de"},{"@type":"Organization","@id":"https:\/\/now-news.de\/de\/#organization","name":"Just Now News","url":"https:\/\/now-news.de\/de\/","logo":{"@type":"ImageObject","inLanguage":"de","@id":"https:\/\/now-news.de\/de\/#\/schema\/logo\/image\/","url":"http:\/\/just-now.news\/de\/wp-content\/uploads\/sites\/3\/2022\/04\/logo500x500.jpg","contentUrl":"http:\/\/just-now.news\/de\/wp-content\/uploads\/sites\/3\/2022\/04\/logo500x500.jpg","width":500,"height":500,"caption":"Just Now News"},"image":{"@id":"https:\/\/now-news.de\/de\/#\/schema\/logo\/image\/"},"sameAs":["https:\/\/www.facebook.com\/wirmachenauf","https:\/\/x.com\/WirMachenAuf_de"]},{"@type":"Person","@id":"https:\/\/now-news.de\/de\/#\/schema\/person\/fb534a4e865501d8b3285208df34a9b5","name":"rtnews","image":{"@type":"ImageObject","inLanguage":"de","@id":"https:\/\/now-news.de\/de\/#\/schema\/person\/image\/","url":"https:\/\/secure.gravatar.com\/avatar\/82aafea7d8127119dd649515f56e2117?s=96&d=mm&r=g","contentUrl":"https:\/\/secure.gravatar.com\/avatar\/82aafea7d8127119dd649515f56e2117?s=96&d=mm&r=g","caption":"rtnews"},"url":"https:\/\/now-news.de\/de\/author\/rnews\/"}]}},"_links":{"self":[{"href":"https:\/\/now-news.de\/de\/wp-json\/wp\/v2\/posts\/45578"}],"collection":[{"href":"https:\/\/now-news.de\/de\/wp-json\/wp\/v2\/posts"}],"about":[{"href":"https:\/\/now-news.de\/de\/wp-json\/wp\/v2\/types\/post"}],"author":[{"embeddable":true,"href":"https:\/\/now-news.de\/de\/wp-json\/wp\/v2\/users\/3"}],"replies":[{"embeddable":true,"href":"https:\/\/now-news.de\/de\/wp-json\/wp\/v2\/comments?post=45578"}],"version-history":[{"count":0,"href":"https:\/\/now-news.de\/de\/wp-json\/wp\/v2\/posts\/45578\/revisions"}],"wp:featuredmedia":[{"embeddable":true,"href":"https:\/\/now-news.de\/de\/wp-json\/wp\/v2\/media\/45579"}],"wp:attachment":[{"href":"https:\/\/now-news.de\/de\/wp-json\/wp\/v2\/media?parent=45578"}],"wp:term":[{"taxonomy":"category","embeddable":true,"href":"https:\/\/now-news.de\/de\/wp-json\/wp\/v2\/categories?post=45578"},{"taxonomy":"post_tag","embeddable":true,"href":"https:\/\/now-news.de\/de\/wp-json\/wp\/v2\/tags?post=45578"}],"curies":[{"name":"wp","href":"https:\/\/api.w.org\/{rel}","templated":true}]}}