{"id":45566,"date":"2023-09-01T20:47:03","date_gmt":"2023-09-01T18:47:03","guid":{"rendered":"https:\/\/just-now.news\/de\/deutschland\/umfrage-haelfte-der-deutschen-rechnet-mit-wirtschaftlichem-niedergang\/"},"modified":"2023-09-01T20:47:03","modified_gmt":"2023-09-01T18:47:03","slug":"umfrage-haelfte-der-deutschen-rechnet-mit-wirtschaftlichem-niedergang","status":"publish","type":"post","link":"https:\/\/now-news.de\/de\/deutschland\/umfrage-haelfte-der-deutschen-rechnet-mit-wirtschaftlichem-niedergang\/","title":{"rendered":"Umfrage: H\u00e4lfte der Deutschen rechnet mit wirtschaftlichem Niedergang"},"content":{"rendered":"<p><img decoding=\"async\" src=\"http:\/\/just-now.news\/de\/wp-content\/uploads\/sites\/3\/2023\/09\/64f205ebb480cc44b13f54ac.jpg\" \/><\/p>\n<div class=\"Text-root Text-type_1 \">\n                Laut einer neuen Allensbach-Umfrage im Auftrag der CDU\/CSU-Bundestagsfraktion rechnet die H\u00e4lfte der deutschen Bev\u00f6lkerung mit einem wirtschaftlichen Niedergang des Landes. Die Zustimmung zur Politik der Ampel-Regierung bricht drastisch ein.\n            <\/div>\n<p><\/p>\n<div class=\"Text-root Text-type_5 ArticleView-text ViewText-root \">\n<p>Innerhalb weniger Monate haben die Deutschen das Vertrauen in die wirtschaftliche St\u00e4rke des Landes verloren. Dies ergibt sich aus einer Umfrage des Instituts f\u00fcr Demoskopie Allensbach im Auftrag der CDU\/CSU-Bundestagsfraktion, \u00fcber die die Nachrichtenagentur <em>Reuters<\/em> berichtete. Diese wurde am Donnerstagabend im gesch\u00e4ftsf\u00fchrenden Vorstand der Unionsfraktion vorgestellt. 50 Prozent der Deutschen glauben demnach, dass die Bundesrepublik in zehn bis 15 Jahren nicht mehr zu den f\u00fchrenden Wirtschaftsnationen der Welt geh\u00f6ren wird \u2013 2022 waren dies nur 30 Prozent gewesen.<\/p>\n<p>Nur noch 31 Prozent sind davon \u00fcberzeugt, dass Deutschland weiter eine f\u00fchrende Rolle spielen wird, im vergangenen Jahr hatten das noch 48 Prozent erwartet. Auch unter F\u00fchrungskr\u00e4ften in der Wirtschaft sind die Erwartungen eher tr\u00fcbe: 58 Prozent der Befragten gaben an, dass Deutschland seinen Zenit \u00fcberschritten hat. 68 Prozent der Bev\u00f6lkerung sehen eine nachhaltige Schw\u00e4chung der Industrie \u2013 eine \u00e4hnlich gro\u00dfe Zahl h\u00e4lt dies f\u00fcr ein gro\u00dfes Problem. 76 Prozent der F\u00fchrungskr\u00e4fte halten zudem die Sorge f\u00fcr berechtigt, dass die hohen Energiekosten zu einer Deindustrialisierung f\u00fchren.<\/p>\n<p>Erst am Mittwoch hatte das Bundeskabinett ein Ma\u00dfnahmenpaket beschlossen, das die lahmende Konjunktur wieder ankurbeln soll. Bundeskanzler Olaf Scholz (SPD) hatte mehrfach davor gewarnt, das Land &#8220;in eine Krise zu reden&#8221;. Doch nur noch 41 Prozent der Befragten glauben noch, dass Deutschland ein sehr guter Wirtschaftsstandort ist \u2013 ein dramatischer Absturz gegen\u00fcber 2022, als dies noch 71 Prozent der Befragten angegeben hatten.<\/p>\n<p>Statt 15 Prozent im vergangenen Jahr bezweifeln dies nun 50 Prozent. 83 Prozent finden einen B\u00fcrokratieabbau besonders wichtig, dann folgen eine Modernisierung der Verwaltung, die Digitalisierung sowie eine bessere Ausbildung in Schulen und Hochschulen.<\/p>\n<p>Das verloren gegangene Vertrauen wird dabei deutlich mit der Ampel-Regierung verbunden. 76 Prozent der Befragten haben laut Allensbach Zweifel, dass die Ampel das Land voranbringen kann. Dagegen finden 55 Prozent, dass die Politik der Regierung den Wirtschaftsstandort noch schw\u00e4cht, nur zehn Prozent glauben an eine St\u00e4rkung.<\/p>\n<p>Entsprechend schlecht sind die Kompetenzwerte f\u00fcr die Parteien: Nur jeweils sieben Prozent trauen der SPD oder der FDP zu, den Standort st\u00e4rken zu k\u00f6nnen. Bei den Gr\u00fcnen sind es nur f\u00fcnf Prozent, bei der AfD dagegen acht und bei der Union 27 Prozent.<\/p>\n<p><strong>Mehr zum Thema <\/strong>\u2013<strong><\/strong><a rel=\"nofollow noopener\" target=\"_blank\" href=\"https:\/\/freedert.online\/inland\/178644-oskar-lafontaine-scholz-ist-kanzler\/\">Oskar Lafontaine: &#8220;Scholz ist der Kanzler des Niedergangs&#8221; <\/a><\/p>\n<\/div>\n<p><br \/>\n<br \/><a href=\"https:\/\/de.rt.com\/inland\/179534-umfrage-haelfte-deutschen-rechnet-mit\/\">Source link <\/a><\/p>\n","protected":false},"excerpt":{"rendered":"<p>Laut einer neuen Allensbach-Umfrage im Auftrag der CDU\/CSU-Bundestagsfraktion rechnet die H\u00e4lfte der deutschen Bev\u00f6lkerung mit einem wirtschaftlichen Niedergang des Landes. Die Zustimmung zur Politik der Ampel-Regierung bricht drastisch ein. Innerhalb weniger Monate haben die Deutschen das Vertrauen in die wirtschaftliche St\u00e4rke des Landes verloren. Dies ergibt sich aus einer Umfrage des Instituts f\u00fcr Demoskopie Allensbach [&hellip;]<\/p>\n","protected":false},"author":3,"featured_media":45567,"comment_status":"open","ping_status":"open","sticky":false,"template":"","format":"standard","meta":{"_yoast_indexnow_last_ping":["1693594591"],"wp_automatic_camp":["217"],"e7acbc7edfbcf273ef35e692ef14c34d":["Umfrage: H\u00e4lfte der Deutschen rechnet mit wirtschaftlichem Niedergang"],"original_link":["https:\/\/de.rt.com\/inland\/179534-umfrage-haelfte-deutschen-rechnet-mit\/"],"_thumbnail_id":["45567"],"_wptgpro_p2tg_sent2tg":["a:1:{i:23737;s:19:\"2023-09-01 20:57:32\";}"],"jnews_social_counter_last_update":["1777111966"]},"categories":[19,23],"tags":[82,577,20976,419,25288,26293,1428,48412],"yoast_head":"<!-- This site is optimized with the Yoast SEO Premium plugin v22.7 (Yoast SEO v22.7) - https:\/\/yoast.com\/wordpress\/plugins\/seo\/ -->\n<title>Umfrage: H\u00e4lfte der Deutschen rechnet mit wirtschaftlichem Niedergang - just-now.NEWS Deutschland<\/title>\n<meta name=\"robots\" content=\"index, follow, max-snippet:-1, max-image-preview:large, max-video-preview:-1\" \/>\n<link rel=\"canonical\" href=\"https:\/\/now-news.de\/de\/deutschland\/umfrage-haelfte-der-deutschen-rechnet-mit-wirtschaftlichem-niedergang\/\" \/>\n<meta property=\"og:locale\" content=\"de_DE\" \/>\n<meta property=\"og:type\" content=\"article\" \/>\n<meta property=\"og:title\" content=\"Umfrage: H\u00e4lfte der Deutschen rechnet mit wirtschaftlichem Niedergang\" \/>\n<meta property=\"og:description\" content=\"Laut einer neuen Allensbach-Umfrage im Auftrag der CDU\/CSU-Bundestagsfraktion rechnet die H\u00e4lfte der deutschen Bev\u00f6lkerung mit einem wirtschaftlichen Niedergang des Landes. Die Zustimmung zur Politik der Ampel-Regierung bricht drastisch ein. Innerhalb weniger Monate haben die Deutschen das Vertrauen in die wirtschaftliche St\u00e4rke des Landes verloren. Dies ergibt sich aus einer Umfrage des Instituts f\u00fcr Demoskopie Allensbach [&hellip;]\" \/>\n<meta property=\"og:url\" content=\"https:\/\/now-news.de\/de\/deutschland\/umfrage-haelfte-der-deutschen-rechnet-mit-wirtschaftlichem-niedergang\/\" \/>\n<meta property=\"og:site_name\" content=\"just-now.NEWS Deutschland\" \/>\n<meta property=\"article:publisher\" content=\"https:\/\/www.facebook.com\/wirmachenauf\" \/>\n<meta property=\"article:published_time\" content=\"2023-09-01T18:47:03+00:00\" \/>\n<meta property=\"og:image\" content=\"https:\/\/now-news.de\/de\/wp-content\/uploads\/sites\/3\/2023\/09\/Umfrage-Haelfte-der-Deutschen-rechnet-mit-wirtschaftlichem-Niedergang.jpg\" \/>\n\t<meta property=\"og:image:width\" content=\"460\" \/>\n\t<meta property=\"og:image:height\" content=\"259\" \/>\n\t<meta property=\"og:image:type\" content=\"image\/jpeg\" \/>\n<meta name=\"author\" content=\"rtnews\" \/>\n<meta name=\"twitter:card\" content=\"summary_large_image\" \/>\n<meta name=\"twitter:creator\" content=\"@WirMachenAuf_de\" \/>\n<meta name=\"twitter:site\" content=\"@WirMachenAuf_de\" \/>\n<meta name=\"twitter:label1\" content=\"Verfasst von\" \/>\n\t<meta name=\"twitter:data1\" content=\"rtnews\" \/>\n\t<meta name=\"twitter:label2\" content=\"Gesch\u00e4tzte Lesezeit\" \/>\n\t<meta name=\"twitter:data2\" content=\"2\u00a0Minuten\" \/>\n<script type=\"application\/ld+json\" class=\"yoast-schema-graph\">{\"@context\":\"https:\/\/schema.org\",\"@graph\":[{\"@type\":\"Article\",\"@id\":\"https:\/\/now-news.de\/de\/deutschland\/umfrage-haelfte-der-deutschen-rechnet-mit-wirtschaftlichem-niedergang\/#article\",\"isPartOf\":{\"@id\":\"https:\/\/now-news.de\/de\/deutschland\/umfrage-haelfte-der-deutschen-rechnet-mit-wirtschaftlichem-niedergang\/\"},\"author\":{\"name\":\"rtnews\",\"@id\":\"https:\/\/now-news.de\/de\/#\/schema\/person\/fb534a4e865501d8b3285208df34a9b5\"},\"headline\":\"Umfrage: H\u00e4lfte der Deutschen rechnet mit wirtschaftlichem Niedergang\",\"datePublished\":\"2023-09-01T18:47:03+00:00\",\"dateModified\":\"2023-09-01T18:47:03+00:00\",\"mainEntityOfPage\":{\"@id\":\"https:\/\/now-news.de\/de\/deutschland\/umfrage-haelfte-der-deutschen-rechnet-mit-wirtschaftlichem-niedergang\/\"},\"wordCount\":414,\"commentCount\":0,\"publisher\":{\"@id\":\"https:\/\/now-news.de\/de\/#organization\"},\"image\":{\"@id\":\"https:\/\/now-news.de\/de\/deutschland\/umfrage-haelfte-der-deutschen-rechnet-mit-wirtschaftlichem-niedergang\/#primaryimage\"},\"thumbnailUrl\":\"https:\/\/now-news.de\/de\/wp-content\/uploads\/sites\/3\/2023\/09\/Umfrage-Haelfte-der-Deutschen-rechnet-mit-wirtschaftlichem-Niedergang.jpg\",\"keywords\":[\"der\",\"Deutschen\",\"H\u00e4lfte\",\"mit\",\"Niedergang\",\"rechnet\",\"Umfrage\",\"wirtschaftlichem\"],\"articleSection\":[\"Deutschland\",\"Russland\"],\"inLanguage\":\"de\",\"potentialAction\":[{\"@type\":\"CommentAction\",\"name\":\"Comment\",\"target\":[\"https:\/\/now-news.de\/de\/deutschland\/umfrage-haelfte-der-deutschen-rechnet-mit-wirtschaftlichem-niedergang\/#respond\"]}]},{\"@type\":\"WebPage\",\"@id\":\"https:\/\/now-news.de\/de\/deutschland\/umfrage-haelfte-der-deutschen-rechnet-mit-wirtschaftlichem-niedergang\/\",\"url\":\"https:\/\/now-news.de\/de\/deutschland\/umfrage-haelfte-der-deutschen-rechnet-mit-wirtschaftlichem-niedergang\/\",\"name\":\"Umfrage: H\u00e4lfte der Deutschen rechnet mit wirtschaftlichem Niedergang - just-now.NEWS Deutschland\",\"isPartOf\":{\"@id\":\"https:\/\/now-news.de\/de\/#website\"},\"primaryImageOfPage\":{\"@id\":\"https:\/\/now-news.de\/de\/deutschland\/umfrage-haelfte-der-deutschen-rechnet-mit-wirtschaftlichem-niedergang\/#primaryimage\"},\"image\":{\"@id\":\"https:\/\/now-news.de\/de\/deutschland\/umfrage-haelfte-der-deutschen-rechnet-mit-wirtschaftlichem-niedergang\/#primaryimage\"},\"thumbnailUrl\":\"https:\/\/now-news.de\/de\/wp-content\/uploads\/sites\/3\/2023\/09\/Umfrage-Haelfte-der-Deutschen-rechnet-mit-wirtschaftlichem-Niedergang.jpg\",\"datePublished\":\"2023-09-01T18:47:03+00:00\",\"dateModified\":\"2023-09-01T18:47:03+00:00\",\"breadcrumb\":{\"@id\":\"https:\/\/now-news.de\/de\/deutschland\/umfrage-haelfte-der-deutschen-rechnet-mit-wirtschaftlichem-niedergang\/#breadcrumb\"},\"inLanguage\":\"de\",\"potentialAction\":[{\"@type\":\"ReadAction\",\"target\":[\"https:\/\/now-news.de\/de\/deutschland\/umfrage-haelfte-der-deutschen-rechnet-mit-wirtschaftlichem-niedergang\/\"]}]},{\"@type\":\"ImageObject\",\"inLanguage\":\"de\",\"@id\":\"https:\/\/now-news.de\/de\/deutschland\/umfrage-haelfte-der-deutschen-rechnet-mit-wirtschaftlichem-niedergang\/#primaryimage\",\"url\":\"https:\/\/now-news.de\/de\/wp-content\/uploads\/sites\/3\/2023\/09\/Umfrage-Haelfte-der-Deutschen-rechnet-mit-wirtschaftlichem-Niedergang.jpg\",\"contentUrl\":\"https:\/\/now-news.de\/de\/wp-content\/uploads\/sites\/3\/2023\/09\/Umfrage-Haelfte-der-Deutschen-rechnet-mit-wirtschaftlichem-Niedergang.jpg\",\"width\":460,\"height\":259,\"caption\":\"Umfrage: H\u00e4lfte der Deutschen rechnet mit wirtschaftlichem Niedergang\"},{\"@type\":\"BreadcrumbList\",\"@id\":\"https:\/\/now-news.de\/de\/deutschland\/umfrage-haelfte-der-deutschen-rechnet-mit-wirtschaftlichem-niedergang\/#breadcrumb\",\"itemListElement\":[{\"@type\":\"ListItem\",\"position\":1,\"name\":\"Home\",\"item\":\"https:\/\/now-news.de\/de\/\"},{\"@type\":\"ListItem\",\"position\":2,\"name\":\"Umfrage: H\u00e4lfte der Deutschen rechnet mit wirtschaftlichem Niedergang\"}]},{\"@type\":\"WebSite\",\"@id\":\"https:\/\/now-news.de\/de\/#website\",\"url\":\"https:\/\/now-news.de\/de\/\",\"name\":\"just-now.NEWS Deutschland\",\"description\":\"Das Portal f\u00fcr unzensierte Nachrichten aus der Welt\",\"publisher\":{\"@id\":\"https:\/\/now-news.de\/de\/#organization\"},\"potentialAction\":[{\"@type\":\"SearchAction\",\"target\":{\"@type\":\"EntryPoint\",\"urlTemplate\":\"https:\/\/now-news.de\/de\/?s={search_term_string}\"},\"query-input\":\"required name=search_term_string\"}],\"inLanguage\":\"de\"},{\"@type\":\"Organization\",\"@id\":\"https:\/\/now-news.de\/de\/#organization\",\"name\":\"Just Now News\",\"url\":\"https:\/\/now-news.de\/de\/\",\"logo\":{\"@type\":\"ImageObject\",\"inLanguage\":\"de\",\"@id\":\"https:\/\/now-news.de\/de\/#\/schema\/logo\/image\/\",\"url\":\"http:\/\/just-now.news\/de\/wp-content\/uploads\/sites\/3\/2022\/04\/logo500x500.jpg\",\"contentUrl\":\"http:\/\/just-now.news\/de\/wp-content\/uploads\/sites\/3\/2022\/04\/logo500x500.jpg\",\"width\":500,\"height\":500,\"caption\":\"Just Now News\"},\"image\":{\"@id\":\"https:\/\/now-news.de\/de\/#\/schema\/logo\/image\/\"},\"sameAs\":[\"https:\/\/www.facebook.com\/wirmachenauf\",\"https:\/\/x.com\/WirMachenAuf_de\"]},{\"@type\":\"Person\",\"@id\":\"https:\/\/now-news.de\/de\/#\/schema\/person\/fb534a4e865501d8b3285208df34a9b5\",\"name\":\"rtnews\",\"image\":{\"@type\":\"ImageObject\",\"inLanguage\":\"de\",\"@id\":\"https:\/\/now-news.de\/de\/#\/schema\/person\/image\/\",\"url\":\"https:\/\/secure.gravatar.com\/avatar\/82aafea7d8127119dd649515f56e2117?s=96&d=mm&r=g\",\"contentUrl\":\"https:\/\/secure.gravatar.com\/avatar\/82aafea7d8127119dd649515f56e2117?s=96&d=mm&r=g\",\"caption\":\"rtnews\"},\"url\":\"https:\/\/now-news.de\/de\/author\/rnews\/\"}]}<\/script>\n<!-- \/ Yoast SEO Premium plugin. -->","yoast_head_json":{"title":"Umfrage: H\u00e4lfte der Deutschen rechnet mit wirtschaftlichem Niedergang - just-now.NEWS Deutschland","robots":{"index":"index","follow":"follow","max-snippet":"max-snippet:-1","max-image-preview":"max-image-preview:large","max-video-preview":"max-video-preview:-1"},"canonical":"https:\/\/now-news.de\/de\/deutschland\/umfrage-haelfte-der-deutschen-rechnet-mit-wirtschaftlichem-niedergang\/","og_locale":"de_DE","og_type":"article","og_title":"Umfrage: H\u00e4lfte der Deutschen rechnet mit wirtschaftlichem Niedergang","og_description":"Laut einer neuen Allensbach-Umfrage im Auftrag der CDU\/CSU-Bundestagsfraktion rechnet die H\u00e4lfte der deutschen Bev\u00f6lkerung mit einem wirtschaftlichen Niedergang des Landes. Die Zustimmung zur Politik der Ampel-Regierung bricht drastisch ein. Innerhalb weniger Monate haben die Deutschen das Vertrauen in die wirtschaftliche St\u00e4rke des Landes verloren. Dies ergibt sich aus einer Umfrage des Instituts f\u00fcr Demoskopie Allensbach [&hellip;]","og_url":"https:\/\/now-news.de\/de\/deutschland\/umfrage-haelfte-der-deutschen-rechnet-mit-wirtschaftlichem-niedergang\/","og_site_name":"just-now.NEWS Deutschland","article_publisher":"https:\/\/www.facebook.com\/wirmachenauf","article_published_time":"2023-09-01T18:47:03+00:00","og_image":[{"width":460,"height":259,"url":"https:\/\/now-news.de\/de\/wp-content\/uploads\/sites\/3\/2023\/09\/Umfrage-Haelfte-der-Deutschen-rechnet-mit-wirtschaftlichem-Niedergang.jpg","type":"image\/jpeg"}],"author":"rtnews","twitter_card":"summary_large_image","twitter_creator":"@WirMachenAuf_de","twitter_site":"@WirMachenAuf_de","twitter_misc":{"Verfasst von":"rtnews","Gesch\u00e4tzte Lesezeit":"2\u00a0Minuten"},"schema":{"@context":"https:\/\/schema.org","@graph":[{"@type":"Article","@id":"https:\/\/now-news.de\/de\/deutschland\/umfrage-haelfte-der-deutschen-rechnet-mit-wirtschaftlichem-niedergang\/#article","isPartOf":{"@id":"https:\/\/now-news.de\/de\/deutschland\/umfrage-haelfte-der-deutschen-rechnet-mit-wirtschaftlichem-niedergang\/"},"author":{"name":"rtnews","@id":"https:\/\/now-news.de\/de\/#\/schema\/person\/fb534a4e865501d8b3285208df34a9b5"},"headline":"Umfrage: H\u00e4lfte der Deutschen rechnet mit wirtschaftlichem Niedergang","datePublished":"2023-09-01T18:47:03+00:00","dateModified":"2023-09-01T18:47:03+00:00","mainEntityOfPage":{"@id":"https:\/\/now-news.de\/de\/deutschland\/umfrage-haelfte-der-deutschen-rechnet-mit-wirtschaftlichem-niedergang\/"},"wordCount":414,"commentCount":0,"publisher":{"@id":"https:\/\/now-news.de\/de\/#organization"},"image":{"@id":"https:\/\/now-news.de\/de\/deutschland\/umfrage-haelfte-der-deutschen-rechnet-mit-wirtschaftlichem-niedergang\/#primaryimage"},"thumbnailUrl":"https:\/\/now-news.de\/de\/wp-content\/uploads\/sites\/3\/2023\/09\/Umfrage-Haelfte-der-Deutschen-rechnet-mit-wirtschaftlichem-Niedergang.jpg","keywords":["der","Deutschen","H\u00e4lfte","mit","Niedergang","rechnet","Umfrage","wirtschaftlichem"],"articleSection":["Deutschland","Russland"],"inLanguage":"de","potentialAction":[{"@type":"CommentAction","name":"Comment","target":["https:\/\/now-news.de\/de\/deutschland\/umfrage-haelfte-der-deutschen-rechnet-mit-wirtschaftlichem-niedergang\/#respond"]}]},{"@type":"WebPage","@id":"https:\/\/now-news.de\/de\/deutschland\/umfrage-haelfte-der-deutschen-rechnet-mit-wirtschaftlichem-niedergang\/","url":"https:\/\/now-news.de\/de\/deutschland\/umfrage-haelfte-der-deutschen-rechnet-mit-wirtschaftlichem-niedergang\/","name":"Umfrage: H\u00e4lfte der Deutschen rechnet mit wirtschaftlichem Niedergang - just-now.NEWS Deutschland","isPartOf":{"@id":"https:\/\/now-news.de\/de\/#website"},"primaryImageOfPage":{"@id":"https:\/\/now-news.de\/de\/deutschland\/umfrage-haelfte-der-deutschen-rechnet-mit-wirtschaftlichem-niedergang\/#primaryimage"},"image":{"@id":"https:\/\/now-news.de\/de\/deutschland\/umfrage-haelfte-der-deutschen-rechnet-mit-wirtschaftlichem-niedergang\/#primaryimage"},"thumbnailUrl":"https:\/\/now-news.de\/de\/wp-content\/uploads\/sites\/3\/2023\/09\/Umfrage-Haelfte-der-Deutschen-rechnet-mit-wirtschaftlichem-Niedergang.jpg","datePublished":"2023-09-01T18:47:03+00:00","dateModified":"2023-09-01T18:47:03+00:00","breadcrumb":{"@id":"https:\/\/now-news.de\/de\/deutschland\/umfrage-haelfte-der-deutschen-rechnet-mit-wirtschaftlichem-niedergang\/#breadcrumb"},"inLanguage":"de","potentialAction":[{"@type":"ReadAction","target":["https:\/\/now-news.de\/de\/deutschland\/umfrage-haelfte-der-deutschen-rechnet-mit-wirtschaftlichem-niedergang\/"]}]},{"@type":"ImageObject","inLanguage":"de","@id":"https:\/\/now-news.de\/de\/deutschland\/umfrage-haelfte-der-deutschen-rechnet-mit-wirtschaftlichem-niedergang\/#primaryimage","url":"https:\/\/now-news.de\/de\/wp-content\/uploads\/sites\/3\/2023\/09\/Umfrage-Haelfte-der-Deutschen-rechnet-mit-wirtschaftlichem-Niedergang.jpg","contentUrl":"https:\/\/now-news.de\/de\/wp-content\/uploads\/sites\/3\/2023\/09\/Umfrage-Haelfte-der-Deutschen-rechnet-mit-wirtschaftlichem-Niedergang.jpg","width":460,"height":259,"caption":"Umfrage: H\u00e4lfte der Deutschen rechnet mit wirtschaftlichem Niedergang"},{"@type":"BreadcrumbList","@id":"https:\/\/now-news.de\/de\/deutschland\/umfrage-haelfte-der-deutschen-rechnet-mit-wirtschaftlichem-niedergang\/#breadcrumb","itemListElement":[{"@type":"ListItem","position":1,"name":"Home","item":"https:\/\/now-news.de\/de\/"},{"@type":"ListItem","position":2,"name":"Umfrage: H\u00e4lfte der Deutschen rechnet mit wirtschaftlichem Niedergang"}]},{"@type":"WebSite","@id":"https:\/\/now-news.de\/de\/#website","url":"https:\/\/now-news.de\/de\/","name":"just-now.NEWS Deutschland","description":"Das Portal f\u00fcr unzensierte Nachrichten aus der Welt","publisher":{"@id":"https:\/\/now-news.de\/de\/#organization"},"potentialAction":[{"@type":"SearchAction","target":{"@type":"EntryPoint","urlTemplate":"https:\/\/now-news.de\/de\/?s={search_term_string}"},"query-input":"required name=search_term_string"}],"inLanguage":"de"},{"@type":"Organization","@id":"https:\/\/now-news.de\/de\/#organization","name":"Just Now News","url":"https:\/\/now-news.de\/de\/","logo":{"@type":"ImageObject","inLanguage":"de","@id":"https:\/\/now-news.de\/de\/#\/schema\/logo\/image\/","url":"http:\/\/just-now.news\/de\/wp-content\/uploads\/sites\/3\/2022\/04\/logo500x500.jpg","contentUrl":"http:\/\/just-now.news\/de\/wp-content\/uploads\/sites\/3\/2022\/04\/logo500x500.jpg","width":500,"height":500,"caption":"Just Now News"},"image":{"@id":"https:\/\/now-news.de\/de\/#\/schema\/logo\/image\/"},"sameAs":["https:\/\/www.facebook.com\/wirmachenauf","https:\/\/x.com\/WirMachenAuf_de"]},{"@type":"Person","@id":"https:\/\/now-news.de\/de\/#\/schema\/person\/fb534a4e865501d8b3285208df34a9b5","name":"rtnews","image":{"@type":"ImageObject","inLanguage":"de","@id":"https:\/\/now-news.de\/de\/#\/schema\/person\/image\/","url":"https:\/\/secure.gravatar.com\/avatar\/82aafea7d8127119dd649515f56e2117?s=96&d=mm&r=g","contentUrl":"https:\/\/secure.gravatar.com\/avatar\/82aafea7d8127119dd649515f56e2117?s=96&d=mm&r=g","caption":"rtnews"},"url":"https:\/\/now-news.de\/de\/author\/rnews\/"}]}},"_links":{"self":[{"href":"https:\/\/now-news.de\/de\/wp-json\/wp\/v2\/posts\/45566"}],"collection":[{"href":"https:\/\/now-news.de\/de\/wp-json\/wp\/v2\/posts"}],"about":[{"href":"https:\/\/now-news.de\/de\/wp-json\/wp\/v2\/types\/post"}],"author":[{"embeddable":true,"href":"https:\/\/now-news.de\/de\/wp-json\/wp\/v2\/users\/3"}],"replies":[{"embeddable":true,"href":"https:\/\/now-news.de\/de\/wp-json\/wp\/v2\/comments?post=45566"}],"version-history":[{"count":0,"href":"https:\/\/now-news.de\/de\/wp-json\/wp\/v2\/posts\/45566\/revisions"}],"wp:featuredmedia":[{"embeddable":true,"href":"https:\/\/now-news.de\/de\/wp-json\/wp\/v2\/media\/45567"}],"wp:attachment":[{"href":"https:\/\/now-news.de\/de\/wp-json\/wp\/v2\/media?parent=45566"}],"wp:term":[{"taxonomy":"category","embeddable":true,"href":"https:\/\/now-news.de\/de\/wp-json\/wp\/v2\/categories?post=45566"},{"taxonomy":"post_tag","embeddable":true,"href":"https:\/\/now-news.de\/de\/wp-json\/wp\/v2\/tags?post=45566"}],"curies":[{"name":"wp","href":"https:\/\/api.w.org\/{rel}","templated":true}]}}