{"id":45531,"date":"2023-09-01T11:28:49","date_gmt":"2023-09-01T09:28:49","guid":{"rendered":"https:\/\/just-now.news\/de\/deutschland\/ich-sollte-politisch-vernichtet-werden-hubert-aiwanger-ueber-die-kampagne-gegen-seine-person\/"},"modified":"2023-09-01T11:28:49","modified_gmt":"2023-09-01T09:28:49","slug":"ich-sollte-politisch-vernichtet-werden-hubert-aiwanger-ueber-die-kampagne-gegen-seine-person","status":"publish","type":"post","link":"https:\/\/now-news.de\/de\/deutschland\/ich-sollte-politisch-vernichtet-werden-hubert-aiwanger-ueber-die-kampagne-gegen-seine-person\/","title":{"rendered":"&quot;Ich sollte politisch vernichtet werden&quot; \u2013 Hubert Aiwanger \u00fcber die Kampagne gegen seine Person"},"content":{"rendered":"<p><img decoding=\"async\" src=\"http:\/\/just-now.news\/de\/wp-content\/uploads\/sites\/3\/2023\/09\/64f18b8db480cc12884a45a5.jpg\" \/><\/p>\n<div class=\"Text-root Text-type_1 \">\n                Der stellvertretende bayerische Ministerpr\u00e4sident Hubert Aiwanger (Freie W\u00e4hler) erf\u00e4hrt eine breite, parallel orchestrierte Diskreditierungskampagne, dies nur wenige Wochen vor den anstehenden Landtagswahlen im Freistaat Bayern. Der Springer-Zeitung &#8220;Die Welt&#8221; gab der vermeintliche Antisemit vergangener Tage nun ein Exklusivinterview.\n            <\/div>\n<p><\/p>\n<div class=\"Text-root Text-type_5 ArticleView-text ViewText-root \">\n<p>Seit rund einer Woche sieht sich Hubert Aiwanger (Freie W\u00e4hler), der\u00a0stellvertretende bayerische Ministerpr\u00e4sident sowie bayerische Wirtschaftsminister, mit einer mehr als aggressiven medial-politischen Kampagne konfrontiert. Diese l\u00e4uft nun wenige Wochen vor den anstehenden Wahlen in Bayern. Die massiven Vorw\u00fcrfe beziehen sich auf spekulative und nur teilweise belegte Vorw\u00fcrfe und Ereignisse, die rund 35 Jahre zur\u00fcckliegen. Aiwanger wird dabei auf mehreren Ebenen unterstellt, in seiner Schulzeit als sympathisierender &#8220;Rechter&#8221; und &#8220;Antisemit&#8221; negativ aufgefallen zu sein. Als\u00a0Bundes- und bayerischer Landesvorsitzender der\u00a0Freien W\u00e4hler erkl\u00e4rte er nun erstmalig seine Sicht auf die diskreditierenden Vorw\u00fcrfe.<\/p>\n<p>Aiwanger gab der dem Springer-Verlag zugeh\u00f6rigen Tageszeitung <em>Die Welt<\/em> am 31. August ein Interview. Zuvor an diesem Tag gab der Politiker bereits eine Erkl\u00e4rung im Rahmen einer Pressekonferenz ab. Der<em> Welt<\/em>-Artikel tr\u00e4gt die \u00dcberschrift (Bezahlschranke):<\/p>\n<blockquote>\n<p><em>&#8220;Ich sollte politisch vernichtet werden&#8221;<\/em><\/p>\n<\/blockquote>\n<p>Kurz vor Beginn des Telefoninterviews bittet Aiwanger dabei um einen R\u00fcckruf, da die ebenfalls dem Springer-Verlag zugeh\u00f6rige <em>Bild<\/em>-Zeitung in einem Artikel eine &#8220;weitere Zeugin&#8221; pr\u00e4sentierte, eine Mitsch\u00fclerin aus den 1980ern, die behauptet, &#8220;er \u2013 Aiwanger \u2013 habe als Sch\u00fcler &#8216;Mein Kampf&#8217; mit sich herumgetragen&#8221;. Aiwanger hatte sich zudem Mitte der Woche missverst\u00e4ndlich in einem Fernsehinterview ge\u00e4u\u00dfert, als er versicherte, &#8220;kein Antisemit, sondern ein Menschenfreund, zumindest als Erwachsener in den letzten Jahrzehnten&#8221; gewesen zu sein. <em>Bild<\/em>-Redakteur Ronzheimer <a rel=\"nofollow noopener\" target=\"_blank\" href=\"https:\/\/twitter.com\/ronzheimer\/status\/1696896830477365314\">kommentierte<\/a> daraufhin s\u00fcffisant auf X (Twitter): &#8220;Das war&#8217;s f\u00fcr Hubert Aiwanger.&#8221;\u00a0Tim R\u00f6hn von der <em>Welt<\/em>-Redaktion wollte diese \u00c4u\u00dferung von Aiwanger\u00a0einleitend erl\u00e4utert bekommen, dieser antwortete kurz und knapp:<\/p>\n<blockquote>\n<p><em>&#8220;Das war von mir in einem Kamerainterview zwischen T\u00fcr und Angel missverst\u00e4ndlich formuliert. Ich war nie ein Antisemit.&#8221;<\/em><\/p>\n<\/blockquote>\n<p>Aiwanger empfindet alle Vorw\u00fcrfe und Ger\u00fcchte gegen seine Person &#8220;als\u00a0\u00e4u\u00dferst dubios&#8221;. Der <em>Welt<\/em>-Redakteur m\u00f6chte dann erfahren, ob die von Aiwanger auf X (ehemals Twitter) gemutma\u00dfte These,\u00a0&#8220;Opfer einer Kampagne&#8221; geworden zu sein: &#8220;So einfach ist die Sache f\u00fcr Sie?&#8221; Der Beschuldigte erl\u00e4utert:<\/p>\n<blockquote>\n<p><em>&#8220;Ich bin \u00fcberzeugt davon, dass die S\u00fcddeutsche Zeitung (SZ), wom\u00f6glich mit Hilfe anderer Kreise, von langer Hand geplant hatte, mich massiv zu besch\u00e4digen und politisch zu vernichten. Damit sollten die Freien W\u00e4hler geschw\u00e4cht und Stimmen auf andere Parteien gesteuert werden. Konkreter: Unsere Partei sollte raus aus der Regierung \u2013 und Die Gr\u00fcnen rein.&#8221;<\/em><\/p>\n<\/blockquote>\n<p>Aiwanger sei sich sicher, dass &#8220;diese Skandal-Berichterstattung nicht gemacht worden w\u00e4re, wenn wir in den Umfragen unter zehn Prozent liegen w\u00fcrden&#8221;. Bezugnehmend auf den schwerwiegendsten Vorwurf, die unterstellte &#8220;Urheberschaft eines antisemitischen Flugblatts aus dem Jahr 1988&#8221;, stellt Aiwanger klar:<\/p>\n<blockquote>\n<p><em>&#8220;Man muss sich schon fragen, wie solche Gemeinheiten produziert werden.\u00a0Von den Vorw\u00fcrfen bleibt \u00fcbrig, dass ein Blatt oder wenige Bl\u00e4tter eines abscheulichen Papiers in meiner Tasche gefunden wurden. Weder die behauptete Verbreitung noch die behauptete Urheberschaft durch mich. Insofern wurde hier offenbar absichtlich gelogen und eine Verdachtsberichterstattung mit schwerwiegenden Folgen praktiziert.&#8221;<\/em><\/p>\n<\/blockquote>\n<p>Der Interviewer m\u00f6chte dann im Detail dargelegt bekommen, wie die &#8220;Causa Flugblatt&#8221; \u00fcber die Tage an Dynamik gewonnen h\u00e4tte. Dabei geht es auch um die Rolle des Bruders von Hubert Aiwanger, der mit gewisser Verz\u00f6gerung medial bekannt gab, selbst der Verfasser des beanstandeten Flugblatts gewesen zu sein. Auf die Frage, warum Hubert Aiwanger dieses Detail nicht von vornerein kommuniziert h\u00e4tte, lautet seine Erkl\u00e4rung:<\/p>\n<blockquote>\n<p><em>&#8220;Schon aus der Fragestellung der Anfrage \u2013 der SZ\u00a0\u2013 waren viele Unwahrheiten zu erkennen. Ich wusste ja, dass ich nicht der Urheber war. In dem Moment habe ich einfach nicht gesehen, dass ich hier jetzt f\u00fcr Aufkl\u00e4rung sorgen sollte.&#8221;<\/em><\/p>\n<\/blockquote>\n<p>Nach erneutem Nachhaken seitens des <em>Welt<\/em>-Redakteurs erg\u00e4nzt Aiwanger:<\/p>\n<blockquote>\n<p><em>&#8220;Wie gesagt: Schon in den SZ-Fragen steckten Unwahrheiten. Da hie\u00df es, sie h\u00e4tten Zeugenaussagen bez\u00fcglich der Urheberschaft. Ich wusste ja, dass das gar nicht sein kann. Dass die mit falschen Karten spielen. Also wollte ich denen nicht im Vorfeld alles auf den Tisch legen.&#8221;<\/em><\/p>\n<\/blockquote>\n<p>Schlussendlich sollte der Bruder befragt werden, sollten weitere Punkte gekl\u00e4rt und erl\u00e4utert werden m\u00fcssen. R\u00f6hn m\u00f6chte dann wissen: &#8220;Was war das damals f\u00fcr eine Zeit?&#8221; und in Bezug auf die\u00a0seitens\u00a0medialer Berichterstattung pr\u00e4sentierten Aussagen von vermeintlichen Zeitzeugen zu &#8220;einem Problem mit Rechtsextremismus, mit Holocaust-Verharmlosung&#8221;:<\/p>\n<blockquote>\n<p><em>&#8220;Dieser Eindruck tr\u00fcgt. Diese Zust\u00e4nde gab es so nicht. Es werden jetzt von den Medien nur diese Leute geh\u00f6rt, die behaupten, dass es damals so gewesen sei. Menschen, die etwas anderes berichten, werden ignoriert. Ich glaube, dass die Wahrnehmung verzerrt und einseitig ist.&#8221;<\/em><\/p>\n<\/blockquote>\n<p>Aiwanger stellt klar, &#8220;auf alle F\u00e4lle&#8221; sei er nicht der, &#8220;als der ich jetzt dargestellt werde \u2013 als Menschenfeind&#8221;. Und er rechtfertigt sich weiter:<\/p>\n<blockquote>\n<p><em>&#8220;Ich war hilfsbereit, habe andere unterst\u00fctzt und war niemand, der anderen etwas B\u00f6ses wollte. Wissen Sie, ich bin kein b\u00f6ser Mensch. Ich verstehe nicht, warum man dieses Bild von mir zeichnet.&#8221;<\/em><\/p>\n<\/blockquote>\n<p>Zum immer wiederkehrenden Vorwurf, dass die belastenden Flugbl\u00e4tter in seiner Schultasche gefunden wurden, &#8220;fehlt schlichtweg die Erinnerung&#8221;. Er h\u00e4tte die Bestrafung seitens der Schulleitung nach der Konfrontation mit den Flugbl\u00e4ttern schlicht akzeptiert, &#8220;weil Sie damals als relativ einfacher Ausweg erschienen ist. Auf der anderen Seite stand die Drohung mit der Polizei im Raum&#8221;. Aiwanger sei zum Zeitpunkt seiner Schulzeit &#8220;erschrocken&#8221; \u00fcber seinen Bruder und entsprechendes &#8220;Nazi-Gedankengut&#8221; gewesen. Auf die Frage, seit wann Hubert Aiwanger wusste, &#8220;dass durch das Flugblatt \u2013 erneuter \u2013 \u00c4rger drohen k\u00f6nnte&#8221;, lautet seine Antwort:<\/p>\n<blockquote>\n<p><em>&#8220;Das geht schon seit vielen Jahren so, dass ich immer wieder Meldungen bekomme, wonach ein Lehrer dies oder jenes behauptet. Dann habe ich lange wieder gar nichts geh\u00f6rt, dann ist es wieder aufgeploppt. Nach meiner Wahrnehmung war schon das gezielt gesteuert, um das Thema am K\u00f6cheln zu halten.&#8221;<\/em><\/p>\n<\/blockquote>\n<p>Mittlerweile wurde bekannt, dass ein ehemaliger Lehrer von Aiwangers Gymnasium die treibende Kraft der Kampagne ist. Dieser versuchte vergeblich, in lokalen SPD-Kreisen Karriere zu machen, wobei die aktiven Kontakte zur SPD als Partei bis in die Gegenwart nachweislich andauern. Zu der mentalen Dauerbelastung, der Person dieses Lehrers und dessen bekannten Ambitionen,\u00a0hei\u00dft es seitens Aiwangers:<\/p>\n<blockquote>\n<p><em>&#8220;Ja, schon. Wenn man den Eindruck hat, dass da jemand st\u00e4ndig Dinge herumerz\u00e4hlt und vielleicht versucht, dich in etwas reinzuziehen, dann ist das schon so. Es war wohl das Ziel dieses Mannes, der meine politische Karriere kritisch gesehen hat, mich zu vernichten. Und das Papier kursierte ja schon, bevor es die SZ bekam.&#8221;<\/em><\/p>\n<\/blockquote>\n<p>Das Flugblatt ist und bleibe &#8220;besch\u00e4mend&#8221;, zudem w\u00fcrden beide Aiwanger-Br\u00fcder &#8220;sehr viel daf\u00fcr geben, das aus der Welt zu schaffen. Das ist leider nicht mehr m\u00f6glich&#8221;. Abschlie\u00dfend sei weiterhin noch nicht gekl\u00e4rt, wer &#8220;sich darum bem\u00fchte, das Flugblatt politisch motiviert nach 36 Jahren p\u00fcnktlich bei hohen Umfragewerten zur Landtagswahl zu ver\u00f6ffentlichen&#8221;. Aiwanger sei dennoch klar:<\/p>\n<blockquote>\n<p><em>&#8220;In meinen Augen wird hier die Shoa zu parteipolitischen Zwecken missbraucht.&#8221;<\/em><\/p>\n<\/blockquote>\n<p>Er werde trotz des immensen medial-politischen Druckes &#8220;bis zur Landtagswahl durchhalten&#8221;, danach k\u00f6nnte es auch f\u00fcr ihn gegebenenfalls &#8220;mit der Koalition aus CSU und Freien W\u00e4hlern&#8221; weitergehen.<\/p>\n<p><strong>Mehr zum Thema &#8211;<\/strong>\u00a0<a rel=\"nofollow noopener\" target=\"_blank\" href=\"https:\/\/freedert.online\/meinung\/179430-riskantes-spiel-um-aiwanger\/\">Riskantes Spiel um Aiwanger \u2013 Wohin f\u00fchrt S\u00f6ders Lieb\u00e4ugeln mit den Gr\u00fcnen?<\/a><\/p>\n<\/div>\n<p><script async src=\"https:\/\/platform.twitter.com\/widgets.js\" charset=\"utf-8\"><\/script><br \/>\n<br \/><br \/>\n<br \/><a href=\"https:\/\/de.rt.com\/inland\/179484-hubert-aiwanger\/\">Source link <\/a><\/p>\n","protected":false},"excerpt":{"rendered":"<p>Der stellvertretende bayerische Ministerpr\u00e4sident Hubert Aiwanger (Freie W\u00e4hler) erf\u00e4hrt eine breite, parallel orchestrierte Diskreditierungskampagne, dies nur wenige Wochen vor den anstehenden Landtagswahlen im Freistaat Bayern. Der Springer-Zeitung &#8220;Die Welt&#8221; gab der vermeintliche Antisemit vergangener Tage nun ein Exklusivinterview. Seit rund einer Woche sieht sich Hubert Aiwanger (Freie W\u00e4hler), der\u00a0stellvertretende bayerische Ministerpr\u00e4sident sowie bayerische Wirtschaftsminister, mit [&hellip;]<\/p>\n","protected":false},"author":3,"featured_media":45532,"comment_status":"open","ping_status":"open","sticky":false,"template":"","format":"standard","meta":{"_yoast_indexnow_last_ping":["1693561353"],"wp_automatic_camp":["217"],"5c53277f543969696fdb230cbbf4233c":["&quot;Ich sollte politisch vernichtet werden&quot; \u2013 Hubert Aiwanger \u00fcber die Kampagne gegen seine Person"],"original_link":["https:\/\/de.rt.com\/inland\/179484-hubert-aiwanger\/"],"_thumbnail_id":["45532"],"_wptgpro_p2tg_sent2tg":["a:1:{i:23737;s:19:\"2023-09-01 11:43:37\";}"],"jnews_social_counter_last_update":["1777637236"]},"categories":[19,23],"tags":[45631,45,278,48261,4413,15045,10036,7155,265,3590,139,20343,1856],"yoast_head":"<!-- This site is optimized with the Yoast SEO Premium plugin v22.7 (Yoast SEO v22.7) - https:\/\/yoast.com\/wordpress\/plugins\/seo\/ -->\n<title>&quot;Ich sollte politisch vernichtet werden&quot; \u2013 Hubert Aiwanger \u00fcber die Kampagne gegen seine Person - just-now.NEWS Deutschland<\/title>\n<meta name=\"robots\" content=\"index, follow, max-snippet:-1, max-image-preview:large, max-video-preview:-1\" \/>\n<link rel=\"canonical\" href=\"https:\/\/now-news.de\/de\/deutschland\/ich-sollte-politisch-vernichtet-werden-hubert-aiwanger-ueber-die-kampagne-gegen-seine-person\/\" \/>\n<meta property=\"og:locale\" content=\"de_DE\" \/>\n<meta property=\"og:type\" content=\"article\" \/>\n<meta property=\"og:title\" content=\"&quot;Ich sollte politisch vernichtet werden&quot; \u2013 Hubert Aiwanger \u00fcber die Kampagne gegen seine Person\" \/>\n<meta property=\"og:description\" content=\"Der stellvertretende bayerische Ministerpr\u00e4sident Hubert Aiwanger (Freie W\u00e4hler) erf\u00e4hrt eine breite, parallel orchestrierte Diskreditierungskampagne, dies nur wenige Wochen vor den anstehenden Landtagswahlen im Freistaat Bayern. Der Springer-Zeitung &#8220;Die Welt&#8221; gab der vermeintliche Antisemit vergangener Tage nun ein Exklusivinterview. Seit rund einer Woche sieht sich Hubert Aiwanger (Freie W\u00e4hler), der\u00a0stellvertretende bayerische Ministerpr\u00e4sident sowie bayerische Wirtschaftsminister, mit [&hellip;]\" \/>\n<meta property=\"og:url\" content=\"https:\/\/now-news.de\/de\/deutschland\/ich-sollte-politisch-vernichtet-werden-hubert-aiwanger-ueber-die-kampagne-gegen-seine-person\/\" \/>\n<meta property=\"og:site_name\" content=\"just-now.NEWS Deutschland\" \/>\n<meta property=\"article:publisher\" content=\"https:\/\/www.facebook.com\/wirmachenauf\" \/>\n<meta property=\"article:published_time\" content=\"2023-09-01T09:28:49+00:00\" \/>\n<meta property=\"og:image\" content=\"https:\/\/now-news.de\/de\/wp-content\/uploads\/sites\/3\/2023\/09\/quotIch-sollte-politisch-vernichtet-werdenquot-\u2013-Hubert-Aiwanger-ueber-die.jpg\" \/>\n\t<meta property=\"og:image:width\" content=\"460\" \/>\n\t<meta property=\"og:image:height\" content=\"259\" \/>\n\t<meta property=\"og:image:type\" content=\"image\/jpeg\" \/>\n<meta name=\"author\" content=\"rtnews\" \/>\n<meta name=\"twitter:card\" content=\"summary_large_image\" \/>\n<meta name=\"twitter:creator\" content=\"@WirMachenAuf_de\" \/>\n<meta name=\"twitter:site\" content=\"@WirMachenAuf_de\" \/>\n<meta name=\"twitter:label1\" content=\"Verfasst von\" \/>\n\t<meta name=\"twitter:data1\" content=\"rtnews\" \/>\n\t<meta name=\"twitter:label2\" content=\"Gesch\u00e4tzte Lesezeit\" \/>\n\t<meta name=\"twitter:data2\" content=\"6\u00a0Minuten\" \/>\n<script type=\"application\/ld+json\" class=\"yoast-schema-graph\">{\"@context\":\"https:\/\/schema.org\",\"@graph\":[{\"@type\":\"Article\",\"@id\":\"https:\/\/now-news.de\/de\/deutschland\/ich-sollte-politisch-vernichtet-werden-hubert-aiwanger-ueber-die-kampagne-gegen-seine-person\/#article\",\"isPartOf\":{\"@id\":\"https:\/\/now-news.de\/de\/deutschland\/ich-sollte-politisch-vernichtet-werden-hubert-aiwanger-ueber-die-kampagne-gegen-seine-person\/\"},\"author\":{\"name\":\"rtnews\",\"@id\":\"https:\/\/now-news.de\/de\/#\/schema\/person\/fb534a4e865501d8b3285208df34a9b5\"},\"headline\":\"&quot;Ich sollte politisch vernichtet werden&quot; \u2013 Hubert Aiwanger \u00fcber die Kampagne gegen seine Person\",\"datePublished\":\"2023-09-01T09:28:49+00:00\",\"dateModified\":\"2023-09-01T09:28:49+00:00\",\"mainEntityOfPage\":{\"@id\":\"https:\/\/now-news.de\/de\/deutschland\/ich-sollte-politisch-vernichtet-werden-hubert-aiwanger-ueber-die-kampagne-gegen-seine-person\/\"},\"wordCount\":1234,\"commentCount\":0,\"publisher\":{\"@id\":\"https:\/\/now-news.de\/de\/#organization\"},\"image\":{\"@id\":\"https:\/\/now-news.de\/de\/deutschland\/ich-sollte-politisch-vernichtet-werden-hubert-aiwanger-ueber-die-kampagne-gegen-seine-person\/#primaryimage\"},\"thumbnailUrl\":\"https:\/\/now-news.de\/de\/wp-content\/uploads\/sites\/3\/2023\/09\/quotIch-sollte-politisch-vernichtet-werdenquot-\u2013-Hubert-Aiwanger-ueber-die.jpg\",\"keywords\":[\"Aiwanger\",\"die\",\"gegen\",\"Hubert\",\"Kampagne\",\"Person\",\"politisch\",\"quotIch\",\"seine\",\"sollte\",\"\u00fcber\",\"vernichtet\",\"werdenquot\"],\"articleSection\":[\"Deutschland\",\"Russland\"],\"inLanguage\":\"de\",\"potentialAction\":[{\"@type\":\"CommentAction\",\"name\":\"Comment\",\"target\":[\"https:\/\/now-news.de\/de\/deutschland\/ich-sollte-politisch-vernichtet-werden-hubert-aiwanger-ueber-die-kampagne-gegen-seine-person\/#respond\"]}]},{\"@type\":\"WebPage\",\"@id\":\"https:\/\/now-news.de\/de\/deutschland\/ich-sollte-politisch-vernichtet-werden-hubert-aiwanger-ueber-die-kampagne-gegen-seine-person\/\",\"url\":\"https:\/\/now-news.de\/de\/deutschland\/ich-sollte-politisch-vernichtet-werden-hubert-aiwanger-ueber-die-kampagne-gegen-seine-person\/\",\"name\":\"&quot;Ich sollte politisch vernichtet werden&quot; \u2013 Hubert Aiwanger \u00fcber die Kampagne gegen seine Person - just-now.NEWS Deutschland\",\"isPartOf\":{\"@id\":\"https:\/\/now-news.de\/de\/#website\"},\"primaryImageOfPage\":{\"@id\":\"https:\/\/now-news.de\/de\/deutschland\/ich-sollte-politisch-vernichtet-werden-hubert-aiwanger-ueber-die-kampagne-gegen-seine-person\/#primaryimage\"},\"image\":{\"@id\":\"https:\/\/now-news.de\/de\/deutschland\/ich-sollte-politisch-vernichtet-werden-hubert-aiwanger-ueber-die-kampagne-gegen-seine-person\/#primaryimage\"},\"thumbnailUrl\":\"https:\/\/now-news.de\/de\/wp-content\/uploads\/sites\/3\/2023\/09\/quotIch-sollte-politisch-vernichtet-werdenquot-\u2013-Hubert-Aiwanger-ueber-die.jpg\",\"datePublished\":\"2023-09-01T09:28:49+00:00\",\"dateModified\":\"2023-09-01T09:28:49+00:00\",\"breadcrumb\":{\"@id\":\"https:\/\/now-news.de\/de\/deutschland\/ich-sollte-politisch-vernichtet-werden-hubert-aiwanger-ueber-die-kampagne-gegen-seine-person\/#breadcrumb\"},\"inLanguage\":\"de\",\"potentialAction\":[{\"@type\":\"ReadAction\",\"target\":[\"https:\/\/now-news.de\/de\/deutschland\/ich-sollte-politisch-vernichtet-werden-hubert-aiwanger-ueber-die-kampagne-gegen-seine-person\/\"]}]},{\"@type\":\"ImageObject\",\"inLanguage\":\"de\",\"@id\":\"https:\/\/now-news.de\/de\/deutschland\/ich-sollte-politisch-vernichtet-werden-hubert-aiwanger-ueber-die-kampagne-gegen-seine-person\/#primaryimage\",\"url\":\"https:\/\/now-news.de\/de\/wp-content\/uploads\/sites\/3\/2023\/09\/quotIch-sollte-politisch-vernichtet-werdenquot-\u2013-Hubert-Aiwanger-ueber-die.jpg\",\"contentUrl\":\"https:\/\/now-news.de\/de\/wp-content\/uploads\/sites\/3\/2023\/09\/quotIch-sollte-politisch-vernichtet-werdenquot-\u2013-Hubert-Aiwanger-ueber-die.jpg\",\"width\":460,\"height\":259,\"caption\":\"&quot;Ich sollte politisch vernichtet werden&quot; \u2013 Hubert Aiwanger \u00fcber die Kampagne gegen seine Person\"},{\"@type\":\"BreadcrumbList\",\"@id\":\"https:\/\/now-news.de\/de\/deutschland\/ich-sollte-politisch-vernichtet-werden-hubert-aiwanger-ueber-die-kampagne-gegen-seine-person\/#breadcrumb\",\"itemListElement\":[{\"@type\":\"ListItem\",\"position\":1,\"name\":\"Home\",\"item\":\"https:\/\/now-news.de\/de\/\"},{\"@type\":\"ListItem\",\"position\":2,\"name\":\"&quot;Ich sollte politisch vernichtet werden&quot; \u2013 Hubert Aiwanger \u00fcber die Kampagne gegen seine Person\"}]},{\"@type\":\"WebSite\",\"@id\":\"https:\/\/now-news.de\/de\/#website\",\"url\":\"https:\/\/now-news.de\/de\/\",\"name\":\"just-now.NEWS Deutschland\",\"description\":\"Das Portal f\u00fcr unzensierte Nachrichten aus der Welt\",\"publisher\":{\"@id\":\"https:\/\/now-news.de\/de\/#organization\"},\"potentialAction\":[{\"@type\":\"SearchAction\",\"target\":{\"@type\":\"EntryPoint\",\"urlTemplate\":\"https:\/\/now-news.de\/de\/?s={search_term_string}\"},\"query-input\":\"required name=search_term_string\"}],\"inLanguage\":\"de\"},{\"@type\":\"Organization\",\"@id\":\"https:\/\/now-news.de\/de\/#organization\",\"name\":\"Just Now News\",\"url\":\"https:\/\/now-news.de\/de\/\",\"logo\":{\"@type\":\"ImageObject\",\"inLanguage\":\"de\",\"@id\":\"https:\/\/now-news.de\/de\/#\/schema\/logo\/image\/\",\"url\":\"http:\/\/just-now.news\/de\/wp-content\/uploads\/sites\/3\/2022\/04\/logo500x500.jpg\",\"contentUrl\":\"http:\/\/just-now.news\/de\/wp-content\/uploads\/sites\/3\/2022\/04\/logo500x500.jpg\",\"width\":500,\"height\":500,\"caption\":\"Just Now News\"},\"image\":{\"@id\":\"https:\/\/now-news.de\/de\/#\/schema\/logo\/image\/\"},\"sameAs\":[\"https:\/\/www.facebook.com\/wirmachenauf\",\"https:\/\/x.com\/WirMachenAuf_de\"]},{\"@type\":\"Person\",\"@id\":\"https:\/\/now-news.de\/de\/#\/schema\/person\/fb534a4e865501d8b3285208df34a9b5\",\"name\":\"rtnews\",\"image\":{\"@type\":\"ImageObject\",\"inLanguage\":\"de\",\"@id\":\"https:\/\/now-news.de\/de\/#\/schema\/person\/image\/\",\"url\":\"https:\/\/secure.gravatar.com\/avatar\/82aafea7d8127119dd649515f56e2117?s=96&d=mm&r=g\",\"contentUrl\":\"https:\/\/secure.gravatar.com\/avatar\/82aafea7d8127119dd649515f56e2117?s=96&d=mm&r=g\",\"caption\":\"rtnews\"},\"url\":\"https:\/\/now-news.de\/de\/author\/rnews\/\"}]}<\/script>\n<!-- \/ Yoast SEO Premium plugin. -->","yoast_head_json":{"title":"&quot;Ich sollte politisch vernichtet werden&quot; \u2013 Hubert Aiwanger \u00fcber die Kampagne gegen seine Person - just-now.NEWS Deutschland","robots":{"index":"index","follow":"follow","max-snippet":"max-snippet:-1","max-image-preview":"max-image-preview:large","max-video-preview":"max-video-preview:-1"},"canonical":"https:\/\/now-news.de\/de\/deutschland\/ich-sollte-politisch-vernichtet-werden-hubert-aiwanger-ueber-die-kampagne-gegen-seine-person\/","og_locale":"de_DE","og_type":"article","og_title":"&quot;Ich sollte politisch vernichtet werden&quot; \u2013 Hubert Aiwanger \u00fcber die Kampagne gegen seine Person","og_description":"Der stellvertretende bayerische Ministerpr\u00e4sident Hubert Aiwanger (Freie W\u00e4hler) erf\u00e4hrt eine breite, parallel orchestrierte Diskreditierungskampagne, dies nur wenige Wochen vor den anstehenden Landtagswahlen im Freistaat Bayern. Der Springer-Zeitung &#8220;Die Welt&#8221; gab der vermeintliche Antisemit vergangener Tage nun ein Exklusivinterview. Seit rund einer Woche sieht sich Hubert Aiwanger (Freie W\u00e4hler), der\u00a0stellvertretende bayerische Ministerpr\u00e4sident sowie bayerische Wirtschaftsminister, mit [&hellip;]","og_url":"https:\/\/now-news.de\/de\/deutschland\/ich-sollte-politisch-vernichtet-werden-hubert-aiwanger-ueber-die-kampagne-gegen-seine-person\/","og_site_name":"just-now.NEWS Deutschland","article_publisher":"https:\/\/www.facebook.com\/wirmachenauf","article_published_time":"2023-09-01T09:28:49+00:00","og_image":[{"width":460,"height":259,"url":"https:\/\/now-news.de\/de\/wp-content\/uploads\/sites\/3\/2023\/09\/quotIch-sollte-politisch-vernichtet-werdenquot-\u2013-Hubert-Aiwanger-ueber-die.jpg","type":"image\/jpeg"}],"author":"rtnews","twitter_card":"summary_large_image","twitter_creator":"@WirMachenAuf_de","twitter_site":"@WirMachenAuf_de","twitter_misc":{"Verfasst von":"rtnews","Gesch\u00e4tzte Lesezeit":"6\u00a0Minuten"},"schema":{"@context":"https:\/\/schema.org","@graph":[{"@type":"Article","@id":"https:\/\/now-news.de\/de\/deutschland\/ich-sollte-politisch-vernichtet-werden-hubert-aiwanger-ueber-die-kampagne-gegen-seine-person\/#article","isPartOf":{"@id":"https:\/\/now-news.de\/de\/deutschland\/ich-sollte-politisch-vernichtet-werden-hubert-aiwanger-ueber-die-kampagne-gegen-seine-person\/"},"author":{"name":"rtnews","@id":"https:\/\/now-news.de\/de\/#\/schema\/person\/fb534a4e865501d8b3285208df34a9b5"},"headline":"&quot;Ich sollte politisch vernichtet werden&quot; \u2013 Hubert Aiwanger \u00fcber die Kampagne gegen seine Person","datePublished":"2023-09-01T09:28:49+00:00","dateModified":"2023-09-01T09:28:49+00:00","mainEntityOfPage":{"@id":"https:\/\/now-news.de\/de\/deutschland\/ich-sollte-politisch-vernichtet-werden-hubert-aiwanger-ueber-die-kampagne-gegen-seine-person\/"},"wordCount":1234,"commentCount":0,"publisher":{"@id":"https:\/\/now-news.de\/de\/#organization"},"image":{"@id":"https:\/\/now-news.de\/de\/deutschland\/ich-sollte-politisch-vernichtet-werden-hubert-aiwanger-ueber-die-kampagne-gegen-seine-person\/#primaryimage"},"thumbnailUrl":"https:\/\/now-news.de\/de\/wp-content\/uploads\/sites\/3\/2023\/09\/quotIch-sollte-politisch-vernichtet-werdenquot-\u2013-Hubert-Aiwanger-ueber-die.jpg","keywords":["Aiwanger","die","gegen","Hubert","Kampagne","Person","politisch","quotIch","seine","sollte","\u00fcber","vernichtet","werdenquot"],"articleSection":["Deutschland","Russland"],"inLanguage":"de","potentialAction":[{"@type":"CommentAction","name":"Comment","target":["https:\/\/now-news.de\/de\/deutschland\/ich-sollte-politisch-vernichtet-werden-hubert-aiwanger-ueber-die-kampagne-gegen-seine-person\/#respond"]}]},{"@type":"WebPage","@id":"https:\/\/now-news.de\/de\/deutschland\/ich-sollte-politisch-vernichtet-werden-hubert-aiwanger-ueber-die-kampagne-gegen-seine-person\/","url":"https:\/\/now-news.de\/de\/deutschland\/ich-sollte-politisch-vernichtet-werden-hubert-aiwanger-ueber-die-kampagne-gegen-seine-person\/","name":"&quot;Ich sollte politisch vernichtet werden&quot; \u2013 Hubert Aiwanger \u00fcber die Kampagne gegen seine Person - just-now.NEWS Deutschland","isPartOf":{"@id":"https:\/\/now-news.de\/de\/#website"},"primaryImageOfPage":{"@id":"https:\/\/now-news.de\/de\/deutschland\/ich-sollte-politisch-vernichtet-werden-hubert-aiwanger-ueber-die-kampagne-gegen-seine-person\/#primaryimage"},"image":{"@id":"https:\/\/now-news.de\/de\/deutschland\/ich-sollte-politisch-vernichtet-werden-hubert-aiwanger-ueber-die-kampagne-gegen-seine-person\/#primaryimage"},"thumbnailUrl":"https:\/\/now-news.de\/de\/wp-content\/uploads\/sites\/3\/2023\/09\/quotIch-sollte-politisch-vernichtet-werdenquot-\u2013-Hubert-Aiwanger-ueber-die.jpg","datePublished":"2023-09-01T09:28:49+00:00","dateModified":"2023-09-01T09:28:49+00:00","breadcrumb":{"@id":"https:\/\/now-news.de\/de\/deutschland\/ich-sollte-politisch-vernichtet-werden-hubert-aiwanger-ueber-die-kampagne-gegen-seine-person\/#breadcrumb"},"inLanguage":"de","potentialAction":[{"@type":"ReadAction","target":["https:\/\/now-news.de\/de\/deutschland\/ich-sollte-politisch-vernichtet-werden-hubert-aiwanger-ueber-die-kampagne-gegen-seine-person\/"]}]},{"@type":"ImageObject","inLanguage":"de","@id":"https:\/\/now-news.de\/de\/deutschland\/ich-sollte-politisch-vernichtet-werden-hubert-aiwanger-ueber-die-kampagne-gegen-seine-person\/#primaryimage","url":"https:\/\/now-news.de\/de\/wp-content\/uploads\/sites\/3\/2023\/09\/quotIch-sollte-politisch-vernichtet-werdenquot-\u2013-Hubert-Aiwanger-ueber-die.jpg","contentUrl":"https:\/\/now-news.de\/de\/wp-content\/uploads\/sites\/3\/2023\/09\/quotIch-sollte-politisch-vernichtet-werdenquot-\u2013-Hubert-Aiwanger-ueber-die.jpg","width":460,"height":259,"caption":"&quot;Ich sollte politisch vernichtet werden&quot; \u2013 Hubert Aiwanger \u00fcber die Kampagne gegen seine Person"},{"@type":"BreadcrumbList","@id":"https:\/\/now-news.de\/de\/deutschland\/ich-sollte-politisch-vernichtet-werden-hubert-aiwanger-ueber-die-kampagne-gegen-seine-person\/#breadcrumb","itemListElement":[{"@type":"ListItem","position":1,"name":"Home","item":"https:\/\/now-news.de\/de\/"},{"@type":"ListItem","position":2,"name":"&quot;Ich sollte politisch vernichtet werden&quot; \u2013 Hubert Aiwanger \u00fcber die Kampagne gegen seine Person"}]},{"@type":"WebSite","@id":"https:\/\/now-news.de\/de\/#website","url":"https:\/\/now-news.de\/de\/","name":"just-now.NEWS Deutschland","description":"Das Portal f\u00fcr unzensierte Nachrichten aus der Welt","publisher":{"@id":"https:\/\/now-news.de\/de\/#organization"},"potentialAction":[{"@type":"SearchAction","target":{"@type":"EntryPoint","urlTemplate":"https:\/\/now-news.de\/de\/?s={search_term_string}"},"query-input":"required name=search_term_string"}],"inLanguage":"de"},{"@type":"Organization","@id":"https:\/\/now-news.de\/de\/#organization","name":"Just Now News","url":"https:\/\/now-news.de\/de\/","logo":{"@type":"ImageObject","inLanguage":"de","@id":"https:\/\/now-news.de\/de\/#\/schema\/logo\/image\/","url":"http:\/\/just-now.news\/de\/wp-content\/uploads\/sites\/3\/2022\/04\/logo500x500.jpg","contentUrl":"http:\/\/just-now.news\/de\/wp-content\/uploads\/sites\/3\/2022\/04\/logo500x500.jpg","width":500,"height":500,"caption":"Just Now News"},"image":{"@id":"https:\/\/now-news.de\/de\/#\/schema\/logo\/image\/"},"sameAs":["https:\/\/www.facebook.com\/wirmachenauf","https:\/\/x.com\/WirMachenAuf_de"]},{"@type":"Person","@id":"https:\/\/now-news.de\/de\/#\/schema\/person\/fb534a4e865501d8b3285208df34a9b5","name":"rtnews","image":{"@type":"ImageObject","inLanguage":"de","@id":"https:\/\/now-news.de\/de\/#\/schema\/person\/image\/","url":"https:\/\/secure.gravatar.com\/avatar\/82aafea7d8127119dd649515f56e2117?s=96&d=mm&r=g","contentUrl":"https:\/\/secure.gravatar.com\/avatar\/82aafea7d8127119dd649515f56e2117?s=96&d=mm&r=g","caption":"rtnews"},"url":"https:\/\/now-news.de\/de\/author\/rnews\/"}]}},"_links":{"self":[{"href":"https:\/\/now-news.de\/de\/wp-json\/wp\/v2\/posts\/45531"}],"collection":[{"href":"https:\/\/now-news.de\/de\/wp-json\/wp\/v2\/posts"}],"about":[{"href":"https:\/\/now-news.de\/de\/wp-json\/wp\/v2\/types\/post"}],"author":[{"embeddable":true,"href":"https:\/\/now-news.de\/de\/wp-json\/wp\/v2\/users\/3"}],"replies":[{"embeddable":true,"href":"https:\/\/now-news.de\/de\/wp-json\/wp\/v2\/comments?post=45531"}],"version-history":[{"count":0,"href":"https:\/\/now-news.de\/de\/wp-json\/wp\/v2\/posts\/45531\/revisions"}],"wp:featuredmedia":[{"embeddable":true,"href":"https:\/\/now-news.de\/de\/wp-json\/wp\/v2\/media\/45532"}],"wp:attachment":[{"href":"https:\/\/now-news.de\/de\/wp-json\/wp\/v2\/media?parent=45531"}],"wp:term":[{"taxonomy":"category","embeddable":true,"href":"https:\/\/now-news.de\/de\/wp-json\/wp\/v2\/categories?post=45531"},{"taxonomy":"post_tag","embeddable":true,"href":"https:\/\/now-news.de\/de\/wp-json\/wp\/v2\/tags?post=45531"}],"curies":[{"name":"wp","href":"https:\/\/api.w.org\/{rel}","templated":true}]}}