{"id":45527,"date":"2023-09-01T09:52:22","date_gmt":"2023-09-01T07:52:22","guid":{"rendered":"https:\/\/just-now.news\/de\/deutschland\/focus-magazin-auf-nazi-kurs-ruestung-ruestung-ueber-alles-aber-schnell\/"},"modified":"2023-09-01T09:52:22","modified_gmt":"2023-09-01T07:52:22","slug":"focus-magazin-auf-nazi-kurs-ruestung-ruestung-ueber-alles-aber-schnell","status":"publish","type":"post","link":"https:\/\/now-news.de\/de\/deutschland\/focus-magazin-auf-nazi-kurs-ruestung-ruestung-ueber-alles-aber-schnell\/","title":{"rendered":"Focus-Magazin auf Nazi-Kurs: R\u00fcstung, R\u00fcstung \u00fcber alles, aber schnell!"},"content":{"rendered":"<p><img decoding=\"async\" src=\"http:\/\/just-now.news\/de\/wp-content\/uploads\/sites\/3\/2023\/09\/64f182bdb480cc0bd27683f2.jpg\" \/><\/p>\n<div class=\"Text-root Text-type_1 \">\n                Mit Beginn des Ukraine-Krieges lassen Gro\u00dfteile der deutschen Medienlandschaft eine sensiblere Formulierungsstrategie hinsichtlich einer irritierend offenen Russophobie in den Artikeln vermissen. Autor Uli Gellermann empfiehlt dem Nachrichtenmagazin Focus etwas mehr Geschichtsbewusstsein.\n            <\/div>\n<p><\/p>\n<div class=\"Text-root Text-type_5 ArticleView-text ViewText-root \">\n<p><em>Von Uli Gellermann<\/em><\/p>\n<p>Schon die Titelseite des <em>Focus<\/em>-Nachrichtenmagazins schreit den Leser an: &#8220;Der Ernstfall \u2013 Was, wenn Putin uns angreift?&#8221; Die Titelschreierei hat zwar noch ein Fragezeichen, macht aber mit dem Titelfoto klar, worum es geht: Ein fetter Stahlhelm ist \u00fcber den Reichstag gest\u00fclpt und der &#8220;Ernstfall&#8221; kann nur mit Kriegsfall \u00fcbersetzt werden. Schnell kommt die Chefredakteurin des Burda-Blattes, Franziska Reich, auf den Punkt:<\/p>\n<blockquote>\n<p><em>&#8220;Die Milit\u00e4rs beziffern ihren Bedarf f\u00fcr Aufr\u00fcstung auf 300 Milliarden Euro bis 2030.&#8221;<\/em><\/p>\n<\/blockquote>\n<p>Wer das Reich schon im Namen tr\u00e4gt, muss sich nicht mit Quellen oder Beweisen aufhalten.<\/p>\n<p><strong>Ist der Feind bekannt, hat der Tag Struktur<\/strong><\/p>\n<p>&#8220;Wenn der Feind bekannt ist, hat der Tag Struktur&#8221;, sagte der einst kritische Volker Pispers, und nach diesem Rezept verf\u00e4hrt der <em>Focus.<\/em> Man schreibt vom &#8220;verbrecherischen Wesen&#8221; des &#8220;Putin-Regimes&#8221;. Das Wort &#8220;Verderben steht f\u00fcr Russland&#8221; und weiter im Text der primitiven Russophobie findet sich der &#8220;gemeinsame Wunsch aller&#8221;: Die Bundeswehr m\u00f6ge &#8220;die Deutschen vor Putin sch\u00fctzen&#8221;. Wer jetzt nach Anzeigen der Panzerschmiede Rheinmetall oder des R\u00fcstungskonzerns MBB sucht, guckt vergeblich. Der <em>Focus<\/em> ist versessen auf die Rakete Arrow 3, eine israelische Wunderwaffe f\u00fcr Deutschland&#8221;.<\/p>\n<p><strong>Wunderwaffen f\u00fcr die Bundeswehr<\/strong><\/p>\n<p>Wunderwaffen? Das waren doch die Waffen aus den letzten Tagen des Hitler-Reiches. Diese sollten die Nazi-Verbrecher vor den Russen retten, die damals noch sowjetische B\u00fcrger waren. Wie man wei\u00df, hat es nicht geklappt. Trotzdem ist Frau Strack- Stahlhelm-Zimmermann &#8220;sehr erleichtert&#8221;, wie uns der <em>Focus<\/em>-Artikel mitteilt. Schlie\u00dflich ist die aktuelle Wunderwaffe mit vier Milliarden Euro geradezu ein Schn\u00e4ppchen. Und wenn Arrow 3 nicht hilft, dann h\u00e4tte man ja f\u00fcr den totalen Krieg noch die Patriot-Raketen. Denn, so die Redaktion besorgt: &#8220;Droht eine Offensive aus dem Osten nicht schon morgen?&#8221;<\/p>\n<p><strong>BURDA &#8211; reich geworden durch &#8220;Entjudung&#8221;<\/strong><\/p>\n<p>Da kann uns auch Claudia Major nicht beruhigen. Sie ist seit 2010 Mitglied im Beirat &#8220;Zivile Krisenpr\u00e4vention und Friedensf\u00f6rderung&#8221; der Bundesregierung: &#8220;Einen Angriff Moskaus auf NATO-Territorium kann man <a rel=\"nofollow noopener\" target=\"_blank\" href=\"https:\/\/www.capital.de\/wirtschaft-politik\/verteidigungsexpertin---russland-hat-die-abrissbirne-rausgeholt--32754728.html\">nicht ausschlie\u00dfen<\/a>.&#8221; Wer sich fragt, wo die Wurzeln der aggressiven Kriegspropaganda des Focus wuchern, der muss\u00a0sich nur in der Vergangenheit des Burda-Blattes umsehen: Im April 1933 betonte Franz Burda, der Ahnherr des Verlages, die nationalsozialistische Gesinnung seines Betriebs. Er erkl\u00e4rte, keine j\u00fcdischen Mitarbeiter oder Gesellschafter zu haben. W\u00e4hrend der Arisierung (auch &#8220;Entjudung&#8221; genannt) nutzte Burda im September 1938 die Gelegenheit, die Druckerei der Gebr\u00fcder Bauer in Mannheim g\u00fcnstig zu kaufen. Auch deshalb konnte er Landkarten f\u00fcr das Oberkommando des Heeres und Luftbilder in mehrfarbigem Tiefdruck f\u00fcr die Luftwaffe herstellen.<\/p>\n<p><strong>Befreiung Europas von den Nazis<\/strong><\/p>\n<p>Den wesentlichsten und blutigsten Beitrag zur Befreiung Europas von den Nazis leistete die Sowjetunion. Jener Staat, den die Deutschen \u00fcberfallen hatten. Es war die russisch gepr\u00e4gte Rote Armee, die zum Beispiel das KZ Auschwitz befreite. Ein Faktum, das heute gern verschwiegen, unterdr\u00fcckt wird. Diese Befreiung k\u00f6nnen die Nazi-Erben in Deutschland den Russen bis heute nicht verzeihen.<\/p>\n<p>Vom Unterdr\u00fccken der Geschichte ist die Revision der Geschichte nicht weit entfernt: Ein NATO-Sieg \u00fcber Russland w\u00e4re f\u00fcr die deutschen Erben eine gr\u00fcndliche Revision. Wer mit diesen Gedanken spielt, sollte sich daran erinnern, wie der letzte Krieg gegen die Russen ausgegangen ist. Einen weiteren Versuch w\u00fcrden die Deutschen nicht \u00fcberleben. Und vom <em>Focus<\/em> w\u00fcrde nicht mal mehr genug Papier \u00fcbrig bleiben, um sich den Arsch damit abzuwischen.<\/p>\n<p><em>Mit freundlicher Genehmigung des Autors. Erstver\u00f6ffentlichung des Beitrags war am 31. August 2023 auf der Online-Plattform\u00a0<a rel=\"nofollow noopener\" target=\"_blank\" href=\"https:\/\/www.rationalgalerie.de\/home\/focus-auf-nazi-kurs\">www.rationalgalerie.de<\/a>.<\/em><\/p>\n<p><em>Uli Gellermann ist Filmemacher und Journalist. Seine Erfahrungen mit den \u00f6ffentlich-rechtlichen Sendern begr\u00fcnden seine Medienkritik. Er ist Betreiber der Internetseite\u00a0<a rel=\"nofollow noopener\" target=\"_blank\" href=\"https:\/\/www.rationalgalerie.de\/\">rationalgalerie.de<\/a>.<\/em><\/p>\n<\/p>\n<\/div>\n<p><br \/>\n<br \/><a href=\"https:\/\/de.rt.com\/meinung\/179482-focus-magazin-auf-nazi-kurs\/\">Source link <\/a><\/p>\n","protected":false},"excerpt":{"rendered":"<p>Mit Beginn des Ukraine-Krieges lassen Gro\u00dfteile der deutschen Medienlandschaft eine sensiblere Formulierungsstrategie hinsichtlich einer irritierend offenen Russophobie in den Artikeln vermissen. Autor Uli Gellermann empfiehlt dem Nachrichtenmagazin Focus etwas mehr Geschichtsbewusstsein. Von Uli Gellermann Schon die Titelseite des Focus-Nachrichtenmagazins schreit den Leser an: &#8220;Der Ernstfall \u2013 Was, wenn Putin uns angreift?&#8221; Die Titelschreierei hat zwar [&hellip;]<\/p>\n","protected":false},"author":3,"featured_media":45528,"comment_status":"open","ping_status":"open","sticky":false,"template":"","format":"standard","meta":{"_yoast_indexnow_last_ping":["1693555399"],"wp_automatic_camp":["217"],"3669c894288e752ab07524387de7e75a":["Focus-Magazin auf Nazi-Kurs: R\u00fcstung, R\u00fcstung \u00fcber alles, aber schnell!"],"original_link":["https:\/\/de.rt.com\/meinung\/179482-focus-magazin-auf-nazi-kurs\/"],"_thumbnail_id":["45528"],"_wptgpro_p2tg_sent2tg":["a:1:{i:23737;s:19:\"2023-09-01 10:04:54\";}"],"jnews_social_counter_last_update":["1777585833"]},"categories":[19,23],"tags":[2205,1041,133,48386,48387,34328,8550,139],"yoast_head":"<!-- This site is optimized with the Yoast SEO Premium plugin v22.7 (Yoast SEO v22.7) - https:\/\/yoast.com\/wordpress\/plugins\/seo\/ -->\n<title>Focus-Magazin auf Nazi-Kurs: R\u00fcstung, R\u00fcstung \u00fcber alles, aber schnell! - just-now.NEWS Deutschland<\/title>\n<meta name=\"robots\" content=\"index, follow, max-snippet:-1, max-image-preview:large, max-video-preview:-1\" \/>\n<link rel=\"canonical\" href=\"https:\/\/now-news.de\/de\/deutschland\/focus-magazin-auf-nazi-kurs-ruestung-ruestung-ueber-alles-aber-schnell\/\" \/>\n<meta property=\"og:locale\" content=\"de_DE\" \/>\n<meta property=\"og:type\" content=\"article\" \/>\n<meta property=\"og:title\" content=\"Focus-Magazin auf Nazi-Kurs: R\u00fcstung, R\u00fcstung \u00fcber alles, aber schnell!\" \/>\n<meta property=\"og:description\" content=\"Mit Beginn des Ukraine-Krieges lassen Gro\u00dfteile der deutschen Medienlandschaft eine sensiblere Formulierungsstrategie hinsichtlich einer irritierend offenen Russophobie in den Artikeln vermissen. Autor Uli Gellermann empfiehlt dem Nachrichtenmagazin Focus etwas mehr Geschichtsbewusstsein. Von Uli Gellermann Schon die Titelseite des Focus-Nachrichtenmagazins schreit den Leser an: &#8220;Der Ernstfall \u2013 Was, wenn Putin uns angreift?&#8221; Die Titelschreierei hat zwar [&hellip;]\" \/>\n<meta property=\"og:url\" content=\"https:\/\/now-news.de\/de\/deutschland\/focus-magazin-auf-nazi-kurs-ruestung-ruestung-ueber-alles-aber-schnell\/\" \/>\n<meta property=\"og:site_name\" content=\"just-now.NEWS Deutschland\" \/>\n<meta property=\"article:publisher\" content=\"https:\/\/www.facebook.com\/wirmachenauf\" \/>\n<meta property=\"article:published_time\" content=\"2023-09-01T07:52:22+00:00\" \/>\n<meta property=\"og:image\" content=\"https:\/\/now-news.de\/de\/wp-content\/uploads\/sites\/3\/2023\/09\/Focus-Magazin-auf-Nazi-Kurs-Ruestung-Ruestung-ueber-alles-aber-schnell.jpg\" \/>\n\t<meta property=\"og:image:width\" content=\"460\" \/>\n\t<meta property=\"og:image:height\" content=\"259\" \/>\n\t<meta property=\"og:image:type\" content=\"image\/jpeg\" \/>\n<meta name=\"author\" content=\"rtnews\" \/>\n<meta name=\"twitter:card\" content=\"summary_large_image\" \/>\n<meta name=\"twitter:creator\" content=\"@WirMachenAuf_de\" \/>\n<meta name=\"twitter:site\" content=\"@WirMachenAuf_de\" \/>\n<meta name=\"twitter:label1\" content=\"Verfasst von\" \/>\n\t<meta name=\"twitter:data1\" content=\"rtnews\" \/>\n\t<meta name=\"twitter:label2\" content=\"Gesch\u00e4tzte Lesezeit\" \/>\n\t<meta name=\"twitter:data2\" content=\"3\u00a0Minuten\" \/>\n<script type=\"application\/ld+json\" class=\"yoast-schema-graph\">{\"@context\":\"https:\/\/schema.org\",\"@graph\":[{\"@type\":\"Article\",\"@id\":\"https:\/\/now-news.de\/de\/deutschland\/focus-magazin-auf-nazi-kurs-ruestung-ruestung-ueber-alles-aber-schnell\/#article\",\"isPartOf\":{\"@id\":\"https:\/\/now-news.de\/de\/deutschland\/focus-magazin-auf-nazi-kurs-ruestung-ruestung-ueber-alles-aber-schnell\/\"},\"author\":{\"name\":\"rtnews\",\"@id\":\"https:\/\/now-news.de\/de\/#\/schema\/person\/fb534a4e865501d8b3285208df34a9b5\"},\"headline\":\"Focus-Magazin auf Nazi-Kurs: R\u00fcstung, R\u00fcstung \u00fcber alles, aber schnell!\",\"datePublished\":\"2023-09-01T07:52:22+00:00\",\"dateModified\":\"2023-09-01T07:52:22+00:00\",\"mainEntityOfPage\":{\"@id\":\"https:\/\/now-news.de\/de\/deutschland\/focus-magazin-auf-nazi-kurs-ruestung-ruestung-ueber-alles-aber-schnell\/\"},\"wordCount\":643,\"commentCount\":0,\"publisher\":{\"@id\":\"https:\/\/now-news.de\/de\/#organization\"},\"image\":{\"@id\":\"https:\/\/now-news.de\/de\/deutschland\/focus-magazin-auf-nazi-kurs-ruestung-ruestung-ueber-alles-aber-schnell\/#primaryimage\"},\"thumbnailUrl\":\"https:\/\/now-news.de\/de\/wp-content\/uploads\/sites\/3\/2023\/09\/Focus-Magazin-auf-Nazi-Kurs-Ruestung-Ruestung-ueber-alles-aber-schnell.jpg\",\"keywords\":[\"aber\",\"alles\",\"AUF\",\"FocusMagazin\",\"NaziKurs\",\"R\u00fcstung\",\"schnell\",\"\u00fcber\"],\"articleSection\":[\"Deutschland\",\"Russland\"],\"inLanguage\":\"de\",\"potentialAction\":[{\"@type\":\"CommentAction\",\"name\":\"Comment\",\"target\":[\"https:\/\/now-news.de\/de\/deutschland\/focus-magazin-auf-nazi-kurs-ruestung-ruestung-ueber-alles-aber-schnell\/#respond\"]}]},{\"@type\":\"WebPage\",\"@id\":\"https:\/\/now-news.de\/de\/deutschland\/focus-magazin-auf-nazi-kurs-ruestung-ruestung-ueber-alles-aber-schnell\/\",\"url\":\"https:\/\/now-news.de\/de\/deutschland\/focus-magazin-auf-nazi-kurs-ruestung-ruestung-ueber-alles-aber-schnell\/\",\"name\":\"Focus-Magazin auf Nazi-Kurs: R\u00fcstung, R\u00fcstung \u00fcber alles, aber schnell! - just-now.NEWS Deutschland\",\"isPartOf\":{\"@id\":\"https:\/\/now-news.de\/de\/#website\"},\"primaryImageOfPage\":{\"@id\":\"https:\/\/now-news.de\/de\/deutschland\/focus-magazin-auf-nazi-kurs-ruestung-ruestung-ueber-alles-aber-schnell\/#primaryimage\"},\"image\":{\"@id\":\"https:\/\/now-news.de\/de\/deutschland\/focus-magazin-auf-nazi-kurs-ruestung-ruestung-ueber-alles-aber-schnell\/#primaryimage\"},\"thumbnailUrl\":\"https:\/\/now-news.de\/de\/wp-content\/uploads\/sites\/3\/2023\/09\/Focus-Magazin-auf-Nazi-Kurs-Ruestung-Ruestung-ueber-alles-aber-schnell.jpg\",\"datePublished\":\"2023-09-01T07:52:22+00:00\",\"dateModified\":\"2023-09-01T07:52:22+00:00\",\"breadcrumb\":{\"@id\":\"https:\/\/now-news.de\/de\/deutschland\/focus-magazin-auf-nazi-kurs-ruestung-ruestung-ueber-alles-aber-schnell\/#breadcrumb\"},\"inLanguage\":\"de\",\"potentialAction\":[{\"@type\":\"ReadAction\",\"target\":[\"https:\/\/now-news.de\/de\/deutschland\/focus-magazin-auf-nazi-kurs-ruestung-ruestung-ueber-alles-aber-schnell\/\"]}]},{\"@type\":\"ImageObject\",\"inLanguage\":\"de\",\"@id\":\"https:\/\/now-news.de\/de\/deutschland\/focus-magazin-auf-nazi-kurs-ruestung-ruestung-ueber-alles-aber-schnell\/#primaryimage\",\"url\":\"https:\/\/now-news.de\/de\/wp-content\/uploads\/sites\/3\/2023\/09\/Focus-Magazin-auf-Nazi-Kurs-Ruestung-Ruestung-ueber-alles-aber-schnell.jpg\",\"contentUrl\":\"https:\/\/now-news.de\/de\/wp-content\/uploads\/sites\/3\/2023\/09\/Focus-Magazin-auf-Nazi-Kurs-Ruestung-Ruestung-ueber-alles-aber-schnell.jpg\",\"width\":460,\"height\":259,\"caption\":\"Focus-Magazin auf Nazi-Kurs: R\u00fcstung, R\u00fcstung \u00fcber alles, aber schnell!\"},{\"@type\":\"BreadcrumbList\",\"@id\":\"https:\/\/now-news.de\/de\/deutschland\/focus-magazin-auf-nazi-kurs-ruestung-ruestung-ueber-alles-aber-schnell\/#breadcrumb\",\"itemListElement\":[{\"@type\":\"ListItem\",\"position\":1,\"name\":\"Home\",\"item\":\"https:\/\/now-news.de\/de\/\"},{\"@type\":\"ListItem\",\"position\":2,\"name\":\"Focus-Magazin auf Nazi-Kurs: R\u00fcstung, R\u00fcstung \u00fcber alles, aber schnell!\"}]},{\"@type\":\"WebSite\",\"@id\":\"https:\/\/now-news.de\/de\/#website\",\"url\":\"https:\/\/now-news.de\/de\/\",\"name\":\"just-now.NEWS Deutschland\",\"description\":\"Das Portal f\u00fcr unzensierte Nachrichten aus der Welt\",\"publisher\":{\"@id\":\"https:\/\/now-news.de\/de\/#organization\"},\"potentialAction\":[{\"@type\":\"SearchAction\",\"target\":{\"@type\":\"EntryPoint\",\"urlTemplate\":\"https:\/\/now-news.de\/de\/?s={search_term_string}\"},\"query-input\":\"required name=search_term_string\"}],\"inLanguage\":\"de\"},{\"@type\":\"Organization\",\"@id\":\"https:\/\/now-news.de\/de\/#organization\",\"name\":\"Just Now News\",\"url\":\"https:\/\/now-news.de\/de\/\",\"logo\":{\"@type\":\"ImageObject\",\"inLanguage\":\"de\",\"@id\":\"https:\/\/now-news.de\/de\/#\/schema\/logo\/image\/\",\"url\":\"http:\/\/just-now.news\/de\/wp-content\/uploads\/sites\/3\/2022\/04\/logo500x500.jpg\",\"contentUrl\":\"http:\/\/just-now.news\/de\/wp-content\/uploads\/sites\/3\/2022\/04\/logo500x500.jpg\",\"width\":500,\"height\":500,\"caption\":\"Just Now News\"},\"image\":{\"@id\":\"https:\/\/now-news.de\/de\/#\/schema\/logo\/image\/\"},\"sameAs\":[\"https:\/\/www.facebook.com\/wirmachenauf\",\"https:\/\/x.com\/WirMachenAuf_de\"]},{\"@type\":\"Person\",\"@id\":\"https:\/\/now-news.de\/de\/#\/schema\/person\/fb534a4e865501d8b3285208df34a9b5\",\"name\":\"rtnews\",\"image\":{\"@type\":\"ImageObject\",\"inLanguage\":\"de\",\"@id\":\"https:\/\/now-news.de\/de\/#\/schema\/person\/image\/\",\"url\":\"https:\/\/secure.gravatar.com\/avatar\/82aafea7d8127119dd649515f56e2117?s=96&d=mm&r=g\",\"contentUrl\":\"https:\/\/secure.gravatar.com\/avatar\/82aafea7d8127119dd649515f56e2117?s=96&d=mm&r=g\",\"caption\":\"rtnews\"},\"url\":\"https:\/\/now-news.de\/de\/author\/rnews\/\"}]}<\/script>\n<!-- \/ Yoast SEO Premium plugin. -->","yoast_head_json":{"title":"Focus-Magazin auf Nazi-Kurs: R\u00fcstung, R\u00fcstung \u00fcber alles, aber schnell! - just-now.NEWS Deutschland","robots":{"index":"index","follow":"follow","max-snippet":"max-snippet:-1","max-image-preview":"max-image-preview:large","max-video-preview":"max-video-preview:-1"},"canonical":"https:\/\/now-news.de\/de\/deutschland\/focus-magazin-auf-nazi-kurs-ruestung-ruestung-ueber-alles-aber-schnell\/","og_locale":"de_DE","og_type":"article","og_title":"Focus-Magazin auf Nazi-Kurs: R\u00fcstung, R\u00fcstung \u00fcber alles, aber schnell!","og_description":"Mit Beginn des Ukraine-Krieges lassen Gro\u00dfteile der deutschen Medienlandschaft eine sensiblere Formulierungsstrategie hinsichtlich einer irritierend offenen Russophobie in den Artikeln vermissen. Autor Uli Gellermann empfiehlt dem Nachrichtenmagazin Focus etwas mehr Geschichtsbewusstsein. Von Uli Gellermann Schon die Titelseite des Focus-Nachrichtenmagazins schreit den Leser an: &#8220;Der Ernstfall \u2013 Was, wenn Putin uns angreift?&#8221; Die Titelschreierei hat zwar [&hellip;]","og_url":"https:\/\/now-news.de\/de\/deutschland\/focus-magazin-auf-nazi-kurs-ruestung-ruestung-ueber-alles-aber-schnell\/","og_site_name":"just-now.NEWS Deutschland","article_publisher":"https:\/\/www.facebook.com\/wirmachenauf","article_published_time":"2023-09-01T07:52:22+00:00","og_image":[{"width":460,"height":259,"url":"https:\/\/now-news.de\/de\/wp-content\/uploads\/sites\/3\/2023\/09\/Focus-Magazin-auf-Nazi-Kurs-Ruestung-Ruestung-ueber-alles-aber-schnell.jpg","type":"image\/jpeg"}],"author":"rtnews","twitter_card":"summary_large_image","twitter_creator":"@WirMachenAuf_de","twitter_site":"@WirMachenAuf_de","twitter_misc":{"Verfasst von":"rtnews","Gesch\u00e4tzte Lesezeit":"3\u00a0Minuten"},"schema":{"@context":"https:\/\/schema.org","@graph":[{"@type":"Article","@id":"https:\/\/now-news.de\/de\/deutschland\/focus-magazin-auf-nazi-kurs-ruestung-ruestung-ueber-alles-aber-schnell\/#article","isPartOf":{"@id":"https:\/\/now-news.de\/de\/deutschland\/focus-magazin-auf-nazi-kurs-ruestung-ruestung-ueber-alles-aber-schnell\/"},"author":{"name":"rtnews","@id":"https:\/\/now-news.de\/de\/#\/schema\/person\/fb534a4e865501d8b3285208df34a9b5"},"headline":"Focus-Magazin auf Nazi-Kurs: R\u00fcstung, R\u00fcstung \u00fcber alles, aber schnell!","datePublished":"2023-09-01T07:52:22+00:00","dateModified":"2023-09-01T07:52:22+00:00","mainEntityOfPage":{"@id":"https:\/\/now-news.de\/de\/deutschland\/focus-magazin-auf-nazi-kurs-ruestung-ruestung-ueber-alles-aber-schnell\/"},"wordCount":643,"commentCount":0,"publisher":{"@id":"https:\/\/now-news.de\/de\/#organization"},"image":{"@id":"https:\/\/now-news.de\/de\/deutschland\/focus-magazin-auf-nazi-kurs-ruestung-ruestung-ueber-alles-aber-schnell\/#primaryimage"},"thumbnailUrl":"https:\/\/now-news.de\/de\/wp-content\/uploads\/sites\/3\/2023\/09\/Focus-Magazin-auf-Nazi-Kurs-Ruestung-Ruestung-ueber-alles-aber-schnell.jpg","keywords":["aber","alles","AUF","FocusMagazin","NaziKurs","R\u00fcstung","schnell","\u00fcber"],"articleSection":["Deutschland","Russland"],"inLanguage":"de","potentialAction":[{"@type":"CommentAction","name":"Comment","target":["https:\/\/now-news.de\/de\/deutschland\/focus-magazin-auf-nazi-kurs-ruestung-ruestung-ueber-alles-aber-schnell\/#respond"]}]},{"@type":"WebPage","@id":"https:\/\/now-news.de\/de\/deutschland\/focus-magazin-auf-nazi-kurs-ruestung-ruestung-ueber-alles-aber-schnell\/","url":"https:\/\/now-news.de\/de\/deutschland\/focus-magazin-auf-nazi-kurs-ruestung-ruestung-ueber-alles-aber-schnell\/","name":"Focus-Magazin auf Nazi-Kurs: R\u00fcstung, R\u00fcstung \u00fcber alles, aber schnell! - just-now.NEWS Deutschland","isPartOf":{"@id":"https:\/\/now-news.de\/de\/#website"},"primaryImageOfPage":{"@id":"https:\/\/now-news.de\/de\/deutschland\/focus-magazin-auf-nazi-kurs-ruestung-ruestung-ueber-alles-aber-schnell\/#primaryimage"},"image":{"@id":"https:\/\/now-news.de\/de\/deutschland\/focus-magazin-auf-nazi-kurs-ruestung-ruestung-ueber-alles-aber-schnell\/#primaryimage"},"thumbnailUrl":"https:\/\/now-news.de\/de\/wp-content\/uploads\/sites\/3\/2023\/09\/Focus-Magazin-auf-Nazi-Kurs-Ruestung-Ruestung-ueber-alles-aber-schnell.jpg","datePublished":"2023-09-01T07:52:22+00:00","dateModified":"2023-09-01T07:52:22+00:00","breadcrumb":{"@id":"https:\/\/now-news.de\/de\/deutschland\/focus-magazin-auf-nazi-kurs-ruestung-ruestung-ueber-alles-aber-schnell\/#breadcrumb"},"inLanguage":"de","potentialAction":[{"@type":"ReadAction","target":["https:\/\/now-news.de\/de\/deutschland\/focus-magazin-auf-nazi-kurs-ruestung-ruestung-ueber-alles-aber-schnell\/"]}]},{"@type":"ImageObject","inLanguage":"de","@id":"https:\/\/now-news.de\/de\/deutschland\/focus-magazin-auf-nazi-kurs-ruestung-ruestung-ueber-alles-aber-schnell\/#primaryimage","url":"https:\/\/now-news.de\/de\/wp-content\/uploads\/sites\/3\/2023\/09\/Focus-Magazin-auf-Nazi-Kurs-Ruestung-Ruestung-ueber-alles-aber-schnell.jpg","contentUrl":"https:\/\/now-news.de\/de\/wp-content\/uploads\/sites\/3\/2023\/09\/Focus-Magazin-auf-Nazi-Kurs-Ruestung-Ruestung-ueber-alles-aber-schnell.jpg","width":460,"height":259,"caption":"Focus-Magazin auf Nazi-Kurs: R\u00fcstung, R\u00fcstung \u00fcber alles, aber schnell!"},{"@type":"BreadcrumbList","@id":"https:\/\/now-news.de\/de\/deutschland\/focus-magazin-auf-nazi-kurs-ruestung-ruestung-ueber-alles-aber-schnell\/#breadcrumb","itemListElement":[{"@type":"ListItem","position":1,"name":"Home","item":"https:\/\/now-news.de\/de\/"},{"@type":"ListItem","position":2,"name":"Focus-Magazin auf Nazi-Kurs: R\u00fcstung, R\u00fcstung \u00fcber alles, aber schnell!"}]},{"@type":"WebSite","@id":"https:\/\/now-news.de\/de\/#website","url":"https:\/\/now-news.de\/de\/","name":"just-now.NEWS Deutschland","description":"Das Portal f\u00fcr unzensierte Nachrichten aus der Welt","publisher":{"@id":"https:\/\/now-news.de\/de\/#organization"},"potentialAction":[{"@type":"SearchAction","target":{"@type":"EntryPoint","urlTemplate":"https:\/\/now-news.de\/de\/?s={search_term_string}"},"query-input":"required name=search_term_string"}],"inLanguage":"de"},{"@type":"Organization","@id":"https:\/\/now-news.de\/de\/#organization","name":"Just Now News","url":"https:\/\/now-news.de\/de\/","logo":{"@type":"ImageObject","inLanguage":"de","@id":"https:\/\/now-news.de\/de\/#\/schema\/logo\/image\/","url":"http:\/\/just-now.news\/de\/wp-content\/uploads\/sites\/3\/2022\/04\/logo500x500.jpg","contentUrl":"http:\/\/just-now.news\/de\/wp-content\/uploads\/sites\/3\/2022\/04\/logo500x500.jpg","width":500,"height":500,"caption":"Just Now News"},"image":{"@id":"https:\/\/now-news.de\/de\/#\/schema\/logo\/image\/"},"sameAs":["https:\/\/www.facebook.com\/wirmachenauf","https:\/\/x.com\/WirMachenAuf_de"]},{"@type":"Person","@id":"https:\/\/now-news.de\/de\/#\/schema\/person\/fb534a4e865501d8b3285208df34a9b5","name":"rtnews","image":{"@type":"ImageObject","inLanguage":"de","@id":"https:\/\/now-news.de\/de\/#\/schema\/person\/image\/","url":"https:\/\/secure.gravatar.com\/avatar\/82aafea7d8127119dd649515f56e2117?s=96&d=mm&r=g","contentUrl":"https:\/\/secure.gravatar.com\/avatar\/82aafea7d8127119dd649515f56e2117?s=96&d=mm&r=g","caption":"rtnews"},"url":"https:\/\/now-news.de\/de\/author\/rnews\/"}]}},"_links":{"self":[{"href":"https:\/\/now-news.de\/de\/wp-json\/wp\/v2\/posts\/45527"}],"collection":[{"href":"https:\/\/now-news.de\/de\/wp-json\/wp\/v2\/posts"}],"about":[{"href":"https:\/\/now-news.de\/de\/wp-json\/wp\/v2\/types\/post"}],"author":[{"embeddable":true,"href":"https:\/\/now-news.de\/de\/wp-json\/wp\/v2\/users\/3"}],"replies":[{"embeddable":true,"href":"https:\/\/now-news.de\/de\/wp-json\/wp\/v2\/comments?post=45527"}],"version-history":[{"count":0,"href":"https:\/\/now-news.de\/de\/wp-json\/wp\/v2\/posts\/45527\/revisions"}],"wp:featuredmedia":[{"embeddable":true,"href":"https:\/\/now-news.de\/de\/wp-json\/wp\/v2\/media\/45528"}],"wp:attachment":[{"href":"https:\/\/now-news.de\/de\/wp-json\/wp\/v2\/media?parent=45527"}],"wp:term":[{"taxonomy":"category","embeddable":true,"href":"https:\/\/now-news.de\/de\/wp-json\/wp\/v2\/categories?post=45527"},{"taxonomy":"post_tag","embeddable":true,"href":"https:\/\/now-news.de\/de\/wp-json\/wp\/v2\/tags?post=45527"}],"curies":[{"name":"wp","href":"https:\/\/api.w.org\/{rel}","templated":true}]}}