{"id":45509,"date":"2023-08-31T20:07:07","date_gmt":"2023-08-31T18:07:07","guid":{"rendered":"https:\/\/just-now.news\/de\/deutschland\/arne-schoenbohm-nach-dem-zdf-verklagt-ex-bsi-chef-nun-das-innenministerium\/"},"modified":"2023-08-31T20:07:07","modified_gmt":"2023-08-31T18:07:07","slug":"arne-schoenbohm-nach-dem-zdf-verklagt-ex-bsi-chef-nun-das-innenministerium","status":"publish","type":"post","link":"https:\/\/now-news.de\/de\/deutschland\/arne-schoenbohm-nach-dem-zdf-verklagt-ex-bsi-chef-nun-das-innenministerium\/","title":{"rendered":"Arne Sch\u00f6nbohm: Nach dem ZDF verklagt Ex-BSI-Chef nun das Innenministerium"},"content":{"rendered":"<p><img decoding=\"async\" src=\"http:\/\/just-now.news\/de\/wp-content\/uploads\/sites\/3\/2023\/08\/64f0841a48fbef34155be7be.jpg\" \/><\/p>\n<div class=\"Text-root Text-type_1 \">\n                Arne Sch\u00f6nbohm geht nun gerichtlich auch gegen das Bundesinnenministerium vor. Nancy Faeser hatte den fr\u00fcheren Cyber-Sicherheitschef nach einer diffamierenden B\u00f6hmermann-Sendung (ZDF), die Sch\u00f6nbohm mit unbegr\u00fcndeten Vorw\u00fcrfen  denunziert hatte, faktisch entlassen.\n            <\/div>\n<p><\/p>\n<div class=\"Text-root Text-type_5 ArticleView-text ViewText-root \">\n<p>Wie die <em>Bild-Zeitung<\/em>\u00a0<a rel=\"nofollow noopener\" target=\"_blank\" href=\"https:\/\/www.bild.de\/bild-plus\/politik\/inland\/politik\/arne-schoenbohm-verklagt-nancy-faeser-mobbingvorwuerfe-gegen-innenministerin-85239254.bild.html?ticket=ST-A-7262716-XZglKARfWOzdmmI6q3UY-sso-signin-server\">meldet<\/a>, wehrt sich Arne Sch\u00f6nbohm (54) nun auch mit einer Klage gegen das Bundesinnenministerium (BMI), das von Nancy Faeser (53, SPD) gef\u00fchrt wird, gegen seine faktische Entlassung als Pr\u00e4sident des Bundesamts f\u00fcr Sicherheit in der Informationstechnik (BSI). Von der Klage hatte <em>Bild<\/em> &#8220;aus Justizkreisen&#8221; erfahren, und eine Richterin am Verwaltungsgericht K\u00f6ln habe den Eingang der Klageschrift &#8220;gegen die Bundesrepublik Deutschland&#8221; best\u00e4tigt, so die Zeitung.<\/p>\n<p><strong>Vorw\u00fcrfe gegen Nancy Faeser pers\u00f6nlich<\/strong><\/p>\n<p>In dem achtzehnseitigen Schriftsatz, der &#8220;teils h\u00f6chst brisante Dokumentenbeweise&#8221; enthalten soll, w\u00fcrden Vorw\u00fcrfe nicht nur gegen die F\u00fchrungskr\u00e4fte des Ministeriums, sondern auch gegen Nancy Faeser pers\u00f6nlich formuliert. Sch\u00f6nbohms Klage dient der Durchsetzung von beamtenrechtlichen Schadensersatzanspr\u00fcchen, die er nach seiner Entbindung von der Funktion als BSI-Chef durchsetzen will. Sch\u00f6nbohm wurde im Januar 2023 auf den weniger prestigetr\u00e4chtigen Posten des Pr\u00e4sidenten an der Bundesakademie f\u00fcr \u00f6ffentliche Verwaltung (&#8220;Bak\u00f6V&#8221;) abgeschoben.<\/p>\n<p>Den Hintergrund f\u00fcr die Abservierung Sch\u00f6nbohms lieferte der ZDF-&#8220;Comedian&#8221; Jan B\u00f6hmermann. Dieser hatte Anfang Oktober 2022 den seinerzeitigen BSI-Chef in seiner Sendung mit falschen Vorw\u00fcrfen diffamiert. So wurde im <em>ZDF Magazin Royale<\/em> wahrheitswidrig behauptet, Sch\u00f6nbohm verf\u00fcge \u00fcber indirekte Kontakte zu russischen Geheimdienstkreisen. Noch im selben Monat wurde Sch\u00f6nbohm vom Bundesinnenministerium untersagt, sich zur Denunziation des ZDF \u00f6ffentlich zu \u00e4u\u00dfern. Kurz darauf hatte Sch\u00f6nbohm, um die Vorw\u00fcrfe gegen sich zu entkr\u00e4ften, selbst die Einleitung eines Diszinplinarverfahrens beantragt. Daraufhin untersagte Nancy Faeser ihm &#8220;die F\u00fchrung der Dienstgesch\u00e4fte&#8221; am 18. Oktober (<em>RT DE<\/em>\u00a0<a rel=\"nofollow noopener\" target=\"_blank\" href=\"https:\/\/freedert.online\/inland\/153458-abberufener-bsi-chef-wehrt-sich\/\">berichtete<\/a>).<\/p>\n<p>Allerdings kam es nie zur Er\u00f6ffnung des Disziplinarverfahrens, obwohl sich die Ermittlungen des Innenmininisteriums \u00fcber viele Wochen hinzogen \u2013 l\u00e4nger als die eigentlich maximal erlaubten drei Monate.<\/p>\n<p><strong>Fortgesetzte &#8220;Ermittlungen&#8221; \u2013 ohne Tatsachengrundlage<\/strong><\/p>\n<p>Aus den Teilen der internen Untersuchungsakten, die offenbar\u00a0<em>Bild<\/em>\u00a0vorliegen, geht hervor, dass die Vorw\u00fcrfe, die gegen Sch\u00f6nbohm erhoben wurde, v\u00f6llig aus der Luft gegriffen waren \u2013 und dass man sich dieser Tatsache im Innenministerium sp\u00e4testens seit November 2022 durchaus bewusst war. Selbst der\u00a0<a rel=\"nofollow noopener\" target=\"_blank\" href=\"https:\/\/freedert.online\/inland\/169925-faeser-gibt-zu-ex-bsi\/\">Ministerin<\/a>\u00a0waren die Ger\u00fcchte offensichtlich zu d\u00fcnn.<\/p>\n<p>Erst am 2. M\u00e4rz habe sich Faeser, so Bild, mit dem Leiter ihrer Zentralabteilung, Martin von Simson, getroffen, um den Vorgang zu besprechen. Nach <em>Bild-Informationen<\/em> ist von Simson gleichzeitig der Vermieter der Berliner Wohnung der SPD-Innenministerin.<\/p>\n<p>Es habe dann bis Ende April gedauert, bis von Simson am 24. April Sch\u00f6nbohm mitgeteilt habe, dass an den Vorw\u00fcrfen gegen den fr\u00fcheren BSI-Chef nichts dran ist:<\/p>\n<blockquote>\n<p><em>&#8220;Die eingehende Untersuchung der Sachverhalte hat zu dem Ergebnis gef\u00fchrt, dass Disziplinarma\u00dfnahmen nicht zu ergreifen sind.&#8221;<\/em><\/p>\n<\/blockquote>\n<p><strong>Regelwidriges Vorgehen des BMI<\/strong>\u00a0<\/p>\n<p>Weiter h\u00e4lt sogar der interne Abschlussbericht \u00fcber die Voruntersuchung fest, dass der beamtenrechtlichen F\u00fcrsorgepflicht der Ministerin nicht nachgekommen wurde. Offenkundig hatte Sch\u00f6nbohm des \u00d6fteren die Wahrung seiner Rechte angemahnt. Der Bericht r\u00e4umt ein, dass eine &#8220;nachholende F\u00fcrsorge&#8221; des Bundesinnenministeriums &#8220;im Zuge der Sendung trotz wiederholter und schriftlich vorgetragener Bitte offensichtlich&#8221; ausgeblieben sei. Vonseiten des Ministeriums sei Diffamierungen und pers\u00f6nlichen Abwertungen wie &#8220;Cyberclown&#8221; nicht entgegengetreten worden.<\/p>\n<p>Die laut Aktenvermerk am 2. M\u00e4rz &#8220;sichtlich unzufrieden(e)&#8221; Faeser verlangte daraufhin von ihrem Abteilungsleiter, ein weiteres (!) Mal beim Bundesamt f\u00fcr Verfassungsschutz nachzufragen und &#8220;alle Geheimunterlagen zusammentragen&#8221;, wie es in dem Schriftst\u00fcck hei\u00dft das Bild auszugsweise publiziert. Obwohl bereits &#8220;alle relevanten Beh\u00f6rden und Abteilungen&#8221; abgefragt worden seien und allen Beteiligten klar gewesen war, dass &#8220;es schlicht nicht mehr g\u00e4be&#8221;, verlangte Faeser die Langversion eines Vermerks, von dem Simson meinte, er sei &#8220;\u00fcberzeugender&#8221;.<\/p>\n<p>Daraufhin lie\u00df sich von Simson die Unterlagen, den &#8220;Langvermerk&#8221; in Papierform kommen, um ihn &#8220;au\u00dferhalb des Dienstweges&#8221; dann &#8220;nach oben&#8221; zu geben. So sei der Amtschef des Ministeriums, Staatssekret\u00e4r Hans-Georg Engelke (59), umgangen worden. Nach Weitergabe des Papiers habe es noch weitere sieben Wochen gedauert, bis es zur l\u00e4ngst \u00fcberf\u00e4lligen Einstellung der Voruntersuchung gekommen sei.<\/p>\n<p>Die Ministerin hatte, das geht aus dem publizierten Vermerk hervor, um &#8220;Nacherhebungen&#8221; im Vereins- und Handelsregister gebeten. Dabei ging es um angebliche fr\u00fchere oder noch bestehende Russland-Kontakte eines Vereins und eines Unternehmens, das Sch\u00f6nbohm allerdings bereits verkauft hatte. Den Nachweis \u00fcber den Verkauf hatte Sch\u00f6nbohm zu dieesem Zeitpunkt l\u00e4ngst an das Innenministerium gesandt.<\/p>\n<p>In der Gerichtsakte habe Sch\u00f6nbohms Anwalt die unw\u00fcrdige Behandlung des BSI-Chefs so zusammengefasst:<\/p>\n<blockquote>\n<p><em>&#8220;Das BMI behandelte den Kl\u00e4ger so, als sei er niemals Pr\u00e4sident des BSI gewesen und ger\u00e4uschlos von seinem Dienstposten verschwunden&#8221;.<\/em><\/p>\n<\/blockquote>\n<p>Dieses Vorgehen k\u00f6nne &#8220;in der Gesamtw\u00fcrdigung als Mobbing durch das BMI und besonders die Ministerin&#8221; bezeichnet werden.\u00a0<em>Bild<\/em>\u00a0gegen\u00fcber h\u00e4tten sich weder Nancy Faeser noch Arne Sch\u00f6nbohm zu dem Verfahren \u00e4u\u00dfern wollen.<\/p>\n<p>Erst gestern war bekannt geworden, dass Sch\u00f6nbohm das ZDF auf Schmerzensgeld verklagt hat (<em>RT DE<\/em>\u00a0<a rel=\"nofollow noopener\" target=\"_blank\" href=\"https:\/\/freedert.online\/inland\/179324-wegen-boehmermann-arne-schoenbohm-verklagt\/\">berichtete<\/a>). Au\u00dferdem beh\u00e4lt sich der EX-BSI-Chef vor, Anspr\u00fcche gegen Jan B\u00f6hmermann zu erheben.<\/p>\n<p><strong>Mehr zum Thema<\/strong> &#8211; <a rel=\"nofollow noopener\" target=\"_blank\" href=\"https:\/\/freedert.online\/inland\/170394-kubicki-fordert-von-innenministerin-faeser\/\">Kubicki fordert von Innenministerin Faeser &#8220;menschliche Gr\u00f6\u00dfe&#8221; und Entschuldigung an Arne Sch\u00f6nbohm<\/a><\/p>\n<\/p>\n<\/div>\n<p><br \/>\n<br \/><a href=\"https:\/\/de.rt.com\/inland\/179415-arne-schoenbohm-nach-klage-gegen\/\">Source link <\/a><\/p>\n","protected":false},"excerpt":{"rendered":"<p>Arne Sch\u00f6nbohm geht nun gerichtlich auch gegen das Bundesinnenministerium vor. Nancy Faeser hatte den fr\u00fcheren Cyber-Sicherheitschef nach einer diffamierenden B\u00f6hmermann-Sendung (ZDF), die Sch\u00f6nbohm mit unbegr\u00fcndeten Vorw\u00fcrfen denunziert hatte, faktisch entlassen. Wie die Bild-Zeitung\u00a0meldet, wehrt sich Arne Sch\u00f6nbohm (54) nun auch mit einer Klage gegen das Bundesinnenministerium (BMI), das von Nancy Faeser (53, SPD) gef\u00fchrt wird, [&hellip;]<\/p>\n","protected":false},"author":3,"featured_media":45510,"comment_status":"open","ping_status":"open","sticky":false,"template":"","format":"standard","meta":{"_yoast_indexnow_last_ping":["1693505274"],"wp_automatic_camp":["217"],"4cd9c563ccf6f5a58100b2f5ff96e10e":["Arne Sch\u00f6nbohm: Nach dem ZDF verklagt Ex-BSI-Chef nun das Innenministerium"],"original_link":["https:\/\/de.rt.com\/inland\/179415-arne-schoenbohm-nach-klage-gegen\/"],"_thumbnail_id":["45510"],"_wptgpro_p2tg_sent2tg":["a:1:{i:23737;s:19:\"2023-08-31 20:08:57\";}"],"jnews_social_counter_last_update":["1777213513"]},"categories":[19,23],"tags":[34166,427,134,44216,19506,979,2121,34167,13389,3812],"yoast_head":"<!-- This site is optimized with the Yoast SEO Premium plugin v22.7 (Yoast SEO v22.7) - https:\/\/yoast.com\/wordpress\/plugins\/seo\/ -->\n<title>Arne Sch\u00f6nbohm: Nach dem ZDF verklagt Ex-BSI-Chef nun das Innenministerium - just-now.NEWS Deutschland<\/title>\n<meta name=\"robots\" content=\"index, follow, max-snippet:-1, max-image-preview:large, max-video-preview:-1\" \/>\n<link rel=\"canonical\" href=\"https:\/\/now-news.de\/de\/deutschland\/arne-schoenbohm-nach-dem-zdf-verklagt-ex-bsi-chef-nun-das-innenministerium\/\" \/>\n<meta property=\"og:locale\" content=\"de_DE\" \/>\n<meta property=\"og:type\" content=\"article\" \/>\n<meta property=\"og:title\" content=\"Arne Sch\u00f6nbohm: Nach dem ZDF verklagt Ex-BSI-Chef nun das Innenministerium\" \/>\n<meta property=\"og:description\" content=\"Arne Sch\u00f6nbohm geht nun gerichtlich auch gegen das Bundesinnenministerium vor. Nancy Faeser hatte den fr\u00fcheren Cyber-Sicherheitschef nach einer diffamierenden B\u00f6hmermann-Sendung (ZDF), die Sch\u00f6nbohm mit unbegr\u00fcndeten Vorw\u00fcrfen denunziert hatte, faktisch entlassen. Wie die Bild-Zeitung\u00a0meldet, wehrt sich Arne Sch\u00f6nbohm (54) nun auch mit einer Klage gegen das Bundesinnenministerium (BMI), das von Nancy Faeser (53, SPD) gef\u00fchrt wird, [&hellip;]\" \/>\n<meta property=\"og:url\" content=\"https:\/\/now-news.de\/de\/deutschland\/arne-schoenbohm-nach-dem-zdf-verklagt-ex-bsi-chef-nun-das-innenministerium\/\" \/>\n<meta property=\"og:site_name\" content=\"just-now.NEWS Deutschland\" \/>\n<meta property=\"article:publisher\" content=\"https:\/\/www.facebook.com\/wirmachenauf\" \/>\n<meta property=\"article:published_time\" content=\"2023-08-31T18:07:07+00:00\" \/>\n<meta property=\"og:image\" content=\"https:\/\/now-news.de\/de\/wp-content\/uploads\/sites\/3\/2023\/08\/Arne-Schoenbohm-Nach-dem-ZDF-verklagt-Ex-BSI-Chef-nun-das-Innenministerium.jpg\" \/>\n\t<meta property=\"og:image:width\" content=\"460\" \/>\n\t<meta property=\"og:image:height\" content=\"259\" \/>\n\t<meta property=\"og:image:type\" content=\"image\/jpeg\" \/>\n<meta name=\"author\" content=\"rtnews\" \/>\n<meta name=\"twitter:card\" content=\"summary_large_image\" \/>\n<meta name=\"twitter:creator\" content=\"@WirMachenAuf_de\" \/>\n<meta name=\"twitter:site\" content=\"@WirMachenAuf_de\" \/>\n<meta name=\"twitter:label1\" content=\"Verfasst von\" \/>\n\t<meta name=\"twitter:data1\" content=\"rtnews\" \/>\n\t<meta name=\"twitter:label2\" content=\"Gesch\u00e4tzte Lesezeit\" \/>\n\t<meta name=\"twitter:data2\" content=\"4\u00a0Minuten\" \/>\n<script type=\"application\/ld+json\" class=\"yoast-schema-graph\">{\"@context\":\"https:\/\/schema.org\",\"@graph\":[{\"@type\":\"Article\",\"@id\":\"https:\/\/now-news.de\/de\/deutschland\/arne-schoenbohm-nach-dem-zdf-verklagt-ex-bsi-chef-nun-das-innenministerium\/#article\",\"isPartOf\":{\"@id\":\"https:\/\/now-news.de\/de\/deutschland\/arne-schoenbohm-nach-dem-zdf-verklagt-ex-bsi-chef-nun-das-innenministerium\/\"},\"author\":{\"name\":\"rtnews\",\"@id\":\"https:\/\/now-news.de\/de\/#\/schema\/person\/fb534a4e865501d8b3285208df34a9b5\"},\"headline\":\"Arne Sch\u00f6nbohm: Nach dem ZDF verklagt Ex-BSI-Chef nun das Innenministerium\",\"datePublished\":\"2023-08-31T18:07:07+00:00\",\"dateModified\":\"2023-08-31T18:07:07+00:00\",\"mainEntityOfPage\":{\"@id\":\"https:\/\/now-news.de\/de\/deutschland\/arne-schoenbohm-nach-dem-zdf-verklagt-ex-bsi-chef-nun-das-innenministerium\/\"},\"wordCount\":874,\"commentCount\":0,\"publisher\":{\"@id\":\"https:\/\/now-news.de\/de\/#organization\"},\"image\":{\"@id\":\"https:\/\/now-news.de\/de\/deutschland\/arne-schoenbohm-nach-dem-zdf-verklagt-ex-bsi-chef-nun-das-innenministerium\/#primaryimage\"},\"thumbnailUrl\":\"https:\/\/now-news.de\/de\/wp-content\/uploads\/sites\/3\/2023\/08\/Arne-Schoenbohm-Nach-dem-ZDF-verklagt-Ex-BSI-Chef-nun-das-Innenministerium.jpg\",\"keywords\":[\"Arne\",\"das\",\"DEM\",\"ExBSIChef\",\"Innenministerium\",\"nach\",\"nun\",\"Sch\u00f6nbohm\",\"verklagt\",\"ZDF\"],\"articleSection\":[\"Deutschland\",\"Russland\"],\"inLanguage\":\"de\",\"potentialAction\":[{\"@type\":\"CommentAction\",\"name\":\"Comment\",\"target\":[\"https:\/\/now-news.de\/de\/deutschland\/arne-schoenbohm-nach-dem-zdf-verklagt-ex-bsi-chef-nun-das-innenministerium\/#respond\"]}]},{\"@type\":\"WebPage\",\"@id\":\"https:\/\/now-news.de\/de\/deutschland\/arne-schoenbohm-nach-dem-zdf-verklagt-ex-bsi-chef-nun-das-innenministerium\/\",\"url\":\"https:\/\/now-news.de\/de\/deutschland\/arne-schoenbohm-nach-dem-zdf-verklagt-ex-bsi-chef-nun-das-innenministerium\/\",\"name\":\"Arne Sch\u00f6nbohm: Nach dem ZDF verklagt Ex-BSI-Chef nun das Innenministerium - just-now.NEWS Deutschland\",\"isPartOf\":{\"@id\":\"https:\/\/now-news.de\/de\/#website\"},\"primaryImageOfPage\":{\"@id\":\"https:\/\/now-news.de\/de\/deutschland\/arne-schoenbohm-nach-dem-zdf-verklagt-ex-bsi-chef-nun-das-innenministerium\/#primaryimage\"},\"image\":{\"@id\":\"https:\/\/now-news.de\/de\/deutschland\/arne-schoenbohm-nach-dem-zdf-verklagt-ex-bsi-chef-nun-das-innenministerium\/#primaryimage\"},\"thumbnailUrl\":\"https:\/\/now-news.de\/de\/wp-content\/uploads\/sites\/3\/2023\/08\/Arne-Schoenbohm-Nach-dem-ZDF-verklagt-Ex-BSI-Chef-nun-das-Innenministerium.jpg\",\"datePublished\":\"2023-08-31T18:07:07+00:00\",\"dateModified\":\"2023-08-31T18:07:07+00:00\",\"breadcrumb\":{\"@id\":\"https:\/\/now-news.de\/de\/deutschland\/arne-schoenbohm-nach-dem-zdf-verklagt-ex-bsi-chef-nun-das-innenministerium\/#breadcrumb\"},\"inLanguage\":\"de\",\"potentialAction\":[{\"@type\":\"ReadAction\",\"target\":[\"https:\/\/now-news.de\/de\/deutschland\/arne-schoenbohm-nach-dem-zdf-verklagt-ex-bsi-chef-nun-das-innenministerium\/\"]}]},{\"@type\":\"ImageObject\",\"inLanguage\":\"de\",\"@id\":\"https:\/\/now-news.de\/de\/deutschland\/arne-schoenbohm-nach-dem-zdf-verklagt-ex-bsi-chef-nun-das-innenministerium\/#primaryimage\",\"url\":\"https:\/\/now-news.de\/de\/wp-content\/uploads\/sites\/3\/2023\/08\/Arne-Schoenbohm-Nach-dem-ZDF-verklagt-Ex-BSI-Chef-nun-das-Innenministerium.jpg\",\"contentUrl\":\"https:\/\/now-news.de\/de\/wp-content\/uploads\/sites\/3\/2023\/08\/Arne-Schoenbohm-Nach-dem-ZDF-verklagt-Ex-BSI-Chef-nun-das-Innenministerium.jpg\",\"width\":460,\"height\":259,\"caption\":\"Arne Sch\u00f6nbohm: Nach dem ZDF verklagt Ex-BSI-Chef nun das Innenministerium\"},{\"@type\":\"BreadcrumbList\",\"@id\":\"https:\/\/now-news.de\/de\/deutschland\/arne-schoenbohm-nach-dem-zdf-verklagt-ex-bsi-chef-nun-das-innenministerium\/#breadcrumb\",\"itemListElement\":[{\"@type\":\"ListItem\",\"position\":1,\"name\":\"Home\",\"item\":\"https:\/\/now-news.de\/de\/\"},{\"@type\":\"ListItem\",\"position\":2,\"name\":\"Arne Sch\u00f6nbohm: Nach dem ZDF verklagt Ex-BSI-Chef nun das Innenministerium\"}]},{\"@type\":\"WebSite\",\"@id\":\"https:\/\/now-news.de\/de\/#website\",\"url\":\"https:\/\/now-news.de\/de\/\",\"name\":\"just-now.NEWS Deutschland\",\"description\":\"Das Portal f\u00fcr unzensierte Nachrichten aus der Welt\",\"publisher\":{\"@id\":\"https:\/\/now-news.de\/de\/#organization\"},\"potentialAction\":[{\"@type\":\"SearchAction\",\"target\":{\"@type\":\"EntryPoint\",\"urlTemplate\":\"https:\/\/now-news.de\/de\/?s={search_term_string}\"},\"query-input\":\"required name=search_term_string\"}],\"inLanguage\":\"de\"},{\"@type\":\"Organization\",\"@id\":\"https:\/\/now-news.de\/de\/#organization\",\"name\":\"Just Now News\",\"url\":\"https:\/\/now-news.de\/de\/\",\"logo\":{\"@type\":\"ImageObject\",\"inLanguage\":\"de\",\"@id\":\"https:\/\/now-news.de\/de\/#\/schema\/logo\/image\/\",\"url\":\"http:\/\/just-now.news\/de\/wp-content\/uploads\/sites\/3\/2022\/04\/logo500x500.jpg\",\"contentUrl\":\"http:\/\/just-now.news\/de\/wp-content\/uploads\/sites\/3\/2022\/04\/logo500x500.jpg\",\"width\":500,\"height\":500,\"caption\":\"Just Now News\"},\"image\":{\"@id\":\"https:\/\/now-news.de\/de\/#\/schema\/logo\/image\/\"},\"sameAs\":[\"https:\/\/www.facebook.com\/wirmachenauf\",\"https:\/\/x.com\/WirMachenAuf_de\"]},{\"@type\":\"Person\",\"@id\":\"https:\/\/now-news.de\/de\/#\/schema\/person\/fb534a4e865501d8b3285208df34a9b5\",\"name\":\"rtnews\",\"image\":{\"@type\":\"ImageObject\",\"inLanguage\":\"de\",\"@id\":\"https:\/\/now-news.de\/de\/#\/schema\/person\/image\/\",\"url\":\"https:\/\/secure.gravatar.com\/avatar\/82aafea7d8127119dd649515f56e2117?s=96&d=mm&r=g\",\"contentUrl\":\"https:\/\/secure.gravatar.com\/avatar\/82aafea7d8127119dd649515f56e2117?s=96&d=mm&r=g\",\"caption\":\"rtnews\"},\"url\":\"https:\/\/now-news.de\/de\/author\/rnews\/\"}]}<\/script>\n<!-- \/ Yoast SEO Premium plugin. -->","yoast_head_json":{"title":"Arne Sch\u00f6nbohm: Nach dem ZDF verklagt Ex-BSI-Chef nun das Innenministerium - just-now.NEWS Deutschland","robots":{"index":"index","follow":"follow","max-snippet":"max-snippet:-1","max-image-preview":"max-image-preview:large","max-video-preview":"max-video-preview:-1"},"canonical":"https:\/\/now-news.de\/de\/deutschland\/arne-schoenbohm-nach-dem-zdf-verklagt-ex-bsi-chef-nun-das-innenministerium\/","og_locale":"de_DE","og_type":"article","og_title":"Arne Sch\u00f6nbohm: Nach dem ZDF verklagt Ex-BSI-Chef nun das Innenministerium","og_description":"Arne Sch\u00f6nbohm geht nun gerichtlich auch gegen das Bundesinnenministerium vor. Nancy Faeser hatte den fr\u00fcheren Cyber-Sicherheitschef nach einer diffamierenden B\u00f6hmermann-Sendung (ZDF), die Sch\u00f6nbohm mit unbegr\u00fcndeten Vorw\u00fcrfen denunziert hatte, faktisch entlassen. Wie die Bild-Zeitung\u00a0meldet, wehrt sich Arne Sch\u00f6nbohm (54) nun auch mit einer Klage gegen das Bundesinnenministerium (BMI), das von Nancy Faeser (53, SPD) gef\u00fchrt wird, [&hellip;]","og_url":"https:\/\/now-news.de\/de\/deutschland\/arne-schoenbohm-nach-dem-zdf-verklagt-ex-bsi-chef-nun-das-innenministerium\/","og_site_name":"just-now.NEWS Deutschland","article_publisher":"https:\/\/www.facebook.com\/wirmachenauf","article_published_time":"2023-08-31T18:07:07+00:00","og_image":[{"width":460,"height":259,"url":"https:\/\/now-news.de\/de\/wp-content\/uploads\/sites\/3\/2023\/08\/Arne-Schoenbohm-Nach-dem-ZDF-verklagt-Ex-BSI-Chef-nun-das-Innenministerium.jpg","type":"image\/jpeg"}],"author":"rtnews","twitter_card":"summary_large_image","twitter_creator":"@WirMachenAuf_de","twitter_site":"@WirMachenAuf_de","twitter_misc":{"Verfasst von":"rtnews","Gesch\u00e4tzte Lesezeit":"4\u00a0Minuten"},"schema":{"@context":"https:\/\/schema.org","@graph":[{"@type":"Article","@id":"https:\/\/now-news.de\/de\/deutschland\/arne-schoenbohm-nach-dem-zdf-verklagt-ex-bsi-chef-nun-das-innenministerium\/#article","isPartOf":{"@id":"https:\/\/now-news.de\/de\/deutschland\/arne-schoenbohm-nach-dem-zdf-verklagt-ex-bsi-chef-nun-das-innenministerium\/"},"author":{"name":"rtnews","@id":"https:\/\/now-news.de\/de\/#\/schema\/person\/fb534a4e865501d8b3285208df34a9b5"},"headline":"Arne Sch\u00f6nbohm: Nach dem ZDF verklagt Ex-BSI-Chef nun das Innenministerium","datePublished":"2023-08-31T18:07:07+00:00","dateModified":"2023-08-31T18:07:07+00:00","mainEntityOfPage":{"@id":"https:\/\/now-news.de\/de\/deutschland\/arne-schoenbohm-nach-dem-zdf-verklagt-ex-bsi-chef-nun-das-innenministerium\/"},"wordCount":874,"commentCount":0,"publisher":{"@id":"https:\/\/now-news.de\/de\/#organization"},"image":{"@id":"https:\/\/now-news.de\/de\/deutschland\/arne-schoenbohm-nach-dem-zdf-verklagt-ex-bsi-chef-nun-das-innenministerium\/#primaryimage"},"thumbnailUrl":"https:\/\/now-news.de\/de\/wp-content\/uploads\/sites\/3\/2023\/08\/Arne-Schoenbohm-Nach-dem-ZDF-verklagt-Ex-BSI-Chef-nun-das-Innenministerium.jpg","keywords":["Arne","das","DEM","ExBSIChef","Innenministerium","nach","nun","Sch\u00f6nbohm","verklagt","ZDF"],"articleSection":["Deutschland","Russland"],"inLanguage":"de","potentialAction":[{"@type":"CommentAction","name":"Comment","target":["https:\/\/now-news.de\/de\/deutschland\/arne-schoenbohm-nach-dem-zdf-verklagt-ex-bsi-chef-nun-das-innenministerium\/#respond"]}]},{"@type":"WebPage","@id":"https:\/\/now-news.de\/de\/deutschland\/arne-schoenbohm-nach-dem-zdf-verklagt-ex-bsi-chef-nun-das-innenministerium\/","url":"https:\/\/now-news.de\/de\/deutschland\/arne-schoenbohm-nach-dem-zdf-verklagt-ex-bsi-chef-nun-das-innenministerium\/","name":"Arne Sch\u00f6nbohm: Nach dem ZDF verklagt Ex-BSI-Chef nun das Innenministerium - just-now.NEWS Deutschland","isPartOf":{"@id":"https:\/\/now-news.de\/de\/#website"},"primaryImageOfPage":{"@id":"https:\/\/now-news.de\/de\/deutschland\/arne-schoenbohm-nach-dem-zdf-verklagt-ex-bsi-chef-nun-das-innenministerium\/#primaryimage"},"image":{"@id":"https:\/\/now-news.de\/de\/deutschland\/arne-schoenbohm-nach-dem-zdf-verklagt-ex-bsi-chef-nun-das-innenministerium\/#primaryimage"},"thumbnailUrl":"https:\/\/now-news.de\/de\/wp-content\/uploads\/sites\/3\/2023\/08\/Arne-Schoenbohm-Nach-dem-ZDF-verklagt-Ex-BSI-Chef-nun-das-Innenministerium.jpg","datePublished":"2023-08-31T18:07:07+00:00","dateModified":"2023-08-31T18:07:07+00:00","breadcrumb":{"@id":"https:\/\/now-news.de\/de\/deutschland\/arne-schoenbohm-nach-dem-zdf-verklagt-ex-bsi-chef-nun-das-innenministerium\/#breadcrumb"},"inLanguage":"de","potentialAction":[{"@type":"ReadAction","target":["https:\/\/now-news.de\/de\/deutschland\/arne-schoenbohm-nach-dem-zdf-verklagt-ex-bsi-chef-nun-das-innenministerium\/"]}]},{"@type":"ImageObject","inLanguage":"de","@id":"https:\/\/now-news.de\/de\/deutschland\/arne-schoenbohm-nach-dem-zdf-verklagt-ex-bsi-chef-nun-das-innenministerium\/#primaryimage","url":"https:\/\/now-news.de\/de\/wp-content\/uploads\/sites\/3\/2023\/08\/Arne-Schoenbohm-Nach-dem-ZDF-verklagt-Ex-BSI-Chef-nun-das-Innenministerium.jpg","contentUrl":"https:\/\/now-news.de\/de\/wp-content\/uploads\/sites\/3\/2023\/08\/Arne-Schoenbohm-Nach-dem-ZDF-verklagt-Ex-BSI-Chef-nun-das-Innenministerium.jpg","width":460,"height":259,"caption":"Arne Sch\u00f6nbohm: Nach dem ZDF verklagt Ex-BSI-Chef nun das Innenministerium"},{"@type":"BreadcrumbList","@id":"https:\/\/now-news.de\/de\/deutschland\/arne-schoenbohm-nach-dem-zdf-verklagt-ex-bsi-chef-nun-das-innenministerium\/#breadcrumb","itemListElement":[{"@type":"ListItem","position":1,"name":"Home","item":"https:\/\/now-news.de\/de\/"},{"@type":"ListItem","position":2,"name":"Arne Sch\u00f6nbohm: Nach dem ZDF verklagt Ex-BSI-Chef nun das Innenministerium"}]},{"@type":"WebSite","@id":"https:\/\/now-news.de\/de\/#website","url":"https:\/\/now-news.de\/de\/","name":"just-now.NEWS Deutschland","description":"Das Portal f\u00fcr unzensierte Nachrichten aus der Welt","publisher":{"@id":"https:\/\/now-news.de\/de\/#organization"},"potentialAction":[{"@type":"SearchAction","target":{"@type":"EntryPoint","urlTemplate":"https:\/\/now-news.de\/de\/?s={search_term_string}"},"query-input":"required name=search_term_string"}],"inLanguage":"de"},{"@type":"Organization","@id":"https:\/\/now-news.de\/de\/#organization","name":"Just Now News","url":"https:\/\/now-news.de\/de\/","logo":{"@type":"ImageObject","inLanguage":"de","@id":"https:\/\/now-news.de\/de\/#\/schema\/logo\/image\/","url":"http:\/\/just-now.news\/de\/wp-content\/uploads\/sites\/3\/2022\/04\/logo500x500.jpg","contentUrl":"http:\/\/just-now.news\/de\/wp-content\/uploads\/sites\/3\/2022\/04\/logo500x500.jpg","width":500,"height":500,"caption":"Just Now News"},"image":{"@id":"https:\/\/now-news.de\/de\/#\/schema\/logo\/image\/"},"sameAs":["https:\/\/www.facebook.com\/wirmachenauf","https:\/\/x.com\/WirMachenAuf_de"]},{"@type":"Person","@id":"https:\/\/now-news.de\/de\/#\/schema\/person\/fb534a4e865501d8b3285208df34a9b5","name":"rtnews","image":{"@type":"ImageObject","inLanguage":"de","@id":"https:\/\/now-news.de\/de\/#\/schema\/person\/image\/","url":"https:\/\/secure.gravatar.com\/avatar\/82aafea7d8127119dd649515f56e2117?s=96&d=mm&r=g","contentUrl":"https:\/\/secure.gravatar.com\/avatar\/82aafea7d8127119dd649515f56e2117?s=96&d=mm&r=g","caption":"rtnews"},"url":"https:\/\/now-news.de\/de\/author\/rnews\/"}]}},"_links":{"self":[{"href":"https:\/\/now-news.de\/de\/wp-json\/wp\/v2\/posts\/45509"}],"collection":[{"href":"https:\/\/now-news.de\/de\/wp-json\/wp\/v2\/posts"}],"about":[{"href":"https:\/\/now-news.de\/de\/wp-json\/wp\/v2\/types\/post"}],"author":[{"embeddable":true,"href":"https:\/\/now-news.de\/de\/wp-json\/wp\/v2\/users\/3"}],"replies":[{"embeddable":true,"href":"https:\/\/now-news.de\/de\/wp-json\/wp\/v2\/comments?post=45509"}],"version-history":[{"count":0,"href":"https:\/\/now-news.de\/de\/wp-json\/wp\/v2\/posts\/45509\/revisions"}],"wp:featuredmedia":[{"embeddable":true,"href":"https:\/\/now-news.de\/de\/wp-json\/wp\/v2\/media\/45510"}],"wp:attachment":[{"href":"https:\/\/now-news.de\/de\/wp-json\/wp\/v2\/media?parent=45509"}],"wp:term":[{"taxonomy":"category","embeddable":true,"href":"https:\/\/now-news.de\/de\/wp-json\/wp\/v2\/categories?post=45509"},{"taxonomy":"post_tag","embeddable":true,"href":"https:\/\/now-news.de\/de\/wp-json\/wp\/v2\/tags?post=45509"}],"curies":[{"name":"wp","href":"https:\/\/api.w.org\/{rel}","templated":true}]}}