{"id":45483,"date":"2023-08-31T16:07:58","date_gmt":"2023-08-31T14:07:58","guid":{"rendered":"https:\/\/just-now.news\/de\/deutschland\/lukaschenko-zu-forderungen-nach-wagner-abzug-auslaendische-soldaten-muessen-nachbarlaender-verlassen\/"},"modified":"2023-08-31T16:07:58","modified_gmt":"2023-08-31T14:07:58","slug":"lukaschenko-zu-forderungen-nach-wagner-abzug-auslaendische-soldaten-muessen-nachbarlaender-verlassen","status":"publish","type":"post","link":"https:\/\/now-news.de\/de\/deutschland\/lukaschenko-zu-forderungen-nach-wagner-abzug-auslaendische-soldaten-muessen-nachbarlaender-verlassen\/","title":{"rendered":"Lukaschenko zu Forderungen nach Wagner-Abzug: Ausl\u00e4ndische Soldaten m\u00fcssen Nachbarl\u00e4nder verlassen"},"content":{"rendered":"<p><img decoding=\"async\" src=\"http:\/\/just-now.news\/de\/wp-content\/uploads\/sites\/3\/2023\/08\/64f0789348fbef3419280419.jpg\" \/><\/p>\n<div class=\"Text-root Text-type_1 \">\n                Die Forderungen \u00fcber den Abzug der Wagner-K\u00e4mpfer aus Wei\u00dfrussland sind sinnlos, solange in Polen und den baltischen L\u00e4ndern ausl\u00e4ndische Soldaten stationiert seien, meinte Pr\u00e4sident Lukaschenko. Die Hysterie werde k\u00fcnstlich aufgeblasen.\n            <\/div>\n<p><\/p>\n<div class=\"Text-root Text-type_5 ArticleView-text ViewText-root \">\n<p>Die Forderungen Polens und der baltischen L\u00e4nder nach dem Abzug der Wagner-K\u00e4mpfer aus Wei\u00dfrussland seien haltlos, sagte Alexander Lukaschenko w\u00e4hrend einer Sitzung des Sicherheitsrats am Donnerstag. Diese Nachbarl\u00e4nder sch\u00fcrten absichtlich Hysterie \u00fcber die Anwesenheit der K\u00e4mpfer in Wei\u00dfrussland.<\/p>\n<blockquote>\n<p><em>&#8220;Sie fordern den sofortigen Abzug aus Wei\u00dfrussland. Gleichzeitig erh\u00f6hen sie die Milit\u00e4rbudgets und ziehen gro\u00dfe Milit\u00e4rformationen bis zu unseren Grenzen. Die Antwort ist einfach: Es sollte keinen einzigen ausl\u00e4ndischen Soldaten\u00a0weder in Polen noch in Litauen noch in anderen baltischen L\u00e4ndern geben. Derzeit sind es unvern\u00fcnftige und dumme Forderungen&#8221;.<\/em><\/p>\n<\/blockquote>\n<p>Gleichzeitig setzten die NATO-Staaten &#8220;provokative \u00dcbungen&#8221; in der N\u00e4he der wei\u00dfrussischen Grenzen fort, so Lukaschenko. Ihm zufolge rechtfertigten sie ihr Vorgehen mit Drohungen, die angeblich von Wei\u00dfrussland ausgingen. &#8220;Die NATO-Staaten f\u00f6rdern beharrlich ihre Expansionspolitik, bauen ihre Milit\u00e4rpr\u00e4senz rund um Wei\u00dfrussland aus und f\u00fchren st\u00e4ndig provokative \u00dcbungen an unseren Grenzen durch&#8221;, betonte er.\u00a0<\/p>\n<p>Zuvor hatten Warschau, Riga, Vilnius und Tallinn den unverz\u00fcglichen Abzug der Gruppe Wagner aus Wei\u00dfrussland gefordert.\u00a0Polens Innenminister Mariusz Kami\u0144ski\u00a0warnte, dass Polen und die baltischen Staaten bei schwerwiegenden Zwischenf\u00e4llen die Grenze und alle Grenz\u00fcberg\u00e4nge schlie\u00dfen w\u00fcrden.\u00a0Das Vorgehen der Wagner-Anh\u00e4nger sei absolut unvorhersehbar, betonte der\u00a0lettische Innenminister M\u0101ris Ku\u010dinskis.\u00a0<\/p>\n<p>Die Wagner-K\u00e4mpfer, deren\u00a0genaue Zahl unbekannt ist, waren unmittelbar nach dem Aufstand von Jewgeni Prigoschin am 24. Juni 2023 in Wei\u00dfrussland angekommen. Ein der S\u00f6ldner-Gruppe nahestehender Telegramm-Kanal hatte behauptet, 7.000 M\u00e4nner seien in das Land eingereist.\u00a0<\/p>\n<p><strong>Mehr zum Thema<\/strong> \u2013 <a rel=\"nofollow noopener\" target=\"_blank\" href=\"https:\/\/freedert.online\/europa\/179174-wagner-rueckzug-gefordert-nachbarlaender-drohen\/\">Wagner-R\u00fcckzug gefordert: Nachbarl\u00e4nder drohen Wei\u00dfrussland mit Grenzschlie\u00dfung<\/a><\/p>\n<\/p>\n<\/div>\n<p><br \/>\n<br \/><a href=\"https:\/\/de.rt.com\/europa\/179418-lukaschenko-zu-forderungen-nach-wagner\/\">Source link <\/a><\/p>\n","protected":false},"excerpt":{"rendered":"<p>Die Forderungen \u00fcber den Abzug der Wagner-K\u00e4mpfer aus Wei\u00dfrussland sind sinnlos, solange in Polen und den baltischen L\u00e4ndern ausl\u00e4ndische Soldaten stationiert seien, meinte Pr\u00e4sident Lukaschenko. Die Hysterie werde k\u00fcnstlich aufgeblasen. Die Forderungen Polens und der baltischen L\u00e4nder nach dem Abzug der Wagner-K\u00e4mpfer aus Wei\u00dfrussland seien haltlos, sagte Alexander Lukaschenko w\u00e4hrend einer Sitzung des Sicherheitsrats am [&hellip;]<\/p>\n","protected":false},"author":3,"featured_media":45484,"comment_status":"open","ping_status":"open","sticky":false,"template":"","format":"standard","meta":{"_yoast_indexnow_last_ping":["1693491595"],"wp_automatic_camp":["217"],"8fe255a02675dc0790d05b9c4ccbc6e9":["Lukaschenko zu Forderungen nach Wagner-Abzug: Ausl\u00e4ndische Soldaten m\u00fcssen Nachbarl\u00e4nder verlassen"],"original_link":["https:\/\/de.rt.com\/europa\/179418-lukaschenko-zu-forderungen-nach-wagner\/"],"_thumbnail_id":["45484"],"_wptgpro_p2tg_sent2tg":["a:1:{i:23737;s:19:\"2023-08-31 16:20:55\";}"],"jnews_social_counter_last_update":["1777603602"]},"categories":[19,23],"tags":[6371,20713,21453,10623,979,43596,2333,4369,48354],"yoast_head":"<!-- This site is optimized with the Yoast SEO Premium plugin v22.7 (Yoast SEO v22.7) - https:\/\/yoast.com\/wordpress\/plugins\/seo\/ -->\n<title>Lukaschenko zu Forderungen nach Wagner-Abzug: Ausl\u00e4ndische Soldaten m\u00fcssen Nachbarl\u00e4nder verlassen - just-now.NEWS Deutschland<\/title>\n<meta name=\"robots\" content=\"index, follow, max-snippet:-1, max-image-preview:large, max-video-preview:-1\" \/>\n<link rel=\"canonical\" href=\"https:\/\/now-news.de\/de\/deutschland\/lukaschenko-zu-forderungen-nach-wagner-abzug-auslaendische-soldaten-muessen-nachbarlaender-verlassen\/\" \/>\n<meta property=\"og:locale\" content=\"de_DE\" \/>\n<meta property=\"og:type\" content=\"article\" \/>\n<meta property=\"og:title\" content=\"Lukaschenko zu Forderungen nach Wagner-Abzug: Ausl\u00e4ndische Soldaten m\u00fcssen Nachbarl\u00e4nder verlassen\" \/>\n<meta property=\"og:description\" content=\"Die Forderungen \u00fcber den Abzug der Wagner-K\u00e4mpfer aus Wei\u00dfrussland sind sinnlos, solange in Polen und den baltischen L\u00e4ndern ausl\u00e4ndische Soldaten stationiert seien, meinte Pr\u00e4sident Lukaschenko. Die Hysterie werde k\u00fcnstlich aufgeblasen. Die Forderungen Polens und der baltischen L\u00e4nder nach dem Abzug der Wagner-K\u00e4mpfer aus Wei\u00dfrussland seien haltlos, sagte Alexander Lukaschenko w\u00e4hrend einer Sitzung des Sicherheitsrats am [&hellip;]\" \/>\n<meta property=\"og:url\" content=\"https:\/\/now-news.de\/de\/deutschland\/lukaschenko-zu-forderungen-nach-wagner-abzug-auslaendische-soldaten-muessen-nachbarlaender-verlassen\/\" \/>\n<meta property=\"og:site_name\" content=\"just-now.NEWS Deutschland\" \/>\n<meta property=\"article:publisher\" content=\"https:\/\/www.facebook.com\/wirmachenauf\" \/>\n<meta property=\"article:published_time\" content=\"2023-08-31T14:07:58+00:00\" \/>\n<meta property=\"og:image\" content=\"https:\/\/now-news.de\/de\/wp-content\/uploads\/sites\/3\/2023\/08\/Lukaschenko-zu-Forderungen-nach-Wagner-Abzug-Auslaendische-Soldaten-muessen-Nachbarlaender-verlassen.jpg\" \/>\n\t<meta property=\"og:image:width\" content=\"460\" \/>\n\t<meta property=\"og:image:height\" content=\"259\" \/>\n\t<meta property=\"og:image:type\" content=\"image\/jpeg\" \/>\n<meta name=\"author\" content=\"rtnews\" \/>\n<meta name=\"twitter:card\" content=\"summary_large_image\" \/>\n<meta name=\"twitter:creator\" content=\"@WirMachenAuf_de\" \/>\n<meta name=\"twitter:site\" content=\"@WirMachenAuf_de\" \/>\n<meta name=\"twitter:label1\" content=\"Verfasst von\" \/>\n\t<meta name=\"twitter:data1\" content=\"rtnews\" \/>\n\t<meta name=\"twitter:label2\" content=\"Gesch\u00e4tzte Lesezeit\" \/>\n\t<meta name=\"twitter:data2\" content=\"2\u00a0Minuten\" \/>\n<script type=\"application\/ld+json\" class=\"yoast-schema-graph\">{\"@context\":\"https:\/\/schema.org\",\"@graph\":[{\"@type\":\"Article\",\"@id\":\"https:\/\/now-news.de\/de\/deutschland\/lukaschenko-zu-forderungen-nach-wagner-abzug-auslaendische-soldaten-muessen-nachbarlaender-verlassen\/#article\",\"isPartOf\":{\"@id\":\"https:\/\/now-news.de\/de\/deutschland\/lukaschenko-zu-forderungen-nach-wagner-abzug-auslaendische-soldaten-muessen-nachbarlaender-verlassen\/\"},\"author\":{\"name\":\"rtnews\",\"@id\":\"https:\/\/now-news.de\/de\/#\/schema\/person\/fb534a4e865501d8b3285208df34a9b5\"},\"headline\":\"Lukaschenko zu Forderungen nach Wagner-Abzug: Ausl\u00e4ndische Soldaten m\u00fcssen Nachbarl\u00e4nder verlassen\",\"datePublished\":\"2023-08-31T14:07:58+00:00\",\"dateModified\":\"2023-08-31T14:07:58+00:00\",\"mainEntityOfPage\":{\"@id\":\"https:\/\/now-news.de\/de\/deutschland\/lukaschenko-zu-forderungen-nach-wagner-abzug-auslaendische-soldaten-muessen-nachbarlaender-verlassen\/\"},\"wordCount\":328,\"commentCount\":0,\"publisher\":{\"@id\":\"https:\/\/now-news.de\/de\/#organization\"},\"image\":{\"@id\":\"https:\/\/now-news.de\/de\/deutschland\/lukaschenko-zu-forderungen-nach-wagner-abzug-auslaendische-soldaten-muessen-nachbarlaender-verlassen\/#primaryimage\"},\"thumbnailUrl\":\"https:\/\/now-news.de\/de\/wp-content\/uploads\/sites\/3\/2023\/08\/Lukaschenko-zu-Forderungen-nach-Wagner-Abzug-Auslaendische-Soldaten-muessen-Nachbarlaender-verlassen.jpg\",\"keywords\":[\"ausl\u00e4ndische\",\"Forderungen\",\"Lukaschenko\",\"m\u00fcssen\",\"nach\",\"Nachbarl\u00e4nder\",\"Soldaten\",\"verlassen\",\"WagnerAbzug\"],\"articleSection\":[\"Deutschland\",\"Russland\"],\"inLanguage\":\"de\",\"potentialAction\":[{\"@type\":\"CommentAction\",\"name\":\"Comment\",\"target\":[\"https:\/\/now-news.de\/de\/deutschland\/lukaschenko-zu-forderungen-nach-wagner-abzug-auslaendische-soldaten-muessen-nachbarlaender-verlassen\/#respond\"]}]},{\"@type\":\"WebPage\",\"@id\":\"https:\/\/now-news.de\/de\/deutschland\/lukaschenko-zu-forderungen-nach-wagner-abzug-auslaendische-soldaten-muessen-nachbarlaender-verlassen\/\",\"url\":\"https:\/\/now-news.de\/de\/deutschland\/lukaschenko-zu-forderungen-nach-wagner-abzug-auslaendische-soldaten-muessen-nachbarlaender-verlassen\/\",\"name\":\"Lukaschenko zu Forderungen nach Wagner-Abzug: Ausl\u00e4ndische Soldaten m\u00fcssen Nachbarl\u00e4nder verlassen - just-now.NEWS Deutschland\",\"isPartOf\":{\"@id\":\"https:\/\/now-news.de\/de\/#website\"},\"primaryImageOfPage\":{\"@id\":\"https:\/\/now-news.de\/de\/deutschland\/lukaschenko-zu-forderungen-nach-wagner-abzug-auslaendische-soldaten-muessen-nachbarlaender-verlassen\/#primaryimage\"},\"image\":{\"@id\":\"https:\/\/now-news.de\/de\/deutschland\/lukaschenko-zu-forderungen-nach-wagner-abzug-auslaendische-soldaten-muessen-nachbarlaender-verlassen\/#primaryimage\"},\"thumbnailUrl\":\"https:\/\/now-news.de\/de\/wp-content\/uploads\/sites\/3\/2023\/08\/Lukaschenko-zu-Forderungen-nach-Wagner-Abzug-Auslaendische-Soldaten-muessen-Nachbarlaender-verlassen.jpg\",\"datePublished\":\"2023-08-31T14:07:58+00:00\",\"dateModified\":\"2023-08-31T14:07:58+00:00\",\"breadcrumb\":{\"@id\":\"https:\/\/now-news.de\/de\/deutschland\/lukaschenko-zu-forderungen-nach-wagner-abzug-auslaendische-soldaten-muessen-nachbarlaender-verlassen\/#breadcrumb\"},\"inLanguage\":\"de\",\"potentialAction\":[{\"@type\":\"ReadAction\",\"target\":[\"https:\/\/now-news.de\/de\/deutschland\/lukaschenko-zu-forderungen-nach-wagner-abzug-auslaendische-soldaten-muessen-nachbarlaender-verlassen\/\"]}]},{\"@type\":\"ImageObject\",\"inLanguage\":\"de\",\"@id\":\"https:\/\/now-news.de\/de\/deutschland\/lukaschenko-zu-forderungen-nach-wagner-abzug-auslaendische-soldaten-muessen-nachbarlaender-verlassen\/#primaryimage\",\"url\":\"https:\/\/now-news.de\/de\/wp-content\/uploads\/sites\/3\/2023\/08\/Lukaschenko-zu-Forderungen-nach-Wagner-Abzug-Auslaendische-Soldaten-muessen-Nachbarlaender-verlassen.jpg\",\"contentUrl\":\"https:\/\/now-news.de\/de\/wp-content\/uploads\/sites\/3\/2023\/08\/Lukaschenko-zu-Forderungen-nach-Wagner-Abzug-Auslaendische-Soldaten-muessen-Nachbarlaender-verlassen.jpg\",\"width\":460,\"height\":259,\"caption\":\"Lukaschenko zu Forderungen nach Wagner-Abzug: Ausl\u00e4ndische Soldaten m\u00fcssen Nachbarl\u00e4nder verlassen\"},{\"@type\":\"BreadcrumbList\",\"@id\":\"https:\/\/now-news.de\/de\/deutschland\/lukaschenko-zu-forderungen-nach-wagner-abzug-auslaendische-soldaten-muessen-nachbarlaender-verlassen\/#breadcrumb\",\"itemListElement\":[{\"@type\":\"ListItem\",\"position\":1,\"name\":\"Home\",\"item\":\"https:\/\/now-news.de\/de\/\"},{\"@type\":\"ListItem\",\"position\":2,\"name\":\"Lukaschenko zu Forderungen nach Wagner-Abzug: Ausl\u00e4ndische Soldaten m\u00fcssen Nachbarl\u00e4nder verlassen\"}]},{\"@type\":\"WebSite\",\"@id\":\"https:\/\/now-news.de\/de\/#website\",\"url\":\"https:\/\/now-news.de\/de\/\",\"name\":\"just-now.NEWS Deutschland\",\"description\":\"Das Portal f\u00fcr unzensierte Nachrichten aus der Welt\",\"publisher\":{\"@id\":\"https:\/\/now-news.de\/de\/#organization\"},\"potentialAction\":[{\"@type\":\"SearchAction\",\"target\":{\"@type\":\"EntryPoint\",\"urlTemplate\":\"https:\/\/now-news.de\/de\/?s={search_term_string}\"},\"query-input\":\"required name=search_term_string\"}],\"inLanguage\":\"de\"},{\"@type\":\"Organization\",\"@id\":\"https:\/\/now-news.de\/de\/#organization\",\"name\":\"Just Now News\",\"url\":\"https:\/\/now-news.de\/de\/\",\"logo\":{\"@type\":\"ImageObject\",\"inLanguage\":\"de\",\"@id\":\"https:\/\/now-news.de\/de\/#\/schema\/logo\/image\/\",\"url\":\"http:\/\/just-now.news\/de\/wp-content\/uploads\/sites\/3\/2022\/04\/logo500x500.jpg\",\"contentUrl\":\"http:\/\/just-now.news\/de\/wp-content\/uploads\/sites\/3\/2022\/04\/logo500x500.jpg\",\"width\":500,\"height\":500,\"caption\":\"Just Now News\"},\"image\":{\"@id\":\"https:\/\/now-news.de\/de\/#\/schema\/logo\/image\/\"},\"sameAs\":[\"https:\/\/www.facebook.com\/wirmachenauf\",\"https:\/\/x.com\/WirMachenAuf_de\"]},{\"@type\":\"Person\",\"@id\":\"https:\/\/now-news.de\/de\/#\/schema\/person\/fb534a4e865501d8b3285208df34a9b5\",\"name\":\"rtnews\",\"image\":{\"@type\":\"ImageObject\",\"inLanguage\":\"de\",\"@id\":\"https:\/\/now-news.de\/de\/#\/schema\/person\/image\/\",\"url\":\"https:\/\/secure.gravatar.com\/avatar\/82aafea7d8127119dd649515f56e2117?s=96&d=mm&r=g\",\"contentUrl\":\"https:\/\/secure.gravatar.com\/avatar\/82aafea7d8127119dd649515f56e2117?s=96&d=mm&r=g\",\"caption\":\"rtnews\"},\"url\":\"https:\/\/now-news.de\/de\/author\/rnews\/\"}]}<\/script>\n<!-- \/ Yoast SEO Premium plugin. -->","yoast_head_json":{"title":"Lukaschenko zu Forderungen nach Wagner-Abzug: Ausl\u00e4ndische Soldaten m\u00fcssen Nachbarl\u00e4nder verlassen - just-now.NEWS Deutschland","robots":{"index":"index","follow":"follow","max-snippet":"max-snippet:-1","max-image-preview":"max-image-preview:large","max-video-preview":"max-video-preview:-1"},"canonical":"https:\/\/now-news.de\/de\/deutschland\/lukaschenko-zu-forderungen-nach-wagner-abzug-auslaendische-soldaten-muessen-nachbarlaender-verlassen\/","og_locale":"de_DE","og_type":"article","og_title":"Lukaschenko zu Forderungen nach Wagner-Abzug: Ausl\u00e4ndische Soldaten m\u00fcssen Nachbarl\u00e4nder verlassen","og_description":"Die Forderungen \u00fcber den Abzug der Wagner-K\u00e4mpfer aus Wei\u00dfrussland sind sinnlos, solange in Polen und den baltischen L\u00e4ndern ausl\u00e4ndische Soldaten stationiert seien, meinte Pr\u00e4sident Lukaschenko. Die Hysterie werde k\u00fcnstlich aufgeblasen. Die Forderungen Polens und der baltischen L\u00e4nder nach dem Abzug der Wagner-K\u00e4mpfer aus Wei\u00dfrussland seien haltlos, sagte Alexander Lukaschenko w\u00e4hrend einer Sitzung des Sicherheitsrats am [&hellip;]","og_url":"https:\/\/now-news.de\/de\/deutschland\/lukaschenko-zu-forderungen-nach-wagner-abzug-auslaendische-soldaten-muessen-nachbarlaender-verlassen\/","og_site_name":"just-now.NEWS Deutschland","article_publisher":"https:\/\/www.facebook.com\/wirmachenauf","article_published_time":"2023-08-31T14:07:58+00:00","og_image":[{"width":460,"height":259,"url":"https:\/\/now-news.de\/de\/wp-content\/uploads\/sites\/3\/2023\/08\/Lukaschenko-zu-Forderungen-nach-Wagner-Abzug-Auslaendische-Soldaten-muessen-Nachbarlaender-verlassen.jpg","type":"image\/jpeg"}],"author":"rtnews","twitter_card":"summary_large_image","twitter_creator":"@WirMachenAuf_de","twitter_site":"@WirMachenAuf_de","twitter_misc":{"Verfasst von":"rtnews","Gesch\u00e4tzte Lesezeit":"2\u00a0Minuten"},"schema":{"@context":"https:\/\/schema.org","@graph":[{"@type":"Article","@id":"https:\/\/now-news.de\/de\/deutschland\/lukaschenko-zu-forderungen-nach-wagner-abzug-auslaendische-soldaten-muessen-nachbarlaender-verlassen\/#article","isPartOf":{"@id":"https:\/\/now-news.de\/de\/deutschland\/lukaschenko-zu-forderungen-nach-wagner-abzug-auslaendische-soldaten-muessen-nachbarlaender-verlassen\/"},"author":{"name":"rtnews","@id":"https:\/\/now-news.de\/de\/#\/schema\/person\/fb534a4e865501d8b3285208df34a9b5"},"headline":"Lukaschenko zu Forderungen nach Wagner-Abzug: Ausl\u00e4ndische Soldaten m\u00fcssen Nachbarl\u00e4nder verlassen","datePublished":"2023-08-31T14:07:58+00:00","dateModified":"2023-08-31T14:07:58+00:00","mainEntityOfPage":{"@id":"https:\/\/now-news.de\/de\/deutschland\/lukaschenko-zu-forderungen-nach-wagner-abzug-auslaendische-soldaten-muessen-nachbarlaender-verlassen\/"},"wordCount":328,"commentCount":0,"publisher":{"@id":"https:\/\/now-news.de\/de\/#organization"},"image":{"@id":"https:\/\/now-news.de\/de\/deutschland\/lukaschenko-zu-forderungen-nach-wagner-abzug-auslaendische-soldaten-muessen-nachbarlaender-verlassen\/#primaryimage"},"thumbnailUrl":"https:\/\/now-news.de\/de\/wp-content\/uploads\/sites\/3\/2023\/08\/Lukaschenko-zu-Forderungen-nach-Wagner-Abzug-Auslaendische-Soldaten-muessen-Nachbarlaender-verlassen.jpg","keywords":["ausl\u00e4ndische","Forderungen","Lukaschenko","m\u00fcssen","nach","Nachbarl\u00e4nder","Soldaten","verlassen","WagnerAbzug"],"articleSection":["Deutschland","Russland"],"inLanguage":"de","potentialAction":[{"@type":"CommentAction","name":"Comment","target":["https:\/\/now-news.de\/de\/deutschland\/lukaschenko-zu-forderungen-nach-wagner-abzug-auslaendische-soldaten-muessen-nachbarlaender-verlassen\/#respond"]}]},{"@type":"WebPage","@id":"https:\/\/now-news.de\/de\/deutschland\/lukaschenko-zu-forderungen-nach-wagner-abzug-auslaendische-soldaten-muessen-nachbarlaender-verlassen\/","url":"https:\/\/now-news.de\/de\/deutschland\/lukaschenko-zu-forderungen-nach-wagner-abzug-auslaendische-soldaten-muessen-nachbarlaender-verlassen\/","name":"Lukaschenko zu Forderungen nach Wagner-Abzug: Ausl\u00e4ndische Soldaten m\u00fcssen Nachbarl\u00e4nder verlassen - just-now.NEWS Deutschland","isPartOf":{"@id":"https:\/\/now-news.de\/de\/#website"},"primaryImageOfPage":{"@id":"https:\/\/now-news.de\/de\/deutschland\/lukaschenko-zu-forderungen-nach-wagner-abzug-auslaendische-soldaten-muessen-nachbarlaender-verlassen\/#primaryimage"},"image":{"@id":"https:\/\/now-news.de\/de\/deutschland\/lukaschenko-zu-forderungen-nach-wagner-abzug-auslaendische-soldaten-muessen-nachbarlaender-verlassen\/#primaryimage"},"thumbnailUrl":"https:\/\/now-news.de\/de\/wp-content\/uploads\/sites\/3\/2023\/08\/Lukaschenko-zu-Forderungen-nach-Wagner-Abzug-Auslaendische-Soldaten-muessen-Nachbarlaender-verlassen.jpg","datePublished":"2023-08-31T14:07:58+00:00","dateModified":"2023-08-31T14:07:58+00:00","breadcrumb":{"@id":"https:\/\/now-news.de\/de\/deutschland\/lukaschenko-zu-forderungen-nach-wagner-abzug-auslaendische-soldaten-muessen-nachbarlaender-verlassen\/#breadcrumb"},"inLanguage":"de","potentialAction":[{"@type":"ReadAction","target":["https:\/\/now-news.de\/de\/deutschland\/lukaschenko-zu-forderungen-nach-wagner-abzug-auslaendische-soldaten-muessen-nachbarlaender-verlassen\/"]}]},{"@type":"ImageObject","inLanguage":"de","@id":"https:\/\/now-news.de\/de\/deutschland\/lukaschenko-zu-forderungen-nach-wagner-abzug-auslaendische-soldaten-muessen-nachbarlaender-verlassen\/#primaryimage","url":"https:\/\/now-news.de\/de\/wp-content\/uploads\/sites\/3\/2023\/08\/Lukaschenko-zu-Forderungen-nach-Wagner-Abzug-Auslaendische-Soldaten-muessen-Nachbarlaender-verlassen.jpg","contentUrl":"https:\/\/now-news.de\/de\/wp-content\/uploads\/sites\/3\/2023\/08\/Lukaschenko-zu-Forderungen-nach-Wagner-Abzug-Auslaendische-Soldaten-muessen-Nachbarlaender-verlassen.jpg","width":460,"height":259,"caption":"Lukaschenko zu Forderungen nach Wagner-Abzug: Ausl\u00e4ndische Soldaten m\u00fcssen Nachbarl\u00e4nder verlassen"},{"@type":"BreadcrumbList","@id":"https:\/\/now-news.de\/de\/deutschland\/lukaschenko-zu-forderungen-nach-wagner-abzug-auslaendische-soldaten-muessen-nachbarlaender-verlassen\/#breadcrumb","itemListElement":[{"@type":"ListItem","position":1,"name":"Home","item":"https:\/\/now-news.de\/de\/"},{"@type":"ListItem","position":2,"name":"Lukaschenko zu Forderungen nach Wagner-Abzug: Ausl\u00e4ndische Soldaten m\u00fcssen Nachbarl\u00e4nder verlassen"}]},{"@type":"WebSite","@id":"https:\/\/now-news.de\/de\/#website","url":"https:\/\/now-news.de\/de\/","name":"just-now.NEWS Deutschland","description":"Das Portal f\u00fcr unzensierte Nachrichten aus der Welt","publisher":{"@id":"https:\/\/now-news.de\/de\/#organization"},"potentialAction":[{"@type":"SearchAction","target":{"@type":"EntryPoint","urlTemplate":"https:\/\/now-news.de\/de\/?s={search_term_string}"},"query-input":"required name=search_term_string"}],"inLanguage":"de"},{"@type":"Organization","@id":"https:\/\/now-news.de\/de\/#organization","name":"Just Now News","url":"https:\/\/now-news.de\/de\/","logo":{"@type":"ImageObject","inLanguage":"de","@id":"https:\/\/now-news.de\/de\/#\/schema\/logo\/image\/","url":"http:\/\/just-now.news\/de\/wp-content\/uploads\/sites\/3\/2022\/04\/logo500x500.jpg","contentUrl":"http:\/\/just-now.news\/de\/wp-content\/uploads\/sites\/3\/2022\/04\/logo500x500.jpg","width":500,"height":500,"caption":"Just Now News"},"image":{"@id":"https:\/\/now-news.de\/de\/#\/schema\/logo\/image\/"},"sameAs":["https:\/\/www.facebook.com\/wirmachenauf","https:\/\/x.com\/WirMachenAuf_de"]},{"@type":"Person","@id":"https:\/\/now-news.de\/de\/#\/schema\/person\/fb534a4e865501d8b3285208df34a9b5","name":"rtnews","image":{"@type":"ImageObject","inLanguage":"de","@id":"https:\/\/now-news.de\/de\/#\/schema\/person\/image\/","url":"https:\/\/secure.gravatar.com\/avatar\/82aafea7d8127119dd649515f56e2117?s=96&d=mm&r=g","contentUrl":"https:\/\/secure.gravatar.com\/avatar\/82aafea7d8127119dd649515f56e2117?s=96&d=mm&r=g","caption":"rtnews"},"url":"https:\/\/now-news.de\/de\/author\/rnews\/"}]}},"_links":{"self":[{"href":"https:\/\/now-news.de\/de\/wp-json\/wp\/v2\/posts\/45483"}],"collection":[{"href":"https:\/\/now-news.de\/de\/wp-json\/wp\/v2\/posts"}],"about":[{"href":"https:\/\/now-news.de\/de\/wp-json\/wp\/v2\/types\/post"}],"author":[{"embeddable":true,"href":"https:\/\/now-news.de\/de\/wp-json\/wp\/v2\/users\/3"}],"replies":[{"embeddable":true,"href":"https:\/\/now-news.de\/de\/wp-json\/wp\/v2\/comments?post=45483"}],"version-history":[{"count":0,"href":"https:\/\/now-news.de\/de\/wp-json\/wp\/v2\/posts\/45483\/revisions"}],"wp:featuredmedia":[{"embeddable":true,"href":"https:\/\/now-news.de\/de\/wp-json\/wp\/v2\/media\/45484"}],"wp:attachment":[{"href":"https:\/\/now-news.de\/de\/wp-json\/wp\/v2\/media?parent=45483"}],"wp:term":[{"taxonomy":"category","embeddable":true,"href":"https:\/\/now-news.de\/de\/wp-json\/wp\/v2\/categories?post=45483"},{"taxonomy":"post_tag","embeddable":true,"href":"https:\/\/now-news.de\/de\/wp-json\/wp\/v2\/tags?post=45483"}],"curies":[{"name":"wp","href":"https:\/\/api.w.org\/{rel}","templated":true}]}}