{"id":45451,"date":"2023-08-31T11:09:08","date_gmt":"2023-08-31T09:09:08","guid":{"rendered":"https:\/\/just-now.news\/de\/deutschland\/aiwangers-ex-lehrer-mit-spd-sympathien-forderte-zeit-die-braune-socke-zu-stuerzen\/"},"modified":"2023-08-31T11:09:08","modified_gmt":"2023-08-31T09:09:08","slug":"aiwangers-ex-lehrer-mit-spd-sympathien-forderte-zeit-die-braune-socke-zu-stuerzen","status":"publish","type":"post","link":"https:\/\/now-news.de\/de\/deutschland\/aiwangers-ex-lehrer-mit-spd-sympathien-forderte-zeit-die-braune-socke-zu-stuerzen\/","title":{"rendered":"Aiwangers Ex-Lehrer mit SPD-Sympathien forderte: &quot;Zeit, die braune Socke zu st\u00fcrzen&quot;"},"content":{"rendered":"<p><img decoding=\"async\" src=\"http:\/\/just-now.news\/de\/wp-content\/uploads\/sites\/3\/2023\/08\/64f02ff5b480cc025337be95.jpg\" \/><\/p>\n<div class=\"Text-root Text-type_1 \">\n                Im Verlauf der offensichtlichen medial-politischen Kampagne gegen den stellvertretenden bayerischen Ministerpr\u00e4sidenten kristallisiert sich ein ehemaliger Lehrer als treibende Kraft und Hauptinformant heraus. Der Pension\u00e4r engagiert sich in SPD-Kreisen und gab demnach das Startkommando, Aiwanger auf breiter Front zu diskreditieren.\n            <\/div>\n<p><\/p>\n<div class=\"Text-root Text-type_5 ArticleView-text ViewText-root \">\n<p>Die Causa Aiwanger bedient fortlaufend die mehr als erhitzte Ger\u00fcchtek\u00fcche rund um die diversen Personen in der Diskreditierungskampagne gegen Hubert Aiwanger (Freie W\u00e4hler). Mehrheitlich werden dabei treibende Akteure in den ma\u00dfgeblichen Medien wie der <em>S\u00fcddeutschen Zeitung<\/em> und dem Spiegel pr\u00e4sentiert und zitiert, die durch ihre Aussagen den stellvertretenden bayerischen Ministerpr\u00e4sidenten eindeutig belasten<em>, <\/em>weniger zur Verteidigung auftreten. Das Magazin <em>Focus <\/em>berichtet nun \u00fcber einen weiteren ehemaligen Sch\u00fcler des Gymnasiums, auf das auch Aiwanger ging. Dieser berichtet jedoch \u00fcber manipulierendes Vorgehen und Agieren seitens des ehemaligen Deutschlehrers. So hei\u00dft es im <a rel=\"nofollow noopener\" target=\"_blank\" href=\"https:\/\/www.focus.de\/politik\/deutschland\/dann-sagte-mir-mein-ex-lehrer-jetzt-ist-an-der-zeit-den-aiwanger-zu-stuerzen_id_203254753.html\">Artikel<\/a> einleitend:<\/p>\n<blockquote>\n<p><em>&#8220;Ein Ex-Lehrer von Aiwangers Schule hat offenbar gezielt daran gearbeitet, Bayerns Vize-Regierungschef zu st\u00fcrzen. Daf\u00fcr schreckte er auch nicht davor zur\u00fcck, einstige Mitsch\u00fcler Aiwangers zu instrumentalisieren.&#8221;<\/em><\/p>\n<\/blockquote>\n<p>Der Beamte, inzwischen Pension\u00e4r, engagierte sich demnach &#8220;gewerkschaftlich, h\u00e4lt immer wieder auf offiziellen SPD-Veranstaltungen Vortr\u00e4ge und wirkt bei SPD-Arbeitskreisen mit&#8221;. Der zitierte Sch\u00fcler berichtet von dem dominanten Vorgehen des Lehrers, dies auch bereits zu Schulzeiten. So h\u00e4tte dieser eine Arbeit des Ex-Sch\u00fclers \u00fcber ein Ereignis seiner Heimatregion und KZ-H\u00e4ftlingen, die wiederum im Jahr 1988 bei einem bundesweiten Geschichtswettbewerb mit dem zweiten Preis ausgezeichnet worden war, ungefragt erg\u00e4nzt, &#8220;sch\u00e4rfer formuliert, als ich das selbst geschrieben hatte&#8221;, so der Ex-Mitsch\u00fcler Aiwangers. Dieser erg\u00e4nzte laut <em>Focus-Artikel<\/em>:<\/p>\n<blockquote>\n<p><em>&#8220;So hei\u00dft es an einer Stelle des Beitrags: &#8216;Wo sich solcher Ungeist regt, hat kein Jude Chance auf Heimat. Den braunen Sumpf gibt es noch&#8217;. Serlitzky: &#8216;Die Bezeichnung &#8216;Den brauen Sumpf gibt es noch&#8217; stammt nicht aus meiner Feder, das sind die Worte meines Lehrers, nicht meine, die hat er mir in den Mund gelegt&#8217;.&#8221;<\/em><\/p>\n<\/blockquote>\n<p>Der zitierte Mitsch\u00fcler, der auch Aiwangers Bruder kannte, erfuhr dann rein zuf\u00e4llig auf einem &#8220;Abi-Treffen&#8221; in diesem Fr\u00fchjahr von den ambitionierten Aiwanger-Pl\u00e4nen des Ex-Lehrers des Burkhart-Gymnasiums in der niederbayerischen Gemeinde Mallersdorf-Pfaffenberg. Auf dieser Feier sei der Mann &#8220;mit einem alten Schwarzwei\u00df-Klassenfoto von Aiwanger regelrecht von Tisch zu Tisch &#8216;hausieren&#8217; gegangen und hat die Anwesenden gefragt, ob sich jemand an Hubsi (Hubert Aiwanger, Anm.d. <em>Fokus-R<\/em>.) erinnern k\u00f6nne&#8221;. Das Irritierende dabei:<\/p>\n<blockquote>\n<p><em>&#8220;Und dies, obwohl es sich bei dem Treffen um einen Abi-Jahrgang Ende der 90er-Jahre gehandelt habe, deren Absolventen Hubert Aiwanger und dessen Bruder Helmut selbst auf der Schule gar nicht mehr erlebt haben k\u00f6nnen.&#8221;<\/em><\/p>\n<\/blockquote>\n<p>Einige Feiernde seien &#8220;richtig genervt gewesen&#8221;, hinsichtlich der st\u00f6renden Aktivit\u00e4ten durch den Lehrer. Dieser ging nachweislich so weit, unbedingt Zeugen finden zu wollen, &#8220;die ihm best\u00e4tigen k\u00f6nnten, dass Hubert der Verfasser des Flugblattes gewesen ist. Doch dies sei ihm &#8216;ganz offenbar bis heute nicht gelungen'&#8221;, so der Ex-Mitsch\u00fcler im <em>Focus-Artikel<\/em>.<\/p>\n<p>Bei einer direkten j\u00fcngsten Kontaktaufnahme des Ex-Lehrers mit seinem Ex-Sch\u00fcler vor rund acht Wochen, h\u00e4tte dieser ihm zu Beginn plaudernd erz\u00e4hlt, dass &#8220;er dem Schulgremium angeh\u00f6rt hat, dass 1988 nach dem Auftauchen des Flugblattes ein Disziplinarverfahren gegen Aiwanger eingeleitet und ihn mit einem Aufsatz \u00fcber den Nationalsozialismus bestraft hatte&#8221;. Im Verlauf des Gespr\u00e4ches r\u00fcckte dann der Pension\u00e4r mit dem eigentlichen Anliegen des Besuches heraus:<\/p>\n<blockquote>\n<p><em>&#8220;Mein ehemaliger Deutschlehrer hat mich gebeten, ihm einen Dreizeiler aufzuschreiben, in dem ich best\u00e4tige, dass Hubert Aiwanger der Verfasser des antisemitischen Flugblattes ist. Diese Aufforderung hat er mit folgenden Worten kommentiert: &#8216;Es wird Zeit, dass wir diese braune Socke jetzt st\u00fcrzen&#8217;.&#8221;<\/em><\/p>\n<\/blockquote>\n<p>Diesbez\u00fcglicher Ambitionen und zugeh\u00f6rigen Aktivit\u00e4ten schrieb der <em>Welt-Autor<\/em> &#8216;Don Alphonso&#8217; auf X\/Twitter erg\u00e4nzend:<\/p>\n<blockquote>\n<p><em>&#8220;Spannendes Detail am Rande der Aiwanger-Geschichte: Die S\u00fcddeutsche Zeitung hat behauptet, sie h\u00e4tte sich wegen der Facharbeit von Aiwanger f\u00fcr das Schriftgutachten von T\u00fcr zu T\u00fcr klingeln m\u00fcssen. Jetzt kommt raus: Der SPD-nahe Lehrer, der die Intrige angeschoben hat, sammelt alte Dokumente.&#8221;<\/em><\/p>\n<\/blockquote>\n<p>Der <em>Welt-Autor<\/em>\u00a0<a rel=\"nofollow noopener\" target=\"_blank\" href=\"https:\/\/twitter.com\/_donalphonso\/status\/1697000649756430458\">befindet<\/a> das Vorgehen f\u00fcr &#8220;bemerkenswert&#8221;, da f\u00fcr ihn darlegend &#8220;die private Aufbewahrung einer Facharbeit wegen einer Reihe von Gesetzen rechtlich nicht zul\u00e4ssig ist, wie auch die Weitergabe ohne Einverst\u00e4ndnis des Betroffenen&#8221;. In einem aktuellen <a rel=\"nofollow noopener\" target=\"_blank\" href=\"https:\/\/twitter.com\/_donalphonso\/status\/1697019287167225873?s=20\">X-Beitrag<\/a> schreibt der in Bayern ans\u00e4ssige <em>Welt-Autor<\/em>:<\/p>\n<blockquote>\n<p><em>&#8220;Der Lehrer G. aus M., der Aiwanger bei der SZ denunziert hat, hat laut diversen SPD-Seiten seit mehreren Jahren \u00f6fter Kontakt zu Ruth M\u00fcller. Das ist die gerade sehr aktiv gegen Aiwanger schie\u00dfende Generalsekret\u00e4rin der bayerischen SPD.&#8221;<\/em><\/p>\n<\/blockquote>\n<p>Der vom\u00a0<em>Focus<\/em>\u00a0interviewte ehemalige Mitsch\u00fcler gibt zu Protokoll, dass er damals &#8220;aber weder etwas \u00fcber das Flugblatt geh\u00f6rt hatte, dessen Existenz nach Angaben meines damaligen Lehrers von der Schulleitung angeblich &#8216;klein gehalten werden sollte&#8217;, noch war mir je zu Ohren gekommen, dass Hubert Aiwanger in irgendeiner Weise rechtsradikal aufgefallen sei&#8221;.<\/p>\n<p>Die <em>Focus-Redaktion<\/em> h\u00e4tte &#8220;mehrfach telefonisch und direkt am Wohnort&#8221; versucht, dem Ex-Lehrer Gelegenheit zu geben, pers\u00f6nlich Stellung zu beziehen, &#8220;was jedoch weder er selbst noch seine Frau zugelassen haben&#8221;. Das Agieren des pensionierten Beamten zieht dabei weiterhin gr\u00f6\u00dfere medial-politische Kreise, im Versuch Hubert Aiwanger kurz vor den im Oktober stattfindenden Wahlen in Bayern politisch massiv zu schaden.<\/p>\n<p>So berichtet die <em>SZ<\/em> in einem Artikel von einer &#8220;weiteren Zeugin&#8221;, die behauptet, &#8220;dieser \u2013 Aiwanger \u2013 habe oft Adolf Hitlers &#8220;Mein Kampf&#8221; in der Schultasche mit sich gef\u00fchrt. Sie k\u00f6nne dies best\u00e4tigen, weil sie das Buch selbst in der Hand gehalten habe&#8221;. <em>BR24<\/em> pr\u00e4sentierte am 30. August einen &#8220;weiteren Mitsch\u00fcler&#8221;, der jedoch &#8220;namentlich aber nicht genannt werden m\u00f6chte \u2013 zum Schutz von Angeh\u00f6rigen&#8221;. Der Artikel lautet <a rel=\"nofollow noopener\" target=\"_blank\" href=\"https:\/\/www.br.de\/nachrichten\/bayern\/vorwurf-gegen-aiwanger-juden-witz-bei-fahrt-zu-kz-gedenkstaette,ToOcXCV\">einleitend<\/a>: &#8220;Vorwurf gegen Aiwanger: Juden-Witz bei Fahrt zu KZ-Gedenkst\u00e4tte&#8221;. Die <em>ARD-Tagesschau<\/em>\u00a0<a rel=\"nofollow noopener\" target=\"_blank\" href=\"https:\/\/www.tagesschau.de\/inland\/innenpolitik\/bundesregierung-aufklaerung-aiwanger-100.html\">meldete<\/a> am selben Tag: &#8220;Bundesregierung fordert Aufkl\u00e4rung im Fall Aiwanger&#8221;.<\/p>\n<p>Demgegen\u00fcber teilte der attackierte Aiwanger der\u00a0<em>Deutschen Presse-Agentur<\/em>\u00a0aktuell mit:<\/p>\n<blockquote>\n<p><em>&#8220;Ich war noch nie Antisemit oder Extremist. Vorw\u00fcrfe gegen mich als Jugendlicher sind mir nicht erinnerlich, aber vielleicht auf Sachen zur\u00fcckzuf\u00fchren, die man so oder so interpretieren kann.&#8221;<\/em><\/p>\n<\/blockquote>\n<p>Zum Vorwurf eines vermeintlich get\u00e4tigten &#8220;Hitlergru\u00dfes&#8221; verteidigte sich Aiwanger gegen\u00fcber der\u00a0<em>Bild-<\/em>Zeitung mit der Erkl\u00e4rung: &#8220;Mir ist nicht im Entferntesten erinnerlich, dass ich so etwas gemacht haben soll&#8221;.\u00a0<\/p>\n<p><strong>Mehr zum Thema &#8211;<\/strong>\u00a0<a rel=\"nofollow noopener\" target=\"_blank\" href=\"https:\/\/freedert.online\/meinung\/179209-wer-ist-hier-rechts-hubert\/\">Wer ist hier rechts? Hubert Aiwanger und die wahren Reaktion\u00e4re<\/a><\/p>\n<\/p>\n<\/div>\n<p><script async src=\"https:\/\/platform.twitter.com\/widgets.js\" charset=\"utf-8\"><\/script><br \/>\n<br \/><br \/>\n<br \/><a href=\"https:\/\/de.rt.com\/inland\/179375-aiwangers-ex-lehrer-mit-spd\/\">Source link <\/a><\/p>\n","protected":false},"excerpt":{"rendered":"<p>Im Verlauf der offensichtlichen medial-politischen Kampagne gegen den stellvertretenden bayerischen Ministerpr\u00e4sidenten kristallisiert sich ein ehemaliger Lehrer als treibende Kraft und Hauptinformant heraus. Der Pension\u00e4r engagiert sich in SPD-Kreisen und gab demnach das Startkommando, Aiwanger auf breiter Front zu diskreditieren. Die Causa Aiwanger bedient fortlaufend die mehr als erhitzte Ger\u00fcchtek\u00fcche rund um die diversen Personen in [&hellip;]<\/p>\n","protected":false},"author":3,"featured_media":45452,"comment_status":"open","ping_status":"open","sticky":false,"template":"","format":"standard","meta":{"_yoast_indexnow_last_ping":["1693473778"],"wp_automatic_camp":["217"],"cb6354e2cf74f69b03c58ebd9420f321":["Aiwangers Ex-Lehrer mit SPD-Sympathien forderte: &quot;Zeit, die braune Socke zu st\u00fcrzen&quot;"],"original_link":["https:\/\/de.rt.com\/inland\/179375-aiwangers-ex-lehrer-mit-spd\/"],"_thumbnail_id":["45452"],"_wptgpro_p2tg_sent2tg":["a:1:{i:23737;s:19:\"2023-08-31 11:24:04\";}"],"jnews_social_counter_last_update":["1777259783"]},"categories":[19,23],"tags":[48329,48332,45,48330,4818,419,39369,48333,48331,48334],"yoast_head":"<!-- This site is optimized with the Yoast SEO Premium plugin v22.7 (Yoast SEO v22.7) - https:\/\/yoast.com\/wordpress\/plugins\/seo\/ -->\n<title>Aiwangers Ex-Lehrer mit SPD-Sympathien forderte: &quot;Zeit, die braune Socke zu st\u00fcrzen&quot; - just-now.NEWS Deutschland<\/title>\n<meta name=\"robots\" content=\"index, follow, max-snippet:-1, max-image-preview:large, max-video-preview:-1\" \/>\n<link rel=\"canonical\" href=\"https:\/\/now-news.de\/de\/deutschland\/aiwangers-ex-lehrer-mit-spd-sympathien-forderte-zeit-die-braune-socke-zu-stuerzen\/\" \/>\n<meta property=\"og:locale\" content=\"de_DE\" \/>\n<meta property=\"og:type\" content=\"article\" \/>\n<meta property=\"og:title\" content=\"Aiwangers Ex-Lehrer mit SPD-Sympathien forderte: &quot;Zeit, die braune Socke zu st\u00fcrzen&quot;\" \/>\n<meta property=\"og:description\" content=\"Im Verlauf der offensichtlichen medial-politischen Kampagne gegen den stellvertretenden bayerischen Ministerpr\u00e4sidenten kristallisiert sich ein ehemaliger Lehrer als treibende Kraft und Hauptinformant heraus. Der Pension\u00e4r engagiert sich in SPD-Kreisen und gab demnach das Startkommando, Aiwanger auf breiter Front zu diskreditieren. Die Causa Aiwanger bedient fortlaufend die mehr als erhitzte Ger\u00fcchtek\u00fcche rund um die diversen Personen in [&hellip;]\" \/>\n<meta property=\"og:url\" content=\"https:\/\/now-news.de\/de\/deutschland\/aiwangers-ex-lehrer-mit-spd-sympathien-forderte-zeit-die-braune-socke-zu-stuerzen\/\" \/>\n<meta property=\"og:site_name\" content=\"just-now.NEWS Deutschland\" \/>\n<meta property=\"article:publisher\" content=\"https:\/\/www.facebook.com\/wirmachenauf\" \/>\n<meta property=\"article:published_time\" content=\"2023-08-31T09:09:08+00:00\" \/>\n<meta property=\"og:image\" content=\"https:\/\/now-news.de\/de\/wp-content\/uploads\/sites\/3\/2023\/08\/Aiwangers-Ex-Lehrer-mit-SPD-Sympathien-forderte-quotZeit-die-braune-Socke-zu.jpg\" \/>\n\t<meta property=\"og:image:width\" content=\"460\" \/>\n\t<meta property=\"og:image:height\" content=\"259\" \/>\n\t<meta property=\"og:image:type\" content=\"image\/jpeg\" \/>\n<meta name=\"author\" content=\"rtnews\" \/>\n<meta name=\"twitter:card\" content=\"summary_large_image\" \/>\n<meta name=\"twitter:creator\" content=\"@WirMachenAuf_de\" \/>\n<meta name=\"twitter:site\" content=\"@WirMachenAuf_de\" \/>\n<meta name=\"twitter:label1\" content=\"Verfasst von\" \/>\n\t<meta name=\"twitter:data1\" content=\"rtnews\" \/>\n\t<meta name=\"twitter:label2\" content=\"Gesch\u00e4tzte Lesezeit\" \/>\n\t<meta name=\"twitter:data2\" content=\"5\u00a0Minuten\" \/>\n<script type=\"application\/ld+json\" class=\"yoast-schema-graph\">{\"@context\":\"https:\/\/schema.org\",\"@graph\":[{\"@type\":\"Article\",\"@id\":\"https:\/\/now-news.de\/de\/deutschland\/aiwangers-ex-lehrer-mit-spd-sympathien-forderte-zeit-die-braune-socke-zu-stuerzen\/#article\",\"isPartOf\":{\"@id\":\"https:\/\/now-news.de\/de\/deutschland\/aiwangers-ex-lehrer-mit-spd-sympathien-forderte-zeit-die-braune-socke-zu-stuerzen\/\"},\"author\":{\"name\":\"rtnews\",\"@id\":\"https:\/\/now-news.de\/de\/#\/schema\/person\/fb534a4e865501d8b3285208df34a9b5\"},\"headline\":\"Aiwangers Ex-Lehrer mit SPD-Sympathien forderte: &quot;Zeit, die braune Socke zu st\u00fcrzen&quot;\",\"datePublished\":\"2023-08-31T09:09:08+00:00\",\"dateModified\":\"2023-08-31T09:09:08+00:00\",\"mainEntityOfPage\":{\"@id\":\"https:\/\/now-news.de\/de\/deutschland\/aiwangers-ex-lehrer-mit-spd-sympathien-forderte-zeit-die-braune-socke-zu-stuerzen\/\"},\"wordCount\":1066,\"commentCount\":0,\"publisher\":{\"@id\":\"https:\/\/now-news.de\/de\/#organization\"},\"image\":{\"@id\":\"https:\/\/now-news.de\/de\/deutschland\/aiwangers-ex-lehrer-mit-spd-sympathien-forderte-zeit-die-braune-socke-zu-stuerzen\/#primaryimage\"},\"thumbnailUrl\":\"https:\/\/now-news.de\/de\/wp-content\/uploads\/sites\/3\/2023\/08\/Aiwangers-Ex-Lehrer-mit-SPD-Sympathien-forderte-quotZeit-die-braune-Socke-zu.jpg\",\"keywords\":[\"Aiwangers\",\"braune\",\"die\",\"ExLehrer\",\"f\u00f6rderte\",\"mit\",\"quotZeit\",\"Socke\",\"SPDSympathien\",\"st\u00fcrzenquot\"],\"articleSection\":[\"Deutschland\",\"Russland\"],\"inLanguage\":\"de\",\"potentialAction\":[{\"@type\":\"CommentAction\",\"name\":\"Comment\",\"target\":[\"https:\/\/now-news.de\/de\/deutschland\/aiwangers-ex-lehrer-mit-spd-sympathien-forderte-zeit-die-braune-socke-zu-stuerzen\/#respond\"]}]},{\"@type\":\"WebPage\",\"@id\":\"https:\/\/now-news.de\/de\/deutschland\/aiwangers-ex-lehrer-mit-spd-sympathien-forderte-zeit-die-braune-socke-zu-stuerzen\/\",\"url\":\"https:\/\/now-news.de\/de\/deutschland\/aiwangers-ex-lehrer-mit-spd-sympathien-forderte-zeit-die-braune-socke-zu-stuerzen\/\",\"name\":\"Aiwangers Ex-Lehrer mit SPD-Sympathien forderte: &quot;Zeit, die braune Socke zu st\u00fcrzen&quot; - just-now.NEWS Deutschland\",\"isPartOf\":{\"@id\":\"https:\/\/now-news.de\/de\/#website\"},\"primaryImageOfPage\":{\"@id\":\"https:\/\/now-news.de\/de\/deutschland\/aiwangers-ex-lehrer-mit-spd-sympathien-forderte-zeit-die-braune-socke-zu-stuerzen\/#primaryimage\"},\"image\":{\"@id\":\"https:\/\/now-news.de\/de\/deutschland\/aiwangers-ex-lehrer-mit-spd-sympathien-forderte-zeit-die-braune-socke-zu-stuerzen\/#primaryimage\"},\"thumbnailUrl\":\"https:\/\/now-news.de\/de\/wp-content\/uploads\/sites\/3\/2023\/08\/Aiwangers-Ex-Lehrer-mit-SPD-Sympathien-forderte-quotZeit-die-braune-Socke-zu.jpg\",\"datePublished\":\"2023-08-31T09:09:08+00:00\",\"dateModified\":\"2023-08-31T09:09:08+00:00\",\"breadcrumb\":{\"@id\":\"https:\/\/now-news.de\/de\/deutschland\/aiwangers-ex-lehrer-mit-spd-sympathien-forderte-zeit-die-braune-socke-zu-stuerzen\/#breadcrumb\"},\"inLanguage\":\"de\",\"potentialAction\":[{\"@type\":\"ReadAction\",\"target\":[\"https:\/\/now-news.de\/de\/deutschland\/aiwangers-ex-lehrer-mit-spd-sympathien-forderte-zeit-die-braune-socke-zu-stuerzen\/\"]}]},{\"@type\":\"ImageObject\",\"inLanguage\":\"de\",\"@id\":\"https:\/\/now-news.de\/de\/deutschland\/aiwangers-ex-lehrer-mit-spd-sympathien-forderte-zeit-die-braune-socke-zu-stuerzen\/#primaryimage\",\"url\":\"https:\/\/now-news.de\/de\/wp-content\/uploads\/sites\/3\/2023\/08\/Aiwangers-Ex-Lehrer-mit-SPD-Sympathien-forderte-quotZeit-die-braune-Socke-zu.jpg\",\"contentUrl\":\"https:\/\/now-news.de\/de\/wp-content\/uploads\/sites\/3\/2023\/08\/Aiwangers-Ex-Lehrer-mit-SPD-Sympathien-forderte-quotZeit-die-braune-Socke-zu.jpg\",\"width\":460,\"height\":259,\"caption\":\"Aiwangers Ex-Lehrer mit SPD-Sympathien forderte: &quot;Zeit, die braune Socke zu st\u00fcrzen&quot;\"},{\"@type\":\"BreadcrumbList\",\"@id\":\"https:\/\/now-news.de\/de\/deutschland\/aiwangers-ex-lehrer-mit-spd-sympathien-forderte-zeit-die-braune-socke-zu-stuerzen\/#breadcrumb\",\"itemListElement\":[{\"@type\":\"ListItem\",\"position\":1,\"name\":\"Home\",\"item\":\"https:\/\/now-news.de\/de\/\"},{\"@type\":\"ListItem\",\"position\":2,\"name\":\"Aiwangers Ex-Lehrer mit SPD-Sympathien forderte: &quot;Zeit, die braune Socke zu st\u00fcrzen&quot;\"}]},{\"@type\":\"WebSite\",\"@id\":\"https:\/\/now-news.de\/de\/#website\",\"url\":\"https:\/\/now-news.de\/de\/\",\"name\":\"just-now.NEWS Deutschland\",\"description\":\"Das Portal f\u00fcr unzensierte Nachrichten aus der Welt\",\"publisher\":{\"@id\":\"https:\/\/now-news.de\/de\/#organization\"},\"potentialAction\":[{\"@type\":\"SearchAction\",\"target\":{\"@type\":\"EntryPoint\",\"urlTemplate\":\"https:\/\/now-news.de\/de\/?s={search_term_string}\"},\"query-input\":\"required name=search_term_string\"}],\"inLanguage\":\"de\"},{\"@type\":\"Organization\",\"@id\":\"https:\/\/now-news.de\/de\/#organization\",\"name\":\"Just Now News\",\"url\":\"https:\/\/now-news.de\/de\/\",\"logo\":{\"@type\":\"ImageObject\",\"inLanguage\":\"de\",\"@id\":\"https:\/\/now-news.de\/de\/#\/schema\/logo\/image\/\",\"url\":\"http:\/\/just-now.news\/de\/wp-content\/uploads\/sites\/3\/2022\/04\/logo500x500.jpg\",\"contentUrl\":\"http:\/\/just-now.news\/de\/wp-content\/uploads\/sites\/3\/2022\/04\/logo500x500.jpg\",\"width\":500,\"height\":500,\"caption\":\"Just Now News\"},\"image\":{\"@id\":\"https:\/\/now-news.de\/de\/#\/schema\/logo\/image\/\"},\"sameAs\":[\"https:\/\/www.facebook.com\/wirmachenauf\",\"https:\/\/x.com\/WirMachenAuf_de\"]},{\"@type\":\"Person\",\"@id\":\"https:\/\/now-news.de\/de\/#\/schema\/person\/fb534a4e865501d8b3285208df34a9b5\",\"name\":\"rtnews\",\"image\":{\"@type\":\"ImageObject\",\"inLanguage\":\"de\",\"@id\":\"https:\/\/now-news.de\/de\/#\/schema\/person\/image\/\",\"url\":\"https:\/\/secure.gravatar.com\/avatar\/82aafea7d8127119dd649515f56e2117?s=96&d=mm&r=g\",\"contentUrl\":\"https:\/\/secure.gravatar.com\/avatar\/82aafea7d8127119dd649515f56e2117?s=96&d=mm&r=g\",\"caption\":\"rtnews\"},\"url\":\"https:\/\/now-news.de\/de\/author\/rnews\/\"}]}<\/script>\n<!-- \/ Yoast SEO Premium plugin. -->","yoast_head_json":{"title":"Aiwangers Ex-Lehrer mit SPD-Sympathien forderte: &quot;Zeit, die braune Socke zu st\u00fcrzen&quot; - just-now.NEWS Deutschland","robots":{"index":"index","follow":"follow","max-snippet":"max-snippet:-1","max-image-preview":"max-image-preview:large","max-video-preview":"max-video-preview:-1"},"canonical":"https:\/\/now-news.de\/de\/deutschland\/aiwangers-ex-lehrer-mit-spd-sympathien-forderte-zeit-die-braune-socke-zu-stuerzen\/","og_locale":"de_DE","og_type":"article","og_title":"Aiwangers Ex-Lehrer mit SPD-Sympathien forderte: &quot;Zeit, die braune Socke zu st\u00fcrzen&quot;","og_description":"Im Verlauf der offensichtlichen medial-politischen Kampagne gegen den stellvertretenden bayerischen Ministerpr\u00e4sidenten kristallisiert sich ein ehemaliger Lehrer als treibende Kraft und Hauptinformant heraus. Der Pension\u00e4r engagiert sich in SPD-Kreisen und gab demnach das Startkommando, Aiwanger auf breiter Front zu diskreditieren. Die Causa Aiwanger bedient fortlaufend die mehr als erhitzte Ger\u00fcchtek\u00fcche rund um die diversen Personen in [&hellip;]","og_url":"https:\/\/now-news.de\/de\/deutschland\/aiwangers-ex-lehrer-mit-spd-sympathien-forderte-zeit-die-braune-socke-zu-stuerzen\/","og_site_name":"just-now.NEWS Deutschland","article_publisher":"https:\/\/www.facebook.com\/wirmachenauf","article_published_time":"2023-08-31T09:09:08+00:00","og_image":[{"width":460,"height":259,"url":"https:\/\/now-news.de\/de\/wp-content\/uploads\/sites\/3\/2023\/08\/Aiwangers-Ex-Lehrer-mit-SPD-Sympathien-forderte-quotZeit-die-braune-Socke-zu.jpg","type":"image\/jpeg"}],"author":"rtnews","twitter_card":"summary_large_image","twitter_creator":"@WirMachenAuf_de","twitter_site":"@WirMachenAuf_de","twitter_misc":{"Verfasst von":"rtnews","Gesch\u00e4tzte Lesezeit":"5\u00a0Minuten"},"schema":{"@context":"https:\/\/schema.org","@graph":[{"@type":"Article","@id":"https:\/\/now-news.de\/de\/deutschland\/aiwangers-ex-lehrer-mit-spd-sympathien-forderte-zeit-die-braune-socke-zu-stuerzen\/#article","isPartOf":{"@id":"https:\/\/now-news.de\/de\/deutschland\/aiwangers-ex-lehrer-mit-spd-sympathien-forderte-zeit-die-braune-socke-zu-stuerzen\/"},"author":{"name":"rtnews","@id":"https:\/\/now-news.de\/de\/#\/schema\/person\/fb534a4e865501d8b3285208df34a9b5"},"headline":"Aiwangers Ex-Lehrer mit SPD-Sympathien forderte: &quot;Zeit, die braune Socke zu st\u00fcrzen&quot;","datePublished":"2023-08-31T09:09:08+00:00","dateModified":"2023-08-31T09:09:08+00:00","mainEntityOfPage":{"@id":"https:\/\/now-news.de\/de\/deutschland\/aiwangers-ex-lehrer-mit-spd-sympathien-forderte-zeit-die-braune-socke-zu-stuerzen\/"},"wordCount":1066,"commentCount":0,"publisher":{"@id":"https:\/\/now-news.de\/de\/#organization"},"image":{"@id":"https:\/\/now-news.de\/de\/deutschland\/aiwangers-ex-lehrer-mit-spd-sympathien-forderte-zeit-die-braune-socke-zu-stuerzen\/#primaryimage"},"thumbnailUrl":"https:\/\/now-news.de\/de\/wp-content\/uploads\/sites\/3\/2023\/08\/Aiwangers-Ex-Lehrer-mit-SPD-Sympathien-forderte-quotZeit-die-braune-Socke-zu.jpg","keywords":["Aiwangers","braune","die","ExLehrer","f\u00f6rderte","mit","quotZeit","Socke","SPDSympathien","st\u00fcrzenquot"],"articleSection":["Deutschland","Russland"],"inLanguage":"de","potentialAction":[{"@type":"CommentAction","name":"Comment","target":["https:\/\/now-news.de\/de\/deutschland\/aiwangers-ex-lehrer-mit-spd-sympathien-forderte-zeit-die-braune-socke-zu-stuerzen\/#respond"]}]},{"@type":"WebPage","@id":"https:\/\/now-news.de\/de\/deutschland\/aiwangers-ex-lehrer-mit-spd-sympathien-forderte-zeit-die-braune-socke-zu-stuerzen\/","url":"https:\/\/now-news.de\/de\/deutschland\/aiwangers-ex-lehrer-mit-spd-sympathien-forderte-zeit-die-braune-socke-zu-stuerzen\/","name":"Aiwangers Ex-Lehrer mit SPD-Sympathien forderte: &quot;Zeit, die braune Socke zu st\u00fcrzen&quot; - just-now.NEWS Deutschland","isPartOf":{"@id":"https:\/\/now-news.de\/de\/#website"},"primaryImageOfPage":{"@id":"https:\/\/now-news.de\/de\/deutschland\/aiwangers-ex-lehrer-mit-spd-sympathien-forderte-zeit-die-braune-socke-zu-stuerzen\/#primaryimage"},"image":{"@id":"https:\/\/now-news.de\/de\/deutschland\/aiwangers-ex-lehrer-mit-spd-sympathien-forderte-zeit-die-braune-socke-zu-stuerzen\/#primaryimage"},"thumbnailUrl":"https:\/\/now-news.de\/de\/wp-content\/uploads\/sites\/3\/2023\/08\/Aiwangers-Ex-Lehrer-mit-SPD-Sympathien-forderte-quotZeit-die-braune-Socke-zu.jpg","datePublished":"2023-08-31T09:09:08+00:00","dateModified":"2023-08-31T09:09:08+00:00","breadcrumb":{"@id":"https:\/\/now-news.de\/de\/deutschland\/aiwangers-ex-lehrer-mit-spd-sympathien-forderte-zeit-die-braune-socke-zu-stuerzen\/#breadcrumb"},"inLanguage":"de","potentialAction":[{"@type":"ReadAction","target":["https:\/\/now-news.de\/de\/deutschland\/aiwangers-ex-lehrer-mit-spd-sympathien-forderte-zeit-die-braune-socke-zu-stuerzen\/"]}]},{"@type":"ImageObject","inLanguage":"de","@id":"https:\/\/now-news.de\/de\/deutschland\/aiwangers-ex-lehrer-mit-spd-sympathien-forderte-zeit-die-braune-socke-zu-stuerzen\/#primaryimage","url":"https:\/\/now-news.de\/de\/wp-content\/uploads\/sites\/3\/2023\/08\/Aiwangers-Ex-Lehrer-mit-SPD-Sympathien-forderte-quotZeit-die-braune-Socke-zu.jpg","contentUrl":"https:\/\/now-news.de\/de\/wp-content\/uploads\/sites\/3\/2023\/08\/Aiwangers-Ex-Lehrer-mit-SPD-Sympathien-forderte-quotZeit-die-braune-Socke-zu.jpg","width":460,"height":259,"caption":"Aiwangers Ex-Lehrer mit SPD-Sympathien forderte: &quot;Zeit, die braune Socke zu st\u00fcrzen&quot;"},{"@type":"BreadcrumbList","@id":"https:\/\/now-news.de\/de\/deutschland\/aiwangers-ex-lehrer-mit-spd-sympathien-forderte-zeit-die-braune-socke-zu-stuerzen\/#breadcrumb","itemListElement":[{"@type":"ListItem","position":1,"name":"Home","item":"https:\/\/now-news.de\/de\/"},{"@type":"ListItem","position":2,"name":"Aiwangers Ex-Lehrer mit SPD-Sympathien forderte: &quot;Zeit, die braune Socke zu st\u00fcrzen&quot;"}]},{"@type":"WebSite","@id":"https:\/\/now-news.de\/de\/#website","url":"https:\/\/now-news.de\/de\/","name":"just-now.NEWS Deutschland","description":"Das Portal f\u00fcr unzensierte Nachrichten aus der Welt","publisher":{"@id":"https:\/\/now-news.de\/de\/#organization"},"potentialAction":[{"@type":"SearchAction","target":{"@type":"EntryPoint","urlTemplate":"https:\/\/now-news.de\/de\/?s={search_term_string}"},"query-input":"required name=search_term_string"}],"inLanguage":"de"},{"@type":"Organization","@id":"https:\/\/now-news.de\/de\/#organization","name":"Just Now News","url":"https:\/\/now-news.de\/de\/","logo":{"@type":"ImageObject","inLanguage":"de","@id":"https:\/\/now-news.de\/de\/#\/schema\/logo\/image\/","url":"http:\/\/just-now.news\/de\/wp-content\/uploads\/sites\/3\/2022\/04\/logo500x500.jpg","contentUrl":"http:\/\/just-now.news\/de\/wp-content\/uploads\/sites\/3\/2022\/04\/logo500x500.jpg","width":500,"height":500,"caption":"Just Now News"},"image":{"@id":"https:\/\/now-news.de\/de\/#\/schema\/logo\/image\/"},"sameAs":["https:\/\/www.facebook.com\/wirmachenauf","https:\/\/x.com\/WirMachenAuf_de"]},{"@type":"Person","@id":"https:\/\/now-news.de\/de\/#\/schema\/person\/fb534a4e865501d8b3285208df34a9b5","name":"rtnews","image":{"@type":"ImageObject","inLanguage":"de","@id":"https:\/\/now-news.de\/de\/#\/schema\/person\/image\/","url":"https:\/\/secure.gravatar.com\/avatar\/82aafea7d8127119dd649515f56e2117?s=96&d=mm&r=g","contentUrl":"https:\/\/secure.gravatar.com\/avatar\/82aafea7d8127119dd649515f56e2117?s=96&d=mm&r=g","caption":"rtnews"},"url":"https:\/\/now-news.de\/de\/author\/rnews\/"}]}},"_links":{"self":[{"href":"https:\/\/now-news.de\/de\/wp-json\/wp\/v2\/posts\/45451"}],"collection":[{"href":"https:\/\/now-news.de\/de\/wp-json\/wp\/v2\/posts"}],"about":[{"href":"https:\/\/now-news.de\/de\/wp-json\/wp\/v2\/types\/post"}],"author":[{"embeddable":true,"href":"https:\/\/now-news.de\/de\/wp-json\/wp\/v2\/users\/3"}],"replies":[{"embeddable":true,"href":"https:\/\/now-news.de\/de\/wp-json\/wp\/v2\/comments?post=45451"}],"version-history":[{"count":0,"href":"https:\/\/now-news.de\/de\/wp-json\/wp\/v2\/posts\/45451\/revisions"}],"wp:featuredmedia":[{"embeddable":true,"href":"https:\/\/now-news.de\/de\/wp-json\/wp\/v2\/media\/45452"}],"wp:attachment":[{"href":"https:\/\/now-news.de\/de\/wp-json\/wp\/v2\/media?parent=45451"}],"wp:term":[{"taxonomy":"category","embeddable":true,"href":"https:\/\/now-news.de\/de\/wp-json\/wp\/v2\/categories?post=45451"},{"taxonomy":"post_tag","embeddable":true,"href":"https:\/\/now-news.de\/de\/wp-json\/wp\/v2\/tags?post=45451"}],"curies":[{"name":"wp","href":"https:\/\/api.w.org\/{rel}","templated":true}]}}