{"id":45448,"date":"2023-08-31T10:48:21","date_gmt":"2023-08-31T08:48:21","guid":{"rendered":"https:\/\/just-now.news\/de\/deutschland\/mindestens-63-tote-bei-brand-in-suedafrika\/"},"modified":"2023-08-31T10:48:21","modified_gmt":"2023-08-31T08:48:21","slug":"mindestens-63-tote-bei-brand-in-suedafrika","status":"publish","type":"post","link":"https:\/\/now-news.de\/de\/deutschland\/mindestens-63-tote-bei-brand-in-suedafrika\/","title":{"rendered":"Mindestens 63 Tote bei Brand in S\u00fcdafrika"},"content":{"rendered":"<p><img decoding=\"async\" src=\"http:\/\/just-now.news\/de\/wp-content\/uploads\/sites\/3\/2023\/08\/64f04d1648fbef24190b8ef8.jpg\" \/><\/p>\n<div class=\"Text-root Text-type_1 \">\n                Bei einem Feuer, das in einem Geb\u00e4ude der s\u00fcdafrikanischen Metropole Johannesburg ausgebrochen ist, sind mindestens 63 Menschen gestorben. Such- und Bergungsaktionen sind noch im Gange, doch die Sicherheitskr\u00e4fte haben kaum noch Hoffnung, \u00dcberlebende zu finden.\n            <\/div>\n<p><\/p>\n<div class=\"Text-root Text-type_5 ArticleView-text ViewText-root \">\n<p>Im Zentrum der s\u00fcdafrikanischen Metropole Johannesburg sind bei einem Feuer in einem Geb\u00e4ude am Donnerstag mindestens 63 Menschen ums Leben gekommen. Laut Einsatzkr\u00e4ften gibt es zudem 43 Verletzte, die Anzahl der Todesopfer k\u00f6nnte noch steigen.<\/p>\n<p>Die Such- und Bergungsaktion sei noch im Gange, schrieb Robert Mulaudzi, der Sprecher des \u00f6rtlichen Rettungsdienstes, auf Twitter\/X. Das Feuer brach in einem mehrst\u00f6ckigen Geb\u00e4ude im Central Business District von Johannesburg, der gr\u00f6\u00dften Stadt S\u00fcdafrikas, aus, wie die Rettungsdienste mitteilten. Mindestens ein Kind sei unter den Toten, sagte Mulaudzi.<\/p>\n<p>Die Beh\u00f6rden erkl\u00e4rten, das Feuer sei weitgehend gel\u00f6scht worden, aber aus den Fenstern des Geb\u00e4udes in der Innenstadt drang immer noch Rauch. Aus einigen Fenstern hingen auch Leint\u00fccher und andere Materialien. Es war nicht klar, ob die Menschen diese benutzt hatten, um dem Feuer zu entkommen, oder ob sie versuchten, ihr Hab und Gut zu retten.<\/p>\n<p>Mulaudzi sagte, das Geb\u00e4ude sei praktisch eine &#8220;informelle Siedlung&#8221;, in die Obdachlose auf der Suche nach einer Unterkunft ohne formelle Mietvertr\u00e4ge eingezogen seien. Deshalb sei es schwierig, das Geb\u00e4ude zu durchsuchen. Zeugen zufolge k\u00f6nnten bis zu 200 Menschen in dem Geb\u00e4ude gelebt haben.<\/p>\n<div class=\"EmbedBlock-root EmbedBlock-twitter\">\n<div class=\"TwitterEmbed\">\n<blockquote class=\"twitter-tweet lazyload\" data-twitter=\"twitter-tweet\">\n<p lang=\"en\" dir=\"ltr\"><a rel=\"nofollow noopener\" target=\"_blank\" href=\"https:\/\/twitter.com\/CityofJoburgEMS?ref_src=twsrc%5Etfw\">@CityofJoburgEMS<\/a> Firefighters are currently attending to a building on fire in <a rel=\"nofollow noopener\" target=\"_blank\" href=\"https:\/\/twitter.com\/CityofJoburgZA?ref_src=twsrc%5Etfw\">@CityofJoburgZA<\/a> CBD corner Delvers, Alberts street at this stage 10 people confirmed dead and multiple patients treated on scene transported to various health care facilities for further medical care <a rel=\"nofollow noopener\" target=\"_blank\" href=\"https:\/\/t.co\/20b6NXaHvF\">pic.twitter.com\/20b6NXaHvF<\/a><\/p>\n<p>\u2014 Cojems Spokesperson (@RobertMulaudzi) <a rel=\"nofollow noopener\" target=\"_blank\" href=\"https:\/\/twitter.com\/RobertMulaudzi\/status\/1697052785156485527?ref_src=twsrc%5Etfw\">August 31, 2023<\/a><\/p><\/blockquote>\n<\/div>\n<\/div>\n<p>Fernsehbilder zeigten Feuerwehrfahrzeuge und Krankenwagen vor dem Geb\u00e4ude mit ausgebrannten Fenstern, das von der Polizei abgeriegelt worden war. Mulaudzi sagte gegen\u00fcber der Nachrichtenseite <em>News24<\/em>:<\/p>\n<blockquote>\n<p><em>&#8220;Diejenigen, die versuchten, sich in Sicherheit zu bringen, waren aufgrund der Strukturen zwischen den Stockwerken gefangen.&#8221;<\/em><\/p>\n<\/blockquote>\n<p>Und weiter:<\/p>\n<blockquote>\n<p><em>&#8220;Wir haben die Menschen, die dort sind und nach ihren Angeh\u00f6rigen suchen, dar\u00fcber informiert, dass die Chancen, sie lebend zu finden, sehr gering sind.&#8221;<\/em><\/p>\n<\/blockquote>\n<p>Die Ursache des Brandes ist noch unklar.\u00a0Es\u00a0sei das dritte &#8220;\u00e4ltere Geb\u00e4ude&#8221; gewesen, das in den letzten Monaten in der Stadt in Flammen aufging, berichtete die Nachrichtenseite <em>TimesLIVE<\/em>.<\/p>\n<p>In Johannesburg kommt es immer wieder zu Br\u00e4nden. Anfang August brannte das oberste Stockwerk eines Geb\u00e4udes im Vorort Yeoville in der N\u00e4he des Stadtzentrums. Zuvor im Juni kamen zwei Kinder bei einem Brand in Hillbrow ums Leben. Und im Juli brach ein Feuer nach einer unterirdischen Gasexplosion aus.<\/p>\n<p><strong>Mehr zum Thema<\/strong> \u2013\u00a0<a rel=\"nofollow noopener\" target=\"_blank\" href=\"https:\/\/freeassange.rtde.life\/international\/178012-suedafrikas-botschafter-bei-brics-antirussische\/\">S\u00fcdafrikas Botschafter bei BRICS: Antirussische Sanktionen haben keinen Einfluss auf BRICS<\/a><\/p>\n<div class=\"EmbedBlock-root EmbedBlock-externalVideo EmbedBlock-odysee\">\n<div class=\"VkEmbed\"><iframe class=\"lazyload\" data-src=\"https:\/\/odysee.com\/%24\/embed\/%40RTDE%3Ae%2Fs%C3%BCdafrika-BRICS-ist-jetzt-der-hei%C3%9Feste-club-der-welt%3Ac\" frameborder=\"0\" width=\"853\" height=\"480\" allowfullscreen><\/iframe><\/div>\n<\/div>\n<\/div>\n<p><script async src=\"https:\/\/platform.twitter.com\/widgets.js\" charset=\"utf-8\"><\/script><br \/>\n<br \/><br \/>\n<br \/><a href=\"https:\/\/de.rt.com\/afrika\/179389-mindestens-63-tote-bei-brand-in-suedafrika\/\">Source link <\/a><\/p>\n","protected":false},"excerpt":{"rendered":"<p>Bei einem Feuer, das in einem Geb\u00e4ude der s\u00fcdafrikanischen Metropole Johannesburg ausgebrochen ist, sind mindestens 63 Menschen gestorben. Such- und Bergungsaktionen sind noch im Gange, doch die Sicherheitskr\u00e4fte haben kaum noch Hoffnung, \u00dcberlebende zu finden. Im Zentrum der s\u00fcdafrikanischen Metropole Johannesburg sind bei einem Feuer in einem Geb\u00e4ude am Donnerstag mindestens 63 Menschen ums Leben [&hellip;]<\/p>\n","protected":false},"author":3,"featured_media":45449,"comment_status":"open","ping_status":"open","sticky":false,"template":"","format":"standard","meta":{"_yoast_indexnow_last_ping":["1693471797"],"wp_automatic_camp":["217"],"15f15e3020afdde556dd2afba09de020":["Mindestens 63 Tote bei Brand in S\u00fcdafrika"],"original_link":["https:\/\/de.rt.com\/afrika\/179389-mindestens-63-tote-bei-brand-in-suedafrika\/"],"_thumbnail_id":["45449"],"_wptgpro_p2tg_sent2tg":["a:1:{i:23737;s:19:\"2023-08-31 10:51:11\";}"],"jnews_social_counter_last_update":["1777148786"]},"categories":[19,23],"tags":[363,5430,3231,27520,3233],"yoast_head":"<!-- This site is optimized with the Yoast SEO Premium plugin v22.7 (Yoast SEO v22.7) - https:\/\/yoast.com\/wordpress\/plugins\/seo\/ -->\n<title>Mindestens 63 Tote bei Brand in S\u00fcdafrika - just-now.NEWS Deutschland<\/title>\n<meta name=\"robots\" content=\"index, follow, max-snippet:-1, max-image-preview:large, max-video-preview:-1\" \/>\n<link rel=\"canonical\" href=\"https:\/\/now-news.de\/de\/deutschland\/mindestens-63-tote-bei-brand-in-suedafrika\/\" \/>\n<meta property=\"og:locale\" content=\"de_DE\" \/>\n<meta property=\"og:type\" content=\"article\" \/>\n<meta property=\"og:title\" content=\"Mindestens 63 Tote bei Brand in S\u00fcdafrika\" \/>\n<meta property=\"og:description\" content=\"Bei einem Feuer, das in einem Geb\u00e4ude der s\u00fcdafrikanischen Metropole Johannesburg ausgebrochen ist, sind mindestens 63 Menschen gestorben. Such- und Bergungsaktionen sind noch im Gange, doch die Sicherheitskr\u00e4fte haben kaum noch Hoffnung, \u00dcberlebende zu finden. Im Zentrum der s\u00fcdafrikanischen Metropole Johannesburg sind bei einem Feuer in einem Geb\u00e4ude am Donnerstag mindestens 63 Menschen ums Leben [&hellip;]\" \/>\n<meta property=\"og:url\" content=\"https:\/\/now-news.de\/de\/deutschland\/mindestens-63-tote-bei-brand-in-suedafrika\/\" \/>\n<meta property=\"og:site_name\" content=\"just-now.NEWS Deutschland\" \/>\n<meta property=\"article:publisher\" content=\"https:\/\/www.facebook.com\/wirmachenauf\" \/>\n<meta property=\"article:published_time\" content=\"2023-08-31T08:48:21+00:00\" \/>\n<meta property=\"og:image\" content=\"https:\/\/now-news.de\/de\/wp-content\/uploads\/sites\/3\/2023\/08\/Mindestens-63-Tote-bei-Brand-in-Suedafrika.jpg\" \/>\n\t<meta property=\"og:image:width\" content=\"460\" \/>\n\t<meta property=\"og:image:height\" content=\"259\" \/>\n\t<meta property=\"og:image:type\" content=\"image\/jpeg\" \/>\n<meta name=\"author\" content=\"rtnews\" \/>\n<meta name=\"twitter:card\" content=\"summary_large_image\" \/>\n<meta name=\"twitter:creator\" content=\"@WirMachenAuf_de\" \/>\n<meta name=\"twitter:site\" content=\"@WirMachenAuf_de\" \/>\n<meta name=\"twitter:label1\" content=\"Verfasst von\" \/>\n\t<meta name=\"twitter:data1\" content=\"rtnews\" \/>\n\t<meta name=\"twitter:label2\" content=\"Gesch\u00e4tzte Lesezeit\" \/>\n\t<meta name=\"twitter:data2\" content=\"2\u00a0Minuten\" \/>\n<script type=\"application\/ld+json\" class=\"yoast-schema-graph\">{\"@context\":\"https:\/\/schema.org\",\"@graph\":[{\"@type\":\"Article\",\"@id\":\"https:\/\/now-news.de\/de\/deutschland\/mindestens-63-tote-bei-brand-in-suedafrika\/#article\",\"isPartOf\":{\"@id\":\"https:\/\/now-news.de\/de\/deutschland\/mindestens-63-tote-bei-brand-in-suedafrika\/\"},\"author\":{\"name\":\"rtnews\",\"@id\":\"https:\/\/now-news.de\/de\/#\/schema\/person\/fb534a4e865501d8b3285208df34a9b5\"},\"headline\":\"Mindestens 63 Tote bei Brand in S\u00fcdafrika\",\"datePublished\":\"2023-08-31T08:48:21+00:00\",\"dateModified\":\"2023-08-31T08:48:21+00:00\",\"mainEntityOfPage\":{\"@id\":\"https:\/\/now-news.de\/de\/deutschland\/mindestens-63-tote-bei-brand-in-suedafrika\/\"},\"wordCount\":460,\"commentCount\":0,\"publisher\":{\"@id\":\"https:\/\/now-news.de\/de\/#organization\"},\"image\":{\"@id\":\"https:\/\/now-news.de\/de\/deutschland\/mindestens-63-tote-bei-brand-in-suedafrika\/#primaryimage\"},\"thumbnailUrl\":\"https:\/\/now-news.de\/de\/wp-content\/uploads\/sites\/3\/2023\/08\/Mindestens-63-Tote-bei-Brand-in-Suedafrika.jpg\",\"keywords\":[\"bei\",\"Brand\",\"Mindestens\",\"S\u00fcdafrika\",\"Tote\"],\"articleSection\":[\"Deutschland\",\"Russland\"],\"inLanguage\":\"de\",\"potentialAction\":[{\"@type\":\"CommentAction\",\"name\":\"Comment\",\"target\":[\"https:\/\/now-news.de\/de\/deutschland\/mindestens-63-tote-bei-brand-in-suedafrika\/#respond\"]}]},{\"@type\":\"WebPage\",\"@id\":\"https:\/\/now-news.de\/de\/deutschland\/mindestens-63-tote-bei-brand-in-suedafrika\/\",\"url\":\"https:\/\/now-news.de\/de\/deutschland\/mindestens-63-tote-bei-brand-in-suedafrika\/\",\"name\":\"Mindestens 63 Tote bei Brand in S\u00fcdafrika - just-now.NEWS Deutschland\",\"isPartOf\":{\"@id\":\"https:\/\/now-news.de\/de\/#website\"},\"primaryImageOfPage\":{\"@id\":\"https:\/\/now-news.de\/de\/deutschland\/mindestens-63-tote-bei-brand-in-suedafrika\/#primaryimage\"},\"image\":{\"@id\":\"https:\/\/now-news.de\/de\/deutschland\/mindestens-63-tote-bei-brand-in-suedafrika\/#primaryimage\"},\"thumbnailUrl\":\"https:\/\/now-news.de\/de\/wp-content\/uploads\/sites\/3\/2023\/08\/Mindestens-63-Tote-bei-Brand-in-Suedafrika.jpg\",\"datePublished\":\"2023-08-31T08:48:21+00:00\",\"dateModified\":\"2023-08-31T08:48:21+00:00\",\"breadcrumb\":{\"@id\":\"https:\/\/now-news.de\/de\/deutschland\/mindestens-63-tote-bei-brand-in-suedafrika\/#breadcrumb\"},\"inLanguage\":\"de\",\"potentialAction\":[{\"@type\":\"ReadAction\",\"target\":[\"https:\/\/now-news.de\/de\/deutschland\/mindestens-63-tote-bei-brand-in-suedafrika\/\"]}]},{\"@type\":\"ImageObject\",\"inLanguage\":\"de\",\"@id\":\"https:\/\/now-news.de\/de\/deutschland\/mindestens-63-tote-bei-brand-in-suedafrika\/#primaryimage\",\"url\":\"https:\/\/now-news.de\/de\/wp-content\/uploads\/sites\/3\/2023\/08\/Mindestens-63-Tote-bei-Brand-in-Suedafrika.jpg\",\"contentUrl\":\"https:\/\/now-news.de\/de\/wp-content\/uploads\/sites\/3\/2023\/08\/Mindestens-63-Tote-bei-Brand-in-Suedafrika.jpg\",\"width\":460,\"height\":259,\"caption\":\"Mindestens 63 Tote bei Brand in S\u00fcdafrika\"},{\"@type\":\"BreadcrumbList\",\"@id\":\"https:\/\/now-news.de\/de\/deutschland\/mindestens-63-tote-bei-brand-in-suedafrika\/#breadcrumb\",\"itemListElement\":[{\"@type\":\"ListItem\",\"position\":1,\"name\":\"Home\",\"item\":\"https:\/\/now-news.de\/de\/\"},{\"@type\":\"ListItem\",\"position\":2,\"name\":\"Mindestens 63 Tote bei Brand in S\u00fcdafrika\"}]},{\"@type\":\"WebSite\",\"@id\":\"https:\/\/now-news.de\/de\/#website\",\"url\":\"https:\/\/now-news.de\/de\/\",\"name\":\"just-now.NEWS Deutschland\",\"description\":\"Das Portal f\u00fcr unzensierte Nachrichten aus der Welt\",\"publisher\":{\"@id\":\"https:\/\/now-news.de\/de\/#organization\"},\"potentialAction\":[{\"@type\":\"SearchAction\",\"target\":{\"@type\":\"EntryPoint\",\"urlTemplate\":\"https:\/\/now-news.de\/de\/?s={search_term_string}\"},\"query-input\":\"required name=search_term_string\"}],\"inLanguage\":\"de\"},{\"@type\":\"Organization\",\"@id\":\"https:\/\/now-news.de\/de\/#organization\",\"name\":\"Just Now News\",\"url\":\"https:\/\/now-news.de\/de\/\",\"logo\":{\"@type\":\"ImageObject\",\"inLanguage\":\"de\",\"@id\":\"https:\/\/now-news.de\/de\/#\/schema\/logo\/image\/\",\"url\":\"http:\/\/just-now.news\/de\/wp-content\/uploads\/sites\/3\/2022\/04\/logo500x500.jpg\",\"contentUrl\":\"http:\/\/just-now.news\/de\/wp-content\/uploads\/sites\/3\/2022\/04\/logo500x500.jpg\",\"width\":500,\"height\":500,\"caption\":\"Just Now News\"},\"image\":{\"@id\":\"https:\/\/now-news.de\/de\/#\/schema\/logo\/image\/\"},\"sameAs\":[\"https:\/\/www.facebook.com\/wirmachenauf\",\"https:\/\/x.com\/WirMachenAuf_de\"]},{\"@type\":\"Person\",\"@id\":\"https:\/\/now-news.de\/de\/#\/schema\/person\/fb534a4e865501d8b3285208df34a9b5\",\"name\":\"rtnews\",\"image\":{\"@type\":\"ImageObject\",\"inLanguage\":\"de\",\"@id\":\"https:\/\/now-news.de\/de\/#\/schema\/person\/image\/\",\"url\":\"https:\/\/secure.gravatar.com\/avatar\/82aafea7d8127119dd649515f56e2117?s=96&d=mm&r=g\",\"contentUrl\":\"https:\/\/secure.gravatar.com\/avatar\/82aafea7d8127119dd649515f56e2117?s=96&d=mm&r=g\",\"caption\":\"rtnews\"},\"url\":\"https:\/\/now-news.de\/de\/author\/rnews\/\"}]}<\/script>\n<!-- \/ Yoast SEO Premium plugin. -->","yoast_head_json":{"title":"Mindestens 63 Tote bei Brand in S\u00fcdafrika - just-now.NEWS Deutschland","robots":{"index":"index","follow":"follow","max-snippet":"max-snippet:-1","max-image-preview":"max-image-preview:large","max-video-preview":"max-video-preview:-1"},"canonical":"https:\/\/now-news.de\/de\/deutschland\/mindestens-63-tote-bei-brand-in-suedafrika\/","og_locale":"de_DE","og_type":"article","og_title":"Mindestens 63 Tote bei Brand in S\u00fcdafrika","og_description":"Bei einem Feuer, das in einem Geb\u00e4ude der s\u00fcdafrikanischen Metropole Johannesburg ausgebrochen ist, sind mindestens 63 Menschen gestorben. Such- und Bergungsaktionen sind noch im Gange, doch die Sicherheitskr\u00e4fte haben kaum noch Hoffnung, \u00dcberlebende zu finden. Im Zentrum der s\u00fcdafrikanischen Metropole Johannesburg sind bei einem Feuer in einem Geb\u00e4ude am Donnerstag mindestens 63 Menschen ums Leben [&hellip;]","og_url":"https:\/\/now-news.de\/de\/deutschland\/mindestens-63-tote-bei-brand-in-suedafrika\/","og_site_name":"just-now.NEWS Deutschland","article_publisher":"https:\/\/www.facebook.com\/wirmachenauf","article_published_time":"2023-08-31T08:48:21+00:00","og_image":[{"width":460,"height":259,"url":"https:\/\/now-news.de\/de\/wp-content\/uploads\/sites\/3\/2023\/08\/Mindestens-63-Tote-bei-Brand-in-Suedafrika.jpg","type":"image\/jpeg"}],"author":"rtnews","twitter_card":"summary_large_image","twitter_creator":"@WirMachenAuf_de","twitter_site":"@WirMachenAuf_de","twitter_misc":{"Verfasst von":"rtnews","Gesch\u00e4tzte Lesezeit":"2\u00a0Minuten"},"schema":{"@context":"https:\/\/schema.org","@graph":[{"@type":"Article","@id":"https:\/\/now-news.de\/de\/deutschland\/mindestens-63-tote-bei-brand-in-suedafrika\/#article","isPartOf":{"@id":"https:\/\/now-news.de\/de\/deutschland\/mindestens-63-tote-bei-brand-in-suedafrika\/"},"author":{"name":"rtnews","@id":"https:\/\/now-news.de\/de\/#\/schema\/person\/fb534a4e865501d8b3285208df34a9b5"},"headline":"Mindestens 63 Tote bei Brand in S\u00fcdafrika","datePublished":"2023-08-31T08:48:21+00:00","dateModified":"2023-08-31T08:48:21+00:00","mainEntityOfPage":{"@id":"https:\/\/now-news.de\/de\/deutschland\/mindestens-63-tote-bei-brand-in-suedafrika\/"},"wordCount":460,"commentCount":0,"publisher":{"@id":"https:\/\/now-news.de\/de\/#organization"},"image":{"@id":"https:\/\/now-news.de\/de\/deutschland\/mindestens-63-tote-bei-brand-in-suedafrika\/#primaryimage"},"thumbnailUrl":"https:\/\/now-news.de\/de\/wp-content\/uploads\/sites\/3\/2023\/08\/Mindestens-63-Tote-bei-Brand-in-Suedafrika.jpg","keywords":["bei","Brand","Mindestens","S\u00fcdafrika","Tote"],"articleSection":["Deutschland","Russland"],"inLanguage":"de","potentialAction":[{"@type":"CommentAction","name":"Comment","target":["https:\/\/now-news.de\/de\/deutschland\/mindestens-63-tote-bei-brand-in-suedafrika\/#respond"]}]},{"@type":"WebPage","@id":"https:\/\/now-news.de\/de\/deutschland\/mindestens-63-tote-bei-brand-in-suedafrika\/","url":"https:\/\/now-news.de\/de\/deutschland\/mindestens-63-tote-bei-brand-in-suedafrika\/","name":"Mindestens 63 Tote bei Brand in S\u00fcdafrika - just-now.NEWS Deutschland","isPartOf":{"@id":"https:\/\/now-news.de\/de\/#website"},"primaryImageOfPage":{"@id":"https:\/\/now-news.de\/de\/deutschland\/mindestens-63-tote-bei-brand-in-suedafrika\/#primaryimage"},"image":{"@id":"https:\/\/now-news.de\/de\/deutschland\/mindestens-63-tote-bei-brand-in-suedafrika\/#primaryimage"},"thumbnailUrl":"https:\/\/now-news.de\/de\/wp-content\/uploads\/sites\/3\/2023\/08\/Mindestens-63-Tote-bei-Brand-in-Suedafrika.jpg","datePublished":"2023-08-31T08:48:21+00:00","dateModified":"2023-08-31T08:48:21+00:00","breadcrumb":{"@id":"https:\/\/now-news.de\/de\/deutschland\/mindestens-63-tote-bei-brand-in-suedafrika\/#breadcrumb"},"inLanguage":"de","potentialAction":[{"@type":"ReadAction","target":["https:\/\/now-news.de\/de\/deutschland\/mindestens-63-tote-bei-brand-in-suedafrika\/"]}]},{"@type":"ImageObject","inLanguage":"de","@id":"https:\/\/now-news.de\/de\/deutschland\/mindestens-63-tote-bei-brand-in-suedafrika\/#primaryimage","url":"https:\/\/now-news.de\/de\/wp-content\/uploads\/sites\/3\/2023\/08\/Mindestens-63-Tote-bei-Brand-in-Suedafrika.jpg","contentUrl":"https:\/\/now-news.de\/de\/wp-content\/uploads\/sites\/3\/2023\/08\/Mindestens-63-Tote-bei-Brand-in-Suedafrika.jpg","width":460,"height":259,"caption":"Mindestens 63 Tote bei Brand in S\u00fcdafrika"},{"@type":"BreadcrumbList","@id":"https:\/\/now-news.de\/de\/deutschland\/mindestens-63-tote-bei-brand-in-suedafrika\/#breadcrumb","itemListElement":[{"@type":"ListItem","position":1,"name":"Home","item":"https:\/\/now-news.de\/de\/"},{"@type":"ListItem","position":2,"name":"Mindestens 63 Tote bei Brand in S\u00fcdafrika"}]},{"@type":"WebSite","@id":"https:\/\/now-news.de\/de\/#website","url":"https:\/\/now-news.de\/de\/","name":"just-now.NEWS Deutschland","description":"Das Portal f\u00fcr unzensierte Nachrichten aus der Welt","publisher":{"@id":"https:\/\/now-news.de\/de\/#organization"},"potentialAction":[{"@type":"SearchAction","target":{"@type":"EntryPoint","urlTemplate":"https:\/\/now-news.de\/de\/?s={search_term_string}"},"query-input":"required name=search_term_string"}],"inLanguage":"de"},{"@type":"Organization","@id":"https:\/\/now-news.de\/de\/#organization","name":"Just Now News","url":"https:\/\/now-news.de\/de\/","logo":{"@type":"ImageObject","inLanguage":"de","@id":"https:\/\/now-news.de\/de\/#\/schema\/logo\/image\/","url":"http:\/\/just-now.news\/de\/wp-content\/uploads\/sites\/3\/2022\/04\/logo500x500.jpg","contentUrl":"http:\/\/just-now.news\/de\/wp-content\/uploads\/sites\/3\/2022\/04\/logo500x500.jpg","width":500,"height":500,"caption":"Just Now News"},"image":{"@id":"https:\/\/now-news.de\/de\/#\/schema\/logo\/image\/"},"sameAs":["https:\/\/www.facebook.com\/wirmachenauf","https:\/\/x.com\/WirMachenAuf_de"]},{"@type":"Person","@id":"https:\/\/now-news.de\/de\/#\/schema\/person\/fb534a4e865501d8b3285208df34a9b5","name":"rtnews","image":{"@type":"ImageObject","inLanguage":"de","@id":"https:\/\/now-news.de\/de\/#\/schema\/person\/image\/","url":"https:\/\/secure.gravatar.com\/avatar\/82aafea7d8127119dd649515f56e2117?s=96&d=mm&r=g","contentUrl":"https:\/\/secure.gravatar.com\/avatar\/82aafea7d8127119dd649515f56e2117?s=96&d=mm&r=g","caption":"rtnews"},"url":"https:\/\/now-news.de\/de\/author\/rnews\/"}]}},"_links":{"self":[{"href":"https:\/\/now-news.de\/de\/wp-json\/wp\/v2\/posts\/45448"}],"collection":[{"href":"https:\/\/now-news.de\/de\/wp-json\/wp\/v2\/posts"}],"about":[{"href":"https:\/\/now-news.de\/de\/wp-json\/wp\/v2\/types\/post"}],"author":[{"embeddable":true,"href":"https:\/\/now-news.de\/de\/wp-json\/wp\/v2\/users\/3"}],"replies":[{"embeddable":true,"href":"https:\/\/now-news.de\/de\/wp-json\/wp\/v2\/comments?post=45448"}],"version-history":[{"count":0,"href":"https:\/\/now-news.de\/de\/wp-json\/wp\/v2\/posts\/45448\/revisions"}],"wp:featuredmedia":[{"embeddable":true,"href":"https:\/\/now-news.de\/de\/wp-json\/wp\/v2\/media\/45449"}],"wp:attachment":[{"href":"https:\/\/now-news.de\/de\/wp-json\/wp\/v2\/media?parent=45448"}],"wp:term":[{"taxonomy":"category","embeddable":true,"href":"https:\/\/now-news.de\/de\/wp-json\/wp\/v2\/categories?post=45448"},{"taxonomy":"post_tag","embeddable":true,"href":"https:\/\/now-news.de\/de\/wp-json\/wp\/v2\/tags?post=45448"}],"curies":[{"name":"wp","href":"https:\/\/api.w.org\/{rel}","templated":true}]}}