{"id":45426,"date":"2023-08-30T19:45:06","date_gmt":"2023-08-30T17:45:06","guid":{"rendered":"https:\/\/just-now.news\/de\/deutschland\/sinnloses-scheissgelaber-gruenenpolitikerin-vergreift-sich-bei-corona-diskussion-voellig-im-ton\/"},"modified":"2023-08-30T19:45:06","modified_gmt":"2023-08-30T17:45:06","slug":"sinnloses-scheissgelaber-gruenenpolitikerin-vergreift-sich-bei-corona-diskussion-voellig-im-ton","status":"publish","type":"post","link":"https:\/\/now-news.de\/de\/deutschland\/sinnloses-scheissgelaber-gruenenpolitikerin-vergreift-sich-bei-corona-diskussion-voellig-im-ton\/","title":{"rendered":"&quot;Sinnloses Schei\u00dfgelaber&quot; &#8211; Gr\u00fcnenpolitikerin vergreift sich bei Corona-Diskussion v\u00f6llig im Ton"},"content":{"rendered":"<p><img decoding=\"async\" src=\"http:\/\/just-now.news\/de\/wp-content\/uploads\/sites\/3\/2023\/08\/64ef222c48fbef19943b6532.jpg\" \/><\/p>\n<div class=\"Text-root Text-type_1 \">\n                Leitende Mitglieder der Gr\u00fcnen identifizierten sich zu 100 Prozent in der Corona-Krise mit der in Teilen unerbittlichen Ma\u00dfnahmenpolitik. Wenig \u00fcberraschend empfinden auch unbekanntere Mitglieder dieser Partei eine Aufarbeitung dieser Zeit als \u00fcberfl\u00fcssig. Die gr\u00fcne Kommunalpolitikerin Barbara Domke urteilt dabei unmissverst\u00e4ndlich.\n            <\/div>\n<p><\/p>\n<div class=\"Text-root Text-type_5 ArticleView-text ViewText-root \">\n<p><em>Von Bernhard Loyen<\/em><\/p>\n<p>Zu den bekannteren Protagonisten einer vehementen Einforderung und Unterst\u00fctzung der gesamtverantwortlichen Regierungspolitik in der Corona-Krise z\u00e4hlten in der Partei B\u00fcndnis 90\/Die Gr\u00fcnen nachweislich Janosch &#8220;Brauchen dringend <a rel=\"nofollow noopener\" target=\"_blank\" href=\"https:\/\/www.n-tv.de\/politik\/Brauchen-dringend-flaechendeckend-2G-article22910438.html\">fl\u00e4chendeckend<\/a> 2G&#8221; Dahmen (gesundheitspolitischer Sprecher der Partei), Katharina &#8220;<a rel=\"nofollow noopener\" target=\"_blank\" href=\"https:\/\/twitter.com\/MrJonasDanner\/status\/1695691111992295873?ref_src=twsrc%5Etfw%7Ctwcamp%5Etweetembed%7Ctwterm%5E1695691111992295873%7Ctwgr%5E171199c37bc02f5f34b8a22636bc11766c9e9221%7Ctwcon%5Es1_&amp;ref_url=https%3A%2F%2Fde.rt.com%2Fmeinung%2F179182-causa-aiwanger-katharina-schulze-und-die-krux-mit-der-politischen-doppelmoral%2F\">Versch\u00e4rfung<\/a> der Kontaktbeschr\u00e4nkung f\u00fcr ungeimpfte Erwachsene&#8221; Schulze, Katrin &#8220;Impfpflicht&#8221; G\u00f6ring-Eckardt, Robert &#8220;<a rel=\"nofollow noopener\" target=\"_blank\" href=\"https:\/\/www.gruene-bundestag.de\/parlament\/bundestagsreden\/impfpflicht-4\">Impfen<\/a> bis die <a rel=\"nofollow noopener\" target=\"_blank\" href=\"https:\/\/www.youtube.com\/watch?v=vAToz_HPP34\">Nadel gl\u00fcht<\/a>&#8221; Habeck wie auch Emilia &#8220;Ich will meine <a rel=\"nofollow noopener\" target=\"_blank\" href=\"https:\/\/www.focus.de\/politik\/will-meine-freiheit-zurueck-junge-gruenen-abgeordnete-emilia-fester-mit-beispielloser-wutrede-bei-impfdebatte_id_69513401.html\">Freiheit<\/a> zur\u00fcck&#8221; Fester.<\/p>\n<p>Nun wurde die Gedankenwelt der gr\u00fcnen\u00a0Kommunalpolitikerin Barbara Domke bekannt, ausgehend von einem sogenannten &#8220;Twitter-Space&#8221; auf dem Portal X, einem Live-Audio-Gespr\u00e4ch\u00a0mit\u00a0mehreren Teilnehmern. Die Aussagen der Cottbusser Stadtverordneten irritieren, wenn nicht sogar schockieren. Das Thema des &#8220;Live-Talks&#8221; lautete Corona-Aufarbeitung. Der Titel\u00a0klang provokativ:<\/p>\n<blockquote>\n<p><em>&#8220;&#8216;Aufarbeitung&#8217; hei\u00dft \u00fcbersetzt &#8216;Ich, ich, ich will Recht haben'&#8221;<\/em><\/p>\n<\/blockquote>\n<p>Das sehr aufschlussreiche, fast dreist\u00fcndige Gespr\u00e4ch findet sich \u00fcber mehrere verk\u00fcrzte Mitschnitte auf X\/Twitter. Die Vehemenz, mit der die Berufspolitikerin ihre Mitdiskutanten abkanzelt, ma\u00dfregelt und teilweise regelrecht anschreit, verleitet spontan zum Gef\u00fchl der Fremdscham. Die Frau arbeitet nachweislich haupt- oder nebenberuflich (?) als Sozialarbeiterin. X-Kommentare bezeichneten die lauten Darlegungen von Domke als &#8220;geh\u00e4ssig&#8221;, ihre Aussagen sprechen dabei vollkommen ausreichend f\u00fcr sich allein. Worum ging es in der &#8220;Diskussion&#8221;?<\/p>\n<p>Ein Teilnehmer <a rel=\"nofollow noopener\" target=\"_blank\" href=\"https:\/\/twitter.com\/DigitalerC\/status\/1696524541802209582\">erw\u00e4hnt<\/a> seine pers\u00f6nliche Erfahrung mit der Situation, aufgrund der eingeforderten Ma\u00dfnahmenpolitik \u00fcber einen l\u00e4ngeren Zeitraum \\u2012 &#8220;fast ein ganzes Jahr&#8221; \\u2012 seine Familie nicht gesehen zu haben. Domke gr\u00e4tscht aggressiv in seine Darlegung und erwidert:<\/p>\n<blockquote>\n<p><em>&#8220;Ja, nun komm klar verdammt nochmal. Mensch, also, jetzt komm doch mal klar.\u00a0Ihr\u00a0tut hier alle so, als\u00a0ob hier drei Atombomben heruntergefallen sind, verdammt noch mal.&#8221;<\/em><\/p>\n<\/blockquote>\n<p>Wenige Minuten zuvor \u00e4u\u00dferte sie bereits ihren lautstarken Unmut zum Thema gesellschaftlicher Alltagssorgen in der Corona-Krise. So unterbrach sie mit Zwischenrufen wie:<\/p>\n<blockquote>\n<p><em>&#8220;Also, du erz\u00e4hlst hier wirklich einen, ein so krudes Zeug, wenn Fakten und Tatsachen \\u2012 eines kommentierenden Mitdiskutanten \\u2012 f\u00fcr dich von oben herab sind, dann hast du in der falschen Welt gelebt. Du erz\u00e4hlst hier krudeste Verschw\u00f6rungstheorien&#8230;<\/em><\/p>\n<p><em>So eine, dieses sinnlose Schei\u00dfgelaber, dass es hier einem Menschen, dass hier so vielen Menschen schlecht ging. Was ist denn das f\u00fcr eine krude Wahrnehmung? &#8220;<\/em><\/p>\n<\/blockquote>\n<p>Der von Domke verteidigte Diskutant \u00e4u\u00dferte sich laut X-Kommentaren &#8220;herablassend und zynisch&#8221; \u00fcber das nachweisliche Leid von Menschen in der Corona-Krise und befand die Ma\u00dfnahmen zudem als\u00a0sinnvoll und\u00a0angebracht. Als der angegriffene und beispielgebende Diskutant wagte noch anzumerken, &#8220;es geht doch nicht um mich&#8221;, kommentierte Domke:<\/p>\n<blockquote>\n<p><em>&#8220;Ansonsten musst du halt eine Therapie machen&#8230;&#8221;<\/em><\/p>\n<\/blockquote>\n<p>In einem anderen <a rel=\"nofollow noopener\" target=\"_blank\" href=\"https:\/\/twitter.com\/Maga113377\/status\/1696560413272424463\">Ausschnitt<\/a> unterbricht die Sozialarbeiterin mit den Worten:<\/p>\n<blockquote>\n<p><em>&#8220;Jetzt quatsch doch nicht einfach dazwischen, du bist nicht dran, verdammt nochmal&#8230;Ruhe hab ich gesagt&#8230;Halt den Schnabel, wenn du arbeitslos bist, interessiert keine Sau und du bist nicht dran, verdammt noch mal&#8230;&#8221;<\/em><\/p>\n<p><em>Dass die sich nicht mal in ihre Rolle einfinden k\u00f6nnen, dass sie nichts zu sagen haben, das ist unglaublich&#8230;Das tut mir leid, das ist meine Art und Weise&#8230;Der Punkt ist aber einfach, dass seit dreieinhalb Jahren in diesem Volk nur, nur irgendwelche G\u00fclle und nur irgendetwas egomanisches und egoistisches Zeug erz\u00e4hlt wird und es ging keinem schlecht.&#8221;<\/em><\/p>\n<p><em>Es ging wirklich niemandem\u00a0fuckin&#8217; nochmal schlecht. Und wenn dar\u00fcber gejammert wird, dass man irgendwie mal, dass man ein Jahr, was ja v\u00f6llig gelogen ist, dass man \u00fcber einen l\u00e4ngeren Zeitraum niemanden sehen durfte, oder sonst irgendwas, also es ist niemand gestorben. Es sind Leute gestorben, aber das hatte andere Gr\u00fcnde, einfach weil wir in unserem Land den Arsch nicht hochgekriegt haben, um hier sozusagen einfach mal das Gro\u00dfe und Ganze zu sehen und einfach gesamtgesellschaftliche Verantwortung zu \u00fcbernehmen&#8230;<\/em><\/p>\n<p><em>Wir haben das Gesellschaftsexperiment gnadenlos zum Scheitern gebracht. Und im Endeffekt ist es so,&#8230;, dass wir so viele &#8220;Wissenschaftler&#8221; in diesem Land haben [&#8230;] der\/die von nichts Ahnung haben, die komische Videos ver\u00f6ffentlichen, wo (er) die Nichtwirksamkeit von Masken\u00a0seinen Sch\u00fclern nahebringen wollte, was v\u00f6llig absurd ist\u00a0(Domke lacht)&#8230;<\/em><\/p>\n<p><em>&#8230;weil L\u00fcgen und Betr\u00fcgen schon immer die Menschen irgendwie fasziniert hat und die Menschen auch tats\u00e4chlich den Leuten schon immer auf den Leim gegangen sind, so wie das bei Adolf Hitler schon gewesen ist. Dem sind die Leute auch auf den Leim gegangen&#8230;&#8221;<\/em><\/p>\n<\/blockquote>\n<p>Sie, Domke, m\u00f6chte die genannten Lehrer und Wissenschaftler, &#8220;gr\u00f6\u00dfere Querdenker nicht mit Adolf Hitler vergleichen, aber eine N\u00e4he m\u00f6chte ich jetzt nicht abstreiten&#8221;, so das Parteimitglied von B\u00fcndnis 90\/Die Gr\u00fcnen w\u00f6rtlich in der Diskussion.<\/p>\n<div class=\"EmbedBlock-root EmbedBlock-twitter\">\n<div class=\"TwitterEmbed\">\n<blockquote class=\"twitter-tweet lazyload\" data-twitter=\"twitter-tweet\">\n<p lang=\"de\" dir=\"ltr\">Unfassbar! Das ist die gr\u00fcne Kommunalpolitikerin <a rel=\"nofollow noopener\" target=\"_blank\" href=\"https:\/\/twitter.com\/BarbaraDomke?ref_src=twsrc%5Etfw\">@BarbaraDomke<\/a>, hauptberuflich Sozialarbeiterin in Cottbus, die hier in einem \u00f6ffentlichen Space spricht.Alles hieran ist widerlich und mir f\u00e4llt bei soviel Geh\u00e4ssigkeit nur ein, <a rel=\"nofollow noopener\" target=\"_blank\" href=\"https:\/\/twitter.com\/hashtag\/SeiNichtWieBarbara?src=hash&amp;ref_src=twsrc%5Etfw\">#SeiNichtWieBarbara<\/a><a rel=\"nofollow noopener\" target=\"_blank\" href=\"https:\/\/t.co\/Rfjr1FYhgB\">pic.twitter.com\/Rfjr1FYhgB<\/a><\/p>\n<p>\u2014 \ud835\ude43\ud835\ude56\ud835\ude5c\ud835\ude5e\ud835\ude63\ud835\ude5d\ud835\ude64 (@El_Haginho) <a rel=\"nofollow noopener\" target=\"_blank\" href=\"https:\/\/twitter.com\/El_Haginho\/status\/1696583310330278077?ref_src=twsrc%5Etfw\">August 29, 2023<\/a><\/p><\/blockquote>\n<\/div>\n<\/div>\n<p>Die Diskussionen zu der bis dato eher unbekannten Gr\u00fcnenpolitikerin sind bezugnehmend auf die Aussagen, wenig \u00fcberraschend, kontrovers. X-Nutzer \u00f6ffneten daf\u00fcr ihre Screenshot-Archive, um ein m\u00f6gliches Gesamtbild abzurunden.<\/p>\n<div class=\"EmbedBlock-root EmbedBlock-twitter\">\n<div class=\"TwitterEmbed\">\n<blockquote class=\"twitter-tweet lazyload\" data-twitter=\"twitter-tweet\">\n<p lang=\"de\" dir=\"ltr\">Wenn schwer zu entscheiden ist, was gr\u00f6\u00dfer ist:Die B\u00f6sartigkeit \u2b06\ufe0f oder die Dummheit \u2b07\ufe0f einer Person. <a rel=\"nofollow noopener\" target=\"_blank\" href=\"https:\/\/t.co\/HF904H11IS\">pic.twitter.com\/HF904H11IS<\/a><\/p>\n<p>\u2014 Katharina M\u00fcnz [die mit Wikingern im Herzen] (@katharina_munz) <a rel=\"nofollow noopener\" target=\"_blank\" href=\"https:\/\/twitter.com\/katharina_munz\/status\/1568485530622480385?ref_src=twsrc%5Etfw\">September 10, 2022<\/a><\/p><\/blockquote>\n<\/div>\n<\/div>\n<p>In einem weiteren Ausschnitt behauptet Domke, sie w\u00fcrde im Monat &#8220;25.000 Euro&#8221; verdienen und k\u00f6nnte daher beziehungsweise dadurch &#8220;ganze Studien kaufen&#8221;:<\/p>\n<div class=\"EmbedBlock-root EmbedBlock-twitter\">\n<div class=\"TwitterEmbed\">\n<blockquote class=\"twitter-tweet lazyload\" data-twitter=\"twitter-tweet\">\n<p lang=\"de\" dir=\"ltr\">Gr\u00fcne Kommunalpolitikerin:\u201eIch verdien&#8217; 25.000 jeden Monat, ich kann mir die ganzen Studien kaufen, Said, und damit \u00fcberschwemmen wir euch.\u201c<a rel=\"nofollow noopener\" target=\"_blank\" href=\"https:\/\/t.co\/Mk8HrmyWc3\">pic.twitter.com\/Mk8HrmyWc3<\/a><\/p>\n<p>\u2014 Argo Nerd (@argonerd) <a rel=\"nofollow noopener\" target=\"_blank\" href=\"https:\/\/twitter.com\/argonerd\/status\/1696831401088487537?ref_src=twsrc%5Etfw\">August 30, 2023<\/a><\/p><\/blockquote>\n<\/div>\n<\/div>\n<p>Dieser Diskussionsverlauf ist nicht als exemplarisch zu werten, jedoch ein nachdr\u00fcckliches Beispiel f\u00fcr die Gedankenwelt von Gr\u00fcnen-Mitgliedern. Die inhaltliche Vehemenz, die gelebte Arroganz wie auch die Radikalit\u00e4t individueller Auftritte in den drei dunklen Jahren sind ma\u00dfnahmenkritischen B\u00fcrger noch sehr nachdr\u00fccklich in Erinnerung. Die Fakten sind dokumentiert und <a rel=\"nofollow noopener\" target=\"_blank\" href=\"https:\/\/odysee.com\/@23bloyen:e\">archiviert<\/a>.\u00a0\u00a0<\/p>\n<p>Das aktuelle Beispiel\u00a0dieser X\/Twitter-Diskussion kann allerdings als\u00a0wichtiges und beeindruckendes Dokument eines noch sehr langen und steinigen Weges in der dringend ben\u00f6tigten Aufarbeitung der Corona-Krise gewertet werden.<\/p>\n<p><strong>Mehr zum Thema &#8211;<\/strong>\u00a0<a rel=\"nofollow noopener\" target=\"_blank\" href=\"https:\/\/freedert.online\/inland\/178953-furchtappel-neue-protokolle-expertenrats-belegen\/\">Neue Dokumente belegen Lauterbachs Pl\u00e4ne zur Umsetzung einer Angstkampagne f\u00fcr Jugendliche<\/a><\/p>\n<\/p>\n<\/div>\n<p><script async src=\"https:\/\/platform.twitter.com\/widgets.js\" charset=\"utf-8\"><\/script><br \/>\n<br \/><br \/>\n<br \/><a href=\"https:\/\/de.rt.com\/inland\/179302-corona-aufarbeitung-gruenen-politikerin-schockiert\/\">Source link <\/a><\/p>\n","protected":false},"excerpt":{"rendered":"<p>Leitende Mitglieder der Gr\u00fcnen identifizierten sich zu 100 Prozent in der Corona-Krise mit der in Teilen unerbittlichen Ma\u00dfnahmenpolitik. Wenig \u00fcberraschend empfinden auch unbekanntere Mitglieder dieser Partei eine Aufarbeitung dieser Zeit als \u00fcberfl\u00fcssig. Die gr\u00fcne Kommunalpolitikerin Barbara Domke urteilt dabei unmissverst\u00e4ndlich. Von Bernhard Loyen Zu den bekannteren Protagonisten einer vehementen Einforderung und Unterst\u00fctzung der gesamtverantwortlichen Regierungspolitik [&hellip;]<\/p>\n","protected":false},"author":3,"featured_media":45427,"comment_status":"open","ping_status":"open","sticky":false,"template":"","format":"standard","meta":{"_yoast_indexnow_last_ping":["1693418359"],"wp_automatic_camp":["217"],"1ccbbd6dbd64a0102fb8ec889d60d0bd":["&quot;Sinnloses Schei\u00dfgelaber&quot; - Gr\u00fcnenpolitikerin vergreift sich bei Corona-Diskussion v\u00f6llig im Ton"],"original_link":["https:\/\/de.rt.com\/inland\/179302-corona-aufarbeitung-gruenen-politikerin-schockiert\/"],"_thumbnail_id":["45427"],"jnews_social_counter_last_update":["1777264355"],"_wptgpro_p2tg_sent2tg":["a:1:{i:23737;s:19:\"2023-08-30 20:01:07\";}"]},"categories":[19,23],"tags":[363,48311,35560,48308,48309,434,23507,48310,19291],"yoast_head":"<!-- This site is optimized with the Yoast SEO Premium plugin v22.7 (Yoast SEO v22.7) - https:\/\/yoast.com\/wordpress\/plugins\/seo\/ -->\n<title>&quot;Sinnloses Schei\u00dfgelaber&quot; - Gr\u00fcnenpolitikerin vergreift sich bei Corona-Diskussion v\u00f6llig im Ton - just-now.NEWS Deutschland<\/title>\n<meta name=\"robots\" content=\"index, follow, max-snippet:-1, max-image-preview:large, max-video-preview:-1\" \/>\n<link rel=\"canonical\" href=\"https:\/\/now-news.de\/de\/deutschland\/sinnloses-scheissgelaber-gruenenpolitikerin-vergreift-sich-bei-corona-diskussion-voellig-im-ton\/\" \/>\n<meta property=\"og:locale\" content=\"de_DE\" \/>\n<meta property=\"og:type\" content=\"article\" \/>\n<meta property=\"og:title\" content=\"&quot;Sinnloses Schei\u00dfgelaber&quot; - Gr\u00fcnenpolitikerin vergreift sich bei Corona-Diskussion v\u00f6llig im Ton\" \/>\n<meta property=\"og:description\" content=\"Leitende Mitglieder der Gr\u00fcnen identifizierten sich zu 100 Prozent in der Corona-Krise mit der in Teilen unerbittlichen Ma\u00dfnahmenpolitik. Wenig \u00fcberraschend empfinden auch unbekanntere Mitglieder dieser Partei eine Aufarbeitung dieser Zeit als \u00fcberfl\u00fcssig. Die gr\u00fcne Kommunalpolitikerin Barbara Domke urteilt dabei unmissverst\u00e4ndlich. Von Bernhard Loyen Zu den bekannteren Protagonisten einer vehementen Einforderung und Unterst\u00fctzung der gesamtverantwortlichen Regierungspolitik [&hellip;]\" \/>\n<meta property=\"og:url\" content=\"https:\/\/now-news.de\/de\/deutschland\/sinnloses-scheissgelaber-gruenenpolitikerin-vergreift-sich-bei-corona-diskussion-voellig-im-ton\/\" \/>\n<meta property=\"og:site_name\" content=\"just-now.NEWS Deutschland\" \/>\n<meta property=\"article:publisher\" content=\"https:\/\/www.facebook.com\/wirmachenauf\" \/>\n<meta property=\"article:published_time\" content=\"2023-08-30T17:45:06+00:00\" \/>\n<meta property=\"og:image\" content=\"https:\/\/now-news.de\/de\/wp-content\/uploads\/sites\/3\/2023\/08\/quotSinnloses-Scheissgelaberquot-Gruenenpolitikerin-vergreift-sich-bei-Corona-Diskussion-voellig-im.jpg\" \/>\n\t<meta property=\"og:image:width\" content=\"460\" \/>\n\t<meta property=\"og:image:height\" content=\"259\" \/>\n\t<meta property=\"og:image:type\" content=\"image\/jpeg\" \/>\n<meta name=\"author\" content=\"rtnews\" \/>\n<meta name=\"twitter:card\" content=\"summary_large_image\" \/>\n<meta name=\"twitter:creator\" content=\"@WirMachenAuf_de\" \/>\n<meta name=\"twitter:site\" content=\"@WirMachenAuf_de\" \/>\n<meta name=\"twitter:label1\" content=\"Verfasst von\" \/>\n\t<meta name=\"twitter:data1\" content=\"rtnews\" \/>\n\t<meta name=\"twitter:label2\" content=\"Gesch\u00e4tzte Lesezeit\" \/>\n\t<meta name=\"twitter:data2\" content=\"5\u00a0Minuten\" \/>\n<script type=\"application\/ld+json\" class=\"yoast-schema-graph\">{\"@context\":\"https:\/\/schema.org\",\"@graph\":[{\"@type\":\"Article\",\"@id\":\"https:\/\/now-news.de\/de\/deutschland\/sinnloses-scheissgelaber-gruenenpolitikerin-vergreift-sich-bei-corona-diskussion-voellig-im-ton\/#article\",\"isPartOf\":{\"@id\":\"https:\/\/now-news.de\/de\/deutschland\/sinnloses-scheissgelaber-gruenenpolitikerin-vergreift-sich-bei-corona-diskussion-voellig-im-ton\/\"},\"author\":{\"name\":\"rtnews\",\"@id\":\"https:\/\/now-news.de\/de\/#\/schema\/person\/fb534a4e865501d8b3285208df34a9b5\"},\"headline\":\"&quot;Sinnloses Schei\u00dfgelaber&quot; &#8211; Gr\u00fcnenpolitikerin vergreift sich bei Corona-Diskussion v\u00f6llig im Ton\",\"datePublished\":\"2023-08-30T17:45:06+00:00\",\"dateModified\":\"2023-08-30T17:45:06+00:00\",\"mainEntityOfPage\":{\"@id\":\"https:\/\/now-news.de\/de\/deutschland\/sinnloses-scheissgelaber-gruenenpolitikerin-vergreift-sich-bei-corona-diskussion-voellig-im-ton\/\"},\"wordCount\":1074,\"commentCount\":0,\"publisher\":{\"@id\":\"https:\/\/now-news.de\/de\/#organization\"},\"image\":{\"@id\":\"https:\/\/now-news.de\/de\/deutschland\/sinnloses-scheissgelaber-gruenenpolitikerin-vergreift-sich-bei-corona-diskussion-voellig-im-ton\/#primaryimage\"},\"thumbnailUrl\":\"https:\/\/now-news.de\/de\/wp-content\/uploads\/sites\/3\/2023\/08\/quotSinnloses-Scheissgelaberquot-Gruenenpolitikerin-vergreift-sich-bei-Corona-Diskussion-voellig-im.jpg\",\"keywords\":[\"bei\",\"CoronaDiskussion\",\"Gr\u00fcnenPolitikerin\",\"quotSinnloses\",\"Schei\u00dfgelaberquot\",\"sich\",\"Ton\",\"vergreift\",\"v\u00f6llig\"],\"articleSection\":[\"Deutschland\",\"Russland\"],\"inLanguage\":\"de\",\"potentialAction\":[{\"@type\":\"CommentAction\",\"name\":\"Comment\",\"target\":[\"https:\/\/now-news.de\/de\/deutschland\/sinnloses-scheissgelaber-gruenenpolitikerin-vergreift-sich-bei-corona-diskussion-voellig-im-ton\/#respond\"]}]},{\"@type\":\"WebPage\",\"@id\":\"https:\/\/now-news.de\/de\/deutschland\/sinnloses-scheissgelaber-gruenenpolitikerin-vergreift-sich-bei-corona-diskussion-voellig-im-ton\/\",\"url\":\"https:\/\/now-news.de\/de\/deutschland\/sinnloses-scheissgelaber-gruenenpolitikerin-vergreift-sich-bei-corona-diskussion-voellig-im-ton\/\",\"name\":\"&quot;Sinnloses Schei\u00dfgelaber&quot; - Gr\u00fcnenpolitikerin vergreift sich bei Corona-Diskussion v\u00f6llig im Ton - just-now.NEWS Deutschland\",\"isPartOf\":{\"@id\":\"https:\/\/now-news.de\/de\/#website\"},\"primaryImageOfPage\":{\"@id\":\"https:\/\/now-news.de\/de\/deutschland\/sinnloses-scheissgelaber-gruenenpolitikerin-vergreift-sich-bei-corona-diskussion-voellig-im-ton\/#primaryimage\"},\"image\":{\"@id\":\"https:\/\/now-news.de\/de\/deutschland\/sinnloses-scheissgelaber-gruenenpolitikerin-vergreift-sich-bei-corona-diskussion-voellig-im-ton\/#primaryimage\"},\"thumbnailUrl\":\"https:\/\/now-news.de\/de\/wp-content\/uploads\/sites\/3\/2023\/08\/quotSinnloses-Scheissgelaberquot-Gruenenpolitikerin-vergreift-sich-bei-Corona-Diskussion-voellig-im.jpg\",\"datePublished\":\"2023-08-30T17:45:06+00:00\",\"dateModified\":\"2023-08-30T17:45:06+00:00\",\"breadcrumb\":{\"@id\":\"https:\/\/now-news.de\/de\/deutschland\/sinnloses-scheissgelaber-gruenenpolitikerin-vergreift-sich-bei-corona-diskussion-voellig-im-ton\/#breadcrumb\"},\"inLanguage\":\"de\",\"potentialAction\":[{\"@type\":\"ReadAction\",\"target\":[\"https:\/\/now-news.de\/de\/deutschland\/sinnloses-scheissgelaber-gruenenpolitikerin-vergreift-sich-bei-corona-diskussion-voellig-im-ton\/\"]}]},{\"@type\":\"ImageObject\",\"inLanguage\":\"de\",\"@id\":\"https:\/\/now-news.de\/de\/deutschland\/sinnloses-scheissgelaber-gruenenpolitikerin-vergreift-sich-bei-corona-diskussion-voellig-im-ton\/#primaryimage\",\"url\":\"https:\/\/now-news.de\/de\/wp-content\/uploads\/sites\/3\/2023\/08\/quotSinnloses-Scheissgelaberquot-Gruenenpolitikerin-vergreift-sich-bei-Corona-Diskussion-voellig-im.jpg\",\"contentUrl\":\"https:\/\/now-news.de\/de\/wp-content\/uploads\/sites\/3\/2023\/08\/quotSinnloses-Scheissgelaberquot-Gruenenpolitikerin-vergreift-sich-bei-Corona-Diskussion-voellig-im.jpg\",\"width\":460,\"height\":259,\"caption\":\"&quot;Sinnloses Schei\u00dfgelaber&quot; - Gr\u00fcnenpolitikerin vergreift sich bei Corona-Diskussion v\u00f6llig im Ton\"},{\"@type\":\"BreadcrumbList\",\"@id\":\"https:\/\/now-news.de\/de\/deutschland\/sinnloses-scheissgelaber-gruenenpolitikerin-vergreift-sich-bei-corona-diskussion-voellig-im-ton\/#breadcrumb\",\"itemListElement\":[{\"@type\":\"ListItem\",\"position\":1,\"name\":\"Home\",\"item\":\"https:\/\/now-news.de\/de\/\"},{\"@type\":\"ListItem\",\"position\":2,\"name\":\"&quot;Sinnloses Schei\u00dfgelaber&quot; &#8211; Gr\u00fcnenpolitikerin vergreift sich bei Corona-Diskussion v\u00f6llig im Ton\"}]},{\"@type\":\"WebSite\",\"@id\":\"https:\/\/now-news.de\/de\/#website\",\"url\":\"https:\/\/now-news.de\/de\/\",\"name\":\"just-now.NEWS Deutschland\",\"description\":\"Das Portal f\u00fcr unzensierte Nachrichten aus der Welt\",\"publisher\":{\"@id\":\"https:\/\/now-news.de\/de\/#organization\"},\"potentialAction\":[{\"@type\":\"SearchAction\",\"target\":{\"@type\":\"EntryPoint\",\"urlTemplate\":\"https:\/\/now-news.de\/de\/?s={search_term_string}\"},\"query-input\":\"required name=search_term_string\"}],\"inLanguage\":\"de\"},{\"@type\":\"Organization\",\"@id\":\"https:\/\/now-news.de\/de\/#organization\",\"name\":\"Just Now News\",\"url\":\"https:\/\/now-news.de\/de\/\",\"logo\":{\"@type\":\"ImageObject\",\"inLanguage\":\"de\",\"@id\":\"https:\/\/now-news.de\/de\/#\/schema\/logo\/image\/\",\"url\":\"http:\/\/just-now.news\/de\/wp-content\/uploads\/sites\/3\/2022\/04\/logo500x500.jpg\",\"contentUrl\":\"http:\/\/just-now.news\/de\/wp-content\/uploads\/sites\/3\/2022\/04\/logo500x500.jpg\",\"width\":500,\"height\":500,\"caption\":\"Just Now News\"},\"image\":{\"@id\":\"https:\/\/now-news.de\/de\/#\/schema\/logo\/image\/\"},\"sameAs\":[\"https:\/\/www.facebook.com\/wirmachenauf\",\"https:\/\/x.com\/WirMachenAuf_de\"]},{\"@type\":\"Person\",\"@id\":\"https:\/\/now-news.de\/de\/#\/schema\/person\/fb534a4e865501d8b3285208df34a9b5\",\"name\":\"rtnews\",\"image\":{\"@type\":\"ImageObject\",\"inLanguage\":\"de\",\"@id\":\"https:\/\/now-news.de\/de\/#\/schema\/person\/image\/\",\"url\":\"https:\/\/secure.gravatar.com\/avatar\/82aafea7d8127119dd649515f56e2117?s=96&d=mm&r=g\",\"contentUrl\":\"https:\/\/secure.gravatar.com\/avatar\/82aafea7d8127119dd649515f56e2117?s=96&d=mm&r=g\",\"caption\":\"rtnews\"},\"url\":\"https:\/\/now-news.de\/de\/author\/rnews\/\"}]}<\/script>\n<!-- \/ Yoast SEO Premium plugin. -->","yoast_head_json":{"title":"&quot;Sinnloses Schei\u00dfgelaber&quot; - Gr\u00fcnenpolitikerin vergreift sich bei Corona-Diskussion v\u00f6llig im Ton - just-now.NEWS Deutschland","robots":{"index":"index","follow":"follow","max-snippet":"max-snippet:-1","max-image-preview":"max-image-preview:large","max-video-preview":"max-video-preview:-1"},"canonical":"https:\/\/now-news.de\/de\/deutschland\/sinnloses-scheissgelaber-gruenenpolitikerin-vergreift-sich-bei-corona-diskussion-voellig-im-ton\/","og_locale":"de_DE","og_type":"article","og_title":"&quot;Sinnloses Schei\u00dfgelaber&quot; - Gr\u00fcnenpolitikerin vergreift sich bei Corona-Diskussion v\u00f6llig im Ton","og_description":"Leitende Mitglieder der Gr\u00fcnen identifizierten sich zu 100 Prozent in der Corona-Krise mit der in Teilen unerbittlichen Ma\u00dfnahmenpolitik. Wenig \u00fcberraschend empfinden auch unbekanntere Mitglieder dieser Partei eine Aufarbeitung dieser Zeit als \u00fcberfl\u00fcssig. Die gr\u00fcne Kommunalpolitikerin Barbara Domke urteilt dabei unmissverst\u00e4ndlich. Von Bernhard Loyen Zu den bekannteren Protagonisten einer vehementen Einforderung und Unterst\u00fctzung der gesamtverantwortlichen Regierungspolitik [&hellip;]","og_url":"https:\/\/now-news.de\/de\/deutschland\/sinnloses-scheissgelaber-gruenenpolitikerin-vergreift-sich-bei-corona-diskussion-voellig-im-ton\/","og_site_name":"just-now.NEWS Deutschland","article_publisher":"https:\/\/www.facebook.com\/wirmachenauf","article_published_time":"2023-08-30T17:45:06+00:00","og_image":[{"width":460,"height":259,"url":"https:\/\/now-news.de\/de\/wp-content\/uploads\/sites\/3\/2023\/08\/quotSinnloses-Scheissgelaberquot-Gruenenpolitikerin-vergreift-sich-bei-Corona-Diskussion-voellig-im.jpg","type":"image\/jpeg"}],"author":"rtnews","twitter_card":"summary_large_image","twitter_creator":"@WirMachenAuf_de","twitter_site":"@WirMachenAuf_de","twitter_misc":{"Verfasst von":"rtnews","Gesch\u00e4tzte Lesezeit":"5\u00a0Minuten"},"schema":{"@context":"https:\/\/schema.org","@graph":[{"@type":"Article","@id":"https:\/\/now-news.de\/de\/deutschland\/sinnloses-scheissgelaber-gruenenpolitikerin-vergreift-sich-bei-corona-diskussion-voellig-im-ton\/#article","isPartOf":{"@id":"https:\/\/now-news.de\/de\/deutschland\/sinnloses-scheissgelaber-gruenenpolitikerin-vergreift-sich-bei-corona-diskussion-voellig-im-ton\/"},"author":{"name":"rtnews","@id":"https:\/\/now-news.de\/de\/#\/schema\/person\/fb534a4e865501d8b3285208df34a9b5"},"headline":"&quot;Sinnloses Schei\u00dfgelaber&quot; &#8211; Gr\u00fcnenpolitikerin vergreift sich bei Corona-Diskussion v\u00f6llig im Ton","datePublished":"2023-08-30T17:45:06+00:00","dateModified":"2023-08-30T17:45:06+00:00","mainEntityOfPage":{"@id":"https:\/\/now-news.de\/de\/deutschland\/sinnloses-scheissgelaber-gruenenpolitikerin-vergreift-sich-bei-corona-diskussion-voellig-im-ton\/"},"wordCount":1074,"commentCount":0,"publisher":{"@id":"https:\/\/now-news.de\/de\/#organization"},"image":{"@id":"https:\/\/now-news.de\/de\/deutschland\/sinnloses-scheissgelaber-gruenenpolitikerin-vergreift-sich-bei-corona-diskussion-voellig-im-ton\/#primaryimage"},"thumbnailUrl":"https:\/\/now-news.de\/de\/wp-content\/uploads\/sites\/3\/2023\/08\/quotSinnloses-Scheissgelaberquot-Gruenenpolitikerin-vergreift-sich-bei-Corona-Diskussion-voellig-im.jpg","keywords":["bei","CoronaDiskussion","Gr\u00fcnenPolitikerin","quotSinnloses","Schei\u00dfgelaberquot","sich","Ton","vergreift","v\u00f6llig"],"articleSection":["Deutschland","Russland"],"inLanguage":"de","potentialAction":[{"@type":"CommentAction","name":"Comment","target":["https:\/\/now-news.de\/de\/deutschland\/sinnloses-scheissgelaber-gruenenpolitikerin-vergreift-sich-bei-corona-diskussion-voellig-im-ton\/#respond"]}]},{"@type":"WebPage","@id":"https:\/\/now-news.de\/de\/deutschland\/sinnloses-scheissgelaber-gruenenpolitikerin-vergreift-sich-bei-corona-diskussion-voellig-im-ton\/","url":"https:\/\/now-news.de\/de\/deutschland\/sinnloses-scheissgelaber-gruenenpolitikerin-vergreift-sich-bei-corona-diskussion-voellig-im-ton\/","name":"&quot;Sinnloses Schei\u00dfgelaber&quot; - Gr\u00fcnenpolitikerin vergreift sich bei Corona-Diskussion v\u00f6llig im Ton - just-now.NEWS Deutschland","isPartOf":{"@id":"https:\/\/now-news.de\/de\/#website"},"primaryImageOfPage":{"@id":"https:\/\/now-news.de\/de\/deutschland\/sinnloses-scheissgelaber-gruenenpolitikerin-vergreift-sich-bei-corona-diskussion-voellig-im-ton\/#primaryimage"},"image":{"@id":"https:\/\/now-news.de\/de\/deutschland\/sinnloses-scheissgelaber-gruenenpolitikerin-vergreift-sich-bei-corona-diskussion-voellig-im-ton\/#primaryimage"},"thumbnailUrl":"https:\/\/now-news.de\/de\/wp-content\/uploads\/sites\/3\/2023\/08\/quotSinnloses-Scheissgelaberquot-Gruenenpolitikerin-vergreift-sich-bei-Corona-Diskussion-voellig-im.jpg","datePublished":"2023-08-30T17:45:06+00:00","dateModified":"2023-08-30T17:45:06+00:00","breadcrumb":{"@id":"https:\/\/now-news.de\/de\/deutschland\/sinnloses-scheissgelaber-gruenenpolitikerin-vergreift-sich-bei-corona-diskussion-voellig-im-ton\/#breadcrumb"},"inLanguage":"de","potentialAction":[{"@type":"ReadAction","target":["https:\/\/now-news.de\/de\/deutschland\/sinnloses-scheissgelaber-gruenenpolitikerin-vergreift-sich-bei-corona-diskussion-voellig-im-ton\/"]}]},{"@type":"ImageObject","inLanguage":"de","@id":"https:\/\/now-news.de\/de\/deutschland\/sinnloses-scheissgelaber-gruenenpolitikerin-vergreift-sich-bei-corona-diskussion-voellig-im-ton\/#primaryimage","url":"https:\/\/now-news.de\/de\/wp-content\/uploads\/sites\/3\/2023\/08\/quotSinnloses-Scheissgelaberquot-Gruenenpolitikerin-vergreift-sich-bei-Corona-Diskussion-voellig-im.jpg","contentUrl":"https:\/\/now-news.de\/de\/wp-content\/uploads\/sites\/3\/2023\/08\/quotSinnloses-Scheissgelaberquot-Gruenenpolitikerin-vergreift-sich-bei-Corona-Diskussion-voellig-im.jpg","width":460,"height":259,"caption":"&quot;Sinnloses Schei\u00dfgelaber&quot; - Gr\u00fcnenpolitikerin vergreift sich bei Corona-Diskussion v\u00f6llig im Ton"},{"@type":"BreadcrumbList","@id":"https:\/\/now-news.de\/de\/deutschland\/sinnloses-scheissgelaber-gruenenpolitikerin-vergreift-sich-bei-corona-diskussion-voellig-im-ton\/#breadcrumb","itemListElement":[{"@type":"ListItem","position":1,"name":"Home","item":"https:\/\/now-news.de\/de\/"},{"@type":"ListItem","position":2,"name":"&quot;Sinnloses Schei\u00dfgelaber&quot; &#8211; Gr\u00fcnenpolitikerin vergreift sich bei Corona-Diskussion v\u00f6llig im Ton"}]},{"@type":"WebSite","@id":"https:\/\/now-news.de\/de\/#website","url":"https:\/\/now-news.de\/de\/","name":"just-now.NEWS Deutschland","description":"Das Portal f\u00fcr unzensierte Nachrichten aus der Welt","publisher":{"@id":"https:\/\/now-news.de\/de\/#organization"},"potentialAction":[{"@type":"SearchAction","target":{"@type":"EntryPoint","urlTemplate":"https:\/\/now-news.de\/de\/?s={search_term_string}"},"query-input":"required name=search_term_string"}],"inLanguage":"de"},{"@type":"Organization","@id":"https:\/\/now-news.de\/de\/#organization","name":"Just Now News","url":"https:\/\/now-news.de\/de\/","logo":{"@type":"ImageObject","inLanguage":"de","@id":"https:\/\/now-news.de\/de\/#\/schema\/logo\/image\/","url":"http:\/\/just-now.news\/de\/wp-content\/uploads\/sites\/3\/2022\/04\/logo500x500.jpg","contentUrl":"http:\/\/just-now.news\/de\/wp-content\/uploads\/sites\/3\/2022\/04\/logo500x500.jpg","width":500,"height":500,"caption":"Just Now News"},"image":{"@id":"https:\/\/now-news.de\/de\/#\/schema\/logo\/image\/"},"sameAs":["https:\/\/www.facebook.com\/wirmachenauf","https:\/\/x.com\/WirMachenAuf_de"]},{"@type":"Person","@id":"https:\/\/now-news.de\/de\/#\/schema\/person\/fb534a4e865501d8b3285208df34a9b5","name":"rtnews","image":{"@type":"ImageObject","inLanguage":"de","@id":"https:\/\/now-news.de\/de\/#\/schema\/person\/image\/","url":"https:\/\/secure.gravatar.com\/avatar\/82aafea7d8127119dd649515f56e2117?s=96&d=mm&r=g","contentUrl":"https:\/\/secure.gravatar.com\/avatar\/82aafea7d8127119dd649515f56e2117?s=96&d=mm&r=g","caption":"rtnews"},"url":"https:\/\/now-news.de\/de\/author\/rnews\/"}]}},"_links":{"self":[{"href":"https:\/\/now-news.de\/de\/wp-json\/wp\/v2\/posts\/45426"}],"collection":[{"href":"https:\/\/now-news.de\/de\/wp-json\/wp\/v2\/posts"}],"about":[{"href":"https:\/\/now-news.de\/de\/wp-json\/wp\/v2\/types\/post"}],"author":[{"embeddable":true,"href":"https:\/\/now-news.de\/de\/wp-json\/wp\/v2\/users\/3"}],"replies":[{"embeddable":true,"href":"https:\/\/now-news.de\/de\/wp-json\/wp\/v2\/comments?post=45426"}],"version-history":[{"count":0,"href":"https:\/\/now-news.de\/de\/wp-json\/wp\/v2\/posts\/45426\/revisions"}],"wp:featuredmedia":[{"embeddable":true,"href":"https:\/\/now-news.de\/de\/wp-json\/wp\/v2\/media\/45427"}],"wp:attachment":[{"href":"https:\/\/now-news.de\/de\/wp-json\/wp\/v2\/media?parent=45426"}],"wp:term":[{"taxonomy":"category","embeddable":true,"href":"https:\/\/now-news.de\/de\/wp-json\/wp\/v2\/categories?post=45426"},{"taxonomy":"post_tag","embeddable":true,"href":"https:\/\/now-news.de\/de\/wp-json\/wp\/v2\/tags?post=45426"}],"curies":[{"name":"wp","href":"https:\/\/api.w.org\/{rel}","templated":true}]}}