{"id":45414,"date":"2023-08-30T18:02:39","date_gmt":"2023-08-30T16:02:39","guid":{"rendered":"https:\/\/just-now.news\/de\/deutschland\/handelskammer-vertrauen-in-deutsche-energiepolitik-auf-dem-tiefpunkt\/"},"modified":"2023-08-30T18:02:39","modified_gmt":"2023-08-30T16:02:39","slug":"handelskammer-vertrauen-in-deutsche-energiepolitik-auf-dem-tiefpunkt","status":"publish","type":"post","link":"https:\/\/now-news.de\/de\/deutschland\/handelskammer-vertrauen-in-deutsche-energiepolitik-auf-dem-tiefpunkt\/","title":{"rendered":"Handelskammer: Vertrauen in deutsche Energiepolitik auf dem Tiefpunkt"},"content":{"rendered":"<p><img decoding=\"async\" src=\"http:\/\/just-now.news\/de\/wp-content\/uploads\/sites\/3\/2023\/08\/64ef5638b480cc602004e5fc.jpg\" \/><\/p>\n<div class=\"Text-root Text-type_1 \">\n                Gestern stellte die Deutsche Industrie- und Handelskammer (DIHK) das diesj\u00e4hrige Energiebarometer vor. Ergebnis: Die Stimmung in den deutschen Unternehmen ist schlecht wie nie. Immer mehr Unternehmen \u00fcberlegen, Deutschland den R\u00fccken zu kehren.\n            <\/div>\n<p><\/p>\n<div class=\"Text-root Text-type_5 ArticleView-text ViewText-root \">\n<p>Laut einer Befragung von deutschen Unternehmen durch die Deutsche Industrie- und Handelskammer (DIHK) ist das Vertrauen in die deutsche Energiepolitik auf einem Tiefpunkt angelangt.\u00a0<\/p>\n<p>An der Umfrage &#8220;Energiebarometer 23&#8221; haben sich 3572 Unternehmen aus allen Branchen beteiligt, teilt die DIHK auf ihrer\u00a0<a rel=\"nofollow noopener\" target=\"_blank\" href=\"https:\/\/www.dihk.de\/de\/themen-und-positionen\/wirtschaftspolitik\/energie\/energiewende-barometer-2023-98914\">Website<\/a>\u00a0mit. Das Umfrageergebnis des diesj\u00e4hrigen Energiebarometers fiel so schlecht aus wie noch nie seit der ersten Erhebung im Jahr 2012.<\/p>\n<p>Bei der Vorstellung der Umfrageergebnisse am Dienstag in Berlin sagte der stellvertretende Hauptgesch\u00e4ftsf\u00fchrer der DIHK, Achim Dercks,<\/p>\n<blockquote>\n<p><em>&#8220;Nie waren die Sorgen um die eigene Wettbewerbsf\u00e4higkeit gr\u00f6\u00dfer.&#8221;<\/em><\/p>\n<\/blockquote>\n<p>W\u00e4hrend die deutschen Unternehmen in der Energiewende auch Chancen sahen, w\u00fcrden sie nun \u00fcberwiegend pessimistisch in die Zukunft blicken.<\/p>\n<blockquote>\n<p><em>&#8220;Weite Teile unserer Wirtschaft treiben die Sorge um eine auch mittel- und langfristig mangelhafte Energieversorgung stark um. Das ist eine insgesamt besorgniserregende Entwicklung, die wir alle sehr ernst nehmen sollten&#8221;, sagte Dercks.<\/em><\/p>\n<\/blockquote>\n<p>Ausl\u00f6ser f\u00fcr den Stimmungsumschwung bei den Unternehmen sind die Sanktionen.\u00a0<\/p>\n<blockquote>\n<p><em>&#8220;Unsere Umfrage zeigt: Der Politik ist es bislang leider nicht nachhaltig gelungen, erfolgreich gegenzusteuern. Nach dem Energiepreisschock Ende letzten Jahres und dem relativ glimpflich verlaufenen Winter sind die Unternehmen zutiefst in Sorge, was die weitere Entwicklung angeht. Sie sehen ihre Wettbewerbsf\u00e4higkeit infrage gestellt.&#8221;<\/em><\/p>\n<\/blockquote>\n<p>Die zentralen Fragen seien angesichts weiterhin hoher Energiepreise unbeantwortet geblieben. Es mangele daher an Perspektiven f\u00fcr die Wirtschaft in Deutschland.\u00a0<\/p>\n<p>Vor allem in der Industrie und bei den gro\u00dfen Unternehmen nehme die Bereitschaft zu, dem Standort Deutschland den R\u00fccken zu kehren. Gegen\u00fcber dem Vorjahr hat sich die Zahl der Unternehmen, die \u00fcber eine Verlagerung ins Ausland und einen R\u00fcckbau der Kapazit\u00e4ten in Deutschland nachdenken, verdoppelt. Sie liegt jetzt bei 32 Prozent.\u00a0<\/p>\n<p>Auch bei Investitionen halten sich die Betriebe zur\u00fcck. Vor allem energieintensive Unternehmen schieben Investitionen auf.\u00a0<\/p>\n<blockquote>\n<p><em>&#8220;Das ist das Gegenteil von dem Investitionsaufschwung, den wir zur Bew\u00e4ltigung der aktuellen Krisen und zur Beschleunigung der Transformation in Richtung Klimaneutralit\u00e4t brauchen&#8221;, so Dercks.<\/em><\/p>\n<\/blockquote>\n<p>Vor allem die mangelnde Verl\u00e4sslichkeit der Politik und die damit einhergehende fehlende Planbarkeit w\u00fcrde viele Unternehmen ausbremsen. Nicht umsetzbare Vorgaben der Politik kommen erschwerend hinzu. So sehen sich viele Betriebe zum Herunterfahren der Produktion gezwungen, um die Energiesparziele aus dem Energieeffizienzgesetz erreichen zu k\u00f6nnen.\u00a0<\/p>\n<p><strong>Mehr zum Thema<\/strong>\u00a0\u2013 <a rel=\"nofollow noopener\" target=\"_blank\" href=\"https:\/\/freedert.online\/inland\/179172-konjunkturprognose-deutschland-steigt-ab\/\">Konjunkturprognose: Deutschland steigt ab<\/a><\/p>\n<\/p>\n<\/div>\n<p><br \/>\n<br \/><a href=\"https:\/\/de.rt.com\/wirtschaft\/179341-handelskammer-vertrauen-in-deutsche-energiepolitik\/\">Source link <\/a><\/p>\n","protected":false},"excerpt":{"rendered":"<p>Gestern stellte die Deutsche Industrie- und Handelskammer (DIHK) das diesj\u00e4hrige Energiebarometer vor. Ergebnis: Die Stimmung in den deutschen Unternehmen ist schlecht wie nie. Immer mehr Unternehmen \u00fcberlegen, Deutschland den R\u00fccken zu kehren. Laut einer Befragung von deutschen Unternehmen durch die Deutsche Industrie- und Handelskammer (DIHK) ist das Vertrauen in die deutsche Energiepolitik auf einem Tiefpunkt [&hellip;]<\/p>\n","protected":false},"author":3,"featured_media":45415,"comment_status":"open","ping_status":"open","sticky":false,"template":"","format":"standard","meta":{"_yoast_indexnow_last_ping":["1693411470"],"wp_automatic_camp":["217"],"db1c9cd999d43cbab6fcf9d0fd0f3269":["Handelskammer: Vertrauen in deutsche Energiepolitik auf dem Tiefpunkt"],"original_link":["https:\/\/de.rt.com\/wirtschaft\/179341-handelskammer-vertrauen-in-deutsche-energiepolitik\/"],"_thumbnail_id":["45415"],"_wptgpro_p2tg_sent2tg":["a:1:{i:23737;s:19:\"2023-08-30 18:06:50\";}"],"jnews_social_counter_last_update":["1777274220"]},"categories":[19,23],"tags":[133,134,2374,7940,48304,24794,18947],"yoast_head":"<!-- This site is optimized with the Yoast SEO Premium plugin v22.7 (Yoast SEO v22.7) - https:\/\/yoast.com\/wordpress\/plugins\/seo\/ -->\n<title>Handelskammer: Vertrauen in deutsche Energiepolitik auf dem Tiefpunkt - just-now.NEWS Deutschland<\/title>\n<meta name=\"robots\" content=\"index, follow, max-snippet:-1, max-image-preview:large, max-video-preview:-1\" \/>\n<link rel=\"canonical\" href=\"https:\/\/now-news.de\/de\/deutschland\/handelskammer-vertrauen-in-deutsche-energiepolitik-auf-dem-tiefpunkt\/\" \/>\n<meta property=\"og:locale\" content=\"de_DE\" \/>\n<meta property=\"og:type\" content=\"article\" \/>\n<meta property=\"og:title\" content=\"Handelskammer: Vertrauen in deutsche Energiepolitik auf dem Tiefpunkt\" \/>\n<meta property=\"og:description\" content=\"Gestern stellte die Deutsche Industrie- und Handelskammer (DIHK) das diesj\u00e4hrige Energiebarometer vor. Ergebnis: Die Stimmung in den deutschen Unternehmen ist schlecht wie nie. Immer mehr Unternehmen \u00fcberlegen, Deutschland den R\u00fccken zu kehren. Laut einer Befragung von deutschen Unternehmen durch die Deutsche Industrie- und Handelskammer (DIHK) ist das Vertrauen in die deutsche Energiepolitik auf einem Tiefpunkt [&hellip;]\" \/>\n<meta property=\"og:url\" content=\"https:\/\/now-news.de\/de\/deutschland\/handelskammer-vertrauen-in-deutsche-energiepolitik-auf-dem-tiefpunkt\/\" \/>\n<meta property=\"og:site_name\" content=\"just-now.NEWS Deutschland\" \/>\n<meta property=\"article:publisher\" content=\"https:\/\/www.facebook.com\/wirmachenauf\" \/>\n<meta property=\"article:published_time\" content=\"2023-08-30T16:02:39+00:00\" \/>\n<meta property=\"og:image\" content=\"https:\/\/now-news.de\/de\/wp-content\/uploads\/sites\/3\/2023\/08\/Handelskammer-Vertrauen-in-deutsche-Energiepolitik-auf-dem-Tiefpunkt.jpg\" \/>\n\t<meta property=\"og:image:width\" content=\"460\" \/>\n\t<meta property=\"og:image:height\" content=\"259\" \/>\n\t<meta property=\"og:image:type\" content=\"image\/jpeg\" \/>\n<meta name=\"author\" content=\"rtnews\" \/>\n<meta name=\"twitter:card\" content=\"summary_large_image\" \/>\n<meta name=\"twitter:creator\" content=\"@WirMachenAuf_de\" \/>\n<meta name=\"twitter:site\" content=\"@WirMachenAuf_de\" \/>\n<meta name=\"twitter:label1\" content=\"Verfasst von\" \/>\n\t<meta name=\"twitter:data1\" content=\"rtnews\" \/>\n\t<meta name=\"twitter:label2\" content=\"Gesch\u00e4tzte Lesezeit\" \/>\n\t<meta name=\"twitter:data2\" content=\"2\u00a0Minuten\" \/>\n<script type=\"application\/ld+json\" class=\"yoast-schema-graph\">{\"@context\":\"https:\/\/schema.org\",\"@graph\":[{\"@type\":\"Article\",\"@id\":\"https:\/\/now-news.de\/de\/deutschland\/handelskammer-vertrauen-in-deutsche-energiepolitik-auf-dem-tiefpunkt\/#article\",\"isPartOf\":{\"@id\":\"https:\/\/now-news.de\/de\/deutschland\/handelskammer-vertrauen-in-deutsche-energiepolitik-auf-dem-tiefpunkt\/\"},\"author\":{\"name\":\"rtnews\",\"@id\":\"https:\/\/now-news.de\/de\/#\/schema\/person\/fb534a4e865501d8b3285208df34a9b5\"},\"headline\":\"Handelskammer: Vertrauen in deutsche Energiepolitik auf dem Tiefpunkt\",\"datePublished\":\"2023-08-30T16:02:39+00:00\",\"dateModified\":\"2023-08-30T16:02:39+00:00\",\"mainEntityOfPage\":{\"@id\":\"https:\/\/now-news.de\/de\/deutschland\/handelskammer-vertrauen-in-deutsche-energiepolitik-auf-dem-tiefpunkt\/\"},\"wordCount\":418,\"commentCount\":0,\"publisher\":{\"@id\":\"https:\/\/now-news.de\/de\/#organization\"},\"image\":{\"@id\":\"https:\/\/now-news.de\/de\/deutschland\/handelskammer-vertrauen-in-deutsche-energiepolitik-auf-dem-tiefpunkt\/#primaryimage\"},\"thumbnailUrl\":\"https:\/\/now-news.de\/de\/wp-content\/uploads\/sites\/3\/2023\/08\/Handelskammer-Vertrauen-in-deutsche-Energiepolitik-auf-dem-Tiefpunkt.jpg\",\"keywords\":[\"AUF\",\"DEM\",\"Deutsche\",\"Energiepolitik\",\"Handelskammer\",\"Tiefpunkt\",\"vertrauen\"],\"articleSection\":[\"Deutschland\",\"Russland\"],\"inLanguage\":\"de\",\"potentialAction\":[{\"@type\":\"CommentAction\",\"name\":\"Comment\",\"target\":[\"https:\/\/now-news.de\/de\/deutschland\/handelskammer-vertrauen-in-deutsche-energiepolitik-auf-dem-tiefpunkt\/#respond\"]}]},{\"@type\":\"WebPage\",\"@id\":\"https:\/\/now-news.de\/de\/deutschland\/handelskammer-vertrauen-in-deutsche-energiepolitik-auf-dem-tiefpunkt\/\",\"url\":\"https:\/\/now-news.de\/de\/deutschland\/handelskammer-vertrauen-in-deutsche-energiepolitik-auf-dem-tiefpunkt\/\",\"name\":\"Handelskammer: Vertrauen in deutsche Energiepolitik auf dem Tiefpunkt - just-now.NEWS Deutschland\",\"isPartOf\":{\"@id\":\"https:\/\/now-news.de\/de\/#website\"},\"primaryImageOfPage\":{\"@id\":\"https:\/\/now-news.de\/de\/deutschland\/handelskammer-vertrauen-in-deutsche-energiepolitik-auf-dem-tiefpunkt\/#primaryimage\"},\"image\":{\"@id\":\"https:\/\/now-news.de\/de\/deutschland\/handelskammer-vertrauen-in-deutsche-energiepolitik-auf-dem-tiefpunkt\/#primaryimage\"},\"thumbnailUrl\":\"https:\/\/now-news.de\/de\/wp-content\/uploads\/sites\/3\/2023\/08\/Handelskammer-Vertrauen-in-deutsche-Energiepolitik-auf-dem-Tiefpunkt.jpg\",\"datePublished\":\"2023-08-30T16:02:39+00:00\",\"dateModified\":\"2023-08-30T16:02:39+00:00\",\"breadcrumb\":{\"@id\":\"https:\/\/now-news.de\/de\/deutschland\/handelskammer-vertrauen-in-deutsche-energiepolitik-auf-dem-tiefpunkt\/#breadcrumb\"},\"inLanguage\":\"de\",\"potentialAction\":[{\"@type\":\"ReadAction\",\"target\":[\"https:\/\/now-news.de\/de\/deutschland\/handelskammer-vertrauen-in-deutsche-energiepolitik-auf-dem-tiefpunkt\/\"]}]},{\"@type\":\"ImageObject\",\"inLanguage\":\"de\",\"@id\":\"https:\/\/now-news.de\/de\/deutschland\/handelskammer-vertrauen-in-deutsche-energiepolitik-auf-dem-tiefpunkt\/#primaryimage\",\"url\":\"https:\/\/now-news.de\/de\/wp-content\/uploads\/sites\/3\/2023\/08\/Handelskammer-Vertrauen-in-deutsche-Energiepolitik-auf-dem-Tiefpunkt.jpg\",\"contentUrl\":\"https:\/\/now-news.de\/de\/wp-content\/uploads\/sites\/3\/2023\/08\/Handelskammer-Vertrauen-in-deutsche-Energiepolitik-auf-dem-Tiefpunkt.jpg\",\"width\":460,\"height\":259,\"caption\":\"Handelskammer: Vertrauen in deutsche Energiepolitik auf dem Tiefpunkt\"},{\"@type\":\"BreadcrumbList\",\"@id\":\"https:\/\/now-news.de\/de\/deutschland\/handelskammer-vertrauen-in-deutsche-energiepolitik-auf-dem-tiefpunkt\/#breadcrumb\",\"itemListElement\":[{\"@type\":\"ListItem\",\"position\":1,\"name\":\"Home\",\"item\":\"https:\/\/now-news.de\/de\/\"},{\"@type\":\"ListItem\",\"position\":2,\"name\":\"Handelskammer: Vertrauen in deutsche Energiepolitik auf dem Tiefpunkt\"}]},{\"@type\":\"WebSite\",\"@id\":\"https:\/\/now-news.de\/de\/#website\",\"url\":\"https:\/\/now-news.de\/de\/\",\"name\":\"just-now.NEWS Deutschland\",\"description\":\"Das Portal f\u00fcr unzensierte Nachrichten aus der Welt\",\"publisher\":{\"@id\":\"https:\/\/now-news.de\/de\/#organization\"},\"potentialAction\":[{\"@type\":\"SearchAction\",\"target\":{\"@type\":\"EntryPoint\",\"urlTemplate\":\"https:\/\/now-news.de\/de\/?s={search_term_string}\"},\"query-input\":\"required name=search_term_string\"}],\"inLanguage\":\"de\"},{\"@type\":\"Organization\",\"@id\":\"https:\/\/now-news.de\/de\/#organization\",\"name\":\"Just Now News\",\"url\":\"https:\/\/now-news.de\/de\/\",\"logo\":{\"@type\":\"ImageObject\",\"inLanguage\":\"de\",\"@id\":\"https:\/\/now-news.de\/de\/#\/schema\/logo\/image\/\",\"url\":\"http:\/\/just-now.news\/de\/wp-content\/uploads\/sites\/3\/2022\/04\/logo500x500.jpg\",\"contentUrl\":\"http:\/\/just-now.news\/de\/wp-content\/uploads\/sites\/3\/2022\/04\/logo500x500.jpg\",\"width\":500,\"height\":500,\"caption\":\"Just Now News\"},\"image\":{\"@id\":\"https:\/\/now-news.de\/de\/#\/schema\/logo\/image\/\"},\"sameAs\":[\"https:\/\/www.facebook.com\/wirmachenauf\",\"https:\/\/x.com\/WirMachenAuf_de\"]},{\"@type\":\"Person\",\"@id\":\"https:\/\/now-news.de\/de\/#\/schema\/person\/fb534a4e865501d8b3285208df34a9b5\",\"name\":\"rtnews\",\"image\":{\"@type\":\"ImageObject\",\"inLanguage\":\"de\",\"@id\":\"https:\/\/now-news.de\/de\/#\/schema\/person\/image\/\",\"url\":\"https:\/\/secure.gravatar.com\/avatar\/82aafea7d8127119dd649515f56e2117?s=96&d=mm&r=g\",\"contentUrl\":\"https:\/\/secure.gravatar.com\/avatar\/82aafea7d8127119dd649515f56e2117?s=96&d=mm&r=g\",\"caption\":\"rtnews\"},\"url\":\"https:\/\/now-news.de\/de\/author\/rnews\/\"}]}<\/script>\n<!-- \/ Yoast SEO Premium plugin. -->","yoast_head_json":{"title":"Handelskammer: Vertrauen in deutsche Energiepolitik auf dem Tiefpunkt - just-now.NEWS Deutschland","robots":{"index":"index","follow":"follow","max-snippet":"max-snippet:-1","max-image-preview":"max-image-preview:large","max-video-preview":"max-video-preview:-1"},"canonical":"https:\/\/now-news.de\/de\/deutschland\/handelskammer-vertrauen-in-deutsche-energiepolitik-auf-dem-tiefpunkt\/","og_locale":"de_DE","og_type":"article","og_title":"Handelskammer: Vertrauen in deutsche Energiepolitik auf dem Tiefpunkt","og_description":"Gestern stellte die Deutsche Industrie- und Handelskammer (DIHK) das diesj\u00e4hrige Energiebarometer vor. Ergebnis: Die Stimmung in den deutschen Unternehmen ist schlecht wie nie. Immer mehr Unternehmen \u00fcberlegen, Deutschland den R\u00fccken zu kehren. Laut einer Befragung von deutschen Unternehmen durch die Deutsche Industrie- und Handelskammer (DIHK) ist das Vertrauen in die deutsche Energiepolitik auf einem Tiefpunkt [&hellip;]","og_url":"https:\/\/now-news.de\/de\/deutschland\/handelskammer-vertrauen-in-deutsche-energiepolitik-auf-dem-tiefpunkt\/","og_site_name":"just-now.NEWS Deutschland","article_publisher":"https:\/\/www.facebook.com\/wirmachenauf","article_published_time":"2023-08-30T16:02:39+00:00","og_image":[{"width":460,"height":259,"url":"https:\/\/now-news.de\/de\/wp-content\/uploads\/sites\/3\/2023\/08\/Handelskammer-Vertrauen-in-deutsche-Energiepolitik-auf-dem-Tiefpunkt.jpg","type":"image\/jpeg"}],"author":"rtnews","twitter_card":"summary_large_image","twitter_creator":"@WirMachenAuf_de","twitter_site":"@WirMachenAuf_de","twitter_misc":{"Verfasst von":"rtnews","Gesch\u00e4tzte Lesezeit":"2\u00a0Minuten"},"schema":{"@context":"https:\/\/schema.org","@graph":[{"@type":"Article","@id":"https:\/\/now-news.de\/de\/deutschland\/handelskammer-vertrauen-in-deutsche-energiepolitik-auf-dem-tiefpunkt\/#article","isPartOf":{"@id":"https:\/\/now-news.de\/de\/deutschland\/handelskammer-vertrauen-in-deutsche-energiepolitik-auf-dem-tiefpunkt\/"},"author":{"name":"rtnews","@id":"https:\/\/now-news.de\/de\/#\/schema\/person\/fb534a4e865501d8b3285208df34a9b5"},"headline":"Handelskammer: Vertrauen in deutsche Energiepolitik auf dem Tiefpunkt","datePublished":"2023-08-30T16:02:39+00:00","dateModified":"2023-08-30T16:02:39+00:00","mainEntityOfPage":{"@id":"https:\/\/now-news.de\/de\/deutschland\/handelskammer-vertrauen-in-deutsche-energiepolitik-auf-dem-tiefpunkt\/"},"wordCount":418,"commentCount":0,"publisher":{"@id":"https:\/\/now-news.de\/de\/#organization"},"image":{"@id":"https:\/\/now-news.de\/de\/deutschland\/handelskammer-vertrauen-in-deutsche-energiepolitik-auf-dem-tiefpunkt\/#primaryimage"},"thumbnailUrl":"https:\/\/now-news.de\/de\/wp-content\/uploads\/sites\/3\/2023\/08\/Handelskammer-Vertrauen-in-deutsche-Energiepolitik-auf-dem-Tiefpunkt.jpg","keywords":["AUF","DEM","Deutsche","Energiepolitik","Handelskammer","Tiefpunkt","vertrauen"],"articleSection":["Deutschland","Russland"],"inLanguage":"de","potentialAction":[{"@type":"CommentAction","name":"Comment","target":["https:\/\/now-news.de\/de\/deutschland\/handelskammer-vertrauen-in-deutsche-energiepolitik-auf-dem-tiefpunkt\/#respond"]}]},{"@type":"WebPage","@id":"https:\/\/now-news.de\/de\/deutschland\/handelskammer-vertrauen-in-deutsche-energiepolitik-auf-dem-tiefpunkt\/","url":"https:\/\/now-news.de\/de\/deutschland\/handelskammer-vertrauen-in-deutsche-energiepolitik-auf-dem-tiefpunkt\/","name":"Handelskammer: Vertrauen in deutsche Energiepolitik auf dem Tiefpunkt - just-now.NEWS Deutschland","isPartOf":{"@id":"https:\/\/now-news.de\/de\/#website"},"primaryImageOfPage":{"@id":"https:\/\/now-news.de\/de\/deutschland\/handelskammer-vertrauen-in-deutsche-energiepolitik-auf-dem-tiefpunkt\/#primaryimage"},"image":{"@id":"https:\/\/now-news.de\/de\/deutschland\/handelskammer-vertrauen-in-deutsche-energiepolitik-auf-dem-tiefpunkt\/#primaryimage"},"thumbnailUrl":"https:\/\/now-news.de\/de\/wp-content\/uploads\/sites\/3\/2023\/08\/Handelskammer-Vertrauen-in-deutsche-Energiepolitik-auf-dem-Tiefpunkt.jpg","datePublished":"2023-08-30T16:02:39+00:00","dateModified":"2023-08-30T16:02:39+00:00","breadcrumb":{"@id":"https:\/\/now-news.de\/de\/deutschland\/handelskammer-vertrauen-in-deutsche-energiepolitik-auf-dem-tiefpunkt\/#breadcrumb"},"inLanguage":"de","potentialAction":[{"@type":"ReadAction","target":["https:\/\/now-news.de\/de\/deutschland\/handelskammer-vertrauen-in-deutsche-energiepolitik-auf-dem-tiefpunkt\/"]}]},{"@type":"ImageObject","inLanguage":"de","@id":"https:\/\/now-news.de\/de\/deutschland\/handelskammer-vertrauen-in-deutsche-energiepolitik-auf-dem-tiefpunkt\/#primaryimage","url":"https:\/\/now-news.de\/de\/wp-content\/uploads\/sites\/3\/2023\/08\/Handelskammer-Vertrauen-in-deutsche-Energiepolitik-auf-dem-Tiefpunkt.jpg","contentUrl":"https:\/\/now-news.de\/de\/wp-content\/uploads\/sites\/3\/2023\/08\/Handelskammer-Vertrauen-in-deutsche-Energiepolitik-auf-dem-Tiefpunkt.jpg","width":460,"height":259,"caption":"Handelskammer: Vertrauen in deutsche Energiepolitik auf dem Tiefpunkt"},{"@type":"BreadcrumbList","@id":"https:\/\/now-news.de\/de\/deutschland\/handelskammer-vertrauen-in-deutsche-energiepolitik-auf-dem-tiefpunkt\/#breadcrumb","itemListElement":[{"@type":"ListItem","position":1,"name":"Home","item":"https:\/\/now-news.de\/de\/"},{"@type":"ListItem","position":2,"name":"Handelskammer: Vertrauen in deutsche Energiepolitik auf dem Tiefpunkt"}]},{"@type":"WebSite","@id":"https:\/\/now-news.de\/de\/#website","url":"https:\/\/now-news.de\/de\/","name":"just-now.NEWS Deutschland","description":"Das Portal f\u00fcr unzensierte Nachrichten aus der Welt","publisher":{"@id":"https:\/\/now-news.de\/de\/#organization"},"potentialAction":[{"@type":"SearchAction","target":{"@type":"EntryPoint","urlTemplate":"https:\/\/now-news.de\/de\/?s={search_term_string}"},"query-input":"required name=search_term_string"}],"inLanguage":"de"},{"@type":"Organization","@id":"https:\/\/now-news.de\/de\/#organization","name":"Just Now News","url":"https:\/\/now-news.de\/de\/","logo":{"@type":"ImageObject","inLanguage":"de","@id":"https:\/\/now-news.de\/de\/#\/schema\/logo\/image\/","url":"http:\/\/just-now.news\/de\/wp-content\/uploads\/sites\/3\/2022\/04\/logo500x500.jpg","contentUrl":"http:\/\/just-now.news\/de\/wp-content\/uploads\/sites\/3\/2022\/04\/logo500x500.jpg","width":500,"height":500,"caption":"Just Now News"},"image":{"@id":"https:\/\/now-news.de\/de\/#\/schema\/logo\/image\/"},"sameAs":["https:\/\/www.facebook.com\/wirmachenauf","https:\/\/x.com\/WirMachenAuf_de"]},{"@type":"Person","@id":"https:\/\/now-news.de\/de\/#\/schema\/person\/fb534a4e865501d8b3285208df34a9b5","name":"rtnews","image":{"@type":"ImageObject","inLanguage":"de","@id":"https:\/\/now-news.de\/de\/#\/schema\/person\/image\/","url":"https:\/\/secure.gravatar.com\/avatar\/82aafea7d8127119dd649515f56e2117?s=96&d=mm&r=g","contentUrl":"https:\/\/secure.gravatar.com\/avatar\/82aafea7d8127119dd649515f56e2117?s=96&d=mm&r=g","caption":"rtnews"},"url":"https:\/\/now-news.de\/de\/author\/rnews\/"}]}},"_links":{"self":[{"href":"https:\/\/now-news.de\/de\/wp-json\/wp\/v2\/posts\/45414"}],"collection":[{"href":"https:\/\/now-news.de\/de\/wp-json\/wp\/v2\/posts"}],"about":[{"href":"https:\/\/now-news.de\/de\/wp-json\/wp\/v2\/types\/post"}],"author":[{"embeddable":true,"href":"https:\/\/now-news.de\/de\/wp-json\/wp\/v2\/users\/3"}],"replies":[{"embeddable":true,"href":"https:\/\/now-news.de\/de\/wp-json\/wp\/v2\/comments?post=45414"}],"version-history":[{"count":0,"href":"https:\/\/now-news.de\/de\/wp-json\/wp\/v2\/posts\/45414\/revisions"}],"wp:featuredmedia":[{"embeddable":true,"href":"https:\/\/now-news.de\/de\/wp-json\/wp\/v2\/media\/45415"}],"wp:attachment":[{"href":"https:\/\/now-news.de\/de\/wp-json\/wp\/v2\/media?parent=45414"}],"wp:term":[{"taxonomy":"category","embeddable":true,"href":"https:\/\/now-news.de\/de\/wp-json\/wp\/v2\/categories?post=45414"},{"taxonomy":"post_tag","embeddable":true,"href":"https:\/\/now-news.de\/de\/wp-json\/wp\/v2\/tags?post=45414"}],"curies":[{"name":"wp","href":"https:\/\/api.w.org\/{rel}","templated":true}]}}