{"id":45384,"date":"2023-08-30T12:17:29","date_gmt":"2023-08-30T10:17:29","guid":{"rendered":"https:\/\/just-now.news\/de\/deutschland\/us-flugzeugtraeger-uss-gerald-r-ford-besucht-die-tuerkei-zur-staerkung-der-partnerschaft\/"},"modified":"2023-08-30T12:17:29","modified_gmt":"2023-08-30T10:17:29","slug":"us-flugzeugtraeger-uss-gerald-r-ford-besucht-die-tuerkei-zur-staerkung-der-partnerschaft","status":"publish","type":"post","link":"https:\/\/now-news.de\/de\/deutschland\/us-flugzeugtraeger-uss-gerald-r-ford-besucht-die-tuerkei-zur-staerkung-der-partnerschaft\/","title":{"rendered":"US-Flugzeugtr\u00e4ger &quot;USS Gerald R. Ford&quot; besucht die T\u00fcrkei zur St\u00e4rkung der Partnerschaft"},"content":{"rendered":"<p><img decoding=\"async\" src=\"http:\/\/just-now.news\/de\/wp-content\/uploads\/sites\/3\/2023\/08\/64ef00b5b480cc427977e3a3.jpg\" \/><\/p>\n<div class=\"Text-root Text-type_1 \">\n                Zur St\u00e4rkung der US-amerikanisch-t\u00fcrkischen Partnerschaft besucht der neueste US-Flugzeugtr\u00e4ger USS Gerald R. Ford den t\u00fcrkischen Hafen Antalya. Die USA w\u00fcrden damit ihr Engagement f\u00fcr die Sicherheit im Mittelmeer demonstrieren wollen. Zuvor hatte die Flugzeugtr\u00e4ger-Gruppe bereits drei H\u00e4fen in Europa besucht.\n            <\/div>\n<p><\/p>\n<div class=\"Text-root Text-type_5 ArticleView-text ViewText-root \">\n<p>Der US-Flugzeugtr\u00e4ger &#8220;USS Gerald R. Ford&#8221; (CVN 78) traf am 25. August zu einem Hafenbesuch im t\u00fcrkischen Antalya ein. Das verlautbarte die US-Botschaft in Ankara am Freitag in einer <a rel=\"nofollow noopener\" target=\"_blank\" href=\"https:\/\/tr.usembassy.gov\/the-worlds-largest-aircraft-carrier-arrives-in-antalya\/\">Pressemitteilung<\/a>. Bei dem nach dem fr\u00fcheren US-Pr\u00e4sidenten Gerald R. Ford benannten Flugzeugtr\u00e4ger handelt es sich um den ersten der neuesten und modernsten Flugzeugtr\u00e4ger-Klasse der US-Marine.<\/p>\n<p>Dieser Hafenbesuch ist auf\u00a0der\u00a0aktuellen Reise die vierte Station der &#8220;Gerald R. Ford&#8221;, die zuvor in Norwegen (Oslo), Kroatien (Split) und Griechenland (Pir\u00e4us) Station machte. Der Besuch in der T\u00fcrkei diene dazu, &#8220;die starke Partnerschaft zwischen den USA und der T\u00fcrkei zu st\u00e4rken&#8221; und das US-amerikanische &#8220;Engagement f\u00fcr die Sicherheit im Mittelmeer zu demonstrieren&#8221;.<\/p>\n<p>Zur Verbesserung der Koordinationsf\u00e4higkeit zwischen der t\u00fcrkischen Marine und der US Navy f\u00fchrten die t\u00fcrkischen Marineschiffe (TCG) Anadolu, G\u00f6ksu, Gediz, Meltem, Imbat und das U-Boot Burak Reis sowie unter anderem Kampfjets F-16 und Tankflugzeuge KC-135 der t\u00fcrkischen Luftstreitkr\u00e4fte eine Reihe von koordinierten \u00dcbungen mit der Carrier Strike Group (CSG) unter F\u00fchrung der &#8220;Gerald R. Ford&#8221; durch. Der Oberbefehlshaber Konteradmiral Erik J. Eslich dieser Carrier Strike Group 12 der US Navy habe dazu erkl\u00e4rt:<\/p>\n<blockquote>\n<p><em>&#8220;Die Gerald R. Ford Carrier Strike Group operierte mit unseren Partnern in der t\u00fcrkischen Marine und Luftwaffe und f\u00fchrte vor unserer Ankunft in Antalya eine Reihe von bereichs\u00fcbergreifenden \u00dcbungen durch. <br \/>&#8230;<\/em><\/p>\n<p><em>Die \u00dcbungen haben die Verbindung zwischen uns und der T\u00fcrkei gest\u00e4rkt und unser gemeinsames Verst\u00e4ndnis von maritimen Taktiken und Verfahren verbessert. Damit wurde die\u00a0Koordinationsf\u00e4higkeit gef\u00f6rdert. Dar\u00fcber hinaus tragen unsere vereinten \u00dcbungen zur St\u00e4rkung von Frieden und Stabilit\u00e4t in der Region bei.&#8221;<\/em><\/p>\n<\/blockquote>\n<p>Vor der Ankunft in Antalya seien auf der &#8220;Gerald R. Ford&#8221; wichtige t\u00fcrkische Regierungs- und Milit\u00e4rvertreter an Bord empfangen worden. Sie erhielten die M\u00f6glichkeit, den Betrieb des hochmodernen Flugzeugtr\u00e4gers auf See zu beobachten. Milit\u00e4rische F\u00fchrungskr\u00e4fte und h\u00f6here Beamte\u00a0aus der\u00a0Region seien zudem zu einem Abendessen auf das Schiff eingeladen worden.<\/p>\n<p><strong>Mehr zum Thema<\/strong> &#8211; <a rel=\"nofollow noopener\" target=\"_blank\" href=\"https:\/\/freedert.online\/asien\/178248-russische-und-chinesische-marine-ueben\/\">Milit\u00e4rkooperation im Ostchinesischen Meer: Russische und chinesische Marine \u00fcben erneut gemeinsam<\/a><\/p>\n<\/div>\n<p><br \/>\n<br \/><a href=\"https:\/\/de.rt.com\/international\/179279-neuester-us-flugzeugtraeger-im-tuerkischen-antalya\/\">Source link <\/a><\/p>\n","protected":false},"excerpt":{"rendered":"<p>Zur St\u00e4rkung der US-amerikanisch-t\u00fcrkischen Partnerschaft besucht der neueste US-Flugzeugtr\u00e4ger USS Gerald R. Ford den t\u00fcrkischen Hafen Antalya. Die USA w\u00fcrden damit ihr Engagement f\u00fcr die Sicherheit im Mittelmeer demonstrieren wollen. Zuvor hatte die Flugzeugtr\u00e4ger-Gruppe bereits drei H\u00e4fen in Europa besucht. Der US-Flugzeugtr\u00e4ger &#8220;USS Gerald R. Ford&#8221; (CVN 78) traf am 25. August zu einem Hafenbesuch [&hellip;]<\/p>\n","protected":false},"author":3,"featured_media":45385,"comment_status":"open","ping_status":"open","sticky":false,"template":"","format":"standard","meta":{"_yoast_indexnow_last_ping":["1693391953"],"wp_automatic_camp":["217"],"66eaff4bd8e61e38f842621506b1a748":["US-Flugzeugtr\u00e4ger &quot;USS Gerald R. Ford&quot; besucht die T\u00fcrkei zur St\u00e4rkung der Partnerschaft"],"original_link":["https:\/\/de.rt.com\/international\/179279-neuester-us-flugzeugtraeger-im-tuerkischen-antalya\/"],"_thumbnail_id":["45385"],"_wptgpro_p2tg_sent2tg":["a:1:{i:23737;s:19:\"2023-08-30 12:40:14\";}"],"jnews_social_counter_last_update":["1777183371"]},"categories":[19,23],"tags":[4747,82,45,48292,10415,4898,48291,23459,1897,34008,581],"yoast_head":"<!-- This site is optimized with the Yoast SEO Premium plugin v22.7 (Yoast SEO v22.7) - https:\/\/yoast.com\/wordpress\/plugins\/seo\/ -->\n<title>US-Flugzeugtr\u00e4ger &quot;USS Gerald R. Ford&quot; besucht die T\u00fcrkei zur St\u00e4rkung der Partnerschaft - just-now.NEWS Deutschland<\/title>\n<meta name=\"robots\" content=\"index, follow, max-snippet:-1, max-image-preview:large, max-video-preview:-1\" \/>\n<link rel=\"canonical\" href=\"https:\/\/now-news.de\/de\/deutschland\/us-flugzeugtraeger-uss-gerald-r-ford-besucht-die-tuerkei-zur-staerkung-der-partnerschaft\/\" \/>\n<meta property=\"og:locale\" content=\"de_DE\" \/>\n<meta property=\"og:type\" content=\"article\" \/>\n<meta property=\"og:title\" content=\"US-Flugzeugtr\u00e4ger &quot;USS Gerald R. Ford&quot; besucht die T\u00fcrkei zur St\u00e4rkung der Partnerschaft\" \/>\n<meta property=\"og:description\" content=\"Zur St\u00e4rkung der US-amerikanisch-t\u00fcrkischen Partnerschaft besucht der neueste US-Flugzeugtr\u00e4ger USS Gerald R. Ford den t\u00fcrkischen Hafen Antalya. Die USA w\u00fcrden damit ihr Engagement f\u00fcr die Sicherheit im Mittelmeer demonstrieren wollen. Zuvor hatte die Flugzeugtr\u00e4ger-Gruppe bereits drei H\u00e4fen in Europa besucht. Der US-Flugzeugtr\u00e4ger &#8220;USS Gerald R. Ford&#8221; (CVN 78) traf am 25. August zu einem Hafenbesuch [&hellip;]\" \/>\n<meta property=\"og:url\" content=\"https:\/\/now-news.de\/de\/deutschland\/us-flugzeugtraeger-uss-gerald-r-ford-besucht-die-tuerkei-zur-staerkung-der-partnerschaft\/\" \/>\n<meta property=\"og:site_name\" content=\"just-now.NEWS Deutschland\" \/>\n<meta property=\"article:publisher\" content=\"https:\/\/www.facebook.com\/wirmachenauf\" \/>\n<meta property=\"article:published_time\" content=\"2023-08-30T10:17:29+00:00\" \/>\n<meta property=\"og:image\" content=\"https:\/\/now-news.de\/de\/wp-content\/uploads\/sites\/3\/2023\/08\/US-Flugzeugtraeger-quotUSS-Gerald-R-Fordquot-besucht-die-Tuerkei-zur-Staerkung.jpg\" \/>\n\t<meta property=\"og:image:width\" content=\"460\" \/>\n\t<meta property=\"og:image:height\" content=\"259\" \/>\n\t<meta property=\"og:image:type\" content=\"image\/jpeg\" \/>\n<meta name=\"author\" content=\"rtnews\" \/>\n<meta name=\"twitter:card\" content=\"summary_large_image\" \/>\n<meta name=\"twitter:creator\" content=\"@WirMachenAuf_de\" \/>\n<meta name=\"twitter:site\" content=\"@WirMachenAuf_de\" \/>\n<meta name=\"twitter:label1\" content=\"Verfasst von\" \/>\n\t<meta name=\"twitter:data1\" content=\"rtnews\" \/>\n\t<meta name=\"twitter:label2\" content=\"Gesch\u00e4tzte Lesezeit\" \/>\n\t<meta name=\"twitter:data2\" content=\"2\u00a0Minuten\" \/>\n<script type=\"application\/ld+json\" class=\"yoast-schema-graph\">{\"@context\":\"https:\/\/schema.org\",\"@graph\":[{\"@type\":\"Article\",\"@id\":\"https:\/\/now-news.de\/de\/deutschland\/us-flugzeugtraeger-uss-gerald-r-ford-besucht-die-tuerkei-zur-staerkung-der-partnerschaft\/#article\",\"isPartOf\":{\"@id\":\"https:\/\/now-news.de\/de\/deutschland\/us-flugzeugtraeger-uss-gerald-r-ford-besucht-die-tuerkei-zur-staerkung-der-partnerschaft\/\"},\"author\":{\"name\":\"rtnews\",\"@id\":\"https:\/\/now-news.de\/de\/#\/schema\/person\/fb534a4e865501d8b3285208df34a9b5\"},\"headline\":\"US-Flugzeugtr\u00e4ger &quot;USS Gerald R. Ford&quot; besucht die T\u00fcrkei zur St\u00e4rkung der Partnerschaft\",\"datePublished\":\"2023-08-30T10:17:29+00:00\",\"dateModified\":\"2023-08-30T10:17:29+00:00\",\"mainEntityOfPage\":{\"@id\":\"https:\/\/now-news.de\/de\/deutschland\/us-flugzeugtraeger-uss-gerald-r-ford-besucht-die-tuerkei-zur-staerkung-der-partnerschaft\/\"},\"wordCount\":425,\"commentCount\":0,\"publisher\":{\"@id\":\"https:\/\/now-news.de\/de\/#organization\"},\"image\":{\"@id\":\"https:\/\/now-news.de\/de\/deutschland\/us-flugzeugtraeger-uss-gerald-r-ford-besucht-die-tuerkei-zur-staerkung-der-partnerschaft\/#primaryimage\"},\"thumbnailUrl\":\"https:\/\/now-news.de\/de\/wp-content\/uploads\/sites\/3\/2023\/08\/US-Flugzeugtraeger-quotUSS-Gerald-R-Fordquot-besucht-die-Tuerkei-zur-Staerkung.jpg\",\"keywords\":[\"besucht\",\"der\",\"die\",\"Fordquot\",\"Gerald\",\"Partnerschaft\",\"quotUSS\",\"St\u00e4rkung\",\"T\u00fcrkei\",\"USFlugzeugtr\u00e4ger\",\"zur\"],\"articleSection\":[\"Deutschland\",\"Russland\"],\"inLanguage\":\"de\",\"potentialAction\":[{\"@type\":\"CommentAction\",\"name\":\"Comment\",\"target\":[\"https:\/\/now-news.de\/de\/deutschland\/us-flugzeugtraeger-uss-gerald-r-ford-besucht-die-tuerkei-zur-staerkung-der-partnerschaft\/#respond\"]}]},{\"@type\":\"WebPage\",\"@id\":\"https:\/\/now-news.de\/de\/deutschland\/us-flugzeugtraeger-uss-gerald-r-ford-besucht-die-tuerkei-zur-staerkung-der-partnerschaft\/\",\"url\":\"https:\/\/now-news.de\/de\/deutschland\/us-flugzeugtraeger-uss-gerald-r-ford-besucht-die-tuerkei-zur-staerkung-der-partnerschaft\/\",\"name\":\"US-Flugzeugtr\u00e4ger &quot;USS Gerald R. Ford&quot; besucht die T\u00fcrkei zur St\u00e4rkung der Partnerschaft - just-now.NEWS Deutschland\",\"isPartOf\":{\"@id\":\"https:\/\/now-news.de\/de\/#website\"},\"primaryImageOfPage\":{\"@id\":\"https:\/\/now-news.de\/de\/deutschland\/us-flugzeugtraeger-uss-gerald-r-ford-besucht-die-tuerkei-zur-staerkung-der-partnerschaft\/#primaryimage\"},\"image\":{\"@id\":\"https:\/\/now-news.de\/de\/deutschland\/us-flugzeugtraeger-uss-gerald-r-ford-besucht-die-tuerkei-zur-staerkung-der-partnerschaft\/#primaryimage\"},\"thumbnailUrl\":\"https:\/\/now-news.de\/de\/wp-content\/uploads\/sites\/3\/2023\/08\/US-Flugzeugtraeger-quotUSS-Gerald-R-Fordquot-besucht-die-Tuerkei-zur-Staerkung.jpg\",\"datePublished\":\"2023-08-30T10:17:29+00:00\",\"dateModified\":\"2023-08-30T10:17:29+00:00\",\"breadcrumb\":{\"@id\":\"https:\/\/now-news.de\/de\/deutschland\/us-flugzeugtraeger-uss-gerald-r-ford-besucht-die-tuerkei-zur-staerkung-der-partnerschaft\/#breadcrumb\"},\"inLanguage\":\"de\",\"potentialAction\":[{\"@type\":\"ReadAction\",\"target\":[\"https:\/\/now-news.de\/de\/deutschland\/us-flugzeugtraeger-uss-gerald-r-ford-besucht-die-tuerkei-zur-staerkung-der-partnerschaft\/\"]}]},{\"@type\":\"ImageObject\",\"inLanguage\":\"de\",\"@id\":\"https:\/\/now-news.de\/de\/deutschland\/us-flugzeugtraeger-uss-gerald-r-ford-besucht-die-tuerkei-zur-staerkung-der-partnerschaft\/#primaryimage\",\"url\":\"https:\/\/now-news.de\/de\/wp-content\/uploads\/sites\/3\/2023\/08\/US-Flugzeugtraeger-quotUSS-Gerald-R-Fordquot-besucht-die-Tuerkei-zur-Staerkung.jpg\",\"contentUrl\":\"https:\/\/now-news.de\/de\/wp-content\/uploads\/sites\/3\/2023\/08\/US-Flugzeugtraeger-quotUSS-Gerald-R-Fordquot-besucht-die-Tuerkei-zur-Staerkung.jpg\",\"width\":460,\"height\":259,\"caption\":\"US-Flugzeugtr\u00e4ger &quot;USS Gerald R. Ford&quot; besucht die T\u00fcrkei zur St\u00e4rkung der Partnerschaft\"},{\"@type\":\"BreadcrumbList\",\"@id\":\"https:\/\/now-news.de\/de\/deutschland\/us-flugzeugtraeger-uss-gerald-r-ford-besucht-die-tuerkei-zur-staerkung-der-partnerschaft\/#breadcrumb\",\"itemListElement\":[{\"@type\":\"ListItem\",\"position\":1,\"name\":\"Home\",\"item\":\"https:\/\/now-news.de\/de\/\"},{\"@type\":\"ListItem\",\"position\":2,\"name\":\"US-Flugzeugtr\u00e4ger &quot;USS Gerald R. Ford&quot; besucht die T\u00fcrkei zur St\u00e4rkung der Partnerschaft\"}]},{\"@type\":\"WebSite\",\"@id\":\"https:\/\/now-news.de\/de\/#website\",\"url\":\"https:\/\/now-news.de\/de\/\",\"name\":\"just-now.NEWS Deutschland\",\"description\":\"Das Portal f\u00fcr unzensierte Nachrichten aus der Welt\",\"publisher\":{\"@id\":\"https:\/\/now-news.de\/de\/#organization\"},\"potentialAction\":[{\"@type\":\"SearchAction\",\"target\":{\"@type\":\"EntryPoint\",\"urlTemplate\":\"https:\/\/now-news.de\/de\/?s={search_term_string}\"},\"query-input\":\"required name=search_term_string\"}],\"inLanguage\":\"de\"},{\"@type\":\"Organization\",\"@id\":\"https:\/\/now-news.de\/de\/#organization\",\"name\":\"Just Now News\",\"url\":\"https:\/\/now-news.de\/de\/\",\"logo\":{\"@type\":\"ImageObject\",\"inLanguage\":\"de\",\"@id\":\"https:\/\/now-news.de\/de\/#\/schema\/logo\/image\/\",\"url\":\"http:\/\/just-now.news\/de\/wp-content\/uploads\/sites\/3\/2022\/04\/logo500x500.jpg\",\"contentUrl\":\"http:\/\/just-now.news\/de\/wp-content\/uploads\/sites\/3\/2022\/04\/logo500x500.jpg\",\"width\":500,\"height\":500,\"caption\":\"Just Now News\"},\"image\":{\"@id\":\"https:\/\/now-news.de\/de\/#\/schema\/logo\/image\/\"},\"sameAs\":[\"https:\/\/www.facebook.com\/wirmachenauf\",\"https:\/\/x.com\/WirMachenAuf_de\"]},{\"@type\":\"Person\",\"@id\":\"https:\/\/now-news.de\/de\/#\/schema\/person\/fb534a4e865501d8b3285208df34a9b5\",\"name\":\"rtnews\",\"image\":{\"@type\":\"ImageObject\",\"inLanguage\":\"de\",\"@id\":\"https:\/\/now-news.de\/de\/#\/schema\/person\/image\/\",\"url\":\"https:\/\/secure.gravatar.com\/avatar\/82aafea7d8127119dd649515f56e2117?s=96&d=mm&r=g\",\"contentUrl\":\"https:\/\/secure.gravatar.com\/avatar\/82aafea7d8127119dd649515f56e2117?s=96&d=mm&r=g\",\"caption\":\"rtnews\"},\"url\":\"https:\/\/now-news.de\/de\/author\/rnews\/\"}]}<\/script>\n<!-- \/ Yoast SEO Premium plugin. -->","yoast_head_json":{"title":"US-Flugzeugtr\u00e4ger &quot;USS Gerald R. Ford&quot; besucht die T\u00fcrkei zur St\u00e4rkung der Partnerschaft - just-now.NEWS Deutschland","robots":{"index":"index","follow":"follow","max-snippet":"max-snippet:-1","max-image-preview":"max-image-preview:large","max-video-preview":"max-video-preview:-1"},"canonical":"https:\/\/now-news.de\/de\/deutschland\/us-flugzeugtraeger-uss-gerald-r-ford-besucht-die-tuerkei-zur-staerkung-der-partnerschaft\/","og_locale":"de_DE","og_type":"article","og_title":"US-Flugzeugtr\u00e4ger &quot;USS Gerald R. Ford&quot; besucht die T\u00fcrkei zur St\u00e4rkung der Partnerschaft","og_description":"Zur St\u00e4rkung der US-amerikanisch-t\u00fcrkischen Partnerschaft besucht der neueste US-Flugzeugtr\u00e4ger USS Gerald R. Ford den t\u00fcrkischen Hafen Antalya. Die USA w\u00fcrden damit ihr Engagement f\u00fcr die Sicherheit im Mittelmeer demonstrieren wollen. Zuvor hatte die Flugzeugtr\u00e4ger-Gruppe bereits drei H\u00e4fen in Europa besucht. Der US-Flugzeugtr\u00e4ger &#8220;USS Gerald R. Ford&#8221; (CVN 78) traf am 25. August zu einem Hafenbesuch [&hellip;]","og_url":"https:\/\/now-news.de\/de\/deutschland\/us-flugzeugtraeger-uss-gerald-r-ford-besucht-die-tuerkei-zur-staerkung-der-partnerschaft\/","og_site_name":"just-now.NEWS Deutschland","article_publisher":"https:\/\/www.facebook.com\/wirmachenauf","article_published_time":"2023-08-30T10:17:29+00:00","og_image":[{"width":460,"height":259,"url":"https:\/\/now-news.de\/de\/wp-content\/uploads\/sites\/3\/2023\/08\/US-Flugzeugtraeger-quotUSS-Gerald-R-Fordquot-besucht-die-Tuerkei-zur-Staerkung.jpg","type":"image\/jpeg"}],"author":"rtnews","twitter_card":"summary_large_image","twitter_creator":"@WirMachenAuf_de","twitter_site":"@WirMachenAuf_de","twitter_misc":{"Verfasst von":"rtnews","Gesch\u00e4tzte Lesezeit":"2\u00a0Minuten"},"schema":{"@context":"https:\/\/schema.org","@graph":[{"@type":"Article","@id":"https:\/\/now-news.de\/de\/deutschland\/us-flugzeugtraeger-uss-gerald-r-ford-besucht-die-tuerkei-zur-staerkung-der-partnerschaft\/#article","isPartOf":{"@id":"https:\/\/now-news.de\/de\/deutschland\/us-flugzeugtraeger-uss-gerald-r-ford-besucht-die-tuerkei-zur-staerkung-der-partnerschaft\/"},"author":{"name":"rtnews","@id":"https:\/\/now-news.de\/de\/#\/schema\/person\/fb534a4e865501d8b3285208df34a9b5"},"headline":"US-Flugzeugtr\u00e4ger &quot;USS Gerald R. Ford&quot; besucht die T\u00fcrkei zur St\u00e4rkung der Partnerschaft","datePublished":"2023-08-30T10:17:29+00:00","dateModified":"2023-08-30T10:17:29+00:00","mainEntityOfPage":{"@id":"https:\/\/now-news.de\/de\/deutschland\/us-flugzeugtraeger-uss-gerald-r-ford-besucht-die-tuerkei-zur-staerkung-der-partnerschaft\/"},"wordCount":425,"commentCount":0,"publisher":{"@id":"https:\/\/now-news.de\/de\/#organization"},"image":{"@id":"https:\/\/now-news.de\/de\/deutschland\/us-flugzeugtraeger-uss-gerald-r-ford-besucht-die-tuerkei-zur-staerkung-der-partnerschaft\/#primaryimage"},"thumbnailUrl":"https:\/\/now-news.de\/de\/wp-content\/uploads\/sites\/3\/2023\/08\/US-Flugzeugtraeger-quotUSS-Gerald-R-Fordquot-besucht-die-Tuerkei-zur-Staerkung.jpg","keywords":["besucht","der","die","Fordquot","Gerald","Partnerschaft","quotUSS","St\u00e4rkung","T\u00fcrkei","USFlugzeugtr\u00e4ger","zur"],"articleSection":["Deutschland","Russland"],"inLanguage":"de","potentialAction":[{"@type":"CommentAction","name":"Comment","target":["https:\/\/now-news.de\/de\/deutschland\/us-flugzeugtraeger-uss-gerald-r-ford-besucht-die-tuerkei-zur-staerkung-der-partnerschaft\/#respond"]}]},{"@type":"WebPage","@id":"https:\/\/now-news.de\/de\/deutschland\/us-flugzeugtraeger-uss-gerald-r-ford-besucht-die-tuerkei-zur-staerkung-der-partnerschaft\/","url":"https:\/\/now-news.de\/de\/deutschland\/us-flugzeugtraeger-uss-gerald-r-ford-besucht-die-tuerkei-zur-staerkung-der-partnerschaft\/","name":"US-Flugzeugtr\u00e4ger &quot;USS Gerald R. Ford&quot; besucht die T\u00fcrkei zur St\u00e4rkung der Partnerschaft - just-now.NEWS Deutschland","isPartOf":{"@id":"https:\/\/now-news.de\/de\/#website"},"primaryImageOfPage":{"@id":"https:\/\/now-news.de\/de\/deutschland\/us-flugzeugtraeger-uss-gerald-r-ford-besucht-die-tuerkei-zur-staerkung-der-partnerschaft\/#primaryimage"},"image":{"@id":"https:\/\/now-news.de\/de\/deutschland\/us-flugzeugtraeger-uss-gerald-r-ford-besucht-die-tuerkei-zur-staerkung-der-partnerschaft\/#primaryimage"},"thumbnailUrl":"https:\/\/now-news.de\/de\/wp-content\/uploads\/sites\/3\/2023\/08\/US-Flugzeugtraeger-quotUSS-Gerald-R-Fordquot-besucht-die-Tuerkei-zur-Staerkung.jpg","datePublished":"2023-08-30T10:17:29+00:00","dateModified":"2023-08-30T10:17:29+00:00","breadcrumb":{"@id":"https:\/\/now-news.de\/de\/deutschland\/us-flugzeugtraeger-uss-gerald-r-ford-besucht-die-tuerkei-zur-staerkung-der-partnerschaft\/#breadcrumb"},"inLanguage":"de","potentialAction":[{"@type":"ReadAction","target":["https:\/\/now-news.de\/de\/deutschland\/us-flugzeugtraeger-uss-gerald-r-ford-besucht-die-tuerkei-zur-staerkung-der-partnerschaft\/"]}]},{"@type":"ImageObject","inLanguage":"de","@id":"https:\/\/now-news.de\/de\/deutschland\/us-flugzeugtraeger-uss-gerald-r-ford-besucht-die-tuerkei-zur-staerkung-der-partnerschaft\/#primaryimage","url":"https:\/\/now-news.de\/de\/wp-content\/uploads\/sites\/3\/2023\/08\/US-Flugzeugtraeger-quotUSS-Gerald-R-Fordquot-besucht-die-Tuerkei-zur-Staerkung.jpg","contentUrl":"https:\/\/now-news.de\/de\/wp-content\/uploads\/sites\/3\/2023\/08\/US-Flugzeugtraeger-quotUSS-Gerald-R-Fordquot-besucht-die-Tuerkei-zur-Staerkung.jpg","width":460,"height":259,"caption":"US-Flugzeugtr\u00e4ger &quot;USS Gerald R. Ford&quot; besucht die T\u00fcrkei zur St\u00e4rkung der Partnerschaft"},{"@type":"BreadcrumbList","@id":"https:\/\/now-news.de\/de\/deutschland\/us-flugzeugtraeger-uss-gerald-r-ford-besucht-die-tuerkei-zur-staerkung-der-partnerschaft\/#breadcrumb","itemListElement":[{"@type":"ListItem","position":1,"name":"Home","item":"https:\/\/now-news.de\/de\/"},{"@type":"ListItem","position":2,"name":"US-Flugzeugtr\u00e4ger &quot;USS Gerald R. Ford&quot; besucht die T\u00fcrkei zur St\u00e4rkung der Partnerschaft"}]},{"@type":"WebSite","@id":"https:\/\/now-news.de\/de\/#website","url":"https:\/\/now-news.de\/de\/","name":"just-now.NEWS Deutschland","description":"Das Portal f\u00fcr unzensierte Nachrichten aus der Welt","publisher":{"@id":"https:\/\/now-news.de\/de\/#organization"},"potentialAction":[{"@type":"SearchAction","target":{"@type":"EntryPoint","urlTemplate":"https:\/\/now-news.de\/de\/?s={search_term_string}"},"query-input":"required name=search_term_string"}],"inLanguage":"de"},{"@type":"Organization","@id":"https:\/\/now-news.de\/de\/#organization","name":"Just Now News","url":"https:\/\/now-news.de\/de\/","logo":{"@type":"ImageObject","inLanguage":"de","@id":"https:\/\/now-news.de\/de\/#\/schema\/logo\/image\/","url":"http:\/\/just-now.news\/de\/wp-content\/uploads\/sites\/3\/2022\/04\/logo500x500.jpg","contentUrl":"http:\/\/just-now.news\/de\/wp-content\/uploads\/sites\/3\/2022\/04\/logo500x500.jpg","width":500,"height":500,"caption":"Just Now News"},"image":{"@id":"https:\/\/now-news.de\/de\/#\/schema\/logo\/image\/"},"sameAs":["https:\/\/www.facebook.com\/wirmachenauf","https:\/\/x.com\/WirMachenAuf_de"]},{"@type":"Person","@id":"https:\/\/now-news.de\/de\/#\/schema\/person\/fb534a4e865501d8b3285208df34a9b5","name":"rtnews","image":{"@type":"ImageObject","inLanguage":"de","@id":"https:\/\/now-news.de\/de\/#\/schema\/person\/image\/","url":"https:\/\/secure.gravatar.com\/avatar\/82aafea7d8127119dd649515f56e2117?s=96&d=mm&r=g","contentUrl":"https:\/\/secure.gravatar.com\/avatar\/82aafea7d8127119dd649515f56e2117?s=96&d=mm&r=g","caption":"rtnews"},"url":"https:\/\/now-news.de\/de\/author\/rnews\/"}]}},"_links":{"self":[{"href":"https:\/\/now-news.de\/de\/wp-json\/wp\/v2\/posts\/45384"}],"collection":[{"href":"https:\/\/now-news.de\/de\/wp-json\/wp\/v2\/posts"}],"about":[{"href":"https:\/\/now-news.de\/de\/wp-json\/wp\/v2\/types\/post"}],"author":[{"embeddable":true,"href":"https:\/\/now-news.de\/de\/wp-json\/wp\/v2\/users\/3"}],"replies":[{"embeddable":true,"href":"https:\/\/now-news.de\/de\/wp-json\/wp\/v2\/comments?post=45384"}],"version-history":[{"count":0,"href":"https:\/\/now-news.de\/de\/wp-json\/wp\/v2\/posts\/45384\/revisions"}],"wp:featuredmedia":[{"embeddable":true,"href":"https:\/\/now-news.de\/de\/wp-json\/wp\/v2\/media\/45385"}],"wp:attachment":[{"href":"https:\/\/now-news.de\/de\/wp-json\/wp\/v2\/media?parent=45384"}],"wp:term":[{"taxonomy":"category","embeddable":true,"href":"https:\/\/now-news.de\/de\/wp-json\/wp\/v2\/categories?post=45384"},{"taxonomy":"post_tag","embeddable":true,"href":"https:\/\/now-news.de\/de\/wp-json\/wp\/v2\/tags?post=45384"}],"curies":[{"name":"wp","href":"https:\/\/api.w.org\/{rel}","templated":true}]}}