{"id":45356,"date":"2023-08-29T21:31:10","date_gmt":"2023-08-29T19:31:10","guid":{"rendered":"https:\/\/just-now.news\/de\/deutschland\/causa-aiwanger-katharina-schulze-und-die-krux-mit-der-politischen-doppelmoral\/"},"modified":"2023-08-29T21:31:10","modified_gmt":"2023-08-29T19:31:10","slug":"causa-aiwanger-katharina-schulze-und-die-krux-mit-der-politischen-doppelmoral","status":"publish","type":"post","link":"https:\/\/now-news.de\/de\/deutschland\/causa-aiwanger-katharina-schulze-und-die-krux-mit-der-politischen-doppelmoral\/","title":{"rendered":"Causa Aiwanger: Katharina Schulze und die Krux mit der politischen Doppelmoral"},"content":{"rendered":"<div class=\"Text-root Text-type_1 \">\n                Wenig \u00fcberraschend tr\u00f6tet auch die bayerische Spitzenkandidatin der Gr\u00fcnen \u00fcber das mehr als abgenutzte Emp\u00f6rungshorn zur Causa Hubert Aiwanger. Bei ihrer Person reicht dabei in Sachen menschenverachtende Formulierungen der wichtige Blick in das Jahr 2021. Selbstverliebtheit und Hochmut kommen weiterhin vor dem gef\u00fcrchteten Fall.\n            <\/div>\n<p><\/p>\n<div class=\"Text-root Text-type_5 ArticleView-text ViewText-root \">\n<p><em>Von Bernhard Loyen<\/em><\/p>\n<p>Die Glaubw\u00fcrdigkeit bei Spitzenpolitikern und -politikerinnen ist schon ein sehr spezielles Thema. Man(n) und Frau dreht und windet sich, speziell in Wahlkampfzeiten, wenn es eigentlich mehrheitlich darum geht, den gut dotierten Posten auch nach der nervigen Prozedur der \u00e4rgerlichen Abh\u00e4ngigkeit von der ben\u00f6tigten Stimme des B\u00fcrgers zu \u00fcberstehen. Glaubw\u00fcrdige Vollblutpolitiker zu erleben, die sich ihrer\u00a0urspr\u00fcnglich angedachten Verantwortung, der Umsetzung der Erwartungen als gew\u00e4hlte &#8220;Volksvertreter&#8221; zu agieren, ist mittlerweile ein rares Ereignis.<\/p>\n<p>Gekapert wurden die regionalen wie \u00fcberregionalen Plenars\u00e4le von lebensfernen wie auch unerfahrenen B\u00fcrgern zwischen 20 und Ende 30. Eine abgeschlossene Ausbildung vorweisen, wozu? Sehr oft reicht es sogar, ein begonnenes, nat\u00fcrlich nicht beendetes Studium in die Biografie einzupflegen. Der wichtigste Pinocchio-Satz darf nie fehlen: &#8220;Ich habe mich schon immer (&#8230;) daf\u00fcr interessiert.&#8221;<\/p>\n<p>Kennen Sie Ludwig Hartmann? Brauchen Sie auch nicht, das ist der zweite gr\u00fcne bayerische Spitzenkandidat neben der 38-j\u00e4hrigen Katharina Schulze. Ihr &#8220;gemeinsames&#8221; Wahlkampfmotto als &#8220;Spitzenduo Schulze und Hartmann&#8221; lautet allen Ernstes seit dem Mai: &#8220;Team-Show statt <a rel=\"nofollow noopener\" target=\"_blank\" href=\"https:\/\/www.gruene-bayern.de\/team-show-statt-solo-nummer\/\">Solo-Nummer<\/a>&#8220;. Auf Bierkr\u00fcgen steht dann sogar &#8220;Team Bayern statt Ego-Show&#8221;. Frau Schulze liebt jedoch eher die Solo-Show: Sie ist laut, lacht viel und m\u00f6chte lustig, nat\u00fcrlich und spontan wirken:<\/p>\n<div class=\"EmbedBlock-root EmbedBlock-twitter\">\n<div class=\"TwitterEmbed\">\n<blockquote class=\"twitter-tweet lazyload\" data-twitter=\"twitter-tweet\">\n<p lang=\"de\" dir=\"ltr\">Die Qualifikationen und F\u00e4higkeiten der gr\u00fcnen Politikerin Katharina <a rel=\"nofollow noopener\" target=\"_blank\" href=\"https:\/\/twitter.com\/hashtag\/Schulze?src=hash&amp;ref_src=twsrc%5Etfw\">#Schulze<\/a>:\u2022 Infantilit\u00e4t \u2022 Inkompetenz\u2022 Ahnungslosigkeit \u2022 Italienische Gesten\u2022 H\u00fcpfen und Tanzen \u2022 TikTok-Kompetenz\u2022 Affiges Verhalten \u2022 Bl\u00f6des Grinsen Wer w\u00e4hlt sowas? <a rel=\"nofollow noopener\" target=\"_blank\" href=\"https:\/\/t.co\/IcO74Op1nz\">pic.twitter.com\/IcO74Op1nz<\/a><\/p>\n<p>\u2014 David Le Pro (@MrDavidTreets) <a rel=\"nofollow noopener\" target=\"_blank\" href=\"https:\/\/twitter.com\/MrDavidTreets\/status\/1662790490876510208?ref_src=twsrc%5Etfw\">May 28, 2023<\/a><\/p><\/blockquote>\n<\/div>\n<\/div>\n<p>Angesichts des laufenden Wahlkampfs in Bayern wenig \u00fcberraschend, hat sich Schulze am 26. August nat\u00fcrlich auch dem Emp\u00f6rungschor der entsetzten Aiwanger-Kritiker angeschlossen. So <a rel=\"nofollow noopener\" target=\"_blank\" href=\"https:\/\/twitter.com\/KathaSchulze\/status\/1695342570686050620\">schrieb<\/a> sie auf X\/Twitter zum Thema Jugends\u00fcnden und &#8220;Auschwitz-Pamphlet&#8221; (Titel des <a rel=\"nofollow noopener\" target=\"_blank\" href=\"https:\/\/www.sueddeutsche.de\/projekte\/artikel\/politik\/aiwanger-auschwitz-freie-waehler-afd-soeder-wirtschaftsminister-mallersdorf-niederbayern-burkhart-gymnasium-kz-konzentrationslager-vernichtungslager-e074346\/\">Artikels<\/a> der <em>S\u00fcddeutschen-Zeitung<\/em> zur Diskreditierungskampagne von Hubert Aiwanger):<\/p>\n<blockquote>\n<p><em>&#8220;Dieses Flugblatt verh\u00f6hnt die Opfer des Holocausts. Das Gedankengut ist menschenverachtend. Wer so denkt, schreibt und redet zeigt seinen Antisemitismus klar und deutlich. Wenn die Vorw\u00fcrfe sich bewahrheiten, dann muss Markus S\u00f6der Hubert Aiwanger entlassen.&#8221;<\/em><\/p>\n<\/blockquote>\n<p>Worin wurzelt diese Wahrnehmung Schulzes? Eine Antwort darauf findet sich auf der Website der Obama Foundation. Dort war die regelm\u00e4\u00dfig \u00fcberambitioniert wirkende Bayerin im Jahr 2020 virtuelle Teilnehmerin des &#8220;Leaders Europe 2020&#8221;-Ausbildungskurses. Ziel des sechsmonatigen\u00a0Stipendiats war es, &#8220;aufstrebende F\u00fchrungskr\u00e4fte aus ganz Europa zu inspirieren, zu bef\u00e4higen und miteinander zu verbinden&#8221;.\u00a0Zum Abschluss des Programms, so der Foundation-Text <a rel=\"nofollow noopener\" target=\"_blank\" href=\"https:\/\/www.obama.org\/programs\/leaders\/europe\/2020\/\">informierend<\/a>, &#8220;sprach Pr\u00e4sident Obama mit den F\u00fchrungskr\u00e4ften \u00fcber ihre Arbeit zur Ver\u00e4nderung ihrer Gemeinden, Nationen und der Welt&#8221;.<\/p>\n<figure class=\"RTImage-root\">\n<div class=\"RTImage-image RTImage-original\"><picture class=\"Picture-root Picture-original\"><!--[if IE 9]><video style=\"display: none;\"><![endif]--><source media=\"(-webkit-min-device-pixel-ratio: 2) and (min-resolution: 120dpi)\" data-srcset=\" \nhttp:\/\/just-now.news\/de\/wp-content\/uploads\/sites\/3\/2023\/08\/64edd481b480cc1e4d3072c3.JPG 850w,\n                http:\/\/just-now.news\/de\/wp-content\/uploads\/sites\/3\/2023\/08\/64edd481b480cc1e4d3072c3.JPG 1960w,\n            \" ><source data-srcset=\" \nhttp:\/\/just-now.news\/de\/wp-content\/uploads\/sites\/3\/2023\/08\/64edd481b480cc1e4d3072c3.JPG 460w,\n              http:\/\/just-now.news\/de\/wp-content\/uploads\/sites\/3\/2023\/08\/64edd481b480cc1e4d3072c3.JPG 980w,\n            \" ><!--[if IE 9]><\/video><![endif]--><img decoding=\"async\" data- src=\"data:image\/png;base64,iVBORw0KGgoAAAANSUhEUgAAABAAAAAJCAQAAACRI2S5AAAAEElEQVR42mNkIAAYRxWAAQAG9gAKqv6+AwAAAABJRU5ErkJggg==\" class=\"Picture-root Picture-original lazyload\" data-src=\"http:\/\/just-now.news\/de\/wp-content\/uploads\/sites\/3\/2023\/08\/64edd481b480cc1e4d3072c3.JPG\" alt=\"\"><\/source><\/source><\/picture><!-- noscript pattern --><noscript><img decoding=\"async\" src=\"http:\/\/just-now.news\/de\/wp-content\/uploads\/sites\/3\/2023\/08\/64edd481b480cc1e4d3072c3.JPG\" alt=\"\"><\/noscript><\/div><figcaption class=\"RTImage-footer\"><span class=\"RTImage-caption\"><span class=\"RTImage-captionItem\">Katharina Schulze lauscht am 25. Februar 2021 dem bellizistischen Friedensnobelpreistr\u00e4ger Barack Obama.<\/span><\/span><span class=\"RTImage-source\"><span class=\"RTImage-captionItem\">Screenshot: YT-Obama Foundation<\/span><\/span><\/figcaption><\/figure>\n<p>Bei der <a rel=\"nofollow noopener\" target=\"_blank\" href=\"https:\/\/www.obama.org\/programs\/leaders\/europe\/2020\/katharina-schulze\/\">Vorstellung<\/a> Schulzes auf der Website der Obama Foundation findet sich der mehr als interessante Satz:<\/p>\n<blockquote>\n<p><em>&#8220;Katharina l\u00e4sst sich vom Beispiel der Studentengruppe Wei\u00dfe Rose inspirieren, die sich dem Nationalsozialismus widersetzte.&#8221;\u00a0<\/em><\/p>\n<\/blockquote>\n<p>In den drei dunklen Jahren der Corona-Krise zeigte Schulze auch ihr anderes Gesicht. In Bezug auf ihre aktuell mehr als wertende Kommentierung der Causa Aiwanger und dem Hinweis von der Website der Obama Foundation ist das ein wunderbar exemplarisches Beispiel f\u00fcr politische Doppelmoral.<\/p>\n<p>Einer der nachhaltigen Leits\u00e4tze, zitiert von einem Text eines der <a rel=\"nofollow noopener\" target=\"_blank\" href=\"https:\/\/www.weisse-rose-stiftung.de\/widerstandsgruppe-weisse-rose\/flugblaetter\/iv-flugblatt-der-weissen-rose\/#:~:text=Wir%20schweigen%20nicht%2C%20wir%20sind,Rose%20l%C3%A4%C3%9Ft%20Euch%20keine%20Ruhe!\">Flugbl\u00e4tter<\/a>\u00a0der\u00a0Widerstandsgruppe Wei\u00dfe Rose, lautet:<\/p>\n<blockquote>\n<p><em>&#8220;Wir schweigen nicht, wir sind Euer b\u00f6ses Gewissen, die Wei\u00dfe Rose l\u00e4\u00dft Euch keine Ruhe!&#8221;<\/em><\/p>\n<\/blockquote>\n<p>Hat dieser Satz der Widerstandsgruppe, ihrer vermeintlichen historischen Inspiration, im Hinterkopf Schulzes am 1. Dezember 2021 keinerlei Daueralarmsignale gesendet, als sie an das Rednerpult des Bayerischen Landtags trat? Es folgt ein Zitat aus ihrer Rede:<\/p>\n<blockquote>\n<p><em>&#8220;Erstens fordern wir eine Versch\u00e4rfung (!) der Kontaktbeschr\u00e4nkung f\u00fcr ungeimpfte Erwachsene. <\/em><\/p>\n<p><em>Wir m\u00f6chten, dass im Freistaat Bayern in Zukunft nur noch Treffen zwischen Mitgliedern eines Haushaltes mit maximal einer weiteren erwachsenen Person m\u00f6glich sind; Kinder werden nat\u00fcrlich nicht mitgez\u00e4hlt. <\/em><\/p>\n<p><em>Zweitens wollen wir, dass der Handel endlich (!!) f\u00fcr Ungeimpfte geschlossen wird: 2G im Einzelhandel, mit Ausnahme der Grundversorgung (&#8230;)&#8221;\u00a0<\/em><\/p>\n<\/blockquote>\n<p>Diese Radikalit\u00e4t in der Wortwahl, diese H\u00e4rte und Unmenschlichkeit in Aussprache, Mimik und Gestik macht auch gut zwei Jahre sp\u00e4ter noch sensible Menschen sprachlos:<\/p>\n<div class=\"EmbedBlock-root EmbedBlock-twitter\">\n<div class=\"TwitterEmbed\">\n<blockquote class=\"twitter-tweet lazyload\" data-twitter=\"twitter-tweet\">\n<p lang=\"de\" dir=\"ltr\">Bei <a rel=\"nofollow noopener\" target=\"_blank\" href=\"https:\/\/twitter.com\/hashtag\/Aiwanger?src=hash&amp;ref_src=twsrc%5Etfw\">#Aiwanger<\/a> wird ausgekramt, was er vor 35 Jahren angeblich getan hat.Bei Katharina Schulze wird vergessen, was sie vor 2 Jahren tats\u00e4chlich, \u00f6ffentlich und inbr\u00fcnstig getan hat.Deutschland ist kein seri\u00f6ses Land mehr. <a rel=\"nofollow noopener\" target=\"_blank\" href=\"https:\/\/t.co\/NSBIUlK8nK\">pic.twitter.com\/NSBIUlK8nK<\/a><\/p>\n<p>\u2014 Jonas Danner (@MrJonasDanner) <a rel=\"nofollow noopener\" target=\"_blank\" href=\"https:\/\/twitter.com\/MrJonasDanner\/status\/1695691111992295873?ref_src=twsrc%5Etfw\">August 27, 2023<\/a><\/p><\/blockquote>\n<\/div>\n<\/div>\n<p>Dass Schulze sich dabei weiterhin auf die ermordeten Mitglieder der Gruppe &#8220;Wei\u00dfe Rose&#8221; beruft, ist an Doppelmoral kaum zu ertragen. Man muss daher potenziellen W\u00e4hlern der bayerischen Gr\u00fcnen und insbesondere Schulze zurufen:<\/p>\n<blockquote>\n<p>&#8220;<em>Diese Rede verh\u00f6hnt und verletzt \u2013 noch immer \u2013 die Opfer der rein politisch initiierten Corona-Krise.\u00a0<\/em><em>Das Gedankengut Ihrer Rede ist menschenverachtend. Wer so denkt, Texte schreibt und redet, zeigt seinen wahres Gedankengut klar und deutlich.&#8221;<\/em><\/p>\n<\/blockquote>\n<p>Schulze fordert vom bayerischen Ministerpr\u00e4sidenten, sollten sich die j\u00fcngsten Vorw\u00fcrfe bewahrheiten: &#8220;&#8230; dann muss Markus S\u00f6der Hubert\u00a0Aiwanger\u00a0entlassen&#8221;.\u00a0Bes\u00e4\u00dfe Schulze auch nur den Hauch eines politischen\u00a0und moralischen Gewissens, w\u00fcrde sie sich zuerst vom Inhalt ihrer Rede vom 21. Dezember 2021 nachtr\u00e4glich eindeutig distanzieren. Des Weiteren w\u00fcrde sie sich bei all den Menschen aufrichtig und glaubw\u00fcrdig entschuldigen, die auch durch Schulzes Wortwahl und ihr muffiges und verachtenswertes\u00a0Gedankengut diskreditiert und von einem Gro\u00dfteil der Gesellschaft bewusst ausgegrenzt wurden.\u00a0Ein R\u00fccktritt von politischen \u00c4mtern w\u00e4re ein vertretbares Ereignis.\u00a0<\/p>\n<p>Realistisch betrachtet sind diese Empfehlungen jedoch vollkommen \u00fcberfl\u00fcssig, wenn eine Politkarrieristin \u00fcber Monate dahinschmelzend dem Programm eines nachweislichen <a rel=\"nofollow noopener\" target=\"_blank\" href=\"https:\/\/www.spiegel.de\/panorama\/krieg-barack-obama-ist-der-us-praesident-mit-den-meisten-kriegstagen-a-00000000-0003-0001-0000-000000567071\">Kriegsverbrechers<\/a> lauscht, um sich als &#8220;aufstrebende F\u00fchrungskraft&#8221; vermeintlich &#8220;inspirieren zu lassen&#8221;. Das beeindruckende Ergebnis dieser Fort- und Ausbildung der Obama Foundation zeigte sich im Verlauf der Corona-Krise. Schulze hatte dabei keinerlei Skrupel, wenn es die eigenen dunklen\u00a0Fantasien bediente und zudem dem Machterhalt\u00a0dienlich war.<\/p>\n<p>Diese elendige Krux mit der unappetitlichen politischen Doppelmoral &#8230;<\/p>\n<p><strong>Mehr zum Thema \u2013 <\/strong><a rel=\"nofollow noopener\" target=\"_blank\" href=\"https:\/\/freedert.online\/inland\/179070-bayern-wahlkampf-viele-fragen-offen\/\">Bayern-Wahlkampf: &#8220;Viele Fragen offen&#8221; und &#8220;keine Vorverurteilungen&#8221;? Kampagne besch\u00e4digt Aiwanger<\/a><\/p>\n<\/div>\n<p><script async src=\"https:\/\/platform.twitter.com\/widgets.js\" charset=\"utf-8\"><\/script><br \/>\n<br \/><br \/>\n<br \/><a href=\"https:\/\/de.rt.com\/meinung\/179182-causa-aiwanger-katharina-schulze-und-die-krux-mit-der-politischen-doppelmoral\/\">Source link <\/a><\/p>\n","protected":false},"excerpt":{"rendered":"<p>Wenig \u00fcberraschend tr\u00f6tet auch die bayerische Spitzenkandidatin der Gr\u00fcnen \u00fcber das mehr als abgenutzte Emp\u00f6rungshorn zur Causa Hubert Aiwanger. Bei ihrer Person reicht dabei in Sachen menschenverachtende Formulierungen der wichtige Blick in das Jahr 2021. Selbstverliebtheit und Hochmut kommen weiterhin vor dem gef\u00fcrchteten Fall. Von Bernhard Loyen Die Glaubw\u00fcrdigkeit bei Spitzenpolitikern und -politikerinnen ist schon [&hellip;]<\/p>\n","protected":false},"author":3,"featured_media":45357,"comment_status":"open","ping_status":"open","sticky":false,"template":"","format":"standard","meta":{"_yoast_indexnow_last_ping":["1693338297"],"wp_automatic_camp":["217"],"c1261e0064409dd3c650b51e03237475":["Causa Aiwanger: Katharina Schulze und die Krux mit der politischen Doppelmoral"],"original_link":["https:\/\/de.rt.com\/meinung\/179182-causa-aiwanger-katharina-schulze-und-die-krux-mit-der-politischen-doppelmoral\/"],"_thumbnail_id":["45357"],"jnews_social_counter_last_update":["1777253139"],"_wptgpro_p2tg_sent2tg":["a:1:{i:23737;s:19:\"2023-08-29 21:46:13\";}"]},"categories":[19,23],"tags":[45631,30383,82,45,5977,35456,48277,419,21446,13326,140],"yoast_head":"<!-- This site is optimized with the Yoast SEO Premium plugin v22.7 (Yoast SEO v22.7) - https:\/\/yoast.com\/wordpress\/plugins\/seo\/ -->\n<title>Causa Aiwanger: Katharina Schulze und die Krux mit der politischen Doppelmoral - just-now.NEWS Deutschland<\/title>\n<meta name=\"robots\" content=\"index, follow, max-snippet:-1, max-image-preview:large, max-video-preview:-1\" \/>\n<link rel=\"canonical\" href=\"https:\/\/now-news.de\/de\/deutschland\/causa-aiwanger-katharina-schulze-und-die-krux-mit-der-politischen-doppelmoral\/\" \/>\n<meta property=\"og:locale\" content=\"de_DE\" \/>\n<meta property=\"og:type\" content=\"article\" \/>\n<meta property=\"og:title\" content=\"Causa Aiwanger: Katharina Schulze und die Krux mit der politischen Doppelmoral\" \/>\n<meta property=\"og:description\" content=\"Wenig \u00fcberraschend tr\u00f6tet auch die bayerische Spitzenkandidatin der Gr\u00fcnen \u00fcber das mehr als abgenutzte Emp\u00f6rungshorn zur Causa Hubert Aiwanger. Bei ihrer Person reicht dabei in Sachen menschenverachtende Formulierungen der wichtige Blick in das Jahr 2021. Selbstverliebtheit und Hochmut kommen weiterhin vor dem gef\u00fcrchteten Fall. Von Bernhard Loyen Die Glaubw\u00fcrdigkeit bei Spitzenpolitikern und -politikerinnen ist schon [&hellip;]\" \/>\n<meta property=\"og:url\" content=\"https:\/\/now-news.de\/de\/deutschland\/causa-aiwanger-katharina-schulze-und-die-krux-mit-der-politischen-doppelmoral\/\" \/>\n<meta property=\"og:site_name\" content=\"just-now.NEWS Deutschland\" \/>\n<meta property=\"article:publisher\" content=\"https:\/\/www.facebook.com\/wirmachenauf\" \/>\n<meta property=\"article:published_time\" content=\"2023-08-29T19:31:10+00:00\" \/>\n<meta property=\"og:image\" content=\"https:\/\/now-news.de\/de\/wp-content\/uploads\/sites\/3\/2023\/08\/Causa-Aiwanger-Katharina-Schulze-und-die-Krux-mit-der-politischen.JPG\" \/>\n\t<meta property=\"og:image:width\" content=\"1437\" \/>\n\t<meta property=\"og:image:height\" content=\"804\" \/>\n\t<meta property=\"og:image:type\" content=\"image\/jpeg\" \/>\n<meta name=\"author\" content=\"rtnews\" \/>\n<meta name=\"twitter:card\" content=\"summary_large_image\" \/>\n<meta name=\"twitter:creator\" content=\"@WirMachenAuf_de\" \/>\n<meta name=\"twitter:site\" content=\"@WirMachenAuf_de\" \/>\n<meta name=\"twitter:label1\" content=\"Verfasst von\" \/>\n\t<meta name=\"twitter:data1\" content=\"rtnews\" \/>\n\t<meta name=\"twitter:label2\" content=\"Gesch\u00e4tzte Lesezeit\" \/>\n\t<meta name=\"twitter:data2\" content=\"5\u00a0Minuten\" \/>\n<script type=\"application\/ld+json\" class=\"yoast-schema-graph\">{\"@context\":\"https:\/\/schema.org\",\"@graph\":[{\"@type\":\"Article\",\"@id\":\"https:\/\/now-news.de\/de\/deutschland\/causa-aiwanger-katharina-schulze-und-die-krux-mit-der-politischen-doppelmoral\/#article\",\"isPartOf\":{\"@id\":\"https:\/\/now-news.de\/de\/deutschland\/causa-aiwanger-katharina-schulze-und-die-krux-mit-der-politischen-doppelmoral\/\"},\"author\":{\"name\":\"rtnews\",\"@id\":\"https:\/\/now-news.de\/de\/#\/schema\/person\/fb534a4e865501d8b3285208df34a9b5\"},\"headline\":\"Causa Aiwanger: Katharina Schulze und die Krux mit der politischen Doppelmoral\",\"datePublished\":\"2023-08-29T19:31:10+00:00\",\"dateModified\":\"2023-08-29T19:31:10+00:00\",\"mainEntityOfPage\":{\"@id\":\"https:\/\/now-news.de\/de\/deutschland\/causa-aiwanger-katharina-schulze-und-die-krux-mit-der-politischen-doppelmoral\/\"},\"wordCount\":1027,\"commentCount\":0,\"publisher\":{\"@id\":\"https:\/\/now-news.de\/de\/#organization\"},\"image\":{\"@id\":\"https:\/\/now-news.de\/de\/deutschland\/causa-aiwanger-katharina-schulze-und-die-krux-mit-der-politischen-doppelmoral\/#primaryimage\"},\"thumbnailUrl\":\"https:\/\/now-news.de\/de\/wp-content\/uploads\/sites\/3\/2023\/08\/Causa-Aiwanger-Katharina-Schulze-und-die-Krux-mit-der-politischen.JPG\",\"keywords\":[\"Aiwanger\",\"Causa\",\"der\",\"die\",\"Doppelmoral\",\"Katharina\",\"Krux\",\"mit\",\"politischen\",\"Schulze\",\"und\"],\"articleSection\":[\"Deutschland\",\"Russland\"],\"inLanguage\":\"de\",\"potentialAction\":[{\"@type\":\"CommentAction\",\"name\":\"Comment\",\"target\":[\"https:\/\/now-news.de\/de\/deutschland\/causa-aiwanger-katharina-schulze-und-die-krux-mit-der-politischen-doppelmoral\/#respond\"]}]},{\"@type\":\"WebPage\",\"@id\":\"https:\/\/now-news.de\/de\/deutschland\/causa-aiwanger-katharina-schulze-und-die-krux-mit-der-politischen-doppelmoral\/\",\"url\":\"https:\/\/now-news.de\/de\/deutschland\/causa-aiwanger-katharina-schulze-und-die-krux-mit-der-politischen-doppelmoral\/\",\"name\":\"Causa Aiwanger: Katharina Schulze und die Krux mit der politischen Doppelmoral - just-now.NEWS Deutschland\",\"isPartOf\":{\"@id\":\"https:\/\/now-news.de\/de\/#website\"},\"primaryImageOfPage\":{\"@id\":\"https:\/\/now-news.de\/de\/deutschland\/causa-aiwanger-katharina-schulze-und-die-krux-mit-der-politischen-doppelmoral\/#primaryimage\"},\"image\":{\"@id\":\"https:\/\/now-news.de\/de\/deutschland\/causa-aiwanger-katharina-schulze-und-die-krux-mit-der-politischen-doppelmoral\/#primaryimage\"},\"thumbnailUrl\":\"https:\/\/now-news.de\/de\/wp-content\/uploads\/sites\/3\/2023\/08\/Causa-Aiwanger-Katharina-Schulze-und-die-Krux-mit-der-politischen.JPG\",\"datePublished\":\"2023-08-29T19:31:10+00:00\",\"dateModified\":\"2023-08-29T19:31:10+00:00\",\"breadcrumb\":{\"@id\":\"https:\/\/now-news.de\/de\/deutschland\/causa-aiwanger-katharina-schulze-und-die-krux-mit-der-politischen-doppelmoral\/#breadcrumb\"},\"inLanguage\":\"de\",\"potentialAction\":[{\"@type\":\"ReadAction\",\"target\":[\"https:\/\/now-news.de\/de\/deutschland\/causa-aiwanger-katharina-schulze-und-die-krux-mit-der-politischen-doppelmoral\/\"]}]},{\"@type\":\"ImageObject\",\"inLanguage\":\"de\",\"@id\":\"https:\/\/now-news.de\/de\/deutschland\/causa-aiwanger-katharina-schulze-und-die-krux-mit-der-politischen-doppelmoral\/#primaryimage\",\"url\":\"https:\/\/now-news.de\/de\/wp-content\/uploads\/sites\/3\/2023\/08\/Causa-Aiwanger-Katharina-Schulze-und-die-Krux-mit-der-politischen.JPG\",\"contentUrl\":\"https:\/\/now-news.de\/de\/wp-content\/uploads\/sites\/3\/2023\/08\/Causa-Aiwanger-Katharina-Schulze-und-die-Krux-mit-der-politischen.JPG\",\"width\":1437,\"height\":804,\"caption\":\"Causa Aiwanger: Katharina Schulze und die Krux mit der politischen Doppelmoral\"},{\"@type\":\"BreadcrumbList\",\"@id\":\"https:\/\/now-news.de\/de\/deutschland\/causa-aiwanger-katharina-schulze-und-die-krux-mit-der-politischen-doppelmoral\/#breadcrumb\",\"itemListElement\":[{\"@type\":\"ListItem\",\"position\":1,\"name\":\"Home\",\"item\":\"https:\/\/now-news.de\/de\/\"},{\"@type\":\"ListItem\",\"position\":2,\"name\":\"Causa Aiwanger: Katharina Schulze und die Krux mit der politischen Doppelmoral\"}]},{\"@type\":\"WebSite\",\"@id\":\"https:\/\/now-news.de\/de\/#website\",\"url\":\"https:\/\/now-news.de\/de\/\",\"name\":\"just-now.NEWS Deutschland\",\"description\":\"Das Portal f\u00fcr unzensierte Nachrichten aus der Welt\",\"publisher\":{\"@id\":\"https:\/\/now-news.de\/de\/#organization\"},\"potentialAction\":[{\"@type\":\"SearchAction\",\"target\":{\"@type\":\"EntryPoint\",\"urlTemplate\":\"https:\/\/now-news.de\/de\/?s={search_term_string}\"},\"query-input\":\"required name=search_term_string\"}],\"inLanguage\":\"de\"},{\"@type\":\"Organization\",\"@id\":\"https:\/\/now-news.de\/de\/#organization\",\"name\":\"Just Now News\",\"url\":\"https:\/\/now-news.de\/de\/\",\"logo\":{\"@type\":\"ImageObject\",\"inLanguage\":\"de\",\"@id\":\"https:\/\/now-news.de\/de\/#\/schema\/logo\/image\/\",\"url\":\"http:\/\/just-now.news\/de\/wp-content\/uploads\/sites\/3\/2022\/04\/logo500x500.jpg\",\"contentUrl\":\"http:\/\/just-now.news\/de\/wp-content\/uploads\/sites\/3\/2022\/04\/logo500x500.jpg\",\"width\":500,\"height\":500,\"caption\":\"Just Now News\"},\"image\":{\"@id\":\"https:\/\/now-news.de\/de\/#\/schema\/logo\/image\/\"},\"sameAs\":[\"https:\/\/www.facebook.com\/wirmachenauf\",\"https:\/\/x.com\/WirMachenAuf_de\"]},{\"@type\":\"Person\",\"@id\":\"https:\/\/now-news.de\/de\/#\/schema\/person\/fb534a4e865501d8b3285208df34a9b5\",\"name\":\"rtnews\",\"image\":{\"@type\":\"ImageObject\",\"inLanguage\":\"de\",\"@id\":\"https:\/\/now-news.de\/de\/#\/schema\/person\/image\/\",\"url\":\"https:\/\/secure.gravatar.com\/avatar\/82aafea7d8127119dd649515f56e2117?s=96&d=mm&r=g\",\"contentUrl\":\"https:\/\/secure.gravatar.com\/avatar\/82aafea7d8127119dd649515f56e2117?s=96&d=mm&r=g\",\"caption\":\"rtnews\"},\"url\":\"https:\/\/now-news.de\/de\/author\/rnews\/\"}]}<\/script>\n<!-- \/ Yoast SEO Premium plugin. -->","yoast_head_json":{"title":"Causa Aiwanger: Katharina Schulze und die Krux mit der politischen Doppelmoral - just-now.NEWS Deutschland","robots":{"index":"index","follow":"follow","max-snippet":"max-snippet:-1","max-image-preview":"max-image-preview:large","max-video-preview":"max-video-preview:-1"},"canonical":"https:\/\/now-news.de\/de\/deutschland\/causa-aiwanger-katharina-schulze-und-die-krux-mit-der-politischen-doppelmoral\/","og_locale":"de_DE","og_type":"article","og_title":"Causa Aiwanger: Katharina Schulze und die Krux mit der politischen Doppelmoral","og_description":"Wenig \u00fcberraschend tr\u00f6tet auch die bayerische Spitzenkandidatin der Gr\u00fcnen \u00fcber das mehr als abgenutzte Emp\u00f6rungshorn zur Causa Hubert Aiwanger. Bei ihrer Person reicht dabei in Sachen menschenverachtende Formulierungen der wichtige Blick in das Jahr 2021. Selbstverliebtheit und Hochmut kommen weiterhin vor dem gef\u00fcrchteten Fall. Von Bernhard Loyen Die Glaubw\u00fcrdigkeit bei Spitzenpolitikern und -politikerinnen ist schon [&hellip;]","og_url":"https:\/\/now-news.de\/de\/deutschland\/causa-aiwanger-katharina-schulze-und-die-krux-mit-der-politischen-doppelmoral\/","og_site_name":"just-now.NEWS Deutschland","article_publisher":"https:\/\/www.facebook.com\/wirmachenauf","article_published_time":"2023-08-29T19:31:10+00:00","og_image":[{"width":1437,"height":804,"url":"https:\/\/now-news.de\/de\/wp-content\/uploads\/sites\/3\/2023\/08\/Causa-Aiwanger-Katharina-Schulze-und-die-Krux-mit-der-politischen.JPG","type":"image\/jpeg"}],"author":"rtnews","twitter_card":"summary_large_image","twitter_creator":"@WirMachenAuf_de","twitter_site":"@WirMachenAuf_de","twitter_misc":{"Verfasst von":"rtnews","Gesch\u00e4tzte Lesezeit":"5\u00a0Minuten"},"schema":{"@context":"https:\/\/schema.org","@graph":[{"@type":"Article","@id":"https:\/\/now-news.de\/de\/deutschland\/causa-aiwanger-katharina-schulze-und-die-krux-mit-der-politischen-doppelmoral\/#article","isPartOf":{"@id":"https:\/\/now-news.de\/de\/deutschland\/causa-aiwanger-katharina-schulze-und-die-krux-mit-der-politischen-doppelmoral\/"},"author":{"name":"rtnews","@id":"https:\/\/now-news.de\/de\/#\/schema\/person\/fb534a4e865501d8b3285208df34a9b5"},"headline":"Causa Aiwanger: Katharina Schulze und die Krux mit der politischen Doppelmoral","datePublished":"2023-08-29T19:31:10+00:00","dateModified":"2023-08-29T19:31:10+00:00","mainEntityOfPage":{"@id":"https:\/\/now-news.de\/de\/deutschland\/causa-aiwanger-katharina-schulze-und-die-krux-mit-der-politischen-doppelmoral\/"},"wordCount":1027,"commentCount":0,"publisher":{"@id":"https:\/\/now-news.de\/de\/#organization"},"image":{"@id":"https:\/\/now-news.de\/de\/deutschland\/causa-aiwanger-katharina-schulze-und-die-krux-mit-der-politischen-doppelmoral\/#primaryimage"},"thumbnailUrl":"https:\/\/now-news.de\/de\/wp-content\/uploads\/sites\/3\/2023\/08\/Causa-Aiwanger-Katharina-Schulze-und-die-Krux-mit-der-politischen.JPG","keywords":["Aiwanger","Causa","der","die","Doppelmoral","Katharina","Krux","mit","politischen","Schulze","und"],"articleSection":["Deutschland","Russland"],"inLanguage":"de","potentialAction":[{"@type":"CommentAction","name":"Comment","target":["https:\/\/now-news.de\/de\/deutschland\/causa-aiwanger-katharina-schulze-und-die-krux-mit-der-politischen-doppelmoral\/#respond"]}]},{"@type":"WebPage","@id":"https:\/\/now-news.de\/de\/deutschland\/causa-aiwanger-katharina-schulze-und-die-krux-mit-der-politischen-doppelmoral\/","url":"https:\/\/now-news.de\/de\/deutschland\/causa-aiwanger-katharina-schulze-und-die-krux-mit-der-politischen-doppelmoral\/","name":"Causa Aiwanger: Katharina Schulze und die Krux mit der politischen Doppelmoral - just-now.NEWS Deutschland","isPartOf":{"@id":"https:\/\/now-news.de\/de\/#website"},"primaryImageOfPage":{"@id":"https:\/\/now-news.de\/de\/deutschland\/causa-aiwanger-katharina-schulze-und-die-krux-mit-der-politischen-doppelmoral\/#primaryimage"},"image":{"@id":"https:\/\/now-news.de\/de\/deutschland\/causa-aiwanger-katharina-schulze-und-die-krux-mit-der-politischen-doppelmoral\/#primaryimage"},"thumbnailUrl":"https:\/\/now-news.de\/de\/wp-content\/uploads\/sites\/3\/2023\/08\/Causa-Aiwanger-Katharina-Schulze-und-die-Krux-mit-der-politischen.JPG","datePublished":"2023-08-29T19:31:10+00:00","dateModified":"2023-08-29T19:31:10+00:00","breadcrumb":{"@id":"https:\/\/now-news.de\/de\/deutschland\/causa-aiwanger-katharina-schulze-und-die-krux-mit-der-politischen-doppelmoral\/#breadcrumb"},"inLanguage":"de","potentialAction":[{"@type":"ReadAction","target":["https:\/\/now-news.de\/de\/deutschland\/causa-aiwanger-katharina-schulze-und-die-krux-mit-der-politischen-doppelmoral\/"]}]},{"@type":"ImageObject","inLanguage":"de","@id":"https:\/\/now-news.de\/de\/deutschland\/causa-aiwanger-katharina-schulze-und-die-krux-mit-der-politischen-doppelmoral\/#primaryimage","url":"https:\/\/now-news.de\/de\/wp-content\/uploads\/sites\/3\/2023\/08\/Causa-Aiwanger-Katharina-Schulze-und-die-Krux-mit-der-politischen.JPG","contentUrl":"https:\/\/now-news.de\/de\/wp-content\/uploads\/sites\/3\/2023\/08\/Causa-Aiwanger-Katharina-Schulze-und-die-Krux-mit-der-politischen.JPG","width":1437,"height":804,"caption":"Causa Aiwanger: Katharina Schulze und die Krux mit der politischen Doppelmoral"},{"@type":"BreadcrumbList","@id":"https:\/\/now-news.de\/de\/deutschland\/causa-aiwanger-katharina-schulze-und-die-krux-mit-der-politischen-doppelmoral\/#breadcrumb","itemListElement":[{"@type":"ListItem","position":1,"name":"Home","item":"https:\/\/now-news.de\/de\/"},{"@type":"ListItem","position":2,"name":"Causa Aiwanger: Katharina Schulze und die Krux mit der politischen Doppelmoral"}]},{"@type":"WebSite","@id":"https:\/\/now-news.de\/de\/#website","url":"https:\/\/now-news.de\/de\/","name":"just-now.NEWS Deutschland","description":"Das Portal f\u00fcr unzensierte Nachrichten aus der Welt","publisher":{"@id":"https:\/\/now-news.de\/de\/#organization"},"potentialAction":[{"@type":"SearchAction","target":{"@type":"EntryPoint","urlTemplate":"https:\/\/now-news.de\/de\/?s={search_term_string}"},"query-input":"required name=search_term_string"}],"inLanguage":"de"},{"@type":"Organization","@id":"https:\/\/now-news.de\/de\/#organization","name":"Just Now News","url":"https:\/\/now-news.de\/de\/","logo":{"@type":"ImageObject","inLanguage":"de","@id":"https:\/\/now-news.de\/de\/#\/schema\/logo\/image\/","url":"http:\/\/just-now.news\/de\/wp-content\/uploads\/sites\/3\/2022\/04\/logo500x500.jpg","contentUrl":"http:\/\/just-now.news\/de\/wp-content\/uploads\/sites\/3\/2022\/04\/logo500x500.jpg","width":500,"height":500,"caption":"Just Now News"},"image":{"@id":"https:\/\/now-news.de\/de\/#\/schema\/logo\/image\/"},"sameAs":["https:\/\/www.facebook.com\/wirmachenauf","https:\/\/x.com\/WirMachenAuf_de"]},{"@type":"Person","@id":"https:\/\/now-news.de\/de\/#\/schema\/person\/fb534a4e865501d8b3285208df34a9b5","name":"rtnews","image":{"@type":"ImageObject","inLanguage":"de","@id":"https:\/\/now-news.de\/de\/#\/schema\/person\/image\/","url":"https:\/\/secure.gravatar.com\/avatar\/82aafea7d8127119dd649515f56e2117?s=96&d=mm&r=g","contentUrl":"https:\/\/secure.gravatar.com\/avatar\/82aafea7d8127119dd649515f56e2117?s=96&d=mm&r=g","caption":"rtnews"},"url":"https:\/\/now-news.de\/de\/author\/rnews\/"}]}},"_links":{"self":[{"href":"https:\/\/now-news.de\/de\/wp-json\/wp\/v2\/posts\/45356"}],"collection":[{"href":"https:\/\/now-news.de\/de\/wp-json\/wp\/v2\/posts"}],"about":[{"href":"https:\/\/now-news.de\/de\/wp-json\/wp\/v2\/types\/post"}],"author":[{"embeddable":true,"href":"https:\/\/now-news.de\/de\/wp-json\/wp\/v2\/users\/3"}],"replies":[{"embeddable":true,"href":"https:\/\/now-news.de\/de\/wp-json\/wp\/v2\/comments?post=45356"}],"version-history":[{"count":0,"href":"https:\/\/now-news.de\/de\/wp-json\/wp\/v2\/posts\/45356\/revisions"}],"wp:featuredmedia":[{"embeddable":true,"href":"https:\/\/now-news.de\/de\/wp-json\/wp\/v2\/media\/45357"}],"wp:attachment":[{"href":"https:\/\/now-news.de\/de\/wp-json\/wp\/v2\/media?parent=45356"}],"wp:term":[{"taxonomy":"category","embeddable":true,"href":"https:\/\/now-news.de\/de\/wp-json\/wp\/v2\/categories?post=45356"},{"taxonomy":"post_tag","embeddable":true,"href":"https:\/\/now-news.de\/de\/wp-json\/wp\/v2\/tags?post=45356"}],"curies":[{"name":"wp","href":"https:\/\/api.w.org\/{rel}","templated":true}]}}