{"id":45344,"date":"2023-08-29T18:45:51","date_gmt":"2023-08-29T16:45:51","guid":{"rendered":"https:\/\/just-now.news\/de\/deutschland\/tatverdaechtige-der-mordanschlaege-auf-arsen-pawlow-und-alexander-sachartschenko-benannt\/"},"modified":"2023-08-29T18:45:51","modified_gmt":"2023-08-29T16:45:51","slug":"tatverdaechtige-der-mordanschlaege-auf-arsen-pawlow-und-alexander-sachartschenko-benannt","status":"publish","type":"post","link":"https:\/\/now-news.de\/de\/deutschland\/tatverdaechtige-der-mordanschlaege-auf-arsen-pawlow-und-alexander-sachartschenko-benannt\/","title":{"rendered":"Tatverd\u00e4chtige der Mordanschl\u00e4ge auf Arsen Pawlow und Alexander Sachartschenko benannt"},"content":{"rendered":"<p><img decoding=\"async\" src=\"http:\/\/just-now.news\/de\/wp-content\/uploads\/sites\/3\/2023\/08\/64ee0ffcb480cc1e4d3072f1.jpg\" \/><\/p>\n<div class=\"Text-root Text-type_1 \">\n                Die Ermittlungen zu den Morden an Sparta-Kommandeur Arsen Pawlow und dem fr\u00fcheren Pr\u00e4sidenten der Volksrepublik Donezk, Alexander Sachartschenko, sind so weit vorangeschritten, dass die ersten Verd\u00e4chtigen namentlich benannt wurden. Im Mordfall Pawlow wurde Anklage erhoben, die am Mittwoch in Abwesenheit verhandelt werden soll.\n            <\/div>\n<p><\/p>\n<div class=\"Text-root Text-type_5 ArticleView-text ViewText-root \">\n<p>Die Ermittlungen zu den t\u00f6dlichen Anschl\u00e4gen auf das erste Oberhaupt der Volksrepublik Donezk, Alexander Sachartschenko, und auf einen der Kommandierenden der Volksmiliz im Donbass, Arsen Pawlow (Aliasname &#8220;Motorola&#8221;), machen offenbar Fortschritte. Die Ermittlungsbeh\u00f6rden in Donezk benannten am Dienstag zwei mutma\u00dflich an der Ermordung von Pawlow Beteiligte. Einer von ihnen steht auch im Verdacht, an dem Bombenanschlag auf Sachartschenko und seine Begleiter vor f\u00fcnf Jahren beteiligt gewesen zu sein.\u00a0<\/p>\n<p>In einer Anklageschrift, die <em>RIA Nowosti<\/em> vorliegt, hei\u00dft es dazu:\u00a0<\/p>\n<blockquote>\n<p><em>&#8220;Die Begehung eines terroristischen Akts zur vors\u00e4tzlichen Herbeif\u00fchrung des Todes von Pawlow wurde einer Gruppe von Personen zugeordnet, die zu der von SBU-Beamten geschaffenen terroristischen Gemeinschaft geh\u00f6rten, n\u00e4mlich Alexander Pogorelow, dem polnischen Staatsb\u00fcrger Zygmund Mahczynski sowie weiteren bislang nicht identifizierten Personen.&#8221;<\/em><\/p>\n<\/blockquote>\n<p>Wie <em>RIA Nowosti<\/em> weiter berichtet, fanden die Ermittler heraus, dass Pogorelow die Bombe auf dem Dach der Aufzugskabine in Pawlows Haus platziert hatte. Sp\u00e4ter z\u00fcndete sie ein Unbekannter, als sich das Opfer in ihr befand.\u00a0Das Milit\u00e4rgericht des s\u00fcdlichen Bezirks wird am Mittwoch eine erste Anh\u00f6rung \u00fcber die vorgelegte Anklage abhalten.\u00a0<\/p>\n<p>Pogorelow ist auch einer der vier Verd\u00e4chtigen im Fall des Mordanschlags auf Sachartschenko und seine Begleiter. Die Ermittlungen wegen der Ermordung des DVR-Chefs im Jahr 2018 sind bislang nicht abgeschlossen.<\/p>\n<p>Im Gespr\u00e4ch mit der Nachrichtenagentur <em>TASS<\/em> nannten die Ermittler auch die Namen weiterer m\u00f6glicher T\u00e4ter des Terroranschlags auf Sachartschenko und das Restaurant &#8220;Separ&#8221; in Donezk. Neben Pogorelow sind demnach Artem Jena, Wassili Tschurilow und Alexander Timoschenko der Organisation und Durchf\u00fchrung des Terroranschlags verd\u00e4chtig. Letzterer wird zudem wegen Spionage beschuldigt.\u00a0<\/p>\n<p>Anders als <em>RIA Nowosti<\/em> berichtet <em>TASS<\/em>, dass auch die Ermittlungen zum Anschlag auf Sachartschenko abgeschlossen seien.\u00a0\u00a0<\/p>\n<p>Pawlow, ein Kommandierender des &#8220;Sparta&#8221;-Bataillons, starb am 16. Oktober 2016 in Donezk, er war 33 Jahre alt. Im Jahr 2020 wurde eine B\u00fcste von ihm auf der Allee der Helden in Donezk aufgestellt. Wladimir Putin zeichnete Motorola im Mai 2022 posthum mit dem Tapferkeitsorden aus.<\/p>\n<p>Sachartschenko kam <a rel=\"nofollow noopener\" target=\"_blank\" href=\"https:\/\/freedert.online\/newsticker\/75334-prasident-volksrepublik-donezk-alexander-sachartschenko-getoetet\/\">am 31. August 2018<\/a> ums Leben, als eine im Eingangsbereich eines Restaurants in Donezk platzierte Bombe explodierte, w\u00e4hrend er mit mehreren Begleitern dabei war, dieses zu betreten. Au\u00dfer Sachartschenko t\u00f6tete die Detonation auch einen der Leibw\u00e4chter des Republikchefs, elf weitere Personen wurden bei dem Anschlag verletzt.\u00a0<\/p>\n<p><strong>Mehr zum Thema<\/strong> \u2013 <a rel=\"nofollow noopener\" target=\"_blank\" href=\"https:\/\/freedert.online\/meinung\/75543-weiter-so-westen-lasst-terror-donezk-unbeieindrueckt\/\">Die Werte-Maske ist gefallen: Den Westen l\u00e4sst der Terrorakt in Donezk unbeeindruckt<\/a><\/p>\n<\/p>\n<\/div>\n<p><br \/>\n<br \/><a href=\"https:\/\/de.rt.com\/russland\/179228-tatverdaechtige-mordanschlaege-auf-arsen-pawlow\/\">Source link <\/a><\/p>\n","protected":false},"excerpt":{"rendered":"<p>Die Ermittlungen zu den Morden an Sparta-Kommandeur Arsen Pawlow und dem fr\u00fcheren Pr\u00e4sidenten der Volksrepublik Donezk, Alexander Sachartschenko, sind so weit vorangeschritten, dass die ersten Verd\u00e4chtigen namentlich benannt wurden. Im Mordfall Pawlow wurde Anklage erhoben, die am Mittwoch in Abwesenheit verhandelt werden soll. Die Ermittlungen zu den t\u00f6dlichen Anschl\u00e4gen auf das erste Oberhaupt der Volksrepublik [&hellip;]<\/p>\n","protected":false},"author":3,"featured_media":45345,"comment_status":"open","ping_status":"open","sticky":false,"template":"","format":"standard","meta":{"_yoast_indexnow_last_ping":["1693328462"],"wp_automatic_camp":["217"],"78996ab1de5bf1bef9d6536789d01942":["Tatverd\u00e4chtige der Mordanschl\u00e4ge auf Arsen Pawlow und Alexander Sachartschenko benannt"],"original_link":["https:\/\/de.rt.com\/russland\/179228-tatverdaechtige-mordanschlaege-auf-arsen-pawlow\/"],"_thumbnail_id":["45345"],"_wptgpro_p2tg_sent2tg":["a:1:{i:23737;s:19:\"2023-08-29 19:02:06\";}"],"jnews_social_counter_last_update":["1777213569"]},"categories":[19,23],"tags":[6968,36622,133,7097,82,48272,48273,48274,29764,140],"yoast_head":"<!-- This site is optimized with the Yoast SEO Premium plugin v22.7 (Yoast SEO v22.7) - https:\/\/yoast.com\/wordpress\/plugins\/seo\/ -->\n<title>Tatverd\u00e4chtige der Mordanschl\u00e4ge auf Arsen Pawlow und Alexander Sachartschenko benannt - just-now.NEWS Deutschland<\/title>\n<meta name=\"robots\" content=\"index, follow, max-snippet:-1, max-image-preview:large, max-video-preview:-1\" \/>\n<link rel=\"canonical\" href=\"https:\/\/now-news.de\/de\/deutschland\/tatverdaechtige-der-mordanschlaege-auf-arsen-pawlow-und-alexander-sachartschenko-benannt\/\" \/>\n<meta property=\"og:locale\" content=\"de_DE\" \/>\n<meta property=\"og:type\" content=\"article\" \/>\n<meta property=\"og:title\" content=\"Tatverd\u00e4chtige der Mordanschl\u00e4ge auf Arsen Pawlow und Alexander Sachartschenko benannt\" \/>\n<meta property=\"og:description\" content=\"Die Ermittlungen zu den Morden an Sparta-Kommandeur Arsen Pawlow und dem fr\u00fcheren Pr\u00e4sidenten der Volksrepublik Donezk, Alexander Sachartschenko, sind so weit vorangeschritten, dass die ersten Verd\u00e4chtigen namentlich benannt wurden. Im Mordfall Pawlow wurde Anklage erhoben, die am Mittwoch in Abwesenheit verhandelt werden soll. Die Ermittlungen zu den t\u00f6dlichen Anschl\u00e4gen auf das erste Oberhaupt der Volksrepublik [&hellip;]\" \/>\n<meta property=\"og:url\" content=\"https:\/\/now-news.de\/de\/deutschland\/tatverdaechtige-der-mordanschlaege-auf-arsen-pawlow-und-alexander-sachartschenko-benannt\/\" \/>\n<meta property=\"og:site_name\" content=\"just-now.NEWS Deutschland\" \/>\n<meta property=\"article:publisher\" content=\"https:\/\/www.facebook.com\/wirmachenauf\" \/>\n<meta property=\"article:published_time\" content=\"2023-08-29T16:45:51+00:00\" \/>\n<meta property=\"og:image\" content=\"https:\/\/now-news.de\/de\/wp-content\/uploads\/sites\/3\/2023\/08\/Tatverdaechtige-der-Mordanschlaege-auf-Arsen-Pawlow-und-Alexander-Sachartschenko-benannt.jpg\" \/>\n\t<meta property=\"og:image:width\" content=\"460\" \/>\n\t<meta property=\"og:image:height\" content=\"259\" \/>\n\t<meta property=\"og:image:type\" content=\"image\/jpeg\" \/>\n<meta name=\"author\" content=\"rtnews\" \/>\n<meta name=\"twitter:card\" content=\"summary_large_image\" \/>\n<meta name=\"twitter:creator\" content=\"@WirMachenAuf_de\" \/>\n<meta name=\"twitter:site\" content=\"@WirMachenAuf_de\" \/>\n<meta name=\"twitter:label1\" content=\"Verfasst von\" \/>\n\t<meta name=\"twitter:data1\" content=\"rtnews\" \/>\n\t<meta name=\"twitter:label2\" content=\"Gesch\u00e4tzte Lesezeit\" \/>\n\t<meta name=\"twitter:data2\" content=\"2\u00a0Minuten\" \/>\n<script type=\"application\/ld+json\" class=\"yoast-schema-graph\">{\"@context\":\"https:\/\/schema.org\",\"@graph\":[{\"@type\":\"Article\",\"@id\":\"https:\/\/now-news.de\/de\/deutschland\/tatverdaechtige-der-mordanschlaege-auf-arsen-pawlow-und-alexander-sachartschenko-benannt\/#article\",\"isPartOf\":{\"@id\":\"https:\/\/now-news.de\/de\/deutschland\/tatverdaechtige-der-mordanschlaege-auf-arsen-pawlow-und-alexander-sachartschenko-benannt\/\"},\"author\":{\"name\":\"rtnews\",\"@id\":\"https:\/\/now-news.de\/de\/#\/schema\/person\/fb534a4e865501d8b3285208df34a9b5\"},\"headline\":\"Tatverd\u00e4chtige der Mordanschl\u00e4ge auf Arsen Pawlow und Alexander Sachartschenko benannt\",\"datePublished\":\"2023-08-29T16:45:51+00:00\",\"dateModified\":\"2023-08-29T16:45:51+00:00\",\"mainEntityOfPage\":{\"@id\":\"https:\/\/now-news.de\/de\/deutschland\/tatverdaechtige-der-mordanschlaege-auf-arsen-pawlow-und-alexander-sachartschenko-benannt\/\"},\"wordCount\":455,\"commentCount\":0,\"publisher\":{\"@id\":\"https:\/\/now-news.de\/de\/#organization\"},\"image\":{\"@id\":\"https:\/\/now-news.de\/de\/deutschland\/tatverdaechtige-der-mordanschlaege-auf-arsen-pawlow-und-alexander-sachartschenko-benannt\/#primaryimage\"},\"thumbnailUrl\":\"https:\/\/now-news.de\/de\/wp-content\/uploads\/sites\/3\/2023\/08\/Tatverdaechtige-der-Mordanschlaege-auf-Arsen-Pawlow-und-Alexander-Sachartschenko-benannt.jpg\",\"keywords\":[\"Alexander\",\"Arsen\",\"AUF\",\"benannt\",\"der\",\"Mordanschl\u00e4ge\",\"Pawlow\",\"Sachartschenko\",\"Tatverd\u00e4chtige\",\"und\"],\"articleSection\":[\"Deutschland\",\"Russland\"],\"inLanguage\":\"de\",\"potentialAction\":[{\"@type\":\"CommentAction\",\"name\":\"Comment\",\"target\":[\"https:\/\/now-news.de\/de\/deutschland\/tatverdaechtige-der-mordanschlaege-auf-arsen-pawlow-und-alexander-sachartschenko-benannt\/#respond\"]}]},{\"@type\":\"WebPage\",\"@id\":\"https:\/\/now-news.de\/de\/deutschland\/tatverdaechtige-der-mordanschlaege-auf-arsen-pawlow-und-alexander-sachartschenko-benannt\/\",\"url\":\"https:\/\/now-news.de\/de\/deutschland\/tatverdaechtige-der-mordanschlaege-auf-arsen-pawlow-und-alexander-sachartschenko-benannt\/\",\"name\":\"Tatverd\u00e4chtige der Mordanschl\u00e4ge auf Arsen Pawlow und Alexander Sachartschenko benannt - just-now.NEWS Deutschland\",\"isPartOf\":{\"@id\":\"https:\/\/now-news.de\/de\/#website\"},\"primaryImageOfPage\":{\"@id\":\"https:\/\/now-news.de\/de\/deutschland\/tatverdaechtige-der-mordanschlaege-auf-arsen-pawlow-und-alexander-sachartschenko-benannt\/#primaryimage\"},\"image\":{\"@id\":\"https:\/\/now-news.de\/de\/deutschland\/tatverdaechtige-der-mordanschlaege-auf-arsen-pawlow-und-alexander-sachartschenko-benannt\/#primaryimage\"},\"thumbnailUrl\":\"https:\/\/now-news.de\/de\/wp-content\/uploads\/sites\/3\/2023\/08\/Tatverdaechtige-der-Mordanschlaege-auf-Arsen-Pawlow-und-Alexander-Sachartschenko-benannt.jpg\",\"datePublished\":\"2023-08-29T16:45:51+00:00\",\"dateModified\":\"2023-08-29T16:45:51+00:00\",\"breadcrumb\":{\"@id\":\"https:\/\/now-news.de\/de\/deutschland\/tatverdaechtige-der-mordanschlaege-auf-arsen-pawlow-und-alexander-sachartschenko-benannt\/#breadcrumb\"},\"inLanguage\":\"de\",\"potentialAction\":[{\"@type\":\"ReadAction\",\"target\":[\"https:\/\/now-news.de\/de\/deutschland\/tatverdaechtige-der-mordanschlaege-auf-arsen-pawlow-und-alexander-sachartschenko-benannt\/\"]}]},{\"@type\":\"ImageObject\",\"inLanguage\":\"de\",\"@id\":\"https:\/\/now-news.de\/de\/deutschland\/tatverdaechtige-der-mordanschlaege-auf-arsen-pawlow-und-alexander-sachartschenko-benannt\/#primaryimage\",\"url\":\"https:\/\/now-news.de\/de\/wp-content\/uploads\/sites\/3\/2023\/08\/Tatverdaechtige-der-Mordanschlaege-auf-Arsen-Pawlow-und-Alexander-Sachartschenko-benannt.jpg\",\"contentUrl\":\"https:\/\/now-news.de\/de\/wp-content\/uploads\/sites\/3\/2023\/08\/Tatverdaechtige-der-Mordanschlaege-auf-Arsen-Pawlow-und-Alexander-Sachartschenko-benannt.jpg\",\"width\":460,\"height\":259,\"caption\":\"Tatverd\u00e4chtige der Mordanschl\u00e4ge auf Arsen Pawlow und Alexander Sachartschenko benannt\"},{\"@type\":\"BreadcrumbList\",\"@id\":\"https:\/\/now-news.de\/de\/deutschland\/tatverdaechtige-der-mordanschlaege-auf-arsen-pawlow-und-alexander-sachartschenko-benannt\/#breadcrumb\",\"itemListElement\":[{\"@type\":\"ListItem\",\"position\":1,\"name\":\"Home\",\"item\":\"https:\/\/now-news.de\/de\/\"},{\"@type\":\"ListItem\",\"position\":2,\"name\":\"Tatverd\u00e4chtige der Mordanschl\u00e4ge auf Arsen Pawlow und Alexander Sachartschenko benannt\"}]},{\"@type\":\"WebSite\",\"@id\":\"https:\/\/now-news.de\/de\/#website\",\"url\":\"https:\/\/now-news.de\/de\/\",\"name\":\"just-now.NEWS Deutschland\",\"description\":\"Das Portal f\u00fcr unzensierte Nachrichten aus der Welt\",\"publisher\":{\"@id\":\"https:\/\/now-news.de\/de\/#organization\"},\"potentialAction\":[{\"@type\":\"SearchAction\",\"target\":{\"@type\":\"EntryPoint\",\"urlTemplate\":\"https:\/\/now-news.de\/de\/?s={search_term_string}\"},\"query-input\":\"required name=search_term_string\"}],\"inLanguage\":\"de\"},{\"@type\":\"Organization\",\"@id\":\"https:\/\/now-news.de\/de\/#organization\",\"name\":\"Just Now News\",\"url\":\"https:\/\/now-news.de\/de\/\",\"logo\":{\"@type\":\"ImageObject\",\"inLanguage\":\"de\",\"@id\":\"https:\/\/now-news.de\/de\/#\/schema\/logo\/image\/\",\"url\":\"http:\/\/just-now.news\/de\/wp-content\/uploads\/sites\/3\/2022\/04\/logo500x500.jpg\",\"contentUrl\":\"http:\/\/just-now.news\/de\/wp-content\/uploads\/sites\/3\/2022\/04\/logo500x500.jpg\",\"width\":500,\"height\":500,\"caption\":\"Just Now News\"},\"image\":{\"@id\":\"https:\/\/now-news.de\/de\/#\/schema\/logo\/image\/\"},\"sameAs\":[\"https:\/\/www.facebook.com\/wirmachenauf\",\"https:\/\/x.com\/WirMachenAuf_de\"]},{\"@type\":\"Person\",\"@id\":\"https:\/\/now-news.de\/de\/#\/schema\/person\/fb534a4e865501d8b3285208df34a9b5\",\"name\":\"rtnews\",\"image\":{\"@type\":\"ImageObject\",\"inLanguage\":\"de\",\"@id\":\"https:\/\/now-news.de\/de\/#\/schema\/person\/image\/\",\"url\":\"https:\/\/secure.gravatar.com\/avatar\/82aafea7d8127119dd649515f56e2117?s=96&d=mm&r=g\",\"contentUrl\":\"https:\/\/secure.gravatar.com\/avatar\/82aafea7d8127119dd649515f56e2117?s=96&d=mm&r=g\",\"caption\":\"rtnews\"},\"url\":\"https:\/\/now-news.de\/de\/author\/rnews\/\"}]}<\/script>\n<!-- \/ Yoast SEO Premium plugin. -->","yoast_head_json":{"title":"Tatverd\u00e4chtige der Mordanschl\u00e4ge auf Arsen Pawlow und Alexander Sachartschenko benannt - just-now.NEWS Deutschland","robots":{"index":"index","follow":"follow","max-snippet":"max-snippet:-1","max-image-preview":"max-image-preview:large","max-video-preview":"max-video-preview:-1"},"canonical":"https:\/\/now-news.de\/de\/deutschland\/tatverdaechtige-der-mordanschlaege-auf-arsen-pawlow-und-alexander-sachartschenko-benannt\/","og_locale":"de_DE","og_type":"article","og_title":"Tatverd\u00e4chtige der Mordanschl\u00e4ge auf Arsen Pawlow und Alexander Sachartschenko benannt","og_description":"Die Ermittlungen zu den Morden an Sparta-Kommandeur Arsen Pawlow und dem fr\u00fcheren Pr\u00e4sidenten der Volksrepublik Donezk, Alexander Sachartschenko, sind so weit vorangeschritten, dass die ersten Verd\u00e4chtigen namentlich benannt wurden. Im Mordfall Pawlow wurde Anklage erhoben, die am Mittwoch in Abwesenheit verhandelt werden soll. Die Ermittlungen zu den t\u00f6dlichen Anschl\u00e4gen auf das erste Oberhaupt der Volksrepublik [&hellip;]","og_url":"https:\/\/now-news.de\/de\/deutschland\/tatverdaechtige-der-mordanschlaege-auf-arsen-pawlow-und-alexander-sachartschenko-benannt\/","og_site_name":"just-now.NEWS Deutschland","article_publisher":"https:\/\/www.facebook.com\/wirmachenauf","article_published_time":"2023-08-29T16:45:51+00:00","og_image":[{"width":460,"height":259,"url":"https:\/\/now-news.de\/de\/wp-content\/uploads\/sites\/3\/2023\/08\/Tatverdaechtige-der-Mordanschlaege-auf-Arsen-Pawlow-und-Alexander-Sachartschenko-benannt.jpg","type":"image\/jpeg"}],"author":"rtnews","twitter_card":"summary_large_image","twitter_creator":"@WirMachenAuf_de","twitter_site":"@WirMachenAuf_de","twitter_misc":{"Verfasst von":"rtnews","Gesch\u00e4tzte Lesezeit":"2\u00a0Minuten"},"schema":{"@context":"https:\/\/schema.org","@graph":[{"@type":"Article","@id":"https:\/\/now-news.de\/de\/deutschland\/tatverdaechtige-der-mordanschlaege-auf-arsen-pawlow-und-alexander-sachartschenko-benannt\/#article","isPartOf":{"@id":"https:\/\/now-news.de\/de\/deutschland\/tatverdaechtige-der-mordanschlaege-auf-arsen-pawlow-und-alexander-sachartschenko-benannt\/"},"author":{"name":"rtnews","@id":"https:\/\/now-news.de\/de\/#\/schema\/person\/fb534a4e865501d8b3285208df34a9b5"},"headline":"Tatverd\u00e4chtige der Mordanschl\u00e4ge auf Arsen Pawlow und Alexander Sachartschenko benannt","datePublished":"2023-08-29T16:45:51+00:00","dateModified":"2023-08-29T16:45:51+00:00","mainEntityOfPage":{"@id":"https:\/\/now-news.de\/de\/deutschland\/tatverdaechtige-der-mordanschlaege-auf-arsen-pawlow-und-alexander-sachartschenko-benannt\/"},"wordCount":455,"commentCount":0,"publisher":{"@id":"https:\/\/now-news.de\/de\/#organization"},"image":{"@id":"https:\/\/now-news.de\/de\/deutschland\/tatverdaechtige-der-mordanschlaege-auf-arsen-pawlow-und-alexander-sachartschenko-benannt\/#primaryimage"},"thumbnailUrl":"https:\/\/now-news.de\/de\/wp-content\/uploads\/sites\/3\/2023\/08\/Tatverdaechtige-der-Mordanschlaege-auf-Arsen-Pawlow-und-Alexander-Sachartschenko-benannt.jpg","keywords":["Alexander","Arsen","AUF","benannt","der","Mordanschl\u00e4ge","Pawlow","Sachartschenko","Tatverd\u00e4chtige","und"],"articleSection":["Deutschland","Russland"],"inLanguage":"de","potentialAction":[{"@type":"CommentAction","name":"Comment","target":["https:\/\/now-news.de\/de\/deutschland\/tatverdaechtige-der-mordanschlaege-auf-arsen-pawlow-und-alexander-sachartschenko-benannt\/#respond"]}]},{"@type":"WebPage","@id":"https:\/\/now-news.de\/de\/deutschland\/tatverdaechtige-der-mordanschlaege-auf-arsen-pawlow-und-alexander-sachartschenko-benannt\/","url":"https:\/\/now-news.de\/de\/deutschland\/tatverdaechtige-der-mordanschlaege-auf-arsen-pawlow-und-alexander-sachartschenko-benannt\/","name":"Tatverd\u00e4chtige der Mordanschl\u00e4ge auf Arsen Pawlow und Alexander Sachartschenko benannt - just-now.NEWS Deutschland","isPartOf":{"@id":"https:\/\/now-news.de\/de\/#website"},"primaryImageOfPage":{"@id":"https:\/\/now-news.de\/de\/deutschland\/tatverdaechtige-der-mordanschlaege-auf-arsen-pawlow-und-alexander-sachartschenko-benannt\/#primaryimage"},"image":{"@id":"https:\/\/now-news.de\/de\/deutschland\/tatverdaechtige-der-mordanschlaege-auf-arsen-pawlow-und-alexander-sachartschenko-benannt\/#primaryimage"},"thumbnailUrl":"https:\/\/now-news.de\/de\/wp-content\/uploads\/sites\/3\/2023\/08\/Tatverdaechtige-der-Mordanschlaege-auf-Arsen-Pawlow-und-Alexander-Sachartschenko-benannt.jpg","datePublished":"2023-08-29T16:45:51+00:00","dateModified":"2023-08-29T16:45:51+00:00","breadcrumb":{"@id":"https:\/\/now-news.de\/de\/deutschland\/tatverdaechtige-der-mordanschlaege-auf-arsen-pawlow-und-alexander-sachartschenko-benannt\/#breadcrumb"},"inLanguage":"de","potentialAction":[{"@type":"ReadAction","target":["https:\/\/now-news.de\/de\/deutschland\/tatverdaechtige-der-mordanschlaege-auf-arsen-pawlow-und-alexander-sachartschenko-benannt\/"]}]},{"@type":"ImageObject","inLanguage":"de","@id":"https:\/\/now-news.de\/de\/deutschland\/tatverdaechtige-der-mordanschlaege-auf-arsen-pawlow-und-alexander-sachartschenko-benannt\/#primaryimage","url":"https:\/\/now-news.de\/de\/wp-content\/uploads\/sites\/3\/2023\/08\/Tatverdaechtige-der-Mordanschlaege-auf-Arsen-Pawlow-und-Alexander-Sachartschenko-benannt.jpg","contentUrl":"https:\/\/now-news.de\/de\/wp-content\/uploads\/sites\/3\/2023\/08\/Tatverdaechtige-der-Mordanschlaege-auf-Arsen-Pawlow-und-Alexander-Sachartschenko-benannt.jpg","width":460,"height":259,"caption":"Tatverd\u00e4chtige der Mordanschl\u00e4ge auf Arsen Pawlow und Alexander Sachartschenko benannt"},{"@type":"BreadcrumbList","@id":"https:\/\/now-news.de\/de\/deutschland\/tatverdaechtige-der-mordanschlaege-auf-arsen-pawlow-und-alexander-sachartschenko-benannt\/#breadcrumb","itemListElement":[{"@type":"ListItem","position":1,"name":"Home","item":"https:\/\/now-news.de\/de\/"},{"@type":"ListItem","position":2,"name":"Tatverd\u00e4chtige der Mordanschl\u00e4ge auf Arsen Pawlow und Alexander Sachartschenko benannt"}]},{"@type":"WebSite","@id":"https:\/\/now-news.de\/de\/#website","url":"https:\/\/now-news.de\/de\/","name":"just-now.NEWS Deutschland","description":"Das Portal f\u00fcr unzensierte Nachrichten aus der Welt","publisher":{"@id":"https:\/\/now-news.de\/de\/#organization"},"potentialAction":[{"@type":"SearchAction","target":{"@type":"EntryPoint","urlTemplate":"https:\/\/now-news.de\/de\/?s={search_term_string}"},"query-input":"required name=search_term_string"}],"inLanguage":"de"},{"@type":"Organization","@id":"https:\/\/now-news.de\/de\/#organization","name":"Just Now News","url":"https:\/\/now-news.de\/de\/","logo":{"@type":"ImageObject","inLanguage":"de","@id":"https:\/\/now-news.de\/de\/#\/schema\/logo\/image\/","url":"http:\/\/just-now.news\/de\/wp-content\/uploads\/sites\/3\/2022\/04\/logo500x500.jpg","contentUrl":"http:\/\/just-now.news\/de\/wp-content\/uploads\/sites\/3\/2022\/04\/logo500x500.jpg","width":500,"height":500,"caption":"Just Now News"},"image":{"@id":"https:\/\/now-news.de\/de\/#\/schema\/logo\/image\/"},"sameAs":["https:\/\/www.facebook.com\/wirmachenauf","https:\/\/x.com\/WirMachenAuf_de"]},{"@type":"Person","@id":"https:\/\/now-news.de\/de\/#\/schema\/person\/fb534a4e865501d8b3285208df34a9b5","name":"rtnews","image":{"@type":"ImageObject","inLanguage":"de","@id":"https:\/\/now-news.de\/de\/#\/schema\/person\/image\/","url":"https:\/\/secure.gravatar.com\/avatar\/82aafea7d8127119dd649515f56e2117?s=96&d=mm&r=g","contentUrl":"https:\/\/secure.gravatar.com\/avatar\/82aafea7d8127119dd649515f56e2117?s=96&d=mm&r=g","caption":"rtnews"},"url":"https:\/\/now-news.de\/de\/author\/rnews\/"}]}},"_links":{"self":[{"href":"https:\/\/now-news.de\/de\/wp-json\/wp\/v2\/posts\/45344"}],"collection":[{"href":"https:\/\/now-news.de\/de\/wp-json\/wp\/v2\/posts"}],"about":[{"href":"https:\/\/now-news.de\/de\/wp-json\/wp\/v2\/types\/post"}],"author":[{"embeddable":true,"href":"https:\/\/now-news.de\/de\/wp-json\/wp\/v2\/users\/3"}],"replies":[{"embeddable":true,"href":"https:\/\/now-news.de\/de\/wp-json\/wp\/v2\/comments?post=45344"}],"version-history":[{"count":0,"href":"https:\/\/now-news.de\/de\/wp-json\/wp\/v2\/posts\/45344\/revisions"}],"wp:featuredmedia":[{"embeddable":true,"href":"https:\/\/now-news.de\/de\/wp-json\/wp\/v2\/media\/45345"}],"wp:attachment":[{"href":"https:\/\/now-news.de\/de\/wp-json\/wp\/v2\/media?parent=45344"}],"wp:term":[{"taxonomy":"category","embeddable":true,"href":"https:\/\/now-news.de\/de\/wp-json\/wp\/v2\/categories?post=45344"},{"taxonomy":"post_tag","embeddable":true,"href":"https:\/\/now-news.de\/de\/wp-json\/wp\/v2\/tags?post=45344"}],"curies":[{"name":"wp","href":"https:\/\/api.w.org\/{rel}","templated":true}]}}