{"id":45336,"date":"2023-08-29T17:52:55","date_gmt":"2023-08-29T15:52:55","guid":{"rendered":"https:\/\/just-now.news\/de\/deutschland\/podoljaka-kaempfe-am-frontabschnitt-saporoschje-die-wichtigste-schlacht-des-sommers\/"},"modified":"2023-08-29T17:52:55","modified_gmt":"2023-08-29T15:52:55","slug":"podoljaka-kaempfe-am-frontabschnitt-saporoschje-die-wichtigste-schlacht-des-sommers","status":"publish","type":"post","link":"https:\/\/now-news.de\/de\/deutschland\/podoljaka-kaempfe-am-frontabschnitt-saporoschje-die-wichtigste-schlacht-des-sommers\/","title":{"rendered":"Podoljaka: K\u00e4mpfe am Frontabschnitt Saporoschje \u2013 Die wichtigste Schlacht des Sommers"},"content":{"rendered":"<p><img decoding=\"async\" src=\"http:\/\/just-now.news\/de\/wp-content\/uploads\/sites\/3\/2023\/08\/64ee114db480cc27af0c3c15.jpg\" \/><\/p>\n<div class=\"Text-root Text-type_1 \">\n                Die ukrainische Offensive im Frontabschnitt Saporoschje kommt nicht wirklich voran. Juri Podoljaka zeigt in seiner neuesten Analyse, warum das so ist \u2013 und was f\u00fcr einen Unterschied ein paar Hundert Meter ausmachen k\u00f6nnen.\n            <\/div>\n<p><\/p>\n<div class=\"Text-root Text-type_5 ArticleView-text ViewText-root \">\n<p>Kiews Offensive am s\u00fcdlichsten Frontabschnitt, Saporoschje, kommt nicht wirklich vom Fleck. Und das trotz enormer Intensit\u00e4t der K\u00e4mpfe und Einsatz der letzten Reserven, die auch auf \u00dcbungsgel\u00e4nden der westlichen Staaten ausgebildet wurden. Warum dies so ist, und was wenige Hundert Meter ausmachen k\u00f6nnen, zeigt der Journalist Juri Podoljaka anhand einer Reliefkarte des betreffenden St\u00fccks der Front in seiner Analyseausgabe zum ukrainischen Krieg, Stand 19. August 2023.<\/p>\n<p>Juri Podoljaka ist ein ukrainischer politischer Blogger und Journalist aus Sumy, dessen Einsichten im Zeitraum um den Beginn der Intervention in den russischen Medien zunehmend gefragter wurden. Seine Analyseausgaben warten mit nur wenigen Zahlen auf, daf\u00fcr vermittelt er anhand von Karten aber ein gutes Verst\u00e4ndnis vom r\u00e4umlichen Umfang der jeweiligen Entwicklungen und bietet dann und wann kurzfristige Prognosen.<\/p>\n<p>An Quellen bem\u00fcht Podoljaka einerseits offen zug\u00e4ngliche Daten. Dies sind Meldungen von Augenzeugen in den sozialen Medien sowie Meldungen des russischen, aber auch des ukrainischen Verteidigungsministeriums. Andererseits gibt er Insiderquellen an. Neben solchen in den Volksmilizen und Sicherheitsorganen der russischen Volksrepubliken Donezk und Lugansk seien dies solche in den ukrainischen Sicherheits- und Regierungsbeh\u00f6rden, die er aufgrund alter Beziehungen aus der Zeit als ukrainischer Journalist noch zu unterhalten erkl\u00e4rt. Um es mit dem aktuellen Jargon der Aufkl\u00e4rungsdienste auszudr\u00fccken, ist Juri Podoljaka also vornehmlich ein OSINT-Analyst.<\/p>\n<p><strong>Mehr zum Thema &#8211;<\/strong>\u00a0<a rel=\"nofollow noopener\" target=\"_blank\" href=\"https:\/\/freedert.online\/europa\/178486-podoljaka-kiew-spekuliert-auf-landminen-knappheit-russland\/\">Podoljaka: Kiew spekuliert auf Landminen-Knappheit bei Russland<\/a><\/p>\n<div class=\"EmbedBlock-root EmbedBlock-externalVideo EmbedBlock-odysee\">\n<div class=\"VkEmbed\"><iframe class=\"lazyload\" data-src=\"https:\/\/odysee.com\/%24\/embed\/%40RTDE%3Ae%2Fpodoljaka-wichtigste-schlacht-des-sommers-bedeutung-der-k%C3%A4mpfe-am-frontabschnitt-saporoschje%3A9\" frameborder=\"0\" width=\"853\" height=\"480\" allowfullscreen><\/iframe><\/div>\n<\/div>\n<\/div>\n<p><br \/>\n<br \/><a href=\"https:\/\/de.rt.com\/europa\/179239-podoljaka-kaempfe-am-frontabschnitt-saporoschje\/\">Source link <\/a><\/p>\n","protected":false},"excerpt":{"rendered":"<p>Die ukrainische Offensive im Frontabschnitt Saporoschje kommt nicht wirklich voran. Juri Podoljaka zeigt in seiner neuesten Analyse, warum das so ist \u2013 und was f\u00fcr einen Unterschied ein paar Hundert Meter ausmachen k\u00f6nnen. Kiews Offensive am s\u00fcdlichsten Frontabschnitt, Saporoschje, kommt nicht wirklich vom Fleck. Und das trotz enormer Intensit\u00e4t der K\u00e4mpfe und Einsatz der letzten [&hellip;]<\/p>\n","protected":false},"author":3,"featured_media":45337,"comment_status":"open","ping_status":"open","sticky":false,"template":"","format":"standard","meta":{"_yoast_indexnow_last_ping":["1693324553"],"wp_automatic_camp":["217"],"b02498139c598d638b5b180ff32e69f8":["Podoljaka: K\u00e4mpfe am Frontabschnitt Saporoschje \u2013 Die wichtigste Schlacht des Sommers"],"original_link":["https:\/\/de.rt.com\/europa\/179239-podoljaka-kaempfe-am-frontabschnitt-saporoschje\/"],"_thumbnail_id":["45337"],"_wptgpro_p2tg_sent2tg":["a:1:{i:23737;s:19:\"2023-08-29 17:57:05\";}"],"jnews_social_counter_last_update":["1777509958"]},"categories":[19,23],"tags":[583,45,42465,4692,34692,21797,3472,37386,40028],"yoast_head":"<!-- This site is optimized with the Yoast SEO Premium plugin v22.7 (Yoast SEO v22.7) - https:\/\/yoast.com\/wordpress\/plugins\/seo\/ -->\n<title>Podoljaka: K\u00e4mpfe am Frontabschnitt Saporoschje \u2013 Die wichtigste Schlacht des Sommers - just-now.NEWS Deutschland<\/title>\n<meta name=\"robots\" content=\"index, follow, max-snippet:-1, max-image-preview:large, max-video-preview:-1\" \/>\n<link rel=\"canonical\" href=\"https:\/\/now-news.de\/de\/deutschland\/podoljaka-kaempfe-am-frontabschnitt-saporoschje-die-wichtigste-schlacht-des-sommers\/\" \/>\n<meta property=\"og:locale\" content=\"de_DE\" \/>\n<meta property=\"og:type\" content=\"article\" \/>\n<meta property=\"og:title\" content=\"Podoljaka: K\u00e4mpfe am Frontabschnitt Saporoschje \u2013 Die wichtigste Schlacht des Sommers\" \/>\n<meta property=\"og:description\" content=\"Die ukrainische Offensive im Frontabschnitt Saporoschje kommt nicht wirklich voran. Juri Podoljaka zeigt in seiner neuesten Analyse, warum das so ist \u2013 und was f\u00fcr einen Unterschied ein paar Hundert Meter ausmachen k\u00f6nnen. Kiews Offensive am s\u00fcdlichsten Frontabschnitt, Saporoschje, kommt nicht wirklich vom Fleck. Und das trotz enormer Intensit\u00e4t der K\u00e4mpfe und Einsatz der letzten [&hellip;]\" \/>\n<meta property=\"og:url\" content=\"https:\/\/now-news.de\/de\/deutschland\/podoljaka-kaempfe-am-frontabschnitt-saporoschje-die-wichtigste-schlacht-des-sommers\/\" \/>\n<meta property=\"og:site_name\" content=\"just-now.NEWS Deutschland\" \/>\n<meta property=\"article:publisher\" content=\"https:\/\/www.facebook.com\/wirmachenauf\" \/>\n<meta property=\"article:published_time\" content=\"2023-08-29T15:52:55+00:00\" \/>\n<meta property=\"og:image\" content=\"https:\/\/now-news.de\/de\/wp-content\/uploads\/sites\/3\/2023\/08\/Podoljaka-Kaempfe-am-Frontabschnitt-Saporoschje-\u2013-Die-wichtigste-Schlacht-des.jpg\" \/>\n\t<meta property=\"og:image:width\" content=\"460\" \/>\n\t<meta property=\"og:image:height\" content=\"259\" \/>\n\t<meta property=\"og:image:type\" content=\"image\/jpeg\" \/>\n<meta name=\"author\" content=\"rtnews\" \/>\n<meta name=\"twitter:card\" content=\"summary_large_image\" \/>\n<meta name=\"twitter:creator\" content=\"@WirMachenAuf_de\" \/>\n<meta name=\"twitter:site\" content=\"@WirMachenAuf_de\" \/>\n<meta name=\"twitter:label1\" content=\"Verfasst von\" \/>\n\t<meta name=\"twitter:data1\" content=\"rtnews\" \/>\n\t<meta name=\"twitter:label2\" content=\"Gesch\u00e4tzte Lesezeit\" \/>\n\t<meta name=\"twitter:data2\" content=\"1\u00a0Minute\" \/>\n<script type=\"application\/ld+json\" class=\"yoast-schema-graph\">{\"@context\":\"https:\/\/schema.org\",\"@graph\":[{\"@type\":\"Article\",\"@id\":\"https:\/\/now-news.de\/de\/deutschland\/podoljaka-kaempfe-am-frontabschnitt-saporoschje-die-wichtigste-schlacht-des-sommers\/#article\",\"isPartOf\":{\"@id\":\"https:\/\/now-news.de\/de\/deutschland\/podoljaka-kaempfe-am-frontabschnitt-saporoschje-die-wichtigste-schlacht-des-sommers\/\"},\"author\":{\"name\":\"rtnews\",\"@id\":\"https:\/\/now-news.de\/de\/#\/schema\/person\/fb534a4e865501d8b3285208df34a9b5\"},\"headline\":\"Podoljaka: K\u00e4mpfe am Frontabschnitt Saporoschje \u2013 Die wichtigste Schlacht des Sommers\",\"datePublished\":\"2023-08-29T15:52:55+00:00\",\"dateModified\":\"2023-08-29T15:52:55+00:00\",\"mainEntityOfPage\":{\"@id\":\"https:\/\/now-news.de\/de\/deutschland\/podoljaka-kaempfe-am-frontabschnitt-saporoschje-die-wichtigste-schlacht-des-sommers\/\"},\"wordCount\":280,\"commentCount\":0,\"publisher\":{\"@id\":\"https:\/\/now-news.de\/de\/#organization\"},\"image\":{\"@id\":\"https:\/\/now-news.de\/de\/deutschland\/podoljaka-kaempfe-am-frontabschnitt-saporoschje-die-wichtigste-schlacht-des-sommers\/#primaryimage\"},\"thumbnailUrl\":\"https:\/\/now-news.de\/de\/wp-content\/uploads\/sites\/3\/2023\/08\/Podoljaka-Kaempfe-am-Frontabschnitt-Saporoschje-\u2013-Die-wichtigste-Schlacht-des.jpg\",\"keywords\":[\"des\",\"die\",\"Frontabschnitt\",\"K\u00e4mpfe\",\"Podoljaka\",\"Saporoschje\",\"Schlacht\",\"Sommers\",\"Wichtigste\"],\"articleSection\":[\"Deutschland\",\"Russland\"],\"inLanguage\":\"de\",\"potentialAction\":[{\"@type\":\"CommentAction\",\"name\":\"Comment\",\"target\":[\"https:\/\/now-news.de\/de\/deutschland\/podoljaka-kaempfe-am-frontabschnitt-saporoschje-die-wichtigste-schlacht-des-sommers\/#respond\"]}]},{\"@type\":\"WebPage\",\"@id\":\"https:\/\/now-news.de\/de\/deutschland\/podoljaka-kaempfe-am-frontabschnitt-saporoschje-die-wichtigste-schlacht-des-sommers\/\",\"url\":\"https:\/\/now-news.de\/de\/deutschland\/podoljaka-kaempfe-am-frontabschnitt-saporoschje-die-wichtigste-schlacht-des-sommers\/\",\"name\":\"Podoljaka: K\u00e4mpfe am Frontabschnitt Saporoschje \u2013 Die wichtigste Schlacht des Sommers - just-now.NEWS Deutschland\",\"isPartOf\":{\"@id\":\"https:\/\/now-news.de\/de\/#website\"},\"primaryImageOfPage\":{\"@id\":\"https:\/\/now-news.de\/de\/deutschland\/podoljaka-kaempfe-am-frontabschnitt-saporoschje-die-wichtigste-schlacht-des-sommers\/#primaryimage\"},\"image\":{\"@id\":\"https:\/\/now-news.de\/de\/deutschland\/podoljaka-kaempfe-am-frontabschnitt-saporoschje-die-wichtigste-schlacht-des-sommers\/#primaryimage\"},\"thumbnailUrl\":\"https:\/\/now-news.de\/de\/wp-content\/uploads\/sites\/3\/2023\/08\/Podoljaka-Kaempfe-am-Frontabschnitt-Saporoschje-\u2013-Die-wichtigste-Schlacht-des.jpg\",\"datePublished\":\"2023-08-29T15:52:55+00:00\",\"dateModified\":\"2023-08-29T15:52:55+00:00\",\"breadcrumb\":{\"@id\":\"https:\/\/now-news.de\/de\/deutschland\/podoljaka-kaempfe-am-frontabschnitt-saporoschje-die-wichtigste-schlacht-des-sommers\/#breadcrumb\"},\"inLanguage\":\"de\",\"potentialAction\":[{\"@type\":\"ReadAction\",\"target\":[\"https:\/\/now-news.de\/de\/deutschland\/podoljaka-kaempfe-am-frontabschnitt-saporoschje-die-wichtigste-schlacht-des-sommers\/\"]}]},{\"@type\":\"ImageObject\",\"inLanguage\":\"de\",\"@id\":\"https:\/\/now-news.de\/de\/deutschland\/podoljaka-kaempfe-am-frontabschnitt-saporoschje-die-wichtigste-schlacht-des-sommers\/#primaryimage\",\"url\":\"https:\/\/now-news.de\/de\/wp-content\/uploads\/sites\/3\/2023\/08\/Podoljaka-Kaempfe-am-Frontabschnitt-Saporoschje-\u2013-Die-wichtigste-Schlacht-des.jpg\",\"contentUrl\":\"https:\/\/now-news.de\/de\/wp-content\/uploads\/sites\/3\/2023\/08\/Podoljaka-Kaempfe-am-Frontabschnitt-Saporoschje-\u2013-Die-wichtigste-Schlacht-des.jpg\",\"width\":460,\"height\":259,\"caption\":\"Podoljaka: K\u00e4mpfe am Frontabschnitt Saporoschje \u2013 Die wichtigste Schlacht des Sommers\"},{\"@type\":\"BreadcrumbList\",\"@id\":\"https:\/\/now-news.de\/de\/deutschland\/podoljaka-kaempfe-am-frontabschnitt-saporoschje-die-wichtigste-schlacht-des-sommers\/#breadcrumb\",\"itemListElement\":[{\"@type\":\"ListItem\",\"position\":1,\"name\":\"Home\",\"item\":\"https:\/\/now-news.de\/de\/\"},{\"@type\":\"ListItem\",\"position\":2,\"name\":\"Podoljaka: K\u00e4mpfe am Frontabschnitt Saporoschje \u2013 Die wichtigste Schlacht des Sommers\"}]},{\"@type\":\"WebSite\",\"@id\":\"https:\/\/now-news.de\/de\/#website\",\"url\":\"https:\/\/now-news.de\/de\/\",\"name\":\"just-now.NEWS Deutschland\",\"description\":\"Das Portal f\u00fcr unzensierte Nachrichten aus der Welt\",\"publisher\":{\"@id\":\"https:\/\/now-news.de\/de\/#organization\"},\"potentialAction\":[{\"@type\":\"SearchAction\",\"target\":{\"@type\":\"EntryPoint\",\"urlTemplate\":\"https:\/\/now-news.de\/de\/?s={search_term_string}\"},\"query-input\":\"required name=search_term_string\"}],\"inLanguage\":\"de\"},{\"@type\":\"Organization\",\"@id\":\"https:\/\/now-news.de\/de\/#organization\",\"name\":\"Just Now News\",\"url\":\"https:\/\/now-news.de\/de\/\",\"logo\":{\"@type\":\"ImageObject\",\"inLanguage\":\"de\",\"@id\":\"https:\/\/now-news.de\/de\/#\/schema\/logo\/image\/\",\"url\":\"http:\/\/just-now.news\/de\/wp-content\/uploads\/sites\/3\/2022\/04\/logo500x500.jpg\",\"contentUrl\":\"http:\/\/just-now.news\/de\/wp-content\/uploads\/sites\/3\/2022\/04\/logo500x500.jpg\",\"width\":500,\"height\":500,\"caption\":\"Just Now News\"},\"image\":{\"@id\":\"https:\/\/now-news.de\/de\/#\/schema\/logo\/image\/\"},\"sameAs\":[\"https:\/\/www.facebook.com\/wirmachenauf\",\"https:\/\/x.com\/WirMachenAuf_de\"]},{\"@type\":\"Person\",\"@id\":\"https:\/\/now-news.de\/de\/#\/schema\/person\/fb534a4e865501d8b3285208df34a9b5\",\"name\":\"rtnews\",\"image\":{\"@type\":\"ImageObject\",\"inLanguage\":\"de\",\"@id\":\"https:\/\/now-news.de\/de\/#\/schema\/person\/image\/\",\"url\":\"https:\/\/secure.gravatar.com\/avatar\/82aafea7d8127119dd649515f56e2117?s=96&d=mm&r=g\",\"contentUrl\":\"https:\/\/secure.gravatar.com\/avatar\/82aafea7d8127119dd649515f56e2117?s=96&d=mm&r=g\",\"caption\":\"rtnews\"},\"url\":\"https:\/\/now-news.de\/de\/author\/rnews\/\"}]}<\/script>\n<!-- \/ Yoast SEO Premium plugin. -->","yoast_head_json":{"title":"Podoljaka: K\u00e4mpfe am Frontabschnitt Saporoschje \u2013 Die wichtigste Schlacht des Sommers - just-now.NEWS Deutschland","robots":{"index":"index","follow":"follow","max-snippet":"max-snippet:-1","max-image-preview":"max-image-preview:large","max-video-preview":"max-video-preview:-1"},"canonical":"https:\/\/now-news.de\/de\/deutschland\/podoljaka-kaempfe-am-frontabschnitt-saporoschje-die-wichtigste-schlacht-des-sommers\/","og_locale":"de_DE","og_type":"article","og_title":"Podoljaka: K\u00e4mpfe am Frontabschnitt Saporoschje \u2013 Die wichtigste Schlacht des Sommers","og_description":"Die ukrainische Offensive im Frontabschnitt Saporoschje kommt nicht wirklich voran. Juri Podoljaka zeigt in seiner neuesten Analyse, warum das so ist \u2013 und was f\u00fcr einen Unterschied ein paar Hundert Meter ausmachen k\u00f6nnen. Kiews Offensive am s\u00fcdlichsten Frontabschnitt, Saporoschje, kommt nicht wirklich vom Fleck. Und das trotz enormer Intensit\u00e4t der K\u00e4mpfe und Einsatz der letzten [&hellip;]","og_url":"https:\/\/now-news.de\/de\/deutschland\/podoljaka-kaempfe-am-frontabschnitt-saporoschje-die-wichtigste-schlacht-des-sommers\/","og_site_name":"just-now.NEWS Deutschland","article_publisher":"https:\/\/www.facebook.com\/wirmachenauf","article_published_time":"2023-08-29T15:52:55+00:00","og_image":[{"width":460,"height":259,"url":"https:\/\/now-news.de\/de\/wp-content\/uploads\/sites\/3\/2023\/08\/Podoljaka-Kaempfe-am-Frontabschnitt-Saporoschje-\u2013-Die-wichtigste-Schlacht-des.jpg","type":"image\/jpeg"}],"author":"rtnews","twitter_card":"summary_large_image","twitter_creator":"@WirMachenAuf_de","twitter_site":"@WirMachenAuf_de","twitter_misc":{"Verfasst von":"rtnews","Gesch\u00e4tzte Lesezeit":"1\u00a0Minute"},"schema":{"@context":"https:\/\/schema.org","@graph":[{"@type":"Article","@id":"https:\/\/now-news.de\/de\/deutschland\/podoljaka-kaempfe-am-frontabschnitt-saporoschje-die-wichtigste-schlacht-des-sommers\/#article","isPartOf":{"@id":"https:\/\/now-news.de\/de\/deutschland\/podoljaka-kaempfe-am-frontabschnitt-saporoschje-die-wichtigste-schlacht-des-sommers\/"},"author":{"name":"rtnews","@id":"https:\/\/now-news.de\/de\/#\/schema\/person\/fb534a4e865501d8b3285208df34a9b5"},"headline":"Podoljaka: K\u00e4mpfe am Frontabschnitt Saporoschje \u2013 Die wichtigste Schlacht des Sommers","datePublished":"2023-08-29T15:52:55+00:00","dateModified":"2023-08-29T15:52:55+00:00","mainEntityOfPage":{"@id":"https:\/\/now-news.de\/de\/deutschland\/podoljaka-kaempfe-am-frontabschnitt-saporoschje-die-wichtigste-schlacht-des-sommers\/"},"wordCount":280,"commentCount":0,"publisher":{"@id":"https:\/\/now-news.de\/de\/#organization"},"image":{"@id":"https:\/\/now-news.de\/de\/deutschland\/podoljaka-kaempfe-am-frontabschnitt-saporoschje-die-wichtigste-schlacht-des-sommers\/#primaryimage"},"thumbnailUrl":"https:\/\/now-news.de\/de\/wp-content\/uploads\/sites\/3\/2023\/08\/Podoljaka-Kaempfe-am-Frontabschnitt-Saporoschje-\u2013-Die-wichtigste-Schlacht-des.jpg","keywords":["des","die","Frontabschnitt","K\u00e4mpfe","Podoljaka","Saporoschje","Schlacht","Sommers","Wichtigste"],"articleSection":["Deutschland","Russland"],"inLanguage":"de","potentialAction":[{"@type":"CommentAction","name":"Comment","target":["https:\/\/now-news.de\/de\/deutschland\/podoljaka-kaempfe-am-frontabschnitt-saporoschje-die-wichtigste-schlacht-des-sommers\/#respond"]}]},{"@type":"WebPage","@id":"https:\/\/now-news.de\/de\/deutschland\/podoljaka-kaempfe-am-frontabschnitt-saporoschje-die-wichtigste-schlacht-des-sommers\/","url":"https:\/\/now-news.de\/de\/deutschland\/podoljaka-kaempfe-am-frontabschnitt-saporoschje-die-wichtigste-schlacht-des-sommers\/","name":"Podoljaka: K\u00e4mpfe am Frontabschnitt Saporoschje \u2013 Die wichtigste Schlacht des Sommers - just-now.NEWS Deutschland","isPartOf":{"@id":"https:\/\/now-news.de\/de\/#website"},"primaryImageOfPage":{"@id":"https:\/\/now-news.de\/de\/deutschland\/podoljaka-kaempfe-am-frontabschnitt-saporoschje-die-wichtigste-schlacht-des-sommers\/#primaryimage"},"image":{"@id":"https:\/\/now-news.de\/de\/deutschland\/podoljaka-kaempfe-am-frontabschnitt-saporoschje-die-wichtigste-schlacht-des-sommers\/#primaryimage"},"thumbnailUrl":"https:\/\/now-news.de\/de\/wp-content\/uploads\/sites\/3\/2023\/08\/Podoljaka-Kaempfe-am-Frontabschnitt-Saporoschje-\u2013-Die-wichtigste-Schlacht-des.jpg","datePublished":"2023-08-29T15:52:55+00:00","dateModified":"2023-08-29T15:52:55+00:00","breadcrumb":{"@id":"https:\/\/now-news.de\/de\/deutschland\/podoljaka-kaempfe-am-frontabschnitt-saporoschje-die-wichtigste-schlacht-des-sommers\/#breadcrumb"},"inLanguage":"de","potentialAction":[{"@type":"ReadAction","target":["https:\/\/now-news.de\/de\/deutschland\/podoljaka-kaempfe-am-frontabschnitt-saporoschje-die-wichtigste-schlacht-des-sommers\/"]}]},{"@type":"ImageObject","inLanguage":"de","@id":"https:\/\/now-news.de\/de\/deutschland\/podoljaka-kaempfe-am-frontabschnitt-saporoschje-die-wichtigste-schlacht-des-sommers\/#primaryimage","url":"https:\/\/now-news.de\/de\/wp-content\/uploads\/sites\/3\/2023\/08\/Podoljaka-Kaempfe-am-Frontabschnitt-Saporoschje-\u2013-Die-wichtigste-Schlacht-des.jpg","contentUrl":"https:\/\/now-news.de\/de\/wp-content\/uploads\/sites\/3\/2023\/08\/Podoljaka-Kaempfe-am-Frontabschnitt-Saporoschje-\u2013-Die-wichtigste-Schlacht-des.jpg","width":460,"height":259,"caption":"Podoljaka: K\u00e4mpfe am Frontabschnitt Saporoschje \u2013 Die wichtigste Schlacht des Sommers"},{"@type":"BreadcrumbList","@id":"https:\/\/now-news.de\/de\/deutschland\/podoljaka-kaempfe-am-frontabschnitt-saporoschje-die-wichtigste-schlacht-des-sommers\/#breadcrumb","itemListElement":[{"@type":"ListItem","position":1,"name":"Home","item":"https:\/\/now-news.de\/de\/"},{"@type":"ListItem","position":2,"name":"Podoljaka: K\u00e4mpfe am Frontabschnitt Saporoschje \u2013 Die wichtigste Schlacht des Sommers"}]},{"@type":"WebSite","@id":"https:\/\/now-news.de\/de\/#website","url":"https:\/\/now-news.de\/de\/","name":"just-now.NEWS Deutschland","description":"Das Portal f\u00fcr unzensierte Nachrichten aus der Welt","publisher":{"@id":"https:\/\/now-news.de\/de\/#organization"},"potentialAction":[{"@type":"SearchAction","target":{"@type":"EntryPoint","urlTemplate":"https:\/\/now-news.de\/de\/?s={search_term_string}"},"query-input":"required name=search_term_string"}],"inLanguage":"de"},{"@type":"Organization","@id":"https:\/\/now-news.de\/de\/#organization","name":"Just Now News","url":"https:\/\/now-news.de\/de\/","logo":{"@type":"ImageObject","inLanguage":"de","@id":"https:\/\/now-news.de\/de\/#\/schema\/logo\/image\/","url":"http:\/\/just-now.news\/de\/wp-content\/uploads\/sites\/3\/2022\/04\/logo500x500.jpg","contentUrl":"http:\/\/just-now.news\/de\/wp-content\/uploads\/sites\/3\/2022\/04\/logo500x500.jpg","width":500,"height":500,"caption":"Just Now News"},"image":{"@id":"https:\/\/now-news.de\/de\/#\/schema\/logo\/image\/"},"sameAs":["https:\/\/www.facebook.com\/wirmachenauf","https:\/\/x.com\/WirMachenAuf_de"]},{"@type":"Person","@id":"https:\/\/now-news.de\/de\/#\/schema\/person\/fb534a4e865501d8b3285208df34a9b5","name":"rtnews","image":{"@type":"ImageObject","inLanguage":"de","@id":"https:\/\/now-news.de\/de\/#\/schema\/person\/image\/","url":"https:\/\/secure.gravatar.com\/avatar\/82aafea7d8127119dd649515f56e2117?s=96&d=mm&r=g","contentUrl":"https:\/\/secure.gravatar.com\/avatar\/82aafea7d8127119dd649515f56e2117?s=96&d=mm&r=g","caption":"rtnews"},"url":"https:\/\/now-news.de\/de\/author\/rnews\/"}]}},"_links":{"self":[{"href":"https:\/\/now-news.de\/de\/wp-json\/wp\/v2\/posts\/45336"}],"collection":[{"href":"https:\/\/now-news.de\/de\/wp-json\/wp\/v2\/posts"}],"about":[{"href":"https:\/\/now-news.de\/de\/wp-json\/wp\/v2\/types\/post"}],"author":[{"embeddable":true,"href":"https:\/\/now-news.de\/de\/wp-json\/wp\/v2\/users\/3"}],"replies":[{"embeddable":true,"href":"https:\/\/now-news.de\/de\/wp-json\/wp\/v2\/comments?post=45336"}],"version-history":[{"count":0,"href":"https:\/\/now-news.de\/de\/wp-json\/wp\/v2\/posts\/45336\/revisions"}],"wp:featuredmedia":[{"embeddable":true,"href":"https:\/\/now-news.de\/de\/wp-json\/wp\/v2\/media\/45337"}],"wp:attachment":[{"href":"https:\/\/now-news.de\/de\/wp-json\/wp\/v2\/media?parent=45336"}],"wp:term":[{"taxonomy":"category","embeddable":true,"href":"https:\/\/now-news.de\/de\/wp-json\/wp\/v2\/categories?post=45336"},{"taxonomy":"post_tag","embeddable":true,"href":"https:\/\/now-news.de\/de\/wp-json\/wp\/v2\/tags?post=45336"}],"curies":[{"name":"wp","href":"https:\/\/api.w.org\/{rel}","templated":true}]}}