{"id":45318,"date":"2023-08-29T15:26:28","date_gmt":"2023-08-29T13:26:28","guid":{"rendered":"https:\/\/just-now.news\/de\/deutschland\/tuerkischer-sender-putin-und-erdogan-treffen-sich-in-sotschi\/"},"modified":"2023-08-29T15:26:28","modified_gmt":"2023-08-29T13:26:28","slug":"tuerkischer-sender-putin-und-erdogan-treffen-sich-in-sotschi","status":"publish","type":"post","link":"https:\/\/now-news.de\/de\/deutschland\/tuerkischer-sender-putin-und-erdogan-treffen-sich-in-sotschi\/","title":{"rendered":"T\u00fcrkischer Sender: Putin und Erdo\u011fan treffen sich in Sotschi"},"content":{"rendered":"<p><img decoding=\"async\" src=\"http:\/\/just-now.news\/de\/wp-content\/uploads\/sites\/3\/2023\/08\/64ede28eb480cc1f423f3a05.jpg\" \/><\/p>\n<div class=\"Text-root Text-type_1 \">\n                Der t\u00fcrkische Pr\u00e4sident Recep Tayyip Erdo\u011fan werde am 4. September in Sotschi Gespr\u00e4che mit dem russischen Staatsoberhaupt Wladimir Putin f\u00fchren. Dies berichtet der Fernsehsender Habert\u00fcrk TV. Zuvor hatten Medien andere Daten genannt.\n            <\/div>\n<p><\/p>\n<div class=\"Text-root Text-type_5 ArticleView-text ViewText-root \">\n<p>Wie der t\u00fcrkische Fernsehsender <em>Habert\u00fcrk<\/em> im sozialen Netzwerk X (fr\u00fcher Twitter) berichtet, soll der t\u00fcrkische Staatschef Recep Tayyip Erdo\u011fan am 4. September zu Gespr\u00e4chen mit dem russischen Pr\u00e4sidenten Wladimir Putin nach Sotschi reisen. Zuvor hatte <em>Bloomberg<\/em> einen anderen Termin f\u00fcr Erdo\u011fans Reise nach Russland genannt \u2013 den 8. September. Nach Angaben der Zeitung <em>H\u00fcrriyet<\/em>, die sich auf ungenannte Quellen beruft, k\u00f6nnten die Spitzenpolitiker eine neue Formel f\u00fcr ein Getreideabkommen besprechen, das Ankara ausarbeiten will.<\/p>\n<p>Am\u00a025. August reiste der t\u00fcrkische Au\u00dfenminister Hakan Fidan nach Kiew, wo er sich mit dem ukrainischen Pr\u00e4sidenten Wladimir Selenskij, dem Leiter der Pr\u00e4sidialverwaltung Andrei Jermak, Ministerpr\u00e4sident Denis Schmygal und Au\u00dfenminister Dmitri Kuleba traf. Die Zeitung berichtet, dass Fidan sich anschlie\u00dfend die Position Kiews angeh\u00f6rt habe und nun &#8220;die gleiche Methode&#8221; gegen\u00fcber Moskau anwenden, d. h. die Beh\u00f6rden in Russland anh\u00f6ren und dann mit UN-Vertretern die Lage besprechen werde.<\/p>\n<p>Nach Angaben von <em>H\u00fcrriyet<\/em> will Ankara keinen neuen Getreidedeal ohne Moskau abschlie\u00dfen, sondern bevorzugt eine Vereinbarung, die beiden Seiten \u2013 Russland und der Ukraine \u2013 gerecht wird.<\/p>\n<p>Letzte Woche hatte der russische Au\u00dfenminister Sergei Lawrow gegen\u00fcber UN-Generalsekret\u00e4r Ant\u00f3nio Guterres betont, Moskau sei nur dann bereit, zu dem Deal zur\u00fcckzukehren, &#8220;wenn alle Verpflichtungen gegen\u00fcber der russischen Seite tats\u00e4chlich erf\u00fcllt werden&#8221;. Auch Pr\u00e4sident Putin \u00e4u\u00dferte sich in diesem Sinne und wies darauf hin, dass bisher keine der Bedingungen des Landes erf\u00fcllt worden sei. Im April hatte das Au\u00dfenministerium diese genannt: unter anderem die Wiederanbindung der Rosselchosbank (Russian Agricultural Bank) an SWIFT, die Wiederaufnahme der Lieferungen landwirtschaftlicher Maschinen, Ersatzteile und Dienstleistungen, die Wiederherstellung der Ammoniak-Pipeline Toljatti-Odessa sowie die Freigabe von Verm\u00f6genswerten und Konten von Unternehmen, die mit der Produktion und dem Transport von Lebensmitteln und D\u00fcngemitteln zu tun haben.<\/p>\n<p><strong>Mehr zum Thema<\/strong> \u2013 <a rel=\"nofollow noopener\" target=\"_blank\" href=\"https:\/\/kurz.rt.com\/3trk\">Getreideabkommen im Fokus: Erdo\u011fan plant Russland-Besuch<\/a><\/p>\n<\/div>\n<p><br \/>\n<br \/><a href=\"https:\/\/de.rt.com\/international\/179203-tuerkischer-sender-gibt-datum-der-gespraeche-zwischen-putin-und-erdogan-bekannt\/\">Source link <\/a><\/p>\n","protected":false},"excerpt":{"rendered":"<p>Der t\u00fcrkische Pr\u00e4sident Recep Tayyip Erdo\u011fan werde am 4. September in Sotschi Gespr\u00e4che mit dem russischen Staatsoberhaupt Wladimir Putin f\u00fchren. Dies berichtet der Fernsehsender Habert\u00fcrk TV. Zuvor hatten Medien andere Daten genannt. Wie der t\u00fcrkische Fernsehsender Habert\u00fcrk im sozialen Netzwerk X (fr\u00fcher Twitter) berichtet, soll der t\u00fcrkische Staatschef Recep Tayyip Erdo\u011fan am 4. September zu [&hellip;]<\/p>\n","protected":false},"author":3,"featured_media":45319,"comment_status":"open","ping_status":"open","sticky":false,"template":"","format":"standard","meta":{"_yoast_indexnow_last_ping":["1693315673"],"wp_automatic_camp":["217"],"2ecfb61c2e213208dcafd8f6e78fa08a":["T\u00fcrkischer Sender: Putin und Erdo\u011fan treffen sich in Sotschi"],"original_link":["https:\/\/de.rt.com\/international\/179203-tuerkischer-sender-gibt-datum-der-gespraeche-zwischen-putin-und-erdogan-bekannt\/"],"_thumbnail_id":["45319"],"jnews_social_counter_last_update":["1777290657"],"_wptgpro_p2tg_sent2tg":["a:1:{i:23737;s:19:\"2023-08-29 15:28:54\";}"]},"categories":[19,23],"tags":[13697,125,7173,434,29354,354,365,140],"yoast_head":"<!-- This site is optimized with the Yoast SEO Premium plugin v22.7 (Yoast SEO v22.7) - https:\/\/yoast.com\/wordpress\/plugins\/seo\/ -->\n<title>T\u00fcrkischer Sender: Putin und Erdo\u011fan treffen sich in Sotschi - just-now.NEWS Deutschland<\/title>\n<meta name=\"robots\" content=\"index, follow, max-snippet:-1, max-image-preview:large, max-video-preview:-1\" \/>\n<link rel=\"canonical\" href=\"https:\/\/now-news.de\/de\/deutschland\/tuerkischer-sender-putin-und-erdogan-treffen-sich-in-sotschi\/\" \/>\n<meta property=\"og:locale\" content=\"de_DE\" \/>\n<meta property=\"og:type\" content=\"article\" \/>\n<meta property=\"og:title\" content=\"T\u00fcrkischer Sender: Putin und Erdo\u011fan treffen sich in Sotschi\" \/>\n<meta property=\"og:description\" content=\"Der t\u00fcrkische Pr\u00e4sident Recep Tayyip Erdo\u011fan werde am 4. September in Sotschi Gespr\u00e4che mit dem russischen Staatsoberhaupt Wladimir Putin f\u00fchren. Dies berichtet der Fernsehsender Habert\u00fcrk TV. Zuvor hatten Medien andere Daten genannt. Wie der t\u00fcrkische Fernsehsender Habert\u00fcrk im sozialen Netzwerk X (fr\u00fcher Twitter) berichtet, soll der t\u00fcrkische Staatschef Recep Tayyip Erdo\u011fan am 4. September zu [&hellip;]\" \/>\n<meta property=\"og:url\" content=\"https:\/\/now-news.de\/de\/deutschland\/tuerkischer-sender-putin-und-erdogan-treffen-sich-in-sotschi\/\" \/>\n<meta property=\"og:site_name\" content=\"just-now.NEWS Deutschland\" \/>\n<meta property=\"article:publisher\" content=\"https:\/\/www.facebook.com\/wirmachenauf\" \/>\n<meta property=\"article:published_time\" content=\"2023-08-29T13:26:28+00:00\" \/>\n<meta property=\"og:image\" content=\"https:\/\/now-news.de\/de\/wp-content\/uploads\/sites\/3\/2023\/08\/Tuerkischer-Sender-Putin-und-Erdogan-treffen-sich-in-Sotschi.jpg\" \/>\n\t<meta property=\"og:image:width\" content=\"460\" \/>\n\t<meta property=\"og:image:height\" content=\"259\" \/>\n\t<meta property=\"og:image:type\" content=\"image\/jpeg\" \/>\n<meta name=\"author\" content=\"rtnews\" \/>\n<meta name=\"twitter:card\" content=\"summary_large_image\" \/>\n<meta name=\"twitter:creator\" content=\"@WirMachenAuf_de\" \/>\n<meta name=\"twitter:site\" content=\"@WirMachenAuf_de\" \/>\n<meta name=\"twitter:label1\" content=\"Verfasst von\" \/>\n\t<meta name=\"twitter:data1\" content=\"rtnews\" \/>\n\t<meta name=\"twitter:label2\" content=\"Gesch\u00e4tzte Lesezeit\" \/>\n\t<meta name=\"twitter:data2\" content=\"2\u00a0Minuten\" \/>\n<script type=\"application\/ld+json\" class=\"yoast-schema-graph\">{\"@context\":\"https:\/\/schema.org\",\"@graph\":[{\"@type\":\"Article\",\"@id\":\"https:\/\/now-news.de\/de\/deutschland\/tuerkischer-sender-putin-und-erdogan-treffen-sich-in-sotschi\/#article\",\"isPartOf\":{\"@id\":\"https:\/\/now-news.de\/de\/deutschland\/tuerkischer-sender-putin-und-erdogan-treffen-sich-in-sotschi\/\"},\"author\":{\"name\":\"rtnews\",\"@id\":\"https:\/\/now-news.de\/de\/#\/schema\/person\/fb534a4e865501d8b3285208df34a9b5\"},\"headline\":\"T\u00fcrkischer Sender: Putin und Erdo\u011fan treffen sich in Sotschi\",\"datePublished\":\"2023-08-29T13:26:28+00:00\",\"dateModified\":\"2023-08-29T13:26:28+00:00\",\"mainEntityOfPage\":{\"@id\":\"https:\/\/now-news.de\/de\/deutschland\/tuerkischer-sender-putin-und-erdogan-treffen-sich-in-sotschi\/\"},\"wordCount\":373,\"commentCount\":0,\"publisher\":{\"@id\":\"https:\/\/now-news.de\/de\/#organization\"},\"image\":{\"@id\":\"https:\/\/now-news.de\/de\/deutschland\/tuerkischer-sender-putin-und-erdogan-treffen-sich-in-sotschi\/#primaryimage\"},\"thumbnailUrl\":\"https:\/\/now-news.de\/de\/wp-content\/uploads\/sites\/3\/2023\/08\/Tuerkischer-Sender-Putin-und-Erdogan-treffen-sich-in-Sotschi.jpg\",\"keywords\":[\"Erdo\u011fan\",\"putin\",\"Sender\",\"sich\",\"Sotschi\",\"Treffen\",\"t\u00fcrkischer\",\"und\"],\"articleSection\":[\"Deutschland\",\"Russland\"],\"inLanguage\":\"de\",\"potentialAction\":[{\"@type\":\"CommentAction\",\"name\":\"Comment\",\"target\":[\"https:\/\/now-news.de\/de\/deutschland\/tuerkischer-sender-putin-und-erdogan-treffen-sich-in-sotschi\/#respond\"]}]},{\"@type\":\"WebPage\",\"@id\":\"https:\/\/now-news.de\/de\/deutschland\/tuerkischer-sender-putin-und-erdogan-treffen-sich-in-sotschi\/\",\"url\":\"https:\/\/now-news.de\/de\/deutschland\/tuerkischer-sender-putin-und-erdogan-treffen-sich-in-sotschi\/\",\"name\":\"T\u00fcrkischer Sender: Putin und Erdo\u011fan treffen sich in Sotschi - just-now.NEWS Deutschland\",\"isPartOf\":{\"@id\":\"https:\/\/now-news.de\/de\/#website\"},\"primaryImageOfPage\":{\"@id\":\"https:\/\/now-news.de\/de\/deutschland\/tuerkischer-sender-putin-und-erdogan-treffen-sich-in-sotschi\/#primaryimage\"},\"image\":{\"@id\":\"https:\/\/now-news.de\/de\/deutschland\/tuerkischer-sender-putin-und-erdogan-treffen-sich-in-sotschi\/#primaryimage\"},\"thumbnailUrl\":\"https:\/\/now-news.de\/de\/wp-content\/uploads\/sites\/3\/2023\/08\/Tuerkischer-Sender-Putin-und-Erdogan-treffen-sich-in-Sotschi.jpg\",\"datePublished\":\"2023-08-29T13:26:28+00:00\",\"dateModified\":\"2023-08-29T13:26:28+00:00\",\"breadcrumb\":{\"@id\":\"https:\/\/now-news.de\/de\/deutschland\/tuerkischer-sender-putin-und-erdogan-treffen-sich-in-sotschi\/#breadcrumb\"},\"inLanguage\":\"de\",\"potentialAction\":[{\"@type\":\"ReadAction\",\"target\":[\"https:\/\/now-news.de\/de\/deutschland\/tuerkischer-sender-putin-und-erdogan-treffen-sich-in-sotschi\/\"]}]},{\"@type\":\"ImageObject\",\"inLanguage\":\"de\",\"@id\":\"https:\/\/now-news.de\/de\/deutschland\/tuerkischer-sender-putin-und-erdogan-treffen-sich-in-sotschi\/#primaryimage\",\"url\":\"https:\/\/now-news.de\/de\/wp-content\/uploads\/sites\/3\/2023\/08\/Tuerkischer-Sender-Putin-und-Erdogan-treffen-sich-in-Sotschi.jpg\",\"contentUrl\":\"https:\/\/now-news.de\/de\/wp-content\/uploads\/sites\/3\/2023\/08\/Tuerkischer-Sender-Putin-und-Erdogan-treffen-sich-in-Sotschi.jpg\",\"width\":460,\"height\":259,\"caption\":\"T\u00fcrkischer Sender: Putin und Erdo\u011fan treffen sich in Sotschi\"},{\"@type\":\"BreadcrumbList\",\"@id\":\"https:\/\/now-news.de\/de\/deutschland\/tuerkischer-sender-putin-und-erdogan-treffen-sich-in-sotschi\/#breadcrumb\",\"itemListElement\":[{\"@type\":\"ListItem\",\"position\":1,\"name\":\"Home\",\"item\":\"https:\/\/now-news.de\/de\/\"},{\"@type\":\"ListItem\",\"position\":2,\"name\":\"T\u00fcrkischer Sender: Putin und Erdo\u011fan treffen sich in Sotschi\"}]},{\"@type\":\"WebSite\",\"@id\":\"https:\/\/now-news.de\/de\/#website\",\"url\":\"https:\/\/now-news.de\/de\/\",\"name\":\"just-now.NEWS Deutschland\",\"description\":\"Das Portal f\u00fcr unzensierte Nachrichten aus der Welt\",\"publisher\":{\"@id\":\"https:\/\/now-news.de\/de\/#organization\"},\"potentialAction\":[{\"@type\":\"SearchAction\",\"target\":{\"@type\":\"EntryPoint\",\"urlTemplate\":\"https:\/\/now-news.de\/de\/?s={search_term_string}\"},\"query-input\":\"required name=search_term_string\"}],\"inLanguage\":\"de\"},{\"@type\":\"Organization\",\"@id\":\"https:\/\/now-news.de\/de\/#organization\",\"name\":\"Just Now News\",\"url\":\"https:\/\/now-news.de\/de\/\",\"logo\":{\"@type\":\"ImageObject\",\"inLanguage\":\"de\",\"@id\":\"https:\/\/now-news.de\/de\/#\/schema\/logo\/image\/\",\"url\":\"http:\/\/just-now.news\/de\/wp-content\/uploads\/sites\/3\/2022\/04\/logo500x500.jpg\",\"contentUrl\":\"http:\/\/just-now.news\/de\/wp-content\/uploads\/sites\/3\/2022\/04\/logo500x500.jpg\",\"width\":500,\"height\":500,\"caption\":\"Just Now News\"},\"image\":{\"@id\":\"https:\/\/now-news.de\/de\/#\/schema\/logo\/image\/\"},\"sameAs\":[\"https:\/\/www.facebook.com\/wirmachenauf\",\"https:\/\/x.com\/WirMachenAuf_de\"]},{\"@type\":\"Person\",\"@id\":\"https:\/\/now-news.de\/de\/#\/schema\/person\/fb534a4e865501d8b3285208df34a9b5\",\"name\":\"rtnews\",\"image\":{\"@type\":\"ImageObject\",\"inLanguage\":\"de\",\"@id\":\"https:\/\/now-news.de\/de\/#\/schema\/person\/image\/\",\"url\":\"https:\/\/secure.gravatar.com\/avatar\/82aafea7d8127119dd649515f56e2117?s=96&d=mm&r=g\",\"contentUrl\":\"https:\/\/secure.gravatar.com\/avatar\/82aafea7d8127119dd649515f56e2117?s=96&d=mm&r=g\",\"caption\":\"rtnews\"},\"url\":\"https:\/\/now-news.de\/de\/author\/rnews\/\"}]}<\/script>\n<!-- \/ Yoast SEO Premium plugin. -->","yoast_head_json":{"title":"T\u00fcrkischer Sender: Putin und Erdo\u011fan treffen sich in Sotschi - just-now.NEWS Deutschland","robots":{"index":"index","follow":"follow","max-snippet":"max-snippet:-1","max-image-preview":"max-image-preview:large","max-video-preview":"max-video-preview:-1"},"canonical":"https:\/\/now-news.de\/de\/deutschland\/tuerkischer-sender-putin-und-erdogan-treffen-sich-in-sotschi\/","og_locale":"de_DE","og_type":"article","og_title":"T\u00fcrkischer Sender: Putin und Erdo\u011fan treffen sich in Sotschi","og_description":"Der t\u00fcrkische Pr\u00e4sident Recep Tayyip Erdo\u011fan werde am 4. September in Sotschi Gespr\u00e4che mit dem russischen Staatsoberhaupt Wladimir Putin f\u00fchren. Dies berichtet der Fernsehsender Habert\u00fcrk TV. Zuvor hatten Medien andere Daten genannt. Wie der t\u00fcrkische Fernsehsender Habert\u00fcrk im sozialen Netzwerk X (fr\u00fcher Twitter) berichtet, soll der t\u00fcrkische Staatschef Recep Tayyip Erdo\u011fan am 4. September zu [&hellip;]","og_url":"https:\/\/now-news.de\/de\/deutschland\/tuerkischer-sender-putin-und-erdogan-treffen-sich-in-sotschi\/","og_site_name":"just-now.NEWS Deutschland","article_publisher":"https:\/\/www.facebook.com\/wirmachenauf","article_published_time":"2023-08-29T13:26:28+00:00","og_image":[{"width":460,"height":259,"url":"https:\/\/now-news.de\/de\/wp-content\/uploads\/sites\/3\/2023\/08\/Tuerkischer-Sender-Putin-und-Erdogan-treffen-sich-in-Sotschi.jpg","type":"image\/jpeg"}],"author":"rtnews","twitter_card":"summary_large_image","twitter_creator":"@WirMachenAuf_de","twitter_site":"@WirMachenAuf_de","twitter_misc":{"Verfasst von":"rtnews","Gesch\u00e4tzte Lesezeit":"2\u00a0Minuten"},"schema":{"@context":"https:\/\/schema.org","@graph":[{"@type":"Article","@id":"https:\/\/now-news.de\/de\/deutschland\/tuerkischer-sender-putin-und-erdogan-treffen-sich-in-sotschi\/#article","isPartOf":{"@id":"https:\/\/now-news.de\/de\/deutschland\/tuerkischer-sender-putin-und-erdogan-treffen-sich-in-sotschi\/"},"author":{"name":"rtnews","@id":"https:\/\/now-news.de\/de\/#\/schema\/person\/fb534a4e865501d8b3285208df34a9b5"},"headline":"T\u00fcrkischer Sender: Putin und Erdo\u011fan treffen sich in Sotschi","datePublished":"2023-08-29T13:26:28+00:00","dateModified":"2023-08-29T13:26:28+00:00","mainEntityOfPage":{"@id":"https:\/\/now-news.de\/de\/deutschland\/tuerkischer-sender-putin-und-erdogan-treffen-sich-in-sotschi\/"},"wordCount":373,"commentCount":0,"publisher":{"@id":"https:\/\/now-news.de\/de\/#organization"},"image":{"@id":"https:\/\/now-news.de\/de\/deutschland\/tuerkischer-sender-putin-und-erdogan-treffen-sich-in-sotschi\/#primaryimage"},"thumbnailUrl":"https:\/\/now-news.de\/de\/wp-content\/uploads\/sites\/3\/2023\/08\/Tuerkischer-Sender-Putin-und-Erdogan-treffen-sich-in-Sotschi.jpg","keywords":["Erdo\u011fan","putin","Sender","sich","Sotschi","Treffen","t\u00fcrkischer","und"],"articleSection":["Deutschland","Russland"],"inLanguage":"de","potentialAction":[{"@type":"CommentAction","name":"Comment","target":["https:\/\/now-news.de\/de\/deutschland\/tuerkischer-sender-putin-und-erdogan-treffen-sich-in-sotschi\/#respond"]}]},{"@type":"WebPage","@id":"https:\/\/now-news.de\/de\/deutschland\/tuerkischer-sender-putin-und-erdogan-treffen-sich-in-sotschi\/","url":"https:\/\/now-news.de\/de\/deutschland\/tuerkischer-sender-putin-und-erdogan-treffen-sich-in-sotschi\/","name":"T\u00fcrkischer Sender: Putin und Erdo\u011fan treffen sich in Sotschi - just-now.NEWS Deutschland","isPartOf":{"@id":"https:\/\/now-news.de\/de\/#website"},"primaryImageOfPage":{"@id":"https:\/\/now-news.de\/de\/deutschland\/tuerkischer-sender-putin-und-erdogan-treffen-sich-in-sotschi\/#primaryimage"},"image":{"@id":"https:\/\/now-news.de\/de\/deutschland\/tuerkischer-sender-putin-und-erdogan-treffen-sich-in-sotschi\/#primaryimage"},"thumbnailUrl":"https:\/\/now-news.de\/de\/wp-content\/uploads\/sites\/3\/2023\/08\/Tuerkischer-Sender-Putin-und-Erdogan-treffen-sich-in-Sotschi.jpg","datePublished":"2023-08-29T13:26:28+00:00","dateModified":"2023-08-29T13:26:28+00:00","breadcrumb":{"@id":"https:\/\/now-news.de\/de\/deutschland\/tuerkischer-sender-putin-und-erdogan-treffen-sich-in-sotschi\/#breadcrumb"},"inLanguage":"de","potentialAction":[{"@type":"ReadAction","target":["https:\/\/now-news.de\/de\/deutschland\/tuerkischer-sender-putin-und-erdogan-treffen-sich-in-sotschi\/"]}]},{"@type":"ImageObject","inLanguage":"de","@id":"https:\/\/now-news.de\/de\/deutschland\/tuerkischer-sender-putin-und-erdogan-treffen-sich-in-sotschi\/#primaryimage","url":"https:\/\/now-news.de\/de\/wp-content\/uploads\/sites\/3\/2023\/08\/Tuerkischer-Sender-Putin-und-Erdogan-treffen-sich-in-Sotschi.jpg","contentUrl":"https:\/\/now-news.de\/de\/wp-content\/uploads\/sites\/3\/2023\/08\/Tuerkischer-Sender-Putin-und-Erdogan-treffen-sich-in-Sotschi.jpg","width":460,"height":259,"caption":"T\u00fcrkischer Sender: Putin und Erdo\u011fan treffen sich in Sotschi"},{"@type":"BreadcrumbList","@id":"https:\/\/now-news.de\/de\/deutschland\/tuerkischer-sender-putin-und-erdogan-treffen-sich-in-sotschi\/#breadcrumb","itemListElement":[{"@type":"ListItem","position":1,"name":"Home","item":"https:\/\/now-news.de\/de\/"},{"@type":"ListItem","position":2,"name":"T\u00fcrkischer Sender: Putin und Erdo\u011fan treffen sich in Sotschi"}]},{"@type":"WebSite","@id":"https:\/\/now-news.de\/de\/#website","url":"https:\/\/now-news.de\/de\/","name":"just-now.NEWS Deutschland","description":"Das Portal f\u00fcr unzensierte Nachrichten aus der Welt","publisher":{"@id":"https:\/\/now-news.de\/de\/#organization"},"potentialAction":[{"@type":"SearchAction","target":{"@type":"EntryPoint","urlTemplate":"https:\/\/now-news.de\/de\/?s={search_term_string}"},"query-input":"required name=search_term_string"}],"inLanguage":"de"},{"@type":"Organization","@id":"https:\/\/now-news.de\/de\/#organization","name":"Just Now News","url":"https:\/\/now-news.de\/de\/","logo":{"@type":"ImageObject","inLanguage":"de","@id":"https:\/\/now-news.de\/de\/#\/schema\/logo\/image\/","url":"http:\/\/just-now.news\/de\/wp-content\/uploads\/sites\/3\/2022\/04\/logo500x500.jpg","contentUrl":"http:\/\/just-now.news\/de\/wp-content\/uploads\/sites\/3\/2022\/04\/logo500x500.jpg","width":500,"height":500,"caption":"Just Now News"},"image":{"@id":"https:\/\/now-news.de\/de\/#\/schema\/logo\/image\/"},"sameAs":["https:\/\/www.facebook.com\/wirmachenauf","https:\/\/x.com\/WirMachenAuf_de"]},{"@type":"Person","@id":"https:\/\/now-news.de\/de\/#\/schema\/person\/fb534a4e865501d8b3285208df34a9b5","name":"rtnews","image":{"@type":"ImageObject","inLanguage":"de","@id":"https:\/\/now-news.de\/de\/#\/schema\/person\/image\/","url":"https:\/\/secure.gravatar.com\/avatar\/82aafea7d8127119dd649515f56e2117?s=96&d=mm&r=g","contentUrl":"https:\/\/secure.gravatar.com\/avatar\/82aafea7d8127119dd649515f56e2117?s=96&d=mm&r=g","caption":"rtnews"},"url":"https:\/\/now-news.de\/de\/author\/rnews\/"}]}},"_links":{"self":[{"href":"https:\/\/now-news.de\/de\/wp-json\/wp\/v2\/posts\/45318"}],"collection":[{"href":"https:\/\/now-news.de\/de\/wp-json\/wp\/v2\/posts"}],"about":[{"href":"https:\/\/now-news.de\/de\/wp-json\/wp\/v2\/types\/post"}],"author":[{"embeddable":true,"href":"https:\/\/now-news.de\/de\/wp-json\/wp\/v2\/users\/3"}],"replies":[{"embeddable":true,"href":"https:\/\/now-news.de\/de\/wp-json\/wp\/v2\/comments?post=45318"}],"version-history":[{"count":0,"href":"https:\/\/now-news.de\/de\/wp-json\/wp\/v2\/posts\/45318\/revisions"}],"wp:featuredmedia":[{"embeddable":true,"href":"https:\/\/now-news.de\/de\/wp-json\/wp\/v2\/media\/45319"}],"wp:attachment":[{"href":"https:\/\/now-news.de\/de\/wp-json\/wp\/v2\/media?parent=45318"}],"wp:term":[{"taxonomy":"category","embeddable":true,"href":"https:\/\/now-news.de\/de\/wp-json\/wp\/v2\/categories?post=45318"},{"taxonomy":"post_tag","embeddable":true,"href":"https:\/\/now-news.de\/de\/wp-json\/wp\/v2\/tags?post=45318"}],"curies":[{"name":"wp","href":"https:\/\/api.w.org\/{rel}","templated":true}]}}