{"id":45300,"date":"2023-08-29T12:18:41","date_gmt":"2023-08-29T10:18:41","guid":{"rendered":"https:\/\/just-now.news\/de\/deutschland\/konjunkturprognose-deutschland-steigt-ab\/"},"modified":"2023-08-29T12:18:41","modified_gmt":"2023-08-29T10:18:41","slug":"konjunkturprognose-deutschland-steigt-ab","status":"publish","type":"post","link":"https:\/\/now-news.de\/de\/deutschland\/konjunkturprognose-deutschland-steigt-ab\/","title":{"rendered":"Konjunkturprognose: Deutschland steigt ab"},"content":{"rendered":"<p><img decoding=\"async\" src=\"http:\/\/just-now.news\/de\/wp-content\/uploads\/sites\/3\/2023\/08\/64edbad848fbef5b6a2c90c9.jpg\" \/><\/p>\n<div class=\"Text-root Text-type_1 \">\n                Der aktuelle Konjunkturbericht des Instituts der deutschen Wirtschaft (IW) hat es in sich. F\u00fcr Deutschland weisen alle Indikatoren nach unten. Klar ist dabei, es handelt sich nicht um eine vor\u00fcbergehende wirtschaftliche Schw\u00e4chephase, sondern um ein strukturelles, dauerhaftes Problem.\n            <\/div>\n<p><\/p>\n<div class=\"Text-root Text-type_5 ArticleView-text ViewText-root \">\n<p>Das geo\u00f6konomische Umfeld bleibe weiterhin schwierig, schreibt das IW. Der Krieg in der Ukraine belaste ebenso wie die zunehmenden Spannungen mit China. Gleichzeitig verschieben sich die geopolitischen Verh\u00e4ltnisse zum Nachteil des Westens und damit auch Deutschlands.\u00a0<\/p>\n<blockquote>\n<p><em>&#8220;Die Anspannungen mit China und die undurchsichtige geopolitische Position einer Reihe von Schwellenl\u00e4ndern sorgen f\u00fcr Risiken hinsichtlich der Zug\u00e4nge zu Rohstoffen und Energie sowie hinsichtlich effektiver globaler Lieferketten und wichtiger Absatzm\u00e4rkte.&#8221;<\/em><\/p>\n<\/blockquote>\n<p>Mit dieser etwas verklausulierten Formulierung ist wohl die Erweiterung der BRICS gemeint. Die BRICS nehmen zum 1. Januar 2024 sechs neue L\u00e4nder ins B\u00fcndnis auf. Darunter sind auch Saudi-Arabien, der Iran und die Vereinigten Arabischen Emirate. Damit treten drei gro\u00dfe Produzenten fossiler Energie dem B\u00fcndnis bei. Ob und welche Auswirkungen das f\u00fcr die westlichen Industriel\u00e4nder hat, ist noch unklar. Klar ist dagegen, dass Saudi-Arabien, bisher enger Verb\u00fcndeter der USA, sich aus diesem B\u00fcndnis zur\u00fcckzieht und sich inzwischen offen den Vorgaben aus Washington widersetzt.\u00a0<\/p>\n<p>Das IW verweist auf die nach wie vor hohen Energiekosten, die nicht wieder auf das Vorkrisenniveau zur\u00fcckkehren werden und f\u00fcr die deutsche Industrie ein gro\u00dfes Problem darstellen. Deutschland hat mit dem Verzicht auf g\u00fcnstige russische Energie an Wettbewerbsf\u00e4higkeit eingeb\u00fc\u00dft.\u00a0<\/p>\n<blockquote>\n<p><em>&#8220;&#8230; die multiplen Kostenschocks und ihre Bedeutung f\u00fcr die internationale Wettbewerbsf\u00e4higkeit werden von der Mehrheit der Unternehmen jedoch als dauerhaft eingesch\u00e4tzt&#8221;, schreibt das IW.<\/em><\/p>\n<\/blockquote>\n<p>Man k\u00f6nnte es auch anders formulieren: Deutschland als auf Export orientierte Volkswirtschaft hat faktisch sein Gesch\u00e4ftsmodell verloren. Das IW formuliert es etwas verklausulierter, die Bedeutung ist aber identisch. Die deutsche Wirtschaft mit ihrer Exportorientierung wird von dauerhaft hohen Energiepreisen h\u00e4rter getroffen. Sie b\u00fc\u00dft daher Marktanteile ein.\u00a0<\/p>\n<blockquote>\n<p><em>&#8220;Die deutsche Wirtschaft tut sich in diesem schockbehafteten Umfeld besonders schwer. Aufgrund ihres hohen Fokus auf die Weltm\u00e4rkte und ihrer deshalb hohen Exportquote leidet sie \u00fcberdurchschnittlich unter den geo\u00f6konomischen Schocks und der sich abschw\u00e4chenden Weltwirtschaft. Mit ihrem im internationalen Vergleich hohen Industrieanteil und der Bedeutung von energieintensiven Industrien bekommt sie zudem die bestehenden Versorgungsrisiken und Kostenschocks st\u00e4rker zu sp\u00fcren.&#8221;<\/em><\/p>\n<\/blockquote>\n<p>Positive Impulse k\u00f6nnten eventuell aus den USA kommen, glaubt das IW. Die Wirtschaftspolitik der USA sorge im Land f\u00fcr Wachstum. Allerdings verschweigt das IW, dass dieses Wachstum vor allem der Subventionspolitik der USA geschuldet ist, die zulasten der EU geht. Klar ist jedoch, dass sich die USA weiter von der wirtschaftlichen Entwicklung der EU entkoppeln werden.\u00a0<\/p>\n<p>Schwach bleibt in Deutschland die Inlandsnachfrage. Hohe Zinsen bei gleichzeitig hoher Inflation wirken sich d\u00e4mpfend aus. In den Kernbereichen Industrie und Bauwirtschaft ist keine Belebung zu erwarten. Das IW prognostiziert f\u00fcr dieses Jahr daher einen R\u00fcckgang des Wirtschaftswachstums um 0,5 Prozent.\u00a0<\/p>\n<p>Verbunden mit den negativen Aussichten ist, dass die Arbeitslosigkeit in Deutschland steigen wird. Eine Arbeitslosenrate von 5,5 Prozent erwartet das IW in diesem Jahr.\u00a0<\/p>\n<p>Die Investitionen w\u00fcrden zwar anziehen, prognostiziert das IW. Sie liegen aber dennoch immer noch unter dem Niveau von 2019, dem Jahr vor Corona. Auch vier Jahre nach Beginn der Coronakrise konnte das Vorkrisenniveau nicht wieder erreicht werden. F\u00fcr Deutschland deutet sich ein verlorenes Jahrzehnt an, zumal die deutsche Politik neben der Konfrontation mit Russland auch noch die Konfrontation mit China sucht.\u00a0<\/p>\n<p>Die Zahlen verdeutlichen insgesamt die wirtschaftlichen Probleme Deutschlands. Sie deuten auch darauf hin, dass es sich nicht um eine vor\u00fcbergehende wirtschaftliche Schw\u00e4chephase, sondern um ein strukturelles Problem handelt. Deutschland steigt ab.\u00a0<\/p>\n<p><strong>Mehr zum Thema\u00a0<\/strong>\u2013 <a rel=\"nofollow noopener\" target=\"_blank\" href=\"https:\/\/rtde.site\/meinung\/179128-deutschland-steigt-ab-russische-fernsehen\/\">Deutschland steigt ab: Das russische Fernsehen \u00fcber die &#8220;bisher noch gr\u00f6\u00dfte Volkswirtschaft Europas&#8221;<\/a><\/p>\n<\/p>\n<\/div>\n<p><br \/>\n<br \/><a href=\"https:\/\/de.rt.com\/inland\/179172-konjunkturprognose-deutschland-steigt-ab\/\">Source link <\/a><\/p>\n","protected":false},"excerpt":{"rendered":"<p>Der aktuelle Konjunkturbericht des Instituts der deutschen Wirtschaft (IW) hat es in sich. F\u00fcr Deutschland weisen alle Indikatoren nach unten. Klar ist dabei, es handelt sich nicht um eine vor\u00fcbergehende wirtschaftliche Schw\u00e4chephase, sondern um ein strukturelles, dauerhaftes Problem. Das geo\u00f6konomische Umfeld bleibe weiterhin schwierig, schreibt das IW. Der Krieg in der Ukraine belaste ebenso wie [&hellip;]<\/p>\n","protected":false},"author":3,"featured_media":45301,"comment_status":"open","ping_status":"open","sticky":false,"template":"","format":"standard","meta":{"_yoast_indexnow_last_ping":["1693304820"],"wp_automatic_camp":["217"],"e4204d4eb6b3c5cd06838de00bf60158":["Konjunkturprognose: Deutschland steigt ab"],"original_link":["https:\/\/de.rt.com\/inland\/179172-konjunkturprognose-deutschland-steigt-ab\/"],"_thumbnail_id":["45301"],"jnews_social_counter_last_update":["1777328156"],"_wptgpro_p2tg_sent2tg":["a:1:{i:23737;s:19:\"2023-08-29 12:28:02\";}"]},"categories":[19,23],"tags":[179,48249,13726],"yoast_head":"<!-- This site is optimized with the Yoast SEO Premium plugin v22.7 (Yoast SEO v22.7) - https:\/\/yoast.com\/wordpress\/plugins\/seo\/ -->\n<title>Konjunkturprognose: Deutschland steigt ab - just-now.NEWS Deutschland<\/title>\n<meta name=\"robots\" content=\"index, follow, max-snippet:-1, max-image-preview:large, max-video-preview:-1\" \/>\n<link rel=\"canonical\" href=\"https:\/\/now-news.de\/de\/deutschland\/konjunkturprognose-deutschland-steigt-ab\/\" \/>\n<meta property=\"og:locale\" content=\"de_DE\" \/>\n<meta property=\"og:type\" content=\"article\" \/>\n<meta property=\"og:title\" content=\"Konjunkturprognose: Deutschland steigt ab\" \/>\n<meta property=\"og:description\" content=\"Der aktuelle Konjunkturbericht des Instituts der deutschen Wirtschaft (IW) hat es in sich. F\u00fcr Deutschland weisen alle Indikatoren nach unten. Klar ist dabei, es handelt sich nicht um eine vor\u00fcbergehende wirtschaftliche Schw\u00e4chephase, sondern um ein strukturelles, dauerhaftes Problem. Das geo\u00f6konomische Umfeld bleibe weiterhin schwierig, schreibt das IW. Der Krieg in der Ukraine belaste ebenso wie [&hellip;]\" \/>\n<meta property=\"og:url\" content=\"https:\/\/now-news.de\/de\/deutschland\/konjunkturprognose-deutschland-steigt-ab\/\" \/>\n<meta property=\"og:site_name\" content=\"just-now.NEWS Deutschland\" \/>\n<meta property=\"article:publisher\" content=\"https:\/\/www.facebook.com\/wirmachenauf\" \/>\n<meta property=\"article:published_time\" content=\"2023-08-29T10:18:41+00:00\" \/>\n<meta property=\"og:image\" content=\"https:\/\/now-news.de\/de\/wp-content\/uploads\/sites\/3\/2023\/08\/Konjunkturprognose-Deutschland-steigt-ab.jpg\" \/>\n\t<meta property=\"og:image:width\" content=\"460\" \/>\n\t<meta property=\"og:image:height\" content=\"259\" \/>\n\t<meta property=\"og:image:type\" content=\"image\/jpeg\" \/>\n<meta name=\"author\" content=\"rtnews\" \/>\n<meta name=\"twitter:card\" content=\"summary_large_image\" \/>\n<meta name=\"twitter:creator\" content=\"@WirMachenAuf_de\" \/>\n<meta name=\"twitter:site\" content=\"@WirMachenAuf_de\" \/>\n<meta name=\"twitter:label1\" content=\"Verfasst von\" \/>\n\t<meta name=\"twitter:data1\" content=\"rtnews\" \/>\n\t<meta name=\"twitter:label2\" content=\"Gesch\u00e4tzte Lesezeit\" \/>\n\t<meta name=\"twitter:data2\" content=\"3\u00a0Minuten\" \/>\n<script type=\"application\/ld+json\" class=\"yoast-schema-graph\">{\"@context\":\"https:\/\/schema.org\",\"@graph\":[{\"@type\":\"Article\",\"@id\":\"https:\/\/now-news.de\/de\/deutschland\/konjunkturprognose-deutschland-steigt-ab\/#article\",\"isPartOf\":{\"@id\":\"https:\/\/now-news.de\/de\/deutschland\/konjunkturprognose-deutschland-steigt-ab\/\"},\"author\":{\"name\":\"rtnews\",\"@id\":\"https:\/\/now-news.de\/de\/#\/schema\/person\/fb534a4e865501d8b3285208df34a9b5\"},\"headline\":\"Konjunkturprognose: Deutschland steigt ab\",\"datePublished\":\"2023-08-29T10:18:41+00:00\",\"dateModified\":\"2023-08-29T10:18:41+00:00\",\"mainEntityOfPage\":{\"@id\":\"https:\/\/now-news.de\/de\/deutschland\/konjunkturprognose-deutschland-steigt-ab\/\"},\"wordCount\":632,\"commentCount\":0,\"publisher\":{\"@id\":\"https:\/\/now-news.de\/de\/#organization\"},\"image\":{\"@id\":\"https:\/\/now-news.de\/de\/deutschland\/konjunkturprognose-deutschland-steigt-ab\/#primaryimage\"},\"thumbnailUrl\":\"https:\/\/now-news.de\/de\/wp-content\/uploads\/sites\/3\/2023\/08\/Konjunkturprognose-Deutschland-steigt-ab.jpg\",\"keywords\":[\"Deutschland\",\"Konjunkturprognose\",\"steigt\"],\"articleSection\":[\"Deutschland\",\"Russland\"],\"inLanguage\":\"de\",\"potentialAction\":[{\"@type\":\"CommentAction\",\"name\":\"Comment\",\"target\":[\"https:\/\/now-news.de\/de\/deutschland\/konjunkturprognose-deutschland-steigt-ab\/#respond\"]}]},{\"@type\":\"WebPage\",\"@id\":\"https:\/\/now-news.de\/de\/deutschland\/konjunkturprognose-deutschland-steigt-ab\/\",\"url\":\"https:\/\/now-news.de\/de\/deutschland\/konjunkturprognose-deutschland-steigt-ab\/\",\"name\":\"Konjunkturprognose: Deutschland steigt ab - just-now.NEWS Deutschland\",\"isPartOf\":{\"@id\":\"https:\/\/now-news.de\/de\/#website\"},\"primaryImageOfPage\":{\"@id\":\"https:\/\/now-news.de\/de\/deutschland\/konjunkturprognose-deutschland-steigt-ab\/#primaryimage\"},\"image\":{\"@id\":\"https:\/\/now-news.de\/de\/deutschland\/konjunkturprognose-deutschland-steigt-ab\/#primaryimage\"},\"thumbnailUrl\":\"https:\/\/now-news.de\/de\/wp-content\/uploads\/sites\/3\/2023\/08\/Konjunkturprognose-Deutschland-steigt-ab.jpg\",\"datePublished\":\"2023-08-29T10:18:41+00:00\",\"dateModified\":\"2023-08-29T10:18:41+00:00\",\"breadcrumb\":{\"@id\":\"https:\/\/now-news.de\/de\/deutschland\/konjunkturprognose-deutschland-steigt-ab\/#breadcrumb\"},\"inLanguage\":\"de\",\"potentialAction\":[{\"@type\":\"ReadAction\",\"target\":[\"https:\/\/now-news.de\/de\/deutschland\/konjunkturprognose-deutschland-steigt-ab\/\"]}]},{\"@type\":\"ImageObject\",\"inLanguage\":\"de\",\"@id\":\"https:\/\/now-news.de\/de\/deutschland\/konjunkturprognose-deutschland-steigt-ab\/#primaryimage\",\"url\":\"https:\/\/now-news.de\/de\/wp-content\/uploads\/sites\/3\/2023\/08\/Konjunkturprognose-Deutschland-steigt-ab.jpg\",\"contentUrl\":\"https:\/\/now-news.de\/de\/wp-content\/uploads\/sites\/3\/2023\/08\/Konjunkturprognose-Deutschland-steigt-ab.jpg\",\"width\":460,\"height\":259,\"caption\":\"Konjunkturprognose: Deutschland steigt ab\"},{\"@type\":\"BreadcrumbList\",\"@id\":\"https:\/\/now-news.de\/de\/deutschland\/konjunkturprognose-deutschland-steigt-ab\/#breadcrumb\",\"itemListElement\":[{\"@type\":\"ListItem\",\"position\":1,\"name\":\"Home\",\"item\":\"https:\/\/now-news.de\/de\/\"},{\"@type\":\"ListItem\",\"position\":2,\"name\":\"Konjunkturprognose: Deutschland steigt ab\"}]},{\"@type\":\"WebSite\",\"@id\":\"https:\/\/now-news.de\/de\/#website\",\"url\":\"https:\/\/now-news.de\/de\/\",\"name\":\"just-now.NEWS Deutschland\",\"description\":\"Das Portal f\u00fcr unzensierte Nachrichten aus der Welt\",\"publisher\":{\"@id\":\"https:\/\/now-news.de\/de\/#organization\"},\"potentialAction\":[{\"@type\":\"SearchAction\",\"target\":{\"@type\":\"EntryPoint\",\"urlTemplate\":\"https:\/\/now-news.de\/de\/?s={search_term_string}\"},\"query-input\":\"required name=search_term_string\"}],\"inLanguage\":\"de\"},{\"@type\":\"Organization\",\"@id\":\"https:\/\/now-news.de\/de\/#organization\",\"name\":\"Just Now News\",\"url\":\"https:\/\/now-news.de\/de\/\",\"logo\":{\"@type\":\"ImageObject\",\"inLanguage\":\"de\",\"@id\":\"https:\/\/now-news.de\/de\/#\/schema\/logo\/image\/\",\"url\":\"http:\/\/just-now.news\/de\/wp-content\/uploads\/sites\/3\/2022\/04\/logo500x500.jpg\",\"contentUrl\":\"http:\/\/just-now.news\/de\/wp-content\/uploads\/sites\/3\/2022\/04\/logo500x500.jpg\",\"width\":500,\"height\":500,\"caption\":\"Just Now News\"},\"image\":{\"@id\":\"https:\/\/now-news.de\/de\/#\/schema\/logo\/image\/\"},\"sameAs\":[\"https:\/\/www.facebook.com\/wirmachenauf\",\"https:\/\/x.com\/WirMachenAuf_de\"]},{\"@type\":\"Person\",\"@id\":\"https:\/\/now-news.de\/de\/#\/schema\/person\/fb534a4e865501d8b3285208df34a9b5\",\"name\":\"rtnews\",\"image\":{\"@type\":\"ImageObject\",\"inLanguage\":\"de\",\"@id\":\"https:\/\/now-news.de\/de\/#\/schema\/person\/image\/\",\"url\":\"https:\/\/secure.gravatar.com\/avatar\/82aafea7d8127119dd649515f56e2117?s=96&d=mm&r=g\",\"contentUrl\":\"https:\/\/secure.gravatar.com\/avatar\/82aafea7d8127119dd649515f56e2117?s=96&d=mm&r=g\",\"caption\":\"rtnews\"},\"url\":\"https:\/\/now-news.de\/de\/author\/rnews\/\"}]}<\/script>\n<!-- \/ Yoast SEO Premium plugin. -->","yoast_head_json":{"title":"Konjunkturprognose: Deutschland steigt ab - just-now.NEWS Deutschland","robots":{"index":"index","follow":"follow","max-snippet":"max-snippet:-1","max-image-preview":"max-image-preview:large","max-video-preview":"max-video-preview:-1"},"canonical":"https:\/\/now-news.de\/de\/deutschland\/konjunkturprognose-deutschland-steigt-ab\/","og_locale":"de_DE","og_type":"article","og_title":"Konjunkturprognose: Deutschland steigt ab","og_description":"Der aktuelle Konjunkturbericht des Instituts der deutschen Wirtschaft (IW) hat es in sich. F\u00fcr Deutschland weisen alle Indikatoren nach unten. Klar ist dabei, es handelt sich nicht um eine vor\u00fcbergehende wirtschaftliche Schw\u00e4chephase, sondern um ein strukturelles, dauerhaftes Problem. Das geo\u00f6konomische Umfeld bleibe weiterhin schwierig, schreibt das IW. Der Krieg in der Ukraine belaste ebenso wie [&hellip;]","og_url":"https:\/\/now-news.de\/de\/deutschland\/konjunkturprognose-deutschland-steigt-ab\/","og_site_name":"just-now.NEWS Deutschland","article_publisher":"https:\/\/www.facebook.com\/wirmachenauf","article_published_time":"2023-08-29T10:18:41+00:00","og_image":[{"width":460,"height":259,"url":"https:\/\/now-news.de\/de\/wp-content\/uploads\/sites\/3\/2023\/08\/Konjunkturprognose-Deutschland-steigt-ab.jpg","type":"image\/jpeg"}],"author":"rtnews","twitter_card":"summary_large_image","twitter_creator":"@WirMachenAuf_de","twitter_site":"@WirMachenAuf_de","twitter_misc":{"Verfasst von":"rtnews","Gesch\u00e4tzte Lesezeit":"3\u00a0Minuten"},"schema":{"@context":"https:\/\/schema.org","@graph":[{"@type":"Article","@id":"https:\/\/now-news.de\/de\/deutschland\/konjunkturprognose-deutschland-steigt-ab\/#article","isPartOf":{"@id":"https:\/\/now-news.de\/de\/deutschland\/konjunkturprognose-deutschland-steigt-ab\/"},"author":{"name":"rtnews","@id":"https:\/\/now-news.de\/de\/#\/schema\/person\/fb534a4e865501d8b3285208df34a9b5"},"headline":"Konjunkturprognose: Deutschland steigt ab","datePublished":"2023-08-29T10:18:41+00:00","dateModified":"2023-08-29T10:18:41+00:00","mainEntityOfPage":{"@id":"https:\/\/now-news.de\/de\/deutschland\/konjunkturprognose-deutschland-steigt-ab\/"},"wordCount":632,"commentCount":0,"publisher":{"@id":"https:\/\/now-news.de\/de\/#organization"},"image":{"@id":"https:\/\/now-news.de\/de\/deutschland\/konjunkturprognose-deutschland-steigt-ab\/#primaryimage"},"thumbnailUrl":"https:\/\/now-news.de\/de\/wp-content\/uploads\/sites\/3\/2023\/08\/Konjunkturprognose-Deutschland-steigt-ab.jpg","keywords":["Deutschland","Konjunkturprognose","steigt"],"articleSection":["Deutschland","Russland"],"inLanguage":"de","potentialAction":[{"@type":"CommentAction","name":"Comment","target":["https:\/\/now-news.de\/de\/deutschland\/konjunkturprognose-deutschland-steigt-ab\/#respond"]}]},{"@type":"WebPage","@id":"https:\/\/now-news.de\/de\/deutschland\/konjunkturprognose-deutschland-steigt-ab\/","url":"https:\/\/now-news.de\/de\/deutschland\/konjunkturprognose-deutschland-steigt-ab\/","name":"Konjunkturprognose: Deutschland steigt ab - just-now.NEWS Deutschland","isPartOf":{"@id":"https:\/\/now-news.de\/de\/#website"},"primaryImageOfPage":{"@id":"https:\/\/now-news.de\/de\/deutschland\/konjunkturprognose-deutschland-steigt-ab\/#primaryimage"},"image":{"@id":"https:\/\/now-news.de\/de\/deutschland\/konjunkturprognose-deutschland-steigt-ab\/#primaryimage"},"thumbnailUrl":"https:\/\/now-news.de\/de\/wp-content\/uploads\/sites\/3\/2023\/08\/Konjunkturprognose-Deutschland-steigt-ab.jpg","datePublished":"2023-08-29T10:18:41+00:00","dateModified":"2023-08-29T10:18:41+00:00","breadcrumb":{"@id":"https:\/\/now-news.de\/de\/deutschland\/konjunkturprognose-deutschland-steigt-ab\/#breadcrumb"},"inLanguage":"de","potentialAction":[{"@type":"ReadAction","target":["https:\/\/now-news.de\/de\/deutschland\/konjunkturprognose-deutschland-steigt-ab\/"]}]},{"@type":"ImageObject","inLanguage":"de","@id":"https:\/\/now-news.de\/de\/deutschland\/konjunkturprognose-deutschland-steigt-ab\/#primaryimage","url":"https:\/\/now-news.de\/de\/wp-content\/uploads\/sites\/3\/2023\/08\/Konjunkturprognose-Deutschland-steigt-ab.jpg","contentUrl":"https:\/\/now-news.de\/de\/wp-content\/uploads\/sites\/3\/2023\/08\/Konjunkturprognose-Deutschland-steigt-ab.jpg","width":460,"height":259,"caption":"Konjunkturprognose: Deutschland steigt ab"},{"@type":"BreadcrumbList","@id":"https:\/\/now-news.de\/de\/deutschland\/konjunkturprognose-deutschland-steigt-ab\/#breadcrumb","itemListElement":[{"@type":"ListItem","position":1,"name":"Home","item":"https:\/\/now-news.de\/de\/"},{"@type":"ListItem","position":2,"name":"Konjunkturprognose: Deutschland steigt ab"}]},{"@type":"WebSite","@id":"https:\/\/now-news.de\/de\/#website","url":"https:\/\/now-news.de\/de\/","name":"just-now.NEWS Deutschland","description":"Das Portal f\u00fcr unzensierte Nachrichten aus der Welt","publisher":{"@id":"https:\/\/now-news.de\/de\/#organization"},"potentialAction":[{"@type":"SearchAction","target":{"@type":"EntryPoint","urlTemplate":"https:\/\/now-news.de\/de\/?s={search_term_string}"},"query-input":"required name=search_term_string"}],"inLanguage":"de"},{"@type":"Organization","@id":"https:\/\/now-news.de\/de\/#organization","name":"Just Now News","url":"https:\/\/now-news.de\/de\/","logo":{"@type":"ImageObject","inLanguage":"de","@id":"https:\/\/now-news.de\/de\/#\/schema\/logo\/image\/","url":"http:\/\/just-now.news\/de\/wp-content\/uploads\/sites\/3\/2022\/04\/logo500x500.jpg","contentUrl":"http:\/\/just-now.news\/de\/wp-content\/uploads\/sites\/3\/2022\/04\/logo500x500.jpg","width":500,"height":500,"caption":"Just Now News"},"image":{"@id":"https:\/\/now-news.de\/de\/#\/schema\/logo\/image\/"},"sameAs":["https:\/\/www.facebook.com\/wirmachenauf","https:\/\/x.com\/WirMachenAuf_de"]},{"@type":"Person","@id":"https:\/\/now-news.de\/de\/#\/schema\/person\/fb534a4e865501d8b3285208df34a9b5","name":"rtnews","image":{"@type":"ImageObject","inLanguage":"de","@id":"https:\/\/now-news.de\/de\/#\/schema\/person\/image\/","url":"https:\/\/secure.gravatar.com\/avatar\/82aafea7d8127119dd649515f56e2117?s=96&d=mm&r=g","contentUrl":"https:\/\/secure.gravatar.com\/avatar\/82aafea7d8127119dd649515f56e2117?s=96&d=mm&r=g","caption":"rtnews"},"url":"https:\/\/now-news.de\/de\/author\/rnews\/"}]}},"_links":{"self":[{"href":"https:\/\/now-news.de\/de\/wp-json\/wp\/v2\/posts\/45300"}],"collection":[{"href":"https:\/\/now-news.de\/de\/wp-json\/wp\/v2\/posts"}],"about":[{"href":"https:\/\/now-news.de\/de\/wp-json\/wp\/v2\/types\/post"}],"author":[{"embeddable":true,"href":"https:\/\/now-news.de\/de\/wp-json\/wp\/v2\/users\/3"}],"replies":[{"embeddable":true,"href":"https:\/\/now-news.de\/de\/wp-json\/wp\/v2\/comments?post=45300"}],"version-history":[{"count":0,"href":"https:\/\/now-news.de\/de\/wp-json\/wp\/v2\/posts\/45300\/revisions"}],"wp:featuredmedia":[{"embeddable":true,"href":"https:\/\/now-news.de\/de\/wp-json\/wp\/v2\/media\/45301"}],"wp:attachment":[{"href":"https:\/\/now-news.de\/de\/wp-json\/wp\/v2\/media?parent=45300"}],"wp:term":[{"taxonomy":"category","embeddable":true,"href":"https:\/\/now-news.de\/de\/wp-json\/wp\/v2\/categories?post=45300"},{"taxonomy":"post_tag","embeddable":true,"href":"https:\/\/now-news.de\/de\/wp-json\/wp\/v2\/tags?post=45300"}],"curies":[{"name":"wp","href":"https:\/\/api.w.org\/{rel}","templated":true}]}}