{"id":45294,"date":"2023-08-29T11:09:35","date_gmt":"2023-08-29T09:09:35","guid":{"rendered":"https:\/\/just-now.news\/de\/deutschland\/mehr-migranten-als-2015-italienische-aufnahmelager-in-not\/"},"modified":"2023-08-29T11:09:35","modified_gmt":"2023-08-29T09:09:35","slug":"mehr-migranten-als-2015-italienische-aufnahmelager-in-not","status":"publish","type":"post","link":"https:\/\/now-news.de\/de\/deutschland\/mehr-migranten-als-2015-italienische-aufnahmelager-in-not\/","title":{"rendered":"Mehr Migranten als 2015: Italienische Aufnahmelager in Not"},"content":{"rendered":"<p><img decoding=\"async\" src=\"http:\/\/just-now.news\/de\/wp-content\/uploads\/sites\/3\/2023\/08\/64edb09a48fbef5d1d27df67.jpg\" \/><\/p>\n<div class=\"Text-root Text-type_1 \">\n                Die Fl\u00fcchtlingssituation in Italien spitzt sich weiter zu. Im Juli kamen 23.638 Personen in Italien an. Das sind mehr als im Vergleich zum Juli 2015 und 2016. In dem Erstaufnahmelager auf der Insel Lampedusa ist die offizielle Aufnahmekapazit\u00e4t mittlerweile um das Zehnfache \u00fcberschritten.\n            <\/div>\n<p><\/p>\n<div class=\"Text-root Text-type_5 ArticleView-text ViewText-root \">\n<p>Nach Italien kommen derzeit so viele Migranten, wie seit Jahren nicht mehr. Die Anzahl der Ank\u00fcnfte ist mittlerweile so hoch wie vor der Coronakrise und teils sogar h\u00f6her als am H\u00f6hepunkt der Fl\u00fcchtlingskrise in den Jahren 2015 und 2016.<\/p>\n<p>Allein im Juli 2023 kamen 23.638 Personen in Italien an, wie das Innenministerium in Rom auf seiner Homepage mitteilt. Im Juli 2015 waren es 22.846 Ank\u00fcnfte, 2016 dann 23.552. Beinahe alle Personen nutzen die zentrale Mittelmeer-Route.<\/p>\n<p>Auch im Vergleich der ersten sieben Monate ist nur wenig Unterschied zwischen den Jahren. Bis inklusive Juli kamen 88.940 Menschen in Italien an, 2015 waren es im selben Zeitraum 93.540 und 2016 dann 93.774. Fachleute erwarten, dass 2023 die Schwelle von 200.000 Ank\u00fcnften bis Jahresende \u00fcbertroffen wird.<\/p>\n<p>Angesichts der hohen Zahl an Ank\u00fcnften sind die Lager in Italien \u00fcberlastet. Auf der italienischen Insel Lampedusa sind in dem Erstaufnahmelager der Insel am vergangenen Sonntag 4.267 Menschen gez\u00e4hlt worden, wie die Nachrichtenagentur\u00a0<em>ANSA<\/em>\u00a0berichtete.<\/p>\n<p>Das ist das Zehnfache der offiziellen Aufnahmekapazit\u00e4t von 400 Personen. Zurzeit wagen besonders viele gefl\u00fcchtete Menschen die hochgef\u00e4hrliche \u00dcberfahrt von Nordafrika \u00fcber das zentrale Mittelmeer.<\/p>\n<p>Unter den mehr als 4.000 Menschen befanden sich\u00a0<em>ANSA<\/em>\u00a0zufolge fast 250 unbegleitete Minderj\u00e4hrige. Am Freitag erreichten laut\u00a0<em>ANSA<\/em>\u00a0knapp 1.920 Menschen in insgesamt 65 Booten die Insel. Am Samstag seien weitere 2.172 Menschen in 55 Booten gekommen. Die meisten wurden von Schiffen der K\u00fcstenwache, Finanzpolizei und Carabinieri im Meer aufgelesen und an Land gebracht. Einige erreichten selbstst\u00e4ndig die Insel.<\/p>\n<p>Um das von Polizei und Milit\u00e4r bewachte Camp im Inneren der Insel zu entlasten, versuchen die Beh\u00f6rden, so viele Menschen wie m\u00f6glich mit F\u00e4hren und Polizeischiffen auf das Festland zu bringen. Dort sollen sie auf andere Lager verteilt werden. F\u00fcr Sonntag sind bereits einige Verlegungen geplant. Das Camp war in der Vergangenheit schon mehrfach \u00fcberf\u00fcllt.<\/p>\n<p>Lampedusa liegt zwischen Sizilien und Nordafrika, von der tunesischen K\u00fcstenstadt Sfax ist die Insel knapp 190 Kilometer entfernt.<\/p>\n<p><strong>Mehr zum Thema<\/strong> \u2013 <a rel=\"nofollow noopener\" target=\"_blank\" href=\"https:\/\/freeassange.rtde.life\/international\/178104-migrantenboot-aus-senegal-in-seenot\/\">Migrantenboot aus Senegal in Seenot: Mehrere Tote und Dutzende Vermisste<\/a><\/p>\n<div class=\"EmbedBlock-root EmbedBlock-externalVideo EmbedBlock-vk\">\n<div class=\"VkEmbed\"><iframe class=\"lazyload\" data-src=\"https:\/\/vk.com\/video_ext.php?oid=-134310637&amp;id=456269203&amp;hash=0ff358c5a88527fc\" frameborder=\"0\" width=\"853\" height=\"480\" allowfullscreen><\/iframe><\/div>\n<\/div>\n<\/div>\n<p><br \/>\n<br \/><a href=\"https:\/\/de.rt.com\/europa\/179170-mehr-migranten-als-2015-italienische-aufnahmelager-in-not\/\">Source link <\/a><\/p>\n","protected":false},"excerpt":{"rendered":"<p>Die Fl\u00fcchtlingssituation in Italien spitzt sich weiter zu. Im Juli kamen 23.638 Personen in Italien an. Das sind mehr als im Vergleich zum Juli 2015 und 2016. In dem Erstaufnahmelager auf der Insel Lampedusa ist die offizielle Aufnahmekapazit\u00e4t mittlerweile um das Zehnfache \u00fcberschritten. Nach Italien kommen derzeit so viele Migranten, wie seit Jahren nicht mehr. [&hellip;]<\/p>\n","protected":false},"author":3,"featured_media":45295,"comment_status":"open","ping_status":"open","sticky":false,"template":"","format":"standard","meta":{"_yoast_indexnow_last_ping":["1693300855"],"wp_automatic_camp":["217"],"980cc87269e2feef77a5aa7a422cb9a3":["Mehr Migranten als 2015: Italienische Aufnahmelager in Not"],"original_link":["https:\/\/de.rt.com\/europa\/179170-mehr-migranten-als-2015-italienische-aufnahmelager-in-not\/"],"_thumbnail_id":["45295"],"_wptgpro_p2tg_sent2tg":["a:1:{i:23737;s:19:\"2023-08-29 11:22:23\";}"],"jnews_social_counter_last_update":["1777578678"]},"categories":[19,23],"tags":[273,48248,7224,2063,14789],"yoast_head":"<!-- This site is optimized with the Yoast SEO Premium plugin v22.7 (Yoast SEO v22.7) - https:\/\/yoast.com\/wordpress\/plugins\/seo\/ -->\n<title>Mehr Migranten als 2015: Italienische Aufnahmelager in Not - just-now.NEWS Deutschland<\/title>\n<meta name=\"robots\" content=\"index, follow, max-snippet:-1, max-image-preview:large, max-video-preview:-1\" \/>\n<link rel=\"canonical\" href=\"https:\/\/now-news.de\/de\/deutschland\/mehr-migranten-als-2015-italienische-aufnahmelager-in-not\/\" \/>\n<meta property=\"og:locale\" content=\"de_DE\" \/>\n<meta property=\"og:type\" content=\"article\" \/>\n<meta property=\"og:title\" content=\"Mehr Migranten als 2015: Italienische Aufnahmelager in Not\" \/>\n<meta property=\"og:description\" content=\"Die Fl\u00fcchtlingssituation in Italien spitzt sich weiter zu. Im Juli kamen 23.638 Personen in Italien an. Das sind mehr als im Vergleich zum Juli 2015 und 2016. In dem Erstaufnahmelager auf der Insel Lampedusa ist die offizielle Aufnahmekapazit\u00e4t mittlerweile um das Zehnfache \u00fcberschritten. Nach Italien kommen derzeit so viele Migranten, wie seit Jahren nicht mehr. [&hellip;]\" \/>\n<meta property=\"og:url\" content=\"https:\/\/now-news.de\/de\/deutschland\/mehr-migranten-als-2015-italienische-aufnahmelager-in-not\/\" \/>\n<meta property=\"og:site_name\" content=\"just-now.NEWS Deutschland\" \/>\n<meta property=\"article:publisher\" content=\"https:\/\/www.facebook.com\/wirmachenauf\" \/>\n<meta property=\"article:published_time\" content=\"2023-08-29T09:09:35+00:00\" \/>\n<meta property=\"og:image\" content=\"https:\/\/now-news.de\/de\/wp-content\/uploads\/sites\/3\/2023\/08\/Mehr-Migranten-als-2015-Italienische-Aufnahmelager-in-Not.jpg\" \/>\n\t<meta property=\"og:image:width\" content=\"460\" \/>\n\t<meta property=\"og:image:height\" content=\"259\" \/>\n\t<meta property=\"og:image:type\" content=\"image\/jpeg\" \/>\n<meta name=\"author\" content=\"rtnews\" \/>\n<meta name=\"twitter:card\" content=\"summary_large_image\" \/>\n<meta name=\"twitter:creator\" content=\"@WirMachenAuf_de\" \/>\n<meta name=\"twitter:site\" content=\"@WirMachenAuf_de\" \/>\n<meta name=\"twitter:label1\" content=\"Verfasst von\" \/>\n\t<meta name=\"twitter:data1\" content=\"rtnews\" \/>\n\t<meta name=\"twitter:label2\" content=\"Gesch\u00e4tzte Lesezeit\" \/>\n\t<meta name=\"twitter:data2\" content=\"2\u00a0Minuten\" \/>\n<script type=\"application\/ld+json\" class=\"yoast-schema-graph\">{\"@context\":\"https:\/\/schema.org\",\"@graph\":[{\"@type\":\"Article\",\"@id\":\"https:\/\/now-news.de\/de\/deutschland\/mehr-migranten-als-2015-italienische-aufnahmelager-in-not\/#article\",\"isPartOf\":{\"@id\":\"https:\/\/now-news.de\/de\/deutschland\/mehr-migranten-als-2015-italienische-aufnahmelager-in-not\/\"},\"author\":{\"name\":\"rtnews\",\"@id\":\"https:\/\/now-news.de\/de\/#\/schema\/person\/fb534a4e865501d8b3285208df34a9b5\"},\"headline\":\"Mehr Migranten als 2015: Italienische Aufnahmelager in Not\",\"datePublished\":\"2023-08-29T09:09:35+00:00\",\"dateModified\":\"2023-08-29T09:09:35+00:00\",\"mainEntityOfPage\":{\"@id\":\"https:\/\/now-news.de\/de\/deutschland\/mehr-migranten-als-2015-italienische-aufnahmelager-in-not\/\"},\"wordCount\":377,\"commentCount\":0,\"publisher\":{\"@id\":\"https:\/\/now-news.de\/de\/#organization\"},\"image\":{\"@id\":\"https:\/\/now-news.de\/de\/deutschland\/mehr-migranten-als-2015-italienische-aufnahmelager-in-not\/#primaryimage\"},\"thumbnailUrl\":\"https:\/\/now-news.de\/de\/wp-content\/uploads\/sites\/3\/2023\/08\/Mehr-Migranten-als-2015-Italienische-Aufnahmelager-in-Not.jpg\",\"keywords\":[\"als\",\"Aufnahmelager\",\"italienische\",\"mehr\",\"Migranten\"],\"articleSection\":[\"Deutschland\",\"Russland\"],\"inLanguage\":\"de\",\"potentialAction\":[{\"@type\":\"CommentAction\",\"name\":\"Comment\",\"target\":[\"https:\/\/now-news.de\/de\/deutschland\/mehr-migranten-als-2015-italienische-aufnahmelager-in-not\/#respond\"]}]},{\"@type\":\"WebPage\",\"@id\":\"https:\/\/now-news.de\/de\/deutschland\/mehr-migranten-als-2015-italienische-aufnahmelager-in-not\/\",\"url\":\"https:\/\/now-news.de\/de\/deutschland\/mehr-migranten-als-2015-italienische-aufnahmelager-in-not\/\",\"name\":\"Mehr Migranten als 2015: Italienische Aufnahmelager in Not - just-now.NEWS Deutschland\",\"isPartOf\":{\"@id\":\"https:\/\/now-news.de\/de\/#website\"},\"primaryImageOfPage\":{\"@id\":\"https:\/\/now-news.de\/de\/deutschland\/mehr-migranten-als-2015-italienische-aufnahmelager-in-not\/#primaryimage\"},\"image\":{\"@id\":\"https:\/\/now-news.de\/de\/deutschland\/mehr-migranten-als-2015-italienische-aufnahmelager-in-not\/#primaryimage\"},\"thumbnailUrl\":\"https:\/\/now-news.de\/de\/wp-content\/uploads\/sites\/3\/2023\/08\/Mehr-Migranten-als-2015-Italienische-Aufnahmelager-in-Not.jpg\",\"datePublished\":\"2023-08-29T09:09:35+00:00\",\"dateModified\":\"2023-08-29T09:09:35+00:00\",\"breadcrumb\":{\"@id\":\"https:\/\/now-news.de\/de\/deutschland\/mehr-migranten-als-2015-italienische-aufnahmelager-in-not\/#breadcrumb\"},\"inLanguage\":\"de\",\"potentialAction\":[{\"@type\":\"ReadAction\",\"target\":[\"https:\/\/now-news.de\/de\/deutschland\/mehr-migranten-als-2015-italienische-aufnahmelager-in-not\/\"]}]},{\"@type\":\"ImageObject\",\"inLanguage\":\"de\",\"@id\":\"https:\/\/now-news.de\/de\/deutschland\/mehr-migranten-als-2015-italienische-aufnahmelager-in-not\/#primaryimage\",\"url\":\"https:\/\/now-news.de\/de\/wp-content\/uploads\/sites\/3\/2023\/08\/Mehr-Migranten-als-2015-Italienische-Aufnahmelager-in-Not.jpg\",\"contentUrl\":\"https:\/\/now-news.de\/de\/wp-content\/uploads\/sites\/3\/2023\/08\/Mehr-Migranten-als-2015-Italienische-Aufnahmelager-in-Not.jpg\",\"width\":460,\"height\":259,\"caption\":\"Mehr Migranten als 2015: Italienische Aufnahmelager in Not\"},{\"@type\":\"BreadcrumbList\",\"@id\":\"https:\/\/now-news.de\/de\/deutschland\/mehr-migranten-als-2015-italienische-aufnahmelager-in-not\/#breadcrumb\",\"itemListElement\":[{\"@type\":\"ListItem\",\"position\":1,\"name\":\"Home\",\"item\":\"https:\/\/now-news.de\/de\/\"},{\"@type\":\"ListItem\",\"position\":2,\"name\":\"Mehr Migranten als 2015: Italienische Aufnahmelager in Not\"}]},{\"@type\":\"WebSite\",\"@id\":\"https:\/\/now-news.de\/de\/#website\",\"url\":\"https:\/\/now-news.de\/de\/\",\"name\":\"just-now.NEWS Deutschland\",\"description\":\"Das Portal f\u00fcr unzensierte Nachrichten aus der Welt\",\"publisher\":{\"@id\":\"https:\/\/now-news.de\/de\/#organization\"},\"potentialAction\":[{\"@type\":\"SearchAction\",\"target\":{\"@type\":\"EntryPoint\",\"urlTemplate\":\"https:\/\/now-news.de\/de\/?s={search_term_string}\"},\"query-input\":\"required name=search_term_string\"}],\"inLanguage\":\"de\"},{\"@type\":\"Organization\",\"@id\":\"https:\/\/now-news.de\/de\/#organization\",\"name\":\"Just Now News\",\"url\":\"https:\/\/now-news.de\/de\/\",\"logo\":{\"@type\":\"ImageObject\",\"inLanguage\":\"de\",\"@id\":\"https:\/\/now-news.de\/de\/#\/schema\/logo\/image\/\",\"url\":\"http:\/\/just-now.news\/de\/wp-content\/uploads\/sites\/3\/2022\/04\/logo500x500.jpg\",\"contentUrl\":\"http:\/\/just-now.news\/de\/wp-content\/uploads\/sites\/3\/2022\/04\/logo500x500.jpg\",\"width\":500,\"height\":500,\"caption\":\"Just Now News\"},\"image\":{\"@id\":\"https:\/\/now-news.de\/de\/#\/schema\/logo\/image\/\"},\"sameAs\":[\"https:\/\/www.facebook.com\/wirmachenauf\",\"https:\/\/x.com\/WirMachenAuf_de\"]},{\"@type\":\"Person\",\"@id\":\"https:\/\/now-news.de\/de\/#\/schema\/person\/fb534a4e865501d8b3285208df34a9b5\",\"name\":\"rtnews\",\"image\":{\"@type\":\"ImageObject\",\"inLanguage\":\"de\",\"@id\":\"https:\/\/now-news.de\/de\/#\/schema\/person\/image\/\",\"url\":\"https:\/\/secure.gravatar.com\/avatar\/82aafea7d8127119dd649515f56e2117?s=96&d=mm&r=g\",\"contentUrl\":\"https:\/\/secure.gravatar.com\/avatar\/82aafea7d8127119dd649515f56e2117?s=96&d=mm&r=g\",\"caption\":\"rtnews\"},\"url\":\"https:\/\/now-news.de\/de\/author\/rnews\/\"}]}<\/script>\n<!-- \/ Yoast SEO Premium plugin. -->","yoast_head_json":{"title":"Mehr Migranten als 2015: Italienische Aufnahmelager in Not - just-now.NEWS Deutschland","robots":{"index":"index","follow":"follow","max-snippet":"max-snippet:-1","max-image-preview":"max-image-preview:large","max-video-preview":"max-video-preview:-1"},"canonical":"https:\/\/now-news.de\/de\/deutschland\/mehr-migranten-als-2015-italienische-aufnahmelager-in-not\/","og_locale":"de_DE","og_type":"article","og_title":"Mehr Migranten als 2015: Italienische Aufnahmelager in Not","og_description":"Die Fl\u00fcchtlingssituation in Italien spitzt sich weiter zu. Im Juli kamen 23.638 Personen in Italien an. Das sind mehr als im Vergleich zum Juli 2015 und 2016. In dem Erstaufnahmelager auf der Insel Lampedusa ist die offizielle Aufnahmekapazit\u00e4t mittlerweile um das Zehnfache \u00fcberschritten. Nach Italien kommen derzeit so viele Migranten, wie seit Jahren nicht mehr. [&hellip;]","og_url":"https:\/\/now-news.de\/de\/deutschland\/mehr-migranten-als-2015-italienische-aufnahmelager-in-not\/","og_site_name":"just-now.NEWS Deutschland","article_publisher":"https:\/\/www.facebook.com\/wirmachenauf","article_published_time":"2023-08-29T09:09:35+00:00","og_image":[{"width":460,"height":259,"url":"https:\/\/now-news.de\/de\/wp-content\/uploads\/sites\/3\/2023\/08\/Mehr-Migranten-als-2015-Italienische-Aufnahmelager-in-Not.jpg","type":"image\/jpeg"}],"author":"rtnews","twitter_card":"summary_large_image","twitter_creator":"@WirMachenAuf_de","twitter_site":"@WirMachenAuf_de","twitter_misc":{"Verfasst von":"rtnews","Gesch\u00e4tzte Lesezeit":"2\u00a0Minuten"},"schema":{"@context":"https:\/\/schema.org","@graph":[{"@type":"Article","@id":"https:\/\/now-news.de\/de\/deutschland\/mehr-migranten-als-2015-italienische-aufnahmelager-in-not\/#article","isPartOf":{"@id":"https:\/\/now-news.de\/de\/deutschland\/mehr-migranten-als-2015-italienische-aufnahmelager-in-not\/"},"author":{"name":"rtnews","@id":"https:\/\/now-news.de\/de\/#\/schema\/person\/fb534a4e865501d8b3285208df34a9b5"},"headline":"Mehr Migranten als 2015: Italienische Aufnahmelager in Not","datePublished":"2023-08-29T09:09:35+00:00","dateModified":"2023-08-29T09:09:35+00:00","mainEntityOfPage":{"@id":"https:\/\/now-news.de\/de\/deutschland\/mehr-migranten-als-2015-italienische-aufnahmelager-in-not\/"},"wordCount":377,"commentCount":0,"publisher":{"@id":"https:\/\/now-news.de\/de\/#organization"},"image":{"@id":"https:\/\/now-news.de\/de\/deutschland\/mehr-migranten-als-2015-italienische-aufnahmelager-in-not\/#primaryimage"},"thumbnailUrl":"https:\/\/now-news.de\/de\/wp-content\/uploads\/sites\/3\/2023\/08\/Mehr-Migranten-als-2015-Italienische-Aufnahmelager-in-Not.jpg","keywords":["als","Aufnahmelager","italienische","mehr","Migranten"],"articleSection":["Deutschland","Russland"],"inLanguage":"de","potentialAction":[{"@type":"CommentAction","name":"Comment","target":["https:\/\/now-news.de\/de\/deutschland\/mehr-migranten-als-2015-italienische-aufnahmelager-in-not\/#respond"]}]},{"@type":"WebPage","@id":"https:\/\/now-news.de\/de\/deutschland\/mehr-migranten-als-2015-italienische-aufnahmelager-in-not\/","url":"https:\/\/now-news.de\/de\/deutschland\/mehr-migranten-als-2015-italienische-aufnahmelager-in-not\/","name":"Mehr Migranten als 2015: Italienische Aufnahmelager in Not - just-now.NEWS Deutschland","isPartOf":{"@id":"https:\/\/now-news.de\/de\/#website"},"primaryImageOfPage":{"@id":"https:\/\/now-news.de\/de\/deutschland\/mehr-migranten-als-2015-italienische-aufnahmelager-in-not\/#primaryimage"},"image":{"@id":"https:\/\/now-news.de\/de\/deutschland\/mehr-migranten-als-2015-italienische-aufnahmelager-in-not\/#primaryimage"},"thumbnailUrl":"https:\/\/now-news.de\/de\/wp-content\/uploads\/sites\/3\/2023\/08\/Mehr-Migranten-als-2015-Italienische-Aufnahmelager-in-Not.jpg","datePublished":"2023-08-29T09:09:35+00:00","dateModified":"2023-08-29T09:09:35+00:00","breadcrumb":{"@id":"https:\/\/now-news.de\/de\/deutschland\/mehr-migranten-als-2015-italienische-aufnahmelager-in-not\/#breadcrumb"},"inLanguage":"de","potentialAction":[{"@type":"ReadAction","target":["https:\/\/now-news.de\/de\/deutschland\/mehr-migranten-als-2015-italienische-aufnahmelager-in-not\/"]}]},{"@type":"ImageObject","inLanguage":"de","@id":"https:\/\/now-news.de\/de\/deutschland\/mehr-migranten-als-2015-italienische-aufnahmelager-in-not\/#primaryimage","url":"https:\/\/now-news.de\/de\/wp-content\/uploads\/sites\/3\/2023\/08\/Mehr-Migranten-als-2015-Italienische-Aufnahmelager-in-Not.jpg","contentUrl":"https:\/\/now-news.de\/de\/wp-content\/uploads\/sites\/3\/2023\/08\/Mehr-Migranten-als-2015-Italienische-Aufnahmelager-in-Not.jpg","width":460,"height":259,"caption":"Mehr Migranten als 2015: Italienische Aufnahmelager in Not"},{"@type":"BreadcrumbList","@id":"https:\/\/now-news.de\/de\/deutschland\/mehr-migranten-als-2015-italienische-aufnahmelager-in-not\/#breadcrumb","itemListElement":[{"@type":"ListItem","position":1,"name":"Home","item":"https:\/\/now-news.de\/de\/"},{"@type":"ListItem","position":2,"name":"Mehr Migranten als 2015: Italienische Aufnahmelager in Not"}]},{"@type":"WebSite","@id":"https:\/\/now-news.de\/de\/#website","url":"https:\/\/now-news.de\/de\/","name":"just-now.NEWS Deutschland","description":"Das Portal f\u00fcr unzensierte Nachrichten aus der Welt","publisher":{"@id":"https:\/\/now-news.de\/de\/#organization"},"potentialAction":[{"@type":"SearchAction","target":{"@type":"EntryPoint","urlTemplate":"https:\/\/now-news.de\/de\/?s={search_term_string}"},"query-input":"required name=search_term_string"}],"inLanguage":"de"},{"@type":"Organization","@id":"https:\/\/now-news.de\/de\/#organization","name":"Just Now News","url":"https:\/\/now-news.de\/de\/","logo":{"@type":"ImageObject","inLanguage":"de","@id":"https:\/\/now-news.de\/de\/#\/schema\/logo\/image\/","url":"http:\/\/just-now.news\/de\/wp-content\/uploads\/sites\/3\/2022\/04\/logo500x500.jpg","contentUrl":"http:\/\/just-now.news\/de\/wp-content\/uploads\/sites\/3\/2022\/04\/logo500x500.jpg","width":500,"height":500,"caption":"Just Now News"},"image":{"@id":"https:\/\/now-news.de\/de\/#\/schema\/logo\/image\/"},"sameAs":["https:\/\/www.facebook.com\/wirmachenauf","https:\/\/x.com\/WirMachenAuf_de"]},{"@type":"Person","@id":"https:\/\/now-news.de\/de\/#\/schema\/person\/fb534a4e865501d8b3285208df34a9b5","name":"rtnews","image":{"@type":"ImageObject","inLanguage":"de","@id":"https:\/\/now-news.de\/de\/#\/schema\/person\/image\/","url":"https:\/\/secure.gravatar.com\/avatar\/82aafea7d8127119dd649515f56e2117?s=96&d=mm&r=g","contentUrl":"https:\/\/secure.gravatar.com\/avatar\/82aafea7d8127119dd649515f56e2117?s=96&d=mm&r=g","caption":"rtnews"},"url":"https:\/\/now-news.de\/de\/author\/rnews\/"}]}},"_links":{"self":[{"href":"https:\/\/now-news.de\/de\/wp-json\/wp\/v2\/posts\/45294"}],"collection":[{"href":"https:\/\/now-news.de\/de\/wp-json\/wp\/v2\/posts"}],"about":[{"href":"https:\/\/now-news.de\/de\/wp-json\/wp\/v2\/types\/post"}],"author":[{"embeddable":true,"href":"https:\/\/now-news.de\/de\/wp-json\/wp\/v2\/users\/3"}],"replies":[{"embeddable":true,"href":"https:\/\/now-news.de\/de\/wp-json\/wp\/v2\/comments?post=45294"}],"version-history":[{"count":0,"href":"https:\/\/now-news.de\/de\/wp-json\/wp\/v2\/posts\/45294\/revisions"}],"wp:featuredmedia":[{"embeddable":true,"href":"https:\/\/now-news.de\/de\/wp-json\/wp\/v2\/media\/45295"}],"wp:attachment":[{"href":"https:\/\/now-news.de\/de\/wp-json\/wp\/v2\/media?parent=45294"}],"wp:term":[{"taxonomy":"category","embeddable":true,"href":"https:\/\/now-news.de\/de\/wp-json\/wp\/v2\/categories?post=45294"},{"taxonomy":"post_tag","embeddable":true,"href":"https:\/\/now-news.de\/de\/wp-json\/wp\/v2\/tags?post=45294"}],"curies":[{"name":"wp","href":"https:\/\/api.w.org\/{rel}","templated":true}]}}