{"id":45270,"date":"2023-08-28T19:59:24","date_gmt":"2023-08-28T17:59:24","guid":{"rendered":"https:\/\/just-now.news\/de\/deutschland\/scholz-schockiert-putin-beschwert-sich-gar-nicht-ueber-die-sanktionen\/"},"modified":"2023-08-28T19:59:24","modified_gmt":"2023-08-28T17:59:24","slug":"scholz-schockiert-putin-beschwert-sich-gar-nicht-ueber-die-sanktionen","status":"publish","type":"post","link":"https:\/\/now-news.de\/de\/deutschland\/scholz-schockiert-putin-beschwert-sich-gar-nicht-ueber-die-sanktionen\/","title":{"rendered":"Scholz schockiert: &quot;Putin beschwert sich gar nicht \u00fcber die Sanktionen&quot;"},"content":{"rendered":"<p><img decoding=\"async\" src=\"http:\/\/just-now.news\/de\/wp-content\/uploads\/sites\/3\/2023\/08\/64ecb30a48fbef5c535243d4.jpg\" \/><\/p>\n<div class=\"Text-root Text-type_1 \">\n                Im M\u00e4rz 2022 tauschten sich Bundeskanzler Scholz und Frankreichs Pr\u00e4sident Macron \u00fcber ihre Gespr\u00e4che mit Russlands Oberhaupt Putin aus. Scholz d\u00e4mmerte bereits am neunten Tag der Operation, dass die Rechnung des Westens nicht aufgehen und der Krieg gegen Russland verloren sein k\u00f6nnte.\n            <\/div>\n<p><\/p>\n<div class=\"Text-root Text-type_5 ArticleView-text ViewText-root \">\n<p><em>Von Gert Ewen Ungar<\/em><\/p>\n<p>Die <em>BILD-Zeitung<\/em> ver\u00f6ffentlichte Teile aus einem Telefongespr\u00e4ch, das Bundeskanzler Scholz mit dem franz\u00f6sischen Pr\u00e4sidenten Macron gef\u00fchrt hat, nachdem beide zuvor mit Russlands Pr\u00e4sident Putin gesprochen hatten. Das Telefongespr\u00e4ch fand Anfang M\u00e4rz 2022 statt, am neunten Tag nach Beginn der milit\u00e4rischen Spezialoperation. Die Friedensverhandlungen zwischen der Ukraine und Russland in Wei\u00dfrussland begannen am 28.02.2022, also vier Tage nach Beginn des russischen Einsatzes. Putin war nach Aussagen des deutschen Bundeskanzlers zu Gespr\u00e4chen bereit.\u00a0<\/p>\n<blockquote>\n<p><em>&#8220;Er hat mir von all seinen Ideen erz\u00e4hlt, wie ein Kompromiss gefunden werden kann. Er sprach von Demilitarisierung, Denazifizierung&#8221;, <\/em><\/p>\n<\/blockquote>\n<p>zitierte die<em> BILD<\/em> Scholz. Wer sich erinnert, der Ausl\u00f6ser des Konflikts war die Absicht der Ukraine, der NATO beitreten zu wollen. Die NATO wiederum war dazu bereit, das hatte sie bereits auf dem NATO-Gipfel 2008 in Bukarest deutlich gemacht. Russland sah durch einen Beitritt der Ukraine zum Milit\u00e4rb\u00fcndnis seine Sicherheitsinteressen bedroht, der Konflikt eskalierte.<\/p>\n<p>Mit der R\u00fcckkehr der Ukraine zu ihrem neutralen Status, wie er bis 2014 in der ukrainischen Verfassung verankert war, w\u00e4re der Krieg vorbei, aber genau das wollen weder Scholz noch Macron noch die NATO oder die USA. An der Ursache f\u00fcr den Konflikt halten die westlichen L\u00e4nder fest, also bleibt der Konflikt bestehen.<\/p>\n<p>Im Gegenteil macht die Chronologie der Abl\u00e4ufe deutlich, dass viel f\u00fcr die These spricht, dass der Westen diesen Krieg mit Absicht herbeigef\u00fchrt hat. Jede von Russland gezogene rote Linie wurde \u00fcberschritten, Minsk 2 wurde sabotiert, R\u00fcstungskontrollvertr\u00e4ge durch die USA mit fadenscheinigen Begr\u00fcndungen einseitig gek\u00fcndigt, Bitten Russlands um Sicherheitsgarantien wurden ignoriert. All das legt nahe, dass man die Eskalation und den Krieg angestrebt hat. Doch mit welchem Zweck? Auch darauf gibt Scholz eine Antwort.\u00a0<\/p>\n<p>Man kann allerdings nach dem von Scholz Gesagten davon ausgehen, dass der Bundeskanzler wei\u00df, dass sein Gerede vom russischen Imperialismus absoluter Unsinn ist. Putin\u00a0wollte einen Kompromiss, gab Scholz zu, und der Westen eben nicht. Damit ist die Konstellation des Konflikts von Scholz brillant zusammengefasst. Der Kanzler erkl\u00e4rte, dass es nicht &#8220;besser werde&#8221;, und <em>BILD<\/em> ver\u00f6ffentlichte dazu:<\/p>\n<blockquote>\n<p><em>&#8220;Etwas bedr\u00fcckt mich mehr als die Gespr\u00e4che: Er (Putin) beschwert sich gar nicht \u00fcber all die Sanktionen. Ich wei\u00df nicht, ob er das im Gespr\u00e4ch mit Dir getan hat. Aber er hat die Sanktionen gar nicht angesprochen.&#8221;<\/em><\/p>\n<\/blockquote>\n<p>Auch ihm gegen\u00fcber habe Putin die Sanktionen nicht erw\u00e4hnt, stellt der franz\u00f6sische Pr\u00e4sident fest. Die Sanktionen, die &#8220;Russland ruinieren&#8221; sollen, w\u00fcrden nicht funktionieren.<\/p>\n<p>Was Scholz hier sagt, macht sehr deutlich, dass die Sanktionen das Ziel der Eskalation des Konflikts mit Russland waren. Was Scholz ausf\u00fchrte, st\u00fctzt die These, dass der Westen Russland in einen Krieg treiben wollte, um umfassende und vor allem l\u00e4ngst vorbereitete Sanktionen zu verh\u00e4ngen. Russland sollte wirtschaftlich vernichtet werden, das Land verelenden, um ihm als faktisch unterlegener Partei k\u00fcnftig alle Bedingungen diktieren zu k\u00f6nnen. Bereits am neunten Tag der milit\u00e4rischen Spezialoperation d\u00e4mmert dem Kanzler, dass dieser Plan gescheitert sein k\u00f6nnte.\u00a0<\/p>\n<p>Selbst der wenig talentierten deutschen Au\u00dfenministerin fiel inzwischen auf, dass aus &#8220;Russland ruinieren&#8221; erst einmal nichts wird, auch wenn die Begr\u00fcndung, warum die Sanktionen nicht griffen, nat\u00fcrlich genauso absurd ist, wie vieles, das die gering begabte deutsche Au\u00dfenministerin so \u00e4u\u00dfert. Die Sanktionen w\u00fcrden Baerbocks Meinung nach nicht funktionieren, weil Russland keine Demokratie sei. Na dann.<\/p>\n<p>Statt des Zusammenbruchs Russlands passiert aber etwas anderes: Au\u00dferhalb des Westens schlie\u00dfen sich die L\u00e4nder zusammen, um gegen westliche Bevormundung und Dominanz aufzustehen. Das, was der Westen mit Russland und zuvor mit unz\u00e4hligen anderen L\u00e4ndern gemacht hat, soll k\u00fcnftig verhindert werden. Statt Russland in die Knie zu zwingen, hat man mit der Eskalation des Ukraine-Konflikts den Grundstein f\u00fcr eine neue Weltordnung gelegt, in der der Westen keine dominierende Rolle mehr spielen wird. Eigentlich h\u00e4tte niemand besser wissen k\u00f6nnen, dass so etwas passieren kann, wenn man sich mit Russland anlegt, als ein deutscher Bundeskanzler.\u00a0\u00a0\u00a0<\/p>\n<p><strong>Mehr zum Thema<\/strong>\u00a0\u2013 <a rel=\"nofollow noopener\" target=\"_blank\" href=\"https:\/\/freedert.online\/europa\/179076-stellvertreterkrieg-nato-plant-ukrainische-gegenoffensive\/\">Stellvertreterkrieg: NATO befehligt ukrainische Gegenoffensive<\/a><\/p>\n<\/div>\n<p><br \/>\n<br \/><a href=\"https:\/\/de.rt.com\/meinung\/179124-scholz-schockiert-putin-beschwert-sich\/\">Source link <\/a><\/p>\n","protected":false},"excerpt":{"rendered":"<p>Im M\u00e4rz 2022 tauschten sich Bundeskanzler Scholz und Frankreichs Pr\u00e4sident Macron \u00fcber ihre Gespr\u00e4che mit Russlands Oberhaupt Putin aus. Scholz d\u00e4mmerte bereits am neunten Tag der Operation, dass die Rechnung des Westens nicht aufgehen und der Krieg gegen Russland verloren sein k\u00f6nnte. Von Gert Ewen Ungar Die BILD-Zeitung ver\u00f6ffentlichte Teile aus einem Telefongespr\u00e4ch, das Bundeskanzler [&hellip;]<\/p>\n","protected":false},"author":3,"featured_media":45271,"comment_status":"open","ping_status":"open","sticky":false,"template":"","format":"standard","meta":{"_yoast_indexnow_last_ping":["1693246314"],"wp_automatic_camp":["217"],"4cd7b0731206c5dc5edbbee48bdc3cdf":["Scholz schockiert: &quot;Putin beschwert sich gar nicht \u00fcber die Sanktionen&quot;"],"original_link":["https:\/\/de.rt.com\/meinung\/179124-scholz-schockiert-putin-beschwert-sich\/"],"_thumbnail_id":["45271"],"jnews_social_counter_last_update":["1777193052"],"_wptgpro_p2tg_sent2tg":["a:1:{i:23737;s:19:\"2023-08-28 20:12:55\";}"]},"categories":[19,23],"tags":[14183,45,22404,800,9480,1505,27297,1001,434,139],"yoast_head":"<!-- This site is optimized with the Yoast SEO Premium plugin v22.7 (Yoast SEO v22.7) - https:\/\/yoast.com\/wordpress\/plugins\/seo\/ -->\n<title>Scholz schockiert: &quot;Putin beschwert sich gar nicht \u00fcber die Sanktionen&quot; - just-now.NEWS Deutschland<\/title>\n<meta name=\"robots\" content=\"index, follow, max-snippet:-1, max-image-preview:large, max-video-preview:-1\" \/>\n<link rel=\"canonical\" href=\"https:\/\/now-news.de\/de\/deutschland\/scholz-schockiert-putin-beschwert-sich-gar-nicht-ueber-die-sanktionen\/\" \/>\n<meta property=\"og:locale\" content=\"de_DE\" \/>\n<meta property=\"og:type\" content=\"article\" \/>\n<meta property=\"og:title\" content=\"Scholz schockiert: &quot;Putin beschwert sich gar nicht \u00fcber die Sanktionen&quot;\" \/>\n<meta property=\"og:description\" content=\"Im M\u00e4rz 2022 tauschten sich Bundeskanzler Scholz und Frankreichs Pr\u00e4sident Macron \u00fcber ihre Gespr\u00e4che mit Russlands Oberhaupt Putin aus. Scholz d\u00e4mmerte bereits am neunten Tag der Operation, dass die Rechnung des Westens nicht aufgehen und der Krieg gegen Russland verloren sein k\u00f6nnte. Von Gert Ewen Ungar Die BILD-Zeitung ver\u00f6ffentlichte Teile aus einem Telefongespr\u00e4ch, das Bundeskanzler [&hellip;]\" \/>\n<meta property=\"og:url\" content=\"https:\/\/now-news.de\/de\/deutschland\/scholz-schockiert-putin-beschwert-sich-gar-nicht-ueber-die-sanktionen\/\" \/>\n<meta property=\"og:site_name\" content=\"just-now.NEWS Deutschland\" \/>\n<meta property=\"article:publisher\" content=\"https:\/\/www.facebook.com\/wirmachenauf\" \/>\n<meta property=\"article:published_time\" content=\"2023-08-28T17:59:24+00:00\" \/>\n<meta property=\"og:image\" content=\"https:\/\/now-news.de\/de\/wp-content\/uploads\/sites\/3\/2023\/08\/Scholz-schockiert-quotPutin-beschwert-sich-gar-nicht-ueber-die-Sanktionenquot.jpg\" \/>\n\t<meta property=\"og:image:width\" content=\"460\" \/>\n\t<meta property=\"og:image:height\" content=\"259\" \/>\n\t<meta property=\"og:image:type\" content=\"image\/jpeg\" \/>\n<meta name=\"author\" content=\"rtnews\" \/>\n<meta name=\"twitter:card\" content=\"summary_large_image\" \/>\n<meta name=\"twitter:creator\" content=\"@WirMachenAuf_de\" \/>\n<meta name=\"twitter:site\" content=\"@WirMachenAuf_de\" \/>\n<meta name=\"twitter:label1\" content=\"Verfasst von\" \/>\n\t<meta name=\"twitter:data1\" content=\"rtnews\" \/>\n\t<meta name=\"twitter:label2\" content=\"Gesch\u00e4tzte Lesezeit\" \/>\n\t<meta name=\"twitter:data2\" content=\"4\u00a0Minuten\" \/>\n<script type=\"application\/ld+json\" class=\"yoast-schema-graph\">{\"@context\":\"https:\/\/schema.org\",\"@graph\":[{\"@type\":\"Article\",\"@id\":\"https:\/\/now-news.de\/de\/deutschland\/scholz-schockiert-putin-beschwert-sich-gar-nicht-ueber-die-sanktionen\/#article\",\"isPartOf\":{\"@id\":\"https:\/\/now-news.de\/de\/deutschland\/scholz-schockiert-putin-beschwert-sich-gar-nicht-ueber-die-sanktionen\/\"},\"author\":{\"name\":\"rtnews\",\"@id\":\"https:\/\/now-news.de\/de\/#\/schema\/person\/fb534a4e865501d8b3285208df34a9b5\"},\"headline\":\"Scholz schockiert: &quot;Putin beschwert sich gar nicht \u00fcber die Sanktionen&quot;\",\"datePublished\":\"2023-08-28T17:59:24+00:00\",\"dateModified\":\"2023-08-28T17:59:24+00:00\",\"mainEntityOfPage\":{\"@id\":\"https:\/\/now-news.de\/de\/deutschland\/scholz-schockiert-putin-beschwert-sich-gar-nicht-ueber-die-sanktionen\/\"},\"wordCount\":743,\"commentCount\":0,\"publisher\":{\"@id\":\"https:\/\/now-news.de\/de\/#organization\"},\"image\":{\"@id\":\"https:\/\/now-news.de\/de\/deutschland\/scholz-schockiert-putin-beschwert-sich-gar-nicht-ueber-die-sanktionen\/#primaryimage\"},\"thumbnailUrl\":\"https:\/\/now-news.de\/de\/wp-content\/uploads\/sites\/3\/2023\/08\/Scholz-schockiert-quotPutin-beschwert-sich-gar-nicht-ueber-die-Sanktionenquot.jpg\",\"keywords\":[\"beschwert\",\"die\",\"gar\",\"nicht\",\"quotPutin\",\"Sanktionenquot\",\"schockiert\",\"Scholz\",\"sich\",\"\u00fcber\"],\"articleSection\":[\"Deutschland\",\"Russland\"],\"inLanguage\":\"de\",\"potentialAction\":[{\"@type\":\"CommentAction\",\"name\":\"Comment\",\"target\":[\"https:\/\/now-news.de\/de\/deutschland\/scholz-schockiert-putin-beschwert-sich-gar-nicht-ueber-die-sanktionen\/#respond\"]}]},{\"@type\":\"WebPage\",\"@id\":\"https:\/\/now-news.de\/de\/deutschland\/scholz-schockiert-putin-beschwert-sich-gar-nicht-ueber-die-sanktionen\/\",\"url\":\"https:\/\/now-news.de\/de\/deutschland\/scholz-schockiert-putin-beschwert-sich-gar-nicht-ueber-die-sanktionen\/\",\"name\":\"Scholz schockiert: &quot;Putin beschwert sich gar nicht \u00fcber die Sanktionen&quot; - just-now.NEWS Deutschland\",\"isPartOf\":{\"@id\":\"https:\/\/now-news.de\/de\/#website\"},\"primaryImageOfPage\":{\"@id\":\"https:\/\/now-news.de\/de\/deutschland\/scholz-schockiert-putin-beschwert-sich-gar-nicht-ueber-die-sanktionen\/#primaryimage\"},\"image\":{\"@id\":\"https:\/\/now-news.de\/de\/deutschland\/scholz-schockiert-putin-beschwert-sich-gar-nicht-ueber-die-sanktionen\/#primaryimage\"},\"thumbnailUrl\":\"https:\/\/now-news.de\/de\/wp-content\/uploads\/sites\/3\/2023\/08\/Scholz-schockiert-quotPutin-beschwert-sich-gar-nicht-ueber-die-Sanktionenquot.jpg\",\"datePublished\":\"2023-08-28T17:59:24+00:00\",\"dateModified\":\"2023-08-28T17:59:24+00:00\",\"breadcrumb\":{\"@id\":\"https:\/\/now-news.de\/de\/deutschland\/scholz-schockiert-putin-beschwert-sich-gar-nicht-ueber-die-sanktionen\/#breadcrumb\"},\"inLanguage\":\"de\",\"potentialAction\":[{\"@type\":\"ReadAction\",\"target\":[\"https:\/\/now-news.de\/de\/deutschland\/scholz-schockiert-putin-beschwert-sich-gar-nicht-ueber-die-sanktionen\/\"]}]},{\"@type\":\"ImageObject\",\"inLanguage\":\"de\",\"@id\":\"https:\/\/now-news.de\/de\/deutschland\/scholz-schockiert-putin-beschwert-sich-gar-nicht-ueber-die-sanktionen\/#primaryimage\",\"url\":\"https:\/\/now-news.de\/de\/wp-content\/uploads\/sites\/3\/2023\/08\/Scholz-schockiert-quotPutin-beschwert-sich-gar-nicht-ueber-die-Sanktionenquot.jpg\",\"contentUrl\":\"https:\/\/now-news.de\/de\/wp-content\/uploads\/sites\/3\/2023\/08\/Scholz-schockiert-quotPutin-beschwert-sich-gar-nicht-ueber-die-Sanktionenquot.jpg\",\"width\":460,\"height\":259,\"caption\":\"Scholz schockiert: &quot;Putin beschwert sich gar nicht \u00fcber die Sanktionen&quot;\"},{\"@type\":\"BreadcrumbList\",\"@id\":\"https:\/\/now-news.de\/de\/deutschland\/scholz-schockiert-putin-beschwert-sich-gar-nicht-ueber-die-sanktionen\/#breadcrumb\",\"itemListElement\":[{\"@type\":\"ListItem\",\"position\":1,\"name\":\"Home\",\"item\":\"https:\/\/now-news.de\/de\/\"},{\"@type\":\"ListItem\",\"position\":2,\"name\":\"Scholz schockiert: &quot;Putin beschwert sich gar nicht \u00fcber die Sanktionen&quot;\"}]},{\"@type\":\"WebSite\",\"@id\":\"https:\/\/now-news.de\/de\/#website\",\"url\":\"https:\/\/now-news.de\/de\/\",\"name\":\"just-now.NEWS Deutschland\",\"description\":\"Das Portal f\u00fcr unzensierte Nachrichten aus der Welt\",\"publisher\":{\"@id\":\"https:\/\/now-news.de\/de\/#organization\"},\"potentialAction\":[{\"@type\":\"SearchAction\",\"target\":{\"@type\":\"EntryPoint\",\"urlTemplate\":\"https:\/\/now-news.de\/de\/?s={search_term_string}\"},\"query-input\":\"required name=search_term_string\"}],\"inLanguage\":\"de\"},{\"@type\":\"Organization\",\"@id\":\"https:\/\/now-news.de\/de\/#organization\",\"name\":\"Just Now News\",\"url\":\"https:\/\/now-news.de\/de\/\",\"logo\":{\"@type\":\"ImageObject\",\"inLanguage\":\"de\",\"@id\":\"https:\/\/now-news.de\/de\/#\/schema\/logo\/image\/\",\"url\":\"http:\/\/just-now.news\/de\/wp-content\/uploads\/sites\/3\/2022\/04\/logo500x500.jpg\",\"contentUrl\":\"http:\/\/just-now.news\/de\/wp-content\/uploads\/sites\/3\/2022\/04\/logo500x500.jpg\",\"width\":500,\"height\":500,\"caption\":\"Just Now News\"},\"image\":{\"@id\":\"https:\/\/now-news.de\/de\/#\/schema\/logo\/image\/\"},\"sameAs\":[\"https:\/\/www.facebook.com\/wirmachenauf\",\"https:\/\/x.com\/WirMachenAuf_de\"]},{\"@type\":\"Person\",\"@id\":\"https:\/\/now-news.de\/de\/#\/schema\/person\/fb534a4e865501d8b3285208df34a9b5\",\"name\":\"rtnews\",\"image\":{\"@type\":\"ImageObject\",\"inLanguage\":\"de\",\"@id\":\"https:\/\/now-news.de\/de\/#\/schema\/person\/image\/\",\"url\":\"https:\/\/secure.gravatar.com\/avatar\/82aafea7d8127119dd649515f56e2117?s=96&d=mm&r=g\",\"contentUrl\":\"https:\/\/secure.gravatar.com\/avatar\/82aafea7d8127119dd649515f56e2117?s=96&d=mm&r=g\",\"caption\":\"rtnews\"},\"url\":\"https:\/\/now-news.de\/de\/author\/rnews\/\"}]}<\/script>\n<!-- \/ Yoast SEO Premium plugin. -->","yoast_head_json":{"title":"Scholz schockiert: &quot;Putin beschwert sich gar nicht \u00fcber die Sanktionen&quot; - just-now.NEWS Deutschland","robots":{"index":"index","follow":"follow","max-snippet":"max-snippet:-1","max-image-preview":"max-image-preview:large","max-video-preview":"max-video-preview:-1"},"canonical":"https:\/\/now-news.de\/de\/deutschland\/scholz-schockiert-putin-beschwert-sich-gar-nicht-ueber-die-sanktionen\/","og_locale":"de_DE","og_type":"article","og_title":"Scholz schockiert: &quot;Putin beschwert sich gar nicht \u00fcber die Sanktionen&quot;","og_description":"Im M\u00e4rz 2022 tauschten sich Bundeskanzler Scholz und Frankreichs Pr\u00e4sident Macron \u00fcber ihre Gespr\u00e4che mit Russlands Oberhaupt Putin aus. Scholz d\u00e4mmerte bereits am neunten Tag der Operation, dass die Rechnung des Westens nicht aufgehen und der Krieg gegen Russland verloren sein k\u00f6nnte. Von Gert Ewen Ungar Die BILD-Zeitung ver\u00f6ffentlichte Teile aus einem Telefongespr\u00e4ch, das Bundeskanzler [&hellip;]","og_url":"https:\/\/now-news.de\/de\/deutschland\/scholz-schockiert-putin-beschwert-sich-gar-nicht-ueber-die-sanktionen\/","og_site_name":"just-now.NEWS Deutschland","article_publisher":"https:\/\/www.facebook.com\/wirmachenauf","article_published_time":"2023-08-28T17:59:24+00:00","og_image":[{"width":460,"height":259,"url":"https:\/\/now-news.de\/de\/wp-content\/uploads\/sites\/3\/2023\/08\/Scholz-schockiert-quotPutin-beschwert-sich-gar-nicht-ueber-die-Sanktionenquot.jpg","type":"image\/jpeg"}],"author":"rtnews","twitter_card":"summary_large_image","twitter_creator":"@WirMachenAuf_de","twitter_site":"@WirMachenAuf_de","twitter_misc":{"Verfasst von":"rtnews","Gesch\u00e4tzte Lesezeit":"4\u00a0Minuten"},"schema":{"@context":"https:\/\/schema.org","@graph":[{"@type":"Article","@id":"https:\/\/now-news.de\/de\/deutschland\/scholz-schockiert-putin-beschwert-sich-gar-nicht-ueber-die-sanktionen\/#article","isPartOf":{"@id":"https:\/\/now-news.de\/de\/deutschland\/scholz-schockiert-putin-beschwert-sich-gar-nicht-ueber-die-sanktionen\/"},"author":{"name":"rtnews","@id":"https:\/\/now-news.de\/de\/#\/schema\/person\/fb534a4e865501d8b3285208df34a9b5"},"headline":"Scholz schockiert: &quot;Putin beschwert sich gar nicht \u00fcber die Sanktionen&quot;","datePublished":"2023-08-28T17:59:24+00:00","dateModified":"2023-08-28T17:59:24+00:00","mainEntityOfPage":{"@id":"https:\/\/now-news.de\/de\/deutschland\/scholz-schockiert-putin-beschwert-sich-gar-nicht-ueber-die-sanktionen\/"},"wordCount":743,"commentCount":0,"publisher":{"@id":"https:\/\/now-news.de\/de\/#organization"},"image":{"@id":"https:\/\/now-news.de\/de\/deutschland\/scholz-schockiert-putin-beschwert-sich-gar-nicht-ueber-die-sanktionen\/#primaryimage"},"thumbnailUrl":"https:\/\/now-news.de\/de\/wp-content\/uploads\/sites\/3\/2023\/08\/Scholz-schockiert-quotPutin-beschwert-sich-gar-nicht-ueber-die-Sanktionenquot.jpg","keywords":["beschwert","die","gar","nicht","quotPutin","Sanktionenquot","schockiert","Scholz","sich","\u00fcber"],"articleSection":["Deutschland","Russland"],"inLanguage":"de","potentialAction":[{"@type":"CommentAction","name":"Comment","target":["https:\/\/now-news.de\/de\/deutschland\/scholz-schockiert-putin-beschwert-sich-gar-nicht-ueber-die-sanktionen\/#respond"]}]},{"@type":"WebPage","@id":"https:\/\/now-news.de\/de\/deutschland\/scholz-schockiert-putin-beschwert-sich-gar-nicht-ueber-die-sanktionen\/","url":"https:\/\/now-news.de\/de\/deutschland\/scholz-schockiert-putin-beschwert-sich-gar-nicht-ueber-die-sanktionen\/","name":"Scholz schockiert: &quot;Putin beschwert sich gar nicht \u00fcber die Sanktionen&quot; - just-now.NEWS Deutschland","isPartOf":{"@id":"https:\/\/now-news.de\/de\/#website"},"primaryImageOfPage":{"@id":"https:\/\/now-news.de\/de\/deutschland\/scholz-schockiert-putin-beschwert-sich-gar-nicht-ueber-die-sanktionen\/#primaryimage"},"image":{"@id":"https:\/\/now-news.de\/de\/deutschland\/scholz-schockiert-putin-beschwert-sich-gar-nicht-ueber-die-sanktionen\/#primaryimage"},"thumbnailUrl":"https:\/\/now-news.de\/de\/wp-content\/uploads\/sites\/3\/2023\/08\/Scholz-schockiert-quotPutin-beschwert-sich-gar-nicht-ueber-die-Sanktionenquot.jpg","datePublished":"2023-08-28T17:59:24+00:00","dateModified":"2023-08-28T17:59:24+00:00","breadcrumb":{"@id":"https:\/\/now-news.de\/de\/deutschland\/scholz-schockiert-putin-beschwert-sich-gar-nicht-ueber-die-sanktionen\/#breadcrumb"},"inLanguage":"de","potentialAction":[{"@type":"ReadAction","target":["https:\/\/now-news.de\/de\/deutschland\/scholz-schockiert-putin-beschwert-sich-gar-nicht-ueber-die-sanktionen\/"]}]},{"@type":"ImageObject","inLanguage":"de","@id":"https:\/\/now-news.de\/de\/deutschland\/scholz-schockiert-putin-beschwert-sich-gar-nicht-ueber-die-sanktionen\/#primaryimage","url":"https:\/\/now-news.de\/de\/wp-content\/uploads\/sites\/3\/2023\/08\/Scholz-schockiert-quotPutin-beschwert-sich-gar-nicht-ueber-die-Sanktionenquot.jpg","contentUrl":"https:\/\/now-news.de\/de\/wp-content\/uploads\/sites\/3\/2023\/08\/Scholz-schockiert-quotPutin-beschwert-sich-gar-nicht-ueber-die-Sanktionenquot.jpg","width":460,"height":259,"caption":"Scholz schockiert: &quot;Putin beschwert sich gar nicht \u00fcber die Sanktionen&quot;"},{"@type":"BreadcrumbList","@id":"https:\/\/now-news.de\/de\/deutschland\/scholz-schockiert-putin-beschwert-sich-gar-nicht-ueber-die-sanktionen\/#breadcrumb","itemListElement":[{"@type":"ListItem","position":1,"name":"Home","item":"https:\/\/now-news.de\/de\/"},{"@type":"ListItem","position":2,"name":"Scholz schockiert: &quot;Putin beschwert sich gar nicht \u00fcber die Sanktionen&quot;"}]},{"@type":"WebSite","@id":"https:\/\/now-news.de\/de\/#website","url":"https:\/\/now-news.de\/de\/","name":"just-now.NEWS Deutschland","description":"Das Portal f\u00fcr unzensierte Nachrichten aus der Welt","publisher":{"@id":"https:\/\/now-news.de\/de\/#organization"},"potentialAction":[{"@type":"SearchAction","target":{"@type":"EntryPoint","urlTemplate":"https:\/\/now-news.de\/de\/?s={search_term_string}"},"query-input":"required name=search_term_string"}],"inLanguage":"de"},{"@type":"Organization","@id":"https:\/\/now-news.de\/de\/#organization","name":"Just Now News","url":"https:\/\/now-news.de\/de\/","logo":{"@type":"ImageObject","inLanguage":"de","@id":"https:\/\/now-news.de\/de\/#\/schema\/logo\/image\/","url":"http:\/\/just-now.news\/de\/wp-content\/uploads\/sites\/3\/2022\/04\/logo500x500.jpg","contentUrl":"http:\/\/just-now.news\/de\/wp-content\/uploads\/sites\/3\/2022\/04\/logo500x500.jpg","width":500,"height":500,"caption":"Just Now News"},"image":{"@id":"https:\/\/now-news.de\/de\/#\/schema\/logo\/image\/"},"sameAs":["https:\/\/www.facebook.com\/wirmachenauf","https:\/\/x.com\/WirMachenAuf_de"]},{"@type":"Person","@id":"https:\/\/now-news.de\/de\/#\/schema\/person\/fb534a4e865501d8b3285208df34a9b5","name":"rtnews","image":{"@type":"ImageObject","inLanguage":"de","@id":"https:\/\/now-news.de\/de\/#\/schema\/person\/image\/","url":"https:\/\/secure.gravatar.com\/avatar\/82aafea7d8127119dd649515f56e2117?s=96&d=mm&r=g","contentUrl":"https:\/\/secure.gravatar.com\/avatar\/82aafea7d8127119dd649515f56e2117?s=96&d=mm&r=g","caption":"rtnews"},"url":"https:\/\/now-news.de\/de\/author\/rnews\/"}]}},"_links":{"self":[{"href":"https:\/\/now-news.de\/de\/wp-json\/wp\/v2\/posts\/45270"}],"collection":[{"href":"https:\/\/now-news.de\/de\/wp-json\/wp\/v2\/posts"}],"about":[{"href":"https:\/\/now-news.de\/de\/wp-json\/wp\/v2\/types\/post"}],"author":[{"embeddable":true,"href":"https:\/\/now-news.de\/de\/wp-json\/wp\/v2\/users\/3"}],"replies":[{"embeddable":true,"href":"https:\/\/now-news.de\/de\/wp-json\/wp\/v2\/comments?post=45270"}],"version-history":[{"count":0,"href":"https:\/\/now-news.de\/de\/wp-json\/wp\/v2\/posts\/45270\/revisions"}],"wp:featuredmedia":[{"embeddable":true,"href":"https:\/\/now-news.de\/de\/wp-json\/wp\/v2\/media\/45271"}],"wp:attachment":[{"href":"https:\/\/now-news.de\/de\/wp-json\/wp\/v2\/media?parent=45270"}],"wp:term":[{"taxonomy":"category","embeddable":true,"href":"https:\/\/now-news.de\/de\/wp-json\/wp\/v2\/categories?post=45270"},{"taxonomy":"post_tag","embeddable":true,"href":"https:\/\/now-news.de\/de\/wp-json\/wp\/v2\/tags?post=45270"}],"curies":[{"name":"wp","href":"https:\/\/api.w.org\/{rel}","templated":true}]}}