{"id":45266,"date":"2023-08-28T18:54:16","date_gmt":"2023-08-28T16:54:16","guid":{"rendered":"https:\/\/just-now.news\/de\/deutschland\/sachsens-ministerpraesident-kretschmer-fordert-erneut-instandsetzung-der-nord-stream-pipelines\/"},"modified":"2023-08-28T18:54:16","modified_gmt":"2023-08-28T16:54:16","slug":"sachsens-ministerpraesident-kretschmer-fordert-erneut-instandsetzung-der-nord-stream-pipelines","status":"publish","type":"post","link":"https:\/\/now-news.de\/de\/deutschland\/sachsens-ministerpraesident-kretschmer-fordert-erneut-instandsetzung-der-nord-stream-pipelines\/","title":{"rendered":"Sachsens Ministerpr\u00e4sident Kretschmer fordert erneut Instandsetzung der Nord-Stream-Pipelines"},"content":{"rendered":"<p><img decoding=\"async\" src=\"http:\/\/just-now.news\/de\/wp-content\/uploads\/sites\/3\/2023\/08\/64ecc7fbb480cc6c1316befd.jpeg\" \/><\/p>\n<div class=\"Text-root Text-type_1 \">\n                Er hat es wieder getan: Der s\u00e4chsische &#8220;Landesvater&#8221; Michael Kretschmer tritt beharrlich f\u00fcr die Reparatur und Wiederinbetriebnahme der vor einem Jahr gesprengten Nord-Stream-Gaspipelines ein. Am Montag hat die &#8220;Wirtschaftswoche&#8221; ein Interview mit dem Politiker ver\u00f6ffentlicht, in dem er seine Forderung erneuerte.\n            <\/div>\n<p><\/p>\n<div class=\"Text-root Text-type_5 ArticleView-text ViewText-root \">\n<p>Der s\u00e4chsische Ministerpr\u00e4sident Michael Kretschmer (CDU) hat in einem <a rel=\"nofollow noopener\" target=\"_blank\" href=\"https:\/\/www.wiwo.de\/my\/politik\/deutschland\/ukraine-krieg-es-ist-doch-das-normalste-der-welt-dass-man-die-pipeline-repariert\/29354616.html\">Interview<\/a>\u00a0f\u00fcr die\u00a0<em>Wirtschaftswoche<\/em> erneut die Reparatur der vor knapp einem Jahr durch Explosionen besch\u00e4digten Nord-Stream-Gaspipelines gefordert. In dem in der Montagsausgabe ver\u00f6ffentlichten Gespr\u00e4ch sagte Kretschmer unter anderem, es sei &#8220;das Normalste der Welt&#8221;, dass man die Pipeline repariere.\u00a0<\/p>\n<p>Seine wiederholt ge\u00e4u\u00dferte Forderung begr\u00fcndete der Politiker wie folgt:\u00a0<\/p>\n<blockquote>\n<p><em>&#8220;Das ist notwendig, weil diese Infrastruktur unsere Energieversorgung in f\u00fcnf oder zehn Jahren sichern kann. Wenn sie nicht bald repariert wird, wird die Pipeline durch Korrosion dauerhaft zerst\u00f6rt. Sie liegt in internationalen Gew\u00e4ssern und vor der d\u00e4nischen K\u00fcste, ist also zug\u00e4nglich.&#8221;<\/em><\/p>\n<\/blockquote>\n<p>Kretschmer betonte, dass die &#8220;Nord Stream&#8221; eines der Instrumente sei, die eine Diversifizierung der Energieversorgung Deutschlands erm\u00f6glichten. Der Stopp der russischen Gasexporte habe bereits zu einer Unterbrechung der Energiewende gef\u00fchrt, da Deutschland nun wieder auf Atomkraft und Kohle statt des \u00f6kologisch saubereren Erdgases zur\u00fcckgreifen m\u00fcsse.<\/p>\n<p>In drei der vier Str\u00e4nge von Nord Stream 1 und 2 war am 26. September 2022 ein auf Lecks zur\u00fcckzuf\u00fchrender Druckabfall festgestellt worden. Inzwischen steht fest, dass die Gaspipelines mitten in der Ostsee durch Unterwassersprengungen sabotiert wurden. Zur T\u00e4terschaft gibt es unterschiedliche Annahmen, die sich zunehmend auf die Ukraine oder einen ihrer angels\u00e4chsischen Verb\u00fcndeten fokussieren.<\/p>\n<p>Nur einer der Str\u00e4nge von Nord Stream 2 ist weiterhin funktionsf\u00e4hig, wird aber nicht f\u00fcr den Gastransport genutzt, da Deutschland die Inbetriebnahme der Pipeline nach ihrem Bau auf Betreiben von B\u00fcndnis 90\/Die Gr\u00fcnen nach wie vor nicht genehmigt hat.<\/p>\n<p>Michael Kretschmer hat in der Vergangenheit schon mehrmals die Reparatur der besch\u00e4digten Str\u00e4nge gefordert, unter anderem <a rel=\"nofollow noopener\" target=\"_blank\" href=\"https:\/\/freedert.online\/inland\/173377-sachsens-ministerpraesident-kretschmer-fordert-reparatur-nord-stream\/\">Mitte Juni in einem Interview<\/a> mit dem TV-Sender <em>Welt.<\/em>\u00a0In der Berliner Regierungskoalition st\u00f6\u00dft er damit jedoch auf Ablehnung, und auch in der CDU selbst findet der Sachse mit seinem Anliegen nur wenige Mitstreiter.\u00a0<\/p>\n<p><strong>Mehr zum Thema<\/strong> &#8211; <a rel=\"nofollow noopener\" target=\"_blank\" href=\"https:\/\/freedert.online\/inland\/171373-rundumschlag-gegen-kretschmer-wegen-asylkritik\/\">Rundumschlag gegen Kretschmer wegen Asylkritik: Wirft &#8220;wahllos mit rechten Narrativen um sich&#8221;<\/a><\/p>\n<\/div>\n<p><br \/>\n<br \/><a href=\"https:\/\/de.rt.com\/inland\/179134-sachsens-ministerpraesident-kretschmer-fordert-erneut-reparatur-nord-stream\/\">Source link <\/a><\/p>\n","protected":false},"excerpt":{"rendered":"<p>Er hat es wieder getan: Der s\u00e4chsische &#8220;Landesvater&#8221; Michael Kretschmer tritt beharrlich f\u00fcr die Reparatur und Wiederinbetriebnahme der vor einem Jahr gesprengten Nord-Stream-Gaspipelines ein. Am Montag hat die &#8220;Wirtschaftswoche&#8221; ein Interview mit dem Politiker ver\u00f6ffentlicht, in dem er seine Forderung erneuerte. Der s\u00e4chsische Ministerpr\u00e4sident Michael Kretschmer (CDU) hat in einem Interview\u00a0f\u00fcr die\u00a0Wirtschaftswoche erneut die Reparatur [&hellip;]<\/p>\n","protected":false},"author":3,"featured_media":45267,"comment_status":"open","ping_status":"open","sticky":false,"template":"","format":"standard","meta":{"_yoast_indexnow_last_ping":["1693242475"],"wp_automatic_camp":["217"],"06ddab205523a4937d8dbfd864f52d4f":["Sachsens Ministerpr\u00e4sident Kretschmer fordert erneut Instandsetzung der Nord-Stream-Pipelines"],"original_link":["https:\/\/de.rt.com\/inland\/179134-sachsens-ministerpraesident-kretschmer-fordert-erneut-reparatur-nord-stream\/"],"_thumbnail_id":["45267"],"_wptgpro_p2tg_sent2tg":["a:1:{i:23737;s:19:\"2023-08-28 19:09:01\";}"],"jnews_social_counter_last_update":["1777182155"]},"categories":[19,23],"tags":[82,781,355,48230,1857,19174,33480,7138],"yoast_head":"<!-- This site is optimized with the Yoast SEO Premium plugin v22.7 (Yoast SEO v22.7) - https:\/\/yoast.com\/wordpress\/plugins\/seo\/ -->\n<title>Sachsens Ministerpr\u00e4sident Kretschmer fordert erneut Instandsetzung der Nord-Stream-Pipelines - just-now.NEWS Deutschland<\/title>\n<meta name=\"robots\" content=\"index, follow, max-snippet:-1, max-image-preview:large, max-video-preview:-1\" \/>\n<link rel=\"canonical\" href=\"https:\/\/now-news.de\/de\/deutschland\/sachsens-ministerpraesident-kretschmer-fordert-erneut-instandsetzung-der-nord-stream-pipelines\/\" \/>\n<meta property=\"og:locale\" content=\"de_DE\" \/>\n<meta property=\"og:type\" content=\"article\" \/>\n<meta property=\"og:title\" content=\"Sachsens Ministerpr\u00e4sident Kretschmer fordert erneut Instandsetzung der Nord-Stream-Pipelines\" \/>\n<meta property=\"og:description\" content=\"Er hat es wieder getan: Der s\u00e4chsische &#8220;Landesvater&#8221; Michael Kretschmer tritt beharrlich f\u00fcr die Reparatur und Wiederinbetriebnahme der vor einem Jahr gesprengten Nord-Stream-Gaspipelines ein. Am Montag hat die &#8220;Wirtschaftswoche&#8221; ein Interview mit dem Politiker ver\u00f6ffentlicht, in dem er seine Forderung erneuerte. Der s\u00e4chsische Ministerpr\u00e4sident Michael Kretschmer (CDU) hat in einem Interview\u00a0f\u00fcr die\u00a0Wirtschaftswoche erneut die Reparatur [&hellip;]\" \/>\n<meta property=\"og:url\" content=\"https:\/\/now-news.de\/de\/deutschland\/sachsens-ministerpraesident-kretschmer-fordert-erneut-instandsetzung-der-nord-stream-pipelines\/\" \/>\n<meta property=\"og:site_name\" content=\"just-now.NEWS Deutschland\" \/>\n<meta property=\"article:publisher\" content=\"https:\/\/www.facebook.com\/wirmachenauf\" \/>\n<meta property=\"article:published_time\" content=\"2023-08-28T16:54:16+00:00\" \/>\n<meta property=\"og:image\" content=\"https:\/\/now-news.de\/de\/wp-content\/uploads\/sites\/3\/2023\/08\/Sachsens-Ministerpraesident-Kretschmer-fordert-erneut-Instandsetzung-der-Nord-Stream-Pipelines.jpeg\" \/>\n\t<meta property=\"og:image:width\" content=\"460\" \/>\n\t<meta property=\"og:image:height\" content=\"259\" \/>\n\t<meta property=\"og:image:type\" content=\"image\/jpeg\" \/>\n<meta name=\"author\" content=\"rtnews\" \/>\n<meta name=\"twitter:card\" content=\"summary_large_image\" \/>\n<meta name=\"twitter:creator\" content=\"@WirMachenAuf_de\" \/>\n<meta name=\"twitter:site\" content=\"@WirMachenAuf_de\" \/>\n<meta name=\"twitter:label1\" content=\"Verfasst von\" \/>\n\t<meta name=\"twitter:data1\" content=\"rtnews\" \/>\n\t<meta name=\"twitter:label2\" content=\"Gesch\u00e4tzte Lesezeit\" \/>\n\t<meta name=\"twitter:data2\" content=\"2\u00a0Minuten\" \/>\n<script type=\"application\/ld+json\" class=\"yoast-schema-graph\">{\"@context\":\"https:\/\/schema.org\",\"@graph\":[{\"@type\":\"Article\",\"@id\":\"https:\/\/now-news.de\/de\/deutschland\/sachsens-ministerpraesident-kretschmer-fordert-erneut-instandsetzung-der-nord-stream-pipelines\/#article\",\"isPartOf\":{\"@id\":\"https:\/\/now-news.de\/de\/deutschland\/sachsens-ministerpraesident-kretschmer-fordert-erneut-instandsetzung-der-nord-stream-pipelines\/\"},\"author\":{\"name\":\"rtnews\",\"@id\":\"https:\/\/now-news.de\/de\/#\/schema\/person\/fb534a4e865501d8b3285208df34a9b5\"},\"headline\":\"Sachsens Ministerpr\u00e4sident Kretschmer fordert erneut Instandsetzung der Nord-Stream-Pipelines\",\"datePublished\":\"2023-08-28T16:54:16+00:00\",\"dateModified\":\"2023-08-28T16:54:16+00:00\",\"mainEntityOfPage\":{\"@id\":\"https:\/\/now-news.de\/de\/deutschland\/sachsens-ministerpraesident-kretschmer-fordert-erneut-instandsetzung-der-nord-stream-pipelines\/\"},\"wordCount\":387,\"commentCount\":0,\"publisher\":{\"@id\":\"https:\/\/now-news.de\/de\/#organization\"},\"image\":{\"@id\":\"https:\/\/now-news.de\/de\/deutschland\/sachsens-ministerpraesident-kretschmer-fordert-erneut-instandsetzung-der-nord-stream-pipelines\/#primaryimage\"},\"thumbnailUrl\":\"https:\/\/now-news.de\/de\/wp-content\/uploads\/sites\/3\/2023\/08\/Sachsens-Ministerpraesident-Kretschmer-fordert-erneut-Instandsetzung-der-Nord-Stream-Pipelines.jpeg\",\"keywords\":[\"der\",\"erneut\",\"fordert\",\"Instandsetzung\",\"Kretschmer\",\"Ministerpr\u00e4sident\",\"NordStreamPipelines\",\"Sachsens\"],\"articleSection\":[\"Deutschland\",\"Russland\"],\"inLanguage\":\"de\",\"potentialAction\":[{\"@type\":\"CommentAction\",\"name\":\"Comment\",\"target\":[\"https:\/\/now-news.de\/de\/deutschland\/sachsens-ministerpraesident-kretschmer-fordert-erneut-instandsetzung-der-nord-stream-pipelines\/#respond\"]}]},{\"@type\":\"WebPage\",\"@id\":\"https:\/\/now-news.de\/de\/deutschland\/sachsens-ministerpraesident-kretschmer-fordert-erneut-instandsetzung-der-nord-stream-pipelines\/\",\"url\":\"https:\/\/now-news.de\/de\/deutschland\/sachsens-ministerpraesident-kretschmer-fordert-erneut-instandsetzung-der-nord-stream-pipelines\/\",\"name\":\"Sachsens Ministerpr\u00e4sident Kretschmer fordert erneut Instandsetzung der Nord-Stream-Pipelines - just-now.NEWS Deutschland\",\"isPartOf\":{\"@id\":\"https:\/\/now-news.de\/de\/#website\"},\"primaryImageOfPage\":{\"@id\":\"https:\/\/now-news.de\/de\/deutschland\/sachsens-ministerpraesident-kretschmer-fordert-erneut-instandsetzung-der-nord-stream-pipelines\/#primaryimage\"},\"image\":{\"@id\":\"https:\/\/now-news.de\/de\/deutschland\/sachsens-ministerpraesident-kretschmer-fordert-erneut-instandsetzung-der-nord-stream-pipelines\/#primaryimage\"},\"thumbnailUrl\":\"https:\/\/now-news.de\/de\/wp-content\/uploads\/sites\/3\/2023\/08\/Sachsens-Ministerpraesident-Kretschmer-fordert-erneut-Instandsetzung-der-Nord-Stream-Pipelines.jpeg\",\"datePublished\":\"2023-08-28T16:54:16+00:00\",\"dateModified\":\"2023-08-28T16:54:16+00:00\",\"breadcrumb\":{\"@id\":\"https:\/\/now-news.de\/de\/deutschland\/sachsens-ministerpraesident-kretschmer-fordert-erneut-instandsetzung-der-nord-stream-pipelines\/#breadcrumb\"},\"inLanguage\":\"de\",\"potentialAction\":[{\"@type\":\"ReadAction\",\"target\":[\"https:\/\/now-news.de\/de\/deutschland\/sachsens-ministerpraesident-kretschmer-fordert-erneut-instandsetzung-der-nord-stream-pipelines\/\"]}]},{\"@type\":\"ImageObject\",\"inLanguage\":\"de\",\"@id\":\"https:\/\/now-news.de\/de\/deutschland\/sachsens-ministerpraesident-kretschmer-fordert-erneut-instandsetzung-der-nord-stream-pipelines\/#primaryimage\",\"url\":\"https:\/\/now-news.de\/de\/wp-content\/uploads\/sites\/3\/2023\/08\/Sachsens-Ministerpraesident-Kretschmer-fordert-erneut-Instandsetzung-der-Nord-Stream-Pipelines.jpeg\",\"contentUrl\":\"https:\/\/now-news.de\/de\/wp-content\/uploads\/sites\/3\/2023\/08\/Sachsens-Ministerpraesident-Kretschmer-fordert-erneut-Instandsetzung-der-Nord-Stream-Pipelines.jpeg\",\"width\":460,\"height\":259,\"caption\":\"Sachsens Ministerpr\u00e4sident Kretschmer fordert erneut Instandsetzung der Nord-Stream-Pipelines\"},{\"@type\":\"BreadcrumbList\",\"@id\":\"https:\/\/now-news.de\/de\/deutschland\/sachsens-ministerpraesident-kretschmer-fordert-erneut-instandsetzung-der-nord-stream-pipelines\/#breadcrumb\",\"itemListElement\":[{\"@type\":\"ListItem\",\"position\":1,\"name\":\"Home\",\"item\":\"https:\/\/now-news.de\/de\/\"},{\"@type\":\"ListItem\",\"position\":2,\"name\":\"Sachsens Ministerpr\u00e4sident Kretschmer fordert erneut Instandsetzung der Nord-Stream-Pipelines\"}]},{\"@type\":\"WebSite\",\"@id\":\"https:\/\/now-news.de\/de\/#website\",\"url\":\"https:\/\/now-news.de\/de\/\",\"name\":\"just-now.NEWS Deutschland\",\"description\":\"Das Portal f\u00fcr unzensierte Nachrichten aus der Welt\",\"publisher\":{\"@id\":\"https:\/\/now-news.de\/de\/#organization\"},\"potentialAction\":[{\"@type\":\"SearchAction\",\"target\":{\"@type\":\"EntryPoint\",\"urlTemplate\":\"https:\/\/now-news.de\/de\/?s={search_term_string}\"},\"query-input\":\"required name=search_term_string\"}],\"inLanguage\":\"de\"},{\"@type\":\"Organization\",\"@id\":\"https:\/\/now-news.de\/de\/#organization\",\"name\":\"Just Now News\",\"url\":\"https:\/\/now-news.de\/de\/\",\"logo\":{\"@type\":\"ImageObject\",\"inLanguage\":\"de\",\"@id\":\"https:\/\/now-news.de\/de\/#\/schema\/logo\/image\/\",\"url\":\"http:\/\/just-now.news\/de\/wp-content\/uploads\/sites\/3\/2022\/04\/logo500x500.jpg\",\"contentUrl\":\"http:\/\/just-now.news\/de\/wp-content\/uploads\/sites\/3\/2022\/04\/logo500x500.jpg\",\"width\":500,\"height\":500,\"caption\":\"Just Now News\"},\"image\":{\"@id\":\"https:\/\/now-news.de\/de\/#\/schema\/logo\/image\/\"},\"sameAs\":[\"https:\/\/www.facebook.com\/wirmachenauf\",\"https:\/\/x.com\/WirMachenAuf_de\"]},{\"@type\":\"Person\",\"@id\":\"https:\/\/now-news.de\/de\/#\/schema\/person\/fb534a4e865501d8b3285208df34a9b5\",\"name\":\"rtnews\",\"image\":{\"@type\":\"ImageObject\",\"inLanguage\":\"de\",\"@id\":\"https:\/\/now-news.de\/de\/#\/schema\/person\/image\/\",\"url\":\"https:\/\/secure.gravatar.com\/avatar\/82aafea7d8127119dd649515f56e2117?s=96&d=mm&r=g\",\"contentUrl\":\"https:\/\/secure.gravatar.com\/avatar\/82aafea7d8127119dd649515f56e2117?s=96&d=mm&r=g\",\"caption\":\"rtnews\"},\"url\":\"https:\/\/now-news.de\/de\/author\/rnews\/\"}]}<\/script>\n<!-- \/ Yoast SEO Premium plugin. -->","yoast_head_json":{"title":"Sachsens Ministerpr\u00e4sident Kretschmer fordert erneut Instandsetzung der Nord-Stream-Pipelines - just-now.NEWS Deutschland","robots":{"index":"index","follow":"follow","max-snippet":"max-snippet:-1","max-image-preview":"max-image-preview:large","max-video-preview":"max-video-preview:-1"},"canonical":"https:\/\/now-news.de\/de\/deutschland\/sachsens-ministerpraesident-kretschmer-fordert-erneut-instandsetzung-der-nord-stream-pipelines\/","og_locale":"de_DE","og_type":"article","og_title":"Sachsens Ministerpr\u00e4sident Kretschmer fordert erneut Instandsetzung der Nord-Stream-Pipelines","og_description":"Er hat es wieder getan: Der s\u00e4chsische &#8220;Landesvater&#8221; Michael Kretschmer tritt beharrlich f\u00fcr die Reparatur und Wiederinbetriebnahme der vor einem Jahr gesprengten Nord-Stream-Gaspipelines ein. Am Montag hat die &#8220;Wirtschaftswoche&#8221; ein Interview mit dem Politiker ver\u00f6ffentlicht, in dem er seine Forderung erneuerte. Der s\u00e4chsische Ministerpr\u00e4sident Michael Kretschmer (CDU) hat in einem Interview\u00a0f\u00fcr die\u00a0Wirtschaftswoche erneut die Reparatur [&hellip;]","og_url":"https:\/\/now-news.de\/de\/deutschland\/sachsens-ministerpraesident-kretschmer-fordert-erneut-instandsetzung-der-nord-stream-pipelines\/","og_site_name":"just-now.NEWS Deutschland","article_publisher":"https:\/\/www.facebook.com\/wirmachenauf","article_published_time":"2023-08-28T16:54:16+00:00","og_image":[{"width":460,"height":259,"url":"https:\/\/now-news.de\/de\/wp-content\/uploads\/sites\/3\/2023\/08\/Sachsens-Ministerpraesident-Kretschmer-fordert-erneut-Instandsetzung-der-Nord-Stream-Pipelines.jpeg","type":"image\/jpeg"}],"author":"rtnews","twitter_card":"summary_large_image","twitter_creator":"@WirMachenAuf_de","twitter_site":"@WirMachenAuf_de","twitter_misc":{"Verfasst von":"rtnews","Gesch\u00e4tzte Lesezeit":"2\u00a0Minuten"},"schema":{"@context":"https:\/\/schema.org","@graph":[{"@type":"Article","@id":"https:\/\/now-news.de\/de\/deutschland\/sachsens-ministerpraesident-kretschmer-fordert-erneut-instandsetzung-der-nord-stream-pipelines\/#article","isPartOf":{"@id":"https:\/\/now-news.de\/de\/deutschland\/sachsens-ministerpraesident-kretschmer-fordert-erneut-instandsetzung-der-nord-stream-pipelines\/"},"author":{"name":"rtnews","@id":"https:\/\/now-news.de\/de\/#\/schema\/person\/fb534a4e865501d8b3285208df34a9b5"},"headline":"Sachsens Ministerpr\u00e4sident Kretschmer fordert erneut Instandsetzung der Nord-Stream-Pipelines","datePublished":"2023-08-28T16:54:16+00:00","dateModified":"2023-08-28T16:54:16+00:00","mainEntityOfPage":{"@id":"https:\/\/now-news.de\/de\/deutschland\/sachsens-ministerpraesident-kretschmer-fordert-erneut-instandsetzung-der-nord-stream-pipelines\/"},"wordCount":387,"commentCount":0,"publisher":{"@id":"https:\/\/now-news.de\/de\/#organization"},"image":{"@id":"https:\/\/now-news.de\/de\/deutschland\/sachsens-ministerpraesident-kretschmer-fordert-erneut-instandsetzung-der-nord-stream-pipelines\/#primaryimage"},"thumbnailUrl":"https:\/\/now-news.de\/de\/wp-content\/uploads\/sites\/3\/2023\/08\/Sachsens-Ministerpraesident-Kretschmer-fordert-erneut-Instandsetzung-der-Nord-Stream-Pipelines.jpeg","keywords":["der","erneut","fordert","Instandsetzung","Kretschmer","Ministerpr\u00e4sident","NordStreamPipelines","Sachsens"],"articleSection":["Deutschland","Russland"],"inLanguage":"de","potentialAction":[{"@type":"CommentAction","name":"Comment","target":["https:\/\/now-news.de\/de\/deutschland\/sachsens-ministerpraesident-kretschmer-fordert-erneut-instandsetzung-der-nord-stream-pipelines\/#respond"]}]},{"@type":"WebPage","@id":"https:\/\/now-news.de\/de\/deutschland\/sachsens-ministerpraesident-kretschmer-fordert-erneut-instandsetzung-der-nord-stream-pipelines\/","url":"https:\/\/now-news.de\/de\/deutschland\/sachsens-ministerpraesident-kretschmer-fordert-erneut-instandsetzung-der-nord-stream-pipelines\/","name":"Sachsens Ministerpr\u00e4sident Kretschmer fordert erneut Instandsetzung der Nord-Stream-Pipelines - just-now.NEWS Deutschland","isPartOf":{"@id":"https:\/\/now-news.de\/de\/#website"},"primaryImageOfPage":{"@id":"https:\/\/now-news.de\/de\/deutschland\/sachsens-ministerpraesident-kretschmer-fordert-erneut-instandsetzung-der-nord-stream-pipelines\/#primaryimage"},"image":{"@id":"https:\/\/now-news.de\/de\/deutschland\/sachsens-ministerpraesident-kretschmer-fordert-erneut-instandsetzung-der-nord-stream-pipelines\/#primaryimage"},"thumbnailUrl":"https:\/\/now-news.de\/de\/wp-content\/uploads\/sites\/3\/2023\/08\/Sachsens-Ministerpraesident-Kretschmer-fordert-erneut-Instandsetzung-der-Nord-Stream-Pipelines.jpeg","datePublished":"2023-08-28T16:54:16+00:00","dateModified":"2023-08-28T16:54:16+00:00","breadcrumb":{"@id":"https:\/\/now-news.de\/de\/deutschland\/sachsens-ministerpraesident-kretschmer-fordert-erneut-instandsetzung-der-nord-stream-pipelines\/#breadcrumb"},"inLanguage":"de","potentialAction":[{"@type":"ReadAction","target":["https:\/\/now-news.de\/de\/deutschland\/sachsens-ministerpraesident-kretschmer-fordert-erneut-instandsetzung-der-nord-stream-pipelines\/"]}]},{"@type":"ImageObject","inLanguage":"de","@id":"https:\/\/now-news.de\/de\/deutschland\/sachsens-ministerpraesident-kretschmer-fordert-erneut-instandsetzung-der-nord-stream-pipelines\/#primaryimage","url":"https:\/\/now-news.de\/de\/wp-content\/uploads\/sites\/3\/2023\/08\/Sachsens-Ministerpraesident-Kretschmer-fordert-erneut-Instandsetzung-der-Nord-Stream-Pipelines.jpeg","contentUrl":"https:\/\/now-news.de\/de\/wp-content\/uploads\/sites\/3\/2023\/08\/Sachsens-Ministerpraesident-Kretschmer-fordert-erneut-Instandsetzung-der-Nord-Stream-Pipelines.jpeg","width":460,"height":259,"caption":"Sachsens Ministerpr\u00e4sident Kretschmer fordert erneut Instandsetzung der Nord-Stream-Pipelines"},{"@type":"BreadcrumbList","@id":"https:\/\/now-news.de\/de\/deutschland\/sachsens-ministerpraesident-kretschmer-fordert-erneut-instandsetzung-der-nord-stream-pipelines\/#breadcrumb","itemListElement":[{"@type":"ListItem","position":1,"name":"Home","item":"https:\/\/now-news.de\/de\/"},{"@type":"ListItem","position":2,"name":"Sachsens Ministerpr\u00e4sident Kretschmer fordert erneut Instandsetzung der Nord-Stream-Pipelines"}]},{"@type":"WebSite","@id":"https:\/\/now-news.de\/de\/#website","url":"https:\/\/now-news.de\/de\/","name":"just-now.NEWS Deutschland","description":"Das Portal f\u00fcr unzensierte Nachrichten aus der Welt","publisher":{"@id":"https:\/\/now-news.de\/de\/#organization"},"potentialAction":[{"@type":"SearchAction","target":{"@type":"EntryPoint","urlTemplate":"https:\/\/now-news.de\/de\/?s={search_term_string}"},"query-input":"required name=search_term_string"}],"inLanguage":"de"},{"@type":"Organization","@id":"https:\/\/now-news.de\/de\/#organization","name":"Just Now News","url":"https:\/\/now-news.de\/de\/","logo":{"@type":"ImageObject","inLanguage":"de","@id":"https:\/\/now-news.de\/de\/#\/schema\/logo\/image\/","url":"http:\/\/just-now.news\/de\/wp-content\/uploads\/sites\/3\/2022\/04\/logo500x500.jpg","contentUrl":"http:\/\/just-now.news\/de\/wp-content\/uploads\/sites\/3\/2022\/04\/logo500x500.jpg","width":500,"height":500,"caption":"Just Now News"},"image":{"@id":"https:\/\/now-news.de\/de\/#\/schema\/logo\/image\/"},"sameAs":["https:\/\/www.facebook.com\/wirmachenauf","https:\/\/x.com\/WirMachenAuf_de"]},{"@type":"Person","@id":"https:\/\/now-news.de\/de\/#\/schema\/person\/fb534a4e865501d8b3285208df34a9b5","name":"rtnews","image":{"@type":"ImageObject","inLanguage":"de","@id":"https:\/\/now-news.de\/de\/#\/schema\/person\/image\/","url":"https:\/\/secure.gravatar.com\/avatar\/82aafea7d8127119dd649515f56e2117?s=96&d=mm&r=g","contentUrl":"https:\/\/secure.gravatar.com\/avatar\/82aafea7d8127119dd649515f56e2117?s=96&d=mm&r=g","caption":"rtnews"},"url":"https:\/\/now-news.de\/de\/author\/rnews\/"}]}},"_links":{"self":[{"href":"https:\/\/now-news.de\/de\/wp-json\/wp\/v2\/posts\/45266"}],"collection":[{"href":"https:\/\/now-news.de\/de\/wp-json\/wp\/v2\/posts"}],"about":[{"href":"https:\/\/now-news.de\/de\/wp-json\/wp\/v2\/types\/post"}],"author":[{"embeddable":true,"href":"https:\/\/now-news.de\/de\/wp-json\/wp\/v2\/users\/3"}],"replies":[{"embeddable":true,"href":"https:\/\/now-news.de\/de\/wp-json\/wp\/v2\/comments?post=45266"}],"version-history":[{"count":0,"href":"https:\/\/now-news.de\/de\/wp-json\/wp\/v2\/posts\/45266\/revisions"}],"wp:featuredmedia":[{"embeddable":true,"href":"https:\/\/now-news.de\/de\/wp-json\/wp\/v2\/media\/45267"}],"wp:attachment":[{"href":"https:\/\/now-news.de\/de\/wp-json\/wp\/v2\/media?parent=45266"}],"wp:term":[{"taxonomy":"category","embeddable":true,"href":"https:\/\/now-news.de\/de\/wp-json\/wp\/v2\/categories?post=45266"},{"taxonomy":"post_tag","embeddable":true,"href":"https:\/\/now-news.de\/de\/wp-json\/wp\/v2\/tags?post=45266"}],"curies":[{"name":"wp","href":"https:\/\/api.w.org\/{rel}","templated":true}]}}