{"id":45173,"date":"2023-08-26T17:41:02","date_gmt":"2023-08-26T15:41:02","guid":{"rendered":"https:\/\/just-now.news\/de\/deutschland\/renate-kuenast-kritisiert-das-wort-clan-kriminalitaet-ihr-mann-vertritt-als-anwalt-clan-kriminelle\/"},"modified":"2023-08-26T17:41:02","modified_gmt":"2023-08-26T15:41:02","slug":"renate-kuenast-kritisiert-das-wort-clan-kriminalitaet-ihr-mann-vertritt-als-anwalt-clan-kriminelle","status":"publish","type":"post","link":"https:\/\/now-news.de\/de\/deutschland\/renate-kuenast-kritisiert-das-wort-clan-kriminalitaet-ihr-mann-vertritt-als-anwalt-clan-kriminelle\/","title":{"rendered":"Renate K\u00fcnast kritisiert das Wort Clan-Kriminalit\u00e4t \u2013 Ihr Mann vertritt als Anwalt Clan-Kriminelle"},"content":{"rendered":"<p><img decoding=\"async\" src=\"http:\/\/just-now.news\/de\/wp-content\/uploads\/sites\/3\/2023\/08\/64e9eb0f48fbef04ad60be9f.jpg\" \/><\/p>\n<div class=\"Text-root Text-type_1 \">\n                In der Clan-Hochburg Berlin diskutierte die Gr\u00fcnen-Politikerin Renate K\u00fcnast mit dem migrationskritischen Autor Ahmad Mansour zu ebenjenem Thema. Sie st\u00f6rt sich an dem f\u00fcr sie wertenden Begriff. Ein m\u00f6gliches Problem: Die Kanzlei ihres Ehemanns verteidigt Kriminelle aus diesem Milieu.\n            <\/div>\n<p><\/p>\n<div class=\"Text-root Text-type_5 ArticleView-text ViewText-root \">\n<p>Die Hauptstadt Berlin hat ein zunehmendes Problem mit Kriminalit\u00e4t. Hintergrundakteure wie auch potenzielle T\u00e4ter haben dabei oft migrantischen Hintergrund vorzuweisen und sind Familienmitglieder sogenannter Clans. J\u00fcngste Schlagzeilen zum Thema Gewalt, Drogen und sexuellen \u00dcbergriffen machte erneut der soziale Brennpunkt G\u00f6rlitzer Park im Bezirk Kreuzberg, kurz &#8220;G\u00f6rli&#8221; genannt. Der Lokalsender <em>rbb <\/em>lud daraufhin zu einer \u00f6ffentlichen Diskussion zum Thema, bei der sich Passanten wie auch die geladenen G\u00e4ste einbringen konnten. Die Sendung hei\u00dft <em>Wir m\u00fcssen reden! Der rbb-B\u00fcrgertalk<\/em>.<\/p>\n<p>Neben der Berliner Innensenatorin Iris Spranger (SPD) und Burkard Dregger (CDU) lieferten sich die Gr\u00fcnen-Politikerin Renate K\u00fcnast und der Psychologe und Autor\u00a0Ahmad Mansour heftige Wortgefechte. Der Sender <a rel=\"nofollow noopener\" target=\"_blank\" href=\"https:\/\/programm.ard.de\/TV\/rbbfernsehen\/wir-muessen-reden-\/eid_282051856649\">informierte<\/a> vorab:<\/p>\n<blockquote>\n<p><em>&#8220;Denn in der Kriminalstatistik verzeichnet Berlin die h\u00f6chste Kriminalit\u00e4tsrate aller Bundesl\u00e4nder und rangiert hinter Frankfurt auf Platz zwei der St\u00e4dte mit den meisten Straftaten.&#8221;<\/em><\/p>\n<\/blockquote>\n<p>Im Verlauf der Sendung kritisierte K\u00fcnast dann Mansour hinsichtlich seiner sich wiederholenden Wortwahl. Die Gr\u00fcnen-Politikerin argumentierte gegen den Autor, sie wisse genau, &#8220;dass es Familien gibt in dieser Stadt, auch mit Migrationshintergrund, bei denen wirklich geh\u00e4uft und gezielt Straftaten vorkommen&#8221;, um dann weiter auszuf\u00fchren:<\/p>\n<blockquote>\n<p><em>&#8220;Wenn Sie Vorbilder suchen f\u00fcr junge Frauen und M\u00e4nner, dann benutzen Sie bitte nicht mehr das Wort Clan-Kriminalit\u00e4t, weil es auch in diesen Clans und Familien tolle Leute gibt, die tolle Ausbildungen machen und tolle Jobs haben und wir die Vorbilder machen.&#8221;<\/em><\/p>\n<\/blockquote>\n<p>Diese Menschen m\u00f6ge man doch bitte nicht fortdauernd mit dem Wort Clan-Kriminalit\u00e4t diskriminieren:<\/p>\n<div class=\"EmbedBlock-root EmbedBlock-twitter\">\n<div class=\"TwitterEmbed\">\n<blockquote class=\"twitter-tweet lazyload\" data-twitter=\"twitter-tweet\">\n<p lang=\"de\" dir=\"ltr\">Laut einer Umfrage des rbb f\u00fchlt sich die Mehrheit der Berliner in ihrer Heimatstadt unsicher. Und Frau K\u00fcnast st\u00f6rt sich daran, dass ich den Begriff <a rel=\"nofollow noopener\" target=\"_blank\" href=\"https:\/\/twitter.com\/hashtag\/Clankriminalit%C3%A4t?src=hash&amp;ref_src=twsrc%5Etfw\">#Clankriminalit\u00e4t<\/a> benutze?! <a rel=\"nofollow noopener\" target=\"_blank\" href=\"https:\/\/t.co\/xSanx4fkBA\">pic.twitter.com\/xSanx4fkBA<\/a><\/p>\n<p>\u2014 Ahmad Mansour (@AhmadMansour__) <a rel=\"nofollow noopener\" target=\"_blank\" href=\"https:\/\/twitter.com\/AhmadMansour__\/status\/1694290816271815057?ref_src=twsrc%5Etfw\">August 23, 2023<\/a><\/p><\/blockquote>\n<\/div>\n<\/div>\n<p>In den sozialen Medien wurde in diversen Beitr\u00e4gen und Kommentaren nach der Sendung auf die Frage verwiesen, ob die Aussage nicht durch einen famili\u00e4ren Interessenkonflikt konterkariert werde: K\u00fcnasts Ehemann\u00a0R\u00fcdiger Portius vertrete genau diese Klientel hauptberuflich als Kanzleileiter und Verteidiger. Viele Leser bezweifelten die diversen Hinweise hinsichtlich Inhalt und Glaubw\u00fcrdigkeit. Die Fakten zeigen und belegen indes ein anderes Bild. So schrieb das <em>Handelsblatt<\/em> zur Hochzeit von K\u00fcnast und Portius im Jahre 2011 (Bezahlschranke):<\/p>\n<blockquote>\n<p><em>&#8220;Mit Portius, dem Chef der Berliner Strafverteidigervereinigung, teilte sich K\u00fcnast fr\u00fcher eine Kanzlei.\u00a0Portius will sich im Falle eines Wahlsiegs von K\u00fcnast \u2013 sie <a rel=\"nofollow noopener\" target=\"_blank\" href=\"https:\/\/taz.de\/Gruene-Spitzenkandidatin-Kuenast\/!5150348\/\">bewarb<\/a> sich auf den Posten der B\u00fcrgermeisterin \u2013 am Ehemann von Bundeskanzlerin Angela Merkel (CDU), Joachim Sauer, orientieren. &#8216;Aus dem wesentlichen Offiziellen werde ich mich raushalten.'&#8221;<\/em><\/p>\n<\/blockquote>\n<p>Portius leitet bis heute das &#8220;<a rel=\"nofollow noopener\" target=\"_blank\" href=\"https:\/\/xn--strafrechtsbro-rsb.de\/\">Strafrechtsb\u00fcro<\/a> Portius Birkhoff Bliesener K\u00fcnast&#8221;. Zur Person K\u00fcnast hei\u00dft es\u00a0auf der <a rel=\"nofollow noopener\" target=\"_blank\" href=\"https:\/\/xn--strafrechtsbro-rsb.de\/anwaelte\/\">Website<\/a>: &#8220;Rechtsanw\u00e4ltin in Berlin seit 1985. Aufgrund der Wahrnehmung politischer Mandate ruht die anwaltliche T\u00e4tigkeit.&#8221; Zu den in den sozialen Medien kursierenden Hinweisen findet sich zweierlei Artikel, die den Vorwurf eines Interessenkonflikts zumindest eindeutig belegen. Im\u00a0November 2015 hie\u00df es in einem <a rel=\"nofollow noopener\" target=\"_blank\" href=\"https:\/\/www.bz-berlin.de\/archiv-artikel\/kadewe-coup-in-79-sekunden-machten-sie-817-260-euro-beute#:~:text=Das%20KaDeWe%20blieb%20nach%20dem,Es%20folgten%20Funkzellenabfragen.\">Artikel<\/a> der Berliner <em>B.Z.<\/em> zur Personalie Portius und Clan-Kriminalit\u00e4t:<\/p>\n<blockquote>\n<p><em>&#8220;F\u00fcnf Maskierte \u00fcberfielen im Dezember 2014 das Luxus-Kaufhaus KaDeWe. Am Mittwoch begann der Prozess gegen drei mutma\u00dfliche R\u00e4uber. (&#8230;)\u00a0Alle drei sind Mitglieder arabischer Gro\u00dffamilien. (&#8230;)\u00a0Zum Dank wurde er von der weiteren Untersuchungshaft verschont. Ob er deshalb von irgendwem bedroht wird? Sein Anwalt R\u00fcdiger Portius: &#8216;Daf\u00fcr gibt es keine Anhaltspunkte.&#8217; Mehr wollte er zum Fall nicht sagen.&#8221;<\/em><\/p>\n<\/blockquote>\n<p>Im Januar 2019 berichtete erneut die<em> B.Z.<\/em> \u00fcber einen Prozess zum Thema Clan-Kriminalit\u00e4t. Die \u00dcberschrift lautete: &#8220;Clans in Berlin \u2013 Haftbefehl gegen Arafat Abou-Chaker aufgehoben!&#8221; In diesem <a rel=\"nofollow noopener\" target=\"_blank\" href=\"https:\/\/www.bz-berlin.de\/berlin\/haftbefehl-gegen-arafat-abou-chaker-aufgehoben\">Artikel<\/a> hei\u00dft es dann weiter:<\/p>\n<blockquote>\n<p><em>&#8220;Alles zwischen Saal 150 und 164 ist gesperrt. Zugang gesperrt. &#8216;Nur f\u00fcr Personal und geladene Personen&#8217;, steht auf einem Schild. 10 Uhr sind alle im Saal. Der Ermittlungsrichter der Abteilung 351 mit seiner Protokollantin. Die auf Clan-Kriminalit\u00e4t spezialisierte Oberstaatsanw\u00e4ltin. Die hochkar\u00e4tigen Anw\u00e4lte des Delinquenten, Hansgeorg Birkhoff und Martin Rubbert.\u00a0<\/em><em>Und Arafat Abou-Chaker. <\/em><\/p>\n<p><em>13:20 Uhr ist alles vorbei \u2013 und Arafat Abou-Chaker frei: &#8216;Der Haftbefehl wurde aufgehoben&#8217;, sagt Rechtsanwalt Hansgeorg Birkhoff zu B.Z. und l\u00e4chelt zufrieden. Mit welcher Begr\u00fcndung der Haftbefehl aufgehoben wurde, sagt der Anwalt nicht.&#8221;<\/em><\/p>\n<\/blockquote>\n<p>Hansgeorg Birkhoff ist seit 1984 Rechtsanwalt in Berlin und Kanzlei-Mitsitzer von K\u00fcnasts Ehemann Portius. Zudem\u00a0Mitglied der\u00a0Arbeitsgemeinschaft Strafrecht im Deutschen Anwaltverein e.\u00a0V.<\/p>\n<p>Der von K\u00fcnast kritisierte Mansour kommentierte noch in der Sendung, anstatt dass \u00fcber &#8220;die echten Probleme gesprochen wird, Scheindebatten \u00fcber Begriffe gef\u00fchrt&#8221; w\u00fcrden. Mansour stellte klar: &#8220;Diese Debatte ist genau das, was in Berlin hakt.&#8221; Unerw\u00fcnschte Benennungen von &#8220;patriarchalischen Strukturen in Clans&#8221; f\u00fchren sehr wohl &#8220;oft zu Kriminalit\u00e4t&#8221;, so Mansour weiter in der <em>rbb<\/em>&#8211;<a rel=\"nofollow noopener\" target=\"_blank\" href=\"https:\/\/www.ardmediathek.de\/video\/Y3JpZDovL3JiYl82ZmM0ZDFmYS1kZTQ2LTQ4M2YtYmU1Yi1kYjc5NzViYjEwOWVfcHVibGljYXRpb24\">Sendung<\/a> vom 22. August. K\u00fcnast erwiderte echauffiert: &#8220;Finden Sie ein anderes Wort, damit tun Sie sich und anderen einen Gefallen!&#8221; Mansour verweigerte diese Aufforderung und erwiderte, er wolle \u00fcber reale Zust\u00e4nde und nicht \u00fcber Begrifflichkeiten sprechen.<\/p>\n<p><strong>Mehr zum Thema \u2013 <\/strong><a rel=\"nofollow noopener\" target=\"_blank\" href=\"https:\/\/freedert.online\/inland\/177300-lauterbach-bestaetigt-deutsches-clan-problem\/\">Lauterbach best\u00e4tigt deutsches Clan-Problem und unterst\u00fctzt Ausweisungs-Pl\u00e4ne von Faeser<\/a><\/p>\n<\/div>\n<p><script async src=\"https:\/\/platform.twitter.com\/widgets.js\" charset=\"utf-8\"><\/script><br \/>\n<br \/><br \/>\n<br \/><a href=\"https:\/\/de.rt.com\/inland\/178966-renate-kuenast-kritisiert-das-wort-clan-kriminalitaet\/\">Source link <\/a><\/p>\n","protected":false},"excerpt":{"rendered":"<p>In der Clan-Hochburg Berlin diskutierte die Gr\u00fcnen-Politikerin Renate K\u00fcnast mit dem migrationskritischen Autor Ahmad Mansour zu ebenjenem Thema. Sie st\u00f6rt sich an dem f\u00fcr sie wertenden Begriff. Ein m\u00f6gliches Problem: Die Kanzlei ihres Ehemanns verteidigt Kriminelle aus diesem Milieu. Die Hauptstadt Berlin hat ein zunehmendes Problem mit Kriminalit\u00e4t. Hintergrundakteure wie auch potenzielle T\u00e4ter haben dabei [&hellip;]<\/p>\n","protected":false},"author":3,"featured_media":45174,"comment_status":"open","ping_status":"open","sticky":false,"template":"","format":"standard","meta":{"_yoast_indexnow_last_ping":["1693064525"],"wp_automatic_camp":["217"],"90a0a361130fbb1509eea82abfc762e7":["Renate K\u00fcnast kritisiert das Wort Clan-Kriminalit\u00e4t \u2013 Ihr Mann vertritt als Anwalt Clan-Kriminelle"],"original_link":["https:\/\/de.rt.com\/inland\/178966-renate-kuenast-kritisiert-das-wort-clan-kriminalitaet\/"],"_thumbnail_id":["45174"],"jnews_social_counter_last_update":["1777262786"],"_wptgpro_p2tg_sent2tg":["a:1:{i:23737;s:19:\"2023-08-26 17:43:23\";}"]},"categories":[19,23],"tags":[273,12607,45744,48182,427,230,739,48181,8042,48180,21329,4733],"yoast_head":"<!-- This site is optimized with the Yoast SEO Premium plugin v22.7 (Yoast SEO v22.7) - https:\/\/yoast.com\/wordpress\/plugins\/seo\/ -->\n<title>Renate K\u00fcnast kritisiert das Wort Clan-Kriminalit\u00e4t \u2013 Ihr Mann vertritt als Anwalt Clan-Kriminelle - just-now.NEWS Deutschland<\/title>\n<meta name=\"robots\" content=\"index, follow, max-snippet:-1, max-image-preview:large, max-video-preview:-1\" \/>\n<link rel=\"canonical\" href=\"https:\/\/now-news.de\/de\/deutschland\/renate-kuenast-kritisiert-das-wort-clan-kriminalitaet-ihr-mann-vertritt-als-anwalt-clan-kriminelle\/\" \/>\n<meta property=\"og:locale\" content=\"de_DE\" \/>\n<meta property=\"og:type\" content=\"article\" \/>\n<meta property=\"og:title\" content=\"Renate K\u00fcnast kritisiert das Wort Clan-Kriminalit\u00e4t \u2013 Ihr Mann vertritt als Anwalt Clan-Kriminelle\" \/>\n<meta property=\"og:description\" content=\"In der Clan-Hochburg Berlin diskutierte die Gr\u00fcnen-Politikerin Renate K\u00fcnast mit dem migrationskritischen Autor Ahmad Mansour zu ebenjenem Thema. Sie st\u00f6rt sich an dem f\u00fcr sie wertenden Begriff. Ein m\u00f6gliches Problem: Die Kanzlei ihres Ehemanns verteidigt Kriminelle aus diesem Milieu. Die Hauptstadt Berlin hat ein zunehmendes Problem mit Kriminalit\u00e4t. Hintergrundakteure wie auch potenzielle T\u00e4ter haben dabei [&hellip;]\" \/>\n<meta property=\"og:url\" content=\"https:\/\/now-news.de\/de\/deutschland\/renate-kuenast-kritisiert-das-wort-clan-kriminalitaet-ihr-mann-vertritt-als-anwalt-clan-kriminelle\/\" \/>\n<meta property=\"og:site_name\" content=\"just-now.NEWS Deutschland\" \/>\n<meta property=\"article:publisher\" content=\"https:\/\/www.facebook.com\/wirmachenauf\" \/>\n<meta property=\"article:published_time\" content=\"2023-08-26T15:41:02+00:00\" \/>\n<meta property=\"og:image\" content=\"https:\/\/now-news.de\/de\/wp-content\/uploads\/sites\/3\/2023\/08\/Renate-Kuenast-kritisiert-das-Wort-Clan-Kriminalitaet-\u2013-Ihr-Mann-vertritt.jpg\" \/>\n\t<meta property=\"og:image:width\" content=\"460\" \/>\n\t<meta property=\"og:image:height\" content=\"259\" \/>\n\t<meta property=\"og:image:type\" content=\"image\/jpeg\" \/>\n<meta name=\"author\" content=\"rtnews\" \/>\n<meta name=\"twitter:card\" content=\"summary_large_image\" \/>\n<meta name=\"twitter:creator\" content=\"@WirMachenAuf_de\" \/>\n<meta name=\"twitter:site\" content=\"@WirMachenAuf_de\" \/>\n<meta name=\"twitter:label1\" content=\"Verfasst von\" \/>\n\t<meta name=\"twitter:data1\" content=\"rtnews\" \/>\n\t<meta name=\"twitter:label2\" content=\"Gesch\u00e4tzte Lesezeit\" \/>\n\t<meta name=\"twitter:data2\" content=\"4\u00a0Minuten\" \/>\n<script type=\"application\/ld+json\" class=\"yoast-schema-graph\">{\"@context\":\"https:\/\/schema.org\",\"@graph\":[{\"@type\":\"Article\",\"@id\":\"https:\/\/now-news.de\/de\/deutschland\/renate-kuenast-kritisiert-das-wort-clan-kriminalitaet-ihr-mann-vertritt-als-anwalt-clan-kriminelle\/#article\",\"isPartOf\":{\"@id\":\"https:\/\/now-news.de\/de\/deutschland\/renate-kuenast-kritisiert-das-wort-clan-kriminalitaet-ihr-mann-vertritt-als-anwalt-clan-kriminelle\/\"},\"author\":{\"name\":\"rtnews\",\"@id\":\"https:\/\/now-news.de\/de\/#\/schema\/person\/fb534a4e865501d8b3285208df34a9b5\"},\"headline\":\"Renate K\u00fcnast kritisiert das Wort Clan-Kriminalit\u00e4t \u2013 Ihr Mann vertritt als Anwalt Clan-Kriminelle\",\"datePublished\":\"2023-08-26T15:41:02+00:00\",\"dateModified\":\"2023-08-26T15:41:02+00:00\",\"mainEntityOfPage\":{\"@id\":\"https:\/\/now-news.de\/de\/deutschland\/renate-kuenast-kritisiert-das-wort-clan-kriminalitaet-ihr-mann-vertritt-als-anwalt-clan-kriminelle\/\"},\"wordCount\":876,\"commentCount\":0,\"publisher\":{\"@id\":\"https:\/\/now-news.de\/de\/#organization\"},\"image\":{\"@id\":\"https:\/\/now-news.de\/de\/deutschland\/renate-kuenast-kritisiert-das-wort-clan-kriminalitaet-ihr-mann-vertritt-als-anwalt-clan-kriminelle\/#primaryimage\"},\"thumbnailUrl\":\"https:\/\/now-news.de\/de\/wp-content\/uploads\/sites\/3\/2023\/08\/Renate-Kuenast-kritisiert-das-Wort-Clan-Kriminalitaet-\u2013-Ihr-Mann-vertritt.jpg\",\"keywords\":[\"als\",\"Anwalt\",\"Clankriminalit\u00e4t\",\"ClanKriminelle\",\"das\",\"ihr\",\"kritisiert\",\"K\u00fcnast\",\"Mann\",\"Renate\",\"vertritt\",\"Wort\"],\"articleSection\":[\"Deutschland\",\"Russland\"],\"inLanguage\":\"de\",\"potentialAction\":[{\"@type\":\"CommentAction\",\"name\":\"Comment\",\"target\":[\"https:\/\/now-news.de\/de\/deutschland\/renate-kuenast-kritisiert-das-wort-clan-kriminalitaet-ihr-mann-vertritt-als-anwalt-clan-kriminelle\/#respond\"]}]},{\"@type\":\"WebPage\",\"@id\":\"https:\/\/now-news.de\/de\/deutschland\/renate-kuenast-kritisiert-das-wort-clan-kriminalitaet-ihr-mann-vertritt-als-anwalt-clan-kriminelle\/\",\"url\":\"https:\/\/now-news.de\/de\/deutschland\/renate-kuenast-kritisiert-das-wort-clan-kriminalitaet-ihr-mann-vertritt-als-anwalt-clan-kriminelle\/\",\"name\":\"Renate K\u00fcnast kritisiert das Wort Clan-Kriminalit\u00e4t \u2013 Ihr Mann vertritt als Anwalt Clan-Kriminelle - just-now.NEWS Deutschland\",\"isPartOf\":{\"@id\":\"https:\/\/now-news.de\/de\/#website\"},\"primaryImageOfPage\":{\"@id\":\"https:\/\/now-news.de\/de\/deutschland\/renate-kuenast-kritisiert-das-wort-clan-kriminalitaet-ihr-mann-vertritt-als-anwalt-clan-kriminelle\/#primaryimage\"},\"image\":{\"@id\":\"https:\/\/now-news.de\/de\/deutschland\/renate-kuenast-kritisiert-das-wort-clan-kriminalitaet-ihr-mann-vertritt-als-anwalt-clan-kriminelle\/#primaryimage\"},\"thumbnailUrl\":\"https:\/\/now-news.de\/de\/wp-content\/uploads\/sites\/3\/2023\/08\/Renate-Kuenast-kritisiert-das-Wort-Clan-Kriminalitaet-\u2013-Ihr-Mann-vertritt.jpg\",\"datePublished\":\"2023-08-26T15:41:02+00:00\",\"dateModified\":\"2023-08-26T15:41:02+00:00\",\"breadcrumb\":{\"@id\":\"https:\/\/now-news.de\/de\/deutschland\/renate-kuenast-kritisiert-das-wort-clan-kriminalitaet-ihr-mann-vertritt-als-anwalt-clan-kriminelle\/#breadcrumb\"},\"inLanguage\":\"de\",\"potentialAction\":[{\"@type\":\"ReadAction\",\"target\":[\"https:\/\/now-news.de\/de\/deutschland\/renate-kuenast-kritisiert-das-wort-clan-kriminalitaet-ihr-mann-vertritt-als-anwalt-clan-kriminelle\/\"]}]},{\"@type\":\"ImageObject\",\"inLanguage\":\"de\",\"@id\":\"https:\/\/now-news.de\/de\/deutschland\/renate-kuenast-kritisiert-das-wort-clan-kriminalitaet-ihr-mann-vertritt-als-anwalt-clan-kriminelle\/#primaryimage\",\"url\":\"https:\/\/now-news.de\/de\/wp-content\/uploads\/sites\/3\/2023\/08\/Renate-Kuenast-kritisiert-das-Wort-Clan-Kriminalitaet-\u2013-Ihr-Mann-vertritt.jpg\",\"contentUrl\":\"https:\/\/now-news.de\/de\/wp-content\/uploads\/sites\/3\/2023\/08\/Renate-Kuenast-kritisiert-das-Wort-Clan-Kriminalitaet-\u2013-Ihr-Mann-vertritt.jpg\",\"width\":460,\"height\":259,\"caption\":\"Renate K\u00fcnast kritisiert das Wort Clan-Kriminalit\u00e4t \u2013 Ihr Mann vertritt als Anwalt Clan-Kriminelle\"},{\"@type\":\"BreadcrumbList\",\"@id\":\"https:\/\/now-news.de\/de\/deutschland\/renate-kuenast-kritisiert-das-wort-clan-kriminalitaet-ihr-mann-vertritt-als-anwalt-clan-kriminelle\/#breadcrumb\",\"itemListElement\":[{\"@type\":\"ListItem\",\"position\":1,\"name\":\"Home\",\"item\":\"https:\/\/now-news.de\/de\/\"},{\"@type\":\"ListItem\",\"position\":2,\"name\":\"Renate K\u00fcnast kritisiert das Wort Clan-Kriminalit\u00e4t \u2013 Ihr Mann vertritt als Anwalt Clan-Kriminelle\"}]},{\"@type\":\"WebSite\",\"@id\":\"https:\/\/now-news.de\/de\/#website\",\"url\":\"https:\/\/now-news.de\/de\/\",\"name\":\"just-now.NEWS Deutschland\",\"description\":\"Das Portal f\u00fcr unzensierte Nachrichten aus der Welt\",\"publisher\":{\"@id\":\"https:\/\/now-news.de\/de\/#organization\"},\"potentialAction\":[{\"@type\":\"SearchAction\",\"target\":{\"@type\":\"EntryPoint\",\"urlTemplate\":\"https:\/\/now-news.de\/de\/?s={search_term_string}\"},\"query-input\":\"required name=search_term_string\"}],\"inLanguage\":\"de\"},{\"@type\":\"Organization\",\"@id\":\"https:\/\/now-news.de\/de\/#organization\",\"name\":\"Just Now News\",\"url\":\"https:\/\/now-news.de\/de\/\",\"logo\":{\"@type\":\"ImageObject\",\"inLanguage\":\"de\",\"@id\":\"https:\/\/now-news.de\/de\/#\/schema\/logo\/image\/\",\"url\":\"http:\/\/just-now.news\/de\/wp-content\/uploads\/sites\/3\/2022\/04\/logo500x500.jpg\",\"contentUrl\":\"http:\/\/just-now.news\/de\/wp-content\/uploads\/sites\/3\/2022\/04\/logo500x500.jpg\",\"width\":500,\"height\":500,\"caption\":\"Just Now News\"},\"image\":{\"@id\":\"https:\/\/now-news.de\/de\/#\/schema\/logo\/image\/\"},\"sameAs\":[\"https:\/\/www.facebook.com\/wirmachenauf\",\"https:\/\/x.com\/WirMachenAuf_de\"]},{\"@type\":\"Person\",\"@id\":\"https:\/\/now-news.de\/de\/#\/schema\/person\/fb534a4e865501d8b3285208df34a9b5\",\"name\":\"rtnews\",\"image\":{\"@type\":\"ImageObject\",\"inLanguage\":\"de\",\"@id\":\"https:\/\/now-news.de\/de\/#\/schema\/person\/image\/\",\"url\":\"https:\/\/secure.gravatar.com\/avatar\/82aafea7d8127119dd649515f56e2117?s=96&d=mm&r=g\",\"contentUrl\":\"https:\/\/secure.gravatar.com\/avatar\/82aafea7d8127119dd649515f56e2117?s=96&d=mm&r=g\",\"caption\":\"rtnews\"},\"url\":\"https:\/\/now-news.de\/de\/author\/rnews\/\"}]}<\/script>\n<!-- \/ Yoast SEO Premium plugin. -->","yoast_head_json":{"title":"Renate K\u00fcnast kritisiert das Wort Clan-Kriminalit\u00e4t \u2013 Ihr Mann vertritt als Anwalt Clan-Kriminelle - just-now.NEWS Deutschland","robots":{"index":"index","follow":"follow","max-snippet":"max-snippet:-1","max-image-preview":"max-image-preview:large","max-video-preview":"max-video-preview:-1"},"canonical":"https:\/\/now-news.de\/de\/deutschland\/renate-kuenast-kritisiert-das-wort-clan-kriminalitaet-ihr-mann-vertritt-als-anwalt-clan-kriminelle\/","og_locale":"de_DE","og_type":"article","og_title":"Renate K\u00fcnast kritisiert das Wort Clan-Kriminalit\u00e4t \u2013 Ihr Mann vertritt als Anwalt Clan-Kriminelle","og_description":"In der Clan-Hochburg Berlin diskutierte die Gr\u00fcnen-Politikerin Renate K\u00fcnast mit dem migrationskritischen Autor Ahmad Mansour zu ebenjenem Thema. Sie st\u00f6rt sich an dem f\u00fcr sie wertenden Begriff. Ein m\u00f6gliches Problem: Die Kanzlei ihres Ehemanns verteidigt Kriminelle aus diesem Milieu. Die Hauptstadt Berlin hat ein zunehmendes Problem mit Kriminalit\u00e4t. Hintergrundakteure wie auch potenzielle T\u00e4ter haben dabei [&hellip;]","og_url":"https:\/\/now-news.de\/de\/deutschland\/renate-kuenast-kritisiert-das-wort-clan-kriminalitaet-ihr-mann-vertritt-als-anwalt-clan-kriminelle\/","og_site_name":"just-now.NEWS Deutschland","article_publisher":"https:\/\/www.facebook.com\/wirmachenauf","article_published_time":"2023-08-26T15:41:02+00:00","og_image":[{"width":460,"height":259,"url":"https:\/\/now-news.de\/de\/wp-content\/uploads\/sites\/3\/2023\/08\/Renate-Kuenast-kritisiert-das-Wort-Clan-Kriminalitaet-\u2013-Ihr-Mann-vertritt.jpg","type":"image\/jpeg"}],"author":"rtnews","twitter_card":"summary_large_image","twitter_creator":"@WirMachenAuf_de","twitter_site":"@WirMachenAuf_de","twitter_misc":{"Verfasst von":"rtnews","Gesch\u00e4tzte Lesezeit":"4\u00a0Minuten"},"schema":{"@context":"https:\/\/schema.org","@graph":[{"@type":"Article","@id":"https:\/\/now-news.de\/de\/deutschland\/renate-kuenast-kritisiert-das-wort-clan-kriminalitaet-ihr-mann-vertritt-als-anwalt-clan-kriminelle\/#article","isPartOf":{"@id":"https:\/\/now-news.de\/de\/deutschland\/renate-kuenast-kritisiert-das-wort-clan-kriminalitaet-ihr-mann-vertritt-als-anwalt-clan-kriminelle\/"},"author":{"name":"rtnews","@id":"https:\/\/now-news.de\/de\/#\/schema\/person\/fb534a4e865501d8b3285208df34a9b5"},"headline":"Renate K\u00fcnast kritisiert das Wort Clan-Kriminalit\u00e4t \u2013 Ihr Mann vertritt als Anwalt Clan-Kriminelle","datePublished":"2023-08-26T15:41:02+00:00","dateModified":"2023-08-26T15:41:02+00:00","mainEntityOfPage":{"@id":"https:\/\/now-news.de\/de\/deutschland\/renate-kuenast-kritisiert-das-wort-clan-kriminalitaet-ihr-mann-vertritt-als-anwalt-clan-kriminelle\/"},"wordCount":876,"commentCount":0,"publisher":{"@id":"https:\/\/now-news.de\/de\/#organization"},"image":{"@id":"https:\/\/now-news.de\/de\/deutschland\/renate-kuenast-kritisiert-das-wort-clan-kriminalitaet-ihr-mann-vertritt-als-anwalt-clan-kriminelle\/#primaryimage"},"thumbnailUrl":"https:\/\/now-news.de\/de\/wp-content\/uploads\/sites\/3\/2023\/08\/Renate-Kuenast-kritisiert-das-Wort-Clan-Kriminalitaet-\u2013-Ihr-Mann-vertritt.jpg","keywords":["als","Anwalt","Clankriminalit\u00e4t","ClanKriminelle","das","ihr","kritisiert","K\u00fcnast","Mann","Renate","vertritt","Wort"],"articleSection":["Deutschland","Russland"],"inLanguage":"de","potentialAction":[{"@type":"CommentAction","name":"Comment","target":["https:\/\/now-news.de\/de\/deutschland\/renate-kuenast-kritisiert-das-wort-clan-kriminalitaet-ihr-mann-vertritt-als-anwalt-clan-kriminelle\/#respond"]}]},{"@type":"WebPage","@id":"https:\/\/now-news.de\/de\/deutschland\/renate-kuenast-kritisiert-das-wort-clan-kriminalitaet-ihr-mann-vertritt-als-anwalt-clan-kriminelle\/","url":"https:\/\/now-news.de\/de\/deutschland\/renate-kuenast-kritisiert-das-wort-clan-kriminalitaet-ihr-mann-vertritt-als-anwalt-clan-kriminelle\/","name":"Renate K\u00fcnast kritisiert das Wort Clan-Kriminalit\u00e4t \u2013 Ihr Mann vertritt als Anwalt Clan-Kriminelle - just-now.NEWS Deutschland","isPartOf":{"@id":"https:\/\/now-news.de\/de\/#website"},"primaryImageOfPage":{"@id":"https:\/\/now-news.de\/de\/deutschland\/renate-kuenast-kritisiert-das-wort-clan-kriminalitaet-ihr-mann-vertritt-als-anwalt-clan-kriminelle\/#primaryimage"},"image":{"@id":"https:\/\/now-news.de\/de\/deutschland\/renate-kuenast-kritisiert-das-wort-clan-kriminalitaet-ihr-mann-vertritt-als-anwalt-clan-kriminelle\/#primaryimage"},"thumbnailUrl":"https:\/\/now-news.de\/de\/wp-content\/uploads\/sites\/3\/2023\/08\/Renate-Kuenast-kritisiert-das-Wort-Clan-Kriminalitaet-\u2013-Ihr-Mann-vertritt.jpg","datePublished":"2023-08-26T15:41:02+00:00","dateModified":"2023-08-26T15:41:02+00:00","breadcrumb":{"@id":"https:\/\/now-news.de\/de\/deutschland\/renate-kuenast-kritisiert-das-wort-clan-kriminalitaet-ihr-mann-vertritt-als-anwalt-clan-kriminelle\/#breadcrumb"},"inLanguage":"de","potentialAction":[{"@type":"ReadAction","target":["https:\/\/now-news.de\/de\/deutschland\/renate-kuenast-kritisiert-das-wort-clan-kriminalitaet-ihr-mann-vertritt-als-anwalt-clan-kriminelle\/"]}]},{"@type":"ImageObject","inLanguage":"de","@id":"https:\/\/now-news.de\/de\/deutschland\/renate-kuenast-kritisiert-das-wort-clan-kriminalitaet-ihr-mann-vertritt-als-anwalt-clan-kriminelle\/#primaryimage","url":"https:\/\/now-news.de\/de\/wp-content\/uploads\/sites\/3\/2023\/08\/Renate-Kuenast-kritisiert-das-Wort-Clan-Kriminalitaet-\u2013-Ihr-Mann-vertritt.jpg","contentUrl":"https:\/\/now-news.de\/de\/wp-content\/uploads\/sites\/3\/2023\/08\/Renate-Kuenast-kritisiert-das-Wort-Clan-Kriminalitaet-\u2013-Ihr-Mann-vertritt.jpg","width":460,"height":259,"caption":"Renate K\u00fcnast kritisiert das Wort Clan-Kriminalit\u00e4t \u2013 Ihr Mann vertritt als Anwalt Clan-Kriminelle"},{"@type":"BreadcrumbList","@id":"https:\/\/now-news.de\/de\/deutschland\/renate-kuenast-kritisiert-das-wort-clan-kriminalitaet-ihr-mann-vertritt-als-anwalt-clan-kriminelle\/#breadcrumb","itemListElement":[{"@type":"ListItem","position":1,"name":"Home","item":"https:\/\/now-news.de\/de\/"},{"@type":"ListItem","position":2,"name":"Renate K\u00fcnast kritisiert das Wort Clan-Kriminalit\u00e4t \u2013 Ihr Mann vertritt als Anwalt Clan-Kriminelle"}]},{"@type":"WebSite","@id":"https:\/\/now-news.de\/de\/#website","url":"https:\/\/now-news.de\/de\/","name":"just-now.NEWS Deutschland","description":"Das Portal f\u00fcr unzensierte Nachrichten aus der Welt","publisher":{"@id":"https:\/\/now-news.de\/de\/#organization"},"potentialAction":[{"@type":"SearchAction","target":{"@type":"EntryPoint","urlTemplate":"https:\/\/now-news.de\/de\/?s={search_term_string}"},"query-input":"required name=search_term_string"}],"inLanguage":"de"},{"@type":"Organization","@id":"https:\/\/now-news.de\/de\/#organization","name":"Just Now News","url":"https:\/\/now-news.de\/de\/","logo":{"@type":"ImageObject","inLanguage":"de","@id":"https:\/\/now-news.de\/de\/#\/schema\/logo\/image\/","url":"http:\/\/just-now.news\/de\/wp-content\/uploads\/sites\/3\/2022\/04\/logo500x500.jpg","contentUrl":"http:\/\/just-now.news\/de\/wp-content\/uploads\/sites\/3\/2022\/04\/logo500x500.jpg","width":500,"height":500,"caption":"Just Now News"},"image":{"@id":"https:\/\/now-news.de\/de\/#\/schema\/logo\/image\/"},"sameAs":["https:\/\/www.facebook.com\/wirmachenauf","https:\/\/x.com\/WirMachenAuf_de"]},{"@type":"Person","@id":"https:\/\/now-news.de\/de\/#\/schema\/person\/fb534a4e865501d8b3285208df34a9b5","name":"rtnews","image":{"@type":"ImageObject","inLanguage":"de","@id":"https:\/\/now-news.de\/de\/#\/schema\/person\/image\/","url":"https:\/\/secure.gravatar.com\/avatar\/82aafea7d8127119dd649515f56e2117?s=96&d=mm&r=g","contentUrl":"https:\/\/secure.gravatar.com\/avatar\/82aafea7d8127119dd649515f56e2117?s=96&d=mm&r=g","caption":"rtnews"},"url":"https:\/\/now-news.de\/de\/author\/rnews\/"}]}},"_links":{"self":[{"href":"https:\/\/now-news.de\/de\/wp-json\/wp\/v2\/posts\/45173"}],"collection":[{"href":"https:\/\/now-news.de\/de\/wp-json\/wp\/v2\/posts"}],"about":[{"href":"https:\/\/now-news.de\/de\/wp-json\/wp\/v2\/types\/post"}],"author":[{"embeddable":true,"href":"https:\/\/now-news.de\/de\/wp-json\/wp\/v2\/users\/3"}],"replies":[{"embeddable":true,"href":"https:\/\/now-news.de\/de\/wp-json\/wp\/v2\/comments?post=45173"}],"version-history":[{"count":0,"href":"https:\/\/now-news.de\/de\/wp-json\/wp\/v2\/posts\/45173\/revisions"}],"wp:featuredmedia":[{"embeddable":true,"href":"https:\/\/now-news.de\/de\/wp-json\/wp\/v2\/media\/45174"}],"wp:attachment":[{"href":"https:\/\/now-news.de\/de\/wp-json\/wp\/v2\/media?parent=45173"}],"wp:term":[{"taxonomy":"category","embeddable":true,"href":"https:\/\/now-news.de\/de\/wp-json\/wp\/v2\/categories?post=45173"},{"taxonomy":"post_tag","embeddable":true,"href":"https:\/\/now-news.de\/de\/wp-json\/wp\/v2\/tags?post=45173"}],"curies":[{"name":"wp","href":"https:\/\/api.w.org\/{rel}","templated":true}]}}