{"id":45139,"date":"2023-08-25T20:49:24","date_gmt":"2023-08-25T18:49:24","guid":{"rendered":"https:\/\/just-now.news\/de\/deutschland\/schwerer-schlag-fuer-russland-wer-hatte-interesse-an-der-ermordung-prigoschins\/"},"modified":"2023-08-25T20:49:24","modified_gmt":"2023-08-25T18:49:24","slug":"schwerer-schlag-fuer-russland-wer-hatte-interesse-an-der-ermordung-prigoschins","status":"publish","type":"post","link":"https:\/\/now-news.de\/de\/deutschland\/schwerer-schlag-fuer-russland-wer-hatte-interesse-an-der-ermordung-prigoschins\/","title":{"rendered":"&quot;Schwerer Schlag f\u00fcr Russland&quot; \u2013 Wer hatte Interesse an der Ermordung Prigoschins?"},"content":{"rendered":"<p><img decoding=\"async\" src=\"http:\/\/just-now.news\/de\/wp-content\/uploads\/sites\/3\/2023\/08\/64e8d8cd48fbef709b13c5c1.jpg\" \/><\/p>\n<div class=\"Text-root Text-type_1 \">\n                Der Gesch\u00e4ftsmann und Chef der Wagner-Gruppe Jewgeni Prigoschin und seine Vertraute kamen bei dem Absturz seines privaten Flugzeugs ums Leben. Der Westen sieht klar Wladimir Putin hinter dem Anschlag. Doch die einfache Frage &#8220;Wem nutzt Prigoschins Liquidierung auf diese Art und Weise?&#8221; lenkt den Verdacht in eine ganz andere Richtung.\n            <\/div>\n<p><\/p>\n<div class=\"Text-root Text-type_5 ArticleView-text ViewText-root \">\n<p><em>Von Wladislaw Sankin<\/em><\/p>\n<p>Die Nachricht \u00fcber den Tod des russischen Gesch\u00e4ftsmanns und Chefs des Milit\u00e4runternehmens &#8220;Wagner&#8221; Jewgeni Prigoschin und seines wichtigsten Kommandeurs Dmitri &#8220;Wagner&#8221; Utkin bei einem Flugzeugabsturz auf einer innerrussischen Flugroute traf die globale Medienlandschaft am Donnerstagabend schockartig. Ganz unerwartet kam sie jedoch nicht, denn Prigoschin lebte gef\u00e4hrlich, war st\u00e4ndig in den gef\u00e4hrlichsten Gegenden der Welt unterwegs und schaute oft dem Tod ins Auge.<\/p>\n<p>Vor allem die Tatsache, dass Prigoschin sich w\u00e4hrend der Artjomowsk-Kampagne mit der russischen Milit\u00e4rf\u00fchrung medienwirksam anlegte und im Juni sogar einen bewaffneten Marsch seiner K\u00e4mpfer nach Moskau befehligte, machte ihn f\u00fcr den Westen und die Ukraine zu einem interessanten Akteur. So wurde die Erz\u00e4hlung \u00fcber &#8220;die Rache Putins&#8221; f\u00fcr den angeblichen Verrat Prigoschins geboren, die nun vor unseren Augen in die K\u00f6pfe der Medienkonsumenten im Westen eingeh\u00e4mmert wird.\u00a0<\/p>\n<p>Aber auch in Russland gibt es genug Menschen, selbst im Pro-Putin-Lager, die die Rache- oder Abschreckungsoption bei einem mutma\u00dflichen Mordmotiv plausibel finden. Die Berichterstatter und Analysten m\u00fcssen deshalb, wenn sie sachlich bleiben wollen, Ruhe bewahren und auf neue Informationen warten, die es erlauben, die\u00a0Ursache des Absturzes genauer zu erkl\u00e4ren. Bis dahin sind die Spekulationen nur ein sinnloser Hype und schizophrene Hysterie.<\/p>\n<p>Als m\u00f6gliche Ursachen f\u00fcr den Absturz kommen aktuell ein Abschuss, die Zerst\u00f6rung des Flugzeugs durch einen an Bord versteckten Sprengsatz oder technisches Versagen infrage.\u00a0<\/p>\n<p>Der russische Milit\u00e4rexperte Wladislaw Schurygin erinnert in der auf seinem Telegram-Kanal ge\u00e4u\u00dferten <a rel=\"nofollow noopener\" target=\"_blank\" href=\"https:\/\/t.me\/ramzayiegokomanda\/4194\">Analyse<\/a> an den Absturz des Hubschraubers mit dem damals in Russlands sehr popul\u00e4ren General Alexander Lebed an Bord im Jahre 2002. Lebed und sieben Menschen starben, zw\u00f6lf \u00fcberlebten. Da Lebed eine politische Karriere als erfolgreicher General und Regierungskritiker gemacht hatte, wurden jahrelang in den Medien die Ger\u00fcchte \u00fcber einen Auftragsmord an dem &#8220;Rivalen Putins&#8221; gesch\u00fcrt. In Wirklichkeit gab es aber keine Verschw\u00f6rung, der Hubschrauber st\u00fcrzte wegen des Zusammensto\u00dfes mit einer Stromleitung bei nebeligem Wetter ab. Die Trag\u00f6die war also ein Unfalltod. &#8220;Nat\u00fcrlich k\u00f6nnen wir auch die Version des technischen Versagens nicht ausschlie\u00dfen&#8221;, sagte Schurygin in diesem Zusammenhang \u00fcber den Absturz von Prigoschins Maschine.\u00a0<\/p>\n<p>Dann geht er allen anderen Versionen nach. Da bislang auf keinem der zahlreichen Augenzeugenvideos Spuren einer Boden-Luft-Rakete zu sehen waren, h\u00e4lt er einen Abschuss des Flugzeugs f\u00fcr wenig wahrscheinlich. Eine Bombe an Bord sei dagegen viel wahrscheinlicher. Mehrere Zeugen berichteten von zwei Explosionen, die zu h\u00f6ren gewesen sein sollen. Nach bislang nicht offiziell best\u00e4tigten Informationen &#8220;aus dem Umkreis der Ermittler&#8221; k\u00f6nnte ein Sprengsatz im Radkasten die Maschine zum Absturz gebracht haben.\u00a0Aufgrund einer Detonation in der Luft st\u00fcrzte das Heckteil des Flugzeugs mehrere Kilometer vom Rumpf ab. Einige Luftfahrtexperten halten jedoch eine Detonation im Inneren des Flugzeugs f\u00fcr wahrscheinlicher.<\/p>\n<p>Der Milit\u00e4rexperte, der den Gr\u00fcnder des Milit\u00e4runternehmens seit 2014 pers\u00f6nlich kannte, betonte, dass Prigoschin jede Menge Feinde und im Laufe der Zeit viel Blut vergossen hatte. Dass er mit neun Unbeteiligten jedoch von den russischen Geheimdiensten derart beseitigt werden konnte, h\u00e4lt er f\u00fcr \u00e4u\u00dferst unwahrscheinlich:<\/p>\n<blockquote>\n<p><em>&#8220;Verdammt, am helllichten Tag, am russischen Himmel, in der N\u00e4he von Moskau, und dann auch noch so, dass der Informationsraum in die Luft fliegt? Ich kann es nicht glauben! Prigoschin war gerade aus Afrika zur\u00fcckgekehrt \u2013 niemand wurde daran gehindert, ihn dort &#8216;auszuschalten&#8217;.&#8221;<\/em><\/p>\n<\/blockquote>\n<p>Der pensionierte Generalleutnant des Auslandsnachrichtendienstes Leonid Reschetnikow stellte im <a rel=\"nofollow noopener\" target=\"_blank\" href=\"https:\/\/dzen.ru\/a\/ZOeglX-2u0UWzmeM?from_site=mail\">Gespr\u00e4ch<\/a> mit <em>Tsargrad<\/em> fest, dass &#8220;kein Spezialdienst unseres Landes jemals eine Aktion durchf\u00fchren w\u00fcrde, die irgendeine Beteiligung seiner F\u00fchrung erkennen lie\u00dfe&#8221;.<\/p>\n<p>Und was ist mit der Staatsf\u00fchrung? Hatte sie vielleicht doch Interesse an einer Beseitigung Prigoschins? Der Pr\u00e4sident habe Prigoschin sein Wort gegeben, dass ihm und seinen K\u00e4mpfern trotz menschlicher Opfer bei der regul\u00e4ren Armee w\u00e4hrend der kurzzeitigen Meuterei am 24. Juni keine Repressalien drohen, schreibt Schurygin dazu. Prigoschin habe ohnehin schon einen betr\u00e4chtlichen Teil seines Besitzes und seines Ansehens verloren gehabt, und ihm nachzutreten w\u00fcrde weder f\u00fcr Putin noch f\u00fcr die russische Milit\u00e4rf\u00fchrung noch Sinn mehr. Au\u00dferdem berge so ein spektakul\u00e4rer Anschlag in der Mitte Russlands viele unkalkulierbare Risiken, die die russische F\u00fchrung auf keinen Fall eingehen w\u00fcrde.\u00a0<\/p>\n<p>Kalkulierbar ist dagegen der Nutzen, den ausl\u00e4ndische Geheimdienste gerade aus einer derartig spektakul\u00e4r ausgef\u00fchrten Beseitigung Prigoschins sch\u00f6pfen k\u00f6nnten. &#8220;Die CIA, der MI6, die franz\u00f6sische DGSE und der ukrainische GUR k\u00f6nnten so etwas tun&#8221;, sagt Schurygin. Er f\u00fchrt weiter aus:<em>\u00a0<\/em><\/p>\n<blockquote>\n<p><em>&#8220;Die \u00f6ffentliche Ermordung einer der medienwirksamsten und einflussreichsten Pers\u00f6nlichkeiten des \u00f6ffentlichen Lebens ist ein schwerer Schlag f\u00fcr das russische kollektive Unterbewusstsein. Auch hier geht es um die Beseitigung eines gef\u00e4hrlichen Feindes, der auf die Umverteilung Afrikas aus ist. <\/em><\/p>\n<p><em>Die Ermordung Prigoschins ist eine Provokation der &#8216;Zwietracht&#8217; in der russischen milit\u00e4rischen und politischen F\u00fchrung und eine emotionale Explosion im milit\u00e4rischen Umfeld, wo Prigoschin und Wagner viele Anh\u00e4nger und Bewunderer haben. Ein perfekter Treffer an der Schmerzgrenze der Gesellschaft!&#8221;<\/em><\/p>\n<\/blockquote>\n<p>\u00c4hnlich bewertet auch der Politikwissenschaftler und Medienexperte Semjon Uralow den Schaden f\u00fcr Russland. Er weist darauf hin, dass Prigoschin ein starker und unabh\u00e4ngiger medialer Akteur war, der die Probleme an der Front und in der Gesellschaft offen und frech anzusprechen wagte. Er stellte nicht nur eine \u00e4u\u00dferst kampff\u00e4hige Privatarmee zusammen. Er leistete effektive Medienarbeit und war gewiefter Propagandist. &#8220;Solche Naturtalente k\u00f6nnen nicht gezielt gez\u00fcchtet werden, sie brauchen Jahre, um zu keimen. Dies ist ein gro\u00dfer Verlust f\u00fcr die Fronten im kognitiven Krieg. Russland hat nun keine Medienfigur mehr,\u00a0die bedrohlich (nach au\u00dfen) wirken k\u00f6nnte&#8221;, <a rel=\"nofollow noopener\" target=\"_blank\" href=\"https:\/\/t.me\/su2050\/3408\">schrieb<\/a> Uralow auf seinem Telegram-Kanal.\u00a0<\/p>\n<p>Zudem w\u00e4re ein solcher Anschlag auch ein Zeichen der Schw\u00e4che der Staatsmacht. &#8220;Ein Terroranschlag solchen Ausma\u00dfes, egal, wie er realisiert wird, wird von den Menschen als Schw\u00e4chung der Kontrolle \u00fcber die Eliten und der Kontrollierbarkeit der Eliten interpretiert&#8221;, <a rel=\"nofollow noopener\" target=\"_blank\" href=\"https:\/\/dzen.ru\/a\/ZOeglX-2u0UWzmeM?from_site=mail\">schreibt<\/a>\u00a0<em>Tsargrad<\/em>.\u00a0<\/p>\n<p>F\u00fcr den geopolitischen Analytiker und Zukunftsforscher Sergej Pereslegin ist die Trag\u00f6die im Luftraum von Twer eine strategische Niederlage Russlands \u2013 ein Ereignis, das mit dem Scheitern der Mondlandung wenige Tage zuvor wie &#8220;bestellt&#8221; zusammenf\u00e4llt. In einem <a rel=\"nofollow noopener\" target=\"_blank\" href=\"https:\/\/www.youtube.com\/watch?v=1gWhYk_Ghyo\">Interview<\/a> kam er in seinen \u00dcberlegungen zu dem Schluss, dass nur Frankreich einen eindeutigen gesch\u00e4ftlichen Nutzen an der Beseitigung Prigoschins hatte. Sie k\u00f6nnte Paris helfen, die antifranz\u00f6sische Putschregierung in Niger gef\u00fcgiger zu machen oder, die Schw\u00e4che Wagners nach dem Tod von dessen F\u00fchrung nutzend, gar eine Intervention in das afrikanische Land zu wagen. In den letzten Wochen war Prigoschin wieder verst\u00e4rkt im Afrika-Gesch\u00e4ft aktiv, was Putin in seinem Statement zu dem Absturz auch<a rel=\"nofollow noopener\" target=\"_blank\" href=\"https:\/\/freedert.online\/russland\/178811-putin-aeussert-sich-zum-tod\/\"> betonte<\/a>.\u00a0<\/p>\n<p>In der russischen Expertenschaft gibt es kaum eine Stimme, die im mutma\u00dflichen Anschlag auf Wagners F\u00fchrungsriege irgendeinen Nutzen f\u00fcr den Pr\u00e4sidenten und das Land erkennen k\u00f6nnte (moralisch Degenerierte aus der russischen Exil-Opposition, die auf YouTube in Champagner-Stimmung angesichts der Trag\u00f6die <a rel=\"nofollow noopener\" target=\"_blank\" href=\"https:\/\/t.me\/tomilinnikita\/1385\">jubeln<\/a>, einmal beiseitegelassen). In der breiten Bev\u00f6lkerung l\u00f6ste die traurige Nachricht eine Welle der Anteilnahme aus. An vielen Orten im ganzen Land, die mit dem Milit\u00e4runternehmen zu tun haben, etwa vor der Wagner-Zentrale in Sankt-Petersburg, werden derzeit zahlreiche Blumen und Kr\u00e4nze niedergelegt. Der Politiker, Gesch\u00e4ftsmann und gefragte Experte Oleg Tsarjow<a rel=\"nofollow noopener\" target=\"_blank\" href=\"https:\/\/t.me\/olegtsarov\/7930\"> schrieb<\/a> am Morgen nach der Trag\u00f6die auf seinem Telegram-Kanal:<\/p>\n<blockquote>\n<p><em>&#8220;Das ist ein schwerer Schlag f\u00fcr das Land. Vielleicht ist es ihm noch gar nicht bewusst. Prigoschin war Russlands Joker, der es dem Land erm\u00f6glichte, auf der Weltb\u00fchne au\u00dferhalb der Regeln zu spielen. Unsere Feinde jubeln heute. Wir sind in Trauer.&#8221;\u00a0<\/em><\/p>\n<\/blockquote>\n<p><strong>Mehr zum Thema<\/strong> &#8211;\u00a0<a rel=\"nofollow noopener\" target=\"_blank\" href=\"https:\/\/freedert.online\/kurzclips\/video\/178818-scott-ritter-prigoschin-hatte-gegen\/\">Scott Ritter: &#8220;Prigoschin hatte gegen seine &#8216;Bew\u00e4hrungsauflagen&#8217; versto\u00dfen&#8221;<\/a><\/p>\n<div class=\"EmbedBlock-root EmbedBlock-externalVideo EmbedBlock-vk\">\n<div class=\"VkEmbed\"><iframe class=\"lazyload\" data-src=\"https:\/\/vk.com\/video_ext.php?oid=-134310637&amp;id=456269371&amp;hash=b7716c2111633df7\" frameborder=\"0\" width=\"853\" height=\"480\" allowfullscreen><\/iframe><\/div>\n<\/div>\n<\/div>\n<p><br \/>\n<br \/><a href=\"https:\/\/de.rt.com\/russland\/178808-schwerer-schlag-fuer-russland-wer\/\">Source link <\/a><\/p>\n","protected":false},"excerpt":{"rendered":"<p>Der Gesch\u00e4ftsmann und Chef der Wagner-Gruppe Jewgeni Prigoschin und seine Vertraute kamen bei dem Absturz seines privaten Flugzeugs ums Leben. Der Westen sieht klar Wladimir Putin hinter dem Anschlag. Doch die einfache Frage &#8220;Wem nutzt Prigoschins Liquidierung auf diese Art und Weise?&#8221; lenkt den Verdacht in eine ganz andere Richtung. Von Wladislaw Sankin Die Nachricht [&hellip;]<\/p>\n","protected":false},"author":3,"featured_media":45140,"comment_status":"open","ping_status":"open","sticky":false,"template":"","format":"standard","meta":{"_yoast_indexnow_last_ping":["1692991387"],"wp_automatic_camp":["217"],"1e7a4de4c11ca3ddb4d3ecc3d4628336":["&quot;Schwerer Schlag f\u00fcr Russland&quot; \u2013 Wer hatte Interesse an der Ermordung Prigoschins?"],"original_link":["https:\/\/de.rt.com\/russland\/178808-schwerer-schlag-fuer-russland-wer\/"],"_thumbnail_id":["45140"],"_wptgpro_p2tg_sent2tg":["a:1:{i:23737;s:19:\"2023-08-25 21:24:08\";}"],"jnews_social_counter_last_update":["1776642875"]},"categories":[19,23],"tags":[82,20430,221,5373,19855,46034,19448,24672,6406,8965],"yoast_head":"<!-- This site is optimized with the Yoast SEO Premium plugin v22.7 (Yoast SEO v22.7) - https:\/\/yoast.com\/wordpress\/plugins\/seo\/ -->\n<title>&quot;Schwerer Schlag f\u00fcr Russland&quot; \u2013 Wer hatte Interesse an der Ermordung Prigoschins? - just-now.NEWS Deutschland<\/title>\n<meta name=\"robots\" content=\"index, follow, max-snippet:-1, max-image-preview:large, max-video-preview:-1\" \/>\n<link rel=\"canonical\" href=\"https:\/\/now-news.de\/de\/deutschland\/schwerer-schlag-fuer-russland-wer-hatte-interesse-an-der-ermordung-prigoschins\/\" \/>\n<meta property=\"og:locale\" content=\"de_DE\" \/>\n<meta property=\"og:type\" content=\"article\" \/>\n<meta property=\"og:title\" content=\"&quot;Schwerer Schlag f\u00fcr Russland&quot; \u2013 Wer hatte Interesse an der Ermordung Prigoschins?\" \/>\n<meta property=\"og:description\" content=\"Der Gesch\u00e4ftsmann und Chef der Wagner-Gruppe Jewgeni Prigoschin und seine Vertraute kamen bei dem Absturz seines privaten Flugzeugs ums Leben. Der Westen sieht klar Wladimir Putin hinter dem Anschlag. Doch die einfache Frage &#8220;Wem nutzt Prigoschins Liquidierung auf diese Art und Weise?&#8221; lenkt den Verdacht in eine ganz andere Richtung. Von Wladislaw Sankin Die Nachricht [&hellip;]\" \/>\n<meta property=\"og:url\" content=\"https:\/\/now-news.de\/de\/deutschland\/schwerer-schlag-fuer-russland-wer-hatte-interesse-an-der-ermordung-prigoschins\/\" \/>\n<meta property=\"og:site_name\" content=\"just-now.NEWS Deutschland\" \/>\n<meta property=\"article:publisher\" content=\"https:\/\/www.facebook.com\/wirmachenauf\" \/>\n<meta property=\"article:published_time\" content=\"2023-08-25T18:49:24+00:00\" \/>\n<meta property=\"og:image\" content=\"https:\/\/now-news.de\/de\/wp-content\/uploads\/sites\/3\/2023\/08\/quotSchwerer-Schlag-fuer-Russlandquot-\u2013-Wer-hatte-Interesse-an-der.jpg\" \/>\n\t<meta property=\"og:image:width\" content=\"460\" \/>\n\t<meta property=\"og:image:height\" content=\"259\" \/>\n\t<meta property=\"og:image:type\" content=\"image\/jpeg\" \/>\n<meta name=\"author\" content=\"rtnews\" \/>\n<meta name=\"twitter:card\" content=\"summary_large_image\" \/>\n<meta name=\"twitter:creator\" content=\"@WirMachenAuf_de\" \/>\n<meta name=\"twitter:site\" content=\"@WirMachenAuf_de\" \/>\n<meta name=\"twitter:label1\" content=\"Verfasst von\" \/>\n\t<meta name=\"twitter:data1\" content=\"rtnews\" \/>\n\t<meta name=\"twitter:label2\" content=\"Gesch\u00e4tzte Lesezeit\" \/>\n\t<meta name=\"twitter:data2\" content=\"7\u00a0Minuten\" \/>\n<script type=\"application\/ld+json\" class=\"yoast-schema-graph\">{\"@context\":\"https:\/\/schema.org\",\"@graph\":[{\"@type\":\"Article\",\"@id\":\"https:\/\/now-news.de\/de\/deutschland\/schwerer-schlag-fuer-russland-wer-hatte-interesse-an-der-ermordung-prigoschins\/#article\",\"isPartOf\":{\"@id\":\"https:\/\/now-news.de\/de\/deutschland\/schwerer-schlag-fuer-russland-wer-hatte-interesse-an-der-ermordung-prigoschins\/\"},\"author\":{\"name\":\"rtnews\",\"@id\":\"https:\/\/now-news.de\/de\/#\/schema\/person\/fb534a4e865501d8b3285208df34a9b5\"},\"headline\":\"&quot;Schwerer Schlag f\u00fcr Russland&quot; \u2013 Wer hatte Interesse an der Ermordung Prigoschins?\",\"datePublished\":\"2023-08-25T18:49:24+00:00\",\"dateModified\":\"2023-08-25T18:49:24+00:00\",\"mainEntityOfPage\":{\"@id\":\"https:\/\/now-news.de\/de\/deutschland\/schwerer-schlag-fuer-russland-wer-hatte-interesse-an-der-ermordung-prigoschins\/\"},\"wordCount\":1357,\"commentCount\":0,\"publisher\":{\"@id\":\"https:\/\/now-news.de\/de\/#organization\"},\"image\":{\"@id\":\"https:\/\/now-news.de\/de\/deutschland\/schwerer-schlag-fuer-russland-wer-hatte-interesse-an-der-ermordung-prigoschins\/#primaryimage\"},\"thumbnailUrl\":\"https:\/\/now-news.de\/de\/wp-content\/uploads\/sites\/3\/2023\/08\/quotSchwerer-Schlag-fuer-Russlandquot-\u2013-Wer-hatte-Interesse-an-der.jpg\",\"keywords\":[\"der\",\"Ermordung\",\"f\u00fcr\",\"h\u00e4tte\",\"Interesse\",\"Prigoschins\",\"quotschwerer\",\"Russlandquot\",\"Schlag\",\"Wer\"],\"articleSection\":[\"Deutschland\",\"Russland\"],\"inLanguage\":\"de\",\"potentialAction\":[{\"@type\":\"CommentAction\",\"name\":\"Comment\",\"target\":[\"https:\/\/now-news.de\/de\/deutschland\/schwerer-schlag-fuer-russland-wer-hatte-interesse-an-der-ermordung-prigoschins\/#respond\"]}]},{\"@type\":\"WebPage\",\"@id\":\"https:\/\/now-news.de\/de\/deutschland\/schwerer-schlag-fuer-russland-wer-hatte-interesse-an-der-ermordung-prigoschins\/\",\"url\":\"https:\/\/now-news.de\/de\/deutschland\/schwerer-schlag-fuer-russland-wer-hatte-interesse-an-der-ermordung-prigoschins\/\",\"name\":\"&quot;Schwerer Schlag f\u00fcr Russland&quot; \u2013 Wer hatte Interesse an der Ermordung Prigoschins? - just-now.NEWS Deutschland\",\"isPartOf\":{\"@id\":\"https:\/\/now-news.de\/de\/#website\"},\"primaryImageOfPage\":{\"@id\":\"https:\/\/now-news.de\/de\/deutschland\/schwerer-schlag-fuer-russland-wer-hatte-interesse-an-der-ermordung-prigoschins\/#primaryimage\"},\"image\":{\"@id\":\"https:\/\/now-news.de\/de\/deutschland\/schwerer-schlag-fuer-russland-wer-hatte-interesse-an-der-ermordung-prigoschins\/#primaryimage\"},\"thumbnailUrl\":\"https:\/\/now-news.de\/de\/wp-content\/uploads\/sites\/3\/2023\/08\/quotSchwerer-Schlag-fuer-Russlandquot-\u2013-Wer-hatte-Interesse-an-der.jpg\",\"datePublished\":\"2023-08-25T18:49:24+00:00\",\"dateModified\":\"2023-08-25T18:49:24+00:00\",\"breadcrumb\":{\"@id\":\"https:\/\/now-news.de\/de\/deutschland\/schwerer-schlag-fuer-russland-wer-hatte-interesse-an-der-ermordung-prigoschins\/#breadcrumb\"},\"inLanguage\":\"de\",\"potentialAction\":[{\"@type\":\"ReadAction\",\"target\":[\"https:\/\/now-news.de\/de\/deutschland\/schwerer-schlag-fuer-russland-wer-hatte-interesse-an-der-ermordung-prigoschins\/\"]}]},{\"@type\":\"ImageObject\",\"inLanguage\":\"de\",\"@id\":\"https:\/\/now-news.de\/de\/deutschland\/schwerer-schlag-fuer-russland-wer-hatte-interesse-an-der-ermordung-prigoschins\/#primaryimage\",\"url\":\"https:\/\/now-news.de\/de\/wp-content\/uploads\/sites\/3\/2023\/08\/quotSchwerer-Schlag-fuer-Russlandquot-\u2013-Wer-hatte-Interesse-an-der.jpg\",\"contentUrl\":\"https:\/\/now-news.de\/de\/wp-content\/uploads\/sites\/3\/2023\/08\/quotSchwerer-Schlag-fuer-Russlandquot-\u2013-Wer-hatte-Interesse-an-der.jpg\",\"width\":460,\"height\":259,\"caption\":\"&quot;Schwerer Schlag f\u00fcr Russland&quot; \u2013 Wer hatte Interesse an der Ermordung Prigoschins?\"},{\"@type\":\"BreadcrumbList\",\"@id\":\"https:\/\/now-news.de\/de\/deutschland\/schwerer-schlag-fuer-russland-wer-hatte-interesse-an-der-ermordung-prigoschins\/#breadcrumb\",\"itemListElement\":[{\"@type\":\"ListItem\",\"position\":1,\"name\":\"Home\",\"item\":\"https:\/\/now-news.de\/de\/\"},{\"@type\":\"ListItem\",\"position\":2,\"name\":\"&quot;Schwerer Schlag f\u00fcr Russland&quot; \u2013 Wer hatte Interesse an der Ermordung Prigoschins?\"}]},{\"@type\":\"WebSite\",\"@id\":\"https:\/\/now-news.de\/de\/#website\",\"url\":\"https:\/\/now-news.de\/de\/\",\"name\":\"just-now.NEWS Deutschland\",\"description\":\"Das Portal f\u00fcr unzensierte Nachrichten aus der Welt\",\"publisher\":{\"@id\":\"https:\/\/now-news.de\/de\/#organization\"},\"potentialAction\":[{\"@type\":\"SearchAction\",\"target\":{\"@type\":\"EntryPoint\",\"urlTemplate\":\"https:\/\/now-news.de\/de\/?s={search_term_string}\"},\"query-input\":\"required name=search_term_string\"}],\"inLanguage\":\"de\"},{\"@type\":\"Organization\",\"@id\":\"https:\/\/now-news.de\/de\/#organization\",\"name\":\"Just Now News\",\"url\":\"https:\/\/now-news.de\/de\/\",\"logo\":{\"@type\":\"ImageObject\",\"inLanguage\":\"de\",\"@id\":\"https:\/\/now-news.de\/de\/#\/schema\/logo\/image\/\",\"url\":\"http:\/\/just-now.news\/de\/wp-content\/uploads\/sites\/3\/2022\/04\/logo500x500.jpg\",\"contentUrl\":\"http:\/\/just-now.news\/de\/wp-content\/uploads\/sites\/3\/2022\/04\/logo500x500.jpg\",\"width\":500,\"height\":500,\"caption\":\"Just Now News\"},\"image\":{\"@id\":\"https:\/\/now-news.de\/de\/#\/schema\/logo\/image\/\"},\"sameAs\":[\"https:\/\/www.facebook.com\/wirmachenauf\",\"https:\/\/x.com\/WirMachenAuf_de\"]},{\"@type\":\"Person\",\"@id\":\"https:\/\/now-news.de\/de\/#\/schema\/person\/fb534a4e865501d8b3285208df34a9b5\",\"name\":\"rtnews\",\"image\":{\"@type\":\"ImageObject\",\"inLanguage\":\"de\",\"@id\":\"https:\/\/now-news.de\/de\/#\/schema\/person\/image\/\",\"url\":\"https:\/\/secure.gravatar.com\/avatar\/82aafea7d8127119dd649515f56e2117?s=96&d=mm&r=g\",\"contentUrl\":\"https:\/\/secure.gravatar.com\/avatar\/82aafea7d8127119dd649515f56e2117?s=96&d=mm&r=g\",\"caption\":\"rtnews\"},\"url\":\"https:\/\/now-news.de\/de\/author\/rnews\/\"}]}<\/script>\n<!-- \/ Yoast SEO Premium plugin. -->","yoast_head_json":{"title":"&quot;Schwerer Schlag f\u00fcr Russland&quot; \u2013 Wer hatte Interesse an der Ermordung Prigoschins? - just-now.NEWS Deutschland","robots":{"index":"index","follow":"follow","max-snippet":"max-snippet:-1","max-image-preview":"max-image-preview:large","max-video-preview":"max-video-preview:-1"},"canonical":"https:\/\/now-news.de\/de\/deutschland\/schwerer-schlag-fuer-russland-wer-hatte-interesse-an-der-ermordung-prigoschins\/","og_locale":"de_DE","og_type":"article","og_title":"&quot;Schwerer Schlag f\u00fcr Russland&quot; \u2013 Wer hatte Interesse an der Ermordung Prigoschins?","og_description":"Der Gesch\u00e4ftsmann und Chef der Wagner-Gruppe Jewgeni Prigoschin und seine Vertraute kamen bei dem Absturz seines privaten Flugzeugs ums Leben. Der Westen sieht klar Wladimir Putin hinter dem Anschlag. Doch die einfache Frage &#8220;Wem nutzt Prigoschins Liquidierung auf diese Art und Weise?&#8221; lenkt den Verdacht in eine ganz andere Richtung. Von Wladislaw Sankin Die Nachricht [&hellip;]","og_url":"https:\/\/now-news.de\/de\/deutschland\/schwerer-schlag-fuer-russland-wer-hatte-interesse-an-der-ermordung-prigoschins\/","og_site_name":"just-now.NEWS Deutschland","article_publisher":"https:\/\/www.facebook.com\/wirmachenauf","article_published_time":"2023-08-25T18:49:24+00:00","og_image":[{"width":460,"height":259,"url":"https:\/\/now-news.de\/de\/wp-content\/uploads\/sites\/3\/2023\/08\/quotSchwerer-Schlag-fuer-Russlandquot-\u2013-Wer-hatte-Interesse-an-der.jpg","type":"image\/jpeg"}],"author":"rtnews","twitter_card":"summary_large_image","twitter_creator":"@WirMachenAuf_de","twitter_site":"@WirMachenAuf_de","twitter_misc":{"Verfasst von":"rtnews","Gesch\u00e4tzte Lesezeit":"7\u00a0Minuten"},"schema":{"@context":"https:\/\/schema.org","@graph":[{"@type":"Article","@id":"https:\/\/now-news.de\/de\/deutschland\/schwerer-schlag-fuer-russland-wer-hatte-interesse-an-der-ermordung-prigoschins\/#article","isPartOf":{"@id":"https:\/\/now-news.de\/de\/deutschland\/schwerer-schlag-fuer-russland-wer-hatte-interesse-an-der-ermordung-prigoschins\/"},"author":{"name":"rtnews","@id":"https:\/\/now-news.de\/de\/#\/schema\/person\/fb534a4e865501d8b3285208df34a9b5"},"headline":"&quot;Schwerer Schlag f\u00fcr Russland&quot; \u2013 Wer hatte Interesse an der Ermordung Prigoschins?","datePublished":"2023-08-25T18:49:24+00:00","dateModified":"2023-08-25T18:49:24+00:00","mainEntityOfPage":{"@id":"https:\/\/now-news.de\/de\/deutschland\/schwerer-schlag-fuer-russland-wer-hatte-interesse-an-der-ermordung-prigoschins\/"},"wordCount":1357,"commentCount":0,"publisher":{"@id":"https:\/\/now-news.de\/de\/#organization"},"image":{"@id":"https:\/\/now-news.de\/de\/deutschland\/schwerer-schlag-fuer-russland-wer-hatte-interesse-an-der-ermordung-prigoschins\/#primaryimage"},"thumbnailUrl":"https:\/\/now-news.de\/de\/wp-content\/uploads\/sites\/3\/2023\/08\/quotSchwerer-Schlag-fuer-Russlandquot-\u2013-Wer-hatte-Interesse-an-der.jpg","keywords":["der","Ermordung","f\u00fcr","h\u00e4tte","Interesse","Prigoschins","quotschwerer","Russlandquot","Schlag","Wer"],"articleSection":["Deutschland","Russland"],"inLanguage":"de","potentialAction":[{"@type":"CommentAction","name":"Comment","target":["https:\/\/now-news.de\/de\/deutschland\/schwerer-schlag-fuer-russland-wer-hatte-interesse-an-der-ermordung-prigoschins\/#respond"]}]},{"@type":"WebPage","@id":"https:\/\/now-news.de\/de\/deutschland\/schwerer-schlag-fuer-russland-wer-hatte-interesse-an-der-ermordung-prigoschins\/","url":"https:\/\/now-news.de\/de\/deutschland\/schwerer-schlag-fuer-russland-wer-hatte-interesse-an-der-ermordung-prigoschins\/","name":"&quot;Schwerer Schlag f\u00fcr Russland&quot; \u2013 Wer hatte Interesse an der Ermordung Prigoschins? - just-now.NEWS Deutschland","isPartOf":{"@id":"https:\/\/now-news.de\/de\/#website"},"primaryImageOfPage":{"@id":"https:\/\/now-news.de\/de\/deutschland\/schwerer-schlag-fuer-russland-wer-hatte-interesse-an-der-ermordung-prigoschins\/#primaryimage"},"image":{"@id":"https:\/\/now-news.de\/de\/deutschland\/schwerer-schlag-fuer-russland-wer-hatte-interesse-an-der-ermordung-prigoschins\/#primaryimage"},"thumbnailUrl":"https:\/\/now-news.de\/de\/wp-content\/uploads\/sites\/3\/2023\/08\/quotSchwerer-Schlag-fuer-Russlandquot-\u2013-Wer-hatte-Interesse-an-der.jpg","datePublished":"2023-08-25T18:49:24+00:00","dateModified":"2023-08-25T18:49:24+00:00","breadcrumb":{"@id":"https:\/\/now-news.de\/de\/deutschland\/schwerer-schlag-fuer-russland-wer-hatte-interesse-an-der-ermordung-prigoschins\/#breadcrumb"},"inLanguage":"de","potentialAction":[{"@type":"ReadAction","target":["https:\/\/now-news.de\/de\/deutschland\/schwerer-schlag-fuer-russland-wer-hatte-interesse-an-der-ermordung-prigoschins\/"]}]},{"@type":"ImageObject","inLanguage":"de","@id":"https:\/\/now-news.de\/de\/deutschland\/schwerer-schlag-fuer-russland-wer-hatte-interesse-an-der-ermordung-prigoschins\/#primaryimage","url":"https:\/\/now-news.de\/de\/wp-content\/uploads\/sites\/3\/2023\/08\/quotSchwerer-Schlag-fuer-Russlandquot-\u2013-Wer-hatte-Interesse-an-der.jpg","contentUrl":"https:\/\/now-news.de\/de\/wp-content\/uploads\/sites\/3\/2023\/08\/quotSchwerer-Schlag-fuer-Russlandquot-\u2013-Wer-hatte-Interesse-an-der.jpg","width":460,"height":259,"caption":"&quot;Schwerer Schlag f\u00fcr Russland&quot; \u2013 Wer hatte Interesse an der Ermordung Prigoschins?"},{"@type":"BreadcrumbList","@id":"https:\/\/now-news.de\/de\/deutschland\/schwerer-schlag-fuer-russland-wer-hatte-interesse-an-der-ermordung-prigoschins\/#breadcrumb","itemListElement":[{"@type":"ListItem","position":1,"name":"Home","item":"https:\/\/now-news.de\/de\/"},{"@type":"ListItem","position":2,"name":"&quot;Schwerer Schlag f\u00fcr Russland&quot; \u2013 Wer hatte Interesse an der Ermordung Prigoschins?"}]},{"@type":"WebSite","@id":"https:\/\/now-news.de\/de\/#website","url":"https:\/\/now-news.de\/de\/","name":"just-now.NEWS Deutschland","description":"Das Portal f\u00fcr unzensierte Nachrichten aus der Welt","publisher":{"@id":"https:\/\/now-news.de\/de\/#organization"},"potentialAction":[{"@type":"SearchAction","target":{"@type":"EntryPoint","urlTemplate":"https:\/\/now-news.de\/de\/?s={search_term_string}"},"query-input":"required name=search_term_string"}],"inLanguage":"de"},{"@type":"Organization","@id":"https:\/\/now-news.de\/de\/#organization","name":"Just Now News","url":"https:\/\/now-news.de\/de\/","logo":{"@type":"ImageObject","inLanguage":"de","@id":"https:\/\/now-news.de\/de\/#\/schema\/logo\/image\/","url":"http:\/\/just-now.news\/de\/wp-content\/uploads\/sites\/3\/2022\/04\/logo500x500.jpg","contentUrl":"http:\/\/just-now.news\/de\/wp-content\/uploads\/sites\/3\/2022\/04\/logo500x500.jpg","width":500,"height":500,"caption":"Just Now News"},"image":{"@id":"https:\/\/now-news.de\/de\/#\/schema\/logo\/image\/"},"sameAs":["https:\/\/www.facebook.com\/wirmachenauf","https:\/\/x.com\/WirMachenAuf_de"]},{"@type":"Person","@id":"https:\/\/now-news.de\/de\/#\/schema\/person\/fb534a4e865501d8b3285208df34a9b5","name":"rtnews","image":{"@type":"ImageObject","inLanguage":"de","@id":"https:\/\/now-news.de\/de\/#\/schema\/person\/image\/","url":"https:\/\/secure.gravatar.com\/avatar\/82aafea7d8127119dd649515f56e2117?s=96&d=mm&r=g","contentUrl":"https:\/\/secure.gravatar.com\/avatar\/82aafea7d8127119dd649515f56e2117?s=96&d=mm&r=g","caption":"rtnews"},"url":"https:\/\/now-news.de\/de\/author\/rnews\/"}]}},"_links":{"self":[{"href":"https:\/\/now-news.de\/de\/wp-json\/wp\/v2\/posts\/45139"}],"collection":[{"href":"https:\/\/now-news.de\/de\/wp-json\/wp\/v2\/posts"}],"about":[{"href":"https:\/\/now-news.de\/de\/wp-json\/wp\/v2\/types\/post"}],"author":[{"embeddable":true,"href":"https:\/\/now-news.de\/de\/wp-json\/wp\/v2\/users\/3"}],"replies":[{"embeddable":true,"href":"https:\/\/now-news.de\/de\/wp-json\/wp\/v2\/comments?post=45139"}],"version-history":[{"count":0,"href":"https:\/\/now-news.de\/de\/wp-json\/wp\/v2\/posts\/45139\/revisions"}],"wp:featuredmedia":[{"embeddable":true,"href":"https:\/\/now-news.de\/de\/wp-json\/wp\/v2\/media\/45140"}],"wp:attachment":[{"href":"https:\/\/now-news.de\/de\/wp-json\/wp\/v2\/media?parent=45139"}],"wp:term":[{"taxonomy":"category","embeddable":true,"href":"https:\/\/now-news.de\/de\/wp-json\/wp\/v2\/categories?post=45139"},{"taxonomy":"post_tag","embeddable":true,"href":"https:\/\/now-news.de\/de\/wp-json\/wp\/v2\/tags?post=45139"}],"curies":[{"name":"wp","href":"https:\/\/api.w.org\/{rel}","templated":true}]}}