{"id":45079,"date":"2023-08-24T18:15:03","date_gmt":"2023-08-24T16:15:03","guid":{"rendered":"https:\/\/just-now.news\/de\/deutschland\/putin-aeussert-sich-zum-tod-von-prigoschin-es-war-eine-tragoedie\/"},"modified":"2023-08-24T18:15:03","modified_gmt":"2023-08-24T16:15:03","slug":"putin-aeussert-sich-zum-tod-von-prigoschin-es-war-eine-tragoedie","status":"publish","type":"post","link":"https:\/\/now-news.de\/de\/deutschland\/putin-aeussert-sich-zum-tod-von-prigoschin-es-war-eine-tragoedie\/","title":{"rendered":"Putin \u00e4u\u00dfert sich zum Tod von Prigoschin: &quot;Es war eine Trag\u00f6die&quot;"},"content":{"rendered":"<div class=\"Text-root Text-type_1 \">\n                Der russische Pr\u00e4sident Wladimir Putin hat den Absturz des Flugzeugs von Jewgeni Prigoschin als Trag\u00f6die bezeichnet. Dies erkl\u00e4rte das Staatsoberhaupt bei einem Treffen mit dem stellvertretenden Leiter der Volksrepublik Donezk Denis Puschilin.\n            <\/div>\n<p><\/p>\n<div class=\"Text-root Text-type_5 ArticleView-text ViewText-root \">\n<p>&#8220;Was diesen Flugzeugabsturz betrifft, so m\u00f6chte ich vor allem den Familien aller Opfer mein aufrichtiges Beileid aussprechen, es ist immer eine Trag\u00f6die&#8221;, sagte Russlands Pr\u00e4sident Wladimir Putin zu dem Ungl\u00fcck, bei dem Jewgeni Prigoschin ums Leben gekommen war. &#8220;Die ersten Daten deuten darauf hin, dass Mitarbeiter der Firma Wagner an Bord waren&#8221;, f\u00fchrte er weiter aus. Er betonte:<\/p>\n<blockquote>\n<p><em>&#8220;Es handelt sich um Menschen, die einen wesentlichen Beitrag zu unseren gemeinsamen Bem\u00fchungen im Kampf gegen das Neonazi-Regime in der Ukraine geleistet haben. Wir erinnern uns daran, wir wissen es, und wir werden es nicht vergessen.&#8221;<\/em><\/p>\n<\/blockquote>\n<p>Putin erkl\u00e4rte, dass er Prigoschin seit den\u00a0fr\u00fchen 90er-Jahren kannte. Er sei ein Mann mit einem komplizierten Schicksal gewesen, der in seinem Leben auch schwere Fehler gemacht habe.<\/p>\n<figure class=\"RTImage-root\">\n<div class=\"RTImage-image RTImage-original\"><picture class=\"Picture-root Picture-original\"><!--[if IE 9]><video style=\"display: none;\"><![endif]--><source media=\"(-webkit-min-device-pixel-ratio: 2) and (min-resolution: 120dpi)\" data-srcset=\" \nhttp:\/\/just-now.news\/de\/wp-content\/uploads\/sites\/3\/2023\/08\/64e78d8648fbef4ab7452a3c.jpg 850w,\n                http:\/\/just-now.news\/de\/wp-content\/uploads\/sites\/3\/2023\/08\/64e78d8648fbef4ab7452a3c.jpg 1960w,\n            \" ><source data-srcset=\" \nhttp:\/\/just-now.news\/de\/wp-content\/uploads\/sites\/3\/2023\/08\/64e78d8648fbef4ab7452a3c.jpg 460w,\n              http:\/\/just-now.news\/de\/wp-content\/uploads\/sites\/3\/2023\/08\/64e78d8648fbef4ab7452a3c.jpg 980w,\n            \" ><!--[if IE 9]><\/video><![endif]--><img decoding=\"async\" data- src=\"data:image\/png;base64,iVBORw0KGgoAAAANSUhEUgAAABAAAAAJCAQAAACRI2S5AAAAEElEQVR42mNkIAAYRxWAAQAG9gAKqv6+AwAAAABJRU5ErkJggg==\" class=\"Picture-root Picture-original lazyload\" data-src=\"http:\/\/just-now.news\/de\/wp-content\/uploads\/sites\/3\/2023\/08\/64e78d8648fbef4ab7452a3c.jpg\" alt=\"\"><\/source><\/source><\/picture><!-- noscript pattern --><noscript><img decoding=\"async\" src=\"http:\/\/just-now.news\/de\/wp-content\/uploads\/sites\/3\/2023\/08\/64e78d8648fbef4ab7452a3c.jpg\" alt=\"\"><\/noscript><\/div><figcaption class=\"RTImage-footer\"><span class=\"RTImage-caption\"><span class=\"RTImage-captionItem\">Der damalige Premierminister Wladimir Putin (links) besucht am 20. September 2010 die Concord-Catering-Fabrik im Dorf Janino. Rechts steht Jewgeni Prigoschin, der damals Generaldirektor der Concord-Kochlinie war.<\/span><\/span><span class=\"RTImage-source\"><span class=\"RTImage-captionItem\">Alexei Druschinin<\/span><span class=\"RTImage-captionItem\"> \/ Sputnik<\/span><\/span><\/figcaption><\/figure>\n<p>Putin bezeichnete den Wagner-Chef als begabten Gesch\u00e4ftsmann, der ausgezeichnete Resultate f\u00fcr &#8220;unsere gemeinsame Sache&#8221; erreicht habe. &#8220;Darum habe ich ihn in den letzten Monaten gebeten&#8221;, sagte Putin offenbar \u00fcber den Einsatz der Wagner-Gruppe auf dem Kampffeld der russischen Milit\u00e4roperation in der Ukraine.<\/p>\n<p>Auch erw\u00e4hnte er den langj\u00e4hrigen Einsatz des Milit\u00e4runternehmens in Afrika.\u00a0&#8220;Er war auch\u00a0im Ausland, vor allem in Afrika, in den Bereichen \u00d6l, Gas, Edelmetalle und Steine t\u00e4tig. Er ist erst gestern aus Afrika zur\u00fcckgekehrt und hat sich hier mit einigen Beamten getroffen&#8221;, gab Putin bekannt.\u00a0<\/p>\n<p>Das russische Staatsoberhaupt \u00e4u\u00dferte sich zuversichtlich, dass die Voruntersuchung zu dem Vorfall\u00a0in vollem Umfang durchgef\u00fchrt und zu einem Abschluss gebracht wird. Zu deren Ergebnissen \u00e4u\u00dferte er sich abwartend: &#8220;Wir werden sehen, was die Ermittler in naher Zukunft sagen werden. Und jetzt wird das Gutachten erstellt, das technische und das genetische Gutachten. Das wird einige Zeit in Anspruch nehmen.&#8221;<\/p>\n<p>Prigoschins Privatflugzeug, unter dessen Passagieren er sich laut einer Beh\u00f6rdenmitteilung befand, st\u00fcrzte am Abend des 23. August 2023 im russischen Gebiet Twer ab.\u00a0Nach Angaben der russischen Luftfahrtbeh\u00f6rde Rosawiazija befanden sich an Bord der abgest\u00fcrzten Legacy 600 sowohl Prigoschin selbst als auch Dmitri Utkin, ein ranghoher Kommandeur der Wagner-Gruppe. Weitere Flugg\u00e4ste sollen Sergei Propustin, Jewgeni Makarjan, Alexander Totmin, Waleri Tschkalow und Nikolai Matussejew gewesen sein. Die Besatzung habe aus Pilot Alexei Lewschin, Copilot Rustam Karimow und der Flugbegleiterin Kristina Raspopowa bestanden.<\/p>\n<p><strong>Mehr zum Thema<\/strong>\u00a0\u2013 <a rel=\"nofollow noopener\" target=\"_blank\" href=\"https:\/\/freedert.online\/russland\/178708-privatflugzeug-im-gebiet-twer-abgestuerzt\/\">Medienbericht: Wagner-Chef Prigoschin mit Privatflugzeug im Gebiet Twer abgest\u00fcrzt<\/a><\/p>\n<div class=\"EmbedBlock-root EmbedBlock-externalVideo EmbedBlock-odysee\">\n<div class=\"VkEmbed\"><iframe class=\"lazyload\" data-src=\"https:\/\/odysee.com\/%24\/embed\/%40RTDE%3Ae%2FPRIGOSCHIN-_ABSTURZ_SPEKULATIONEN%3A0\" frameborder=\"0\" width=\"853\" height=\"480\" allowfullscreen><\/iframe><\/div>\n<\/div>\n<\/div>\n<p><br \/>\n<br \/><a href=\"https:\/\/de.rt.com\/russland\/178811-putin-aeussert-sich-zum-tod\/\">Source link <\/a><\/p>\n","protected":false},"excerpt":{"rendered":"<p>Der russische Pr\u00e4sident Wladimir Putin hat den Absturz des Flugzeugs von Jewgeni Prigoschin als Trag\u00f6die bezeichnet. Dies erkl\u00e4rte das Staatsoberhaupt bei einem Treffen mit dem stellvertretenden Leiter der Volksrepublik Donezk Denis Puschilin. &#8220;Was diesen Flugzeugabsturz betrifft, so m\u00f6chte ich vor allem den Familien aller Opfer mein aufrichtiges Beileid aussprechen, es ist immer eine Trag\u00f6die&#8221;, sagte [&hellip;]<\/p>\n","protected":false},"author":3,"featured_media":45080,"comment_status":"open","ping_status":"open","sticky":false,"template":"","format":"standard","meta":{"_yoast_indexnow_last_ping":["1692902528"],"wp_automatic_camp":["217"],"c04e1cd0e69eadd7a3e00cf036e9c3c7":["Putin \u00e4u\u00dfert sich zum Tod von Prigoschin: &quot;Es war eine Trag\u00f6die&quot;"],"original_link":["https:\/\/de.rt.com\/russland\/178811-putin-aeussert-sich-zum-tod\/"],"_thumbnail_id":["45080"],"_wptgpro_p2tg_sent2tg":["a:1:{i:23737;s:19:\"2023-08-24 20:43:31\";}"],"jnews_social_counter_last_update":["1777350210"]},"categories":[19,23],"tags":[10518,275,38067,125,19377,434,12077,48128,50,2223,565],"yoast_head":"<!-- This site is optimized with the Yoast SEO Premium plugin v22.7 (Yoast SEO v22.7) - https:\/\/yoast.com\/wordpress\/plugins\/seo\/ -->\n<title>Putin \u00e4u\u00dfert sich zum Tod von Prigoschin: &quot;Es war eine Trag\u00f6die&quot; - just-now.NEWS Deutschland<\/title>\n<meta name=\"robots\" content=\"index, follow, max-snippet:-1, max-image-preview:large, max-video-preview:-1\" \/>\n<link rel=\"canonical\" href=\"https:\/\/now-news.de\/de\/deutschland\/putin-aeussert-sich-zum-tod-von-prigoschin-es-war-eine-tragoedie\/\" \/>\n<meta property=\"og:locale\" content=\"de_DE\" \/>\n<meta property=\"og:type\" content=\"article\" \/>\n<meta property=\"og:title\" content=\"Putin \u00e4u\u00dfert sich zum Tod von Prigoschin: &quot;Es war eine Trag\u00f6die&quot;\" \/>\n<meta property=\"og:description\" content=\"Der russische Pr\u00e4sident Wladimir Putin hat den Absturz des Flugzeugs von Jewgeni Prigoschin als Trag\u00f6die bezeichnet. Dies erkl\u00e4rte das Staatsoberhaupt bei einem Treffen mit dem stellvertretenden Leiter der Volksrepublik Donezk Denis Puschilin. &#8220;Was diesen Flugzeugabsturz betrifft, so m\u00f6chte ich vor allem den Familien aller Opfer mein aufrichtiges Beileid aussprechen, es ist immer eine Trag\u00f6die&#8221;, sagte [&hellip;]\" \/>\n<meta property=\"og:url\" content=\"https:\/\/now-news.de\/de\/deutschland\/putin-aeussert-sich-zum-tod-von-prigoschin-es-war-eine-tragoedie\/\" \/>\n<meta property=\"og:site_name\" content=\"just-now.NEWS Deutschland\" \/>\n<meta property=\"article:publisher\" content=\"https:\/\/www.facebook.com\/wirmachenauf\" \/>\n<meta property=\"article:published_time\" content=\"2023-08-24T16:15:03+00:00\" \/>\n<meta property=\"og:image\" content=\"https:\/\/now-news.de\/de\/wp-content\/uploads\/sites\/3\/2023\/08\/Putin-aeussert-sich-zum-Tod-von-Prigoschin-quotEs-war-eine.jpg\" \/>\n\t<meta property=\"og:image:width\" content=\"1716\" \/>\n\t<meta property=\"og:image:height\" content=\"1080\" \/>\n\t<meta property=\"og:image:type\" content=\"image\/jpeg\" \/>\n<meta name=\"author\" content=\"rtnews\" \/>\n<meta name=\"twitter:card\" content=\"summary_large_image\" \/>\n<meta name=\"twitter:creator\" content=\"@WirMachenAuf_de\" \/>\n<meta name=\"twitter:site\" content=\"@WirMachenAuf_de\" \/>\n<meta name=\"twitter:label1\" content=\"Verfasst von\" \/>\n\t<meta name=\"twitter:data1\" content=\"rtnews\" \/>\n\t<meta name=\"twitter:label2\" content=\"Gesch\u00e4tzte Lesezeit\" \/>\n\t<meta name=\"twitter:data2\" content=\"2\u00a0Minuten\" \/>\n<script type=\"application\/ld+json\" class=\"yoast-schema-graph\">{\"@context\":\"https:\/\/schema.org\",\"@graph\":[{\"@type\":\"Article\",\"@id\":\"https:\/\/now-news.de\/de\/deutschland\/putin-aeussert-sich-zum-tod-von-prigoschin-es-war-eine-tragoedie\/#article\",\"isPartOf\":{\"@id\":\"https:\/\/now-news.de\/de\/deutschland\/putin-aeussert-sich-zum-tod-von-prigoschin-es-war-eine-tragoedie\/\"},\"author\":{\"name\":\"rtnews\",\"@id\":\"https:\/\/now-news.de\/de\/#\/schema\/person\/fb534a4e865501d8b3285208df34a9b5\"},\"headline\":\"Putin \u00e4u\u00dfert sich zum Tod von Prigoschin: &quot;Es war eine Trag\u00f6die&quot;\",\"datePublished\":\"2023-08-24T16:15:03+00:00\",\"dateModified\":\"2023-08-24T16:15:03+00:00\",\"mainEntityOfPage\":{\"@id\":\"https:\/\/now-news.de\/de\/deutschland\/putin-aeussert-sich-zum-tod-von-prigoschin-es-war-eine-tragoedie\/\"},\"wordCount\":464,\"commentCount\":0,\"publisher\":{\"@id\":\"https:\/\/now-news.de\/de\/#organization\"},\"image\":{\"@id\":\"https:\/\/now-news.de\/de\/deutschland\/putin-aeussert-sich-zum-tod-von-prigoschin-es-war-eine-tragoedie\/#primaryimage\"},\"thumbnailUrl\":\"https:\/\/now-news.de\/de\/wp-content\/uploads\/sites\/3\/2023\/08\/Putin-aeussert-sich-zum-Tod-von-Prigoschin-quotEs-war-eine.jpg\",\"keywords\":[\"\u00e4u\u00dfert\",\"eine\",\"Prigoschin\",\"putin\",\"quotEs\",\"sich\",\"Tod\",\"Trag\u00f6diequot\",\"von\",\"War\",\"zum\"],\"articleSection\":[\"Deutschland\",\"Russland\"],\"inLanguage\":\"de\",\"potentialAction\":[{\"@type\":\"CommentAction\",\"name\":\"Comment\",\"target\":[\"https:\/\/now-news.de\/de\/deutschland\/putin-aeussert-sich-zum-tod-von-prigoschin-es-war-eine-tragoedie\/#respond\"]}]},{\"@type\":\"WebPage\",\"@id\":\"https:\/\/now-news.de\/de\/deutschland\/putin-aeussert-sich-zum-tod-von-prigoschin-es-war-eine-tragoedie\/\",\"url\":\"https:\/\/now-news.de\/de\/deutschland\/putin-aeussert-sich-zum-tod-von-prigoschin-es-war-eine-tragoedie\/\",\"name\":\"Putin \u00e4u\u00dfert sich zum Tod von Prigoschin: &quot;Es war eine Trag\u00f6die&quot; - just-now.NEWS Deutschland\",\"isPartOf\":{\"@id\":\"https:\/\/now-news.de\/de\/#website\"},\"primaryImageOfPage\":{\"@id\":\"https:\/\/now-news.de\/de\/deutschland\/putin-aeussert-sich-zum-tod-von-prigoschin-es-war-eine-tragoedie\/#primaryimage\"},\"image\":{\"@id\":\"https:\/\/now-news.de\/de\/deutschland\/putin-aeussert-sich-zum-tod-von-prigoschin-es-war-eine-tragoedie\/#primaryimage\"},\"thumbnailUrl\":\"https:\/\/now-news.de\/de\/wp-content\/uploads\/sites\/3\/2023\/08\/Putin-aeussert-sich-zum-Tod-von-Prigoschin-quotEs-war-eine.jpg\",\"datePublished\":\"2023-08-24T16:15:03+00:00\",\"dateModified\":\"2023-08-24T16:15:03+00:00\",\"breadcrumb\":{\"@id\":\"https:\/\/now-news.de\/de\/deutschland\/putin-aeussert-sich-zum-tod-von-prigoschin-es-war-eine-tragoedie\/#breadcrumb\"},\"inLanguage\":\"de\",\"potentialAction\":[{\"@type\":\"ReadAction\",\"target\":[\"https:\/\/now-news.de\/de\/deutschland\/putin-aeussert-sich-zum-tod-von-prigoschin-es-war-eine-tragoedie\/\"]}]},{\"@type\":\"ImageObject\",\"inLanguage\":\"de\",\"@id\":\"https:\/\/now-news.de\/de\/deutschland\/putin-aeussert-sich-zum-tod-von-prigoschin-es-war-eine-tragoedie\/#primaryimage\",\"url\":\"https:\/\/now-news.de\/de\/wp-content\/uploads\/sites\/3\/2023\/08\/Putin-aeussert-sich-zum-Tod-von-Prigoschin-quotEs-war-eine.jpg\",\"contentUrl\":\"https:\/\/now-news.de\/de\/wp-content\/uploads\/sites\/3\/2023\/08\/Putin-aeussert-sich-zum-Tod-von-Prigoschin-quotEs-war-eine.jpg\",\"width\":1716,\"height\":1080,\"caption\":\"Putin \u00e4u\u00dfert sich zum Tod von Prigoschin: &quot;Es war eine Trag\u00f6die&quot;\"},{\"@type\":\"BreadcrumbList\",\"@id\":\"https:\/\/now-news.de\/de\/deutschland\/putin-aeussert-sich-zum-tod-von-prigoschin-es-war-eine-tragoedie\/#breadcrumb\",\"itemListElement\":[{\"@type\":\"ListItem\",\"position\":1,\"name\":\"Home\",\"item\":\"https:\/\/now-news.de\/de\/\"},{\"@type\":\"ListItem\",\"position\":2,\"name\":\"Putin \u00e4u\u00dfert sich zum Tod von Prigoschin: &quot;Es war eine Trag\u00f6die&quot;\"}]},{\"@type\":\"WebSite\",\"@id\":\"https:\/\/now-news.de\/de\/#website\",\"url\":\"https:\/\/now-news.de\/de\/\",\"name\":\"just-now.NEWS Deutschland\",\"description\":\"Das Portal f\u00fcr unzensierte Nachrichten aus der Welt\",\"publisher\":{\"@id\":\"https:\/\/now-news.de\/de\/#organization\"},\"potentialAction\":[{\"@type\":\"SearchAction\",\"target\":{\"@type\":\"EntryPoint\",\"urlTemplate\":\"https:\/\/now-news.de\/de\/?s={search_term_string}\"},\"query-input\":\"required name=search_term_string\"}],\"inLanguage\":\"de\"},{\"@type\":\"Organization\",\"@id\":\"https:\/\/now-news.de\/de\/#organization\",\"name\":\"Just Now News\",\"url\":\"https:\/\/now-news.de\/de\/\",\"logo\":{\"@type\":\"ImageObject\",\"inLanguage\":\"de\",\"@id\":\"https:\/\/now-news.de\/de\/#\/schema\/logo\/image\/\",\"url\":\"http:\/\/just-now.news\/de\/wp-content\/uploads\/sites\/3\/2022\/04\/logo500x500.jpg\",\"contentUrl\":\"http:\/\/just-now.news\/de\/wp-content\/uploads\/sites\/3\/2022\/04\/logo500x500.jpg\",\"width\":500,\"height\":500,\"caption\":\"Just Now News\"},\"image\":{\"@id\":\"https:\/\/now-news.de\/de\/#\/schema\/logo\/image\/\"},\"sameAs\":[\"https:\/\/www.facebook.com\/wirmachenauf\",\"https:\/\/x.com\/WirMachenAuf_de\"]},{\"@type\":\"Person\",\"@id\":\"https:\/\/now-news.de\/de\/#\/schema\/person\/fb534a4e865501d8b3285208df34a9b5\",\"name\":\"rtnews\",\"image\":{\"@type\":\"ImageObject\",\"inLanguage\":\"de\",\"@id\":\"https:\/\/now-news.de\/de\/#\/schema\/person\/image\/\",\"url\":\"https:\/\/secure.gravatar.com\/avatar\/82aafea7d8127119dd649515f56e2117?s=96&d=mm&r=g\",\"contentUrl\":\"https:\/\/secure.gravatar.com\/avatar\/82aafea7d8127119dd649515f56e2117?s=96&d=mm&r=g\",\"caption\":\"rtnews\"},\"url\":\"https:\/\/now-news.de\/de\/author\/rnews\/\"}]}<\/script>\n<!-- \/ Yoast SEO Premium plugin. -->","yoast_head_json":{"title":"Putin \u00e4u\u00dfert sich zum Tod von Prigoschin: &quot;Es war eine Trag\u00f6die&quot; - just-now.NEWS Deutschland","robots":{"index":"index","follow":"follow","max-snippet":"max-snippet:-1","max-image-preview":"max-image-preview:large","max-video-preview":"max-video-preview:-1"},"canonical":"https:\/\/now-news.de\/de\/deutschland\/putin-aeussert-sich-zum-tod-von-prigoschin-es-war-eine-tragoedie\/","og_locale":"de_DE","og_type":"article","og_title":"Putin \u00e4u\u00dfert sich zum Tod von Prigoschin: &quot;Es war eine Trag\u00f6die&quot;","og_description":"Der russische Pr\u00e4sident Wladimir Putin hat den Absturz des Flugzeugs von Jewgeni Prigoschin als Trag\u00f6die bezeichnet. Dies erkl\u00e4rte das Staatsoberhaupt bei einem Treffen mit dem stellvertretenden Leiter der Volksrepublik Donezk Denis Puschilin. &#8220;Was diesen Flugzeugabsturz betrifft, so m\u00f6chte ich vor allem den Familien aller Opfer mein aufrichtiges Beileid aussprechen, es ist immer eine Trag\u00f6die&#8221;, sagte [&hellip;]","og_url":"https:\/\/now-news.de\/de\/deutschland\/putin-aeussert-sich-zum-tod-von-prigoschin-es-war-eine-tragoedie\/","og_site_name":"just-now.NEWS Deutschland","article_publisher":"https:\/\/www.facebook.com\/wirmachenauf","article_published_time":"2023-08-24T16:15:03+00:00","og_image":[{"width":1716,"height":1080,"url":"https:\/\/now-news.de\/de\/wp-content\/uploads\/sites\/3\/2023\/08\/Putin-aeussert-sich-zum-Tod-von-Prigoschin-quotEs-war-eine.jpg","type":"image\/jpeg"}],"author":"rtnews","twitter_card":"summary_large_image","twitter_creator":"@WirMachenAuf_de","twitter_site":"@WirMachenAuf_de","twitter_misc":{"Verfasst von":"rtnews","Gesch\u00e4tzte Lesezeit":"2\u00a0Minuten"},"schema":{"@context":"https:\/\/schema.org","@graph":[{"@type":"Article","@id":"https:\/\/now-news.de\/de\/deutschland\/putin-aeussert-sich-zum-tod-von-prigoschin-es-war-eine-tragoedie\/#article","isPartOf":{"@id":"https:\/\/now-news.de\/de\/deutschland\/putin-aeussert-sich-zum-tod-von-prigoschin-es-war-eine-tragoedie\/"},"author":{"name":"rtnews","@id":"https:\/\/now-news.de\/de\/#\/schema\/person\/fb534a4e865501d8b3285208df34a9b5"},"headline":"Putin \u00e4u\u00dfert sich zum Tod von Prigoschin: &quot;Es war eine Trag\u00f6die&quot;","datePublished":"2023-08-24T16:15:03+00:00","dateModified":"2023-08-24T16:15:03+00:00","mainEntityOfPage":{"@id":"https:\/\/now-news.de\/de\/deutschland\/putin-aeussert-sich-zum-tod-von-prigoschin-es-war-eine-tragoedie\/"},"wordCount":464,"commentCount":0,"publisher":{"@id":"https:\/\/now-news.de\/de\/#organization"},"image":{"@id":"https:\/\/now-news.de\/de\/deutschland\/putin-aeussert-sich-zum-tod-von-prigoschin-es-war-eine-tragoedie\/#primaryimage"},"thumbnailUrl":"https:\/\/now-news.de\/de\/wp-content\/uploads\/sites\/3\/2023\/08\/Putin-aeussert-sich-zum-Tod-von-Prigoschin-quotEs-war-eine.jpg","keywords":["\u00e4u\u00dfert","eine","Prigoschin","putin","quotEs","sich","Tod","Trag\u00f6diequot","von","War","zum"],"articleSection":["Deutschland","Russland"],"inLanguage":"de","potentialAction":[{"@type":"CommentAction","name":"Comment","target":["https:\/\/now-news.de\/de\/deutschland\/putin-aeussert-sich-zum-tod-von-prigoschin-es-war-eine-tragoedie\/#respond"]}]},{"@type":"WebPage","@id":"https:\/\/now-news.de\/de\/deutschland\/putin-aeussert-sich-zum-tod-von-prigoschin-es-war-eine-tragoedie\/","url":"https:\/\/now-news.de\/de\/deutschland\/putin-aeussert-sich-zum-tod-von-prigoschin-es-war-eine-tragoedie\/","name":"Putin \u00e4u\u00dfert sich zum Tod von Prigoschin: &quot;Es war eine Trag\u00f6die&quot; - just-now.NEWS Deutschland","isPartOf":{"@id":"https:\/\/now-news.de\/de\/#website"},"primaryImageOfPage":{"@id":"https:\/\/now-news.de\/de\/deutschland\/putin-aeussert-sich-zum-tod-von-prigoschin-es-war-eine-tragoedie\/#primaryimage"},"image":{"@id":"https:\/\/now-news.de\/de\/deutschland\/putin-aeussert-sich-zum-tod-von-prigoschin-es-war-eine-tragoedie\/#primaryimage"},"thumbnailUrl":"https:\/\/now-news.de\/de\/wp-content\/uploads\/sites\/3\/2023\/08\/Putin-aeussert-sich-zum-Tod-von-Prigoschin-quotEs-war-eine.jpg","datePublished":"2023-08-24T16:15:03+00:00","dateModified":"2023-08-24T16:15:03+00:00","breadcrumb":{"@id":"https:\/\/now-news.de\/de\/deutschland\/putin-aeussert-sich-zum-tod-von-prigoschin-es-war-eine-tragoedie\/#breadcrumb"},"inLanguage":"de","potentialAction":[{"@type":"ReadAction","target":["https:\/\/now-news.de\/de\/deutschland\/putin-aeussert-sich-zum-tod-von-prigoschin-es-war-eine-tragoedie\/"]}]},{"@type":"ImageObject","inLanguage":"de","@id":"https:\/\/now-news.de\/de\/deutschland\/putin-aeussert-sich-zum-tod-von-prigoschin-es-war-eine-tragoedie\/#primaryimage","url":"https:\/\/now-news.de\/de\/wp-content\/uploads\/sites\/3\/2023\/08\/Putin-aeussert-sich-zum-Tod-von-Prigoschin-quotEs-war-eine.jpg","contentUrl":"https:\/\/now-news.de\/de\/wp-content\/uploads\/sites\/3\/2023\/08\/Putin-aeussert-sich-zum-Tod-von-Prigoschin-quotEs-war-eine.jpg","width":1716,"height":1080,"caption":"Putin \u00e4u\u00dfert sich zum Tod von Prigoschin: &quot;Es war eine Trag\u00f6die&quot;"},{"@type":"BreadcrumbList","@id":"https:\/\/now-news.de\/de\/deutschland\/putin-aeussert-sich-zum-tod-von-prigoschin-es-war-eine-tragoedie\/#breadcrumb","itemListElement":[{"@type":"ListItem","position":1,"name":"Home","item":"https:\/\/now-news.de\/de\/"},{"@type":"ListItem","position":2,"name":"Putin \u00e4u\u00dfert sich zum Tod von Prigoschin: &quot;Es war eine Trag\u00f6die&quot;"}]},{"@type":"WebSite","@id":"https:\/\/now-news.de\/de\/#website","url":"https:\/\/now-news.de\/de\/","name":"just-now.NEWS Deutschland","description":"Das Portal f\u00fcr unzensierte Nachrichten aus der Welt","publisher":{"@id":"https:\/\/now-news.de\/de\/#organization"},"potentialAction":[{"@type":"SearchAction","target":{"@type":"EntryPoint","urlTemplate":"https:\/\/now-news.de\/de\/?s={search_term_string}"},"query-input":"required name=search_term_string"}],"inLanguage":"de"},{"@type":"Organization","@id":"https:\/\/now-news.de\/de\/#organization","name":"Just Now News","url":"https:\/\/now-news.de\/de\/","logo":{"@type":"ImageObject","inLanguage":"de","@id":"https:\/\/now-news.de\/de\/#\/schema\/logo\/image\/","url":"http:\/\/just-now.news\/de\/wp-content\/uploads\/sites\/3\/2022\/04\/logo500x500.jpg","contentUrl":"http:\/\/just-now.news\/de\/wp-content\/uploads\/sites\/3\/2022\/04\/logo500x500.jpg","width":500,"height":500,"caption":"Just Now News"},"image":{"@id":"https:\/\/now-news.de\/de\/#\/schema\/logo\/image\/"},"sameAs":["https:\/\/www.facebook.com\/wirmachenauf","https:\/\/x.com\/WirMachenAuf_de"]},{"@type":"Person","@id":"https:\/\/now-news.de\/de\/#\/schema\/person\/fb534a4e865501d8b3285208df34a9b5","name":"rtnews","image":{"@type":"ImageObject","inLanguage":"de","@id":"https:\/\/now-news.de\/de\/#\/schema\/person\/image\/","url":"https:\/\/secure.gravatar.com\/avatar\/82aafea7d8127119dd649515f56e2117?s=96&d=mm&r=g","contentUrl":"https:\/\/secure.gravatar.com\/avatar\/82aafea7d8127119dd649515f56e2117?s=96&d=mm&r=g","caption":"rtnews"},"url":"https:\/\/now-news.de\/de\/author\/rnews\/"}]}},"_links":{"self":[{"href":"https:\/\/now-news.de\/de\/wp-json\/wp\/v2\/posts\/45079"}],"collection":[{"href":"https:\/\/now-news.de\/de\/wp-json\/wp\/v2\/posts"}],"about":[{"href":"https:\/\/now-news.de\/de\/wp-json\/wp\/v2\/types\/post"}],"author":[{"embeddable":true,"href":"https:\/\/now-news.de\/de\/wp-json\/wp\/v2\/users\/3"}],"replies":[{"embeddable":true,"href":"https:\/\/now-news.de\/de\/wp-json\/wp\/v2\/comments?post=45079"}],"version-history":[{"count":0,"href":"https:\/\/now-news.de\/de\/wp-json\/wp\/v2\/posts\/45079\/revisions"}],"wp:featuredmedia":[{"embeddable":true,"href":"https:\/\/now-news.de\/de\/wp-json\/wp\/v2\/media\/45080"}],"wp:attachment":[{"href":"https:\/\/now-news.de\/de\/wp-json\/wp\/v2\/media?parent=45079"}],"wp:term":[{"taxonomy":"category","embeddable":true,"href":"https:\/\/now-news.de\/de\/wp-json\/wp\/v2\/categories?post=45079"},{"taxonomy":"post_tag","embeddable":true,"href":"https:\/\/now-news.de\/de\/wp-json\/wp\/v2\/tags?post=45079"}],"curies":[{"name":"wp","href":"https:\/\/api.w.org\/{rel}","templated":true}]}}