{"id":45052,"date":"2023-08-24T16:09:10","date_gmt":"2023-08-24T14:09:10","guid":{"rendered":"https:\/\/just-now.news\/de\/deutschland\/corona-medienoffensive-2023-startet-im-sommer-ein-angepasster-impfstoff-fuer-angepasste-buerger\/"},"modified":"2023-08-24T16:09:10","modified_gmt":"2023-08-24T14:09:10","slug":"corona-medienoffensive-2023-startet-im-sommer-ein-angepasster-impfstoff-fuer-angepasste-buerger","status":"publish","type":"post","link":"https:\/\/now-news.de\/de\/deutschland\/corona-medienoffensive-2023-startet-im-sommer-ein-angepasster-impfstoff-fuer-angepasste-buerger\/","title":{"rendered":"Corona-Medienoffensive 2023 startet im Sommer \u2013 Ein angepasster Impfstoff f\u00fcr angepasste B\u00fcrger?"},"content":{"rendered":"<p><img decoding=\"async\" src=\"http:\/\/just-now.news\/de\/wp-content\/uploads\/sites\/3\/2023\/08\/64e709d4b480cc27010598d5.jpeg\" \/><\/p>\n<div class=\"Text-root Text-type_1 \">\n                Ein Ger\u00fccht geht im Lande um. Corona ist zur\u00fcck. Dies w\u00fcrden Expertenaussagen, Abwasserwerte und sich dynamisierende Testquoten belegen. Medial wird umgehend gemahnt und empfohlen, wie in den Hochphasen der dreij\u00e4hrigen Coronakrise. Immunologisch berechtigt oder erneut die medial-politische Unterst\u00fctzung der Pharmaindustrie?\n            <\/div>\n<p><\/p>\n<div class=\"Text-root Text-type_5 ArticleView-text ViewText-root \">\n<p><em>Von Bernhard Loyen<\/em><\/p>\n<p>Corona-Aufarbeitung? Ein weiterhin als nervig und \u00fcberfl\u00fcssig bewertetes Reizwort f\u00fcr Gro\u00dfteile der verantwortlichen medial-politischen Entscheider im Land. Auch in der Gesellschaft wird weiterhin kontrovers und erhitzt diskutiert. Die jeweiligen Lager von unbedingten Unterst\u00fctzern einer restriktiven Ma\u00dfnahmenpolitik und dem Pendant kritischer, weil auch \u2013 weiterhin \u2013 leidender Menschen im Land, sorgt f\u00fcr eine fortdauernde Spaltung in der Bev\u00f6lkerung. Leidend bezieht sich dabei nicht nur auf die weiterhin unbekannte hohe Opferzahl, Bezug nehmend auf schockierende pers\u00f6nliche Erfahrungen mit einem neuartigen mRNA-Wirkstoff, sondern auch auf die Leidtragenden hinsichtlich psychischer und wirtschaftlicher Folgesch\u00e4den der Coronapolitik der Jahre 2020 \u2013 2022.\u00a0\u00a0<\/p>\n<p>Der weiterhin unantastbare Bundesgesundheitsminister Karl Lauterbach (SPD) gab der\u00a0<em>Bild<\/em>-Zeitung im Dezember 2021 zu\u00a0<a rel=\"nofollow noopener\" target=\"_blank\" href=\"https:\/\/www.bild.de\/politik\/inland\/politik-inland\/gesundheitsminister-lauterbach-werden-corona-in-meiner-amtszeit-nicht-besiegen-78503852.bild.html\">Protokoll<\/a>, dass &#8220;Corona auch in vier Jahren noch nicht vorbei&#8221; sein werde. Der Minister wusste also schon vor gut zwei Jahren, dass &#8220;Corona ganz zu besiegen uns nicht gelingen wird. Da muss man realistisch sein&#8221;, so Lauterbach. Nachweisliche Realit\u00e4t sind die genannten Folgen einer ausufernden Willk\u00fcrpolitik. Betrachtet man die\u00a0j\u00fcngsten Schlagzeilen zur &#8220;Corona-Saison 2023&#8221;, stellt sich die unmittelbare Frage, ob die erkennbare &#8220;Panikstrategie&#8221;, die Variante &#8220;Angst- und Sorgenschlagzeile&#8221;, erneut als die favorisierte medial-politische Vorgehensweise zu bef\u00fcrchten ist. So lauten aktuelle Beispiele im sommerlichen August:<\/p>\n<ul>\n<li><em><a rel=\"nofollow noopener\" target=\"_blank\" href=\"https:\/\/www.mdr.de\/brisant\/corona-variante-eris-128.html\">ARD-Brisant<\/a><\/em>, 11.08.: &#8220;WHO warnt vor neuer Virusvariante \u2013 &#8220;ERIS&#8221;: Wie gef\u00e4hrlich ist die neue Mutation EG.5?<\/li>\n<li><em><a rel=\"nofollow noopener\" target=\"_blank\" href=\"https:\/\/www.tagesschau.de\/inland\/regional\/nordrheinwestfalen\/wdr-coronavirus-variante-eg5-breitet-sich-aus-wie-muss-ich-mich-verhalten-100.html\">Tagesschau<\/a><\/em>, 15.08.: &#8220;Coronavirus-Variante EG5 breitet sich aus: Wie muss ich mich verhalten?&#8221;<\/li>\n<li><a rel=\"nofollow noopener\" target=\"_blank\" href=\"https:\/\/taz.de\/Coronavariante-EG51\/!5950356\/\"><em>Berliner taz<\/em><\/a>, 17.08.: &#8220;Neue deutsche Welle \u2013 Die neue Corona\u00advariante: Eris ist in Deutschland angekommen. Die Sorge vor einer neuen Welle w\u00e4chst \u2013 dabei ist das Land nicht gut vorbereitet.&#8221;<\/li>\n<li><em><a rel=\"nofollow noopener\" target=\"_blank\" href=\"https:\/\/www.spiegel.de\/wissenschaft\/impfstoffe-von-moderna-und-pfizer-biontech-offenbar-wirksam-gegen-neue-subvariante-a-972d9314-cc88-4991-997e-6419dd7961d3?utm_source=dlvr.it&amp;utm_medium=twitter#ref=rss\">Der Spiegel<\/a>,<\/em>\u00a018.08.: &#8220;Omikron-Variante Eris \u2013 Impfstoffe von Moderna und Pfizer\/Biontech offenbar wirksam gegen neue Subvariante.&#8221;<\/li>\n<li><a rel=\"nofollow noopener\" target=\"_blank\" href=\"https:\/\/www.spiegel.de\/wissenschaft\/medizin\/corona-epidemiologe-raet-zu-selbsttest-bei-erkaeltungssymptomen-a-9c2a8535-4b23-487f-8669-734ba2f52978?utm_source=dlvr.it&amp;utm_medium=twitter#ref=rss\"><em>Der Spiegel<\/em><\/a>, 23.08.: &#8220;Steigende Zahl von Infektionen \u2013 Epidemiologe r\u00e4t bei Erk\u00e4ltungssymptomen zu Coronatest.&#8221;<\/li>\n<li><a rel=\"nofollow noopener\" target=\"_blank\" href=\"https:\/\/www.merkur.de\/deutschland\/experten-draengen-auf-masken-comeback-corona-covid-rki-inzidenz-corona-comeback-eris-variante-92465550.html\">Merkur<\/a>, 23.08.: &#8220;Corona-Comeback mit &#8216;Eris&#8217;-Variante: Erste Experten dr\u00e4ngen auf Masken-R\u00fcckkehr.&#8221;<\/li>\n<li><a rel=\"nofollow noopener\" target=\"_blank\" href=\"https:\/\/www.tagesspiegel.de\/berlin\/auch-neue-omikron-variante-gemessen-im-berliner-abwasser-haben-sich-die-coronawerte-verdoppelt-10346686.html\"><em>Der Tagesspiegel<\/em><\/a>, 24.08.: &#8220;Auch neue Omikron-Variante gemessen:\u00a0Im Berliner Abwasser haben sich die Coronawerte verdoppelt.&#8221;<\/li>\n<\/ul>\n<p>Alles soweit dabei, von der &#8220;Alltagsmaske&#8221; bis hin zur &#8220;Impfempfehlung&#8221;, nat\u00fcrlich auch die verzerrende, weil nur bedingt aussagekr\u00e4ftige &#8220;Testempfehlung&#8221;. An vorderster medialer Verunsicherungsfront sind erneut die bekannten Multiplikatoren aus der j\u00fcngsten Coronakrise festzustellen. Wurde in den Redaktionsstuben nichts dazugelernt oder herrscht schlichte Betriebsblindheit? Dienst nach Vorschrift. Erfolgen die Artikel und \u00dcberschriften aus m\u00f6glicher \u00dcberzeugung, also inhaltlicher Identifikation mit der wiederkehrenden Variante eines bewussten\u00a0&#8220;Corona-Sorgen- und Bedenkenjournalismus&#8221;?\u00a0<\/p>\n<p>Laut dem\u00a0<em>Spiegel<\/em>-Artikel w\u00fcrde also der\u00a0Epidemiologe\u00a0Hajo Zeeb vom Leibniz-Institut &#8220;bei Erk\u00e4ltungssymptomen zum Coronatest raten&#8221;. Kann er, muss er aber nicht, denn\u00a0bei der\u00a0<em>Frankfurter Rundschau<\/em>\u00a0vom 16. August hei\u00dft es: &#8220;Experten: Coronavariante EG.5\u00a0<a rel=\"nofollow noopener\" target=\"_blank\" href=\"https:\/\/www.fr.de\/wissen\/experten-coronavariante-eg-ohne-grosse-gefahr-zr-92456844.html\">ohne gro\u00dfe Gefahr<\/a>&#8220;. Wer verunsichern will, will eben nicht entwarnen, sondern eine Stimmung erzeugen.\u00a0Hajo Zeeb war\u00a0<a rel=\"nofollow noopener\" target=\"_blank\" href=\"https:\/\/www.bips-institut.de\/covid-19.html\">Mitglied<\/a>\u00a0der Koordinierungsgruppe &#8220;Kompetenznetz Public Health zu COVID-19&#8221;. Diese begutachtete &#8220;die Folgen der Pandemie f\u00fcr die \u00f6ffentliche Gesundheit&#8221;, darunter unter anderem die &#8220;Lebensqualit\u00e4t und Auswirkungen sozialer Isolation&#8221; in den drei dunklen Jahren. Der permanente Aufruf, die tempor\u00e4re Daueraufforderung seitens der Politik zu verpflichtenden Corona-Testungen, um rein dar\u00fcber \u2013 bei entsprechendem Ergebnis: Negativ war das neue Positiv \u2013 am gesellschaftlichen Leben teilnehmen zu d\u00fcrfen, ist vielen Menschen noch nachdr\u00fccklich in Erinnerung. Nun empfiehlt nicht nachvollziehbar dieser Experte hinsichtlich einer bis dato vollkommen ungef\u00e4hrlichen Virus-Variante Coronatests. Warum? Die\u00a0Leibniz Gemeinschaft wird &#8220;von Bund und L\u00e4ndern gemeinsam\u00a0<a rel=\"nofollow noopener\" target=\"_blank\" href=\"https:\/\/www.bmbf.de\/bmbf\/de\/forschung\/das-wissenschaftssystem\/partnerorganisationen\/leibniz-gemeinschaft\/leibniz-gemeinschaft_node.html\">finanziert<\/a>&#8220;, also von der Politik. Erfolgten bereits erneute Vorgaben aus dem politischen Berlin?<\/p>\n<p>Wenig \u00fcberraschend reagierte Karl Lauterbach umgehend auf die\u00a0<em>Spiegel<\/em>-Schlagzeile vom 18. August mit einem X\/Twitter-<a rel=\"nofollow noopener\" target=\"_blank\" href=\"https:\/\/twitter.com\/Karl_Lauterbach\/status\/1693598851674857671?s=20\">Posting<\/a>:<\/p>\n<blockquote>\n<p><em>&#8220;Wir haben ausreichend und fr\u00fchzeitig den angepassten COVID Impfstoff besorgt. Er wird ab dem 18. September wahrscheinlich in den Praxen sein. Jeder \u00dc 60 sollte eine Auffrischungsimpfung, wenn n\u00f6tig, wahrnehmen. Auch die j\u00fcngeren Risikopatienten.&#8221;<\/em><\/p>\n<\/blockquote>\n<p>Der\u00a0<em>Spiegel<\/em>-Autor nutzte \u2013 erneut \u2013 das entlarvende W\u00f6rtchen &#8220;offenbar&#8221;, hinsichtlich der fraglichen Effektivit\u00e4t der zu erwartenden Wirkstoffe. Der Minister schrieb &#8220;wahrscheinlich&#8221;, Bezug nehmend auf \u2013 erneut \u2013 gef\u00fcrchtete Bestellrauschmanien von Pharmaprodukten. Auf meine Anfrage vom 21. August, mit welcher Steuerbelastung die B\u00fcrger diesmal rechnen m\u00fcssen, hat das verantwortliche BMG bislang leider nicht reagiert. Das Unternehmen BioNTech spricht in der offiziellen\u00a0<a rel=\"nofollow noopener\" target=\"_blank\" href=\"https:\/\/investors.biontech.de\/de\/news-releases\/news-release-details\/biontech-veroeffentlicht-ergebnisse-des-zweiten-quartals-2023\">Presseerkl\u00e4rung<\/a>\u00a0vom 7. August \u2013 hinsichtlich einer terminierten Auslieferung \u2013 von dem Punkt &#8220;vorbehaltlich der beh\u00f6rdlichen Zulassung&#8221; f\u00fcr den \u2013 erneut \u2013 angepassten Wunderstoff. Erfolgte diese Zusatzinformation rein der Form halber, mit dem Wissen einer auff\u00e4lligen und mehr als fahrl\u00e4ssige Verk\u00fcrzung von Zulassungsabl\u00e4ufen in den Jahren 2020 bis Ende 2023?\u00a0<em>Der Spiegel<\/em>\u00a0<a rel=\"nofollow noopener\" target=\"_blank\" href=\"https:\/\/www.spiegel.de\/wissenschaft\/corona-angepasste-impfstoffe-in-deutschland-offenbar-ab-september-verfuegbar-a-e002b23a-8dfa-4444-b6cc-86d80d2a2794?sara_ref=re-so-app-sh\">informierte<\/a>\u00a0seine Leser am 21. August:<\/p>\n<blockquote>\n<p><em>&#8220;Die Anpassung der Impfstoffe ist n\u00f6tig, weil sich das Coronavirus ver\u00e4ndert und so dem bisherigen Impfschutz teilweise entkommen kann. So\u00a0stufte die Weltgesundheitsorganisation (WHO) erneut eine Omikron-Sublinie als &#8216;Variante von Interesse&#8217;\u00a0 ein.&#8221;<\/em><\/p>\n<\/blockquote>\n<p>Die WHO ist nachweislich keine autark agierende Organisation, rein finanziert durch die Politik und zu hinterfragenden\u00a0<a rel=\"nofollow noopener\" target=\"_blank\" href=\"https:\/\/www.swr.de\/swr2\/wissen\/who-am-bettelstab-was-gesund-ist-bestimmt-bill-gates-100.html\">Privatpersonen.<\/a>\u00a0Dieses &#8220;Entkommen&#8221; k\u00f6nnte eine m\u00f6gliche Erkl\u00e4rung sein, aber liegt es vielleicht auch an der nachweislich minderen Qualit\u00e4t des massiv medial-politisch beworbenen BioNTech-Produkts der Stunde? Bereits am 18. August hie\u00df es beim\u00a0<em>Spiegel\u00a0<\/em>vollkommen\u00a0<a rel=\"nofollow noopener\" target=\"_blank\" href=\"https:\/\/www.spiegel.de\/wissenschaft\/impfstoffe-von-moderna-und-pfizer-biontech-offenbar-wirksam-gegen-neue-subvariante-a-972d9314-cc88-4991-997e-6419dd7961d3\">unkommentiert<\/a><em>\u00a0<\/em>und selbstverst\u00e4ndlich:<\/p>\n<blockquote>\n<p><em>&#8220;Pfizer hatte kurz zuvor gemeldet, dass sein \u00fcberarbeiteter Impfstoff in einer Studie mit M\u00e4usen effektiv gegen die Subvariante sei.&#8221;<\/em><\/p>\n<\/blockquote>\n<p>Bundeskanzler Scholz\u00a0<a rel=\"nofollow noopener\" target=\"_blank\" href=\"https:\/\/www.rnd.de\/politik\/olaf-scholz-waren-beim-impfen-versuchskaninchen-und-es-ist-gut-gegangen-CKUZFNFM3KMQCZXFNYPDKHGZGI.html\">rief<\/a>\u00a0Anfang September 2021,\u00a0zum Thema einer drohenden Impfpflicht im Lande, immer skeptischer werdenden B\u00fcrgern zu:<\/p>\n<blockquote>\n<p><em>&#8220;50 Millionen sind jetzt zweimal geimpft. Wir waren ja alle die Versuchskaninchen f\u00fcr diejenigen, die bisher abgewartet haben. Deshalb sage ich als einer dieser 50 Millionen \u2013 es ist gut gegangen! Bitte macht mit.&#8221;<\/em><\/p>\n<\/blockquote>\n<p>M\u00e4use, Kaninchen, Menschen, alle werden ohne R\u00fccksicht auf Verluste bedacht von der Pharmaindustrie und der Politik zum Thema genmanipulierender mRNA-Wirkstoffe. Abgerechnet wird ja bekannterweise immer zum Schluss, aber wann das Ende einer nachweislich k\u00fcnstlichen Gesundheitskrise erfolgt, bestimmen dabei weiterhin rein die einfordernde Pharmaindustrie und willige Erf\u00fcllungsgehilfen aus der Politik- und Medienwelt.<\/p>\n<p>Das Landgericht Mainz hat j\u00fcngst die Klage einer Frau auf Schadensersatz infolge eines AstraZeneca-Impfschadens abgewiesen. Laut \u00fcbereinstimmenden Medienberichten\u00a0urteilte die Richterin, &#8220;dass die\u00a0Klage unbegr\u00fcndet sei&#8221;. Ein Gutachten holte sie daf\u00fcr nicht ein, demgegen\u00fcber best\u00e4tigte die Berufsgenossenschaft Mainz der Klagenden einen\u00a0<a rel=\"nofollow noopener\" target=\"_blank\" href=\"https:\/\/www.swr.de\/swraktuell\/rheinland-pfalz\/mainz\/mainzerin-klagt-vor-gericht-gegen-impfstoffhersteller-astrazeneca-wegen-impfschaden-100.html\">Impfschaden<\/a>. Die Kosten f\u00fcr das Verfahren wurden der Kl\u00e4gerin auferlegt, also die Doppelbestrafung eines leidenden Menschen.<\/p>\n<p>Inhalte eines\u00a0<em>Welt<\/em>&#8211;<a rel=\"nofollow noopener\" target=\"_blank\" href=\"https:\/\/www.welt.de\/politik\/deutschland\/plus247064962\/Ricarda-Lang-Luege-schleudert-ein-Zuschauer-der-Gruenen-Chefin-entgegen.html?wtrid=socialmedia.socialflow....socialflow_twitter\">Artikels<\/a>\u00a0vom 24. August zum Verlauf eines B\u00fcrgergespr\u00e4chs der Gr\u00fcnen-Chefin Ricarda Lang im bayerischen Ingolstadt lauten:<\/p>\n<blockquote>\n<p><em>&#8220;Auch die zweite Frage dreht sich um die Vergangenheit, diesmal die j\u00fcngere. Ein Mann will wissen, wann man sich f\u00fcr die &#8216;unfassbare Diskriminierung&#8217; der Ungeimpften entschuldige; er bekommt Applaus daf\u00fcr. Lauteren Applaus erntet allerdings Ricarda Langs knappe Antwort: &#8216;Werden wir nicht&#8217;\u2026&#8221;<\/em><\/p>\n<\/blockquote>\n<p>Lang begr\u00fcndet diese drei Worte, &#8220;unter Verweis auf politische Entscheidungen und Prozesse, die sie im Gro\u00dfen und Ganzen f\u00fcr richtig halte, und Studien, die die\u00a0Wirksamkeit der Impfungen\u00a0belegt h\u00e4tten&#8221;. Interessierte B\u00fcrger und Opfer einer medial-politischen, aggressiven und n\u00f6tigenden Impfkampagne sehen diesen Punkt wesentlich anders. Der Vergleich belegt erneut die mentalen Tiefen existierender Gr\u00e4ben und Abgr\u00fcnde in der Gesellschaft.<\/p>\n<p>&#8220;Wie muss ich mich verhalten?&#8221;, fragt der\u00a0<em>Tagesschau<\/em>-Artikel\u00a0vom 15. August. Die Antwort sollte f\u00fcr den Herbst-Winter 2023 lauten, vollkommen selbstverst\u00e4ndlich bis zum Fr\u00fchjahr 2020, dass jeder B\u00fcrger bitte sch\u00f6n, vollkommen alleinig und souver\u00e4n \u00fcber sich und seinen K\u00f6rper entscheidet. Sollte sich\u00a0der Gesellschaft nicht erneut eine gef\u00e4hrliche und\u00a0skrupellose\u00a0Melange von zuarbeitenden Medien und einfordernder Politik mit der Kan\u00fclen-Spitze \u2013 einer rein profitorientierten Pharmaindustrie \u2013 im R\u00fccken f\u00fchlend entgegenstellen.<\/p>\n<p>Die j\u00fcngste Corona-Berichterstattung und dementsprechende Schlagzeilen und Artikel lassen dabei wenig Gutes erahnen und das Schlimmste bef\u00fcrchten. Die Schlagzeile eines <em>Spiegel<\/em>-Artikels vom 24. August lautet symptomatisch manipulierend <a rel=\"nofollow noopener\" target=\"_blank\" href=\"https:\/\/www.spiegel.de\/wissenschaft\/corona-das-virus-ist-noch-nicht-fertig-mit-uns-a-3d944306-f686-460c-bfd3-03715b55aadb\">formuliert<\/a> (Bezahlschranke):<\/p>\n<blockquote>\n<p><em>&#8220;Drohender Coronaherbst: Das Virus ist noch nicht fertig mit uns&#8221;<\/em><\/p>\n<\/blockquote>\n<p>Karl Lauterbach kommentierte <a rel=\"nofollow noopener\" target=\"_blank\" href=\"https:\/\/twitter.com\/Karl_Lauterbach\/status\/1694669502145806437?t=zQdsQ7v7S3OWHAphHkx5FQ&amp;s=09\">umgehend<\/a> mit der Feststellung: &#8220;Sehr lesenswertes Interview mit \u2066Eckerle Isabella\u2069, einer der besten Corona-Pandemie Expertinnen in Europa&#8221;. Es wird sich daher sehr z\u00fcgig\u00a0zeigen, ob gro\u00dfe Teile der Bev\u00f6lkerung sich erneut \u00fcber willk\u00fcrliche medial-politische Szenarien einer Bedrohungslage X beeinflussen lassen und einem angepassten &#8220;Verordnungskatalog&#8221; und vorgeschriebenen fraglichen Ma\u00dfnahmenanforderungen anstandslos f\u00fcgen.\u00a0<\/p>\n<div class=\"EmbedBlock-root EmbedBlock-twitter\">\n<div class=\"TwitterEmbed\">\n<blockquote class=\"twitter-tweet lazyload\" data-twitter=\"twitter-tweet\">\n<p lang=\"de\" dir=\"ltr\">Die SPIEGEL-Propaganda-Maschine l\u00e4uft auf Hochtouren. <a rel=\"nofollow noopener\" target=\"_blank\" href=\"https:\/\/t.co\/YuPjQGguu1\">pic.twitter.com\/YuPjQGguu1<\/a><\/p>\n<p>\u2014 _horizont_ (@hori_____zont) <a rel=\"nofollow noopener\" target=\"_blank\" href=\"https:\/\/twitter.com\/hori_____zont\/status\/1694237770376421818?ref_src=twsrc%5Etfw\">August 23, 2023<\/a><\/p><\/blockquote>\n<\/div>\n<\/div>\n<p><strong>Mehr zum Thema <\/strong>&#8211;<a rel=\"nofollow noopener\" target=\"_blank\" href=\"https:\/\/freedert.online\/europa\/176893-britische-studie-zu-corona-massnahmen\/\">\u00a0Britische Studie zu Corona-Ma\u00dfnahmen: An der Unsicherheit der Erwachsenen litten die Kinder<\/a><\/p>\n<\/div>\n<p><script async src=\"https:\/\/platform.twitter.com\/widgets.js\" charset=\"utf-8\"><\/script><br \/>\n<br \/><br \/>\n<br \/><a href=\"https:\/\/de.rt.com\/meinung\/178740-corona-medienoffensive-2023-startet-im\/\">Source link <\/a><\/p>\n","protected":false},"excerpt":{"rendered":"<p>Ein Ger\u00fccht geht im Lande um. Corona ist zur\u00fcck. Dies w\u00fcrden Expertenaussagen, Abwasserwerte und sich dynamisierende Testquoten belegen. Medial wird umgehend gemahnt und empfohlen, wie in den Hochphasen der dreij\u00e4hrigen Coronakrise. Immunologisch berechtigt oder erneut die medial-politische Unterst\u00fctzung der Pharmaindustrie? Von Bernhard Loyen Corona-Aufarbeitung? Ein weiterhin als nervig und \u00fcberfl\u00fcssig bewertetes Reizwort f\u00fcr Gro\u00dfteile der [&hellip;]<\/p>\n","protected":false},"author":3,"featured_media":45053,"comment_status":"open","ping_status":"open","sticky":false,"template":"","format":"standard","meta":{"_yoast_indexnow_last_ping":["1692886921"],"wp_automatic_camp":["217"],"5fcbbd8be5c1951def668d328ce67c66":["Corona-Medienoffensive 2023 startet im Sommer \u2013 Ein angepasster Impfstoff f\u00fcr angepasste B\u00fcrger?"],"original_link":["https:\/\/de.rt.com\/meinung\/178740-corona-medienoffensive-2023-startet-im\/"],"_thumbnail_id":["45053"],"_wptgpro_p2tg_sent2tg":["a:1:{i:23737;s:19:\"2023-08-24 16:23:38\";}"],"jnews_social_counter_last_update":["1777605504"]},"categories":[19,23],"tags":[24402,48113,8956,48112,357,221,8019,11911,1338],"yoast_head":"<!-- This site is optimized with the Yoast SEO Premium plugin v22.7 (Yoast SEO v22.7) - https:\/\/yoast.com\/wordpress\/plugins\/seo\/ -->\n<title>Corona-Medienoffensive 2023 startet im Sommer \u2013 Ein angepasster Impfstoff f\u00fcr angepasste B\u00fcrger? - just-now.NEWS Deutschland<\/title>\n<meta name=\"robots\" content=\"index, follow, max-snippet:-1, max-image-preview:large, max-video-preview:-1\" \/>\n<link rel=\"canonical\" href=\"https:\/\/now-news.de\/de\/deutschland\/corona-medienoffensive-2023-startet-im-sommer-ein-angepasster-impfstoff-fuer-angepasste-buerger\/\" \/>\n<meta property=\"og:locale\" content=\"de_DE\" \/>\n<meta property=\"og:type\" content=\"article\" \/>\n<meta property=\"og:title\" content=\"Corona-Medienoffensive 2023 startet im Sommer \u2013 Ein angepasster Impfstoff f\u00fcr angepasste B\u00fcrger?\" \/>\n<meta property=\"og:description\" content=\"Ein Ger\u00fccht geht im Lande um. Corona ist zur\u00fcck. Dies w\u00fcrden Expertenaussagen, Abwasserwerte und sich dynamisierende Testquoten belegen. Medial wird umgehend gemahnt und empfohlen, wie in den Hochphasen der dreij\u00e4hrigen Coronakrise. Immunologisch berechtigt oder erneut die medial-politische Unterst\u00fctzung der Pharmaindustrie? Von Bernhard Loyen Corona-Aufarbeitung? Ein weiterhin als nervig und \u00fcberfl\u00fcssig bewertetes Reizwort f\u00fcr Gro\u00dfteile der [&hellip;]\" \/>\n<meta property=\"og:url\" content=\"https:\/\/now-news.de\/de\/deutschland\/corona-medienoffensive-2023-startet-im-sommer-ein-angepasster-impfstoff-fuer-angepasste-buerger\/\" \/>\n<meta property=\"og:site_name\" content=\"just-now.NEWS Deutschland\" \/>\n<meta property=\"article:publisher\" content=\"https:\/\/www.facebook.com\/wirmachenauf\" \/>\n<meta property=\"article:published_time\" content=\"2023-08-24T14:09:10+00:00\" \/>\n<meta property=\"og:image\" content=\"https:\/\/now-news.de\/de\/wp-content\/uploads\/sites\/3\/2023\/08\/Corona-Medienoffensive-2023-startet-im-Sommer-\u2013-Ein-angepasster-Impfstoff-fuer.jpeg\" \/>\n\t<meta property=\"og:image:width\" content=\"460\" \/>\n\t<meta property=\"og:image:height\" content=\"259\" \/>\n\t<meta property=\"og:image:type\" content=\"image\/jpeg\" \/>\n<meta name=\"author\" content=\"rtnews\" \/>\n<meta name=\"twitter:card\" content=\"summary_large_image\" \/>\n<meta name=\"twitter:creator\" content=\"@WirMachenAuf_de\" \/>\n<meta name=\"twitter:site\" content=\"@WirMachenAuf_de\" \/>\n<meta name=\"twitter:label1\" content=\"Verfasst von\" \/>\n\t<meta name=\"twitter:data1\" content=\"rtnews\" \/>\n\t<meta name=\"twitter:label2\" content=\"Gesch\u00e4tzte Lesezeit\" \/>\n\t<meta name=\"twitter:data2\" content=\"7\u00a0Minuten\" \/>\n<script type=\"application\/ld+json\" class=\"yoast-schema-graph\">{\"@context\":\"https:\/\/schema.org\",\"@graph\":[{\"@type\":\"Article\",\"@id\":\"https:\/\/now-news.de\/de\/deutschland\/corona-medienoffensive-2023-startet-im-sommer-ein-angepasster-impfstoff-fuer-angepasste-buerger\/#article\",\"isPartOf\":{\"@id\":\"https:\/\/now-news.de\/de\/deutschland\/corona-medienoffensive-2023-startet-im-sommer-ein-angepasster-impfstoff-fuer-angepasste-buerger\/\"},\"author\":{\"name\":\"rtnews\",\"@id\":\"https:\/\/now-news.de\/de\/#\/schema\/person\/fb534a4e865501d8b3285208df34a9b5\"},\"headline\":\"Corona-Medienoffensive 2023 startet im Sommer \u2013 Ein angepasster Impfstoff f\u00fcr angepasste B\u00fcrger?\",\"datePublished\":\"2023-08-24T14:09:10+00:00\",\"dateModified\":\"2023-08-24T14:09:10+00:00\",\"mainEntityOfPage\":{\"@id\":\"https:\/\/now-news.de\/de\/deutschland\/corona-medienoffensive-2023-startet-im-sommer-ein-angepasster-impfstoff-fuer-angepasste-buerger\/\"},\"wordCount\":1395,\"commentCount\":0,\"publisher\":{\"@id\":\"https:\/\/now-news.de\/de\/#organization\"},\"image\":{\"@id\":\"https:\/\/now-news.de\/de\/deutschland\/corona-medienoffensive-2023-startet-im-sommer-ein-angepasster-impfstoff-fuer-angepasste-buerger\/#primaryimage\"},\"thumbnailUrl\":\"https:\/\/now-news.de\/de\/wp-content\/uploads\/sites\/3\/2023\/08\/Corona-Medienoffensive-2023-startet-im-Sommer-\u2013-Ein-angepasster-Impfstoff-fuer.jpeg\",\"keywords\":[\"angepasste\",\"angepasster\",\"b\u00fcrger\",\"CoronaMedienoffensive\",\"ein\",\"f\u00fcr\",\"Impfstoff\",\"Sommer\",\"startet\"],\"articleSection\":[\"Deutschland\",\"Russland\"],\"inLanguage\":\"de\",\"potentialAction\":[{\"@type\":\"CommentAction\",\"name\":\"Comment\",\"target\":[\"https:\/\/now-news.de\/de\/deutschland\/corona-medienoffensive-2023-startet-im-sommer-ein-angepasster-impfstoff-fuer-angepasste-buerger\/#respond\"]}]},{\"@type\":\"WebPage\",\"@id\":\"https:\/\/now-news.de\/de\/deutschland\/corona-medienoffensive-2023-startet-im-sommer-ein-angepasster-impfstoff-fuer-angepasste-buerger\/\",\"url\":\"https:\/\/now-news.de\/de\/deutschland\/corona-medienoffensive-2023-startet-im-sommer-ein-angepasster-impfstoff-fuer-angepasste-buerger\/\",\"name\":\"Corona-Medienoffensive 2023 startet im Sommer \u2013 Ein angepasster Impfstoff f\u00fcr angepasste B\u00fcrger? - just-now.NEWS Deutschland\",\"isPartOf\":{\"@id\":\"https:\/\/now-news.de\/de\/#website\"},\"primaryImageOfPage\":{\"@id\":\"https:\/\/now-news.de\/de\/deutschland\/corona-medienoffensive-2023-startet-im-sommer-ein-angepasster-impfstoff-fuer-angepasste-buerger\/#primaryimage\"},\"image\":{\"@id\":\"https:\/\/now-news.de\/de\/deutschland\/corona-medienoffensive-2023-startet-im-sommer-ein-angepasster-impfstoff-fuer-angepasste-buerger\/#primaryimage\"},\"thumbnailUrl\":\"https:\/\/now-news.de\/de\/wp-content\/uploads\/sites\/3\/2023\/08\/Corona-Medienoffensive-2023-startet-im-Sommer-\u2013-Ein-angepasster-Impfstoff-fuer.jpeg\",\"datePublished\":\"2023-08-24T14:09:10+00:00\",\"dateModified\":\"2023-08-24T14:09:10+00:00\",\"breadcrumb\":{\"@id\":\"https:\/\/now-news.de\/de\/deutschland\/corona-medienoffensive-2023-startet-im-sommer-ein-angepasster-impfstoff-fuer-angepasste-buerger\/#breadcrumb\"},\"inLanguage\":\"de\",\"potentialAction\":[{\"@type\":\"ReadAction\",\"target\":[\"https:\/\/now-news.de\/de\/deutschland\/corona-medienoffensive-2023-startet-im-sommer-ein-angepasster-impfstoff-fuer-angepasste-buerger\/\"]}]},{\"@type\":\"ImageObject\",\"inLanguage\":\"de\",\"@id\":\"https:\/\/now-news.de\/de\/deutschland\/corona-medienoffensive-2023-startet-im-sommer-ein-angepasster-impfstoff-fuer-angepasste-buerger\/#primaryimage\",\"url\":\"https:\/\/now-news.de\/de\/wp-content\/uploads\/sites\/3\/2023\/08\/Corona-Medienoffensive-2023-startet-im-Sommer-\u2013-Ein-angepasster-Impfstoff-fuer.jpeg\",\"contentUrl\":\"https:\/\/now-news.de\/de\/wp-content\/uploads\/sites\/3\/2023\/08\/Corona-Medienoffensive-2023-startet-im-Sommer-\u2013-Ein-angepasster-Impfstoff-fuer.jpeg\",\"width\":460,\"height\":259,\"caption\":\"Corona-Medienoffensive 2023 startet im Sommer \u2013 Ein angepasster Impfstoff f\u00fcr angepasste B\u00fcrger?\"},{\"@type\":\"BreadcrumbList\",\"@id\":\"https:\/\/now-news.de\/de\/deutschland\/corona-medienoffensive-2023-startet-im-sommer-ein-angepasster-impfstoff-fuer-angepasste-buerger\/#breadcrumb\",\"itemListElement\":[{\"@type\":\"ListItem\",\"position\":1,\"name\":\"Home\",\"item\":\"https:\/\/now-news.de\/de\/\"},{\"@type\":\"ListItem\",\"position\":2,\"name\":\"Corona-Medienoffensive 2023 startet im Sommer \u2013 Ein angepasster Impfstoff f\u00fcr angepasste B\u00fcrger?\"}]},{\"@type\":\"WebSite\",\"@id\":\"https:\/\/now-news.de\/de\/#website\",\"url\":\"https:\/\/now-news.de\/de\/\",\"name\":\"just-now.NEWS Deutschland\",\"description\":\"Das Portal f\u00fcr unzensierte Nachrichten aus der Welt\",\"publisher\":{\"@id\":\"https:\/\/now-news.de\/de\/#organization\"},\"potentialAction\":[{\"@type\":\"SearchAction\",\"target\":{\"@type\":\"EntryPoint\",\"urlTemplate\":\"https:\/\/now-news.de\/de\/?s={search_term_string}\"},\"query-input\":\"required name=search_term_string\"}],\"inLanguage\":\"de\"},{\"@type\":\"Organization\",\"@id\":\"https:\/\/now-news.de\/de\/#organization\",\"name\":\"Just Now News\",\"url\":\"https:\/\/now-news.de\/de\/\",\"logo\":{\"@type\":\"ImageObject\",\"inLanguage\":\"de\",\"@id\":\"https:\/\/now-news.de\/de\/#\/schema\/logo\/image\/\",\"url\":\"http:\/\/just-now.news\/de\/wp-content\/uploads\/sites\/3\/2022\/04\/logo500x500.jpg\",\"contentUrl\":\"http:\/\/just-now.news\/de\/wp-content\/uploads\/sites\/3\/2022\/04\/logo500x500.jpg\",\"width\":500,\"height\":500,\"caption\":\"Just Now News\"},\"image\":{\"@id\":\"https:\/\/now-news.de\/de\/#\/schema\/logo\/image\/\"},\"sameAs\":[\"https:\/\/www.facebook.com\/wirmachenauf\",\"https:\/\/x.com\/WirMachenAuf_de\"]},{\"@type\":\"Person\",\"@id\":\"https:\/\/now-news.de\/de\/#\/schema\/person\/fb534a4e865501d8b3285208df34a9b5\",\"name\":\"rtnews\",\"image\":{\"@type\":\"ImageObject\",\"inLanguage\":\"de\",\"@id\":\"https:\/\/now-news.de\/de\/#\/schema\/person\/image\/\",\"url\":\"https:\/\/secure.gravatar.com\/avatar\/82aafea7d8127119dd649515f56e2117?s=96&d=mm&r=g\",\"contentUrl\":\"https:\/\/secure.gravatar.com\/avatar\/82aafea7d8127119dd649515f56e2117?s=96&d=mm&r=g\",\"caption\":\"rtnews\"},\"url\":\"https:\/\/now-news.de\/de\/author\/rnews\/\"}]}<\/script>\n<!-- \/ Yoast SEO Premium plugin. -->","yoast_head_json":{"title":"Corona-Medienoffensive 2023 startet im Sommer \u2013 Ein angepasster Impfstoff f\u00fcr angepasste B\u00fcrger? - just-now.NEWS Deutschland","robots":{"index":"index","follow":"follow","max-snippet":"max-snippet:-1","max-image-preview":"max-image-preview:large","max-video-preview":"max-video-preview:-1"},"canonical":"https:\/\/now-news.de\/de\/deutschland\/corona-medienoffensive-2023-startet-im-sommer-ein-angepasster-impfstoff-fuer-angepasste-buerger\/","og_locale":"de_DE","og_type":"article","og_title":"Corona-Medienoffensive 2023 startet im Sommer \u2013 Ein angepasster Impfstoff f\u00fcr angepasste B\u00fcrger?","og_description":"Ein Ger\u00fccht geht im Lande um. Corona ist zur\u00fcck. Dies w\u00fcrden Expertenaussagen, Abwasserwerte und sich dynamisierende Testquoten belegen. Medial wird umgehend gemahnt und empfohlen, wie in den Hochphasen der dreij\u00e4hrigen Coronakrise. Immunologisch berechtigt oder erneut die medial-politische Unterst\u00fctzung der Pharmaindustrie? Von Bernhard Loyen Corona-Aufarbeitung? Ein weiterhin als nervig und \u00fcberfl\u00fcssig bewertetes Reizwort f\u00fcr Gro\u00dfteile der [&hellip;]","og_url":"https:\/\/now-news.de\/de\/deutschland\/corona-medienoffensive-2023-startet-im-sommer-ein-angepasster-impfstoff-fuer-angepasste-buerger\/","og_site_name":"just-now.NEWS Deutschland","article_publisher":"https:\/\/www.facebook.com\/wirmachenauf","article_published_time":"2023-08-24T14:09:10+00:00","og_image":[{"width":460,"height":259,"url":"https:\/\/now-news.de\/de\/wp-content\/uploads\/sites\/3\/2023\/08\/Corona-Medienoffensive-2023-startet-im-Sommer-\u2013-Ein-angepasster-Impfstoff-fuer.jpeg","type":"image\/jpeg"}],"author":"rtnews","twitter_card":"summary_large_image","twitter_creator":"@WirMachenAuf_de","twitter_site":"@WirMachenAuf_de","twitter_misc":{"Verfasst von":"rtnews","Gesch\u00e4tzte Lesezeit":"7\u00a0Minuten"},"schema":{"@context":"https:\/\/schema.org","@graph":[{"@type":"Article","@id":"https:\/\/now-news.de\/de\/deutschland\/corona-medienoffensive-2023-startet-im-sommer-ein-angepasster-impfstoff-fuer-angepasste-buerger\/#article","isPartOf":{"@id":"https:\/\/now-news.de\/de\/deutschland\/corona-medienoffensive-2023-startet-im-sommer-ein-angepasster-impfstoff-fuer-angepasste-buerger\/"},"author":{"name":"rtnews","@id":"https:\/\/now-news.de\/de\/#\/schema\/person\/fb534a4e865501d8b3285208df34a9b5"},"headline":"Corona-Medienoffensive 2023 startet im Sommer \u2013 Ein angepasster Impfstoff f\u00fcr angepasste B\u00fcrger?","datePublished":"2023-08-24T14:09:10+00:00","dateModified":"2023-08-24T14:09:10+00:00","mainEntityOfPage":{"@id":"https:\/\/now-news.de\/de\/deutschland\/corona-medienoffensive-2023-startet-im-sommer-ein-angepasster-impfstoff-fuer-angepasste-buerger\/"},"wordCount":1395,"commentCount":0,"publisher":{"@id":"https:\/\/now-news.de\/de\/#organization"},"image":{"@id":"https:\/\/now-news.de\/de\/deutschland\/corona-medienoffensive-2023-startet-im-sommer-ein-angepasster-impfstoff-fuer-angepasste-buerger\/#primaryimage"},"thumbnailUrl":"https:\/\/now-news.de\/de\/wp-content\/uploads\/sites\/3\/2023\/08\/Corona-Medienoffensive-2023-startet-im-Sommer-\u2013-Ein-angepasster-Impfstoff-fuer.jpeg","keywords":["angepasste","angepasster","b\u00fcrger","CoronaMedienoffensive","ein","f\u00fcr","Impfstoff","Sommer","startet"],"articleSection":["Deutschland","Russland"],"inLanguage":"de","potentialAction":[{"@type":"CommentAction","name":"Comment","target":["https:\/\/now-news.de\/de\/deutschland\/corona-medienoffensive-2023-startet-im-sommer-ein-angepasster-impfstoff-fuer-angepasste-buerger\/#respond"]}]},{"@type":"WebPage","@id":"https:\/\/now-news.de\/de\/deutschland\/corona-medienoffensive-2023-startet-im-sommer-ein-angepasster-impfstoff-fuer-angepasste-buerger\/","url":"https:\/\/now-news.de\/de\/deutschland\/corona-medienoffensive-2023-startet-im-sommer-ein-angepasster-impfstoff-fuer-angepasste-buerger\/","name":"Corona-Medienoffensive 2023 startet im Sommer \u2013 Ein angepasster Impfstoff f\u00fcr angepasste B\u00fcrger? - just-now.NEWS Deutschland","isPartOf":{"@id":"https:\/\/now-news.de\/de\/#website"},"primaryImageOfPage":{"@id":"https:\/\/now-news.de\/de\/deutschland\/corona-medienoffensive-2023-startet-im-sommer-ein-angepasster-impfstoff-fuer-angepasste-buerger\/#primaryimage"},"image":{"@id":"https:\/\/now-news.de\/de\/deutschland\/corona-medienoffensive-2023-startet-im-sommer-ein-angepasster-impfstoff-fuer-angepasste-buerger\/#primaryimage"},"thumbnailUrl":"https:\/\/now-news.de\/de\/wp-content\/uploads\/sites\/3\/2023\/08\/Corona-Medienoffensive-2023-startet-im-Sommer-\u2013-Ein-angepasster-Impfstoff-fuer.jpeg","datePublished":"2023-08-24T14:09:10+00:00","dateModified":"2023-08-24T14:09:10+00:00","breadcrumb":{"@id":"https:\/\/now-news.de\/de\/deutschland\/corona-medienoffensive-2023-startet-im-sommer-ein-angepasster-impfstoff-fuer-angepasste-buerger\/#breadcrumb"},"inLanguage":"de","potentialAction":[{"@type":"ReadAction","target":["https:\/\/now-news.de\/de\/deutschland\/corona-medienoffensive-2023-startet-im-sommer-ein-angepasster-impfstoff-fuer-angepasste-buerger\/"]}]},{"@type":"ImageObject","inLanguage":"de","@id":"https:\/\/now-news.de\/de\/deutschland\/corona-medienoffensive-2023-startet-im-sommer-ein-angepasster-impfstoff-fuer-angepasste-buerger\/#primaryimage","url":"https:\/\/now-news.de\/de\/wp-content\/uploads\/sites\/3\/2023\/08\/Corona-Medienoffensive-2023-startet-im-Sommer-\u2013-Ein-angepasster-Impfstoff-fuer.jpeg","contentUrl":"https:\/\/now-news.de\/de\/wp-content\/uploads\/sites\/3\/2023\/08\/Corona-Medienoffensive-2023-startet-im-Sommer-\u2013-Ein-angepasster-Impfstoff-fuer.jpeg","width":460,"height":259,"caption":"Corona-Medienoffensive 2023 startet im Sommer \u2013 Ein angepasster Impfstoff f\u00fcr angepasste B\u00fcrger?"},{"@type":"BreadcrumbList","@id":"https:\/\/now-news.de\/de\/deutschland\/corona-medienoffensive-2023-startet-im-sommer-ein-angepasster-impfstoff-fuer-angepasste-buerger\/#breadcrumb","itemListElement":[{"@type":"ListItem","position":1,"name":"Home","item":"https:\/\/now-news.de\/de\/"},{"@type":"ListItem","position":2,"name":"Corona-Medienoffensive 2023 startet im Sommer \u2013 Ein angepasster Impfstoff f\u00fcr angepasste B\u00fcrger?"}]},{"@type":"WebSite","@id":"https:\/\/now-news.de\/de\/#website","url":"https:\/\/now-news.de\/de\/","name":"just-now.NEWS Deutschland","description":"Das Portal f\u00fcr unzensierte Nachrichten aus der Welt","publisher":{"@id":"https:\/\/now-news.de\/de\/#organization"},"potentialAction":[{"@type":"SearchAction","target":{"@type":"EntryPoint","urlTemplate":"https:\/\/now-news.de\/de\/?s={search_term_string}"},"query-input":"required name=search_term_string"}],"inLanguage":"de"},{"@type":"Organization","@id":"https:\/\/now-news.de\/de\/#organization","name":"Just Now News","url":"https:\/\/now-news.de\/de\/","logo":{"@type":"ImageObject","inLanguage":"de","@id":"https:\/\/now-news.de\/de\/#\/schema\/logo\/image\/","url":"http:\/\/just-now.news\/de\/wp-content\/uploads\/sites\/3\/2022\/04\/logo500x500.jpg","contentUrl":"http:\/\/just-now.news\/de\/wp-content\/uploads\/sites\/3\/2022\/04\/logo500x500.jpg","width":500,"height":500,"caption":"Just Now News"},"image":{"@id":"https:\/\/now-news.de\/de\/#\/schema\/logo\/image\/"},"sameAs":["https:\/\/www.facebook.com\/wirmachenauf","https:\/\/x.com\/WirMachenAuf_de"]},{"@type":"Person","@id":"https:\/\/now-news.de\/de\/#\/schema\/person\/fb534a4e865501d8b3285208df34a9b5","name":"rtnews","image":{"@type":"ImageObject","inLanguage":"de","@id":"https:\/\/now-news.de\/de\/#\/schema\/person\/image\/","url":"https:\/\/secure.gravatar.com\/avatar\/82aafea7d8127119dd649515f56e2117?s=96&d=mm&r=g","contentUrl":"https:\/\/secure.gravatar.com\/avatar\/82aafea7d8127119dd649515f56e2117?s=96&d=mm&r=g","caption":"rtnews"},"url":"https:\/\/now-news.de\/de\/author\/rnews\/"}]}},"_links":{"self":[{"href":"https:\/\/now-news.de\/de\/wp-json\/wp\/v2\/posts\/45052"}],"collection":[{"href":"https:\/\/now-news.de\/de\/wp-json\/wp\/v2\/posts"}],"about":[{"href":"https:\/\/now-news.de\/de\/wp-json\/wp\/v2\/types\/post"}],"author":[{"embeddable":true,"href":"https:\/\/now-news.de\/de\/wp-json\/wp\/v2\/users\/3"}],"replies":[{"embeddable":true,"href":"https:\/\/now-news.de\/de\/wp-json\/wp\/v2\/comments?post=45052"}],"version-history":[{"count":0,"href":"https:\/\/now-news.de\/de\/wp-json\/wp\/v2\/posts\/45052\/revisions"}],"wp:featuredmedia":[{"embeddable":true,"href":"https:\/\/now-news.de\/de\/wp-json\/wp\/v2\/media\/45053"}],"wp:attachment":[{"href":"https:\/\/now-news.de\/de\/wp-json\/wp\/v2\/media?parent=45052"}],"wp:term":[{"taxonomy":"category","embeddable":true,"href":"https:\/\/now-news.de\/de\/wp-json\/wp\/v2\/categories?post=45052"},{"taxonomy":"post_tag","embeddable":true,"href":"https:\/\/now-news.de\/de\/wp-json\/wp\/v2\/tags?post=45052"}],"curies":[{"name":"wp","href":"https:\/\/api.w.org\/{rel}","templated":true}]}}